{"id":27814,"date":"2020-05-14T23:30:10","date_gmt":"2020-05-14T19:30:10","guid":{"rendered":"http:\/\/jam-news.net\/az\/?p=27814"},"modified":"2022-01-18T01:03:54","modified_gmt":"2022-01-17T21:03:54","slug":"koronavirus-karantinin-erm%c9%99nistan","status":"publish","type":"post","link":"https:\/\/jam-news.net\/az\/koronavirus-karantinin-erm%c9%99nistan\/","title":{"rendered":"Erm\u0259nistanda f\u00f6vq\u0259lad\u0259 v\u0259ziyy\u0259t rejimini daha bir ay uzad\u0131blar, lakin m\u00fc\u0259ssis\u0259l\u0259r i\u015fl\u0259m\u0259y\u0259 davam ed\u0259c\u0259kl\u0259r"},"content":{"rendered":"\n<div style=\"height:20px\" aria-hidden=\"true\" class=\"wp-block-spacer\"><\/div>\n\n\n\n<p>Erm\u0259nistanda son ay \u0259rzind\u0259 art\u0131q ikinci d\u0259f\u0259dir ki, f\u00f6vq\u0259lad\u0259 v\u0259ziyy\u0259t rejimini uzad\u0131rlar. H\u00f6kum\u0259tin q\u0259rar\u0131 bununla izah edilir ki, yoluxma hallaq\u0131n\u0131n say\u0131 artma\u011fa davam edir.<\/p>\n\n\n\n<p>14 may tarixin\u0259 S\u0259hiyy\u0259 Nazirliyi 142 yeni hal haqq\u0131nda m\u0259lumat verib. D\u00fcn\u0259n yoluxanlar\u0131n say\u0131 \u00fczr\u0259 antirekord yenil\u0259nmi\u015fdi \u2013 g\u00fcn \u0259rzind\u0259 180 yeni hal qeyd\u0259 al\u0131nm\u0131\u015fd\u0131.<\/p>\n\n\n\n<p style=\"background-color:#d0e4f0\" class=\"has-background\">\u00dcmumilikd\u0259, \u00f6lk\u0259d\u0259 3&nbsp;860 yoluxma hal\u0131 t\u0259sdiq olunub ki, bunlardan 1&nbsp;572 n\u0259f\u0259ri sa\u011fal\u0131b. Haz\u0131rda 2 218 &nbsp;asiyent malic\u0259sini davam etdirir, bunlardan yaln\u0131z 661 n\u0259f\u0259ri real olaraq tibbi yard\u0131ma ehtiyac duyurlar, ba\u015fqa s\u00f6zl\u0259, yoluxanlar\u0131n 70 faizind\u0259 x\u0259st\u0259lik h\u0259r hans\u0131 simptom olmadan ke\u00e7ir. 49 n\u0259f\u0259rin h\u0259yat\u0131n\u0131 xilas etm\u0259k m\u00fcmk\u00fcn olmay\u0131b. Haz\u0131rda alt\u0131 n\u0259f\u0259r s\u00fcni t\u0259n\u0259ff\u00fcs aparat\u0131na qo\u015fulub. X\u0259st\u0259 yeri h\u0259l\u0259lik kifay\u0259t q\u0259d\u0259rdir.<\/p>\n\n\n\n<div style=\"height:20px\" aria-hidden=\"true\" class=\"wp-block-spacer\"><\/div>\n\n\n\n<p>F\u00f6vq\u0259lad\u0259 v\u0259ziyy\u0259t rejimi mart\u0131n 16-da \u2013 c\u0259mi bir ay m\u00fcdd\u0259tin\u0259 t\u0259tbiq edilmi\u015fdi. Aprelin 14-d\u0259n h\u00f6kum\u0259t m\u0259hdudiyy\u0259tl\u0259r rejimini daha bir ay uzatma\u011fa q\u0259rar verdi. Lakin h\u0259l\u0259 m\u00fcdd\u0259t ba\u015fa \u00e7atmam\u0131\u015f, may\u0131n 4-d\u0259n insanlar\u0131n h\u0259r\u0259k\u0259t azadl\u0131\u011f\u0131na icaz\u0259 verildi, m\u00fc\u0259ssis\u0259l\u0259rin \u0259ks\u0259riyy\u0259ti i\u015f\u0259 d\u00fc\u015fd\u00fc. Bundan sonra \u00f6lk\u0259d\u0259 yoluxma hallar\u0131n\u0131n say\u0131 k\u0259skin \u015f\u0259kild\u0259 artd\u0131.<\/p>\n\n\n\n<hr class=\"wp-block-separator\" \/>\n\n\n\n<ul class=\"wp-block-list\"><li><a href=\"https:\/\/jam-news.net\/ru\/%d0%b0%d1%80%d0%bc%d0%b5%d0%bd%d0%b8%d1%8f-%d0%ba%d0%be%d1%80%d0%be%d0%bd%d0%b0%d0%b2%d0%b8%d1%80%d1%83%d1%81-%d1%81%d0%b2%d0%be%d0%b5%d0%b2%d1%80%d0%b5%d0%bc%d0%b5%d0%bd%d0%bd%d0%be%d1%81%d1%82%d1%8c\/\"><strong>Siyas\u0259t\u00e7il\u0259r koronavirus haqq\u0131nda. N\u0259y\u0259 g\u00f6r\u0259 Erm\u0259nistan yoluxanlar\u0131n say\u0131na g\u00f6r\u0259 regionda lider oldu?<\/strong><\/a><\/li><\/ul>\n\n\n\n<ul class=\"wp-block-list\"><li><a href=\"https:\/\/jam-news.net\/ru\/%d0%ba%d0%be%d1%80%d0%be%d0%bd%d0%b0%d0%b2%d0%b8%d1%80%d1%83%d1%81-%d0%bd%d0%be%d0%b2%d0%be%d1%81%d1%82%d0%b8-%d1%80%d0%be%d1%81%d1%81%d0%b8%d1%8f-%d0%bc%d0%be%d1%81%d0%ba%d0%b2%d0%b0-%d0%bf%d1%80\/\"><strong>\u00abM\u0259nd\u0259 37,5-dir. N\u0259 edim?\u00bb Moskvada koronavirusdan sa\u011falmaq \u00fc\u00e7\u00fcn pul v\u0259 \u0259laq\u0259l\u0259r laz\u0131md\u0131r. \u015e\u0259xsi hekay\u0259<\/strong><\/a><\/li><\/ul>\n\n\n\n<hr class=\"wp-block-separator\" \/>\n\n\n\n<p>\u0130ndi f\u00f6vq\u0259lad\u0259 v\u0259ziyy\u0259t rejimi iyunun 13-d\u0259k uzad\u0131l\u0131b.<\/p>\n\n\n\n<p>\u018fvv\u0259lki kimi, yoluxmu\u015f \u015f\u0259xsl\u0259rin t\u0259crid edilm\u0259si haqq\u0131nda t\u0259l\u0259bl\u0259r f\u0259aliyy\u0259td\u0259 olacaq.<\/p>\n\n\n\n<p>Lakin biznesin i\u015fin\u0259 m\u0259hdudiyy\u0259tl\u0259r n\u0259z\u0259rd\u0259 tutulmur. Komendatura yaln\u0131z t\u0259hl\u00fck\u0259sizlik qaydalar\u0131na ciddi riay\u0259t etm\u0259kl\u0259 i\u015fl\u0259m\u0259y\u0259 \u00e7a\u011f\u0131r\u0131r.<\/p>\n\n\n\n<p>\u201cV\u0259t\u0259nda\u015flar ya sosial m\u0259saf\u0259y\u0259 riay\u0259t etm\u0259li. ya da maska taxmal\u0131d\u0131rlar. \u018fll\u0259ri dezinfeksiya etm\u0259d\u0259n \u00fcz\u0259 toxunmaq olmaz. N\u0259hay\u0259t, termik emaldan ke\u00e7m\u0259mi\u015f v\u0259 ya dezinfeksiya edilm\u0259mi\u015f qablardan istifad\u0259 etm\u0259k, yaxud onlar\u0131 ba\u015fqalar\u0131na verm\u0259k olmaz\u201d, &#8211; ba\u015f nazir Nikol Pa\u015finyan xat\u0131rlad\u0131b.<br><\/p>\n","protected":false},"excerpt":{"rendered":"<p>Art\u0131q ikinci d\u0259f\u0259dir ki, h\u00f6kum\u0259t karantinin uzad\u0131lmas\u0131 bar\u0259d\u0259 q\u0259rar q\u0259bul edir, bel\u0259 ki, koronavirusun yay\u0131lmas\u0131 davam edir. H\u0259r g\u00fcn y\u00fczd\u0259n \u00e7ox yeni yoluxma hal\u0131 qeyd\u0259 al\u0131n\u0131r<\/p>\n","protected":false},"author":8,"featured_media":27777,"comment_status":"open","ping_status":"open","sticky":false,"template":"","format":"standard","meta":{"_acf_changed":false,"footnotes":""},"categories":[27,4043,50],"tags":[33,84,54,138,139,140,55,141,142,143,144,4345,2088,56,101,146,147,148,96,152,153,57,58,154,155,157,158],"formation":[],"post-author":[2888],"topic":[2002],"tooltip":[],"city":[6054],"class_list":["post-27814","post","type-post","status-publish","format-standard","has-post-thumbnail","hentry","category-ermnistan","category-explainer","category-xbrlr","tag-ermnistan","tag-ermnistan-bu-gun","tag-ermnistan-cmiyyti","tag-ermnistan-trafinda-xbrlr","tag-ermnistan-hokumti","tag-ermnistan-xbrlri","tag-ermnistanda-hyat","tag-ermnistanda-n-bas-verir","tag-ermnistanda-vziyyt","tag-ermnistandan-hekaylr","tag-ermnistandan-xbrlr","tag-karantinin","tag-koronavirus","tag-post-sovet-ermnistani","tag-qafqaz","tag-qafqaz-bu-gun","tag-qafqaz-cmiyyti","tag-qafqaz-trafinda-xbrlr","tag-qafqaz-iqtisadiyyati","tag-qafqaz-xbrlri","tag-qafqazda-hyat","tag-qafqazda-siyast","tag-qafqazdaki-munaqislr","tag-qafqazin-tarixi","tag-rngli-qafqaz","tag-xbrlr","tag-yerevan","post-author-jamnews","topic-koronavirus","city-yerevan"],"acf":[],"yoast_head":"<!-- This site is optimized with the Yoast SEO plugin v24.1 - https:\/\/yoast.com\/wordpress\/plugins\/seo\/ -->\n<title>Erm\u0259nistanda f\u00f6vq\u0259lad\u0259 v\u0259ziyy\u0259t rejimini daha bir ay uzad\u0131blar, lakin m\u00fc\u0259ssis\u0259l\u0259r i\u015fl\u0259m\u0259y\u0259 davam ed\u0259c\u0259kl\u0259r - JAMnews<\/title>\n<meta name=\"description\" content=\"Art\u0131q ikinci d\u0259f\u0259dir ki, h\u00f6kum\u0259t karantinin uzad\u0131lmas\u0131 bar\u0259d\u0259 q\u0259rar q\u0259bul edir, bel\u0259 ki, koronavirusun yay\u0131lmas\u0131 davam edir. H\u0259r g\u00fcn y\u00fczd\u0259n \u00e7ox yeni yoluxma hal\u0131 qeyd\u0259 al\u0131n\u0131r\" \/>\n<meta name=\"robots\" content=\"index, follow, max-snippet:-1, max-image-preview:large, max-video-preview:-1\" \/>\n<link rel=\"canonical\" href=\"https:\/\/jam-news.net\/az\/koronavirus-karantinin-erm\u0259nistan\/\" \/>\n<meta property=\"og:locale\" content=\"az_AZ\" \/>\n<meta property=\"og:type\" content=\"article\" \/>\n<meta property=\"og:title\" content=\"Erm\u0259nistanda f\u00f6vq\u0259lad\u0259 v\u0259ziyy\u0259t rejimini daha bir ay uzad\u0131blar, lakin m\u00fc\u0259ssis\u0259l\u0259r i\u015fl\u0259m\u0259y\u0259 davam ed\u0259c\u0259kl\u0259r - JAMnews\" \/>\n<meta property=\"og:description\" content=\"Art\u0131q ikinci d\u0259f\u0259dir ki, h\u00f6kum\u0259t karantinin uzad\u0131lmas\u0131 bar\u0259d\u0259 q\u0259rar q\u0259bul edir, bel\u0259 ki, koronavirusun yay\u0131lmas\u0131 davam edir. H\u0259r g\u00fcn y\u00fczd\u0259n \u00e7ox yeni yoluxma hal\u0131 qeyd\u0259 al\u0131n\u0131r\" \/>\n<meta property=\"og:url\" content=\"https:\/\/jam-news.net\/az\/koronavirus-karantinin-erm\u0259nistan\/\" \/>\n<meta property=\"og:site_name\" content=\"Azerbaijani Jamnews\" \/>\n<meta property=\"article:publisher\" content=\"https:\/\/www.facebook.com\/JAMnewsInEnglish\/\" \/>\n<meta property=\"article:published_time\" content=\"2020-05-14T19:30:10+00:00\" \/>\n<meta property=\"article:modified_time\" content=\"2022-01-17T21:03:54+00:00\" \/>\n<meta property=\"og:image\" content=\"https:\/\/jam-news.net\/app\/uploads\/2020\/05\/94977595_2993291047418295_5212740603871232000_o.jpg\" \/>\n\t<meta property=\"og:image:width\" content=\"2000\" \/>\n\t<meta property=\"og:image:height\" content=\"1334\" \/>\n\t<meta property=\"og:image:type\" content=\"image\/jpeg\" \/>\n<meta name=\"author\" content=\"Naira Martikian\" \/>\n<meta name=\"twitter:card\" content=\"summary_large_image\" \/>\n<meta name=\"twitter:creator\" content=\"@JAMnewsCaucasus\" \/>\n<meta name=\"twitter:site\" content=\"@JAMnewsCaucasus\" \/>\n<meta name=\"twitter:label1\" content=\"Written by\" \/>\n\t<meta name=\"twitter:data1\" content=\"Naira Martikian\" \/>\n\t<meta name=\"twitter:label2\" content=\"Est. reading time\" \/>\n\t<meta name=\"twitter:data2\" content=\"2 minutes\" \/>\n<script type=\"application\/ld+json\" class=\"yoast-schema-graph\">{\"@context\":\"https:\/\/schema.org\",\"@graph\":[{\"@type\":\"Article\",\"@id\":\"https:\/\/jam-news.net\/az\/koronavirus-karantinin-erm%c9%99nistan\/#article\",\"isPartOf\":{\"@id\":\"https:\/\/jam-news.net\/az\/koronavirus-karantinin-erm%c9%99nistan\/\"},\"author\":{\"name\":\"Naira Martikian\",\"@id\":\"https:\/\/jam-news.net\/az\/#\/schema\/person\/e82f374df8fce3377c56e285e5c11387\"},\"headline\":\"Erm\u0259nistanda f\u00f6vq\u0259lad\u0259 v\u0259ziyy\u0259t rejimini daha bir ay uzad\u0131blar, lakin m\u00fc\u0259ssis\u0259l\u0259r i\u015fl\u0259m\u0259y\u0259 davam ed\u0259c\u0259kl\u0259r\",\"datePublished\":\"2020-05-14T19:30:10+00:00\",\"dateModified\":\"2022-01-17T21:03:54+00:00\",\"mainEntityOfPage\":{\"@id\":\"https:\/\/jam-news.net\/az\/koronavirus-karantinin-erm%c9%99nistan\/\"},\"wordCount\":453,\"commentCount\":0,\"publisher\":{\"@id\":\"https:\/\/jam-news.net\/az\/#organization\"},\"image\":{\"@id\":\"https:\/\/jam-news.net\/az\/koronavirus-karantinin-erm%c9%99nistan\/#primaryimage\"},\"thumbnailUrl\":\"https:\/\/jam-news.net\/app\/uploads\/2020\/05\/94977595_2993291047418295_5212740603871232000_o.jpg\",\"keywords\":[\"Erm\u0259nistan\",\"Erm\u0259nistan bu g\u00fcn\",\"Erm\u0259nistan c\u0259miyy\u0259ti\",\"Erm\u0259nistan \u0259traf\u0131nda x\u0259b\u0259rl\u0259r\",\"Erm\u0259nistan h\u00f6kum\u0259ti\",\"Erm\u0259nistan x\u0259b\u0259rl\u0259ri\",\"Erm\u0259nistanda h\u0259yat\",\"Erm\u0259nistanda n\u0259 ba\u015f verir\",\"Erm\u0259nistanda v\u0259ziyy\u0259t\",\"Erm\u0259nistandan hekay\u0259l\u0259r\",\"Erm\u0259nistandan x\u0259b\u0259rl\u0259r\",\"karantinin\",\"koronavirus\",\"post-sovet Erm\u0259nistan\u0131\",\"Qafqaz\",\"Qafqaz bu g\u00fcn\",\"Qafqaz c\u0259miyy\u0259ti\",\"Qafqaz \u0259traf\u0131nda x\u0259b\u0259rl\u0259r\",\"Qafqaz iqtisadiyyat\u0131\",\"Qafqaz x\u0259b\u0259rl\u0259ri\",\"Qafqazda h\u0259yat\",\"Qafqazda siyas\u0259t\",\"Qafqazdak\u0131 m\u00fcnaqi\u015f\u0259l\u0259r\",\"Qafqaz\u0131n tarixi\",\"r\u0259ngli Qafqaz\",\"X\u0259b\u0259rl\u0259r\",\"Yerevan\"],\"articleSection\":[\"Armenia\",\"Explainer\",\"News\"],\"inLanguage\":\"az\"},{\"@type\":\"WebPage\",\"@id\":\"https:\/\/jam-news.net\/az\/koronavirus-karantinin-erm%c9%99nistan\/\",\"url\":\"https:\/\/jam-news.net\/az\/koronavirus-karantinin-erm%c9%99nistan\/\",\"name\":\"Erm\u0259nistanda f\u00f6vq\u0259lad\u0259 v\u0259ziyy\u0259t rejimini daha bir ay uzad\u0131blar, lakin m\u00fc\u0259ssis\u0259l\u0259r i\u015fl\u0259m\u0259y\u0259 davam ed\u0259c\u0259kl\u0259r - JAMnews\",\"isPartOf\":{\"@id\":\"https:\/\/jam-news.net\/az\/#website\"},\"primaryImageOfPage\":{\"@id\":\"https:\/\/jam-news.net\/az\/koronavirus-karantinin-erm%c9%99nistan\/#primaryimage\"},\"image\":{\"@id\":\"https:\/\/jam-news.net\/az\/koronavirus-karantinin-erm%c9%99nistan\/#primaryimage\"},\"thumbnailUrl\":\"https:\/\/jam-news.net\/app\/uploads\/2020\/05\/94977595_2993291047418295_5212740603871232000_o.jpg\",\"datePublished\":\"2020-05-14T19:30:10+00:00\",\"dateModified\":\"2022-01-17T21:03:54+00:00\",\"description\":\"Art\u0131q ikinci d\u0259f\u0259dir ki, h\u00f6kum\u0259t karantinin uzad\u0131lmas\u0131 bar\u0259d\u0259 q\u0259rar q\u0259bul edir, bel\u0259 ki, koronavirusun yay\u0131lmas\u0131 davam edir. H\u0259r g\u00fcn y\u00fczd\u0259n \u00e7ox yeni yoluxma hal\u0131 qeyd\u0259 al\u0131n\u0131r\",\"breadcrumb\":{\"@id\":\"https:\/\/jam-news.net\/az\/koronavirus-karantinin-erm%c9%99nistan\/#breadcrumb\"},\"inLanguage\":\"az\",\"potentialAction\":[{\"@type\":\"ReadAction\",\"target\":[\"https:\/\/jam-news.net\/az\/koronavirus-karantinin-erm%c9%99nistan\/\"]}]},{\"@type\":\"ImageObject\",\"inLanguage\":\"az\",\"@id\":\"https:\/\/jam-news.net\/az\/koronavirus-karantinin-erm%c9%99nistan\/#primaryimage\",\"url\":\"https:\/\/jam-news.net\/app\/uploads\/2020\/05\/94977595_2993291047418295_5212740603871232000_o.jpg\",\"contentUrl\":\"https:\/\/jam-news.net\/app\/uploads\/2020\/05\/94977595_2993291047418295_5212740603871232000_o.jpg\",\"width\":2000,\"height\":1334,\"caption\":\"koronavirus, Erm\u0259nistan\"},{\"@type\":\"BreadcrumbList\",\"@id\":\"https:\/\/jam-news.net\/az\/koronavirus-karantinin-erm%c9%99nistan\/#breadcrumb\",\"itemListElement\":[{\"@type\":\"ListItem\",\"position\":1,\"name\":\"Home\",\"item\":\"https:\/\/jam-news.net\/az\/\"},{\"@type\":\"ListItem\",\"position\":2,\"name\":\"Erm\u0259nistanda f\u00f6vq\u0259lad\u0259 v\u0259ziyy\u0259t rejimini daha bir ay uzad\u0131blar, lakin m\u00fc\u0259ssis\u0259l\u0259r i\u015fl\u0259m\u0259y\u0259 davam ed\u0259c\u0259kl\u0259r\"}]},{\"@type\":\"WebSite\",\"@id\":\"https:\/\/jam-news.net\/az\/#website\",\"url\":\"https:\/\/jam-news.net\/az\/\",\"name\":\"Azerbaijani Jamnews\",\"description\":\"Caucasus News, Politics and Society\",\"publisher\":{\"@id\":\"https:\/\/jam-news.net\/az\/#organization\"},\"potentialAction\":[{\"@type\":\"SearchAction\",\"target\":{\"@type\":\"EntryPoint\",\"urlTemplate\":\"https:\/\/jam-news.net\/az\/?s={search_term_string}\"},\"query-input\":{\"@type\":\"PropertyValueSpecification\",\"valueRequired\":true,\"valueName\":\"search_term_string\"}}],\"inLanguage\":\"az\"},{\"@type\":\"Organization\",\"@id\":\"https:\/\/jam-news.net\/az\/#organization\",\"name\":\"JAMnews\",\"url\":\"https:\/\/jam-news.net\/az\/\",\"logo\":{\"@type\":\"ImageObject\",\"inLanguage\":\"az\",\"@id\":\"https:\/\/jam-news.net\/az\/#\/schema\/logo\/image\/\",\"url\":\"https:\/\/jam-news.net\/app\/uploads\/2020\/05\/JAM_w.jpg\",\"contentUrl\":\"https:\/\/jam-news.net\/app\/uploads\/2020\/05\/JAM_w.jpg\",\"width\":960,\"height\":960,\"caption\":\"JAMnews\"},\"image\":{\"@id\":\"https:\/\/jam-news.net\/az\/#\/schema\/logo\/image\/\"},\"sameAs\":[\"https:\/\/www.facebook.com\/JAMnewsInEnglish\/\",\"https:\/\/x.com\/JAMnewsCaucasus\",\"https:\/\/www.instagram.com\/jam_news\/\",\"https:\/\/www.youtube.com\/channel\/UCXQbUCme2pykuZYXWHx4VPg\"]},{\"@type\":\"Person\",\"@id\":\"https:\/\/jam-news.net\/az\/#\/schema\/person\/e82f374df8fce3377c56e285e5c11387\",\"name\":\"Naira Martikian\",\"image\":{\"@type\":\"ImageObject\",\"inLanguage\":\"az\",\"@id\":\"https:\/\/jam-news.net\/az\/#\/schema\/person\/image\/\",\"url\":\"https:\/\/secure.gravatar.com\/avatar\/0696bcd343e46256c029b752a654bade?s=96&d=mm&r=g\",\"contentUrl\":\"https:\/\/secure.gravatar.com\/avatar\/0696bcd343e46256c029b752a654bade?s=96&d=mm&r=g\",\"caption\":\"Naira Martikian\"},\"url\":\"https:\/\/jam-news.net\/az\/author\/nairama\/\"}]}<\/script>\n<!-- \/ Yoast SEO plugin. -->","yoast_head_json":{"title":"Erm\u0259nistanda f\u00f6vq\u0259lad\u0259 v\u0259ziyy\u0259t rejimini daha bir ay uzad\u0131blar, lakin m\u00fc\u0259ssis\u0259l\u0259r i\u015fl\u0259m\u0259y\u0259 davam ed\u0259c\u0259kl\u0259r - JAMnews","description":"Art\u0131q ikinci d\u0259f\u0259dir ki, h\u00f6kum\u0259t karantinin uzad\u0131lmas\u0131 bar\u0259d\u0259 q\u0259rar q\u0259bul edir, bel\u0259 ki, koronavirusun yay\u0131lmas\u0131 davam edir. H\u0259r g\u00fcn y\u00fczd\u0259n \u00e7ox yeni yoluxma hal\u0131 qeyd\u0259 al\u0131n\u0131r","robots":{"index":"index","follow":"follow","max-snippet":"max-snippet:-1","max-image-preview":"max-image-preview:large","max-video-preview":"max-video-preview:-1"},"canonical":"https:\/\/jam-news.net\/az\/koronavirus-karantinin-erm\u0259nistan\/","og_locale":"az_AZ","og_type":"article","og_title":"Erm\u0259nistanda f\u00f6vq\u0259lad\u0259 v\u0259ziyy\u0259t rejimini daha bir ay uzad\u0131blar, lakin m\u00fc\u0259ssis\u0259l\u0259r i\u015fl\u0259m\u0259y\u0259 davam ed\u0259c\u0259kl\u0259r - JAMnews","og_description":"Art\u0131q ikinci d\u0259f\u0259dir ki, h\u00f6kum\u0259t karantinin uzad\u0131lmas\u0131 bar\u0259d\u0259 q\u0259rar q\u0259bul edir, bel\u0259 ki, koronavirusun yay\u0131lmas\u0131 davam edir. H\u0259r g\u00fcn y\u00fczd\u0259n \u00e7ox yeni yoluxma hal\u0131 qeyd\u0259 al\u0131n\u0131r","og_url":"https:\/\/jam-news.net\/az\/koronavirus-karantinin-erm\u0259nistan\/","og_site_name":"Azerbaijani Jamnews","article_publisher":"https:\/\/www.facebook.com\/JAMnewsInEnglish\/","article_published_time":"2020-05-14T19:30:10+00:00","article_modified_time":"2022-01-17T21:03:54+00:00","og_image":[{"width":2000,"height":1334,"url":"https:\/\/jam-news.net\/app\/uploads\/2020\/05\/94977595_2993291047418295_5212740603871232000_o.jpg","type":"image\/jpeg"}],"author":"Naira Martikian","twitter_card":"summary_large_image","twitter_creator":"@JAMnewsCaucasus","twitter_site":"@JAMnewsCaucasus","twitter_misc":{"Written by":"Naira Martikian","Est. reading time":"2 minutes"},"schema":{"@context":"https:\/\/schema.org","@graph":[{"@type":"Article","@id":"https:\/\/jam-news.net\/az\/koronavirus-karantinin-erm%c9%99nistan\/#article","isPartOf":{"@id":"https:\/\/jam-news.net\/az\/koronavirus-karantinin-erm%c9%99nistan\/"},"author":{"name":"Naira Martikian","@id":"https:\/\/jam-news.net\/az\/#\/schema\/person\/e82f374df8fce3377c56e285e5c11387"},"headline":"Erm\u0259nistanda f\u00f6vq\u0259lad\u0259 v\u0259ziyy\u0259t rejimini daha bir ay uzad\u0131blar, lakin m\u00fc\u0259ssis\u0259l\u0259r i\u015fl\u0259m\u0259y\u0259 davam ed\u0259c\u0259kl\u0259r","datePublished":"2020-05-14T19:30:10+00:00","dateModified":"2022-01-17T21:03:54+00:00","mainEntityOfPage":{"@id":"https:\/\/jam-news.net\/az\/koronavirus-karantinin-erm%c9%99nistan\/"},"wordCount":453,"commentCount":0,"publisher":{"@id":"https:\/\/jam-news.net\/az\/#organization"},"image":{"@id":"https:\/\/jam-news.net\/az\/koronavirus-karantinin-erm%c9%99nistan\/#primaryimage"},"thumbnailUrl":"https:\/\/jam-news.net\/app\/uploads\/2020\/05\/94977595_2993291047418295_5212740603871232000_o.jpg","keywords":["Erm\u0259nistan","Erm\u0259nistan bu g\u00fcn","Erm\u0259nistan c\u0259miyy\u0259ti","Erm\u0259nistan \u0259traf\u0131nda x\u0259b\u0259rl\u0259r","Erm\u0259nistan h\u00f6kum\u0259ti","Erm\u0259nistan x\u0259b\u0259rl\u0259ri","Erm\u0259nistanda h\u0259yat","Erm\u0259nistanda n\u0259 ba\u015f verir","Erm\u0259nistanda v\u0259ziyy\u0259t","Erm\u0259nistandan hekay\u0259l\u0259r","Erm\u0259nistandan x\u0259b\u0259rl\u0259r","karantinin","koronavirus","post-sovet Erm\u0259nistan\u0131","Qafqaz","Qafqaz bu g\u00fcn","Qafqaz c\u0259miyy\u0259ti","Qafqaz \u0259traf\u0131nda x\u0259b\u0259rl\u0259r","Qafqaz iqtisadiyyat\u0131","Qafqaz x\u0259b\u0259rl\u0259ri","Qafqazda h\u0259yat","Qafqazda siyas\u0259t","Qafqazdak\u0131 m\u00fcnaqi\u015f\u0259l\u0259r","Qafqaz\u0131n tarixi","r\u0259ngli Qafqaz","X\u0259b\u0259rl\u0259r","Yerevan"],"articleSection":["Armenia","Explainer","News"],"inLanguage":"az"},{"@type":"WebPage","@id":"https:\/\/jam-news.net\/az\/koronavirus-karantinin-erm%c9%99nistan\/","url":"https:\/\/jam-news.net\/az\/koronavirus-karantinin-erm%c9%99nistan\/","name":"Erm\u0259nistanda f\u00f6vq\u0259lad\u0259 v\u0259ziyy\u0259t rejimini daha bir ay uzad\u0131blar, lakin m\u00fc\u0259ssis\u0259l\u0259r i\u015fl\u0259m\u0259y\u0259 davam ed\u0259c\u0259kl\u0259r - JAMnews","isPartOf":{"@id":"https:\/\/jam-news.net\/az\/#website"},"primaryImageOfPage":{"@id":"https:\/\/jam-news.net\/az\/koronavirus-karantinin-erm%c9%99nistan\/#primaryimage"},"image":{"@id":"https:\/\/jam-news.net\/az\/koronavirus-karantinin-erm%c9%99nistan\/#primaryimage"},"thumbnailUrl":"https:\/\/jam-news.net\/app\/uploads\/2020\/05\/94977595_2993291047418295_5212740603871232000_o.jpg","datePublished":"2020-05-14T19:30:10+00:00","dateModified":"2022-01-17T21:03:54+00:00","description":"Art\u0131q ikinci d\u0259f\u0259dir ki, h\u00f6kum\u0259t karantinin uzad\u0131lmas\u0131 bar\u0259d\u0259 q\u0259rar q\u0259bul edir, bel\u0259 ki, koronavirusun yay\u0131lmas\u0131 davam edir. H\u0259r g\u00fcn y\u00fczd\u0259n \u00e7ox yeni yoluxma hal\u0131 qeyd\u0259 al\u0131n\u0131r","breadcrumb":{"@id":"https:\/\/jam-news.net\/az\/koronavirus-karantinin-erm%c9%99nistan\/#breadcrumb"},"inLanguage":"az","potentialAction":[{"@type":"ReadAction","target":["https:\/\/jam-news.net\/az\/koronavirus-karantinin-erm%c9%99nistan\/"]}]},{"@type":"ImageObject","inLanguage":"az","@id":"https:\/\/jam-news.net\/az\/koronavirus-karantinin-erm%c9%99nistan\/#primaryimage","url":"https:\/\/jam-news.net\/app\/uploads\/2020\/05\/94977595_2993291047418295_5212740603871232000_o.jpg","contentUrl":"https:\/\/jam-news.net\/app\/uploads\/2020\/05\/94977595_2993291047418295_5212740603871232000_o.jpg","width":2000,"height":1334,"caption":"koronavirus, Erm\u0259nistan"},{"@type":"BreadcrumbList","@id":"https:\/\/jam-news.net\/az\/koronavirus-karantinin-erm%c9%99nistan\/#breadcrumb","itemListElement":[{"@type":"ListItem","position":1,"name":"Home","item":"https:\/\/jam-news.net\/az\/"},{"@type":"ListItem","position":2,"name":"Erm\u0259nistanda f\u00f6vq\u0259lad\u0259 v\u0259ziyy\u0259t rejimini daha bir ay uzad\u0131blar, lakin m\u00fc\u0259ssis\u0259l\u0259r i\u015fl\u0259m\u0259y\u0259 davam ed\u0259c\u0259kl\u0259r"}]},{"@type":"WebSite","@id":"https:\/\/jam-news.net\/az\/#website","url":"https:\/\/jam-news.net\/az\/","name":"Azerbaijani Jamnews","description":"Caucasus News, Politics and Society","publisher":{"@id":"https:\/\/jam-news.net\/az\/#organization"},"potentialAction":[{"@type":"SearchAction","target":{"@type":"EntryPoint","urlTemplate":"https:\/\/jam-news.net\/az\/?s={search_term_string}"},"query-input":{"@type":"PropertyValueSpecification","valueRequired":true,"valueName":"search_term_string"}}],"inLanguage":"az"},{"@type":"Organization","@id":"https:\/\/jam-news.net\/az\/#organization","name":"JAMnews","url":"https:\/\/jam-news.net\/az\/","logo":{"@type":"ImageObject","inLanguage":"az","@id":"https:\/\/jam-news.net\/az\/#\/schema\/logo\/image\/","url":"https:\/\/jam-news.net\/app\/uploads\/2020\/05\/JAM_w.jpg","contentUrl":"https:\/\/jam-news.net\/app\/uploads\/2020\/05\/JAM_w.jpg","width":960,"height":960,"caption":"JAMnews"},"image":{"@id":"https:\/\/jam-news.net\/az\/#\/schema\/logo\/image\/"},"sameAs":["https:\/\/www.facebook.com\/JAMnewsInEnglish\/","https:\/\/x.com\/JAMnewsCaucasus","https:\/\/www.instagram.com\/jam_news\/","https:\/\/www.youtube.com\/channel\/UCXQbUCme2pykuZYXWHx4VPg"]},{"@type":"Person","@id":"https:\/\/jam-news.net\/az\/#\/schema\/person\/e82f374df8fce3377c56e285e5c11387","name":"Naira Martikian","image":{"@type":"ImageObject","inLanguage":"az","@id":"https:\/\/jam-news.net\/az\/#\/schema\/person\/image\/","url":"https:\/\/secure.gravatar.com\/avatar\/0696bcd343e46256c029b752a654bade?s=96&d=mm&r=g","contentUrl":"https:\/\/secure.gravatar.com\/avatar\/0696bcd343e46256c029b752a654bade?s=96&d=mm&r=g","caption":"Naira Martikian"},"url":"https:\/\/jam-news.net\/az\/author\/nairama\/"}]}},"_links":{"self":[{"href":"https:\/\/jam-news.net\/az\/wp-json\/wp\/v2\/posts\/27814","targetHints":{"allow":["GET"]}}],"collection":[{"href":"https:\/\/jam-news.net\/az\/wp-json\/wp\/v2\/posts"}],"about":[{"href":"https:\/\/jam-news.net\/az\/wp-json\/wp\/v2\/types\/post"}],"author":[{"embeddable":true,"href":"https:\/\/jam-news.net\/az\/wp-json\/wp\/v2\/users\/8"}],"replies":[{"embeddable":true,"href":"https:\/\/jam-news.net\/az\/wp-json\/wp\/v2\/comments?post=27814"}],"version-history":[{"count":3,"href":"https:\/\/jam-news.net\/az\/wp-json\/wp\/v2\/posts\/27814\/revisions"}],"predecessor-version":[{"id":27820,"href":"https:\/\/jam-news.net\/az\/wp-json\/wp\/v2\/posts\/27814\/revisions\/27820"}],"wp:featuredmedia":[{"embeddable":true,"href":"https:\/\/jam-news.net\/az\/wp-json\/wp\/v2\/media\/27777"}],"wp:attachment":[{"href":"https:\/\/jam-news.net\/az\/wp-json\/wp\/v2\/media?parent=27814"}],"wp:term":[{"taxonomy":"category","embeddable":true,"href":"https:\/\/jam-news.net\/az\/wp-json\/wp\/v2\/categories?post=27814"},{"taxonomy":"post_tag","embeddable":true,"href":"https:\/\/jam-news.net\/az\/wp-json\/wp\/v2\/tags?post=27814"},{"taxonomy":"formation","embeddable":true,"href":"https:\/\/jam-news.net\/az\/wp-json\/wp\/v2\/formation?post=27814"},{"taxonomy":"post-author","embeddable":true,"href":"https:\/\/jam-news.net\/az\/wp-json\/wp\/v2\/post-author?post=27814"},{"taxonomy":"topic","embeddable":true,"href":"https:\/\/jam-news.net\/az\/wp-json\/wp\/v2\/topic?post=27814"},{"taxonomy":"tooltip","embeddable":true,"href":"https:\/\/jam-news.net\/az\/wp-json\/wp\/v2\/tooltip?post=27814"},{"taxonomy":"city","embeddable":true,"href":"https:\/\/jam-news.net\/az\/wp-json\/wp\/v2\/city?post=27814"}],"curies":[{"name":"wp","href":"https:\/\/api.w.org\/{rel}","templated":true}]}}