{"id":25568,"date":"2020-04-15T10:12:15","date_gmt":"2020-04-15T06:12:15","guid":{"rendered":"http:\/\/jam-news.net\/az\/?p=25568"},"modified":"2022-01-18T01:04:56","modified_gmt":"2022-01-17T21:04:56","slug":"erm%c9%99nistanda-koronavirusa-gor%c9%99-fovq%c9%99lad%c9%99-v%c9%99ziyy%c9%99t-dovrund%c9%99-dayandirilan-mu%c9%99ssis%c9%99l%c9%99rin-bir-qismi-isl%c9%99m%c9%99y%c9%99-baslayib","status":"publish","type":"post","link":"https:\/\/jam-news.net\/az\/erm%c9%99nistanda-koronavirusa-gor%c9%99-fovq%c9%99lad%c9%99-v%c9%99ziyy%c9%99t-dovrund%c9%99-dayandirilan-mu%c9%99ssis%c9%99l%c9%99rin-bir-qismi-isl%c9%99m%c9%99y%c9%99-baslayib\/","title":{"rendered":"Erm\u0259nistanda koronavirusa g\u00f6r\u0259 f\u00f6vq\u0259lad\u0259 v\u0259ziyy\u0259t d\u00f6vr\u00fcnd\u0259 dayand\u0131r\u0131lan m\u00fc\u0259ssis\u0259l\u0259rin bir qismi i\u015fl\u0259m\u0259y\u0259 ba\u015flay\u0131b"},"content":{"rendered":"\n<div style=\"height:30px\" aria-hidden=\"true\" class=\"wp-block-spacer\"><\/div>\n\n\n\n<p>Erm\u0259nistan\u0131n\nf\u00f6vq\u0259lad\u0259 v\u0259ziyy\u0259t komendantl\u0131\u011f\u0131 f\u0259aliyy\u0259t sah\u0259l\u0259rin\u0259 qoyulan m\u0259hdudiyy\u0259tl\u0259ri\nqism\u0259n yum\u015faltma\u011fa ba\u015flay\u0131b. Bu m\u0259hdudiyy\u0259tl\u0259r bir ay \u0259vv\u0259l koronavirus\nepidemiyas\u0131 il\u0259 \u0259laq\u0259dar f\u00f6vq\u0259lad\u0259 v\u0259ziyy\u0259t elan olundu\u011fu zaman t\u0259tbiq\nedilmi\u015fdi.<\/p>\n\n\n\n<p style=\"background-color:#cbe7f8\" class=\"has-background\">Erm\u0259nistanda ilkin olaraq f\u00f6vq\u0259lad\u0259 v\u0259ziyy\u0259t mart\u0131n\n16-dan aprelin 14-\u0259 q\u0259d\u0259r elan olunmu\u015fdu. Eyni zamanda h\u0259yati \u0259h\u0259miyy\u0259tli v\u0259\nstrateji sah\u0259l\u0259rd\u0259n ba\u015fqa b\u00fct\u00fcn f\u0259aliyy\u0259t sah\u0259l\u0259rind\u0259 m\u0259hdudiyy\u0259tl\u0259r t\u0259tbiq\nolunmu\u015fdu. \u018fsas\u0259n \u0259rzaq ma\u011fazalar\u0131 v\u0259 aptekl\u0259r i\u015fl\u0259yirdi. \u0130ndi f\u00f6vq\u0259lad\u0259 v\u0259ziyy\u0259t\nrejimi may\u0131n 14-\u0259 q\u0259d\u0259r uzad\u0131l\u0131b. M\u00fc\u0259ssis\u0259l\u0259rin bir qismi i\u015fin\u0259 davam etm\u0259k\nimkan\u0131 qazan\u0131b. Amma ictimai n\u0259qliyyat v\u0259 metro h\u0259l\u0259 i\u015fl\u0259mir. <\/p>\n\n\n\n<hr class=\"wp-block-separator\" \/>\n\n\n\n<ul class=\"wp-block-list\"><li><strong><a href=\"https:\/\/jam-news.net\/az\/erm%c9%99nistan-karantind%c9%99\/\" target=\"_blank\" rel=\"noreferrer noopener\" aria-label=\" (opens in a new tab)\">Onlayn operalar, konsertl\u0259r v\u0259 h\u0259kiml\u0259rin r\u0259qsi. Erm\u0259nistanda karantin zaman\u0131 nec\u0259 \u0259yl\u0259nirl\u0259r?<\/a><\/strong><\/li><li><strong><a href=\"https:\/\/jam-news.net\/az\/gurcustan-karantin-pandemiya-koronavirus-hekay%c9%99l%c9%99r\/\" target=\"_blank\" rel=\"noreferrer noopener\" aria-label=\" (opens in a new tab)\">\u201c\u00c7\u0131xan kimi h\u0259r \u015feyd\u0259n \u0259vv\u0259l yolda\u015f\u0131m\u0131 \u00f6p\u0259c\u0259m\u201d \u2013 G\u00fcrc\u00fcstanda karantind\u0259n yeddi hekay\u0259<\/a><\/strong><\/li><\/ul>\n\n\n\n<hr class=\"wp-block-separator\" \/>\n\n\n\n<p class=\"has-text-align-center has-medium-font-size\"><strong>Kim\u0259 i\u015fl\u0259m\u0259k olar?<\/strong><strong> <\/strong><strong><\/strong><\/p>\n\n\n\n<p>B\u0259zi emal\ns\u0259nayesi m\u00fc\u0259ssis\u0259l\u0259ri i\u015fini b\u0259rpa edib. T\u00fct\u00fcn m\u0259mulatlar\u0131, sement, gips, \u0259h\u0259ng,\nmetal konstruksiya istehsal\u0131na icaz\u0259 verilib, onlar\u0131n y\u0131\u011f\u0131m\u0131 \u00fc\u00e7\u00fcn detallar t\u0259chiz\ned\u0259n m\u00fc\u0259ssis\u0259l\u0259r d\u0259 i\u015f\u0259 ba\u015flay\u0131b.<\/p>\n\n\n\n<p>M\u00fcv\u0259qq\u0259ti\nqada\u011fan edil\u0259n f\u0259aliyy\u0259tl\u0259r siyah\u0131s\u0131ndan dem\u0259k olar ki, b\u00fct\u00fcn in\u015faat sah\u0259si\n\u00e7\u0131xar\u0131l\u0131b. H\u0259l\u0259lik yaln\u0131z tamamlay\u0131c\u0131 in\u015faat i\u015fl\u0259rin\u0259 icaz\u0259 verilm\u0259yib.<\/p>\n\n\n\n<p>M\u00fch\u0259ndisl\u0259r\nv\u0259 in\u015faat konsaltinqi m\u00fct\u0259x\u0259ssisl\u0259ri i\u015f\u0259 \u00e7\u0131x\u0131blar.<\/p>\n\n\n\n<p>\u0130\u015f\u0259 \u00e7\u0131xmaq\nicaz\u0259si il\u0259 eyni zamanda Erm\u0259nistan\u0131n ba\u015f naziri Nikol Pa\u015finyan b\u00fct\u00fcn m\u00fc\u0259ssis\u0259\nr\u0259hb\u0259rl\u0259rini sanitar n\u0259zar\u0259ti g\u00fccl\u0259ndirm\u0259y\u0259 \u00e7a\u011f\u0131r\u0131b: <\/p>\n\n\n\n<blockquote class=\"wp-block-quote is-layout-flow wp-block-quote-is-layout-flow\"><p><em>\u201cBu m\u0259rh\u0259l\u0259d\u0259 biz biznesin m\u0259suliyy\u0259tin\u0259 x\u00fcsusi \u00f6n\u0259m veririk. Onlar\u0131n \u00f6z i\u015f\u00e7il\u0259rinin yoluxma ehtimal\u0131n\u0131 azaltmaq \u00fc\u00e7\u00fcn laz\u0131mi \u015f\u0259raiti n\u0259 d\u0259r\u0259c\u0259d\u0259 t\u0259min etm\u0259l\u0259rin\u0259. M\u0259n bir daha b\u00fct\u00fcn epidemiyaya qar\u015f\u0131 t\u0259dbirl\u0259rin g\u00f6r\u00fclm\u0259si \u00e7a\u011f\u0131r\u0131\u015f\u0131 il\u0259 m\u00fcraci\u0259t edir\u0259m ki, biz yaln\u0131z son g\u00fcnl\u0259rin m\u00fcsb\u0259t dinamikas\u0131n\u0131 saxlamayaq, h\u0259m d\u0259 epidemiya pikini gerid\u0259 qoya bil\u0259k\u201d.<\/em><\/p><\/blockquote>\n\n\n\n<p>Komentantl\u0131q\nb\u00fct\u00fcn m\u00fc\u0259ssis\u0259l\u0259r\u0259 infeksiyan\u0131n yoluxma riskinin minimuma endirilm\u0259si \u00fc\u00e7\u00fcn i\u015fin\ndaha yax\u015f\u0131 t\u0259\u015fkili il\u0259 ba\u011fl\u0131 t\u00f6vsiy\u0259l\u0259r t\u0259qdim ed\u0259c\u0259k.<\/p>\n\n\n\n<p class=\"has-text-align-center has-medium-font-size\"><strong>Parlamentd\u0259 siyah\u0131n\u0131n geni\u015fl\u0259ndirilm\u0259si t\u0259klif\nolunmu\u015fdu<\/strong><strong><\/strong><\/p>\n\n\n\n<p>B\u0259zi\nbiznes sah\u0259l\u0259rinin i\u015fl\u0259m\u0259sin\u0259 icaz\u0259 verilm\u0259si m\u0259s\u0259l\u0259sin\u0259 yaln\u0131z h\u00f6kum\u0259td\u0259 yox,\nh\u0259m d\u0259 parlamentd\u0259 m\u00fczakir\u0259 olunub.<\/p>\n\n\n\n<p>M\u00fcxalif\nfraksiyalardan biri icaz\u0259 veril\u0259n f\u0259aliyy\u0259t sah\u0259l\u0259rinin siyah\u0131s\u0131n\u0131 \u0259h\u0259miyy\u0259tli\nd\u0259r\u0259c\u0259d\u0259 geni\u015fl\u0259ndirm\u0259yi t\u0259klif edib. \u201cMaarifl\u0259nmi\u015f Erm\u0259nistan\u201d fraksiyas\u0131n\u0131n r\u0259hb\u0259ri\nEdmon Marukyan ictimai n\u0259qliyyat v\u0259 metronun h\u0259r\u0259k\u0259tinin b\u0259rpa edilm\u0259si, t\u0259s\u0259rr\u00fcfat\nmallar\u0131 ma\u011fazalar\u0131n\u0131n v\u0259 idman inventarlar\u0131 satan m\u0259rk\u0259zl\u0259rin a\u00e7\u0131lmas\u0131 t\u0259klifi\nil\u0259 \u00e7\u0131x\u0131\u015f edib.<\/p>\n\n\n\n<p>O, h\u0259m\u00e7inin\nvilay\u0259tl\u0259raras\u0131 n\u0259qliyyat\u0131n, texniki xidm\u0259t v\u0259 ma\u015f\u0131nlar\u0131n g\u00f6mr\u00fckd\u0259n ke\u00e7irilm\u0259si\nm\u0259nt\u0259q\u0259l\u0259rinin i\u015finin b\u0259rpa olunmas\u0131n\u0131 da t\u0259klif edib: <\/p>\n\n\n\n<blockquote class=\"wp-block-quote is-layout-flow wp-block-quote-is-layout-flow\"><p><em>\u201cBiz t\u0259dric\u0259n, m\u0259rh\u0259l\u0259li \u015f\u0259kild\u0259 bu sah\u0259l\u0259r\u0259 i\u015fl\u0259m\u0259k imkan\u0131 verm\u0259liyik. M\u0259hdudiyy\u0259tl\u0259r d\u0259 m\u0259ntiqli olmal\u0131d\u0131r\u201d.<\/em><\/p><\/blockquote>\n\n\n\n<p>Amma\ndeputatlar\u0131n \u00e7oxu onun t\u0259klifl\u0259rini d\u0259st\u0259kl\u0259m\u0259yib.<\/p>\n\n\n\n<p class=\"has-text-align-center has-medium-font-size\"><strong>Sosial \u015f\u0259b\u0259k\u0259l\u0259rd\u0259 n\u0259 yaz\u0131rlar?<\/strong><strong><\/strong><\/p>\n\n\n\n<p>Sosial \u015f\u0259b\u0259k\u0259\nistifad\u0259\u00e7il\u0259ri komendantl\u0131\u011f\u0131n q\u0259rar\u0131n\u0131 birm\u0259nal\u0131 qar\u015f\u0131lamay\u0131b. V\u0259t\u0259nda\u015flar\u0131n\nbir hiss\u0259si hesab edir ki, m\u0259hdudiyy\u0259tl\u0259rin yum\u015fald\u0131lmas\u0131 virusun yay\u0131lmas\u0131n\u0131n\nikinci dal\u011fas\u0131na s\u0259b\u0259b ola v\u0259 insanlar\u0131n h\u0259yat\u0131n\u0131 t\u0259hl\u00fck\u0259 alt\u0131na qoya bil\u0259r: <\/p>\n\n\n\n<blockquote class=\"wp-block-quote is-layout-flow wp-block-quote-is-layout-flow\"><p><em>\u201cO q\u0259d\u0259r d\u00f6zd\u00fck, bir h\u0259ft\u0259 d\u0259 d\u00f6z\u0259 bil\u0259rdik. Bel\u0259 is\u0259 h\u0259r \u015fey yenid\u0259n ba\u015flaya bil\u0259r\u201d.<\/em><\/p><\/blockquote>\n\n\n\n<p>Dig\u0259r qism\ninsanlar is\u0259 hesab edir ki, m\u0259hdudiyy\u0259tl\u0259r minl\u0259r\u0259 insanlar \u00fc\u00e7\u00fcn maliyy\u0259 \u00e7\u0259tinlikl\u0259ri\nyarad\u0131r v\u0259 imkan daxilind\u0259 onlar\u0131 aradan qald\u0131rmaq laz\u0131md\u0131r: <\/p>\n\n\n\n<blockquote class=\"wp-block-quote is-layout-flow wp-block-quote-is-layout-flow\"><p><em>\u201cHe\u00e7 bir f\u0259lak\u0259t ba\u015f verm\u0259y\u0259c\u0259k. B\u00fct\u00fcn m\u0259hdudiyy\u0259tl\u0259r m\u0259ntiq \u00e7\u0259r\u00e7iv\u0259sind\u0259 olmal\u0131d\u0131r. Hakimiyy\u0259t sad\u0259c\u0259 xalq\u0131 minib. N\u0259 vaxta q\u0259d\u0259r?\u201d<\/em> <\/p><\/blockquote>\n","protected":false},"excerpt":{"rendered":"<p>Komendant icaz\u0259 veril\u0259n f\u0259aliyy\u0259t sah\u0259l\u0259rinin siyah\u0131s\u0131n\u0131 geni\u015fl\u0259ndirib. Emal s\u0259nayesinin minl\u0259rl\u0259 \u0259m\u0259kda\u015f\u0131, in\u015faat\u00e7\u0131lar v\u0259 m\u00fch\u0259ndisl\u0259r i\u015f ba\u015f\u0131na qay\u0131d\u0131blar <\/p>\n","protected":false},"author":8,"featured_media":25524,"comment_status":"open","ping_status":"open","sticky":false,"template":"","format":"standard","meta":{"_acf_changed":false,"footnotes":""},"categories":[27,25,50],"tags":[33,84,54,138,139,140,55,141,142,143,144,2088,56,101,146,147,148,96,152,153,57,58,154,155,157,158],"formation":[],"post-author":[2888],"topic":[2002],"tooltip":[],"city":[6054],"class_list":["post-25568","post","type-post","status-publish","format-standard","has-post-thumbnail","hentry","category-ermnistan","category-cmiyyt","category-xbrlr","tag-ermnistan","tag-ermnistan-bu-gun","tag-ermnistan-cmiyyti","tag-ermnistan-trafinda-xbrlr","tag-ermnistan-hokumti","tag-ermnistan-xbrlri","tag-ermnistanda-hyat","tag-ermnistanda-n-bas-verir","tag-ermnistanda-vziyyt","tag-ermnistandan-hekaylr","tag-ermnistandan-xbrlr","tag-koronavirus","tag-post-sovet-ermnistani","tag-qafqaz","tag-qafqaz-bu-gun","tag-qafqaz-cmiyyti","tag-qafqaz-trafinda-xbrlr","tag-qafqaz-iqtisadiyyati","tag-qafqaz-xbrlri","tag-qafqazda-hyat","tag-qafqazda-siyast","tag-qafqazdaki-munaqislr","tag-qafqazin-tarixi","tag-rngli-qafqaz","tag-xbrlr","tag-yerevan","post-author-jamnews","topic-koronavirus","city-yerevan"],"acf":[],"yoast_head":"<!-- This site is optimized with the Yoast SEO plugin v24.1 - https:\/\/yoast.com\/wordpress\/plugins\/seo\/ -->\n<title>Erm\u0259nistanda koronavirusa g\u00f6r\u0259 f\u00f6vq\u0259lad\u0259 v\u0259ziyy\u0259t d\u00f6vr\u00fcnd\u0259 dayand\u0131r\u0131lan m\u00fc\u0259ssis\u0259l\u0259rin bir qismi i\u015fl\u0259m\u0259y\u0259 ba\u015flay\u0131b - JAMnews<\/title>\n<meta name=\"description\" content=\"Erm\u0259nistan\u0131n f\u00f6vq\u0259lad\u0259 v\u0259ziyy\u0259t komendantl\u0131\u011f\u0131 f\u0259aliyy\u0259t sah\u0259l\u0259rin\u0259 qoyulan m\u0259hdudiyy\u0259tl\u0259ri qism\u0259n yum\u015faltma\u011fa ba\u015flay\u0131b\" \/>\n<meta name=\"robots\" content=\"index, follow, max-snippet:-1, max-image-preview:large, max-video-preview:-1\" \/>\n<link rel=\"canonical\" href=\"https:\/\/jam-news.net\/az\/erm\u0259nistanda-koronavirusa-gor\u0259-fovq\u0259lad\u0259-v\u0259ziyy\u0259t-dovrund\u0259-dayandirilan-mu\u0259ssis\u0259l\u0259rin-bir-qismi-isl\u0259m\u0259y\u0259-baslayib\/\" \/>\n<meta property=\"og:locale\" content=\"az_AZ\" \/>\n<meta property=\"og:type\" content=\"article\" \/>\n<meta property=\"og:title\" content=\"Erm\u0259nistanda koronavirusa g\u00f6r\u0259 f\u00f6vq\u0259lad\u0259 v\u0259ziyy\u0259t d\u00f6vr\u00fcnd\u0259 dayand\u0131r\u0131lan m\u00fc\u0259ssis\u0259l\u0259rin bir qismi i\u015fl\u0259m\u0259y\u0259 ba\u015flay\u0131b - JAMnews\" \/>\n<meta property=\"og:description\" content=\"Erm\u0259nistan\u0131n f\u00f6vq\u0259lad\u0259 v\u0259ziyy\u0259t komendantl\u0131\u011f\u0131 f\u0259aliyy\u0259t sah\u0259l\u0259rin\u0259 qoyulan m\u0259hdudiyy\u0259tl\u0259ri qism\u0259n yum\u015faltma\u011fa ba\u015flay\u0131b\" \/>\n<meta property=\"og:url\" content=\"https:\/\/jam-news.net\/az\/erm\u0259nistanda-koronavirusa-gor\u0259-fovq\u0259lad\u0259-v\u0259ziyy\u0259t-dovrund\u0259-dayandirilan-mu\u0259ssis\u0259l\u0259rin-bir-qismi-isl\u0259m\u0259y\u0259-baslayib\/\" \/>\n<meta property=\"og:site_name\" content=\"Azerbaijani Jamnews\" \/>\n<meta property=\"article:publisher\" content=\"https:\/\/www.facebook.com\/JAMnewsInEnglish\/\" \/>\n<meta property=\"article:published_time\" content=\"2020-04-15T06:12:15+00:00\" \/>\n<meta property=\"article:modified_time\" content=\"2022-01-17T21:04:56+00:00\" \/>\n<meta property=\"og:image\" content=\"https:\/\/jam-news.net\/app\/uploads\/2020\/04\/imgonline-com-ua-Resize-K44VTxYMmeIYfT.jpg\" \/>\n\t<meta property=\"og:image:width\" content=\"1200\" \/>\n\t<meta property=\"og:image:height\" content=\"578\" \/>\n\t<meta property=\"og:image:type\" content=\"image\/jpeg\" \/>\n<meta name=\"author\" content=\"Naira Martikian\" \/>\n<meta name=\"twitter:card\" content=\"summary_large_image\" \/>\n<meta name=\"twitter:creator\" content=\"@JAMnewsCaucasus\" \/>\n<meta name=\"twitter:site\" content=\"@JAMnewsCaucasus\" \/>\n<meta name=\"twitter:label1\" content=\"Written by\" \/>\n\t<meta name=\"twitter:data1\" content=\"Naira Martikian\" \/>\n\t<meta name=\"twitter:label2\" content=\"Est. reading time\" \/>\n\t<meta name=\"twitter:data2\" content=\"4 minutes\" \/>\n<script type=\"application\/ld+json\" class=\"yoast-schema-graph\">{\"@context\":\"https:\/\/schema.org\",\"@graph\":[{\"@type\":\"Article\",\"@id\":\"https:\/\/jam-news.net\/az\/erm%c9%99nistanda-koronavirusa-gor%c9%99-fovq%c9%99lad%c9%99-v%c9%99ziyy%c9%99t-dovrund%c9%99-dayandirilan-mu%c9%99ssis%c9%99l%c9%99rin-bir-qismi-isl%c9%99m%c9%99y%c9%99-baslayib\/#article\",\"isPartOf\":{\"@id\":\"https:\/\/jam-news.net\/az\/erm%c9%99nistanda-koronavirusa-gor%c9%99-fovq%c9%99lad%c9%99-v%c9%99ziyy%c9%99t-dovrund%c9%99-dayandirilan-mu%c9%99ssis%c9%99l%c9%99rin-bir-qismi-isl%c9%99m%c9%99y%c9%99-baslayib\/\"},\"author\":{\"name\":\"Naira Martikian\",\"@id\":\"https:\/\/jam-news.net\/az\/#\/schema\/person\/e82f374df8fce3377c56e285e5c11387\"},\"headline\":\"Erm\u0259nistanda koronavirusa g\u00f6r\u0259 f\u00f6vq\u0259lad\u0259 v\u0259ziyy\u0259t d\u00f6vr\u00fcnd\u0259 dayand\u0131r\u0131lan m\u00fc\u0259ssis\u0259l\u0259rin bir qismi i\u015fl\u0259m\u0259y\u0259 ba\u015flay\u0131b\",\"datePublished\":\"2020-04-15T06:12:15+00:00\",\"dateModified\":\"2022-01-17T21:04:56+00:00\",\"mainEntityOfPage\":{\"@id\":\"https:\/\/jam-news.net\/az\/erm%c9%99nistanda-koronavirusa-gor%c9%99-fovq%c9%99lad%c9%99-v%c9%99ziyy%c9%99t-dovrund%c9%99-dayandirilan-mu%c9%99ssis%c9%99l%c9%99rin-bir-qismi-isl%c9%99m%c9%99y%c9%99-baslayib\/\"},\"wordCount\":865,\"commentCount\":0,\"publisher\":{\"@id\":\"https:\/\/jam-news.net\/az\/#organization\"},\"image\":{\"@id\":\"https:\/\/jam-news.net\/az\/erm%c9%99nistanda-koronavirusa-gor%c9%99-fovq%c9%99lad%c9%99-v%c9%99ziyy%c9%99t-dovrund%c9%99-dayandirilan-mu%c9%99ssis%c9%99l%c9%99rin-bir-qismi-isl%c9%99m%c9%99y%c9%99-baslayib\/#primaryimage\"},\"thumbnailUrl\":\"https:\/\/jam-news.net\/app\/uploads\/2020\/04\/imgonline-com-ua-Resize-K44VTxYMmeIYfT.jpg\",\"keywords\":[\"Erm\u0259nistan\",\"Erm\u0259nistan bu g\u00fcn\",\"Erm\u0259nistan c\u0259miyy\u0259ti\",\"Erm\u0259nistan \u0259traf\u0131nda x\u0259b\u0259rl\u0259r\",\"Erm\u0259nistan h\u00f6kum\u0259ti\",\"Erm\u0259nistan x\u0259b\u0259rl\u0259ri\",\"Erm\u0259nistanda h\u0259yat\",\"Erm\u0259nistanda n\u0259 ba\u015f verir\",\"Erm\u0259nistanda v\u0259ziyy\u0259t\",\"Erm\u0259nistandan hekay\u0259l\u0259r\",\"Erm\u0259nistandan x\u0259b\u0259rl\u0259r\",\"koronavirus\",\"post-sovet Erm\u0259nistan\u0131\",\"Qafqaz\",\"Qafqaz bu g\u00fcn\",\"Qafqaz c\u0259miyy\u0259ti\",\"Qafqaz \u0259traf\u0131nda x\u0259b\u0259rl\u0259r\",\"Qafqaz iqtisadiyyat\u0131\",\"Qafqaz x\u0259b\u0259rl\u0259ri\",\"Qafqazda h\u0259yat\",\"Qafqazda siyas\u0259t\",\"Qafqazdak\u0131 m\u00fcnaqi\u015f\u0259l\u0259r\",\"Qafqaz\u0131n tarixi\",\"r\u0259ngli Qafqaz\",\"X\u0259b\u0259rl\u0259r\",\"Yerevan\"],\"articleSection\":[\"Armenia\",\"Issues\",\"News\"],\"inLanguage\":\"az\"},{\"@type\":\"WebPage\",\"@id\":\"https:\/\/jam-news.net\/az\/erm%c9%99nistanda-koronavirusa-gor%c9%99-fovq%c9%99lad%c9%99-v%c9%99ziyy%c9%99t-dovrund%c9%99-dayandirilan-mu%c9%99ssis%c9%99l%c9%99rin-bir-qismi-isl%c9%99m%c9%99y%c9%99-baslayib\/\",\"url\":\"https:\/\/jam-news.net\/az\/erm%c9%99nistanda-koronavirusa-gor%c9%99-fovq%c9%99lad%c9%99-v%c9%99ziyy%c9%99t-dovrund%c9%99-dayandirilan-mu%c9%99ssis%c9%99l%c9%99rin-bir-qismi-isl%c9%99m%c9%99y%c9%99-baslayib\/\",\"name\":\"Erm\u0259nistanda koronavirusa g\u00f6r\u0259 f\u00f6vq\u0259lad\u0259 v\u0259ziyy\u0259t d\u00f6vr\u00fcnd\u0259 dayand\u0131r\u0131lan m\u00fc\u0259ssis\u0259l\u0259rin bir qismi i\u015fl\u0259m\u0259y\u0259 ba\u015flay\u0131b - JAMnews\",\"isPartOf\":{\"@id\":\"https:\/\/jam-news.net\/az\/#website\"},\"primaryImageOfPage\":{\"@id\":\"https:\/\/jam-news.net\/az\/erm%c9%99nistanda-koronavirusa-gor%c9%99-fovq%c9%99lad%c9%99-v%c9%99ziyy%c9%99t-dovrund%c9%99-dayandirilan-mu%c9%99ssis%c9%99l%c9%99rin-bir-qismi-isl%c9%99m%c9%99y%c9%99-baslayib\/#primaryimage\"},\"image\":{\"@id\":\"https:\/\/jam-news.net\/az\/erm%c9%99nistanda-koronavirusa-gor%c9%99-fovq%c9%99lad%c9%99-v%c9%99ziyy%c9%99t-dovrund%c9%99-dayandirilan-mu%c9%99ssis%c9%99l%c9%99rin-bir-qismi-isl%c9%99m%c9%99y%c9%99-baslayib\/#primaryimage\"},\"thumbnailUrl\":\"https:\/\/jam-news.net\/app\/uploads\/2020\/04\/imgonline-com-ua-Resize-K44VTxYMmeIYfT.jpg\",\"datePublished\":\"2020-04-15T06:12:15+00:00\",\"dateModified\":\"2022-01-17T21:04:56+00:00\",\"description\":\"Erm\u0259nistan\u0131n f\u00f6vq\u0259lad\u0259 v\u0259ziyy\u0259t komendantl\u0131\u011f\u0131 f\u0259aliyy\u0259t sah\u0259l\u0259rin\u0259 qoyulan m\u0259hdudiyy\u0259tl\u0259ri qism\u0259n yum\u015faltma\u011fa ba\u015flay\u0131b\",\"breadcrumb\":{\"@id\":\"https:\/\/jam-news.net\/az\/erm%c9%99nistanda-koronavirusa-gor%c9%99-fovq%c9%99lad%c9%99-v%c9%99ziyy%c9%99t-dovrund%c9%99-dayandirilan-mu%c9%99ssis%c9%99l%c9%99rin-bir-qismi-isl%c9%99m%c9%99y%c9%99-baslayib\/#breadcrumb\"},\"inLanguage\":\"az\",\"potentialAction\":[{\"@type\":\"ReadAction\",\"target\":[\"https:\/\/jam-news.net\/az\/erm%c9%99nistanda-koronavirusa-gor%c9%99-fovq%c9%99lad%c9%99-v%c9%99ziyy%c9%99t-dovrund%c9%99-dayandirilan-mu%c9%99ssis%c9%99l%c9%99rin-bir-qismi-isl%c9%99m%c9%99y%c9%99-baslayib\/\"]}]},{\"@type\":\"ImageObject\",\"inLanguage\":\"az\",\"@id\":\"https:\/\/jam-news.net\/az\/erm%c9%99nistanda-koronavirusa-gor%c9%99-fovq%c9%99lad%c9%99-v%c9%99ziyy%c9%99t-dovrund%c9%99-dayandirilan-mu%c9%99ssis%c9%99l%c9%99rin-bir-qismi-isl%c9%99m%c9%99y%c9%99-baslayib\/#primaryimage\",\"url\":\"https:\/\/jam-news.net\/app\/uploads\/2020\/04\/imgonline-com-ua-Resize-K44VTxYMmeIYfT.jpg\",\"contentUrl\":\"https:\/\/jam-news.net\/app\/uploads\/2020\/04\/imgonline-com-ua-Resize-K44VTxYMmeIYfT.jpg\",\"width\":1200,\"height\":578},{\"@type\":\"BreadcrumbList\",\"@id\":\"https:\/\/jam-news.net\/az\/erm%c9%99nistanda-koronavirusa-gor%c9%99-fovq%c9%99lad%c9%99-v%c9%99ziyy%c9%99t-dovrund%c9%99-dayandirilan-mu%c9%99ssis%c9%99l%c9%99rin-bir-qismi-isl%c9%99m%c9%99y%c9%99-baslayib\/#breadcrumb\",\"itemListElement\":[{\"@type\":\"ListItem\",\"position\":1,\"name\":\"Home\",\"item\":\"https:\/\/jam-news.net\/az\/\"},{\"@type\":\"ListItem\",\"position\":2,\"name\":\"Erm\u0259nistanda koronavirusa g\u00f6r\u0259 f\u00f6vq\u0259lad\u0259 v\u0259ziyy\u0259t d\u00f6vr\u00fcnd\u0259 dayand\u0131r\u0131lan m\u00fc\u0259ssis\u0259l\u0259rin bir qismi i\u015fl\u0259m\u0259y\u0259 ba\u015flay\u0131b\"}]},{\"@type\":\"WebSite\",\"@id\":\"https:\/\/jam-news.net\/az\/#website\",\"url\":\"https:\/\/jam-news.net\/az\/\",\"name\":\"Azerbaijani Jamnews\",\"description\":\"Caucasus News, Politics and Society\",\"publisher\":{\"@id\":\"https:\/\/jam-news.net\/az\/#organization\"},\"potentialAction\":[{\"@type\":\"SearchAction\",\"target\":{\"@type\":\"EntryPoint\",\"urlTemplate\":\"https:\/\/jam-news.net\/az\/?s={search_term_string}\"},\"query-input\":{\"@type\":\"PropertyValueSpecification\",\"valueRequired\":true,\"valueName\":\"search_term_string\"}}],\"inLanguage\":\"az\"},{\"@type\":\"Organization\",\"@id\":\"https:\/\/jam-news.net\/az\/#organization\",\"name\":\"JAMnews\",\"url\":\"https:\/\/jam-news.net\/az\/\",\"logo\":{\"@type\":\"ImageObject\",\"inLanguage\":\"az\",\"@id\":\"https:\/\/jam-news.net\/az\/#\/schema\/logo\/image\/\",\"url\":\"https:\/\/jam-news.net\/app\/uploads\/2020\/05\/JAM_w.jpg\",\"contentUrl\":\"https:\/\/jam-news.net\/app\/uploads\/2020\/05\/JAM_w.jpg\",\"width\":960,\"height\":960,\"caption\":\"JAMnews\"},\"image\":{\"@id\":\"https:\/\/jam-news.net\/az\/#\/schema\/logo\/image\/\"},\"sameAs\":[\"https:\/\/www.facebook.com\/JAMnewsInEnglish\/\",\"https:\/\/x.com\/JAMnewsCaucasus\",\"https:\/\/www.instagram.com\/jam_news\/\",\"https:\/\/www.youtube.com\/channel\/UCXQbUCme2pykuZYXWHx4VPg\"]},{\"@type\":\"Person\",\"@id\":\"https:\/\/jam-news.net\/az\/#\/schema\/person\/e82f374df8fce3377c56e285e5c11387\",\"name\":\"Naira Martikian\",\"image\":{\"@type\":\"ImageObject\",\"inLanguage\":\"az\",\"@id\":\"https:\/\/jam-news.net\/az\/#\/schema\/person\/image\/\",\"url\":\"https:\/\/secure.gravatar.com\/avatar\/0696bcd343e46256c029b752a654bade?s=96&d=mm&r=g\",\"contentUrl\":\"https:\/\/secure.gravatar.com\/avatar\/0696bcd343e46256c029b752a654bade?s=96&d=mm&r=g\",\"caption\":\"Naira Martikian\"},\"url\":\"https:\/\/jam-news.net\/az\/author\/nairama\/\"}]}<\/script>\n<!-- \/ Yoast SEO plugin. -->","yoast_head_json":{"title":"Erm\u0259nistanda koronavirusa g\u00f6r\u0259 f\u00f6vq\u0259lad\u0259 v\u0259ziyy\u0259t d\u00f6vr\u00fcnd\u0259 dayand\u0131r\u0131lan m\u00fc\u0259ssis\u0259l\u0259rin bir qismi i\u015fl\u0259m\u0259y\u0259 ba\u015flay\u0131b - JAMnews","description":"Erm\u0259nistan\u0131n f\u00f6vq\u0259lad\u0259 v\u0259ziyy\u0259t komendantl\u0131\u011f\u0131 f\u0259aliyy\u0259t sah\u0259l\u0259rin\u0259 qoyulan m\u0259hdudiyy\u0259tl\u0259ri qism\u0259n yum\u015faltma\u011fa ba\u015flay\u0131b","robots":{"index":"index","follow":"follow","max-snippet":"max-snippet:-1","max-image-preview":"max-image-preview:large","max-video-preview":"max-video-preview:-1"},"canonical":"https:\/\/jam-news.net\/az\/erm\u0259nistanda-koronavirusa-gor\u0259-fovq\u0259lad\u0259-v\u0259ziyy\u0259t-dovrund\u0259-dayandirilan-mu\u0259ssis\u0259l\u0259rin-bir-qismi-isl\u0259m\u0259y\u0259-baslayib\/","og_locale":"az_AZ","og_type":"article","og_title":"Erm\u0259nistanda koronavirusa g\u00f6r\u0259 f\u00f6vq\u0259lad\u0259 v\u0259ziyy\u0259t d\u00f6vr\u00fcnd\u0259 dayand\u0131r\u0131lan m\u00fc\u0259ssis\u0259l\u0259rin bir qismi i\u015fl\u0259m\u0259y\u0259 ba\u015flay\u0131b - JAMnews","og_description":"Erm\u0259nistan\u0131n f\u00f6vq\u0259lad\u0259 v\u0259ziyy\u0259t komendantl\u0131\u011f\u0131 f\u0259aliyy\u0259t sah\u0259l\u0259rin\u0259 qoyulan m\u0259hdudiyy\u0259tl\u0259ri qism\u0259n yum\u015faltma\u011fa ba\u015flay\u0131b","og_url":"https:\/\/jam-news.net\/az\/erm\u0259nistanda-koronavirusa-gor\u0259-fovq\u0259lad\u0259-v\u0259ziyy\u0259t-dovrund\u0259-dayandirilan-mu\u0259ssis\u0259l\u0259rin-bir-qismi-isl\u0259m\u0259y\u0259-baslayib\/","og_site_name":"Azerbaijani Jamnews","article_publisher":"https:\/\/www.facebook.com\/JAMnewsInEnglish\/","article_published_time":"2020-04-15T06:12:15+00:00","article_modified_time":"2022-01-17T21:04:56+00:00","og_image":[{"width":1200,"height":578,"url":"https:\/\/jam-news.net\/app\/uploads\/2020\/04\/imgonline-com-ua-Resize-K44VTxYMmeIYfT.jpg","type":"image\/jpeg"}],"author":"Naira Martikian","twitter_card":"summary_large_image","twitter_creator":"@JAMnewsCaucasus","twitter_site":"@JAMnewsCaucasus","twitter_misc":{"Written by":"Naira Martikian","Est. reading time":"4 minutes"},"schema":{"@context":"https:\/\/schema.org","@graph":[{"@type":"Article","@id":"https:\/\/jam-news.net\/az\/erm%c9%99nistanda-koronavirusa-gor%c9%99-fovq%c9%99lad%c9%99-v%c9%99ziyy%c9%99t-dovrund%c9%99-dayandirilan-mu%c9%99ssis%c9%99l%c9%99rin-bir-qismi-isl%c9%99m%c9%99y%c9%99-baslayib\/#article","isPartOf":{"@id":"https:\/\/jam-news.net\/az\/erm%c9%99nistanda-koronavirusa-gor%c9%99-fovq%c9%99lad%c9%99-v%c9%99ziyy%c9%99t-dovrund%c9%99-dayandirilan-mu%c9%99ssis%c9%99l%c9%99rin-bir-qismi-isl%c9%99m%c9%99y%c9%99-baslayib\/"},"author":{"name":"Naira Martikian","@id":"https:\/\/jam-news.net\/az\/#\/schema\/person\/e82f374df8fce3377c56e285e5c11387"},"headline":"Erm\u0259nistanda koronavirusa g\u00f6r\u0259 f\u00f6vq\u0259lad\u0259 v\u0259ziyy\u0259t d\u00f6vr\u00fcnd\u0259 dayand\u0131r\u0131lan m\u00fc\u0259ssis\u0259l\u0259rin bir qismi i\u015fl\u0259m\u0259y\u0259 ba\u015flay\u0131b","datePublished":"2020-04-15T06:12:15+00:00","dateModified":"2022-01-17T21:04:56+00:00","mainEntityOfPage":{"@id":"https:\/\/jam-news.net\/az\/erm%c9%99nistanda-koronavirusa-gor%c9%99-fovq%c9%99lad%c9%99-v%c9%99ziyy%c9%99t-dovrund%c9%99-dayandirilan-mu%c9%99ssis%c9%99l%c9%99rin-bir-qismi-isl%c9%99m%c9%99y%c9%99-baslayib\/"},"wordCount":865,"commentCount":0,"publisher":{"@id":"https:\/\/jam-news.net\/az\/#organization"},"image":{"@id":"https:\/\/jam-news.net\/az\/erm%c9%99nistanda-koronavirusa-gor%c9%99-fovq%c9%99lad%c9%99-v%c9%99ziyy%c9%99t-dovrund%c9%99-dayandirilan-mu%c9%99ssis%c9%99l%c9%99rin-bir-qismi-isl%c9%99m%c9%99y%c9%99-baslayib\/#primaryimage"},"thumbnailUrl":"https:\/\/jam-news.net\/app\/uploads\/2020\/04\/imgonline-com-ua-Resize-K44VTxYMmeIYfT.jpg","keywords":["Erm\u0259nistan","Erm\u0259nistan bu g\u00fcn","Erm\u0259nistan c\u0259miyy\u0259ti","Erm\u0259nistan \u0259traf\u0131nda x\u0259b\u0259rl\u0259r","Erm\u0259nistan h\u00f6kum\u0259ti","Erm\u0259nistan x\u0259b\u0259rl\u0259ri","Erm\u0259nistanda h\u0259yat","Erm\u0259nistanda n\u0259 ba\u015f verir","Erm\u0259nistanda v\u0259ziyy\u0259t","Erm\u0259nistandan hekay\u0259l\u0259r","Erm\u0259nistandan x\u0259b\u0259rl\u0259r","koronavirus","post-sovet Erm\u0259nistan\u0131","Qafqaz","Qafqaz bu g\u00fcn","Qafqaz c\u0259miyy\u0259ti","Qafqaz \u0259traf\u0131nda x\u0259b\u0259rl\u0259r","Qafqaz iqtisadiyyat\u0131","Qafqaz x\u0259b\u0259rl\u0259ri","Qafqazda h\u0259yat","Qafqazda siyas\u0259t","Qafqazdak\u0131 m\u00fcnaqi\u015f\u0259l\u0259r","Qafqaz\u0131n tarixi","r\u0259ngli Qafqaz","X\u0259b\u0259rl\u0259r","Yerevan"],"articleSection":["Armenia","Issues","News"],"inLanguage":"az"},{"@type":"WebPage","@id":"https:\/\/jam-news.net\/az\/erm%c9%99nistanda-koronavirusa-gor%c9%99-fovq%c9%99lad%c9%99-v%c9%99ziyy%c9%99t-dovrund%c9%99-dayandirilan-mu%c9%99ssis%c9%99l%c9%99rin-bir-qismi-isl%c9%99m%c9%99y%c9%99-baslayib\/","url":"https:\/\/jam-news.net\/az\/erm%c9%99nistanda-koronavirusa-gor%c9%99-fovq%c9%99lad%c9%99-v%c9%99ziyy%c9%99t-dovrund%c9%99-dayandirilan-mu%c9%99ssis%c9%99l%c9%99rin-bir-qismi-isl%c9%99m%c9%99y%c9%99-baslayib\/","name":"Erm\u0259nistanda koronavirusa g\u00f6r\u0259 f\u00f6vq\u0259lad\u0259 v\u0259ziyy\u0259t d\u00f6vr\u00fcnd\u0259 dayand\u0131r\u0131lan m\u00fc\u0259ssis\u0259l\u0259rin bir qismi i\u015fl\u0259m\u0259y\u0259 ba\u015flay\u0131b - JAMnews","isPartOf":{"@id":"https:\/\/jam-news.net\/az\/#website"},"primaryImageOfPage":{"@id":"https:\/\/jam-news.net\/az\/erm%c9%99nistanda-koronavirusa-gor%c9%99-fovq%c9%99lad%c9%99-v%c9%99ziyy%c9%99t-dovrund%c9%99-dayandirilan-mu%c9%99ssis%c9%99l%c9%99rin-bir-qismi-isl%c9%99m%c9%99y%c9%99-baslayib\/#primaryimage"},"image":{"@id":"https:\/\/jam-news.net\/az\/erm%c9%99nistanda-koronavirusa-gor%c9%99-fovq%c9%99lad%c9%99-v%c9%99ziyy%c9%99t-dovrund%c9%99-dayandirilan-mu%c9%99ssis%c9%99l%c9%99rin-bir-qismi-isl%c9%99m%c9%99y%c9%99-baslayib\/#primaryimage"},"thumbnailUrl":"https:\/\/jam-news.net\/app\/uploads\/2020\/04\/imgonline-com-ua-Resize-K44VTxYMmeIYfT.jpg","datePublished":"2020-04-15T06:12:15+00:00","dateModified":"2022-01-17T21:04:56+00:00","description":"Erm\u0259nistan\u0131n f\u00f6vq\u0259lad\u0259 v\u0259ziyy\u0259t komendantl\u0131\u011f\u0131 f\u0259aliyy\u0259t sah\u0259l\u0259rin\u0259 qoyulan m\u0259hdudiyy\u0259tl\u0259ri qism\u0259n yum\u015faltma\u011fa ba\u015flay\u0131b","breadcrumb":{"@id":"https:\/\/jam-news.net\/az\/erm%c9%99nistanda-koronavirusa-gor%c9%99-fovq%c9%99lad%c9%99-v%c9%99ziyy%c9%99t-dovrund%c9%99-dayandirilan-mu%c9%99ssis%c9%99l%c9%99rin-bir-qismi-isl%c9%99m%c9%99y%c9%99-baslayib\/#breadcrumb"},"inLanguage":"az","potentialAction":[{"@type":"ReadAction","target":["https:\/\/jam-news.net\/az\/erm%c9%99nistanda-koronavirusa-gor%c9%99-fovq%c9%99lad%c9%99-v%c9%99ziyy%c9%99t-dovrund%c9%99-dayandirilan-mu%c9%99ssis%c9%99l%c9%99rin-bir-qismi-isl%c9%99m%c9%99y%c9%99-baslayib\/"]}]},{"@type":"ImageObject","inLanguage":"az","@id":"https:\/\/jam-news.net\/az\/erm%c9%99nistanda-koronavirusa-gor%c9%99-fovq%c9%99lad%c9%99-v%c9%99ziyy%c9%99t-dovrund%c9%99-dayandirilan-mu%c9%99ssis%c9%99l%c9%99rin-bir-qismi-isl%c9%99m%c9%99y%c9%99-baslayib\/#primaryimage","url":"https:\/\/jam-news.net\/app\/uploads\/2020\/04\/imgonline-com-ua-Resize-K44VTxYMmeIYfT.jpg","contentUrl":"https:\/\/jam-news.net\/app\/uploads\/2020\/04\/imgonline-com-ua-Resize-K44VTxYMmeIYfT.jpg","width":1200,"height":578},{"@type":"BreadcrumbList","@id":"https:\/\/jam-news.net\/az\/erm%c9%99nistanda-koronavirusa-gor%c9%99-fovq%c9%99lad%c9%99-v%c9%99ziyy%c9%99t-dovrund%c9%99-dayandirilan-mu%c9%99ssis%c9%99l%c9%99rin-bir-qismi-isl%c9%99m%c9%99y%c9%99-baslayib\/#breadcrumb","itemListElement":[{"@type":"ListItem","position":1,"name":"Home","item":"https:\/\/jam-news.net\/az\/"},{"@type":"ListItem","position":2,"name":"Erm\u0259nistanda koronavirusa g\u00f6r\u0259 f\u00f6vq\u0259lad\u0259 v\u0259ziyy\u0259t d\u00f6vr\u00fcnd\u0259 dayand\u0131r\u0131lan m\u00fc\u0259ssis\u0259l\u0259rin bir qismi i\u015fl\u0259m\u0259y\u0259 ba\u015flay\u0131b"}]},{"@type":"WebSite","@id":"https:\/\/jam-news.net\/az\/#website","url":"https:\/\/jam-news.net\/az\/","name":"Azerbaijani Jamnews","description":"Caucasus News, Politics and Society","publisher":{"@id":"https:\/\/jam-news.net\/az\/#organization"},"potentialAction":[{"@type":"SearchAction","target":{"@type":"EntryPoint","urlTemplate":"https:\/\/jam-news.net\/az\/?s={search_term_string}"},"query-input":{"@type":"PropertyValueSpecification","valueRequired":true,"valueName":"search_term_string"}}],"inLanguage":"az"},{"@type":"Organization","@id":"https:\/\/jam-news.net\/az\/#organization","name":"JAMnews","url":"https:\/\/jam-news.net\/az\/","logo":{"@type":"ImageObject","inLanguage":"az","@id":"https:\/\/jam-news.net\/az\/#\/schema\/logo\/image\/","url":"https:\/\/jam-news.net\/app\/uploads\/2020\/05\/JAM_w.jpg","contentUrl":"https:\/\/jam-news.net\/app\/uploads\/2020\/05\/JAM_w.jpg","width":960,"height":960,"caption":"JAMnews"},"image":{"@id":"https:\/\/jam-news.net\/az\/#\/schema\/logo\/image\/"},"sameAs":["https:\/\/www.facebook.com\/JAMnewsInEnglish\/","https:\/\/x.com\/JAMnewsCaucasus","https:\/\/www.instagram.com\/jam_news\/","https:\/\/www.youtube.com\/channel\/UCXQbUCme2pykuZYXWHx4VPg"]},{"@type":"Person","@id":"https:\/\/jam-news.net\/az\/#\/schema\/person\/e82f374df8fce3377c56e285e5c11387","name":"Naira Martikian","image":{"@type":"ImageObject","inLanguage":"az","@id":"https:\/\/jam-news.net\/az\/#\/schema\/person\/image\/","url":"https:\/\/secure.gravatar.com\/avatar\/0696bcd343e46256c029b752a654bade?s=96&d=mm&r=g","contentUrl":"https:\/\/secure.gravatar.com\/avatar\/0696bcd343e46256c029b752a654bade?s=96&d=mm&r=g","caption":"Naira Martikian"},"url":"https:\/\/jam-news.net\/az\/author\/nairama\/"}]}},"_links":{"self":[{"href":"https:\/\/jam-news.net\/az\/wp-json\/wp\/v2\/posts\/25568","targetHints":{"allow":["GET"]}}],"collection":[{"href":"https:\/\/jam-news.net\/az\/wp-json\/wp\/v2\/posts"}],"about":[{"href":"https:\/\/jam-news.net\/az\/wp-json\/wp\/v2\/types\/post"}],"author":[{"embeddable":true,"href":"https:\/\/jam-news.net\/az\/wp-json\/wp\/v2\/users\/8"}],"replies":[{"embeddable":true,"href":"https:\/\/jam-news.net\/az\/wp-json\/wp\/v2\/comments?post=25568"}],"version-history":[{"count":3,"href":"https:\/\/jam-news.net\/az\/wp-json\/wp\/v2\/posts\/25568\/revisions"}],"predecessor-version":[{"id":25572,"href":"https:\/\/jam-news.net\/az\/wp-json\/wp\/v2\/posts\/25568\/revisions\/25572"}],"wp:featuredmedia":[{"embeddable":true,"href":"https:\/\/jam-news.net\/az\/wp-json\/wp\/v2\/media\/25524"}],"wp:attachment":[{"href":"https:\/\/jam-news.net\/az\/wp-json\/wp\/v2\/media?parent=25568"}],"wp:term":[{"taxonomy":"category","embeddable":true,"href":"https:\/\/jam-news.net\/az\/wp-json\/wp\/v2\/categories?post=25568"},{"taxonomy":"post_tag","embeddable":true,"href":"https:\/\/jam-news.net\/az\/wp-json\/wp\/v2\/tags?post=25568"},{"taxonomy":"formation","embeddable":true,"href":"https:\/\/jam-news.net\/az\/wp-json\/wp\/v2\/formation?post=25568"},{"taxonomy":"post-author","embeddable":true,"href":"https:\/\/jam-news.net\/az\/wp-json\/wp\/v2\/post-author?post=25568"},{"taxonomy":"topic","embeddable":true,"href":"https:\/\/jam-news.net\/az\/wp-json\/wp\/v2\/topic?post=25568"},{"taxonomy":"tooltip","embeddable":true,"href":"https:\/\/jam-news.net\/az\/wp-json\/wp\/v2\/tooltip?post=25568"},{"taxonomy":"city","embeddable":true,"href":"https:\/\/jam-news.net\/az\/wp-json\/wp\/v2\/city?post=25568"}],"curies":[{"name":"wp","href":"https:\/\/api.w.org\/{rel}","templated":true}]}}