{"id":12718,"date":"2020-01-03T00:00:00","date_gmt":"2020-01-03T00:00:00","guid":{"rendered":"http:\/\/jam-news.net\/az\/2010-2019-fotolarda-21-ci-%c9%99srin-ikinci-onilliyi-nec%c9%99-kecib\/"},"modified":"2020-03-18T12:49:18","modified_gmt":"2020-03-18T12:49:18","slug":"2010-2019-fotolarda-21-ci-%c9%99srin-ikinci-onilliyi-nec%c9%99-kecib","status":"publish","type":"post","link":"https:\/\/jam-news.net\/az\/2010-2019-fotolarda-21-ci-%c9%99srin-ikinci-onilliyi-nec%c9%99-kecib\/","title":{"rendered":"2010-2019 fotolarda \u2013 21-ci \u0259srin ikinci onilliyi nec\u0259 ke\u00e7ib?"},"content":{"rendered":"<p><span style=\"font-weight: 400;\">21-ci \u0259srin ikinci onilliyi f\u0259lak\u0259tl\u0259 ba\u015flay\u0131b \u2013 2019-cu il yanvar\u0131n 12-d\u0259 Haitid\u0259 f\u0259sadlar\u0131n\u0131n miqyas\u0131na g\u00f6r\u0259 qorxunc z\u0259lz\u0259l\u0259 ba\u015f verib. R\u0259smi m\u0259lumata \u0259sas\u0259n, 222, 570 n\u0259f\u0259r h\u0259lak olub, 311 min n\u0259f\u0259r yaralan\u0131b, \u00e7oxlar\u0131 \u00f6m\u00fcrl\u00fck \u015fik\u0259st qal\u0131b.<\/span><\/p>\n<p><span style=\"font-weight: 400;\">B\u0259\u015f\u0259riyy\u0259t 2020-ci il\u0259 do\u011fru bir ne\u00e7\u0259 beyn\u0259lxalq b\u00f6hran v\u0259 bir ne\u00e7\u0259 \u00f6lk\u0259d\u0259 geni\u015fmiqyasl\u0131 siyasi m\u00fcnaqi\u015f\u0259d\u0259n ke\u00e7\u0259r\u0259k g\u0259lib. Qa\u00e7q\u0131nlar\u0131n say\u0131 milyon n\u0259f\u0259r art\u0131b. H\u0259m\u00e7inin bir ne\u00e7\u0259 t\u0259bii f\u0259lak\u0259t d\u0259 va\u015f verib v\u0259 bu g\u00fcn aliml\u0259r art\u0131q b\u0259\u015f\u0259riyy\u0259tin planetin geriy\u0259 d\u00f6n\u00fc\u015f\u00fc olmayan isinm\u0259si il\u0259 \u00fcz-\u00fcz\u0259 qalmas\u0131n\u0131n g\u00f6st\u0259ricil\u0259rini qeyd edirl\u0259r.<\/span><\/p>\n<p><b>\u0130kinci onilliyin hekay\u0259si q\u0131saca \u2013 \u201cReuters\u201din fotolar\u0131 il\u0259.<\/b><\/p>\n<h1 style=\"text-align: center;\"><strong><span style=\"color: #ff0000;\">2010<\/span><\/strong><\/h1>\n<p><img loading=\"lazy\" decoding=\"async\" class=\"aligncenter wp-image-215930 size-full\" src=\"http:\/\/jam-news.net\/app\/uploads\/2020\/01\/Screen-Shot-2020-01-02-at-14.57.17.png\" alt=\"\u0421\u043f\u0430\u0441\u0430\u0442\u0435\u043b\u0438 \u0432\u044b\u0442\u0430\u0449\u0438\u043b\u0438 \u0438\u0437-\u043f\u043e\u0434 \u0437\u0430\u0432\u0430\u043b\u043e\u0432 \u0436\u0438\u0432\u043e\u0433\u043e \u0440\u0435\u0431\u0435\u043d\u043a\u0430. 14 \u044f\u043d\u0432\u0430\u0440\u044f 2010. \u0424\u043e\u0442\u043e Reuters\" width=\"1200\" height=\"705\" \/><\/p>\n<p><strong><b>Haitid\u0259 2010-cu i yanvar\u0131n 12-d\u0259 ba\u015f ver\u0259n da\u011f\u0131d\u0131c\u0131 z\u0259lz\u0259l\u0259. <\/b><span style=\"font-weight: 400;\">Fotoda Port-o-Prensd\u0259 xilasedicil\u0259r u\u015fa\u011f\u0131 da\u011f\u0131nt\u0131lar alt\u0131ndan sa\u011f \u00e7\u0131xar\u0131r.<\/span><\/strong><\/p>\n<p><img loading=\"lazy\" decoding=\"async\" class=\"alignleft wp-image-215935\" src=\"http:\/\/jam-news.net\/app\/uploads\/2020\/01\/RTX7BK2R-300x185.jpg\" alt=\"15-\u043b\u0435\u0442\u043d\u044e\u044e \u0424\u0430\u0431\u0438\u0430\u043d\u043d\u0443 \u0413\u0435\u0439\u0441\u043c\u0430\u0440 \u0437\u0430\u0441\u0442\u0440\u0435\u043b\u0438\u043b\u0430 \u043f\u043e\u043b\u0438\u0446\u0438\u044f, \u043a\u043e\u0433\u0434\u0430 \u043e\u043d\u0430 \u0432 \u0447\u0438\u0441\u043b\u0435 \u0442\u044b\u0441\u044f\u0447 \u0434\u0440\u0443\u0433\u0438\u0445 \u043c\u0430\u0440\u043e\u0434\u0435\u0440\u043e\u0432 \u0433\u0440\u0430\u0431\u0438\u043b\u0430 \u043c\u0430\u0433\u0430\u0437\u0438\u043d\u044b \u0432 \u041f\u043e\u0440\u0442-\u043e-\u041f\u0440\u0435\u043d\u0441\u0435 \u043d\u0430 \u0413\u0430\u0438\u0442\u0438. \u041e\u043d\u0430 \u0432\u044b\u043d\u043e\u0441\u0438\u043b\u0430 \u043a\u043e\u0432\u0440\u044b \u0432 \u043c\u043e\u043c\u0435\u043d\u0442, \u043a\u043e\u0433\u0434\u0430 \u0435\u0435 \u043d\u0430\u0441\u0442\u0438\u0433\u043b\u0430 \u043f\u043e\u043b\u0438\u0446\u0438\u044f. 19 \u044f\u043d\u0432\u0430\u0440\u044f, 2010.\u00a0REUTERS\/Carlos Garcia Rawlins\" width=\"600\" height=\"370\" \/><\/p>\n<p>&nbsp;<\/p>\n<p><span style=\"font-weight: 400;\">15 ya\u015fl\u0131 Fabianna Qeysmar dig\u0259r qar\u0259t\u00e7il\u0259rl\u0259 birlikd\u0259 Haitid\u0259 Port-o-Prense ma\u011fazalar\u0131n\u0131 qar\u0259t etdiyi zaman polis t\u0259r\u0259find\u0259n g\u00fcll\u0259l\u0259nib. 19 yanvar, 2010.\u00a0REUTERS\/Carlos Garcia Rawlins<\/span><\/p>\n<p>&nbsp;<\/p>\n<p>&nbsp;<\/p>\n<p>&nbsp;<\/p>\n<p>&nbsp;<\/p>\n<p>&nbsp;<\/p>\n<h1 style=\"text-align: center;\"><strong><span style=\"color: #ff0000;\">2011<\/span><\/strong><\/h1>\n<p><img loading=\"lazy\" decoding=\"async\" class=\"aligncenter wp-image-215941 size-full\" src=\"http:\/\/jam-news.net\/app\/uploads\/2020\/01\/RTX7BK0E.jpg\" alt=\"\u0412\u043e\u043b\u043d\u0430 \u043e\u0442 \u0446\u0443\u043d\u0430\u043c\u0438 \u043e\u0431\u0440\u0443\u0448\u0438\u0432\u0430\u0435\u0442\u0441\u044f \u043d\u0430 \u0433\u043e\u0440\u043e\u0434 \u041c\u0438\u044f\u043a\u043e \u043d\u0430 \u0441\u0435\u0432\u0435\u0440\u043e-\u0432\u043e\u0441\u0442\u043e\u043a\u0435 \u042f\u043f\u043e\u043d\u0438\u0438 \u043f\u043e\u0441\u043b\u0435 \u0437\u0435\u043c\u043b\u0435\u0442\u0440\u044f\u0441\u0435\u043d\u0438\u044f \u0441\u0438\u043b\u043e\u0439 8,9 \u0431\u0430\u043b\u043b\u0430. 11 \u043c\u0430\u0440\u0442\u0430 2011 \u0433\u043e\u0434\u0430.\" width=\"1200\" height=\"797\" \/><\/p>\n<p><span style=\"font-weight: 400;\">Yaponiyan\u0131n \u015fimal-\u015f\u0259rqind\u0259 8,9 ball\u0131q z\u0259lz\u0259l\u0259d\u0259n sonra Miyako \u015f\u0259h\u0259ri \u00fcz\u0259rini<\/span><b> sunami dal\u011fas\u0131 <\/b><span style=\"font-weight: 400;\">al\u0131r. 2011-ci il 11 mart.<\/span><\/p>\n<p><span style=\"font-weight: 400;\">Bu, Yaponiyada indiy\u0259 q\u0259d\u0259r qeyd\u0259 al\u0131nan \u0259n g\u00fccl\u00fc z\u0259lz\u0259l\u0259, 1900-c\u00fc ild\u0259 qeydiyyat ba\u015flayan andan b\u00fct\u00fcn d\u00fcnyada ba\u015f ver\u0259n z\u0259lz\u0259l\u0259l\u0259rin aras\u0131nda is\u0259 g\u00fcc\u00fcn\u0259 g\u00f6r\u0259 d\u00f6rd\u00fcnc\u00fc olub. R\u0259smi m\u0259lumata \u0259sas\u0259n, 15,899 n\u0259f\u0259r h\u0259lak olub, 6,157 n\u0259f\u0259r yaralan\u0131b. Daha 2,529 n\u0259f\u0259ri is\u0259 \u00fcmumiyy\u0259tl\u0259 tapmaq m\u00fcmk\u00fcn olmay\u0131b.\u00a0REUTERS\/Mainichi Shimbun<\/span><\/p>\n<p><div class=\"su-divider su-divider-style-default\" style=\"margin:15px 0;border-width:3px;border-color:#999999\"><a href=\"#\" style=\"color:#999999\">Go to top<\/a><\/div> <\/p>\n<p><img loading=\"lazy\" decoding=\"async\" class=\"alignleft wp-image-215947\" src=\"http:\/\/jam-news.net\/app\/uploads\/2020\/01\/RTX7BK0B-300x200.jpg\" alt=\"\u041f\u0440\u0435\u0437\u0438\u0434\u0435\u043d\u0442 \u0421\u0428\u0410 \u0411\u0430\u0440\u0430\u043a \u041e\u0431\u0430\u043c\u0430, \u0432\u0438\u0446\u0435-\u043f\u0440\u0435\u0437\u0438\u0434\u0435\u043d\u0442 \u0414\u0436\u043e \u0411\u0430\u0439\u0434\u0435\u043d \u0441 \u0447\u043b\u0435\u043d\u0430\u043c\u0438 \u0421\u043e\u0432\u0435\u0442\u0430 \u043f\u043e \u043d\u0430\u0446\u0438\u043e\u043d\u0430\u043b\u044c\u043d\u043e\u0439 \u0431\u0435\u0437\u043e\u043f\u0430\u0441\u043d\u043e\u0441\u0442\u0438 \u0441\u043b\u0443\u0448\u0430\u044e\u0442 \u043e\u0442\u0447\u0435\u0442 \u043e \u043c\u0438\u0441\u0441\u0438\u0438 \u043f\u0440\u043e\u0442\u0438\u0432 \u0423\u0441\u0430\u043c\u044b \u0431\u0435\u043d \u041b\u0430\u0434\u0435\u043d\u0430\" width=\"600\" height=\"400\" \/><\/p>\n<p>&nbsp;<\/p>\n<p><span style=\"font-weight: 400;\">\u201c\u018fl-Kaid\u0259\u201d islam\u00e7\u0131 terror qrupla\u015fmas\u0131n\u0131n banisi v\u0259 ilk lideri <\/span><b>Usama ben Laden<\/b><span style=\"font-weight: 400;\"> 2011-ci il may\u0131n 2-d\u0259 Pakistanda \u00f6ld\u00fcr\u00fcl\u00fcb. May\u0131n 1-d\u0259 A\u011f Evd\u0259 \u00e7\u0259kil\u0259n bu fotoda AB\u015e prezidenti Barak Obama (soldan ikinci) v\u0259 vitsse-prezident Co Bayden (soldan) Milli T\u0259hl\u00fck\u0259sizlik \u015euras\u0131 \u00fczvl\u0259ri il\u0259 birlikd\u0259 ben Laden\u0259 qar\u015f\u0131 missiya haqda hesabat\u0131 dinl\u0259yirl\u0259r. \u015e\u0259kild\u0259 d\u00f6vl\u0259t katibi Hillari Klinton (sa\u011fdan ikinci) v\u0259 m\u00fcdafi\u0259 naziri Robert Qeyts (sa\u011fdan) d\u0259 var. Reuters<\/span><\/p>\n<p>&nbsp;<\/p>\n<p>&nbsp;<\/p>\n<p><div class=\"su-divider su-divider-style-default\" style=\"margin:15px 0;border-width:3px;border-color:#999999\"><a href=\"#\" style=\"color:#999999\">Go to top<\/a><\/div> <\/p>\n<p><img loading=\"lazy\" decoding=\"async\" class=\"alignright wp-image-215955\" src=\"http:\/\/jam-news.net\/app\/uploads\/2020\/01\/RTX7BK2D-300x200.jpg\" alt=\"\u041c\u0430\u0441\u0441\u043e\u0432\u044b\u0439 \u0443\u0431\u0438\u0439\u0446\u0430 \u0410\u043d\u0434\u0435\u0440\u0441 \u0411\u0435\u0440\u0438\u043d\u0433 \u0411\u0440\u0435\u0439\u0432\u0438\u043a 23 \u0438\u044e\u043b\u044f 2011 \u0433\u043e\u0434\u0430 \u043d\u0430\u043f\u0430\u043b \u043d\u0430 \u043c\u043e\u043b\u043e\u0434\u0435\u0436\u043d\u044b\u0439 \u043b\u0435\u0442\u043d\u0438\u0439 \u043b\u0430\u0433\u0435\u0440\u044c \u043d\u0430 \u0431\u0435\u0440\u0435\u0433\u0443 \u043e\u0441\u0442\u0440\u043e\u0432\u0430 \u0423\u0442\u043e\u044f \u0432 \u041d\u043e\u0440\u0432\u0435\u0433\u0438\u0438 \u0438 \u0443\u0431\u0438\u043b 69 \u043c\u043e\u043b\u043e\u0434\u044b\u0445 \u043b\u044e\u0434\u0435\u0439\" width=\"600\" height=\"400\" \/><\/p>\n<p>&nbsp;<\/p>\n<p>&nbsp;<\/p>\n<p><span style=\"font-weight: 400;\">K\u00fctl\u0259vi qatil Anders Berinq Breyvik 2011-ci il iyulun 23-d\u0259 <\/span><b>Norve\u00e7d\u0259 ki\u00e7ik Utoy adas\u0131 sahilind\u0259ki g\u0259ncl\u0259r \u00fc\u00e7\u00fcn yay d\u00fc\u015f\u0259rg\u0259sin\u0259 h\u00fccum edib v\u0259 69 g\u0259nci q\u0259tl\u0259 yetirib<\/b><span style=\"font-weight: 400;\">. Bir ne\u00e7\u0259 saat sonra o, Osloda bomba partlad\u0131b, terror akt\u0131nda daha yeddi n\u0259f\u0259r d\u0259 h\u0259lak olub. REUTERS\/Fabrizio Bensch<\/span><\/p>\n<p>&nbsp;<\/p>\n<p>&nbsp;<\/p>\n<p>&nbsp;<\/p>\n<h1 style=\"text-align: center;\"><strong><span style=\"color: #ff0000;\">2012<\/span><\/strong><\/h1>\n<p><img loading=\"lazy\" decoding=\"async\" class=\"aligncenter wp-image-215961 size-full\" src=\"http:\/\/jam-news.net\/app\/uploads\/2020\/01\/RTX7BJZE.jpg\" alt=\"\u0411\u0438\u0442\u0432\u0430 \u0437\u0430 \u0433\u043e\u0440\u043e\u0434 \u0410\u043b\u0435\u043f\u043f\u043e, \u043a\u0440\u0443\u043f\u043d\u0435\u0439\u0448\u0438\u0439 \u0433\u043e\u0440\u043e\u0434 \u0421\u0438\u0440\u0438\u0438, \u043d\u0430\u0447\u0430\u043b\u0430\u0441\u044c 19 \u0438\u044e\u043b\u044f 2012 \u0433\u043e\u0434\u0430\" width=\"1200\" height=\"851\" \/><\/p>\n<p><span style=\"font-weight: 400;\">Suriyan\u0131n \u0259n b\u00f6y\u00fck <\/span><b>H\u0259l\u0259b \u015f\u0259h\u0259ri u\u011frunda d\u00f6y\u00fc\u015fl\u0259r<\/b><span style=\"font-weight: 400;\"> 2012-ci il iyulun 19-da ba\u015flay\u0131b. Bu d\u00f6y\u00fc\u015fl\u0259r v\u0259t\u0259nda\u015f b\u00fcharib\u0259sinin bir hiss\u0259si idi v\u0259 d\u00f6rd il davam etdi. Bu olaylar 2016-c\u0131 ilin iyulunda, h\u00f6kum\u0259t qo\u015funlar\u0131 Rusiyan\u0131n h\u0259rbi h\u00fccumlar\u0131n\u0131n k\u00f6m\u0259yi il\u0259 H\u0259l\u0259bd\u0259 qiyam\u00e7\u0131lar\u0131n sonuncu t\u0259chizad x\u0259ttini ba\u011flayandan sonra sona \u00e7atd\u0131. Foto 2012-ci ilin avqustunda \u00e7\u0259kilib. REUTERS\/Goran Tomasevic<\/span><\/p>\n<p><img loading=\"lazy\" decoding=\"async\" class=\"aligncenter wp-image-215966 size-full\" src=\"http:\/\/jam-news.net\/app\/uploads\/2020\/01\/RTX7BJYF.jpg\" alt=\"\" width=\"1200\" height=\"801\" \/><\/p>\n<p><span style=\"font-weight: 400;\">2012-ci ild\u0259 Londonda ke\u00e7iril\u0259n Olimpiya oyunlar\u0131 zaman\u0131 b\u0259dirl\u0259nmi\u015f ay Tauer k\u00f6rp\u00fcs\u00fcn\u00fcn alt\u0131ndan olimpiya halqalar\u0131n\u0131n i\u00e7ind\u0259n ke\u00e7\u0259r\u0259k ucal\u0131r. 3 avqust, 2012.\u00a0REUTERS\/Luke MacGregor<\/span><\/p>\n<h1 style=\"text-align: center;\"><span style=\"color: #ff0000;\"><strong>2013<\/strong><\/span><\/h1>\n<p><img loading=\"lazy\" decoding=\"async\" class=\"wp-image-215972 alignleft\" src=\"http:\/\/jam-news.net\/app\/uploads\/2020\/01\/RTX7BJWD-300x223.jpg\" alt=\"\u0421\u043b\u0435\u0437\u043e\u0442\u043e\u0447\u0438\u0432\u044b\u0439 \u0433\u0430\u0437 \u043d\u0430 \u043f\u043b\u043e\u0449\u0430\u0434\u0438 \u0422\u0430\u043a\u0441\u0438\u043c \u0432 \u0421\u0442\u0430\u043c\u0431\u0443\u043b\u0435. \u0422\u0443\u0440\u0435\u0446\u043a\u0438\u0439 \u0441\u043f\u0435\u0446\u043d\u0430\u0437 \u0440\u0430\u0437\u0433\u043e\u043d\u044f\u0435\u0442 \u043c\u043d\u043e\u0433\u043e\u0442\u044b\u0441\u044f\u0447\u043d\u044b\u0439 \u043f\u0440\u043e\u0442\u0435\u0441\u0442 \u043f\u0440\u043e\u0442\u0438\u0432 \u043f\u0440\u043e\u0435\u043a\u0442\u0430 \u0441\u0442\u0440\u043e\u0438\u0442\u0435\u043b\u044c\u0441\u0442\u0432\u0430 \u043f\u0435\u0448\u0435\u0445\u043e\u0434\u043d\u043e\u0433\u043e \u043f\u0435\u0440\u0435\u0445\u043e\u0434\u0430 \u043d\u0430 \u043c\u0435\u0441\u0442\u0435 \u0441\u043a\u0432\u0435\u0440\u0430. \u0421\u043d\u0438\u043c\u043e\u043a \u0441\u0434\u0435\u043b\u0430\u043d 28 \u043c\u0430\u044f 2013 \u0433\u043e\u0434\u0430.\u00a0REUTERS\/Osman Orsal\" width=\"700\" height=\"520\" \/><\/p>\n<p>&nbsp;<\/p>\n<p>&nbsp;<\/p>\n<p><span style=\"font-weight: 400;\">\u0130stanbulda Taksim meydan\u0131nda g\u00f6zya\u015fard\u0131c\u0131 qaz. T\u00fcrkiy\u0259nin x\u00fcsusi t\u0259yinatl\u0131lar\u0131 park\u0131n yerind\u0259 piyada ke\u00e7idinin in\u015fas\u0131na etiraz ed\u0259n izdihaml\u0131 aksiyan\u0131 da\u011f\u0131d\u0131r.<\/span><\/p>\n<p><span style=\"font-weight: 400;\">Foto 2013-c\u00fc il may\u0131n 28-d\u0259 \u00e7\u0259kilib.\u00a0REUTERS\/Osman Orsal<\/span><\/p>\n<p>&nbsp;<\/p>\n<p>&nbsp;<\/p>\n<p>&nbsp;<\/p>\n<p>&nbsp;<\/p>\n<p>&nbsp;<\/p>\n<p><div class=\"su-divider su-divider-style-default\" style=\"margin:15px 0;border-width:3px;border-color:#999999\"><a href=\"#\" style=\"color:#999999\">Go to top<\/a><\/div> <\/p>\n<p><img loading=\"lazy\" decoding=\"async\" class=\"alignright wp-image-215977\" src=\"http:\/\/jam-news.net\/app\/uploads\/2020\/01\/RTX7BK0K-300x197.jpg\" alt=\"21 \u0430\u0432\u0433\u0443\u0441\u0442\u0430 2013 \u0433\u043e\u0434\u0430 \u0441\u043e\u0442\u043d\u0438, \u0430 \u043f\u043e \u043d\u0435\u043a\u043e\u0442\u043e\u0440\u044b\u043c \u0434\u0430\u043d\u043d\u044b\u043c - \u0442\u044b\u0441\u044f\u0447\u0438 \u043b\u044e\u0434\u0435\u0439 \u043f\u043e\u0433\u0438\u0431\u043b\u0438 \u0432 \u0414\u0430\u043c\u0430\u0441\u043a\u0435 \u043e\u0442 \u0443\u0434\u0443\u0448\u044c\u044f, \u043f\u043e\u0441\u043b\u0435 \u0442\u043e\u0433\u043e \u043a\u0430\u043a \u0442\u0430\u043c \u0431\u044b\u043b \u0440\u0430\u0441\u043f\u044b\u043b\u0435\u043d \u0433\u0430\u0437 \u0437\u0430\u0440\u0438\u043d\" width=\"700\" height=\"460\" \/><\/p>\n<p>&nbsp;<\/p>\n<p><span style=\"font-weight: 400;\">2013-c\u00fc il avqustun 21-i b\u0259zi m\u0259lumatlara \u0259sas\u0259n, <\/span><b>D\u0259m\u0259\u015fqd\u0259 minl\u0259rl\u0259 insan zarin qaz\u0131n\u0131n yay\u0131lmas\u0131ndan sonra h\u0259yat\u0131n\u0131 itirib. <\/b><span style=\"font-weight: 400;\">Q\u0259rb h\u00f6kum\u0259tl\u0259ri Suriya prezidenti \u018fs\u0259di qada\u011fan olunmu\u015f kimy\u0259vi silah t\u0259tbiq etm\u0259kd\u0259 g\u00fcnahland\u0131r\u0131b. O, bu g\u00fcn\u0259 q\u0259d\u0259r ittiham\u0131 r\u0259dd edir v\u0259 qaz\u0131n yay\u0131lmas\u0131nda qiyam\u00e7\u0131lar\u0131 g\u00fcnahland\u0131r\u0131r. H\u0259lak olanlar aras\u0131nda \u00e7ox sayda u\u015faq olub.\u00a0REUTERS\/Bassam Khabie<\/span><\/p>\n<p><span style=\"font-weight: 400;\">\u00a0\u00a0<\/span><\/p>\n<p><div class=\"su-divider su-divider-style-default\" style=\"margin:15px 0;border-width:3px;border-color:#999999\"><a href=\"#\" style=\"color:#999999\">Go to top<\/a><\/div> <\/p>\n<p><img loading=\"lazy\" decoding=\"async\" class=\"alignleft wp-image-215983 size-full\" src=\"http:\/\/jam-news.net\/app\/uploads\/2020\/01\/download.jpeg\" alt=\"5 \u0434\u0435\u043a\u0430\u0431\u0440\u044f 2013 \u0433\u043e\u0434\u0430 \u0432 \u042e\u0436\u043d\u043e\u0439 \u0410\u0444\u0440\u0438\u043a\u0435 \u043f\u043e\u0445\u043e\u0440\u043e\u043d\u0438\u043b\u0438 95-\u043b\u0435\u0442\u043d\u0435\u0433\u043e \u0431\u043e\u0440\u0446\u0430 \u0441 \u0430\u043f\u0430\u0440\u0442\u0435\u0438\u0434\u043e\u043c \u041d\u0435\u043b\u044c\u0441\u043e\u043d\u0430 \u041c\u0430\u043d\u0434\u0435\u043b\u0443\" width=\"592\" height=\"379\" \/><\/p>\n<p>&nbsp;<\/p>\n<p>&nbsp;<\/p>\n<p><span style=\"font-weight: 400;\">2013-c\u00fc il dekabr\u0131n 5-d\u0259 <\/span><b>C\u0259nubi Afrikan\u0131n ilk qarad\u0259rili v\u0259 ilk demokratik yolla se\u00e7il\u0259n prezidenti Nelson Mandela d\u0259fn olunub. <\/b><span style=\"font-weight: 400;\">Mandela parteid\u0259 qar\u015f\u0131 m\u00fcbariz\u0259d\u0259 q\u0259l\u0259b\u0259 qazanm\u0131\u015f inqilab\u00e7\u0131 idi v\u0259 \u00f6z \u00f6lk\u0259sini sad\u0259c\u0259 d\u0259yi\u015fm\u0259di, h\u0259m d\u0259 d\u00fcnyada bir \u00e7ox irq\u00e7iliy\u0259 qar\u015f\u0131 h\u0259r\u0259katlar\u0131n ba\u015flan\u00e7\u0131c\u0131n\u0131 qoyub.<\/span><\/p>\n<p>&nbsp;<\/p>\n<p>&nbsp;<\/p>\n<p>&nbsp;<\/p>\n<h1 style=\"text-align: center;\"><strong><span style=\"color: #ff0000;\">2014<\/span><\/strong><\/h1>\n<p><img loading=\"lazy\" decoding=\"async\" class=\"aligncenter wp-image-215990 size-full\" src=\"http:\/\/jam-news.net\/app\/uploads\/2020\/01\/RTX7BJYQ.jpg\" alt=\"\u0412 \u0444\u0435\u0432\u0440\u0430\u043b\u0435 2014 \u0433\u043e\u0434\u0430 \u043d\u0430\u0447\u0430\u043b\u0438\u0441\u044c \u043f\u0440\u043e\u0442\u0435\u0441\u0442\u044b \u0432 \u0423\u043a\u0440\u0430\u0438\u043d\u0435, \u043a\u043e\u0442\u043e\u0440\u044b\u0435 \u0442\u0435\u043f\u0435\u0440\u044c \u0438\u0437\u0432\u0435\u0441\u0442\u043d\u044b \u043a\u0430\u043a \u0420\u0435\u0432\u043e\u043b\u044e\u0446\u0438\u044f \u0415\u0432\u0440\u043e\u043c\u0430\u0439\u0434\u0430\u043d\u0430 \u0438\u043b\u0438 \u0420\u0435\u0432\u043e\u043b\u044e\u0446\u0438\u044f \u0434\u043e\u0441\u0442\u043e\u0438\u043d\u0441\u0442\u0432\u0430\" width=\"1200\" height=\"789\" \/><\/p>\n<p><span style=\"font-weight: 400;\">2014-c\u00fc ilin yanvar\u0131nda Ukraynada haz\u0131rda Avromeydan v\u0259 ya L\u0259yaq\u0259t \u0130nqilab\u0131 kimi tan\u0131nan etirazlar ba\u015flay\u0131b. Kiyevd\u0259 y\u00fcz minl\u0259rl\u0259 etiraz\u00e7\u0131 v\u0259 x\u00fcsusi t\u0259yinatl\u0131lar aras\u0131nda d\u00f6y\u00fc\u015fl\u0259r gedirdi. \u0130ndiy\u0259 q\u0259d\u0259r onlarla etiraz i\u015ftirak\u00e7\u0131s\u0131n\u0131 q\u0259tl ed\u0259n snayperl\u0259r haqda istintaq ba\u015fa \u00e7atmay\u0131b.<\/span><\/p>\n<p><span style=\"font-weight: 400;\">\u0130nqilab Ukrayna prezidenti Viktor Yanukovi\u00e7in qovulmas\u0131 v\u0259 Ukrayna h\u00f6kum\u0259tinin devrilm\u0259si il\u0259 n\u0259tic\u0259l\u0259nib. REUTERS\/Vasily Fedosenko<\/span><\/p>\n<p><img loading=\"lazy\" decoding=\"async\" class=\"alignleft wp-image-215995\" src=\"http:\/\/jam-news.net\/app\/uploads\/2020\/01\/download-1-300x223.jpeg\" alt=\"\" width=\"500\" height=\"371\" \/><\/p>\n<p>&nbsp;<\/p>\n<p><span style=\"font-weight: 400;\">H\u0259min ilin fevral-mart aylar\u0131nda Kreml Ukraynaya m\u0259xsus olan Kr\u0131m yar\u0131madas\u0131nda Rusiyaya birl\u0259\u015fm\u0259k haqda Kiyevin n\u0259zar\u0259tind\u0259n k\u0259nar referendum ke\u00e7irib v\u0259 \u0259razini ilhaq edib.<\/span><\/p>\n<p><span style=\"font-weight: 400;\">Tezlikl\u0259 Rusiyan\u0131n d\u0259st\u0259yi il\u0259 Ukraynan\u0131n \u015f\u0259rqind\u0259 etirazlar ba\u015flay\u0131b. Orada tan\u0131nmam\u0131\u015f qurulu\u015flar yaran\u0131b v\u0259 Ukraynadan m\u00fcst\u0259qillikl\u0259rini elan edibl\u0259r. 2014-c\u00fc ilin iyununda \u015e\u0259rqi Ukraynada tammiqyasl\u0131 m\u00fcharib\u0259 ba\u015flay\u0131b, m\u00fcnaqi\u015f\u0259 bu g\u00fcn\u0259 q\u0259d\u0259r nizamlanmay\u0131b.<\/span><\/p>\n<p>&nbsp;<\/p>\n<p>&nbsp;<\/p>\n<p><div class=\"su-divider su-divider-style-default\" style=\"margin:15px 0;border-width:3px;border-color:#999999\"><a href=\"#\" style=\"color:#999999\">Go to top<\/a><\/div> <\/p>\n<p><span style=\"font-weight: 400;\">2014-c\u00fc ild\u0259 m\u00fcharib\u0259 v\u0259 zorak\u0131l\u0131qdan qa\u00e7an, Avropada xilas olmaq namin\u0259 h\u0259yatlar\u0131n\u0131 risk\u0259 atan insanlar\u0131n say\u0131 k\u0259skin art\u0131b. Minl\u0259rl\u0259 miqrant uzun s\u0259f\u0259r\u0259 uy\u011fun olmayan g\u0259mil\u0259rd\u0259 \u0130taliya v\u0259 Yunan\u0131stan sahill\u0259rin\u0259 yeti\u015fm\u0259k \u00fcmidi il\u0259 Aral\u0131q d\u0259nizind\u0259 bo\u011fulub. \u201cReuters\u201din bu fotosu bu qa\u00e7q\u0131nlar qrupu xilas edilm\u0259zd\u0259n az \u0259vv\u0259l \u0130taliya donanmas\u0131n\u0131n vertolyotundan \u00e7\u0259kilib. 8 iyun 2014-c\u00fc il.<\/span><\/p>\n<p><img loading=\"lazy\" decoding=\"async\" class=\"aligncenter wp-image-216001 size-full\" src=\"http:\/\/jam-news.net\/app\/uploads\/2020\/01\/Screen-Shot-2020-01-02-at-17.12.18.png\" alt=\"\u041c\u0438\u0433\u0440\u0430\u043d\u0442\u044b \u0440\u0438\u0441\u043a\u0443\u044e\u0442 \u0432\u0441\u0435\u043c \u0440\u0430\u0434\u0438 \u043d\u043e\u0432\u043e\u0439 \u0436\u0438\u0437\u043d\u0438 \u0432 \u0415\u0432\u0440\u043e\u043f\u0435\" width=\"1200\" height=\"793\" \/><\/p>\n<h1 style=\"text-align: center;\"><span style=\"color: #ff0000;\"><strong>2015<\/strong><\/span><\/h1>\n<p><img loading=\"lazy\" decoding=\"async\" class=\"alignleft wp-image-216012\" src=\"http:\/\/jam-news.net\/app\/uploads\/2020\/01\/RTX7BJTH-300x196.jpg\" alt=\"2 \u0430\u043f\u0440\u0435\u043b\u044f 2015 \u0433\u043e\u0434\u0430 \u0440\u0430\u0437\u0440\u0435\u0448\u0438\u043b\u0441\u044f \u043f\u0440\u043e\u0434\u043e\u043b\u0436\u0430\u0432\u0448\u0438\u0435\u0441\u044f \u0433\u043e\u0434\u044b \u043a\u0440\u0438\u0437\u0438\u0441 \u0432\u043e\u043a\u0440\u0443\u0433 \u0418\u0440\u0430\u043d\u0430.\" width=\"600\" height=\"392\" \/><\/p>\n<p>&nbsp;<\/p>\n<p><span style=\"font-weight: 400;\">2015-ci il aprelin 2-d\u0259 \u0130ran \u0259traf\u0131nda illl\u0259rl\u0259 davam ed\u0259n b\u00f6hran h\u0259llini tap\u0131b. BMT T\u0259hl\u00fck\u0259sizlik \u015euras\u0131n\u0131n be\u015f daimi \u00fczv\u00fc (AB\u015e, B\u00f6y\u00fck Britaniya, Rusiya, Fransa, \u00c7in) v\u0259 Almaniya \u0130ranla sazi\u015f imzalay\u0131blar.<\/span><\/p>\n<p><span style=\"font-weight: 400;\">Tehran beyn\u0259lxalq sanksiyalar\u0131n dayand\u0131r\u0131lmas\u0131n\u0131n \u0259v\u0259zind\u0259 n\u00fcv\u0259 proqram\u0131na son qoyma\u011fa s\u00f6z verib v\u0259 bununla da \u00f6z neftini satmaq v\u0259 dondurulmu\u015f beyn\u0259lxalq aktivl\u0259rini geri qaytarmaq imkan\u0131 \u0259ld\u0259 edib.<\/span><\/p>\n<p><span style=\"font-weight: 400;\">Foto Vyanadak\u0131 dan\u0131\u015f\u0131qlar zaman\u0131 \u00e7\u0259kilib. REUTERS\/Carlos Barria<\/span><\/p>\n<p>&nbsp;<\/p>\n<p>&nbsp;<\/p>\n<p><div class=\"su-divider su-divider-style-default\" style=\"margin:15px 0;border-width:3px;border-color:#999999\"><a href=\"#\" style=\"color:#999999\">Go to top<\/a><\/div> <\/p>\n<p><img loading=\"lazy\" decoding=\"async\" class=\"alignright wp-image-216007\" src=\"http:\/\/jam-news.net\/app\/uploads\/2020\/01\/RTX7BJUD-300x200.jpg\" alt=\"\u041a\u0443\u0440\u0434\u0441\u043a\u0438\u0435 \u0431\u043e\u0435\u0432\u044b\u0435 \u0433\u0440\u0443\u043f\u043f\u044b \u043f\u0440\u0430\u0437\u0434\u043d\u0443\u044e\u0442 \u043f\u043e\u0431\u0435\u0434\u0443 - \u043e\u043d\u0438 \u0432\u0435\u0440\u043d\u0443\u043b\u0438 \u043a\u043e\u043d\u0442\u0440\u043e\u043b\u044c \u043d\u0430\u0434 \u0441\u0442\u0440\u0430\u0442\u0435\u0433\u0438\u0447\u0435\u0441\u043a\u0438\u043c \u0438\u0440\u0430\u043a\u0441\u043a\u0438\u043c \u0433\u043e\u0440\u043e\u0434\u043e\u043c \u0421\u0438\u043d\u0434\u0436\u0430\u0440.\u00a0\" width=\"700\" height=\"466\" \/><\/p>\n<p>&nbsp;<\/p>\n<p><span style=\"font-weight: 400;\">\u201c\u0130slam D\u00f6vl\u0259ti\u201d il\u0259 amans\u0131z d\u00f6y\u00fc\u015fl\u0259r ili. Fotoda noyabr ay\u0131d\u0131r, g\u0259nc q\u0131z K\u00fcrd F\u0259hl\u0259 Partiyas\u0131n\u0131n s\u0131ralar\u0131nda d\u00f6y\u00fc\u015f\u00fcr.<\/span><\/p>\n<p><span style=\"font-weight: 400;\">K\u00fcrd silahl\u0131 qrupla\u015fmalar\u0131 q\u0259l\u0259b\u0259ni bayram edir \u2013 onlar \u0130raq\u0131n strateji Sincar \u015f\u0259h\u0259ri \u00fcz\u0259rind\u0259 n\u0259zar\u0259ti yenid\u0259n \u0259l\u0259 al\u0131blar.\u00a0REUTERS\/Asmaa Waguih<\/span><\/p>\n<p><div class=\"su-divider su-divider-style-default\" style=\"margin:15px 0;border-width:3px;border-color:#999999\"><a href=\"#\" style=\"color:#999999\">Go to top<\/a><\/div> <\/p>\n<h1 style=\"text-align: center;\"><span style=\"color: #ff0000;\"><strong>2016<\/strong><\/span><\/h1>\n<p><img loading=\"lazy\" decoding=\"async\" class=\"alignleft wp-image-216018\" src=\"http:\/\/jam-news.net\/app\/uploads\/2020\/01\/RTX7BJVZ.jpg\" alt=\"\u0421\u043e\u0442\u043d\u0438 \u0442\u044b\u0441\u044f\u0447 \u0447\u0435\u043b\u043e\u0432\u0435\u043a \u0432\u044b\u0448\u043b\u0438 \u043d\u0430 \u0443\u043b\u0438\u0446\u044b \u0410\u0444\u0438\u043d \u0432 \u044f\u043d\u0432\u0430\u0440\u0435 2016 \u0433\u043e\u0434\u0430 \u043f\u0440\u043e\u0442\u0435\u0441\u0442\u043e\u0432\u0430\u0442\u044c \u043f\u0440\u043e\u0442\u0438\u0432 \u043f\u0435\u043d\u0441\u0438\u043e\u043d\u043d\u043e\u0439 \u0440\u0435\u0444\u043e\u0440\u043c\u044b\" width=\"600\" height=\"400\" \/><\/p>\n<p>&nbsp;<\/p>\n<p>&nbsp;<\/p>\n<p><span style=\"font-weight: 400;\">2016-c\u0131 ilin yanvar\u0131nda y\u00fcz minl\u0259rl\u0259 insan Afinada pensiya islahatlar\u0131na qar\u015f\u0131 etiraz etm\u0259k \u00fc\u00e7\u00fcn k\u00fc\u00e7\u0259l\u0259r\u0259 \u00e7\u0131x\u0131b. X\u00fcsusi t\u0259yinatl\u0131larla k\u00fctl\u0259vi toqqu\u015fmalar ba\u015f verib.<\/span><\/p>\n<p><span style=\"font-weight: 400;\">Fotoda etiraz\u00e7\u0131lardan birin\u0259 mandarin dolu paket verilir \u2013 regionlardan paytaxta femerl\u0259r g\u0259lib v\u0259 d\u0259st\u0259k \u00fc\u00e7\u00fcn aksiya i\u015ftirak\u00e7\u0131lar\u0131na yem\u0259k paylay\u0131rlar. 27 yanvar, 2016.\u00a0REUTERS\/Alkis Konstantinidis<\/span><\/p>\n<p>&nbsp;<\/p>\n<p><div class=\"su-divider su-divider-style-default\" style=\"margin:15px 0;border-width:3px;border-color:#999999\"><a href=\"#\" style=\"color:#999999\">Go to top<\/a><\/div> <\/p>\n<p><span style=\"font-weight: 400;\">\u0130yunda B\u00f6y\u00fck Britaniyada Avropa \u0130ttifaq\u0131ndan \u00e7\u0131xmaq haqda referendum ke\u00e7irilib. Bununla da \u201cBrexit\u201d adland\u0131r\u0131lan v\u0259 bu g\u00fcn\u0259 q\u0259d\u0259r d\u0259 davam ed\u0259n\u00a0 tarix ba\u015flay\u0131b. Referendumda az \u00fcst\u00fcnl\u00fckl\u0259 A\u0130-d\u0259n \u00e7\u0131xma\u011f\u0131n t\u0259r\u0259fdarlar\u0131 q\u0259l\u0259b\u0259 qazan\u0131b. Bu zaman London k\u00fc\u00e7\u0259l\u0259rind\u0259 Avropa \u0130ttifaq\u0131nda qalmaq ist\u0259y\u0259nl\u0259rin milyonluq aksiya ba\u015f tutub. Foto 2016-c\u0131 il iyunun 28-d\u0259 \u00e7\u0259kilib. REUTERS\/Dylan Martinez<\/span><\/p>\n<p><img loading=\"lazy\" decoding=\"async\" class=\"aligncenter wp-image-216023 size-full\" src=\"http:\/\/jam-news.net\/app\/uploads\/2020\/01\/Screen-Shot-2020-01-02-at-17.48.14.png\" alt=\"\u0418 \u0442\u043e\u0433\u0434\u0430 \u043d\u0430 \u0443\u043b\u0438\u0446\u0430\u0445 \u041b\u043e\u043d\u0434\u043e\u043d\u0430 \u043f\u0440\u043e\u0448\u043b\u0430 \u043c\u0438\u043b\u043b\u0438\u043e\u043d\u043d\u0430\u044f \u0434\u0435\u043c\u043e\u043d\u0441\u0442\u0440\u0430\u0446\u0438\u044f \u0442\u0435\u0445, \u043a\u0442\u043e \u0445\u043e\u0442\u0435\u043b \u043e\u0441\u0442\u0430\u0442\u044c\u0441\u044f \u0432 \u0415\u0432\u0440\u043e\u043f\u0435\u0439\u0441\u043a\u043e\u043c \u0421\u043e\u044e\u0437\u0435. \u0424\u043e\u0442\u043e \u0441\u043d\u044f\u0442\u043e 28 \u0438\u044e\u043d\u044f 2016 \" width=\"1200\" height=\"788\" \/><\/p>\n<h1 style=\"text-align: center;\"><span style=\"color: #ff0000;\"><strong>2017<\/strong><\/span><\/h1>\n<p><img loading=\"lazy\" decoding=\"async\" class=\"alignleft wp-image-216029\" src=\"http:\/\/jam-news.net\/app\/uploads\/2020\/01\/RTX7BK27-300x160.jpg\" alt=\"\u0421\u043b\u0435\u0432\u0430 - \u043a\u043e\u043b\u0438\u0447\u0435\u0441\u0442\u0432\u043e \u043b\u044e\u0434\u0435\u0439, \u043a\u043e\u0442\u043e\u0440\u044b\u0435 \u043f\u0440\u0438\u0448\u043b\u0438 \u0443\u0447\u0430\u0441\u0442\u0432\u043e\u0432\u0430\u0442\u044c \u043d\u0430 \u0438\u043d\u0430\u0443\u0433\u0443\u0440\u0430\u0446\u0438\u044e \u043d\u043e\u0432\u043e\u0433\u043e \u043f\u0440\u0435\u0437\u0438\u0434\u0435\u043d\u0442\u0430 \u0421\u0428\u0410 \u0414\u043e\u043d\u0430\u043b\u044c\u0434\u0430 \u0422\u0440\u0430\u043c\u043f\u0430 20 \u044f\u043d\u0432\u0430\u0440\u044f 2017 \u0433\u043e\u0434\u0430. \u0421\u043f\u0440\u0430\u0432\u0430 - \u043a\u0442\u043e \u0443\u0447\u0430\u0441\u0442\u0432\u043e\u0432\u0430\u043b \u0432 \u0438\u043d\u0430\u0443\u0433\u0443\u0440\u0430\u0446\u0438\u0438 \u043f\u0440\u0435\u0437\u0438\u0434\u0435\u043d\u0442\u0430 \u0411\u0430\u0440\u0430\u043a\u0430 \u041e\u0431\u0430\u043c\u044b 20 \u044f\u043d\u0432\u0430\u0440\u044f 2009 \u0433\u043e\u0434\u0430.\u00a0\" width=\"700\" height=\"373\" \/><\/p>\n<p>&nbsp;<\/p>\n<p><span style=\"font-weight: 400;\">Donald Tramp g\u0259lib. Reuters bu kollaj\u0131 Va\u015finqtonda ke\u00e7iril\u0259n iki inauqurasiyan\u0131 m\u00fcqayis\u0259 etm\u0259k \u00fc\u00e7\u00fcn haz\u0131rlay\u0131b.<\/span><\/p>\n<p><span style=\"font-weight: 400;\">Solda \u2013 2017-ci il yanvar\u0131n 20-d\u0259 AB\u015e-\u0131n yeni prezidenti Donald Tramp\u0131n inauqurasiyas\u0131nda i\u015ftirak etm\u0259k \u00fc\u00e7\u00fcn g\u0259l\u0259n insanlar\u0131n say\u0131.<\/span><\/p>\n<p><span style=\"font-weight: 400;\">Sa\u011fda \u2013 2009-cu ilin yanvar\u0131nda prezident Barak Obaman\u0131n inauqurasiyas\u0131nda i\u015ftirak ed\u0259nl\u0259r.<\/span><\/p>\n<p><div class=\"su-divider su-divider-style-default\" style=\"margin:15px 0;border-width:3px;border-color:#999999\"><a href=\"#\" style=\"color:#999999\">Go to top<\/a><\/div> <\/p>\n<p><span style=\"font-weight: 400;\">\u0130slam dinin\u0259 tap\u0131nan rohinca icmas\u0131n\u0131n faci\u0259si. BMT-nin m\u0259lumat\u0131na \u0259sas\u0259n, 742 min n\u0259f\u0259rd\u0259n \u00e7ox insan buddistl\u0259rin \u00e7oxluq oldu\u011fu Myanmadan (ke\u00e7mi\u015f Birma) Banqlade\u015f\u0259 qa\u00e7ma\u011fa m\u0259cbur olub. Minl\u0259rl\u0259 insan q\u0259tl\u0259 yetirilib. Qa\u00e7q\u0131nlar evl\u0259rinin yand\u0131r\u0131lmas\u0131 v\u0259 v\u0259h\u015filikl\u0259r haqda dan\u0131\u015f\u0131blar. Foto 2017-ci il noyabr\u0131n 2-d\u0259 \u00e7kilib. REUTERS\/Danish Siddiqui<\/span><\/p>\n<p><img loading=\"lazy\" decoding=\"async\" class=\"aligncenter wp-image-216034 size-full\" src=\"http:\/\/jam-news.net\/app\/uploads\/2020\/01\/RTX7BJXV.jpg\" alt=\"\u0422\u0440\u0430\u0433\u0435\u0434\u0438\u044f \u043e\u0431\u0449\u0438\u043d\u044b \u0440\u043e\u0445\u0438\u043d\u0434\u0436\u0430\" width=\"1200\" height=\"837\" \/><\/p>\n<h1 style=\"text-align: center;\"><span style=\"color: #ff0000;\"><strong>2018<\/strong><\/span><\/h1>\n<p><img loading=\"lazy\" decoding=\"async\" class=\"alignleft wp-image-216040\" src=\"http:\/\/jam-news.net\/app\/uploads\/2020\/01\/RTX7BJSN-300x200.jpg\" alt=\"\u0425\u0430\u0440\u0432\u0438 \u0412\u0430\u0439\u043d\u0448\u0442\u0435\u0439\u043d \u0438 \u0434\u0432\u0438\u0436\u0435\u043d\u0438\u0435 #MeToo\" width=\"600\" height=\"400\" \/><\/p>\n<p>&nbsp;<\/p>\n<p><span style=\"font-weight: 400;\">Harvi Vayn\u015fteynin hekay\u0259si v\u0259 #MeToo h\u0259r\u0259kat\u0131. Vayn\u015fteyn m\u0259\u015fhur amerikal\u0131 kino prod\u00fcseri idi. Bir \u00e7ox m\u00fckafatlarla yana\u015f\u0131 \u201cA\u015fiq \u015eekspir\u201d filminin prod\u00fcserliyin\u0259 g\u00f6r\u0259 \u201cOskar\u201d al\u0131b.<\/span><\/p>\n<p><span style=\"font-weight: 400;\">Amma 2017-ci ild\u0259 80-d\u0259n \u00e7ox qad\u0131n ona qar\u015f\u0131 seksual zorak\u0131l\u0131qla ba\u011fl\u0131 ittiham ir\u0259li s\u00fcr\u00fcb.<\/span><\/p>\n<p><span style=\"font-weight: 400;\">2018-ci il may\u0131n 25-d\u0259 Vayn\u015fteyn Nyu-Yorkda zorlama v\u0259 dig\u0259r cinay\u0259tl\u0259rd\u0259 g\u00fcnahland\u0131r\u0131laraq h\u0259bs edilib. \u201cReuters\u201din bu fotosunda el\u0259 h\u0259min an \u0259ks olunub. Daha sonra o, girovm\u00fcqabilind\u0259 s\u0259rb\u0259st burax\u0131l\u0131b.<\/span><\/p>\n<p><span style=\"font-weight: 400;\">N\u0259tic\u0259d\u0259 sosial \u015f\u0259b\u0259k\u0259l\u0259rd\u0259 #MeToo b\u00f6y\u00fck kampaniyas\u0131 ba\u015flay\u0131b, b\u00fct\u00fcn d\u00fcnyada ba\u015fqa n\u00fcfuzlu ki\u015fil\u0259r t\u0259r\u0259find\u0259n seksual zorak\u0131l\u0131\u011fa m\u0259ruz qalan qad\u0131nlar \u00f6z hekay\u0259l\u0259rini yaz\u0131blar v\u0259 onlar\u0131n da \u00e7oxu tutdu\u011fu m\u00f6qeni biab\u0131r\u00e7\u0131l\u0131qla itiribl\u0259r.<\/span><\/p>\n<p><div class=\"su-divider su-divider-style-default\" style=\"margin:15px 0;border-width:3px;border-color:#999999\"><a href=\"#\" style=\"color:#999999\">Go to top<\/a><\/div> <\/p>\n<p><img loading=\"lazy\" decoding=\"async\" class=\"alignright wp-image-216045\" src=\"http:\/\/jam-news.net\/app\/uploads\/2020\/01\/RTX7BJZW-300x200.jpg\" alt=\"\u0414\u0435\u0442\u0438 \u043c\u0438\u0433\u0440\u0430\u043d\u0442\u043e\u0432 \u0432 \u0421\u0428\u0410, \u043a\u043e\u0442\u043e\u0440\u044b\u0445 \u043e\u0442\u043e\u0431\u0440\u0430\u043b\u0438 \u0443 \u0440\u043e\u0434\u0438\u0442\u0435\u043b\u0435\u0439 \u0438 \u043f\u043e\u043c\u0435\u0441\u0442\u0438\u043b\u0438 \u0432 \u043b\u0430\u0433\u0435\u0440\u044f\" width=\"600\" height=\"400\" \/><\/p>\n<p>&nbsp;<\/p>\n<p><span style=\"font-weight: 400;\">2018-ci ild\u0259 AB\u015e g\u00f6r\u00fcnm\u0259mi\u015f sayda miqrantlarla \u00fcz-\u00fcz\u0259 qal\u0131b, on minl\u0259rl\u0259 insan karvanlarla ir\u0259lil\u0259y\u0259r\u0259k Meksika t\u0259r\u0259fd\u0259n Amerika s\u0259rh\u0259dini ke\u00e7m\u0259y\u0259 \u00e7al\u0131\u015f\u0131b.<\/span><\/p>\n<p><span style=\"font-weight: 400;\">Prezident Donald Tramp qanunsuz miqrantlara qar\u015f\u0131 \u201cs\u0131f\u0131r tolerantl\u0131q\u201d siyas\u0259ti elan edib. \u201cS\u0131f\u0131r tolerantl\u0131\u011f\u0131n\u201d ifad\u0259l\u0259rind\u0259n biri miqrantlar\u0131n\u0131n u\u015faqlar\u0131n\u0131n zorla \u0259ll\u0259rind\u0259n al\u0131nmas\u0131 olub.<\/span><\/p>\n<p><span style=\"font-weight: 400;\">B\u00fct\u00fcn ya\u015f qruplar\u0131na aid olan minl\u0259rl\u0259 u\u015faq aylarla vallideynl\u0259rind\u0259n ayr\u0131 saxlan\u0131l\u0131b. Bu hadis\u0259 d\u00fcnyada k\u00fctl\u0259vi m\u0259nfi reaksiya do\u011furub. Foto 2018-ci ilin iyununda bu u\u015faqlar\u0131n bel\u0259 \u201cd\u00fc\u015f\u0259rg\u0259l\u0259rd\u0259n\u201d birind\u0259\u00a0 g\u0259zi\u015fdiyi zaman \u00e7\u0259kilib.REUTERS\/Mike Blake<\/span><\/p>\n<p><div class=\"su-divider su-divider-style-default\" style=\"margin:15px 0;border-width:3px;border-color:#999999\"><a href=\"#\" style=\"color:#999999\">Go to top<\/a><\/div> <\/p>\n<p><img loading=\"lazy\" decoding=\"async\" class=\"aligncenter wp-image-216051 size-full\" src=\"http:\/\/jam-news.net\/app\/uploads\/2020\/01\/RTX6BGL9-copy.jpg\" alt=\"\u0424\u0440\u0430\u043d\u0446\u0438\u044f \u0441\u0442\u0430\u043b\u0430 \u0447\u0435\u043c\u043f\u0438\u043e\u043d\u043e\u043c \u043c\u0438\u0440\u0430 \u043f\u043e \u0444\u0443\u0442\u0431\u043e\u043b\u0443 \u0432 2018 \u0433\u043e\u0434\u0443\" width=\"1200\" height=\"699\" \/><\/p>\n<p><span style=\"font-weight: 400;\">Fransa Rusiyada ke\u00e7iril\u0259n d\u00fcnya \u00e7empionat\u0131n\u0131n n\u0259tic\u0259l\u0259rin\u0259 \u0259sas\u0259n futbol \u00fczr\u0259 d\u00fcnya \u00e7empionu olub. Fotoda 2018-ci il iyunun 15-d\u0259 Moskvada Xorvatiya il\u0259 ke\u00e7iril\u0259n oyundan sonra q\u0259l\u0259b\u0259 kuboku il\u0259 Benjamin Mendi \u0259ks olunub. REUTERS\/Kai Pfaffenbach<\/span><\/p>\n<h1 style=\"text-align: center;\"><span style=\"color: #ff0000;\"><strong>2019<\/strong><\/span><\/h1>\n<p><img loading=\"lazy\" decoding=\"async\" class=\"aligncenter wp-image-164641 size-full\" src=\"http:\/\/jam-news.net\/app\/uploads\/2019\/04\/RTX6RTNO.jpg\" alt=\"\u0420\u0430\u0437\u0440\u0443\u0448\u0438\u0442\u0435\u043b\u044c\u043d\u044b\u0439 \u043f\u043e\u0436\u0430\u0440 \u0432 \u0441\u043e\u0431\u043e\u0440\u0435 \u041d\u043e\u0442\u0440-\u0414\u0430\u043c \u0432 \u041f\u0430\u0440\u0438\u0436\u0435. \u0412 \u0442\u043e\u043c \u0447\u0438\u0441\u043b\u0435 \u043e\u0431\u0440\u0443\u0448\u0438\u043b\u0441\u044f \u0437\u043d\u0430\u043c\u0435\u043d\u0438\u0442\u044b\u0439 \u0448\u043f\u0438\u043b\u044c. 15 \u0430\u043f\u0440\u0435\u043b\u044f 2019\" width=\"1200\" height=\"756\" \/><\/p>\n<p><span style=\"font-weight: 400;\">Parisd\u0259 Notr-Dam kils\u0259sind\u0259 d\u0259h\u015f\u0259tli yan\u011f\u0131n. Yan\u011f\u0131n zaman\u0131 binan\u0131n m\u0259\u015fhur \u015fpili d\u0259 u\u00e7ub. 15 aprel 2019.\u00a0REUTERS\/Benoit Tessier<\/span><\/p>\n<p><div class=\"su-divider su-divider-style-default\" style=\"margin:15px 0;border-width:3px;border-color:#999999\"><a href=\"#\" style=\"color:#999999\">Go to top<\/a><\/div> <\/p>\n<p><img loading=\"lazy\" decoding=\"async\" class=\"aligncenter wp-image-216057 size-full\" src=\"http:\/\/jam-news.net\/app\/uploads\/2020\/01\/RTX7BJTN.jpg\" alt=\"\u041d\u0430 \u0444\u043e\u0442\u043e\u00a0\u0432\u043c\u0435\u0441\u0442\u0435 \u0441 \u0413\u0440\u0435\u0442\u043e\u0439 \u0422\u0443\u043d\u0431\u0435\u0440\u0433 - \u0444\u0440\u0430\u043d\u0446\u0443\u0437\u0441\u043a\u0438\u0435 \u0430\u043a\u0442\u0438\u0432\u0438\u0441\u0442\u044b \u0434\u0432\u0438\u0436\u0435\u043d\u0438\u044f \u00ab\u041c\u043e\u043b\u043e\u0434\u0435\u0436\u044c \u0437\u0430 \u043a\u043b\u0438\u043c\u0430\u0442\u00bb \u0433\u043e\u0442\u043e\u0432\u044f\u0442\u0441\u044f \u043f\u0440\u0438\u043d\u044f\u0442\u044c \u0443\u0447\u0430\u0441\u0442\u0438\u0435 \u0432 \u0437\u0430\u0441\u0435\u0434\u0430\u043d\u0438\u0438 \u043f\u0440\u0430\u0432\u0438\u0442\u0435\u043b\u044c\u0441\u0442\u0432\u0430 \u0432 \u041f\u0430\u0440\u0438\u0436\u0435 23 \u0438\u044e\u043b\u044f 2019 \u0433\u043e\u0434\u0430.\" width=\"1200\" height=\"800\" \/><\/p>\n<p><span style=\"font-weight: 400;\">Qreta Tunberq \u2013 bu ad 2019-cu ild\u0259 m\u0259\u015fhurla\u015f\u0131b. 16 ya\u015fl\u0131 isve\u00e7li f\u0259al b\u00fct\u00fcn d\u00fcnya \u00f6lk\u0259l\u0259ri h\u00f6kum\u0259tl\u0259rinin qlobal ekoloji f\u0259lak\u0259t t\u0259kl\u00fck\u0259sin\u0259 ciddi diqq\u0259t yetir\u0259n\u0259 q\u0259d\u0259r c\u00fcm\u0259 g\u00fcnl\u0259ri m\u0259kt\u0259b\u0259 getm\u0259y\u0259c\u0259yini elan edib. H\u0259min vaxtdan q\u0131z\u0131n ba\u015flatd\u0131\u011f\u0131 etiraza b\u00fct\u00fcn d\u00fcnyada y\u00fcz minl\u0259rl\u0259 insan d\u0259st\u0259k verib.<\/span><\/p>\n<p><span style=\"font-weight: 400;\">\u201cReuters\u201din fotosunda Qreta Tunberql\u0259 Fransan\u0131n \u201cG\u0259ncl\u0259r iqlim namin\u0259\u201d h\u0259r\u0259kat\u0131n\u0131n f\u0259allar\u0131 il\u0259 \u0259ks olunub, onlar 2019-cu il iyulun 23-d\u0259 Parisd\u0259 h\u00f6kum\u0259tin iclas\u0131nda i\u015ftirak etm\u0259y\u0259 haz\u0131rla\u015f\u0131rlar.<\/span><\/p>\n<p><span style=\"font-weight: 400;\">2019-cu ild\u0259 planetin m\u00fcxt\u0259lif yerl\u0259rind\u0259 ba\u015f ver\u0259n hadis\u0259l\u0259r ekoloji etirazlar\u0131n do\u011fru zamana t\u0259sad\u00fcf etdiyini g\u00f6st\u0259rir. H\u0259r yerd\u0259 hava temperaturu rekord h\u0259dd\u0259 \u00e7at\u0131b, Braziliyada, Rusiyada, Avstraliyada v\u0259 AB\u015e-da irimiqyasl\u0131 g\u00f6r\u00fcnm\u0259mi\u015f me\u015f\u0259 yan\u011f\u0131nlar\u0131 ba\u015f verib.<\/span><\/p>\n<p><span style=\"font-weight: 400;\">2019-cu il siyasi etirazlar ili olub. \u00c7ili, Honkonq, Boliviya, Rusiya, Livan, \u0130raq, London, Barselona \u2013 milyonlarla insan\u0131n k\u00fc\u00e7\u0259l\u0259r\u0259 \u00e7\u0131xd\u0131\u011f\u0131 yerl\u0259rin sad\u0259c\u0259 az bir qismidir.<\/span><\/p>\n<h3><div class=\"su-divider su-divider-style-default\" style=\"margin:15px 0;border-width:3px;border-color:#999999\"><a href=\"#\" style=\"color:#999999\">Go to top<\/a><\/div> <\/h3>\n<p>2019-cu il siyasi etirazlar ili olub. \u00c7ili, Honkonq, Boliviya, Rusiya, Livan, \u0130raq, London, Barselona \u2013 milyonlarla insan\u0131n k\u00fc\u00e7\u0259l\u0259r\u0259 \u00e7\u0131xd\u0131\u011f\u0131 yerl\u0259rin sad\u0259c\u0259 az bir qismidir.<\/p>\n<h3 style=\"text-align: center;\"><span style=\"color: #000080;\"><b>Honkonq<\/b><\/span><\/h3>\n<p><img loading=\"lazy\" decoding=\"async\" class=\"alignleft wp-image-207154\" src=\"http:\/\/jam-news.net\/app\/uploads\/2019\/11\/RTX78YDN-300x196.jpg\" alt=\"\u041c\u0438\u043b\u043b\u0438\u043e\u043d\u043d\u044b\u0435 \u043f\u0440\u043e\u0442\u0435\u0441\u0442\u044b \u043d\u0430\u0447\u0430\u043b\u0438 \u0432 \u0430\u0432\u0433\u0443\u0441\u0442\u0435 2019 \u0433\u043e\u0434\u0430, \u0433\u043b\u0430\u0432\u043d\u043e\u0435 \u0442\u0440\u0435\u0431\u043e\u0432\u0430\u043d\u0438\u0435 \u2014 \u0433\u0430\u0440\u0430\u043d\u0442\u0438\u0438 \u0441\u043e\u0445\u0440\u0430\u043d\u0435\u043d\u0438\u044f \u0430\u0432\u0442\u043e\u043d\u043e\u043c\u0438\u0438 \u0413\u043e\u043d\u043a\u043e\u043d\u0433\u0430\" width=\"700\" height=\"456\" \/><\/p>\n<p>&nbsp;<\/p>\n<p>&nbsp;<\/p>\n<p>&nbsp;<\/p>\n<p><span style=\"font-weight: 400;\">\u0130zdihaml\u0131 etiraz aksiyalar\u0131 2019-cu ilin avqustunda ba\u015flay\u0131b, etiraz\u00e7\u0131lar\u0131n \u0259sas t\u0259l\u0259bi B\u00f6y\u00fck Britaniyan\u0131n yurisdiksiyas\u0131ndan \u00c7inin t\u0259rkibin\u0259 qay\u0131dandan sonra Honkonqun \u00f6z muxtariyy\u0259tini saxlamas\u0131d\u0131r.<\/span><\/p>\n<p>&nbsp;<\/p>\n<p>&nbsp;<\/p>\n<p>&nbsp;<\/p>\n<p>&nbsp;<\/p>\n<h3 style=\"text-align: center;\"><span style=\"color: #000080;\"><b>Boliviya<\/b><\/span><\/h3>\n<p><img loading=\"lazy\" decoding=\"async\" class=\"alignright wp-image-207164\" src=\"http:\/\/jam-news.net\/app\/uploads\/2019\/11\/RTX78L9F-300x200.jpg\" alt=\"\u041f\u0440\u043e\u0442\u0435\u0441\u0442\u044b \u043d\u0430\u0447\u0430\u043b\u0438\u0441\u044c \u0432 \u043e\u043a\u0442\u044f\u0431\u0440\u0435 2019 \u0433\u043e\u0434\u0430 \u043f\u043e\u0441\u043b\u0435 \u0442\u043e\u0433\u043e, \u043a\u0430\u043a\u00a0\u0431\u044b\u043b\u0438 \u0437\u0430\u0444\u0438\u043a\u0441\u0438\u0440\u043e\u0432\u0430\u043d\u044b \u043c\u043d\u043e\u0433\u043e\u0447\u0438\u0441\u043b\u0435\u043d\u043d\u044b\u0435 \u0444\u0430\u043b\u044c\u0441\u0438\u0444\u0438\u043a\u0430\u0446\u0438\u0438 \u043d\u0430 \u0432\u044b\u0431\u043e\u0440\u0430\u0445 \u043f\u0440\u0435\u0437\u0438\u0434\u0435\u043d\u0442\u0430.\" width=\"700\" height=\"467\" \/><\/p>\n<h3><\/h3>\n<p>&nbsp;<\/p>\n<p>&nbsp;<\/p>\n<p><span style=\"font-weight: 400;\">Etirazlar 2019-cu ilin oktyabr\u0131nda, prezident se\u00e7kil\u0259rind\u0259 \u00e7ox sayda saxtakarl\u0131qlar a\u015fkarlanandan sonra ba\u015flay\u0131b.<\/span><\/p>\n<p>&nbsp;<\/p>\n<p><div class=\"su-divider su-divider-style-default\" style=\"margin:15px 0;border-width:3px;border-color:#999999\"><a href=\"#\" style=\"color:#999999\">Go to top<\/a><\/div> <\/p>\n<h3 style=\"text-align: center;\"><span style=\"color: #000080;\"><b>Livan<\/b><\/span><\/h3>\n<p><img loading=\"lazy\" decoding=\"async\" class=\"alignleft wp-image-207186\" src=\"http:\/\/jam-news.net\/app\/uploads\/2019\/11\/RTX78NFV-300x200.jpg\" alt=\"\u041c\u0430\u0441\u0441\u043e\u0432\u044b\u0435 \u043f\u0440\u043e\u0442\u0435\u0441\u0442\u044b \u043d\u0430\u0447\u0430\u043b\u0438\u0441\u044c \u0432 \u041b\u0438\u0432\u0430\u043d\u0435 \u0432 \u043e\u043a\u0442\u044f\u0431\u0440\u0435 2019 \u0433\u043e\u0434\u0430, \u0433\u043b\u0430\u0432\u043d\u043e\u0435 \u0442\u0440\u0435\u0431\u043e\u0432\u0430\u043d\u0438\u0435 - \u0431\u043e\u0440\u044c\u0431\u0430 \u0441 \u043a\u043e\u0440\u0440\u0443\u043f\u0446\u0438\u0435\u0439 \u0438 \u0440\u0435\u0444\u043e\u0440\u043c\u0438\u0440\u043e\u0432\u0430\u043d\u0438\u0435 \u0432\u0441\u0435\u0439 \u0432\u043b\u0430\u0441\u0442\u043d\u043e\u0439 \u0441\u0438\u0441\u0442\u0435\u043c\u044b.\" width=\"700\" height=\"467\" \/><\/p>\n<h3><\/h3>\n<p>&nbsp;<\/p>\n<p>&nbsp;<\/p>\n<p><span style=\"font-weight: 400;\">Livanda k\u00fctl\u0259vi etirazlar 2019-cu ilin oktyabr\u0131nda ba\u015flay\u0131b, etiraz\u00e7\u0131lar\u0131n \u0259sas t\u0259l\u0259bi korrupsiya il\u0259 m\u00fcbariz\u0259 v\u0259 b\u00fct\u00fcn hakimiyy\u0259t sistemind\u0259 islahatlar\u0131n apar\u0131lmas\u0131d\u0131r.<\/span><\/p>\n<h3><\/h3>\n<h3><\/h3>\n<h3><\/h3>\n<h3><\/h3>\n<h3><div class=\"su-divider su-divider-style-default\" style=\"margin:15px 0;border-width:3px;border-color:#999999\"><a href=\"#\" style=\"color:#999999\">Go to top<\/a><\/div> <\/h3>\n<h3 style=\"text-align: center;\"><strong><span style=\"color: #000080;\"><b>Rusiya<\/b><\/span><\/strong><\/h3>\n<p><img loading=\"lazy\" decoding=\"async\" class=\"alignright wp-image-195512\" src=\"http:\/\/jam-news.net\/app\/uploads\/2019\/09\/RTS2MTQS-300x198.jpg\" alt=\"\u041f\u0440\u043e\u0442\u0435\u0441\u0442\u044b \u0432 \u0420\u043e\u0441\u0441\u0438\u0438 \u043d\u0430\u0447\u0430\u043b\u0438\u0441\u044c \u043b\u0435\u0442\u043e\u043c 2019 \u0433\u043e\u0434\u0430 \u0432 \u0441\u0432\u044f\u0437\u0438 \u0441 \u0442\u0435\u043c, \u0447\u0442\u043e \u0432\u043b\u0430\u0441\u0442\u0438 \u043f\u043e \u0440\u0430\u0437\u043d\u044b\u043c \u043f\u0440\u0438\u0447\u0438\u043d\u0430\u043c \u043e\u0442\u043a\u0430\u0437\u0430\u043b\u0438\u0441\u044c \u0440\u0435\u0433\u0438\u0441\u0442\u0440\u0438\u0440\u043e\u0432\u0430\u0442\u044c \u043d\u0435\u0437\u0430\u0432\u0438\u0441\u0438\u043c\u044b\u0445 \u043a\u0430\u043d\u0434\u0438\u0434\u0430\u0442\u043e\u0432 \u043d\u0430 \u043c\u0443\u043d\u0438\u0446\u0438\u043f\u0430\u043b\u044c\u043d\u044b\u0445 \u0432\u044b\u0431\u043e\u0440\u0430\u0445\" width=\"700\" height=\"461\" \/><\/p>\n<p>&nbsp;<\/p>\n<p><span style=\"font-weight: 400;\">Rusiyada etirazlar 2019-cu ilin yay\u0131nda hakimiyy\u0259t m\u00fcxt\u0259lif b\u0259han\u0259l\u0259rl\u0259 m\u00fcst\u0259qil namiz\u0259dl\u0259ri b\u0259l\u0259diyy\u0259 se\u00e7kil\u0259rind\u0259 qeydiyyata almaqdan imtina etdiyi \u00fc\u00e7\u00fcn ba\u015flay\u0131b.<\/span><\/p>\n<p><span style=\"font-weight: 400;\">Amma Moskva, Peterburq v\u0259 dig\u0259r \u015f\u0259h\u0259rl\u0259rd\u0259 ke\u00e7iril\u0259n y\u00fcr\u00fc\u015fl\u0259rd\u0259 t\u0259l\u0259b kimi azadl\u0131qlar, korrupsiya il\u0259 m\u00fcbariz\u0259 v\u0259 hakimiyy\u0259t sistemind\u0259 islahatlar\u0131n apar\u0131lmas\u0131 \u00f6n\u0259 s\u00fcr\u00fcl\u00fcrd\u00fc.<\/span><\/p>\n<h3><\/h3>\n<p><div class=\"su-divider su-divider-style-default\" style=\"margin:15px 0;border-width:3px;border-color:#999999\"><a href=\"#\" style=\"color:#999999\">Go to top<\/a><\/div> <\/p>\n","protected":false},"excerpt":{"rendered":"<p>Haitid\u0259 z\u0259lz\u0259l\u0259d\u0259n tutmu\u015f Suriya m\u00fcharib\u0259sin\u0259 v\u0259 Honkonqdak\u0131 etirazlara q\u0259d\u0259r. Son on ild\u0259 d\u00fcnyan\u0131n \u0259sas 25 hadis\u0259si<\/p>\n","protected":false},"author":6,"featured_media":22794,"comment_status":"open","ping_status":"open","sticky":false,"template":"","format":"standard","meta":{"_acf_changed":false,"footnotes":""},"categories":[8,2,50,36,35],"tags":[1648,1649,1650,1651,1652,1653,1654,1655,1656,14,1657,1658,1659,1660,1661,1662,1663,1664,1665,1666,1667,1668,1669,1440,1670,1671,1672,1673,1674,1675,1676,1677,1678,1679,1680,1681,1682,1683,1684,69,1636,1685,1686,1687,1688,1095,1689,1690,1691,1692,1529,1693,1694,1695,1639,1696,1697,1698,1699,757,211,1700,1701,1702,1703,1704,1705,1706,1707,1708,1709,1710,1711,1712,1713,1714,1534,1715,1716,1717,1718,1719,1720,1646,1721,1143,1490,340,337,335,1722],"formation":[],"post-author":[],"topic":[],"tooltip":[],"city":[],"class_list":["post-12718","post","type-post","status-publish","format-standard","has-post-thumbnail","hentry","category-dunyada-bas-vernlr","category-cografiya","category-xbrlr","category-multimedia","category-hekaylr","tag-abs-in-meksika-il-srhdi","tag-acilis","tag-afina","tag-ag-ev","tag-araliq-dnizi","tag-avstraliya-v-abs","tag-banqlades","tag-barak-obama","tag-barselona","tag-bas-shif","tag-benjamin-mendi","tag-benzin-sarisi","tag-birma","tag-bmt","tag-boliviya","tag-braziliyadaki-vhsi-yanginlar","tag-breivik","tag-brexit","tag-cnubi-afrika","tag-cnubi-afrikanin-qara-drili-prezidenti","tag-cili","tag-cinsi-tcavuz","tag-dmsq","tag-donbass","tag-etirazlarin-dagilmasi","tag-euromaidan-inqilabi","tag-l-qaid","tag-fransa-cempionu","tag-gnclr-dusrgsi","tag-gozyasardici-qaz","tag-greta-thunberg","tag-haiti-zlzlsi","tag-harvey-weinstein","tag-hlb-doyusu","tag-hrkat-metoo","tag-hillary-clinton","tag-hong-kong","tag-ingiltr","tag-ingiltrnin-avropa-birliyindn-cixmasi","tag-iran","tag-iraq","tag-irqcilik","tag-isid","tag-islam-dovlti","tag-istanbul","tag-italiya","tag-joe-bayden","tag-kampaniya","tag-kimyvi-silahlar","tag-kiyev-flikts","tag-krim","tag-kurd-isci-partiyasi","tag-kurdlr","tag-lyaqt-inqilabi","tag-livan","tag-london","tag-miqrant-dusrglri","tag-miqrant-karvanlari","tag-miqrant-usaqlar","tag-miqrantlar","tag-muharib","tag-myanma","tag-nelson-mandela","tag-norway","tag-notre-dame","tag-nuv-proqrami","tag-nuv-trksilah-yaponiya","tag-osama-bin-laden","tag-oslo","tag-paris","tag-pensiya-islahati","tag-qarmaqarisiqliqlar","tag-robert-gates","tag-rohingya","tag-rusiya-quvvlri","tag-rusiyada-futbol-cempionati","tag-srqi-ukrayna","tag-sinjar","tag-siyasi-qarsidurma","tag-sui-qsdlr","tag-sunami","tag-taksim","tag-talancilar","tag-tehran","tag-tbii-flaktlr","tag-top","tag-trump","tag-ukrayna","tag-un","tag-yangin","tag-yunanistan"],"acf":[],"yoast_head":"<!-- This site is optimized with the Yoast SEO plugin v24.1 - https:\/\/yoast.com\/wordpress\/plugins\/seo\/ -->\n<title>2010-2019 fotolarda \u2013 21-ci \u0259srin ikinci onilliyi nec\u0259 ke\u00e7ib? - JAMnews<\/title>\n<meta name=\"robots\" content=\"index, follow, max-snippet:-1, max-image-preview:large, max-video-preview:-1\" \/>\n<link rel=\"canonical\" href=\"https:\/\/jam-news.net\/az\/2010-2019-fotolarda-21-ci-\u0259srin-ikinci-onilliyi-nec\u0259-kecib\/\" \/>\n<meta property=\"og:locale\" content=\"az_AZ\" \/>\n<meta property=\"og:type\" content=\"article\" \/>\n<meta property=\"og:title\" content=\"2010-2019 fotolarda \u2013 21-ci \u0259srin ikinci onilliyi nec\u0259 ke\u00e7ib? - JAMnews\" \/>\n<meta property=\"og:description\" content=\"Haitid\u0259 z\u0259lz\u0259l\u0259d\u0259n tutmu\u015f Suriya m\u00fcharib\u0259sin\u0259 v\u0259 Honkonqdak\u0131 etirazlara q\u0259d\u0259r. Son on ild\u0259 d\u00fcnyan\u0131n \u0259sas 25 hadis\u0259si\" \/>\n<meta property=\"og:url\" content=\"https:\/\/jam-news.net\/az\/2010-2019-fotolarda-21-ci-\u0259srin-ikinci-onilliyi-nec\u0259-kecib\/\" \/>\n<meta property=\"og:site_name\" content=\"Azerbaijani Jamnews\" \/>\n<meta property=\"article:publisher\" content=\"https:\/\/www.facebook.com\/JAMnewsInEnglish\/\" \/>\n<meta property=\"article:published_time\" content=\"2020-01-03T00:00:00+00:00\" \/>\n<meta property=\"article:modified_time\" content=\"2020-03-18T12:49:18+00:00\" \/>\n<meta property=\"og:image\" content=\"https:\/\/jam-news.net\/app\/uploads\/2020\/03\/Screen-Shot-2020-01-02-at-17.12.18-3.png\" \/>\n\t<meta property=\"og:image:width\" content=\"1200\" \/>\n\t<meta property=\"og:image:height\" content=\"793\" \/>\n\t<meta property=\"og:image:type\" content=\"image\/png\" \/>\n<meta name=\"author\" content=\"Tatia nikoladze\" \/>\n<meta name=\"twitter:card\" content=\"summary_large_image\" \/>\n<meta name=\"twitter:creator\" content=\"@JAMnewsCaucasus\" \/>\n<meta name=\"twitter:site\" content=\"@JAMnewsCaucasus\" \/>\n<meta name=\"twitter:label1\" content=\"Written by\" \/>\n\t<meta name=\"twitter:data1\" content=\"Tatia nikoladze\" \/>\n\t<meta name=\"twitter:label2\" content=\"Est. reading time\" \/>\n\t<meta name=\"twitter:data2\" content=\"12 minutes\" \/>\n<script type=\"application\/ld+json\" class=\"yoast-schema-graph\">{\"@context\":\"https:\/\/schema.org\",\"@graph\":[{\"@type\":\"Article\",\"@id\":\"https:\/\/jam-news.net\/az\/2010-2019-fotolarda-21-ci-%c9%99srin-ikinci-onilliyi-nec%c9%99-kecib\/#article\",\"isPartOf\":{\"@id\":\"https:\/\/jam-news.net\/az\/2010-2019-fotolarda-21-ci-%c9%99srin-ikinci-onilliyi-nec%c9%99-kecib\/\"},\"author\":{\"name\":\"Tatia nikoladze\",\"@id\":\"https:\/\/jam-news.net\/az\/#\/schema\/person\/86c90ea4dd4c6e61e60ae51d24bc662c\"},\"headline\":\"2010-2019 fotolarda \u2013 21-ci \u0259srin ikinci onilliyi nec\u0259 ke\u00e7ib?\",\"datePublished\":\"2020-01-03T00:00:00+00:00\",\"dateModified\":\"2020-03-18T12:49:18+00:00\",\"mainEntityOfPage\":{\"@id\":\"https:\/\/jam-news.net\/az\/2010-2019-fotolarda-21-ci-%c9%99srin-ikinci-onilliyi-nec%c9%99-kecib\/\"},\"wordCount\":2335,\"commentCount\":0,\"publisher\":{\"@id\":\"https:\/\/jam-news.net\/az\/#organization\"},\"image\":{\"@id\":\"https:\/\/jam-news.net\/az\/2010-2019-fotolarda-21-ci-%c9%99srin-ikinci-onilliyi-nec%c9%99-kecib\/#primaryimage\"},\"thumbnailUrl\":\"https:\/\/jam-news.net\/app\/uploads\/2020\/03\/Screen-Shot-2020-01-02-at-17.12.18-3.png\",\"keywords\":[\"AB\u015e-\u0131n Meksika il\u0259 s\u0259rh\u0259di\",\"a\u00e7\u0131l\u0131\u015f\",\"Afina\",\"A\u011f Ev\",\"Aral\u0131q d\u0259nizi\",\"Avstraliya v\u0259 AB\u015e.\",\"Banqlade\u015f\",\"Barak Obama\",\"Barselona\",\"Ba\u015f s\u0259hif\u0259\",\"Benjamin Mendi\",\"benzin sar\u0131s\u0131\",\"Birma\",\"BMT\",\"Boliviya\",\"Braziliyadak\u0131 v\u0259h\u015fi yan\u011f\u0131nlar\",\"Breivik\",\"Brexit\",\"C\u0259nubi Afrika\",\"C\u0259nubi Afrikan\u0131n qara d\u0259rili prezidenti\",\"\u00c7ili\",\"cinsi t\u0259cav\u00fcz\",\"D\u0259m\u0259\u015fq\",\"Donbass\",\"etirazlar\u0131n da\u011f\u0131lmas\u0131\",\"Euromaidan inqilab\u0131\",\"\u018fl Qaid\u0259\",\"Fransa \u00e7empionu\",\"g\u0259ncl\u0259r d\u00fc\u015f\u0259rg\u0259si\",\"g\u00f6zya\u015fard\u0131c\u0131 qaz\",\"Greta Thunberg\",\"Haiti z\u0259lz\u0259l\u0259si\",\"Harvey Weinstein\",\"H\u0259l\u0259b D\u00f6y\u00fc\u015f\u00fc\",\"h\u0259r\u0259kat #MeToo\",\"Hillary Clinton\",\"Hong Kong\",\"\u0130ngilt\u0259r\u0259\",\"\u0130ngilt\u0259r\u0259nin Avropa Birliyind\u0259n \u00e7\u0131xmas\u0131\",\"Iran\",\"\u0130raq\",\"irq\u00e7ilik\",\"\u0130\u015e\u0130D\",\"\u0130slam D\u00f6vl\u0259ti\",\"\u0130stanbul\",\"\u0130taliya\",\"Joe Bayden\",\"kampaniya\",\"kimy\u0259vi silahlar\",\"Kiyev flikts\",\"Kr\u0131m\",\"K\u00fcrd \u0130\u015f\u00e7i Partiyas\u0131\",\"K\u00fcrdl\u0259r\",\"l\u0259yaq\u0259t inqilab\u0131\",\"Livan\",\"London\",\"miqrant d\u00fc\u015f\u0259rg\u0259l\u0259ri\",\"miqrant karvanlar\u0131\",\"miqrant u\u015faqlar\",\"miqrantlar\",\"m\u00fcharib\u0259\",\"Myanma\",\"Nelson Mandela\",\"NORWAY\",\"Notre Dame\",\"n\u00fcv\u0259 proqram\u0131\",\"n\u00fcv\u0259 t\u0259rksilah Yaponiya\",\"Osama bin Laden\",\"Oslo\",\"Paris\",\"pensiya islahat\u0131\",\"qarmaqar\u0131\u015f\u0131ql\u0131qlar\",\"Robert Gates\",\"Rohingya\",\"Rusiya q\u00fcvv\u0259l\u0259ri\",\"Rusiyada futbol \u00e7empionat\u0131\",\"\u015f\u0259rqi Ukrayna\",\"Sinjar\",\"siyasi qar\u015f\u0131durma\",\"sui-q\u0259sdl\u0259r\",\"sunami\",\"Taksim\",\"talan\u00e7\u0131lar\",\"Tehran\",\"t\u0259bii f\u0259lak\u0259tl\u0259r\",\"top\",\"Trump\",\"Ukrayna\",\"UN\",\"yan\u011f\u0131n\",\"Yunan\u0131stan\"],\"articleSection\":[\"From far and near\",\"Geography\",\"News\",\"Photo\/Video\",\"Stories\"],\"inLanguage\":\"az\"},{\"@type\":\"WebPage\",\"@id\":\"https:\/\/jam-news.net\/az\/2010-2019-fotolarda-21-ci-%c9%99srin-ikinci-onilliyi-nec%c9%99-kecib\/\",\"url\":\"https:\/\/jam-news.net\/az\/2010-2019-fotolarda-21-ci-%c9%99srin-ikinci-onilliyi-nec%c9%99-kecib\/\",\"name\":\"2010-2019 fotolarda \u2013 21-ci \u0259srin ikinci onilliyi nec\u0259 ke\u00e7ib? - JAMnews\",\"isPartOf\":{\"@id\":\"https:\/\/jam-news.net\/az\/#website\"},\"primaryImageOfPage\":{\"@id\":\"https:\/\/jam-news.net\/az\/2010-2019-fotolarda-21-ci-%c9%99srin-ikinci-onilliyi-nec%c9%99-kecib\/#primaryimage\"},\"image\":{\"@id\":\"https:\/\/jam-news.net\/az\/2010-2019-fotolarda-21-ci-%c9%99srin-ikinci-onilliyi-nec%c9%99-kecib\/#primaryimage\"},\"thumbnailUrl\":\"https:\/\/jam-news.net\/app\/uploads\/2020\/03\/Screen-Shot-2020-01-02-at-17.12.18-3.png\",\"datePublished\":\"2020-01-03T00:00:00+00:00\",\"dateModified\":\"2020-03-18T12:49:18+00:00\",\"breadcrumb\":{\"@id\":\"https:\/\/jam-news.net\/az\/2010-2019-fotolarda-21-ci-%c9%99srin-ikinci-onilliyi-nec%c9%99-kecib\/#breadcrumb\"},\"inLanguage\":\"az\",\"potentialAction\":[{\"@type\":\"ReadAction\",\"target\":[\"https:\/\/jam-news.net\/az\/2010-2019-fotolarda-21-ci-%c9%99srin-ikinci-onilliyi-nec%c9%99-kecib\/\"]}]},{\"@type\":\"ImageObject\",\"inLanguage\":\"az\",\"@id\":\"https:\/\/jam-news.net\/az\/2010-2019-fotolarda-21-ci-%c9%99srin-ikinci-onilliyi-nec%c9%99-kecib\/#primaryimage\",\"url\":\"https:\/\/jam-news.net\/app\/uploads\/2020\/03\/Screen-Shot-2020-01-02-at-17.12.18-3.png\",\"contentUrl\":\"https:\/\/jam-news.net\/app\/uploads\/2020\/03\/Screen-Shot-2020-01-02-at-17.12.18-3.png\",\"width\":1200,\"height\":793},{\"@type\":\"BreadcrumbList\",\"@id\":\"https:\/\/jam-news.net\/az\/2010-2019-fotolarda-21-ci-%c9%99srin-ikinci-onilliyi-nec%c9%99-kecib\/#breadcrumb\",\"itemListElement\":[{\"@type\":\"ListItem\",\"position\":1,\"name\":\"Home\",\"item\":\"https:\/\/jam-news.net\/az\/\"},{\"@type\":\"ListItem\",\"position\":2,\"name\":\"2010-2019 fotolarda \u2013 21-ci \u0259srin ikinci onilliyi nec\u0259 ke\u00e7ib?\"}]},{\"@type\":\"WebSite\",\"@id\":\"https:\/\/jam-news.net\/az\/#website\",\"url\":\"https:\/\/jam-news.net\/az\/\",\"name\":\"Azerbaijani Jamnews\",\"description\":\"Caucasus News, Politics and Society\",\"publisher\":{\"@id\":\"https:\/\/jam-news.net\/az\/#organization\"},\"potentialAction\":[{\"@type\":\"SearchAction\",\"target\":{\"@type\":\"EntryPoint\",\"urlTemplate\":\"https:\/\/jam-news.net\/az\/?s={search_term_string}\"},\"query-input\":{\"@type\":\"PropertyValueSpecification\",\"valueRequired\":true,\"valueName\":\"search_term_string\"}}],\"inLanguage\":\"az\"},{\"@type\":\"Organization\",\"@id\":\"https:\/\/jam-news.net\/az\/#organization\",\"name\":\"JAMnews\",\"url\":\"https:\/\/jam-news.net\/az\/\",\"logo\":{\"@type\":\"ImageObject\",\"inLanguage\":\"az\",\"@id\":\"https:\/\/jam-news.net\/az\/#\/schema\/logo\/image\/\",\"url\":\"https:\/\/jam-news.net\/app\/uploads\/2020\/05\/JAM_w.jpg\",\"contentUrl\":\"https:\/\/jam-news.net\/app\/uploads\/2020\/05\/JAM_w.jpg\",\"width\":960,\"height\":960,\"caption\":\"JAMnews\"},\"image\":{\"@id\":\"https:\/\/jam-news.net\/az\/#\/schema\/logo\/image\/\"},\"sameAs\":[\"https:\/\/www.facebook.com\/JAMnewsInEnglish\/\",\"https:\/\/x.com\/JAMnewsCaucasus\",\"https:\/\/www.instagram.com\/jam_news\/\",\"https:\/\/www.youtube.com\/channel\/UCXQbUCme2pykuZYXWHx4VPg\"]},{\"@type\":\"Person\",\"@id\":\"https:\/\/jam-news.net\/az\/#\/schema\/person\/86c90ea4dd4c6e61e60ae51d24bc662c\",\"name\":\"Tatia nikoladze\",\"image\":{\"@type\":\"ImageObject\",\"inLanguage\":\"az\",\"@id\":\"https:\/\/jam-news.net\/az\/#\/schema\/person\/image\/\",\"url\":\"https:\/\/secure.gravatar.com\/avatar\/1f8b2c8ce4c25cc30806785bafe6bb03?s=96&d=mm&r=g\",\"contentUrl\":\"https:\/\/secure.gravatar.com\/avatar\/1f8b2c8ce4c25cc30806785bafe6bb03?s=96&d=mm&r=g\",\"caption\":\"Tatia nikoladze\"},\"url\":\"https:\/\/jam-news.net\/az\/author\/tatiani\/\"}]}<\/script>\n<!-- \/ Yoast SEO plugin. -->","yoast_head_json":{"title":"2010-2019 fotolarda \u2013 21-ci \u0259srin ikinci onilliyi nec\u0259 ke\u00e7ib? - JAMnews","robots":{"index":"index","follow":"follow","max-snippet":"max-snippet:-1","max-image-preview":"max-image-preview:large","max-video-preview":"max-video-preview:-1"},"canonical":"https:\/\/jam-news.net\/az\/2010-2019-fotolarda-21-ci-\u0259srin-ikinci-onilliyi-nec\u0259-kecib\/","og_locale":"az_AZ","og_type":"article","og_title":"2010-2019 fotolarda \u2013 21-ci \u0259srin ikinci onilliyi nec\u0259 ke\u00e7ib? - JAMnews","og_description":"Haitid\u0259 z\u0259lz\u0259l\u0259d\u0259n tutmu\u015f Suriya m\u00fcharib\u0259sin\u0259 v\u0259 Honkonqdak\u0131 etirazlara q\u0259d\u0259r. Son on ild\u0259 d\u00fcnyan\u0131n \u0259sas 25 hadis\u0259si","og_url":"https:\/\/jam-news.net\/az\/2010-2019-fotolarda-21-ci-\u0259srin-ikinci-onilliyi-nec\u0259-kecib\/","og_site_name":"Azerbaijani Jamnews","article_publisher":"https:\/\/www.facebook.com\/JAMnewsInEnglish\/","article_published_time":"2020-01-03T00:00:00+00:00","article_modified_time":"2020-03-18T12:49:18+00:00","og_image":[{"width":1200,"height":793,"url":"https:\/\/jam-news.net\/app\/uploads\/2020\/03\/Screen-Shot-2020-01-02-at-17.12.18-3.png","type":"image\/png"}],"author":"Tatia nikoladze","twitter_card":"summary_large_image","twitter_creator":"@JAMnewsCaucasus","twitter_site":"@JAMnewsCaucasus","twitter_misc":{"Written by":"Tatia nikoladze","Est. reading time":"12 minutes"},"schema":{"@context":"https:\/\/schema.org","@graph":[{"@type":"Article","@id":"https:\/\/jam-news.net\/az\/2010-2019-fotolarda-21-ci-%c9%99srin-ikinci-onilliyi-nec%c9%99-kecib\/#article","isPartOf":{"@id":"https:\/\/jam-news.net\/az\/2010-2019-fotolarda-21-ci-%c9%99srin-ikinci-onilliyi-nec%c9%99-kecib\/"},"author":{"name":"Tatia nikoladze","@id":"https:\/\/jam-news.net\/az\/#\/schema\/person\/86c90ea4dd4c6e61e60ae51d24bc662c"},"headline":"2010-2019 fotolarda \u2013 21-ci \u0259srin ikinci onilliyi nec\u0259 ke\u00e7ib?","datePublished":"2020-01-03T00:00:00+00:00","dateModified":"2020-03-18T12:49:18+00:00","mainEntityOfPage":{"@id":"https:\/\/jam-news.net\/az\/2010-2019-fotolarda-21-ci-%c9%99srin-ikinci-onilliyi-nec%c9%99-kecib\/"},"wordCount":2335,"commentCount":0,"publisher":{"@id":"https:\/\/jam-news.net\/az\/#organization"},"image":{"@id":"https:\/\/jam-news.net\/az\/2010-2019-fotolarda-21-ci-%c9%99srin-ikinci-onilliyi-nec%c9%99-kecib\/#primaryimage"},"thumbnailUrl":"https:\/\/jam-news.net\/app\/uploads\/2020\/03\/Screen-Shot-2020-01-02-at-17.12.18-3.png","keywords":["AB\u015e-\u0131n Meksika il\u0259 s\u0259rh\u0259di","a\u00e7\u0131l\u0131\u015f","Afina","A\u011f Ev","Aral\u0131q d\u0259nizi","Avstraliya v\u0259 AB\u015e.","Banqlade\u015f","Barak Obama","Barselona","Ba\u015f s\u0259hif\u0259","Benjamin Mendi","benzin sar\u0131s\u0131","Birma","BMT","Boliviya","Braziliyadak\u0131 v\u0259h\u015fi yan\u011f\u0131nlar","Breivik","Brexit","C\u0259nubi Afrika","C\u0259nubi Afrikan\u0131n qara d\u0259rili prezidenti","\u00c7ili","cinsi t\u0259cav\u00fcz","D\u0259m\u0259\u015fq","Donbass","etirazlar\u0131n da\u011f\u0131lmas\u0131","Euromaidan inqilab\u0131","\u018fl Qaid\u0259","Fransa \u00e7empionu","g\u0259ncl\u0259r d\u00fc\u015f\u0259rg\u0259si","g\u00f6zya\u015fard\u0131c\u0131 qaz","Greta Thunberg","Haiti z\u0259lz\u0259l\u0259si","Harvey Weinstein","H\u0259l\u0259b D\u00f6y\u00fc\u015f\u00fc","h\u0259r\u0259kat #MeToo","Hillary Clinton","Hong Kong","\u0130ngilt\u0259r\u0259","\u0130ngilt\u0259r\u0259nin Avropa Birliyind\u0259n \u00e7\u0131xmas\u0131","Iran","\u0130raq","irq\u00e7ilik","\u0130\u015e\u0130D","\u0130slam D\u00f6vl\u0259ti","\u0130stanbul","\u0130taliya","Joe Bayden","kampaniya","kimy\u0259vi silahlar","Kiyev flikts","Kr\u0131m","K\u00fcrd \u0130\u015f\u00e7i Partiyas\u0131","K\u00fcrdl\u0259r","l\u0259yaq\u0259t inqilab\u0131","Livan","London","miqrant d\u00fc\u015f\u0259rg\u0259l\u0259ri","miqrant karvanlar\u0131","miqrant u\u015faqlar","miqrantlar","m\u00fcharib\u0259","Myanma","Nelson Mandela","NORWAY","Notre Dame","n\u00fcv\u0259 proqram\u0131","n\u00fcv\u0259 t\u0259rksilah Yaponiya","Osama bin Laden","Oslo","Paris","pensiya islahat\u0131","qarmaqar\u0131\u015f\u0131ql\u0131qlar","Robert Gates","Rohingya","Rusiya q\u00fcvv\u0259l\u0259ri","Rusiyada futbol \u00e7empionat\u0131","\u015f\u0259rqi Ukrayna","Sinjar","siyasi qar\u015f\u0131durma","sui-q\u0259sdl\u0259r","sunami","Taksim","talan\u00e7\u0131lar","Tehran","t\u0259bii f\u0259lak\u0259tl\u0259r","top","Trump","Ukrayna","UN","yan\u011f\u0131n","Yunan\u0131stan"],"articleSection":["From far and near","Geography","News","Photo\/Video","Stories"],"inLanguage":"az"},{"@type":"WebPage","@id":"https:\/\/jam-news.net\/az\/2010-2019-fotolarda-21-ci-%c9%99srin-ikinci-onilliyi-nec%c9%99-kecib\/","url":"https:\/\/jam-news.net\/az\/2010-2019-fotolarda-21-ci-%c9%99srin-ikinci-onilliyi-nec%c9%99-kecib\/","name":"2010-2019 fotolarda \u2013 21-ci \u0259srin ikinci onilliyi nec\u0259 ke\u00e7ib? - JAMnews","isPartOf":{"@id":"https:\/\/jam-news.net\/az\/#website"},"primaryImageOfPage":{"@id":"https:\/\/jam-news.net\/az\/2010-2019-fotolarda-21-ci-%c9%99srin-ikinci-onilliyi-nec%c9%99-kecib\/#primaryimage"},"image":{"@id":"https:\/\/jam-news.net\/az\/2010-2019-fotolarda-21-ci-%c9%99srin-ikinci-onilliyi-nec%c9%99-kecib\/#primaryimage"},"thumbnailUrl":"https:\/\/jam-news.net\/app\/uploads\/2020\/03\/Screen-Shot-2020-01-02-at-17.12.18-3.png","datePublished":"2020-01-03T00:00:00+00:00","dateModified":"2020-03-18T12:49:18+00:00","breadcrumb":{"@id":"https:\/\/jam-news.net\/az\/2010-2019-fotolarda-21-ci-%c9%99srin-ikinci-onilliyi-nec%c9%99-kecib\/#breadcrumb"},"inLanguage":"az","potentialAction":[{"@type":"ReadAction","target":["https:\/\/jam-news.net\/az\/2010-2019-fotolarda-21-ci-%c9%99srin-ikinci-onilliyi-nec%c9%99-kecib\/"]}]},{"@type":"ImageObject","inLanguage":"az","@id":"https:\/\/jam-news.net\/az\/2010-2019-fotolarda-21-ci-%c9%99srin-ikinci-onilliyi-nec%c9%99-kecib\/#primaryimage","url":"https:\/\/jam-news.net\/app\/uploads\/2020\/03\/Screen-Shot-2020-01-02-at-17.12.18-3.png","contentUrl":"https:\/\/jam-news.net\/app\/uploads\/2020\/03\/Screen-Shot-2020-01-02-at-17.12.18-3.png","width":1200,"height":793},{"@type":"BreadcrumbList","@id":"https:\/\/jam-news.net\/az\/2010-2019-fotolarda-21-ci-%c9%99srin-ikinci-onilliyi-nec%c9%99-kecib\/#breadcrumb","itemListElement":[{"@type":"ListItem","position":1,"name":"Home","item":"https:\/\/jam-news.net\/az\/"},{"@type":"ListItem","position":2,"name":"2010-2019 fotolarda \u2013 21-ci \u0259srin ikinci onilliyi nec\u0259 ke\u00e7ib?"}]},{"@type":"WebSite","@id":"https:\/\/jam-news.net\/az\/#website","url":"https:\/\/jam-news.net\/az\/","name":"Azerbaijani Jamnews","description":"Caucasus News, Politics and Society","publisher":{"@id":"https:\/\/jam-news.net\/az\/#organization"},"potentialAction":[{"@type":"SearchAction","target":{"@type":"EntryPoint","urlTemplate":"https:\/\/jam-news.net\/az\/?s={search_term_string}"},"query-input":{"@type":"PropertyValueSpecification","valueRequired":true,"valueName":"search_term_string"}}],"inLanguage":"az"},{"@type":"Organization","@id":"https:\/\/jam-news.net\/az\/#organization","name":"JAMnews","url":"https:\/\/jam-news.net\/az\/","logo":{"@type":"ImageObject","inLanguage":"az","@id":"https:\/\/jam-news.net\/az\/#\/schema\/logo\/image\/","url":"https:\/\/jam-news.net\/app\/uploads\/2020\/05\/JAM_w.jpg","contentUrl":"https:\/\/jam-news.net\/app\/uploads\/2020\/05\/JAM_w.jpg","width":960,"height":960,"caption":"JAMnews"},"image":{"@id":"https:\/\/jam-news.net\/az\/#\/schema\/logo\/image\/"},"sameAs":["https:\/\/www.facebook.com\/JAMnewsInEnglish\/","https:\/\/x.com\/JAMnewsCaucasus","https:\/\/www.instagram.com\/jam_news\/","https:\/\/www.youtube.com\/channel\/UCXQbUCme2pykuZYXWHx4VPg"]},{"@type":"Person","@id":"https:\/\/jam-news.net\/az\/#\/schema\/person\/86c90ea4dd4c6e61e60ae51d24bc662c","name":"Tatia nikoladze","image":{"@type":"ImageObject","inLanguage":"az","@id":"https:\/\/jam-news.net\/az\/#\/schema\/person\/image\/","url":"https:\/\/secure.gravatar.com\/avatar\/1f8b2c8ce4c25cc30806785bafe6bb03?s=96&d=mm&r=g","contentUrl":"https:\/\/secure.gravatar.com\/avatar\/1f8b2c8ce4c25cc30806785bafe6bb03?s=96&d=mm&r=g","caption":"Tatia nikoladze"},"url":"https:\/\/jam-news.net\/az\/author\/tatiani\/"}]}},"_links":{"self":[{"href":"https:\/\/jam-news.net\/az\/wp-json\/wp\/v2\/posts\/12718","targetHints":{"allow":["GET"]}}],"collection":[{"href":"https:\/\/jam-news.net\/az\/wp-json\/wp\/v2\/posts"}],"about":[{"href":"https:\/\/jam-news.net\/az\/wp-json\/wp\/v2\/types\/post"}],"author":[{"embeddable":true,"href":"https:\/\/jam-news.net\/az\/wp-json\/wp\/v2\/users\/6"}],"replies":[{"embeddable":true,"href":"https:\/\/jam-news.net\/az\/wp-json\/wp\/v2\/comments?post=12718"}],"version-history":[{"count":1,"href":"https:\/\/jam-news.net\/az\/wp-json\/wp\/v2\/posts\/12718\/revisions"}],"predecessor-version":[{"id":16706,"href":"https:\/\/jam-news.net\/az\/wp-json\/wp\/v2\/posts\/12718\/revisions\/16706"}],"wp:featuredmedia":[{"embeddable":true,"href":"https:\/\/jam-news.net\/az\/wp-json\/wp\/v2\/media\/22794"}],"wp:attachment":[{"href":"https:\/\/jam-news.net\/az\/wp-json\/wp\/v2\/media?parent=12718"}],"wp:term":[{"taxonomy":"category","embeddable":true,"href":"https:\/\/jam-news.net\/az\/wp-json\/wp\/v2\/categories?post=12718"},{"taxonomy":"post_tag","embeddable":true,"href":"https:\/\/jam-news.net\/az\/wp-json\/wp\/v2\/tags?post=12718"},{"taxonomy":"formation","embeddable":true,"href":"https:\/\/jam-news.net\/az\/wp-json\/wp\/v2\/formation?post=12718"},{"taxonomy":"post-author","embeddable":true,"href":"https:\/\/jam-news.net\/az\/wp-json\/wp\/v2\/post-author?post=12718"},{"taxonomy":"topic","embeddable":true,"href":"https:\/\/jam-news.net\/az\/wp-json\/wp\/v2\/topic?post=12718"},{"taxonomy":"tooltip","embeddable":true,"href":"https:\/\/jam-news.net\/az\/wp-json\/wp\/v2\/tooltip?post=12718"},{"taxonomy":"city","embeddable":true,"href":"https:\/\/jam-news.net\/az\/wp-json\/wp\/v2\/city?post=12718"}],"curies":[{"name":"wp","href":"https:\/\/api.w.org\/{rel}","templated":true}]}}