{"id":12709,"date":"2019-12-31T00:00:00","date_gmt":"2019-12-31T00:00:00","guid":{"rendered":"http:\/\/jam-news.net\/az\/3-milyon-s%c9%99rnisin-2019-cu-il-yerevanin-zvartnotsaeroportu-ucun-rekord-ili-olub\/"},"modified":"2020-03-18T12:49:06","modified_gmt":"2020-03-18T12:49:06","slug":"3-milyon-s%c9%99rnisin-2019-cu-il-yerevanin-zvartnotsaeroportu-ucun-rekord-ili-olub","status":"publish","type":"post","link":"https:\/\/jam-news.net\/az\/3-milyon-s%c9%99rnisin-2019-cu-il-yerevanin-zvartnotsaeroportu-ucun-rekord-ili-olub\/","title":{"rendered":"3 milyon s\u0259rni\u015fin \u2013 2019-cu il Yerevan\u0131n \u201cZvartnots\u201daeroportu \u00fc\u00e7\u00fcn rekord ili olub"},"content":{"rendered":"<p>Yerevan\u0131n \u201cZvartnots\u201d aeroportu 2019-cu ild\u0259 ilk d\u0259f\u0259 3 milyon insana xidm\u0259t g\u00f6st\u0259rib. Bu, b\u00fct\u00fcn m\u00f6vcudlu\u011fu \u0259rzind\u0259 rekord g\u00f6st\u0259ricidir.<\/p>\n<p>Rekord bilavasit\u0259 dekabr\u0131n 30-da Moskva-Yerevan reysinin h\u0259yata ke\u00e7irilm\u0259si il\u0259 \u0259ld\u0259 olunub. Reysin b\u00fct\u00fcn s\u0259rni\u015finl\u0259rini musiqi il\u0259 qar\u015f\u0131lay\u0131b, onlara \u015f\u0259rab v\u0259 \u015firniyyat h\u0259diyy\u0259 edibl\u0259r.<\/p>\n<div id=\"attachment_215735\" class=\"wp-caption aligncenter\">\n<p><img loading=\"lazy\" decoding=\"async\" class=\"wp-image-215735\" src=\"http:\/\/jam-news.net\/app\/uploads\/2019\/12\/Screen-Shot-2019-12-30-at-17.32.29-300x223.png\" sizes=\"auto, (max-width: 800px) 100vw, 800px\" srcset=\"http:\/\/jam-news.net\/app\/uploads\/2019\/12\/Screen-Shot-2019-12-30-at-17.32.29-300x223.png 300w, http:\/\/jam-news.net\/app\/uploads\/2019\/12\/Screen-Shot-2019-12-30-at-17.32.29-150x111.png 150w, http:\/\/jam-news.net\/app\/uploads\/2019\/12\/Screen-Shot-2019-12-30-at-17.32.29-768x570.png 768w, http:\/\/jam-news.net\/app\/uploads\/2019\/12\/Screen-Shot-2019-12-30-at-17.32.29-1024x760.png 1024w\" alt=\"\" width=\"800\" height=\"593\" \/><\/p>\n<p class=\"wp-caption-text\"><em>Yerevan\u0131n \u201cZvartnots\u201d aeroportu rekord g\u00f6st\u0259ricini baya edir \u2013 2019-cu ild\u0259 tarixind\u0259 ilk d\u0259f\u0259 aeroport 3 milyon insana xodm\u0259t g\u00f6st\u0259rib. Dekabr\u0131n 30-da b\u00fct\u00fcn s\u0259rni\u015finl\u0259ri musiqi il\u0259 qar\u015f\u0131lay\u0131b, onlara \u015f\u0259rab v\u0259 \u015firniyyat h\u0259diyy\u0259 edibl\u0259r<\/em><\/p>\n<\/div>\n<h2 style=\"text-align: center;\"><span style=\"color: #000080;\"><strong>Beyn\u0259lxalq top-reytinql\u0259r v\u0259 G\u00fcrc\u00fcstandak\u0131 b\u00f6hran<\/strong><\/span><\/h2>\n<p>H\u0259l\u0259lik Yerevan aeroportuna s\u0259rni\u015fin da\u015f\u0131malar\u0131n\u0131n say\u0131n\u0131 art\u0131rma\u011fa hans\u0131 amill\u0259rin t\u0259sir etdiyi d\u0259qiq m\u0259lum deyil. Amma \u0259sas a\u015fa\u011f\u0131dak\u0131 \u00fc\u00e7 s\u0259b\u0259bl ola bil\u0259r:<\/p>\n<ul>\n<li>2019-cu ild\u0259 Erm\u0259nistan bir ne\u00e7\u0259 d\u0259f\u0259 m\u00fcxt\u0259lif turist reytinql\u0259rin\u0259 d\u00fc\u015f\u00fcb. M\u0259s\u0259l\u0259n, \u201c<strong>Bloomberg\u201d agentliyi \u00f6lk\u0259ni Avropan\u0131n \u0259n s\u00fcr\u0259tl\u0259 b\u00f6y\u00fcy\u0259n turizm mar\u015frutlar\u0131 onlu\u011funa daxil edib, \u201cForbes\u201d jurnals\u0131 Yerevan\u0131 planetin kifay\u0259t q\u0259d\u0259r d\u0259y\u0259rl\u0259ndirilm\u0259mi\u015f 10 m\u0259kan\u0131 s\u0131ras\u0131nnda g\u00f6r\u00fcb.<\/strong><\/li>\n<\/ul>\n<p>&nbsp;<\/p>\n<ul>\n<li>Ehtimal olunur ki, Erm\u0259nistan\u0131n r\u0259smi strukturlar\u0131 v\u0259 yerli turizm agentlikl\u0259ri beyn\u0259lxalq bazarda daha f\u0259al v\u0259 daha u\u011furlu i\u015fl\u0259m\u0259y\u0259 ba\u015flay\u0131blar.<\/li>\n<\/ul>\n<p>&nbsp;<\/p>\n<p style=\"padding-left: 30px;\">\u2022 Ola bil\u0259r ki, qon\u015fu G\u00fcrc\u00fcstandak\u0131 siyasi b\u00f6hran g\u00f6st\u0259ricil\u0259r\u0259 t\u0259sir edib. 2019-cu il iyulun 8-d\u0259n Moskva G\u00fcrc\u00fcstanla b\u00fct\u00fcn avia\u0259laq\u0259y\u0259 qada\u011fa qoyub v\u0259 rusiyal\u0131 turistl\u0259rin \u00e7oxu \u0259vv\u0259lc\u0259 Yerevana g\u0259lir, buradan Tbilisiy\u0259 u\u00e7urdular. H\u0259m\u00e7inin Erm\u0259nistan\u0131n \u00fc\u00e7 avia\u015firk\u0259ti G\u00fcrc\u00fcstana istirah\u0259t\u0259 getm\u0259k ist\u0259y\u0259nl\u0259r\u0259 tranzit reysl\u0259r t\u0259klif edib.<\/p>\n<p><strong>_____________________<\/strong><\/p>\n<ul>\n<li><a href=\"https:\/\/jam-news.net\/rusiya-gurcustanla-birbasa-hava-%c9%99laq%c9%99sini-k%c9%99sib\/?lang=az-AZ\"><strong>Rusiya G\u00fcrc\u00fcstanla birba\u015fa avia\u0259laq\u0259l\u0259ri niy\u0259 k\u0259sib v\u0259 bundan sonra n\u0259 g\u00f6zl\u0259m\u0259k olar?<\/strong><\/a><\/li>\n<li><a href=\"https:\/\/jam-news.net\/erm%c9%99nistan-gurcustana-rusiyali-turistl%c9%99ri-itirm%c9%99m%c9%99kd%c9%99-kom%c9%99k-ed%c9%99c%c9%99k\/?lang=az-AZ\"><strong>Erm\u0259nistan rusiyal\u0131 turistl\u0259rini itirm\u0259m\u0259k \u00fc\u00e7\u00fcn G\u00fcrc\u00fcstana nec\u0259 k\u00f6m\u0259k edib?<\/strong><\/a><\/li>\n<li><a href=\"https:\/\/jam-news.net\/g%c9%99l%c9%99c%c9%99kl%c9%99-bagli-coxlu-c%c9%99lbedici-layih%c9%99l%c9%99r-bu-gun-is%c9%99-yaxsi-az-sey-erm%c9%99nistanin-mulki-aviasiyasi-haqda\/?lang=az-AZ\"><strong>G\u0259l\u0259c\u0259k \u00fc\u00e7\u00fcn \u00e7oxlu c\u0259lbedici layih\u0259, bu g\u00fcn is\u0259 dur\u011funluq \u2013 Erm\u0259nistan\u0131n m\u00fclki aviasiyas\u0131 haqda<\/strong><\/a><\/li>\n<\/ul>\n<p><strong>_____________________________________________________________________________________________<\/strong><\/p>\n<p>Son d\u00f6rd ild\u0259 \u201cZvartnots\u201d aeroportunun xidm\u0259t g\u00f6st\u0259rdiyi s\u0259rni\u015finl\u0259rin say\u0131 500 faiz y\u00fcks\u0259lib \u2013 aeroportun m\u0259tbuat katibi Satenik Hovannisyan bildirib:<\/p>\n<p><em>\u201cH\u0259l\u0259 ilin ortas\u0131nda art\u0131q ilin sonunda s\u0259rni\u015fin say\u0131n\u0131n rekorda \u00e7ataca\u011f\u0131 ehtimal olunurdu. Faiz nisb\u0259tind\u0259 bu, 2018-ci ill\u0259 m\u00fcqayis\u0259d\u0259 11 faiz \u00e7oxdur. H\u0259min il \u201cZvartnots\u201d vasit\u0259sil\u0259 Erm\u0259nistana 2 milyon 693 min n\u0259f\u0259r g\u0259lmi\u015fdi\u201d.<\/em><\/p>\n<p>Satenik Hovannisyan Rusiyadan qon\u015fu G\u00fcrc\u00fcstana avia-resyl\u0259rin dayand\u0131r\u0131lmas\u0131n\u0131n v\u0259ziyy\u0259t\u0259 nec\u0259 t\u0259sir etdiyi il\u0259 ba\u011fl\u0131 suala cavab verm\u0259y\u0259 \u00e7\u0259tinlik \u00e7\u0259kib.<\/p>\n<h2 style=\"text-align: center;\"><span style=\"color: #000080;\"><strong>2019 \u2013 <\/strong><strong>Erm\u0259nistanda loukosterl\u0259r ili<\/strong><\/span><\/h2>\n<p>Statistika g\u00f6st\u0259rir ki, Erm\u0259nistana Rusiyadan v\u0259 dig\u0259r postsovet \u00f6lk\u0259l\u0259rind\u0259n getdikc\u0259 daha \u00e7ox turist g\u0259lir.<\/p>\n<p>H\u0259m\u00e7inin Erm\u0259nistandan bu istiqam\u0259tl\u0259r\u0259 daha \u00e7ox u\u00e7urlar.<\/p>\n<p>Erm\u0259nistandan Avropa \u0130ttifaq\u0131 \u00f6lk\u0259l\u0259rin\u0259 xeyli daha az u\u00e7urlar. Ekspertl\u0259r bunu viza rejimi v\u0259 avia-biletl\u0259rin y\u00fcks\u0259k qiym\u0259ti il\u0259 \u0259laq\u0259l\u0259ndirirl\u0259r.<\/p>\n<p><strong>Amma v\u0259ziyy\u0259tin tezlikl\u0259 d\u0259yi\u015fm\u0259k ehtimal\u0131n\u0131n oldu\u011funu d\u00fc\u015f\u00fcnm\u0259k \u00fc\u00e7\u00fcn \u0259saslar var.<\/strong><\/p>\n<p>2020-ci ild\u0259 Erm\u0259nistanda Avropan\u0131n ilk loukoster \u015firk\u0259ti, \u201cRyanair\u201d\u00a0 i\u015fl\u0259m\u0259y\u0259 ba\u015flayacaq. Art\u0131q yanvarda Romaya v\u0259 Milana ilk ucuz birba\u015fa reysl\u0259r ba\u015flayacaq.<\/p>\n<p>2020-ci ilin yay\u0131ndan ucuz qiym\u0259t\u0259 Yerevandan Berlin\u0259, Erm\u0259nistan\u0131n b\u00f6y\u00fckl\u00fcy\u00fcn\u0259 g\u00f6r\u0259 ikinci \u015f\u0259h\u0259ri G\u00fcmrid\u0259n is\u0259 M\u00fcnhen\u0259 reysl\u0259r ba\u015flayacaq.<\/p>\n<p>2019-cu ilin sonuna do\u011fru o da m\u0259lum olub ki, daha bir ucuz qiym\u0259t\u0259 s\u0259rni\u015fin da\u015f\u0131yan avia\u015firk\u0259t &#8211; \u201cWizz Air\u201d d\u0259 Erm\u0259nistan bazar\u0131na g\u0259lir. Bu Macar\u0131stan loukosteri aprelin 3-d\u0259n Yerevan-Vilnyus v\u0259 Yerevan-Vyana reysl\u0259rini i\u015f\u0259 salacaq.<\/p>\n<p>&nbsp;<\/p>\n","protected":false},"excerpt":{"rendered":"<p>Erm\u0259nistan beyn\u0259lxalq turizm reytinql\u0259rinin top siyah\u0131lar\u0131na d\u00fc\u015f\u00fcb. H\u0259m\u00e7inin Rusiya v\u0259 G\u00fcrc\u00fcstan aras\u0131nda u\u00e7u\u015flar\u0131n dayand\u0131r\u0131lmas\u0131 s\u0259b\u0259bil\u0259 turistl\u0259rin bir hiss\u0259si Tbilisiy\u0259 Erm\u0259nistan vasit\u0259sil\u0259 gedib<\/p>\n","protected":false},"author":3,"featured_media":22790,"comment_status":"open","ping_status":"open","sticky":false,"template":"","format":"standard","meta":{"_acf_changed":false,"footnotes":""},"categories":[27,2,25,50],"tags":[55,143,56,96,150,151],"formation":[],"post-author":[],"topic":[],"tooltip":[],"city":[],"class_list":["post-12709","post","type-post","status-publish","format-standard","has-post-thumbnail","hentry","category-ermnistan","category-cografiya","category-cmiyyt","category-xbrlr","tag-ermnistanda-hyat","tag-ermnistandan-hekaylr","tag-post-sovet-ermnistani","tag-qafqaz-iqtisadiyyati","tag-qafqaz-munaqislri","tag-qafqaz-siyasti"],"acf":[],"yoast_head":"<!-- This site is optimized with the Yoast SEO plugin v24.1 - https:\/\/yoast.com\/wordpress\/plugins\/seo\/ -->\n<title>3 milyon s\u0259rni\u015fin \u2013 2019-cu il Yerevan\u0131n \u201cZvartnots\u201daeroportu \u00fc\u00e7\u00fcn rekord ili olub - JAMnews<\/title>\n<meta name=\"robots\" content=\"index, follow, max-snippet:-1, max-image-preview:large, max-video-preview:-1\" \/>\n<link rel=\"canonical\" href=\"https:\/\/jam-news.net\/az\/3-milyon-s\u0259rnisin-2019-cu-il-yerevanin-zvartnotsaeroportu-ucun-rekord-ili-olub\/\" \/>\n<meta property=\"og:locale\" content=\"az_AZ\" \/>\n<meta property=\"og:type\" content=\"article\" \/>\n<meta property=\"og:title\" content=\"3 milyon s\u0259rni\u015fin \u2013 2019-cu il Yerevan\u0131n \u201cZvartnots\u201daeroportu \u00fc\u00e7\u00fcn rekord ili olub - JAMnews\" \/>\n<meta property=\"og:description\" content=\"Erm\u0259nistan beyn\u0259lxalq turizm reytinql\u0259rinin top siyah\u0131lar\u0131na d\u00fc\u015f\u00fcb. H\u0259m\u00e7inin Rusiya v\u0259 G\u00fcrc\u00fcstan aras\u0131nda u\u00e7u\u015flar\u0131n dayand\u0131r\u0131lmas\u0131 s\u0259b\u0259bil\u0259 turistl\u0259rin bir hiss\u0259si Tbilisiy\u0259 Erm\u0259nistan vasit\u0259sil\u0259 gedib\" \/>\n<meta property=\"og:url\" content=\"https:\/\/jam-news.net\/az\/3-milyon-s\u0259rnisin-2019-cu-il-yerevanin-zvartnotsaeroportu-ucun-rekord-ili-olub\/\" \/>\n<meta property=\"og:site_name\" content=\"Azerbaijani Jamnews\" \/>\n<meta property=\"article:publisher\" content=\"https:\/\/www.facebook.com\/JAMnewsInEnglish\/\" \/>\n<meta property=\"article:published_time\" content=\"2019-12-31T00:00:00+00:00\" \/>\n<meta property=\"article:modified_time\" content=\"2020-03-18T12:49:06+00:00\" \/>\n<meta property=\"og:image\" content=\"https:\/\/jam-news.net\/app\/uploads\/2020\/03\/Screen-Shot-2019-12-30-at-17.32.29-3-1024x760.png\" \/>\n\t<meta property=\"og:image:width\" content=\"1024\" \/>\n\t<meta property=\"og:image:height\" content=\"760\" \/>\n\t<meta property=\"og:image:type\" content=\"image\/png\" \/>\n<meta name=\"author\" content=\"JAMnews\" \/>\n<meta name=\"twitter:card\" content=\"summary_large_image\" \/>\n<meta name=\"twitter:creator\" content=\"@JAMnewsCaucasus\" \/>\n<meta name=\"twitter:site\" content=\"@JAMnewsCaucasus\" \/>\n<meta name=\"twitter:label1\" content=\"Written by\" \/>\n\t<meta name=\"twitter:data1\" content=\"JAMnews\" \/>\n\t<meta name=\"twitter:label2\" content=\"Est. reading time\" \/>\n\t<meta name=\"twitter:data2\" content=\"4 minutes\" \/>\n<script type=\"application\/ld+json\" class=\"yoast-schema-graph\">{\"@context\":\"https:\/\/schema.org\",\"@graph\":[{\"@type\":\"Article\",\"@id\":\"https:\/\/jam-news.net\/az\/3-milyon-s%c9%99rnisin-2019-cu-il-yerevanin-zvartnotsaeroportu-ucun-rekord-ili-olub\/#article\",\"isPartOf\":{\"@id\":\"https:\/\/jam-news.net\/az\/3-milyon-s%c9%99rnisin-2019-cu-il-yerevanin-zvartnotsaeroportu-ucun-rekord-ili-olub\/\"},\"author\":{\"name\":\"JAMnews\",\"@id\":\"https:\/\/jam-news.net\/az\/#\/schema\/person\/67df3bb7adb46cd513fb9c4cb02361c6\"},\"headline\":\"3 milyon s\u0259rni\u015fin \u2013 2019-cu il Yerevan\u0131n \u201cZvartnots\u201daeroportu \u00fc\u00e7\u00fcn rekord ili olub\",\"datePublished\":\"2019-12-31T00:00:00+00:00\",\"dateModified\":\"2020-03-18T12:49:06+00:00\",\"mainEntityOfPage\":{\"@id\":\"https:\/\/jam-news.net\/az\/3-milyon-s%c9%99rnisin-2019-cu-il-yerevanin-zvartnotsaeroportu-ucun-rekord-ili-olub\/\"},\"wordCount\":714,\"commentCount\":0,\"publisher\":{\"@id\":\"https:\/\/jam-news.net\/az\/#organization\"},\"image\":{\"@id\":\"https:\/\/jam-news.net\/az\/3-milyon-s%c9%99rnisin-2019-cu-il-yerevanin-zvartnotsaeroportu-ucun-rekord-ili-olub\/#primaryimage\"},\"thumbnailUrl\":\"https:\/\/jam-news.net\/app\/uploads\/2020\/03\/Screen-Shot-2019-12-30-at-17.32.29-3.png\",\"keywords\":[\"Erm\u0259nistanda h\u0259yat\",\"Erm\u0259nistandan hekay\u0259l\u0259r\",\"post-sovet Erm\u0259nistan\u0131\",\"Qafqaz iqtisadiyyat\u0131\",\"Qafqaz m\u00fcnaqi\u015f\u0259l\u0259ri\",\"Qafqaz siyas\u0259ti\"],\"articleSection\":[\"Armenia\",\"Geography\",\"Issues\",\"News\"],\"inLanguage\":\"az\"},{\"@type\":\"WebPage\",\"@id\":\"https:\/\/jam-news.net\/az\/3-milyon-s%c9%99rnisin-2019-cu-il-yerevanin-zvartnotsaeroportu-ucun-rekord-ili-olub\/\",\"url\":\"https:\/\/jam-news.net\/az\/3-milyon-s%c9%99rnisin-2019-cu-il-yerevanin-zvartnotsaeroportu-ucun-rekord-ili-olub\/\",\"name\":\"3 milyon s\u0259rni\u015fin \u2013 2019-cu il Yerevan\u0131n \u201cZvartnots\u201daeroportu \u00fc\u00e7\u00fcn rekord ili olub - JAMnews\",\"isPartOf\":{\"@id\":\"https:\/\/jam-news.net\/az\/#website\"},\"primaryImageOfPage\":{\"@id\":\"https:\/\/jam-news.net\/az\/3-milyon-s%c9%99rnisin-2019-cu-il-yerevanin-zvartnotsaeroportu-ucun-rekord-ili-olub\/#primaryimage\"},\"image\":{\"@id\":\"https:\/\/jam-news.net\/az\/3-milyon-s%c9%99rnisin-2019-cu-il-yerevanin-zvartnotsaeroportu-ucun-rekord-ili-olub\/#primaryimage\"},\"thumbnailUrl\":\"https:\/\/jam-news.net\/app\/uploads\/2020\/03\/Screen-Shot-2019-12-30-at-17.32.29-3.png\",\"datePublished\":\"2019-12-31T00:00:00+00:00\",\"dateModified\":\"2020-03-18T12:49:06+00:00\",\"breadcrumb\":{\"@id\":\"https:\/\/jam-news.net\/az\/3-milyon-s%c9%99rnisin-2019-cu-il-yerevanin-zvartnotsaeroportu-ucun-rekord-ili-olub\/#breadcrumb\"},\"inLanguage\":\"az\",\"potentialAction\":[{\"@type\":\"ReadAction\",\"target\":[\"https:\/\/jam-news.net\/az\/3-milyon-s%c9%99rnisin-2019-cu-il-yerevanin-zvartnotsaeroportu-ucun-rekord-ili-olub\/\"]}]},{\"@type\":\"ImageObject\",\"inLanguage\":\"az\",\"@id\":\"https:\/\/jam-news.net\/az\/3-milyon-s%c9%99rnisin-2019-cu-il-yerevanin-zvartnotsaeroportu-ucun-rekord-ili-olub\/#primaryimage\",\"url\":\"https:\/\/jam-news.net\/app\/uploads\/2020\/03\/Screen-Shot-2019-12-30-at-17.32.29-3.png\",\"contentUrl\":\"https:\/\/jam-news.net\/app\/uploads\/2020\/03\/Screen-Shot-2019-12-30-at-17.32.29-3.png\",\"width\":1906,\"height\":1414,\"caption\":\"\u10d4\u10e0\u10d4\u10d5\u10dc\u10d8\u10e1 \u10d0\u10d4\u10e0\u10dd\u10de\u10dd\u10e0\u10e2\u10d8 \u201e\u10d6\u10d5\u10d0\u10e0\u10e2\u10dc\u10dd\u10ea\u10d8\u201c \u10e1\u10d0\u10e0\u10d4\u10d9\u10dd\u10e0\u10d3\u10dd \u10db\u10d0\u10e9\u10d5\u10d4\u10dc\u10d4\u10d1\u10d4\u10da\u10e1 \u10d6\u10d4\u10d8\u10db\u10dd\u10d1\u10e1 - 2019 \u10ec\u10d4\u10da\u10e1 \u10d8\u10e1 \u10d7\u10d0\u10d5\u10d8\u10e1 \u10d8\u10e1\u10e2\u10dd\u10e0\u10d8\u10d8\u10e1 \u10d2\u10d0\u10dc\u10db\u10d0\u10d5\u10da\u10dd\u10d1\u10d0\u10e8\u10d8 3 \u10db\u10d8\u10da\u10d8\u10dd\u10dc \u10d0\u10d3\u10d0\u10db\u10d8\u10d0\u10dc\u10e1 \u10db\u10dd\u10d4\u10db\u10e1\u10d0\u10ee\u10e3\u10e0\u10d0. 30 \u10d3\u10d4\u10d9\u10d4\u10db\u10d1\u10d4\u10e0\u10e1 \u10e7\u10d5\u10d4\u10da\u10d0 \u10db\u10d2\u10d6\u10d0\u10d5\u10e0\u10e1 \u10db\u10e3\u10e1\u10d8\u10d9\u10d8\u10d7 \u10ee\u10d5\u10d3\u10d4\u10d1\u10dd\u10d3\u10dc\u10d4\u10dc \u10d3\u10d0 \u10db\u10d0\u10d7 \u10e6\u10d5\u10d8\u10dc\u10dd\u10e1\u10d0 \u10d3\u10d0 \u10e2\u10d9\u10d1\u10d8\u10da\u10d4\u10e3\u10da\u10e1 \u10e9\u10e3\u10e5\u10dc\u10d8\u10d3\u10dc\u10d4\u10dc\"},{\"@type\":\"BreadcrumbList\",\"@id\":\"https:\/\/jam-news.net\/az\/3-milyon-s%c9%99rnisin-2019-cu-il-yerevanin-zvartnotsaeroportu-ucun-rekord-ili-olub\/#breadcrumb\",\"itemListElement\":[{\"@type\":\"ListItem\",\"position\":1,\"name\":\"Home\",\"item\":\"https:\/\/jam-news.net\/az\/\"},{\"@type\":\"ListItem\",\"position\":2,\"name\":\"3 milyon s\u0259rni\u015fin \u2013 2019-cu il Yerevan\u0131n \u201cZvartnots\u201daeroportu \u00fc\u00e7\u00fcn rekord ili olub\"}]},{\"@type\":\"WebSite\",\"@id\":\"https:\/\/jam-news.net\/az\/#website\",\"url\":\"https:\/\/jam-news.net\/az\/\",\"name\":\"Azerbaijani Jamnews\",\"description\":\"Caucasus News, Politics and Society\",\"publisher\":{\"@id\":\"https:\/\/jam-news.net\/az\/#organization\"},\"potentialAction\":[{\"@type\":\"SearchAction\",\"target\":{\"@type\":\"EntryPoint\",\"urlTemplate\":\"https:\/\/jam-news.net\/az\/?s={search_term_string}\"},\"query-input\":{\"@type\":\"PropertyValueSpecification\",\"valueRequired\":true,\"valueName\":\"search_term_string\"}}],\"inLanguage\":\"az\"},{\"@type\":\"Organization\",\"@id\":\"https:\/\/jam-news.net\/az\/#organization\",\"name\":\"JAMnews\",\"url\":\"https:\/\/jam-news.net\/az\/\",\"logo\":{\"@type\":\"ImageObject\",\"inLanguage\":\"az\",\"@id\":\"https:\/\/jam-news.net\/az\/#\/schema\/logo\/image\/\",\"url\":\"https:\/\/jam-news.net\/app\/uploads\/2020\/05\/JAM_w.jpg\",\"contentUrl\":\"https:\/\/jam-news.net\/app\/uploads\/2020\/05\/JAM_w.jpg\",\"width\":960,\"height\":960,\"caption\":\"JAMnews\"},\"image\":{\"@id\":\"https:\/\/jam-news.net\/az\/#\/schema\/logo\/image\/\"},\"sameAs\":[\"https:\/\/www.facebook.com\/JAMnewsInEnglish\/\",\"https:\/\/x.com\/JAMnewsCaucasus\",\"https:\/\/www.instagram.com\/jam_news\/\",\"https:\/\/www.youtube.com\/channel\/UCXQbUCme2pykuZYXWHx4VPg\"]},{\"@type\":\"Person\",\"@id\":\"https:\/\/jam-news.net\/az\/#\/schema\/person\/67df3bb7adb46cd513fb9c4cb02361c6\",\"name\":\"JAMnews\",\"image\":{\"@type\":\"ImageObject\",\"inLanguage\":\"az\",\"@id\":\"https:\/\/jam-news.net\/az\/#\/schema\/person\/image\/\",\"url\":\"https:\/\/secure.gravatar.com\/avatar\/e5c27593ef900c3ab3deed4ed1c653d7?s=96&d=mm&r=g\",\"contentUrl\":\"https:\/\/secure.gravatar.com\/avatar\/e5c27593ef900c3ab3deed4ed1c653d7?s=96&d=mm&r=g\",\"caption\":\"JAMnews\"},\"url\":\"https:\/\/jam-news.net\/az\/author\/margarita\/\"}]}<\/script>\n<!-- \/ Yoast SEO plugin. -->","yoast_head_json":{"title":"3 milyon s\u0259rni\u015fin \u2013 2019-cu il Yerevan\u0131n \u201cZvartnots\u201daeroportu \u00fc\u00e7\u00fcn rekord ili olub - JAMnews","robots":{"index":"index","follow":"follow","max-snippet":"max-snippet:-1","max-image-preview":"max-image-preview:large","max-video-preview":"max-video-preview:-1"},"canonical":"https:\/\/jam-news.net\/az\/3-milyon-s\u0259rnisin-2019-cu-il-yerevanin-zvartnotsaeroportu-ucun-rekord-ili-olub\/","og_locale":"az_AZ","og_type":"article","og_title":"3 milyon s\u0259rni\u015fin \u2013 2019-cu il Yerevan\u0131n \u201cZvartnots\u201daeroportu \u00fc\u00e7\u00fcn rekord ili olub - JAMnews","og_description":"Erm\u0259nistan beyn\u0259lxalq turizm reytinql\u0259rinin top siyah\u0131lar\u0131na d\u00fc\u015f\u00fcb. H\u0259m\u00e7inin Rusiya v\u0259 G\u00fcrc\u00fcstan aras\u0131nda u\u00e7u\u015flar\u0131n dayand\u0131r\u0131lmas\u0131 s\u0259b\u0259bil\u0259 turistl\u0259rin bir hiss\u0259si Tbilisiy\u0259 Erm\u0259nistan vasit\u0259sil\u0259 gedib","og_url":"https:\/\/jam-news.net\/az\/3-milyon-s\u0259rnisin-2019-cu-il-yerevanin-zvartnotsaeroportu-ucun-rekord-ili-olub\/","og_site_name":"Azerbaijani Jamnews","article_publisher":"https:\/\/www.facebook.com\/JAMnewsInEnglish\/","article_published_time":"2019-12-31T00:00:00+00:00","article_modified_time":"2020-03-18T12:49:06+00:00","og_image":[{"width":1024,"height":760,"url":"https:\/\/jam-news.net\/app\/uploads\/2020\/03\/Screen-Shot-2019-12-30-at-17.32.29-3-1024x760.png","type":"image\/png"}],"author":"JAMnews","twitter_card":"summary_large_image","twitter_creator":"@JAMnewsCaucasus","twitter_site":"@JAMnewsCaucasus","twitter_misc":{"Written by":"JAMnews","Est. reading time":"4 minutes"},"schema":{"@context":"https:\/\/schema.org","@graph":[{"@type":"Article","@id":"https:\/\/jam-news.net\/az\/3-milyon-s%c9%99rnisin-2019-cu-il-yerevanin-zvartnotsaeroportu-ucun-rekord-ili-olub\/#article","isPartOf":{"@id":"https:\/\/jam-news.net\/az\/3-milyon-s%c9%99rnisin-2019-cu-il-yerevanin-zvartnotsaeroportu-ucun-rekord-ili-olub\/"},"author":{"name":"JAMnews","@id":"https:\/\/jam-news.net\/az\/#\/schema\/person\/67df3bb7adb46cd513fb9c4cb02361c6"},"headline":"3 milyon s\u0259rni\u015fin \u2013 2019-cu il Yerevan\u0131n \u201cZvartnots\u201daeroportu \u00fc\u00e7\u00fcn rekord ili olub","datePublished":"2019-12-31T00:00:00+00:00","dateModified":"2020-03-18T12:49:06+00:00","mainEntityOfPage":{"@id":"https:\/\/jam-news.net\/az\/3-milyon-s%c9%99rnisin-2019-cu-il-yerevanin-zvartnotsaeroportu-ucun-rekord-ili-olub\/"},"wordCount":714,"commentCount":0,"publisher":{"@id":"https:\/\/jam-news.net\/az\/#organization"},"image":{"@id":"https:\/\/jam-news.net\/az\/3-milyon-s%c9%99rnisin-2019-cu-il-yerevanin-zvartnotsaeroportu-ucun-rekord-ili-olub\/#primaryimage"},"thumbnailUrl":"https:\/\/jam-news.net\/app\/uploads\/2020\/03\/Screen-Shot-2019-12-30-at-17.32.29-3.png","keywords":["Erm\u0259nistanda h\u0259yat","Erm\u0259nistandan hekay\u0259l\u0259r","post-sovet Erm\u0259nistan\u0131","Qafqaz iqtisadiyyat\u0131","Qafqaz m\u00fcnaqi\u015f\u0259l\u0259ri","Qafqaz siyas\u0259ti"],"articleSection":["Armenia","Geography","Issues","News"],"inLanguage":"az"},{"@type":"WebPage","@id":"https:\/\/jam-news.net\/az\/3-milyon-s%c9%99rnisin-2019-cu-il-yerevanin-zvartnotsaeroportu-ucun-rekord-ili-olub\/","url":"https:\/\/jam-news.net\/az\/3-milyon-s%c9%99rnisin-2019-cu-il-yerevanin-zvartnotsaeroportu-ucun-rekord-ili-olub\/","name":"3 milyon s\u0259rni\u015fin \u2013 2019-cu il Yerevan\u0131n \u201cZvartnots\u201daeroportu \u00fc\u00e7\u00fcn rekord ili olub - JAMnews","isPartOf":{"@id":"https:\/\/jam-news.net\/az\/#website"},"primaryImageOfPage":{"@id":"https:\/\/jam-news.net\/az\/3-milyon-s%c9%99rnisin-2019-cu-il-yerevanin-zvartnotsaeroportu-ucun-rekord-ili-olub\/#primaryimage"},"image":{"@id":"https:\/\/jam-news.net\/az\/3-milyon-s%c9%99rnisin-2019-cu-il-yerevanin-zvartnotsaeroportu-ucun-rekord-ili-olub\/#primaryimage"},"thumbnailUrl":"https:\/\/jam-news.net\/app\/uploads\/2020\/03\/Screen-Shot-2019-12-30-at-17.32.29-3.png","datePublished":"2019-12-31T00:00:00+00:00","dateModified":"2020-03-18T12:49:06+00:00","breadcrumb":{"@id":"https:\/\/jam-news.net\/az\/3-milyon-s%c9%99rnisin-2019-cu-il-yerevanin-zvartnotsaeroportu-ucun-rekord-ili-olub\/#breadcrumb"},"inLanguage":"az","potentialAction":[{"@type":"ReadAction","target":["https:\/\/jam-news.net\/az\/3-milyon-s%c9%99rnisin-2019-cu-il-yerevanin-zvartnotsaeroportu-ucun-rekord-ili-olub\/"]}]},{"@type":"ImageObject","inLanguage":"az","@id":"https:\/\/jam-news.net\/az\/3-milyon-s%c9%99rnisin-2019-cu-il-yerevanin-zvartnotsaeroportu-ucun-rekord-ili-olub\/#primaryimage","url":"https:\/\/jam-news.net\/app\/uploads\/2020\/03\/Screen-Shot-2019-12-30-at-17.32.29-3.png","contentUrl":"https:\/\/jam-news.net\/app\/uploads\/2020\/03\/Screen-Shot-2019-12-30-at-17.32.29-3.png","width":1906,"height":1414,"caption":"\u10d4\u10e0\u10d4\u10d5\u10dc\u10d8\u10e1 \u10d0\u10d4\u10e0\u10dd\u10de\u10dd\u10e0\u10e2\u10d8 \u201e\u10d6\u10d5\u10d0\u10e0\u10e2\u10dc\u10dd\u10ea\u10d8\u201c \u10e1\u10d0\u10e0\u10d4\u10d9\u10dd\u10e0\u10d3\u10dd \u10db\u10d0\u10e9\u10d5\u10d4\u10dc\u10d4\u10d1\u10d4\u10da\u10e1 \u10d6\u10d4\u10d8\u10db\u10dd\u10d1\u10e1 - 2019 \u10ec\u10d4\u10da\u10e1 \u10d8\u10e1 \u10d7\u10d0\u10d5\u10d8\u10e1 \u10d8\u10e1\u10e2\u10dd\u10e0\u10d8\u10d8\u10e1 \u10d2\u10d0\u10dc\u10db\u10d0\u10d5\u10da\u10dd\u10d1\u10d0\u10e8\u10d8 3 \u10db\u10d8\u10da\u10d8\u10dd\u10dc \u10d0\u10d3\u10d0\u10db\u10d8\u10d0\u10dc\u10e1 \u10db\u10dd\u10d4\u10db\u10e1\u10d0\u10ee\u10e3\u10e0\u10d0. 30 \u10d3\u10d4\u10d9\u10d4\u10db\u10d1\u10d4\u10e0\u10e1 \u10e7\u10d5\u10d4\u10da\u10d0 \u10db\u10d2\u10d6\u10d0\u10d5\u10e0\u10e1 \u10db\u10e3\u10e1\u10d8\u10d9\u10d8\u10d7 \u10ee\u10d5\u10d3\u10d4\u10d1\u10dd\u10d3\u10dc\u10d4\u10dc \u10d3\u10d0 \u10db\u10d0\u10d7 \u10e6\u10d5\u10d8\u10dc\u10dd\u10e1\u10d0 \u10d3\u10d0 \u10e2\u10d9\u10d1\u10d8\u10da\u10d4\u10e3\u10da\u10e1 \u10e9\u10e3\u10e5\u10dc\u10d8\u10d3\u10dc\u10d4\u10dc"},{"@type":"BreadcrumbList","@id":"https:\/\/jam-news.net\/az\/3-milyon-s%c9%99rnisin-2019-cu-il-yerevanin-zvartnotsaeroportu-ucun-rekord-ili-olub\/#breadcrumb","itemListElement":[{"@type":"ListItem","position":1,"name":"Home","item":"https:\/\/jam-news.net\/az\/"},{"@type":"ListItem","position":2,"name":"3 milyon s\u0259rni\u015fin \u2013 2019-cu il Yerevan\u0131n \u201cZvartnots\u201daeroportu \u00fc\u00e7\u00fcn rekord ili olub"}]},{"@type":"WebSite","@id":"https:\/\/jam-news.net\/az\/#website","url":"https:\/\/jam-news.net\/az\/","name":"Azerbaijani Jamnews","description":"Caucasus News, Politics and Society","publisher":{"@id":"https:\/\/jam-news.net\/az\/#organization"},"potentialAction":[{"@type":"SearchAction","target":{"@type":"EntryPoint","urlTemplate":"https:\/\/jam-news.net\/az\/?s={search_term_string}"},"query-input":{"@type":"PropertyValueSpecification","valueRequired":true,"valueName":"search_term_string"}}],"inLanguage":"az"},{"@type":"Organization","@id":"https:\/\/jam-news.net\/az\/#organization","name":"JAMnews","url":"https:\/\/jam-news.net\/az\/","logo":{"@type":"ImageObject","inLanguage":"az","@id":"https:\/\/jam-news.net\/az\/#\/schema\/logo\/image\/","url":"https:\/\/jam-news.net\/app\/uploads\/2020\/05\/JAM_w.jpg","contentUrl":"https:\/\/jam-news.net\/app\/uploads\/2020\/05\/JAM_w.jpg","width":960,"height":960,"caption":"JAMnews"},"image":{"@id":"https:\/\/jam-news.net\/az\/#\/schema\/logo\/image\/"},"sameAs":["https:\/\/www.facebook.com\/JAMnewsInEnglish\/","https:\/\/x.com\/JAMnewsCaucasus","https:\/\/www.instagram.com\/jam_news\/","https:\/\/www.youtube.com\/channel\/UCXQbUCme2pykuZYXWHx4VPg"]},{"@type":"Person","@id":"https:\/\/jam-news.net\/az\/#\/schema\/person\/67df3bb7adb46cd513fb9c4cb02361c6","name":"JAMnews","image":{"@type":"ImageObject","inLanguage":"az","@id":"https:\/\/jam-news.net\/az\/#\/schema\/person\/image\/","url":"https:\/\/secure.gravatar.com\/avatar\/e5c27593ef900c3ab3deed4ed1c653d7?s=96&d=mm&r=g","contentUrl":"https:\/\/secure.gravatar.com\/avatar\/e5c27593ef900c3ab3deed4ed1c653d7?s=96&d=mm&r=g","caption":"JAMnews"},"url":"https:\/\/jam-news.net\/az\/author\/margarita\/"}]}},"_links":{"self":[{"href":"https:\/\/jam-news.net\/az\/wp-json\/wp\/v2\/posts\/12709","targetHints":{"allow":["GET"]}}],"collection":[{"href":"https:\/\/jam-news.net\/az\/wp-json\/wp\/v2\/posts"}],"about":[{"href":"https:\/\/jam-news.net\/az\/wp-json\/wp\/v2\/types\/post"}],"author":[{"embeddable":true,"href":"https:\/\/jam-news.net\/az\/wp-json\/wp\/v2\/users\/3"}],"replies":[{"embeddable":true,"href":"https:\/\/jam-news.net\/az\/wp-json\/wp\/v2\/comments?post=12709"}],"version-history":[{"count":1,"href":"https:\/\/jam-news.net\/az\/wp-json\/wp\/v2\/posts\/12709\/revisions"}],"predecessor-version":[{"id":16709,"href":"https:\/\/jam-news.net\/az\/wp-json\/wp\/v2\/posts\/12709\/revisions\/16709"}],"wp:featuredmedia":[{"embeddable":true,"href":"https:\/\/jam-news.net\/az\/wp-json\/wp\/v2\/media\/22790"}],"wp:attachment":[{"href":"https:\/\/jam-news.net\/az\/wp-json\/wp\/v2\/media?parent=12709"}],"wp:term":[{"taxonomy":"category","embeddable":true,"href":"https:\/\/jam-news.net\/az\/wp-json\/wp\/v2\/categories?post=12709"},{"taxonomy":"post_tag","embeddable":true,"href":"https:\/\/jam-news.net\/az\/wp-json\/wp\/v2\/tags?post=12709"},{"taxonomy":"formation","embeddable":true,"href":"https:\/\/jam-news.net\/az\/wp-json\/wp\/v2\/formation?post=12709"},{"taxonomy":"post-author","embeddable":true,"href":"https:\/\/jam-news.net\/az\/wp-json\/wp\/v2\/post-author?post=12709"},{"taxonomy":"topic","embeddable":true,"href":"https:\/\/jam-news.net\/az\/wp-json\/wp\/v2\/topic?post=12709"},{"taxonomy":"tooltip","embeddable":true,"href":"https:\/\/jam-news.net\/az\/wp-json\/wp\/v2\/tooltip?post=12709"},{"taxonomy":"city","embeddable":true,"href":"https:\/\/jam-news.net\/az\/wp-json\/wp\/v2\/city?post=12709"}],"curies":[{"name":"wp","href":"https:\/\/api.w.org\/{rel}","templated":true}]}}