{"id":12531,"date":"2019-12-06T00:00:00","date_gmt":"2019-12-06T00:00:00","guid":{"rendered":"http:\/\/jam-news.net\/az\/kutaisid%c9%99-muxalif%c9%99tin-mitinqi-bas-tutacaq-bununla-da-muxalif%c9%99t-gurcustanin-regionlarinda-da-etiraz-aksiyalarina-baslayacaq\/"},"modified":"2022-01-18T01:02:40","modified_gmt":"2022-01-17T21:02:40","slug":"kutaisid%c9%99-muxalif%c9%99tin-mitinqi-bas-tutacaq-bununla-da-muxalif%c9%99t-gurcustanin-regionlarinda-da-etiraz-aksiyalarina-baslayacaq","status":"publish","type":"post","link":"https:\/\/jam-news.net\/az\/kutaisid%c9%99-muxalif%c9%99tin-mitinqi-bas-tutacaq-bununla-da-muxalif%c9%99t-gurcustanin-regionlarinda-da-etiraz-aksiyalarina-baslayacaq\/","title":{"rendered":"Kutaisid\u0259 m\u00fcxalif\u0259tin mitinqi ba\u015f tutacaq. Bununla da m\u00fcxalif\u0259t G\u00fcrc\u00fcstan\u0131n regionlar\u0131nda da etiraz aksiyalar\u0131na ba\u015flayacaq"},"content":{"rendered":"<p><span style=\"font-weight: 400;\">G\u00fcrc\u00fcstan hakimiyy\u0259ti v\u0259 m\u00fcxalif\u0259ti aras\u0131nda dan\u0131\u015f\u0131qlar he\u00e7 bir n\u0259tic\u0259 verm\u0259y\u0259nd\u0259n sonra m\u00fcxalif\u0259t liderl\u0259ri etirazlar\u0131n co\u011frafiyas\u0131n\u0131 geni\u015fl\u0259ndirm\u0259k v\u0259 regionlar\u0131 da aksiyalara c\u0259lb etm\u0259k q\u0259rar\u0131na g\u0259libl\u0259r.<\/span><\/p>\n<p><span style=\"font-weight: 400;\">Dekabr\u0131n 6-da G\u00fcrc\u00fcstan\u0131n b\u00f6y\u00fckl\u00fcy\u00fcn\u0259 g\u00f6r\u0259 ikinci \u015f\u0259h\u0259ri olan, \u00f6lk\u0259nin q\u0259rbind\u0259 yerl\u0259\u015f\u0259n Kutaisi \u015f\u0259h\u0259rind\u0259 mitinq ke\u00e7irilm\u0259si n\u0259z\u0259rd\u0259 tutulub.<\/span><\/p>\n<p><span style=\"font-weight: 400;\">Kutaisi mitinqind\u0259 \u0259sas t\u0259l\u0259b Tbilisid\u0259ki aksiyalar\u0131n t\u0259l\u0259bi il\u0259 eyni olacaq \u2013 2020-ci ilin pay\u0131z\u0131na t\u0259yin olunmu\u015f n\u00f6vb\u0259ti parlament se\u00e7kil\u0259ri yeni, tam proporsional se\u00e7ki sistemi \u00fczr\u0259 ke\u00e7irilm\u0259lidir. kompromis variant\u0131 kimi m\u00fcxalif\u0259t se\u00e7kil\u0259rin \u201calman modelin\u0259\u201d uy\u011fun ke\u00e7irilm\u0259sini t\u0259klif edir.<\/span><\/p>\n<p><a href=\"https:\/\/jam-news.net\/what-is-the-german-electoral-model-that-could-solve-the-political-crisis-in-georgia\/\" target=\"_blank\" rel=\"noopener noreferrer\"><b><\/b><b>\u2022<span style=\"text-decoration: underline;\">G\u00fcrc\u00fcstanda siyasi b\u00f6hran\u0131 \u00e7\u00f6z\u0259 bil\u0259c\u0259k \u201calman modeli\u201d n\u0259dir?<\/span><\/b><\/a><\/p>\n<p><a href=\"https:\/\/jam-news.net\/tbilisid%c9%99-muxalif%c9%99tin-genismiqyasli-aksiyasi-kecirilir-etirazcilar-parlament-binasi-qarsisinda-piket-edir-fotoreportaj\/?lang=az-AZ\" target=\"_blank\" rel=\"noopener noreferrer\"><b><\/b><b>\u2022<span style=\"text-decoration: underline;\">Tbilisid\u0259 m\u00fcxalif\u0259tin izdihaml\u0131 aksiyas\u0131 ke\u00e7irilir. Mitinq\u00e7il\u0259r parlament binas\u0131 \u00f6n\u00fcnd\u0259 piket t\u0259\u015fkil edib. Fotoreportaj<\/span><\/b><\/a><\/p>\n<p><span style=\"font-weight: 400;\">Regionlarda mitinq ke\u00e7irm\u0259k q\u0259rar\u0131 30 m\u00fcxalif\u0259t partiyas\u0131 t\u0259r\u0259find\u0259n dekabr\u0131n 1-d\u0259 t\u0259\u015fkil olunan \u00fcmumi iclasda q\u0259bul olunub.<\/span><\/p>\n<p><span style=\"font-weight: 400;\">Kutaisid\u0259ki aksiya 14:00-da ba\u015flamal\u0131d\u0131r.<\/span><\/p>\n<p><span style=\"font-weight: 400;\">Buna q\u0259d\u0259r m\u00fcxalif\u0259t v\u0259 f\u0259allar vilay\u0259t administrasiyas\u0131n\u0131n binas\u0131na do\u011fru y\u00fcr\u00fc\u015f ke\u00e7irm\u0259yi planla\u015fd\u0131r\u0131r.<\/span><\/p>\n<p><span style=\"font-weight: 400;\">\u201cAvropa G\u00fcrc\u00fcstan\u0131\u201d partiyas\u0131n\u0131n lideri David Bakradze bildirib ki, aksiyalar \u201chakimiyy\u0259t\u00a0 m\u00fcxalif\u0259tin v\u0259 b\u00fct\u00fcn ictimaiyy\u0259tin t\u0259l\u0259bini n\u0259z\u0259r\u0259 alana q\u0259d\u0259r\u201d davam ed\u0259c\u0259k:<\/span><\/p>\n<p style=\"padding-left: 30px;\"><i><span style=\"font-weight: 400;\">\u201cKutaisid\u0259 aksiya dinc olacaq v\u0259 b\u00fct\u00fcn regionlarda dinc etirazlar ke\u00e7iril\u0259c\u0259k, indiy\u0259 q\u0259d\u0259r oldu\u011fu kimi. \u201cG\u00fcrc\u00fc arzusu\u201d v\u0259 \u0130vani\u015fvili d\u0259rk etm\u0259lidirl\u0259r ki, siyasi b\u00f6hran onlar x\u00fcsusi t\u0259yinatl\u0131lar\u0131 \u00e7\u0131xard\u0131qlar\u0131 zaman yox, biz birlikd\u0259 siyasi dalandan \u00e7\u0131x\u0131\u015f yolu tapma\u011fa \u00e7al\u0131\u015fd\u0131\u011f\u0131m\u0131z zaman \u00e7\u00f6z\u00fcl\u0259c\u0259k&#8230;\u201d<\/span><\/i><\/p>\n<p><span style=\"font-weight: 400;\">M\u00fcxalif\u0259tin plan\u0131nda Tbilisid\u0259 parlament v\u0259 dig\u0259r d\u00f6vl\u0259t qurumlar\u0131n\u0131n qar\u015f\u0131s\u0131nda ke\u00e7iril\u0259n etiraz aksiyalar\u0131n\u0131 davam etdirm\u0259k d\u0259 var.<\/span><\/p>\n<p style=\"padding-left: 30px;\"><i><span style=\"font-weight: 400;\">\u201cHakimiyy\u0259r alnamal\u0131d\u0131r ki, ictimaiyy\u0259t dayanmayacaq. N\u0259 x\u00fcsusi t\u0259yinatl\u0131lar, n\u0259 d\u0259 \u201ctitu\u015fka\u201dlar onlara k\u00f6m\u0259k etm\u0259y\u0259c\u0259k. \u00c7\u0131x\u0131\u015f yolu yaln\u0131z siyasi g\u00fcz\u0259\u015ftd\u0259dir\u201d<\/span><\/i><span style=\"font-weight: 400;\">, &#8211; Bakradze deyir.<\/span><\/p>\n<p><div class=\"su-divider su-divider-style-default\" style=\"margin:15px 0;border-width:3px;border-color:#999999\"><a href=\"#\" style=\"color:#999999\">Go to top<\/a><\/div> <\/p>\n<p style=\"padding-left: 30px;\"><i><span style=\"font-weight: 400;\">G\u00fcrc\u00fcstanda etirazlar noyabr\u0131n 14-d\u0259n, hakimiyy\u0259t se\u00e7ki islahat\u0131n\u0131 s\u00fcquta u\u011fradandan v\u0259 bununla da iqtidar partiyas\u0131n\u0131n lideri v\u0259 G\u00fcrc\u00fcstan\u0131 qeyri-formal idar\u0259 ed\u0259n Bidzina \u0130vani\u015fvili Tbisilisid\u0259 yayda ke\u00e7iril\u0259n aksiyalar zaman\u0131 tam proporsional (partiyal\u0131) se\u00e7ki sistemin\u0259 ke\u00e7il\u0259c\u0259yi il\u0259 ba\u011fl\u0131 verdiyi v\u0259d\u0259 \u0259m\u0259l etm\u0259y\u0259nd\u0259n\u00a0 sonra ba\u015flay\u0131b.<\/span><\/i><\/p>\n<p style=\"padding-left: 30px;\"><i><span style=\"font-weight: 400;\">Uzun m\u00fcdd\u0259t davam ed\u0259n geni\u015fmiqyasl\u0131 k\u00fc\u00e7\u0259 aksiyalar\u0131na baxmayaraq, hakimiyy\u0259t bildirib ki, 2020-ci il parlament se\u00e7kil\u0259ri qar\u0131\u015f\u0131q (proporsional v\u0259 majoritar) sistem \u00fczr\u0259 ke\u00e7iril\u0259c\u0259k.<\/span><\/i><\/p>\n<p style=\"padding-left: 30px;\"><i><span style=\"font-weight: 400;\">M\u00fcxalif\u0259t bir m\u00fcdd\u0259t sonra g\u00fcz\u0259\u015ftli variant t\u0259klif edib \u2013 se\u00e7kil\u0259rin \u201calman modeli\u201d \u0259sas\u0131nda ke\u00e7irilm\u0259sini. Bu zaman se\u00e7ki sistemi indi oldu\u011fu kimi qalacaq, amma mandatlar\u0131n payla\u015fd\u0131r\u0131lmas\u0131 prinsipi f\u0259rqli olacaq. M\u00fcxalif\u0259tin yekdil fikri il\u0259 bu sistem b\u00fct\u00fcn siyasi q\u00fcvv\u0259l\u0259r\u0259 m\u00fcnasib\u0259td\u0259 \u0259n \u0259dal\u0259tli sistemdir.<\/span><\/i><\/p>\n<p style=\"padding-left: 30px;\"><i><span style=\"font-weight: 400;\">Amma hakimiyy\u0259t b\u0259yan edib ki, bu model G\u00fcrc\u00fcstan konstitusiyas\u0131na uy\u011fun deyil. Hakimiyy\u0259tin m\u00fcxalif\u0259tl\u0259 xarici diplomatlar\u0131n t\u0259\u015f\u0259bb\u00fcs\u00fc il\u0259 ba\u015f tutan g\u00f6r\u00fc\u015f\u00fc n\u0259tic\u0259siz sona \u00e7at\u0131b.<\/span><\/i><\/p>\n<p style=\"padding-left: 30px;\"><i><span style=\"font-weight: 400;\">Noyabr\u0131n 14-d\u0259n polis x\u00fcsusi t\u0259yinatl\u0131lar\u0131 art\u0131q iki d\u0259f\u0259 parlament qar\u015f\u0131s\u0131nda topla\u015fan n\u00fcmayi\u015f\u00e7il\u0259ri su \u015f\u0131rnaqlar\u0131ndan istifad\u0259 ed\u0259r\u0259k da\u011f\u0131d\u0131b.<\/span><\/i><\/p>\n<p style=\"padding-left: 30px;\"><i><span style=\"font-weight: 400;\">Bir d\u0259f\u0259 polisl\u0259r h\u0259tta parlament binas\u0131 \u0259traf\u0131nda d\u0259mir hasar da qura\u015fd\u0131r\u0131blar ki, qanunverici orqan\u0131 piket\u00e7il\u0259rd\u0259n qoruya bilsinl\u0259r. Tbilisid\u0259 v\u0259 G\u00fcrc\u00fcstan\u0131n dig\u0259r \u015f\u0259h\u0259rl\u0259rind\u0259 m\u00fcxt\u0259lif d\u00f6vl\u0259t strukturlar\u0131n\u0131n ofisl\u0259ri qar\u015f\u0131s\u0131nda piketl\u0259r davam etdirilir.\u00a0<\/span><\/i><\/p>\n<p style=\"padding-left: 30px;\"><i><span style=\"font-weight: 400;\">G\u00fcrc\u00fcstan \u00fc\u00e7\u00fcn \u201c\u0259ks-aksiyalar\u0131n\u201d t\u0259\u015fkil olunmas\u0131 yenilikdir \u2013 m\u00fcxalif\u0259tin aksiya ke\u00e7irdiyi yerl\u0259rd\u0259 h\u00f6kum\u0259ty\u00f6nl\u00fc \u201cg\u0259ncl\u0259r t\u0259\u015fkilatlar\u0131n\u0131n\u201d peyda olur v\u0259 etiraz\u00e7\u0131lara fiziki m\u00fcqavim\u0259t g\u00f6st\u0259rirl\u0259r.<\/span><\/i><\/p>\n<p style=\"padding-left: 30px;\"><i><span style=\"font-weight: 400;\">C\u0259miyy\u0259td\u0259 \u00e7oxlar\u0131 \u0259mindir ki, bu c\u00fcr qruplar h\u00f6kum\u0259t t\u0259r\u0259find\u0259n idar\u0259 olunur. D\u0259f\u0259l\u0259rl\u0259 \u0259ks-aksiyalarda hakim \u201cG\u00fcrc\u00fc arzusu\u201d partiyas\u0131n\u0131 t\u0259msil ed\u0259n m\u0259murlar\u0131n \u00f6vladalr\u0131n\u0131n f\u0259al i\u015ftirak etdiyi diqq\u0259ti \u00e7\u0259kib.<\/span><\/i><\/p>\n<p style=\"padding-left: 30px;\"><i><span style=\"font-weight: 400;\">M\u00fcxalif\u0259t bu qruplar\u0131 \u201ctitu\u015fkalar\u201d adland\u0131r\u0131r \u2013 prezident Yanukovi\u00e7 d\u00f6vr\u00fcnd\u0259 Ukraynda m\u00f6vcud olan aqressiv h\u00f6kum\u0259ty\u00f6nl\u00fc g\u0259ncl\u0259rd\u0259n ibar\u0259t qruplara analoji olaraq.<\/span><\/i><\/p>\n<p>&nbsp;<\/p>\n","protected":false},"excerpt":{"rendered":"<p>Tbilisid\u0259 parlament v\u0259 dig\u0259r d\u00f6vl\u0259t qurumlar\u0131n\u0131n qar\u015f\u0131s\u0131nda aksiyalar\u0131 davam etdirm\u0259k d\u0259 m\u00fcxalif\u0259tin plan\u0131ndad\u0131r<\/p>\n","protected":false},"author":6,"featured_media":22723,"comment_status":"open","ping_status":"open","sticky":false,"template":"","format":"standard","meta":{"_acf_changed":false,"footnotes":""},"categories":[2,3,25,50],"tags":[511,509,512,513,429,167,508],"formation":[],"post-author":[2888],"topic":[],"tooltip":[],"city":[6049],"class_list":["post-12531","post","type-post","status-publish","format-standard","has-post-thumbnail","hentry","category-cografiya","category-gurcustan","category-cmiyyt","category-xbrlr","tag-gurcustan-bu-gun","tag-gurcustan-cmiyyti","tag-gurcustan-hokumti","tag-gurcustan-siyasti","tag-gurcustanda-hyat","tag-hbs","tag-post-sovet-gurcustan","post-author-jamnews","city-tbilisi"],"acf":[],"yoast_head":"<!-- This site is optimized with the Yoast SEO plugin v24.1 - https:\/\/yoast.com\/wordpress\/plugins\/seo\/ -->\n<title>Kutaisid\u0259 m\u00fcxalif\u0259tin mitinqi ba\u015f tutacaq. Bununla da m\u00fcxalif\u0259t G\u00fcrc\u00fcstan\u0131n regionlar\u0131nda da etiraz aksiyalar\u0131na ba\u015flayacaq - JAMnews<\/title>\n<meta name=\"robots\" content=\"index, follow, max-snippet:-1, max-image-preview:large, max-video-preview:-1\" \/>\n<link rel=\"canonical\" href=\"https:\/\/jam-news.net\/az\/kutaisid\u0259-muxalif\u0259tin-mitinqi-bas-tutacaq-bununla-da-muxalif\u0259t-gurcustanin-regionlarinda-da-etiraz-aksiyalarina-baslayacaq\/\" \/>\n<meta property=\"og:locale\" content=\"az_AZ\" \/>\n<meta property=\"og:type\" content=\"article\" \/>\n<meta property=\"og:title\" content=\"Kutaisid\u0259 m\u00fcxalif\u0259tin mitinqi ba\u015f tutacaq. Bununla da m\u00fcxalif\u0259t G\u00fcrc\u00fcstan\u0131n regionlar\u0131nda da etiraz aksiyalar\u0131na ba\u015flayacaq - JAMnews\" \/>\n<meta property=\"og:description\" content=\"Tbilisid\u0259 parlament v\u0259 dig\u0259r d\u00f6vl\u0259t qurumlar\u0131n\u0131n qar\u015f\u0131s\u0131nda aksiyalar\u0131 davam etdirm\u0259k d\u0259 m\u00fcxalif\u0259tin plan\u0131ndad\u0131r\" \/>\n<meta property=\"og:url\" content=\"https:\/\/jam-news.net\/az\/kutaisid\u0259-muxalif\u0259tin-mitinqi-bas-tutacaq-bununla-da-muxalif\u0259t-gurcustanin-regionlarinda-da-etiraz-aksiyalarina-baslayacaq\/\" \/>\n<meta property=\"og:site_name\" content=\"Azerbaijani Jamnews\" \/>\n<meta property=\"article:publisher\" content=\"https:\/\/www.facebook.com\/JAMnewsInEnglish\/\" \/>\n<meta property=\"article:published_time\" content=\"2019-12-06T00:00:00+00:00\" \/>\n<meta property=\"article:modified_time\" content=\"2022-01-17T21:02:40+00:00\" \/>\n<meta property=\"og:image\" content=\"https:\/\/jam-news.net\/app\/uploads\/2020\/03\/D1705097-3.jpg\" \/>\n\t<meta property=\"og:image:width\" content=\"1200\" \/>\n\t<meta property=\"og:image:height\" content=\"675\" \/>\n\t<meta property=\"og:image:type\" content=\"image\/jpeg\" \/>\n<meta name=\"author\" content=\"Tatia nikoladze\" \/>\n<meta name=\"twitter:card\" content=\"summary_large_image\" \/>\n<meta name=\"twitter:creator\" content=\"@JAMnewsCaucasus\" \/>\n<meta name=\"twitter:site\" content=\"@JAMnewsCaucasus\" \/>\n<meta name=\"twitter:label1\" content=\"Written by\" \/>\n\t<meta name=\"twitter:data1\" content=\"Tatia nikoladze\" \/>\n\t<meta name=\"twitter:label2\" content=\"Est. reading time\" \/>\n\t<meta name=\"twitter:data2\" content=\"4 minutes\" \/>\n<script type=\"application\/ld+json\" class=\"yoast-schema-graph\">{\"@context\":\"https:\/\/schema.org\",\"@graph\":[{\"@type\":\"Article\",\"@id\":\"https:\/\/jam-news.net\/az\/kutaisid%c9%99-muxalif%c9%99tin-mitinqi-bas-tutacaq-bununla-da-muxalif%c9%99t-gurcustanin-regionlarinda-da-etiraz-aksiyalarina-baslayacaq\/#article\",\"isPartOf\":{\"@id\":\"https:\/\/jam-news.net\/az\/kutaisid%c9%99-muxalif%c9%99tin-mitinqi-bas-tutacaq-bununla-da-muxalif%c9%99t-gurcustanin-regionlarinda-da-etiraz-aksiyalarina-baslayacaq\/\"},\"author\":{\"name\":\"Tatia nikoladze\",\"@id\":\"https:\/\/jam-news.net\/az\/#\/schema\/person\/86c90ea4dd4c6e61e60ae51d24bc662c\"},\"headline\":\"Kutaisid\u0259 m\u00fcxalif\u0259tin mitinqi ba\u015f tutacaq. Bununla da m\u00fcxalif\u0259t G\u00fcrc\u00fcstan\u0131n regionlar\u0131nda da etiraz aksiyalar\u0131na ba\u015flayacaq\",\"datePublished\":\"2019-12-06T00:00:00+00:00\",\"dateModified\":\"2022-01-17T21:02:40+00:00\",\"mainEntityOfPage\":{\"@id\":\"https:\/\/jam-news.net\/az\/kutaisid%c9%99-muxalif%c9%99tin-mitinqi-bas-tutacaq-bununla-da-muxalif%c9%99t-gurcustanin-regionlarinda-da-etiraz-aksiyalarina-baslayacaq\/\"},\"wordCount\":868,\"commentCount\":0,\"publisher\":{\"@id\":\"https:\/\/jam-news.net\/az\/#organization\"},\"image\":{\"@id\":\"https:\/\/jam-news.net\/az\/kutaisid%c9%99-muxalif%c9%99tin-mitinqi-bas-tutacaq-bununla-da-muxalif%c9%99t-gurcustanin-regionlarinda-da-etiraz-aksiyalarina-baslayacaq\/#primaryimage\"},\"thumbnailUrl\":\"https:\/\/jam-news.net\/app\/uploads\/2020\/03\/D1705097-3.jpg\",\"keywords\":[\"G\u00fcrc\u00fcstan bu g\u00fcn\",\"G\u00fcrc\u00fcstan c\u0259miyy\u0259ti\",\"G\u00fcrc\u00fcstan h\u00f6kum\u0259ti\",\"G\u00fcrc\u00fcstan siyas\u0259ti\",\"G\u00fcrc\u00fcstanda h\u0259yat\",\"H\u0259bs\",\"post-sovet g\u00fcrc\u00fcstan\"],\"articleSection\":[\"Geography\",\"Georgia\",\"Issues\",\"News\"],\"inLanguage\":\"az\"},{\"@type\":\"WebPage\",\"@id\":\"https:\/\/jam-news.net\/az\/kutaisid%c9%99-muxalif%c9%99tin-mitinqi-bas-tutacaq-bununla-da-muxalif%c9%99t-gurcustanin-regionlarinda-da-etiraz-aksiyalarina-baslayacaq\/\",\"url\":\"https:\/\/jam-news.net\/az\/kutaisid%c9%99-muxalif%c9%99tin-mitinqi-bas-tutacaq-bununla-da-muxalif%c9%99t-gurcustanin-regionlarinda-da-etiraz-aksiyalarina-baslayacaq\/\",\"name\":\"Kutaisid\u0259 m\u00fcxalif\u0259tin mitinqi ba\u015f tutacaq. Bununla da m\u00fcxalif\u0259t G\u00fcrc\u00fcstan\u0131n regionlar\u0131nda da etiraz aksiyalar\u0131na ba\u015flayacaq - JAMnews\",\"isPartOf\":{\"@id\":\"https:\/\/jam-news.net\/az\/#website\"},\"primaryImageOfPage\":{\"@id\":\"https:\/\/jam-news.net\/az\/kutaisid%c9%99-muxalif%c9%99tin-mitinqi-bas-tutacaq-bununla-da-muxalif%c9%99t-gurcustanin-regionlarinda-da-etiraz-aksiyalarina-baslayacaq\/#primaryimage\"},\"image\":{\"@id\":\"https:\/\/jam-news.net\/az\/kutaisid%c9%99-muxalif%c9%99tin-mitinqi-bas-tutacaq-bununla-da-muxalif%c9%99t-gurcustanin-regionlarinda-da-etiraz-aksiyalarina-baslayacaq\/#primaryimage\"},\"thumbnailUrl\":\"https:\/\/jam-news.net\/app\/uploads\/2020\/03\/D1705097-3.jpg\",\"datePublished\":\"2019-12-06T00:00:00+00:00\",\"dateModified\":\"2022-01-17T21:02:40+00:00\",\"breadcrumb\":{\"@id\":\"https:\/\/jam-news.net\/az\/kutaisid%c9%99-muxalif%c9%99tin-mitinqi-bas-tutacaq-bununla-da-muxalif%c9%99t-gurcustanin-regionlarinda-da-etiraz-aksiyalarina-baslayacaq\/#breadcrumb\"},\"inLanguage\":\"az\",\"potentialAction\":[{\"@type\":\"ReadAction\",\"target\":[\"https:\/\/jam-news.net\/az\/kutaisid%c9%99-muxalif%c9%99tin-mitinqi-bas-tutacaq-bununla-da-muxalif%c9%99t-gurcustanin-regionlarinda-da-etiraz-aksiyalarina-baslayacaq\/\"]}]},{\"@type\":\"ImageObject\",\"inLanguage\":\"az\",\"@id\":\"https:\/\/jam-news.net\/az\/kutaisid%c9%99-muxalif%c9%99tin-mitinqi-bas-tutacaq-bununla-da-muxalif%c9%99t-gurcustanin-regionlarinda-da-etiraz-aksiyalarina-baslayacaq\/#primaryimage\",\"url\":\"https:\/\/jam-news.net\/app\/uploads\/2020\/03\/D1705097-3.jpg\",\"contentUrl\":\"https:\/\/jam-news.net\/app\/uploads\/2020\/03\/D1705097-3.jpg\",\"width\":1200,\"height\":675},{\"@type\":\"BreadcrumbList\",\"@id\":\"https:\/\/jam-news.net\/az\/kutaisid%c9%99-muxalif%c9%99tin-mitinqi-bas-tutacaq-bununla-da-muxalif%c9%99t-gurcustanin-regionlarinda-da-etiraz-aksiyalarina-baslayacaq\/#breadcrumb\",\"itemListElement\":[{\"@type\":\"ListItem\",\"position\":1,\"name\":\"Home\",\"item\":\"https:\/\/jam-news.net\/az\/\"},{\"@type\":\"ListItem\",\"position\":2,\"name\":\"Kutaisid\u0259 m\u00fcxalif\u0259tin mitinqi ba\u015f tutacaq. Bununla da m\u00fcxalif\u0259t G\u00fcrc\u00fcstan\u0131n regionlar\u0131nda da etiraz aksiyalar\u0131na ba\u015flayacaq\"}]},{\"@type\":\"WebSite\",\"@id\":\"https:\/\/jam-news.net\/az\/#website\",\"url\":\"https:\/\/jam-news.net\/az\/\",\"name\":\"Azerbaijani Jamnews\",\"description\":\"Caucasus News, Politics and Society\",\"publisher\":{\"@id\":\"https:\/\/jam-news.net\/az\/#organization\"},\"potentialAction\":[{\"@type\":\"SearchAction\",\"target\":{\"@type\":\"EntryPoint\",\"urlTemplate\":\"https:\/\/jam-news.net\/az\/?s={search_term_string}\"},\"query-input\":{\"@type\":\"PropertyValueSpecification\",\"valueRequired\":true,\"valueName\":\"search_term_string\"}}],\"inLanguage\":\"az\"},{\"@type\":\"Organization\",\"@id\":\"https:\/\/jam-news.net\/az\/#organization\",\"name\":\"JAMnews\",\"url\":\"https:\/\/jam-news.net\/az\/\",\"logo\":{\"@type\":\"ImageObject\",\"inLanguage\":\"az\",\"@id\":\"https:\/\/jam-news.net\/az\/#\/schema\/logo\/image\/\",\"url\":\"https:\/\/jam-news.net\/app\/uploads\/2020\/05\/JAM_w.jpg\",\"contentUrl\":\"https:\/\/jam-news.net\/app\/uploads\/2020\/05\/JAM_w.jpg\",\"width\":960,\"height\":960,\"caption\":\"JAMnews\"},\"image\":{\"@id\":\"https:\/\/jam-news.net\/az\/#\/schema\/logo\/image\/\"},\"sameAs\":[\"https:\/\/www.facebook.com\/JAMnewsInEnglish\/\",\"https:\/\/x.com\/JAMnewsCaucasus\",\"https:\/\/www.instagram.com\/jam_news\/\",\"https:\/\/www.youtube.com\/channel\/UCXQbUCme2pykuZYXWHx4VPg\"]},{\"@type\":\"Person\",\"@id\":\"https:\/\/jam-news.net\/az\/#\/schema\/person\/86c90ea4dd4c6e61e60ae51d24bc662c\",\"name\":\"Tatia nikoladze\",\"image\":{\"@type\":\"ImageObject\",\"inLanguage\":\"az\",\"@id\":\"https:\/\/jam-news.net\/az\/#\/schema\/person\/image\/\",\"url\":\"https:\/\/secure.gravatar.com\/avatar\/1f8b2c8ce4c25cc30806785bafe6bb03?s=96&d=mm&r=g\",\"contentUrl\":\"https:\/\/secure.gravatar.com\/avatar\/1f8b2c8ce4c25cc30806785bafe6bb03?s=96&d=mm&r=g\",\"caption\":\"Tatia nikoladze\"},\"url\":\"https:\/\/jam-news.net\/az\/author\/tatiani\/\"}]}<\/script>\n<!-- \/ Yoast SEO plugin. -->","yoast_head_json":{"title":"Kutaisid\u0259 m\u00fcxalif\u0259tin mitinqi ba\u015f tutacaq. Bununla da m\u00fcxalif\u0259t G\u00fcrc\u00fcstan\u0131n regionlar\u0131nda da etiraz aksiyalar\u0131na ba\u015flayacaq - JAMnews","robots":{"index":"index","follow":"follow","max-snippet":"max-snippet:-1","max-image-preview":"max-image-preview:large","max-video-preview":"max-video-preview:-1"},"canonical":"https:\/\/jam-news.net\/az\/kutaisid\u0259-muxalif\u0259tin-mitinqi-bas-tutacaq-bununla-da-muxalif\u0259t-gurcustanin-regionlarinda-da-etiraz-aksiyalarina-baslayacaq\/","og_locale":"az_AZ","og_type":"article","og_title":"Kutaisid\u0259 m\u00fcxalif\u0259tin mitinqi ba\u015f tutacaq. Bununla da m\u00fcxalif\u0259t G\u00fcrc\u00fcstan\u0131n regionlar\u0131nda da etiraz aksiyalar\u0131na ba\u015flayacaq - JAMnews","og_description":"Tbilisid\u0259 parlament v\u0259 dig\u0259r d\u00f6vl\u0259t qurumlar\u0131n\u0131n qar\u015f\u0131s\u0131nda aksiyalar\u0131 davam etdirm\u0259k d\u0259 m\u00fcxalif\u0259tin plan\u0131ndad\u0131r","og_url":"https:\/\/jam-news.net\/az\/kutaisid\u0259-muxalif\u0259tin-mitinqi-bas-tutacaq-bununla-da-muxalif\u0259t-gurcustanin-regionlarinda-da-etiraz-aksiyalarina-baslayacaq\/","og_site_name":"Azerbaijani Jamnews","article_publisher":"https:\/\/www.facebook.com\/JAMnewsInEnglish\/","article_published_time":"2019-12-06T00:00:00+00:00","article_modified_time":"2022-01-17T21:02:40+00:00","og_image":[{"width":1200,"height":675,"url":"https:\/\/jam-news.net\/app\/uploads\/2020\/03\/D1705097-3.jpg","type":"image\/jpeg"}],"author":"Tatia nikoladze","twitter_card":"summary_large_image","twitter_creator":"@JAMnewsCaucasus","twitter_site":"@JAMnewsCaucasus","twitter_misc":{"Written by":"Tatia nikoladze","Est. reading time":"4 minutes"},"schema":{"@context":"https:\/\/schema.org","@graph":[{"@type":"Article","@id":"https:\/\/jam-news.net\/az\/kutaisid%c9%99-muxalif%c9%99tin-mitinqi-bas-tutacaq-bununla-da-muxalif%c9%99t-gurcustanin-regionlarinda-da-etiraz-aksiyalarina-baslayacaq\/#article","isPartOf":{"@id":"https:\/\/jam-news.net\/az\/kutaisid%c9%99-muxalif%c9%99tin-mitinqi-bas-tutacaq-bununla-da-muxalif%c9%99t-gurcustanin-regionlarinda-da-etiraz-aksiyalarina-baslayacaq\/"},"author":{"name":"Tatia nikoladze","@id":"https:\/\/jam-news.net\/az\/#\/schema\/person\/86c90ea4dd4c6e61e60ae51d24bc662c"},"headline":"Kutaisid\u0259 m\u00fcxalif\u0259tin mitinqi ba\u015f tutacaq. Bununla da m\u00fcxalif\u0259t G\u00fcrc\u00fcstan\u0131n regionlar\u0131nda da etiraz aksiyalar\u0131na ba\u015flayacaq","datePublished":"2019-12-06T00:00:00+00:00","dateModified":"2022-01-17T21:02:40+00:00","mainEntityOfPage":{"@id":"https:\/\/jam-news.net\/az\/kutaisid%c9%99-muxalif%c9%99tin-mitinqi-bas-tutacaq-bununla-da-muxalif%c9%99t-gurcustanin-regionlarinda-da-etiraz-aksiyalarina-baslayacaq\/"},"wordCount":868,"commentCount":0,"publisher":{"@id":"https:\/\/jam-news.net\/az\/#organization"},"image":{"@id":"https:\/\/jam-news.net\/az\/kutaisid%c9%99-muxalif%c9%99tin-mitinqi-bas-tutacaq-bununla-da-muxalif%c9%99t-gurcustanin-regionlarinda-da-etiraz-aksiyalarina-baslayacaq\/#primaryimage"},"thumbnailUrl":"https:\/\/jam-news.net\/app\/uploads\/2020\/03\/D1705097-3.jpg","keywords":["G\u00fcrc\u00fcstan bu g\u00fcn","G\u00fcrc\u00fcstan c\u0259miyy\u0259ti","G\u00fcrc\u00fcstan h\u00f6kum\u0259ti","G\u00fcrc\u00fcstan siyas\u0259ti","G\u00fcrc\u00fcstanda h\u0259yat","H\u0259bs","post-sovet g\u00fcrc\u00fcstan"],"articleSection":["Geography","Georgia","Issues","News"],"inLanguage":"az"},{"@type":"WebPage","@id":"https:\/\/jam-news.net\/az\/kutaisid%c9%99-muxalif%c9%99tin-mitinqi-bas-tutacaq-bununla-da-muxalif%c9%99t-gurcustanin-regionlarinda-da-etiraz-aksiyalarina-baslayacaq\/","url":"https:\/\/jam-news.net\/az\/kutaisid%c9%99-muxalif%c9%99tin-mitinqi-bas-tutacaq-bununla-da-muxalif%c9%99t-gurcustanin-regionlarinda-da-etiraz-aksiyalarina-baslayacaq\/","name":"Kutaisid\u0259 m\u00fcxalif\u0259tin mitinqi ba\u015f tutacaq. Bununla da m\u00fcxalif\u0259t G\u00fcrc\u00fcstan\u0131n regionlar\u0131nda da etiraz aksiyalar\u0131na ba\u015flayacaq - JAMnews","isPartOf":{"@id":"https:\/\/jam-news.net\/az\/#website"},"primaryImageOfPage":{"@id":"https:\/\/jam-news.net\/az\/kutaisid%c9%99-muxalif%c9%99tin-mitinqi-bas-tutacaq-bununla-da-muxalif%c9%99t-gurcustanin-regionlarinda-da-etiraz-aksiyalarina-baslayacaq\/#primaryimage"},"image":{"@id":"https:\/\/jam-news.net\/az\/kutaisid%c9%99-muxalif%c9%99tin-mitinqi-bas-tutacaq-bununla-da-muxalif%c9%99t-gurcustanin-regionlarinda-da-etiraz-aksiyalarina-baslayacaq\/#primaryimage"},"thumbnailUrl":"https:\/\/jam-news.net\/app\/uploads\/2020\/03\/D1705097-3.jpg","datePublished":"2019-12-06T00:00:00+00:00","dateModified":"2022-01-17T21:02:40+00:00","breadcrumb":{"@id":"https:\/\/jam-news.net\/az\/kutaisid%c9%99-muxalif%c9%99tin-mitinqi-bas-tutacaq-bununla-da-muxalif%c9%99t-gurcustanin-regionlarinda-da-etiraz-aksiyalarina-baslayacaq\/#breadcrumb"},"inLanguage":"az","potentialAction":[{"@type":"ReadAction","target":["https:\/\/jam-news.net\/az\/kutaisid%c9%99-muxalif%c9%99tin-mitinqi-bas-tutacaq-bununla-da-muxalif%c9%99t-gurcustanin-regionlarinda-da-etiraz-aksiyalarina-baslayacaq\/"]}]},{"@type":"ImageObject","inLanguage":"az","@id":"https:\/\/jam-news.net\/az\/kutaisid%c9%99-muxalif%c9%99tin-mitinqi-bas-tutacaq-bununla-da-muxalif%c9%99t-gurcustanin-regionlarinda-da-etiraz-aksiyalarina-baslayacaq\/#primaryimage","url":"https:\/\/jam-news.net\/app\/uploads\/2020\/03\/D1705097-3.jpg","contentUrl":"https:\/\/jam-news.net\/app\/uploads\/2020\/03\/D1705097-3.jpg","width":1200,"height":675},{"@type":"BreadcrumbList","@id":"https:\/\/jam-news.net\/az\/kutaisid%c9%99-muxalif%c9%99tin-mitinqi-bas-tutacaq-bununla-da-muxalif%c9%99t-gurcustanin-regionlarinda-da-etiraz-aksiyalarina-baslayacaq\/#breadcrumb","itemListElement":[{"@type":"ListItem","position":1,"name":"Home","item":"https:\/\/jam-news.net\/az\/"},{"@type":"ListItem","position":2,"name":"Kutaisid\u0259 m\u00fcxalif\u0259tin mitinqi ba\u015f tutacaq. Bununla da m\u00fcxalif\u0259t G\u00fcrc\u00fcstan\u0131n regionlar\u0131nda da etiraz aksiyalar\u0131na ba\u015flayacaq"}]},{"@type":"WebSite","@id":"https:\/\/jam-news.net\/az\/#website","url":"https:\/\/jam-news.net\/az\/","name":"Azerbaijani Jamnews","description":"Caucasus News, Politics and Society","publisher":{"@id":"https:\/\/jam-news.net\/az\/#organization"},"potentialAction":[{"@type":"SearchAction","target":{"@type":"EntryPoint","urlTemplate":"https:\/\/jam-news.net\/az\/?s={search_term_string}"},"query-input":{"@type":"PropertyValueSpecification","valueRequired":true,"valueName":"search_term_string"}}],"inLanguage":"az"},{"@type":"Organization","@id":"https:\/\/jam-news.net\/az\/#organization","name":"JAMnews","url":"https:\/\/jam-news.net\/az\/","logo":{"@type":"ImageObject","inLanguage":"az","@id":"https:\/\/jam-news.net\/az\/#\/schema\/logo\/image\/","url":"https:\/\/jam-news.net\/app\/uploads\/2020\/05\/JAM_w.jpg","contentUrl":"https:\/\/jam-news.net\/app\/uploads\/2020\/05\/JAM_w.jpg","width":960,"height":960,"caption":"JAMnews"},"image":{"@id":"https:\/\/jam-news.net\/az\/#\/schema\/logo\/image\/"},"sameAs":["https:\/\/www.facebook.com\/JAMnewsInEnglish\/","https:\/\/x.com\/JAMnewsCaucasus","https:\/\/www.instagram.com\/jam_news\/","https:\/\/www.youtube.com\/channel\/UCXQbUCme2pykuZYXWHx4VPg"]},{"@type":"Person","@id":"https:\/\/jam-news.net\/az\/#\/schema\/person\/86c90ea4dd4c6e61e60ae51d24bc662c","name":"Tatia nikoladze","image":{"@type":"ImageObject","inLanguage":"az","@id":"https:\/\/jam-news.net\/az\/#\/schema\/person\/image\/","url":"https:\/\/secure.gravatar.com\/avatar\/1f8b2c8ce4c25cc30806785bafe6bb03?s=96&d=mm&r=g","contentUrl":"https:\/\/secure.gravatar.com\/avatar\/1f8b2c8ce4c25cc30806785bafe6bb03?s=96&d=mm&r=g","caption":"Tatia nikoladze"},"url":"https:\/\/jam-news.net\/az\/author\/tatiani\/"}]}},"_links":{"self":[{"href":"https:\/\/jam-news.net\/az\/wp-json\/wp\/v2\/posts\/12531","targetHints":{"allow":["GET"]}}],"collection":[{"href":"https:\/\/jam-news.net\/az\/wp-json\/wp\/v2\/posts"}],"about":[{"href":"https:\/\/jam-news.net\/az\/wp-json\/wp\/v2\/types\/post"}],"author":[{"embeddable":true,"href":"https:\/\/jam-news.net\/az\/wp-json\/wp\/v2\/users\/6"}],"replies":[{"embeddable":true,"href":"https:\/\/jam-news.net\/az\/wp-json\/wp\/v2\/comments?post=12531"}],"version-history":[{"count":1,"href":"https:\/\/jam-news.net\/az\/wp-json\/wp\/v2\/posts\/12531\/revisions"}],"predecessor-version":[{"id":13596,"href":"https:\/\/jam-news.net\/az\/wp-json\/wp\/v2\/posts\/12531\/revisions\/13596"}],"wp:featuredmedia":[{"embeddable":true,"href":"https:\/\/jam-news.net\/az\/wp-json\/wp\/v2\/media\/22723"}],"wp:attachment":[{"href":"https:\/\/jam-news.net\/az\/wp-json\/wp\/v2\/media?parent=12531"}],"wp:term":[{"taxonomy":"category","embeddable":true,"href":"https:\/\/jam-news.net\/az\/wp-json\/wp\/v2\/categories?post=12531"},{"taxonomy":"post_tag","embeddable":true,"href":"https:\/\/jam-news.net\/az\/wp-json\/wp\/v2\/tags?post=12531"},{"taxonomy":"formation","embeddable":true,"href":"https:\/\/jam-news.net\/az\/wp-json\/wp\/v2\/formation?post=12531"},{"taxonomy":"post-author","embeddable":true,"href":"https:\/\/jam-news.net\/az\/wp-json\/wp\/v2\/post-author?post=12531"},{"taxonomy":"topic","embeddable":true,"href":"https:\/\/jam-news.net\/az\/wp-json\/wp\/v2\/topic?post=12531"},{"taxonomy":"tooltip","embeddable":true,"href":"https:\/\/jam-news.net\/az\/wp-json\/wp\/v2\/tooltip?post=12531"},{"taxonomy":"city","embeddable":true,"href":"https:\/\/jam-news.net\/az\/wp-json\/wp\/v2\/city?post=12531"}],"curies":[{"name":"wp","href":"https:\/\/api.w.org\/{rel}","templated":true}]}}