{"id":12421,"date":"2019-11-26T00:00:00","date_gmt":"2019-11-26T00:00:00","guid":{"rendered":"http:\/\/jam-news.net\/az\/tbilisid%c9%99-muxalif%c9%99tin-genismiqyasli-aksiyasi-kecirilir-etirazcilar-parlament-binasi-qarsisinda-piket-edir-fotoreportaj\/"},"modified":"2021-11-06T12:32:12","modified_gmt":"2021-11-06T08:32:12","slug":"tbilisid%c9%99-muxalif%c9%99tin-genismiqyasli-aksiyasi-kecirilir-etirazcilar-parlament-binasi-qarsisinda-piket-edir-fotoreportaj","status":"publish","type":"post","link":"https:\/\/jam-news.net\/az\/tbilisid%c9%99-muxalif%c9%99tin-genismiqyasli-aksiyasi-kecirilir-etirazcilar-parlament-binasi-qarsisinda-piket-edir-fotoreportaj\/","title":{"rendered":"Tbilisid\u0259 m\u00fcxalif\u0259tin geni\u015fmiqyasl\u0131 aksiyas\u0131 ke\u00e7irilir. Etiraz\u00e7\u0131lar parlament binas\u0131 qar\u015f\u0131s\u0131nda piket edir. Fotoreportaj"},"content":{"rendered":"<div class=\"b-article__lead\">\n<p><span style=\"font-weight: 400;\">Tbilisid\u0259 noyabr\u0131n 14-d\u0259n, iqtidar partiyas\u0131 G\u00fcrc\u00fcstanda se\u00e7ki islahat\u0131n\u0131 s\u00fcqata u\u011fradandan sonra ba\u015flayan etirazlar davam edir.<\/span><\/p>\n<p><span style=\"font-weight: 400;\">Bu g\u00fcn 19:00-da minl\u0259rl\u0259 insan yeni, tam proporsional se\u00e7ki sistemi \u00fczr\u0259 ke\u00e7irilm\u0259li olan n\u00f6vb\u0259d\u0259nk\u0259nar parlament se\u00e7kil\u0259ri t\u0259l\u0259bi il\u0259 parlament binas\u0131n\u0131n qar\u015f\u0131s\u0131na topla\u015f\u0131b.<\/span><\/p>\n<p><span style=\"font-weight: 400;\">Onlar\u0131n \u0259sas \u015f\u00fcar\u0131 \u201cBirlikd\u0259 bir n\u0259f\u0259r\u0259 qar\u015f\u0131\u201d olub. \u201cBir n\u0259f\u0259r\u201d \u201cG\u00fcrc\u00fc arzusu\u201d iqtidar partiyas\u0131n\u0131n lideri v\u0259 \u00f6lk\u0259ni qeyri-r\u0259smi idar\u0259 ed\u0259n Bidzina \u0130vani\u015fvilidir.<\/span><\/p>\n<p><span style=\"font-weight: 400;\">Etiraz\u00e7\u0131lar parlament binas\u0131n\u0131 canl\u0131 z\u0259ncirl\u0259 m\u00fchasir\u0259y\u0259 alaraq giri\u015fl\u0259rini qapad\u0131blar.<\/span><\/p>\n<p style=\"padding-left: 30px;\"><b>Parlamentin q\u0259bul etm\u0259diyi d\u0259yi\u015fiklikl\u0259r\u0259 \u0259sas\u0259n, \u00f6lk\u0259 tam proporsional se\u00e7ki sistemin\u0259 ke\u00e7m\u0259li v\u0259 majoritar sistemd\u0259n imtina etm\u0259li idi. Bu, 2019-cu ilin yay\u0131nda etirazlar\u0131n ilk dal\u011fas\u0131nda ir\u0259li s\u00fcr\u00fcl\u0259n \u0259sas t\u0259l\u0259bdi. O zaman v\u0259ziyy\u0259ti yum\u015faltmaq \u00fc\u00e7\u00fcn \u201cG\u00fcrc\u00fc arzusu\u201d iqtidar partiyas\u0131n\u0131n\u00a0 lideri Bidzina \u0130vani\u015fvili \u015f\u0259xs\u0259n n\u00fcmayi\u015f\u00e7il\u0259r\u0259 iqtidar partiyas\u0131na daha \u00e7ox \u00fcst\u00fcnl\u00fck qazand\u0131ran majoritar sistemin l\u0259\u011fv olunaca\u011f\u0131na dair s\u00f6z vermi\u015fdi. Amma bu v\u0259d\u0259 \u0259m\u0259l olunmad\u0131 v\u0259 s\u0259sverm\u0259 zaman\u0131 parlamentd\u0259 \u0130vani\u015fviliy\u0259 loyal olan deputatlar islahatlar\u0131n \u0259leyhin\u0259 s\u0259s verdil\u0259r. V\u0259t\u0259nda\u015f c\u0259miyy\u0259ti f\u0259allar\u0131 \u0130vani\u015fvilini yalan\u00e7\u0131l\u0131qda v\u0259 se\u00e7ki o\u011furlu\u011funda ittiham ed\u0259r\u0259k k\u00fc\u00e7\u0259l\u0259r\u0259 ax\u0131\u015fd\u0131lar. Onlar\u0131n \u0259sas t\u0259l\u0259bi proporsional sistem \u00fczr\u0259 n\u00f6vb\u0259d\u0259nk\u0259nar parlament se\u00e7kil\u0259rinin t\u0259yin edilm\u0259sidir. Bu t\u0259l\u0259b \u0259traf\u0131nda birl\u0259\u015f\u0259n G\u00fcrc\u00fcstan m\u00fcxalif\u0259ti d\u0259 onlara qo\u015fulub. Mitinq\u00e7il\u0259r \u00fc\u00e7 g\u00fcn \u0259rzind\u0259 parlament qar\u015f\u0131s\u0131nda piket ke\u00e7irib, daha sonra x\u00fcsusi t\u0259yinatl\u0131lar su \u015f\u0131rnaqlar\u0131 v\u0259 d\u0259y\u0259n\u0259kl\u0259rd\u0259n istifad\u0259 ed\u0259r\u0259k n\u00fcmayi\u015f\u00e7il\u0259ri da\u011f\u0131d\u0131b.<\/b><\/p>\n<p style=\"padding-left: 30px;\"><b>Amma o vaxtdan Tbilisid\u0259 v\u0259 G\u00fcrc\u00fcstan\u0131n dig\u0259r \u015f\u0259h\u0259rl\u0259rind\u0259 etirazlar s\u0259ngimir. Aksiya da\u011f\u0131d\u0131landan sonra bir ne\u00e7\u0259 g\u00fcn \u0259rzind\u0259 hakimiyy\u0259tin opponentl\u0259ri m\u00fcbariz\u0259nin \u201cpartizan\u201d taktikas\u0131na ke\u00e7ibl\u0259r: onlar d\u00f6vl\u0259t qurumlar\u0131n\u0131n binalar\u0131n\u0131n qap\u0131lar\u0131na b\u00f6y\u00fck q\u0131f\u0131ll\u0131 z\u0259ncirl\u0259r ke\u00e7irir, i\u015f\u0259 g\u0259l\u0259n nazirl\u0259ri v\u0259 deputatlar\u0131 fit\u0259 bas\u0131rlar.<\/b><\/p>\n<p style=\"padding-left: 30px;\"><b>Mitinq\u00e7il\u0259rin \u0259sas t\u0259l\u0259bi q\u00fcvv\u0259d\u0259 qal\u0131r \u2013 tam proporsional sistem \u00fczr\u0259 n\u00f6vb\u0259d\u0259nk\u0259nar parlament se\u00e7kil\u0259rinin ke\u00e7irilm\u0259si.\u00a0<\/b><\/p>\n<p><span style=\"font-weight: 400;\">Bu video noyabr n\u00fcmayi\u015fl\u0259rinin q\u0131sa tarix\u00e7\u0259sini n\u0259ql edir:<\/span><\/p>\n<p><iframe loading=\"lazy\" title=\"Tbilisid\u0259ki etirazlar haqda h\u0259r s\u0327ey\" width=\"500\" height=\"281\" src=\"https:\/\/www.youtube.com\/embed\/56I_seux99Q?feature=oembed\" frameborder=\"0\" allow=\"accelerometer; autoplay; clipboard-write; encrypted-media; gyroscope; picture-in-picture; web-share\" referrerpolicy=\"strict-origin-when-cross-origin\" allowfullscreen><\/iframe><\/p>\n<p><span style=\"font-weight: 400;\">Noyabr\u0131n 25-d\u0259 ke\u00e7iril\u0259c\u0259k mitinq \u0259vv\u0259lc\u0259d\u0259n anons edilmi\u015fdi. Noyabr\u0131n 26-da s\u0259h\u0259r saatlar\u0131nda m\u00fcxalif\u0259t v\u0259 v\u0259t\u0259nda\u015f c\u0259miyy\u0259ti f\u0259allar\u0131 G\u00fcrc\u00fcstan parlamentinin b\u00fct\u00fcn giri\u015fl\u0259rini ba\u011flama\u011fa v\u0259 i\u015fin\u0259 mane olma\u011fa haz\u0131rla\u015f\u0131rlar.<\/span><\/p>\n<p><i><span style=\"font-weight: 400;\">\u201cBizim t\u0259l\u0259bimiz h\u0259yata ke\u00e7irilm\u0259y\u0259n\u0259 q\u0259d\u0259r bu, bel\u0259 d\u0259 davam ed\u0259c\u0259k. \u0130qtidar partiyas\u0131 rahat h\u0259yat g\u00f6rm\u0259y\u0259c\u0259k, bu, art\u0131q onlar\u0131n ax\u0131r\u0131d\u0131r\u201d<\/span><\/i><span style=\"font-weight: 400;\">, &#8211; v\u0259t\u0259nda\u015f h\u0259r\u0259kat\u0131 liderl\u0259rind\u0259n biri \u015eota Diqmela\u015fvili deyib.<\/span><\/p>\n<p><span style=\"font-weight: 400;\">Ax\u015fam saat 7-\u0259 do\u011fru m\u00fcxalif partiyalar v\u0259 onlar\u0131n t\u0259r\u0259fdarlar\u0131 \u015f\u0259h\u0259rin m\u0259rk\u0259zind\u0259 y\u00fcr\u00fc\u015f ed\u0259r\u0259k parlament\u0259 yax\u0131nla\u015f\u0131b.<\/span><\/p>\n<p><i><span style=\"font-weight: 400;\">\u201cBidzin\u0259, get!\u201d<\/span><\/i><\/p>\n<p><i><span style=\"font-weight: 400;\">\u201cBidzina, utan!\u201d<\/span><\/i><\/p>\n<p><i><span style=\"font-weight: 400;\">\u201cBidzina atan\u015fik!\u201d<\/span><\/i><span style=\"font-weight: 400;\"> \u2013 plakatlarda yaz\u0131l\u0131b.<\/span><\/p>\n<p><span style=\"font-weight: 400;\">Mikrofon qar\u015f\u0131s\u0131nda \u0259n m\u00fcxt\u0259lif siyasi bax\u0131\u015flar\u0131 da\u015f\u0131yan m\u00fcxalif siyas\u0259t\u00e7il\u0259r bir-birini \u0259v\u0259z edib. Bu, son bir ne\u00e7\u0259 ild\u0259 praktiki olaraq b\u00fct\u00fcn m\u00fcxalif\u0259tin bir araya g\u0259l\u0259 bildiyi ilk hadis\u0259dir.<\/span><\/p>\n<p><span style=\"font-weight: 400;\">Liderl\u0259r vur\u011fulay\u0131rlar ki, onlar istisnas\u0131z dinc etiraz aksiyas\u0131 ke\u00e7irirl\u0259r. Plana \u0259sas\u0259n, mitinq\u00e7il\u0259rin bir qismi parlament binas\u0131 qar\u015f\u0131s\u0131nda gec\u0259l\u0259yir.<\/span><\/p>\n<p style=\"padding-left: 30px;\"><i><span style=\"font-weight: 400;\">\u201c\u0130vani\u015fvili \u00f6z\u00fcn\u0259 g\u0259ls\u0259, yax\u015f\u0131 olar. O, b\u00fct\u00fcn G\u00fcrc\u00fcstan ictimaiyy\u0259tini t\u0259hqir edib v\u0259 cavabdehlik onun \u00fc\u00e7\u00fcn \u00e7ox dramatik olacaq. Biz \u0259dal\u0259tli se\u00e7ki ist\u0259yirik, amma o biz\u0259 prosesl\u0259rin radikalla\u015fd\u0131r\u0131lmas\u0131ndan ba\u015fqa bir yol qoymad\u0131\u201d<\/span><\/i><span style=\"font-weight: 400;\">, &#8211; \u201cAvropa G\u00fcrc\u00fcstan\u0131\u201d partiyas\u0131n\u0131n liderl\u0259rind\u0259n biri Qiqa Bokeriya b\u0259yan edib.<\/span><\/p>\n<p style=\"padding-left: 30px;\"><i><span style=\"font-weight: 400;\">\u201cBu, uzun proses olacaq, biz parlament qar\u015f\u0131s\u0131nda piket ed\u0259c\u0259yik, G\u00fcrc\u00fcstan\u0131n b\u00fct\u00fcn \u015f\u0259h\u0259rl\u0259rind\u0259 aksiyalar ke\u00e7ir\u0259c\u0259yik, bizi da\u011f\u0131dacaqlar, amma biz yen\u0259 d\u0259 topla\u015faca\u011f\u0131q, o vaxta q\u0259d\u0259r ki, bizim t\u0259l\u0259bl\u0259rimiz yerin\u0259 yetirilmi\u015f olacaq\u201d<\/span><\/i><span style=\"font-weight: 400;\">, &#8211;<\/span><span style=\"font-weight: 400;\"> Milli Demokrat Partiyas\u0131n\u0131n lideri Ba\u00e7uki Kardava bildirib.<\/span><\/p>\n<p><span style=\"font-weight: 400;\">Parlament yax\u0131nl\u0131\u011f\u0131ndak\u0131 \u0259razid\u0259 polis \u0259m\u0259kda\u015flar\u0131, o c\u00fcml\u0259d\u0259n d\u0259 t\u0259cili yard\u0131m ma\u015f\u0131nlar\u0131 s\u0259f\u0259rb\u0259r edilib.<\/span><\/p>\n<h3 style=\"text-align: center;\"><b>\u201cG\u00fcrc\u00fc arzusunun\u201d cavab\u0131: m\u00f6vzu ba\u011flan\u0131b<\/b><\/h3>\n<p><span style=\"font-weight: 400;\">Noyabr\u0131n 25-d\u0259 g\u00fcn\u00fcn birinci yar\u0131s\u0131nda iqtidar partiyas\u0131n\u0131n q\u0259rargah\u0131nda parlament \u00e7oxlu\u011funun iclas\u0131 ke\u00e7irilib. Mitinq ba\u015flayana q\u0259d\u0259r hakimiyy\u0259tin etiraz\u00e7\u0131lara m\u00fczakir\u0259 \u00fc\u00e7\u00fcn g\u00fcz\u0259\u015ftli t\u0259klifl\u0259r ir\u0259li s\u00fcr\u0259c\u0259yi g\u00f6zl\u0259nilirdi. Amma g\u00f6r\u00fc\u015f sona \u00e7atandan sonra m\u0259lum olub ki, iqtidar partiyas\u0131 g\u00fcz\u0259\u015ft\u0259 getm\u0259y\u0259 haz\u0131rla\u015fm\u0131r.<\/span><\/p>\n<p><span style=\"font-weight: 400;\">\u201cG\u00fcrc\u00fc arzusu\u201d iqtidar partiyas\u0131n\u0131n ba\u015f katibi Kaxa Kaladze iclas bit\u0259nd\u0259n sonra b\u0259yan edib ki, iqtidar komandas\u0131 2020-ci il parlament se\u00e7kil\u0259rin\u0259 q\u0259d\u0259r se\u00e7ki sistemi il\u0259 ba\u011fl\u0131 he\u00e7 bir d\u0259yi\u015fiklik t\u0259\u015f\u0259bb\u00fcs\u00fcn\u00fc g\u00f6zd\u0259n ke\u00e7ir\u0259 bilm\u0259z, \u00e7\u00fcnki \u201cparlament \u00e7oxlu\u011funun m\u00f6vqeyini n\u0259z\u0259r\u0259 alaraq, bu g\u00fcn 113 s\u0259s resursunun \u0259traf\u0131nda s\u0259f\u0259rb\u0259r ola bil\u0259c\u0259yi he\u00e7 bir yeni konstitusiya d\u0259yi\u015fikliyi m\u00f6vcud deyil\u201d.<\/span><\/p>\n<p style=\"padding-left: 30px;\"><i><span style=\"font-weight: 400;\">\u201cM\u00f6vzu ba\u011fland\u0131\u201d<\/span><\/i><span style=\"font-weight: 400;\">, &#8211; Kaladze deyib.<\/span><\/p>\n<p><span style=\"font-weight: 400;\">Kaladze h\u0259m\u00e7inin parlament se\u00e7kil\u0259rinin \u201cAlmaniya modeli\u201d \u00fczr\u0259 ke\u00e7irilm\u0259si ehtimal\u0131n\u0131 da q\u0259ti \u015f\u0259kild\u0259 r\u0259dd edib. \u201cAlmaniya modeli\u201d m\u00fcxalif\u0259tin v\u0259 v\u0259t\u0259nda\u015f c\u0259miyy\u0259ti f\u0259allar\u0131n\u0131n t\u0259klif etdiyi se\u00e7ki sisteminin g\u00fcz\u0259\u015ftli variant\u0131d\u0131r.<\/span><\/p>\n<p><span style=\"font-weight: 400;\">Bu model\u0259 \u0259sas\u0259n, 2020-ci il parlament se\u00e7kil\u0259ri yenid\u0259n qar\u0131\u015f\u0131q sistyem \u00fczr\u0259 ke\u00e7iril\u0259c\u0259k (73 deputat majoritar dair\u0259l\u0259rd\u0259n, 77 deputat is\u0259 partiya siyah\u0131lar\u0131 \u00fczr\u0259). Amma haz\u0131rk\u0131 modeld\u0259n f\u0259rqli olaraq partiyan\u0131n majoritar v\u0259 proporsional sisteml\u0259r \u00fczr\u0259 n\u0259tic\u0259l\u0259rinin c\u0259ml\u0259ndiyi toplama prinsipi l\u0259\u011fv edil\u0259c\u0259k. Bunun \u0259v\u0259zin\u0259 partiya parlamentd\u0259 proporsional se\u00e7ki sistemi \u00fczr\u0259\u00a0 ald\u0131\u011f\u0131 d\u0259st\u0259y\u0259 uy\u011fun sayda yer \u0259ld\u0259 etmi\u015f olacaq.<\/span><\/p>\n<p><span style=\"font-weight: 400;\">Bu t\u0259\u015f\u0259bb\u00fcs\u00fcn h\u0259yata ke\u00e7irilm\u0259si \u00fc\u00e7\u00fcn Konstitusiyaya d\u0259yi\u015fiklik edilm\u0259si t\u0259l\u0259b olunmur v\u0259 m\u00fcvafiq olaraq, onun q\u0259bul olunmas\u0131 \u00fc\u00e7\u00fcn d\u0259 konstitusion \u00e7oxlu\u011fa (113 deputat s\u0259sin\u0259) ehtiyac yoxdur. Bu d\u0259yi\u015fikliyin q\u0259bul olunmas\u0131 \u00fc\u00e7\u00fcn 76 deputat s\u0259si kifay\u0259t edir.<\/span><\/p>\n<div><img loading=\"lazy\" decoding=\"async\" class=\"alignnone wp-image-209463 size-full\" src=\"http:\/\/jam-news.net\/app\/uploads\/2019\/11\/25-noemberi-2.jpg\" alt=\"\" width=\"1200\" height=\"800\" \/><\/div>\n<div><img loading=\"lazy\" decoding=\"async\" class=\"alignnone wp-image-209473 size-full\" src=\"http:\/\/jam-news.net\/app\/uploads\/2019\/11\/25-noemberi.jpg\" alt=\"\" width=\"1200\" height=\"800\" \/> <img loading=\"lazy\" decoding=\"async\" class=\"alignnone wp-image-209468 size-full\" src=\"http:\/\/jam-news.net\/app\/uploads\/2019\/11\/25-noemberi-1.jpg\" alt=\"\" width=\"1200\" height=\"800\" \/><\/div>\n<div><img loading=\"lazy\" decoding=\"async\" class=\"alignnone wp-image-209373 size-full\" src=\"http:\/\/jam-news.net\/app\/uploads\/2019\/11\/25-noemberi-19.jpg\" alt=\"\" width=\"1200\" height=\"800\" \/><\/div>\n<div><img loading=\"lazy\" decoding=\"async\" class=\"alignnone wp-image-209388 size-full\" src=\"http:\/\/jam-news.net\/app\/uploads\/2019\/11\/25-noemberi-16.jpg\" alt=\"\" width=\"1200\" height=\"800\" \/><img loading=\"lazy\" decoding=\"async\" class=\"alignnone wp-image-209398 size-full\" src=\"http:\/\/jam-news.net\/app\/uploads\/2019\/11\/qav25-noemberi-15.jpg\" alt=\"\" width=\"1200\" height=\"800\" \/><img loading=\"lazy\" decoding=\"async\" class=\"alignnone wp-image-209383 size-full\" src=\"http:\/\/jam-news.net\/app\/uploads\/2019\/11\/25-noemberi-17.jpg\" alt=\"\" width=\"1200\" height=\"800\" \/><img loading=\"lazy\" decoding=\"async\" class=\"alignnone wp-image-209408 size-full\" src=\"http:\/\/jam-news.net\/app\/uploads\/2019\/11\/25-noemberi-13.jpg\" alt=\"\" width=\"1200\" height=\"800\" \/><\/div>\n<div><img loading=\"lazy\" decoding=\"async\" class=\"alignnone wp-image-209538 size-full\" src=\"http:\/\/jam-news.net\/app\/uploads\/2019\/11\/meore-25-noemberi.jpg\" alt=\"\" width=\"1200\" height=\"800\" \/> <img loading=\"lazy\" decoding=\"async\" class=\"alignnone wp-image-209533 size-full\" src=\"http:\/\/jam-news.net\/app\/uploads\/2019\/11\/meore-25-noemberi-1.jpg\" alt=\"\" width=\"1200\" height=\"800\" \/><\/div>\n<div><img loading=\"lazy\" decoding=\"async\" class=\"alignnone wp-image-209543 size-full\" src=\"http:\/\/jam-news.net\/app\/uploads\/2019\/11\/mesame-25-noemberi-1.jpg\" alt=\"\" width=\"1200\" height=\"800\" \/><\/div>\n<div><img loading=\"lazy\" decoding=\"async\" class=\"alignnone wp-image-209413 size-full\" src=\"http:\/\/jam-news.net\/app\/uploads\/2019\/11\/25-noemberi-12.jpg\" alt=\"\" width=\"1200\" height=\"800\" \/><img loading=\"lazy\" decoding=\"async\" class=\"alignnone wp-image-209418 size-full\" src=\"http:\/\/jam-news.net\/app\/uploads\/2019\/11\/25-noemberi-11.jpg\" alt=\"\" width=\"1200\" height=\"800\" \/><img loading=\"lazy\" decoding=\"async\" class=\"alignnone wp-image-209428 size-full\" src=\"http:\/\/jam-news.net\/app\/uploads\/2019\/11\/25-noemberi-9.jpg\" alt=\"\" width=\"1200\" height=\"800\" \/><img loading=\"lazy\" decoding=\"async\" class=\"alignnone wp-image-209433 size-full\" src=\"http:\/\/jam-news.net\/app\/uploads\/2019\/11\/25-noemberi-8.jpg\" alt=\"\" width=\"1200\" height=\"800\" \/><img loading=\"lazy\" decoding=\"async\" class=\"alignnone wp-image-209438 size-full\" src=\"http:\/\/jam-news.net\/app\/uploads\/2019\/11\/25-noemberi-7.jpg\" alt=\"\" width=\"1200\" height=\"800\" \/><img loading=\"lazy\" decoding=\"async\" class=\"alignnone wp-image-209443 size-full\" src=\"http:\/\/jam-news.net\/app\/uploads\/2019\/11\/25-noemberi-6.jpg\" alt=\"\" width=\"1200\" height=\"800\" \/><img loading=\"lazy\" decoding=\"async\" class=\"alignnone wp-image-209448 size-full\" src=\"http:\/\/jam-news.net\/app\/uploads\/2019\/11\/25-noemberi-5.jpg\" alt=\"\" width=\"1200\" height=\"800\" \/><\/div>\n<div><img loading=\"lazy\" decoding=\"async\" class=\"alignnone wp-image-209403 size-full\" src=\"http:\/\/jam-news.net\/app\/uploads\/2019\/11\/25-noemberi-14.jpg\" alt=\"\" width=\"1200\" height=\"800\" \/><\/div>\n<div><img loading=\"lazy\" decoding=\"async\" class=\"alignnone wp-image-209453 size-full\" src=\"http:\/\/jam-news.net\/app\/uploads\/2019\/11\/25-noemberi-4.jpg\" alt=\"\" width=\"1200\" height=\"800\" \/><img loading=\"lazy\" decoding=\"async\" class=\"alignnone wp-image-209458 size-full\" src=\"http:\/\/jam-news.net\/app\/uploads\/2019\/11\/25-noemberi-3.jpg\" alt=\"\" width=\"1200\" height=\"800\" \/><img loading=\"lazy\" decoding=\"async\" class=\"alignnone wp-image-209478 size-full\" src=\"http:\/\/jam-news.net\/app\/uploads\/2019\/11\/meore-25-noemberi-12.jpg\" alt=\"\" width=\"1200\" height=\"800\" \/> <img loading=\"lazy\" decoding=\"async\" class=\"alignnone wp-image-209483 size-full\" src=\"http:\/\/jam-news.net\/app\/uploads\/2019\/11\/meore-25-noemberi-11.jpg\" alt=\"\" width=\"1200\" height=\"800\" \/> <img loading=\"lazy\" decoding=\"async\" class=\"alignnone wp-image-209488 size-full\" src=\"http:\/\/jam-news.net\/app\/uploads\/2019\/11\/meore-25-noemberi-10.jpg\" alt=\"\" width=\"1200\" height=\"800\" \/> <img loading=\"lazy\" decoding=\"async\" class=\"alignnone wp-image-209493 size-full\" src=\"http:\/\/jam-news.net\/app\/uploads\/2019\/11\/meore-25-noemberi-9.jpg\" alt=\"\" width=\"1200\" height=\"800\" \/> <img loading=\"lazy\" decoding=\"async\" class=\"alignnone wp-image-209508 size-full\" src=\"http:\/\/jam-news.net\/app\/uploads\/2019\/11\/meore-25-noemberi-6.jpg\" alt=\"\" width=\"1200\" height=\"800\" \/> <img loading=\"lazy\" decoding=\"async\" class=\"alignnone wp-image-209513 size-full\" src=\"http:\/\/jam-news.net\/app\/uploads\/2019\/11\/meore-25-noemberi-5.jpg\" alt=\"\" width=\"1200\" height=\"800\" \/> <img loading=\"lazy\" decoding=\"async\" class=\"alignnone wp-image-209518 size-full\" src=\"http:\/\/jam-news.net\/app\/uploads\/2019\/11\/meore-25-noemberi-4.jpg\" alt=\"\" width=\"1200\" height=\"800\" \/> <img loading=\"lazy\" decoding=\"async\" class=\"alignnone wp-image-209523 size-full\" src=\"http:\/\/jam-news.net\/app\/uploads\/2019\/11\/meore-25-noemberi-3.jpg\" alt=\"\" width=\"1200\" height=\"800\" \/><\/div>\n<div><img loading=\"lazy\" decoding=\"async\" class=\"alignnone wp-image-209548 size-full\" src=\"http:\/\/jam-news.net\/app\/uploads\/2019\/11\/mesame-25-noemberi.jpg\" alt=\"\" width=\"1200\" height=\"800\" \/><img loading=\"lazy\" decoding=\"async\" class=\"alignnone wp-image-209528 size-full\" src=\"http:\/\/jam-news.net\/app\/uploads\/2019\/11\/meore-25-noemberi-2.jpg\" alt=\"\" width=\"1200\" height=\"800\" \/><\/div>\n<p><div class=\"su-divider su-divider-style-default\" style=\"margin:15px 0;border-width:3px;border-color:#999999\"><a href=\"#\" style=\"color:#999999\">Go to top<\/a><\/div> <\/p>\n<\/div>\n","protected":false},"excerpt":{"rendered":"<p>Mitinq\u00e7il\u0259rin t\u0259l\u0259bl\u0259ri \u2013 tam proporsional sistem \u00fczr\u0259 n\u00f6vb\u0259d\u0259nk\u0259nar parlament se\u00e7kil\u0259ri<\/p>\n","protected":false},"author":6,"featured_media":22692,"comment_status":"open","ping_status":"open","sticky":false,"template":"","format":"standard","meta":{"_acf_changed":false,"footnotes":""},"categories":[2,3,50,5],"tags":[195,1114,1115,1116,131,1117,1118,15,512,1119,429,514,558,1120,1121,515,1122,20,1123,537,1124,508,1125,1126,437,1127,1128],"formation":[],"post-author":[4807],"topic":[],"tooltip":[],"city":[],"class_list":["post-12421","post","type-post","status-publish","format-standard","has-post-thumbnail","hentry","category-cografiya","category-gurcustan","category-xbrlr","category-siyast","tag-etiraz","tag-etirazcilar","tag-ev","tag-georgia-bu-gun-gurcustan-xbrlri","tag-gnclik","tag-gurcu-cmiyyti","tag-gurcu-siyasti","tag-gurcustan","tag-gurcustan-hokumti","tag-gurcustanda-bas-vernlr","tag-gurcustanda-hyat","tag-gurcustanda-n-bas-verir","tag-gurcustanda-xbrlr","tag-gurcustandaki-hyat","tag-gurcustandan-hekaylr","tag-gurcustandan-xbrlr","tag-ivanisvili","tag-muxalift","tag-numayiscilr","tag-parlament","tag-piket","tag-post-sovet-gurcustan","tag-proses","tag-surtlndirm","tag-tbilisi","tag-tlblr","tag-tiflis","post-author-david-pipia"],"acf":[],"yoast_head":"<!-- This site is optimized with the Yoast SEO plugin v24.1 - https:\/\/yoast.com\/wordpress\/plugins\/seo\/ -->\n<title>Tbilisid\u0259 m\u00fcxalif\u0259tin geni\u015fmiqyasl\u0131 aksiyas\u0131 ke\u00e7irilir. Etiraz\u00e7\u0131lar parlament binas\u0131 qar\u015f\u0131s\u0131nda piket edir. Fotoreportaj - JAMnews<\/title>\n<meta name=\"robots\" content=\"index, follow, max-snippet:-1, max-image-preview:large, max-video-preview:-1\" \/>\n<link rel=\"canonical\" href=\"https:\/\/jam-news.net\/az\/tbilisid\u0259-muxalif\u0259tin-genismiqyasli-aksiyasi-kecirilir-etirazcilar-parlament-binasi-qarsisinda-piket-edir-fotoreportaj\/\" \/>\n<meta property=\"og:locale\" content=\"az_AZ\" \/>\n<meta property=\"og:type\" content=\"article\" \/>\n<meta property=\"og:title\" content=\"Tbilisid\u0259 m\u00fcxalif\u0259tin geni\u015fmiqyasl\u0131 aksiyas\u0131 ke\u00e7irilir. Etiraz\u00e7\u0131lar parlament binas\u0131 qar\u015f\u0131s\u0131nda piket edir. Fotoreportaj - JAMnews\" \/>\n<meta property=\"og:description\" content=\"Mitinq\u00e7il\u0259rin t\u0259l\u0259bl\u0259ri \u2013 tam proporsional sistem \u00fczr\u0259 n\u00f6vb\u0259d\u0259nk\u0259nar parlament se\u00e7kil\u0259ri\" \/>\n<meta property=\"og:url\" content=\"https:\/\/jam-news.net\/az\/tbilisid\u0259-muxalif\u0259tin-genismiqyasli-aksiyasi-kecirilir-etirazcilar-parlament-binasi-qarsisinda-piket-edir-fotoreportaj\/\" \/>\n<meta property=\"og:site_name\" content=\"Azerbaijani Jamnews\" \/>\n<meta property=\"article:publisher\" content=\"https:\/\/www.facebook.com\/JAMnewsInEnglish\/\" \/>\n<meta property=\"article:published_time\" content=\"2019-11-26T00:00:00+00:00\" \/>\n<meta property=\"article:modified_time\" content=\"2021-11-06T08:32:12+00:00\" \/>\n<meta property=\"og:image\" content=\"https:\/\/jam-news.net\/app\/uploads\/2020\/03\/qav25-noemberi-15-4.jpg\" \/>\n\t<meta property=\"og:image:width\" content=\"1200\" \/>\n\t<meta property=\"og:image:height\" content=\"800\" \/>\n\t<meta property=\"og:image:type\" content=\"image\/jpeg\" \/>\n<meta name=\"author\" content=\"Tatia nikoladze\" \/>\n<meta name=\"twitter:card\" content=\"summary_large_image\" \/>\n<meta name=\"twitter:creator\" content=\"@JAMnewsCaucasus\" \/>\n<meta name=\"twitter:site\" content=\"@JAMnewsCaucasus\" \/>\n<meta name=\"twitter:label1\" content=\"Written by\" \/>\n\t<meta name=\"twitter:data1\" content=\"Tatia nikoladze\" \/>\n\t<meta name=\"twitter:label2\" content=\"Est. reading time\" \/>\n\t<meta name=\"twitter:data2\" content=\"6 minutes\" \/>\n<script type=\"application\/ld+json\" class=\"yoast-schema-graph\">{\"@context\":\"https:\/\/schema.org\",\"@graph\":[{\"@type\":\"Article\",\"@id\":\"https:\/\/jam-news.net\/az\/tbilisid%c9%99-muxalif%c9%99tin-genismiqyasli-aksiyasi-kecirilir-etirazcilar-parlament-binasi-qarsisinda-piket-edir-fotoreportaj\/#article\",\"isPartOf\":{\"@id\":\"https:\/\/jam-news.net\/az\/tbilisid%c9%99-muxalif%c9%99tin-genismiqyasli-aksiyasi-kecirilir-etirazcilar-parlament-binasi-qarsisinda-piket-edir-fotoreportaj\/\"},\"author\":{\"name\":\"Tatia nikoladze\",\"@id\":\"https:\/\/jam-news.net\/az\/#\/schema\/person\/86c90ea4dd4c6e61e60ae51d24bc662c\"},\"headline\":\"Tbilisid\u0259 m\u00fcxalif\u0259tin geni\u015fmiqyasl\u0131 aksiyas\u0131 ke\u00e7irilir. Etiraz\u00e7\u0131lar parlament binas\u0131 qar\u015f\u0131s\u0131nda piket edir. Fotoreportaj\",\"datePublished\":\"2019-11-26T00:00:00+00:00\",\"dateModified\":\"2021-11-06T08:32:12+00:00\",\"mainEntityOfPage\":{\"@id\":\"https:\/\/jam-news.net\/az\/tbilisid%c9%99-muxalif%c9%99tin-genismiqyasli-aksiyasi-kecirilir-etirazcilar-parlament-binasi-qarsisinda-piket-edir-fotoreportaj\/\"},\"wordCount\":1232,\"commentCount\":0,\"publisher\":{\"@id\":\"https:\/\/jam-news.net\/az\/#organization\"},\"image\":{\"@id\":\"https:\/\/jam-news.net\/az\/tbilisid%c9%99-muxalif%c9%99tin-genismiqyasli-aksiyasi-kecirilir-etirazcilar-parlament-binasi-qarsisinda-piket-edir-fotoreportaj\/#primaryimage\"},\"thumbnailUrl\":\"https:\/\/jam-news.net\/app\/uploads\/2020\/03\/qav25-noemberi-15-4.jpg\",\"keywords\":[\"etiraz\",\"Etiraz\u00e7\u0131lar\",\"Ev\",\"Georgia Bu g\u00fcn G\u00fcrc\u00fcstan x\u0259b\u0259rl\u0259ri\",\"g\u0259nclik\",\"g\u00fcrc\u00fc c\u0259miyy\u0259ti\",\"g\u00fcrc\u00fc siyas\u0259ti\",\"G\u00fcrc\u00fcstan\",\"G\u00fcrc\u00fcstan h\u00f6kum\u0259ti\",\"G\u00fcrc\u00fcstanda ba\u015f ver\u0259nl\u0259r\",\"G\u00fcrc\u00fcstanda h\u0259yat\",\"G\u00fcrc\u00fcstanda n\u0259 ba\u015f verir\",\"G\u00fcrc\u00fcstanda x\u0259b\u0259rl\u0259r\",\"G\u00fcrc\u00fcstandak\u0131 h\u0259yat\",\"G\u00fcrc\u00fcstandan Hekay\u0259l\u0259r\",\"G\u00fcrc\u00fcstandan x\u0259b\u0259rl\u0259r\",\"\u0130vani\u015fvili\",\"m\u00fcxalif\u0259t\",\"N\u00fcmayi\u015f\u00e7il\u0259r\",\"parlament\",\"Piket\",\"post-sovet g\u00fcrc\u00fcstan\",\"Proses\",\"S\u00fcr\u0259tl\u0259ndirm\u0259\",\"Tbilisi\",\"T\u0259l\u0259bl\u0259r\",\"Tiflis\"],\"articleSection\":[\"Geography\",\"Georgia\",\"News\",\"Politics\"],\"inLanguage\":\"az\"},{\"@type\":\"WebPage\",\"@id\":\"https:\/\/jam-news.net\/az\/tbilisid%c9%99-muxalif%c9%99tin-genismiqyasli-aksiyasi-kecirilir-etirazcilar-parlament-binasi-qarsisinda-piket-edir-fotoreportaj\/\",\"url\":\"https:\/\/jam-news.net\/az\/tbilisid%c9%99-muxalif%c9%99tin-genismiqyasli-aksiyasi-kecirilir-etirazcilar-parlament-binasi-qarsisinda-piket-edir-fotoreportaj\/\",\"name\":\"Tbilisid\u0259 m\u00fcxalif\u0259tin geni\u015fmiqyasl\u0131 aksiyas\u0131 ke\u00e7irilir. Etiraz\u00e7\u0131lar parlament binas\u0131 qar\u015f\u0131s\u0131nda piket edir. Fotoreportaj - JAMnews\",\"isPartOf\":{\"@id\":\"https:\/\/jam-news.net\/az\/#website\"},\"primaryImageOfPage\":{\"@id\":\"https:\/\/jam-news.net\/az\/tbilisid%c9%99-muxalif%c9%99tin-genismiqyasli-aksiyasi-kecirilir-etirazcilar-parlament-binasi-qarsisinda-piket-edir-fotoreportaj\/#primaryimage\"},\"image\":{\"@id\":\"https:\/\/jam-news.net\/az\/tbilisid%c9%99-muxalif%c9%99tin-genismiqyasli-aksiyasi-kecirilir-etirazcilar-parlament-binasi-qarsisinda-piket-edir-fotoreportaj\/#primaryimage\"},\"thumbnailUrl\":\"https:\/\/jam-news.net\/app\/uploads\/2020\/03\/qav25-noemberi-15-4.jpg\",\"datePublished\":\"2019-11-26T00:00:00+00:00\",\"dateModified\":\"2021-11-06T08:32:12+00:00\",\"breadcrumb\":{\"@id\":\"https:\/\/jam-news.net\/az\/tbilisid%c9%99-muxalif%c9%99tin-genismiqyasli-aksiyasi-kecirilir-etirazcilar-parlament-binasi-qarsisinda-piket-edir-fotoreportaj\/#breadcrumb\"},\"inLanguage\":\"az\",\"potentialAction\":[{\"@type\":\"ReadAction\",\"target\":[\"https:\/\/jam-news.net\/az\/tbilisid%c9%99-muxalif%c9%99tin-genismiqyasli-aksiyasi-kecirilir-etirazcilar-parlament-binasi-qarsisinda-piket-edir-fotoreportaj\/\"]}]},{\"@type\":\"ImageObject\",\"inLanguage\":\"az\",\"@id\":\"https:\/\/jam-news.net\/az\/tbilisid%c9%99-muxalif%c9%99tin-genismiqyasli-aksiyasi-kecirilir-etirazcilar-parlament-binasi-qarsisinda-piket-edir-fotoreportaj\/#primaryimage\",\"url\":\"https:\/\/jam-news.net\/app\/uploads\/2020\/03\/qav25-noemberi-15-4.jpg\",\"contentUrl\":\"https:\/\/jam-news.net\/app\/uploads\/2020\/03\/qav25-noemberi-15-4.jpg\",\"width\":1200,\"height\":800},{\"@type\":\"BreadcrumbList\",\"@id\":\"https:\/\/jam-news.net\/az\/tbilisid%c9%99-muxalif%c9%99tin-genismiqyasli-aksiyasi-kecirilir-etirazcilar-parlament-binasi-qarsisinda-piket-edir-fotoreportaj\/#breadcrumb\",\"itemListElement\":[{\"@type\":\"ListItem\",\"position\":1,\"name\":\"Home\",\"item\":\"https:\/\/jam-news.net\/az\/\"},{\"@type\":\"ListItem\",\"position\":2,\"name\":\"Tbilisid\u0259 m\u00fcxalif\u0259tin geni\u015fmiqyasl\u0131 aksiyas\u0131 ke\u00e7irilir. Etiraz\u00e7\u0131lar parlament binas\u0131 qar\u015f\u0131s\u0131nda piket edir. Fotoreportaj\"}]},{\"@type\":\"WebSite\",\"@id\":\"https:\/\/jam-news.net\/az\/#website\",\"url\":\"https:\/\/jam-news.net\/az\/\",\"name\":\"Azerbaijani Jamnews\",\"description\":\"Caucasus News, Politics and Society\",\"publisher\":{\"@id\":\"https:\/\/jam-news.net\/az\/#organization\"},\"potentialAction\":[{\"@type\":\"SearchAction\",\"target\":{\"@type\":\"EntryPoint\",\"urlTemplate\":\"https:\/\/jam-news.net\/az\/?s={search_term_string}\"},\"query-input\":{\"@type\":\"PropertyValueSpecification\",\"valueRequired\":true,\"valueName\":\"search_term_string\"}}],\"inLanguage\":\"az\"},{\"@type\":\"Organization\",\"@id\":\"https:\/\/jam-news.net\/az\/#organization\",\"name\":\"JAMnews\",\"url\":\"https:\/\/jam-news.net\/az\/\",\"logo\":{\"@type\":\"ImageObject\",\"inLanguage\":\"az\",\"@id\":\"https:\/\/jam-news.net\/az\/#\/schema\/logo\/image\/\",\"url\":\"https:\/\/jam-news.net\/app\/uploads\/2020\/05\/JAM_w.jpg\",\"contentUrl\":\"https:\/\/jam-news.net\/app\/uploads\/2020\/05\/JAM_w.jpg\",\"width\":960,\"height\":960,\"caption\":\"JAMnews\"},\"image\":{\"@id\":\"https:\/\/jam-news.net\/az\/#\/schema\/logo\/image\/\"},\"sameAs\":[\"https:\/\/www.facebook.com\/JAMnewsInEnglish\/\",\"https:\/\/x.com\/JAMnewsCaucasus\",\"https:\/\/www.instagram.com\/jam_news\/\",\"https:\/\/www.youtube.com\/channel\/UCXQbUCme2pykuZYXWHx4VPg\"]},{\"@type\":\"Person\",\"@id\":\"https:\/\/jam-news.net\/az\/#\/schema\/person\/86c90ea4dd4c6e61e60ae51d24bc662c\",\"name\":\"Tatia nikoladze\",\"image\":{\"@type\":\"ImageObject\",\"inLanguage\":\"az\",\"@id\":\"https:\/\/jam-news.net\/az\/#\/schema\/person\/image\/\",\"url\":\"https:\/\/secure.gravatar.com\/avatar\/1f8b2c8ce4c25cc30806785bafe6bb03?s=96&d=mm&r=g\",\"contentUrl\":\"https:\/\/secure.gravatar.com\/avatar\/1f8b2c8ce4c25cc30806785bafe6bb03?s=96&d=mm&r=g\",\"caption\":\"Tatia nikoladze\"},\"url\":\"https:\/\/jam-news.net\/az\/author\/tatiani\/\"}]}<\/script>\n<!-- \/ Yoast SEO plugin. -->","yoast_head_json":{"title":"Tbilisid\u0259 m\u00fcxalif\u0259tin geni\u015fmiqyasl\u0131 aksiyas\u0131 ke\u00e7irilir. Etiraz\u00e7\u0131lar parlament binas\u0131 qar\u015f\u0131s\u0131nda piket edir. Fotoreportaj - JAMnews","robots":{"index":"index","follow":"follow","max-snippet":"max-snippet:-1","max-image-preview":"max-image-preview:large","max-video-preview":"max-video-preview:-1"},"canonical":"https:\/\/jam-news.net\/az\/tbilisid\u0259-muxalif\u0259tin-genismiqyasli-aksiyasi-kecirilir-etirazcilar-parlament-binasi-qarsisinda-piket-edir-fotoreportaj\/","og_locale":"az_AZ","og_type":"article","og_title":"Tbilisid\u0259 m\u00fcxalif\u0259tin geni\u015fmiqyasl\u0131 aksiyas\u0131 ke\u00e7irilir. Etiraz\u00e7\u0131lar parlament binas\u0131 qar\u015f\u0131s\u0131nda piket edir. Fotoreportaj - JAMnews","og_description":"Mitinq\u00e7il\u0259rin t\u0259l\u0259bl\u0259ri \u2013 tam proporsional sistem \u00fczr\u0259 n\u00f6vb\u0259d\u0259nk\u0259nar parlament se\u00e7kil\u0259ri","og_url":"https:\/\/jam-news.net\/az\/tbilisid\u0259-muxalif\u0259tin-genismiqyasli-aksiyasi-kecirilir-etirazcilar-parlament-binasi-qarsisinda-piket-edir-fotoreportaj\/","og_site_name":"Azerbaijani Jamnews","article_publisher":"https:\/\/www.facebook.com\/JAMnewsInEnglish\/","article_published_time":"2019-11-26T00:00:00+00:00","article_modified_time":"2021-11-06T08:32:12+00:00","og_image":[{"width":1200,"height":800,"url":"https:\/\/jam-news.net\/app\/uploads\/2020\/03\/qav25-noemberi-15-4.jpg","type":"image\/jpeg"}],"author":"Tatia nikoladze","twitter_card":"summary_large_image","twitter_creator":"@JAMnewsCaucasus","twitter_site":"@JAMnewsCaucasus","twitter_misc":{"Written by":"Tatia nikoladze","Est. reading time":"6 minutes"},"schema":{"@context":"https:\/\/schema.org","@graph":[{"@type":"Article","@id":"https:\/\/jam-news.net\/az\/tbilisid%c9%99-muxalif%c9%99tin-genismiqyasli-aksiyasi-kecirilir-etirazcilar-parlament-binasi-qarsisinda-piket-edir-fotoreportaj\/#article","isPartOf":{"@id":"https:\/\/jam-news.net\/az\/tbilisid%c9%99-muxalif%c9%99tin-genismiqyasli-aksiyasi-kecirilir-etirazcilar-parlament-binasi-qarsisinda-piket-edir-fotoreportaj\/"},"author":{"name":"Tatia nikoladze","@id":"https:\/\/jam-news.net\/az\/#\/schema\/person\/86c90ea4dd4c6e61e60ae51d24bc662c"},"headline":"Tbilisid\u0259 m\u00fcxalif\u0259tin geni\u015fmiqyasl\u0131 aksiyas\u0131 ke\u00e7irilir. Etiraz\u00e7\u0131lar parlament binas\u0131 qar\u015f\u0131s\u0131nda piket edir. Fotoreportaj","datePublished":"2019-11-26T00:00:00+00:00","dateModified":"2021-11-06T08:32:12+00:00","mainEntityOfPage":{"@id":"https:\/\/jam-news.net\/az\/tbilisid%c9%99-muxalif%c9%99tin-genismiqyasli-aksiyasi-kecirilir-etirazcilar-parlament-binasi-qarsisinda-piket-edir-fotoreportaj\/"},"wordCount":1232,"commentCount":0,"publisher":{"@id":"https:\/\/jam-news.net\/az\/#organization"},"image":{"@id":"https:\/\/jam-news.net\/az\/tbilisid%c9%99-muxalif%c9%99tin-genismiqyasli-aksiyasi-kecirilir-etirazcilar-parlament-binasi-qarsisinda-piket-edir-fotoreportaj\/#primaryimage"},"thumbnailUrl":"https:\/\/jam-news.net\/app\/uploads\/2020\/03\/qav25-noemberi-15-4.jpg","keywords":["etiraz","Etiraz\u00e7\u0131lar","Ev","Georgia Bu g\u00fcn G\u00fcrc\u00fcstan x\u0259b\u0259rl\u0259ri","g\u0259nclik","g\u00fcrc\u00fc c\u0259miyy\u0259ti","g\u00fcrc\u00fc siyas\u0259ti","G\u00fcrc\u00fcstan","G\u00fcrc\u00fcstan h\u00f6kum\u0259ti","G\u00fcrc\u00fcstanda ba\u015f ver\u0259nl\u0259r","G\u00fcrc\u00fcstanda h\u0259yat","G\u00fcrc\u00fcstanda n\u0259 ba\u015f verir","G\u00fcrc\u00fcstanda x\u0259b\u0259rl\u0259r","G\u00fcrc\u00fcstandak\u0131 h\u0259yat","G\u00fcrc\u00fcstandan Hekay\u0259l\u0259r","G\u00fcrc\u00fcstandan x\u0259b\u0259rl\u0259r","\u0130vani\u015fvili","m\u00fcxalif\u0259t","N\u00fcmayi\u015f\u00e7il\u0259r","parlament","Piket","post-sovet g\u00fcrc\u00fcstan","Proses","S\u00fcr\u0259tl\u0259ndirm\u0259","Tbilisi","T\u0259l\u0259bl\u0259r","Tiflis"],"articleSection":["Geography","Georgia","News","Politics"],"inLanguage":"az"},{"@type":"WebPage","@id":"https:\/\/jam-news.net\/az\/tbilisid%c9%99-muxalif%c9%99tin-genismiqyasli-aksiyasi-kecirilir-etirazcilar-parlament-binasi-qarsisinda-piket-edir-fotoreportaj\/","url":"https:\/\/jam-news.net\/az\/tbilisid%c9%99-muxalif%c9%99tin-genismiqyasli-aksiyasi-kecirilir-etirazcilar-parlament-binasi-qarsisinda-piket-edir-fotoreportaj\/","name":"Tbilisid\u0259 m\u00fcxalif\u0259tin geni\u015fmiqyasl\u0131 aksiyas\u0131 ke\u00e7irilir. Etiraz\u00e7\u0131lar parlament binas\u0131 qar\u015f\u0131s\u0131nda piket edir. Fotoreportaj - JAMnews","isPartOf":{"@id":"https:\/\/jam-news.net\/az\/#website"},"primaryImageOfPage":{"@id":"https:\/\/jam-news.net\/az\/tbilisid%c9%99-muxalif%c9%99tin-genismiqyasli-aksiyasi-kecirilir-etirazcilar-parlament-binasi-qarsisinda-piket-edir-fotoreportaj\/#primaryimage"},"image":{"@id":"https:\/\/jam-news.net\/az\/tbilisid%c9%99-muxalif%c9%99tin-genismiqyasli-aksiyasi-kecirilir-etirazcilar-parlament-binasi-qarsisinda-piket-edir-fotoreportaj\/#primaryimage"},"thumbnailUrl":"https:\/\/jam-news.net\/app\/uploads\/2020\/03\/qav25-noemberi-15-4.jpg","datePublished":"2019-11-26T00:00:00+00:00","dateModified":"2021-11-06T08:32:12+00:00","breadcrumb":{"@id":"https:\/\/jam-news.net\/az\/tbilisid%c9%99-muxalif%c9%99tin-genismiqyasli-aksiyasi-kecirilir-etirazcilar-parlament-binasi-qarsisinda-piket-edir-fotoreportaj\/#breadcrumb"},"inLanguage":"az","potentialAction":[{"@type":"ReadAction","target":["https:\/\/jam-news.net\/az\/tbilisid%c9%99-muxalif%c9%99tin-genismiqyasli-aksiyasi-kecirilir-etirazcilar-parlament-binasi-qarsisinda-piket-edir-fotoreportaj\/"]}]},{"@type":"ImageObject","inLanguage":"az","@id":"https:\/\/jam-news.net\/az\/tbilisid%c9%99-muxalif%c9%99tin-genismiqyasli-aksiyasi-kecirilir-etirazcilar-parlament-binasi-qarsisinda-piket-edir-fotoreportaj\/#primaryimage","url":"https:\/\/jam-news.net\/app\/uploads\/2020\/03\/qav25-noemberi-15-4.jpg","contentUrl":"https:\/\/jam-news.net\/app\/uploads\/2020\/03\/qav25-noemberi-15-4.jpg","width":1200,"height":800},{"@type":"BreadcrumbList","@id":"https:\/\/jam-news.net\/az\/tbilisid%c9%99-muxalif%c9%99tin-genismiqyasli-aksiyasi-kecirilir-etirazcilar-parlament-binasi-qarsisinda-piket-edir-fotoreportaj\/#breadcrumb","itemListElement":[{"@type":"ListItem","position":1,"name":"Home","item":"https:\/\/jam-news.net\/az\/"},{"@type":"ListItem","position":2,"name":"Tbilisid\u0259 m\u00fcxalif\u0259tin geni\u015fmiqyasl\u0131 aksiyas\u0131 ke\u00e7irilir. Etiraz\u00e7\u0131lar parlament binas\u0131 qar\u015f\u0131s\u0131nda piket edir. Fotoreportaj"}]},{"@type":"WebSite","@id":"https:\/\/jam-news.net\/az\/#website","url":"https:\/\/jam-news.net\/az\/","name":"Azerbaijani Jamnews","description":"Caucasus News, Politics and Society","publisher":{"@id":"https:\/\/jam-news.net\/az\/#organization"},"potentialAction":[{"@type":"SearchAction","target":{"@type":"EntryPoint","urlTemplate":"https:\/\/jam-news.net\/az\/?s={search_term_string}"},"query-input":{"@type":"PropertyValueSpecification","valueRequired":true,"valueName":"search_term_string"}}],"inLanguage":"az"},{"@type":"Organization","@id":"https:\/\/jam-news.net\/az\/#organization","name":"JAMnews","url":"https:\/\/jam-news.net\/az\/","logo":{"@type":"ImageObject","inLanguage":"az","@id":"https:\/\/jam-news.net\/az\/#\/schema\/logo\/image\/","url":"https:\/\/jam-news.net\/app\/uploads\/2020\/05\/JAM_w.jpg","contentUrl":"https:\/\/jam-news.net\/app\/uploads\/2020\/05\/JAM_w.jpg","width":960,"height":960,"caption":"JAMnews"},"image":{"@id":"https:\/\/jam-news.net\/az\/#\/schema\/logo\/image\/"},"sameAs":["https:\/\/www.facebook.com\/JAMnewsInEnglish\/","https:\/\/x.com\/JAMnewsCaucasus","https:\/\/www.instagram.com\/jam_news\/","https:\/\/www.youtube.com\/channel\/UCXQbUCme2pykuZYXWHx4VPg"]},{"@type":"Person","@id":"https:\/\/jam-news.net\/az\/#\/schema\/person\/86c90ea4dd4c6e61e60ae51d24bc662c","name":"Tatia nikoladze","image":{"@type":"ImageObject","inLanguage":"az","@id":"https:\/\/jam-news.net\/az\/#\/schema\/person\/image\/","url":"https:\/\/secure.gravatar.com\/avatar\/1f8b2c8ce4c25cc30806785bafe6bb03?s=96&d=mm&r=g","contentUrl":"https:\/\/secure.gravatar.com\/avatar\/1f8b2c8ce4c25cc30806785bafe6bb03?s=96&d=mm&r=g","caption":"Tatia nikoladze"},"url":"https:\/\/jam-news.net\/az\/author\/tatiani\/"}]}},"_links":{"self":[{"href":"https:\/\/jam-news.net\/az\/wp-json\/wp\/v2\/posts\/12421","targetHints":{"allow":["GET"]}}],"collection":[{"href":"https:\/\/jam-news.net\/az\/wp-json\/wp\/v2\/posts"}],"about":[{"href":"https:\/\/jam-news.net\/az\/wp-json\/wp\/v2\/types\/post"}],"author":[{"embeddable":true,"href":"https:\/\/jam-news.net\/az\/wp-json\/wp\/v2\/users\/6"}],"replies":[{"embeddable":true,"href":"https:\/\/jam-news.net\/az\/wp-json\/wp\/v2\/comments?post=12421"}],"version-history":[{"count":1,"href":"https:\/\/jam-news.net\/az\/wp-json\/wp\/v2\/posts\/12421\/revisions"}],"predecessor-version":[{"id":13610,"href":"https:\/\/jam-news.net\/az\/wp-json\/wp\/v2\/posts\/12421\/revisions\/13610"}],"wp:featuredmedia":[{"embeddable":true,"href":"https:\/\/jam-news.net\/az\/wp-json\/wp\/v2\/media\/22692"}],"wp:attachment":[{"href":"https:\/\/jam-news.net\/az\/wp-json\/wp\/v2\/media?parent=12421"}],"wp:term":[{"taxonomy":"category","embeddable":true,"href":"https:\/\/jam-news.net\/az\/wp-json\/wp\/v2\/categories?post=12421"},{"taxonomy":"post_tag","embeddable":true,"href":"https:\/\/jam-news.net\/az\/wp-json\/wp\/v2\/tags?post=12421"},{"taxonomy":"formation","embeddable":true,"href":"https:\/\/jam-news.net\/az\/wp-json\/wp\/v2\/formation?post=12421"},{"taxonomy":"post-author","embeddable":true,"href":"https:\/\/jam-news.net\/az\/wp-json\/wp\/v2\/post-author?post=12421"},{"taxonomy":"topic","embeddable":true,"href":"https:\/\/jam-news.net\/az\/wp-json\/wp\/v2\/topic?post=12421"},{"taxonomy":"tooltip","embeddable":true,"href":"https:\/\/jam-news.net\/az\/wp-json\/wp\/v2\/tooltip?post=12421"},{"taxonomy":"city","embeddable":true,"href":"https:\/\/jam-news.net\/az\/wp-json\/wp\/v2\/city?post=12421"}],"curies":[{"name":"wp","href":"https:\/\/api.w.org\/{rel}","templated":true}]}}