{"id":12336,"date":"2019-11-15T00:00:00","date_gmt":"2019-11-15T00:00:00","guid":{"rendered":"http:\/\/jam-news.net\/az\/novb%c9%99d%c9%99nk%c9%99nar-parlament-seckil%c9%99ri-gurcustan-parlamentinin-qarsisinda-mitinq-istirakcilarinin-%c9%99sas-t%c9%99l%c9%99bi\/"},"modified":"2022-01-18T01:03:31","modified_gmt":"2022-01-17T21:03:31","slug":"novb%c9%99d%c9%99nk%c9%99nar-parlament-seckil%c9%99ri-gurcustan-parlamentinin-qarsisinda-mitinq-istirakcilarinin-%c9%99sas-t%c9%99l%c9%99bi","status":"publish","type":"post","link":"https:\/\/jam-news.net\/az\/novb%c9%99d%c9%99nk%c9%99nar-parlament-seckil%c9%99ri-gurcustan-parlamentinin-qarsisinda-mitinq-istirakcilarinin-%c9%99sas-t%c9%99l%c9%99bi\/","title":{"rendered":"N\u00f6vb\u0259d\u0259nk\u0259nar parlament se\u00e7kil\u0259ri \u2013 G\u00fcrc\u00fcstan parlamentinin qar\u015f\u0131s\u0131nda mitinq i\u015ftirak\u00e7\u0131lar\u0131n\u0131n \u0259sas t\u0259l\u0259bi"},"content":{"rendered":"<p><i><span style=\"font-weight: 400;\">G\u00fcrc\u00fcstanda siyasi b\u00f6hran pik n\u00f6qt\u0259sin\u0259 \u00e7at\u0131b. Tbilisini yenid\u0259n etirazlar dal\u011fas\u0131 b\u00fcr\u00fcy\u00fcb.<\/span><\/i><\/p>\n<p><i><span style=\"font-weight: 400;\">Minl\u0259rl\u0259 insan parlament binas\u0131n\u0131n \u00f6n\u00fcn\u0259 toplan\u0131b. Onlar\u0131n \u0259sas t\u0259l\u0259bi n\u00f6vb\u0259d\u0259nk\u0259nar parlament se\u00e7kil\u0259ridir. Rustaveli prospektind\u0259 \u00e7ad\u0131rlar qurulur.<\/span><\/i><\/p>\n<p><i><span style=\"font-weight: 400;\">Bu, 2012-ci ild\u0259n b\u0259ri misli g\u00f6r\u00fcnm\u0259mi\u015f hald\u0131r ki, b\u00fct\u00fcn m\u00fcxalif\u0259t partiyalar\u0131 k\u00fc\u00e7\u0259d\u0259 m\u00f6vcud hakimiyy\u0259t\u0259 qar\u015f\u0131 birl\u0259\u015fibl\u0259r.<\/span><\/i><\/p>\n<p><img loading=\"lazy\" decoding=\"async\" class=\"aligncenter wp-image-206981 size-full\" src=\"http:\/\/jam-news.net\/app\/uploads\/2019\/11\/\u10de\u10e0\u10dd\u10de\u10dd\u10e0-4.jpg\" alt=\"\" width=\"1200\" height=\"800\" \/><\/p>\n<p style=\"text-align: center; padding-left: 30px;\">__________<\/p>\n<p><span style=\"font-weight: 400;\">Minl\u0259rl\u0259 insan d\u00fcn\u0259n G\u00fcrc\u00fcstan parlamentind\u0259 q\u0259bul edilmi\u015f q\u0259rara etirazlar\u0131n\u0131 bildiribl\u0259r.<\/span><\/p>\n<p><span style=\"font-weight: 400;\">Parlament se\u00e7kil\u0259rinin ke\u00e7irilm\u0259si qaydas\u0131nda konstitusiyaya d\u00fcz\u0259li\u015fl\u0259r s\u0259sverm\u0259d\u0259n ke\u00e7m\u0259yib. Layih\u0259y\u0259 \u0259sas\u0259n, 2020-ci ilin se\u00e7kil\u0259ri proporsional sistem \u00fczr\u0259 (yaln\u0131z partiya siyah\u0131lar\u0131 il\u0259) ke\u00e7irilm\u0259li idi, ba\u015fqa s\u00f6zl\u0259, \u0259n\u0259n\u0259vi olaraq hakim partiyaya xeyli \u00fcst\u00fcnl\u00fck ver\u0259n majoritar sistem l\u0259\u011fv edilirdi.<\/span><\/p>\n<p><span style=\"font-weight: 400;\">Proporsional sistem\u0259 ke\u00e7id yayda ke\u00e7irilmi\u015f etiraz aksiyalar\u0131nda \u0259sas t\u0259l\u0259bl\u0259rd\u0259n biri idi. \u0130yunun 24-d\u0259, iki g\u00fcn davam ed\u0259n mitinql\u0259rd\u0259n sonra \u201cG\u00fcrc\u00fc arzusu\u201dnun lideri Bidzina \u0130vani\u015fvili b\u0259yanat ver\u0259r\u0259k, t\u0259l\u0259bin yerin\u0259 yetirilm\u0259sin\u0259 raz\u0131l\u0131\u011f\u0131n\u0131 bildirmi\u015fdi. O demi\u015fdi ki, \u201cG\u00fcrc\u00fc arzusu\u201d proporsional sistem\u0259 raz\u0131d\u0131r v\u0259 m\u00fcvafiq t\u0259\u015f\u0259bb\u00fcs\u00fc parlament\u0259 t\u0259qdim ed\u0259c\u0259k.<\/span><\/p>\n<p><span style=\"font-weight: 400;\">Lakin bu m\u0259s\u0259l\u0259 parlamentd\u0259 s\u0259svrm\u0259y\u0259 \u00e7\u0131xar\u0131lark\u0259n \u201cG\u00fcrc\u00fc arzusu\u201dnun t\u0259\u015f\u0259bb\u00fcs\u00fc il\u0259 ir\u0259li s\u00fcr\u00fclm\u00fc\u015f d\u0259yi\u015fiklikl\u0259r\u0259 bu partiyan\u0131n bir \u00e7ox deputatlar\u0131 s\u0259s verm\u0259di.<\/span><\/p>\n<p><img loading=\"lazy\" decoding=\"async\" class=\"aligncenter wp-image-206971 size-full\" src=\"http:\/\/jam-news.net\/app\/uploads\/2019\/11\/\u10de\u10e0\u10dd\u10de\u10dd\u10e0-6.jpg\" alt=\"\" width=\"1200\" height=\"800\" \/><\/p>\n<p><span style=\"font-weight: 400;\">He\u00e7 bir vacib siyasi q\u0259rar\u0131n \u00f6lk\u0259nin qeyri-r\u0259smi lideri, hakim partiyan\u0131n ba\u015f\u00e7\u0131s\u0131 v\u0259 oliqarx Bidzina \u0130vani\u015fvilinin i\u015ftirak\u0131 olmadan q\u0259bul edilm\u0259diyi bir \u015f\u0259raitd\u0259 he\u00e7 kim inanm\u0131r ki, qanun layih\u0259sin\u0259 s\u0259s verm\u0259mi\u015f qanunvericil\u0259r m\u00fcst\u0259qil \u015f\u0259kild\u0259 h\u0259r\u0259k\u0259t edibl\u0259r.<\/span><\/p>\n<p><span style=\"font-weight: 400;\">M\u00fcxalif\u0259d\u0259n olan deputatlar ba\u015f ver\u0259nl\u0259ri \u201c\u0130vani\u015fvilinin qoydu\u011fu tama\u015fa, yaxud f\u0259nd\u201d adland\u0131r\u0131rlar.<\/span><\/p>\n<p style=\"padding-left: 30px;\"><span style=\"font-weight: 400;\"><em>\u201cBu \u0259srin \u201cat\u0131\u015f\u0131\u201d idi, h\u0259l\u0259 he\u00e7 kim g\u00fcrc\u00fc xalq\u0131n\u0131 bu c\u00fcr aldatmam\u0131\u015fd\u0131\u201d<\/em>, &#8211; mitinqin t\u0259\u015fkilat\u00e7\u0131lar\u0131ndan biri \u015eota Diqmela\u015fvili deyib<\/span><\/p>\n<p><img loading=\"lazy\" decoding=\"async\" class=\"aligncenter wp-image-207001 size-full\" src=\"http:\/\/jam-news.net\/app\/uploads\/2019\/11\/\u10de\u10e0\u10dd\u10de\u10dd\u10e0.jpg\" alt=\"\" width=\"1200\" height=\"800\" \/><\/p>\n<p style=\"text-align: center;\">__________________<\/p>\n<p><span style=\"font-weight: 400;\">S\u0259sverm\u0259d\u0259n sonra Rustaveli prospekti yayda mitinq ke\u00e7irmi\u015f ictimai f\u0259allar t\u0259r\u0259find\u0259n ba\u011fland\u0131. Onlar yolun ortas\u0131nda oturdular v\u0259 ham\u0131n\u0131 parlamentin qar\u015f\u0131s\u0131na topla\u015fma\u011fa \u00e7a\u011f\u0131rd\u0131lar.<\/span><\/p>\n<p><span style=\"font-weight: 400;\">Ax\u015fam saat yeddi rad\u0259l\u0259rind\u0259 etiraz\u00e7\u0131lar\u0131n say\u0131 el\u0259 artd\u0131 ki, Rustaveli prospekti art\u0131q t\u0259bii \u015f\u0259kild\u0259 ba\u011flanm\u0131\u015fd\u0131.<\/span><\/p>\n<p><span style=\"font-weight: 400;\">Aksiyaya m\u00fcxt\u0259lif ali m\u0259kt\u0259bl\u0259rin t\u0259l\u0259b\u0259l\u0259ri qo\u015fuldular. Onlar \u201cBiab\u0131r\u00e7\u0131l\u0131q\u201d v\u0259 \u201c\u0130vani\u015fvili yalan\u00e7\u0131d\u0131r\u201d \u015f\u00fcarlar\u0131n\u0131 qald\u0131rm\u0131\u015fd\u0131lar.<\/span><\/p>\n<p><figure id=\"attachment_207014\" aria-describedby=\"caption-attachment-207014\" style=\"width: 1440px\" class=\"wp-caption aligncenter\"><img loading=\"lazy\" decoding=\"async\" class=\"wp-image-207014 size-full\" src=\"http:\/\/jam-news.net\/app\/uploads\/2019\/11\/77087712_766545980457316_2859492928215056384_n.jpg\" alt=\"\" width=\"1440\" height=\"1080\" \/><figcaption id=\"caption-attachment-207014\" class=\"wp-caption-text\"><em><span style=\"color: #808080;\"><i><span style=\"font-weight: 400;\">Foto: Levan Sutidze<\/span><\/i><\/span><\/em><\/figcaption><\/figure><\/p>\n<p><span style=\"font-weight: 400;\">Saat yeddi \u00fc\u00e7\u00fcn Leyboristl\u0259r partiyas\u0131n\u0131n ofisind\u0259 eyni zamanda m\u00fcxalif\u0259t partiyalar\u0131n\u0131n liderl\u0259rinin v\u0259 ictimai f\u0259allar\u0131n g\u00f6r\u00fc\u015f\u00fc ke\u00e7irilib.<\/span><\/p>\n<p><span style=\"font-weight: 400;\">G\u00f6r\u00fc\u015fd\u0259 b\u00fct\u00fcn m\u00fcxalif\u0259t partiyalar\u0131n\u0131n, o c\u00fcml\u0259d\u0259n radikal \u015f\u0259kild\u0259 bir-birin\u0259 zidd t\u0259\u015fkilatlar\u0131n n\u00fcmay\u0259nd\u0259l\u0259ri i\u015ftirak edib \u2013 q\u0259rby\u00f6n\u00fcml\u00fc siyas\u0259t\u00e7il\u0259rl\u0259 yana\u015f\u0131, burda rusiyay\u00f6n\u00fcml\u00fc partiyalar da olub.<\/span><\/p>\n<h3><strong>\u201cHam\u0131 \u00e7\u0131x bir\u201d \u2013 bu, siyasi partiyalar\u0131n birl\u0259\u015fdiyi \u0259sas d\u00fcsturdur.<\/strong><\/h3>\n<p><img loading=\"lazy\" decoding=\"async\" class=\"aligncenter wp-image-206924 size-full\" src=\"http:\/\/jam-news.net\/app\/uploads\/2019\/11\/77158942_2962157733816795_7581563463030276096_n.jpg\" alt=\"\" width=\"1200\" height=\"800\" \/><\/p>\n<p><span style=\"font-weight: 400;\">M\u00fcxalif\u0259t birg\u0259 f\u0259aliyy\u0259t plan\u0131n\u0131 raz\u0131la\u015fd\u0131r\u0131b. Q\u0259rar budur \u2013 <\/span><b>Rustaveli prospektind\u0259ki aksiya tamamil\u0259 proporsional sistem \u00fczr\u0259 ba\u015f tutacaq n\u00f6vb\u0259d\u0259nk\u0259nar se\u00e7kil\u0259r t\u0259yin olunana q\u0259d\u0259r bitm\u0259y\u0259c\u0259k.<\/b>\u00a0\n    <div class=\"bd_notification notification_warning\">\n      <i><\/i><\/p>\n<p style=\"padding-left: 30px;\"><span style=\"color: #000000;\"><span style=\"font-weight: 400;\">M\u00fcxalif\u0259tin \u00fc\u00e7 \u0259sas t\u0259l\u0259bi:<\/span><\/span><\/p>\n<p>&nbsp;<\/p>\n<p style=\"padding-left: 30px;\"><span style=\"color: #000000;\">1.\u00a0<span style=\"font-weight: 400;\">M\u00fcv\u0259qq\u0259ti h\u00f6kum\u0259tin formala\u015fd\u0131r\u0131lmas\u0131.<\/span><\/span><\/p>\n<p>&nbsp;<\/p>\n<p style=\"padding-left: 30px;\"><span style=\"color: #000000;\">2.\u00a0<span style=\"font-weight: 400;\">M\u00fcv\u0259qq\u0259ti h\u00f6kum\u0259tin t\u0259rkibin\u0259 Bidzina \u0130vani\u015fvili istisna olmaqla ham\u0131 daxil olmal\u0131d\u0131r. Ba\u015fqa s\u00f6zl\u0259, Bidzina \u0130vani\u015fvili siyasi prosesl\u0259rd\u0259n k\u0259nara \u00e7\u0259kilm\u0259li, \u201cG\u00fcrc\u00fc arzusu\u201d is\u0259 \u00f6lk\u0259nin idar\u0259 olunmas\u0131ndan getm\u0259lidir.<\/span><\/span><\/p>\n<p>&nbsp;<\/p>\n<p style=\"padding-left: 30px;\"><span style=\"color: #000000;\">\u00a03. <span style=\"font-weight: 400;\">M\u00fcv\u0259qq\u0259ti h\u00f6kum\u0259t azad se\u00e7kil\u0259ri ke\u00e7irm\u0259lidir.<\/span><\/span><\/p>\n<p style=\"padding-left: 60px;\">\n    <\/div>\n    <\/p>\n<p style=\"padding-left: 30px;\"><i><span style=\"font-weight: 400;\">\u00abB\u00fct\u00fcn siyasi q\u00fcvv\u0259l\u0259r yekdildir ki, Bidzina \u0130vani\u015fvili \u00f6lk\u0259ni u\u00e7urumun k\u0259nar\u0131na g\u0259tirib \u00e7\u0131xar\u0131b, buna g\u00f6r\u0259 d\u0259, biz\u0259 birg\u0259 h\u0259r\u0259k\u0259tl\u0259r etm\u0259k laz\u0131md\u0131r ki, he\u00e7 bir s\u00f6z\u00fc he\u00e7 n\u0259y\u0259 d\u0259ym\u0259y\u0259n bu d\u00fc\u015fm\u0259n rejim bitsin.<\/span><\/i><\/p>\n<p style=\"padding-left: 30px;\"><i><span style=\"font-weight: 400;\">\u00d6lk\u0259nin m\u00fcv\u0259qq\u0259ti h\u00f6kum\u0259tin t\u0259\u015fkil ed\u0259c\u0259yi n\u00f6vb\u0259d\u0259nk\u0259nar \u2013 proporsional se\u00e7kil\u0259r\u0259 ehtiyac\u0131 var. Biz h\u0259r \u015fey ed\u0259c\u0259yik ki, bu m\u0259qs\u0259dimiz\u0259 \u00e7ataq\u00bb, \u2014\u00a0<\/span><\/i><span style=\"font-weight: 400;\">\u00abAvropa G\u00fcrc\u00fcstan\u0131\u00bb partiyas\u0131n\u0131n lideri Giqa Bokeriya m\u00fcxalif\u0259tin g\u00f6r\u00fc\u015f\u00fcnd\u0259n sonra bildirib.<\/span><\/p>\n<p><img loading=\"lazy\" decoding=\"async\" class=\"aligncenter wp-image-206991 size-full\" src=\"http:\/\/jam-news.net\/app\/uploads\/2019\/11\/\u10de\u10e0\u10dd\u10de\u10dd\u10e0-2.jpg\" alt=\"\" width=\"1200\" height=\"800\" \/><\/p>\n<p style=\"padding-left: 30px;\"><i><span style=\"font-weight: 400;\">\u00ab\u018fg\u0259r siz evl\u0259rinizd\u0259 oturmusunuzsa, k\u00fc\u00e7\u0259y\u0259 \u00e7\u0131x\u0131n, \u00e7\u00fcnki d\u00f6vl\u0259td\u0259n art\u0131q he\u00e7 n\u0259 qalmay\u0131b, n\u0259s\u0259 qal\u0131bsa da, onu \u0259limizd\u0259n al\u0131rlar. Cavab verin, siz d\u00f6vl\u0259ti oliqarxa ver\u0259c\u0259ksiniz? K\u00fc\u00e7\u0259y\u0259 \u00e7\u0131x\u0131n, bu vaxt evl\u0259rinizd\u0259 n\u0259 edirsiniz? Se\u00e7kil\u0259r hans\u0131 sisteml\u0259 ke\u00e7irilir ke\u00e7irilsin, Tbilisi saya\u011f\u0131 deyim, biz onlar\u0131 c\u0131raca\u011f\u0131q\u00bb<\/span><\/i><span style=\"font-weight: 400;\">,\u00a0&#8211; m\u00fcxalif \u201cVahid milli h\u0259r\u0259kat\u201d\u0131n liderl\u0259rind\u0259n biri Qriqol Va\u015fadze bildirib.<\/span><\/p>\n<p><span style=\"font-weight: 400;\">O qeyd edib ki, \u201cVahid milli h\u0259r\u0259kat\u201d daha radikal t\u0259dbirl\u0259rin t\u0259r\u0259fdar\u0131d\u0131r, lakin m\u00fcxalif\u0259tl\u0259 yekdil r\u0259y\u0259 g\u0259linib v\u0259 partiya \u00fcmumi raz\u0131l\u0131q \u0259sas\u0131nda f\u0259aliyy\u0259t g\u00f6st\u0259r\u0259c\u0259k.<\/span><\/p>\n<p style=\"padding-left: 30px;\"><i><span style=\"font-weight: 400;\">\u00abHaz\u0131rk\u0131 h\u00f6kum\u0259tin anlad\u0131\u011f\u0131 yegan\u0259 mexanizm k\u00fctl\u0259vi etirazlard\u0131r&#8230; \u00c7ox \u00e7al\u0131\u015fmaq laz\u0131m idi ki, b\u00fct\u00fcn siyasi partiyalar\u0131 birl\u0259\u0131\u015fdir\u0259 bil\u0259s\u0259n v\u0259 Bidzina \u0130vani\u015fvili bunu bacard\u0131\u00bb<\/span><\/i><span style=\"font-weight: 400;\">, \u2014 \u201cDemokratik h\u0259r\u0259kat \u2013 vahid G\u00fcrc\u00fcstan\u201d partiyas\u0131n\u0131n s\u0259dri Nino Burcanadze deyib.<\/span><\/p>\n<p><img loading=\"lazy\" decoding=\"async\" class=\"aligncenter wp-image-206966 size-full\" src=\"http:\/\/jam-news.net\/app\/uploads\/2019\/11\/\u10de\u10e0\u10dd\u10de\u10dd\u10e0-7.jpg\" alt=\"\" width=\"1200\" height=\"800\" \/><\/p>\n<p style=\"padding-left: 30px;\"><i><span style=\"font-weight: 400;\">\u00abBidzina \u0130vani\u015fvili h\u0259r \u015fey edib ki, Rustavelid\u0259 barrikadalara nail olsun v\u0259 onlar m\u00fctl\u0259q olacaq\u00bb<\/span><\/i><span style=\"font-weight: 400;\">, \u2014 Milli-demokrat partiyas\u0131n\u0131n s\u0259dri Ba\u00e7uki Kardava s\u00f6yl\u0259yib.<\/span><\/p>\n<p style=\"padding-left: 30px;\"><i><span style=\"font-weight: 400;\">\u00abBidzina \u0130vani\u015fvili m\u0259nim hayat\u0131m boyunca qar\u015f\u0131la\u015fd\u0131\u011f\u0131m \u0259n yalan\u00e7\u0131 adamlardan biridir, o, \u00f6z partiyas\u0131 il\u0259 birlikd\u0259 bu g\u00fcn tama\u015fa qoyub v\u0259 G\u00fcrc\u00fcstan\u0131n milli maraqlar\u0131n\u0131 \u015fimal istiqam\u0259tin\u0259 d\u0259yi\u015fib. S\u0259br kasas\u0131 da\u015f\u0131b, biz geri \u00e7\u0259kilm\u0259y\u0259c\u0259yik\u00bb<\/span><\/i><span style=\"font-weight: 400;\">, \u2014 yeni \u201cLelo\u201d siyasi h\u0259r\u0259kat\u0131n\u0131n t\u0259sis\u00e7isi, biznesmen Mamuka Xazaradze aksiyada deyib.<\/span><\/p>\n<p><span style=\"font-weight: 400;\">Haz\u0131rda Ukraynada olan \u00fc\u00e7\u00fcnc\u00fc prezident Mixail Saaka\u015fvili d\u0259 G\u00fcrc\u00fcstanda ba\u015f ver\u0259nl\u0259r\u0259 reaksiya verib.<\/span><\/p>\n<p><img loading=\"lazy\" decoding=\"async\" class=\"aligncenter wp-image-206961 size-full\" src=\"http:\/\/jam-news.net\/app\/uploads\/2019\/11\/\u10de\u10e0\u10dd\u10de\u10dd\u10e0-8.jpg\" alt=\"\" width=\"1200\" height=\"800\" \/><\/p>\n<p style=\"padding-left: 30px;\"><i><span style=\"font-weight: 400;\">\u00abBir \u015feyi bilir\u0259m, tezlikl\u0259, noyabr\u0131n 23-d\u0259 M\u00fcq\u0259dd\u0259s Giorgi bayram\u0131d\u0131r v\u0259 g\u00fcrc\u00fc xalq\u0131 birl\u0259\u015fm\u0259li, dinc s\u0259f\u0259rb\u0259rlik ke\u00e7irm\u0259lidir. Bu rejimin art\u0131q he\u00e7 bir legitimliyi yoxdur. Buna g\u00f6r\u0259 d\u0259, indi h\u0259r \u015fey bizd\u0259n as\u0131l\u0131d\u0131r. G\u00fcc birlikd\u0259dir, dostlar, m\u0259n \u0259min\u0259m ki, bizd\u0259 h\u0259r \u015fey al\u0131nacaq\u00bb<\/span><\/i><span style=\"font-weight: 400;\">, \u2014 sosial \u015f\u0259b\u0259k\u0259d\u0259ki s\u0259hif\u0259sind\u0259 yerl\u0259\u015fdirilmi\u015f videoda Saaka\u015fvili bildirib.<\/span><\/p>\n<p><span style=\"font-weight: 400;\">Eks-prezident Giorgi Marqvela\u015fvili d\u0259 etiraz\u00e7\u0131lara qo\u015fulub.<\/span><\/p>\n<p style=\"padding-left: 30px;\"><i><span style=\"font-weight: 400;\">\u00abM\u0259n g\u00fcrc\u00fc xalq\u0131n\u0131n durdu\u011fu, alternativin olmad\u0131\u011f\u0131 yerd\u0259y\u0259m\u00bb, \u2014\u00a0<\/span><\/i><span style=\"font-weight: 400;\">\u00f6lk\u0259nin d\u00f6rd\u00fcnc\u00fc prezidenti bildirib.<\/span><\/p>\n<p><span style=\"font-weight: 400;\">AB\u015e s\u0259firliyi d\u0259 d\u00fcn\u0259n parlamentin q\u0259rar\u0131 il\u0259 ba\u011fl\u0131 b\u0259yanatla \u00e7\u0131x\u0131\u015f edib.<\/span><\/p>\n<p style=\"padding-left: 30px;\"><i><span style=\"font-weight: 400;\">\u00abBiz t\u0259\u0259ss\u00fcf edirik ki, m\u00fcxalif\u0259t partiyalar\u0131n\u0131n d\u0259st\u0259yin\u0259 baxmayaraq, bug\u00fcnk\u00fc s\u0259sverm\u0259d\u0259 konstitusiya d\u0259yi\u015fiklikl\u0259ri \u201cG\u00fcrc\u00fc arzusu\u201d pariyas\u0131n\u0131n laz\u0131mi sayda deputatlar\u0131 t\u0259r\u0259find\u0259n d\u0259st\u0259kl\u0259nm\u0259yib.<\/span><\/i><\/p>\n<p style=\"padding-left: 30px;\"><i><span style=\"font-weight: 400;\">Biz b\u00fct\u00fcn t\u0259r\u0259fl\u0259ri, o c\u00fcml\u0259d\u0259n h\u00f6kum\u0259ti, m\u00fcxalif\u0259t partiyalar\u0131n\u0131 v\u0259 v\u0259t\u0259nda\u015f c\u0259miyy\u0259tini sakit v\u0259 layiqinc\u0259 \u0259m\u0259kda\u015fl\u0131q etm\u0259y\u0259 \u00e7a\u011f\u0131r\u0131r\u0131q ki, G\u00fcrc\u00fcstan\u0131n demokratik inki\u015faf\u0131n\u0131n m\u00f6hk\u0259ml\u0259ndirilm\u0259si \u00fczr\u0259 bizim \u00fcmumi v\u0259zif\u0259l\u0259rimiz\u0259 uy\u011fun olaraq ir\u0259li getm\u0259kd\u0259 davam ed\u0259k\u00bb<\/span><\/i><span style=\"font-weight: 400;\">, \u2014 b\u0259yanatda deyilir.<\/span><\/p>\n<p><img loading=\"lazy\" decoding=\"async\" class=\"aligncenter wp-image-206996 size-full\" src=\"http:\/\/jam-news.net\/app\/uploads\/2019\/11\/\u10de\u10e0\u10dd\u10de\u10dd\u10e0-1.jpg\" alt=\"\" width=\"1200\" height=\"800\" \/><\/p>\n<div><div class=\"su-divider su-divider-style-default\" style=\"margin:15px 0;border-width:3px;border-color:#999999\"><a href=\"#\" style=\"color:#999999\">Go to top<\/a><\/div> <\/div>\n","protected":false},"excerpt":{"rendered":"<p>Praktiki olaraq b\u00fct\u00fcn m\u00fcxalif\u0259t partiyalar\u0131 k\u00fc\u00e7\u0259l\u0259r\u0259 \u00e7\u0131x\u0131b<\/p>\n","protected":false},"author":6,"featured_media":22672,"comment_status":"open","ping_status":"open","sticky":false,"template":"","format":"standard","meta":{"_acf_changed":false,"footnotes":""},"categories":[2,3,50,36],"tags":[15,511,509,555,512,513,364,429,514,515,516,508,29],"formation":[],"post-author":[2888],"topic":[],"tooltip":[],"city":[6049],"class_list":["post-12336","post","type-post","status-publish","format-standard","has-post-thumbnail","hentry","category-cografiya","category-gurcustan","category-xbrlr","category-multimedia","tag-gurcustan","tag-gurcustan-bu-gun","tag-gurcustan-cmiyyti","tag-gurcustan-trafinda-xbrlr","tag-gurcustan-hokumti","tag-gurcustan-siyasti","tag-gurcustan-xbrlri","tag-gurcustanda-hyat","tag-gurcustanda-n-bas-verir","tag-gurcustandan-xbrlr","tag-gurcustanin-hekaylri","tag-post-sovet-gurcustan","tag-seckilr","post-author-jamnews","city-tbilisi"],"acf":[],"yoast_head":"<!-- This site is optimized with the Yoast SEO plugin v24.1 - https:\/\/yoast.com\/wordpress\/plugins\/seo\/ -->\n<title>N\u00f6vb\u0259d\u0259nk\u0259nar parlament se\u00e7kil\u0259ri \u2013 G\u00fcrc\u00fcstan parlamentinin qar\u015f\u0131s\u0131nda mitinq i\u015ftirak\u00e7\u0131lar\u0131n\u0131n \u0259sas t\u0259l\u0259bi - JAMnews<\/title>\n<meta name=\"robots\" content=\"index, follow, max-snippet:-1, max-image-preview:large, max-video-preview:-1\" \/>\n<link rel=\"canonical\" href=\"https:\/\/jam-news.net\/az\/novb\u0259d\u0259nk\u0259nar-parlament-seckil\u0259ri-gurcustan-parlamentinin-qarsisinda-mitinq-istirakcilarinin-\u0259sas-t\u0259l\u0259bi\/\" \/>\n<meta property=\"og:locale\" content=\"az_AZ\" \/>\n<meta property=\"og:type\" content=\"article\" \/>\n<meta property=\"og:title\" content=\"N\u00f6vb\u0259d\u0259nk\u0259nar parlament se\u00e7kil\u0259ri \u2013 G\u00fcrc\u00fcstan parlamentinin qar\u015f\u0131s\u0131nda mitinq i\u015ftirak\u00e7\u0131lar\u0131n\u0131n \u0259sas t\u0259l\u0259bi - JAMnews\" \/>\n<meta property=\"og:description\" content=\"Praktiki olaraq b\u00fct\u00fcn m\u00fcxalif\u0259t partiyalar\u0131 k\u00fc\u00e7\u0259l\u0259r\u0259 \u00e7\u0131x\u0131b\" \/>\n<meta property=\"og:url\" content=\"https:\/\/jam-news.net\/az\/novb\u0259d\u0259nk\u0259nar-parlament-seckil\u0259ri-gurcustan-parlamentinin-qarsisinda-mitinq-istirakcilarinin-\u0259sas-t\u0259l\u0259bi\/\" \/>\n<meta property=\"og:site_name\" content=\"Azerbaijani Jamnews\" \/>\n<meta property=\"article:publisher\" content=\"https:\/\/www.facebook.com\/JAMnewsInEnglish\/\" \/>\n<meta property=\"article:published_time\" content=\"2019-11-15T00:00:00+00:00\" \/>\n<meta property=\"article:modified_time\" content=\"2022-01-17T21:03:31+00:00\" \/>\n<meta property=\"og:image\" content=\"https:\/\/jam-news.net\/app\/uploads\/2020\/03\/\u10de\u10e0\u10dd\u10de\u10dd\u10e0-4-3.jpg\" \/>\n\t<meta property=\"og:image:width\" content=\"1200\" \/>\n\t<meta property=\"og:image:height\" content=\"800\" \/>\n\t<meta property=\"og:image:type\" content=\"image\/jpeg\" \/>\n<meta name=\"author\" content=\"Tatia nikoladze\" \/>\n<meta name=\"twitter:card\" content=\"summary_large_image\" \/>\n<meta name=\"twitter:creator\" content=\"@JAMnewsCaucasus\" \/>\n<meta name=\"twitter:site\" content=\"@JAMnewsCaucasus\" \/>\n<meta name=\"twitter:label1\" content=\"Written by\" \/>\n\t<meta name=\"twitter:data1\" content=\"Tatia nikoladze\" \/>\n\t<meta name=\"twitter:label2\" content=\"Est. reading time\" \/>\n\t<meta name=\"twitter:data2\" content=\"7 minutes\" \/>\n<script type=\"application\/ld+json\" class=\"yoast-schema-graph\">{\"@context\":\"https:\/\/schema.org\",\"@graph\":[{\"@type\":\"Article\",\"@id\":\"https:\/\/jam-news.net\/az\/novb%c9%99d%c9%99nk%c9%99nar-parlament-seckil%c9%99ri-gurcustan-parlamentinin-qarsisinda-mitinq-istirakcilarinin-%c9%99sas-t%c9%99l%c9%99bi\/#article\",\"isPartOf\":{\"@id\":\"https:\/\/jam-news.net\/az\/novb%c9%99d%c9%99nk%c9%99nar-parlament-seckil%c9%99ri-gurcustan-parlamentinin-qarsisinda-mitinq-istirakcilarinin-%c9%99sas-t%c9%99l%c9%99bi\/\"},\"author\":{\"name\":\"Tatia nikoladze\",\"@id\":\"https:\/\/jam-news.net\/az\/#\/schema\/person\/86c90ea4dd4c6e61e60ae51d24bc662c\"},\"headline\":\"N\u00f6vb\u0259d\u0259nk\u0259nar parlament se\u00e7kil\u0259ri \u2013 G\u00fcrc\u00fcstan parlamentinin qar\u015f\u0131s\u0131nda mitinq i\u015ftirak\u00e7\u0131lar\u0131n\u0131n \u0259sas t\u0259l\u0259bi\",\"datePublished\":\"2019-11-15T00:00:00+00:00\",\"dateModified\":\"2022-01-17T21:03:31+00:00\",\"mainEntityOfPage\":{\"@id\":\"https:\/\/jam-news.net\/az\/novb%c9%99d%c9%99nk%c9%99nar-parlament-seckil%c9%99ri-gurcustan-parlamentinin-qarsisinda-mitinq-istirakcilarinin-%c9%99sas-t%c9%99l%c9%99bi\/\"},\"wordCount\":1405,\"commentCount\":0,\"publisher\":{\"@id\":\"https:\/\/jam-news.net\/az\/#organization\"},\"image\":{\"@id\":\"https:\/\/jam-news.net\/az\/novb%c9%99d%c9%99nk%c9%99nar-parlament-seckil%c9%99ri-gurcustan-parlamentinin-qarsisinda-mitinq-istirakcilarinin-%c9%99sas-t%c9%99l%c9%99bi\/#primaryimage\"},\"thumbnailUrl\":\"https:\/\/jam-news.net\/app\/uploads\/2020\/03\/\u10de\u10e0\u10dd\u10de\u10dd\u10e0-4-3.jpg\",\"keywords\":[\"G\u00fcrc\u00fcstan\",\"G\u00fcrc\u00fcstan bu g\u00fcn\",\"G\u00fcrc\u00fcstan c\u0259miyy\u0259ti\",\"G\u00fcrc\u00fcstan \u0259traf\u0131nda x\u0259b\u0259rl\u0259r\",\"G\u00fcrc\u00fcstan h\u00f6kum\u0259ti\",\"G\u00fcrc\u00fcstan siyas\u0259ti\",\"G\u00fcrc\u00fcstan x\u0259b\u0259rl\u0259ri\",\"G\u00fcrc\u00fcstanda h\u0259yat\",\"G\u00fcrc\u00fcstanda n\u0259 ba\u015f verir\",\"G\u00fcrc\u00fcstandan x\u0259b\u0259rl\u0259r\",\"G\u00fcrc\u00fcstan\u0131n hekay\u0259l\u0259ri\",\"post-sovet g\u00fcrc\u00fcstan\",\"se\u00e7kil\u0259r\"],\"articleSection\":[\"Geography\",\"Georgia\",\"News\",\"Photo\/Video\"],\"inLanguage\":\"az\"},{\"@type\":\"WebPage\",\"@id\":\"https:\/\/jam-news.net\/az\/novb%c9%99d%c9%99nk%c9%99nar-parlament-seckil%c9%99ri-gurcustan-parlamentinin-qarsisinda-mitinq-istirakcilarinin-%c9%99sas-t%c9%99l%c9%99bi\/\",\"url\":\"https:\/\/jam-news.net\/az\/novb%c9%99d%c9%99nk%c9%99nar-parlament-seckil%c9%99ri-gurcustan-parlamentinin-qarsisinda-mitinq-istirakcilarinin-%c9%99sas-t%c9%99l%c9%99bi\/\",\"name\":\"N\u00f6vb\u0259d\u0259nk\u0259nar parlament se\u00e7kil\u0259ri \u2013 G\u00fcrc\u00fcstan parlamentinin qar\u015f\u0131s\u0131nda mitinq i\u015ftirak\u00e7\u0131lar\u0131n\u0131n \u0259sas t\u0259l\u0259bi - JAMnews\",\"isPartOf\":{\"@id\":\"https:\/\/jam-news.net\/az\/#website\"},\"primaryImageOfPage\":{\"@id\":\"https:\/\/jam-news.net\/az\/novb%c9%99d%c9%99nk%c9%99nar-parlament-seckil%c9%99ri-gurcustan-parlamentinin-qarsisinda-mitinq-istirakcilarinin-%c9%99sas-t%c9%99l%c9%99bi\/#primaryimage\"},\"image\":{\"@id\":\"https:\/\/jam-news.net\/az\/novb%c9%99d%c9%99nk%c9%99nar-parlament-seckil%c9%99ri-gurcustan-parlamentinin-qarsisinda-mitinq-istirakcilarinin-%c9%99sas-t%c9%99l%c9%99bi\/#primaryimage\"},\"thumbnailUrl\":\"https:\/\/jam-news.net\/app\/uploads\/2020\/03\/\u10de\u10e0\u10dd\u10de\u10dd\u10e0-4-3.jpg\",\"datePublished\":\"2019-11-15T00:00:00+00:00\",\"dateModified\":\"2022-01-17T21:03:31+00:00\",\"breadcrumb\":{\"@id\":\"https:\/\/jam-news.net\/az\/novb%c9%99d%c9%99nk%c9%99nar-parlament-seckil%c9%99ri-gurcustan-parlamentinin-qarsisinda-mitinq-istirakcilarinin-%c9%99sas-t%c9%99l%c9%99bi\/#breadcrumb\"},\"inLanguage\":\"az\",\"potentialAction\":[{\"@type\":\"ReadAction\",\"target\":[\"https:\/\/jam-news.net\/az\/novb%c9%99d%c9%99nk%c9%99nar-parlament-seckil%c9%99ri-gurcustan-parlamentinin-qarsisinda-mitinq-istirakcilarinin-%c9%99sas-t%c9%99l%c9%99bi\/\"]}]},{\"@type\":\"ImageObject\",\"inLanguage\":\"az\",\"@id\":\"https:\/\/jam-news.net\/az\/novb%c9%99d%c9%99nk%c9%99nar-parlament-seckil%c9%99ri-gurcustan-parlamentinin-qarsisinda-mitinq-istirakcilarinin-%c9%99sas-t%c9%99l%c9%99bi\/#primaryimage\",\"url\":\"https:\/\/jam-news.net\/app\/uploads\/2020\/03\/\u10de\u10e0\u10dd\u10de\u10dd\u10e0-4-3.jpg\",\"contentUrl\":\"https:\/\/jam-news.net\/app\/uploads\/2020\/03\/\u10de\u10e0\u10dd\u10de\u10dd\u10e0-4-3.jpg\",\"width\":1200,\"height\":800},{\"@type\":\"BreadcrumbList\",\"@id\":\"https:\/\/jam-news.net\/az\/novb%c9%99d%c9%99nk%c9%99nar-parlament-seckil%c9%99ri-gurcustan-parlamentinin-qarsisinda-mitinq-istirakcilarinin-%c9%99sas-t%c9%99l%c9%99bi\/#breadcrumb\",\"itemListElement\":[{\"@type\":\"ListItem\",\"position\":1,\"name\":\"Home\",\"item\":\"https:\/\/jam-news.net\/az\/\"},{\"@type\":\"ListItem\",\"position\":2,\"name\":\"N\u00f6vb\u0259d\u0259nk\u0259nar parlament se\u00e7kil\u0259ri \u2013 G\u00fcrc\u00fcstan parlamentinin qar\u015f\u0131s\u0131nda mitinq i\u015ftirak\u00e7\u0131lar\u0131n\u0131n \u0259sas t\u0259l\u0259bi\"}]},{\"@type\":\"WebSite\",\"@id\":\"https:\/\/jam-news.net\/az\/#website\",\"url\":\"https:\/\/jam-news.net\/az\/\",\"name\":\"Azerbaijani Jamnews\",\"description\":\"Caucasus News, Politics and Society\",\"publisher\":{\"@id\":\"https:\/\/jam-news.net\/az\/#organization\"},\"potentialAction\":[{\"@type\":\"SearchAction\",\"target\":{\"@type\":\"EntryPoint\",\"urlTemplate\":\"https:\/\/jam-news.net\/az\/?s={search_term_string}\"},\"query-input\":{\"@type\":\"PropertyValueSpecification\",\"valueRequired\":true,\"valueName\":\"search_term_string\"}}],\"inLanguage\":\"az\"},{\"@type\":\"Organization\",\"@id\":\"https:\/\/jam-news.net\/az\/#organization\",\"name\":\"JAMnews\",\"url\":\"https:\/\/jam-news.net\/az\/\",\"logo\":{\"@type\":\"ImageObject\",\"inLanguage\":\"az\",\"@id\":\"https:\/\/jam-news.net\/az\/#\/schema\/logo\/image\/\",\"url\":\"https:\/\/jam-news.net\/app\/uploads\/2020\/05\/JAM_w.jpg\",\"contentUrl\":\"https:\/\/jam-news.net\/app\/uploads\/2020\/05\/JAM_w.jpg\",\"width\":960,\"height\":960,\"caption\":\"JAMnews\"},\"image\":{\"@id\":\"https:\/\/jam-news.net\/az\/#\/schema\/logo\/image\/\"},\"sameAs\":[\"https:\/\/www.facebook.com\/JAMnewsInEnglish\/\",\"https:\/\/x.com\/JAMnewsCaucasus\",\"https:\/\/www.instagram.com\/jam_news\/\",\"https:\/\/www.youtube.com\/channel\/UCXQbUCme2pykuZYXWHx4VPg\"]},{\"@type\":\"Person\",\"@id\":\"https:\/\/jam-news.net\/az\/#\/schema\/person\/86c90ea4dd4c6e61e60ae51d24bc662c\",\"name\":\"Tatia nikoladze\",\"image\":{\"@type\":\"ImageObject\",\"inLanguage\":\"az\",\"@id\":\"https:\/\/jam-news.net\/az\/#\/schema\/person\/image\/\",\"url\":\"https:\/\/secure.gravatar.com\/avatar\/1f8b2c8ce4c25cc30806785bafe6bb03?s=96&d=mm&r=g\",\"contentUrl\":\"https:\/\/secure.gravatar.com\/avatar\/1f8b2c8ce4c25cc30806785bafe6bb03?s=96&d=mm&r=g\",\"caption\":\"Tatia nikoladze\"},\"url\":\"https:\/\/jam-news.net\/az\/author\/tatiani\/\"}]}<\/script>\n<!-- \/ Yoast SEO plugin. -->","yoast_head_json":{"title":"N\u00f6vb\u0259d\u0259nk\u0259nar parlament se\u00e7kil\u0259ri \u2013 G\u00fcrc\u00fcstan parlamentinin qar\u015f\u0131s\u0131nda mitinq i\u015ftirak\u00e7\u0131lar\u0131n\u0131n \u0259sas t\u0259l\u0259bi - JAMnews","robots":{"index":"index","follow":"follow","max-snippet":"max-snippet:-1","max-image-preview":"max-image-preview:large","max-video-preview":"max-video-preview:-1"},"canonical":"https:\/\/jam-news.net\/az\/novb\u0259d\u0259nk\u0259nar-parlament-seckil\u0259ri-gurcustan-parlamentinin-qarsisinda-mitinq-istirakcilarinin-\u0259sas-t\u0259l\u0259bi\/","og_locale":"az_AZ","og_type":"article","og_title":"N\u00f6vb\u0259d\u0259nk\u0259nar parlament se\u00e7kil\u0259ri \u2013 G\u00fcrc\u00fcstan parlamentinin qar\u015f\u0131s\u0131nda mitinq i\u015ftirak\u00e7\u0131lar\u0131n\u0131n \u0259sas t\u0259l\u0259bi - JAMnews","og_description":"Praktiki olaraq b\u00fct\u00fcn m\u00fcxalif\u0259t partiyalar\u0131 k\u00fc\u00e7\u0259l\u0259r\u0259 \u00e7\u0131x\u0131b","og_url":"https:\/\/jam-news.net\/az\/novb\u0259d\u0259nk\u0259nar-parlament-seckil\u0259ri-gurcustan-parlamentinin-qarsisinda-mitinq-istirakcilarinin-\u0259sas-t\u0259l\u0259bi\/","og_site_name":"Azerbaijani Jamnews","article_publisher":"https:\/\/www.facebook.com\/JAMnewsInEnglish\/","article_published_time":"2019-11-15T00:00:00+00:00","article_modified_time":"2022-01-17T21:03:31+00:00","og_image":[{"width":1200,"height":800,"url":"https:\/\/jam-news.net\/app\/uploads\/2020\/03\/\u10de\u10e0\u10dd\u10de\u10dd\u10e0-4-3.jpg","type":"image\/jpeg"}],"author":"Tatia nikoladze","twitter_card":"summary_large_image","twitter_creator":"@JAMnewsCaucasus","twitter_site":"@JAMnewsCaucasus","twitter_misc":{"Written by":"Tatia nikoladze","Est. reading time":"7 minutes"},"schema":{"@context":"https:\/\/schema.org","@graph":[{"@type":"Article","@id":"https:\/\/jam-news.net\/az\/novb%c9%99d%c9%99nk%c9%99nar-parlament-seckil%c9%99ri-gurcustan-parlamentinin-qarsisinda-mitinq-istirakcilarinin-%c9%99sas-t%c9%99l%c9%99bi\/#article","isPartOf":{"@id":"https:\/\/jam-news.net\/az\/novb%c9%99d%c9%99nk%c9%99nar-parlament-seckil%c9%99ri-gurcustan-parlamentinin-qarsisinda-mitinq-istirakcilarinin-%c9%99sas-t%c9%99l%c9%99bi\/"},"author":{"name":"Tatia nikoladze","@id":"https:\/\/jam-news.net\/az\/#\/schema\/person\/86c90ea4dd4c6e61e60ae51d24bc662c"},"headline":"N\u00f6vb\u0259d\u0259nk\u0259nar parlament se\u00e7kil\u0259ri \u2013 G\u00fcrc\u00fcstan parlamentinin qar\u015f\u0131s\u0131nda mitinq i\u015ftirak\u00e7\u0131lar\u0131n\u0131n \u0259sas t\u0259l\u0259bi","datePublished":"2019-11-15T00:00:00+00:00","dateModified":"2022-01-17T21:03:31+00:00","mainEntityOfPage":{"@id":"https:\/\/jam-news.net\/az\/novb%c9%99d%c9%99nk%c9%99nar-parlament-seckil%c9%99ri-gurcustan-parlamentinin-qarsisinda-mitinq-istirakcilarinin-%c9%99sas-t%c9%99l%c9%99bi\/"},"wordCount":1405,"commentCount":0,"publisher":{"@id":"https:\/\/jam-news.net\/az\/#organization"},"image":{"@id":"https:\/\/jam-news.net\/az\/novb%c9%99d%c9%99nk%c9%99nar-parlament-seckil%c9%99ri-gurcustan-parlamentinin-qarsisinda-mitinq-istirakcilarinin-%c9%99sas-t%c9%99l%c9%99bi\/#primaryimage"},"thumbnailUrl":"https:\/\/jam-news.net\/app\/uploads\/2020\/03\/\u10de\u10e0\u10dd\u10de\u10dd\u10e0-4-3.jpg","keywords":["G\u00fcrc\u00fcstan","G\u00fcrc\u00fcstan bu g\u00fcn","G\u00fcrc\u00fcstan c\u0259miyy\u0259ti","G\u00fcrc\u00fcstan \u0259traf\u0131nda x\u0259b\u0259rl\u0259r","G\u00fcrc\u00fcstan h\u00f6kum\u0259ti","G\u00fcrc\u00fcstan siyas\u0259ti","G\u00fcrc\u00fcstan x\u0259b\u0259rl\u0259ri","G\u00fcrc\u00fcstanda h\u0259yat","G\u00fcrc\u00fcstanda n\u0259 ba\u015f verir","G\u00fcrc\u00fcstandan x\u0259b\u0259rl\u0259r","G\u00fcrc\u00fcstan\u0131n hekay\u0259l\u0259ri","post-sovet g\u00fcrc\u00fcstan","se\u00e7kil\u0259r"],"articleSection":["Geography","Georgia","News","Photo\/Video"],"inLanguage":"az"},{"@type":"WebPage","@id":"https:\/\/jam-news.net\/az\/novb%c9%99d%c9%99nk%c9%99nar-parlament-seckil%c9%99ri-gurcustan-parlamentinin-qarsisinda-mitinq-istirakcilarinin-%c9%99sas-t%c9%99l%c9%99bi\/","url":"https:\/\/jam-news.net\/az\/novb%c9%99d%c9%99nk%c9%99nar-parlament-seckil%c9%99ri-gurcustan-parlamentinin-qarsisinda-mitinq-istirakcilarinin-%c9%99sas-t%c9%99l%c9%99bi\/","name":"N\u00f6vb\u0259d\u0259nk\u0259nar parlament se\u00e7kil\u0259ri \u2013 G\u00fcrc\u00fcstan parlamentinin qar\u015f\u0131s\u0131nda mitinq i\u015ftirak\u00e7\u0131lar\u0131n\u0131n \u0259sas t\u0259l\u0259bi - JAMnews","isPartOf":{"@id":"https:\/\/jam-news.net\/az\/#website"},"primaryImageOfPage":{"@id":"https:\/\/jam-news.net\/az\/novb%c9%99d%c9%99nk%c9%99nar-parlament-seckil%c9%99ri-gurcustan-parlamentinin-qarsisinda-mitinq-istirakcilarinin-%c9%99sas-t%c9%99l%c9%99bi\/#primaryimage"},"image":{"@id":"https:\/\/jam-news.net\/az\/novb%c9%99d%c9%99nk%c9%99nar-parlament-seckil%c9%99ri-gurcustan-parlamentinin-qarsisinda-mitinq-istirakcilarinin-%c9%99sas-t%c9%99l%c9%99bi\/#primaryimage"},"thumbnailUrl":"https:\/\/jam-news.net\/app\/uploads\/2020\/03\/\u10de\u10e0\u10dd\u10de\u10dd\u10e0-4-3.jpg","datePublished":"2019-11-15T00:00:00+00:00","dateModified":"2022-01-17T21:03:31+00:00","breadcrumb":{"@id":"https:\/\/jam-news.net\/az\/novb%c9%99d%c9%99nk%c9%99nar-parlament-seckil%c9%99ri-gurcustan-parlamentinin-qarsisinda-mitinq-istirakcilarinin-%c9%99sas-t%c9%99l%c9%99bi\/#breadcrumb"},"inLanguage":"az","potentialAction":[{"@type":"ReadAction","target":["https:\/\/jam-news.net\/az\/novb%c9%99d%c9%99nk%c9%99nar-parlament-seckil%c9%99ri-gurcustan-parlamentinin-qarsisinda-mitinq-istirakcilarinin-%c9%99sas-t%c9%99l%c9%99bi\/"]}]},{"@type":"ImageObject","inLanguage":"az","@id":"https:\/\/jam-news.net\/az\/novb%c9%99d%c9%99nk%c9%99nar-parlament-seckil%c9%99ri-gurcustan-parlamentinin-qarsisinda-mitinq-istirakcilarinin-%c9%99sas-t%c9%99l%c9%99bi\/#primaryimage","url":"https:\/\/jam-news.net\/app\/uploads\/2020\/03\/\u10de\u10e0\u10dd\u10de\u10dd\u10e0-4-3.jpg","contentUrl":"https:\/\/jam-news.net\/app\/uploads\/2020\/03\/\u10de\u10e0\u10dd\u10de\u10dd\u10e0-4-3.jpg","width":1200,"height":800},{"@type":"BreadcrumbList","@id":"https:\/\/jam-news.net\/az\/novb%c9%99d%c9%99nk%c9%99nar-parlament-seckil%c9%99ri-gurcustan-parlamentinin-qarsisinda-mitinq-istirakcilarinin-%c9%99sas-t%c9%99l%c9%99bi\/#breadcrumb","itemListElement":[{"@type":"ListItem","position":1,"name":"Home","item":"https:\/\/jam-news.net\/az\/"},{"@type":"ListItem","position":2,"name":"N\u00f6vb\u0259d\u0259nk\u0259nar parlament se\u00e7kil\u0259ri \u2013 G\u00fcrc\u00fcstan parlamentinin qar\u015f\u0131s\u0131nda mitinq i\u015ftirak\u00e7\u0131lar\u0131n\u0131n \u0259sas t\u0259l\u0259bi"}]},{"@type":"WebSite","@id":"https:\/\/jam-news.net\/az\/#website","url":"https:\/\/jam-news.net\/az\/","name":"Azerbaijani Jamnews","description":"Caucasus News, Politics and Society","publisher":{"@id":"https:\/\/jam-news.net\/az\/#organization"},"potentialAction":[{"@type":"SearchAction","target":{"@type":"EntryPoint","urlTemplate":"https:\/\/jam-news.net\/az\/?s={search_term_string}"},"query-input":{"@type":"PropertyValueSpecification","valueRequired":true,"valueName":"search_term_string"}}],"inLanguage":"az"},{"@type":"Organization","@id":"https:\/\/jam-news.net\/az\/#organization","name":"JAMnews","url":"https:\/\/jam-news.net\/az\/","logo":{"@type":"ImageObject","inLanguage":"az","@id":"https:\/\/jam-news.net\/az\/#\/schema\/logo\/image\/","url":"https:\/\/jam-news.net\/app\/uploads\/2020\/05\/JAM_w.jpg","contentUrl":"https:\/\/jam-news.net\/app\/uploads\/2020\/05\/JAM_w.jpg","width":960,"height":960,"caption":"JAMnews"},"image":{"@id":"https:\/\/jam-news.net\/az\/#\/schema\/logo\/image\/"},"sameAs":["https:\/\/www.facebook.com\/JAMnewsInEnglish\/","https:\/\/x.com\/JAMnewsCaucasus","https:\/\/www.instagram.com\/jam_news\/","https:\/\/www.youtube.com\/channel\/UCXQbUCme2pykuZYXWHx4VPg"]},{"@type":"Person","@id":"https:\/\/jam-news.net\/az\/#\/schema\/person\/86c90ea4dd4c6e61e60ae51d24bc662c","name":"Tatia nikoladze","image":{"@type":"ImageObject","inLanguage":"az","@id":"https:\/\/jam-news.net\/az\/#\/schema\/person\/image\/","url":"https:\/\/secure.gravatar.com\/avatar\/1f8b2c8ce4c25cc30806785bafe6bb03?s=96&d=mm&r=g","contentUrl":"https:\/\/secure.gravatar.com\/avatar\/1f8b2c8ce4c25cc30806785bafe6bb03?s=96&d=mm&r=g","caption":"Tatia nikoladze"},"url":"https:\/\/jam-news.net\/az\/author\/tatiani\/"}]}},"_links":{"self":[{"href":"https:\/\/jam-news.net\/az\/wp-json\/wp\/v2\/posts\/12336","targetHints":{"allow":["GET"]}}],"collection":[{"href":"https:\/\/jam-news.net\/az\/wp-json\/wp\/v2\/posts"}],"about":[{"href":"https:\/\/jam-news.net\/az\/wp-json\/wp\/v2\/types\/post"}],"author":[{"embeddable":true,"href":"https:\/\/jam-news.net\/az\/wp-json\/wp\/v2\/users\/6"}],"replies":[{"embeddable":true,"href":"https:\/\/jam-news.net\/az\/wp-json\/wp\/v2\/comments?post=12336"}],"version-history":[{"count":1,"href":"https:\/\/jam-news.net\/az\/wp-json\/wp\/v2\/posts\/12336\/revisions"}],"predecessor-version":[{"id":13622,"href":"https:\/\/jam-news.net\/az\/wp-json\/wp\/v2\/posts\/12336\/revisions\/13622"}],"wp:featuredmedia":[{"embeddable":true,"href":"https:\/\/jam-news.net\/az\/wp-json\/wp\/v2\/media\/22672"}],"wp:attachment":[{"href":"https:\/\/jam-news.net\/az\/wp-json\/wp\/v2\/media?parent=12336"}],"wp:term":[{"taxonomy":"category","embeddable":true,"href":"https:\/\/jam-news.net\/az\/wp-json\/wp\/v2\/categories?post=12336"},{"taxonomy":"post_tag","embeddable":true,"href":"https:\/\/jam-news.net\/az\/wp-json\/wp\/v2\/tags?post=12336"},{"taxonomy":"formation","embeddable":true,"href":"https:\/\/jam-news.net\/az\/wp-json\/wp\/v2\/formation?post=12336"},{"taxonomy":"post-author","embeddable":true,"href":"https:\/\/jam-news.net\/az\/wp-json\/wp\/v2\/post-author?post=12336"},{"taxonomy":"topic","embeddable":true,"href":"https:\/\/jam-news.net\/az\/wp-json\/wp\/v2\/topic?post=12336"},{"taxonomy":"tooltip","embeddable":true,"href":"https:\/\/jam-news.net\/az\/wp-json\/wp\/v2\/tooltip?post=12336"},{"taxonomy":"city","embeddable":true,"href":"https:\/\/jam-news.net\/az\/wp-json\/wp\/v2\/city?post=12336"}],"curies":[{"name":"wp","href":"https:\/\/api.w.org\/{rel}","templated":true}]}}