{"id":12193,"date":"2019-11-01T00:00:00","date_gmt":"2019-11-01T00:00:00","guid":{"rendered":"http:\/\/jam-news.net\/az\/movqe-yeni-n%c9%99sil-butun-dunyada-usyan-edir\/"},"modified":"2021-02-09T12:51:39","modified_gmt":"2021-02-09T08:51:39","slug":"movqe-yeni-n%c9%99sil-butun-dunyada-usyan-edir","status":"publish","type":"post","link":"https:\/\/jam-news.net\/az\/movqe-yeni-n%c9%99sil-butun-dunyada-usyan-edir\/","title":{"rendered":"M\u00f6vqe. Yeni n\u0259sil b\u00fct\u00fcn d\u00fcnyada \u00fcsyan edir"},"content":{"rendered":"<p><span style=\"font-weight: 400;\">\u00c7ili, Honkonq, Livan, London, Barselona \u2013 2019-cu ild\u0259 biz b\u00fct\u00fcn d\u00fcnya \u00fczr\u0259 k\u00fctl\u0259vi k\u00fc\u00e7\u0259 etirazlar\u0131n\u0131n \u015fahidi olduq. Publisist Cek \u015eenker <\/span><a href=\"https:\/\/www.theguardian.com\/commentisfree\/2019\/oct\/29\/global-protest-children-financial-crash-hong-kong-london\"><span style=\"font-weight: 400;\">The Guardian<\/span><\/a><span style=\"font-weight: 400;\">-da kiml\u0259rin k\u00fc\u00e7\u0259y\u0259 \u00e7\u0131xmas\u0131 v\u0259 onlar\u0131n n\u0259 t\u0259l\u0259b etm\u0259si bar\u0259d\u0259 dan\u0131\u015f\u0131r.<\/span><\/p>\n<p>&nbsp;<\/p>\n<p><b>Etiraz\u00e7\u0131lar n\u0259 t\u0259l\u0259b edir<\/b><\/p>\n<p><span style=\"font-weight: 400;\">H\u0259r bir ayr\u0131 halda etirazlar m\u00fcxt\u0259lif s\u0259b\u0259bl\u0259r \u00fcz\u00fcnd\u0259n alovlan\u0131b.<\/span><\/p>\n<p><span style=\"font-weight: 400;\">\u00c7ilid\u0259 buna metroda gedi\u015f haqq\u0131n\u0131n y\u00fcks\u0259lm\u0259si s\u0259b\u0259b oldu. Londonda ekoloji f\u0259allar k\u00fc\u00e7\u0259l\u0259r\u0259 \u00e7\u0131xd\u0131lar. Honkonqda kommunist \u00c7ininin bu muxtariyy\u0259tin h\u00fcquqlar\u0131na qar\u015f\u0131 h\u00fccuma ke\u00e7m\u0259sind\u0259n narahat olan insanlar etiraz edirdil\u0259r. Barselonada is\u0259 n\u00fcmayi\u015f\u00e7il\u0259r separat\u00e7\u0131lar\u0131n liderl\u0259rininin izl\u0259nm\u0259sin\u0259 son qoyulmas\u0131n\u0131 t\u0259l\u0259b edirdil\u0259r.<\/span><\/p>\n<p><span style=\"font-weight: 400;\">Sonuncu d\u0259f\u0259 etirazlar\u0131n bel\u0259 dal\u011fas\u0131n\u0131 bu onilliyin \u0259vv\u0259ll\u0259rind\u0259 &#8211; \u201c\u0259r\u0259b bahar\u0131\u201d v\u0259 \u201cOccupy\u201d h\u0259r\u0259kat\u0131 ba\u015f ver\u0259rk\u0259n m\u00fc\u015fahid\u0259 etmi\u015fdik.<\/span><\/p>\n<p>&nbsp;<\/p>\n<p><b>T\u0259l\u0259bl\u0259r m\u00fcxt\u0259lifdir, m\u0259\u011fz eynidir<\/b><\/p>\n<p><span style=\"font-weight: 400;\">T\u0259l\u0259bl\u0259rin b\u00fct\u00fcn bu m\u00fcxt\u0259lifliyind\u0259 qlobal etiraz\u0131n \u00fcmumi cizgil\u0259ri d\u0259 var.<\/span><\/p>\n<p><span style=\"font-weight: 400;\">Birincisi, bu, sosial \u015f\u0259b\u0259k\u0259l\u0259rin roludur. M\u0259hz onlar \u00e7ox \u00f6n\u0259 \u00e7\u0131xan liderl\u0259rin v\u0259 daimi strukturlar\u0131n yoxlu\u011fu \u015f\u0259raitind\u0259 etiraz\u00e7\u0131lar\u0131n s\u00fcr\u0259tli v\u0259 k\u00fctl\u0259vi \u00f6z\u00fcn\u00fct\u0259\u015fkilatlanmas\u0131n\u0131 m\u00fcmk\u00fcn edir.<\/span><\/p>\n<p><span style=\"font-weight: 400;\">\u0130kincisi, ayd\u0131nd\u0131r ki, bu, yeni n\u0259slin etiraz\u0131d\u0131r. H\u0259min n\u0259sil ya\u015fl\u0131 h\u0259yata 2008-ci ilin qlobal iqtisadi b\u00f6hran\u0131 d\u00f6vr\u00fcnd\u0259 daxil olub v\u0259 indiy\u0259 kimi onun n\u0259tic\u0259l\u0259ri \u015f\u0259raitind\u0259 ya\u015fay\u0131r.<\/span><\/p>\n<p>&nbsp;<\/p>\n<p><b>2008-ci ilin b\u00f6hran\u0131 indiki etiraza nec\u0259 t\u0259sir edib<\/b><\/p>\n<p><span style=\"font-weight: 400;\">2008-ci ilin b\u00f6hran\u0131n\u0131n birba\u015fa n\u0259tic\u0259si olaraq b\u00fct\u00fcn d\u00fcnya \u00fczr\u0259 g\u0259nc insanlar \u00fc\u00e7\u00fcn h\u0259yat perspektivl\u0259ri k\u0259skin \u015f\u0259kild\u0259 azald\u0131. \u0130qtisadi imkanlar\u0131n v\u0259 sosial liftl\u0259rin yoxlu\u011funa g\u00f6zl\u0259nil\u0259n ekoloji f\u0259lak\u0259t qar\u015f\u0131s\u0131nda qorxu da \u0259lav\u0259 olundu. Bu is\u0259 eyni zamanda \u00e7\u0131x\u0131lmazl\u0131\u011f\u0131n v\u0259 q\u0259rarl\u0131l\u0131\u011f\u0131n xarakterik cizgil\u0259ri oldu\u011fu n\u0259sli yaratd\u0131. M\u0259hz buna g\u00f6r\u0259 d\u0259, Honkonqda, Beyrutda v\u0259 Santyaqoda g\u00f6zya\u015fard\u0131c\u0131 qazdan v\u0259 rezin g\u00fcll\u0259l\u0259rd\u0259n istifad\u0259 ed\u0259n polis\u0259 qar\u015f\u0131 \u00e7\u0131xmaqdan qorxmayan n\u00fcmayi\u015f\u00e7il\u0259rin say\u0131 azalm\u0131r.<\/span><\/p>\n<p><span style=\"font-weight: 400;\">Dig\u0259r t\u0259r\u0259fd\u0259n, bu b\u00f6hran h\u0259m avtoritar, h\u0259m d\u0259 demokratik \u00f6lk\u0259l\u0259rd\u0259 d\u00f6vl\u0259t institutlar\u0131na etimad\u0131 sars\u0131td\u0131. B\u00fct\u00fcn d\u00fcnyada elitalar\u0131n \u0259halinin g\u00f6z\u00fcnd\u0259 \u00f6z hakimiyy\u0259tin\u0259 b\u0259ra\u0259t qazand\u0131rmas\u0131 xeyli \u00e7\u0259tinl\u0259\u015fdi.<\/span><\/p>\n<p>&nbsp;<\/p>\n<p><b>Etiraz\u00e7\u0131lar\u0131n \u0259sas m\u0259qs\u0259di<\/b><\/p>\n<p><span style=\"font-weight: 400;\">Biz\u0259 x\u0131rda g\u00fcz\u0259\u015ftl\u0259r v\u0259 dil\u0259n\u00e7i pay\u0131 laz\u0131m deyil &#8211; \u0259n m\u00fcxt\u0259lif \u00f6lk\u0259l\u0259rd\u0259 etirazlara \u00e7\u0131xan g\u0259nc insanlar bunu t\u0259krarlay\u0131rlar \u2013 biz\u0259 tamamil\u0259 ba\u015fqa sistem laz\u0131md\u0131r.<\/span><\/p>\n<p><span style=\"font-weight: 400;\">Bu, \u0259n parlaq \u015f\u0259kild\u0259 \u00c7ilid\u0259ki etirazlarda qald\u0131r\u0131lan \u0259n populyar \u015f\u00fcarda \u00f6z \u0259ksini tap\u0131b \u2013 \u201cS\u00f6hb\u0259t otuz pesodan getmir, otuz ild\u0259n gedir!\u201d (Otuz peso \u2013 metroda gedi\u015f haqq\u0131 m\u0259hz bu m\u0259bl\u0259\u011fd\u0259 art\u0131b v\u0259 bu, h\u0259y\u0259canlara formal s\u0259b\u0259b rolunu oynay\u0131b; otuz il \u2013 haz\u0131rk\u0131 \u0259dal\u0259tsiz d\u00f6vl\u0259t qurulu\u015funun formala\u015fd\u0131\u011f\u0131 d\u00f6vr n\u0259z\u0259rd\u0259 tutulur).<\/span><\/p>\n<p><span style=\"font-weight: 400;\">Biz b\u0259\u015f\u0259riyy\u0259tin qlobal m\u00f6vcudiyy\u0259t qaydalar\u0131n\u0131n d\u0259yi\u015fdiyi tarixin nadir anlar\u0131ndan birini ya\u015fay\u0131r\u0131q. \u201cThe Guardian\u201ddak\u0131 m\u0259qal\u0259nin m\u00fc\u0259llifi Cek \u015eenker bel\u0259 hesab edir. G\u0259nc n\u0259sil is\u0259 \u00f6z t\u0259l\u0259bl\u0259rinin h\u0259yata ke\u00e7m\u0259sin\u0259 nail olana q\u0259d\u0259r etiraz etm\u0259kd\u0259n usanmayacaq, \u00e7\u00fcnki t\u0259l\u0259bl\u0259rinin \u0259dal\u0259tli oldu\u011funu hiss edir.<\/span><\/p>\n<p><div class=\"su-divider su-divider-style-default\" style=\"margin:15px 0;border-width:3px;border-color:#999999\"><a href=\"#\" style=\"color:#999999\">Go to top<\/a><\/div> <\/p>\n<p><\/p>\n","protected":false},"excerpt":{"rendered":"<p>M\u00f6vqe. Yeni n\u0259sil b\u00fct\u00fcn d\u00fcnyada \u00fcsyan edir<\/p>\n","protected":false},"author":3,"featured_media":22629,"comment_status":"open","ping_status":"open","sticky":false,"template":"","format":"standard","meta":{"_acf_changed":false,"footnotes":""},"categories":[8,2,49],"tags":[195,131],"formation":[],"post-author":[],"topic":[],"tooltip":[],"city":[],"class_list":["post-12193","post","type-post","status-publish","format-standard","has-post-thumbnail","hentry","category-dunyada-bas-vernlr","category-cografiya","category-srh","tag-etiraz","tag-gnclik"],"acf":[],"yoast_head":"<!-- This site is optimized with the Yoast SEO plugin v24.1 - https:\/\/yoast.com\/wordpress\/plugins\/seo\/ -->\n<title>M\u00f6vqe. Yeni n\u0259sil b\u00fct\u00fcn d\u00fcnyada \u00fcsyan edir - JAMnews<\/title>\n<meta name=\"robots\" content=\"index, follow, max-snippet:-1, max-image-preview:large, max-video-preview:-1\" \/>\n<link rel=\"canonical\" href=\"https:\/\/jam-news.net\/az\/movqe-yeni-n\u0259sil-butun-dunyada-usyan-edir\/\" \/>\n<meta property=\"og:locale\" content=\"az_AZ\" \/>\n<meta property=\"og:type\" content=\"article\" \/>\n<meta property=\"og:title\" content=\"M\u00f6vqe. Yeni n\u0259sil b\u00fct\u00fcn d\u00fcnyada \u00fcsyan edir - JAMnews\" \/>\n<meta property=\"og:description\" content=\"M\u00f6vqe. Yeni n\u0259sil b\u00fct\u00fcn d\u00fcnyada \u00fcsyan edir\" \/>\n<meta property=\"og:url\" content=\"https:\/\/jam-news.net\/az\/movqe-yeni-n\u0259sil-butun-dunyada-usyan-edir\/\" \/>\n<meta property=\"og:site_name\" content=\"Azerbaijani Jamnews\" \/>\n<meta property=\"article:publisher\" content=\"https:\/\/www.facebook.com\/JAMnewsInEnglish\/\" \/>\n<meta property=\"article:published_time\" content=\"2019-11-01T00:00:00+00:00\" \/>\n<meta property=\"article:modified_time\" content=\"2021-02-09T08:51:39+00:00\" \/>\n<meta property=\"og:image\" content=\"https:\/\/jam-news.net\/app\/uploads\/2020\/03\/3218-3.jpg\" \/>\n\t<meta property=\"og:image:width\" content=\"1880\" \/>\n\t<meta property=\"og:image:height\" content=\"1128\" \/>\n\t<meta property=\"og:image:type\" content=\"image\/jpeg\" \/>\n<meta name=\"author\" content=\"JAMnews\" \/>\n<meta name=\"twitter:card\" content=\"summary_large_image\" \/>\n<meta name=\"twitter:creator\" content=\"@JAMnewsCaucasus\" \/>\n<meta name=\"twitter:site\" content=\"@JAMnewsCaucasus\" \/>\n<meta name=\"twitter:label1\" content=\"Written by\" \/>\n\t<meta name=\"twitter:data1\" content=\"JAMnews\" \/>\n\t<meta name=\"twitter:label2\" content=\"Est. reading time\" \/>\n\t<meta name=\"twitter:data2\" content=\"3 minutes\" \/>\n<script type=\"application\/ld+json\" class=\"yoast-schema-graph\">{\"@context\":\"https:\/\/schema.org\",\"@graph\":[{\"@type\":\"Article\",\"@id\":\"https:\/\/jam-news.net\/az\/movqe-yeni-n%c9%99sil-butun-dunyada-usyan-edir\/#article\",\"isPartOf\":{\"@id\":\"https:\/\/jam-news.net\/az\/movqe-yeni-n%c9%99sil-butun-dunyada-usyan-edir\/\"},\"author\":{\"name\":\"JAMnews\",\"@id\":\"https:\/\/jam-news.net\/az\/#\/schema\/person\/67df3bb7adb46cd513fb9c4cb02361c6\"},\"headline\":\"M\u00f6vqe. Yeni n\u0259sil b\u00fct\u00fcn d\u00fcnyada \u00fcsyan edir\",\"datePublished\":\"2019-11-01T00:00:00+00:00\",\"dateModified\":\"2021-02-09T08:51:39+00:00\",\"mainEntityOfPage\":{\"@id\":\"https:\/\/jam-news.net\/az\/movqe-yeni-n%c9%99sil-butun-dunyada-usyan-edir\/\"},\"wordCount\":677,\"commentCount\":0,\"publisher\":{\"@id\":\"https:\/\/jam-news.net\/az\/#organization\"},\"image\":{\"@id\":\"https:\/\/jam-news.net\/az\/movqe-yeni-n%c9%99sil-butun-dunyada-usyan-edir\/#primaryimage\"},\"thumbnailUrl\":\"https:\/\/jam-news.net\/app\/uploads\/2020\/03\/3218-3.jpg\",\"keywords\":[\"etiraz\",\"g\u0259nclik\"],\"articleSection\":[\"From far and near\",\"Geography\",\"Opinion\"],\"inLanguage\":\"az\"},{\"@type\":\"WebPage\",\"@id\":\"https:\/\/jam-news.net\/az\/movqe-yeni-n%c9%99sil-butun-dunyada-usyan-edir\/\",\"url\":\"https:\/\/jam-news.net\/az\/movqe-yeni-n%c9%99sil-butun-dunyada-usyan-edir\/\",\"name\":\"M\u00f6vqe. Yeni n\u0259sil b\u00fct\u00fcn d\u00fcnyada \u00fcsyan edir - JAMnews\",\"isPartOf\":{\"@id\":\"https:\/\/jam-news.net\/az\/#website\"},\"primaryImageOfPage\":{\"@id\":\"https:\/\/jam-news.net\/az\/movqe-yeni-n%c9%99sil-butun-dunyada-usyan-edir\/#primaryimage\"},\"image\":{\"@id\":\"https:\/\/jam-news.net\/az\/movqe-yeni-n%c9%99sil-butun-dunyada-usyan-edir\/#primaryimage\"},\"thumbnailUrl\":\"https:\/\/jam-news.net\/app\/uploads\/2020\/03\/3218-3.jpg\",\"datePublished\":\"2019-11-01T00:00:00+00:00\",\"dateModified\":\"2021-02-09T08:51:39+00:00\",\"breadcrumb\":{\"@id\":\"https:\/\/jam-news.net\/az\/movqe-yeni-n%c9%99sil-butun-dunyada-usyan-edir\/#breadcrumb\"},\"inLanguage\":\"az\",\"potentialAction\":[{\"@type\":\"ReadAction\",\"target\":[\"https:\/\/jam-news.net\/az\/movqe-yeni-n%c9%99sil-butun-dunyada-usyan-edir\/\"]}]},{\"@type\":\"ImageObject\",\"inLanguage\":\"az\",\"@id\":\"https:\/\/jam-news.net\/az\/movqe-yeni-n%c9%99sil-butun-dunyada-usyan-edir\/#primaryimage\",\"url\":\"https:\/\/jam-news.net\/app\/uploads\/2020\/03\/3218-3.jpg\",\"contentUrl\":\"https:\/\/jam-news.net\/app\/uploads\/2020\/03\/3218-3.jpg\",\"width\":1880,\"height\":1128},{\"@type\":\"BreadcrumbList\",\"@id\":\"https:\/\/jam-news.net\/az\/movqe-yeni-n%c9%99sil-butun-dunyada-usyan-edir\/#breadcrumb\",\"itemListElement\":[{\"@type\":\"ListItem\",\"position\":1,\"name\":\"Home\",\"item\":\"https:\/\/jam-news.net\/az\/\"},{\"@type\":\"ListItem\",\"position\":2,\"name\":\"M\u00f6vqe. Yeni n\u0259sil b\u00fct\u00fcn d\u00fcnyada \u00fcsyan edir\"}]},{\"@type\":\"WebSite\",\"@id\":\"https:\/\/jam-news.net\/az\/#website\",\"url\":\"https:\/\/jam-news.net\/az\/\",\"name\":\"Azerbaijani Jamnews\",\"description\":\"Caucasus News, Politics and Society\",\"publisher\":{\"@id\":\"https:\/\/jam-news.net\/az\/#organization\"},\"potentialAction\":[{\"@type\":\"SearchAction\",\"target\":{\"@type\":\"EntryPoint\",\"urlTemplate\":\"https:\/\/jam-news.net\/az\/?s={search_term_string}\"},\"query-input\":{\"@type\":\"PropertyValueSpecification\",\"valueRequired\":true,\"valueName\":\"search_term_string\"}}],\"inLanguage\":\"az\"},{\"@type\":\"Organization\",\"@id\":\"https:\/\/jam-news.net\/az\/#organization\",\"name\":\"JAMnews\",\"url\":\"https:\/\/jam-news.net\/az\/\",\"logo\":{\"@type\":\"ImageObject\",\"inLanguage\":\"az\",\"@id\":\"https:\/\/jam-news.net\/az\/#\/schema\/logo\/image\/\",\"url\":\"https:\/\/jam-news.net\/app\/uploads\/2020\/05\/JAM_w.jpg\",\"contentUrl\":\"https:\/\/jam-news.net\/app\/uploads\/2020\/05\/JAM_w.jpg\",\"width\":960,\"height\":960,\"caption\":\"JAMnews\"},\"image\":{\"@id\":\"https:\/\/jam-news.net\/az\/#\/schema\/logo\/image\/\"},\"sameAs\":[\"https:\/\/www.facebook.com\/JAMnewsInEnglish\/\",\"https:\/\/x.com\/JAMnewsCaucasus\",\"https:\/\/www.instagram.com\/jam_news\/\",\"https:\/\/www.youtube.com\/channel\/UCXQbUCme2pykuZYXWHx4VPg\"]},{\"@type\":\"Person\",\"@id\":\"https:\/\/jam-news.net\/az\/#\/schema\/person\/67df3bb7adb46cd513fb9c4cb02361c6\",\"name\":\"JAMnews\",\"image\":{\"@type\":\"ImageObject\",\"inLanguage\":\"az\",\"@id\":\"https:\/\/jam-news.net\/az\/#\/schema\/person\/image\/\",\"url\":\"https:\/\/secure.gravatar.com\/avatar\/e5c27593ef900c3ab3deed4ed1c653d7?s=96&d=mm&r=g\",\"contentUrl\":\"https:\/\/secure.gravatar.com\/avatar\/e5c27593ef900c3ab3deed4ed1c653d7?s=96&d=mm&r=g\",\"caption\":\"JAMnews\"},\"url\":\"https:\/\/jam-news.net\/az\/author\/margarita\/\"}]}<\/script>\n<!-- \/ Yoast SEO plugin. -->","yoast_head_json":{"title":"M\u00f6vqe. Yeni n\u0259sil b\u00fct\u00fcn d\u00fcnyada \u00fcsyan edir - JAMnews","robots":{"index":"index","follow":"follow","max-snippet":"max-snippet:-1","max-image-preview":"max-image-preview:large","max-video-preview":"max-video-preview:-1"},"canonical":"https:\/\/jam-news.net\/az\/movqe-yeni-n\u0259sil-butun-dunyada-usyan-edir\/","og_locale":"az_AZ","og_type":"article","og_title":"M\u00f6vqe. Yeni n\u0259sil b\u00fct\u00fcn d\u00fcnyada \u00fcsyan edir - JAMnews","og_description":"M\u00f6vqe. Yeni n\u0259sil b\u00fct\u00fcn d\u00fcnyada \u00fcsyan edir","og_url":"https:\/\/jam-news.net\/az\/movqe-yeni-n\u0259sil-butun-dunyada-usyan-edir\/","og_site_name":"Azerbaijani Jamnews","article_publisher":"https:\/\/www.facebook.com\/JAMnewsInEnglish\/","article_published_time":"2019-11-01T00:00:00+00:00","article_modified_time":"2021-02-09T08:51:39+00:00","og_image":[{"width":1880,"height":1128,"url":"https:\/\/jam-news.net\/app\/uploads\/2020\/03\/3218-3.jpg","type":"image\/jpeg"}],"author":"JAMnews","twitter_card":"summary_large_image","twitter_creator":"@JAMnewsCaucasus","twitter_site":"@JAMnewsCaucasus","twitter_misc":{"Written by":"JAMnews","Est. reading time":"3 minutes"},"schema":{"@context":"https:\/\/schema.org","@graph":[{"@type":"Article","@id":"https:\/\/jam-news.net\/az\/movqe-yeni-n%c9%99sil-butun-dunyada-usyan-edir\/#article","isPartOf":{"@id":"https:\/\/jam-news.net\/az\/movqe-yeni-n%c9%99sil-butun-dunyada-usyan-edir\/"},"author":{"name":"JAMnews","@id":"https:\/\/jam-news.net\/az\/#\/schema\/person\/67df3bb7adb46cd513fb9c4cb02361c6"},"headline":"M\u00f6vqe. Yeni n\u0259sil b\u00fct\u00fcn d\u00fcnyada \u00fcsyan edir","datePublished":"2019-11-01T00:00:00+00:00","dateModified":"2021-02-09T08:51:39+00:00","mainEntityOfPage":{"@id":"https:\/\/jam-news.net\/az\/movqe-yeni-n%c9%99sil-butun-dunyada-usyan-edir\/"},"wordCount":677,"commentCount":0,"publisher":{"@id":"https:\/\/jam-news.net\/az\/#organization"},"image":{"@id":"https:\/\/jam-news.net\/az\/movqe-yeni-n%c9%99sil-butun-dunyada-usyan-edir\/#primaryimage"},"thumbnailUrl":"https:\/\/jam-news.net\/app\/uploads\/2020\/03\/3218-3.jpg","keywords":["etiraz","g\u0259nclik"],"articleSection":["From far and near","Geography","Opinion"],"inLanguage":"az"},{"@type":"WebPage","@id":"https:\/\/jam-news.net\/az\/movqe-yeni-n%c9%99sil-butun-dunyada-usyan-edir\/","url":"https:\/\/jam-news.net\/az\/movqe-yeni-n%c9%99sil-butun-dunyada-usyan-edir\/","name":"M\u00f6vqe. Yeni n\u0259sil b\u00fct\u00fcn d\u00fcnyada \u00fcsyan edir - JAMnews","isPartOf":{"@id":"https:\/\/jam-news.net\/az\/#website"},"primaryImageOfPage":{"@id":"https:\/\/jam-news.net\/az\/movqe-yeni-n%c9%99sil-butun-dunyada-usyan-edir\/#primaryimage"},"image":{"@id":"https:\/\/jam-news.net\/az\/movqe-yeni-n%c9%99sil-butun-dunyada-usyan-edir\/#primaryimage"},"thumbnailUrl":"https:\/\/jam-news.net\/app\/uploads\/2020\/03\/3218-3.jpg","datePublished":"2019-11-01T00:00:00+00:00","dateModified":"2021-02-09T08:51:39+00:00","breadcrumb":{"@id":"https:\/\/jam-news.net\/az\/movqe-yeni-n%c9%99sil-butun-dunyada-usyan-edir\/#breadcrumb"},"inLanguage":"az","potentialAction":[{"@type":"ReadAction","target":["https:\/\/jam-news.net\/az\/movqe-yeni-n%c9%99sil-butun-dunyada-usyan-edir\/"]}]},{"@type":"ImageObject","inLanguage":"az","@id":"https:\/\/jam-news.net\/az\/movqe-yeni-n%c9%99sil-butun-dunyada-usyan-edir\/#primaryimage","url":"https:\/\/jam-news.net\/app\/uploads\/2020\/03\/3218-3.jpg","contentUrl":"https:\/\/jam-news.net\/app\/uploads\/2020\/03\/3218-3.jpg","width":1880,"height":1128},{"@type":"BreadcrumbList","@id":"https:\/\/jam-news.net\/az\/movqe-yeni-n%c9%99sil-butun-dunyada-usyan-edir\/#breadcrumb","itemListElement":[{"@type":"ListItem","position":1,"name":"Home","item":"https:\/\/jam-news.net\/az\/"},{"@type":"ListItem","position":2,"name":"M\u00f6vqe. Yeni n\u0259sil b\u00fct\u00fcn d\u00fcnyada \u00fcsyan edir"}]},{"@type":"WebSite","@id":"https:\/\/jam-news.net\/az\/#website","url":"https:\/\/jam-news.net\/az\/","name":"Azerbaijani Jamnews","description":"Caucasus News, Politics and Society","publisher":{"@id":"https:\/\/jam-news.net\/az\/#organization"},"potentialAction":[{"@type":"SearchAction","target":{"@type":"EntryPoint","urlTemplate":"https:\/\/jam-news.net\/az\/?s={search_term_string}"},"query-input":{"@type":"PropertyValueSpecification","valueRequired":true,"valueName":"search_term_string"}}],"inLanguage":"az"},{"@type":"Organization","@id":"https:\/\/jam-news.net\/az\/#organization","name":"JAMnews","url":"https:\/\/jam-news.net\/az\/","logo":{"@type":"ImageObject","inLanguage":"az","@id":"https:\/\/jam-news.net\/az\/#\/schema\/logo\/image\/","url":"https:\/\/jam-news.net\/app\/uploads\/2020\/05\/JAM_w.jpg","contentUrl":"https:\/\/jam-news.net\/app\/uploads\/2020\/05\/JAM_w.jpg","width":960,"height":960,"caption":"JAMnews"},"image":{"@id":"https:\/\/jam-news.net\/az\/#\/schema\/logo\/image\/"},"sameAs":["https:\/\/www.facebook.com\/JAMnewsInEnglish\/","https:\/\/x.com\/JAMnewsCaucasus","https:\/\/www.instagram.com\/jam_news\/","https:\/\/www.youtube.com\/channel\/UCXQbUCme2pykuZYXWHx4VPg"]},{"@type":"Person","@id":"https:\/\/jam-news.net\/az\/#\/schema\/person\/67df3bb7adb46cd513fb9c4cb02361c6","name":"JAMnews","image":{"@type":"ImageObject","inLanguage":"az","@id":"https:\/\/jam-news.net\/az\/#\/schema\/person\/image\/","url":"https:\/\/secure.gravatar.com\/avatar\/e5c27593ef900c3ab3deed4ed1c653d7?s=96&d=mm&r=g","contentUrl":"https:\/\/secure.gravatar.com\/avatar\/e5c27593ef900c3ab3deed4ed1c653d7?s=96&d=mm&r=g","caption":"JAMnews"},"url":"https:\/\/jam-news.net\/az\/author\/margarita\/"}]}},"_links":{"self":[{"href":"https:\/\/jam-news.net\/az\/wp-json\/wp\/v2\/posts\/12193","targetHints":{"allow":["GET"]}}],"collection":[{"href":"https:\/\/jam-news.net\/az\/wp-json\/wp\/v2\/posts"}],"about":[{"href":"https:\/\/jam-news.net\/az\/wp-json\/wp\/v2\/types\/post"}],"author":[{"embeddable":true,"href":"https:\/\/jam-news.net\/az\/wp-json\/wp\/v2\/users\/3"}],"replies":[{"embeddable":true,"href":"https:\/\/jam-news.net\/az\/wp-json\/wp\/v2\/comments?post=12193"}],"version-history":[{"count":1,"href":"https:\/\/jam-news.net\/az\/wp-json\/wp\/v2\/posts\/12193\/revisions"}],"predecessor-version":[{"id":13648,"href":"https:\/\/jam-news.net\/az\/wp-json\/wp\/v2\/posts\/12193\/revisions\/13648"}],"wp:featuredmedia":[{"embeddable":true,"href":"https:\/\/jam-news.net\/az\/wp-json\/wp\/v2\/media\/22629"}],"wp:attachment":[{"href":"https:\/\/jam-news.net\/az\/wp-json\/wp\/v2\/media?parent=12193"}],"wp:term":[{"taxonomy":"category","embeddable":true,"href":"https:\/\/jam-news.net\/az\/wp-json\/wp\/v2\/categories?post=12193"},{"taxonomy":"post_tag","embeddable":true,"href":"https:\/\/jam-news.net\/az\/wp-json\/wp\/v2\/tags?post=12193"},{"taxonomy":"formation","embeddable":true,"href":"https:\/\/jam-news.net\/az\/wp-json\/wp\/v2\/formation?post=12193"},{"taxonomy":"post-author","embeddable":true,"href":"https:\/\/jam-news.net\/az\/wp-json\/wp\/v2\/post-author?post=12193"},{"taxonomy":"topic","embeddable":true,"href":"https:\/\/jam-news.net\/az\/wp-json\/wp\/v2\/topic?post=12193"},{"taxonomy":"tooltip","embeddable":true,"href":"https:\/\/jam-news.net\/az\/wp-json\/wp\/v2\/tooltip?post=12193"},{"taxonomy":"city","embeddable":true,"href":"https:\/\/jam-news.net\/az\/wp-json\/wp\/v2\/city?post=12193"}],"curies":[{"name":"wp","href":"https:\/\/api.w.org\/{rel}","templated":true}]}}