{"id":11977,"date":"2019-10-04T00:00:00","date_gmt":"2019-10-04T00:00:00","guid":{"rendered":"http:\/\/jam-news.net\/az\/kapitulasiya-yoxsa-coxdan-gozl%c9%99nil%c9%99n-sulh-ukrayna-n%c9%99y%c9%99-razi-oldu\/"},"modified":"2022-01-20T19:08:51","modified_gmt":"2022-01-20T15:08:51","slug":"kapitulasiya-yoxsa-coxdan-gozl%c9%99nil%c9%99n-sulh-ukrayna-n%c9%99y%c9%99-razi-oldu","status":"publish","type":"post","link":"https:\/\/jam-news.net\/az\/kapitulasiya-yoxsa-coxdan-gozl%c9%99nil%c9%99n-sulh-ukrayna-n%c9%99y%c9%99-razi-oldu\/","title":{"rendered":"Kapitulyasiya, yoxsa \u00e7oxdan g\u00f6zl\u0259nil\u0259n s\u00fclh? Ukrayna n\u0259y\u0259 raz\u0131 oldu?"},"content":{"rendered":"<p><i><span style=\"font-weight: 400;\">Ukrayna m\u00fcnaqi\u015f\u0259nin nizamlanmas\u0131 \u00fczr\u0259 Minsk raz\u0131la\u015fmas\u0131n\u0131n yerin\u0259 yetirilm\u0259si \u00e7\u0259r\u00e7iv\u0259sind\u0259 \u201c\u015etaynmayer d\u00fcsturu\u201d il\u0259 raz\u0131la\u015f\u0131b. O c\u00fcml\u0259d\u0259n Kiyev \u00f6lk\u0259nin \u015f\u0259rqind\u0259 n\u0259zar\u0259ti alt\u0131nda olunmayan \u0259razil\u0259r\u0259, \u0259dal\u0259tli se\u00e7kil\u0259rin ke\u00e7iril\u0259c\u0259yi t\u0259qdird\u0259 bu \u0259raziy\u0259 x\u00fcsusi statusun tan\u0131nms\u0131na raz\u0131l\u0131q verib. Bu q\u0259rar Ukraynan\u0131n q\u0259rb t\u0259r\u0259fda\u015flar\u0131 t\u0259r\u0259find\u0259n b\u0259y\u0259nils\u0259 d\u0259, Ukrayna c\u0259miyy\u0259tind\u0259 birm\u0259nal\u0131 qar\u015f\u0131lanmay\u0131b.&nbsp;&nbsp;<\/span><\/i><\/p>\n<h3 style=\"text-align: center;\"><span style=\"color: #000080;\"><strong>Minsk raz\u0131la\u015fmas\u0131 n\u0259dir?&nbsp;<\/strong><\/span><\/h3>\n<p><span style=\"font-weight: 400;\">Ukraynan\u0131n \u015f\u0259rqind\u0259 h\u0259rbi m\u00fcnaqi\u015f\u0259ni nimzamlamas\u0131 \u00fczr\u0259 s\u0259n\u0259d 11-12 fevral 2015-ci il tarixind\u0259 Minskd\u0259 \u201cnormand d\u00f6rdl\u00fcy\u00fc\u201d adland\u0131r\u0131lan Almaniya, Fransa, Ukrayna v\u0259 Rusiya aras\u0131nda g\u0259rgin dan\u0131\u015f\u0131qlardan sonra q\u0259bul olunan s\u0259n\u0259ddir. S\u0259n\u0259d Ukrayna, Rusiya, AT\u018fT v\u0259 tan\u0131nmam\u0131\u015f \u201cxalq respublikalar\u0131\u201dn\u0131n n\u00fcmay\u0259nd\u0259l\u0259ri t\u0259r\u0259find\u0259n imzalan\u0131b.&nbsp;&nbsp;<\/span><\/p>\n<p><a href=\"https:\/\/jam-news.net\/ukraynalilar-hakimiyy%c9%99tl%c9%99-zarafat-etdil%c9%99r\/?lang=az-AZ\" target=\"_blank\" rel=\"noopener noreferrer\"><b> \u2022<span style=\"text-decoration: underline;\">Ukraynal\u0131lar hakimiyy\u0259ti \u0259l\u0259 sald\u0131lar. Aktyor-komik nec\u0259 prezident oldu&nbsp;<\/span><\/b><\/a><\/p>\n<p><a href=\"https:\/\/jam-news.net\/r%c9%99y-iki-v%c9%99t%c9%99n-rusiya-il%c9%99-ukrayna-arasinda-f%c9%99rq-n%c9%99d%c9%99dir\/?lang=az-AZ\" target=\"_blank\" rel=\"noopener noreferrer\"><b> \u2022<span style=\"text-decoration: underline;\">Rusiya il\u0259 Ukrayna aras\u0131ndak\u0131 f\u0259rq n\u0259d\u0259dir&nbsp;<\/span><\/b><\/a><\/p>\n<p><a href=\"https:\/\/jam-news.net\/mn17-nin-q%c9%99zaya-ugramasinda-v%c9%99-kiber-muharib%c9%99l%c9%99rd%c9%99-rusiyanin-%c9%99li\/?lang=az-AZ\" target=\"_blank\" rel=\"noopener noreferrer\"><b> \u2022<span style=\"text-decoration: underline;\">Rusiyan\u0131n MH17-nin m\u0259hvind\u0259 v\u0259 kiber m\u00fcharib\u0259l\u0259rd\u0259 \u0259li var&nbsp;<\/span><\/b><\/a><\/p>\n<p><span style=\"font-weight: 400;\">Raz\u0131la\u015fma o c\u00fcml\u0259d\u0259n a\u015fa\u011f\u0131dak\u0131lar\u0131 n\u0259z\u0259rd\u0259 tutur:&nbsp;<\/span><\/p>\n<p style=\"padding-left: 30px;\"><span style=\"font-weight: 400;\">\u2022&nbsp;At\u0259\u015fk\u0259sin elan olunmas\u0131, a\u011f\u0131r h\u0259rbi texnikan\u0131n&nbsp; t\u0259mas x\u0259ttind\u0259n \u00e7\u0259kilm\u0259si v\u0259 b\u00fct\u00fcn \u0259sir v\u0259 girovlar\u0131n m\u00fcbadil\u0259si&nbsp;<\/span><\/p>\n<p style=\"padding-left: 30px;\"><span style=\"font-weight: 400;\">\u2022&nbsp;Ukraynada Donetsk v\u0259 Luqansk vilay\u0259tl\u0259rinin ayr\u0131-ayr\u0131 rayonlar\u0131n\u0131n x\u00fcsusi statusu haqq\u0131nda qanunun q\u0259bul olunmas\u0131&nbsp;<\/span><\/p>\n<p style=\"padding-left: 30px;\"><span style=\"font-weight: 400;\">\u2022&nbsp;M\u00fcnaqi\u015f\u0259 i\u015ftirak\u00e7\u0131lar\u0131n\u0131n amnistiyas\u0131&nbsp;<\/span><\/p>\n<p style=\"padding-left: 30px;\"><span style=\"font-weight: 400;\">\u2022&nbsp;Ukrayna qanunvericiliyin\u0259 \u0259sas\u0259n v\u0259 AT\u018fT-in m\u00fc\u015fahid\u0259si il\u0259 yerli se\u00e7kil\u0259rin ke\u00e7irilm\u0259si&nbsp;<\/span><\/p>\n<p style=\"padding-left: 30px;\"><span style=\"font-weight: 400;\">\u2022&nbsp;B\u00fct\u00fcn xarici qo\u015funlar\u0131n v\u0259 muzdlular\u0131n \u00e7\u0131xar\u0131lmas\u0131, qanunsuz h\u0259rbi birl\u0259\u015fm\u0259l\u0259rin t\u0259rksilah olunmas\u0131&nbsp;<\/span><\/p>\n<p style=\"padding-left: 30px;\"><span style=\"font-weight: 400;\">\u2022&nbsp;Rusiya il\u0259 s\u0259rh\u0259din Ukrayna r\u0259smi qurumlar\u0131n\u0131n n\u0259zar\u0259ti alt\u0131na verilm\u0259si&nbsp;<\/span><\/p>\n<p style=\"padding-left: 30px;\"><span style=\"font-weight: 400;\">\u2022&nbsp;Yerli hakimiyy\u0259t orqanlar\u0131n\u0131n hakiml\u0259rin t\u0259yin olunmas\u0131nda i\u015ftirak\u0131, yerli \u201cxalq polisinin\u201d yarad\u0131lmas\u0131&nbsp;<\/span><\/p>\n<p><span style=\"font-weight: 400;\">&nbsp;Ukrayna konstitusiyas\u0131n\u0131n desentralizasiyas\u0131 m\u0259qs\u0259di il\u0259 ona d\u0259yi\u015fiklikl\u0259rin edilm\u0259si&nbsp;<\/span><\/p>\n<p><span style=\"font-weight: 400;\">Amma raz\u0131la\u015fma h\u0259l\u0259 d\u0259 yerin\u0259 yetirilm\u0259yib. Ukrayan\u0131n \u015f\u0259rqind\u0259 m\u00f6vqe d\u00f6y\u00fc\u015fl\u0259ri davam edir, h\u0259r iki t\u0259r\u0259fd\u0259n insanlar h\u0259lak olur. Beyn\u0259lxalq ictimaiyy\u0259t m\u0259suliyy\u0259ti Rusiyan\u0131n \u00fcz\u0259rin\u0259 qoyur. AB\u015e v\u0259 A\u0130 raz\u0131la\u015fman\u0131n \u015f\u0259rtl\u0259rin\u0259 \u0259m\u0259l etm\u0259diyin\u0259 g\u00f6r\u0259 Rusiyaya qar\u015f\u0131 sanksiyalar t\u0259tbiq edir.&nbsp;<\/span><\/p>\n<p><span style=\"font-weight: 400;\">Ukraynada 2014-c\u00fc ild\u0259n \u00f6lk\u0259nin \u015f\u0259rqind\u0259 h\u00f6kum\u0259t qo\u015funlar\u0131 il\u0259 Rusiyay\u00f6nl\u00fc birl\u0259\u015fm\u0259l\u0259r aras\u0131nda ged\u0259n h\u0259rbi \u0259m\u0259liyyatlar n\u0259tic\u0259sind\u0259 10 mind\u0259n \u00e7ox adam h\u0259lak olub.&nbsp;<\/span><\/p>\n<p><figure id=\"attachment_199337\" aria-describedby=\"caption-attachment-199337\" style=\"width: 1200px\" class=\"wp-caption alignnone\"><img loading=\"lazy\" decoding=\"async\" class=\"size-full wp-image-199337\" src=\"http:\/\/jam-news.net\/app\/uploads\/2019\/10\/RTX75ROS.jpg\" alt=\"\" width=\"1200\" height=\"771\"><figcaption id=\"caption-attachment-199337\" class=\"wp-caption-text\"><span style=\"color: #666699;\"><em><i>\u00ab\u015etaynmayer d\u00fcsturu\u00bbna qar\u015f\u0131 etiraz aksiyas\u0131, Kiyev, 2 oktyabr 2019-cu il &nbsp; REUTERS\/Valentyn Ogirenko&nbsp;<\/i><\/em><\/span><\/figcaption><\/figure><\/p>\n<h3 style=\"text-align: center;\"><span style=\"color: #000080;\"><b>Ukrayna n\u0259y\u0259 raz\u0131l\u0131q verdi?<\/b><\/span><\/h3>\n<p><span style=\"font-weight: 400;\">Oktyabr\u0131n birind\u0259 Minskd\u0259 Ukraynan\u0131n ke\u00e7mi\u015f prezidenti Leonid Ku\u00e7ma Kiyevin r\u0259smi t\u0259msil\u00e7isi kimi dan\u0131\u015f\u0131qlar\u0131n dig\u0259r i\u015ftirak\u00e7\u0131lar\u0131 il\u0259 birlikd\u0259 \u201c\u015etaynmayer d\u00fcsturu\u201dnun implementasiyas\u0131na raz\u0131l\u0131q imzalay\u0131b.&nbsp;<\/span><\/p>\n<p><span style=\"font-weight: 400;\">Frank Valter \u015etaynmayer Almaniyan\u0131n xarici i\u015fl\u0259r naziri olanda 2016-c\u0131 ild\u0259 Minsk raz\u0131la\u015fmalar\u0131n\u0131n yerin\u0259 yetirilm\u0259si \u00fczr\u0259 \u00f6z \u201cd\u00fcsturunu\u201d t\u0259qdim edib. D\u00fcstur o c\u00fcml\u0259d\u0259n, Donbass\u0131n x\u00fcsusi statusu bar\u0259d\u0259 m\u00fcv\u0259qq\u0259ti qanunun q\u0259bul edilm\u0259sini n\u0259z\u0259rd\u0259 tutur, qanun regionda yerli se\u00e7kil\u0259rin ke\u00e7irildiyi g\u00fcn q\u00fcvv\u0259y\u0259 minm\u0259lidir. AT\u018fT missiyas\u0131 se\u00e7kil\u0259ri \u0259dal\u0259tli hesab etdiyi halda qanun art\u0131q daimi \u0259saslarla q\u00fcvv\u0259y\u0259 min\u0259c\u0259k.&nbsp;<\/span><\/p>\n<p><span style=\"font-weight: 400;\">\u018fsas se\u00e7kiqaba\u011f\u0131 v\u0259di \u201cm\u00fcharib\u0259ni dayand\u0131rmaq\u201d olan Ukrayna prezidenti Vladimir Zelenski oktyabr\u0131n birind\u0259 x\u00fcsusi brifinq ke\u00e7irib. Zelenski bildirib ki, raz\u0131la\u015fman\u0131n \u015f\u0259rtl\u0259rin\u0259 \u0259sas\u0259n regionlar\u0131n x\u00fcsusi statusu bar\u0259d\u0259 yeni qanun i\u015fl\u0259nib haz\u0131rlanacaq, hans\u0131 ki, yaln\u0131z se\u00e7kil\u0259rin Ukrayna qanunvericiliyin\u0259 \u0259sas\u0259n ke\u00e7irildiyi halda q\u00fcvv\u0259y\u0259 min\u0259c\u0259k. \u201cBu is\u0259 o dem\u0259kdir ki, avtomat l\u00fcl\u0259yi alt\u0131nda he\u00e7 bir se\u00e7ki olmayacaq\u201d v\u0259 \u201cDonbass art\u0131q i\u015f\u011fal alt\u0131nda olmayacaq\u201d.&nbsp;<\/span><\/p>\n<h3 style=\"text-align: center;\"><strong><span style=\"color: #000080;\">Ukraynada v\u0259 Q\u0259rbd\u0259 reaksiya&nbsp;<\/span><\/strong><\/h3>\n<p><span style=\"font-weight: 400;\">Ukraynan\u0131n ke\u00e7mi\u015f prezidenti Petro Poro\u015fenko \u201c\u015etaynmayerin d\u00fcsturu\u201dnu \u201cRusiyan\u0131n i\u015fi\u201d adland\u0131r\u0131b.&nbsp;<\/span><\/p>\n<p style=\"padding-left: 30px;\"><i><span style=\"font-weight: 400;\">\u00abRusiya bu versiyan\u0131 q\u0259bul etdirm\u0259y\u0259 c\u0259hd edib, Ukrayna t\u0259r\u0259fi is\u0259 h\u0259mi\u015f\u0259 q\u0259ti etiraz\u0131n\u0131 bildirib, bizim alman, frans\u0131z v\u0259 amerikal\u0131 t\u0259r\u0259fda\u015flar\u0131m\u0131z da h\u0259mi\u015f\u0259 Ukrayna t\u0259r\u0259fini d\u0259st\u0259kl\u0259yibl\u0259r\u201d,<\/span><\/i><span style=\"font-weight: 400;\"> &#8211; Poro\u015fenko deyib.&nbsp;<\/span><\/p>\n<p><span style=\"font-weight: 400;\">O bildirib ki, \u201cd\u00fcstur\u201dun q\u0259bul edilm\u0259si z\u0259ifl\u0259m\u0259 v\u0259 h\u0259tta Rusiyadan sanksiyalar\u0131n g\u00f6t\u00fcr\u00fclm\u0259si dem\u0259kdir.&nbsp;&nbsp;<\/span><\/p>\n<p><span style=\"font-weight: 400;\">Rusiyay\u00f6nl\u00fc \u201cM\u00fcxalif platforma \u2013 H\u0259yat namin\u0259\u201d is\u0259 \u0259ksin\u0259 raz\u0131la\u015fman\u0131 alq\u0131\u015flay\u0131r. \u201cBunu be\u015f ild\u0259n \u00e7ox s\u00fcr\u0259n m\u00fcnaqi\u015f\u0259nin dinc siyasi yolla t\u0259nziml\u0259nm\u0259si \u00fc\u00e7\u00fcn m\u00fch\u00fcm siyasi irad\u0259nin n\u00fcmayi\u015fi hesab edirik\u201d, &#8211; partiyada bildiribl\u0259r.&nbsp;<\/span><\/p>\n<p><span style=\"font-weight: 400;\">Yuliya Timo\u015fenkonun \u201cBatkiv\u015fina\u201d partiyas\u0131nda \u201c\u015etaynmayer d\u00fcsturu\u201dnun imzalanmas\u0131n\u0131 millu t\u0259hl\u00fck\u0259sizlik, \u00f6lk\u0259nin \u0259razi b\u00fct\u00f6vl\u00fcy\u00fc v\u0259 suverenliyin\u0259 t\u0259hdid adland\u0131r\u0131blar.&nbsp;<\/span><\/p>\n<p><span style=\"font-weight: 400;\">Oktyabr\u0131n birind\u0259 ax\u015fam Nezalejnost Maydan\u0131nda Ukrayna t\u0259r\u0259find\u0259n \u201c\u015etaynmayer d\u00fcsturu\u201dnun d\u0259st\u0259kl\u0259nm\u0259sin\u0259 etiraz \u0259lam\u0259ti olaraq onlarla adam topla\u015f\u0131b. Etiraz\u00e7\u0131lar oktyabr\u0131n ikisi ax\u015fam da Maydana g\u0259lib.&nbsp;<\/span><\/p>\n<p><span style=\"font-weight: 400;\">Eyni zamanda Almaniyan\u0131n xarici i\u015fl\u0259r naziri Qayko Maas raz\u0131la\u015fman\u0131 alq\u0131\u015flay\u0131b.&nbsp;<\/span><\/p>\n<p style=\"padding-left: 30px;\"><i><span style=\"font-weight: 400;\">\u00ab\u015eadam ki, Minskd\u0259ki \u00fc\u00e7t\u0259r\u0259fli kontakt qrupundak\u0131 konstruktiv ab-hava o yer\u0259 g\u0259tirib \u00e7\u0131xar\u0131b ki, biz \u00e7oxdan g\u00f6zl\u0259diyimiz proqress\u0259 nail olmu\u015fuq. Bu, norman d\u00f6rdl\u00fcy\u00fc liderl\u0259rinin sammiti v\u0259 Minsk raz\u0131la\u015fmalar\u0131n\u0131n dig\u0259r m\u0259rh\u0259l\u0259l\u0259rinin realiz\u0259si \u00fc\u00e7\u00fcn qap\u0131 a\u00e7\u0131r\u00bb, &#8211; dey\u0259 almaniyal\u0131 nazir bildirib.&nbsp;<\/span><\/i><\/p>\n<p><span style=\"font-weight: 400;\">Politoloq Mixail Basarab \u00abQromadske\u00bbnin efirind\u0259 bildirib ki, \u015etaynmayer plan\u0131n\u0131 ona g\u00f6r\u0259 t\u0259nqid edirl\u0259r ki, o, siyasi nizamlanman\u0131 (se\u00e7kil\u0259rin ke\u00e7irilm\u0259si, x\u00fcsusi status) \u201c\u0259razi i\u015f\u011faldan azad olunana, Rusiya qo\u015funlar\u0131 oradan \u00e7\u0131xana v\u0259 Ukrayna s\u0259rh\u0259d \u00fcz\u0259rind\u0259 n\u0259zar\u0259ti b\u0259rpa ed\u0259n\u0259 q\u0259d\u0259r\u201d ba\u015flama\u011f\u0131 t\u0259klif edir. Eyni zamanda Basarab qeyd edir ki, \u201c\u015etaynmayer d\u00fcsturu\u201dnun \u00f6z\u00fc Minsk raz\u0131la\u015fmalar\u0131nda olmayan, Zelenskinin yerin\u0259 yetirm\u0259k \u00f6hd\u0259liyi g\u00f6t\u00fcrm\u0259diyi he\u00e7 n\u0259yi t\u0259klif etmir.&nbsp;&nbsp;<\/span><\/p>\n<p><figure id=\"attachment_199342\" aria-describedby=\"caption-attachment-199342\" style=\"width: 1200px\" class=\"wp-caption alignnone\"><img loading=\"lazy\" decoding=\"async\" class=\"size-full wp-image-199342\" src=\"http:\/\/jam-news.net\/app\/uploads\/2019\/10\/RTX6S3Y3.jpg\" alt=\"\" width=\"1200\" height=\"916\"><figcaption id=\"caption-attachment-199342\" class=\"wp-caption-text\"><span style=\"color: #666699;\"><em><i>Ukrayna h\u0259rb\u00e7il\u0259ri Donbassda, aprel 2019. REUTERS\/Gleb Garanich<\/i><\/em><\/span><\/figcaption><\/figure><\/p>\n<p><span style=\"font-weight: 400;\">Diplomat, Ukraynan\u0131n A\u0130-d\u0259 ke\u00e7mi\u015f s\u0259firi Andrey Veselovski hesab edir ki, Ukrayna t\u0259r\u0259find\u0259n \u201c\u015etaynmayer d\u00fcsturu\u201dnun raz\u0131la\u015fd\u0131r\u0131lmas\u0131 milli maraqlara x\u0259yan\u0259t dem\u0259k deyil.&nbsp;&nbsp;<\/span><\/p>\n<p style=\"padding-left: 30px;\"><i><span style=\"font-weight: 400;\">\u00abSe\u00e7kil\u0259r Ukrayna konstitusiyas\u0131 v\u0259 qanunvericiliyin\u0259 uy\u011fun h\u0259yata ke\u00e7irilir, h\u0259m d\u0259 bu se\u00e7kil\u0259r \u00fc\u00e7\u00fcn qanunvericilik h\u0259l\u0259 yaz\u0131lmay\u0131b, o q\u00fcvv\u0259d\u0259 olandan daha s\u0259rt v\u0259 d\u0259qqitl\u0259 yaz\u0131la bil\u0259r, onda m\u0259n dey\u0259rdim ki, bu \u201cx\u0259yan\u0259t\u201d deyil, \u201cq\u0259l\u0259b\u0259dir\u00bb, &#8211; dey\u0259 o qeyd edib.&nbsp;<\/span><\/i><\/p>\n<p><span style=\"font-weight: 400;\">Eyni zamanda qondarma \u201cxalq respublikalar\u0131\u201dn\u0131n liderl\u0259ri Denis Pu\u015filin v\u0259&nbsp; Leonid Pase\u00e7nikov bildiribl\u0259r ki, \u201c\u015etaynmayer d\u00fcsturu\u201dnun raz\u0131la\u015fd\u0131r\u0131lmas\u0131 \u201cDonbass xalq\u0131n\u0131n \u00f6z m\u00fcq\u0259dd\u0259rat\u0131n\u0131 \u00f6z\u00fcn\u00fcn h\u0259ll etm\u0259si\u201d dem\u0259kdir. Onlar\u0131n s\u00f6zl\u0259rin\u0259 g\u00f6r\u0259, \u201cKiyev hakimiyy\u0259ti s\u0259rh\u0259d \u00fcz\u0259rind\u0259 he\u00e7 bir n\u0259zar\u0259t almayacaq\u201d.&nbsp;<\/span><\/p>\n<h3 style=\"text-align: center;\"><span style=\"color: #000080;\"><strong>G\u0259l\u0259c\u0259k sammti n\u0259tic\u0259 kimi&nbsp;<\/strong><\/span><\/h3>\n<p><span style=\"font-weight: 400;\">Ukrayna v\u0259 onun n\u0259zar\u0259ti alt\u0131nda olmayan \u0259razil\u0259ri \u00fc\u00e7\u00fcn q\u0259bul edil\u0259n q\u0259rar\u0131n n\u0259tic\u0259si h\u0259l\u0259 ayd\u0131n olmasa da, Rusiya v\u0259 onun normand d\u00f6rdl\u00fcy\u00fc format\u0131 \u00fczr\u0259 Avropa t\u0259r\u0259fda\u015flar\u0131n\u0131n m\u00fc\u0259yy\u0259n siyasi n\u0259tic\u0259l\u0259rin\u0259 art\u0131q nail olunub.&nbsp;<\/span><\/p>\n<p><span style=\"font-weight: 400;\">O c\u00fcml\u0259d\u0259n, \u201c\u015etaynmayer d\u00fcsturu\u201dnun raz\u0131la\u015fd\u0131r\u0131lmas\u0131 d\u00f6rl\u00fcy\u00fcn \u2013 Almaniya, Fransa, Rusiya v\u0259 Ukrayna liderl\u0259rinin g\u00f6r\u00fc\u015f\u00fcn\u00fcn ke\u00e7irilm\u0259si \u00fc\u00e7\u00fcn Rusiyan\u0131n ir\u0259li s\u00fcrd\u00fcy\u00fc \u015f\u0259rt olub.&nbsp;<\/span><\/p>\n<p><span style=\"font-weight: 400;\">B\u0259zi Q\u0259rb ekspertl\u0259ri bildirirl\u0259r ki, Fransa v\u0259 Almaniya Minsk raz\u0131la\u015fmalar\u0131n\u0131n yerin\u0259 yetirilm\u0259sind\u0259 ir\u0259lil\u0259yi\u015f oldu\u011fu halda Rusiya il\u0259 sanksiyalar\u0131n l\u0259\u011fv edilm\u0259si m\u0259s\u0259l\u0259sini n\u0259z\u0259rd\u0259n ke\u00e7irm\u0259y\u0259 haz\u0131rd\u0131r.&nbsp;<\/span><\/p>\n<p><\/p>\n","protected":false},"excerpt":{"rendered":"<p>Kiyev \u201c\u015etaynmayer d\u00fcsturu\u201d il\u0259 raz\u0131la\u015f\u0131b. Ke\u00e7mi\u015f prezident Poro\u015fenko hesab edir ki, yeni hokum\u0259t Rusiyan\u0131n t\u0259zyiqin\u0259 t\u0259slim olub<\/p>\n","protected":false},"author":6,"featured_media":22551,"comment_status":"open","ping_status":"open","sticky":false,"template":"","format":"standard","meta":{"_acf_changed":false,"footnotes":""},"categories":[8,2,50,5,4],"tags":[21,312],"formation":[],"post-author":[],"topic":[6055,4955,5972],"tooltip":[],"city":[],"class_list":["post-11977","post","type-post","status-publish","format-standard","has-post-thumbnail","hentry","category-dunyada-bas-vernlr","category-cografiya","category-xbrlr","category-siyast","category-rusiya","tag-rusiya","tag-ukraine","topic-ukraynada-munaqis","topic-rusiya","topic-ukrayna"],"acf":[],"yoast_head":"<!-- This site is optimized with the Yoast SEO plugin v24.1 - https:\/\/yoast.com\/wordpress\/plugins\/seo\/ -->\n<title>Kapitulyasiya, yoxsa \u00e7oxdan g\u00f6zl\u0259nil\u0259n s\u00fclh? Ukrayna n\u0259y\u0259 raz\u0131 oldu? - JAMnews<\/title>\n<meta name=\"robots\" content=\"index, follow, max-snippet:-1, max-image-preview:large, max-video-preview:-1\" \/>\n<link rel=\"canonical\" href=\"https:\/\/jam-news.net\/az\/kapitulasiya-yoxsa-coxdan-gozl\u0259nil\u0259n-sulh-ukrayna-n\u0259y\u0259-razi-oldu\/\" \/>\n<meta property=\"og:locale\" content=\"az_AZ\" \/>\n<meta property=\"og:type\" content=\"article\" \/>\n<meta property=\"og:title\" content=\"Kapitulyasiya, yoxsa \u00e7oxdan g\u00f6zl\u0259nil\u0259n s\u00fclh? Ukrayna n\u0259y\u0259 raz\u0131 oldu? - JAMnews\" \/>\n<meta property=\"og:description\" content=\"Kiyev \u201c\u015etaynmayer d\u00fcsturu\u201d il\u0259 raz\u0131la\u015f\u0131b. Ke\u00e7mi\u015f prezident Poro\u015fenko hesab edir ki, yeni hokum\u0259t Rusiyan\u0131n t\u0259zyiqin\u0259 t\u0259slim olub\" \/>\n<meta property=\"og:url\" content=\"https:\/\/jam-news.net\/az\/kapitulasiya-yoxsa-coxdan-gozl\u0259nil\u0259n-sulh-ukrayna-n\u0259y\u0259-razi-oldu\/\" \/>\n<meta property=\"og:site_name\" content=\"Azerbaijani Jamnews\" \/>\n<meta property=\"article:publisher\" content=\"https:\/\/www.facebook.com\/JAMnewsInEnglish\/\" \/>\n<meta property=\"article:published_time\" content=\"2019-10-04T00:00:00+00:00\" \/>\n<meta property=\"article:modified_time\" content=\"2022-01-20T15:08:51+00:00\" \/>\n<meta property=\"og:image\" content=\"https:\/\/jam-news.net\/app\/uploads\/2020\/03\/RTX75ROS-3.jpg\" \/>\n\t<meta property=\"og:image:width\" content=\"1200\" \/>\n\t<meta property=\"og:image:height\" content=\"771\" \/>\n\t<meta property=\"og:image:type\" content=\"image\/jpeg\" \/>\n<meta name=\"author\" content=\"Tatia nikoladze\" \/>\n<meta name=\"twitter:card\" content=\"summary_large_image\" \/>\n<meta name=\"twitter:creator\" content=\"@JAMnewsCaucasus\" \/>\n<meta name=\"twitter:site\" content=\"@JAMnewsCaucasus\" \/>\n<meta name=\"twitter:label1\" content=\"Written by\" \/>\n\t<meta name=\"twitter:data1\" content=\"Tatia nikoladze\" \/>\n\t<meta name=\"twitter:label2\" content=\"Est. reading time\" \/>\n\t<meta name=\"twitter:data2\" content=\"8 minutes\" \/>\n<script type=\"application\/ld+json\" class=\"yoast-schema-graph\">{\"@context\":\"https:\/\/schema.org\",\"@graph\":[{\"@type\":\"Article\",\"@id\":\"https:\/\/jam-news.net\/az\/kapitulasiya-yoxsa-coxdan-gozl%c9%99nil%c9%99n-sulh-ukrayna-n%c9%99y%c9%99-razi-oldu\/#article\",\"isPartOf\":{\"@id\":\"https:\/\/jam-news.net\/az\/kapitulasiya-yoxsa-coxdan-gozl%c9%99nil%c9%99n-sulh-ukrayna-n%c9%99y%c9%99-razi-oldu\/\"},\"author\":{\"name\":\"Tatia nikoladze\",\"@id\":\"https:\/\/jam-news.net\/az\/#\/schema\/person\/86c90ea4dd4c6e61e60ae51d24bc662c\"},\"headline\":\"Kapitulyasiya, yoxsa \u00e7oxdan g\u00f6zl\u0259nil\u0259n s\u00fclh? Ukrayna n\u0259y\u0259 raz\u0131 oldu?\",\"datePublished\":\"2019-10-04T00:00:00+00:00\",\"dateModified\":\"2022-01-20T15:08:51+00:00\",\"mainEntityOfPage\":{\"@id\":\"https:\/\/jam-news.net\/az\/kapitulasiya-yoxsa-coxdan-gozl%c9%99nil%c9%99n-sulh-ukrayna-n%c9%99y%c9%99-razi-oldu\/\"},\"wordCount\":1546,\"commentCount\":0,\"publisher\":{\"@id\":\"https:\/\/jam-news.net\/az\/#organization\"},\"image\":{\"@id\":\"https:\/\/jam-news.net\/az\/kapitulasiya-yoxsa-coxdan-gozl%c9%99nil%c9%99n-sulh-ukrayna-n%c9%99y%c9%99-razi-oldu\/#primaryimage\"},\"thumbnailUrl\":\"https:\/\/jam-news.net\/app\/uploads\/2020\/03\/RTX75ROS-3.jpg\",\"keywords\":[\"Rusiya\",\"Ukraine\"],\"articleSection\":[\"From far and near\",\"Geography\",\"News\",\"Politics\",\"Russia\"],\"inLanguage\":\"az\"},{\"@type\":\"WebPage\",\"@id\":\"https:\/\/jam-news.net\/az\/kapitulasiya-yoxsa-coxdan-gozl%c9%99nil%c9%99n-sulh-ukrayna-n%c9%99y%c9%99-razi-oldu\/\",\"url\":\"https:\/\/jam-news.net\/az\/kapitulasiya-yoxsa-coxdan-gozl%c9%99nil%c9%99n-sulh-ukrayna-n%c9%99y%c9%99-razi-oldu\/\",\"name\":\"Kapitulyasiya, yoxsa \u00e7oxdan g\u00f6zl\u0259nil\u0259n s\u00fclh? Ukrayna n\u0259y\u0259 raz\u0131 oldu? - JAMnews\",\"isPartOf\":{\"@id\":\"https:\/\/jam-news.net\/az\/#website\"},\"primaryImageOfPage\":{\"@id\":\"https:\/\/jam-news.net\/az\/kapitulasiya-yoxsa-coxdan-gozl%c9%99nil%c9%99n-sulh-ukrayna-n%c9%99y%c9%99-razi-oldu\/#primaryimage\"},\"image\":{\"@id\":\"https:\/\/jam-news.net\/az\/kapitulasiya-yoxsa-coxdan-gozl%c9%99nil%c9%99n-sulh-ukrayna-n%c9%99y%c9%99-razi-oldu\/#primaryimage\"},\"thumbnailUrl\":\"https:\/\/jam-news.net\/app\/uploads\/2020\/03\/RTX75ROS-3.jpg\",\"datePublished\":\"2019-10-04T00:00:00+00:00\",\"dateModified\":\"2022-01-20T15:08:51+00:00\",\"breadcrumb\":{\"@id\":\"https:\/\/jam-news.net\/az\/kapitulasiya-yoxsa-coxdan-gozl%c9%99nil%c9%99n-sulh-ukrayna-n%c9%99y%c9%99-razi-oldu\/#breadcrumb\"},\"inLanguage\":\"az\",\"potentialAction\":[{\"@type\":\"ReadAction\",\"target\":[\"https:\/\/jam-news.net\/az\/kapitulasiya-yoxsa-coxdan-gozl%c9%99nil%c9%99n-sulh-ukrayna-n%c9%99y%c9%99-razi-oldu\/\"]}]},{\"@type\":\"ImageObject\",\"inLanguage\":\"az\",\"@id\":\"https:\/\/jam-news.net\/az\/kapitulasiya-yoxsa-coxdan-gozl%c9%99nil%c9%99n-sulh-ukrayna-n%c9%99y%c9%99-razi-oldu\/#primaryimage\",\"url\":\"https:\/\/jam-news.net\/app\/uploads\/2020\/03\/RTX75ROS-3.jpg\",\"contentUrl\":\"https:\/\/jam-news.net\/app\/uploads\/2020\/03\/RTX75ROS-3.jpg\",\"width\":1200,\"height\":771,\"caption\":\"\u00ab\u015etaynmayer d\u00fcsturu\u00bbna qar\u015f\u0131 etiraz aksiyas\u0131 People attend a rally against approval of so-called Steinmeier Formula, in Kiev, Ukraine October 2, 2019. REUTERS\/Valentyn Ogirenko - RC1DFD655900\"},{\"@type\":\"BreadcrumbList\",\"@id\":\"https:\/\/jam-news.net\/az\/kapitulasiya-yoxsa-coxdan-gozl%c9%99nil%c9%99n-sulh-ukrayna-n%c9%99y%c9%99-razi-oldu\/#breadcrumb\",\"itemListElement\":[{\"@type\":\"ListItem\",\"position\":1,\"name\":\"Home\",\"item\":\"https:\/\/jam-news.net\/az\/\"},{\"@type\":\"ListItem\",\"position\":2,\"name\":\"Kapitulyasiya, yoxsa \u00e7oxdan g\u00f6zl\u0259nil\u0259n s\u00fclh? Ukrayna n\u0259y\u0259 raz\u0131 oldu?\"}]},{\"@type\":\"WebSite\",\"@id\":\"https:\/\/jam-news.net\/az\/#website\",\"url\":\"https:\/\/jam-news.net\/az\/\",\"name\":\"Azerbaijani Jamnews\",\"description\":\"Caucasus News, Politics and Society\",\"publisher\":{\"@id\":\"https:\/\/jam-news.net\/az\/#organization\"},\"potentialAction\":[{\"@type\":\"SearchAction\",\"target\":{\"@type\":\"EntryPoint\",\"urlTemplate\":\"https:\/\/jam-news.net\/az\/?s={search_term_string}\"},\"query-input\":{\"@type\":\"PropertyValueSpecification\",\"valueRequired\":true,\"valueName\":\"search_term_string\"}}],\"inLanguage\":\"az\"},{\"@type\":\"Organization\",\"@id\":\"https:\/\/jam-news.net\/az\/#organization\",\"name\":\"JAMnews\",\"url\":\"https:\/\/jam-news.net\/az\/\",\"logo\":{\"@type\":\"ImageObject\",\"inLanguage\":\"az\",\"@id\":\"https:\/\/jam-news.net\/az\/#\/schema\/logo\/image\/\",\"url\":\"https:\/\/jam-news.net\/app\/uploads\/2020\/05\/JAM_w.jpg\",\"contentUrl\":\"https:\/\/jam-news.net\/app\/uploads\/2020\/05\/JAM_w.jpg\",\"width\":960,\"height\":960,\"caption\":\"JAMnews\"},\"image\":{\"@id\":\"https:\/\/jam-news.net\/az\/#\/schema\/logo\/image\/\"},\"sameAs\":[\"https:\/\/www.facebook.com\/JAMnewsInEnglish\/\",\"https:\/\/x.com\/JAMnewsCaucasus\",\"https:\/\/www.instagram.com\/jam_news\/\",\"https:\/\/www.youtube.com\/channel\/UCXQbUCme2pykuZYXWHx4VPg\"]},{\"@type\":\"Person\",\"@id\":\"https:\/\/jam-news.net\/az\/#\/schema\/person\/86c90ea4dd4c6e61e60ae51d24bc662c\",\"name\":\"Tatia nikoladze\",\"image\":{\"@type\":\"ImageObject\",\"inLanguage\":\"az\",\"@id\":\"https:\/\/jam-news.net\/az\/#\/schema\/person\/image\/\",\"url\":\"https:\/\/secure.gravatar.com\/avatar\/1f8b2c8ce4c25cc30806785bafe6bb03?s=96&d=mm&r=g\",\"contentUrl\":\"https:\/\/secure.gravatar.com\/avatar\/1f8b2c8ce4c25cc30806785bafe6bb03?s=96&d=mm&r=g\",\"caption\":\"Tatia nikoladze\"},\"url\":\"https:\/\/jam-news.net\/az\/author\/tatiani\/\"}]}<\/script>\n<!-- \/ Yoast SEO plugin. -->","yoast_head_json":{"title":"Kapitulyasiya, yoxsa \u00e7oxdan g\u00f6zl\u0259nil\u0259n s\u00fclh? Ukrayna n\u0259y\u0259 raz\u0131 oldu? - JAMnews","robots":{"index":"index","follow":"follow","max-snippet":"max-snippet:-1","max-image-preview":"max-image-preview:large","max-video-preview":"max-video-preview:-1"},"canonical":"https:\/\/jam-news.net\/az\/kapitulasiya-yoxsa-coxdan-gozl\u0259nil\u0259n-sulh-ukrayna-n\u0259y\u0259-razi-oldu\/","og_locale":"az_AZ","og_type":"article","og_title":"Kapitulyasiya, yoxsa \u00e7oxdan g\u00f6zl\u0259nil\u0259n s\u00fclh? Ukrayna n\u0259y\u0259 raz\u0131 oldu? - JAMnews","og_description":"Kiyev \u201c\u015etaynmayer d\u00fcsturu\u201d il\u0259 raz\u0131la\u015f\u0131b. Ke\u00e7mi\u015f prezident Poro\u015fenko hesab edir ki, yeni hokum\u0259t Rusiyan\u0131n t\u0259zyiqin\u0259 t\u0259slim olub","og_url":"https:\/\/jam-news.net\/az\/kapitulasiya-yoxsa-coxdan-gozl\u0259nil\u0259n-sulh-ukrayna-n\u0259y\u0259-razi-oldu\/","og_site_name":"Azerbaijani Jamnews","article_publisher":"https:\/\/www.facebook.com\/JAMnewsInEnglish\/","article_published_time":"2019-10-04T00:00:00+00:00","article_modified_time":"2022-01-20T15:08:51+00:00","og_image":[{"width":1200,"height":771,"url":"https:\/\/jam-news.net\/app\/uploads\/2020\/03\/RTX75ROS-3.jpg","type":"image\/jpeg"}],"author":"Tatia nikoladze","twitter_card":"summary_large_image","twitter_creator":"@JAMnewsCaucasus","twitter_site":"@JAMnewsCaucasus","twitter_misc":{"Written by":"Tatia nikoladze","Est. reading time":"8 minutes"},"schema":{"@context":"https:\/\/schema.org","@graph":[{"@type":"Article","@id":"https:\/\/jam-news.net\/az\/kapitulasiya-yoxsa-coxdan-gozl%c9%99nil%c9%99n-sulh-ukrayna-n%c9%99y%c9%99-razi-oldu\/#article","isPartOf":{"@id":"https:\/\/jam-news.net\/az\/kapitulasiya-yoxsa-coxdan-gozl%c9%99nil%c9%99n-sulh-ukrayna-n%c9%99y%c9%99-razi-oldu\/"},"author":{"name":"Tatia nikoladze","@id":"https:\/\/jam-news.net\/az\/#\/schema\/person\/86c90ea4dd4c6e61e60ae51d24bc662c"},"headline":"Kapitulyasiya, yoxsa \u00e7oxdan g\u00f6zl\u0259nil\u0259n s\u00fclh? Ukrayna n\u0259y\u0259 raz\u0131 oldu?","datePublished":"2019-10-04T00:00:00+00:00","dateModified":"2022-01-20T15:08:51+00:00","mainEntityOfPage":{"@id":"https:\/\/jam-news.net\/az\/kapitulasiya-yoxsa-coxdan-gozl%c9%99nil%c9%99n-sulh-ukrayna-n%c9%99y%c9%99-razi-oldu\/"},"wordCount":1546,"commentCount":0,"publisher":{"@id":"https:\/\/jam-news.net\/az\/#organization"},"image":{"@id":"https:\/\/jam-news.net\/az\/kapitulasiya-yoxsa-coxdan-gozl%c9%99nil%c9%99n-sulh-ukrayna-n%c9%99y%c9%99-razi-oldu\/#primaryimage"},"thumbnailUrl":"https:\/\/jam-news.net\/app\/uploads\/2020\/03\/RTX75ROS-3.jpg","keywords":["Rusiya","Ukraine"],"articleSection":["From far and near","Geography","News","Politics","Russia"],"inLanguage":"az"},{"@type":"WebPage","@id":"https:\/\/jam-news.net\/az\/kapitulasiya-yoxsa-coxdan-gozl%c9%99nil%c9%99n-sulh-ukrayna-n%c9%99y%c9%99-razi-oldu\/","url":"https:\/\/jam-news.net\/az\/kapitulasiya-yoxsa-coxdan-gozl%c9%99nil%c9%99n-sulh-ukrayna-n%c9%99y%c9%99-razi-oldu\/","name":"Kapitulyasiya, yoxsa \u00e7oxdan g\u00f6zl\u0259nil\u0259n s\u00fclh? Ukrayna n\u0259y\u0259 raz\u0131 oldu? - JAMnews","isPartOf":{"@id":"https:\/\/jam-news.net\/az\/#website"},"primaryImageOfPage":{"@id":"https:\/\/jam-news.net\/az\/kapitulasiya-yoxsa-coxdan-gozl%c9%99nil%c9%99n-sulh-ukrayna-n%c9%99y%c9%99-razi-oldu\/#primaryimage"},"image":{"@id":"https:\/\/jam-news.net\/az\/kapitulasiya-yoxsa-coxdan-gozl%c9%99nil%c9%99n-sulh-ukrayna-n%c9%99y%c9%99-razi-oldu\/#primaryimage"},"thumbnailUrl":"https:\/\/jam-news.net\/app\/uploads\/2020\/03\/RTX75ROS-3.jpg","datePublished":"2019-10-04T00:00:00+00:00","dateModified":"2022-01-20T15:08:51+00:00","breadcrumb":{"@id":"https:\/\/jam-news.net\/az\/kapitulasiya-yoxsa-coxdan-gozl%c9%99nil%c9%99n-sulh-ukrayna-n%c9%99y%c9%99-razi-oldu\/#breadcrumb"},"inLanguage":"az","potentialAction":[{"@type":"ReadAction","target":["https:\/\/jam-news.net\/az\/kapitulasiya-yoxsa-coxdan-gozl%c9%99nil%c9%99n-sulh-ukrayna-n%c9%99y%c9%99-razi-oldu\/"]}]},{"@type":"ImageObject","inLanguage":"az","@id":"https:\/\/jam-news.net\/az\/kapitulasiya-yoxsa-coxdan-gozl%c9%99nil%c9%99n-sulh-ukrayna-n%c9%99y%c9%99-razi-oldu\/#primaryimage","url":"https:\/\/jam-news.net\/app\/uploads\/2020\/03\/RTX75ROS-3.jpg","contentUrl":"https:\/\/jam-news.net\/app\/uploads\/2020\/03\/RTX75ROS-3.jpg","width":1200,"height":771,"caption":"\u00ab\u015etaynmayer d\u00fcsturu\u00bbna qar\u015f\u0131 etiraz aksiyas\u0131 People attend a rally against approval of so-called Steinmeier Formula, in Kiev, Ukraine October 2, 2019. REUTERS\/Valentyn Ogirenko - RC1DFD655900"},{"@type":"BreadcrumbList","@id":"https:\/\/jam-news.net\/az\/kapitulasiya-yoxsa-coxdan-gozl%c9%99nil%c9%99n-sulh-ukrayna-n%c9%99y%c9%99-razi-oldu\/#breadcrumb","itemListElement":[{"@type":"ListItem","position":1,"name":"Home","item":"https:\/\/jam-news.net\/az\/"},{"@type":"ListItem","position":2,"name":"Kapitulyasiya, yoxsa \u00e7oxdan g\u00f6zl\u0259nil\u0259n s\u00fclh? Ukrayna n\u0259y\u0259 raz\u0131 oldu?"}]},{"@type":"WebSite","@id":"https:\/\/jam-news.net\/az\/#website","url":"https:\/\/jam-news.net\/az\/","name":"Azerbaijani Jamnews","description":"Caucasus News, Politics and Society","publisher":{"@id":"https:\/\/jam-news.net\/az\/#organization"},"potentialAction":[{"@type":"SearchAction","target":{"@type":"EntryPoint","urlTemplate":"https:\/\/jam-news.net\/az\/?s={search_term_string}"},"query-input":{"@type":"PropertyValueSpecification","valueRequired":true,"valueName":"search_term_string"}}],"inLanguage":"az"},{"@type":"Organization","@id":"https:\/\/jam-news.net\/az\/#organization","name":"JAMnews","url":"https:\/\/jam-news.net\/az\/","logo":{"@type":"ImageObject","inLanguage":"az","@id":"https:\/\/jam-news.net\/az\/#\/schema\/logo\/image\/","url":"https:\/\/jam-news.net\/app\/uploads\/2020\/05\/JAM_w.jpg","contentUrl":"https:\/\/jam-news.net\/app\/uploads\/2020\/05\/JAM_w.jpg","width":960,"height":960,"caption":"JAMnews"},"image":{"@id":"https:\/\/jam-news.net\/az\/#\/schema\/logo\/image\/"},"sameAs":["https:\/\/www.facebook.com\/JAMnewsInEnglish\/","https:\/\/x.com\/JAMnewsCaucasus","https:\/\/www.instagram.com\/jam_news\/","https:\/\/www.youtube.com\/channel\/UCXQbUCme2pykuZYXWHx4VPg"]},{"@type":"Person","@id":"https:\/\/jam-news.net\/az\/#\/schema\/person\/86c90ea4dd4c6e61e60ae51d24bc662c","name":"Tatia nikoladze","image":{"@type":"ImageObject","inLanguage":"az","@id":"https:\/\/jam-news.net\/az\/#\/schema\/person\/image\/","url":"https:\/\/secure.gravatar.com\/avatar\/1f8b2c8ce4c25cc30806785bafe6bb03?s=96&d=mm&r=g","contentUrl":"https:\/\/secure.gravatar.com\/avatar\/1f8b2c8ce4c25cc30806785bafe6bb03?s=96&d=mm&r=g","caption":"Tatia nikoladze"},"url":"https:\/\/jam-news.net\/az\/author\/tatiani\/"}]}},"_links":{"self":[{"href":"https:\/\/jam-news.net\/az\/wp-json\/wp\/v2\/posts\/11977","targetHints":{"allow":["GET"]}}],"collection":[{"href":"https:\/\/jam-news.net\/az\/wp-json\/wp\/v2\/posts"}],"about":[{"href":"https:\/\/jam-news.net\/az\/wp-json\/wp\/v2\/types\/post"}],"author":[{"embeddable":true,"href":"https:\/\/jam-news.net\/az\/wp-json\/wp\/v2\/users\/6"}],"replies":[{"embeddable":true,"href":"https:\/\/jam-news.net\/az\/wp-json\/wp\/v2\/comments?post=11977"}],"version-history":[{"count":3,"href":"https:\/\/jam-news.net\/az\/wp-json\/wp\/v2\/posts\/11977\/revisions"}],"predecessor-version":[{"id":51969,"href":"https:\/\/jam-news.net\/az\/wp-json\/wp\/v2\/posts\/11977\/revisions\/51969"}],"wp:featuredmedia":[{"embeddable":true,"href":"https:\/\/jam-news.net\/az\/wp-json\/wp\/v2\/media\/22551"}],"wp:attachment":[{"href":"https:\/\/jam-news.net\/az\/wp-json\/wp\/v2\/media?parent=11977"}],"wp:term":[{"taxonomy":"category","embeddable":true,"href":"https:\/\/jam-news.net\/az\/wp-json\/wp\/v2\/categories?post=11977"},{"taxonomy":"post_tag","embeddable":true,"href":"https:\/\/jam-news.net\/az\/wp-json\/wp\/v2\/tags?post=11977"},{"taxonomy":"formation","embeddable":true,"href":"https:\/\/jam-news.net\/az\/wp-json\/wp\/v2\/formation?post=11977"},{"taxonomy":"post-author","embeddable":true,"href":"https:\/\/jam-news.net\/az\/wp-json\/wp\/v2\/post-author?post=11977"},{"taxonomy":"topic","embeddable":true,"href":"https:\/\/jam-news.net\/az\/wp-json\/wp\/v2\/topic?post=11977"},{"taxonomy":"tooltip","embeddable":true,"href":"https:\/\/jam-news.net\/az\/wp-json\/wp\/v2\/tooltip?post=11977"},{"taxonomy":"city","embeddable":true,"href":"https:\/\/jam-news.net\/az\/wp-json\/wp\/v2\/city?post=11977"}],"curies":[{"name":"wp","href":"https:\/\/api.w.org\/{rel}","templated":true}]}}