{"id":11930,"date":"2019-09-28T00:00:00","date_gmt":"2019-09-28T00:00:00","guid":{"rendered":"http:\/\/jam-news.net\/az\/rusiya-abxaziya-ordusunu-yenid%c9%99n-t%c9%99chiz-ed%c9%99c%c9%99k-butun-t%c9%99f%c9%99rruatlar-v%c9%99-kontekst\/"},"modified":"2022-01-18T00:47:05","modified_gmt":"2022-01-17T20:47:05","slug":"rusiya-abxaziya-ordusunu-yenid%c9%99n-t%c9%99chiz-ed%c9%99c%c9%99k-butun-t%c9%99f%c9%99rruatlar-v%c9%99-kontekst","status":"publish","type":"post","link":"https:\/\/jam-news.net\/az\/rusiya-abxaziya-ordusunu-yenid%c9%99n-t%c9%99chiz-ed%c9%99c%c9%99k-butun-t%c9%99f%c9%99rruatlar-v%c9%99-kontekst\/","title":{"rendered":"Rusiya Abxaziya ordusunu yenid\u0259n t\u0259chiz ed\u0259c\u0259k. B\u00fct\u00fcn t\u0259f\u0259rr\u00fcatlar v\u0259 kontekst"},"content":{"rendered":"<p><span style=\"font-weight: 400;\">Prezident Putin Abxaziya Silahl\u0131 Q\u00fcvv\u0259l\u0259rinin yenid\u0259n t\u0259chiz olunmas\u0131 haqda\u00a0<\/span><a href=\"http:\/\/publication.pravo.gov.ru\/Document\/View\/0001201909230001\" target=\"_blank\" rel=\"noopener noreferrer\"><b><i>g\u00f6st\u0259ri\u015f verib<\/i><\/b><\/a><span style=\"font-weight: 400;\">. Amma bunun \u00fc\u00e7\u00fcn n\u0259 q\u0259d\u0259r m\u0259bl\u0259\u011fin ayr\u0131laca\u011f\u0131 v\u0259 layih\u0259nin konkret n\u0259yi n\u0259z\u0259rd\u0259 tutdu\u011fu m\u0259lum deyil.<\/span><\/p>\n<p><span style=\"font-weight: 400;\">Abxaziyada bildirirl\u0259r ki, bu q\u0259rar G\u00fcrc\u00fcstan\u0131n NATO-ya daxil olmas\u0131 \u015f\u0259rtl\u0259rinin f\u0259al \u015f\u0259kild\u0259 m\u00fczakir\u0259 edilm\u0259si, o c\u00fcml\u0259d\u0259n d\u0259 G\u00fcrc\u00fcstan-Osetiya m\u00fcnaqi\u015f\u0259 zonas\u0131nda v\u0259ziyy\u0259tin g\u0259rginl\u0259\u015fm\u0259si il\u0259 birba\u015fa \u0259laq\u0259si yoxdur.<\/span><\/p>\n<p><a href=\"https:\/\/jam-news.net\/rasmussen-gurcustana-nato-ya-uzvluyun-almaniya-modelini-t%c9%99klif-edib\/?lang=az-AZ\" target=\"_blank\" rel=\"noopener noreferrer\"><b><\/b><b>\u2022<span style=\"text-decoration: underline;\">Almaniya modeli: G\u00fcrc\u00fcstsn nec\u0259 s\u00fcr\u0259tl\u0259 NATO-ya daxil ola bil\u0259r?<\/span><\/b><\/a><\/p>\n<p><a href=\"https:\/\/jam-news.net\/sxinvvali-tbilisiy%c9%99-polis-postuna-gor%c9%99-ultimatum-verib\/?lang=az-AZ\" target=\"_blank\" rel=\"noopener noreferrer\"><b><\/b><b>\u2022<span style=\"text-decoration: underline;\">G\u00fcrc\u00fcstan-Osetiya m\u00fcnaqi\u015f\u0259 zonas\u0131nda g\u0259rginl\u0259\u015fm\u0259: n\u0259 ba\u015f verir v\u0259 n\u0259 n\u0259 g\u00f6zl\u0259m\u0259k laz\u0131md\u0131r?<\/span><\/b><\/a><\/p>\n<p><span style=\"font-weight: 400;\">Abxaziyada deyirl\u0259r ki, modernl\u0259\u015fdirm\u0259 haqda q\u0259rar 2014-c\u00fc ild\u0259 \u201cRusiya Federasiyas\u0131 v\u0259 Abxaziya Respublikas\u0131 aras\u0131nda m\u00fctt\u0259fiqlik v\u0259 strateji t\u0259r\u0259fda\u015fl\u0131q haqda Sazi\u015f\u201dd\u0259n do\u011fub. Bu s\u0259n\u0259din b\u0259ndl\u0259rind\u0259 biri Moskvan\u0131n Abxaziya Silahl\u0131 Q\u00fcvv\u0259l\u0259rini modernl\u0259\u015fdirm\u0259k \u00f6hd\u0259liyini n\u0259z\u0259rd\u0259 tutur.<\/span><\/p>\n<p>\n    <div class=\"bd_notification notification_warning\">\n      <i><\/i><\/p>\n<p><span style=\"font-weight: 400; color: #000000;\">G\u00fcrc\u00fcstan Abxaziyan\u0131 \u00f6z t\u0259rkib hiss\u0259si hesab edir. Q\u0259rb \u00f6lk\u0259l\u0259ri v\u0259 beyn\u0259lxaq ictimaiyy\u0259tin \u0259ks\u0259rriy\u0259ti onu bunda d\u0259st\u0259kl\u0259yir. Abxaziyan\u0131n \u00f6z\u00fc is\u0259 1994-c\u00fc ild\u0259n, g\u00fcrc\u00fc-abxaz m\u00fcnaqi\u015f\u0259sinin h\u0259rbi fazas\u0131 bit\u0259nd\u0259n sonra \u00f6z\u00fcn\u00fc m\u00fcst\u0259qil say\u0131r. Rusiya 2008-ci ild\u0259 Abxaziyan\u0131n m\u00fcst\u0259qilliyini tan\u0131y\u0131b.<\/span><\/p>\n<p>&nbsp;<\/p>\n<p><span style=\"font-weight: 400; color: #000000;\">G\u00fcrc\u00fcstan Moskvan\u0131 Abxaziyan\u0131n i\u015f\u011fal\u0131nda ittiham edir, Rusiya bu ittiham\u0131 r\u0259dd edir.<\/span><\/p>\n<p>\n    <\/div>\n    <\/p>\n<p><span style=\"font-weight: 400;\">\u018fhalisinin r\u0259smi say\u0131 242 min n\u0259f\u0259r olan Abxaziya ordusunun \u015f\u0259xsi hey\u0259ti 2100-2200 n\u0259f\u0259rd\u0259n ibar\u0259tdir.<\/span><\/p>\n<p><span style=\"font-weight: 400;\">\u0130ndiy\u0259 q\u0259d\u0259r Abxaziya Silahl\u0131 Q\u00fcvv\u0259l\u0259rinin s\u0259r\u0259ncam\u0131nda 1992-1993-c\u00fc ill\u0259rd\u0259 g\u00fcrc\u00fc-abxaz m\u00fcharib\u0259si zaman\u0131 istifad\u0259 olunan k\u00f6hn\u0259 sovet h\u0259rbi texnikas\u0131 qalmaqdad\u0131r.<\/span><\/p>\n<p><span style=\"font-weight: 400;\">Bu texnika m\u0259n\u0259vi v\u0259 fiziki c\u0259h\u0259td\u0259n k\u00f6hn\u0259lib, amma Abxaziyan\u0131n silahl\u0131 q\u00fcvv\u0259l\u0259ri \u00f6z imkanlar\u0131 hesab\u0131na yenid\u0259n t\u0259chiz etm\u0259si imkan\u0131 h\u0259tta uzaq perspektivd\u0259 d\u0259 m\u00fcmk\u00fcn g\u00f6r\u00fcnm\u00fcrd\u00fc.<\/span><\/p>\n<p><a href=\"https:\/\/jam-news.net\/moskva-abxaziyaya-n%c9%99h%c9%99ng-d%c9%99miryolu-kreditini-qaytarmaq-ucun-10-il-mohl%c9%99t-ver%c9%99c%c9%99k\/?lang=az-AZ\" target=\"_blank\" rel=\"noopener noreferrer\"><b><\/b><b>\u2022<span style=\"text-decoration: underline;\">Rusiyan\u0131n Abxaziyaya d\u0259mir yollar\u0131n\u0131n b\u0259rpas\u0131 \u00fc\u00e7\u00fcn krediti \u2013 f\u0131r\u0131ldaq, yoxsa yox?<\/span><\/b><\/a><b><\/b><\/p>\n<p><a href=\"https:\/\/jam-news.net\/%d0%b3%d1%80%d1%83%d0%b7%d0%b8%d1%8f-%d0%bd%d0%b0-%d1%82%d0%be%d0%bc-%d0%bf%d0%be%d0%bb%d0%b5-%d0%bc%d1%8b-%d1%81-%d0%be%d1%81%d0%b5%d1%82%d0%b8%d0%bd%d0%b0%d0%bc%d0%b8-%d0%b2-%d1%84%d1%83\/?lang=ru\"><b><\/b><b>\u2022<span style=\"text-decoration: underline;\">G\u00fcrc\u00fcstan: \u201cO meydanda biz osetinl\u0259rl\u0259 futbol oynay\u0131rd\u0131q\u201d. Par\u00e7alanm\u0131\u015f k\u0259ndd\u0259n reportaj<\/span><\/b><\/a><\/p>\n<p><span style=\"font-weight: 400;\">Rusiyan\u0131n yard\u0131m\u0131 ordunun modernl\u0259\u015fdirilm\u0259si \u00fc\u00e7\u00fcn yegan\u0259 variantd\u0131r.<\/span><\/p>\n<p><b>\u0130slahat Abxaziya ordusunun m\u00fcasir h\u0259rbi texnika il\u0259 t\u0259chizat\u0131n\u0131, Rusiya ordusu il\u0259 idar\u0259etm\u0259 standarlar\u0131n\u0131n unifikasiyas\u0131n\u0131, h\u0259rb\u00e7il\u0259r\u0259 sosial t\u0259minatlar\u0131n verilm\u0259sini n\u0259z\u0259rd\u0259 tutur.<\/b><\/p>\n<p><span style=\"font-weight: 400;\">H\u0259l\u0259lik Moskvan\u0131n bu m\u0259qs\u0259d \u00fc\u00e7\u00fcn ay\u0131raca\u011f\u0131 m\u0259bl\u0259\u011f b\u0259lli deyil. Abxaziya M\u00fcdafi\u0259 Nazirliyinin m\u0259lumat\u0131na g\u00f6r\u0259, m\u0259bl\u0259\u011f bundan sonrak\u0131 m\u0259sl\u0259h\u0259tl\u0259\u015fm\u0259l\u0259r \u0259snas\u0131nda m\u00fc\u0259yy\u0259n edil\u0259c\u0259k.<\/span><\/p>\n<p style=\"padding-left: 30px;\"><i><span style=\"font-weight: 400;\">\u201cBel\u0259 g\u00f6t\u00fcr\u0259nd\u0259 Abxaziya Silahl\u0131 Q\u00fcvv\u0259l\u0259ri dinc zamanda g\u00fccl\u0259ndirilmi\u015f motoat\u0131c\u0131 alaydan ibar\u0259tdir. Buna g\u00f6r\u0259 d\u0259 bel\u0259 bir ordunun modernl\u0259\u015fdirilm\u0259sin\u0259 \u00e7\u0259kil\u0259c\u0259k x\u0259rc nisb\u0259t\u0259n \u00e7ox olmayacaq v\u0259 Rusiyan\u0131n h\u0259rbi b\u00fcdc\u0259sin\u0259 b\u00f6y\u00fck y\u00fck d\u00fc\u015fm\u0259y\u0259c\u0259k.<\/span><\/i><\/p>\n<p style=\"padding-left: 30px;\"><i><span style=\"font-weight: 400;\">Amma bu add\u0131m\u0131n geo-siyasi vacibliyi b\u00fct\u00fcn m\u00fcmk\u00fcn x\u0259rcl\u0259ri \u00fcst\u0259l\u0259yir\u201d, &#8211; <\/span><\/i><span style=\"font-weight: 400;\">\u201cQazeta.Ru\u201d n\u0259\u015frin\u0259 RF SQ Ba\u015f Q\u0259rargah\u0131n\u0131n Ba\u015f \u018fm\u0259liyyat \u0130dar\u0259sinin r\u0259is m\u00fcavini general-leytenant Valeri Zaparenko deyib.<\/span><\/p>\n<h3 style=\"text-align: center;\"><span style=\"color: #000080;\"><b>Abxaziya \u0259razisind\u0259 Rusiya h\u0259rbi bazas\u0131 haqda<\/b><\/span><\/h3>\n<p><span style=\"font-weight: 400;\">M\u0259hz Rusiya Abxaziyan\u0131n m\u00fcdafi\u0259 v\u0259 t\u0259hl\u00fck\u0259sizlik qabiliyy\u0259tin\u0259 g\u00f6r\u0259 cavabdehdir.<\/span><\/p>\n<p><span style=\"font-weight: 400;\">Abxaziya \u0259razisind\u0259 Rusiyan\u0131n 7-ci h\u0259rbi bazas\u0131 yerl\u0259\u015fdirilib.<\/span><\/p>\n<h3><b>\u00dcmumilikd\u0259 onun potensial\u0131 Abxaziya SQ-nin \u00fcmumi potensial\u0131n\u0131 \u00fcst\u0259l\u0259yir. <\/b><a href=\"https:\/\/www.gazeta.ru\/army\/2019\/09\/23\/12670429.shtml?updated\" target=\"_blank\" rel=\"noopener noreferrer\"><b><i>Rusiya h\u0259rb\u00e7il\u0259ri bildirirl\u0259r ki<\/i><\/b><\/a><b>, h\u0259rbi hiss\u0259nin potensial\u0131 G\u00fcrc\u00fcstan Silahl\u0131 Q\u00fcvv\u0259l\u0259rinin d\u00f6y\u00fc\u015f v\u0259 say t\u0259rkibi il\u0259 m\u00fcqayis\u0259 edil\u0259c\u0259k durumdad\u0131r.<\/b><\/h3>\n<p><span style=\"font-weight: 400;\">2015-ci ild\u0259 Abxaziya Ba\u015f Q\u0259rargah\u0131na rusiyal\u0131 general Anatoli Xrulev r\u0259hb\u0259rlik edirdi, bundan az sonra is\u0259 D\u00f6vl\u0259t Dumas\u0131 RF v\u0259 Abxaziya qo\u015funlar\u0131n\u0131n birl\u0259\u015fmi\u015f qrupla\u015fmas\u0131 haqda q\u0259tnam\u0259 <\/span><a href=\"https:\/\/tass.ru\/politika\/3698429\"><b><i>q\u0259bul etdi<\/i><\/b><\/a><span style=\"font-weight: 400;\">.<\/span><\/p>\n<p><span style=\"font-weight: 400;\">Onun t\u0259rkibin\u0259 Rusiya t\u0259r\u0259find\u0259n Abxaziya \u0259razisind\u0259 yerl\u0259\u015fdirilmi\u015f birl\u0259\u015fmi\u015f Rusiya h\u0259rbi bazas\u0131, Abxaziya t\u0259r\u0259find\u0259n is\u0259 iki ayr\u0131-ayr\u0131 motoat\u0131c\u0131 batalyon, artilleriya v\u0259 aviasiya qruplar\u0131, o c\u00fcml\u0259d\u0259n d\u0259 ayr\u0131ca x\u00fcsusi t\u0259yinatl\u0131 d\u0259st\u0259 daxil edildi.<\/span><\/p>\n<p><span style=\"font-weight: 400;\">Birl\u0259\u015fmi\u015f qrup \u00fcz\u0259rind\u0259 komandanl\u0131q Rusiya h\u0259rbi bazas\u0131n\u0131n komandirin\u0259 h\u0259val\u0259 edildi.<\/span><\/p>\n<h3 style=\"text-align: center;\"><span style=\"color: #000080;\"><b>Rusiyan\u0131n Abxaziyaya g\u00f6st\u0259rdiyi yard\u0131m haqda q\u0131saca\u00a0<\/b><\/span><\/h3>\n<p style=\"padding-left: 30px;\"><span style=\"font-weight: 400;\"> \u2022Abxaziya \u0259halisinin az\u0131 80 faizi Rusiya pasportuna malikdir.<\/span><\/p>\n<p style=\"padding-left: 30px;\"><span style=\"font-weight: 400;\"> \u2022Rusiya r\u0259smi \u015f\u0259kild\u0259 Abxaziya t\u0259qa\u00fcd\u00e7\u00fcl\u0259rinin pensiyas\u0131na Rusiya standartlar\u0131na uy\u011fun \u0259lav\u0259 \u00f6d\u0259ni\u015f edir.<\/span><\/p>\n<p style=\"padding-left: 30px;\"><b> \u2022RF-d\u0259 Abxaziyaya h\u0259r ill ged\u0259n yard\u0131m\u0131n \u00fcmumi h\u0259cmi 300 milyon dollar civar\u0131nda d\u0259y\u0259rl\u0259ndirilir, amma r\u0259smi v\u0259 d\u0259qiq informasiya he\u00e7 vaxt a\u00e7\u0131qlanm\u0131r v\u0259 he\u00e7 bir zaman d\u0259rc olunmay\u0131b.<\/b><\/p>\n<p style=\"padding-left: 30px;\"><span style=\"font-weight: 400;\"> \u2022Abxaziya \u015firk\u0259tl\u0259rinin praktiki olaraq b\u00fct\u00fcn m\u0259hsulu ya daxili bazara, ya da Rusiyaya gedir.<\/span><\/p>\n<p><figure id=\"attachment_198445\" aria-describedby=\"caption-attachment-198445\" style=\"width: 900px\" class=\"wp-caption aligncenter\"><img loading=\"lazy\" decoding=\"async\" class=\"wp-image-198445 size-full\" src=\"http:\/\/jam-news.net\/app\/uploads\/2019\/09\/095b50b2d3b74bb51d90d91753a1f697_XL.jpg\" alt=\"\" width=\"900\" height=\"487\" \/><figcaption id=\"caption-attachment-198445\" class=\"wp-caption-text\"><em><span style=\"color: #808080;\"><i>Abxaziyan\u0131n yeni \u00e7a\u011f\u0131r\u0131\u015f\u00e7\u0131lar\u0131 and i\u00e7ir. Foto: Aiaaira<\/i><\/span><\/em><\/figcaption><\/figure><\/p>\n<p><div class=\"su-divider su-divider-style-default\" style=\"margin:15px 0;border-width:3px;border-color:#999999\"><a href=\"#\" style=\"color:#999999\">Go to top<\/a><\/div> <\/p>\n<h5><span style=\"color: #000080;\"><strong>D\u0259rc olunan materialdak\u0131 terminl\u0259r, toponiml\u0259r, fikirl\u0259r v\u0259 ideyalar JAMnews-un v\u0259 ya ayr\u0131-ayr\u0131 \u0259m\u0259kda\u015flar\u0131n\u0131n fikir v\u0259 ideyalar\u0131 il\u0259 \u00fcst-\u00fcst\u0259 d\u00fc\u015fm\u0259y\u0259 bil\u0259r. JAMnews d\u0259rc olunan materiallara yaz\u0131lan, t\u0259hqir, t\u0259hdid, zorak\u0131l\u0131\u011fa \u00e7a\u011f\u0131r\u0131\u015f kimi qiym\u0259tl\u0259ndiril\u0259 v\u0259 ya ba\u015fqa s\u0259b\u0259bl\u0259rd\u0259n etnik naraz\u0131l\u0131q do\u011fura bil\u0259n \u015f\u0259rhl\u0259ri silm\u0259k haqq\u0131n\u0131 \u00f6z\u00fcnd\u0259 saxlay\u0131r<\/strong><\/span><\/h5>\n<p>&nbsp;<\/p>\n","protected":false},"excerpt":{"rendered":"<p>Abxaziyada bildirirl\u0259r ki, bu q\u0259rar G\u00fcrc\u00fcstan\u0131n NATO-ya daxil olmas\u0131 haqda m\u00fczakir\u0259l\u0259r, o c\u00fcml\u0259d\u0259n d\u0259 G\u00fcrc\u00fcstan-Osetiya m\u00fcnaqi\u015f\u0259 zonas\u0131nda v\u0259ziyy\u0259tin g\u0259rginl\u0259\u015fm\u0259si il\u0259 ba\u011fl\u0131 deyil<\/p>\n","protected":false},"author":6,"featured_media":22533,"comment_status":"open","ping_status":"open","sticky":false,"template":"","format":"standard","meta":{"_acf_changed":false,"footnotes":""},"categories":[12,2,50,5],"tags":[13,119,574],"formation":[],"post-author":[2888],"topic":[4950],"tooltip":[],"city":[6048],"class_list":["post-11930","post","type-post","status-publish","format-standard","has-post-thumbnail","hentry","category-abxaziya","category-cografiya","category-xbrlr","category-siyast","tag-abxaziya","tag-ordu","tag-putin","post-author-jamnews","topic-abxaziya","city-suxum-i"],"acf":[],"yoast_head":"<!-- This site is optimized with the Yoast SEO plugin v24.1 - https:\/\/yoast.com\/wordpress\/plugins\/seo\/ -->\n<title>Rusiya Abxaziya ordusunu yenid\u0259n t\u0259chiz ed\u0259c\u0259k. B\u00fct\u00fcn t\u0259f\u0259rr\u00fcatlar v\u0259 kontekst - JAMnews<\/title>\n<meta name=\"robots\" content=\"index, follow, max-snippet:-1, max-image-preview:large, max-video-preview:-1\" \/>\n<link rel=\"canonical\" href=\"https:\/\/jam-news.net\/az\/rusiya-abxaziya-ordusunu-yenid\u0259n-t\u0259chiz-ed\u0259c\u0259k-butun-t\u0259f\u0259rruatlar-v\u0259-kontekst\/\" \/>\n<meta property=\"og:locale\" content=\"az_AZ\" \/>\n<meta property=\"og:type\" content=\"article\" \/>\n<meta property=\"og:title\" content=\"Rusiya Abxaziya ordusunu yenid\u0259n t\u0259chiz ed\u0259c\u0259k. B\u00fct\u00fcn t\u0259f\u0259rr\u00fcatlar v\u0259 kontekst - JAMnews\" \/>\n<meta property=\"og:description\" content=\"Abxaziyada bildirirl\u0259r ki, bu q\u0259rar G\u00fcrc\u00fcstan\u0131n NATO-ya daxil olmas\u0131 haqda m\u00fczakir\u0259l\u0259r, o c\u00fcml\u0259d\u0259n d\u0259 G\u00fcrc\u00fcstan-Osetiya m\u00fcnaqi\u015f\u0259 zonas\u0131nda v\u0259ziyy\u0259tin g\u0259rginl\u0259\u015fm\u0259si il\u0259 ba\u011fl\u0131 deyil\" \/>\n<meta property=\"og:url\" content=\"https:\/\/jam-news.net\/az\/rusiya-abxaziya-ordusunu-yenid\u0259n-t\u0259chiz-ed\u0259c\u0259k-butun-t\u0259f\u0259rruatlar-v\u0259-kontekst\/\" \/>\n<meta property=\"og:site_name\" content=\"Azerbaijani Jamnews\" \/>\n<meta property=\"article:publisher\" content=\"https:\/\/www.facebook.com\/JAMnewsInEnglish\/\" \/>\n<meta property=\"article:published_time\" content=\"2019-09-28T00:00:00+00:00\" \/>\n<meta property=\"article:modified_time\" content=\"2022-01-17T20:47:05+00:00\" \/>\n<meta property=\"og:image\" content=\"https:\/\/jam-news.net\/app\/uploads\/2020\/03\/095b50b2d3b74bb51d90d91753a1f697_XL-3.jpg\" \/>\n\t<meta property=\"og:image:width\" content=\"900\" \/>\n\t<meta property=\"og:image:height\" content=\"487\" \/>\n\t<meta property=\"og:image:type\" content=\"image\/jpeg\" \/>\n<meta name=\"author\" content=\"Tatia nikoladze\" \/>\n<meta name=\"twitter:card\" content=\"summary_large_image\" \/>\n<meta name=\"twitter:creator\" content=\"@JAMnewsCaucasus\" \/>\n<meta name=\"twitter:site\" content=\"@JAMnewsCaucasus\" \/>\n<meta name=\"twitter:label1\" content=\"Written by\" \/>\n\t<meta name=\"twitter:data1\" content=\"Tatia nikoladze\" \/>\n\t<meta name=\"twitter:label2\" content=\"Est. reading time\" \/>\n\t<meta name=\"twitter:data2\" content=\"5 minutes\" \/>\n<script type=\"application\/ld+json\" class=\"yoast-schema-graph\">{\"@context\":\"https:\/\/schema.org\",\"@graph\":[{\"@type\":\"Article\",\"@id\":\"https:\/\/jam-news.net\/az\/rusiya-abxaziya-ordusunu-yenid%c9%99n-t%c9%99chiz-ed%c9%99c%c9%99k-butun-t%c9%99f%c9%99rruatlar-v%c9%99-kontekst\/#article\",\"isPartOf\":{\"@id\":\"https:\/\/jam-news.net\/az\/rusiya-abxaziya-ordusunu-yenid%c9%99n-t%c9%99chiz-ed%c9%99c%c9%99k-butun-t%c9%99f%c9%99rruatlar-v%c9%99-kontekst\/\"},\"author\":{\"name\":\"Tatia nikoladze\",\"@id\":\"https:\/\/jam-news.net\/az\/#\/schema\/person\/86c90ea4dd4c6e61e60ae51d24bc662c\"},\"headline\":\"Rusiya Abxaziya ordusunu yenid\u0259n t\u0259chiz ed\u0259c\u0259k. B\u00fct\u00fcn t\u0259f\u0259rr\u00fcatlar v\u0259 kontekst\",\"datePublished\":\"2019-09-28T00:00:00+00:00\",\"dateModified\":\"2022-01-17T20:47:05+00:00\",\"mainEntityOfPage\":{\"@id\":\"https:\/\/jam-news.net\/az\/rusiya-abxaziya-ordusunu-yenid%c9%99n-t%c9%99chiz-ed%c9%99c%c9%99k-butun-t%c9%99f%c9%99rruatlar-v%c9%99-kontekst\/\"},\"wordCount\":1017,\"commentCount\":0,\"publisher\":{\"@id\":\"https:\/\/jam-news.net\/az\/#organization\"},\"image\":{\"@id\":\"https:\/\/jam-news.net\/az\/rusiya-abxaziya-ordusunu-yenid%c9%99n-t%c9%99chiz-ed%c9%99c%c9%99k-butun-t%c9%99f%c9%99rruatlar-v%c9%99-kontekst\/#primaryimage\"},\"thumbnailUrl\":\"https:\/\/jam-news.net\/app\/uploads\/2020\/03\/095b50b2d3b74bb51d90d91753a1f697_XL-3.jpg\",\"keywords\":[\"Abxaziya\",\"ordu\",\"Putin\"],\"articleSection\":[\"Abkhazia\",\"Geography\",\"News\",\"Politics\"],\"inLanguage\":\"az\"},{\"@type\":\"WebPage\",\"@id\":\"https:\/\/jam-news.net\/az\/rusiya-abxaziya-ordusunu-yenid%c9%99n-t%c9%99chiz-ed%c9%99c%c9%99k-butun-t%c9%99f%c9%99rruatlar-v%c9%99-kontekst\/\",\"url\":\"https:\/\/jam-news.net\/az\/rusiya-abxaziya-ordusunu-yenid%c9%99n-t%c9%99chiz-ed%c9%99c%c9%99k-butun-t%c9%99f%c9%99rruatlar-v%c9%99-kontekst\/\",\"name\":\"Rusiya Abxaziya ordusunu yenid\u0259n t\u0259chiz ed\u0259c\u0259k. B\u00fct\u00fcn t\u0259f\u0259rr\u00fcatlar v\u0259 kontekst - JAMnews\",\"isPartOf\":{\"@id\":\"https:\/\/jam-news.net\/az\/#website\"},\"primaryImageOfPage\":{\"@id\":\"https:\/\/jam-news.net\/az\/rusiya-abxaziya-ordusunu-yenid%c9%99n-t%c9%99chiz-ed%c9%99c%c9%99k-butun-t%c9%99f%c9%99rruatlar-v%c9%99-kontekst\/#primaryimage\"},\"image\":{\"@id\":\"https:\/\/jam-news.net\/az\/rusiya-abxaziya-ordusunu-yenid%c9%99n-t%c9%99chiz-ed%c9%99c%c9%99k-butun-t%c9%99f%c9%99rruatlar-v%c9%99-kontekst\/#primaryimage\"},\"thumbnailUrl\":\"https:\/\/jam-news.net\/app\/uploads\/2020\/03\/095b50b2d3b74bb51d90d91753a1f697_XL-3.jpg\",\"datePublished\":\"2019-09-28T00:00:00+00:00\",\"dateModified\":\"2022-01-17T20:47:05+00:00\",\"breadcrumb\":{\"@id\":\"https:\/\/jam-news.net\/az\/rusiya-abxaziya-ordusunu-yenid%c9%99n-t%c9%99chiz-ed%c9%99c%c9%99k-butun-t%c9%99f%c9%99rruatlar-v%c9%99-kontekst\/#breadcrumb\"},\"inLanguage\":\"az\",\"potentialAction\":[{\"@type\":\"ReadAction\",\"target\":[\"https:\/\/jam-news.net\/az\/rusiya-abxaziya-ordusunu-yenid%c9%99n-t%c9%99chiz-ed%c9%99c%c9%99k-butun-t%c9%99f%c9%99rruatlar-v%c9%99-kontekst\/\"]}]},{\"@type\":\"ImageObject\",\"inLanguage\":\"az\",\"@id\":\"https:\/\/jam-news.net\/az\/rusiya-abxaziya-ordusunu-yenid%c9%99n-t%c9%99chiz-ed%c9%99c%c9%99k-butun-t%c9%99f%c9%99rruatlar-v%c9%99-kontekst\/#primaryimage\",\"url\":\"https:\/\/jam-news.net\/app\/uploads\/2020\/03\/095b50b2d3b74bb51d90d91753a1f697_XL-3.jpg\",\"contentUrl\":\"https:\/\/jam-news.net\/app\/uploads\/2020\/03\/095b50b2d3b74bb51d90d91753a1f697_XL-3.jpg\",\"width\":900,\"height\":487,\"caption\":\"\u10d0\u10e4\u10ee\u10d0\u10d6\u10d8 \u10d0\u10ee\u10d0\u10da\u10ec\u10d5\u10d4\u10e3\u10da\u10d4\u10d1\u10d8 \u10e4\u10d8\u10ea\u10e1 \u10d3\u10d4\u10d1\u10d4\u10dc. Abxaziyan\u0131n yeni \u00e7a\u011f\u0131r\u0131\u015f\u00e7\u0131lar\u0131 and i\u00e7ir. Foto: Aiaaira\"},{\"@type\":\"BreadcrumbList\",\"@id\":\"https:\/\/jam-news.net\/az\/rusiya-abxaziya-ordusunu-yenid%c9%99n-t%c9%99chiz-ed%c9%99c%c9%99k-butun-t%c9%99f%c9%99rruatlar-v%c9%99-kontekst\/#breadcrumb\",\"itemListElement\":[{\"@type\":\"ListItem\",\"position\":1,\"name\":\"Home\",\"item\":\"https:\/\/jam-news.net\/az\/\"},{\"@type\":\"ListItem\",\"position\":2,\"name\":\"Rusiya Abxaziya ordusunu yenid\u0259n t\u0259chiz ed\u0259c\u0259k. B\u00fct\u00fcn t\u0259f\u0259rr\u00fcatlar v\u0259 kontekst\"}]},{\"@type\":\"WebSite\",\"@id\":\"https:\/\/jam-news.net\/az\/#website\",\"url\":\"https:\/\/jam-news.net\/az\/\",\"name\":\"Azerbaijani Jamnews\",\"description\":\"Caucasus News, Politics and Society\",\"publisher\":{\"@id\":\"https:\/\/jam-news.net\/az\/#organization\"},\"potentialAction\":[{\"@type\":\"SearchAction\",\"target\":{\"@type\":\"EntryPoint\",\"urlTemplate\":\"https:\/\/jam-news.net\/az\/?s={search_term_string}\"},\"query-input\":{\"@type\":\"PropertyValueSpecification\",\"valueRequired\":true,\"valueName\":\"search_term_string\"}}],\"inLanguage\":\"az\"},{\"@type\":\"Organization\",\"@id\":\"https:\/\/jam-news.net\/az\/#organization\",\"name\":\"JAMnews\",\"url\":\"https:\/\/jam-news.net\/az\/\",\"logo\":{\"@type\":\"ImageObject\",\"inLanguage\":\"az\",\"@id\":\"https:\/\/jam-news.net\/az\/#\/schema\/logo\/image\/\",\"url\":\"https:\/\/jam-news.net\/app\/uploads\/2020\/05\/JAM_w.jpg\",\"contentUrl\":\"https:\/\/jam-news.net\/app\/uploads\/2020\/05\/JAM_w.jpg\",\"width\":960,\"height\":960,\"caption\":\"JAMnews\"},\"image\":{\"@id\":\"https:\/\/jam-news.net\/az\/#\/schema\/logo\/image\/\"},\"sameAs\":[\"https:\/\/www.facebook.com\/JAMnewsInEnglish\/\",\"https:\/\/x.com\/JAMnewsCaucasus\",\"https:\/\/www.instagram.com\/jam_news\/\",\"https:\/\/www.youtube.com\/channel\/UCXQbUCme2pykuZYXWHx4VPg\"]},{\"@type\":\"Person\",\"@id\":\"https:\/\/jam-news.net\/az\/#\/schema\/person\/86c90ea4dd4c6e61e60ae51d24bc662c\",\"name\":\"Tatia nikoladze\",\"image\":{\"@type\":\"ImageObject\",\"inLanguage\":\"az\",\"@id\":\"https:\/\/jam-news.net\/az\/#\/schema\/person\/image\/\",\"url\":\"https:\/\/secure.gravatar.com\/avatar\/1f8b2c8ce4c25cc30806785bafe6bb03?s=96&d=mm&r=g\",\"contentUrl\":\"https:\/\/secure.gravatar.com\/avatar\/1f8b2c8ce4c25cc30806785bafe6bb03?s=96&d=mm&r=g\",\"caption\":\"Tatia nikoladze\"},\"url\":\"https:\/\/jam-news.net\/az\/author\/tatiani\/\"}]}<\/script>\n<!-- \/ Yoast SEO plugin. -->","yoast_head_json":{"title":"Rusiya Abxaziya ordusunu yenid\u0259n t\u0259chiz ed\u0259c\u0259k. B\u00fct\u00fcn t\u0259f\u0259rr\u00fcatlar v\u0259 kontekst - JAMnews","robots":{"index":"index","follow":"follow","max-snippet":"max-snippet:-1","max-image-preview":"max-image-preview:large","max-video-preview":"max-video-preview:-1"},"canonical":"https:\/\/jam-news.net\/az\/rusiya-abxaziya-ordusunu-yenid\u0259n-t\u0259chiz-ed\u0259c\u0259k-butun-t\u0259f\u0259rruatlar-v\u0259-kontekst\/","og_locale":"az_AZ","og_type":"article","og_title":"Rusiya Abxaziya ordusunu yenid\u0259n t\u0259chiz ed\u0259c\u0259k. B\u00fct\u00fcn t\u0259f\u0259rr\u00fcatlar v\u0259 kontekst - JAMnews","og_description":"Abxaziyada bildirirl\u0259r ki, bu q\u0259rar G\u00fcrc\u00fcstan\u0131n NATO-ya daxil olmas\u0131 haqda m\u00fczakir\u0259l\u0259r, o c\u00fcml\u0259d\u0259n d\u0259 G\u00fcrc\u00fcstan-Osetiya m\u00fcnaqi\u015f\u0259 zonas\u0131nda v\u0259ziyy\u0259tin g\u0259rginl\u0259\u015fm\u0259si il\u0259 ba\u011fl\u0131 deyil","og_url":"https:\/\/jam-news.net\/az\/rusiya-abxaziya-ordusunu-yenid\u0259n-t\u0259chiz-ed\u0259c\u0259k-butun-t\u0259f\u0259rruatlar-v\u0259-kontekst\/","og_site_name":"Azerbaijani Jamnews","article_publisher":"https:\/\/www.facebook.com\/JAMnewsInEnglish\/","article_published_time":"2019-09-28T00:00:00+00:00","article_modified_time":"2022-01-17T20:47:05+00:00","og_image":[{"width":900,"height":487,"url":"https:\/\/jam-news.net\/app\/uploads\/2020\/03\/095b50b2d3b74bb51d90d91753a1f697_XL-3.jpg","type":"image\/jpeg"}],"author":"Tatia nikoladze","twitter_card":"summary_large_image","twitter_creator":"@JAMnewsCaucasus","twitter_site":"@JAMnewsCaucasus","twitter_misc":{"Written by":"Tatia nikoladze","Est. reading time":"5 minutes"},"schema":{"@context":"https:\/\/schema.org","@graph":[{"@type":"Article","@id":"https:\/\/jam-news.net\/az\/rusiya-abxaziya-ordusunu-yenid%c9%99n-t%c9%99chiz-ed%c9%99c%c9%99k-butun-t%c9%99f%c9%99rruatlar-v%c9%99-kontekst\/#article","isPartOf":{"@id":"https:\/\/jam-news.net\/az\/rusiya-abxaziya-ordusunu-yenid%c9%99n-t%c9%99chiz-ed%c9%99c%c9%99k-butun-t%c9%99f%c9%99rruatlar-v%c9%99-kontekst\/"},"author":{"name":"Tatia nikoladze","@id":"https:\/\/jam-news.net\/az\/#\/schema\/person\/86c90ea4dd4c6e61e60ae51d24bc662c"},"headline":"Rusiya Abxaziya ordusunu yenid\u0259n t\u0259chiz ed\u0259c\u0259k. B\u00fct\u00fcn t\u0259f\u0259rr\u00fcatlar v\u0259 kontekst","datePublished":"2019-09-28T00:00:00+00:00","dateModified":"2022-01-17T20:47:05+00:00","mainEntityOfPage":{"@id":"https:\/\/jam-news.net\/az\/rusiya-abxaziya-ordusunu-yenid%c9%99n-t%c9%99chiz-ed%c9%99c%c9%99k-butun-t%c9%99f%c9%99rruatlar-v%c9%99-kontekst\/"},"wordCount":1017,"commentCount":0,"publisher":{"@id":"https:\/\/jam-news.net\/az\/#organization"},"image":{"@id":"https:\/\/jam-news.net\/az\/rusiya-abxaziya-ordusunu-yenid%c9%99n-t%c9%99chiz-ed%c9%99c%c9%99k-butun-t%c9%99f%c9%99rruatlar-v%c9%99-kontekst\/#primaryimage"},"thumbnailUrl":"https:\/\/jam-news.net\/app\/uploads\/2020\/03\/095b50b2d3b74bb51d90d91753a1f697_XL-3.jpg","keywords":["Abxaziya","ordu","Putin"],"articleSection":["Abkhazia","Geography","News","Politics"],"inLanguage":"az"},{"@type":"WebPage","@id":"https:\/\/jam-news.net\/az\/rusiya-abxaziya-ordusunu-yenid%c9%99n-t%c9%99chiz-ed%c9%99c%c9%99k-butun-t%c9%99f%c9%99rruatlar-v%c9%99-kontekst\/","url":"https:\/\/jam-news.net\/az\/rusiya-abxaziya-ordusunu-yenid%c9%99n-t%c9%99chiz-ed%c9%99c%c9%99k-butun-t%c9%99f%c9%99rruatlar-v%c9%99-kontekst\/","name":"Rusiya Abxaziya ordusunu yenid\u0259n t\u0259chiz ed\u0259c\u0259k. B\u00fct\u00fcn t\u0259f\u0259rr\u00fcatlar v\u0259 kontekst - JAMnews","isPartOf":{"@id":"https:\/\/jam-news.net\/az\/#website"},"primaryImageOfPage":{"@id":"https:\/\/jam-news.net\/az\/rusiya-abxaziya-ordusunu-yenid%c9%99n-t%c9%99chiz-ed%c9%99c%c9%99k-butun-t%c9%99f%c9%99rruatlar-v%c9%99-kontekst\/#primaryimage"},"image":{"@id":"https:\/\/jam-news.net\/az\/rusiya-abxaziya-ordusunu-yenid%c9%99n-t%c9%99chiz-ed%c9%99c%c9%99k-butun-t%c9%99f%c9%99rruatlar-v%c9%99-kontekst\/#primaryimage"},"thumbnailUrl":"https:\/\/jam-news.net\/app\/uploads\/2020\/03\/095b50b2d3b74bb51d90d91753a1f697_XL-3.jpg","datePublished":"2019-09-28T00:00:00+00:00","dateModified":"2022-01-17T20:47:05+00:00","breadcrumb":{"@id":"https:\/\/jam-news.net\/az\/rusiya-abxaziya-ordusunu-yenid%c9%99n-t%c9%99chiz-ed%c9%99c%c9%99k-butun-t%c9%99f%c9%99rruatlar-v%c9%99-kontekst\/#breadcrumb"},"inLanguage":"az","potentialAction":[{"@type":"ReadAction","target":["https:\/\/jam-news.net\/az\/rusiya-abxaziya-ordusunu-yenid%c9%99n-t%c9%99chiz-ed%c9%99c%c9%99k-butun-t%c9%99f%c9%99rruatlar-v%c9%99-kontekst\/"]}]},{"@type":"ImageObject","inLanguage":"az","@id":"https:\/\/jam-news.net\/az\/rusiya-abxaziya-ordusunu-yenid%c9%99n-t%c9%99chiz-ed%c9%99c%c9%99k-butun-t%c9%99f%c9%99rruatlar-v%c9%99-kontekst\/#primaryimage","url":"https:\/\/jam-news.net\/app\/uploads\/2020\/03\/095b50b2d3b74bb51d90d91753a1f697_XL-3.jpg","contentUrl":"https:\/\/jam-news.net\/app\/uploads\/2020\/03\/095b50b2d3b74bb51d90d91753a1f697_XL-3.jpg","width":900,"height":487,"caption":"\u10d0\u10e4\u10ee\u10d0\u10d6\u10d8 \u10d0\u10ee\u10d0\u10da\u10ec\u10d5\u10d4\u10e3\u10da\u10d4\u10d1\u10d8 \u10e4\u10d8\u10ea\u10e1 \u10d3\u10d4\u10d1\u10d4\u10dc. Abxaziyan\u0131n yeni \u00e7a\u011f\u0131r\u0131\u015f\u00e7\u0131lar\u0131 and i\u00e7ir. Foto: Aiaaira"},{"@type":"BreadcrumbList","@id":"https:\/\/jam-news.net\/az\/rusiya-abxaziya-ordusunu-yenid%c9%99n-t%c9%99chiz-ed%c9%99c%c9%99k-butun-t%c9%99f%c9%99rruatlar-v%c9%99-kontekst\/#breadcrumb","itemListElement":[{"@type":"ListItem","position":1,"name":"Home","item":"https:\/\/jam-news.net\/az\/"},{"@type":"ListItem","position":2,"name":"Rusiya Abxaziya ordusunu yenid\u0259n t\u0259chiz ed\u0259c\u0259k. B\u00fct\u00fcn t\u0259f\u0259rr\u00fcatlar v\u0259 kontekst"}]},{"@type":"WebSite","@id":"https:\/\/jam-news.net\/az\/#website","url":"https:\/\/jam-news.net\/az\/","name":"Azerbaijani Jamnews","description":"Caucasus News, Politics and Society","publisher":{"@id":"https:\/\/jam-news.net\/az\/#organization"},"potentialAction":[{"@type":"SearchAction","target":{"@type":"EntryPoint","urlTemplate":"https:\/\/jam-news.net\/az\/?s={search_term_string}"},"query-input":{"@type":"PropertyValueSpecification","valueRequired":true,"valueName":"search_term_string"}}],"inLanguage":"az"},{"@type":"Organization","@id":"https:\/\/jam-news.net\/az\/#organization","name":"JAMnews","url":"https:\/\/jam-news.net\/az\/","logo":{"@type":"ImageObject","inLanguage":"az","@id":"https:\/\/jam-news.net\/az\/#\/schema\/logo\/image\/","url":"https:\/\/jam-news.net\/app\/uploads\/2020\/05\/JAM_w.jpg","contentUrl":"https:\/\/jam-news.net\/app\/uploads\/2020\/05\/JAM_w.jpg","width":960,"height":960,"caption":"JAMnews"},"image":{"@id":"https:\/\/jam-news.net\/az\/#\/schema\/logo\/image\/"},"sameAs":["https:\/\/www.facebook.com\/JAMnewsInEnglish\/","https:\/\/x.com\/JAMnewsCaucasus","https:\/\/www.instagram.com\/jam_news\/","https:\/\/www.youtube.com\/channel\/UCXQbUCme2pykuZYXWHx4VPg"]},{"@type":"Person","@id":"https:\/\/jam-news.net\/az\/#\/schema\/person\/86c90ea4dd4c6e61e60ae51d24bc662c","name":"Tatia nikoladze","image":{"@type":"ImageObject","inLanguage":"az","@id":"https:\/\/jam-news.net\/az\/#\/schema\/person\/image\/","url":"https:\/\/secure.gravatar.com\/avatar\/1f8b2c8ce4c25cc30806785bafe6bb03?s=96&d=mm&r=g","contentUrl":"https:\/\/secure.gravatar.com\/avatar\/1f8b2c8ce4c25cc30806785bafe6bb03?s=96&d=mm&r=g","caption":"Tatia nikoladze"},"url":"https:\/\/jam-news.net\/az\/author\/tatiani\/"}]}},"_links":{"self":[{"href":"https:\/\/jam-news.net\/az\/wp-json\/wp\/v2\/posts\/11930","targetHints":{"allow":["GET"]}}],"collection":[{"href":"https:\/\/jam-news.net\/az\/wp-json\/wp\/v2\/posts"}],"about":[{"href":"https:\/\/jam-news.net\/az\/wp-json\/wp\/v2\/types\/post"}],"author":[{"embeddable":true,"href":"https:\/\/jam-news.net\/az\/wp-json\/wp\/v2\/users\/6"}],"replies":[{"embeddable":true,"href":"https:\/\/jam-news.net\/az\/wp-json\/wp\/v2\/comments?post=11930"}],"version-history":[{"count":1,"href":"https:\/\/jam-news.net\/az\/wp-json\/wp\/v2\/posts\/11930\/revisions"}],"predecessor-version":[{"id":13707,"href":"https:\/\/jam-news.net\/az\/wp-json\/wp\/v2\/posts\/11930\/revisions\/13707"}],"wp:featuredmedia":[{"embeddable":true,"href":"https:\/\/jam-news.net\/az\/wp-json\/wp\/v2\/media\/22533"}],"wp:attachment":[{"href":"https:\/\/jam-news.net\/az\/wp-json\/wp\/v2\/media?parent=11930"}],"wp:term":[{"taxonomy":"category","embeddable":true,"href":"https:\/\/jam-news.net\/az\/wp-json\/wp\/v2\/categories?post=11930"},{"taxonomy":"post_tag","embeddable":true,"href":"https:\/\/jam-news.net\/az\/wp-json\/wp\/v2\/tags?post=11930"},{"taxonomy":"formation","embeddable":true,"href":"https:\/\/jam-news.net\/az\/wp-json\/wp\/v2\/formation?post=11930"},{"taxonomy":"post-author","embeddable":true,"href":"https:\/\/jam-news.net\/az\/wp-json\/wp\/v2\/post-author?post=11930"},{"taxonomy":"topic","embeddable":true,"href":"https:\/\/jam-news.net\/az\/wp-json\/wp\/v2\/topic?post=11930"},{"taxonomy":"tooltip","embeddable":true,"href":"https:\/\/jam-news.net\/az\/wp-json\/wp\/v2\/tooltip?post=11930"},{"taxonomy":"city","embeddable":true,"href":"https:\/\/jam-news.net\/az\/wp-json\/wp\/v2\/city?post=11930"}],"curies":[{"name":"wp","href":"https:\/\/api.w.org\/{rel}","templated":true}]}}