{"id":11641,"date":"2019-08-08T00:00:00","date_gmt":"2019-08-08T00:00:00","guid":{"rendered":"http:\/\/jam-news.net\/az\/az%c9%99rbaycan-yollarinda-patrul-masinlarinin-maketl%c9%99ri-peyda-olub-v%c9%99-onlardan-biri-artiq-q%c9%99zaya-ugrayib\/"},"modified":"2020-03-18T12:35:21","modified_gmt":"2020-03-18T12:35:21","slug":"az%c9%99rbaycan-yollarinda-patrul-masinlarinin-maketl%c9%99ri-peyda-olub-v%c9%99-onlardan-biri-artiq-q%c9%99zaya-ugrayib","status":"publish","type":"post","link":"https:\/\/jam-news.net\/az\/az%c9%99rbaycan-yollarinda-patrul-masinlarinin-maketl%c9%99ri-peyda-olub-v%c9%99-onlardan-biri-artiq-q%c9%99zaya-ugrayib\/","title":{"rendered":"Az\u0259rbaycan yollar\u0131nda patrul ma\u015f\u0131nlar\u0131n\u0131n maketl\u0259ri peyda olub v\u0259 onlardan biri art\u0131q \u201cq\u0259zaya\u201d u\u011fray\u0131b"},"content":{"rendered":"<p><span style=\"font-weight: 400;\">Az\u0259rbaycan yollar\u0131nda patrul avtomobill\u0259rinin plastik maketl\u0259ri peyda olub. Onlar q\u0259zalar\u0131n qar\u015f\u0131sn\u0131n al\u0131nmas\u0131 \u00fc\u00e7\u00fcn n\u0259z\u0259rd\u0259 tutulub. Amma maketl\u0259rd\u0259n biri art\u0131q \u201cq\u0259zaya\u201d u\u011fray\u0131b \u2013 bir avtomobil ona \u00e7\u0131rp\u0131l\u0131b.<\/span><\/p>\n<p><b><a href=\"https:\/\/jam-news.net\/qadin-avtomexanikin-hekay%c9%99si-bakidaki-emalatxanadan-video\/?lang=az-AZ\" target=\"_blank\" rel=\"noopener noreferrer\"><strong>\u2022\u00a0<\/strong><span style=\"text-decoration: underline;\">Video: Az\u0259rbaycandan olan avtomexanik qad\u0131n\u0131n hekay\u0259si<\/span><\/a> <\/b><\/p>\n<h3 style=\"text-align: center;\"><span style=\"color: #000080;\"><b>Yolda ill\u00fcziya<\/b><\/span><\/h3>\n<p><span style=\"font-weight: 400;\">Maketl\u0259r sayr\u0131\u015fan i\u015f\u0131q siqnal\u0131 il\u0259, b\u0259zil\u0259ri is\u0259 h\u0259tta radarla t\u0259chiz olunub. Onlar\u0131 \u0259sas\u0259n \u015f\u0259h\u0259rl\u0259raras\u0131 yollarda qura\u015fd\u0131r\u0131blar &#8211; <em><strong><a href=\"https:\/\/1news.az\/news\/novinka-na-dorogah-azerbaydzhana-plastikovye-policeyskie-predosteregayut-voditeley-fotofakt\" target=\"_blank\" rel=\"noopener noreferrer\">1news bildirir<\/a><\/strong><\/em><\/span><span style=\"font-weight: 400;\">.\u00a0<\/span><\/p>\n<p><figure id=\"attachment_190274\" aria-describedby=\"caption-attachment-190274\" style=\"width: 1200px\" class=\"wp-caption aligncenter\"><img loading=\"lazy\" decoding=\"async\" class=\"wp-image-190274 size-full\" src=\"http:\/\/jam-news.net\/app\/uploads\/2019\/08\/\u0433\u0430\u0438.jpg\" alt=\"\" width=\"1200\" height=\"805\" \/><figcaption id=\"caption-attachment-190274\" class=\"wp-caption-text\"><span style=\"color: #808080;\"><em>Foto: 1news.az\u00a0<\/em><\/span><\/figcaption><\/figure><\/p>\n<p><span style=\"font-weight: 400;\">Maket uzaqdan \u0259sl yol polisi ma\u015f\u0131n\u0131 kimi g\u00f6r\u00fcn\u00fcr. \u0130deyaya g\u00f6r\u0259, bu, s\u00fcr\u00fcc\u00fcl\u0259ri s\u00fcr\u0259ti azaltma\u011fa, daha diqq\u0259tli v\u0259 ehtiyatl\u0131 olma\u011fa m\u0259cbur etm\u0259lidir.<\/span><\/p>\n<p><span style=\"font-weight: 400;\">Bak\u0131 Yol Polisi \u0130dar\u0259sind\u0259n bildirilir ki, bu, bir \u00e7ox \u00f6lk\u0259l\u0259rd\u0259 t\u0259cr\u00fcb\u0259 edilir v\u0259 Az\u0259rbaycan sad\u0259c\u0259 d\u00fcnya t\u0259cr\u00fcb\u0259sini t\u0259tbiq edir.<\/span><\/p>\n<p><span style=\"font-weight: 400;\">Amma sosial \u015f\u0259b\u0259k\u0259 istifad\u0259\u00e7il\u0259ri bu fikrin u\u011furlu olaca\u011f\u0131na inanm\u0131r.\u00a0<\/span><\/p>\n<p><strong>B\u0259zi \u015f\u0259rhl\u0259r:\u00a0<\/strong><\/p>\n<p style=\"padding-left: 30px;\"><i><span style=\"font-weight: 400;\">\u201c\u018fg\u0259r tezlikl\u0259 bu maketl\u0259r d\u0259 r\u00fc\u015fv\u0259t alma\u011fa ba\u015flasa t\u0259\u0259cc\u00fcbl\u0259nm\u0259r\u0259m\u201d;<\/span><\/i><\/p>\n<p style=\"padding-left: 30px;\"><i><span style=\"font-weight: 400;\">\u201cQaydalara t\u00fcp\u00fcr\u0259nl\u0259r\u0259 qar\u015f\u0131 bu c\u00fcr maketl\u0259r g\u00fccs\u00fczd\u00fcr\u201d;\u00a0<\/span><\/i><\/p>\n<p style=\"padding-left: 30px;\"><i><span style=\"font-weight: 400;\">\u201cTamamil\u0259 \u0259h\u0259miyy\u0259tsiz bir \u015feydir. Birinci d\u0259f\u0259d\u0259n sonra onlar\u0131 iqnora qoyacaqlar\u201d.<\/span><\/i><\/p>\n<h3 style=\"text-align: center;\"><span style=\"color: #000080;\"><b>Birinci q\u0259za<\/b><\/span><\/h3>\n<p><span style=\"font-weight: 400;\">\u0130lk \u201cziyan \u00e7\u0259kmi\u015f\u201d maket Bak\u0131-\u015eamax\u0131 yolunda c\u0259mi bir ne\u00e7\u0259 g\u00fcn qala bilib.\u00a0<\/span><\/p>\n<p><span style=\"font-weight: 400;\">Maketi vurub s\u0131nd\u0131ran s\u00fcr\u00fcc\u00fc saxlan\u0131l\u0131b, amma onun bunu q\u0259sd\u0259n, yoxsa t\u0259sad\u00fcf\u0259n etdiyi haqda he\u00e7 n\u0259 deyilmir.<\/span><\/p>\n<p><span style=\"font-weight: 400;\">D\u00f6vl\u0259t Statistika Komit\u0259sinin <\/span><a href=\"https:\/\/ru.oxu.az\/society\/325227\" target=\"_blank\" rel=\"noopener noreferrer\"><b><i>m\u0259lumat\u0131na g\u00f6r\u0259<\/i><\/b><\/a><span style=\"font-weight: 400;\">, 2019-cu ilin ilk alt\u0131 ay\u0131 \u0259rzind\u0259 Az\u0259rbaycanda 822 yol q\u0259zas\u0131 ba\u015f verib. Bu, \u00f6t\u0259n ilin analoji d\u00f6vr\u00fc il\u0259 m\u00fcqayis\u0259d\u0259 iki d\u0259f\u0259 \u00e7oxdur.<\/span><\/p>\n<p><div class=\"su-divider su-divider-style-default\" style=\"margin:15px 0;border-width:3px;border-color:#999999\"><a href=\"#\" style=\"color:#999999\">Go to top<\/a><\/div> <\/p>\n","protected":false},"excerpt":{"rendered":"<p>Yol polisi \u00fcmid edir ki, maketl\u0259r q\u0259zalar\u0131n qar\u015f\u0131s\u0131n\u0131 alma\u011fa k\u00f6m\u0259k ed\u0259c\u0259k, amma v\u0259t\u0259nda\u015flar buna \u00e7ox da inanm\u0131r<\/p>\n","protected":false},"author":3,"featured_media":22417,"comment_status":"open","ping_status":"open","sticky":false,"template":"","format":"standard","meta":{"_acf_changed":false,"footnotes":""},"categories":[17,2,25,50],"tags":[18,256,257,93,258,94,95,259,260,261,262,263,204,14,101,146,147,148,96,152,153,57,58,154,155,157],"formation":[],"post-author":[],"topic":[],"tooltip":[],"city":[],"class_list":["post-11641","post","type-post","status-publish","format-standard","has-post-thumbnail","hentry","category-azrbaycan","category-cografiya","category-cmiyyt","category-xbrlr","tag-azrbaycan","tag-azrbaycan-bu-gun","tag-azrbaycan-trafinda-xbrlr","tag-azrbaycan-harada-yerlsir","tag-azrbaycan-hokumti","tag-azrbaycan-xbrlri","tag-azrbaycanda-hara-sfr-etmli","tag-azrbaycanda-n-bas-verir","tag-azrbaycanda-siyast","tag-azrbaycanda-vziyyt","tag-azrbaycandan-hekaylr","tag-azrbaycandan-xbrlr","tag-baki","tag-bas-shif","tag-qafqaz","tag-qafqaz-bu-gun","tag-qafqaz-cmiyyti","tag-qafqaz-trafinda-xbrlr","tag-qafqaz-iqtisadiyyati","tag-qafqaz-xbrlri","tag-qafqazda-hyat","tag-qafqazda-siyast","tag-qafqazdaki-munaqislr","tag-qafqazin-tarixi","tag-rngli-qafqaz","tag-xbrlr"],"acf":[],"yoast_head":"<!-- This site is optimized with the Yoast SEO plugin v24.1 - https:\/\/yoast.com\/wordpress\/plugins\/seo\/ -->\n<title>Az\u0259rbaycan yollar\u0131nda patrul ma\u015f\u0131nlar\u0131n\u0131n maketl\u0259ri peyda olub v\u0259 onlardan biri art\u0131q \u201cq\u0259zaya\u201d u\u011fray\u0131b - JAMnews<\/title>\n<meta name=\"robots\" content=\"index, follow, max-snippet:-1, max-image-preview:large, max-video-preview:-1\" \/>\n<link rel=\"canonical\" href=\"https:\/\/jam-news.net\/az\/az\u0259rbaycan-yollarinda-patrul-masinlarinin-maketl\u0259ri-peyda-olub-v\u0259-onlardan-biri-artiq-q\u0259zaya-ugrayib\/\" \/>\n<meta property=\"og:locale\" content=\"az_AZ\" \/>\n<meta property=\"og:type\" content=\"article\" \/>\n<meta property=\"og:title\" content=\"Az\u0259rbaycan yollar\u0131nda patrul ma\u015f\u0131nlar\u0131n\u0131n maketl\u0259ri peyda olub v\u0259 onlardan biri art\u0131q \u201cq\u0259zaya\u201d u\u011fray\u0131b - JAMnews\" \/>\n<meta property=\"og:description\" content=\"Yol polisi \u00fcmid edir ki, maketl\u0259r q\u0259zalar\u0131n qar\u015f\u0131s\u0131n\u0131 alma\u011fa k\u00f6m\u0259k ed\u0259c\u0259k, amma v\u0259t\u0259nda\u015flar buna \u00e7ox da inanm\u0131r\" \/>\n<meta property=\"og:url\" content=\"https:\/\/jam-news.net\/az\/az\u0259rbaycan-yollarinda-patrul-masinlarinin-maketl\u0259ri-peyda-olub-v\u0259-onlardan-biri-artiq-q\u0259zaya-ugrayib\/\" \/>\n<meta property=\"og:site_name\" content=\"Azerbaijani Jamnews\" \/>\n<meta property=\"article:publisher\" content=\"https:\/\/www.facebook.com\/JAMnewsInEnglish\/\" \/>\n<meta property=\"article:published_time\" content=\"2019-08-08T00:00:00+00:00\" \/>\n<meta property=\"article:modified_time\" content=\"2020-03-18T12:35:21+00:00\" \/>\n<meta property=\"og:image\" content=\"https:\/\/jam-news.net\/app\/uploads\/2020\/03\/\u0433\u0430\u0438-3.jpg\" \/>\n\t<meta property=\"og:image:width\" content=\"1200\" \/>\n\t<meta property=\"og:image:height\" content=\"805\" \/>\n\t<meta property=\"og:image:type\" content=\"image\/jpeg\" \/>\n<meta name=\"author\" content=\"JAMnews\" \/>\n<meta name=\"twitter:card\" content=\"summary_large_image\" \/>\n<meta name=\"twitter:creator\" content=\"@JAMnewsCaucasus\" \/>\n<meta name=\"twitter:site\" content=\"@JAMnewsCaucasus\" \/>\n<meta name=\"twitter:label1\" content=\"Written by\" \/>\n\t<meta name=\"twitter:data1\" content=\"JAMnews\" \/>\n\t<meta name=\"twitter:label2\" content=\"Est. reading time\" \/>\n\t<meta name=\"twitter:data2\" content=\"2 minutes\" \/>\n<script type=\"application\/ld+json\" class=\"yoast-schema-graph\">{\"@context\":\"https:\/\/schema.org\",\"@graph\":[{\"@type\":\"Article\",\"@id\":\"https:\/\/jam-news.net\/az\/az%c9%99rbaycan-yollarinda-patrul-masinlarinin-maketl%c9%99ri-peyda-olub-v%c9%99-onlardan-biri-artiq-q%c9%99zaya-ugrayib\/#article\",\"isPartOf\":{\"@id\":\"https:\/\/jam-news.net\/az\/az%c9%99rbaycan-yollarinda-patrul-masinlarinin-maketl%c9%99ri-peyda-olub-v%c9%99-onlardan-biri-artiq-q%c9%99zaya-ugrayib\/\"},\"author\":{\"name\":\"JAMnews\",\"@id\":\"https:\/\/jam-news.net\/az\/#\/schema\/person\/67df3bb7adb46cd513fb9c4cb02361c6\"},\"headline\":\"Az\u0259rbaycan yollar\u0131nda patrul ma\u015f\u0131nlar\u0131n\u0131n maketl\u0259ri peyda olub v\u0259 onlardan biri art\u0131q \u201cq\u0259zaya\u201d u\u011fray\u0131b\",\"datePublished\":\"2019-08-08T00:00:00+00:00\",\"dateModified\":\"2020-03-18T12:35:21+00:00\",\"mainEntityOfPage\":{\"@id\":\"https:\/\/jam-news.net\/az\/az%c9%99rbaycan-yollarinda-patrul-masinlarinin-maketl%c9%99ri-peyda-olub-v%c9%99-onlardan-biri-artiq-q%c9%99zaya-ugrayib\/\"},\"wordCount\":348,\"commentCount\":0,\"publisher\":{\"@id\":\"https:\/\/jam-news.net\/az\/#organization\"},\"image\":{\"@id\":\"https:\/\/jam-news.net\/az\/az%c9%99rbaycan-yollarinda-patrul-masinlarinin-maketl%c9%99ri-peyda-olub-v%c9%99-onlardan-biri-artiq-q%c9%99zaya-ugrayib\/#primaryimage\"},\"thumbnailUrl\":\"https:\/\/jam-news.net\/app\/uploads\/2020\/03\/\u0433\u0430\u0438-3.jpg\",\"keywords\":[\"Az\u0259rbaycan\",\"Az\u0259rbaycan bu g\u00fcn\",\"Az\u0259rbaycan \u0259traf\u0131nda x\u0259b\u0259rl\u0259r\",\"Az\u0259rbaycan harada yerl\u0259\u015fir\",\"Az\u0259rbaycan h\u00f6kum\u0259ti\",\"Az\u0259rbaycan x\u0259b\u0259rl\u0259ri\",\"Az\u0259rbaycanda hara s\u0259f\u0259r etm\u0259li\",\"Az\u0259rbaycanda n\u0259 ba\u015f verir\",\"Az\u0259rbaycanda siyas\u0259t\",\"Az\u0259rbaycanda v\u0259ziyy\u0259t\",\"Az\u0259rbaycandan hekay\u0259l\u0259r\",\"Az\u0259rbaycandan x\u0259b\u0259rl\u0259r\",\"Bak\u0131\",\"Ba\u015f s\u0259hif\u0259\",\"Qafqaz\",\"Qafqaz bu g\u00fcn\",\"Qafqaz c\u0259miyy\u0259ti\",\"Qafqaz \u0259traf\u0131nda x\u0259b\u0259rl\u0259r\",\"Qafqaz iqtisadiyyat\u0131\",\"Qafqaz x\u0259b\u0259rl\u0259ri\",\"Qafqazda h\u0259yat\",\"Qafqazda siyas\u0259t\",\"Qafqazdak\u0131 m\u00fcnaqi\u015f\u0259l\u0259r\",\"Qafqaz\u0131n tarixi\",\"r\u0259ngli Qafqaz\",\"X\u0259b\u0259rl\u0259r\"],\"articleSection\":[\"Azerbaijan\",\"Geography\",\"Issues\",\"News\"],\"inLanguage\":\"az\"},{\"@type\":\"WebPage\",\"@id\":\"https:\/\/jam-news.net\/az\/az%c9%99rbaycan-yollarinda-patrul-masinlarinin-maketl%c9%99ri-peyda-olub-v%c9%99-onlardan-biri-artiq-q%c9%99zaya-ugrayib\/\",\"url\":\"https:\/\/jam-news.net\/az\/az%c9%99rbaycan-yollarinda-patrul-masinlarinin-maketl%c9%99ri-peyda-olub-v%c9%99-onlardan-biri-artiq-q%c9%99zaya-ugrayib\/\",\"name\":\"Az\u0259rbaycan yollar\u0131nda patrul ma\u015f\u0131nlar\u0131n\u0131n maketl\u0259ri peyda olub v\u0259 onlardan biri art\u0131q \u201cq\u0259zaya\u201d u\u011fray\u0131b - JAMnews\",\"isPartOf\":{\"@id\":\"https:\/\/jam-news.net\/az\/#website\"},\"primaryImageOfPage\":{\"@id\":\"https:\/\/jam-news.net\/az\/az%c9%99rbaycan-yollarinda-patrul-masinlarinin-maketl%c9%99ri-peyda-olub-v%c9%99-onlardan-biri-artiq-q%c9%99zaya-ugrayib\/#primaryimage\"},\"image\":{\"@id\":\"https:\/\/jam-news.net\/az\/az%c9%99rbaycan-yollarinda-patrul-masinlarinin-maketl%c9%99ri-peyda-olub-v%c9%99-onlardan-biri-artiq-q%c9%99zaya-ugrayib\/#primaryimage\"},\"thumbnailUrl\":\"https:\/\/jam-news.net\/app\/uploads\/2020\/03\/\u0433\u0430\u0438-3.jpg\",\"datePublished\":\"2019-08-08T00:00:00+00:00\",\"dateModified\":\"2020-03-18T12:35:21+00:00\",\"breadcrumb\":{\"@id\":\"https:\/\/jam-news.net\/az\/az%c9%99rbaycan-yollarinda-patrul-masinlarinin-maketl%c9%99ri-peyda-olub-v%c9%99-onlardan-biri-artiq-q%c9%99zaya-ugrayib\/#breadcrumb\"},\"inLanguage\":\"az\",\"potentialAction\":[{\"@type\":\"ReadAction\",\"target\":[\"https:\/\/jam-news.net\/az\/az%c9%99rbaycan-yollarinda-patrul-masinlarinin-maketl%c9%99ri-peyda-olub-v%c9%99-onlardan-biri-artiq-q%c9%99zaya-ugrayib\/\"]}]},{\"@type\":\"ImageObject\",\"inLanguage\":\"az\",\"@id\":\"https:\/\/jam-news.net\/az\/az%c9%99rbaycan-yollarinda-patrul-masinlarinin-maketl%c9%99ri-peyda-olub-v%c9%99-onlardan-biri-artiq-q%c9%99zaya-ugrayib\/#primaryimage\",\"url\":\"https:\/\/jam-news.net\/app\/uploads\/2020\/03\/\u0433\u0430\u0438-3.jpg\",\"contentUrl\":\"https:\/\/jam-news.net\/app\/uploads\/2020\/03\/\u0433\u0430\u0438-3.jpg\",\"width\":1200,\"height\":805},{\"@type\":\"BreadcrumbList\",\"@id\":\"https:\/\/jam-news.net\/az\/az%c9%99rbaycan-yollarinda-patrul-masinlarinin-maketl%c9%99ri-peyda-olub-v%c9%99-onlardan-biri-artiq-q%c9%99zaya-ugrayib\/#breadcrumb\",\"itemListElement\":[{\"@type\":\"ListItem\",\"position\":1,\"name\":\"Home\",\"item\":\"https:\/\/jam-news.net\/az\/\"},{\"@type\":\"ListItem\",\"position\":2,\"name\":\"Az\u0259rbaycan yollar\u0131nda patrul ma\u015f\u0131nlar\u0131n\u0131n maketl\u0259ri peyda olub v\u0259 onlardan biri art\u0131q \u201cq\u0259zaya\u201d u\u011fray\u0131b\"}]},{\"@type\":\"WebSite\",\"@id\":\"https:\/\/jam-news.net\/az\/#website\",\"url\":\"https:\/\/jam-news.net\/az\/\",\"name\":\"Azerbaijani Jamnews\",\"description\":\"Caucasus News, Politics and Society\",\"publisher\":{\"@id\":\"https:\/\/jam-news.net\/az\/#organization\"},\"potentialAction\":[{\"@type\":\"SearchAction\",\"target\":{\"@type\":\"EntryPoint\",\"urlTemplate\":\"https:\/\/jam-news.net\/az\/?s={search_term_string}\"},\"query-input\":{\"@type\":\"PropertyValueSpecification\",\"valueRequired\":true,\"valueName\":\"search_term_string\"}}],\"inLanguage\":\"az\"},{\"@type\":\"Organization\",\"@id\":\"https:\/\/jam-news.net\/az\/#organization\",\"name\":\"JAMnews\",\"url\":\"https:\/\/jam-news.net\/az\/\",\"logo\":{\"@type\":\"ImageObject\",\"inLanguage\":\"az\",\"@id\":\"https:\/\/jam-news.net\/az\/#\/schema\/logo\/image\/\",\"url\":\"https:\/\/jam-news.net\/app\/uploads\/2020\/05\/JAM_w.jpg\",\"contentUrl\":\"https:\/\/jam-news.net\/app\/uploads\/2020\/05\/JAM_w.jpg\",\"width\":960,\"height\":960,\"caption\":\"JAMnews\"},\"image\":{\"@id\":\"https:\/\/jam-news.net\/az\/#\/schema\/logo\/image\/\"},\"sameAs\":[\"https:\/\/www.facebook.com\/JAMnewsInEnglish\/\",\"https:\/\/x.com\/JAMnewsCaucasus\",\"https:\/\/www.instagram.com\/jam_news\/\",\"https:\/\/www.youtube.com\/channel\/UCXQbUCme2pykuZYXWHx4VPg\"]},{\"@type\":\"Person\",\"@id\":\"https:\/\/jam-news.net\/az\/#\/schema\/person\/67df3bb7adb46cd513fb9c4cb02361c6\",\"name\":\"JAMnews\",\"image\":{\"@type\":\"ImageObject\",\"inLanguage\":\"az\",\"@id\":\"https:\/\/jam-news.net\/az\/#\/schema\/person\/image\/\",\"url\":\"https:\/\/secure.gravatar.com\/avatar\/e5c27593ef900c3ab3deed4ed1c653d7?s=96&d=mm&r=g\",\"contentUrl\":\"https:\/\/secure.gravatar.com\/avatar\/e5c27593ef900c3ab3deed4ed1c653d7?s=96&d=mm&r=g\",\"caption\":\"JAMnews\"},\"url\":\"https:\/\/jam-news.net\/az\/author\/margarita\/\"}]}<\/script>\n<!-- \/ Yoast SEO plugin. -->","yoast_head_json":{"title":"Az\u0259rbaycan yollar\u0131nda patrul ma\u015f\u0131nlar\u0131n\u0131n maketl\u0259ri peyda olub v\u0259 onlardan biri art\u0131q \u201cq\u0259zaya\u201d u\u011fray\u0131b - JAMnews","robots":{"index":"index","follow":"follow","max-snippet":"max-snippet:-1","max-image-preview":"max-image-preview:large","max-video-preview":"max-video-preview:-1"},"canonical":"https:\/\/jam-news.net\/az\/az\u0259rbaycan-yollarinda-patrul-masinlarinin-maketl\u0259ri-peyda-olub-v\u0259-onlardan-biri-artiq-q\u0259zaya-ugrayib\/","og_locale":"az_AZ","og_type":"article","og_title":"Az\u0259rbaycan yollar\u0131nda patrul ma\u015f\u0131nlar\u0131n\u0131n maketl\u0259ri peyda olub v\u0259 onlardan biri art\u0131q \u201cq\u0259zaya\u201d u\u011fray\u0131b - JAMnews","og_description":"Yol polisi \u00fcmid edir ki, maketl\u0259r q\u0259zalar\u0131n qar\u015f\u0131s\u0131n\u0131 alma\u011fa k\u00f6m\u0259k ed\u0259c\u0259k, amma v\u0259t\u0259nda\u015flar buna \u00e7ox da inanm\u0131r","og_url":"https:\/\/jam-news.net\/az\/az\u0259rbaycan-yollarinda-patrul-masinlarinin-maketl\u0259ri-peyda-olub-v\u0259-onlardan-biri-artiq-q\u0259zaya-ugrayib\/","og_site_name":"Azerbaijani Jamnews","article_publisher":"https:\/\/www.facebook.com\/JAMnewsInEnglish\/","article_published_time":"2019-08-08T00:00:00+00:00","article_modified_time":"2020-03-18T12:35:21+00:00","og_image":[{"width":1200,"height":805,"url":"https:\/\/jam-news.net\/app\/uploads\/2020\/03\/\u0433\u0430\u0438-3.jpg","type":"image\/jpeg"}],"author":"JAMnews","twitter_card":"summary_large_image","twitter_creator":"@JAMnewsCaucasus","twitter_site":"@JAMnewsCaucasus","twitter_misc":{"Written by":"JAMnews","Est. reading time":"2 minutes"},"schema":{"@context":"https:\/\/schema.org","@graph":[{"@type":"Article","@id":"https:\/\/jam-news.net\/az\/az%c9%99rbaycan-yollarinda-patrul-masinlarinin-maketl%c9%99ri-peyda-olub-v%c9%99-onlardan-biri-artiq-q%c9%99zaya-ugrayib\/#article","isPartOf":{"@id":"https:\/\/jam-news.net\/az\/az%c9%99rbaycan-yollarinda-patrul-masinlarinin-maketl%c9%99ri-peyda-olub-v%c9%99-onlardan-biri-artiq-q%c9%99zaya-ugrayib\/"},"author":{"name":"JAMnews","@id":"https:\/\/jam-news.net\/az\/#\/schema\/person\/67df3bb7adb46cd513fb9c4cb02361c6"},"headline":"Az\u0259rbaycan yollar\u0131nda patrul ma\u015f\u0131nlar\u0131n\u0131n maketl\u0259ri peyda olub v\u0259 onlardan biri art\u0131q \u201cq\u0259zaya\u201d u\u011fray\u0131b","datePublished":"2019-08-08T00:00:00+00:00","dateModified":"2020-03-18T12:35:21+00:00","mainEntityOfPage":{"@id":"https:\/\/jam-news.net\/az\/az%c9%99rbaycan-yollarinda-patrul-masinlarinin-maketl%c9%99ri-peyda-olub-v%c9%99-onlardan-biri-artiq-q%c9%99zaya-ugrayib\/"},"wordCount":348,"commentCount":0,"publisher":{"@id":"https:\/\/jam-news.net\/az\/#organization"},"image":{"@id":"https:\/\/jam-news.net\/az\/az%c9%99rbaycan-yollarinda-patrul-masinlarinin-maketl%c9%99ri-peyda-olub-v%c9%99-onlardan-biri-artiq-q%c9%99zaya-ugrayib\/#primaryimage"},"thumbnailUrl":"https:\/\/jam-news.net\/app\/uploads\/2020\/03\/\u0433\u0430\u0438-3.jpg","keywords":["Az\u0259rbaycan","Az\u0259rbaycan bu g\u00fcn","Az\u0259rbaycan \u0259traf\u0131nda x\u0259b\u0259rl\u0259r","Az\u0259rbaycan harada yerl\u0259\u015fir","Az\u0259rbaycan h\u00f6kum\u0259ti","Az\u0259rbaycan x\u0259b\u0259rl\u0259ri","Az\u0259rbaycanda hara s\u0259f\u0259r etm\u0259li","Az\u0259rbaycanda n\u0259 ba\u015f verir","Az\u0259rbaycanda siyas\u0259t","Az\u0259rbaycanda v\u0259ziyy\u0259t","Az\u0259rbaycandan hekay\u0259l\u0259r","Az\u0259rbaycandan x\u0259b\u0259rl\u0259r","Bak\u0131","Ba\u015f s\u0259hif\u0259","Qafqaz","Qafqaz bu g\u00fcn","Qafqaz c\u0259miyy\u0259ti","Qafqaz \u0259traf\u0131nda x\u0259b\u0259rl\u0259r","Qafqaz iqtisadiyyat\u0131","Qafqaz x\u0259b\u0259rl\u0259ri","Qafqazda h\u0259yat","Qafqazda siyas\u0259t","Qafqazdak\u0131 m\u00fcnaqi\u015f\u0259l\u0259r","Qafqaz\u0131n tarixi","r\u0259ngli Qafqaz","X\u0259b\u0259rl\u0259r"],"articleSection":["Azerbaijan","Geography","Issues","News"],"inLanguage":"az"},{"@type":"WebPage","@id":"https:\/\/jam-news.net\/az\/az%c9%99rbaycan-yollarinda-patrul-masinlarinin-maketl%c9%99ri-peyda-olub-v%c9%99-onlardan-biri-artiq-q%c9%99zaya-ugrayib\/","url":"https:\/\/jam-news.net\/az\/az%c9%99rbaycan-yollarinda-patrul-masinlarinin-maketl%c9%99ri-peyda-olub-v%c9%99-onlardan-biri-artiq-q%c9%99zaya-ugrayib\/","name":"Az\u0259rbaycan yollar\u0131nda patrul ma\u015f\u0131nlar\u0131n\u0131n maketl\u0259ri peyda olub v\u0259 onlardan biri art\u0131q \u201cq\u0259zaya\u201d u\u011fray\u0131b - JAMnews","isPartOf":{"@id":"https:\/\/jam-news.net\/az\/#website"},"primaryImageOfPage":{"@id":"https:\/\/jam-news.net\/az\/az%c9%99rbaycan-yollarinda-patrul-masinlarinin-maketl%c9%99ri-peyda-olub-v%c9%99-onlardan-biri-artiq-q%c9%99zaya-ugrayib\/#primaryimage"},"image":{"@id":"https:\/\/jam-news.net\/az\/az%c9%99rbaycan-yollarinda-patrul-masinlarinin-maketl%c9%99ri-peyda-olub-v%c9%99-onlardan-biri-artiq-q%c9%99zaya-ugrayib\/#primaryimage"},"thumbnailUrl":"https:\/\/jam-news.net\/app\/uploads\/2020\/03\/\u0433\u0430\u0438-3.jpg","datePublished":"2019-08-08T00:00:00+00:00","dateModified":"2020-03-18T12:35:21+00:00","breadcrumb":{"@id":"https:\/\/jam-news.net\/az\/az%c9%99rbaycan-yollarinda-patrul-masinlarinin-maketl%c9%99ri-peyda-olub-v%c9%99-onlardan-biri-artiq-q%c9%99zaya-ugrayib\/#breadcrumb"},"inLanguage":"az","potentialAction":[{"@type":"ReadAction","target":["https:\/\/jam-news.net\/az\/az%c9%99rbaycan-yollarinda-patrul-masinlarinin-maketl%c9%99ri-peyda-olub-v%c9%99-onlardan-biri-artiq-q%c9%99zaya-ugrayib\/"]}]},{"@type":"ImageObject","inLanguage":"az","@id":"https:\/\/jam-news.net\/az\/az%c9%99rbaycan-yollarinda-patrul-masinlarinin-maketl%c9%99ri-peyda-olub-v%c9%99-onlardan-biri-artiq-q%c9%99zaya-ugrayib\/#primaryimage","url":"https:\/\/jam-news.net\/app\/uploads\/2020\/03\/\u0433\u0430\u0438-3.jpg","contentUrl":"https:\/\/jam-news.net\/app\/uploads\/2020\/03\/\u0433\u0430\u0438-3.jpg","width":1200,"height":805},{"@type":"BreadcrumbList","@id":"https:\/\/jam-news.net\/az\/az%c9%99rbaycan-yollarinda-patrul-masinlarinin-maketl%c9%99ri-peyda-olub-v%c9%99-onlardan-biri-artiq-q%c9%99zaya-ugrayib\/#breadcrumb","itemListElement":[{"@type":"ListItem","position":1,"name":"Home","item":"https:\/\/jam-news.net\/az\/"},{"@type":"ListItem","position":2,"name":"Az\u0259rbaycan yollar\u0131nda patrul ma\u015f\u0131nlar\u0131n\u0131n maketl\u0259ri peyda olub v\u0259 onlardan biri art\u0131q \u201cq\u0259zaya\u201d u\u011fray\u0131b"}]},{"@type":"WebSite","@id":"https:\/\/jam-news.net\/az\/#website","url":"https:\/\/jam-news.net\/az\/","name":"Azerbaijani Jamnews","description":"Caucasus News, Politics and Society","publisher":{"@id":"https:\/\/jam-news.net\/az\/#organization"},"potentialAction":[{"@type":"SearchAction","target":{"@type":"EntryPoint","urlTemplate":"https:\/\/jam-news.net\/az\/?s={search_term_string}"},"query-input":{"@type":"PropertyValueSpecification","valueRequired":true,"valueName":"search_term_string"}}],"inLanguage":"az"},{"@type":"Organization","@id":"https:\/\/jam-news.net\/az\/#organization","name":"JAMnews","url":"https:\/\/jam-news.net\/az\/","logo":{"@type":"ImageObject","inLanguage":"az","@id":"https:\/\/jam-news.net\/az\/#\/schema\/logo\/image\/","url":"https:\/\/jam-news.net\/app\/uploads\/2020\/05\/JAM_w.jpg","contentUrl":"https:\/\/jam-news.net\/app\/uploads\/2020\/05\/JAM_w.jpg","width":960,"height":960,"caption":"JAMnews"},"image":{"@id":"https:\/\/jam-news.net\/az\/#\/schema\/logo\/image\/"},"sameAs":["https:\/\/www.facebook.com\/JAMnewsInEnglish\/","https:\/\/x.com\/JAMnewsCaucasus","https:\/\/www.instagram.com\/jam_news\/","https:\/\/www.youtube.com\/channel\/UCXQbUCme2pykuZYXWHx4VPg"]},{"@type":"Person","@id":"https:\/\/jam-news.net\/az\/#\/schema\/person\/67df3bb7adb46cd513fb9c4cb02361c6","name":"JAMnews","image":{"@type":"ImageObject","inLanguage":"az","@id":"https:\/\/jam-news.net\/az\/#\/schema\/person\/image\/","url":"https:\/\/secure.gravatar.com\/avatar\/e5c27593ef900c3ab3deed4ed1c653d7?s=96&d=mm&r=g","contentUrl":"https:\/\/secure.gravatar.com\/avatar\/e5c27593ef900c3ab3deed4ed1c653d7?s=96&d=mm&r=g","caption":"JAMnews"},"url":"https:\/\/jam-news.net\/az\/author\/margarita\/"}]}},"_links":{"self":[{"href":"https:\/\/jam-news.net\/az\/wp-json\/wp\/v2\/posts\/11641","targetHints":{"allow":["GET"]}}],"collection":[{"href":"https:\/\/jam-news.net\/az\/wp-json\/wp\/v2\/posts"}],"about":[{"href":"https:\/\/jam-news.net\/az\/wp-json\/wp\/v2\/types\/post"}],"author":[{"embeddable":true,"href":"https:\/\/jam-news.net\/az\/wp-json\/wp\/v2\/users\/3"}],"replies":[{"embeddable":true,"href":"https:\/\/jam-news.net\/az\/wp-json\/wp\/v2\/comments?post=11641"}],"version-history":[{"count":1,"href":"https:\/\/jam-news.net\/az\/wp-json\/wp\/v2\/posts\/11641\/revisions"}],"predecessor-version":[{"id":16859,"href":"https:\/\/jam-news.net\/az\/wp-json\/wp\/v2\/posts\/11641\/revisions\/16859"}],"wp:featuredmedia":[{"embeddable":true,"href":"https:\/\/jam-news.net\/az\/wp-json\/wp\/v2\/media\/22417"}],"wp:attachment":[{"href":"https:\/\/jam-news.net\/az\/wp-json\/wp\/v2\/media?parent=11641"}],"wp:term":[{"taxonomy":"category","embeddable":true,"href":"https:\/\/jam-news.net\/az\/wp-json\/wp\/v2\/categories?post=11641"},{"taxonomy":"post_tag","embeddable":true,"href":"https:\/\/jam-news.net\/az\/wp-json\/wp\/v2\/tags?post=11641"},{"taxonomy":"formation","embeddable":true,"href":"https:\/\/jam-news.net\/az\/wp-json\/wp\/v2\/formation?post=11641"},{"taxonomy":"post-author","embeddable":true,"href":"https:\/\/jam-news.net\/az\/wp-json\/wp\/v2\/post-author?post=11641"},{"taxonomy":"topic","embeddable":true,"href":"https:\/\/jam-news.net\/az\/wp-json\/wp\/v2\/topic?post=11641"},{"taxonomy":"tooltip","embeddable":true,"href":"https:\/\/jam-news.net\/az\/wp-json\/wp\/v2\/tooltip?post=11641"},{"taxonomy":"city","embeddable":true,"href":"https:\/\/jam-news.net\/az\/wp-json\/wp\/v2\/city?post=11641"}],"curies":[{"name":"wp","href":"https:\/\/api.w.org\/{rel}","templated":true}]}}