{"id":11615,"date":"2019-08-07T00:00:00","date_gmt":"2019-08-06T20:00:00","guid":{"rendered":"http:\/\/jam-news.net\/az\/qarabag-xalcasi-nifaq-almasi\/"},"modified":"2021-11-05T17:12:01","modified_gmt":"2021-11-05T13:12:01","slug":"qarabag-xalcasi-nifaq-almasi","status":"publish","type":"post","link":"https:\/\/jam-news.net\/az\/qarabag-xalcasi-nifaq-almasi\/","title":{"rendered":"Qaraba\u011f xal\u00e7as\u0131 \u2013 nifaq almas\u0131"},"content":{"rendered":"<p><span style=\"font-weight: 400;\">Da\u011fl\u0131q Qaraba\u011f m\u00fcnaqi\u015f\u0259sin\u0259 g\u00f6r\u0259 xal\u00e7a\u00e7\u0131l\u0131q da qar\u015f\u0131durma m\u0259rk\u0259zind\u0259 qal\u0131b: Az\u0259rbaycanda Qaraba\u011f xal\u00e7alar\u0131n\u0131 \u00f6zl\u0259rinki, Erm\u0259nistanda v\u0259 Da\u011fl\u0131q Qaraba\u011fda is\u0259 erm\u0259ni xal\u00e7alar\u0131 hesab edirl\u0259r.<\/span><\/p>\n<p style=\"padding-left: 30px;\"><span style=\"font-weight: 400;\">Xal\u00e7a\u00e7\u0131 Roza Sarqsyan xat\u0131rlay\u0131r ki, divardan as\u0131lan xal\u00e7a evl\u0259rinin \u0259n d\u0259y\u0259rli \u0259\u015fyas\u0131 idi. \u201c<em>B\u00f6y\u00fck alq\u0131rm\u0131z\u0131 sar\u0131 v\u0259 s\u00fcdr\u0259ngi nax\u0131\u015flar\u0131 olan xal\u00e7a idi. \u0130lk ba\u015fdan bu xal\u00e7a m\u0259nim cehizliyim \u00fc\u00e7\u00fcn al\u0131nm\u0131\u015fd\u0131. Amma d\u00fcz\u00fcn\u00fc des\u0259m, he\u00e7 xo\u015fuma g\u0259lmirdi, \u00e7ox n\u0259h\u0259ng, a\u011f\u0131r idi, buna g\u00f6r\u0259 d\u0259 \u0259r evin\u0259 bu xal\u00e7a v\u0259 \u201cd\u0259sti\u201d olmadan getdim\u201d.<\/em><\/span><\/p>\n<p><span style=\"font-weight: 400;\">\u201cD\u0259sti\u201d vaxtil\u0259 Qaraba\u011fda ya\u015fayan ail\u0259l\u0259rin az qala \u015f\u0259r\u0259f m\u0259s\u0259l\u0259si hesab olunan xal\u00e7alar d\u0259stin\u0259 deyilir.\u00a0<\/span><\/p>\n<p><span style=\"font-weight: 400;\">\u00d6t\u0259n \u0259srin 30-cu ill\u0259rin\u0259 q\u0259d\u0259r Da\u011fl\u0131q Qaraba\u011f evl\u0259ri \u00fc\u00e7\u00fcn xal\u00e7alar d\u00f6rd hiss\u0259d\u0259n ibar\u0259t toxunurdu v\u0259 \u201cd\u0259st\u201d adlan\u0131rd\u0131 \u2013 \u00fc\u00e7 kilim v\u0259 bir b\u00f6y\u00fck xal\u00e7a.<\/span><\/p>\n<p><span style=\"font-weight: 400;\">\u201cD\u0259st\u201d m\u0259d\u0259niyy\u0259ti bu g\u00fcn qalmay\u0131b, amma xal\u00e7a\u00e7\u0131l\u0131\u011f\u0131n Qaraba\u011f qolu Erm\u0259nistanda v\u0259 Qaraba\u011fda bu g\u00fcn d\u0259 davam edir v\u0259 d\u00fcnyaya erm\u0259ni xal\u00e7a\u00e7\u0131l\u0131\u011f\u0131 kimi t\u0259qdim olunur.<\/span><\/p>\n<p><figure id=\"attachment_186309\" aria-describedby=\"caption-attachment-186309\" style=\"width: 869px\" class=\"wp-caption aligncenter\"><img loading=\"lazy\" decoding=\"async\" class=\"wp-image-186309 \" src=\"http:\/\/jam-news.net\/app\/uploads\/2019\/07\/\u0561\u0580\u0581\u0561\u056d\u0575\u0561\u0576-\u0563\u0578\u0580\u0563\u0565\u0580-1-\u0531\u0576\u0578\u0582\u0577-\u054d\u0561\u0580\u0563\u057d\u0575\u0561\u0576--1024x768.jpg\" alt=\"\" width=\"869\" height=\"651\" \/><figcaption id=\"caption-attachment-186309\" class=\"wp-caption-text\"><strong><em><b><i>Anu\u015f Sarqsyan<\/i><\/b><\/em><\/strong><\/figcaption><\/figure><\/p>\n<p><span style=\"font-weight: 400;\">Roza xal\u00e7a toxuma\u011f\u0131 m\u0259kt\u0259bin xal\u00e7a\u00e7\u0131l\u0131q d\u0259rn\u0259yind\u0259 \u00f6yr\u0259nib. \u0130ndi bu onun i\u015fidir.<\/span><\/p>\n<p style=\"padding-left: 30px;\"><i><span style=\"font-weight: 400;\">\u201cArtsax xal\u00e7alar\u0131nda x\u00fcsusi ornamentl\u0259r olur, hans\u0131 ki, onlar\u0131 dig\u0259r regionlar\u0131n xal\u00e7alar\u0131ndan f\u0259rql\u0259ndirir. G\u00fcll\u0259r, ar\u0131lar, h\u0259yat a\u011fac\u0131,parlaq r\u0259ngar\u0259nglik\u201d, &#8211; <\/span><\/i><span style=\"font-weight: 400;\">Roza q\u0259hv\u0259sini qurtumlayaraq v\u0259 bir \u0259li il\u0259 d\u0259zgahdak\u0131 xal\u00e7an\u0131 s\u0131\u011fallayaraq dan\u0131\u015f\u0131r.<\/span><\/p>\n<p><span style=\"font-weight: 400;\">Rozan\u0131n v\u0259 dig\u0259r d\u00f6rd xal\u00e7a\u00e7\u0131n\u0131n bir illik z\u0259hm\u0259ti n\u0259tic\u0259sind\u0259 bu g\u00fcn Qandzasar monast\u0131r kompleksi v\u0259 \u015eu\u015fa \u015f\u0259h\u0259rind\u0259ki M\u00fcq\u0259dd\u0259s Xilaskar Kazan\u00e7etsots m\u0259b\u0259di \u0259l i\u015fi xal\u00e7alarla d\u00f6\u015f\u0259nib.<\/span><\/p>\n<p><figure id=\"attachment_186314\" aria-describedby=\"caption-attachment-186314\" style=\"width: 662px\" class=\"wp-caption aligncenter\"><img loading=\"lazy\" decoding=\"async\" class=\"wp-image-186314 size-full\" src=\"http:\/\/jam-news.net\/app\/uploads\/2019\/07\/\u0531\u0580\u0581\u0561\u056d\u0575\u0561\u0576-\u0563\u0578\u0580\u0563-2-\u0576\u056f\u0561\u0580\u0561\u0563\u0580\u057e\u0561\u056e\u0568.jpg\" alt=\"\" width=\"662\" height=\"883\" \/><figcaption id=\"caption-attachment-186314\" class=\"wp-caption-text\"><em><strong><b><i>Qaraba\u011f xal\u00e7as\u0131, 1927-ci ild\u0259 toxunub<\/i><\/b><\/strong><\/em><\/figcaption><\/figure><\/p>\n<p><span style=\"font-weight: 400;\">Bu Qaraba\u011f xal\u00e7as\u0131 1927-ci ild\u0259 toxunub. \u018fsas\u0131 v\u0259 xovu yundan haz\u0131rlan\u0131b. Erm\u0259ni xal\u00e7alar\u0131na xas olan ikili ilm\u0259 il\u0259 toxunub. Qal\u0131nl\u0131\u011f\u0131 28X30 (kvadrat diametrd\u0259) \u00f6l\u00e7\u00fcs\u00fcnd\u0259dir. Xovun uzunlu\u011fu yeddi millimetrdir. <\/span><\/p>\n<p><span style=\"font-weight: 400;\">Xal\u00e7an\u0131n q\u0131rm\u0131z\u0131 fonu at, it, balalayka \u00e7alan ki\u015fi r\u0259sml\u0259ri il\u0259 nax\u0131\u015flan\u0131b. Xal\u00e7a q\u0131vr\u0131lm\u0131\u015f \u015fabal\u0131d\u0131 ipl\u0259rl\u0259 &#8211; ba\u015flar\u0131 h\u00f6r\u00fclm\u00fc\u015f sa\u00e7aqlarla ha\u015fiy\u0259l\u0259nib. Bu c\u00fcr ornamentli xal\u00e7alar Lori, Tavu\u015f, Qaraba\u011fda \u00e7ox yay\u0131l\u0131b. Xal\u00e7alar\u0131n ornamentl\u0259ri t\u0259yinat\u0131na tam m\u00fcvafiq yarad\u0131l\u0131r: nax\u0131\u015flardan biri mehrab \u00fc\u00e7\u00fcnd\u00fcr, dig\u0259ri d\u00f6\u015f\u0259m\u0259 \u00fc\u00e7\u00fcn.<br \/>\n<\/span><span style=\"font-weight: 400;\"><br \/>\n<\/span><i><span style=\"font-weight: 400;\">\u201cQ\u0259dim zamanlarda ipl\u0259r r\u0259ngl\u0259n\u0259nd\u0259n sonra in\u0259k sidiyin\u0259 sal\u0131n\u0131rd\u0131 v\u0259 yaln\u0131z bundan sonra yuyulurdu. Bu, boyan\u0131 daha davaml\u0131 edirdi\u201d, &#8211; <\/span><\/i><span style=\"font-weight: 400;\">Erm\u0259nistan Tarix Muzeyinin etnoqrafiya \u015f\u00f6b\u0259sinin \u0259m\u0259kda\u015f\u0131 Liliya Avanesyan dan\u0131\u015f\u0131r.<\/span><\/p>\n<p><figure id=\"attachment_186319\" aria-describedby=\"caption-attachment-186319\" style=\"width: 897px\" class=\"wp-caption aligncenter\"><img loading=\"lazy\" decoding=\"async\" class=\"wp-image-186319 \" src=\"http:\/\/jam-news.net\/app\/uploads\/2019\/07\/\u0561\u0580\u0581\u0561\u056d\u0575\u0561\u0576-\u0563\u0578\u0580\u0563\u0565\u0580-3-\u056f\u0561\u057e\u0565-\u0561\u0574\u0561\u0576\u0576\u0565\u0580\u0578\u0582\u0574-\u0576\u0565\u0580\u056f\u0561\u0576\u0575\u0578\u0582\u0569\u0565\u0580-1024x768.jpg\" alt=\"\" width=\"897\" height=\"673\" \/><figcaption id=\"caption-attachment-186319\" class=\"wp-caption-text\"><em><strong><b><i>Gil kasalarda t\u0259bii boyalar<\/i><\/b><\/strong><\/em><\/figcaption><\/figure><\/p>\n<p><span style=\"font-weight: 400;\">Liliya Avanisyan Qaraba\u011f xal\u00e7alar\u0131 haqda \u00e7ox m\u0259lumatl\u0131d\u0131r. O, Da\u011fl\u0131q Qaraba\u011f\u0131\u0259n k\u0259ndl\u0259rini g\u0259zib, q\u0259dim xal\u00e7alar\u0131n fotolar\u0131n\u0131 \u00e7\u0259kib, xal\u00e7a\u00e7\u0131larla dan\u0131\u015f\u0131b, onlar\u0131n pe\u015f\u0259kar sirl\u0259rini yaz\u0131b.\u00a0<\/span><\/p>\n<p><span style=\"font-weight: 400;\">Bu g\u00fcn Qaraba\u011f xal\u00e7alar\u0131n\u0131 \u201cMeqeryan\u201d \u015firk\u0259tinin muzeyind\u0259 g\u00f6rm\u0259k v\u0259 almaq m\u00fcmk\u00fcnd\u00fcr. \u015eu\u015fanik Hakopyan\u0131n 1880-ci ild\u0259 Hadrut rayonunda toxudu\u011fu badam nax\u0131\u015fl\u0131 xal\u00e7adan qalan bu par\u00e7an\u0131 muzey\u0259 onun n\u0259v\u0259l\u0259ri ba\u011f\u0131\u015flay\u0131b.\u00a0<\/span><\/p>\n<p><span style=\"font-weight: 400;\">\u015eirk\u0259t sahibl\u0259ri Raffi Meqeryan hesab edir ki, \u201ch\u0259r bir xal\u00e7a kitab kimidir, erm\u0259ni xalq\u0131n\u0131n tarixin\u0259 dair informasiya da\u015f\u0131y\u0131r\u201d.<\/span><\/p>\n<p style=\"padding-left: 30px;\"><i><span style=\"font-weight: 400;\">\u201cX\u00fcsusi ornamenti v\u0259 \u015fux r\u0259ngl\u0259rin\u0259 g\u00f6r\u0259 Artsax xal\u00e7alar\u0131na t\u0259l\u0259bat b\u00f6y\u00fckd\u00fcr\u201d, &#8211; <\/span><\/i><span style=\"font-weight: 400;\">Raffi deyir.<\/span><\/p>\n<p><figure id=\"attachment_186324\" aria-describedby=\"caption-attachment-186324\" style=\"width: 902px\" class=\"wp-caption aligncenter\"><img loading=\"lazy\" decoding=\"async\" class=\"wp-image-186324 \" src=\"http:\/\/jam-news.net\/app\/uploads\/2019\/07\/\u0561\u0580\u0581\u0561\u056d\u0575\u0561\u0576-\u0563\u0578\u0580\u0563-4-\u0565\u0580\u0565\u0584-\u0563\u0578\u0580\u0563-1024x768.jpg\" alt=\"\" width=\"902\" height=\"677\" \/><figcaption id=\"caption-attachment-186324\" class=\"wp-caption-text\"><em><strong><b><i>Qaraba\u011f xal\u00e7alar\u0131<\/i><\/b><\/strong><\/em><\/figcaption><\/figure><\/p>\n<p>\u0259jdahalar, ar\u0131lar, \u00e7i\u00e7\u0259kl\u0259r, h\u0259yat a\u011fac\u0131, q\u0131rm\u0131z\u0131n\u0131n, g\u00f6y\u00fcn, a\u011f\u0131n \u00e7alarlar\u0131 \u2013 g\u00f6mg\u00f6yd\u0259n firuz\u0259yiy\u0259, s\u00fcd r\u0259ngind\u0259n fil s\u00fcm\u00fcy\u00fc r\u0259ngin\u0259 q\u0259d\u0259r, xal\u00e7a \u00fcz\u0259rind\u0259 b\u00fct\u00fcn bu r\u0259ngl\u0259rin m\u00f6vcudlu\u011fu xal\u00e7a\u00e7\u0131l\u0131\u011f\u0131n Qaraba\u011f m\u0259kt\u0259bin\u0259 aid oldu\u011funu g\u00f6st\u0259rir.<\/p>\n<p><span style=\"font-weight: 400;\">Xal\u00e7alarda istifad\u0259 olunan h\u0259r bir ornament x\u00fcsusi anlam\u0131 olan nax\u0131\u015flardn ibar\u0259t olur: \u201cTsaxkaxa\u00e7\u201d (\u00c7i\u00e7\u0259kli xa\u00e7), \u201cVi\u015fapaqorq\u201d (\u018fjdaha xal\u00e7as\u0131), \u201cVaanavor\u201d (Qalxanl\u0131), \u201cMexvabun\u201d (Ar\u0131 yuvas\u0131), \u201cVorotan\u201d, \u201cRombvari nax\u0131\u015f\u201d, \u201cAmaras\u201d, \u201cAstxaavk\u201d (Ulduz qu\u015f), \u201cH\u0259yat a\u011fac\u0131\u201d&#8230;<\/span><\/p>\n<p><b>\u018fjdaha i\u015far\u0259si:<\/b><span style=\"font-weight: 400;\">\u00a0\u201cS\u201d h\u0259rfinin \u0259ksind\u0259 erm\u0259nil\u0259r yaln\u0131z Kosmos, Yaradan\u0131n i\u015far\u0259sini yox, h\u0259m d\u0259 q\u0259dim ilan i\u015far\u0259sini g\u00f6r\u00fcrl\u0259r. Q\u0259rb d\u00fcnyas\u0131 \u00fc\u00e7\u00fcn bu, bir q\u0259d\u0259r ziddiyy\u0259tli v\u0259 anla\u015f\u0131lmaz g\u00f6r\u00fcn\u00fcr. Dem\u0259k olar ki, b\u00fct\u00fcn Avropa, \u015e\u0259rq, h\u0259tta q\u0259dim erm\u0259ni \u0259fsan\u0259l\u0259rind\u0259 \u0259jdaha yaln\u0131z Yaradan\u0131n k\u00f6m\u0259yil\u0259 m\u0259\u011flub etm\u0259k m\u00fcmk\u00fcn olan \u015f\u0259r q\u00fcvv\u0259 kimi q\u0259bul edilir, Erm\u0259nistanda is\u0259 ba\u015fqa, tam \u0259ks x\u00fcsusiyy\u0259tl\u0259r\u0259 sahib daha q\u0259dim \u0259jdaha var. Su m\u00fchafizi kimi o, n\u0259h\u0259ng m\u00fcdafi\u0259\u00e7ini, t\u0259bi\u0259tin dir\u00e7\u0259li\u015fi r\u0259mzini \u00f6z\u00fcnd\u0259 \u0259ks etdirir.<\/span><\/p>\n<p><b>H\u0259yat a\u011fac\u0131 v\u0259 ya Kosmos a\u011fac\u0131\u00a0<\/b><span style=\"font-weight: 400;\">mifoloji, Bibliya motivl\u0259ri da\u015f\u0131y\u0131r. H\u0259yat\u0131n \u015faquli x\u0259ttini vur\u011fulay\u0131r \u2013 do\u011fu\u015fdan \u00e7i\u00e7\u0259kl\u0259n\u0259n\u0259 q\u0259d\u0259r, m\u0259hsuldarl\u0131q, uzun \u00f6m\u00fcrl\u00fcl\u00fck, ol\u00fcms\u00fczl\u00fck.<br \/>\n<\/span><span style=\"font-weight: 400;\"><br \/>\n<\/span><b>Svastika \u2013<\/b><span style=\"font-weight: 400;\">\u00a0kosmik q\u00fcvv\u0259nin m\u00fcst\u0259qil ni\u015fan\u0131. Mahiyy\u0259tc\u0259 uclar\u0131 \u0259yilmi\u015f xa\u00e7dan ibar\u0259tdir, g\u00fcn\u0259\u015fin h\u0259r\u0259k\u0259tini \u2013 sa\u011fdan sola, soldan sa\u011fa \u2013 g\u00f6st\u0259rir. Bu ni\u015fan g\u00fcn\u0259\u015f r\u0259mzi hesab edilir, \u00e7\u00fcnki o, g\u00fcn\u0259\u015f dair\u0259si il\u0259 birlikd\u0259 \u0259ks olunur.<\/span><\/p>\n<p><b>Badam \u2013\u00a0<\/b><span style=\"font-weight: 400;\">anal\u0131q v\u0259 m\u0259hsuldarl\u0131q r\u0259mzi.\u00a0<\/span><\/p>\n<p><b>Ar\u0131\u00a0 \u2013\u00a0<\/b><span style=\"font-weight: 400;\">ilahi anan\u0131, \u0259m\u0259yi, yarad\u0131c\u0131l\u0131\u011f\u0131 simvoliz\u0259 ed\u0259n ar\u0131 kultu olub.\u00a0<\/span><\/p>\n<p><span style=\"font-weight: 400;\">Lilit Avanesyan\u0131n s\u00f6zl\u0259rin\u0259 g\u00f6r\u0259, bu Qaraba\u011f xal\u0131lar\u0131 \u00fc\u00e7\u00fcn x\u00fcsusi cinsd\u0259n olan qoyunlar\u0131n yunundan istifad\u0259 olunub.<\/span><\/p>\n<p><i><span style=\"font-weight: 400;\">\u201cBu, \u201cQaraba\u011f\u201d cinsli qoyunlar\u0131n yunudur, r\u0259ngar\u0259gdir (q\u0259hv\u0259yi, boz, qara v\u0259 sair\u0259 r\u0259ngl\u0259rin m\u00fcxt\u0259lif \u00e7alarlar\u0131)\u201d \u2013 <\/span><\/i><span style=\"font-weight: 400;\">Liliya Avanesyan dan\u0131\u015f\u0131r.<\/span><\/p>\n<p><span style=\"font-weight: 400;\">Bir qoyundan q\u0131rx\u0131lan yun b\u0259z\u0259n \u00fc\u00e7-d\u00f6rd kiloqram t\u0259\u015fkil edir. Qoyun yunu prujin kimidir, onu yax\u015f\u0131-yax\u015f\u0131 \u0259yirm\u0259k laz\u0131md\u0131r, yoxsa, xal\u00e7a deformasiyaya u\u011frayacaq. Artsax\u0131n Dizak \u0259yal\u0259tinin xal\u00e7alar\u0131 x\u00fcsusil\u0259 m\u00f6hk\u0259m \u0259yirilmi\u015f yunu il\u0259 se\u00e7ilirdi. Qaraba\u011f xal\u00e7alar\u0131n\u0131n klassik qal\u0131nl\u0131\u011f\u0131 32X36 ilm\u0259dir (kvadrat diametr\u0259 d\u00fc\u015f\u0259n ipl\u0259rin say\u0131).<\/span><\/p>\n<p><span style=\"font-weight: 400;\">Asmik Sayadyan \u0259min edir ki, indi d\u0259 onlar\u0131n dem\u0259k olar ki, b\u00fct\u00fcn xammal\u0131 \u2013 yun, boya \u2013 yerli istehsald\u0131r.<\/span><\/p>\n<p style=\"padding-left: 30px;\"><i><span style=\"font-weight: 400;\">\u201c\u0130pliyin a\u00e7\u0131q sar\u0131 r\u0259ngini biz a\u011f tut a\u011fac\u0131n\u0131n k\u0259p\u0259yind\u0259n \u0259ld\u0259 edirik, q\u0259hv\u0259yini qoz, a\u011f nar qab\u0131\u011f\u0131ndan, sar\u0131 r\u0259ngi solmaz\u00e7i\u00e7\u0259k g\u00fcll\u0259rind\u0259n, q\u0131rm\u0131z\u0131n\u0131 boyaqotu k\u00f6kl\u0259rind\u0259n, yaln\u0131z g\u00f6y r\u0259ng indiqodur, Hindistandan idxal edirik\u201d.<\/span><\/i><\/p>\n<p><figure id=\"attachment_186329\" aria-describedby=\"caption-attachment-186329\" style=\"width: 662px\" class=\"wp-caption aligncenter\"><img loading=\"lazy\" decoding=\"async\" class=\"wp-image-186329 size-full\" src=\"http:\/\/jam-news.net\/app\/uploads\/2019\/07\/\u0561\u0580\u0581\u0561\u056d\u0575\u0561\u0576-\u0563\u0578\u0580\u0563-5-\u0576\u0577\u0561\u0563\u0578\u0580\u0563.jpg\" alt=\"\" width=\"662\" height=\"883\" \/><figcaption id=\"caption-attachment-186329\" class=\"wp-caption-text\"><em><strong><b><i>Xal\u00e7a, Qaraba\u011f, 20-ci \u0259srin \u0259vv\u0259li<\/i><\/b><\/strong><\/em><\/figcaption><\/figure><\/p>\n<p><span style=\"font-weight: 400;\">R\u0259ng m\u00f6hk\u0259ml\u0259ndirici qismind\u0259 indi d\u0259 t\u0259bii materiallardan istifad\u0259 olunur.<\/span><\/p>\n<p style=\"padding-left: 30px;\"><i><span style=\"font-weight: 400;\">\u201cD\u00f6rd c\u00fcr m\u00f6hk\u0259ml\u0259ndiricid\u0259n istifad\u0259 ediri, amma m\u0259n yaln\u0131z ikisinin ad\u0131n\u0131 dey\u0259c\u0259m \u2013 z\u0259y v\u0259 \u00e7ax\u0131r da\u015f\u0131, qalan ikisini sirr olaraq saxlay\u0131r\u0131q\u201d, &#8211; <\/span><\/i><span style=\"font-weight: 400;\">Asmik Sayadyan deyir.<\/span><\/p>\n<p><figure id=\"attachment_186334\" aria-describedby=\"caption-attachment-186334\" style=\"width: 865px\" class=\"wp-caption aligncenter\"><img loading=\"lazy\" decoding=\"async\" class=\"wp-image-186334 \" src=\"http:\/\/jam-news.net\/app\/uploads\/2019\/07\/\u0561\u0580\u0581\u0561\u056d\u0575\u0561\u0576-\u0563\u0578\u0580\u0563-6-\u054e\u0565\u0580\u0576\u056b\u057d\u0561\u056a-1024x768.jpg\" alt=\"\" width=\"865\" height=\"649\" \/><figcaption id=\"caption-attachment-186334\" class=\"wp-caption-text\"><em><strong><b><i>Vernisaj, Yerevanda bazar<\/i><\/b><\/strong><\/em><\/figcaption><\/figure><\/p>\n<p><figure id=\"attachment_186340\" aria-describedby=\"caption-attachment-186340\" style=\"width: 912px\" class=\"wp-caption aligncenter\"><img loading=\"lazy\" decoding=\"async\" class=\"wp-image-186340 \" src=\"http:\/\/jam-news.net\/app\/uploads\/2019\/07\/\u0561\u0580\u0581\u0561\u056d\u0575\u0561\u0576-\u0563\u0578\u0580\u0563\u0565\u0580-\u057e\u0565\u0580\u0576\u056b\u057d\u0561\u056a-7-\u0580\u0564-\u0586\u0578\u057f\u0578-1024x768.jpg\" alt=\"\" width=\"912\" height=\"684\" \/><figcaption id=\"caption-attachment-186340\" class=\"wp-caption-text\"><em><strong><b><i>Vernisaj, Yerevanda bazar<\/i><\/b><\/strong><\/em><\/figcaption><\/figure><\/p>\n<p><span style=\"font-weight: 400;\">Qaraba\u011f xal\u00e7alar\u0131 h\u0259tta Vernisajda \u2013 Yerevan\u0131n m\u0259rk\u0259zind\u0259 a\u00e7\u0131q s\u0259ma alt\u0131nda bazarda da sat\u0131l\u0131r.<\/span><\/p>\n<p><span style=\"font-weight: 400;\">Onlarla xal\u00e7a aras\u0131nda Valeri Ovsepyan iki xal\u00e7an\u0131 g\u00f6st\u0259rir v\u0259 \u0259min edir ki, bunlar Qaraba\u011f xal\u00e7alar\u0131d\u0131r.<\/span><\/p>\n<p style=\"padding-left: 30px;\"><i><span style=\"font-weight: 400;\">\u201cBunlar\u0131 \u0259sas\u0259n diasporadan olan erm\u0259nil\u0259r al\u0131r\u201d, &#8211; <\/span><\/i><span style=\"font-weight: 400;\">yerli bazarda xal\u00e7alara mara\u011f\u0131n azald\u0131\u011f\u0131ndan \u015fikay\u0259tl\u0259n\u0259n Valeri deyir.<\/span><\/p>\n<p><span style=\"font-weight: 400;\">\u00a0\u00a0\u00a0 <div class=\"su-divider su-divider-style-default\" style=\"margin:15px 0;border-width:3px;border-color:#999999\"><a href=\"#\" style=\"color:#999999\">Go to top<\/a><\/div> <\/span><\/p>\n<h5><span style=\"color: #000080;\"><em><strong>\u201cE\u015fidilm\u0259y\u0259n s\u0259sl\u0259r\u201d layih\u0259si\u00a0<a href=\"http:\/\/www.international-alert.org\/\">International Alert\u00a0<\/a>\u00a0t\u0259\u015fkilat\u0131n\u0131n Da\u011fl\u0131q Qaraba\u011f m\u00fcnaqi\u015f\u0259si \u00fczr\u0259 i\u015finin bir hiss\u0259sidir. Bu, m\u00fcnaqi\u015f\u0259y\u0259 c\u0259lb olunmu\u015f icmalar\u0131n jurnalistl\u0259ri il\u0259 i\u015fin v\u0259 bu m\u00fcnaqi\u015f\u0259nin \u201cn\u0259 m\u00fcharib\u0259, n\u0259 s\u00fclh\u201d \u015f\u0259raitind\u0259 ya\u015fayan insanlar\u0131n h\u0259yat\u0131na nec\u0259 t\u0259sir etdiyini g\u00f6st\u0259rm\u0259k \u00fc\u00e7\u00fcn onlar\u0131n birg\u0259 s\u0259yl\u0259rinin n\u0259tic\u0259sidir. Bu layih\u0259 h\u0259min insanlar\u0131n s\u0259sl\u0259rinin h\u0259m \u00f6z icmalar\u0131 daxilind\u0259, h\u0259m d\u0259 dig\u0259r t\u0259r\u0259fin c\u0259miyy\u0259tind\u0259 e\u015fidilm\u0259sin\u0259 \u015f\u0259rait yarad\u0131r v\u0259 bununla da d\u00fc\u015fm\u0259n obraz\u0131 arxas\u0131nda gizl\u0259n\u0259n real insan simalar\u0131n\u0131 oxuculara g\u00f6st\u0259rm\u0259y\u0259 imkan verir.<\/strong><\/em><\/span><\/h5>\n<h5><span style=\"color: #000080;\"><em><strong>S\u00f6z\u00fcged\u0259n layih\u0259 Avropa \u0130ttifaq\u0131n\u0131n say\u0259sind\u0259 Da\u011fl\u0131q Qaraba\u011f m\u00fcnaqi\u015f\u0259sinin s\u00fclh yolu il\u0259 nizamlanmas\u0131 m\u0259qs\u0259dil\u0259 Avropa T\u0259r\u0259fda\u015fl\u0131\u011f\u0131\u00a0<a href=\"http:\/\/www.epnk.org\/\">(EPNK)<\/a>\u00a0\u00e7\u0259r\u00e7iv\u0259sind\u0259 h\u0259yata ke\u00e7irilir.<\/strong><\/em><\/span><\/h5>\n<h5><span style=\"color: #000080;\"><em><strong>Bu s\u0259hif\u0259d\u0259 yerl\u0259\u015fdiril\u0259n materiallara g\u00f6r\u0259 m\u0259suliyy\u0259ti jurnalistl\u0259r da\u015f\u0131y\u0131r , International Alert t\u0259\u015fkilat\u0131n\u0131n v\u0259 donorlar\u0131n n\u00f6qteyi-n\u0259z\u0259rini \u0259ks etdirm\u0259si m\u00fctl\u0259q deyil. Bizim jurnalistl\u0259r\u00a0<a href=\"https:\/\/www.facebook.com\/pg\/unheardvoices.intalert\/about\/\" target=\"_blank\" rel=\"noopener noreferrer\">buradak\u0131<\/a>\u00a0etik m\u0259c\u0259ll\u0259ni \u0259sas\u00a0g\u00f6t\u00fcr\u00fcr.<\/strong><\/em><\/span><\/h5>\n","protected":false},"excerpt":{"rendered":"<p>Qaraba\u011f m\u00fcnaqi\u015f\u0259si t\u0259r\u0259fl\u0259rinin aras\u0131nda m\u00fcbahis\u0259 m\u00f6vzusuna \u00e7evril\u0259n xal\u00e7alar<\/p>\n","protected":false},"author":6,"featured_media":22414,"comment_status":"closed","ping_status":"closed","sticky":false,"template":"","format":"standard","meta":{"_acf_changed":false,"footnotes":""},"categories":[328],"tags":[],"formation":[],"post-author":[3013],"topic":[],"tooltip":[],"city":[],"class_list":["post-11615","post","type-post","status-publish","format-standard","has-post-thumbnail","hentry","category-esidilmyn-sslr","post-author-lilit-avakyan"],"acf":[],"yoast_head":"<!-- This site is optimized with the Yoast SEO plugin v24.1 - https:\/\/yoast.com\/wordpress\/plugins\/seo\/ -->\n<title>Qaraba\u011f xal\u00e7as\u0131 \u2013 nifaq almas\u0131 - JAMnews<\/title>\n<meta name=\"robots\" content=\"index, follow, max-snippet:-1, max-image-preview:large, max-video-preview:-1\" \/>\n<link rel=\"canonical\" href=\"https:\/\/jam-news.net\/az\/qarabag-xalcasi-nifaq-almasi\/\" \/>\n<meta property=\"og:locale\" content=\"az_AZ\" \/>\n<meta property=\"og:type\" content=\"article\" \/>\n<meta property=\"og:title\" content=\"Qaraba\u011f xal\u00e7as\u0131 \u2013 nifaq almas\u0131 - JAMnews\" \/>\n<meta property=\"og:description\" content=\"Qaraba\u011f m\u00fcnaqi\u015f\u0259si t\u0259r\u0259fl\u0259rinin aras\u0131nda m\u00fcbahis\u0259 m\u00f6vzusuna \u00e7evril\u0259n xal\u00e7alar\" \/>\n<meta property=\"og:url\" content=\"https:\/\/jam-news.net\/az\/qarabag-xalcasi-nifaq-almasi\/\" \/>\n<meta property=\"og:site_name\" content=\"Azerbaijani Jamnews\" \/>\n<meta property=\"article:publisher\" content=\"https:\/\/www.facebook.com\/JAMnewsInEnglish\/\" \/>\n<meta property=\"article:published_time\" content=\"2019-08-06T20:00:00+00:00\" \/>\n<meta property=\"article:modified_time\" content=\"2021-11-05T13:12:01+00:00\" \/>\n<meta property=\"og:image\" content=\"https:\/\/jam-news.net\/app\/uploads\/2020\/03\/\u0561\u0580\u0581\u0561\u056d\u0575\u0561\u0576-\u0563\u0578\u0580\u0563-4-\u0565\u0580\u0565\u0584-\u0563\u0578\u0580\u0563-2.jpg\" \/>\n\t<meta property=\"og:image:width\" content=\"1177\" \/>\n\t<meta property=\"og:image:height\" content=\"883\" \/>\n\t<meta property=\"og:image:type\" content=\"image\/jpeg\" \/>\n<meta name=\"author\" content=\"Tatia nikoladze\" \/>\n<meta name=\"twitter:card\" content=\"summary_large_image\" \/>\n<meta name=\"twitter:creator\" content=\"@JAMnewsCaucasus\" \/>\n<meta name=\"twitter:site\" content=\"@JAMnewsCaucasus\" \/>\n<meta name=\"twitter:label1\" content=\"Written by\" \/>\n\t<meta name=\"twitter:data1\" content=\"Tatia nikoladze\" \/>\n\t<meta name=\"twitter:label2\" content=\"Est. reading time\" \/>\n\t<meta name=\"twitter:data2\" content=\"8 minutes\" \/>\n<script type=\"application\/ld+json\" class=\"yoast-schema-graph\">{\"@context\":\"https:\/\/schema.org\",\"@graph\":[{\"@type\":\"Article\",\"@id\":\"https:\/\/jam-news.net\/az\/qarabag-xalcasi-nifaq-almasi\/#article\",\"isPartOf\":{\"@id\":\"https:\/\/jam-news.net\/az\/qarabag-xalcasi-nifaq-almasi\/\"},\"author\":{\"name\":\"Tatia nikoladze\",\"@id\":\"https:\/\/jam-news.net\/az\/#\/schema\/person\/86c90ea4dd4c6e61e60ae51d24bc662c\"},\"headline\":\"Qaraba\u011f xal\u00e7as\u0131 \u2013 nifaq almas\u0131\",\"datePublished\":\"2019-08-06T20:00:00+00:00\",\"dateModified\":\"2021-11-05T13:12:01+00:00\",\"mainEntityOfPage\":{\"@id\":\"https:\/\/jam-news.net\/az\/qarabag-xalcasi-nifaq-almasi\/\"},\"wordCount\":1654,\"publisher\":{\"@id\":\"https:\/\/jam-news.net\/az\/#organization\"},\"image\":{\"@id\":\"https:\/\/jam-news.net\/az\/qarabag-xalcasi-nifaq-almasi\/#primaryimage\"},\"thumbnailUrl\":\"https:\/\/jam-news.net\/app\/uploads\/2020\/03\/\u0561\u0580\u0581\u0561\u056d\u0575\u0561\u0576-\u0563\u0578\u0580\u0563-4-\u0565\u0580\u0565\u0584-\u0563\u0578\u0580\u0563-2.jpg\",\"articleSection\":[\"Unheard Voices\"],\"inLanguage\":\"az\"},{\"@type\":\"WebPage\",\"@id\":\"https:\/\/jam-news.net\/az\/qarabag-xalcasi-nifaq-almasi\/\",\"url\":\"https:\/\/jam-news.net\/az\/qarabag-xalcasi-nifaq-almasi\/\",\"name\":\"Qaraba\u011f xal\u00e7as\u0131 \u2013 nifaq almas\u0131 - JAMnews\",\"isPartOf\":{\"@id\":\"https:\/\/jam-news.net\/az\/#website\"},\"primaryImageOfPage\":{\"@id\":\"https:\/\/jam-news.net\/az\/qarabag-xalcasi-nifaq-almasi\/#primaryimage\"},\"image\":{\"@id\":\"https:\/\/jam-news.net\/az\/qarabag-xalcasi-nifaq-almasi\/#primaryimage\"},\"thumbnailUrl\":\"https:\/\/jam-news.net\/app\/uploads\/2020\/03\/\u0561\u0580\u0581\u0561\u056d\u0575\u0561\u0576-\u0563\u0578\u0580\u0563-4-\u0565\u0580\u0565\u0584-\u0563\u0578\u0580\u0563-2.jpg\",\"datePublished\":\"2019-08-06T20:00:00+00:00\",\"dateModified\":\"2021-11-05T13:12:01+00:00\",\"breadcrumb\":{\"@id\":\"https:\/\/jam-news.net\/az\/qarabag-xalcasi-nifaq-almasi\/#breadcrumb\"},\"inLanguage\":\"az\",\"potentialAction\":[{\"@type\":\"ReadAction\",\"target\":[\"https:\/\/jam-news.net\/az\/qarabag-xalcasi-nifaq-almasi\/\"]}]},{\"@type\":\"ImageObject\",\"inLanguage\":\"az\",\"@id\":\"https:\/\/jam-news.net\/az\/qarabag-xalcasi-nifaq-almasi\/#primaryimage\",\"url\":\"https:\/\/jam-news.net\/app\/uploads\/2020\/03\/\u0561\u0580\u0581\u0561\u056d\u0575\u0561\u0576-\u0563\u0578\u0580\u0563-4-\u0565\u0580\u0565\u0584-\u0563\u0578\u0580\u0563-2.jpg\",\"contentUrl\":\"https:\/\/jam-news.net\/app\/uploads\/2020\/03\/\u0561\u0580\u0581\u0561\u056d\u0575\u0561\u0576-\u0563\u0578\u0580\u0563-4-\u0565\u0580\u0565\u0584-\u0563\u0578\u0580\u0563-2.jpg\",\"width\":1177,\"height\":883},{\"@type\":\"BreadcrumbList\",\"@id\":\"https:\/\/jam-news.net\/az\/qarabag-xalcasi-nifaq-almasi\/#breadcrumb\",\"itemListElement\":[{\"@type\":\"ListItem\",\"position\":1,\"name\":\"Home\",\"item\":\"https:\/\/jam-news.net\/az\/\"},{\"@type\":\"ListItem\",\"position\":2,\"name\":\"Qaraba\u011f xal\u00e7as\u0131 \u2013 nifaq almas\u0131\"}]},{\"@type\":\"WebSite\",\"@id\":\"https:\/\/jam-news.net\/az\/#website\",\"url\":\"https:\/\/jam-news.net\/az\/\",\"name\":\"Azerbaijani Jamnews\",\"description\":\"Caucasus News, Politics and Society\",\"publisher\":{\"@id\":\"https:\/\/jam-news.net\/az\/#organization\"},\"potentialAction\":[{\"@type\":\"SearchAction\",\"target\":{\"@type\":\"EntryPoint\",\"urlTemplate\":\"https:\/\/jam-news.net\/az\/?s={search_term_string}\"},\"query-input\":{\"@type\":\"PropertyValueSpecification\",\"valueRequired\":true,\"valueName\":\"search_term_string\"}}],\"inLanguage\":\"az\"},{\"@type\":\"Organization\",\"@id\":\"https:\/\/jam-news.net\/az\/#organization\",\"name\":\"JAMnews\",\"url\":\"https:\/\/jam-news.net\/az\/\",\"logo\":{\"@type\":\"ImageObject\",\"inLanguage\":\"az\",\"@id\":\"https:\/\/jam-news.net\/az\/#\/schema\/logo\/image\/\",\"url\":\"https:\/\/jam-news.net\/app\/uploads\/2020\/05\/JAM_w.jpg\",\"contentUrl\":\"https:\/\/jam-news.net\/app\/uploads\/2020\/05\/JAM_w.jpg\",\"width\":960,\"height\":960,\"caption\":\"JAMnews\"},\"image\":{\"@id\":\"https:\/\/jam-news.net\/az\/#\/schema\/logo\/image\/\"},\"sameAs\":[\"https:\/\/www.facebook.com\/JAMnewsInEnglish\/\",\"https:\/\/x.com\/JAMnewsCaucasus\",\"https:\/\/www.instagram.com\/jam_news\/\",\"https:\/\/www.youtube.com\/channel\/UCXQbUCme2pykuZYXWHx4VPg\"]},{\"@type\":\"Person\",\"@id\":\"https:\/\/jam-news.net\/az\/#\/schema\/person\/86c90ea4dd4c6e61e60ae51d24bc662c\",\"name\":\"Tatia nikoladze\",\"image\":{\"@type\":\"ImageObject\",\"inLanguage\":\"az\",\"@id\":\"https:\/\/jam-news.net\/az\/#\/schema\/person\/image\/\",\"url\":\"https:\/\/secure.gravatar.com\/avatar\/1f8b2c8ce4c25cc30806785bafe6bb03?s=96&d=mm&r=g\",\"contentUrl\":\"https:\/\/secure.gravatar.com\/avatar\/1f8b2c8ce4c25cc30806785bafe6bb03?s=96&d=mm&r=g\",\"caption\":\"Tatia nikoladze\"},\"url\":\"https:\/\/jam-news.net\/az\/author\/tatiani\/\"}]}<\/script>\n<!-- \/ Yoast SEO plugin. -->","yoast_head_json":{"title":"Qaraba\u011f xal\u00e7as\u0131 \u2013 nifaq almas\u0131 - JAMnews","robots":{"index":"index","follow":"follow","max-snippet":"max-snippet:-1","max-image-preview":"max-image-preview:large","max-video-preview":"max-video-preview:-1"},"canonical":"https:\/\/jam-news.net\/az\/qarabag-xalcasi-nifaq-almasi\/","og_locale":"az_AZ","og_type":"article","og_title":"Qaraba\u011f xal\u00e7as\u0131 \u2013 nifaq almas\u0131 - JAMnews","og_description":"Qaraba\u011f m\u00fcnaqi\u015f\u0259si t\u0259r\u0259fl\u0259rinin aras\u0131nda m\u00fcbahis\u0259 m\u00f6vzusuna \u00e7evril\u0259n xal\u00e7alar","og_url":"https:\/\/jam-news.net\/az\/qarabag-xalcasi-nifaq-almasi\/","og_site_name":"Azerbaijani Jamnews","article_publisher":"https:\/\/www.facebook.com\/JAMnewsInEnglish\/","article_published_time":"2019-08-06T20:00:00+00:00","article_modified_time":"2021-11-05T13:12:01+00:00","og_image":[{"width":1177,"height":883,"url":"https:\/\/jam-news.net\/app\/uploads\/2020\/03\/\u0561\u0580\u0581\u0561\u056d\u0575\u0561\u0576-\u0563\u0578\u0580\u0563-4-\u0565\u0580\u0565\u0584-\u0563\u0578\u0580\u0563-2.jpg","type":"image\/jpeg"}],"author":"Tatia nikoladze","twitter_card":"summary_large_image","twitter_creator":"@JAMnewsCaucasus","twitter_site":"@JAMnewsCaucasus","twitter_misc":{"Written by":"Tatia nikoladze","Est. reading time":"8 minutes"},"schema":{"@context":"https:\/\/schema.org","@graph":[{"@type":"Article","@id":"https:\/\/jam-news.net\/az\/qarabag-xalcasi-nifaq-almasi\/#article","isPartOf":{"@id":"https:\/\/jam-news.net\/az\/qarabag-xalcasi-nifaq-almasi\/"},"author":{"name":"Tatia nikoladze","@id":"https:\/\/jam-news.net\/az\/#\/schema\/person\/86c90ea4dd4c6e61e60ae51d24bc662c"},"headline":"Qaraba\u011f xal\u00e7as\u0131 \u2013 nifaq almas\u0131","datePublished":"2019-08-06T20:00:00+00:00","dateModified":"2021-11-05T13:12:01+00:00","mainEntityOfPage":{"@id":"https:\/\/jam-news.net\/az\/qarabag-xalcasi-nifaq-almasi\/"},"wordCount":1654,"publisher":{"@id":"https:\/\/jam-news.net\/az\/#organization"},"image":{"@id":"https:\/\/jam-news.net\/az\/qarabag-xalcasi-nifaq-almasi\/#primaryimage"},"thumbnailUrl":"https:\/\/jam-news.net\/app\/uploads\/2020\/03\/\u0561\u0580\u0581\u0561\u056d\u0575\u0561\u0576-\u0563\u0578\u0580\u0563-4-\u0565\u0580\u0565\u0584-\u0563\u0578\u0580\u0563-2.jpg","articleSection":["Unheard Voices"],"inLanguage":"az"},{"@type":"WebPage","@id":"https:\/\/jam-news.net\/az\/qarabag-xalcasi-nifaq-almasi\/","url":"https:\/\/jam-news.net\/az\/qarabag-xalcasi-nifaq-almasi\/","name":"Qaraba\u011f xal\u00e7as\u0131 \u2013 nifaq almas\u0131 - JAMnews","isPartOf":{"@id":"https:\/\/jam-news.net\/az\/#website"},"primaryImageOfPage":{"@id":"https:\/\/jam-news.net\/az\/qarabag-xalcasi-nifaq-almasi\/#primaryimage"},"image":{"@id":"https:\/\/jam-news.net\/az\/qarabag-xalcasi-nifaq-almasi\/#primaryimage"},"thumbnailUrl":"https:\/\/jam-news.net\/app\/uploads\/2020\/03\/\u0561\u0580\u0581\u0561\u056d\u0575\u0561\u0576-\u0563\u0578\u0580\u0563-4-\u0565\u0580\u0565\u0584-\u0563\u0578\u0580\u0563-2.jpg","datePublished":"2019-08-06T20:00:00+00:00","dateModified":"2021-11-05T13:12:01+00:00","breadcrumb":{"@id":"https:\/\/jam-news.net\/az\/qarabag-xalcasi-nifaq-almasi\/#breadcrumb"},"inLanguage":"az","potentialAction":[{"@type":"ReadAction","target":["https:\/\/jam-news.net\/az\/qarabag-xalcasi-nifaq-almasi\/"]}]},{"@type":"ImageObject","inLanguage":"az","@id":"https:\/\/jam-news.net\/az\/qarabag-xalcasi-nifaq-almasi\/#primaryimage","url":"https:\/\/jam-news.net\/app\/uploads\/2020\/03\/\u0561\u0580\u0581\u0561\u056d\u0575\u0561\u0576-\u0563\u0578\u0580\u0563-4-\u0565\u0580\u0565\u0584-\u0563\u0578\u0580\u0563-2.jpg","contentUrl":"https:\/\/jam-news.net\/app\/uploads\/2020\/03\/\u0561\u0580\u0581\u0561\u056d\u0575\u0561\u0576-\u0563\u0578\u0580\u0563-4-\u0565\u0580\u0565\u0584-\u0563\u0578\u0580\u0563-2.jpg","width":1177,"height":883},{"@type":"BreadcrumbList","@id":"https:\/\/jam-news.net\/az\/qarabag-xalcasi-nifaq-almasi\/#breadcrumb","itemListElement":[{"@type":"ListItem","position":1,"name":"Home","item":"https:\/\/jam-news.net\/az\/"},{"@type":"ListItem","position":2,"name":"Qaraba\u011f xal\u00e7as\u0131 \u2013 nifaq almas\u0131"}]},{"@type":"WebSite","@id":"https:\/\/jam-news.net\/az\/#website","url":"https:\/\/jam-news.net\/az\/","name":"Azerbaijani Jamnews","description":"Caucasus News, Politics and Society","publisher":{"@id":"https:\/\/jam-news.net\/az\/#organization"},"potentialAction":[{"@type":"SearchAction","target":{"@type":"EntryPoint","urlTemplate":"https:\/\/jam-news.net\/az\/?s={search_term_string}"},"query-input":{"@type":"PropertyValueSpecification","valueRequired":true,"valueName":"search_term_string"}}],"inLanguage":"az"},{"@type":"Organization","@id":"https:\/\/jam-news.net\/az\/#organization","name":"JAMnews","url":"https:\/\/jam-news.net\/az\/","logo":{"@type":"ImageObject","inLanguage":"az","@id":"https:\/\/jam-news.net\/az\/#\/schema\/logo\/image\/","url":"https:\/\/jam-news.net\/app\/uploads\/2020\/05\/JAM_w.jpg","contentUrl":"https:\/\/jam-news.net\/app\/uploads\/2020\/05\/JAM_w.jpg","width":960,"height":960,"caption":"JAMnews"},"image":{"@id":"https:\/\/jam-news.net\/az\/#\/schema\/logo\/image\/"},"sameAs":["https:\/\/www.facebook.com\/JAMnewsInEnglish\/","https:\/\/x.com\/JAMnewsCaucasus","https:\/\/www.instagram.com\/jam_news\/","https:\/\/www.youtube.com\/channel\/UCXQbUCme2pykuZYXWHx4VPg"]},{"@type":"Person","@id":"https:\/\/jam-news.net\/az\/#\/schema\/person\/86c90ea4dd4c6e61e60ae51d24bc662c","name":"Tatia nikoladze","image":{"@type":"ImageObject","inLanguage":"az","@id":"https:\/\/jam-news.net\/az\/#\/schema\/person\/image\/","url":"https:\/\/secure.gravatar.com\/avatar\/1f8b2c8ce4c25cc30806785bafe6bb03?s=96&d=mm&r=g","contentUrl":"https:\/\/secure.gravatar.com\/avatar\/1f8b2c8ce4c25cc30806785bafe6bb03?s=96&d=mm&r=g","caption":"Tatia nikoladze"},"url":"https:\/\/jam-news.net\/az\/author\/tatiani\/"}]}},"_links":{"self":[{"href":"https:\/\/jam-news.net\/az\/wp-json\/wp\/v2\/posts\/11615","targetHints":{"allow":["GET"]}}],"collection":[{"href":"https:\/\/jam-news.net\/az\/wp-json\/wp\/v2\/posts"}],"about":[{"href":"https:\/\/jam-news.net\/az\/wp-json\/wp\/v2\/types\/post"}],"author":[{"embeddable":true,"href":"https:\/\/jam-news.net\/az\/wp-json\/wp\/v2\/users\/6"}],"replies":[{"embeddable":true,"href":"https:\/\/jam-news.net\/az\/wp-json\/wp\/v2\/comments?post=11615"}],"version-history":[{"count":1,"href":"https:\/\/jam-news.net\/az\/wp-json\/wp\/v2\/posts\/11615\/revisions"}],"predecessor-version":[{"id":13788,"href":"https:\/\/jam-news.net\/az\/wp-json\/wp\/v2\/posts\/11615\/revisions\/13788"}],"wp:featuredmedia":[{"embeddable":true,"href":"https:\/\/jam-news.net\/az\/wp-json\/wp\/v2\/media\/22414"}],"wp:attachment":[{"href":"https:\/\/jam-news.net\/az\/wp-json\/wp\/v2\/media?parent=11615"}],"wp:term":[{"taxonomy":"category","embeddable":true,"href":"https:\/\/jam-news.net\/az\/wp-json\/wp\/v2\/categories?post=11615"},{"taxonomy":"post_tag","embeddable":true,"href":"https:\/\/jam-news.net\/az\/wp-json\/wp\/v2\/tags?post=11615"},{"taxonomy":"formation","embeddable":true,"href":"https:\/\/jam-news.net\/az\/wp-json\/wp\/v2\/formation?post=11615"},{"taxonomy":"post-author","embeddable":true,"href":"https:\/\/jam-news.net\/az\/wp-json\/wp\/v2\/post-author?post=11615"},{"taxonomy":"topic","embeddable":true,"href":"https:\/\/jam-news.net\/az\/wp-json\/wp\/v2\/topic?post=11615"},{"taxonomy":"tooltip","embeddable":true,"href":"https:\/\/jam-news.net\/az\/wp-json\/wp\/v2\/tooltip?post=11615"},{"taxonomy":"city","embeddable":true,"href":"https:\/\/jam-news.net\/az\/wp-json\/wp\/v2\/city?post=11615"}],"curies":[{"name":"wp","href":"https:\/\/api.w.org\/{rel}","templated":true}]}}