{"id":11578,"date":"2019-08-01T00:00:00","date_gmt":"2019-08-01T00:00:00","guid":{"rendered":"http:\/\/jam-news.net\/az\/az%c9%99rbaycanda-bir-n%c9%99f%c9%99r-qarayadan-v%c9%99fat-edib\/"},"modified":"2020-03-18T12:34:31","modified_gmt":"2020-03-18T12:34:31","slug":"az%c9%99rbaycanda-bir-n%c9%99f%c9%99r-qarayadan-v%c9%99fat-edib","status":"publish","type":"post","link":"https:\/\/jam-news.net\/az\/az%c9%99rbaycanda-bir-n%c9%99f%c9%99r-qarayadan-v%c9%99fat-edib\/","title":{"rendered":"Az\u0259rbaycanda bir n\u0259f\u0259r qarayaradan v\u0259fat edib"},"content":{"rendered":"<p><span style=\"font-weight: 400;\">Sabirabad rayonunda bir n\u0259f\u0259r qarayara x\u0259st\u0259liyind\u0259n v\u0259fat edib. X\u0259st\u0259liy\u0259 yoluxmu\u015f daha bir n\u0259f\u0259r x\u0259st\u0259xanadad\u0131r.<\/span><\/p>\n<p><b><a href=\"https:\/\/jam-news.net\/biz%c9%99-aid-deyilmis-kimi-az%c9%99rbaycanda-narkomaniya\/?lang=az-AZ\"><strong>\u2022\u00a0<\/strong><span style=\"text-decoration: underline;\">Biz\u0259 aid deyilmi\u015f kimi: Az\u0259rbaycanda narkotik alud\u0259\u00e7iliyi<\/span><\/a><\/b><\/p>\n<p><a href=\"https:\/\/jam-news.net\/gurcustanda-hiv-%c9%99-yoluxmus-insanlar-nec%c9%99-yasayir\/?lang=az-AZ\"><strong>\u2022\u00a0<span style=\"text-decoration: underline;\">H\u0130V-\u0259 yoluxanlar G\u00fcrc\u00fcstanda nec\u0259 ya\u015fay\u0131r?<\/span><\/strong><\/a><\/p>\n<p><strong><a href=\"https:\/\/jam-news.net\/korlar-xoru-bir-b%c9%99d%c9%99n-bir-q%c9%99lb\/?lang=az-AZ\">\u2022\u00a0<span style=\"text-decoration: underline;\">Kor musiqi\u00e7il\u0259r v\u0259 onlar\u0131n Erm\u0259nistandak\u0131 unikal layih\u0259si<\/span><\/a><\/strong><\/p>\n<p><span style=\"font-weight: 400;\">Bu, uzun ill\u0259r \u0259rzind\u0259 Az\u0259rbaycanda qarayaradan ilk \u00f6l\u00fcm hal\u0131d\u0131r.<\/span><\/p>\n<h3 style=\"text-align: center;\"><span style=\"color: #000080;\"><b>Qarayara n\u0259dir?<\/b><\/span><\/h3>\n<p><span style=\"font-weight: 400;\">Qarayara \u201cSibir yaras\u0131\u201d da adland\u0131r\u0131lan x\u00fcsusi t\u0259hl\u00fck\u0259li yoluxucu x\u0259st\u0259likdir.<\/span><\/p>\n<p><span style=\"font-weight: 400;\">\u0130nfeksiya sporlar\u0131 torpaqda olur. Oradan malqaraya ke\u00e7\u0259, daha sonra is\u0259 insana \u00f6t\u00fcr\u00fcl\u0259 bil\u0259r.<\/span><\/p>\n<p><span style=\"font-weight: 400;\">Buna g\u00f6r\u0259 d\u0259 heyvandarl\u0131q fermalar\u0131n\u0131n, q\u0259ssabxanalar\u0131n v\u0259 \u0259t kombinatlar\u0131n\u0131n i\u015f\u00e7il\u0259ri, baytarlar risk qrupuna daxildirl\u0259r.<\/span><\/p>\n<p><span style=\"font-weight: 400;\">Bu x\u0259st\u0259lik insandan insana praktiki olaraq he\u00e7 vaxt \u00f6t\u00fcr\u00fclm\u00fcr.<\/span><\/p>\n<h3 style=\"text-align: center;\"><span style=\"color: #000080;\"><b>Sabirabadda n\u0259 ba\u015f verib?<\/b><\/span><\/h3>\n<p><span style=\"font-weight: 400;\">\u0130ki n\u0259f\u0259r y\u00fcks\u0259k h\u0259rar\u0259tl\u0259 Sabirabad \u015f\u0259h\u0259r x\u0259st\u0259xanas\u0131na m\u00fcraci\u0259t edib \u2013 Az\u0259rTac <\/span><a href=\"https:\/\/azertag.az\/ru\/xeber\/V_Sabirabade_dvoe_zarazilis_sibirskoi_yazvoi_odnogo_iz_nih_ne_udalos_spasti-1313034\"><b><i>x\u0259b\u0259r verir<\/i><\/b><\/a><span style=\"font-weight: 400;\">.\u00a0<\/span><\/p>\n<p><span style=\"font-weight: 400;\">M\u00fcayin\u0259 zaman\u0131 onlar\u0131n qarayara x\u0259st\u0259liyin\u0259 yoluxduqlar\u0131 m\u00fc\u0259yy\u0259n olunub v\u0259 x\u0259st\u0259l\u0259ri Bak\u0131ya g\u0259tiribl\u0259r.<\/span><\/p>\n<p><span style=\"font-weight: 400;\">Bir ne\u00e7\u0259 g\u00fcnd\u0259n sonra onlardan biri \u2013 60 ya\u015fl\u0131 ki\u015fi v\u0259fat edib. \u0130kinci haz\u0131rda m\u00fcalic\u0259 olunur.<\/span><\/p>\n<p><span style=\"font-weight: 400;\">Qida T\u0259hl\u00fck\u0259sizliyi Agentliyi Sabirabada <\/span><a href=\"https:\/\/ru.oxu.az\/society\/324027\"><b><i>x\u00fcsusi qrup<\/i><\/b><\/a>\u00a0<span style=\"font-weight: 400;\">g\u00f6nd\u0259rib, amma yoluxma m\u0259nb\u0259yini h\u0259l\u0259 tapmaq m\u00fcmk\u00fcn olmay\u0131b.\u00a0<\/span><\/p>\n<p><span style=\"font-weight: 400;\">2014-c\u00fc ild\u0259n ba\u015flayaraq h\u0259r il Az\u0259rbaycanda 10-a q\u0259d\u0259r qarayara yoluxmas\u0131 hal\u0131 qeyd\u0259 al\u0131n\u0131r. Amma indiy\u0259 q\u0259d\u0259r birc\u0259 d\u0259f\u0259 d\u0259 olsun \u00f6l\u00fcm hadis\u0259si olmam\u0131\u015fd\u0131.<\/span><\/p>\n<p><span style=\"font-weight: 400;\">\u00dcmumilikd\u0259 2019-cu ilin \u0259vv\u0259lind\u0259n bu yana Az\u0259rbaycanda yeddi n\u0259f\u0259r qarayaraya yoluxub.<\/span><\/p>\n<p><span style=\"font-weight: 400;\">2014-c\u00fc il\u0259 q\u0259d\u0259r statistika m\u0259lum deyil.<\/span><\/p>\n<h3 style=\"text-align: center;\"><span style=\"color: #000080;\"><b>Nec\u0259 yoluxmamal\u0131?<\/b><\/span><\/h3>\n<p><span style=\"font-weight: 400;\">Risk qrupuna daxil olan insanlara peyv\u0259nd vurdurmaq m\u0259sl\u0259h\u0259tdir.<\/span><\/p>\n<p><span style=\"font-weight: 400;\">Qalanlar\u0131n is\u0259 \u0259ti etibarl\u0131 yerl\u0259rd\u0259n almas\u0131 v\u0259 ala\u00e7iy v\u0259ziyy\u0259td\u0259 yem\u0259m\u0259si kifay\u0259tdir.<\/span><\/p>\n<p><div class=\"su-divider su-divider-style-default\" style=\"margin:15px 0;border-width:3px;border-color:#999999\"><a href=\"#\" style=\"color:#999999\">Go to top<\/a><\/div> <\/p>\n<p><\/p>\n","protected":false},"excerpt":{"rendered":"<p>Bu, uzun ill\u0259r \u0259rzind\u0259 h\u0259min x\u0259st\u0259likd\u0259n ilk \u00f6l\u00fcm hal\u0131d\u0131r<\/p>\n","protected":false},"author":3,"featured_media":22398,"comment_status":"open","ping_status":"open","sticky":false,"template":"","format":"standard","meta":{"_acf_changed":false,"footnotes":""},"categories":[17,2,50],"tags":[18,256,257,93,258,94,95,259,260,261,262,263,204,101,146,147,148,96,152,153,57,58,154,155,157],"formation":[],"post-author":[],"topic":[],"tooltip":[],"city":[],"class_list":["post-11578","post","type-post","status-publish","format-standard","has-post-thumbnail","hentry","category-azrbaycan","category-cografiya","category-xbrlr","tag-azrbaycan","tag-azrbaycan-bu-gun","tag-azrbaycan-trafinda-xbrlr","tag-azrbaycan-harada-yerlsir","tag-azrbaycan-hokumti","tag-azrbaycan-xbrlri","tag-azrbaycanda-hara-sfr-etmli","tag-azrbaycanda-n-bas-verir","tag-azrbaycanda-siyast","tag-azrbaycanda-vziyyt","tag-azrbaycandan-hekaylr","tag-azrbaycandan-xbrlr","tag-baki","tag-qafqaz","tag-qafqaz-bu-gun","tag-qafqaz-cmiyyti","tag-qafqaz-trafinda-xbrlr","tag-qafqaz-iqtisadiyyati","tag-qafqaz-xbrlri","tag-qafqazda-hyat","tag-qafqazda-siyast","tag-qafqazdaki-munaqislr","tag-qafqazin-tarixi","tag-rngli-qafqaz","tag-xbrlr"],"acf":[],"yoast_head":"<!-- This site is optimized with the Yoast SEO plugin v24.1 - https:\/\/yoast.com\/wordpress\/plugins\/seo\/ -->\n<title>Az\u0259rbaycanda bir n\u0259f\u0259r qarayaradan v\u0259fat edib - JAMnews<\/title>\n<meta name=\"robots\" content=\"index, follow, max-snippet:-1, max-image-preview:large, max-video-preview:-1\" \/>\n<link rel=\"canonical\" href=\"https:\/\/jam-news.net\/az\/az\u0259rbaycanda-bir-n\u0259f\u0259r-qarayadan-v\u0259fat-edib\/\" \/>\n<meta property=\"og:locale\" content=\"az_AZ\" \/>\n<meta property=\"og:type\" content=\"article\" \/>\n<meta property=\"og:title\" content=\"Az\u0259rbaycanda bir n\u0259f\u0259r qarayaradan v\u0259fat edib - JAMnews\" \/>\n<meta property=\"og:description\" content=\"Bu, uzun ill\u0259r \u0259rzind\u0259 h\u0259min x\u0259st\u0259likd\u0259n ilk \u00f6l\u00fcm hal\u0131d\u0131r\" \/>\n<meta property=\"og:url\" content=\"https:\/\/jam-news.net\/az\/az\u0259rbaycanda-bir-n\u0259f\u0259r-qarayadan-v\u0259fat-edib\/\" \/>\n<meta property=\"og:site_name\" content=\"Azerbaijani Jamnews\" \/>\n<meta property=\"article:publisher\" content=\"https:\/\/www.facebook.com\/JAMnewsInEnglish\/\" \/>\n<meta property=\"article:published_time\" content=\"2019-08-01T00:00:00+00:00\" \/>\n<meta property=\"article:modified_time\" content=\"2020-03-18T12:34:31+00:00\" \/>\n<meta property=\"og:image\" content=\"https:\/\/jam-news.net\/app\/uploads\/2020\/03\/68606700_607506856443299_6012686856980791296_n-3.jpg\" \/>\n\t<meta property=\"og:image:width\" content=\"1799\" \/>\n\t<meta property=\"og:image:height\" content=\"1126\" \/>\n\t<meta property=\"og:image:type\" content=\"image\/jpeg\" \/>\n<meta name=\"author\" content=\"JAMnews\" \/>\n<meta name=\"twitter:card\" content=\"summary_large_image\" \/>\n<meta name=\"twitter:creator\" content=\"@JAMnewsCaucasus\" \/>\n<meta name=\"twitter:site\" content=\"@JAMnewsCaucasus\" \/>\n<meta name=\"twitter:label1\" content=\"Written by\" \/>\n\t<meta name=\"twitter:data1\" content=\"JAMnews\" \/>\n\t<meta name=\"twitter:label2\" content=\"Est. reading time\" \/>\n\t<meta name=\"twitter:data2\" content=\"2 minutes\" \/>\n<script type=\"application\/ld+json\" class=\"yoast-schema-graph\">{\"@context\":\"https:\/\/schema.org\",\"@graph\":[{\"@type\":\"Article\",\"@id\":\"https:\/\/jam-news.net\/az\/az%c9%99rbaycanda-bir-n%c9%99f%c9%99r-qarayadan-v%c9%99fat-edib\/#article\",\"isPartOf\":{\"@id\":\"https:\/\/jam-news.net\/az\/az%c9%99rbaycanda-bir-n%c9%99f%c9%99r-qarayadan-v%c9%99fat-edib\/\"},\"author\":{\"name\":\"JAMnews\",\"@id\":\"https:\/\/jam-news.net\/az\/#\/schema\/person\/67df3bb7adb46cd513fb9c4cb02361c6\"},\"headline\":\"Az\u0259rbaycanda bir n\u0259f\u0259r qarayaradan v\u0259fat edib\",\"datePublished\":\"2019-08-01T00:00:00+00:00\",\"dateModified\":\"2020-03-18T12:34:31+00:00\",\"mainEntityOfPage\":{\"@id\":\"https:\/\/jam-news.net\/az\/az%c9%99rbaycanda-bir-n%c9%99f%c9%99r-qarayadan-v%c9%99fat-edib\/\"},\"wordCount\":374,\"commentCount\":0,\"publisher\":{\"@id\":\"https:\/\/jam-news.net\/az\/#organization\"},\"image\":{\"@id\":\"https:\/\/jam-news.net\/az\/az%c9%99rbaycanda-bir-n%c9%99f%c9%99r-qarayadan-v%c9%99fat-edib\/#primaryimage\"},\"thumbnailUrl\":\"https:\/\/jam-news.net\/app\/uploads\/2020\/03\/68606700_607506856443299_6012686856980791296_n-3.jpg\",\"keywords\":[\"Az\u0259rbaycan\",\"Az\u0259rbaycan bu g\u00fcn\",\"Az\u0259rbaycan \u0259traf\u0131nda x\u0259b\u0259rl\u0259r\",\"Az\u0259rbaycan harada yerl\u0259\u015fir\",\"Az\u0259rbaycan h\u00f6kum\u0259ti\",\"Az\u0259rbaycan x\u0259b\u0259rl\u0259ri\",\"Az\u0259rbaycanda hara s\u0259f\u0259r etm\u0259li\",\"Az\u0259rbaycanda n\u0259 ba\u015f verir\",\"Az\u0259rbaycanda siyas\u0259t\",\"Az\u0259rbaycanda v\u0259ziyy\u0259t\",\"Az\u0259rbaycandan hekay\u0259l\u0259r\",\"Az\u0259rbaycandan x\u0259b\u0259rl\u0259r\",\"Bak\u0131\",\"Qafqaz\",\"Qafqaz bu g\u00fcn\",\"Qafqaz c\u0259miyy\u0259ti\",\"Qafqaz \u0259traf\u0131nda x\u0259b\u0259rl\u0259r\",\"Qafqaz iqtisadiyyat\u0131\",\"Qafqaz x\u0259b\u0259rl\u0259ri\",\"Qafqazda h\u0259yat\",\"Qafqazda siyas\u0259t\",\"Qafqazdak\u0131 m\u00fcnaqi\u015f\u0259l\u0259r\",\"Qafqaz\u0131n tarixi\",\"r\u0259ngli Qafqaz\",\"X\u0259b\u0259rl\u0259r\"],\"articleSection\":[\"Azerbaijan\",\"Geography\",\"News\"],\"inLanguage\":\"az\"},{\"@type\":\"WebPage\",\"@id\":\"https:\/\/jam-news.net\/az\/az%c9%99rbaycanda-bir-n%c9%99f%c9%99r-qarayadan-v%c9%99fat-edib\/\",\"url\":\"https:\/\/jam-news.net\/az\/az%c9%99rbaycanda-bir-n%c9%99f%c9%99r-qarayadan-v%c9%99fat-edib\/\",\"name\":\"Az\u0259rbaycanda bir n\u0259f\u0259r qarayaradan v\u0259fat edib - JAMnews\",\"isPartOf\":{\"@id\":\"https:\/\/jam-news.net\/az\/#website\"},\"primaryImageOfPage\":{\"@id\":\"https:\/\/jam-news.net\/az\/az%c9%99rbaycanda-bir-n%c9%99f%c9%99r-qarayadan-v%c9%99fat-edib\/#primaryimage\"},\"image\":{\"@id\":\"https:\/\/jam-news.net\/az\/az%c9%99rbaycanda-bir-n%c9%99f%c9%99r-qarayadan-v%c9%99fat-edib\/#primaryimage\"},\"thumbnailUrl\":\"https:\/\/jam-news.net\/app\/uploads\/2020\/03\/68606700_607506856443299_6012686856980791296_n-3.jpg\",\"datePublished\":\"2019-08-01T00:00:00+00:00\",\"dateModified\":\"2020-03-18T12:34:31+00:00\",\"breadcrumb\":{\"@id\":\"https:\/\/jam-news.net\/az\/az%c9%99rbaycanda-bir-n%c9%99f%c9%99r-qarayadan-v%c9%99fat-edib\/#breadcrumb\"},\"inLanguage\":\"az\",\"potentialAction\":[{\"@type\":\"ReadAction\",\"target\":[\"https:\/\/jam-news.net\/az\/az%c9%99rbaycanda-bir-n%c9%99f%c9%99r-qarayadan-v%c9%99fat-edib\/\"]}]},{\"@type\":\"ImageObject\",\"inLanguage\":\"az\",\"@id\":\"https:\/\/jam-news.net\/az\/az%c9%99rbaycanda-bir-n%c9%99f%c9%99r-qarayadan-v%c9%99fat-edib\/#primaryimage\",\"url\":\"https:\/\/jam-news.net\/app\/uploads\/2020\/03\/68606700_607506856443299_6012686856980791296_n-3.jpg\",\"contentUrl\":\"https:\/\/jam-news.net\/app\/uploads\/2020\/03\/68606700_607506856443299_6012686856980791296_n-3.jpg\",\"width\":1799,\"height\":1126},{\"@type\":\"BreadcrumbList\",\"@id\":\"https:\/\/jam-news.net\/az\/az%c9%99rbaycanda-bir-n%c9%99f%c9%99r-qarayadan-v%c9%99fat-edib\/#breadcrumb\",\"itemListElement\":[{\"@type\":\"ListItem\",\"position\":1,\"name\":\"Home\",\"item\":\"https:\/\/jam-news.net\/az\/\"},{\"@type\":\"ListItem\",\"position\":2,\"name\":\"Az\u0259rbaycanda bir n\u0259f\u0259r qarayaradan v\u0259fat edib\"}]},{\"@type\":\"WebSite\",\"@id\":\"https:\/\/jam-news.net\/az\/#website\",\"url\":\"https:\/\/jam-news.net\/az\/\",\"name\":\"Azerbaijani Jamnews\",\"description\":\"Caucasus News, Politics and Society\",\"publisher\":{\"@id\":\"https:\/\/jam-news.net\/az\/#organization\"},\"potentialAction\":[{\"@type\":\"SearchAction\",\"target\":{\"@type\":\"EntryPoint\",\"urlTemplate\":\"https:\/\/jam-news.net\/az\/?s={search_term_string}\"},\"query-input\":{\"@type\":\"PropertyValueSpecification\",\"valueRequired\":true,\"valueName\":\"search_term_string\"}}],\"inLanguage\":\"az\"},{\"@type\":\"Organization\",\"@id\":\"https:\/\/jam-news.net\/az\/#organization\",\"name\":\"JAMnews\",\"url\":\"https:\/\/jam-news.net\/az\/\",\"logo\":{\"@type\":\"ImageObject\",\"inLanguage\":\"az\",\"@id\":\"https:\/\/jam-news.net\/az\/#\/schema\/logo\/image\/\",\"url\":\"https:\/\/jam-news.net\/app\/uploads\/2020\/05\/JAM_w.jpg\",\"contentUrl\":\"https:\/\/jam-news.net\/app\/uploads\/2020\/05\/JAM_w.jpg\",\"width\":960,\"height\":960,\"caption\":\"JAMnews\"},\"image\":{\"@id\":\"https:\/\/jam-news.net\/az\/#\/schema\/logo\/image\/\"},\"sameAs\":[\"https:\/\/www.facebook.com\/JAMnewsInEnglish\/\",\"https:\/\/x.com\/JAMnewsCaucasus\",\"https:\/\/www.instagram.com\/jam_news\/\",\"https:\/\/www.youtube.com\/channel\/UCXQbUCme2pykuZYXWHx4VPg\"]},{\"@type\":\"Person\",\"@id\":\"https:\/\/jam-news.net\/az\/#\/schema\/person\/67df3bb7adb46cd513fb9c4cb02361c6\",\"name\":\"JAMnews\",\"image\":{\"@type\":\"ImageObject\",\"inLanguage\":\"az\",\"@id\":\"https:\/\/jam-news.net\/az\/#\/schema\/person\/image\/\",\"url\":\"https:\/\/secure.gravatar.com\/avatar\/e5c27593ef900c3ab3deed4ed1c653d7?s=96&d=mm&r=g\",\"contentUrl\":\"https:\/\/secure.gravatar.com\/avatar\/e5c27593ef900c3ab3deed4ed1c653d7?s=96&d=mm&r=g\",\"caption\":\"JAMnews\"},\"url\":\"https:\/\/jam-news.net\/az\/author\/margarita\/\"}]}<\/script>\n<!-- \/ Yoast SEO plugin. -->","yoast_head_json":{"title":"Az\u0259rbaycanda bir n\u0259f\u0259r qarayaradan v\u0259fat edib - JAMnews","robots":{"index":"index","follow":"follow","max-snippet":"max-snippet:-1","max-image-preview":"max-image-preview:large","max-video-preview":"max-video-preview:-1"},"canonical":"https:\/\/jam-news.net\/az\/az\u0259rbaycanda-bir-n\u0259f\u0259r-qarayadan-v\u0259fat-edib\/","og_locale":"az_AZ","og_type":"article","og_title":"Az\u0259rbaycanda bir n\u0259f\u0259r qarayaradan v\u0259fat edib - JAMnews","og_description":"Bu, uzun ill\u0259r \u0259rzind\u0259 h\u0259min x\u0259st\u0259likd\u0259n ilk \u00f6l\u00fcm hal\u0131d\u0131r","og_url":"https:\/\/jam-news.net\/az\/az\u0259rbaycanda-bir-n\u0259f\u0259r-qarayadan-v\u0259fat-edib\/","og_site_name":"Azerbaijani Jamnews","article_publisher":"https:\/\/www.facebook.com\/JAMnewsInEnglish\/","article_published_time":"2019-08-01T00:00:00+00:00","article_modified_time":"2020-03-18T12:34:31+00:00","og_image":[{"width":1799,"height":1126,"url":"https:\/\/jam-news.net\/app\/uploads\/2020\/03\/68606700_607506856443299_6012686856980791296_n-3.jpg","type":"image\/jpeg"}],"author":"JAMnews","twitter_card":"summary_large_image","twitter_creator":"@JAMnewsCaucasus","twitter_site":"@JAMnewsCaucasus","twitter_misc":{"Written by":"JAMnews","Est. reading time":"2 minutes"},"schema":{"@context":"https:\/\/schema.org","@graph":[{"@type":"Article","@id":"https:\/\/jam-news.net\/az\/az%c9%99rbaycanda-bir-n%c9%99f%c9%99r-qarayadan-v%c9%99fat-edib\/#article","isPartOf":{"@id":"https:\/\/jam-news.net\/az\/az%c9%99rbaycanda-bir-n%c9%99f%c9%99r-qarayadan-v%c9%99fat-edib\/"},"author":{"name":"JAMnews","@id":"https:\/\/jam-news.net\/az\/#\/schema\/person\/67df3bb7adb46cd513fb9c4cb02361c6"},"headline":"Az\u0259rbaycanda bir n\u0259f\u0259r qarayaradan v\u0259fat edib","datePublished":"2019-08-01T00:00:00+00:00","dateModified":"2020-03-18T12:34:31+00:00","mainEntityOfPage":{"@id":"https:\/\/jam-news.net\/az\/az%c9%99rbaycanda-bir-n%c9%99f%c9%99r-qarayadan-v%c9%99fat-edib\/"},"wordCount":374,"commentCount":0,"publisher":{"@id":"https:\/\/jam-news.net\/az\/#organization"},"image":{"@id":"https:\/\/jam-news.net\/az\/az%c9%99rbaycanda-bir-n%c9%99f%c9%99r-qarayadan-v%c9%99fat-edib\/#primaryimage"},"thumbnailUrl":"https:\/\/jam-news.net\/app\/uploads\/2020\/03\/68606700_607506856443299_6012686856980791296_n-3.jpg","keywords":["Az\u0259rbaycan","Az\u0259rbaycan bu g\u00fcn","Az\u0259rbaycan \u0259traf\u0131nda x\u0259b\u0259rl\u0259r","Az\u0259rbaycan harada yerl\u0259\u015fir","Az\u0259rbaycan h\u00f6kum\u0259ti","Az\u0259rbaycan x\u0259b\u0259rl\u0259ri","Az\u0259rbaycanda hara s\u0259f\u0259r etm\u0259li","Az\u0259rbaycanda n\u0259 ba\u015f verir","Az\u0259rbaycanda siyas\u0259t","Az\u0259rbaycanda v\u0259ziyy\u0259t","Az\u0259rbaycandan hekay\u0259l\u0259r","Az\u0259rbaycandan x\u0259b\u0259rl\u0259r","Bak\u0131","Qafqaz","Qafqaz bu g\u00fcn","Qafqaz c\u0259miyy\u0259ti","Qafqaz \u0259traf\u0131nda x\u0259b\u0259rl\u0259r","Qafqaz iqtisadiyyat\u0131","Qafqaz x\u0259b\u0259rl\u0259ri","Qafqazda h\u0259yat","Qafqazda siyas\u0259t","Qafqazdak\u0131 m\u00fcnaqi\u015f\u0259l\u0259r","Qafqaz\u0131n tarixi","r\u0259ngli Qafqaz","X\u0259b\u0259rl\u0259r"],"articleSection":["Azerbaijan","Geography","News"],"inLanguage":"az"},{"@type":"WebPage","@id":"https:\/\/jam-news.net\/az\/az%c9%99rbaycanda-bir-n%c9%99f%c9%99r-qarayadan-v%c9%99fat-edib\/","url":"https:\/\/jam-news.net\/az\/az%c9%99rbaycanda-bir-n%c9%99f%c9%99r-qarayadan-v%c9%99fat-edib\/","name":"Az\u0259rbaycanda bir n\u0259f\u0259r qarayaradan v\u0259fat edib - JAMnews","isPartOf":{"@id":"https:\/\/jam-news.net\/az\/#website"},"primaryImageOfPage":{"@id":"https:\/\/jam-news.net\/az\/az%c9%99rbaycanda-bir-n%c9%99f%c9%99r-qarayadan-v%c9%99fat-edib\/#primaryimage"},"image":{"@id":"https:\/\/jam-news.net\/az\/az%c9%99rbaycanda-bir-n%c9%99f%c9%99r-qarayadan-v%c9%99fat-edib\/#primaryimage"},"thumbnailUrl":"https:\/\/jam-news.net\/app\/uploads\/2020\/03\/68606700_607506856443299_6012686856980791296_n-3.jpg","datePublished":"2019-08-01T00:00:00+00:00","dateModified":"2020-03-18T12:34:31+00:00","breadcrumb":{"@id":"https:\/\/jam-news.net\/az\/az%c9%99rbaycanda-bir-n%c9%99f%c9%99r-qarayadan-v%c9%99fat-edib\/#breadcrumb"},"inLanguage":"az","potentialAction":[{"@type":"ReadAction","target":["https:\/\/jam-news.net\/az\/az%c9%99rbaycanda-bir-n%c9%99f%c9%99r-qarayadan-v%c9%99fat-edib\/"]}]},{"@type":"ImageObject","inLanguage":"az","@id":"https:\/\/jam-news.net\/az\/az%c9%99rbaycanda-bir-n%c9%99f%c9%99r-qarayadan-v%c9%99fat-edib\/#primaryimage","url":"https:\/\/jam-news.net\/app\/uploads\/2020\/03\/68606700_607506856443299_6012686856980791296_n-3.jpg","contentUrl":"https:\/\/jam-news.net\/app\/uploads\/2020\/03\/68606700_607506856443299_6012686856980791296_n-3.jpg","width":1799,"height":1126},{"@type":"BreadcrumbList","@id":"https:\/\/jam-news.net\/az\/az%c9%99rbaycanda-bir-n%c9%99f%c9%99r-qarayadan-v%c9%99fat-edib\/#breadcrumb","itemListElement":[{"@type":"ListItem","position":1,"name":"Home","item":"https:\/\/jam-news.net\/az\/"},{"@type":"ListItem","position":2,"name":"Az\u0259rbaycanda bir n\u0259f\u0259r qarayaradan v\u0259fat edib"}]},{"@type":"WebSite","@id":"https:\/\/jam-news.net\/az\/#website","url":"https:\/\/jam-news.net\/az\/","name":"Azerbaijani Jamnews","description":"Caucasus News, Politics and Society","publisher":{"@id":"https:\/\/jam-news.net\/az\/#organization"},"potentialAction":[{"@type":"SearchAction","target":{"@type":"EntryPoint","urlTemplate":"https:\/\/jam-news.net\/az\/?s={search_term_string}"},"query-input":{"@type":"PropertyValueSpecification","valueRequired":true,"valueName":"search_term_string"}}],"inLanguage":"az"},{"@type":"Organization","@id":"https:\/\/jam-news.net\/az\/#organization","name":"JAMnews","url":"https:\/\/jam-news.net\/az\/","logo":{"@type":"ImageObject","inLanguage":"az","@id":"https:\/\/jam-news.net\/az\/#\/schema\/logo\/image\/","url":"https:\/\/jam-news.net\/app\/uploads\/2020\/05\/JAM_w.jpg","contentUrl":"https:\/\/jam-news.net\/app\/uploads\/2020\/05\/JAM_w.jpg","width":960,"height":960,"caption":"JAMnews"},"image":{"@id":"https:\/\/jam-news.net\/az\/#\/schema\/logo\/image\/"},"sameAs":["https:\/\/www.facebook.com\/JAMnewsInEnglish\/","https:\/\/x.com\/JAMnewsCaucasus","https:\/\/www.instagram.com\/jam_news\/","https:\/\/www.youtube.com\/channel\/UCXQbUCme2pykuZYXWHx4VPg"]},{"@type":"Person","@id":"https:\/\/jam-news.net\/az\/#\/schema\/person\/67df3bb7adb46cd513fb9c4cb02361c6","name":"JAMnews","image":{"@type":"ImageObject","inLanguage":"az","@id":"https:\/\/jam-news.net\/az\/#\/schema\/person\/image\/","url":"https:\/\/secure.gravatar.com\/avatar\/e5c27593ef900c3ab3deed4ed1c653d7?s=96&d=mm&r=g","contentUrl":"https:\/\/secure.gravatar.com\/avatar\/e5c27593ef900c3ab3deed4ed1c653d7?s=96&d=mm&r=g","caption":"JAMnews"},"url":"https:\/\/jam-news.net\/az\/author\/margarita\/"}]}},"_links":{"self":[{"href":"https:\/\/jam-news.net\/az\/wp-json\/wp\/v2\/posts\/11578","targetHints":{"allow":["GET"]}}],"collection":[{"href":"https:\/\/jam-news.net\/az\/wp-json\/wp\/v2\/posts"}],"about":[{"href":"https:\/\/jam-news.net\/az\/wp-json\/wp\/v2\/types\/post"}],"author":[{"embeddable":true,"href":"https:\/\/jam-news.net\/az\/wp-json\/wp\/v2\/users\/3"}],"replies":[{"embeddable":true,"href":"https:\/\/jam-news.net\/az\/wp-json\/wp\/v2\/comments?post=11578"}],"version-history":[{"count":1,"href":"https:\/\/jam-news.net\/az\/wp-json\/wp\/v2\/posts\/11578\/revisions"}],"predecessor-version":[{"id":16867,"href":"https:\/\/jam-news.net\/az\/wp-json\/wp\/v2\/posts\/11578\/revisions\/16867"}],"wp:featuredmedia":[{"embeddable":true,"href":"https:\/\/jam-news.net\/az\/wp-json\/wp\/v2\/media\/22398"}],"wp:attachment":[{"href":"https:\/\/jam-news.net\/az\/wp-json\/wp\/v2\/media?parent=11578"}],"wp:term":[{"taxonomy":"category","embeddable":true,"href":"https:\/\/jam-news.net\/az\/wp-json\/wp\/v2\/categories?post=11578"},{"taxonomy":"post_tag","embeddable":true,"href":"https:\/\/jam-news.net\/az\/wp-json\/wp\/v2\/tags?post=11578"},{"taxonomy":"formation","embeddable":true,"href":"https:\/\/jam-news.net\/az\/wp-json\/wp\/v2\/formation?post=11578"},{"taxonomy":"post-author","embeddable":true,"href":"https:\/\/jam-news.net\/az\/wp-json\/wp\/v2\/post-author?post=11578"},{"taxonomy":"topic","embeddable":true,"href":"https:\/\/jam-news.net\/az\/wp-json\/wp\/v2\/topic?post=11578"},{"taxonomy":"tooltip","embeddable":true,"href":"https:\/\/jam-news.net\/az\/wp-json\/wp\/v2\/tooltip?post=11578"},{"taxonomy":"city","embeddable":true,"href":"https:\/\/jam-news.net\/az\/wp-json\/wp\/v2\/city?post=11578"}],"curies":[{"name":"wp","href":"https:\/\/api.w.org\/{rel}","templated":true}]}}