{"id":11496,"date":"2019-07-24T00:00:00","date_gmt":"2019-07-24T00:00:00","guid":{"rendered":"http:\/\/jam-news.net\/az\/almaniyadan-deportasiya-olunacaq-az%c9%99rbaycanli-qadin-intihar-edib\/"},"modified":"2020-03-18T12:33:20","modified_gmt":"2020-03-18T12:33:20","slug":"almaniyadan-deportasiya-olunacaq-az%c9%99rbaycanli-qadin-intihar-edib","status":"publish","type":"post","link":"https:\/\/jam-news.net\/az\/almaniyadan-deportasiya-olunacaq-az%c9%99rbaycanli-qadin-intihar-edib\/","title":{"rendered":"Almaniyadan deportasiya olunacaq az\u0259rbaycanl\u0131 qad\u0131n intihar edib"},"content":{"rendered":"<p><span style=\"font-weight: 400;\">Az\u0259rbaycan v\u0259t\u0259nda\u015f\u0131 Humay M\u0259mm\u0259dova Almaniyada siyasi s\u0131\u011f\u0131nacaq ala bilm\u0259diyi \u00fc\u00e7\u00fcn intihar edib.<\/span><\/p>\n<p><b><a href=\"https:\/\/jam-news.net\/az%c9%99rbaycanli-t%c9%99l%c9%99b%c9%99l%c9%99r-xaricd%c9%99-yaxsi-n%c9%99dir-pis-n%c9%99dir\/?lang=az-AZ\"><strong>\u2022\u00a0<\/strong><span style=\"text-decoration: underline;\">Az\u0259rbaycandan olan t\u0259l\u0259b\u0259l\u0259r xaricd\u0259 nec\u0259 ya\u015fay\u0131r?<\/span><\/a><\/b><\/p>\n<p><strong><a href=\"https:\/\/jam-news.net\/az%c9%99rbaycanli-siyasi-muhacirl%c9%99r-almaniyada-siyasi-m%c9%99hbuslarin-mudafi%c9%99sil%c9%99-bagli-aksiya-keciribl%c9%99r\/?lang=az-AZ\">\u2022\u00a0<span style=\"text-decoration: underline;\">Az\u0259rbaycanl\u0131 siyasi m\u00fchacirl\u0259r siyasi m\u0259hbuslar\u0131n m\u00fcdafi\u0259si \u00fc\u00e7\u00fcn Almaniyada aksiya ke\u00e7iribl\u0259r<\/span><\/a><\/strong><\/p>\n<p><strong><a href=\"https:\/\/jam-news.net\/polsa-gurcustan-v%c9%99t%c9%99ndaslari-ucun-isin-oldugu-olk%c9%99dir\/?lang=az-AZ\">\u2022\u00a0<span style=\"text-decoration: underline;\">Pol\u015fadak\u0131 g\u00fcrc\u00fc miqrantlar haqda reportaj<\/span><\/a><\/strong><\/p>\n<p><span style=\"font-weight: 400;\">Son 10 g\u00fcnd\u0259 bu, \u00fc\u00e7\u00fcnc\u00fc analoji hadis\u0259dir. \u0130ntihara c\u0259hd ed\u0259n dig\u0259r iki n\u0259f\u0259ri xilas etm\u0259k m\u00fcmk\u00fcn olub. Bu haqda Turan agentliyin\u0259 Almaniyada f\u0259aliyy\u0259t g\u00f6st\u0259r\u0259n \u201cLeqat\u201d inteqrasiya m\u0259rk\u0259zinin r\u0259hb\u0259ri \u018fl\u00f6vs\u0259t \u018fliyev <\/span><a href=\"http:\/\/www.contact.az\/ext\/news\/2019\/7\/free\/Social\/ru\/82529.htm\"><b><i>bildirib<\/i><\/b><\/a><span style=\"font-weight: 400;\">.\u00a0\u00a0<\/span><\/p>\n<p><span style=\"font-weight: 400;\">Humay M\u0259mm\u0259dova Almaniyan\u0131n Deqqendorfe \u015f\u0259h\u0259rind\u0259ki qa\u00e7q\u0131nlar \u00fc\u00e7\u00fcn d\u00fc\u015f\u0259rg\u0259d\u0259 ya\u015fay\u0131rm\u0131\u015f. Deportasiya olunaca\u011f\u0131n\u0131 \u00f6yr\u0259n\u0259n zaman qad\u0131n d\u0259rman preparatlar\u0131 q\u0259bul ed\u0259r\u0259k x\u0259st\u0259xanada v\u0259fat edib. Onun 9 ya\u015fl\u0131 q\u0131z\u0131 qal\u0131b.<\/span><\/p>\n<p><span style=\"font-weight: 400;\">WorldData.info sayt\u0131n\u0131n <\/span><a href=\"https:\/\/www.worlddata.info\/asia\/azerbaijan\/asylum.php\"><b><i>m\u0259lumat\u0131na g\u00f6r\u0259<\/i><\/b><\/a><span style=\"font-weight: 400;\">, 2018-ci ild\u0259 3719 n\u0259f\u0259r Az\u0259rbaycan v\u0259t\u0259nda\u015f\u0131 dig\u0259r \u00f6lk\u0259l\u0259rd\u0259 siyasi s\u0131\u011f\u0131nacaq alma\u011fa \u00e7al\u0131\u015f\u0131b. Onlardan 1783 n\u0259f\u0259ri Almaniyadan s\u0131\u011f\u0131nacaq ist\u0259yib, amma yaln\u0131z 134 n\u0259f\u0259r buna nail ola bilib.<\/span><\/p>\n<p><span style=\"font-weight: 400;\">\u00dcmumilikd\u0259 Almaniyada Az\u0259rbaycandan olan 1800 n\u0259f\u0259r qa\u00e7q\u0131n ya\u015fay\u0131r.<\/span><\/p>\n<p><span style=\"font-weight: 400;\">Ad\u0259t\u0259n s\u0131\u011f\u0131nacaq almaq arzusunu qa\u00e7aqlar siyasi bax\u0131\u015flar\u0131 v\u0259 ya seksual oriyentasiyalar\u0131 \u00fcz\u00fcnd\u0259n \u00f6z \u00f6lk\u0259l\u0259rind\u0259 t\u0259qibl\u0259r\u0259 m\u0259ruz qalmalar\u0131 il\u0259 \u0259sasland\u0131r\u0131rlar.<\/span><\/p>\n<p><span style=\"font-weight: 400;\">T\u0259xmin\u0259n bir il \u0259vv\u0259l ox\u015far intihar hadis\u0259si Hollandiyada <\/span><a href=\"https:\/\/jam-news.net\/\u0430\u0437\u0435\u0440\u0431\u0430\u0439\u0434\u0436\u0430\u043d\u0435\u0446-\u043f\u043e\u043a\u043e\u043d\u0447\u0438\u043b-\u0441-\u0441\u043e\u0431\u043e\u0439-\u043d\u0435-\u0441\u0443\u043c\/?lang=ru\"><b><i>ba\u015f vermi\u015fdi<\/i><\/b><\/a> <b><i><\/i><\/b><span style=\"font-weight: 400;\"> \u2013 az\u0259rbaycanl\u0131 Fikr\u0259t Mahmudov v\u0259t\u0259n\u0259 qay\u0131tmamaq \u00fc\u00e7\u00fcn qa\u00e7q\u0131nlar d\u00fc\u015f\u0259rg\u0259sind\u0259 \u00f6z\u00fcn\u0259 q\u0259sd etmi\u015fdi.<\/span><\/p>\n<p><div class=\"su-divider su-divider-style-default\" style=\"margin:15px 0;border-width:3px;border-color:#999999\"><a href=\"#\" style=\"color:#999999\">Go to top<\/a><\/div> <\/p>\n<p><\/p>\n","protected":false},"excerpt":{"rendered":"<p>2018-ci ild\u0259 3719 Az\u0259rbaycan v\u0259t\u0259nda\u015f\u0131 dig\u0259r \u00f6lk\u0259l\u0259rd\u0259 siyasi s\u0131\u011f\u0131nacaq alma\u011fa \u00e7al\u0131\u015f\u0131b<\/p>\n","protected":false},"author":3,"featured_media":22368,"comment_status":"open","ping_status":"open","sticky":false,"template":"","format":"standard","meta":{"_acf_changed":false,"footnotes":""},"categories":[17,2,25,50],"tags":[18,256,257,93,258,94,95,259,260,261,262,263,204,101,146,147,148,96,152,153,57,58,154,155,157],"formation":[],"post-author":[],"topic":[],"tooltip":[],"city":[],"class_list":["post-11496","post","type-post","status-publish","format-standard","has-post-thumbnail","hentry","category-azrbaycan","category-cografiya","category-cmiyyt","category-xbrlr","tag-azrbaycan","tag-azrbaycan-bu-gun","tag-azrbaycan-trafinda-xbrlr","tag-azrbaycan-harada-yerlsir","tag-azrbaycan-hokumti","tag-azrbaycan-xbrlri","tag-azrbaycanda-hara-sfr-etmli","tag-azrbaycanda-n-bas-verir","tag-azrbaycanda-siyast","tag-azrbaycanda-vziyyt","tag-azrbaycandan-hekaylr","tag-azrbaycandan-xbrlr","tag-baki","tag-qafqaz","tag-qafqaz-bu-gun","tag-qafqaz-cmiyyti","tag-qafqaz-trafinda-xbrlr","tag-qafqaz-iqtisadiyyati","tag-qafqaz-xbrlri","tag-qafqazda-hyat","tag-qafqazda-siyast","tag-qafqazdaki-munaqislr","tag-qafqazin-tarixi","tag-rngli-qafqaz","tag-xbrlr"],"acf":[],"yoast_head":"<!-- This site is optimized with the Yoast SEO plugin v24.1 - https:\/\/yoast.com\/wordpress\/plugins\/seo\/ -->\n<title>Almaniyadan deportasiya olunacaq az\u0259rbaycanl\u0131 qad\u0131n intihar edib - JAMnews<\/title>\n<meta name=\"robots\" content=\"index, follow, max-snippet:-1, max-image-preview:large, max-video-preview:-1\" \/>\n<link rel=\"canonical\" href=\"https:\/\/jam-news.net\/az\/almaniyadan-deportasiya-olunacaq-az\u0259rbaycanli-qadin-intihar-edib\/\" \/>\n<meta property=\"og:locale\" content=\"az_AZ\" \/>\n<meta property=\"og:type\" content=\"article\" \/>\n<meta property=\"og:title\" content=\"Almaniyadan deportasiya olunacaq az\u0259rbaycanl\u0131 qad\u0131n intihar edib - JAMnews\" \/>\n<meta property=\"og:description\" content=\"2018-ci ild\u0259 3719 Az\u0259rbaycan v\u0259t\u0259nda\u015f\u0131 dig\u0259r \u00f6lk\u0259l\u0259rd\u0259 siyasi s\u0131\u011f\u0131nacaq alma\u011fa \u00e7al\u0131\u015f\u0131b\" \/>\n<meta property=\"og:url\" content=\"https:\/\/jam-news.net\/az\/almaniyadan-deportasiya-olunacaq-az\u0259rbaycanli-qadin-intihar-edib\/\" \/>\n<meta property=\"og:site_name\" content=\"Azerbaijani Jamnews\" \/>\n<meta property=\"article:publisher\" content=\"https:\/\/www.facebook.com\/JAMnewsInEnglish\/\" \/>\n<meta property=\"article:published_time\" content=\"2019-07-24T00:00:00+00:00\" \/>\n<meta property=\"article:modified_time\" content=\"2020-03-18T12:33:20+00:00\" \/>\n<meta property=\"og:image\" content=\"https:\/\/jam-news.net\/app\/uploads\/2020\/03\/67219211_2374246462612997_3148369258858151936_n-3.jpg\" \/>\n\t<meta property=\"og:image:width\" content=\"1905\" \/>\n\t<meta property=\"og:image:height\" content=\"1137\" \/>\n\t<meta property=\"og:image:type\" content=\"image\/jpeg\" \/>\n<meta name=\"author\" content=\"JAMnews\" \/>\n<meta name=\"twitter:card\" content=\"summary_large_image\" \/>\n<meta name=\"twitter:creator\" content=\"@JAMnewsCaucasus\" \/>\n<meta name=\"twitter:site\" content=\"@JAMnewsCaucasus\" \/>\n<meta name=\"twitter:label1\" content=\"Written by\" \/>\n\t<meta name=\"twitter:data1\" content=\"JAMnews\" \/>\n\t<meta name=\"twitter:label2\" content=\"Est. reading time\" \/>\n\t<meta name=\"twitter:data2\" content=\"2 minutes\" \/>\n<script type=\"application\/ld+json\" class=\"yoast-schema-graph\">{\"@context\":\"https:\/\/schema.org\",\"@graph\":[{\"@type\":\"Article\",\"@id\":\"https:\/\/jam-news.net\/az\/almaniyadan-deportasiya-olunacaq-az%c9%99rbaycanli-qadin-intihar-edib\/#article\",\"isPartOf\":{\"@id\":\"https:\/\/jam-news.net\/az\/almaniyadan-deportasiya-olunacaq-az%c9%99rbaycanli-qadin-intihar-edib\/\"},\"author\":{\"name\":\"JAMnews\",\"@id\":\"https:\/\/jam-news.net\/az\/#\/schema\/person\/67df3bb7adb46cd513fb9c4cb02361c6\"},\"headline\":\"Almaniyadan deportasiya olunacaq az\u0259rbaycanl\u0131 qad\u0131n intihar edib\",\"datePublished\":\"2019-07-24T00:00:00+00:00\",\"dateModified\":\"2020-03-18T12:33:20+00:00\",\"mainEntityOfPage\":{\"@id\":\"https:\/\/jam-news.net\/az\/almaniyadan-deportasiya-olunacaq-az%c9%99rbaycanli-qadin-intihar-edib\/\"},\"wordCount\":324,\"commentCount\":0,\"publisher\":{\"@id\":\"https:\/\/jam-news.net\/az\/#organization\"},\"image\":{\"@id\":\"https:\/\/jam-news.net\/az\/almaniyadan-deportasiya-olunacaq-az%c9%99rbaycanli-qadin-intihar-edib\/#primaryimage\"},\"thumbnailUrl\":\"https:\/\/jam-news.net\/app\/uploads\/2020\/03\/67219211_2374246462612997_3148369258858151936_n-3.jpg\",\"keywords\":[\"Az\u0259rbaycan\",\"Az\u0259rbaycan bu g\u00fcn\",\"Az\u0259rbaycan \u0259traf\u0131nda x\u0259b\u0259rl\u0259r\",\"Az\u0259rbaycan harada yerl\u0259\u015fir\",\"Az\u0259rbaycan h\u00f6kum\u0259ti\",\"Az\u0259rbaycan x\u0259b\u0259rl\u0259ri\",\"Az\u0259rbaycanda hara s\u0259f\u0259r etm\u0259li\",\"Az\u0259rbaycanda n\u0259 ba\u015f verir\",\"Az\u0259rbaycanda siyas\u0259t\",\"Az\u0259rbaycanda v\u0259ziyy\u0259t\",\"Az\u0259rbaycandan hekay\u0259l\u0259r\",\"Az\u0259rbaycandan x\u0259b\u0259rl\u0259r\",\"Bak\u0131\",\"Qafqaz\",\"Qafqaz bu g\u00fcn\",\"Qafqaz c\u0259miyy\u0259ti\",\"Qafqaz \u0259traf\u0131nda x\u0259b\u0259rl\u0259r\",\"Qafqaz iqtisadiyyat\u0131\",\"Qafqaz x\u0259b\u0259rl\u0259ri\",\"Qafqazda h\u0259yat\",\"Qafqazda siyas\u0259t\",\"Qafqazdak\u0131 m\u00fcnaqi\u015f\u0259l\u0259r\",\"Qafqaz\u0131n tarixi\",\"r\u0259ngli Qafqaz\",\"X\u0259b\u0259rl\u0259r\"],\"articleSection\":[\"Azerbaijan\",\"Geography\",\"Issues\",\"News\"],\"inLanguage\":\"az\"},{\"@type\":\"WebPage\",\"@id\":\"https:\/\/jam-news.net\/az\/almaniyadan-deportasiya-olunacaq-az%c9%99rbaycanli-qadin-intihar-edib\/\",\"url\":\"https:\/\/jam-news.net\/az\/almaniyadan-deportasiya-olunacaq-az%c9%99rbaycanli-qadin-intihar-edib\/\",\"name\":\"Almaniyadan deportasiya olunacaq az\u0259rbaycanl\u0131 qad\u0131n intihar edib - JAMnews\",\"isPartOf\":{\"@id\":\"https:\/\/jam-news.net\/az\/#website\"},\"primaryImageOfPage\":{\"@id\":\"https:\/\/jam-news.net\/az\/almaniyadan-deportasiya-olunacaq-az%c9%99rbaycanli-qadin-intihar-edib\/#primaryimage\"},\"image\":{\"@id\":\"https:\/\/jam-news.net\/az\/almaniyadan-deportasiya-olunacaq-az%c9%99rbaycanli-qadin-intihar-edib\/#primaryimage\"},\"thumbnailUrl\":\"https:\/\/jam-news.net\/app\/uploads\/2020\/03\/67219211_2374246462612997_3148369258858151936_n-3.jpg\",\"datePublished\":\"2019-07-24T00:00:00+00:00\",\"dateModified\":\"2020-03-18T12:33:20+00:00\",\"breadcrumb\":{\"@id\":\"https:\/\/jam-news.net\/az\/almaniyadan-deportasiya-olunacaq-az%c9%99rbaycanli-qadin-intihar-edib\/#breadcrumb\"},\"inLanguage\":\"az\",\"potentialAction\":[{\"@type\":\"ReadAction\",\"target\":[\"https:\/\/jam-news.net\/az\/almaniyadan-deportasiya-olunacaq-az%c9%99rbaycanli-qadin-intihar-edib\/\"]}]},{\"@type\":\"ImageObject\",\"inLanguage\":\"az\",\"@id\":\"https:\/\/jam-news.net\/az\/almaniyadan-deportasiya-olunacaq-az%c9%99rbaycanli-qadin-intihar-edib\/#primaryimage\",\"url\":\"https:\/\/jam-news.net\/app\/uploads\/2020\/03\/67219211_2374246462612997_3148369258858151936_n-3.jpg\",\"contentUrl\":\"https:\/\/jam-news.net\/app\/uploads\/2020\/03\/67219211_2374246462612997_3148369258858151936_n-3.jpg\",\"width\":1905,\"height\":1137},{\"@type\":\"BreadcrumbList\",\"@id\":\"https:\/\/jam-news.net\/az\/almaniyadan-deportasiya-olunacaq-az%c9%99rbaycanli-qadin-intihar-edib\/#breadcrumb\",\"itemListElement\":[{\"@type\":\"ListItem\",\"position\":1,\"name\":\"Home\",\"item\":\"https:\/\/jam-news.net\/az\/\"},{\"@type\":\"ListItem\",\"position\":2,\"name\":\"Almaniyadan deportasiya olunacaq az\u0259rbaycanl\u0131 qad\u0131n intihar edib\"}]},{\"@type\":\"WebSite\",\"@id\":\"https:\/\/jam-news.net\/az\/#website\",\"url\":\"https:\/\/jam-news.net\/az\/\",\"name\":\"Azerbaijani Jamnews\",\"description\":\"Caucasus News, Politics and Society\",\"publisher\":{\"@id\":\"https:\/\/jam-news.net\/az\/#organization\"},\"potentialAction\":[{\"@type\":\"SearchAction\",\"target\":{\"@type\":\"EntryPoint\",\"urlTemplate\":\"https:\/\/jam-news.net\/az\/?s={search_term_string}\"},\"query-input\":{\"@type\":\"PropertyValueSpecification\",\"valueRequired\":true,\"valueName\":\"search_term_string\"}}],\"inLanguage\":\"az\"},{\"@type\":\"Organization\",\"@id\":\"https:\/\/jam-news.net\/az\/#organization\",\"name\":\"JAMnews\",\"url\":\"https:\/\/jam-news.net\/az\/\",\"logo\":{\"@type\":\"ImageObject\",\"inLanguage\":\"az\",\"@id\":\"https:\/\/jam-news.net\/az\/#\/schema\/logo\/image\/\",\"url\":\"https:\/\/jam-news.net\/app\/uploads\/2020\/05\/JAM_w.jpg\",\"contentUrl\":\"https:\/\/jam-news.net\/app\/uploads\/2020\/05\/JAM_w.jpg\",\"width\":960,\"height\":960,\"caption\":\"JAMnews\"},\"image\":{\"@id\":\"https:\/\/jam-news.net\/az\/#\/schema\/logo\/image\/\"},\"sameAs\":[\"https:\/\/www.facebook.com\/JAMnewsInEnglish\/\",\"https:\/\/x.com\/JAMnewsCaucasus\",\"https:\/\/www.instagram.com\/jam_news\/\",\"https:\/\/www.youtube.com\/channel\/UCXQbUCme2pykuZYXWHx4VPg\"]},{\"@type\":\"Person\",\"@id\":\"https:\/\/jam-news.net\/az\/#\/schema\/person\/67df3bb7adb46cd513fb9c4cb02361c6\",\"name\":\"JAMnews\",\"image\":{\"@type\":\"ImageObject\",\"inLanguage\":\"az\",\"@id\":\"https:\/\/jam-news.net\/az\/#\/schema\/person\/image\/\",\"url\":\"https:\/\/secure.gravatar.com\/avatar\/e5c27593ef900c3ab3deed4ed1c653d7?s=96&d=mm&r=g\",\"contentUrl\":\"https:\/\/secure.gravatar.com\/avatar\/e5c27593ef900c3ab3deed4ed1c653d7?s=96&d=mm&r=g\",\"caption\":\"JAMnews\"},\"url\":\"https:\/\/jam-news.net\/az\/author\/margarita\/\"}]}<\/script>\n<!-- \/ Yoast SEO plugin. -->","yoast_head_json":{"title":"Almaniyadan deportasiya olunacaq az\u0259rbaycanl\u0131 qad\u0131n intihar edib - JAMnews","robots":{"index":"index","follow":"follow","max-snippet":"max-snippet:-1","max-image-preview":"max-image-preview:large","max-video-preview":"max-video-preview:-1"},"canonical":"https:\/\/jam-news.net\/az\/almaniyadan-deportasiya-olunacaq-az\u0259rbaycanli-qadin-intihar-edib\/","og_locale":"az_AZ","og_type":"article","og_title":"Almaniyadan deportasiya olunacaq az\u0259rbaycanl\u0131 qad\u0131n intihar edib - JAMnews","og_description":"2018-ci ild\u0259 3719 Az\u0259rbaycan v\u0259t\u0259nda\u015f\u0131 dig\u0259r \u00f6lk\u0259l\u0259rd\u0259 siyasi s\u0131\u011f\u0131nacaq alma\u011fa \u00e7al\u0131\u015f\u0131b","og_url":"https:\/\/jam-news.net\/az\/almaniyadan-deportasiya-olunacaq-az\u0259rbaycanli-qadin-intihar-edib\/","og_site_name":"Azerbaijani Jamnews","article_publisher":"https:\/\/www.facebook.com\/JAMnewsInEnglish\/","article_published_time":"2019-07-24T00:00:00+00:00","article_modified_time":"2020-03-18T12:33:20+00:00","og_image":[{"width":1905,"height":1137,"url":"https:\/\/jam-news.net\/app\/uploads\/2020\/03\/67219211_2374246462612997_3148369258858151936_n-3.jpg","type":"image\/jpeg"}],"author":"JAMnews","twitter_card":"summary_large_image","twitter_creator":"@JAMnewsCaucasus","twitter_site":"@JAMnewsCaucasus","twitter_misc":{"Written by":"JAMnews","Est. reading time":"2 minutes"},"schema":{"@context":"https:\/\/schema.org","@graph":[{"@type":"Article","@id":"https:\/\/jam-news.net\/az\/almaniyadan-deportasiya-olunacaq-az%c9%99rbaycanli-qadin-intihar-edib\/#article","isPartOf":{"@id":"https:\/\/jam-news.net\/az\/almaniyadan-deportasiya-olunacaq-az%c9%99rbaycanli-qadin-intihar-edib\/"},"author":{"name":"JAMnews","@id":"https:\/\/jam-news.net\/az\/#\/schema\/person\/67df3bb7adb46cd513fb9c4cb02361c6"},"headline":"Almaniyadan deportasiya olunacaq az\u0259rbaycanl\u0131 qad\u0131n intihar edib","datePublished":"2019-07-24T00:00:00+00:00","dateModified":"2020-03-18T12:33:20+00:00","mainEntityOfPage":{"@id":"https:\/\/jam-news.net\/az\/almaniyadan-deportasiya-olunacaq-az%c9%99rbaycanli-qadin-intihar-edib\/"},"wordCount":324,"commentCount":0,"publisher":{"@id":"https:\/\/jam-news.net\/az\/#organization"},"image":{"@id":"https:\/\/jam-news.net\/az\/almaniyadan-deportasiya-olunacaq-az%c9%99rbaycanli-qadin-intihar-edib\/#primaryimage"},"thumbnailUrl":"https:\/\/jam-news.net\/app\/uploads\/2020\/03\/67219211_2374246462612997_3148369258858151936_n-3.jpg","keywords":["Az\u0259rbaycan","Az\u0259rbaycan bu g\u00fcn","Az\u0259rbaycan \u0259traf\u0131nda x\u0259b\u0259rl\u0259r","Az\u0259rbaycan harada yerl\u0259\u015fir","Az\u0259rbaycan h\u00f6kum\u0259ti","Az\u0259rbaycan x\u0259b\u0259rl\u0259ri","Az\u0259rbaycanda hara s\u0259f\u0259r etm\u0259li","Az\u0259rbaycanda n\u0259 ba\u015f verir","Az\u0259rbaycanda siyas\u0259t","Az\u0259rbaycanda v\u0259ziyy\u0259t","Az\u0259rbaycandan hekay\u0259l\u0259r","Az\u0259rbaycandan x\u0259b\u0259rl\u0259r","Bak\u0131","Qafqaz","Qafqaz bu g\u00fcn","Qafqaz c\u0259miyy\u0259ti","Qafqaz \u0259traf\u0131nda x\u0259b\u0259rl\u0259r","Qafqaz iqtisadiyyat\u0131","Qafqaz x\u0259b\u0259rl\u0259ri","Qafqazda h\u0259yat","Qafqazda siyas\u0259t","Qafqazdak\u0131 m\u00fcnaqi\u015f\u0259l\u0259r","Qafqaz\u0131n tarixi","r\u0259ngli Qafqaz","X\u0259b\u0259rl\u0259r"],"articleSection":["Azerbaijan","Geography","Issues","News"],"inLanguage":"az"},{"@type":"WebPage","@id":"https:\/\/jam-news.net\/az\/almaniyadan-deportasiya-olunacaq-az%c9%99rbaycanli-qadin-intihar-edib\/","url":"https:\/\/jam-news.net\/az\/almaniyadan-deportasiya-olunacaq-az%c9%99rbaycanli-qadin-intihar-edib\/","name":"Almaniyadan deportasiya olunacaq az\u0259rbaycanl\u0131 qad\u0131n intihar edib - JAMnews","isPartOf":{"@id":"https:\/\/jam-news.net\/az\/#website"},"primaryImageOfPage":{"@id":"https:\/\/jam-news.net\/az\/almaniyadan-deportasiya-olunacaq-az%c9%99rbaycanli-qadin-intihar-edib\/#primaryimage"},"image":{"@id":"https:\/\/jam-news.net\/az\/almaniyadan-deportasiya-olunacaq-az%c9%99rbaycanli-qadin-intihar-edib\/#primaryimage"},"thumbnailUrl":"https:\/\/jam-news.net\/app\/uploads\/2020\/03\/67219211_2374246462612997_3148369258858151936_n-3.jpg","datePublished":"2019-07-24T00:00:00+00:00","dateModified":"2020-03-18T12:33:20+00:00","breadcrumb":{"@id":"https:\/\/jam-news.net\/az\/almaniyadan-deportasiya-olunacaq-az%c9%99rbaycanli-qadin-intihar-edib\/#breadcrumb"},"inLanguage":"az","potentialAction":[{"@type":"ReadAction","target":["https:\/\/jam-news.net\/az\/almaniyadan-deportasiya-olunacaq-az%c9%99rbaycanli-qadin-intihar-edib\/"]}]},{"@type":"ImageObject","inLanguage":"az","@id":"https:\/\/jam-news.net\/az\/almaniyadan-deportasiya-olunacaq-az%c9%99rbaycanli-qadin-intihar-edib\/#primaryimage","url":"https:\/\/jam-news.net\/app\/uploads\/2020\/03\/67219211_2374246462612997_3148369258858151936_n-3.jpg","contentUrl":"https:\/\/jam-news.net\/app\/uploads\/2020\/03\/67219211_2374246462612997_3148369258858151936_n-3.jpg","width":1905,"height":1137},{"@type":"BreadcrumbList","@id":"https:\/\/jam-news.net\/az\/almaniyadan-deportasiya-olunacaq-az%c9%99rbaycanli-qadin-intihar-edib\/#breadcrumb","itemListElement":[{"@type":"ListItem","position":1,"name":"Home","item":"https:\/\/jam-news.net\/az\/"},{"@type":"ListItem","position":2,"name":"Almaniyadan deportasiya olunacaq az\u0259rbaycanl\u0131 qad\u0131n intihar edib"}]},{"@type":"WebSite","@id":"https:\/\/jam-news.net\/az\/#website","url":"https:\/\/jam-news.net\/az\/","name":"Azerbaijani Jamnews","description":"Caucasus News, Politics and Society","publisher":{"@id":"https:\/\/jam-news.net\/az\/#organization"},"potentialAction":[{"@type":"SearchAction","target":{"@type":"EntryPoint","urlTemplate":"https:\/\/jam-news.net\/az\/?s={search_term_string}"},"query-input":{"@type":"PropertyValueSpecification","valueRequired":true,"valueName":"search_term_string"}}],"inLanguage":"az"},{"@type":"Organization","@id":"https:\/\/jam-news.net\/az\/#organization","name":"JAMnews","url":"https:\/\/jam-news.net\/az\/","logo":{"@type":"ImageObject","inLanguage":"az","@id":"https:\/\/jam-news.net\/az\/#\/schema\/logo\/image\/","url":"https:\/\/jam-news.net\/app\/uploads\/2020\/05\/JAM_w.jpg","contentUrl":"https:\/\/jam-news.net\/app\/uploads\/2020\/05\/JAM_w.jpg","width":960,"height":960,"caption":"JAMnews"},"image":{"@id":"https:\/\/jam-news.net\/az\/#\/schema\/logo\/image\/"},"sameAs":["https:\/\/www.facebook.com\/JAMnewsInEnglish\/","https:\/\/x.com\/JAMnewsCaucasus","https:\/\/www.instagram.com\/jam_news\/","https:\/\/www.youtube.com\/channel\/UCXQbUCme2pykuZYXWHx4VPg"]},{"@type":"Person","@id":"https:\/\/jam-news.net\/az\/#\/schema\/person\/67df3bb7adb46cd513fb9c4cb02361c6","name":"JAMnews","image":{"@type":"ImageObject","inLanguage":"az","@id":"https:\/\/jam-news.net\/az\/#\/schema\/person\/image\/","url":"https:\/\/secure.gravatar.com\/avatar\/e5c27593ef900c3ab3deed4ed1c653d7?s=96&d=mm&r=g","contentUrl":"https:\/\/secure.gravatar.com\/avatar\/e5c27593ef900c3ab3deed4ed1c653d7?s=96&d=mm&r=g","caption":"JAMnews"},"url":"https:\/\/jam-news.net\/az\/author\/margarita\/"}]}},"_links":{"self":[{"href":"https:\/\/jam-news.net\/az\/wp-json\/wp\/v2\/posts\/11496","targetHints":{"allow":["GET"]}}],"collection":[{"href":"https:\/\/jam-news.net\/az\/wp-json\/wp\/v2\/posts"}],"about":[{"href":"https:\/\/jam-news.net\/az\/wp-json\/wp\/v2\/types\/post"}],"author":[{"embeddable":true,"href":"https:\/\/jam-news.net\/az\/wp-json\/wp\/v2\/users\/3"}],"replies":[{"embeddable":true,"href":"https:\/\/jam-news.net\/az\/wp-json\/wp\/v2\/comments?post=11496"}],"version-history":[{"count":1,"href":"https:\/\/jam-news.net\/az\/wp-json\/wp\/v2\/posts\/11496\/revisions"}],"predecessor-version":[{"id":16875,"href":"https:\/\/jam-news.net\/az\/wp-json\/wp\/v2\/posts\/11496\/revisions\/16875"}],"wp:featuredmedia":[{"embeddable":true,"href":"https:\/\/jam-news.net\/az\/wp-json\/wp\/v2\/media\/22368"}],"wp:attachment":[{"href":"https:\/\/jam-news.net\/az\/wp-json\/wp\/v2\/media?parent=11496"}],"wp:term":[{"taxonomy":"category","embeddable":true,"href":"https:\/\/jam-news.net\/az\/wp-json\/wp\/v2\/categories?post=11496"},{"taxonomy":"post_tag","embeddable":true,"href":"https:\/\/jam-news.net\/az\/wp-json\/wp\/v2\/tags?post=11496"},{"taxonomy":"formation","embeddable":true,"href":"https:\/\/jam-news.net\/az\/wp-json\/wp\/v2\/formation?post=11496"},{"taxonomy":"post-author","embeddable":true,"href":"https:\/\/jam-news.net\/az\/wp-json\/wp\/v2\/post-author?post=11496"},{"taxonomy":"topic","embeddable":true,"href":"https:\/\/jam-news.net\/az\/wp-json\/wp\/v2\/topic?post=11496"},{"taxonomy":"tooltip","embeddable":true,"href":"https:\/\/jam-news.net\/az\/wp-json\/wp\/v2\/tooltip?post=11496"},{"taxonomy":"city","embeddable":true,"href":"https:\/\/jam-news.net\/az\/wp-json\/wp\/v2\/city?post=11496"}],"curies":[{"name":"wp","href":"https:\/\/api.w.org\/{rel}","templated":true}]}}