{"id":11399,"date":"2019-07-11T00:00:00","date_gmt":"2019-07-11T00:00:00","guid":{"rendered":"http:\/\/jam-news.net\/az\/bakida-iran-s%c9%99firliyi-qarsisinda-etiraz-aksiyasi-kecirilib\/"},"modified":"2020-03-18T12:32:02","modified_gmt":"2020-03-18T12:32:02","slug":"bakida-iran-s%c9%99firliyi-qarsisinda-etiraz-aksiyasi-kecirilib","status":"publish","type":"post","link":"https:\/\/jam-news.net\/az\/bakida-iran-s%c9%99firliyi-qarsisinda-etiraz-aksiyasi-kecirilib\/","title":{"rendered":"Bak\u0131da \u0130ran s\u0259firliyi qar\u015f\u0131s\u0131nda etiraz aksiyas\u0131 ke\u00e7irilib"},"content":{"rendered":"<p><span style=\"font-weight: 400;\">Mill\u0259t\u00e7i G\u0259ncl\u0259r T\u0259\u015fkilat\u0131 \u0130ran\u0131n Bak\u0131dak\u0131 s\u0259firliyi qar\u015f\u0131s\u0131nda etiraz aksiyas\u0131 ke\u00e7irib. Aksiya i\u015ftirak\u00e7\u0131lar\u0131 \u0130randa etnik az\u0259rbaycanl\u0131lar\u0131n h\u00fcquqlar\u0131 u\u011frunda m\u00fcbariz\u0259 aparanlara qar\u015f\u0131 repressiyalara son qoyulmas\u0131n\u0131 t\u0259l\u0259b edibl\u0259r.<\/span><\/p>\n<p><b><a href=\"https:\/\/jam-news.net\/az%C9%99rbaycan-xalcalari-haqqinda-bilm%C9%99diyimiz-h%C9%99r-sey\/?lang=az-AZ\"><strong>\u2022\u00a0<\/strong><span style=\"text-decoration: underline;\">T\u0259briz xal\u00e7a\u00e7\u0131l\u0131q m\u0259kt\u0259binin Bak\u0131 xal\u00e7a\u00e7\u0131l\u0131q m\u0259kt\u0259bind\u0259n f\u0259rql\u0259ri v\u0259 Az\u0259rbaycan xal\u00e7alar\u0131 haqda dig\u0259r faktlar<\/span><\/a> <\/b><\/p>\n<p><strong><a href=\"https:\/\/jam-news.net\/erm%C9%99nistan-iranlilarin-n%C9%99yin%C9%99-lazimdir\/?lang=az-AZ\">\u2022\u00a0<span style=\"text-decoration: underline;\">Erm\u0259nistanda \u0130ran turizmi<\/span><\/a><\/strong><\/p>\n<h3 style=\"text-align: center;\"><span style=\"color: #000080;\"><b>Az\u0259rbaycanl\u0131lar \u0130randa<\/b><\/span><\/h3>\n<p><span style=\"font-weight: 400;\">Az\u0259rbaycanl\u0131 etnosunun \u0259sas hiss\u0259si \u0130randa ya\u015fay\u0131r \u2013 15 milyon n\u0259f\u0259rd\u0259n \u00e7ox (Az\u0259rbaycan Respublikas\u0131n\u0131n \u0259halisi 10 milyon n\u0259f\u0259rdir). Az\u0259rbaycanl\u0131lar \u0130ran\u0131n \u0259n \u00e7oxsayl\u0131 milli azl\u0131\u011f\u0131d\u0131r \u2013 \u0259halinin 16 faizin\u0259 q\u0259d\u0259rini t\u0259\u015fkil edirl\u0259r.<\/span><\/p>\n<p><span style=\"font-weight: 400;\">19-cu \u0259srin birinci yar\u0131s\u0131nda Rusiya imperiyas\u0131 v\u0259 \u0130ran aralar\u0131ndak\u0131 m\u00fcharib\u0259ni bitir\u0259nd\u0259n sonra Az\u0259rbaycan t\u00fcrkl\u0259rinin ya\u015fad\u0131\u011f\u0131 \u0259razil\u0259ri \u00f6z aralar\u0131nda b\u00f6l\u00fc\u015fd\u00fcr\u00fcbl\u0259r. O zamandan b\u0259ri iki tayda qalm\u0131\u015f az\u0259rbaycanl\u0131lar zaman-zaman birl\u0259\u015fm\u0259 v\u0259 b\u00fct\u00f6v Az\u0259rbaycan haqda dan\u0131\u015f\u0131rlar.<\/span><\/p>\n<h3 style=\"text-align: center;\"><span style=\"color: #000080;\"><b>Aksiyan\u0131n t\u0259f\u0259rr\u00fcatlar\u0131<\/b><\/span><\/h3>\n<p><span style=\"font-weight: 400;\">Etiraz aksiyas\u0131n\u0131n i\u015ftirak\u00e7\u0131lar\u0131n\u0131n s\u0259sl\u0259ndirdiyi q\u0259tnam\u0259d\u0259 deyilir ki, son zamanlar \u0130ran h\u00f6kum\u0259ti etnik az\u0259rbaycanl\u0131lar\u0131n milli-m\u0259d\u0259ni h\u00fcquqlar\u0131 u\u011frunda m\u00fcbariz\u0259 aparanlara qar\u015f\u0131 t\u0259zyiqi art\u0131r\u0131b. S\u00f6hb\u0259t bu istiqam\u0259td\u0259 f\u0259aliyy\u0259tl\u0259rin\u0259 g\u00f6r\u0259 m\u00fcxt\u0259lif m\u00fcdd\u0259t\u0259 azadl\u0131qdan m\u0259hrum edil\u0259n Abbas Lisani, Kaz\u0131m S\u0259fabax\u015fe v\u0259 dig\u0259r f\u0259allardan gedir.<\/span><\/p>\n<p><span style=\"font-weight: 400;\">Aksiya insidentsiz \u00f6t\u00fc\u015f\u00fcb. Hadis\u0259 yerind\u0259 polis olsa da, etiraz\u00e7\u0131lar da\u011f\u0131d\u0131lmay\u0131b, bu da Az\u0259rbaycan \u00fc\u00e7\u00fcn qeyri-adi hald\u0131r.<\/span><\/p>\n<p><span style=\"font-weight: 400;\">S\u0259firlik n\u00fcmay\u0259nd\u0259l\u0259ri aksiyaya he\u00e7 c\u00fcr reaksiya verm\u0259yib.<\/span><\/p>\n<p><span style=\"font-weight: 400;\">Bu, Mill\u0259t\u00e7i G\u0259ncl\u0259r T\u0259\u015fkilat\u0131n\u0131n ilk aksiyas\u0131 deyil. Sonuncu d\u0259f\u0259 onlar \u0130ran s\u0259firliyi qar\u015f\u0131s\u0131nda 2019-cu ilin mart\u0131nda topla\u015f\u0131blar.<\/span><\/p>\n<p><span style=\"font-weight: 400;\">H\u0259mv\u0259t\u0259nl\u0259rinin h\u00fcquqlar\u0131na etinas\u0131z m\u00fcnasib\u0259t\u0259 etiraz etm\u0259kd\u0259n ba\u015fqa mill\u0259t\u00e7i g\u0259ncl\u0259r \u0130ran\u0131 Erm\u0259nistanla \u0259m\u0259kda\u015fl\u0131q etdiyi \u00fc\u00e7\u00fcn q\u0131nay\u0131b. \u00c7\u00fcnki Az\u0259rbaycanla Erm\u0259nistan aras\u0131nda Da\u011fl\u0131q Qaraba\u011f \u0259traf\u0131nda h\u0259ll olunmam\u0131\u015f m\u00fcnaqi\u015f\u0259 var.<\/span><\/p>\n<h3 style=\"text-align: center;\"><span style=\"color: #000080;\"><b>R\u0259smi\u00a0 Az\u0259rbaycan-\u0130ran m\u00fcnasib\u0259tl\u0259ri<\/b><\/span><\/h3>\n<p>Az\u0259rbaycan v\u0259 \u0130ran r\u0259sm\u0259n aradak\u0131 m\u00fcnasib\u0259ti dostluq adland\u0131r\u0131r.<\/p>\n<p><span style=\"font-weight: 400;\">Amma Az\u0259rbaycan\u0131n \u0130ranla iqtisadi \u0259laq\u0259l\u0259ri, m\u0259s\u0259l\u0259n, T\u00fcrkiy\u0259 il\u0259 m\u00fcqayis\u0259d\u0259 o q\u0259d\u0259r d\u0259 g\u00fccl\u00fc deyil.<\/span><\/p>\n<p><span style=\"font-weight: 400;\">Bundan ba\u015fqa, bir ne\u00e7\u0259 vacib m\u0259s\u0259l\u0259 \u0259traf\u0131nda \u0130ran v\u0259 Az\u0259rbaycan hakimiyy\u0259tl\u0259rinin siyas\u0259ti k\u0259skin f\u0259rql\u0259nir \u2013 m\u0259s\u0259l\u0259n, \u0130ran\u0131n Erm\u0259nistanla, Az\u0259rbaycan\u0131n is\u0259 \u0130ranla g\u0259rgin m\u00fcnasib\u0259td\u0259 olan \u0130sraill\u0259 s\u0131x \u0259m\u0259kda\u015fl\u0131\u011f\u0131 v\u0259 m\u00f6hk\u0259m \u0259laq\u0259l\u0259ri. \u00dcst\u0259lik Az\u0259rbaycan radikal islam\u0131n \u0259n ki\u00e7ik i\u015fart\u0131lar\u0131n\u0131n bel\u0259 hakimiyy\u0259t t\u0259r\u0259find\u0259n s\u0259rt bo\u011fuldu\u011fu d\u00fcny\u0259vi d\u00f6vl\u0259tdir, \u0130ran is\u0259 din v\u0259 d\u00f6vl\u0259tin v\u0259hd\u0259td\u0259 oldu\u011fu islam respublikas\u0131d\u0131r.<\/span><\/p>\n<p><div class=\"su-divider su-divider-style-default\" style=\"margin:15px 0;border-width:3px;border-color:#999999\"><a href=\"#\" style=\"color:#999999\">Go to top<\/a><\/div> <\/p>\n<p><\/p>\n","protected":false},"excerpt":{"rendered":"<p>Etiraz\u00e7\u0131lar etnik az\u0259rbaycanl\u0131lar\u0131n h\u00fcquqlar\u0131 u\u011frunda m\u00fcbariz\u0259 aparanlar\u0131n \u0130ran h\u0259bsxanalar\u0131ndan azad olunmalar\u0131n\u0131 t\u0259l\u0259b edibl\u0259r<\/p>\n","protected":false},"author":3,"featured_media":22331,"comment_status":"open","ping_status":"open","sticky":false,"template":"","format":"standard","meta":{"_acf_changed":false,"footnotes":""},"categories":[17,2,25,50],"tags":[18,256,257,93,258,94,95,259,260,261,262,263,204,101,146,147,148,96,152,153,57,58,154,155,157],"formation":[],"post-author":[],"topic":[],"tooltip":[],"city":[],"class_list":["post-11399","post","type-post","status-publish","format-standard","has-post-thumbnail","hentry","category-azrbaycan","category-cografiya","category-cmiyyt","category-xbrlr","tag-azrbaycan","tag-azrbaycan-bu-gun","tag-azrbaycan-trafinda-xbrlr","tag-azrbaycan-harada-yerlsir","tag-azrbaycan-hokumti","tag-azrbaycan-xbrlri","tag-azrbaycanda-hara-sfr-etmli","tag-azrbaycanda-n-bas-verir","tag-azrbaycanda-siyast","tag-azrbaycanda-vziyyt","tag-azrbaycandan-hekaylr","tag-azrbaycandan-xbrlr","tag-baki","tag-qafqaz","tag-qafqaz-bu-gun","tag-qafqaz-cmiyyti","tag-qafqaz-trafinda-xbrlr","tag-qafqaz-iqtisadiyyati","tag-qafqaz-xbrlri","tag-qafqazda-hyat","tag-qafqazda-siyast","tag-qafqazdaki-munaqislr","tag-qafqazin-tarixi","tag-rngli-qafqaz","tag-xbrlr"],"acf":[],"yoast_head":"<!-- This site is optimized with the Yoast SEO plugin v24.1 - https:\/\/yoast.com\/wordpress\/plugins\/seo\/ -->\n<title>Bak\u0131da \u0130ran s\u0259firliyi qar\u015f\u0131s\u0131nda etiraz aksiyas\u0131 ke\u00e7irilib - JAMnews<\/title>\n<meta name=\"robots\" content=\"index, follow, max-snippet:-1, max-image-preview:large, max-video-preview:-1\" \/>\n<link rel=\"canonical\" href=\"https:\/\/jam-news.net\/az\/bakida-iran-s\u0259firliyi-qarsisinda-etiraz-aksiyasi-kecirilib\/\" \/>\n<meta property=\"og:locale\" content=\"az_AZ\" \/>\n<meta property=\"og:type\" content=\"article\" \/>\n<meta property=\"og:title\" content=\"Bak\u0131da \u0130ran s\u0259firliyi qar\u015f\u0131s\u0131nda etiraz aksiyas\u0131 ke\u00e7irilib - JAMnews\" \/>\n<meta property=\"og:description\" content=\"Etiraz\u00e7\u0131lar etnik az\u0259rbaycanl\u0131lar\u0131n h\u00fcquqlar\u0131 u\u011frunda m\u00fcbariz\u0259 aparanlar\u0131n \u0130ran h\u0259bsxanalar\u0131ndan azad olunmalar\u0131n\u0131 t\u0259l\u0259b edibl\u0259r\" \/>\n<meta property=\"og:url\" content=\"https:\/\/jam-news.net\/az\/bakida-iran-s\u0259firliyi-qarsisinda-etiraz-aksiyasi-kecirilib\/\" \/>\n<meta property=\"og:site_name\" content=\"Azerbaijani Jamnews\" \/>\n<meta property=\"article:publisher\" content=\"https:\/\/www.facebook.com\/JAMnewsInEnglish\/\" \/>\n<meta property=\"article:published_time\" content=\"2019-07-11T00:00:00+00:00\" \/>\n<meta property=\"article:modified_time\" content=\"2020-03-18T12:32:02+00:00\" \/>\n<meta property=\"og:image\" content=\"https:\/\/jam-news.net\/app\/uploads\/2020\/03\/66850085_849520025404152_6892854165647654912_n-3.jpg\" \/>\n\t<meta property=\"og:image:width\" content=\"2340\" \/>\n\t<meta property=\"og:image:height\" content=\"1560\" \/>\n\t<meta property=\"og:image:type\" content=\"image\/jpeg\" \/>\n<meta name=\"author\" content=\"JAMnews\" \/>\n<meta name=\"twitter:card\" content=\"summary_large_image\" \/>\n<meta name=\"twitter:creator\" content=\"@JAMnewsCaucasus\" \/>\n<meta name=\"twitter:site\" content=\"@JAMnewsCaucasus\" \/>\n<meta name=\"twitter:label1\" content=\"Written by\" \/>\n\t<meta name=\"twitter:data1\" content=\"JAMnews\" \/>\n\t<meta name=\"twitter:label2\" content=\"Est. reading time\" \/>\n\t<meta name=\"twitter:data2\" content=\"3 minutes\" \/>\n<script type=\"application\/ld+json\" class=\"yoast-schema-graph\">{\"@context\":\"https:\/\/schema.org\",\"@graph\":[{\"@type\":\"Article\",\"@id\":\"https:\/\/jam-news.net\/az\/bakida-iran-s%c9%99firliyi-qarsisinda-etiraz-aksiyasi-kecirilib\/#article\",\"isPartOf\":{\"@id\":\"https:\/\/jam-news.net\/az\/bakida-iran-s%c9%99firliyi-qarsisinda-etiraz-aksiyasi-kecirilib\/\"},\"author\":{\"name\":\"JAMnews\",\"@id\":\"https:\/\/jam-news.net\/az\/#\/schema\/person\/67df3bb7adb46cd513fb9c4cb02361c6\"},\"headline\":\"Bak\u0131da \u0130ran s\u0259firliyi qar\u015f\u0131s\u0131nda etiraz aksiyas\u0131 ke\u00e7irilib\",\"datePublished\":\"2019-07-11T00:00:00+00:00\",\"dateModified\":\"2020-03-18T12:32:02+00:00\",\"mainEntityOfPage\":{\"@id\":\"https:\/\/jam-news.net\/az\/bakida-iran-s%c9%99firliyi-qarsisinda-etiraz-aksiyasi-kecirilib\/\"},\"wordCount\":589,\"commentCount\":0,\"publisher\":{\"@id\":\"https:\/\/jam-news.net\/az\/#organization\"},\"image\":{\"@id\":\"https:\/\/jam-news.net\/az\/bakida-iran-s%c9%99firliyi-qarsisinda-etiraz-aksiyasi-kecirilib\/#primaryimage\"},\"thumbnailUrl\":\"https:\/\/jam-news.net\/app\/uploads\/2020\/03\/66850085_849520025404152_6892854165647654912_n-3.jpg\",\"keywords\":[\"Az\u0259rbaycan\",\"Az\u0259rbaycan bu g\u00fcn\",\"Az\u0259rbaycan \u0259traf\u0131nda x\u0259b\u0259rl\u0259r\",\"Az\u0259rbaycan harada yerl\u0259\u015fir\",\"Az\u0259rbaycan h\u00f6kum\u0259ti\",\"Az\u0259rbaycan x\u0259b\u0259rl\u0259ri\",\"Az\u0259rbaycanda hara s\u0259f\u0259r etm\u0259li\",\"Az\u0259rbaycanda n\u0259 ba\u015f verir\",\"Az\u0259rbaycanda siyas\u0259t\",\"Az\u0259rbaycanda v\u0259ziyy\u0259t\",\"Az\u0259rbaycandan hekay\u0259l\u0259r\",\"Az\u0259rbaycandan x\u0259b\u0259rl\u0259r\",\"Bak\u0131\",\"Qafqaz\",\"Qafqaz bu g\u00fcn\",\"Qafqaz c\u0259miyy\u0259ti\",\"Qafqaz \u0259traf\u0131nda x\u0259b\u0259rl\u0259r\",\"Qafqaz iqtisadiyyat\u0131\",\"Qafqaz x\u0259b\u0259rl\u0259ri\",\"Qafqazda h\u0259yat\",\"Qafqazda siyas\u0259t\",\"Qafqazdak\u0131 m\u00fcnaqi\u015f\u0259l\u0259r\",\"Qafqaz\u0131n tarixi\",\"r\u0259ngli Qafqaz\",\"X\u0259b\u0259rl\u0259r\"],\"articleSection\":[\"Azerbaijan\",\"Geography\",\"Issues\",\"News\"],\"inLanguage\":\"az\"},{\"@type\":\"WebPage\",\"@id\":\"https:\/\/jam-news.net\/az\/bakida-iran-s%c9%99firliyi-qarsisinda-etiraz-aksiyasi-kecirilib\/\",\"url\":\"https:\/\/jam-news.net\/az\/bakida-iran-s%c9%99firliyi-qarsisinda-etiraz-aksiyasi-kecirilib\/\",\"name\":\"Bak\u0131da \u0130ran s\u0259firliyi qar\u015f\u0131s\u0131nda etiraz aksiyas\u0131 ke\u00e7irilib - JAMnews\",\"isPartOf\":{\"@id\":\"https:\/\/jam-news.net\/az\/#website\"},\"primaryImageOfPage\":{\"@id\":\"https:\/\/jam-news.net\/az\/bakida-iran-s%c9%99firliyi-qarsisinda-etiraz-aksiyasi-kecirilib\/#primaryimage\"},\"image\":{\"@id\":\"https:\/\/jam-news.net\/az\/bakida-iran-s%c9%99firliyi-qarsisinda-etiraz-aksiyasi-kecirilib\/#primaryimage\"},\"thumbnailUrl\":\"https:\/\/jam-news.net\/app\/uploads\/2020\/03\/66850085_849520025404152_6892854165647654912_n-3.jpg\",\"datePublished\":\"2019-07-11T00:00:00+00:00\",\"dateModified\":\"2020-03-18T12:32:02+00:00\",\"breadcrumb\":{\"@id\":\"https:\/\/jam-news.net\/az\/bakida-iran-s%c9%99firliyi-qarsisinda-etiraz-aksiyasi-kecirilib\/#breadcrumb\"},\"inLanguage\":\"az\",\"potentialAction\":[{\"@type\":\"ReadAction\",\"target\":[\"https:\/\/jam-news.net\/az\/bakida-iran-s%c9%99firliyi-qarsisinda-etiraz-aksiyasi-kecirilib\/\"]}]},{\"@type\":\"ImageObject\",\"inLanguage\":\"az\",\"@id\":\"https:\/\/jam-news.net\/az\/bakida-iran-s%c9%99firliyi-qarsisinda-etiraz-aksiyasi-kecirilib\/#primaryimage\",\"url\":\"https:\/\/jam-news.net\/app\/uploads\/2020\/03\/66850085_849520025404152_6892854165647654912_n-3.jpg\",\"contentUrl\":\"https:\/\/jam-news.net\/app\/uploads\/2020\/03\/66850085_849520025404152_6892854165647654912_n-3.jpg\",\"width\":2340,\"height\":1560},{\"@type\":\"BreadcrumbList\",\"@id\":\"https:\/\/jam-news.net\/az\/bakida-iran-s%c9%99firliyi-qarsisinda-etiraz-aksiyasi-kecirilib\/#breadcrumb\",\"itemListElement\":[{\"@type\":\"ListItem\",\"position\":1,\"name\":\"Home\",\"item\":\"https:\/\/jam-news.net\/az\/\"},{\"@type\":\"ListItem\",\"position\":2,\"name\":\"Bak\u0131da \u0130ran s\u0259firliyi qar\u015f\u0131s\u0131nda etiraz aksiyas\u0131 ke\u00e7irilib\"}]},{\"@type\":\"WebSite\",\"@id\":\"https:\/\/jam-news.net\/az\/#website\",\"url\":\"https:\/\/jam-news.net\/az\/\",\"name\":\"Azerbaijani Jamnews\",\"description\":\"Caucasus News, Politics and Society\",\"publisher\":{\"@id\":\"https:\/\/jam-news.net\/az\/#organization\"},\"potentialAction\":[{\"@type\":\"SearchAction\",\"target\":{\"@type\":\"EntryPoint\",\"urlTemplate\":\"https:\/\/jam-news.net\/az\/?s={search_term_string}\"},\"query-input\":{\"@type\":\"PropertyValueSpecification\",\"valueRequired\":true,\"valueName\":\"search_term_string\"}}],\"inLanguage\":\"az\"},{\"@type\":\"Organization\",\"@id\":\"https:\/\/jam-news.net\/az\/#organization\",\"name\":\"JAMnews\",\"url\":\"https:\/\/jam-news.net\/az\/\",\"logo\":{\"@type\":\"ImageObject\",\"inLanguage\":\"az\",\"@id\":\"https:\/\/jam-news.net\/az\/#\/schema\/logo\/image\/\",\"url\":\"https:\/\/jam-news.net\/app\/uploads\/2020\/05\/JAM_w.jpg\",\"contentUrl\":\"https:\/\/jam-news.net\/app\/uploads\/2020\/05\/JAM_w.jpg\",\"width\":960,\"height\":960,\"caption\":\"JAMnews\"},\"image\":{\"@id\":\"https:\/\/jam-news.net\/az\/#\/schema\/logo\/image\/\"},\"sameAs\":[\"https:\/\/www.facebook.com\/JAMnewsInEnglish\/\",\"https:\/\/x.com\/JAMnewsCaucasus\",\"https:\/\/www.instagram.com\/jam_news\/\",\"https:\/\/www.youtube.com\/channel\/UCXQbUCme2pykuZYXWHx4VPg\"]},{\"@type\":\"Person\",\"@id\":\"https:\/\/jam-news.net\/az\/#\/schema\/person\/67df3bb7adb46cd513fb9c4cb02361c6\",\"name\":\"JAMnews\",\"image\":{\"@type\":\"ImageObject\",\"inLanguage\":\"az\",\"@id\":\"https:\/\/jam-news.net\/az\/#\/schema\/person\/image\/\",\"url\":\"https:\/\/secure.gravatar.com\/avatar\/e5c27593ef900c3ab3deed4ed1c653d7?s=96&d=mm&r=g\",\"contentUrl\":\"https:\/\/secure.gravatar.com\/avatar\/e5c27593ef900c3ab3deed4ed1c653d7?s=96&d=mm&r=g\",\"caption\":\"JAMnews\"},\"url\":\"https:\/\/jam-news.net\/az\/author\/margarita\/\"}]}<\/script>\n<!-- \/ Yoast SEO plugin. -->","yoast_head_json":{"title":"Bak\u0131da \u0130ran s\u0259firliyi qar\u015f\u0131s\u0131nda etiraz aksiyas\u0131 ke\u00e7irilib - JAMnews","robots":{"index":"index","follow":"follow","max-snippet":"max-snippet:-1","max-image-preview":"max-image-preview:large","max-video-preview":"max-video-preview:-1"},"canonical":"https:\/\/jam-news.net\/az\/bakida-iran-s\u0259firliyi-qarsisinda-etiraz-aksiyasi-kecirilib\/","og_locale":"az_AZ","og_type":"article","og_title":"Bak\u0131da \u0130ran s\u0259firliyi qar\u015f\u0131s\u0131nda etiraz aksiyas\u0131 ke\u00e7irilib - JAMnews","og_description":"Etiraz\u00e7\u0131lar etnik az\u0259rbaycanl\u0131lar\u0131n h\u00fcquqlar\u0131 u\u011frunda m\u00fcbariz\u0259 aparanlar\u0131n \u0130ran h\u0259bsxanalar\u0131ndan azad olunmalar\u0131n\u0131 t\u0259l\u0259b edibl\u0259r","og_url":"https:\/\/jam-news.net\/az\/bakida-iran-s\u0259firliyi-qarsisinda-etiraz-aksiyasi-kecirilib\/","og_site_name":"Azerbaijani Jamnews","article_publisher":"https:\/\/www.facebook.com\/JAMnewsInEnglish\/","article_published_time":"2019-07-11T00:00:00+00:00","article_modified_time":"2020-03-18T12:32:02+00:00","og_image":[{"width":2340,"height":1560,"url":"https:\/\/jam-news.net\/app\/uploads\/2020\/03\/66850085_849520025404152_6892854165647654912_n-3.jpg","type":"image\/jpeg"}],"author":"JAMnews","twitter_card":"summary_large_image","twitter_creator":"@JAMnewsCaucasus","twitter_site":"@JAMnewsCaucasus","twitter_misc":{"Written by":"JAMnews","Est. reading time":"3 minutes"},"schema":{"@context":"https:\/\/schema.org","@graph":[{"@type":"Article","@id":"https:\/\/jam-news.net\/az\/bakida-iran-s%c9%99firliyi-qarsisinda-etiraz-aksiyasi-kecirilib\/#article","isPartOf":{"@id":"https:\/\/jam-news.net\/az\/bakida-iran-s%c9%99firliyi-qarsisinda-etiraz-aksiyasi-kecirilib\/"},"author":{"name":"JAMnews","@id":"https:\/\/jam-news.net\/az\/#\/schema\/person\/67df3bb7adb46cd513fb9c4cb02361c6"},"headline":"Bak\u0131da \u0130ran s\u0259firliyi qar\u015f\u0131s\u0131nda etiraz aksiyas\u0131 ke\u00e7irilib","datePublished":"2019-07-11T00:00:00+00:00","dateModified":"2020-03-18T12:32:02+00:00","mainEntityOfPage":{"@id":"https:\/\/jam-news.net\/az\/bakida-iran-s%c9%99firliyi-qarsisinda-etiraz-aksiyasi-kecirilib\/"},"wordCount":589,"commentCount":0,"publisher":{"@id":"https:\/\/jam-news.net\/az\/#organization"},"image":{"@id":"https:\/\/jam-news.net\/az\/bakida-iran-s%c9%99firliyi-qarsisinda-etiraz-aksiyasi-kecirilib\/#primaryimage"},"thumbnailUrl":"https:\/\/jam-news.net\/app\/uploads\/2020\/03\/66850085_849520025404152_6892854165647654912_n-3.jpg","keywords":["Az\u0259rbaycan","Az\u0259rbaycan bu g\u00fcn","Az\u0259rbaycan \u0259traf\u0131nda x\u0259b\u0259rl\u0259r","Az\u0259rbaycan harada yerl\u0259\u015fir","Az\u0259rbaycan h\u00f6kum\u0259ti","Az\u0259rbaycan x\u0259b\u0259rl\u0259ri","Az\u0259rbaycanda hara s\u0259f\u0259r etm\u0259li","Az\u0259rbaycanda n\u0259 ba\u015f verir","Az\u0259rbaycanda siyas\u0259t","Az\u0259rbaycanda v\u0259ziyy\u0259t","Az\u0259rbaycandan hekay\u0259l\u0259r","Az\u0259rbaycandan x\u0259b\u0259rl\u0259r","Bak\u0131","Qafqaz","Qafqaz bu g\u00fcn","Qafqaz c\u0259miyy\u0259ti","Qafqaz \u0259traf\u0131nda x\u0259b\u0259rl\u0259r","Qafqaz iqtisadiyyat\u0131","Qafqaz x\u0259b\u0259rl\u0259ri","Qafqazda h\u0259yat","Qafqazda siyas\u0259t","Qafqazdak\u0131 m\u00fcnaqi\u015f\u0259l\u0259r","Qafqaz\u0131n tarixi","r\u0259ngli Qafqaz","X\u0259b\u0259rl\u0259r"],"articleSection":["Azerbaijan","Geography","Issues","News"],"inLanguage":"az"},{"@type":"WebPage","@id":"https:\/\/jam-news.net\/az\/bakida-iran-s%c9%99firliyi-qarsisinda-etiraz-aksiyasi-kecirilib\/","url":"https:\/\/jam-news.net\/az\/bakida-iran-s%c9%99firliyi-qarsisinda-etiraz-aksiyasi-kecirilib\/","name":"Bak\u0131da \u0130ran s\u0259firliyi qar\u015f\u0131s\u0131nda etiraz aksiyas\u0131 ke\u00e7irilib - JAMnews","isPartOf":{"@id":"https:\/\/jam-news.net\/az\/#website"},"primaryImageOfPage":{"@id":"https:\/\/jam-news.net\/az\/bakida-iran-s%c9%99firliyi-qarsisinda-etiraz-aksiyasi-kecirilib\/#primaryimage"},"image":{"@id":"https:\/\/jam-news.net\/az\/bakida-iran-s%c9%99firliyi-qarsisinda-etiraz-aksiyasi-kecirilib\/#primaryimage"},"thumbnailUrl":"https:\/\/jam-news.net\/app\/uploads\/2020\/03\/66850085_849520025404152_6892854165647654912_n-3.jpg","datePublished":"2019-07-11T00:00:00+00:00","dateModified":"2020-03-18T12:32:02+00:00","breadcrumb":{"@id":"https:\/\/jam-news.net\/az\/bakida-iran-s%c9%99firliyi-qarsisinda-etiraz-aksiyasi-kecirilib\/#breadcrumb"},"inLanguage":"az","potentialAction":[{"@type":"ReadAction","target":["https:\/\/jam-news.net\/az\/bakida-iran-s%c9%99firliyi-qarsisinda-etiraz-aksiyasi-kecirilib\/"]}]},{"@type":"ImageObject","inLanguage":"az","@id":"https:\/\/jam-news.net\/az\/bakida-iran-s%c9%99firliyi-qarsisinda-etiraz-aksiyasi-kecirilib\/#primaryimage","url":"https:\/\/jam-news.net\/app\/uploads\/2020\/03\/66850085_849520025404152_6892854165647654912_n-3.jpg","contentUrl":"https:\/\/jam-news.net\/app\/uploads\/2020\/03\/66850085_849520025404152_6892854165647654912_n-3.jpg","width":2340,"height":1560},{"@type":"BreadcrumbList","@id":"https:\/\/jam-news.net\/az\/bakida-iran-s%c9%99firliyi-qarsisinda-etiraz-aksiyasi-kecirilib\/#breadcrumb","itemListElement":[{"@type":"ListItem","position":1,"name":"Home","item":"https:\/\/jam-news.net\/az\/"},{"@type":"ListItem","position":2,"name":"Bak\u0131da \u0130ran s\u0259firliyi qar\u015f\u0131s\u0131nda etiraz aksiyas\u0131 ke\u00e7irilib"}]},{"@type":"WebSite","@id":"https:\/\/jam-news.net\/az\/#website","url":"https:\/\/jam-news.net\/az\/","name":"Azerbaijani Jamnews","description":"Caucasus News, Politics and Society","publisher":{"@id":"https:\/\/jam-news.net\/az\/#organization"},"potentialAction":[{"@type":"SearchAction","target":{"@type":"EntryPoint","urlTemplate":"https:\/\/jam-news.net\/az\/?s={search_term_string}"},"query-input":{"@type":"PropertyValueSpecification","valueRequired":true,"valueName":"search_term_string"}}],"inLanguage":"az"},{"@type":"Organization","@id":"https:\/\/jam-news.net\/az\/#organization","name":"JAMnews","url":"https:\/\/jam-news.net\/az\/","logo":{"@type":"ImageObject","inLanguage":"az","@id":"https:\/\/jam-news.net\/az\/#\/schema\/logo\/image\/","url":"https:\/\/jam-news.net\/app\/uploads\/2020\/05\/JAM_w.jpg","contentUrl":"https:\/\/jam-news.net\/app\/uploads\/2020\/05\/JAM_w.jpg","width":960,"height":960,"caption":"JAMnews"},"image":{"@id":"https:\/\/jam-news.net\/az\/#\/schema\/logo\/image\/"},"sameAs":["https:\/\/www.facebook.com\/JAMnewsInEnglish\/","https:\/\/x.com\/JAMnewsCaucasus","https:\/\/www.instagram.com\/jam_news\/","https:\/\/www.youtube.com\/channel\/UCXQbUCme2pykuZYXWHx4VPg"]},{"@type":"Person","@id":"https:\/\/jam-news.net\/az\/#\/schema\/person\/67df3bb7adb46cd513fb9c4cb02361c6","name":"JAMnews","image":{"@type":"ImageObject","inLanguage":"az","@id":"https:\/\/jam-news.net\/az\/#\/schema\/person\/image\/","url":"https:\/\/secure.gravatar.com\/avatar\/e5c27593ef900c3ab3deed4ed1c653d7?s=96&d=mm&r=g","contentUrl":"https:\/\/secure.gravatar.com\/avatar\/e5c27593ef900c3ab3deed4ed1c653d7?s=96&d=mm&r=g","caption":"JAMnews"},"url":"https:\/\/jam-news.net\/az\/author\/margarita\/"}]}},"_links":{"self":[{"href":"https:\/\/jam-news.net\/az\/wp-json\/wp\/v2\/posts\/11399","targetHints":{"allow":["GET"]}}],"collection":[{"href":"https:\/\/jam-news.net\/az\/wp-json\/wp\/v2\/posts"}],"about":[{"href":"https:\/\/jam-news.net\/az\/wp-json\/wp\/v2\/types\/post"}],"author":[{"embeddable":true,"href":"https:\/\/jam-news.net\/az\/wp-json\/wp\/v2\/users\/3"}],"replies":[{"embeddable":true,"href":"https:\/\/jam-news.net\/az\/wp-json\/wp\/v2\/comments?post=11399"}],"version-history":[{"count":1,"href":"https:\/\/jam-news.net\/az\/wp-json\/wp\/v2\/posts\/11399\/revisions"}],"predecessor-version":[{"id":16886,"href":"https:\/\/jam-news.net\/az\/wp-json\/wp\/v2\/posts\/11399\/revisions\/16886"}],"wp:featuredmedia":[{"embeddable":true,"href":"https:\/\/jam-news.net\/az\/wp-json\/wp\/v2\/media\/22331"}],"wp:attachment":[{"href":"https:\/\/jam-news.net\/az\/wp-json\/wp\/v2\/media?parent=11399"}],"wp:term":[{"taxonomy":"category","embeddable":true,"href":"https:\/\/jam-news.net\/az\/wp-json\/wp\/v2\/categories?post=11399"},{"taxonomy":"post_tag","embeddable":true,"href":"https:\/\/jam-news.net\/az\/wp-json\/wp\/v2\/tags?post=11399"},{"taxonomy":"formation","embeddable":true,"href":"https:\/\/jam-news.net\/az\/wp-json\/wp\/v2\/formation?post=11399"},{"taxonomy":"post-author","embeddable":true,"href":"https:\/\/jam-news.net\/az\/wp-json\/wp\/v2\/post-author?post=11399"},{"taxonomy":"topic","embeddable":true,"href":"https:\/\/jam-news.net\/az\/wp-json\/wp\/v2\/topic?post=11399"},{"taxonomy":"tooltip","embeddable":true,"href":"https:\/\/jam-news.net\/az\/wp-json\/wp\/v2\/tooltip?post=11399"},{"taxonomy":"city","embeddable":true,"href":"https:\/\/jam-news.net\/az\/wp-json\/wp\/v2\/city?post=11399"}],"curies":[{"name":"wp","href":"https:\/\/api.w.org\/{rel}","templated":true}]}}