{"id":11281,"date":"2019-06-28T00:00:00","date_gmt":"2019-06-28T00:00:00","guid":{"rendered":"http:\/\/jam-news.net\/az\/ivanisvili-ucun-sari-kart-oliqarxin-iqam%c9%99tgahi-qarsisinda-gec%c9%99-aksiyasi\/"},"modified":"2020-03-18T12:30:58","modified_gmt":"2020-03-18T12:30:58","slug":"ivanisvili-ucun-sari-kart-oliqarxin-iqam%c9%99tgahi-qarsisinda-gec%c9%99-aksiyasi","status":"publish","type":"post","link":"https:\/\/jam-news.net\/az\/ivanisvili-ucun-sari-kart-oliqarxin-iqam%c9%99tgahi-qarsisinda-gec%c9%99-aksiyasi\/","title":{"rendered":"\u0130vani\u015fvili \u00fc\u00e7\u00fcn sar\u0131 kart \u2014 oliqarx\u0131n iqam\u0259tgah\u0131 qar\u015f\u0131s\u0131nda gec\u0259 aksiyas\u0131"},"content":{"rendered":"<p>Oliqarx Bidzina \u0130vani\u015fvili \u00fc\u00e7\u00fcn sar\u0131 kartlar \u2014 iyunun 28-d\u0259 gec\u0259 yar\u0131 \u0130vani\u015fvilinin iqam\u0259tgah\u0131 qar\u015f\u0131s\u0131nda etiraz aksiyas\u0131 bu \u015f\u00fcar alt\u0131nda bitdi. Mitinq i\u015ftirak\u00e7\u0131lar\u0131 parlament binas\u0131ndan oliqarx\u0131n iqam\u0259tgah\u0131na y\u00fcr\u00fc\u015f t\u0259\u015fkil ed\u0259r\u0259k, burada yenid\u0259n daxili i\u015fl\u0259r naziri Giorgi Qaxariyan\u0131n istefas\u0131n\u0131 t\u0259l\u0259b edibl\u0259r.<\/p>\n<p>https:\/\/www.facebook.com\/manqieri\/videos\/2420395691316480\/<\/p>\n<p>N\u00fcmayi\u015f\u00e7il\u0259r \u201csar\u0131 kartlar\u201d g\u00f6st\u0259rdil\u0259r. Onlar\u0131n s\u00f6zl\u0259rin\u0259 g\u00f6r\u0259, t\u0259l\u0259bl\u0259r\u00a0 yerin\u0259 yetirilm\u0259s\u0259 n\u00f6vb\u0259ti d\u0259f\u0259 iqam\u0259tgah qar\u0131s\u0131na \u201cq\u0131rm\u0131z\u0131 kartlar\u201dla g\u0259l\u0259c\u0259kl\u0259r.<\/p>\n<p><figure id=\"attachment_180798\" aria-describedby=\"caption-attachment-180798\" style=\"width: 720px\" class=\"wp-caption alignnone\"><img loading=\"lazy\" decoding=\"async\" class=\"wp-image-180798 size-full\" src=\"http:\/\/jam-news.net\/app\/uploads\/2019\/06\/65031929_10215274325791497_3622337754878181376_n.jpg\" alt=\"\" width=\"720\" height=\"960\" \/><figcaption id=\"caption-attachment-180798\" class=\"wp-caption-text\"><span style=\"font-weight: 400;\">Foto: Facebook<\/span><\/figcaption><\/figure><\/p>\n<p><figure id=\"attachment_180783\" aria-describedby=\"caption-attachment-180783\" style=\"width: 960px\" class=\"wp-caption alignnone\"><img loading=\"lazy\" decoding=\"async\" class=\"wp-image-180783 size-full\" src=\"http:\/\/jam-news.net\/app\/uploads\/2019\/06\/65680321_2379969542042293_2525512852484128768_n.jpg\" alt=\"\" width=\"960\" height=\"720\" \/><figcaption id=\"caption-attachment-180783\" class=\"wp-caption-text\"><span style=\"color: #333333;\"><em><span style=\"font-weight: 400;\">Foto: Facebook<\/span><\/em><\/span><\/figcaption><\/figure><\/p>\n<p style=\"padding-left: 30px;\"><em>\u201cR\u0259mzi presedent yaratmaq laz\u0131md\u0131r. \u00d6z v\u0259t\u0259nda\u015flar\u0131n\u0131 \u015fik\u0259st ed\u0259n daxili i\u015fl\u0259r naziri c\u0259zaland\u0131r\u0131lmal\u0131d\u0131r. Polis haqq\u0131nda qanunu pozanlara polisd\u0259 yer yoxdur\u201d, \u2014<\/em> aksiya i\u015ftirak\u00e7\u0131lar\u0131ndan biri Mi\u015fa M\u015fvildadze deyib.<\/p>\n<p style=\"padding-left: 30px;\"><em>\u201cBu, Bidzina \u0130vani\u015fvilinin evi deyil, bura t\u0259\u0259ss\u00fcf ki, G\u00fcrc\u00fcstan\u0131n idar\u0259 olundu\u011fu kontordur. Biz he\u00e7 kimin evin\u0259 soxulmuruq\u201d,<\/em> \u2014 aksiya i\u015ftirak\u00e7\u0131lar\u0131ndan biri, musiqi\u00e7i David Qabuniya deyib.<\/p>\n<p>\u0130yunun 28-d\u0259 ax\u015fam daxili i\u015fl\u0259r naziri Qaxariya telejurnalistl\u0259r\u0259 verdiyi m\u00fcsahib\u0259d\u0259 istefa verm\u0259y\u0259 haz\u0131rla\u015fmad\u0131\u011f\u0131n\u0131 bildirib.<\/p>\n<p><figure id=\"attachment_180793\" aria-describedby=\"caption-attachment-180793\" style=\"width: 720px\" class=\"wp-caption alignnone\"><img loading=\"lazy\" decoding=\"async\" class=\"wp-image-180793 size-full\" src=\"http:\/\/jam-news.net\/app\/uploads\/2019\/06\/65834774_10215273602013403_1599761385162539008_n-1.jpg\" alt=\"\" width=\"720\" height=\"960\" \/><figcaption id=\"caption-attachment-180793\" class=\"wp-caption-text\"><em>Foto: Faceboo<\/em>k<\/figcaption><\/figure><\/p>\n<p>Daxili i\u015fl\u0259r nazirinin istefas\u0131 v\u0259 21 iyun n\u00fcmayi\u015finin da\u011f\u0131d\u0131lmas\u0131nda g\u00fcnahkar olanlar\u0131n c\u0259zaland\u0131r\u0131lmas\u0131 t\u0259l\u0259bi il\u0259 n\u00f6vb\u0259ti etiraz aksiyas\u0131 iyunun 29-da, ax\u015fam saat 19-da ba\u015flayacaq.<\/p>\n<p>&nbsp;<\/p>\n","protected":false},"excerpt":{"rendered":"<p>Tbilisid\u0259 n\u00fcmayi\u015f\u00e7il\u0259r \u0259sas t\u0259l\u0259bl\u0259rinin yerin\u0259 yetirilm\u0259sini \u2013 daxili i\u015fl\u0259r nazirinin istefas\u0131n\u0131 t\u0259l\u0259b edirl\u0259r<\/p>\n","protected":false},"author":6,"featured_media":22300,"comment_status":"open","ping_status":"open","sticky":false,"template":"","format":"standard","meta":{"_acf_changed":false,"footnotes":""},"categories":[2,3,50,5],"tags":[511,509,555,512,513,364,429,514,515,516,508,437],"formation":[],"post-author":[],"topic":[304,4645],"tooltip":[],"city":[],"class_list":["post-11281","post","type-post","status-publish","format-standard","has-post-thumbnail","hentry","category-cografiya","category-gurcustan","category-xbrlr","category-siyast","tag-gurcustan-bu-gun","tag-gurcustan-cmiyyti","tag-gurcustan-trafinda-xbrlr","tag-gurcustan-hokumti","tag-gurcustan-siyasti","tag-gurcustan-xbrlri","tag-gurcustanda-hyat","tag-gurcustanda-n-bas-verir","tag-gurcustandan-xbrlr","tag-gurcustanin-hekaylri","tag-post-sovet-gurcustan","tag-tbilisi","topic-bidzina-ivanisvili","topic-giorgi-qaxariya"],"acf":[],"yoast_head":"<!-- This site is optimized with the Yoast SEO plugin v24.1 - https:\/\/yoast.com\/wordpress\/plugins\/seo\/ -->\n<title>\u0130vani\u015fvili \u00fc\u00e7\u00fcn sar\u0131 kart \u2014 oliqarx\u0131n iqam\u0259tgah\u0131 qar\u015f\u0131s\u0131nda gec\u0259 aksiyas\u0131 - JAMnews<\/title>\n<meta name=\"robots\" content=\"index, follow, max-snippet:-1, max-image-preview:large, max-video-preview:-1\" \/>\n<link rel=\"canonical\" href=\"https:\/\/jam-news.net\/az\/ivanisvili-ucun-sari-kart-oliqarxin-iqam\u0259tgahi-qarsisinda-gec\u0259-aksiyasi\/\" \/>\n<meta property=\"og:locale\" content=\"az_AZ\" \/>\n<meta property=\"og:type\" content=\"article\" \/>\n<meta property=\"og:title\" content=\"\u0130vani\u015fvili \u00fc\u00e7\u00fcn sar\u0131 kart \u2014 oliqarx\u0131n iqam\u0259tgah\u0131 qar\u015f\u0131s\u0131nda gec\u0259 aksiyas\u0131 - JAMnews\" \/>\n<meta property=\"og:description\" content=\"Tbilisid\u0259 n\u00fcmayi\u015f\u00e7il\u0259r \u0259sas t\u0259l\u0259bl\u0259rinin yerin\u0259 yetirilm\u0259sini \u2013 daxili i\u015fl\u0259r nazirinin istefas\u0131n\u0131 t\u0259l\u0259b edirl\u0259r\" \/>\n<meta property=\"og:url\" content=\"https:\/\/jam-news.net\/az\/ivanisvili-ucun-sari-kart-oliqarxin-iqam\u0259tgahi-qarsisinda-gec\u0259-aksiyasi\/\" \/>\n<meta property=\"og:site_name\" content=\"Azerbaijani Jamnews\" \/>\n<meta property=\"article:publisher\" content=\"https:\/\/www.facebook.com\/JAMnewsInEnglish\/\" \/>\n<meta property=\"article:published_time\" content=\"2019-06-28T00:00:00+00:00\" \/>\n<meta property=\"article:modified_time\" content=\"2020-03-18T12:30:58+00:00\" \/>\n<meta property=\"og:image\" content=\"https:\/\/jam-news.net\/app\/uploads\/2020\/03\/65680321_2379969542042293_2525512852484128768_n-4.jpg\" \/>\n\t<meta property=\"og:image:width\" content=\"960\" \/>\n\t<meta property=\"og:image:height\" content=\"720\" \/>\n\t<meta property=\"og:image:type\" content=\"image\/jpeg\" \/>\n<meta name=\"author\" content=\"Tatia nikoladze\" \/>\n<meta name=\"twitter:card\" content=\"summary_large_image\" \/>\n<meta name=\"twitter:creator\" content=\"@JAMnewsCaucasus\" \/>\n<meta name=\"twitter:site\" content=\"@JAMnewsCaucasus\" \/>\n<meta name=\"twitter:label1\" content=\"Written by\" \/>\n\t<meta name=\"twitter:data1\" content=\"Tatia nikoladze\" \/>\n\t<meta name=\"twitter:label2\" content=\"Est. reading time\" \/>\n\t<meta name=\"twitter:data2\" content=\"1 minute\" \/>\n<script type=\"application\/ld+json\" class=\"yoast-schema-graph\">{\"@context\":\"https:\/\/schema.org\",\"@graph\":[{\"@type\":\"Article\",\"@id\":\"https:\/\/jam-news.net\/az\/ivanisvili-ucun-sari-kart-oliqarxin-iqam%c9%99tgahi-qarsisinda-gec%c9%99-aksiyasi\/#article\",\"isPartOf\":{\"@id\":\"https:\/\/jam-news.net\/az\/ivanisvili-ucun-sari-kart-oliqarxin-iqam%c9%99tgahi-qarsisinda-gec%c9%99-aksiyasi\/\"},\"author\":{\"name\":\"Tatia nikoladze\",\"@id\":\"https:\/\/jam-news.net\/az\/#\/schema\/person\/86c90ea4dd4c6e61e60ae51d24bc662c\"},\"headline\":\"\u0130vani\u015fvili \u00fc\u00e7\u00fcn sar\u0131 kart \u2014 oliqarx\u0131n iqam\u0259tgah\u0131 qar\u015f\u0131s\u0131nda gec\u0259 aksiyas\u0131\",\"datePublished\":\"2019-06-28T00:00:00+00:00\",\"dateModified\":\"2020-03-18T12:30:58+00:00\",\"mainEntityOfPage\":{\"@id\":\"https:\/\/jam-news.net\/az\/ivanisvili-ucun-sari-kart-oliqarxin-iqam%c9%99tgahi-qarsisinda-gec%c9%99-aksiyasi\/\"},\"wordCount\":300,\"commentCount\":0,\"publisher\":{\"@id\":\"https:\/\/jam-news.net\/az\/#organization\"},\"image\":{\"@id\":\"https:\/\/jam-news.net\/az\/ivanisvili-ucun-sari-kart-oliqarxin-iqam%c9%99tgahi-qarsisinda-gec%c9%99-aksiyasi\/#primaryimage\"},\"thumbnailUrl\":\"https:\/\/jam-news.net\/app\/uploads\/2020\/03\/65680321_2379969542042293_2525512852484128768_n-4.jpg\",\"keywords\":[\"G\u00fcrc\u00fcstan bu g\u00fcn\",\"G\u00fcrc\u00fcstan c\u0259miyy\u0259ti\",\"G\u00fcrc\u00fcstan \u0259traf\u0131nda x\u0259b\u0259rl\u0259r\",\"G\u00fcrc\u00fcstan h\u00f6kum\u0259ti\",\"G\u00fcrc\u00fcstan siyas\u0259ti\",\"G\u00fcrc\u00fcstan x\u0259b\u0259rl\u0259ri\",\"G\u00fcrc\u00fcstanda h\u0259yat\",\"G\u00fcrc\u00fcstanda n\u0259 ba\u015f verir\",\"G\u00fcrc\u00fcstandan x\u0259b\u0259rl\u0259r\",\"G\u00fcrc\u00fcstan\u0131n hekay\u0259l\u0259ri\",\"post-sovet g\u00fcrc\u00fcstan\",\"Tbilisi\"],\"articleSection\":[\"Geography\",\"Georgia\",\"News\",\"Politics\"],\"inLanguage\":\"az\"},{\"@type\":\"WebPage\",\"@id\":\"https:\/\/jam-news.net\/az\/ivanisvili-ucun-sari-kart-oliqarxin-iqam%c9%99tgahi-qarsisinda-gec%c9%99-aksiyasi\/\",\"url\":\"https:\/\/jam-news.net\/az\/ivanisvili-ucun-sari-kart-oliqarxin-iqam%c9%99tgahi-qarsisinda-gec%c9%99-aksiyasi\/\",\"name\":\"\u0130vani\u015fvili \u00fc\u00e7\u00fcn sar\u0131 kart \u2014 oliqarx\u0131n iqam\u0259tgah\u0131 qar\u015f\u0131s\u0131nda gec\u0259 aksiyas\u0131 - JAMnews\",\"isPartOf\":{\"@id\":\"https:\/\/jam-news.net\/az\/#website\"},\"primaryImageOfPage\":{\"@id\":\"https:\/\/jam-news.net\/az\/ivanisvili-ucun-sari-kart-oliqarxin-iqam%c9%99tgahi-qarsisinda-gec%c9%99-aksiyasi\/#primaryimage\"},\"image\":{\"@id\":\"https:\/\/jam-news.net\/az\/ivanisvili-ucun-sari-kart-oliqarxin-iqam%c9%99tgahi-qarsisinda-gec%c9%99-aksiyasi\/#primaryimage\"},\"thumbnailUrl\":\"https:\/\/jam-news.net\/app\/uploads\/2020\/03\/65680321_2379969542042293_2525512852484128768_n-4.jpg\",\"datePublished\":\"2019-06-28T00:00:00+00:00\",\"dateModified\":\"2020-03-18T12:30:58+00:00\",\"breadcrumb\":{\"@id\":\"https:\/\/jam-news.net\/az\/ivanisvili-ucun-sari-kart-oliqarxin-iqam%c9%99tgahi-qarsisinda-gec%c9%99-aksiyasi\/#breadcrumb\"},\"inLanguage\":\"az\",\"potentialAction\":[{\"@type\":\"ReadAction\",\"target\":[\"https:\/\/jam-news.net\/az\/ivanisvili-ucun-sari-kart-oliqarxin-iqam%c9%99tgahi-qarsisinda-gec%c9%99-aksiyasi\/\"]}]},{\"@type\":\"ImageObject\",\"inLanguage\":\"az\",\"@id\":\"https:\/\/jam-news.net\/az\/ivanisvili-ucun-sari-kart-oliqarxin-iqam%c9%99tgahi-qarsisinda-gec%c9%99-aksiyasi\/#primaryimage\",\"url\":\"https:\/\/jam-news.net\/app\/uploads\/2020\/03\/65680321_2379969542042293_2525512852484128768_n-4.jpg\",\"contentUrl\":\"https:\/\/jam-news.net\/app\/uploads\/2020\/03\/65680321_2379969542042293_2525512852484128768_n-4.jpg\",\"width\":960,\"height\":720},{\"@type\":\"BreadcrumbList\",\"@id\":\"https:\/\/jam-news.net\/az\/ivanisvili-ucun-sari-kart-oliqarxin-iqam%c9%99tgahi-qarsisinda-gec%c9%99-aksiyasi\/#breadcrumb\",\"itemListElement\":[{\"@type\":\"ListItem\",\"position\":1,\"name\":\"Home\",\"item\":\"https:\/\/jam-news.net\/az\/\"},{\"@type\":\"ListItem\",\"position\":2,\"name\":\"\u0130vani\u015fvili \u00fc\u00e7\u00fcn sar\u0131 kart \u2014 oliqarx\u0131n iqam\u0259tgah\u0131 qar\u015f\u0131s\u0131nda gec\u0259 aksiyas\u0131\"}]},{\"@type\":\"WebSite\",\"@id\":\"https:\/\/jam-news.net\/az\/#website\",\"url\":\"https:\/\/jam-news.net\/az\/\",\"name\":\"Azerbaijani Jamnews\",\"description\":\"Caucasus News, Politics and Society\",\"publisher\":{\"@id\":\"https:\/\/jam-news.net\/az\/#organization\"},\"potentialAction\":[{\"@type\":\"SearchAction\",\"target\":{\"@type\":\"EntryPoint\",\"urlTemplate\":\"https:\/\/jam-news.net\/az\/?s={search_term_string}\"},\"query-input\":{\"@type\":\"PropertyValueSpecification\",\"valueRequired\":true,\"valueName\":\"search_term_string\"}}],\"inLanguage\":\"az\"},{\"@type\":\"Organization\",\"@id\":\"https:\/\/jam-news.net\/az\/#organization\",\"name\":\"JAMnews\",\"url\":\"https:\/\/jam-news.net\/az\/\",\"logo\":{\"@type\":\"ImageObject\",\"inLanguage\":\"az\",\"@id\":\"https:\/\/jam-news.net\/az\/#\/schema\/logo\/image\/\",\"url\":\"https:\/\/jam-news.net\/app\/uploads\/2020\/05\/JAM_w.jpg\",\"contentUrl\":\"https:\/\/jam-news.net\/app\/uploads\/2020\/05\/JAM_w.jpg\",\"width\":960,\"height\":960,\"caption\":\"JAMnews\"},\"image\":{\"@id\":\"https:\/\/jam-news.net\/az\/#\/schema\/logo\/image\/\"},\"sameAs\":[\"https:\/\/www.facebook.com\/JAMnewsInEnglish\/\",\"https:\/\/x.com\/JAMnewsCaucasus\",\"https:\/\/www.instagram.com\/jam_news\/\",\"https:\/\/www.youtube.com\/channel\/UCXQbUCme2pykuZYXWHx4VPg\"]},{\"@type\":\"Person\",\"@id\":\"https:\/\/jam-news.net\/az\/#\/schema\/person\/86c90ea4dd4c6e61e60ae51d24bc662c\",\"name\":\"Tatia nikoladze\",\"image\":{\"@type\":\"ImageObject\",\"inLanguage\":\"az\",\"@id\":\"https:\/\/jam-news.net\/az\/#\/schema\/person\/image\/\",\"url\":\"https:\/\/secure.gravatar.com\/avatar\/1f8b2c8ce4c25cc30806785bafe6bb03?s=96&d=mm&r=g\",\"contentUrl\":\"https:\/\/secure.gravatar.com\/avatar\/1f8b2c8ce4c25cc30806785bafe6bb03?s=96&d=mm&r=g\",\"caption\":\"Tatia nikoladze\"},\"url\":\"https:\/\/jam-news.net\/az\/author\/tatiani\/\"}]}<\/script>\n<!-- \/ Yoast SEO plugin. -->","yoast_head_json":{"title":"\u0130vani\u015fvili \u00fc\u00e7\u00fcn sar\u0131 kart \u2014 oliqarx\u0131n iqam\u0259tgah\u0131 qar\u015f\u0131s\u0131nda gec\u0259 aksiyas\u0131 - JAMnews","robots":{"index":"index","follow":"follow","max-snippet":"max-snippet:-1","max-image-preview":"max-image-preview:large","max-video-preview":"max-video-preview:-1"},"canonical":"https:\/\/jam-news.net\/az\/ivanisvili-ucun-sari-kart-oliqarxin-iqam\u0259tgahi-qarsisinda-gec\u0259-aksiyasi\/","og_locale":"az_AZ","og_type":"article","og_title":"\u0130vani\u015fvili \u00fc\u00e7\u00fcn sar\u0131 kart \u2014 oliqarx\u0131n iqam\u0259tgah\u0131 qar\u015f\u0131s\u0131nda gec\u0259 aksiyas\u0131 - JAMnews","og_description":"Tbilisid\u0259 n\u00fcmayi\u015f\u00e7il\u0259r \u0259sas t\u0259l\u0259bl\u0259rinin yerin\u0259 yetirilm\u0259sini \u2013 daxili i\u015fl\u0259r nazirinin istefas\u0131n\u0131 t\u0259l\u0259b edirl\u0259r","og_url":"https:\/\/jam-news.net\/az\/ivanisvili-ucun-sari-kart-oliqarxin-iqam\u0259tgahi-qarsisinda-gec\u0259-aksiyasi\/","og_site_name":"Azerbaijani Jamnews","article_publisher":"https:\/\/www.facebook.com\/JAMnewsInEnglish\/","article_published_time":"2019-06-28T00:00:00+00:00","article_modified_time":"2020-03-18T12:30:58+00:00","og_image":[{"width":960,"height":720,"url":"https:\/\/jam-news.net\/app\/uploads\/2020\/03\/65680321_2379969542042293_2525512852484128768_n-4.jpg","type":"image\/jpeg"}],"author":"Tatia nikoladze","twitter_card":"summary_large_image","twitter_creator":"@JAMnewsCaucasus","twitter_site":"@JAMnewsCaucasus","twitter_misc":{"Written by":"Tatia nikoladze","Est. reading time":"1 minute"},"schema":{"@context":"https:\/\/schema.org","@graph":[{"@type":"Article","@id":"https:\/\/jam-news.net\/az\/ivanisvili-ucun-sari-kart-oliqarxin-iqam%c9%99tgahi-qarsisinda-gec%c9%99-aksiyasi\/#article","isPartOf":{"@id":"https:\/\/jam-news.net\/az\/ivanisvili-ucun-sari-kart-oliqarxin-iqam%c9%99tgahi-qarsisinda-gec%c9%99-aksiyasi\/"},"author":{"name":"Tatia nikoladze","@id":"https:\/\/jam-news.net\/az\/#\/schema\/person\/86c90ea4dd4c6e61e60ae51d24bc662c"},"headline":"\u0130vani\u015fvili \u00fc\u00e7\u00fcn sar\u0131 kart \u2014 oliqarx\u0131n iqam\u0259tgah\u0131 qar\u015f\u0131s\u0131nda gec\u0259 aksiyas\u0131","datePublished":"2019-06-28T00:00:00+00:00","dateModified":"2020-03-18T12:30:58+00:00","mainEntityOfPage":{"@id":"https:\/\/jam-news.net\/az\/ivanisvili-ucun-sari-kart-oliqarxin-iqam%c9%99tgahi-qarsisinda-gec%c9%99-aksiyasi\/"},"wordCount":300,"commentCount":0,"publisher":{"@id":"https:\/\/jam-news.net\/az\/#organization"},"image":{"@id":"https:\/\/jam-news.net\/az\/ivanisvili-ucun-sari-kart-oliqarxin-iqam%c9%99tgahi-qarsisinda-gec%c9%99-aksiyasi\/#primaryimage"},"thumbnailUrl":"https:\/\/jam-news.net\/app\/uploads\/2020\/03\/65680321_2379969542042293_2525512852484128768_n-4.jpg","keywords":["G\u00fcrc\u00fcstan bu g\u00fcn","G\u00fcrc\u00fcstan c\u0259miyy\u0259ti","G\u00fcrc\u00fcstan \u0259traf\u0131nda x\u0259b\u0259rl\u0259r","G\u00fcrc\u00fcstan h\u00f6kum\u0259ti","G\u00fcrc\u00fcstan siyas\u0259ti","G\u00fcrc\u00fcstan x\u0259b\u0259rl\u0259ri","G\u00fcrc\u00fcstanda h\u0259yat","G\u00fcrc\u00fcstanda n\u0259 ba\u015f verir","G\u00fcrc\u00fcstandan x\u0259b\u0259rl\u0259r","G\u00fcrc\u00fcstan\u0131n hekay\u0259l\u0259ri","post-sovet g\u00fcrc\u00fcstan","Tbilisi"],"articleSection":["Geography","Georgia","News","Politics"],"inLanguage":"az"},{"@type":"WebPage","@id":"https:\/\/jam-news.net\/az\/ivanisvili-ucun-sari-kart-oliqarxin-iqam%c9%99tgahi-qarsisinda-gec%c9%99-aksiyasi\/","url":"https:\/\/jam-news.net\/az\/ivanisvili-ucun-sari-kart-oliqarxin-iqam%c9%99tgahi-qarsisinda-gec%c9%99-aksiyasi\/","name":"\u0130vani\u015fvili \u00fc\u00e7\u00fcn sar\u0131 kart \u2014 oliqarx\u0131n iqam\u0259tgah\u0131 qar\u015f\u0131s\u0131nda gec\u0259 aksiyas\u0131 - JAMnews","isPartOf":{"@id":"https:\/\/jam-news.net\/az\/#website"},"primaryImageOfPage":{"@id":"https:\/\/jam-news.net\/az\/ivanisvili-ucun-sari-kart-oliqarxin-iqam%c9%99tgahi-qarsisinda-gec%c9%99-aksiyasi\/#primaryimage"},"image":{"@id":"https:\/\/jam-news.net\/az\/ivanisvili-ucun-sari-kart-oliqarxin-iqam%c9%99tgahi-qarsisinda-gec%c9%99-aksiyasi\/#primaryimage"},"thumbnailUrl":"https:\/\/jam-news.net\/app\/uploads\/2020\/03\/65680321_2379969542042293_2525512852484128768_n-4.jpg","datePublished":"2019-06-28T00:00:00+00:00","dateModified":"2020-03-18T12:30:58+00:00","breadcrumb":{"@id":"https:\/\/jam-news.net\/az\/ivanisvili-ucun-sari-kart-oliqarxin-iqam%c9%99tgahi-qarsisinda-gec%c9%99-aksiyasi\/#breadcrumb"},"inLanguage":"az","potentialAction":[{"@type":"ReadAction","target":["https:\/\/jam-news.net\/az\/ivanisvili-ucun-sari-kart-oliqarxin-iqam%c9%99tgahi-qarsisinda-gec%c9%99-aksiyasi\/"]}]},{"@type":"ImageObject","inLanguage":"az","@id":"https:\/\/jam-news.net\/az\/ivanisvili-ucun-sari-kart-oliqarxin-iqam%c9%99tgahi-qarsisinda-gec%c9%99-aksiyasi\/#primaryimage","url":"https:\/\/jam-news.net\/app\/uploads\/2020\/03\/65680321_2379969542042293_2525512852484128768_n-4.jpg","contentUrl":"https:\/\/jam-news.net\/app\/uploads\/2020\/03\/65680321_2379969542042293_2525512852484128768_n-4.jpg","width":960,"height":720},{"@type":"BreadcrumbList","@id":"https:\/\/jam-news.net\/az\/ivanisvili-ucun-sari-kart-oliqarxin-iqam%c9%99tgahi-qarsisinda-gec%c9%99-aksiyasi\/#breadcrumb","itemListElement":[{"@type":"ListItem","position":1,"name":"Home","item":"https:\/\/jam-news.net\/az\/"},{"@type":"ListItem","position":2,"name":"\u0130vani\u015fvili \u00fc\u00e7\u00fcn sar\u0131 kart \u2014 oliqarx\u0131n iqam\u0259tgah\u0131 qar\u015f\u0131s\u0131nda gec\u0259 aksiyas\u0131"}]},{"@type":"WebSite","@id":"https:\/\/jam-news.net\/az\/#website","url":"https:\/\/jam-news.net\/az\/","name":"Azerbaijani Jamnews","description":"Caucasus News, Politics and Society","publisher":{"@id":"https:\/\/jam-news.net\/az\/#organization"},"potentialAction":[{"@type":"SearchAction","target":{"@type":"EntryPoint","urlTemplate":"https:\/\/jam-news.net\/az\/?s={search_term_string}"},"query-input":{"@type":"PropertyValueSpecification","valueRequired":true,"valueName":"search_term_string"}}],"inLanguage":"az"},{"@type":"Organization","@id":"https:\/\/jam-news.net\/az\/#organization","name":"JAMnews","url":"https:\/\/jam-news.net\/az\/","logo":{"@type":"ImageObject","inLanguage":"az","@id":"https:\/\/jam-news.net\/az\/#\/schema\/logo\/image\/","url":"https:\/\/jam-news.net\/app\/uploads\/2020\/05\/JAM_w.jpg","contentUrl":"https:\/\/jam-news.net\/app\/uploads\/2020\/05\/JAM_w.jpg","width":960,"height":960,"caption":"JAMnews"},"image":{"@id":"https:\/\/jam-news.net\/az\/#\/schema\/logo\/image\/"},"sameAs":["https:\/\/www.facebook.com\/JAMnewsInEnglish\/","https:\/\/x.com\/JAMnewsCaucasus","https:\/\/www.instagram.com\/jam_news\/","https:\/\/www.youtube.com\/channel\/UCXQbUCme2pykuZYXWHx4VPg"]},{"@type":"Person","@id":"https:\/\/jam-news.net\/az\/#\/schema\/person\/86c90ea4dd4c6e61e60ae51d24bc662c","name":"Tatia nikoladze","image":{"@type":"ImageObject","inLanguage":"az","@id":"https:\/\/jam-news.net\/az\/#\/schema\/person\/image\/","url":"https:\/\/secure.gravatar.com\/avatar\/1f8b2c8ce4c25cc30806785bafe6bb03?s=96&d=mm&r=g","contentUrl":"https:\/\/secure.gravatar.com\/avatar\/1f8b2c8ce4c25cc30806785bafe6bb03?s=96&d=mm&r=g","caption":"Tatia nikoladze"},"url":"https:\/\/jam-news.net\/az\/author\/tatiani\/"}]}},"_links":{"self":[{"href":"https:\/\/jam-news.net\/az\/wp-json\/wp\/v2\/posts\/11281","targetHints":{"allow":["GET"]}}],"collection":[{"href":"https:\/\/jam-news.net\/az\/wp-json\/wp\/v2\/posts"}],"about":[{"href":"https:\/\/jam-news.net\/az\/wp-json\/wp\/v2\/types\/post"}],"author":[{"embeddable":true,"href":"https:\/\/jam-news.net\/az\/wp-json\/wp\/v2\/users\/6"}],"replies":[{"embeddable":true,"href":"https:\/\/jam-news.net\/az\/wp-json\/wp\/v2\/comments?post=11281"}],"version-history":[{"count":1,"href":"https:\/\/jam-news.net\/az\/wp-json\/wp\/v2\/posts\/11281\/revisions"}],"predecessor-version":[{"id":16900,"href":"https:\/\/jam-news.net\/az\/wp-json\/wp\/v2\/posts\/11281\/revisions\/16900"}],"wp:featuredmedia":[{"embeddable":true,"href":"https:\/\/jam-news.net\/az\/wp-json\/wp\/v2\/media\/22300"}],"wp:attachment":[{"href":"https:\/\/jam-news.net\/az\/wp-json\/wp\/v2\/media?parent=11281"}],"wp:term":[{"taxonomy":"category","embeddable":true,"href":"https:\/\/jam-news.net\/az\/wp-json\/wp\/v2\/categories?post=11281"},{"taxonomy":"post_tag","embeddable":true,"href":"https:\/\/jam-news.net\/az\/wp-json\/wp\/v2\/tags?post=11281"},{"taxonomy":"formation","embeddable":true,"href":"https:\/\/jam-news.net\/az\/wp-json\/wp\/v2\/formation?post=11281"},{"taxonomy":"post-author","embeddable":true,"href":"https:\/\/jam-news.net\/az\/wp-json\/wp\/v2\/post-author?post=11281"},{"taxonomy":"topic","embeddable":true,"href":"https:\/\/jam-news.net\/az\/wp-json\/wp\/v2\/topic?post=11281"},{"taxonomy":"tooltip","embeddable":true,"href":"https:\/\/jam-news.net\/az\/wp-json\/wp\/v2\/tooltip?post=11281"},{"taxonomy":"city","embeddable":true,"href":"https:\/\/jam-news.net\/az\/wp-json\/wp\/v2\/city?post=11281"}],"curies":[{"name":"wp","href":"https:\/\/api.w.org\/{rel}","templated":true}]}}