{"id":11194,"date":"2019-06-21T00:00:00","date_gmt":"2019-06-21T00:00:00","guid":{"rendered":"http:\/\/jam-news.net\/az\/tbilisid%c9%99-etiraz-aksiyasini-dagidiblar-v%c9%99-novb%c9%99tini-dagitmaga-hazirlasirlar-bunlar-n%c9%99-dem%c9%99kdir-v%c9%99-n%c9%99l%c9%99r-gozl%c9%99nilir\/"},"modified":"2021-11-06T13:19:40","modified_gmt":"2021-11-06T09:19:40","slug":"tbilisid%c9%99-etiraz-aksiyasini-dagidiblar-v%c9%99-novb%c9%99tini-dagitmaga-hazirlasirlar-bunlar-n%c9%99-dem%c9%99kdir-v%c9%99-n%c9%99l%c9%99r-gozl%c9%99nilir","status":"publish","type":"post","link":"https:\/\/jam-news.net\/az\/tbilisid%c9%99-etiraz-aksiyasini-dagidiblar-v%c9%99-novb%c9%99tini-dagitmaga-hazirlasirlar-bunlar-n%c9%99-dem%c9%99kdir-v%c9%99-n%c9%99l%c9%99r-gozl%c9%99nilir\/","title":{"rendered":"Tbilisid\u0259 etiraz aksiyas\u0131n\u0131 da\u011f\u0131d\u0131blar v\u0259 n\u00f6vb\u0259tini da\u011f\u0131tma\u011fa haz\u0131rla\u015f\u0131rlar. Bunlar n\u0259 dem\u0259kdir v\u0259 n\u0259l\u0259r g\u00f6zl\u0259nilir?"},"content":{"rendered":"<p><span style=\"font-weight: 400;\">Tbilisid\u0259 daxili siyasi b\u00f6hrand\u0131r. <\/span><\/p>\n<p><span style=\"font-weight: 400;\">\u0130yunun 21-d\u0259 s\u0259h\u0259r\u0259 yax\u0131n polisin x\u00fcsusi t\u0259yinatl\u0131lar\u0131 G\u00fcrc\u00fcstan parlamenti qar\u015f\u0131s\u0131nda ax\u015fam saat yeddid\u0259n n\u00f6vb\u0259ti g\u00fcn\u00fcn ax\u015fam\u0131na q\u0259d\u0259r davam ed\u0259n etiraz aksiyas\u0131n\u0131 da\u011f\u0131d\u0131b. Jurnalistl\u0259rin m\u0259lumat\u0131na \u00a0g\u00f6r\u0259, k\u00fc\u00e7\u0259l\u0259r\u0259 az\u0131 30 min adam \u00e7\u0131x\u0131b, onlar D\u0130N v\u0259 D\u00f6vl\u0259t T\u0259hl\u00fck\u0259sizliyi Xidm\u0259ti ba\u015f\u00e7\u0131lar\u0131n\u0131n, h\u0259m d\u0259 ba\u015f nazir v\u0259 spikerin istefas\u0131n\u0131 t\u0259l\u0259b edibl\u0259r. <\/span><\/p>\n<p><span style=\"font-weight: 400;\">Polis g\u00f6zya\u015fard\u0131c\u0131 qaz v\u0259 rezin g\u00fcll\u0259l\u0259rd\u0259n istifad\u0259 ed\u0259nd\u0259n sonra y\u00fczd\u0259n \u00e7ox adam z\u0259r\u0259r \u00e7\u0259kib. <\/span><\/p>\n<p><b>\u0130yunun 21-d\u0259 g\u00fcnd\u00fcz G\u00fcrc\u00fcstan parlamentinin spikeri \u0130rakli Kobaxidze istefa verdiyini bildirib. \u00a0<\/b><\/p>\n<p><span style=\"font-weight: 400;\">\u0130yunun 21-i ax\u015fama a\u015fa\u011f\u0131dak\u0131 t\u0259l\u0259bl\u0259rl\u0259 yeni etiraz aksilayar\u0131 ba\u015f tutacaq:<\/span><\/p>\n<p style=\"padding-left: 30px;\"><b><i>1.Daxili i\u015fl\u0259r naziri Giorgi Qaxariyan\u0131n istefas\u0131n\u0131. <\/i><\/b><\/p>\n<p style=\"padding-left: 30px;\"><b><i>2.C\u0259miyy\u0259tin b\u00f6y\u00fck hiss\u0259si hesab edir ki, m\u0259hz onun g\u00f6st\u0259ri\u015fi il\u0259 polis mitinq i\u015ftirak\u00e7\u0131lar\u0131na qar\u015f\u0131 v\u0259ziyy\u0259t\u0259 uy\u011fun olmayan g\u00fcc t\u0259tbiq edib. <\/i><\/b><\/p>\n<p style=\"padding-left: 30px;\"><b><i>3.Parlamentin burax\u0131lmas\u0131 v\u0259 proporsional sistem \u00fczr\u0259 n\u00f6vb\u0259d\u0259nk\u0259nar se\u00e7kil\u0259rin ke\u00e7irilm\u0259sini.<\/i><\/b><\/p>\n<p><span style=\"font-weight: 400;\">Etiraz \u00e7oxdan yeti\u015fs\u0259 v\u0259 c\u0259miyy\u0259td\u0259 hakim \u201cG\u00fcrc\u00fc arzusu\u201d partiyas\u0131 v\u0259 \u015f\u0259xs\u0259n lideri, milyard\u00e7\u0131 Bidzina \u0130vani\u015fvilinin siyas\u0259tind\u0259n d\u0259rin naraz\u0131l\u0131\u011f\u0131 il\u0259 ba\u011fl\u0131 olsa da k\u00fc\u00e7\u0259 aksiyalar\u0131na bilavasit\u0259 s\u0259b\u0259b Rusiya D\u00f6vl\u0259t Dumas\u0131n\u0131n deputat\u0131 Sergey Qavrilov oldu. \u00a0\u00a0<\/span><\/p>\n<p><span style=\"font-weight: 400;\">Tbilisid\u0259 iyunun 19-da Parlamentl\u0259aras\u0131 Pravoslav Assambleyas\u0131 a\u00e7\u0131lmal\u0131 idi. Niy\u0259s\u0259 onun a\u00e7\u0131lmas\u0131 h\u00fcququ rusiyal\u0131 deputat Qavrilova verilib. V\u0259 niy\u0259s\u0259 o, iclas\u0131 G\u00fcrc\u00fcstan parlamenti s\u0259drinin kreslosunda oturaraq, a\u00e7\u0131b. \u0130clas zal\u0131n\u0131 bundan hidd\u0259tl\u0259n\u0259n parlament m\u00fcxalif\u0259ti t\u0259rk edib. Hakimiyy\u0259t bildirib ki, Qavrilovun g\u00fcrc\u00fc spikerinin kreslosunda oturmas\u0131 \u201cprotokol s\u0259hvidir\u201d \u2013 amma Tbilisi k\u00fc\u00e7\u0259l\u0259rin\u0259 minl\u0259rl\u0259 adam \u00e7\u0131x\u0131b. \u00a0<\/span><\/p>\n<p><b>Daxili siyas\u0131 b\u00f6hrana s\u0259b\u0259b n\u0259 olub? Kim m\u0259suliyy\u0259t da\u015f\u0131mal\u0131d\u0131r v\u0259 \u00e7\u0131x\u0131\u015f yolu n\u0259d\u0259dir? Hakim \u201cG\u00fcrc\u00fc arzusu\u201d \u00fc\u00e7\u00fcn \u0259n a\u011f\u0131r gec\u0259d\u0259n sonra ekspert \u015f\u0259rhi. <\/b><\/p>\n<h3><span style=\"color: #000080;\"><b>\u201cQafqaz S\u00fclh, Demokratiya v\u0259 \u0130nki\u015faf \u0130nstitutu\u201dnun s\u0259dri Giya Nodiya:<\/b><\/span><\/h3>\n<p style=\"padding-left: 30px;\"><em><span style=\"font-weight: 400;\">\u201c\u018fsas\u0131 odur ki, hakimiyy\u0259t proporsional sistem \u00fczr\u0259 n\u00f6vb\u0259d\u0259nk\u0259nar parlament se\u00e7kil\u0259rin\u0259 raz\u0131 olmal\u0131d\u0131r. <\/span><\/em><\/p>\n<p style=\"padding-left: 30px;\"><em><span style=\"font-weight: 400;\">Hakimiyy\u0259t art\u0131q iki d\u0259f\u0259 bo\u011faz\u0131na b\u0131\u00e7aq dir\u0259yib: Qavrilovu spiker kreslosunu tutma\u011fa d\u0259v\u0259t edib, sonra da etiraz aksiyas\u0131n\u0131 da\u011f\u0131d\u0131b. \u00a0<\/span><\/em><\/p>\n<p style=\"padding-left: 30px;\"><em><span style=\"font-weight: 400;\">D\u00fczd\u00fcr, hakimiyy\u0259tin aksiyan\u0131 da\u011f\u0131tmas\u0131na s\u0259b\u0259bi olub. D\u00fczd\u00fcr, \u201cMilli h\u0259r\u0259kat\u201d\u0131n liderl\u0259rind\u0259n biri olan Nika Meliyan\u0131n parlamenti \u0259l\u0259 ke\u00e7irm\u0259kl\u0259 ba\u011fl\u0131 \u00e7a\u011f\u0131r\u0131\u015f\u0131 tamamil\u0259 m\u0259suliyy\u0259tsiz olub v\u0259 buna b\u0259ra\u0259t qazand\u0131rmaq m\u00fcmk\u00fcn deyil. \u00a0Polis\u0259 h\u00fccum yolverilm\u0259zdir. <\/span><\/em><\/p>\n<p style=\"padding-left: 30px;\"><em><span style=\"font-weight: 400;\">Amma hakimiyy\u0259t bir ne\u00e7\u0259 amili n\u0259z\u0259r\u0259 almal\u0131d\u0131r:<\/span><\/em><\/p>\n<p style=\"padding-left: 30px;\"><em><b>7 noyabr 2007-ci il, x\u00fcsus\u0259n d\u0259 26 may 2011-ci il aksiyalar\u0131n\u0131n da\u011f\u0131d\u0131lmas\u0131 \u00fc\u00e7\u00fcn o vaxtk\u0131 hakimiyy\u0259tin tamamil\u0259 qanuni s\u0259b\u0259bi olub. Amma o, buna g\u00f6r\u0259 ciddi siyasi b\u0259d\u0259l \u00f6d\u0259m\u0259li olub. <\/b><\/em><\/p>\n<p style=\"padding-left: 30px;\"><em><span style=\"font-weight: 400;\">\u0130ndiki hakimiyy\u0259tin spikeri, onun t\u0259r\u0259fdarlar\u0131 h\u0259min hadis\u0259l\u0259ri ba\u011f\u0131\u015flanmaz cinay\u0259t adland\u0131r\u0131r. \u0130ndi is\u0259 \u00f6zl\u0259ri daha bet\u0259r h\u0259r\u0259k\u0259t edibl\u0259r. <\/span><\/em><\/p>\n<p style=\"padding-left: 30px;\"><em><span style=\"font-weight: 400;\">Bu halda da\u011f\u0131d\u0131lma prosesinin \u00f6z\u00fc bir t\u0259r\u0259fd\u0259n qeyri-pe\u015f\u0259kar olub, dig\u0259r t\u0259r\u0259fd\u0259n ba\u011f\u0131\u015flanmaz \u015f\u0259kild\u0259 amans\u0131z olub. Rezin g\u00fcll\u0259l\u0259rin istifad\u0259sin\u0259 ancaq onunla b\u0259ra\u0259t qazand\u0131rmaq olar ki, onlar \u0259sl g\u00fcll\u0259l\u0259rd\u0259n daha az t\u0259hl\u00fck\u0259lidir. <\/span><b>Amma onlardan parlament binas\u0131na he\u00e7 bir h\u00fccum t\u0259hl\u00fck\u0259si olmayanda istifad\u0259 edilib.<\/b><span style=\"font-weight: 400;\"> Rezin g\u00fcll\u0259l\u0259ri k\u00fc\u00e7\u0259l\u0259rd\u0259 v\u0259 parklarda insanlara vururdular. Buna he\u00e7 n\u0259 il\u0259 b\u0259ra\u0259t qazand\u0131rmaq m\u00fcmk\u00fcn deyil. <\/span><\/em><\/p>\n<p style=\"padding-left: 30px;\"><em><span style=\"font-weight: 400;\">Hakimiyy\u0259t malik oldu\u011fu legitimliyin qal\u0131qlar\u0131n\u0131 da itirdi. Bu, d\u00f6vl\u0259t \u00fc\u00e7\u00fcn b\u00f6y\u00fck t\u0259hl\u00fck\u0259dir. Prosesin konstitusion \u00e7\u0259r\u00e7iv\u0259l\u0259rin\u0259 qaytar\u0131lmas\u0131 \u00a0ham\u0131n\u0131n mara\u011f\u0131ndad\u0131r. Amma indi bunu etm\u0259k \u00e7ox \u00e7\u0259tin olacaq. <\/span><\/em><\/p>\n<p style=\"padding-left: 30px;\"><em><b>M\u00fcxalif\u0259t\u0259 g\u0259linc\u0259, onlar harasa soxulmaq v\u0259 n\u0259yis\u0259 \u0259l\u0259 ke\u00e7irm\u0259kl\u0259 ba\u011fl\u0131 ist\u0259nil\u0259n niyy\u0259td\u0259n imtina etm\u0259lidirl\u0259r. <\/b><\/em><\/p>\n<p style=\"padding-left: 30px;\"><em><span style=\"font-weight: 400;\">Dinc k\u00fctl\u0259vi etiraza g\u0259linc\u0259, ona \u0259sas var. Amma hans\u0131sa partyadan biri onu \u201cy\u0259h\u0259rl\u0259m\u0259k\u201d ist\u0259s\u0259 (h\u0259tta hans\u0131sa koalisiyan\u0131n yarad\u0131ld\u0131\u011f\u0131 elan edils\u0259) etiraz tamamil\u0259 m\u0259nas\u0131z olacaq. <\/span><\/em><\/p>\n<p style=\"padding-left: 30px;\"><em><span style=\"font-weight: 400;\">B\u00f6hrandan \u00e7\u0131xmaq \u00fc\u00e7\u00fcn hakimiyy\u0259t qeyri-adi t\u0259dbirl\u0259r g\u00f6rm\u0259lidir. <\/span><\/em><\/p>\n<p style=\"padding-left: 30px;\"><em><span style=\"font-weight: 400;\">2007-ci ild\u0259 etiraz aksiyas\u0131 da\u011f\u0131d\u0131landan sonra prezident istefa verdi. \u0130ndi bu, m\u0259nas\u0131zd\u0131r, \u00e7\u00fcnki \u00f6lk\u0259ni real idar\u0259 ed\u0259n qeyri-r\u0259smi lider sad\u0259c\u0259 istefa ver\u0259 bilm\u0259y\u0259c\u0259k. \u00a0\u00a0<\/span><\/em><\/p>\n<p style=\"padding-left: 30px;\"><em><span style=\"font-weight: 400;\">Spiker Kobaxidze v\u0259 daxili i\u015fl\u0259r naziri Qaxariyan\u0131n istefas\u0131 vacibdir. Amma bu da \u00e7\u0259tin ki, kifay\u0259t etsin. <\/span><\/em><\/p>\n<p style=\"padding-left: 30px;\"><em><span style=\"font-weight: 400;\">Hakimiyy\u0259t s\u00f6zs\u00fcz ki, proporsional sistem \u00fczr\u0259 se\u00e7kil\u0259rin ke\u00e7irilm\u0259sin\u0259 raz\u0131 olmal\u0131d\u0131r, \u00e7\u00fcnki bu m\u0259s\u0259l\u0259 c\u0259miyy\u0259ti birl\u0259\u015fdir\u0259c\u0259k m\u0259s\u0259l\u0259 olacaq. Bilmir\u0259m, bu, i\u015f\u0259 k\u00f6m\u0259k \u00fc\u00e7\u00fcn kifay\u0259t ed\u0259c\u0259kmi, amma bu add\u0131m\u0131 m\u00fctl\u0259q atmaq laz\u0131md\u0131r\u201d. <\/span><\/em><\/p>\n<h3><span style=\"color: #000080;\"><b>Giya Xuxa\u015fvili, g\u00fcrc\u00fc analitik, G\u00fcrc\u00fcstan\u0131n \u201ck\u00f6lg\u0259\u201d lideri Bidzina \u0130vani\u015fvilinin ke\u00e7mi\u015f m\u00fc\u015faviri<\/b><span style=\"font-weight: 400;\">:<\/span><\/span><\/h3>\n<p style=\"padding-left: 30px;\"><em><span style=\"font-weight: 400;\">\u201cG\u00fcrc\u00fc arzusu\u201d art\u0131q inkar etmir ki, faktiki olaraq \u201cMilli h\u0259r\u0259kat\u201d\u0131n varisidr. <\/span><\/em><\/p>\n<p style=\"padding-left: 30px;\"><em><span style=\"font-weight: 400;\">Art\u0131q ne\u00e7\u0259 ildir ki, bu iki q\u00fcvv\u0259 \u00f6z aralar\u0131nda dava edir, \u00f6lk\u0259 d\u0259 bu davan\u0131n i\u00e7ind\u0259 itib-bat\u0131b. B\u00fct\u00fcn bunlar\u0131 m\u00fc\u015fahid\u0259 etm\u0259k art\u0131q d\u00f6z\u00fclm\u0259zdir. <\/span><b>\u201cG\u00fcrc\u00fc arzusu\u201d v\u0259 \u201cMilli h\u0259r\u0259kat\u201d c\u0259miyy\u0259t v\u0259 \u00f6lk\u0259y\u0259 inki\u015faf etm\u0259y\u0259 imkan verm\u0259y\u0259n q\u00fcsurlu simbiozdur. Bu, bitm\u0259lidir.<\/b><span style=\"font-weight: 400;\"> \u00a0<\/span><\/em><\/p>\n<p style=\"padding-left: 30px;\"><em><span style=\"font-weight: 400;\">\u015e\u0259xs\u0259n m\u0259n 7 noyabr 2007-ci ill\u0259 analogiya aparmayacam. X\u00fcsusi t\u0259yinatl\u0131 d\u0259st\u0259 \u00e7ox spesifik qrupla\u015fmad\u0131r. Onu i\u015f ba\u015f\u0131na ke\u00e7ir\u0259nd\u0259 q\u0259ddarl\u0131q qa\u00e7\u0131lmaz olur. Amma v\u0259ziyy\u0259ti x\u00fcsusi t\u0259yinatl\u0131lar\u0131n istifad\u0259si hal\u0131na q\u0259d\u0259r \u00e7atd\u0131rmaq da olmazd\u0131. \u00a0<\/span><\/em><\/p>\n<p style=\"padding-left: 30px;\"><em><b>Ba\u015f ver\u0259nl\u0259r\u0259 g\u00f6r\u0259 m\u0259suliyy\u0259t tamamil\u0259 hakimiyy\u0259tin \u00fcz\u0259rind\u0259dir.<\/b><span style=\"font-weight: 400;\"> \u0130\u015f bu yer\u0259 q\u0259d\u0259r ona g\u00f6r\u0259 \u00e7at\u0131b ki, hakimiyy\u0259t normal q\u0259rarlar verm\u0259k iqtidar\u0131nda deyil. <\/span><\/em><\/p>\n<p style=\"padding-left: 30px;\"><em><span style=\"font-weight: 400;\">Hakimiyy\u0259t v\u0259 m\u00fcxalif\u0259tin h\u0259mfikir oldu\u011fu v\u0259ziyy\u0259t yarand\u0131 \u2013 s\u00f6hb\u0259t G\u00fcrc\u00fcstan parlamentind\u0259 Qavrilovdan gedir. Burada fikir ayr\u0131l\u0131\u011f\u0131 olmay\u0131b. Hakimiyy\u0259t sad\u0259c\u0259 ba\u015f ver\u0259nl\u0259r\u0259 g\u00f6r\u0259 kimin m\u0259suliyy\u0259t da\u015f\u0131d\u0131\u011f\u0131n\u0131 ayd\u0131nla\u015fd\u0131rmal\u0131 idi. <\/span><\/em><\/p>\n<p style=\"padding-left: 30px;\"><span style=\"font-weight: 400;\"><em>Amma q\u00fcsurlu simbioz o yer\u0259 g\u0259tirib \u00e7\u0131xard\u0131 ki, h\u0259tta r\u0259qibl\u0259rin eyni fikird\u0259 oldu\u011fu m\u0259s\u0259l\u0259d\u0259 bel\u0259 onlar bir-birinin bo\u011faz\u0131ndan yap\u0131\u015f\u0131b.<\/em> <\/span><\/p>\n<p style=\"padding-left: 30px;\"><em><span style=\"font-weight: 400;\">T\u0259\u0259ss\u00fcf ki, bu hakimiyy\u0259t d\u0259 yolunu \u0259vv\u0259lki kimi bitir\u0259c\u0259k. Dem\u0259r\u0259m ki, bu, sabah ya birig\u00fcn ba\u015f ver\u0259c\u0259k, amma proses d\u00f6nm\u0259z hal al\u0131b, \u00e7\u00fcnki Rubikon ke\u00e7ilib. <\/span><\/em><\/p>\n<p style=\"padding-left: 30px;\"><em><span style=\"font-weight: 400;\">Biz h\u0259r iki t\u0259r\u0259fin \u00f6z\u00fcn\u00fc t\u0259miz\u0259 \u00e7\u0131xarmaq c\u0259hdl\u0259rini g\u00f6r\u0259c\u0259yik. \u018fslind\u0259 is\u0259 siyasi m\u0259suliyy\u0259t istisnas\u0131z b\u00fct\u00fcn siyasi elitan\u0131n \u00fcz\u0259rind\u0259 durur. <\/span><b>H\u0259m \u201cG\u00fcrc\u00fc arzusu\u201d, h\u0259m d\u0259 \u201cMilli h\u0259r\u0259kat\u201d\u0131n m\u0259suliyy\u0259t m\u0259s\u0259l\u0259si eyni zamanda qald\u0131r\u0131lmal\u0131d\u0131r. <\/b><\/em><\/p>\n<p style=\"padding-left: 30px;\"><span style=\"font-weight: 400;\"><em>S\u00f6hb\u0259t h\u0259m Mixail Saaka\u015fvili, h\u0259m d\u0259 Bidzina \u0130vani\u015fvilinin siyasi m\u0259suliyy\u0259tind\u0259n gedir. \u018fn yax\u015f\u0131 q\u0259rar da onlar\u0131n h\u0259r ikisinin G\u00fcrc\u00fcstan\u0131n siyasi m\u0259kan\u0131ndan getm\u0259sidir. Siyasi m\u0259suliyy\u0259ti \u00f6z \u00fcz\u0259rl\u0259rin\u0259 g\u00f6t\u00fcrd\u00fcy\u00fcn\u00fc bildirib, getsinl\u0259r<\/em>. <\/span><\/p>\n<p style=\"padding-left: 30px;\"><em><span style=\"font-weight: 400;\">Bu, prosesin sa\u011falmas\u0131na g\u0259tirib \u00e7\u0131xara bil\u0259rdi. <\/span><\/em><\/p>\n<p style=\"padding-left: 30px;\"><em><span style=\"font-weight: 400;\">Amma he\u00e7 kimin bel\u0259 bir ill\u00fcziyas\u0131 yoxdur. Ona g\u00f6r\u0259 d\u0259 elitan\u0131n k\u00f6n\u00fcll\u00fc olaraq etm\u0259diyini c\u0259miyy\u0259t etm\u0259lidir. <\/span><\/em><\/p>\n<p style=\"padding-left: 30px;\"><em><span style=\"font-weight: 400;\">Kim v\u0259 n\u0259 vaxt \u2013 bu, ba\u015fqa m\u0259s\u0259l\u0259dir. Bu suallar h\u0259l\u0259 cavabs\u0131z olaraq qal\u0131r. Halbuki tarixi qanunauy\u011funluq dikt\u0259 edir ki, \u0259g\u0259r biz \u00f6lk\u0259ni inki\u015faf yoluna qaytarmaq ist\u0259yirik v\u0259 bird\u0259f\u0259lik bataql\u0131qda batmaq ist\u0259miriks\u0259, bu iki q\u00fcvv\u0259d\u0259n qurtarmaq laz\u0131md\u0131r\u201d. \u00a0<\/span><\/em><\/p>\n<h3><span style=\"color: #000080;\"><b>Tornike \u015eara\u015fenidze, siyas\u0259t v\u0259 beyn\u0259lxalq m\u00fcnasib\u0259tl\u0259r m\u0259s\u0259l\u0259l\u0259ri \u00fczr\u0259 m\u00fct\u0259x\u0259ssis, GIPA professoru <\/b><\/span><\/h3>\n<p style=\"padding-left: 30px;\"><em><span style=\"font-weight: 400;\">\u201cUtancvericidir ki, hakimiyy\u0259t he\u00e7 c\u00fcr rusiyal\u0131 kommunistin g\u0259lm\u0259sin\u0259 reaksiya verm\u0259yib. V\u0259 ancaq q\u0259z\u0259bl\u0259nmi\u015f xalq k\u00fc\u00e7\u0259l\u0259r\u0259 \u00e7\u0131xandan sonra, qorxuya d\u00fc\u015f\u00fcb \u00fczr ist\u0259m\u0259y\u0259 ba\u015flad\u0131. Bu, onlar\u0131n birinci s\u0259fehliyidir. <\/span><\/em><\/p>\n<p style=\"padding-left: 30px;\"><em><span style=\"font-weight: 400;\">\u0130kinci s\u0259fehlik mitinqin da\u011f\u0131d\u0131lmas\u0131 oldu. <\/span><b>M\u0259nim parlament\u0259 soxulmaq c\u0259hdl\u0259rind\u0259n xo\u015fum g\u0259lm\u0259di, bu, m\u0259nim \u00fc\u00e7\u00fcn yolverilm\u0259z idi, buna g\u00f6r\u0259 d\u0259 aksyan\u0131 t\u0259rk etdim. Amma bu c\u0259hdl\u0259r\u0259 hakimiyy\u0259t qeyri-adekvat v\u0259 d\u00fc\u015f\u00fcn\u00fclm\u0259mi\u015f cavab ver\u0259nd\u0259n sonra bu, faci\u0259y\u0259 \u00e7evrildi.<\/b><\/em><\/p>\n<p style=\"padding-left: 30px;\"><em><span style=\"font-weight: 400;\">Maksimum iki saat g\u00f6zl\u0259m\u0259k laz\u0131m idi \u2014 mitinq i\u015ftirak\u00e7\u0131lar\u0131 da\u011f\u0131l\u0131\u015fard\u0131, hakimiyy\u0259t d\u0259 bu v\u0259ziyy\u0259td\u0259n \u00e7\u0131xard\u0131. Amma onlar eynil\u0259 [\u0259vv\u0259lki hakimiyy\u0259t kimi] 7 noyabr 2007-ci ild\u0259ki kimi h\u0259r\u0259k\u0259t etdil\u0259r. Bunlar\u0131n ham\u0131s\u0131 \u00e7ox ox\u015fard\u0131r, qorxuducu siqnallar, t\u0259qib v\u0259 insanlar\u0131n k\u00fc\u00e7\u0259l\u0259rd\u0259 saxlanmas\u0131na q\u0259d\u0259r. <\/span><\/em><\/p>\n<p style=\"padding-left: 30px;\"><em><span style=\"font-weight: 400;\">M\u0259g\u0259r kimis\u0259 t\u0259qib etm\u0259k, yaxalamaq v\u0259 filarmoniyan\u0131n yan\u0131nda [hadis\u0259 yerind\u0259n t\u0259xmin\u0259n bir kilometr aral\u0131] d\u00f6ym\u0259y\u0259 n\u0259 ehtiyac var\u0131yd\u0131? F\u0259rq ancaq ondad\u0131r ki, aksiya da\u011f\u0131d\u0131landan sonra x\u00fcsusi t\u0259yinatl\u0131lar tele\u015firk\u0259tl\u0259rd\u0259n birin\u0259 soxulmad\u0131. \u00a0<\/span><\/em><\/p>\n<p style=\"padding-left: 30px;\"><em><span style=\"font-weight: 400;\">H\u0259min vaxtdan 12 il ke\u00e7ir v\u0259 he\u00e7 bir n\u0259tic\u0259 \u00e7\u0131xmay\u0131b. <\/span><\/em><\/p>\n<p style=\"padding-left: 30px;\"><em><span style=\"font-weight: 400;\">\u0130nsanlar\u0131n parlament\u0259 soxulma\u011fa \u00e7al\u0131\u015fmas\u0131nda n\u0259 var ki? M\u0259g\u0259r onlar soxuldular? \u0130nsanlar\u0131 t\u0259qib etm\u0259k v\u0259 onlar\u0131 rezin g\u00fcll\u0259l\u0259rl\u0259 vurmaq n\u0259y\u0259 laz\u0131m idi? M\u0259g\u0259r buna nec\u0259s\u0259 b\u0259ra\u0259t qazand\u0131rmaq m\u00fcmk\u00fcnd\u00fcr? <\/span><\/em><\/p>\n<p style=\"padding-left: 30px;\"><em><span style=\"font-weight: 400;\">Parlament spikeri Kobaxidze d\u0259rhal istefa verm\u0259s\u0259ydi, o, bununla \u00f6z komandas\u0131n\u0131 da, \u00f6z karyeras\u0131n\u0131 da xilas ed\u0259rdi. \u0130ndi is\u0259 bu hakimiyy\u0259t ged\u0259c\u0259k, bununla da h\u0259r \u015fey bit\u0259c\u0259k\u201d.<\/span><\/em><\/p>\n<p>&nbsp;<\/p>\n","protected":false},"excerpt":{"rendered":"<p>G\u00fcrc\u00fc ekspertl\u0259rinin fikir v\u0259 qiym\u0259tl\u0259ri<\/p>\n","protected":false},"author":6,"featured_media":22273,"comment_status":"open","ping_status":"open","sticky":false,"template":"","format":"standard","meta":{"_acf_changed":false,"footnotes":""},"categories":[2,3,50,5],"tags":[],"formation":[],"post-author":[3491,3031],"topic":[4645,781],"tooltip":[],"city":[],"class_list":["post-11194","post","type-post","status-publish","format-standard","has-post-thumbnail","hentry","category-cografiya","category-gurcustan","category-xbrlr","category-siyast","post-author-levan-mikadze","post-author-rusudan-macaidze","topic-giorgi-qaxariya","topic-tbilisid-etirazlar"],"acf":[],"yoast_head":"<!-- This site is optimized with the Yoast SEO plugin v24.1 - https:\/\/yoast.com\/wordpress\/plugins\/seo\/ -->\n<title>Tbilisid\u0259 etiraz aksiyas\u0131n\u0131 da\u011f\u0131d\u0131blar v\u0259 n\u00f6vb\u0259tini da\u011f\u0131tma\u011fa haz\u0131rla\u015f\u0131rlar. Bunlar n\u0259 dem\u0259kdir v\u0259 n\u0259l\u0259r g\u00f6zl\u0259nilir? - JAMnews<\/title>\n<meta name=\"robots\" content=\"index, follow, max-snippet:-1, max-image-preview:large, max-video-preview:-1\" \/>\n<link rel=\"canonical\" href=\"https:\/\/jam-news.net\/az\/tbilisid\u0259-etiraz-aksiyasini-dagidiblar-v\u0259-novb\u0259tini-dagitmaga-hazirlasirlar-bunlar-n\u0259-dem\u0259kdir-v\u0259-n\u0259l\u0259r-gozl\u0259nilir\/\" \/>\n<meta property=\"og:locale\" content=\"az_AZ\" \/>\n<meta property=\"og:type\" content=\"article\" \/>\n<meta property=\"og:title\" content=\"Tbilisid\u0259 etiraz aksiyas\u0131n\u0131 da\u011f\u0131d\u0131blar v\u0259 n\u00f6vb\u0259tini da\u011f\u0131tma\u011fa haz\u0131rla\u015f\u0131rlar. Bunlar n\u0259 dem\u0259kdir v\u0259 n\u0259l\u0259r g\u00f6zl\u0259nilir? - JAMnews\" \/>\n<meta property=\"og:description\" content=\"G\u00fcrc\u00fc ekspertl\u0259rinin fikir v\u0259 qiym\u0259tl\u0259ri\" \/>\n<meta property=\"og:url\" content=\"https:\/\/jam-news.net\/az\/tbilisid\u0259-etiraz-aksiyasini-dagidiblar-v\u0259-novb\u0259tini-dagitmaga-hazirlasirlar-bunlar-n\u0259-dem\u0259kdir-v\u0259-n\u0259l\u0259r-gozl\u0259nilir\/\" \/>\n<meta property=\"og:site_name\" content=\"Azerbaijani Jamnews\" \/>\n<meta property=\"article:publisher\" content=\"https:\/\/www.facebook.com\/JAMnewsInEnglish\/\" \/>\n<meta property=\"article:published_time\" content=\"2019-06-21T00:00:00+00:00\" \/>\n<meta property=\"article:modified_time\" content=\"2021-11-06T09:19:40+00:00\" \/>\n<meta property=\"og:image\" content=\"https:\/\/jam-news.net\/app\/uploads\/2020\/03\/64784970_2285993938316200_1322216032944783360_n-4.jpg\" \/>\n\t<meta property=\"og:image:width\" content=\"2048\" \/>\n\t<meta property=\"og:image:height\" content=\"1365\" \/>\n\t<meta property=\"og:image:type\" content=\"image\/jpeg\" \/>\n<meta name=\"author\" content=\"Tatia nikoladze\" \/>\n<meta name=\"twitter:card\" content=\"summary_large_image\" \/>\n<meta name=\"twitter:creator\" content=\"@JAMnewsCaucasus\" \/>\n<meta name=\"twitter:site\" content=\"@JAMnewsCaucasus\" \/>\n<meta name=\"twitter:label1\" content=\"Written by\" \/>\n\t<meta name=\"twitter:data1\" content=\"Tatia nikoladze\" \/>\n\t<meta name=\"twitter:label2\" content=\"Est. reading time\" \/>\n\t<meta name=\"twitter:data2\" content=\"9 minutes\" \/>\n<script type=\"application\/ld+json\" class=\"yoast-schema-graph\">{\"@context\":\"https:\/\/schema.org\",\"@graph\":[{\"@type\":\"Article\",\"@id\":\"https:\/\/jam-news.net\/az\/tbilisid%c9%99-etiraz-aksiyasini-dagidiblar-v%c9%99-novb%c9%99tini-dagitmaga-hazirlasirlar-bunlar-n%c9%99-dem%c9%99kdir-v%c9%99-n%c9%99l%c9%99r-gozl%c9%99nilir\/#article\",\"isPartOf\":{\"@id\":\"https:\/\/jam-news.net\/az\/tbilisid%c9%99-etiraz-aksiyasini-dagidiblar-v%c9%99-novb%c9%99tini-dagitmaga-hazirlasirlar-bunlar-n%c9%99-dem%c9%99kdir-v%c9%99-n%c9%99l%c9%99r-gozl%c9%99nilir\/\"},\"author\":{\"name\":\"Tatia nikoladze\",\"@id\":\"https:\/\/jam-news.net\/az\/#\/schema\/person\/86c90ea4dd4c6e61e60ae51d24bc662c\"},\"headline\":\"Tbilisid\u0259 etiraz aksiyas\u0131n\u0131 da\u011f\u0131d\u0131blar v\u0259 n\u00f6vb\u0259tini da\u011f\u0131tma\u011fa haz\u0131rla\u015f\u0131rlar. Bunlar n\u0259 dem\u0259kdir v\u0259 n\u0259l\u0259r g\u00f6zl\u0259nilir?\",\"datePublished\":\"2019-06-21T00:00:00+00:00\",\"dateModified\":\"2021-11-06T09:19:40+00:00\",\"mainEntityOfPage\":{\"@id\":\"https:\/\/jam-news.net\/az\/tbilisid%c9%99-etiraz-aksiyasini-dagidiblar-v%c9%99-novb%c9%99tini-dagitmaga-hazirlasirlar-bunlar-n%c9%99-dem%c9%99kdir-v%c9%99-n%c9%99l%c9%99r-gozl%c9%99nilir\/\"},\"wordCount\":1826,\"commentCount\":0,\"publisher\":{\"@id\":\"https:\/\/jam-news.net\/az\/#organization\"},\"image\":{\"@id\":\"https:\/\/jam-news.net\/az\/tbilisid%c9%99-etiraz-aksiyasini-dagidiblar-v%c9%99-novb%c9%99tini-dagitmaga-hazirlasirlar-bunlar-n%c9%99-dem%c9%99kdir-v%c9%99-n%c9%99l%c9%99r-gozl%c9%99nilir\/#primaryimage\"},\"thumbnailUrl\":\"https:\/\/jam-news.net\/app\/uploads\/2020\/03\/64784970_2285993938316200_1322216032944783360_n-4.jpg\",\"articleSection\":[\"Geography\",\"Georgia\",\"News\",\"Politics\"],\"inLanguage\":\"az\"},{\"@type\":\"WebPage\",\"@id\":\"https:\/\/jam-news.net\/az\/tbilisid%c9%99-etiraz-aksiyasini-dagidiblar-v%c9%99-novb%c9%99tini-dagitmaga-hazirlasirlar-bunlar-n%c9%99-dem%c9%99kdir-v%c9%99-n%c9%99l%c9%99r-gozl%c9%99nilir\/\",\"url\":\"https:\/\/jam-news.net\/az\/tbilisid%c9%99-etiraz-aksiyasini-dagidiblar-v%c9%99-novb%c9%99tini-dagitmaga-hazirlasirlar-bunlar-n%c9%99-dem%c9%99kdir-v%c9%99-n%c9%99l%c9%99r-gozl%c9%99nilir\/\",\"name\":\"Tbilisid\u0259 etiraz aksiyas\u0131n\u0131 da\u011f\u0131d\u0131blar v\u0259 n\u00f6vb\u0259tini da\u011f\u0131tma\u011fa haz\u0131rla\u015f\u0131rlar. Bunlar n\u0259 dem\u0259kdir v\u0259 n\u0259l\u0259r g\u00f6zl\u0259nilir? - JAMnews\",\"isPartOf\":{\"@id\":\"https:\/\/jam-news.net\/az\/#website\"},\"primaryImageOfPage\":{\"@id\":\"https:\/\/jam-news.net\/az\/tbilisid%c9%99-etiraz-aksiyasini-dagidiblar-v%c9%99-novb%c9%99tini-dagitmaga-hazirlasirlar-bunlar-n%c9%99-dem%c9%99kdir-v%c9%99-n%c9%99l%c9%99r-gozl%c9%99nilir\/#primaryimage\"},\"image\":{\"@id\":\"https:\/\/jam-news.net\/az\/tbilisid%c9%99-etiraz-aksiyasini-dagidiblar-v%c9%99-novb%c9%99tini-dagitmaga-hazirlasirlar-bunlar-n%c9%99-dem%c9%99kdir-v%c9%99-n%c9%99l%c9%99r-gozl%c9%99nilir\/#primaryimage\"},\"thumbnailUrl\":\"https:\/\/jam-news.net\/app\/uploads\/2020\/03\/64784970_2285993938316200_1322216032944783360_n-4.jpg\",\"datePublished\":\"2019-06-21T00:00:00+00:00\",\"dateModified\":\"2021-11-06T09:19:40+00:00\",\"breadcrumb\":{\"@id\":\"https:\/\/jam-news.net\/az\/tbilisid%c9%99-etiraz-aksiyasini-dagidiblar-v%c9%99-novb%c9%99tini-dagitmaga-hazirlasirlar-bunlar-n%c9%99-dem%c9%99kdir-v%c9%99-n%c9%99l%c9%99r-gozl%c9%99nilir\/#breadcrumb\"},\"inLanguage\":\"az\",\"potentialAction\":[{\"@type\":\"ReadAction\",\"target\":[\"https:\/\/jam-news.net\/az\/tbilisid%c9%99-etiraz-aksiyasini-dagidiblar-v%c9%99-novb%c9%99tini-dagitmaga-hazirlasirlar-bunlar-n%c9%99-dem%c9%99kdir-v%c9%99-n%c9%99l%c9%99r-gozl%c9%99nilir\/\"]}]},{\"@type\":\"ImageObject\",\"inLanguage\":\"az\",\"@id\":\"https:\/\/jam-news.net\/az\/tbilisid%c9%99-etiraz-aksiyasini-dagidiblar-v%c9%99-novb%c9%99tini-dagitmaga-hazirlasirlar-bunlar-n%c9%99-dem%c9%99kdir-v%c9%99-n%c9%99l%c9%99r-gozl%c9%99nilir\/#primaryimage\",\"url\":\"https:\/\/jam-news.net\/app\/uploads\/2020\/03\/64784970_2285993938316200_1322216032944783360_n-4.jpg\",\"contentUrl\":\"https:\/\/jam-news.net\/app\/uploads\/2020\/03\/64784970_2285993938316200_1322216032944783360_n-4.jpg\",\"width\":2048,\"height\":1365},{\"@type\":\"BreadcrumbList\",\"@id\":\"https:\/\/jam-news.net\/az\/tbilisid%c9%99-etiraz-aksiyasini-dagidiblar-v%c9%99-novb%c9%99tini-dagitmaga-hazirlasirlar-bunlar-n%c9%99-dem%c9%99kdir-v%c9%99-n%c9%99l%c9%99r-gozl%c9%99nilir\/#breadcrumb\",\"itemListElement\":[{\"@type\":\"ListItem\",\"position\":1,\"name\":\"Home\",\"item\":\"https:\/\/jam-news.net\/az\/\"},{\"@type\":\"ListItem\",\"position\":2,\"name\":\"Tbilisid\u0259 etiraz aksiyas\u0131n\u0131 da\u011f\u0131d\u0131blar v\u0259 n\u00f6vb\u0259tini da\u011f\u0131tma\u011fa haz\u0131rla\u015f\u0131rlar. Bunlar n\u0259 dem\u0259kdir v\u0259 n\u0259l\u0259r g\u00f6zl\u0259nilir?\"}]},{\"@type\":\"WebSite\",\"@id\":\"https:\/\/jam-news.net\/az\/#website\",\"url\":\"https:\/\/jam-news.net\/az\/\",\"name\":\"Azerbaijani Jamnews\",\"description\":\"Caucasus News, Politics and Society\",\"publisher\":{\"@id\":\"https:\/\/jam-news.net\/az\/#organization\"},\"potentialAction\":[{\"@type\":\"SearchAction\",\"target\":{\"@type\":\"EntryPoint\",\"urlTemplate\":\"https:\/\/jam-news.net\/az\/?s={search_term_string}\"},\"query-input\":{\"@type\":\"PropertyValueSpecification\",\"valueRequired\":true,\"valueName\":\"search_term_string\"}}],\"inLanguage\":\"az\"},{\"@type\":\"Organization\",\"@id\":\"https:\/\/jam-news.net\/az\/#organization\",\"name\":\"JAMnews\",\"url\":\"https:\/\/jam-news.net\/az\/\",\"logo\":{\"@type\":\"ImageObject\",\"inLanguage\":\"az\",\"@id\":\"https:\/\/jam-news.net\/az\/#\/schema\/logo\/image\/\",\"url\":\"https:\/\/jam-news.net\/app\/uploads\/2020\/05\/JAM_w.jpg\",\"contentUrl\":\"https:\/\/jam-news.net\/app\/uploads\/2020\/05\/JAM_w.jpg\",\"width\":960,\"height\":960,\"caption\":\"JAMnews\"},\"image\":{\"@id\":\"https:\/\/jam-news.net\/az\/#\/schema\/logo\/image\/\"},\"sameAs\":[\"https:\/\/www.facebook.com\/JAMnewsInEnglish\/\",\"https:\/\/x.com\/JAMnewsCaucasus\",\"https:\/\/www.instagram.com\/jam_news\/\",\"https:\/\/www.youtube.com\/channel\/UCXQbUCme2pykuZYXWHx4VPg\"]},{\"@type\":\"Person\",\"@id\":\"https:\/\/jam-news.net\/az\/#\/schema\/person\/86c90ea4dd4c6e61e60ae51d24bc662c\",\"name\":\"Tatia nikoladze\",\"image\":{\"@type\":\"ImageObject\",\"inLanguage\":\"az\",\"@id\":\"https:\/\/jam-news.net\/az\/#\/schema\/person\/image\/\",\"url\":\"https:\/\/secure.gravatar.com\/avatar\/1f8b2c8ce4c25cc30806785bafe6bb03?s=96&d=mm&r=g\",\"contentUrl\":\"https:\/\/secure.gravatar.com\/avatar\/1f8b2c8ce4c25cc30806785bafe6bb03?s=96&d=mm&r=g\",\"caption\":\"Tatia nikoladze\"},\"url\":\"https:\/\/jam-news.net\/az\/author\/tatiani\/\"}]}<\/script>\n<!-- \/ Yoast SEO plugin. -->","yoast_head_json":{"title":"Tbilisid\u0259 etiraz aksiyas\u0131n\u0131 da\u011f\u0131d\u0131blar v\u0259 n\u00f6vb\u0259tini da\u011f\u0131tma\u011fa haz\u0131rla\u015f\u0131rlar. Bunlar n\u0259 dem\u0259kdir v\u0259 n\u0259l\u0259r g\u00f6zl\u0259nilir? - JAMnews","robots":{"index":"index","follow":"follow","max-snippet":"max-snippet:-1","max-image-preview":"max-image-preview:large","max-video-preview":"max-video-preview:-1"},"canonical":"https:\/\/jam-news.net\/az\/tbilisid\u0259-etiraz-aksiyasini-dagidiblar-v\u0259-novb\u0259tini-dagitmaga-hazirlasirlar-bunlar-n\u0259-dem\u0259kdir-v\u0259-n\u0259l\u0259r-gozl\u0259nilir\/","og_locale":"az_AZ","og_type":"article","og_title":"Tbilisid\u0259 etiraz aksiyas\u0131n\u0131 da\u011f\u0131d\u0131blar v\u0259 n\u00f6vb\u0259tini da\u011f\u0131tma\u011fa haz\u0131rla\u015f\u0131rlar. Bunlar n\u0259 dem\u0259kdir v\u0259 n\u0259l\u0259r g\u00f6zl\u0259nilir? - JAMnews","og_description":"G\u00fcrc\u00fc ekspertl\u0259rinin fikir v\u0259 qiym\u0259tl\u0259ri","og_url":"https:\/\/jam-news.net\/az\/tbilisid\u0259-etiraz-aksiyasini-dagidiblar-v\u0259-novb\u0259tini-dagitmaga-hazirlasirlar-bunlar-n\u0259-dem\u0259kdir-v\u0259-n\u0259l\u0259r-gozl\u0259nilir\/","og_site_name":"Azerbaijani Jamnews","article_publisher":"https:\/\/www.facebook.com\/JAMnewsInEnglish\/","article_published_time":"2019-06-21T00:00:00+00:00","article_modified_time":"2021-11-06T09:19:40+00:00","og_image":[{"width":2048,"height":1365,"url":"https:\/\/jam-news.net\/app\/uploads\/2020\/03\/64784970_2285993938316200_1322216032944783360_n-4.jpg","type":"image\/jpeg"}],"author":"Tatia nikoladze","twitter_card":"summary_large_image","twitter_creator":"@JAMnewsCaucasus","twitter_site":"@JAMnewsCaucasus","twitter_misc":{"Written by":"Tatia nikoladze","Est. reading time":"9 minutes"},"schema":{"@context":"https:\/\/schema.org","@graph":[{"@type":"Article","@id":"https:\/\/jam-news.net\/az\/tbilisid%c9%99-etiraz-aksiyasini-dagidiblar-v%c9%99-novb%c9%99tini-dagitmaga-hazirlasirlar-bunlar-n%c9%99-dem%c9%99kdir-v%c9%99-n%c9%99l%c9%99r-gozl%c9%99nilir\/#article","isPartOf":{"@id":"https:\/\/jam-news.net\/az\/tbilisid%c9%99-etiraz-aksiyasini-dagidiblar-v%c9%99-novb%c9%99tini-dagitmaga-hazirlasirlar-bunlar-n%c9%99-dem%c9%99kdir-v%c9%99-n%c9%99l%c9%99r-gozl%c9%99nilir\/"},"author":{"name":"Tatia nikoladze","@id":"https:\/\/jam-news.net\/az\/#\/schema\/person\/86c90ea4dd4c6e61e60ae51d24bc662c"},"headline":"Tbilisid\u0259 etiraz aksiyas\u0131n\u0131 da\u011f\u0131d\u0131blar v\u0259 n\u00f6vb\u0259tini da\u011f\u0131tma\u011fa haz\u0131rla\u015f\u0131rlar. Bunlar n\u0259 dem\u0259kdir v\u0259 n\u0259l\u0259r g\u00f6zl\u0259nilir?","datePublished":"2019-06-21T00:00:00+00:00","dateModified":"2021-11-06T09:19:40+00:00","mainEntityOfPage":{"@id":"https:\/\/jam-news.net\/az\/tbilisid%c9%99-etiraz-aksiyasini-dagidiblar-v%c9%99-novb%c9%99tini-dagitmaga-hazirlasirlar-bunlar-n%c9%99-dem%c9%99kdir-v%c9%99-n%c9%99l%c9%99r-gozl%c9%99nilir\/"},"wordCount":1826,"commentCount":0,"publisher":{"@id":"https:\/\/jam-news.net\/az\/#organization"},"image":{"@id":"https:\/\/jam-news.net\/az\/tbilisid%c9%99-etiraz-aksiyasini-dagidiblar-v%c9%99-novb%c9%99tini-dagitmaga-hazirlasirlar-bunlar-n%c9%99-dem%c9%99kdir-v%c9%99-n%c9%99l%c9%99r-gozl%c9%99nilir\/#primaryimage"},"thumbnailUrl":"https:\/\/jam-news.net\/app\/uploads\/2020\/03\/64784970_2285993938316200_1322216032944783360_n-4.jpg","articleSection":["Geography","Georgia","News","Politics"],"inLanguage":"az"},{"@type":"WebPage","@id":"https:\/\/jam-news.net\/az\/tbilisid%c9%99-etiraz-aksiyasini-dagidiblar-v%c9%99-novb%c9%99tini-dagitmaga-hazirlasirlar-bunlar-n%c9%99-dem%c9%99kdir-v%c9%99-n%c9%99l%c9%99r-gozl%c9%99nilir\/","url":"https:\/\/jam-news.net\/az\/tbilisid%c9%99-etiraz-aksiyasini-dagidiblar-v%c9%99-novb%c9%99tini-dagitmaga-hazirlasirlar-bunlar-n%c9%99-dem%c9%99kdir-v%c9%99-n%c9%99l%c9%99r-gozl%c9%99nilir\/","name":"Tbilisid\u0259 etiraz aksiyas\u0131n\u0131 da\u011f\u0131d\u0131blar v\u0259 n\u00f6vb\u0259tini da\u011f\u0131tma\u011fa haz\u0131rla\u015f\u0131rlar. Bunlar n\u0259 dem\u0259kdir v\u0259 n\u0259l\u0259r g\u00f6zl\u0259nilir? - JAMnews","isPartOf":{"@id":"https:\/\/jam-news.net\/az\/#website"},"primaryImageOfPage":{"@id":"https:\/\/jam-news.net\/az\/tbilisid%c9%99-etiraz-aksiyasini-dagidiblar-v%c9%99-novb%c9%99tini-dagitmaga-hazirlasirlar-bunlar-n%c9%99-dem%c9%99kdir-v%c9%99-n%c9%99l%c9%99r-gozl%c9%99nilir\/#primaryimage"},"image":{"@id":"https:\/\/jam-news.net\/az\/tbilisid%c9%99-etiraz-aksiyasini-dagidiblar-v%c9%99-novb%c9%99tini-dagitmaga-hazirlasirlar-bunlar-n%c9%99-dem%c9%99kdir-v%c9%99-n%c9%99l%c9%99r-gozl%c9%99nilir\/#primaryimage"},"thumbnailUrl":"https:\/\/jam-news.net\/app\/uploads\/2020\/03\/64784970_2285993938316200_1322216032944783360_n-4.jpg","datePublished":"2019-06-21T00:00:00+00:00","dateModified":"2021-11-06T09:19:40+00:00","breadcrumb":{"@id":"https:\/\/jam-news.net\/az\/tbilisid%c9%99-etiraz-aksiyasini-dagidiblar-v%c9%99-novb%c9%99tini-dagitmaga-hazirlasirlar-bunlar-n%c9%99-dem%c9%99kdir-v%c9%99-n%c9%99l%c9%99r-gozl%c9%99nilir\/#breadcrumb"},"inLanguage":"az","potentialAction":[{"@type":"ReadAction","target":["https:\/\/jam-news.net\/az\/tbilisid%c9%99-etiraz-aksiyasini-dagidiblar-v%c9%99-novb%c9%99tini-dagitmaga-hazirlasirlar-bunlar-n%c9%99-dem%c9%99kdir-v%c9%99-n%c9%99l%c9%99r-gozl%c9%99nilir\/"]}]},{"@type":"ImageObject","inLanguage":"az","@id":"https:\/\/jam-news.net\/az\/tbilisid%c9%99-etiraz-aksiyasini-dagidiblar-v%c9%99-novb%c9%99tini-dagitmaga-hazirlasirlar-bunlar-n%c9%99-dem%c9%99kdir-v%c9%99-n%c9%99l%c9%99r-gozl%c9%99nilir\/#primaryimage","url":"https:\/\/jam-news.net\/app\/uploads\/2020\/03\/64784970_2285993938316200_1322216032944783360_n-4.jpg","contentUrl":"https:\/\/jam-news.net\/app\/uploads\/2020\/03\/64784970_2285993938316200_1322216032944783360_n-4.jpg","width":2048,"height":1365},{"@type":"BreadcrumbList","@id":"https:\/\/jam-news.net\/az\/tbilisid%c9%99-etiraz-aksiyasini-dagidiblar-v%c9%99-novb%c9%99tini-dagitmaga-hazirlasirlar-bunlar-n%c9%99-dem%c9%99kdir-v%c9%99-n%c9%99l%c9%99r-gozl%c9%99nilir\/#breadcrumb","itemListElement":[{"@type":"ListItem","position":1,"name":"Home","item":"https:\/\/jam-news.net\/az\/"},{"@type":"ListItem","position":2,"name":"Tbilisid\u0259 etiraz aksiyas\u0131n\u0131 da\u011f\u0131d\u0131blar v\u0259 n\u00f6vb\u0259tini da\u011f\u0131tma\u011fa haz\u0131rla\u015f\u0131rlar. Bunlar n\u0259 dem\u0259kdir v\u0259 n\u0259l\u0259r g\u00f6zl\u0259nilir?"}]},{"@type":"WebSite","@id":"https:\/\/jam-news.net\/az\/#website","url":"https:\/\/jam-news.net\/az\/","name":"Azerbaijani Jamnews","description":"Caucasus News, Politics and Society","publisher":{"@id":"https:\/\/jam-news.net\/az\/#organization"},"potentialAction":[{"@type":"SearchAction","target":{"@type":"EntryPoint","urlTemplate":"https:\/\/jam-news.net\/az\/?s={search_term_string}"},"query-input":{"@type":"PropertyValueSpecification","valueRequired":true,"valueName":"search_term_string"}}],"inLanguage":"az"},{"@type":"Organization","@id":"https:\/\/jam-news.net\/az\/#organization","name":"JAMnews","url":"https:\/\/jam-news.net\/az\/","logo":{"@type":"ImageObject","inLanguage":"az","@id":"https:\/\/jam-news.net\/az\/#\/schema\/logo\/image\/","url":"https:\/\/jam-news.net\/app\/uploads\/2020\/05\/JAM_w.jpg","contentUrl":"https:\/\/jam-news.net\/app\/uploads\/2020\/05\/JAM_w.jpg","width":960,"height":960,"caption":"JAMnews"},"image":{"@id":"https:\/\/jam-news.net\/az\/#\/schema\/logo\/image\/"},"sameAs":["https:\/\/www.facebook.com\/JAMnewsInEnglish\/","https:\/\/x.com\/JAMnewsCaucasus","https:\/\/www.instagram.com\/jam_news\/","https:\/\/www.youtube.com\/channel\/UCXQbUCme2pykuZYXWHx4VPg"]},{"@type":"Person","@id":"https:\/\/jam-news.net\/az\/#\/schema\/person\/86c90ea4dd4c6e61e60ae51d24bc662c","name":"Tatia nikoladze","image":{"@type":"ImageObject","inLanguage":"az","@id":"https:\/\/jam-news.net\/az\/#\/schema\/person\/image\/","url":"https:\/\/secure.gravatar.com\/avatar\/1f8b2c8ce4c25cc30806785bafe6bb03?s=96&d=mm&r=g","contentUrl":"https:\/\/secure.gravatar.com\/avatar\/1f8b2c8ce4c25cc30806785bafe6bb03?s=96&d=mm&r=g","caption":"Tatia nikoladze"},"url":"https:\/\/jam-news.net\/az\/author\/tatiani\/"}]}},"_links":{"self":[{"href":"https:\/\/jam-news.net\/az\/wp-json\/wp\/v2\/posts\/11194","targetHints":{"allow":["GET"]}}],"collection":[{"href":"https:\/\/jam-news.net\/az\/wp-json\/wp\/v2\/posts"}],"about":[{"href":"https:\/\/jam-news.net\/az\/wp-json\/wp\/v2\/types\/post"}],"author":[{"embeddable":true,"href":"https:\/\/jam-news.net\/az\/wp-json\/wp\/v2\/users\/6"}],"replies":[{"embeddable":true,"href":"https:\/\/jam-news.net\/az\/wp-json\/wp\/v2\/comments?post=11194"}],"version-history":[{"count":1,"href":"https:\/\/jam-news.net\/az\/wp-json\/wp\/v2\/posts\/11194\/revisions"}],"predecessor-version":[{"id":13886,"href":"https:\/\/jam-news.net\/az\/wp-json\/wp\/v2\/posts\/11194\/revisions\/13886"}],"wp:featuredmedia":[{"embeddable":true,"href":"https:\/\/jam-news.net\/az\/wp-json\/wp\/v2\/media\/22273"}],"wp:attachment":[{"href":"https:\/\/jam-news.net\/az\/wp-json\/wp\/v2\/media?parent=11194"}],"wp:term":[{"taxonomy":"category","embeddable":true,"href":"https:\/\/jam-news.net\/az\/wp-json\/wp\/v2\/categories?post=11194"},{"taxonomy":"post_tag","embeddable":true,"href":"https:\/\/jam-news.net\/az\/wp-json\/wp\/v2\/tags?post=11194"},{"taxonomy":"formation","embeddable":true,"href":"https:\/\/jam-news.net\/az\/wp-json\/wp\/v2\/formation?post=11194"},{"taxonomy":"post-author","embeddable":true,"href":"https:\/\/jam-news.net\/az\/wp-json\/wp\/v2\/post-author?post=11194"},{"taxonomy":"topic","embeddable":true,"href":"https:\/\/jam-news.net\/az\/wp-json\/wp\/v2\/topic?post=11194"},{"taxonomy":"tooltip","embeddable":true,"href":"https:\/\/jam-news.net\/az\/wp-json\/wp\/v2\/tooltip?post=11194"},{"taxonomy":"city","embeddable":true,"href":"https:\/\/jam-news.net\/az\/wp-json\/wp\/v2\/city?post=11194"}],"curies":[{"name":"wp","href":"https:\/\/api.w.org\/{rel}","templated":true}]}}