{"id":11170,"date":"2019-06-21T00:00:00","date_gmt":"2019-06-21T00:00:00","guid":{"rendered":"http:\/\/jam-news.net\/az\/tbilisinin-m%c9%99rk%c9%99zind%c9%99-vurusma-n%c9%99-bas-verib-fotoreportaj\/"},"modified":"2022-01-18T01:05:32","modified_gmt":"2022-01-17T21:05:32","slug":"tbilisinin-m%c9%99rk%c9%99zind%c9%99-vurusma-n%c9%99-bas-verib-fotoreportaj","status":"publish","type":"post","link":"https:\/\/jam-news.net\/az\/tbilisinin-m%c9%99rk%c9%99zind%c9%99-vurusma-n%c9%99-bas-verib-fotoreportaj\/","title":{"rendered":"Tbilisinin m\u0259rk\u0259zind\u0259 vuru\u015fma. N\u0259 ba\u015f verib. Fotoreportaj"},"content":{"rendered":"<p><span style=\"font-weight: 400;\">G\u00fcrc\u00fcstan parlamentinin binas\u0131 qar\u015f\u0131s\u0131nda b\u00f6y\u00fck mitinq iyunun 20-d\u0259 19:00-da ba\u015flay\u0131b. Etiraza s\u0259b\u0259b s\u0259h\u0259r parlamentin iclas zal\u0131nda Parlamentl\u0259raras\u0131 Pravoslav Assambleyas\u0131n\u0131n iclas\u0131n\u0131n ke\u00e7irilm\u0259si v\u0259 iclas\u0131 G\u00fcrc\u00fcstan parlamentinin s\u0259dri k\u00fcrs\u00fcs\u00fcnd\u0259n Rusiya D\u00f6vl\u0259t Dumas\u0131n\u0131n deputat\u0131 Sergey Qavrilovun a\u00e7mas\u0131 oldu. Bu, h\u0259m m\u00fcxalif\u0259t, h\u0259m d\u0259 c\u0259miyy\u0259tin naraz\u0131l\u0131\u011f\u0131na s\u0259b\u0259b oldu. \u0130nsanlar Rustaveli k\u00fc\u00e7\u0259sind\u0259 topla\u015fma\u011fa ba\u015flad\u0131. \u00a0\u00a0\u00a0<\/span><\/p>\n<p><img loading=\"lazy\" decoding=\"async\" class=\"alignnone size-full wp-image-178955\" src=\"http:\/\/jam-news.net\/app\/uploads\/2019\/06\/IMG_2855.jpg\" alt=\"\" width=\"1200\" height=\"800\" \/><\/p>\n<p><img loading=\"lazy\" decoding=\"async\" class=\"alignnone size-full wp-image-178960\" src=\"http:\/\/jam-news.net\/app\/uploads\/2019\/06\/IMG_2889.jpg\" alt=\"\" width=\"1200\" height=\"800\" \/><\/p>\n<p><span style=\"font-weight: 400;\">Jurnalistl\u0259rin dediyin\u0259 g\u00f6r\u0259, aksiyada az\u0131 30 min adam topla\u015fm\u0131\u015fd\u0131. Aksiya siyas\u0259t\u00e7il\u0259r t\u0259r\u0259find\u0259n t\u0259\u015fkil olunmasa da burada m\u00fcxalif partiyalar\u0131n liderl\u0259ri v\u0259 ictimai f\u0259allar da var\u0131yd\u0131. <\/span><\/p>\n<p><span style=\"text-decoration: underline;\"><a href=\"https:\/\/jam-news.net\/gurcustan-parlamentind%c9%99-qalmaqal-rusiyali-deputat-spiker-kreslosunda\/?lang=az-AZ\" target=\"_blank\" rel=\"noopener noreferrer\"><strong> \u2022Rusiyal\u0131 deputat G\u00fcrc\u00fcstan parlamentinin spikeri kreslosuna nec\u0259 oturdu v\u0259 bu, n\u0259 il\u0259 n\u0259tic\u0259l\u0259ndi <\/strong><\/a><\/span><\/p>\n<p><a href=\"https:\/\/jam-news.net\/tbilisid%c9%99-numayiscil%c9%99r-parlament-binasina-soxulmaga-calisir\/?lang=az-AZ\" target=\"_blank\" rel=\"noopener noreferrer\"><strong> \u2022<span style=\"text-decoration: underline;\">Tbilisid\u0259 n\u00fcmayi\u015f\u00e7il\u0259r parlament binas\u0131na daxil olma\u011fa \u00e7al\u0131\u015f\u0131r<\/span> <\/strong><\/a><\/p>\n<p><img loading=\"lazy\" decoding=\"async\" class=\"alignnone size-full wp-image-178950\" src=\"http:\/\/jam-news.net\/app\/uploads\/2019\/06\/IMG_2853.jpg\" alt=\"\" width=\"1200\" height=\"800\" \/><\/p>\n<p><span style=\"font-weight: 400;\">N\u00fcmayi\u015f\u00e7il\u0259rin bir hiss\u0259si m\u00fcxalif \u201cMilli h\u0259r\u0259kat\u201d\u0131n lideri Nika Meliya(h\u0259r\u0259kat G\u00fcrc\u00fcstan\u0131n ke\u00e7mi\u015f prezidenti Mixail Saaka\u015fvili t\u0259r\u0259find\u0259n yarad\u0131l\u0131b) t\u0259r\u0259find\u0259n ir\u0259li s\u00fcr\u00fcl\u0259n ultimatumun m\u00fcdd\u0259ti bit\u0259nd\u0259n sonra binan\u0131n hey\u0259tin\u0259 soxulma\u011fa c\u0259hd g\u00f6st\u0259rdi. Meliya parlament s\u0259dri. D\u0130N v\u0259 D\u00f6vl\u0259t T\u0259hl\u00fck\u0259sizliyi ba\u015f\u00e7\u0131lar\u0131n\u0131n istefas\u0131n\u0131 t\u0259l\u0259b edib. \u00a0<\/span><\/p>\n<p><img loading=\"lazy\" decoding=\"async\" class=\"alignnone size-full wp-image-178980\" src=\"http:\/\/jam-news.net\/app\/uploads\/2019\/06\/IMG_3273.jpg\" alt=\"\" width=\"1200\" height=\"800\" \/><\/p>\n<p><span style=\"font-weight: 400;\">\u0130lk qar\u015f\u0131durmalar ba\u015flad\u0131. Polis d\u0259y\u0259n\u0259k v\u0259 rezin g\u00fcll\u0259rl\u0259rd\u0259n istifad\u0259 etdi, sonradan g\u00f6zya\u015fard\u0131c\u0131 qazdan da istifad\u0259 etm\u0259y\u0259 ba\u015flad\u0131. \u0130lk yaralananlar oldu. N\u00fcmayi\u015f\u00e7il\u0259ri bir ne\u00e7\u0259 x\u00fcsusi t\u0259yinatl\u0131n\u0131n \u0259lind\u0259n qalxan v\u0259 d\u0259y\u0259n\u0259kl\u0259rini ald\u0131, bir ne\u00e7\u0259 x\u00fcsusi t\u0259yinatl\u0131n\u0131 da \u0259ll\u0259rind\u0259 mitinqd\u0259n uzaqla\u015fd\u0131ra bildil\u0259r. \u00a0<\/span><\/p>\n<p><img loading=\"lazy\" decoding=\"async\" class=\"alignnone size-full wp-image-178985\" src=\"http:\/\/jam-news.net\/app\/uploads\/2019\/06\/IMG_3336.jpg\" alt=\"\" width=\"1200\" height=\"800\" \/> <img loading=\"lazy\" decoding=\"async\" class=\"alignnone size-full wp-image-178990\" src=\"http:\/\/jam-news.net\/app\/uploads\/2019\/06\/IMG_3356.jpg\" alt=\"\" width=\"1200\" height=\"800\" \/><\/p>\n<p><span style=\"font-weight: 400;\">Bir ne\u00e7\u0259 saat \u0259rzind\u0259 x\u00fcsusi t\u0259yinatl\u0131 d\u0259st\u0259 n\u00fcmayi\u015f\u00e7il\u0259ri parlament binas\u0131ndan qaz v\u0259 rezin g\u00fcll\u0259rin k\u00f6m\u0259yil\u0259 uzaqla\u015fd\u0131rma\u011fa \u00e7al\u0131\u015fsa da, buna m\u00fcv\u0259ff\u0259q olmad\u0131. Bundan sonra polis v\u0259 texnika Rustaveli prospektini t\u0259mizl\u0259m\u0259y\u0259 ba\u015flad\u0131. <\/span><\/p>\n<p><img loading=\"lazy\" decoding=\"async\" class=\"alignnone size-full wp-image-178995\" src=\"http:\/\/jam-news.net\/app\/uploads\/2019\/06\/IMG_3424.jpg\" alt=\"\" width=\"1200\" height=\"800\" \/><\/p>\n<p><img loading=\"lazy\" decoding=\"async\" class=\"alignnone size-full wp-image-179005\" src=\"http:\/\/jam-news.net\/app\/uploads\/2019\/06\/IMG_3470.jpg\" alt=\"\" width=\"1200\" height=\"800\" \/><\/p>\n<p><span style=\"font-weight: 400;\">N\u00fcmayi\u015f\u00e7il\u0259r x\u00fcsusi t\u0259yinatl\u0131lara da\u015f at\u0131rd\u0131lar. Polis onlar\u0131 Rustaveli prospekti boyu t\u0259qib etm\u0259kd\u0259 davam etdi. <\/span><\/p>\n<p><img loading=\"lazy\" decoding=\"async\" class=\"alignnone size-full wp-image-179010\" src=\"http:\/\/jam-news.net\/app\/uploads\/2019\/06\/IMG_3506.jpg\" alt=\"\" width=\"1200\" height=\"800\" \/><\/p>\n<p><img loading=\"lazy\" decoding=\"async\" class=\"alignnone size-full wp-image-179000\" src=\"http:\/\/jam-news.net\/app\/uploads\/2019\/06\/IMG_3448.jpg\" alt=\"\" width=\"1200\" height=\"800\" \/><\/p>\n<p><img loading=\"lazy\" decoding=\"async\" class=\"alignnone size-full wp-image-179015\" src=\"http:\/\/jam-news.net\/app\/uploads\/2019\/06\/IMG_3535.jpg\" alt=\"\" width=\"1200\" height=\"800\" \/><\/p>\n<p><span style=\"font-weight: 400;\">N\u0259tic\u0259d\u0259 s\u0259h\u0259r\u0259 yax\u0131n x\u00fcsusi t\u0259yinatl\u0131lar n\u00fcmayi\u015f\u00e7il\u0259ri prospektd\u0259n tamamil\u0259 uzaqla\u015fd\u0131ra bildil\u0259r. \u00c7ox sayda n\u00fcmayi\u015f\u00e7i saxlan\u0131ld\u0131. Onlar\u0131 d\u0259qiq say\u0131 m\u0259lum deyil. <\/span><\/p>\n<p><img loading=\"lazy\" decoding=\"async\" class=\"alignnone size-full wp-image-179020\" src=\"http:\/\/jam-news.net\/app\/uploads\/2019\/06\/IMG_3619.jpg\" alt=\"\" width=\"1200\" height=\"800\" \/><\/p>\n<p><span style=\"font-weight: 400;\">Yaral\u0131lanlar\u0131n say\u0131 da d\u0259qiq m\u0259lum deyil \u2013 amma y\u00fczl\u0259rl\u0259 oldu\u011fu bildirilir. Tibb i\u015f\u00e7il\u0259rinin s\u00f6zl\u0259rin\u0259 g\u00f6r\u0259, rezin g\u00fcll\u0259 il\u0259 g\u00f6zl\u0259rind\u0259n vurulanlar \u00e7ox g\u00fcman ki, g\u00f6zl\u0259rini itirib. <\/span><\/p>\n<p>&nbsp;<\/p>\n","protected":false},"excerpt":{"rendered":"<p>Yaral\u0131lar\u0131n v\u0259 h\u0259bs olunanlar\u0131n say\u0131 y\u00fczl\u0259rl\u0259dir. Bir ne\u00e7\u0259 n\u00fcmayi\u015f\u00e7i g\u00f6zl\u0259rini itirib<\/p>\n","protected":false},"author":6,"featured_media":22268,"comment_status":"open","ping_status":"open","sticky":false,"template":"","format":"standard","meta":{"_acf_changed":false,"footnotes":""},"categories":[2,3,50,46,36,5],"tags":[],"formation":[],"post-author":[2888,3491],"topic":[],"tooltip":[],"city":[6049],"class_list":["post-11170","post","type-post","status-publish","format-standard","has-post-thumbnail","hentry","category-cografiya","category-gurcustan","category-xbrlr","category-fotohvalat","category-multimedia","category-siyast","post-author-jamnews","post-author-levan-mikadze","city-tbilisi"],"acf":[],"yoast_head":"<!-- This site is optimized with the Yoast SEO plugin v24.1 - https:\/\/yoast.com\/wordpress\/plugins\/seo\/ -->\n<title>Tbilisinin m\u0259rk\u0259zind\u0259 vuru\u015fma. N\u0259 ba\u015f verib. Fotoreportaj - JAMnews<\/title>\n<meta name=\"robots\" content=\"index, follow, max-snippet:-1, max-image-preview:large, max-video-preview:-1\" \/>\n<link rel=\"canonical\" href=\"https:\/\/jam-news.net\/az\/tbilisinin-m\u0259rk\u0259zind\u0259-vurusma-n\u0259-bas-verib-fotoreportaj\/\" \/>\n<meta property=\"og:locale\" content=\"az_AZ\" \/>\n<meta property=\"og:type\" content=\"article\" \/>\n<meta property=\"og:title\" content=\"Tbilisinin m\u0259rk\u0259zind\u0259 vuru\u015fma. N\u0259 ba\u015f verib. Fotoreportaj - JAMnews\" \/>\n<meta property=\"og:description\" content=\"Yaral\u0131lar\u0131n v\u0259 h\u0259bs olunanlar\u0131n say\u0131 y\u00fczl\u0259rl\u0259dir. Bir ne\u00e7\u0259 n\u00fcmayi\u015f\u00e7i g\u00f6zl\u0259rini itirib\" \/>\n<meta property=\"og:url\" content=\"https:\/\/jam-news.net\/az\/tbilisinin-m\u0259rk\u0259zind\u0259-vurusma-n\u0259-bas-verib-fotoreportaj\/\" \/>\n<meta property=\"og:site_name\" content=\"Azerbaijani Jamnews\" \/>\n<meta property=\"article:publisher\" content=\"https:\/\/www.facebook.com\/JAMnewsInEnglish\/\" \/>\n<meta property=\"article:published_time\" content=\"2019-06-21T00:00:00+00:00\" \/>\n<meta property=\"article:modified_time\" content=\"2022-01-17T21:05:32+00:00\" \/>\n<meta property=\"og:image\" content=\"https:\/\/jam-news.net\/app\/uploads\/2020\/03\/IMG_3424-5.jpg\" \/>\n\t<meta property=\"og:image:width\" content=\"1200\" \/>\n\t<meta property=\"og:image:height\" content=\"800\" \/>\n\t<meta property=\"og:image:type\" content=\"image\/jpeg\" \/>\n<meta name=\"author\" content=\"Tatia nikoladze\" \/>\n<meta name=\"twitter:card\" content=\"summary_large_image\" \/>\n<meta name=\"twitter:creator\" content=\"@JAMnewsCaucasus\" \/>\n<meta name=\"twitter:site\" content=\"@JAMnewsCaucasus\" \/>\n<meta name=\"twitter:label1\" content=\"Written by\" \/>\n\t<meta name=\"twitter:data1\" content=\"Tatia nikoladze\" \/>\n\t<meta name=\"twitter:label2\" content=\"Est. reading time\" \/>\n\t<meta name=\"twitter:data2\" content=\"2 minutes\" \/>\n<script type=\"application\/ld+json\" class=\"yoast-schema-graph\">{\"@context\":\"https:\/\/schema.org\",\"@graph\":[{\"@type\":\"Article\",\"@id\":\"https:\/\/jam-news.net\/az\/tbilisinin-m%c9%99rk%c9%99zind%c9%99-vurusma-n%c9%99-bas-verib-fotoreportaj\/#article\",\"isPartOf\":{\"@id\":\"https:\/\/jam-news.net\/az\/tbilisinin-m%c9%99rk%c9%99zind%c9%99-vurusma-n%c9%99-bas-verib-fotoreportaj\/\"},\"author\":{\"name\":\"Tatia nikoladze\",\"@id\":\"https:\/\/jam-news.net\/az\/#\/schema\/person\/86c90ea4dd4c6e61e60ae51d24bc662c\"},\"headline\":\"Tbilisinin m\u0259rk\u0259zind\u0259 vuru\u015fma. N\u0259 ba\u015f verib. Fotoreportaj\",\"datePublished\":\"2019-06-21T00:00:00+00:00\",\"dateModified\":\"2022-01-17T21:05:32+00:00\",\"mainEntityOfPage\":{\"@id\":\"https:\/\/jam-news.net\/az\/tbilisinin-m%c9%99rk%c9%99zind%c9%99-vurusma-n%c9%99-bas-verib-fotoreportaj\/\"},\"wordCount\":497,\"commentCount\":0,\"publisher\":{\"@id\":\"https:\/\/jam-news.net\/az\/#organization\"},\"image\":{\"@id\":\"https:\/\/jam-news.net\/az\/tbilisinin-m%c9%99rk%c9%99zind%c9%99-vurusma-n%c9%99-bas-verib-fotoreportaj\/#primaryimage\"},\"thumbnailUrl\":\"https:\/\/jam-news.net\/app\/uploads\/2020\/03\/IMG_3424-5.jpg\",\"articleSection\":[\"Geography\",\"Georgia\",\"News\",\"Photo\",\"Photo\/Video\",\"Politics\"],\"inLanguage\":\"az\"},{\"@type\":\"WebPage\",\"@id\":\"https:\/\/jam-news.net\/az\/tbilisinin-m%c9%99rk%c9%99zind%c9%99-vurusma-n%c9%99-bas-verib-fotoreportaj\/\",\"url\":\"https:\/\/jam-news.net\/az\/tbilisinin-m%c9%99rk%c9%99zind%c9%99-vurusma-n%c9%99-bas-verib-fotoreportaj\/\",\"name\":\"Tbilisinin m\u0259rk\u0259zind\u0259 vuru\u015fma. N\u0259 ba\u015f verib. Fotoreportaj - JAMnews\",\"isPartOf\":{\"@id\":\"https:\/\/jam-news.net\/az\/#website\"},\"primaryImageOfPage\":{\"@id\":\"https:\/\/jam-news.net\/az\/tbilisinin-m%c9%99rk%c9%99zind%c9%99-vurusma-n%c9%99-bas-verib-fotoreportaj\/#primaryimage\"},\"image\":{\"@id\":\"https:\/\/jam-news.net\/az\/tbilisinin-m%c9%99rk%c9%99zind%c9%99-vurusma-n%c9%99-bas-verib-fotoreportaj\/#primaryimage\"},\"thumbnailUrl\":\"https:\/\/jam-news.net\/app\/uploads\/2020\/03\/IMG_3424-5.jpg\",\"datePublished\":\"2019-06-21T00:00:00+00:00\",\"dateModified\":\"2022-01-17T21:05:32+00:00\",\"breadcrumb\":{\"@id\":\"https:\/\/jam-news.net\/az\/tbilisinin-m%c9%99rk%c9%99zind%c9%99-vurusma-n%c9%99-bas-verib-fotoreportaj\/#breadcrumb\"},\"inLanguage\":\"az\",\"potentialAction\":[{\"@type\":\"ReadAction\",\"target\":[\"https:\/\/jam-news.net\/az\/tbilisinin-m%c9%99rk%c9%99zind%c9%99-vurusma-n%c9%99-bas-verib-fotoreportaj\/\"]}]},{\"@type\":\"ImageObject\",\"inLanguage\":\"az\",\"@id\":\"https:\/\/jam-news.net\/az\/tbilisinin-m%c9%99rk%c9%99zind%c9%99-vurusma-n%c9%99-bas-verib-fotoreportaj\/#primaryimage\",\"url\":\"https:\/\/jam-news.net\/app\/uploads\/2020\/03\/IMG_3424-5.jpg\",\"contentUrl\":\"https:\/\/jam-news.net\/app\/uploads\/2020\/03\/IMG_3424-5.jpg\",\"width\":1200,\"height\":800},{\"@type\":\"BreadcrumbList\",\"@id\":\"https:\/\/jam-news.net\/az\/tbilisinin-m%c9%99rk%c9%99zind%c9%99-vurusma-n%c9%99-bas-verib-fotoreportaj\/#breadcrumb\",\"itemListElement\":[{\"@type\":\"ListItem\",\"position\":1,\"name\":\"Home\",\"item\":\"https:\/\/jam-news.net\/az\/\"},{\"@type\":\"ListItem\",\"position\":2,\"name\":\"Tbilisinin m\u0259rk\u0259zind\u0259 vuru\u015fma. N\u0259 ba\u015f verib. Fotoreportaj\"}]},{\"@type\":\"WebSite\",\"@id\":\"https:\/\/jam-news.net\/az\/#website\",\"url\":\"https:\/\/jam-news.net\/az\/\",\"name\":\"Azerbaijani Jamnews\",\"description\":\"Caucasus News, Politics and Society\",\"publisher\":{\"@id\":\"https:\/\/jam-news.net\/az\/#organization\"},\"potentialAction\":[{\"@type\":\"SearchAction\",\"target\":{\"@type\":\"EntryPoint\",\"urlTemplate\":\"https:\/\/jam-news.net\/az\/?s={search_term_string}\"},\"query-input\":{\"@type\":\"PropertyValueSpecification\",\"valueRequired\":true,\"valueName\":\"search_term_string\"}}],\"inLanguage\":\"az\"},{\"@type\":\"Organization\",\"@id\":\"https:\/\/jam-news.net\/az\/#organization\",\"name\":\"JAMnews\",\"url\":\"https:\/\/jam-news.net\/az\/\",\"logo\":{\"@type\":\"ImageObject\",\"inLanguage\":\"az\",\"@id\":\"https:\/\/jam-news.net\/az\/#\/schema\/logo\/image\/\",\"url\":\"https:\/\/jam-news.net\/app\/uploads\/2020\/05\/JAM_w.jpg\",\"contentUrl\":\"https:\/\/jam-news.net\/app\/uploads\/2020\/05\/JAM_w.jpg\",\"width\":960,\"height\":960,\"caption\":\"JAMnews\"},\"image\":{\"@id\":\"https:\/\/jam-news.net\/az\/#\/schema\/logo\/image\/\"},\"sameAs\":[\"https:\/\/www.facebook.com\/JAMnewsInEnglish\/\",\"https:\/\/x.com\/JAMnewsCaucasus\",\"https:\/\/www.instagram.com\/jam_news\/\",\"https:\/\/www.youtube.com\/channel\/UCXQbUCme2pykuZYXWHx4VPg\"]},{\"@type\":\"Person\",\"@id\":\"https:\/\/jam-news.net\/az\/#\/schema\/person\/86c90ea4dd4c6e61e60ae51d24bc662c\",\"name\":\"Tatia nikoladze\",\"image\":{\"@type\":\"ImageObject\",\"inLanguage\":\"az\",\"@id\":\"https:\/\/jam-news.net\/az\/#\/schema\/person\/image\/\",\"url\":\"https:\/\/secure.gravatar.com\/avatar\/1f8b2c8ce4c25cc30806785bafe6bb03?s=96&d=mm&r=g\",\"contentUrl\":\"https:\/\/secure.gravatar.com\/avatar\/1f8b2c8ce4c25cc30806785bafe6bb03?s=96&d=mm&r=g\",\"caption\":\"Tatia nikoladze\"},\"url\":\"https:\/\/jam-news.net\/az\/author\/tatiani\/\"}]}<\/script>\n<!-- \/ Yoast SEO plugin. -->","yoast_head_json":{"title":"Tbilisinin m\u0259rk\u0259zind\u0259 vuru\u015fma. N\u0259 ba\u015f verib. Fotoreportaj - JAMnews","robots":{"index":"index","follow":"follow","max-snippet":"max-snippet:-1","max-image-preview":"max-image-preview:large","max-video-preview":"max-video-preview:-1"},"canonical":"https:\/\/jam-news.net\/az\/tbilisinin-m\u0259rk\u0259zind\u0259-vurusma-n\u0259-bas-verib-fotoreportaj\/","og_locale":"az_AZ","og_type":"article","og_title":"Tbilisinin m\u0259rk\u0259zind\u0259 vuru\u015fma. N\u0259 ba\u015f verib. Fotoreportaj - JAMnews","og_description":"Yaral\u0131lar\u0131n v\u0259 h\u0259bs olunanlar\u0131n say\u0131 y\u00fczl\u0259rl\u0259dir. Bir ne\u00e7\u0259 n\u00fcmayi\u015f\u00e7i g\u00f6zl\u0259rini itirib","og_url":"https:\/\/jam-news.net\/az\/tbilisinin-m\u0259rk\u0259zind\u0259-vurusma-n\u0259-bas-verib-fotoreportaj\/","og_site_name":"Azerbaijani Jamnews","article_publisher":"https:\/\/www.facebook.com\/JAMnewsInEnglish\/","article_published_time":"2019-06-21T00:00:00+00:00","article_modified_time":"2022-01-17T21:05:32+00:00","og_image":[{"width":1200,"height":800,"url":"https:\/\/jam-news.net\/app\/uploads\/2020\/03\/IMG_3424-5.jpg","type":"image\/jpeg"}],"author":"Tatia nikoladze","twitter_card":"summary_large_image","twitter_creator":"@JAMnewsCaucasus","twitter_site":"@JAMnewsCaucasus","twitter_misc":{"Written by":"Tatia nikoladze","Est. reading time":"2 minutes"},"schema":{"@context":"https:\/\/schema.org","@graph":[{"@type":"Article","@id":"https:\/\/jam-news.net\/az\/tbilisinin-m%c9%99rk%c9%99zind%c9%99-vurusma-n%c9%99-bas-verib-fotoreportaj\/#article","isPartOf":{"@id":"https:\/\/jam-news.net\/az\/tbilisinin-m%c9%99rk%c9%99zind%c9%99-vurusma-n%c9%99-bas-verib-fotoreportaj\/"},"author":{"name":"Tatia nikoladze","@id":"https:\/\/jam-news.net\/az\/#\/schema\/person\/86c90ea4dd4c6e61e60ae51d24bc662c"},"headline":"Tbilisinin m\u0259rk\u0259zind\u0259 vuru\u015fma. N\u0259 ba\u015f verib. Fotoreportaj","datePublished":"2019-06-21T00:00:00+00:00","dateModified":"2022-01-17T21:05:32+00:00","mainEntityOfPage":{"@id":"https:\/\/jam-news.net\/az\/tbilisinin-m%c9%99rk%c9%99zind%c9%99-vurusma-n%c9%99-bas-verib-fotoreportaj\/"},"wordCount":497,"commentCount":0,"publisher":{"@id":"https:\/\/jam-news.net\/az\/#organization"},"image":{"@id":"https:\/\/jam-news.net\/az\/tbilisinin-m%c9%99rk%c9%99zind%c9%99-vurusma-n%c9%99-bas-verib-fotoreportaj\/#primaryimage"},"thumbnailUrl":"https:\/\/jam-news.net\/app\/uploads\/2020\/03\/IMG_3424-5.jpg","articleSection":["Geography","Georgia","News","Photo","Photo\/Video","Politics"],"inLanguage":"az"},{"@type":"WebPage","@id":"https:\/\/jam-news.net\/az\/tbilisinin-m%c9%99rk%c9%99zind%c9%99-vurusma-n%c9%99-bas-verib-fotoreportaj\/","url":"https:\/\/jam-news.net\/az\/tbilisinin-m%c9%99rk%c9%99zind%c9%99-vurusma-n%c9%99-bas-verib-fotoreportaj\/","name":"Tbilisinin m\u0259rk\u0259zind\u0259 vuru\u015fma. N\u0259 ba\u015f verib. Fotoreportaj - JAMnews","isPartOf":{"@id":"https:\/\/jam-news.net\/az\/#website"},"primaryImageOfPage":{"@id":"https:\/\/jam-news.net\/az\/tbilisinin-m%c9%99rk%c9%99zind%c9%99-vurusma-n%c9%99-bas-verib-fotoreportaj\/#primaryimage"},"image":{"@id":"https:\/\/jam-news.net\/az\/tbilisinin-m%c9%99rk%c9%99zind%c9%99-vurusma-n%c9%99-bas-verib-fotoreportaj\/#primaryimage"},"thumbnailUrl":"https:\/\/jam-news.net\/app\/uploads\/2020\/03\/IMG_3424-5.jpg","datePublished":"2019-06-21T00:00:00+00:00","dateModified":"2022-01-17T21:05:32+00:00","breadcrumb":{"@id":"https:\/\/jam-news.net\/az\/tbilisinin-m%c9%99rk%c9%99zind%c9%99-vurusma-n%c9%99-bas-verib-fotoreportaj\/#breadcrumb"},"inLanguage":"az","potentialAction":[{"@type":"ReadAction","target":["https:\/\/jam-news.net\/az\/tbilisinin-m%c9%99rk%c9%99zind%c9%99-vurusma-n%c9%99-bas-verib-fotoreportaj\/"]}]},{"@type":"ImageObject","inLanguage":"az","@id":"https:\/\/jam-news.net\/az\/tbilisinin-m%c9%99rk%c9%99zind%c9%99-vurusma-n%c9%99-bas-verib-fotoreportaj\/#primaryimage","url":"https:\/\/jam-news.net\/app\/uploads\/2020\/03\/IMG_3424-5.jpg","contentUrl":"https:\/\/jam-news.net\/app\/uploads\/2020\/03\/IMG_3424-5.jpg","width":1200,"height":800},{"@type":"BreadcrumbList","@id":"https:\/\/jam-news.net\/az\/tbilisinin-m%c9%99rk%c9%99zind%c9%99-vurusma-n%c9%99-bas-verib-fotoreportaj\/#breadcrumb","itemListElement":[{"@type":"ListItem","position":1,"name":"Home","item":"https:\/\/jam-news.net\/az\/"},{"@type":"ListItem","position":2,"name":"Tbilisinin m\u0259rk\u0259zind\u0259 vuru\u015fma. N\u0259 ba\u015f verib. Fotoreportaj"}]},{"@type":"WebSite","@id":"https:\/\/jam-news.net\/az\/#website","url":"https:\/\/jam-news.net\/az\/","name":"Azerbaijani Jamnews","description":"Caucasus News, Politics and Society","publisher":{"@id":"https:\/\/jam-news.net\/az\/#organization"},"potentialAction":[{"@type":"SearchAction","target":{"@type":"EntryPoint","urlTemplate":"https:\/\/jam-news.net\/az\/?s={search_term_string}"},"query-input":{"@type":"PropertyValueSpecification","valueRequired":true,"valueName":"search_term_string"}}],"inLanguage":"az"},{"@type":"Organization","@id":"https:\/\/jam-news.net\/az\/#organization","name":"JAMnews","url":"https:\/\/jam-news.net\/az\/","logo":{"@type":"ImageObject","inLanguage":"az","@id":"https:\/\/jam-news.net\/az\/#\/schema\/logo\/image\/","url":"https:\/\/jam-news.net\/app\/uploads\/2020\/05\/JAM_w.jpg","contentUrl":"https:\/\/jam-news.net\/app\/uploads\/2020\/05\/JAM_w.jpg","width":960,"height":960,"caption":"JAMnews"},"image":{"@id":"https:\/\/jam-news.net\/az\/#\/schema\/logo\/image\/"},"sameAs":["https:\/\/www.facebook.com\/JAMnewsInEnglish\/","https:\/\/x.com\/JAMnewsCaucasus","https:\/\/www.instagram.com\/jam_news\/","https:\/\/www.youtube.com\/channel\/UCXQbUCme2pykuZYXWHx4VPg"]},{"@type":"Person","@id":"https:\/\/jam-news.net\/az\/#\/schema\/person\/86c90ea4dd4c6e61e60ae51d24bc662c","name":"Tatia nikoladze","image":{"@type":"ImageObject","inLanguage":"az","@id":"https:\/\/jam-news.net\/az\/#\/schema\/person\/image\/","url":"https:\/\/secure.gravatar.com\/avatar\/1f8b2c8ce4c25cc30806785bafe6bb03?s=96&d=mm&r=g","contentUrl":"https:\/\/secure.gravatar.com\/avatar\/1f8b2c8ce4c25cc30806785bafe6bb03?s=96&d=mm&r=g","caption":"Tatia nikoladze"},"url":"https:\/\/jam-news.net\/az\/author\/tatiani\/"}]}},"_links":{"self":[{"href":"https:\/\/jam-news.net\/az\/wp-json\/wp\/v2\/posts\/11170","targetHints":{"allow":["GET"]}}],"collection":[{"href":"https:\/\/jam-news.net\/az\/wp-json\/wp\/v2\/posts"}],"about":[{"href":"https:\/\/jam-news.net\/az\/wp-json\/wp\/v2\/types\/post"}],"author":[{"embeddable":true,"href":"https:\/\/jam-news.net\/az\/wp-json\/wp\/v2\/users\/6"}],"replies":[{"embeddable":true,"href":"https:\/\/jam-news.net\/az\/wp-json\/wp\/v2\/comments?post=11170"}],"version-history":[{"count":1,"href":"https:\/\/jam-news.net\/az\/wp-json\/wp\/v2\/posts\/11170\/revisions"}],"predecessor-version":[{"id":13889,"href":"https:\/\/jam-news.net\/az\/wp-json\/wp\/v2\/posts\/11170\/revisions\/13889"}],"wp:featuredmedia":[{"embeddable":true,"href":"https:\/\/jam-news.net\/az\/wp-json\/wp\/v2\/media\/22268"}],"wp:attachment":[{"href":"https:\/\/jam-news.net\/az\/wp-json\/wp\/v2\/media?parent=11170"}],"wp:term":[{"taxonomy":"category","embeddable":true,"href":"https:\/\/jam-news.net\/az\/wp-json\/wp\/v2\/categories?post=11170"},{"taxonomy":"post_tag","embeddable":true,"href":"https:\/\/jam-news.net\/az\/wp-json\/wp\/v2\/tags?post=11170"},{"taxonomy":"formation","embeddable":true,"href":"https:\/\/jam-news.net\/az\/wp-json\/wp\/v2\/formation?post=11170"},{"taxonomy":"post-author","embeddable":true,"href":"https:\/\/jam-news.net\/az\/wp-json\/wp\/v2\/post-author?post=11170"},{"taxonomy":"topic","embeddable":true,"href":"https:\/\/jam-news.net\/az\/wp-json\/wp\/v2\/topic?post=11170"},{"taxonomy":"tooltip","embeddable":true,"href":"https:\/\/jam-news.net\/az\/wp-json\/wp\/v2\/tooltip?post=11170"},{"taxonomy":"city","embeddable":true,"href":"https:\/\/jam-news.net\/az\/wp-json\/wp\/v2\/city?post=11170"}],"curies":[{"name":"wp","href":"https:\/\/api.w.org\/{rel}","templated":true}]}}