{"id":11141,"date":"2019-06-19T00:00:00","date_gmt":"2019-06-19T00:00:00","guid":{"rendered":"http:\/\/jam-news.net\/az\/az%c9%99rbaycanda-minimum-%c9%99m%c9%99khaqqi-41-minimum-pensiya-is%c9%99-23-artirilib\/"},"modified":"2020-03-18T12:29:35","modified_gmt":"2020-03-18T12:29:35","slug":"az%c9%99rbaycanda-minimum-%c9%99m%c9%99khaqqi-41-minimum-pensiya-is%c9%99-23-artirilib","status":"publish","type":"post","link":"https:\/\/jam-news.net\/az\/az%c9%99rbaycanda-minimum-%c9%99m%c9%99khaqqi-41-minimum-pensiya-is%c9%99-23-artirilib\/","title":{"rendered":"Az\u0259rbaycanda minimum \u0259m\u0259khaqq\u0131 $41, minimum pensiya is\u0259 $23 art\u0131r\u0131l\u0131b"},"content":{"rendered":"<p><span style=\"font-weight: 400;\">Az\u0259rbaycanda minimum \u0259m\u0259khaqq\u0131 180 manatdan 250 manata [$106-dan $148-\u0259 q\u0259d\u0259r]. Minimal \u0259m\u0259khaqq\u0131 s\u0259kkiz saatl\u0131q i\u015f g\u00fcn\u00fc olan i\u015f\u00e7iy\u0259 ayda veril\u0259n minimal m\u0259bl\u0259\u011fdir. <\/span><\/p>\n<p><span style=\"font-weight: 400;\">Bundan ba\u015fqa, oktyabr\u0131n 1-d\u0259n minimal \u0259m\u0259khaqq\u0131n\u0131n h\u0259cmi 10 manatdan 200 manata q\u0259d\u0259r art\u0131r [95 dollardan 118 dollara].<\/span><\/p>\n<p>&nbsp;<\/p>\n<p><b><a href=\"https:\/\/jam-news.net\/az%C9%99rbaycanda-budc%C9%99-2019-vergil%C9%99rin-nec%C9%99-s%C9%99yisdiyini-izah-edirik\/?lang=az-AZ\"><em><strong>\u2022\u00a0<\/strong><\/em><span style=\"text-decoration: underline;\">Az\u0259rbaycanda b\u00fcdc\u0259-2019 v\u0259 o, vergil\u0259r\u0259 nec\u0259 t\u0259sir edib<\/span><\/a><\/b><\/p>\n<p><a href=\"https:\/\/jam-news.net\/sosial-muavin%C9%99tl%C9%99r-iki-d%C9%99f%C9%99d%C9%99n-cox-artirilir\/?lang=az-AZ\"><em><strong>\u2022\u00a0<\/strong><\/em><span style=\"text-decoration: underline;\">Az\u0259rbaycanda sosial yard\u0131m\u0131n k\u0259skin art\u0131m\u0131<\/span><\/a><\/p>\n<p><a href=\"https:\/\/jam-news.net\/polsa-gurcustan-v%C9%99t%C9%99ndaslari-ucun-isin-oldugu-olk%C9%99dir\/?lang=az-AZ\"><em><strong>\u2022\u00a0<\/strong><\/em><span style=\"text-decoration: underline;\">G\u00fcrc\u00fc \u0259m\u0259k miqrantlar\u0131n\u0131n Pol\u015fada h\u0259yat\u0131 haqq\u0131nda<\/span><\/a><\/p>\n<p>&nbsp;<\/p>\n<p><span style=\"font-weight: 400;\">N\u00fcmun\u0259 \u00fc\u00e7\u00fcn: Az\u0259rbaycanda bir kilo mal \u0259tinin qiym\u0259ti t\u0259xmin\u0259n 10-15 manat, di\u015f h\u0259kimind\u0259 m\u00fcalic\u0259 is\u0259 50 manatdan yuxar\u0131d\u0131r. <\/span><\/p>\n<p><span style=\"font-weight: 400;\">Sosial v\u0259 vergi ayr\u0131lmalar\u0131 da minimal \u0259m\u0259k haqq\u0131ndan as\u0131l\u0131d\u0131r v\u0259 haz\u0131rda m\u00fchasibat\u00e7\u0131lar Nazirl\u0259r Kabinetind\u0259n izahat g\u00f6zl\u0259yir ki, yeni \u0259m\u0259khaqlar\u0131na nec\u0259 v\u0259 n\u0259 vaxt ke\u00e7m\u0259k laz\u0131md\u0131r. Y\u0259ni maa\u015fdan verginin m\u0259bl\u0259\u011fi azald\u0131lmal\u0131d\u0131r, amma he\u00e7 bir \u0259sasl\u0131 d\u0259yi\u015fiklik olmayacaq. \u00a0<\/span><\/p>\n<p><span style=\"font-weight: 400;\">\u00d6t\u0259n d\u0259f\u0259 Az\u0259rbaycanda minimal maa\u015f\u0131 bu ilin mart ay\u0131nda art\u0131r\u0131blar: \u0259m\u0259khaqq\u0131 130 manatdan [$77] 180 manata q\u0259d\u0259r art\u0131r\u0131ld\u0131. Bel\u0259likl\u0259 d\u0259 indiki art\u0131mla birlikd\u0259 il \u0259rzind\u0259 minimal maa\u015f t\u0259xmin\u0259n iki d\u0259f\u0259 artacaq. <\/span><\/p>\n<p><span style=\"font-weight: 400;\">Sosial \u015f\u0259b\u0259k\u0259l\u0259rd\u0259 is\u0259 n\u00f6vb\u0259ti art\u0131mla ba\u011fl\u0131 x\u0259b\u0259r sevinc deyil, ironiya v\u0259 h\u0259y\u0259canla qar\u015f\u0131land\u0131. <\/span><\/p>\n<p><strong>B\u0259zi \u015f\u0259rhl\u0259r: <\/strong><\/p>\n<p style=\"padding-left: 30px;\"><em><span style=\"font-weight: 400;\">\u201cCamaat bu q\u0259d\u0259r pulu nec\u0259 x\u0259rcl\u0259yib qurtaracaq!\u201d. <\/span><\/em><\/p>\n<p style=\"padding-left: 30px;\"><em><span style=\"font-weight: 400;\">\u201cQiym\u0259tl\u0259r d\u0259 az qala h\u0259r g\u00fcn art\u0131r\u201d<\/span><\/em><\/p>\n<p style=\"padding-left: 30px;\"><em><span style=\"font-weight: 400;\">\u201c\u0130ndi d\u0259 y\u0259qin dollar bahala\u015facaq\u201d. <\/span><\/em><\/p>\n<p><span style=\"font-weight: 400;\">\u0130qtisad\u00e7\u0131 Natiq C\u0259f\u0259rli d\u0259 narahatd\u0131r ki, maa\u015f art\u0131m\u0131 inflyasiya v\u0259 devalvasiyaya g\u0259tirib \u00e7\u0131xara bil\u0259r. \u0130ndiki art\u0131r\u0131lm\u0131\u015f maa\u015f\u0131 2015-ci ild\u0259 devalvasiyadan \u0259vv\u0259lki \u0259m\u0259khaqq\u0131 il\u0259 m\u00fcqayis\u0259 ed\u0259nd\u0259 is\u0259 C\u0259f\u0259rli onun dollar ekvivalentind\u0259 daha az olmas\u0131na diqq\u0259t \u00e7\u0259kir. \u00a0<\/span><\/p>\n<p><div class=\"su-divider su-divider-style-default\" style=\"margin:15px 0;border-width:3px;border-color:#999999\"><a href=\"#\" style=\"color:#999999\">Go to top<\/a><\/div> <\/p>\n<p><\/p>\n","protected":false},"excerpt":{"rendered":"<p>Art\u0131q muzdlu i\u015f\u00e7il\u0259r\u0259 ayda $148-d\u0259n az verm\u0259k olmaz<\/p>\n","protected":false},"author":3,"featured_media":22260,"comment_status":"open","ping_status":"open","sticky":false,"template":"","format":"standard","meta":{"_acf_changed":false,"footnotes":""},"categories":[17,2,25,50],"tags":[18,256,257,93,258,94,95,259,260,261,262,263,204,101,146,147,148,96,152,153,57,58,154,155,157],"formation":[],"post-author":[],"topic":[],"tooltip":[],"city":[],"class_list":["post-11141","post","type-post","status-publish","format-standard","has-post-thumbnail","hentry","category-azrbaycan","category-cografiya","category-cmiyyt","category-xbrlr","tag-azrbaycan","tag-azrbaycan-bu-gun","tag-azrbaycan-trafinda-xbrlr","tag-azrbaycan-harada-yerlsir","tag-azrbaycan-hokumti","tag-azrbaycan-xbrlri","tag-azrbaycanda-hara-sfr-etmli","tag-azrbaycanda-n-bas-verir","tag-azrbaycanda-siyast","tag-azrbaycanda-vziyyt","tag-azrbaycandan-hekaylr","tag-azrbaycandan-xbrlr","tag-baki","tag-qafqaz","tag-qafqaz-bu-gun","tag-qafqaz-cmiyyti","tag-qafqaz-trafinda-xbrlr","tag-qafqaz-iqtisadiyyati","tag-qafqaz-xbrlri","tag-qafqazda-hyat","tag-qafqazda-siyast","tag-qafqazdaki-munaqislr","tag-qafqazin-tarixi","tag-rngli-qafqaz","tag-xbrlr"],"acf":[],"yoast_head":"<!-- This site is optimized with the Yoast SEO plugin v24.1 - https:\/\/yoast.com\/wordpress\/plugins\/seo\/ -->\n<title>Az\u0259rbaycanda minimum \u0259m\u0259khaqq\u0131 $41, minimum pensiya is\u0259 $23 art\u0131r\u0131l\u0131b - JAMnews<\/title>\n<meta name=\"robots\" content=\"index, follow, max-snippet:-1, max-image-preview:large, max-video-preview:-1\" \/>\n<link rel=\"canonical\" href=\"https:\/\/jam-news.net\/az\/az\u0259rbaycanda-minimum-\u0259m\u0259khaqqi-41-minimum-pensiya-is\u0259-23-artirilib\/\" \/>\n<meta property=\"og:locale\" content=\"az_AZ\" \/>\n<meta property=\"og:type\" content=\"article\" \/>\n<meta property=\"og:title\" content=\"Az\u0259rbaycanda minimum \u0259m\u0259khaqq\u0131 $41, minimum pensiya is\u0259 $23 art\u0131r\u0131l\u0131b - JAMnews\" \/>\n<meta property=\"og:description\" content=\"Art\u0131q muzdlu i\u015f\u00e7il\u0259r\u0259 ayda $148-d\u0259n az verm\u0259k olmaz\" \/>\n<meta property=\"og:url\" content=\"https:\/\/jam-news.net\/az\/az\u0259rbaycanda-minimum-\u0259m\u0259khaqqi-41-minimum-pensiya-is\u0259-23-artirilib\/\" \/>\n<meta property=\"og:site_name\" content=\"Azerbaijani Jamnews\" \/>\n<meta property=\"article:publisher\" content=\"https:\/\/www.facebook.com\/JAMnewsInEnglish\/\" \/>\n<meta property=\"article:published_time\" content=\"2019-06-19T00:00:00+00:00\" \/>\n<meta property=\"article:modified_time\" content=\"2020-03-18T12:29:35+00:00\" \/>\n<meta property=\"og:image\" content=\"https:\/\/jam-news.net\/app\/uploads\/2020\/03\/64422606_2246716362044341_7612289749260173312_n-3.jpg\" \/>\n\t<meta property=\"og:image:width\" content=\"2048\" \/>\n\t<meta property=\"og:image:height\" content=\"1365\" \/>\n\t<meta property=\"og:image:type\" content=\"image\/jpeg\" \/>\n<meta name=\"author\" content=\"JAMnews\" \/>\n<meta name=\"twitter:card\" content=\"summary_large_image\" \/>\n<meta name=\"twitter:creator\" content=\"@JAMnewsCaucasus\" \/>\n<meta name=\"twitter:site\" content=\"@JAMnewsCaucasus\" \/>\n<meta name=\"twitter:label1\" content=\"Written by\" \/>\n\t<meta name=\"twitter:data1\" content=\"JAMnews\" \/>\n\t<meta name=\"twitter:label2\" content=\"Est. reading time\" \/>\n\t<meta name=\"twitter:data2\" content=\"2 minutes\" \/>\n<script type=\"application\/ld+json\" class=\"yoast-schema-graph\">{\"@context\":\"https:\/\/schema.org\",\"@graph\":[{\"@type\":\"Article\",\"@id\":\"https:\/\/jam-news.net\/az\/az%c9%99rbaycanda-minimum-%c9%99m%c9%99khaqqi-41-minimum-pensiya-is%c9%99-23-artirilib\/#article\",\"isPartOf\":{\"@id\":\"https:\/\/jam-news.net\/az\/az%c9%99rbaycanda-minimum-%c9%99m%c9%99khaqqi-41-minimum-pensiya-is%c9%99-23-artirilib\/\"},\"author\":{\"name\":\"JAMnews\",\"@id\":\"https:\/\/jam-news.net\/az\/#\/schema\/person\/67df3bb7adb46cd513fb9c4cb02361c6\"},\"headline\":\"Az\u0259rbaycanda minimum \u0259m\u0259khaqq\u0131 $41, minimum pensiya is\u0259 $23 art\u0131r\u0131l\u0131b\",\"datePublished\":\"2019-06-19T00:00:00+00:00\",\"dateModified\":\"2020-03-18T12:29:35+00:00\",\"mainEntityOfPage\":{\"@id\":\"https:\/\/jam-news.net\/az\/az%c9%99rbaycanda-minimum-%c9%99m%c9%99khaqqi-41-minimum-pensiya-is%c9%99-23-artirilib\/\"},\"wordCount\":368,\"commentCount\":0,\"publisher\":{\"@id\":\"https:\/\/jam-news.net\/az\/#organization\"},\"image\":{\"@id\":\"https:\/\/jam-news.net\/az\/az%c9%99rbaycanda-minimum-%c9%99m%c9%99khaqqi-41-minimum-pensiya-is%c9%99-23-artirilib\/#primaryimage\"},\"thumbnailUrl\":\"https:\/\/jam-news.net\/app\/uploads\/2020\/03\/64422606_2246716362044341_7612289749260173312_n-3.jpg\",\"keywords\":[\"Az\u0259rbaycan\",\"Az\u0259rbaycan bu g\u00fcn\",\"Az\u0259rbaycan \u0259traf\u0131nda x\u0259b\u0259rl\u0259r\",\"Az\u0259rbaycan harada yerl\u0259\u015fir\",\"Az\u0259rbaycan h\u00f6kum\u0259ti\",\"Az\u0259rbaycan x\u0259b\u0259rl\u0259ri\",\"Az\u0259rbaycanda hara s\u0259f\u0259r etm\u0259li\",\"Az\u0259rbaycanda n\u0259 ba\u015f verir\",\"Az\u0259rbaycanda siyas\u0259t\",\"Az\u0259rbaycanda v\u0259ziyy\u0259t\",\"Az\u0259rbaycandan hekay\u0259l\u0259r\",\"Az\u0259rbaycandan x\u0259b\u0259rl\u0259r\",\"Bak\u0131\",\"Qafqaz\",\"Qafqaz bu g\u00fcn\",\"Qafqaz c\u0259miyy\u0259ti\",\"Qafqaz \u0259traf\u0131nda x\u0259b\u0259rl\u0259r\",\"Qafqaz iqtisadiyyat\u0131\",\"Qafqaz x\u0259b\u0259rl\u0259ri\",\"Qafqazda h\u0259yat\",\"Qafqazda siyas\u0259t\",\"Qafqazdak\u0131 m\u00fcnaqi\u015f\u0259l\u0259r\",\"Qafqaz\u0131n tarixi\",\"r\u0259ngli Qafqaz\",\"X\u0259b\u0259rl\u0259r\"],\"articleSection\":[\"Azerbaijan\",\"Geography\",\"Issues\",\"News\"],\"inLanguage\":\"az\"},{\"@type\":\"WebPage\",\"@id\":\"https:\/\/jam-news.net\/az\/az%c9%99rbaycanda-minimum-%c9%99m%c9%99khaqqi-41-minimum-pensiya-is%c9%99-23-artirilib\/\",\"url\":\"https:\/\/jam-news.net\/az\/az%c9%99rbaycanda-minimum-%c9%99m%c9%99khaqqi-41-minimum-pensiya-is%c9%99-23-artirilib\/\",\"name\":\"Az\u0259rbaycanda minimum \u0259m\u0259khaqq\u0131 $41, minimum pensiya is\u0259 $23 art\u0131r\u0131l\u0131b - JAMnews\",\"isPartOf\":{\"@id\":\"https:\/\/jam-news.net\/az\/#website\"},\"primaryImageOfPage\":{\"@id\":\"https:\/\/jam-news.net\/az\/az%c9%99rbaycanda-minimum-%c9%99m%c9%99khaqqi-41-minimum-pensiya-is%c9%99-23-artirilib\/#primaryimage\"},\"image\":{\"@id\":\"https:\/\/jam-news.net\/az\/az%c9%99rbaycanda-minimum-%c9%99m%c9%99khaqqi-41-minimum-pensiya-is%c9%99-23-artirilib\/#primaryimage\"},\"thumbnailUrl\":\"https:\/\/jam-news.net\/app\/uploads\/2020\/03\/64422606_2246716362044341_7612289749260173312_n-3.jpg\",\"datePublished\":\"2019-06-19T00:00:00+00:00\",\"dateModified\":\"2020-03-18T12:29:35+00:00\",\"breadcrumb\":{\"@id\":\"https:\/\/jam-news.net\/az\/az%c9%99rbaycanda-minimum-%c9%99m%c9%99khaqqi-41-minimum-pensiya-is%c9%99-23-artirilib\/#breadcrumb\"},\"inLanguage\":\"az\",\"potentialAction\":[{\"@type\":\"ReadAction\",\"target\":[\"https:\/\/jam-news.net\/az\/az%c9%99rbaycanda-minimum-%c9%99m%c9%99khaqqi-41-minimum-pensiya-is%c9%99-23-artirilib\/\"]}]},{\"@type\":\"ImageObject\",\"inLanguage\":\"az\",\"@id\":\"https:\/\/jam-news.net\/az\/az%c9%99rbaycanda-minimum-%c9%99m%c9%99khaqqi-41-minimum-pensiya-is%c9%99-23-artirilib\/#primaryimage\",\"url\":\"https:\/\/jam-news.net\/app\/uploads\/2020\/03\/64422606_2246716362044341_7612289749260173312_n-3.jpg\",\"contentUrl\":\"https:\/\/jam-news.net\/app\/uploads\/2020\/03\/64422606_2246716362044341_7612289749260173312_n-3.jpg\",\"width\":2048,\"height\":1365},{\"@type\":\"BreadcrumbList\",\"@id\":\"https:\/\/jam-news.net\/az\/az%c9%99rbaycanda-minimum-%c9%99m%c9%99khaqqi-41-minimum-pensiya-is%c9%99-23-artirilib\/#breadcrumb\",\"itemListElement\":[{\"@type\":\"ListItem\",\"position\":1,\"name\":\"Home\",\"item\":\"https:\/\/jam-news.net\/az\/\"},{\"@type\":\"ListItem\",\"position\":2,\"name\":\"Az\u0259rbaycanda minimum \u0259m\u0259khaqq\u0131 $41, minimum pensiya is\u0259 $23 art\u0131r\u0131l\u0131b\"}]},{\"@type\":\"WebSite\",\"@id\":\"https:\/\/jam-news.net\/az\/#website\",\"url\":\"https:\/\/jam-news.net\/az\/\",\"name\":\"Azerbaijani Jamnews\",\"description\":\"Caucasus News, Politics and Society\",\"publisher\":{\"@id\":\"https:\/\/jam-news.net\/az\/#organization\"},\"potentialAction\":[{\"@type\":\"SearchAction\",\"target\":{\"@type\":\"EntryPoint\",\"urlTemplate\":\"https:\/\/jam-news.net\/az\/?s={search_term_string}\"},\"query-input\":{\"@type\":\"PropertyValueSpecification\",\"valueRequired\":true,\"valueName\":\"search_term_string\"}}],\"inLanguage\":\"az\"},{\"@type\":\"Organization\",\"@id\":\"https:\/\/jam-news.net\/az\/#organization\",\"name\":\"JAMnews\",\"url\":\"https:\/\/jam-news.net\/az\/\",\"logo\":{\"@type\":\"ImageObject\",\"inLanguage\":\"az\",\"@id\":\"https:\/\/jam-news.net\/az\/#\/schema\/logo\/image\/\",\"url\":\"https:\/\/jam-news.net\/app\/uploads\/2020\/05\/JAM_w.jpg\",\"contentUrl\":\"https:\/\/jam-news.net\/app\/uploads\/2020\/05\/JAM_w.jpg\",\"width\":960,\"height\":960,\"caption\":\"JAMnews\"},\"image\":{\"@id\":\"https:\/\/jam-news.net\/az\/#\/schema\/logo\/image\/\"},\"sameAs\":[\"https:\/\/www.facebook.com\/JAMnewsInEnglish\/\",\"https:\/\/x.com\/JAMnewsCaucasus\",\"https:\/\/www.instagram.com\/jam_news\/\",\"https:\/\/www.youtube.com\/channel\/UCXQbUCme2pykuZYXWHx4VPg\"]},{\"@type\":\"Person\",\"@id\":\"https:\/\/jam-news.net\/az\/#\/schema\/person\/67df3bb7adb46cd513fb9c4cb02361c6\",\"name\":\"JAMnews\",\"image\":{\"@type\":\"ImageObject\",\"inLanguage\":\"az\",\"@id\":\"https:\/\/jam-news.net\/az\/#\/schema\/person\/image\/\",\"url\":\"https:\/\/secure.gravatar.com\/avatar\/e5c27593ef900c3ab3deed4ed1c653d7?s=96&d=mm&r=g\",\"contentUrl\":\"https:\/\/secure.gravatar.com\/avatar\/e5c27593ef900c3ab3deed4ed1c653d7?s=96&d=mm&r=g\",\"caption\":\"JAMnews\"},\"url\":\"https:\/\/jam-news.net\/az\/author\/margarita\/\"}]}<\/script>\n<!-- \/ Yoast SEO plugin. -->","yoast_head_json":{"title":"Az\u0259rbaycanda minimum \u0259m\u0259khaqq\u0131 $41, minimum pensiya is\u0259 $23 art\u0131r\u0131l\u0131b - JAMnews","robots":{"index":"index","follow":"follow","max-snippet":"max-snippet:-1","max-image-preview":"max-image-preview:large","max-video-preview":"max-video-preview:-1"},"canonical":"https:\/\/jam-news.net\/az\/az\u0259rbaycanda-minimum-\u0259m\u0259khaqqi-41-minimum-pensiya-is\u0259-23-artirilib\/","og_locale":"az_AZ","og_type":"article","og_title":"Az\u0259rbaycanda minimum \u0259m\u0259khaqq\u0131 $41, minimum pensiya is\u0259 $23 art\u0131r\u0131l\u0131b - JAMnews","og_description":"Art\u0131q muzdlu i\u015f\u00e7il\u0259r\u0259 ayda $148-d\u0259n az verm\u0259k olmaz","og_url":"https:\/\/jam-news.net\/az\/az\u0259rbaycanda-minimum-\u0259m\u0259khaqqi-41-minimum-pensiya-is\u0259-23-artirilib\/","og_site_name":"Azerbaijani Jamnews","article_publisher":"https:\/\/www.facebook.com\/JAMnewsInEnglish\/","article_published_time":"2019-06-19T00:00:00+00:00","article_modified_time":"2020-03-18T12:29:35+00:00","og_image":[{"width":2048,"height":1365,"url":"https:\/\/jam-news.net\/app\/uploads\/2020\/03\/64422606_2246716362044341_7612289749260173312_n-3.jpg","type":"image\/jpeg"}],"author":"JAMnews","twitter_card":"summary_large_image","twitter_creator":"@JAMnewsCaucasus","twitter_site":"@JAMnewsCaucasus","twitter_misc":{"Written by":"JAMnews","Est. reading time":"2 minutes"},"schema":{"@context":"https:\/\/schema.org","@graph":[{"@type":"Article","@id":"https:\/\/jam-news.net\/az\/az%c9%99rbaycanda-minimum-%c9%99m%c9%99khaqqi-41-minimum-pensiya-is%c9%99-23-artirilib\/#article","isPartOf":{"@id":"https:\/\/jam-news.net\/az\/az%c9%99rbaycanda-minimum-%c9%99m%c9%99khaqqi-41-minimum-pensiya-is%c9%99-23-artirilib\/"},"author":{"name":"JAMnews","@id":"https:\/\/jam-news.net\/az\/#\/schema\/person\/67df3bb7adb46cd513fb9c4cb02361c6"},"headline":"Az\u0259rbaycanda minimum \u0259m\u0259khaqq\u0131 $41, minimum pensiya is\u0259 $23 art\u0131r\u0131l\u0131b","datePublished":"2019-06-19T00:00:00+00:00","dateModified":"2020-03-18T12:29:35+00:00","mainEntityOfPage":{"@id":"https:\/\/jam-news.net\/az\/az%c9%99rbaycanda-minimum-%c9%99m%c9%99khaqqi-41-minimum-pensiya-is%c9%99-23-artirilib\/"},"wordCount":368,"commentCount":0,"publisher":{"@id":"https:\/\/jam-news.net\/az\/#organization"},"image":{"@id":"https:\/\/jam-news.net\/az\/az%c9%99rbaycanda-minimum-%c9%99m%c9%99khaqqi-41-minimum-pensiya-is%c9%99-23-artirilib\/#primaryimage"},"thumbnailUrl":"https:\/\/jam-news.net\/app\/uploads\/2020\/03\/64422606_2246716362044341_7612289749260173312_n-3.jpg","keywords":["Az\u0259rbaycan","Az\u0259rbaycan bu g\u00fcn","Az\u0259rbaycan \u0259traf\u0131nda x\u0259b\u0259rl\u0259r","Az\u0259rbaycan harada yerl\u0259\u015fir","Az\u0259rbaycan h\u00f6kum\u0259ti","Az\u0259rbaycan x\u0259b\u0259rl\u0259ri","Az\u0259rbaycanda hara s\u0259f\u0259r etm\u0259li","Az\u0259rbaycanda n\u0259 ba\u015f verir","Az\u0259rbaycanda siyas\u0259t","Az\u0259rbaycanda v\u0259ziyy\u0259t","Az\u0259rbaycandan hekay\u0259l\u0259r","Az\u0259rbaycandan x\u0259b\u0259rl\u0259r","Bak\u0131","Qafqaz","Qafqaz bu g\u00fcn","Qafqaz c\u0259miyy\u0259ti","Qafqaz \u0259traf\u0131nda x\u0259b\u0259rl\u0259r","Qafqaz iqtisadiyyat\u0131","Qafqaz x\u0259b\u0259rl\u0259ri","Qafqazda h\u0259yat","Qafqazda siyas\u0259t","Qafqazdak\u0131 m\u00fcnaqi\u015f\u0259l\u0259r","Qafqaz\u0131n tarixi","r\u0259ngli Qafqaz","X\u0259b\u0259rl\u0259r"],"articleSection":["Azerbaijan","Geography","Issues","News"],"inLanguage":"az"},{"@type":"WebPage","@id":"https:\/\/jam-news.net\/az\/az%c9%99rbaycanda-minimum-%c9%99m%c9%99khaqqi-41-minimum-pensiya-is%c9%99-23-artirilib\/","url":"https:\/\/jam-news.net\/az\/az%c9%99rbaycanda-minimum-%c9%99m%c9%99khaqqi-41-minimum-pensiya-is%c9%99-23-artirilib\/","name":"Az\u0259rbaycanda minimum \u0259m\u0259khaqq\u0131 $41, minimum pensiya is\u0259 $23 art\u0131r\u0131l\u0131b - JAMnews","isPartOf":{"@id":"https:\/\/jam-news.net\/az\/#website"},"primaryImageOfPage":{"@id":"https:\/\/jam-news.net\/az\/az%c9%99rbaycanda-minimum-%c9%99m%c9%99khaqqi-41-minimum-pensiya-is%c9%99-23-artirilib\/#primaryimage"},"image":{"@id":"https:\/\/jam-news.net\/az\/az%c9%99rbaycanda-minimum-%c9%99m%c9%99khaqqi-41-minimum-pensiya-is%c9%99-23-artirilib\/#primaryimage"},"thumbnailUrl":"https:\/\/jam-news.net\/app\/uploads\/2020\/03\/64422606_2246716362044341_7612289749260173312_n-3.jpg","datePublished":"2019-06-19T00:00:00+00:00","dateModified":"2020-03-18T12:29:35+00:00","breadcrumb":{"@id":"https:\/\/jam-news.net\/az\/az%c9%99rbaycanda-minimum-%c9%99m%c9%99khaqqi-41-minimum-pensiya-is%c9%99-23-artirilib\/#breadcrumb"},"inLanguage":"az","potentialAction":[{"@type":"ReadAction","target":["https:\/\/jam-news.net\/az\/az%c9%99rbaycanda-minimum-%c9%99m%c9%99khaqqi-41-minimum-pensiya-is%c9%99-23-artirilib\/"]}]},{"@type":"ImageObject","inLanguage":"az","@id":"https:\/\/jam-news.net\/az\/az%c9%99rbaycanda-minimum-%c9%99m%c9%99khaqqi-41-minimum-pensiya-is%c9%99-23-artirilib\/#primaryimage","url":"https:\/\/jam-news.net\/app\/uploads\/2020\/03\/64422606_2246716362044341_7612289749260173312_n-3.jpg","contentUrl":"https:\/\/jam-news.net\/app\/uploads\/2020\/03\/64422606_2246716362044341_7612289749260173312_n-3.jpg","width":2048,"height":1365},{"@type":"BreadcrumbList","@id":"https:\/\/jam-news.net\/az\/az%c9%99rbaycanda-minimum-%c9%99m%c9%99khaqqi-41-minimum-pensiya-is%c9%99-23-artirilib\/#breadcrumb","itemListElement":[{"@type":"ListItem","position":1,"name":"Home","item":"https:\/\/jam-news.net\/az\/"},{"@type":"ListItem","position":2,"name":"Az\u0259rbaycanda minimum \u0259m\u0259khaqq\u0131 $41, minimum pensiya is\u0259 $23 art\u0131r\u0131l\u0131b"}]},{"@type":"WebSite","@id":"https:\/\/jam-news.net\/az\/#website","url":"https:\/\/jam-news.net\/az\/","name":"Azerbaijani Jamnews","description":"Caucasus News, Politics and Society","publisher":{"@id":"https:\/\/jam-news.net\/az\/#organization"},"potentialAction":[{"@type":"SearchAction","target":{"@type":"EntryPoint","urlTemplate":"https:\/\/jam-news.net\/az\/?s={search_term_string}"},"query-input":{"@type":"PropertyValueSpecification","valueRequired":true,"valueName":"search_term_string"}}],"inLanguage":"az"},{"@type":"Organization","@id":"https:\/\/jam-news.net\/az\/#organization","name":"JAMnews","url":"https:\/\/jam-news.net\/az\/","logo":{"@type":"ImageObject","inLanguage":"az","@id":"https:\/\/jam-news.net\/az\/#\/schema\/logo\/image\/","url":"https:\/\/jam-news.net\/app\/uploads\/2020\/05\/JAM_w.jpg","contentUrl":"https:\/\/jam-news.net\/app\/uploads\/2020\/05\/JAM_w.jpg","width":960,"height":960,"caption":"JAMnews"},"image":{"@id":"https:\/\/jam-news.net\/az\/#\/schema\/logo\/image\/"},"sameAs":["https:\/\/www.facebook.com\/JAMnewsInEnglish\/","https:\/\/x.com\/JAMnewsCaucasus","https:\/\/www.instagram.com\/jam_news\/","https:\/\/www.youtube.com\/channel\/UCXQbUCme2pykuZYXWHx4VPg"]},{"@type":"Person","@id":"https:\/\/jam-news.net\/az\/#\/schema\/person\/67df3bb7adb46cd513fb9c4cb02361c6","name":"JAMnews","image":{"@type":"ImageObject","inLanguage":"az","@id":"https:\/\/jam-news.net\/az\/#\/schema\/person\/image\/","url":"https:\/\/secure.gravatar.com\/avatar\/e5c27593ef900c3ab3deed4ed1c653d7?s=96&d=mm&r=g","contentUrl":"https:\/\/secure.gravatar.com\/avatar\/e5c27593ef900c3ab3deed4ed1c653d7?s=96&d=mm&r=g","caption":"JAMnews"},"url":"https:\/\/jam-news.net\/az\/author\/margarita\/"}]}},"_links":{"self":[{"href":"https:\/\/jam-news.net\/az\/wp-json\/wp\/v2\/posts\/11141","targetHints":{"allow":["GET"]}}],"collection":[{"href":"https:\/\/jam-news.net\/az\/wp-json\/wp\/v2\/posts"}],"about":[{"href":"https:\/\/jam-news.net\/az\/wp-json\/wp\/v2\/types\/post"}],"author":[{"embeddable":true,"href":"https:\/\/jam-news.net\/az\/wp-json\/wp\/v2\/users\/3"}],"replies":[{"embeddable":true,"href":"https:\/\/jam-news.net\/az\/wp-json\/wp\/v2\/comments?post=11141"}],"version-history":[{"count":1,"href":"https:\/\/jam-news.net\/az\/wp-json\/wp\/v2\/posts\/11141\/revisions"}],"predecessor-version":[{"id":16906,"href":"https:\/\/jam-news.net\/az\/wp-json\/wp\/v2\/posts\/11141\/revisions\/16906"}],"wp:featuredmedia":[{"embeddable":true,"href":"https:\/\/jam-news.net\/az\/wp-json\/wp\/v2\/media\/22260"}],"wp:attachment":[{"href":"https:\/\/jam-news.net\/az\/wp-json\/wp\/v2\/media?parent=11141"}],"wp:term":[{"taxonomy":"category","embeddable":true,"href":"https:\/\/jam-news.net\/az\/wp-json\/wp\/v2\/categories?post=11141"},{"taxonomy":"post_tag","embeddable":true,"href":"https:\/\/jam-news.net\/az\/wp-json\/wp\/v2\/tags?post=11141"},{"taxonomy":"formation","embeddable":true,"href":"https:\/\/jam-news.net\/az\/wp-json\/wp\/v2\/formation?post=11141"},{"taxonomy":"post-author","embeddable":true,"href":"https:\/\/jam-news.net\/az\/wp-json\/wp\/v2\/post-author?post=11141"},{"taxonomy":"topic","embeddable":true,"href":"https:\/\/jam-news.net\/az\/wp-json\/wp\/v2\/topic?post=11141"},{"taxonomy":"tooltip","embeddable":true,"href":"https:\/\/jam-news.net\/az\/wp-json\/wp\/v2\/tooltip?post=11141"},{"taxonomy":"city","embeddable":true,"href":"https:\/\/jam-news.net\/az\/wp-json\/wp\/v2\/city?post=11141"}],"curies":[{"name":"wp","href":"https:\/\/api.w.org\/{rel}","templated":true}]}}