{"id":11102,"date":"2019-06-14T00:00:00","date_gmt":"2019-06-13T20:00:00","guid":{"rendered":"http:\/\/jam-news.net\/az\/gurcustanin-kecmis-prezidenti-ukraynada-deputat-olmaga-hazirlasir\/"},"modified":"2021-11-05T15:48:04","modified_gmt":"2021-11-05T11:48:04","slug":"gurcustanin-kecmis-prezidenti-ukraynada-deputat-olmaga-hazirlasir","status":"publish","type":"post","link":"https:\/\/jam-news.net\/az\/gurcustanin-kecmis-prezidenti-ukraynada-deputat-olmaga-hazirlasir\/","title":{"rendered":"G\u00fcrc\u00fcstan\u0131n ke\u00e7mi\u015f prezidenti Ukraynada deputat olma\u011fa haz\u0131rla\u015f\u0131r"},"content":{"rendered":"<p><span style=\"font-weight: 400;\">G\u00fcrc\u00fcstan\u0131n ke\u00e7mi\u015f prezidenti \u2013 \u201cYeni q\u00fcvv\u0259l\u0259r h\u0259r\u0259kat\u0131\u201d partiyas\u0131n\u0131n lideri Mixail Saaka\u015fvili iyulun 21-d\u0259 Ukraynada ke\u00e7iril\u0259c\u0259k n\u00f6vb\u0259d\u0259nk\u0259nar parlament se\u00e7kil\u0259rind\u0259 i\u015ftirak etm\u0259y\u0259 haz\u0131rla\u015f\u0131r. <em><strong>\u201c<\/strong><\/em><\/span><em><strong><a href=\"https:\/\/hromadske.ua\/ru\/posts\/saakashvili-obratitsya-v-sud-esli-cik-ne-zaregistriruet-ego-kandidatom-v-deputaty\" target=\"_blank\" rel=\"noopener noreferrer\">Qromadskoe<\/a><\/strong><\/em><span style=\"font-weight: 400;\"><em><strong>\u201d<\/strong> <\/em>x\u0259b\u0259r verir ki, M\u0259rk\u0259zi Se\u00e7ki Komissiyas\u0131n\u0131n namiz\u0259dliyini qeydiyyata almayaca\u011f\u0131 t\u0259qdird\u0259 o, m\u0259hk\u0259m\u0259y\u0259 m\u00fcraci\u0259t etm\u0259k niyy\u0259tind\u0259dir. \u0130yunun 13-d\u0259 Saaka\u015fvili partiyas\u0131n\u0131n se\u00e7ki siyah\u0131s\u0131n\u0131 t\u0259qdim edib v\u0259 siyah\u0131da \u00f6z\u00fc birinci yerd\u0259dir.<\/span><\/p>\n<p class=\"PostContent-leadText\"><span style=\"font-weight: 400;\">.<\/span><a href=\"https:\/\/jam-news.net\/gurcu-saakasvilinin-ukraynalidan-dord-f%C9%99rqi\/?lang=az-AZ\" target=\"_blank\" rel=\"noopener noreferrer\"><b>\u2022<span style=\"text-decoration: underline;\">\u00a0\u201cG\u00fcrc\u00fcstanl\u0131\u201d Saaka\u015fvilinin \u201cukraynal\u0131\u201d Saka\u015fvilid\u0259n d\u00f6rd f\u0259rqi<\/span><\/b><\/a><\/p>\n<p><span style=\"font-weight: 400;\">Qanuna \u0259sas\u0259n, se\u00e7kil\u0259rd\u0259n \u0259vv\u0259l son be\u015f il \u0259rzind\u0259 Ukrayna \u0259razisind\u0259 daimi ya\u015fam\u0131\u015f \u00f6lk\u0259 v\u0259t\u0259nda\u015flar\u0131 deputatl\u0131\u011fa namiz\u0259dlikl\u0259rini ir\u0259li s\u00fcr\u0259 bil\u0259rl\u0259r. M\u0259lum oldu\u011fu kimi, prezident Poro\u015fenko onu v\u0259t\u0259nda\u015fl\u0131qdan m\u0259hrum v\u0259 \u00f6lk\u0259d\u0259n xaric etdikd\u0259n sonra (2018-ci ilin fevral\u0131ndan 2019-cu ilin may\u0131na q\u0259d\u0259r) Saaka\u015fvili Ukraynada olmay\u0131b.<\/span><\/p>\n<p><figure id=\"attachment_177422\" aria-describedby=\"caption-attachment-177422\" style=\"width: 1200px\" class=\"wp-caption alignnone\"><img loading=\"lazy\" decoding=\"async\" class=\"size-full wp-image-177422\" src=\"http:\/\/jam-news.net\/app\/uploads\/2019\/06\/RTX6X1KE.jpg\" alt=\"\" width=\"1200\" height=\"809\" \/><figcaption id=\"caption-attachment-177422\" class=\"wp-caption-text\"><span style=\"color: #666699;\"><em><i><span style=\"font-weight: 400;\">Mixail Saaka\u015fvili Ukraynaya qay\u0131td\u0131qdan d\u0259rhal sonra Kiyev hava liman\u0131nda. 29 may 2019-cu il. REUTERS\/Gleb Garanich<\/span><\/i><\/em><\/span><\/figcaption><\/figure><\/p>\n<div><\/div>\n<p><span style=\"font-weight: 400;\">Saaka\u015fvili hesab edir ki, onun \u00f6lk\u0259d\u0259 olmamas\u0131n\u0131 m\u0259cburi kimi qiym\u0259tl\u0259ndirm\u0259k olar, bel\u0259 ki, bu, \u00fczrl\u00fc s\u0259b\u0259bl\u0259rd\u0259n ba\u015f verib. M\u00fcvafiq olaraq, o, bu hal\u0131 Radaya getm\u0259k \u00fc\u00e7\u00fcn mane\u0259 hesab etmir.<\/span><\/p>\n<p style=\"padding-left: 30px;\"><i><span style=\"font-weight: 400;\">\u00abUkrayna prezidenti Zelenski \u00f6z\u00fcnd\u0259n \u0259vv\u0259lki d\u00f6vl\u0259t ba\u015f\u00e7\u0131s\u0131n\u0131n f\u0259rman\u0131n\u0131 l\u0259\u011fv edib v\u0259 etiraf edib ki, bu, qanunsuz olub. \u018fg\u0259r bu, qanunsuz olubsa, \u00f6lk\u0259d\u0259 olmama\u011f\u0131m da eynil\u0259 qanunsuz olub. Qanunsuzdursa, \u00fczrl\u00fcd\u00fcr. Ba\u015fqa s\u00f6zl\u0259, \u0259g\u0259r MSK m\u0259ni qeydiyyata almasa, \u00fcmid edir\u0259m ki, m\u0259hk\u0259m\u0259 bu m\u0259s\u0259l\u0259ni h\u0259ll ed\u0259c\u0259k\u00bb<\/span><\/i><span style=\"font-weight: 400;\">, \u2014 o bildirib.<\/span><\/p>\n<p>\n    <div class=\"bd_notification notification_info\">\n      <i><\/i><\/p>\n<p><span style=\"font-weight: 400; color: #000000;\">G\u00fcrc\u00fcstan\u0131n ke\u00e7mi\u015f prezidenti Ukraynaya may\u0131n 29-da, Ukraynan\u0131n yeni prezidenti Vladimir Zelenski onun Ukrayna v\u0259t\u0259nda\u015fl\u0131\u011f\u0131n\u0131 b\u0259rpa etdikd\u0259n sonra qay\u0131d\u0131b.<\/span><\/p>\n<p>&nbsp;<\/p>\n<p><span style=\"font-weight: 400; color: #000000;\">G\u00fcrc\u00fcstan\u0131n ke\u00e7mi\u015f prezidentin\u0259 Ukrayna v\u0259t\u0259nda\u015fl\u0131\u011f\u0131n\u0131 2015-ci ild\u0259 Ukrayna prezidenti Pyotr Poro\u015fenko t\u0259qdim edib v\u0259 o zaman Saaka\u015fvili Odessa vilay\u0259tinin qubernatoru t\u0259yin edilib. 2016-c\u0131 ilin sonlar\u0131nda Saaka\u015fvili istefa verib v\u0259 Poro\u015fenkonu korrupsiyada v\u0259 islahatlar\u0131 ke\u00e7irm\u0259k ist\u0259m\u0259m\u0259kd\u0259 ittiham edib.<\/span><\/p>\n<p>&nbsp;<\/p>\n<p><span style=\"font-weight: 400; color: #000000;\">Saaka\u015fvili \u00f6z partiyas\u0131n\u0131 yaratd\u0131\u011f\u0131n\u0131 v\u0259 m\u00fcxalif\u0259t\u0259 ke\u00e7diyini elan edib. 2017-ci ilin iyulunda prezident Poro\u015fenko Saaka\u015fvilini Ukrayna v\u0259t\u0259nda\u015fl\u0131\u011f\u0131ndan m\u0259hrum edib. Bu q\u0259rara s\u0259b\u0259b kimi Saaka\u015fvili v\u0259t\u0259nda\u015fl\u0131q alark\u0259n G\u00fcrc\u00fcstanda ona qar\u015f\u0131 ba\u015flanm\u0131\u015f cinay\u0259t i\u015fl\u0259ri bar\u0259d\u0259 m\u0259lumat\u0131 guya gizl\u0259tm\u0259si g\u00f6st\u0259rilib.<\/span><\/p>\n<p>&nbsp;<\/p>\n<p><span style=\"font-weight: 400; color: #000000;\">2018-ci ilin fevral\u0131nda Mizail Saaka\u015fvili Ukraynadan Pol\u015faya deportasiya olunub.<\/span><\/p>\n<p>\n    <\/div>\n    <\/p>\n<p>[\/notification]<\/p>\n<p><\/p>\n","protected":false},"excerpt":{"rendered":"<p>Mixail Saaka\u015fvili namiz\u0259dliyi qeydiyyata al\u0131nmayaca\u011f\u0131 t\u0259qdird\u0259 m\u0259hk\u0259m\u0259y\u0259 m\u00fcraci\u0259t ed\u0259c\u0259k<\/p>\n","protected":false},"author":6,"featured_media":22246,"comment_status":"closed","ping_status":"closed","sticky":false,"template":"","format":"standard","meta":{"_acf_changed":false,"footnotes":""},"categories":[8,2,3,25,50],"tags":[312],"formation":[],"post-author":[2888],"topic":[],"tooltip":[],"city":[],"class_list":["post-11102","post","type-post","status-publish","format-standard","has-post-thumbnail","hentry","category-dunyada-bas-vernlr","category-cografiya","category-gurcustan","category-cmiyyt","category-xbrlr","tag-ukraine","post-author-jamnews"],"acf":[],"yoast_head":"<!-- This site is optimized with the Yoast SEO plugin v24.1 - https:\/\/yoast.com\/wordpress\/plugins\/seo\/ -->\n<title>G\u00fcrc\u00fcstan\u0131n ke\u00e7mi\u015f prezidenti Ukraynada deputat olma\u011fa haz\u0131rla\u015f\u0131r - JAMnews<\/title>\n<meta name=\"robots\" content=\"index, follow, max-snippet:-1, max-image-preview:large, max-video-preview:-1\" \/>\n<link rel=\"canonical\" href=\"https:\/\/jam-news.net\/az\/gurcustanin-kecmis-prezidenti-ukraynada-deputat-olmaga-hazirlasir\/\" \/>\n<meta property=\"og:locale\" content=\"az_AZ\" \/>\n<meta property=\"og:type\" content=\"article\" \/>\n<meta property=\"og:title\" content=\"G\u00fcrc\u00fcstan\u0131n ke\u00e7mi\u015f prezidenti Ukraynada deputat olma\u011fa haz\u0131rla\u015f\u0131r - JAMnews\" \/>\n<meta property=\"og:description\" content=\"Mixail Saaka\u015fvili namiz\u0259dliyi qeydiyyata al\u0131nmayaca\u011f\u0131 t\u0259qdird\u0259 m\u0259hk\u0259m\u0259y\u0259 m\u00fcraci\u0259t ed\u0259c\u0259k\" \/>\n<meta property=\"og:url\" content=\"https:\/\/jam-news.net\/az\/gurcustanin-kecmis-prezidenti-ukraynada-deputat-olmaga-hazirlasir\/\" \/>\n<meta property=\"og:site_name\" content=\"Azerbaijani Jamnews\" \/>\n<meta property=\"article:publisher\" content=\"https:\/\/www.facebook.com\/JAMnewsInEnglish\/\" \/>\n<meta property=\"article:published_time\" content=\"2019-06-13T20:00:00+00:00\" \/>\n<meta property=\"article:modified_time\" content=\"2021-11-05T11:48:04+00:00\" \/>\n<meta property=\"og:image\" content=\"https:\/\/jam-news.net\/app\/uploads\/2020\/03\/RTX6X1KE-2.jpg\" \/>\n\t<meta property=\"og:image:width\" content=\"1200\" \/>\n\t<meta property=\"og:image:height\" content=\"809\" \/>\n\t<meta property=\"og:image:type\" content=\"image\/jpeg\" \/>\n<meta name=\"author\" content=\"Tatia nikoladze\" \/>\n<meta name=\"twitter:card\" content=\"summary_large_image\" \/>\n<meta name=\"twitter:creator\" content=\"@JAMnewsCaucasus\" \/>\n<meta name=\"twitter:site\" content=\"@JAMnewsCaucasus\" \/>\n<meta name=\"twitter:label1\" content=\"Written by\" \/>\n\t<meta name=\"twitter:data1\" content=\"Tatia nikoladze\" \/>\n\t<meta name=\"twitter:label2\" content=\"Est. reading time\" \/>\n\t<meta name=\"twitter:data2\" content=\"3 minutes\" \/>\n<script type=\"application\/ld+json\" class=\"yoast-schema-graph\">{\"@context\":\"https:\/\/schema.org\",\"@graph\":[{\"@type\":\"Article\",\"@id\":\"https:\/\/jam-news.net\/az\/gurcustanin-kecmis-prezidenti-ukraynada-deputat-olmaga-hazirlasir\/#article\",\"isPartOf\":{\"@id\":\"https:\/\/jam-news.net\/az\/gurcustanin-kecmis-prezidenti-ukraynada-deputat-olmaga-hazirlasir\/\"},\"author\":{\"name\":\"Tatia nikoladze\",\"@id\":\"https:\/\/jam-news.net\/az\/#\/schema\/person\/86c90ea4dd4c6e61e60ae51d24bc662c\"},\"headline\":\"G\u00fcrc\u00fcstan\u0131n ke\u00e7mi\u015f prezidenti Ukraynada deputat olma\u011fa haz\u0131rla\u015f\u0131r\",\"datePublished\":\"2019-06-13T20:00:00+00:00\",\"dateModified\":\"2021-11-05T11:48:04+00:00\",\"mainEntityOfPage\":{\"@id\":\"https:\/\/jam-news.net\/az\/gurcustanin-kecmis-prezidenti-ukraynada-deputat-olmaga-hazirlasir\/\"},\"wordCount\":545,\"publisher\":{\"@id\":\"https:\/\/jam-news.net\/az\/#organization\"},\"image\":{\"@id\":\"https:\/\/jam-news.net\/az\/gurcustanin-kecmis-prezidenti-ukraynada-deputat-olmaga-hazirlasir\/#primaryimage\"},\"thumbnailUrl\":\"https:\/\/jam-news.net\/app\/uploads\/2020\/03\/RTX6X1KE-2.jpg\",\"keywords\":[\"Ukraine\"],\"articleSection\":[\"From far and near\",\"Geography\",\"Georgia\",\"Issues\",\"News\"],\"inLanguage\":\"az\"},{\"@type\":\"WebPage\",\"@id\":\"https:\/\/jam-news.net\/az\/gurcustanin-kecmis-prezidenti-ukraynada-deputat-olmaga-hazirlasir\/\",\"url\":\"https:\/\/jam-news.net\/az\/gurcustanin-kecmis-prezidenti-ukraynada-deputat-olmaga-hazirlasir\/\",\"name\":\"G\u00fcrc\u00fcstan\u0131n ke\u00e7mi\u015f prezidenti Ukraynada deputat olma\u011fa haz\u0131rla\u015f\u0131r - JAMnews\",\"isPartOf\":{\"@id\":\"https:\/\/jam-news.net\/az\/#website\"},\"primaryImageOfPage\":{\"@id\":\"https:\/\/jam-news.net\/az\/gurcustanin-kecmis-prezidenti-ukraynada-deputat-olmaga-hazirlasir\/#primaryimage\"},\"image\":{\"@id\":\"https:\/\/jam-news.net\/az\/gurcustanin-kecmis-prezidenti-ukraynada-deputat-olmaga-hazirlasir\/#primaryimage\"},\"thumbnailUrl\":\"https:\/\/jam-news.net\/app\/uploads\/2020\/03\/RTX6X1KE-2.jpg\",\"datePublished\":\"2019-06-13T20:00:00+00:00\",\"dateModified\":\"2021-11-05T11:48:04+00:00\",\"breadcrumb\":{\"@id\":\"https:\/\/jam-news.net\/az\/gurcustanin-kecmis-prezidenti-ukraynada-deputat-olmaga-hazirlasir\/#breadcrumb\"},\"inLanguage\":\"az\",\"potentialAction\":[{\"@type\":\"ReadAction\",\"target\":[\"https:\/\/jam-news.net\/az\/gurcustanin-kecmis-prezidenti-ukraynada-deputat-olmaga-hazirlasir\/\"]}]},{\"@type\":\"ImageObject\",\"inLanguage\":\"az\",\"@id\":\"https:\/\/jam-news.net\/az\/gurcustanin-kecmis-prezidenti-ukraynada-deputat-olmaga-hazirlasir\/#primaryimage\",\"url\":\"https:\/\/jam-news.net\/app\/uploads\/2020\/03\/RTX6X1KE-2.jpg\",\"contentUrl\":\"https:\/\/jam-news.net\/app\/uploads\/2020\/03\/RTX6X1KE-2.jpg\",\"width\":1200,\"height\":809,\"caption\":\"Former Georgian President Mikheil Saakashvili arrives in Kiev as his supporter shows the decree of the Ukrainian President Volodymyr Zelenskiy, which restores Saakashvili's citizenship, at Boryspil International Airport outside Kiev, Ukraine May 29, 2019. REUTERS\/Gleb Garanich TPX IMAGES OF THE DAY - RC13A148EDB0\"},{\"@type\":\"BreadcrumbList\",\"@id\":\"https:\/\/jam-news.net\/az\/gurcustanin-kecmis-prezidenti-ukraynada-deputat-olmaga-hazirlasir\/#breadcrumb\",\"itemListElement\":[{\"@type\":\"ListItem\",\"position\":1,\"name\":\"Home\",\"item\":\"https:\/\/jam-news.net\/az\/\"},{\"@type\":\"ListItem\",\"position\":2,\"name\":\"G\u00fcrc\u00fcstan\u0131n ke\u00e7mi\u015f prezidenti Ukraynada deputat olma\u011fa haz\u0131rla\u015f\u0131r\"}]},{\"@type\":\"WebSite\",\"@id\":\"https:\/\/jam-news.net\/az\/#website\",\"url\":\"https:\/\/jam-news.net\/az\/\",\"name\":\"Azerbaijani Jamnews\",\"description\":\"Caucasus News, Politics and Society\",\"publisher\":{\"@id\":\"https:\/\/jam-news.net\/az\/#organization\"},\"potentialAction\":[{\"@type\":\"SearchAction\",\"target\":{\"@type\":\"EntryPoint\",\"urlTemplate\":\"https:\/\/jam-news.net\/az\/?s={search_term_string}\"},\"query-input\":{\"@type\":\"PropertyValueSpecification\",\"valueRequired\":true,\"valueName\":\"search_term_string\"}}],\"inLanguage\":\"az\"},{\"@type\":\"Organization\",\"@id\":\"https:\/\/jam-news.net\/az\/#organization\",\"name\":\"JAMnews\",\"url\":\"https:\/\/jam-news.net\/az\/\",\"logo\":{\"@type\":\"ImageObject\",\"inLanguage\":\"az\",\"@id\":\"https:\/\/jam-news.net\/az\/#\/schema\/logo\/image\/\",\"url\":\"https:\/\/jam-news.net\/app\/uploads\/2020\/05\/JAM_w.jpg\",\"contentUrl\":\"https:\/\/jam-news.net\/app\/uploads\/2020\/05\/JAM_w.jpg\",\"width\":960,\"height\":960,\"caption\":\"JAMnews\"},\"image\":{\"@id\":\"https:\/\/jam-news.net\/az\/#\/schema\/logo\/image\/\"},\"sameAs\":[\"https:\/\/www.facebook.com\/JAMnewsInEnglish\/\",\"https:\/\/x.com\/JAMnewsCaucasus\",\"https:\/\/www.instagram.com\/jam_news\/\",\"https:\/\/www.youtube.com\/channel\/UCXQbUCme2pykuZYXWHx4VPg\"]},{\"@type\":\"Person\",\"@id\":\"https:\/\/jam-news.net\/az\/#\/schema\/person\/86c90ea4dd4c6e61e60ae51d24bc662c\",\"name\":\"Tatia nikoladze\",\"image\":{\"@type\":\"ImageObject\",\"inLanguage\":\"az\",\"@id\":\"https:\/\/jam-news.net\/az\/#\/schema\/person\/image\/\",\"url\":\"https:\/\/secure.gravatar.com\/avatar\/1f8b2c8ce4c25cc30806785bafe6bb03?s=96&d=mm&r=g\",\"contentUrl\":\"https:\/\/secure.gravatar.com\/avatar\/1f8b2c8ce4c25cc30806785bafe6bb03?s=96&d=mm&r=g\",\"caption\":\"Tatia nikoladze\"},\"url\":\"https:\/\/jam-news.net\/az\/author\/tatiani\/\"}]}<\/script>\n<!-- \/ Yoast SEO plugin. -->","yoast_head_json":{"title":"G\u00fcrc\u00fcstan\u0131n ke\u00e7mi\u015f prezidenti Ukraynada deputat olma\u011fa haz\u0131rla\u015f\u0131r - JAMnews","robots":{"index":"index","follow":"follow","max-snippet":"max-snippet:-1","max-image-preview":"max-image-preview:large","max-video-preview":"max-video-preview:-1"},"canonical":"https:\/\/jam-news.net\/az\/gurcustanin-kecmis-prezidenti-ukraynada-deputat-olmaga-hazirlasir\/","og_locale":"az_AZ","og_type":"article","og_title":"G\u00fcrc\u00fcstan\u0131n ke\u00e7mi\u015f prezidenti Ukraynada deputat olma\u011fa haz\u0131rla\u015f\u0131r - JAMnews","og_description":"Mixail Saaka\u015fvili namiz\u0259dliyi qeydiyyata al\u0131nmayaca\u011f\u0131 t\u0259qdird\u0259 m\u0259hk\u0259m\u0259y\u0259 m\u00fcraci\u0259t ed\u0259c\u0259k","og_url":"https:\/\/jam-news.net\/az\/gurcustanin-kecmis-prezidenti-ukraynada-deputat-olmaga-hazirlasir\/","og_site_name":"Azerbaijani Jamnews","article_publisher":"https:\/\/www.facebook.com\/JAMnewsInEnglish\/","article_published_time":"2019-06-13T20:00:00+00:00","article_modified_time":"2021-11-05T11:48:04+00:00","og_image":[{"width":1200,"height":809,"url":"https:\/\/jam-news.net\/app\/uploads\/2020\/03\/RTX6X1KE-2.jpg","type":"image\/jpeg"}],"author":"Tatia nikoladze","twitter_card":"summary_large_image","twitter_creator":"@JAMnewsCaucasus","twitter_site":"@JAMnewsCaucasus","twitter_misc":{"Written by":"Tatia nikoladze","Est. reading time":"3 minutes"},"schema":{"@context":"https:\/\/schema.org","@graph":[{"@type":"Article","@id":"https:\/\/jam-news.net\/az\/gurcustanin-kecmis-prezidenti-ukraynada-deputat-olmaga-hazirlasir\/#article","isPartOf":{"@id":"https:\/\/jam-news.net\/az\/gurcustanin-kecmis-prezidenti-ukraynada-deputat-olmaga-hazirlasir\/"},"author":{"name":"Tatia nikoladze","@id":"https:\/\/jam-news.net\/az\/#\/schema\/person\/86c90ea4dd4c6e61e60ae51d24bc662c"},"headline":"G\u00fcrc\u00fcstan\u0131n ke\u00e7mi\u015f prezidenti Ukraynada deputat olma\u011fa haz\u0131rla\u015f\u0131r","datePublished":"2019-06-13T20:00:00+00:00","dateModified":"2021-11-05T11:48:04+00:00","mainEntityOfPage":{"@id":"https:\/\/jam-news.net\/az\/gurcustanin-kecmis-prezidenti-ukraynada-deputat-olmaga-hazirlasir\/"},"wordCount":545,"publisher":{"@id":"https:\/\/jam-news.net\/az\/#organization"},"image":{"@id":"https:\/\/jam-news.net\/az\/gurcustanin-kecmis-prezidenti-ukraynada-deputat-olmaga-hazirlasir\/#primaryimage"},"thumbnailUrl":"https:\/\/jam-news.net\/app\/uploads\/2020\/03\/RTX6X1KE-2.jpg","keywords":["Ukraine"],"articleSection":["From far and near","Geography","Georgia","Issues","News"],"inLanguage":"az"},{"@type":"WebPage","@id":"https:\/\/jam-news.net\/az\/gurcustanin-kecmis-prezidenti-ukraynada-deputat-olmaga-hazirlasir\/","url":"https:\/\/jam-news.net\/az\/gurcustanin-kecmis-prezidenti-ukraynada-deputat-olmaga-hazirlasir\/","name":"G\u00fcrc\u00fcstan\u0131n ke\u00e7mi\u015f prezidenti Ukraynada deputat olma\u011fa haz\u0131rla\u015f\u0131r - JAMnews","isPartOf":{"@id":"https:\/\/jam-news.net\/az\/#website"},"primaryImageOfPage":{"@id":"https:\/\/jam-news.net\/az\/gurcustanin-kecmis-prezidenti-ukraynada-deputat-olmaga-hazirlasir\/#primaryimage"},"image":{"@id":"https:\/\/jam-news.net\/az\/gurcustanin-kecmis-prezidenti-ukraynada-deputat-olmaga-hazirlasir\/#primaryimage"},"thumbnailUrl":"https:\/\/jam-news.net\/app\/uploads\/2020\/03\/RTX6X1KE-2.jpg","datePublished":"2019-06-13T20:00:00+00:00","dateModified":"2021-11-05T11:48:04+00:00","breadcrumb":{"@id":"https:\/\/jam-news.net\/az\/gurcustanin-kecmis-prezidenti-ukraynada-deputat-olmaga-hazirlasir\/#breadcrumb"},"inLanguage":"az","potentialAction":[{"@type":"ReadAction","target":["https:\/\/jam-news.net\/az\/gurcustanin-kecmis-prezidenti-ukraynada-deputat-olmaga-hazirlasir\/"]}]},{"@type":"ImageObject","inLanguage":"az","@id":"https:\/\/jam-news.net\/az\/gurcustanin-kecmis-prezidenti-ukraynada-deputat-olmaga-hazirlasir\/#primaryimage","url":"https:\/\/jam-news.net\/app\/uploads\/2020\/03\/RTX6X1KE-2.jpg","contentUrl":"https:\/\/jam-news.net\/app\/uploads\/2020\/03\/RTX6X1KE-2.jpg","width":1200,"height":809,"caption":"Former Georgian President Mikheil Saakashvili arrives in Kiev as his supporter shows the decree of the Ukrainian President Volodymyr Zelenskiy, which restores Saakashvili's citizenship, at Boryspil International Airport outside Kiev, Ukraine May 29, 2019. REUTERS\/Gleb Garanich TPX IMAGES OF THE DAY - RC13A148EDB0"},{"@type":"BreadcrumbList","@id":"https:\/\/jam-news.net\/az\/gurcustanin-kecmis-prezidenti-ukraynada-deputat-olmaga-hazirlasir\/#breadcrumb","itemListElement":[{"@type":"ListItem","position":1,"name":"Home","item":"https:\/\/jam-news.net\/az\/"},{"@type":"ListItem","position":2,"name":"G\u00fcrc\u00fcstan\u0131n ke\u00e7mi\u015f prezidenti Ukraynada deputat olma\u011fa haz\u0131rla\u015f\u0131r"}]},{"@type":"WebSite","@id":"https:\/\/jam-news.net\/az\/#website","url":"https:\/\/jam-news.net\/az\/","name":"Azerbaijani Jamnews","description":"Caucasus News, Politics and Society","publisher":{"@id":"https:\/\/jam-news.net\/az\/#organization"},"potentialAction":[{"@type":"SearchAction","target":{"@type":"EntryPoint","urlTemplate":"https:\/\/jam-news.net\/az\/?s={search_term_string}"},"query-input":{"@type":"PropertyValueSpecification","valueRequired":true,"valueName":"search_term_string"}}],"inLanguage":"az"},{"@type":"Organization","@id":"https:\/\/jam-news.net\/az\/#organization","name":"JAMnews","url":"https:\/\/jam-news.net\/az\/","logo":{"@type":"ImageObject","inLanguage":"az","@id":"https:\/\/jam-news.net\/az\/#\/schema\/logo\/image\/","url":"https:\/\/jam-news.net\/app\/uploads\/2020\/05\/JAM_w.jpg","contentUrl":"https:\/\/jam-news.net\/app\/uploads\/2020\/05\/JAM_w.jpg","width":960,"height":960,"caption":"JAMnews"},"image":{"@id":"https:\/\/jam-news.net\/az\/#\/schema\/logo\/image\/"},"sameAs":["https:\/\/www.facebook.com\/JAMnewsInEnglish\/","https:\/\/x.com\/JAMnewsCaucasus","https:\/\/www.instagram.com\/jam_news\/","https:\/\/www.youtube.com\/channel\/UCXQbUCme2pykuZYXWHx4VPg"]},{"@type":"Person","@id":"https:\/\/jam-news.net\/az\/#\/schema\/person\/86c90ea4dd4c6e61e60ae51d24bc662c","name":"Tatia nikoladze","image":{"@type":"ImageObject","inLanguage":"az","@id":"https:\/\/jam-news.net\/az\/#\/schema\/person\/image\/","url":"https:\/\/secure.gravatar.com\/avatar\/1f8b2c8ce4c25cc30806785bafe6bb03?s=96&d=mm&r=g","contentUrl":"https:\/\/secure.gravatar.com\/avatar\/1f8b2c8ce4c25cc30806785bafe6bb03?s=96&d=mm&r=g","caption":"Tatia nikoladze"},"url":"https:\/\/jam-news.net\/az\/author\/tatiani\/"}]}},"_links":{"self":[{"href":"https:\/\/jam-news.net\/az\/wp-json\/wp\/v2\/posts\/11102","targetHints":{"allow":["GET"]}}],"collection":[{"href":"https:\/\/jam-news.net\/az\/wp-json\/wp\/v2\/posts"}],"about":[{"href":"https:\/\/jam-news.net\/az\/wp-json\/wp\/v2\/types\/post"}],"author":[{"embeddable":true,"href":"https:\/\/jam-news.net\/az\/wp-json\/wp\/v2\/users\/6"}],"replies":[{"embeddable":true,"href":"https:\/\/jam-news.net\/az\/wp-json\/wp\/v2\/comments?post=11102"}],"version-history":[{"count":1,"href":"https:\/\/jam-news.net\/az\/wp-json\/wp\/v2\/posts\/11102\/revisions"}],"predecessor-version":[{"id":13904,"href":"https:\/\/jam-news.net\/az\/wp-json\/wp\/v2\/posts\/11102\/revisions\/13904"}],"wp:featuredmedia":[{"embeddable":true,"href":"https:\/\/jam-news.net\/az\/wp-json\/wp\/v2\/media\/22246"}],"wp:attachment":[{"href":"https:\/\/jam-news.net\/az\/wp-json\/wp\/v2\/media?parent=11102"}],"wp:term":[{"taxonomy":"category","embeddable":true,"href":"https:\/\/jam-news.net\/az\/wp-json\/wp\/v2\/categories?post=11102"},{"taxonomy":"post_tag","embeddable":true,"href":"https:\/\/jam-news.net\/az\/wp-json\/wp\/v2\/tags?post=11102"},{"taxonomy":"formation","embeddable":true,"href":"https:\/\/jam-news.net\/az\/wp-json\/wp\/v2\/formation?post=11102"},{"taxonomy":"post-author","embeddable":true,"href":"https:\/\/jam-news.net\/az\/wp-json\/wp\/v2\/post-author?post=11102"},{"taxonomy":"topic","embeddable":true,"href":"https:\/\/jam-news.net\/az\/wp-json\/wp\/v2\/topic?post=11102"},{"taxonomy":"tooltip","embeddable":true,"href":"https:\/\/jam-news.net\/az\/wp-json\/wp\/v2\/tooltip?post=11102"},{"taxonomy":"city","embeddable":true,"href":"https:\/\/jam-news.net\/az\/wp-json\/wp\/v2\/city?post=11102"}],"curies":[{"name":"wp","href":"https:\/\/api.w.org\/{rel}","templated":true}]}}