{"id":11043,"date":"2019-06-06T00:00:00","date_gmt":"2019-06-06T00:00:00","guid":{"rendered":"http:\/\/jam-news.net\/az\/siyasi-m%c9%99hbuslar-uzr%c9%99-m%c9%99ruz%c9%99cini-bakida-q%c9%99bul-etm%c9%99kd%c9%99n-imtina-etdil%c9%99r\/"},"modified":"2020-03-18T12:28:12","modified_gmt":"2020-03-18T12:28:12","slug":"siyasi-m%c9%99hbuslar-uzr%c9%99-m%c9%99ruz%c9%99cini-bakida-q%c9%99bul-etm%c9%99kd%c9%99n-imtina-etdil%c9%99r","status":"publish","type":"post","link":"https:\/\/jam-news.net\/az\/siyasi-m%c9%99hbuslar-uzr%c9%99-m%c9%99ruz%c9%99cini-bakida-q%c9%99bul-etm%c9%99kd%c9%99n-imtina-etdil%c9%99r\/","title":{"rendered":"Siyasi m\u0259hbuslar \u00fczr\u0259 m\u0259ruz\u0259\u00e7ini Bak\u0131da q\u0259bul etm\u0259kd\u0259n imtina etdil\u0259r"},"content":{"rendered":"<p><span style=\"font-weight: 400;\">Avropa \u015euras\u0131n\u0131n Az\u0259rbaycanda siyasi m\u0259hbuslar \u00fczr\u0259 m\u0259ruz\u0259\u00e7isi Torhildur Sunna Bak\u0131ya s\u0259f\u0259rini t\u0259xir\u0259 salmal\u0131 olub. \u00d6lk\u0259 hakimiyy\u0259ti iyunun 5-6-da Az\u0259rbaycanda d\u00f6vl\u0259t s\u0259viyy\u0259sind\u0259 bayram\u0131n qeyd olundu\u011funu n\u0259z\u0259r\u0259 alaraq, onun s\u0259f\u0259rinin tarixini \u201c\u0259lveri\u015fsiz\u201d say\u0131b.<\/span><\/p>\n<p><b><a href=\"https:\/\/jam-news.net\/%D0%BA%D1%80%D0%B0%D1%81%D0%BD%D0%B0%D1%8F-%D0%BB%D0%B8%D0%BD%D0%B8%D1%8F-%D0%B3%D0%B4%D0%B5-%D0%BE%D0%BD%D0%B0-%D0%BF%D1%80%D0%BE%D1%85%D0%BE%D0%B4%D0%B8%D1%82-%D0%B4%D0%BB%D1%8F-%D0%B6%D1%83%D1%80\/?lang=az-AZ\"><strong>\u2022\u00a0<\/strong><span style=\"text-decoration: underline;\">Az\u0259rbaycanda jurnalist olmaq nec\u0259dir<\/span><\/a><\/b><\/p>\n<p><a href=\"https:\/\/jam-news.net\/az%C9%99rbaycanda-yeddi-il%C9%99-m%C9%99hkum-olunub-n%C9%99-dem%C9%99kdir\/?lang=az-AZ\"><strong>\u2022\u00a0<span style=\"text-decoration: underline;\">Siyasi m\u0259hbuslar\u0131n Az\u0259rbaycan h\u0259bsxanalar\u0131 haqq\u0131nda xatir\u0259l\u0259ri<\/span><\/strong><\/a><\/p>\n<p style=\"padding-left: 30px;\"><i><span style=\"font-weight: 400;\">\u00abAz\u0259rbaycana s\u0259f\u0259rimin yenid\u0259n t\u0259xir\u0259 d\u00fc\u015fm\u0259sin\u0259 g\u00f6r\u0259 m\u0259yusam\u00bb<\/span><\/i><span style=\"font-weight: 400;\">, &#8211; Torhildur Sunna \u00f6z\u00fcn\u00fcn <\/span><a href=\"https:\/\/twitter.com\/sunnago\/status\/1135845761554558976\"><b><i>Twitter<\/i><\/b><\/a><span style=\"font-weight: 400;\">\u00a0hesab\u0131nda yaz\u0131b.<\/span><\/p>\n<p><span style=\"font-weight: 400;\">S\u00f6hb\u0259t m\u00fcs\u0259lmanlar\u0131n m\u00fcq\u0259dd\u0259s ay\u0131 say\u0131lan Ramazan ay\u0131n\u0131n ba\u015fa \u00e7atmas\u0131 il\u0259 \u0259laq\u0259dar islam bayram\u0131ndan gedir. Az\u0259rbaycanda bu, r\u0259smi s\u0259viyy\u0259d\u0259 qeyd olunur. Do\u011frudur, bayram tarixl\u0259ri bar\u0259d\u0259 \u00e7oxdan m\u0259lumat var idi, Sunnaya is\u0259 s\u0259f\u0259r etm\u0259kd\u0259 son anda imtina edilib.<\/span><\/p>\n<p><span style=\"font-weight: 400;\">Sunna r\u0259smi \u015f\u0259xsl\u0259rl\u0259 v\u0259 v\u0259t\u0259nda\u015f c\u0259miyy\u0259tinin n\u00fcmay\u0259nd\u0259l\u0259ri il\u0259 siyasi m\u0259hbuslar problemini m\u00fczakir\u0259 etm\u0259y\u0259 haz\u0131rla\u015f\u0131rd\u0131.<\/span><\/p>\n<p><span style=\"font-weight: 400;\">El\u0259 h\u0259min \u201cTwitter\u201d qeydin\u0259 \u0259saslansaq, o, Az\u0259rbaycana art\u0131q sentyabrda g\u0259lm\u0259k niyy\u0259tind\u0259dir.<\/span><\/p>\n<h3 style=\"text-align: center;\"><span style=\"color: #000080;\"><b>Torhildur Sunna v\u0259 Az\u0259rbaycan\u0131n siyasi m\u0259hbuslar\u0131<\/b><\/span><\/h3>\n<p><span style=\"font-weight: 400;\">Torhildur Sunna \u2013 islandiyal\u0131 h\u00fcquq\u015f\u00fcnas, h\u00fcquq m\u00fcdafi\u0259\u00e7isi v\u0259 jurnalistdir. \u0130slandiyan\u0131n Pirat Partiyas\u0131n\u0131 t\u0259msil edir ki, h\u0259min partiya intellektual m\u00fclkiyy\u0259t v\u0259 m\u00fc\u0259llif h\u00fcquqlar\u0131 sah\u0259sind\u0259 qanunvericilik islahatlar\u0131 u\u011frunda m\u00fcbariz\u0259 apar\u0131r.<\/span><\/p>\n<p><span style=\"font-weight: 400;\">2018-ci ilin iyun ay\u0131nda Torhildur Sunna A\u015ePA-n\u0131n h\u00fcquqi m\u0259s\u0259l\u0259l\u0259r v\u0259 insan haqlar\u0131 komit\u0259sin\u0259 Az\u0259rbaycanda siyasi m\u0259hbuslar haqq\u0131nda hesabat\u0131n haz\u0131ranmas\u0131 \u00fc\u00e7\u00fcn m\u0259ruz\u0259\u00e7i t\u0259yin edilib.<\/span><\/p>\n<p><span style=\"font-weight: 400;\">2019-cu ilin mart\u0131nda b\u00f6y\u00fck \u0259fv f\u0259rman\u0131 \u00e7\u0259r\u00e7iv\u0259sind\u0259 t\u0259xmin\u0259n 50 n\u0259f\u0259r az\u0259rbaycanl\u0131 siyasi m\u0259hbus azadl\u0131\u011fa \u00e7\u0131xd\u0131. Lakin aprel ay\u0131nda Strasburqda dinl\u0259m\u0259l\u0259rin gedi\u015find\u0259 Torhildur Sunna bildirdi ki, bu, problemi h\u0259ll etm\u0259yib v\u0259 h\u0259bsxanalarda siyasi motivl\u0259r \u00fczr\u0259 ittiham olunmu\u015f h\u0259l\u0259 t\u0259xmin\u0259n 70 insan qalmaqdad\u0131r.<\/span><\/p>\n<p><b><a href=\"https:\/\/jam-news.net\/aspa-da-az%C9%99rbaycanda-insan-haqlarinin-v%C9%99ziyy%C9%99ti-muzakir%C9%99-olunur-az%C9%99rbaycan-numay%C9%99nd%C9%99-hey%C9%99tinin-r%C9%99hb%C9%99ri-b%C9%99yan-edib-ki-qarabag-daha-on%C9%99mlidi\/?lang=az-AZ\"><strong>\u2022\u00a0<\/strong><span style=\"text-decoration: underline;\">A\u015ePA-da Az\u0259rbaycanda insan haqlar\u0131 m\u00fczakir\u0259 edilir<\/span><\/a><\/b><\/p>\n<p><a href=\"https:\/\/jam-news.net\/siyasi-m%C9%99hbuslarin-%C9%99fv-olunmasi-bunun-anlami-n%C9%99dir-v%C9%99-n%C9%99yi-d%C9%99yisir\/?lang=az-AZ\"><strong>\u2022\u00a0<span style=\"text-decoration: underline;\">Az\u0259rbaycanda siyasi m\u0259hbuslar\u0131n \u0259fvi: bu n\u0259 dem\u0259kdir v\u0259 n\u0259yi d\u0259yi\u015fir?<\/span><\/strong><\/a><\/p>\n<p><span style=\"font-weight: 400;\">\u018ffvd\u0259n sonra ke\u00e7mi\u015f iki ay yar\u0131m \u0259rzind\u0259 daha bir ne\u00e7\u0259 m\u00fcxalif\u0259t\u00e7i v\u0259 f\u0259al h\u0259bs olunub, siyasi m\u0259hbuslardan b\u0259zil\u0259ri is\u0259 i\u015fg\u0259nc\u0259l\u0259r\u0259 m\u0259ruz qald\u0131qlar\u0131ndan \u015fikay\u0259t edibl\u0259r.<\/span><\/p>\n<p><div class=\"su-divider su-divider-style-default\" style=\"margin:15px 0;border-width:3px;border-color:#999999\"><a href=\"#\" style=\"color:#999999\">Go to top<\/a><\/div> <\/p>\n<p><\/p>\n","protected":false},"excerpt":{"rendered":"<p>Torhildur Sunnan\u0131n s\u0259f\u0259ri bayrama g\u00f6r\u0259 \u201c\u0259lveri\u015fsiz\u201d oldu<\/p>\n","protected":false},"author":3,"featured_media":22219,"comment_status":"open","ping_status":"open","sticky":false,"template":"","format":"standard","meta":{"_acf_changed":false,"footnotes":""},"categories":[17,2,25,50],"tags":[18,256,93,258,95,259,260,261,96],"formation":[],"post-author":[],"topic":[],"tooltip":[],"city":[],"class_list":["post-11043","post","type-post","status-publish","format-standard","has-post-thumbnail","hentry","category-azrbaycan","category-cografiya","category-cmiyyt","category-xbrlr","tag-azrbaycan","tag-azrbaycan-bu-gun","tag-azrbaycan-harada-yerlsir","tag-azrbaycan-hokumti","tag-azrbaycanda-hara-sfr-etmli","tag-azrbaycanda-n-bas-verir","tag-azrbaycanda-siyast","tag-azrbaycanda-vziyyt","tag-qafqaz-iqtisadiyyati"],"acf":[],"yoast_head":"<!-- This site is optimized with the Yoast SEO plugin v24.1 - https:\/\/yoast.com\/wordpress\/plugins\/seo\/ -->\n<title>Siyasi m\u0259hbuslar \u00fczr\u0259 m\u0259ruz\u0259\u00e7ini Bak\u0131da q\u0259bul etm\u0259kd\u0259n imtina etdil\u0259r - JAMnews<\/title>\n<meta name=\"robots\" content=\"index, follow, max-snippet:-1, max-image-preview:large, max-video-preview:-1\" \/>\n<link rel=\"canonical\" href=\"https:\/\/jam-news.net\/az\/siyasi-m\u0259hbuslar-uzr\u0259-m\u0259ruz\u0259cini-bakida-q\u0259bul-etm\u0259kd\u0259n-imtina-etdil\u0259r\/\" \/>\n<meta property=\"og:locale\" content=\"az_AZ\" \/>\n<meta property=\"og:type\" content=\"article\" \/>\n<meta property=\"og:title\" content=\"Siyasi m\u0259hbuslar \u00fczr\u0259 m\u0259ruz\u0259\u00e7ini Bak\u0131da q\u0259bul etm\u0259kd\u0259n imtina etdil\u0259r - JAMnews\" \/>\n<meta property=\"og:description\" content=\"Torhildur Sunnan\u0131n s\u0259f\u0259ri bayrama g\u00f6r\u0259 \u201c\u0259lveri\u015fsiz\u201d oldu\" \/>\n<meta property=\"og:url\" content=\"https:\/\/jam-news.net\/az\/siyasi-m\u0259hbuslar-uzr\u0259-m\u0259ruz\u0259cini-bakida-q\u0259bul-etm\u0259kd\u0259n-imtina-etdil\u0259r\/\" \/>\n<meta property=\"og:site_name\" content=\"Azerbaijani Jamnews\" \/>\n<meta property=\"article:publisher\" content=\"https:\/\/www.facebook.com\/JAMnewsInEnglish\/\" \/>\n<meta property=\"article:published_time\" content=\"2019-06-06T00:00:00+00:00\" \/>\n<meta property=\"article:modified_time\" content=\"2020-03-18T12:28:12+00:00\" \/>\n<meta property=\"og:image\" content=\"https:\/\/jam-news.net\/app\/uploads\/2020\/03\/61879812_459260558172666_5637859172658708480_n-3.jpg\" \/>\n\t<meta property=\"og:image:width\" content=\"1600\" \/>\n\t<meta property=\"og:image:height\" content=\"900\" \/>\n\t<meta property=\"og:image:type\" content=\"image\/jpeg\" \/>\n<meta name=\"author\" content=\"JAMnews\" \/>\n<meta name=\"twitter:card\" content=\"summary_large_image\" \/>\n<meta name=\"twitter:creator\" content=\"@JAMnewsCaucasus\" \/>\n<meta name=\"twitter:site\" content=\"@JAMnewsCaucasus\" \/>\n<meta name=\"twitter:label1\" content=\"Written by\" \/>\n\t<meta name=\"twitter:data1\" content=\"JAMnews\" \/>\n\t<meta name=\"twitter:label2\" content=\"Est. reading time\" \/>\n\t<meta name=\"twitter:data2\" content=\"2 minutes\" \/>\n<script type=\"application\/ld+json\" class=\"yoast-schema-graph\">{\"@context\":\"https:\/\/schema.org\",\"@graph\":[{\"@type\":\"Article\",\"@id\":\"https:\/\/jam-news.net\/az\/siyasi-m%c9%99hbuslar-uzr%c9%99-m%c9%99ruz%c9%99cini-bakida-q%c9%99bul-etm%c9%99kd%c9%99n-imtina-etdil%c9%99r\/#article\",\"isPartOf\":{\"@id\":\"https:\/\/jam-news.net\/az\/siyasi-m%c9%99hbuslar-uzr%c9%99-m%c9%99ruz%c9%99cini-bakida-q%c9%99bul-etm%c9%99kd%c9%99n-imtina-etdil%c9%99r\/\"},\"author\":{\"name\":\"JAMnews\",\"@id\":\"https:\/\/jam-news.net\/az\/#\/schema\/person\/67df3bb7adb46cd513fb9c4cb02361c6\"},\"headline\":\"Siyasi m\u0259hbuslar \u00fczr\u0259 m\u0259ruz\u0259\u00e7ini Bak\u0131da q\u0259bul etm\u0259kd\u0259n imtina etdil\u0259r\",\"datePublished\":\"2019-06-06T00:00:00+00:00\",\"dateModified\":\"2020-03-18T12:28:12+00:00\",\"mainEntityOfPage\":{\"@id\":\"https:\/\/jam-news.net\/az\/siyasi-m%c9%99hbuslar-uzr%c9%99-m%c9%99ruz%c9%99cini-bakida-q%c9%99bul-etm%c9%99kd%c9%99n-imtina-etdil%c9%99r\/\"},\"wordCount\":474,\"commentCount\":0,\"publisher\":{\"@id\":\"https:\/\/jam-news.net\/az\/#organization\"},\"image\":{\"@id\":\"https:\/\/jam-news.net\/az\/siyasi-m%c9%99hbuslar-uzr%c9%99-m%c9%99ruz%c9%99cini-bakida-q%c9%99bul-etm%c9%99kd%c9%99n-imtina-etdil%c9%99r\/#primaryimage\"},\"thumbnailUrl\":\"https:\/\/jam-news.net\/app\/uploads\/2020\/03\/61879812_459260558172666_5637859172658708480_n-3.jpg\",\"keywords\":[\"Az\u0259rbaycan\",\"Az\u0259rbaycan bu g\u00fcn\",\"Az\u0259rbaycan harada yerl\u0259\u015fir\",\"Az\u0259rbaycan h\u00f6kum\u0259ti\",\"Az\u0259rbaycanda hara s\u0259f\u0259r etm\u0259li\",\"Az\u0259rbaycanda n\u0259 ba\u015f verir\",\"Az\u0259rbaycanda siyas\u0259t\",\"Az\u0259rbaycanda v\u0259ziyy\u0259t\",\"Qafqaz iqtisadiyyat\u0131\"],\"articleSection\":[\"Azerbaijan\",\"Geography\",\"Issues\",\"News\"],\"inLanguage\":\"az\"},{\"@type\":\"WebPage\",\"@id\":\"https:\/\/jam-news.net\/az\/siyasi-m%c9%99hbuslar-uzr%c9%99-m%c9%99ruz%c9%99cini-bakida-q%c9%99bul-etm%c9%99kd%c9%99n-imtina-etdil%c9%99r\/\",\"url\":\"https:\/\/jam-news.net\/az\/siyasi-m%c9%99hbuslar-uzr%c9%99-m%c9%99ruz%c9%99cini-bakida-q%c9%99bul-etm%c9%99kd%c9%99n-imtina-etdil%c9%99r\/\",\"name\":\"Siyasi m\u0259hbuslar \u00fczr\u0259 m\u0259ruz\u0259\u00e7ini Bak\u0131da q\u0259bul etm\u0259kd\u0259n imtina etdil\u0259r - JAMnews\",\"isPartOf\":{\"@id\":\"https:\/\/jam-news.net\/az\/#website\"},\"primaryImageOfPage\":{\"@id\":\"https:\/\/jam-news.net\/az\/siyasi-m%c9%99hbuslar-uzr%c9%99-m%c9%99ruz%c9%99cini-bakida-q%c9%99bul-etm%c9%99kd%c9%99n-imtina-etdil%c9%99r\/#primaryimage\"},\"image\":{\"@id\":\"https:\/\/jam-news.net\/az\/siyasi-m%c9%99hbuslar-uzr%c9%99-m%c9%99ruz%c9%99cini-bakida-q%c9%99bul-etm%c9%99kd%c9%99n-imtina-etdil%c9%99r\/#primaryimage\"},\"thumbnailUrl\":\"https:\/\/jam-news.net\/app\/uploads\/2020\/03\/61879812_459260558172666_5637859172658708480_n-3.jpg\",\"datePublished\":\"2019-06-06T00:00:00+00:00\",\"dateModified\":\"2020-03-18T12:28:12+00:00\",\"breadcrumb\":{\"@id\":\"https:\/\/jam-news.net\/az\/siyasi-m%c9%99hbuslar-uzr%c9%99-m%c9%99ruz%c9%99cini-bakida-q%c9%99bul-etm%c9%99kd%c9%99n-imtina-etdil%c9%99r\/#breadcrumb\"},\"inLanguage\":\"az\",\"potentialAction\":[{\"@type\":\"ReadAction\",\"target\":[\"https:\/\/jam-news.net\/az\/siyasi-m%c9%99hbuslar-uzr%c9%99-m%c9%99ruz%c9%99cini-bakida-q%c9%99bul-etm%c9%99kd%c9%99n-imtina-etdil%c9%99r\/\"]}]},{\"@type\":\"ImageObject\",\"inLanguage\":\"az\",\"@id\":\"https:\/\/jam-news.net\/az\/siyasi-m%c9%99hbuslar-uzr%c9%99-m%c9%99ruz%c9%99cini-bakida-q%c9%99bul-etm%c9%99kd%c9%99n-imtina-etdil%c9%99r\/#primaryimage\",\"url\":\"https:\/\/jam-news.net\/app\/uploads\/2020\/03\/61879812_459260558172666_5637859172658708480_n-3.jpg\",\"contentUrl\":\"https:\/\/jam-news.net\/app\/uploads\/2020\/03\/61879812_459260558172666_5637859172658708480_n-3.jpg\",\"width\":1600,\"height\":900},{\"@type\":\"BreadcrumbList\",\"@id\":\"https:\/\/jam-news.net\/az\/siyasi-m%c9%99hbuslar-uzr%c9%99-m%c9%99ruz%c9%99cini-bakida-q%c9%99bul-etm%c9%99kd%c9%99n-imtina-etdil%c9%99r\/#breadcrumb\",\"itemListElement\":[{\"@type\":\"ListItem\",\"position\":1,\"name\":\"Home\",\"item\":\"https:\/\/jam-news.net\/az\/\"},{\"@type\":\"ListItem\",\"position\":2,\"name\":\"Siyasi m\u0259hbuslar \u00fczr\u0259 m\u0259ruz\u0259\u00e7ini Bak\u0131da q\u0259bul etm\u0259kd\u0259n imtina etdil\u0259r\"}]},{\"@type\":\"WebSite\",\"@id\":\"https:\/\/jam-news.net\/az\/#website\",\"url\":\"https:\/\/jam-news.net\/az\/\",\"name\":\"Azerbaijani Jamnews\",\"description\":\"Caucasus News, Politics and Society\",\"publisher\":{\"@id\":\"https:\/\/jam-news.net\/az\/#organization\"},\"potentialAction\":[{\"@type\":\"SearchAction\",\"target\":{\"@type\":\"EntryPoint\",\"urlTemplate\":\"https:\/\/jam-news.net\/az\/?s={search_term_string}\"},\"query-input\":{\"@type\":\"PropertyValueSpecification\",\"valueRequired\":true,\"valueName\":\"search_term_string\"}}],\"inLanguage\":\"az\"},{\"@type\":\"Organization\",\"@id\":\"https:\/\/jam-news.net\/az\/#organization\",\"name\":\"JAMnews\",\"url\":\"https:\/\/jam-news.net\/az\/\",\"logo\":{\"@type\":\"ImageObject\",\"inLanguage\":\"az\",\"@id\":\"https:\/\/jam-news.net\/az\/#\/schema\/logo\/image\/\",\"url\":\"https:\/\/jam-news.net\/app\/uploads\/2020\/05\/JAM_w.jpg\",\"contentUrl\":\"https:\/\/jam-news.net\/app\/uploads\/2020\/05\/JAM_w.jpg\",\"width\":960,\"height\":960,\"caption\":\"JAMnews\"},\"image\":{\"@id\":\"https:\/\/jam-news.net\/az\/#\/schema\/logo\/image\/\"},\"sameAs\":[\"https:\/\/www.facebook.com\/JAMnewsInEnglish\/\",\"https:\/\/x.com\/JAMnewsCaucasus\",\"https:\/\/www.instagram.com\/jam_news\/\",\"https:\/\/www.youtube.com\/channel\/UCXQbUCme2pykuZYXWHx4VPg\"]},{\"@type\":\"Person\",\"@id\":\"https:\/\/jam-news.net\/az\/#\/schema\/person\/67df3bb7adb46cd513fb9c4cb02361c6\",\"name\":\"JAMnews\",\"image\":{\"@type\":\"ImageObject\",\"inLanguage\":\"az\",\"@id\":\"https:\/\/jam-news.net\/az\/#\/schema\/person\/image\/\",\"url\":\"https:\/\/secure.gravatar.com\/avatar\/e5c27593ef900c3ab3deed4ed1c653d7?s=96&d=mm&r=g\",\"contentUrl\":\"https:\/\/secure.gravatar.com\/avatar\/e5c27593ef900c3ab3deed4ed1c653d7?s=96&d=mm&r=g\",\"caption\":\"JAMnews\"},\"url\":\"https:\/\/jam-news.net\/az\/author\/margarita\/\"}]}<\/script>\n<!-- \/ Yoast SEO plugin. -->","yoast_head_json":{"title":"Siyasi m\u0259hbuslar \u00fczr\u0259 m\u0259ruz\u0259\u00e7ini Bak\u0131da q\u0259bul etm\u0259kd\u0259n imtina etdil\u0259r - JAMnews","robots":{"index":"index","follow":"follow","max-snippet":"max-snippet:-1","max-image-preview":"max-image-preview:large","max-video-preview":"max-video-preview:-1"},"canonical":"https:\/\/jam-news.net\/az\/siyasi-m\u0259hbuslar-uzr\u0259-m\u0259ruz\u0259cini-bakida-q\u0259bul-etm\u0259kd\u0259n-imtina-etdil\u0259r\/","og_locale":"az_AZ","og_type":"article","og_title":"Siyasi m\u0259hbuslar \u00fczr\u0259 m\u0259ruz\u0259\u00e7ini Bak\u0131da q\u0259bul etm\u0259kd\u0259n imtina etdil\u0259r - JAMnews","og_description":"Torhildur Sunnan\u0131n s\u0259f\u0259ri bayrama g\u00f6r\u0259 \u201c\u0259lveri\u015fsiz\u201d oldu","og_url":"https:\/\/jam-news.net\/az\/siyasi-m\u0259hbuslar-uzr\u0259-m\u0259ruz\u0259cini-bakida-q\u0259bul-etm\u0259kd\u0259n-imtina-etdil\u0259r\/","og_site_name":"Azerbaijani Jamnews","article_publisher":"https:\/\/www.facebook.com\/JAMnewsInEnglish\/","article_published_time":"2019-06-06T00:00:00+00:00","article_modified_time":"2020-03-18T12:28:12+00:00","og_image":[{"width":1600,"height":900,"url":"https:\/\/jam-news.net\/app\/uploads\/2020\/03\/61879812_459260558172666_5637859172658708480_n-3.jpg","type":"image\/jpeg"}],"author":"JAMnews","twitter_card":"summary_large_image","twitter_creator":"@JAMnewsCaucasus","twitter_site":"@JAMnewsCaucasus","twitter_misc":{"Written by":"JAMnews","Est. reading time":"2 minutes"},"schema":{"@context":"https:\/\/schema.org","@graph":[{"@type":"Article","@id":"https:\/\/jam-news.net\/az\/siyasi-m%c9%99hbuslar-uzr%c9%99-m%c9%99ruz%c9%99cini-bakida-q%c9%99bul-etm%c9%99kd%c9%99n-imtina-etdil%c9%99r\/#article","isPartOf":{"@id":"https:\/\/jam-news.net\/az\/siyasi-m%c9%99hbuslar-uzr%c9%99-m%c9%99ruz%c9%99cini-bakida-q%c9%99bul-etm%c9%99kd%c9%99n-imtina-etdil%c9%99r\/"},"author":{"name":"JAMnews","@id":"https:\/\/jam-news.net\/az\/#\/schema\/person\/67df3bb7adb46cd513fb9c4cb02361c6"},"headline":"Siyasi m\u0259hbuslar \u00fczr\u0259 m\u0259ruz\u0259\u00e7ini Bak\u0131da q\u0259bul etm\u0259kd\u0259n imtina etdil\u0259r","datePublished":"2019-06-06T00:00:00+00:00","dateModified":"2020-03-18T12:28:12+00:00","mainEntityOfPage":{"@id":"https:\/\/jam-news.net\/az\/siyasi-m%c9%99hbuslar-uzr%c9%99-m%c9%99ruz%c9%99cini-bakida-q%c9%99bul-etm%c9%99kd%c9%99n-imtina-etdil%c9%99r\/"},"wordCount":474,"commentCount":0,"publisher":{"@id":"https:\/\/jam-news.net\/az\/#organization"},"image":{"@id":"https:\/\/jam-news.net\/az\/siyasi-m%c9%99hbuslar-uzr%c9%99-m%c9%99ruz%c9%99cini-bakida-q%c9%99bul-etm%c9%99kd%c9%99n-imtina-etdil%c9%99r\/#primaryimage"},"thumbnailUrl":"https:\/\/jam-news.net\/app\/uploads\/2020\/03\/61879812_459260558172666_5637859172658708480_n-3.jpg","keywords":["Az\u0259rbaycan","Az\u0259rbaycan bu g\u00fcn","Az\u0259rbaycan harada yerl\u0259\u015fir","Az\u0259rbaycan h\u00f6kum\u0259ti","Az\u0259rbaycanda hara s\u0259f\u0259r etm\u0259li","Az\u0259rbaycanda n\u0259 ba\u015f verir","Az\u0259rbaycanda siyas\u0259t","Az\u0259rbaycanda v\u0259ziyy\u0259t","Qafqaz iqtisadiyyat\u0131"],"articleSection":["Azerbaijan","Geography","Issues","News"],"inLanguage":"az"},{"@type":"WebPage","@id":"https:\/\/jam-news.net\/az\/siyasi-m%c9%99hbuslar-uzr%c9%99-m%c9%99ruz%c9%99cini-bakida-q%c9%99bul-etm%c9%99kd%c9%99n-imtina-etdil%c9%99r\/","url":"https:\/\/jam-news.net\/az\/siyasi-m%c9%99hbuslar-uzr%c9%99-m%c9%99ruz%c9%99cini-bakida-q%c9%99bul-etm%c9%99kd%c9%99n-imtina-etdil%c9%99r\/","name":"Siyasi m\u0259hbuslar \u00fczr\u0259 m\u0259ruz\u0259\u00e7ini Bak\u0131da q\u0259bul etm\u0259kd\u0259n imtina etdil\u0259r - JAMnews","isPartOf":{"@id":"https:\/\/jam-news.net\/az\/#website"},"primaryImageOfPage":{"@id":"https:\/\/jam-news.net\/az\/siyasi-m%c9%99hbuslar-uzr%c9%99-m%c9%99ruz%c9%99cini-bakida-q%c9%99bul-etm%c9%99kd%c9%99n-imtina-etdil%c9%99r\/#primaryimage"},"image":{"@id":"https:\/\/jam-news.net\/az\/siyasi-m%c9%99hbuslar-uzr%c9%99-m%c9%99ruz%c9%99cini-bakida-q%c9%99bul-etm%c9%99kd%c9%99n-imtina-etdil%c9%99r\/#primaryimage"},"thumbnailUrl":"https:\/\/jam-news.net\/app\/uploads\/2020\/03\/61879812_459260558172666_5637859172658708480_n-3.jpg","datePublished":"2019-06-06T00:00:00+00:00","dateModified":"2020-03-18T12:28:12+00:00","breadcrumb":{"@id":"https:\/\/jam-news.net\/az\/siyasi-m%c9%99hbuslar-uzr%c9%99-m%c9%99ruz%c9%99cini-bakida-q%c9%99bul-etm%c9%99kd%c9%99n-imtina-etdil%c9%99r\/#breadcrumb"},"inLanguage":"az","potentialAction":[{"@type":"ReadAction","target":["https:\/\/jam-news.net\/az\/siyasi-m%c9%99hbuslar-uzr%c9%99-m%c9%99ruz%c9%99cini-bakida-q%c9%99bul-etm%c9%99kd%c9%99n-imtina-etdil%c9%99r\/"]}]},{"@type":"ImageObject","inLanguage":"az","@id":"https:\/\/jam-news.net\/az\/siyasi-m%c9%99hbuslar-uzr%c9%99-m%c9%99ruz%c9%99cini-bakida-q%c9%99bul-etm%c9%99kd%c9%99n-imtina-etdil%c9%99r\/#primaryimage","url":"https:\/\/jam-news.net\/app\/uploads\/2020\/03\/61879812_459260558172666_5637859172658708480_n-3.jpg","contentUrl":"https:\/\/jam-news.net\/app\/uploads\/2020\/03\/61879812_459260558172666_5637859172658708480_n-3.jpg","width":1600,"height":900},{"@type":"BreadcrumbList","@id":"https:\/\/jam-news.net\/az\/siyasi-m%c9%99hbuslar-uzr%c9%99-m%c9%99ruz%c9%99cini-bakida-q%c9%99bul-etm%c9%99kd%c9%99n-imtina-etdil%c9%99r\/#breadcrumb","itemListElement":[{"@type":"ListItem","position":1,"name":"Home","item":"https:\/\/jam-news.net\/az\/"},{"@type":"ListItem","position":2,"name":"Siyasi m\u0259hbuslar \u00fczr\u0259 m\u0259ruz\u0259\u00e7ini Bak\u0131da q\u0259bul etm\u0259kd\u0259n imtina etdil\u0259r"}]},{"@type":"WebSite","@id":"https:\/\/jam-news.net\/az\/#website","url":"https:\/\/jam-news.net\/az\/","name":"Azerbaijani Jamnews","description":"Caucasus News, Politics and Society","publisher":{"@id":"https:\/\/jam-news.net\/az\/#organization"},"potentialAction":[{"@type":"SearchAction","target":{"@type":"EntryPoint","urlTemplate":"https:\/\/jam-news.net\/az\/?s={search_term_string}"},"query-input":{"@type":"PropertyValueSpecification","valueRequired":true,"valueName":"search_term_string"}}],"inLanguage":"az"},{"@type":"Organization","@id":"https:\/\/jam-news.net\/az\/#organization","name":"JAMnews","url":"https:\/\/jam-news.net\/az\/","logo":{"@type":"ImageObject","inLanguage":"az","@id":"https:\/\/jam-news.net\/az\/#\/schema\/logo\/image\/","url":"https:\/\/jam-news.net\/app\/uploads\/2020\/05\/JAM_w.jpg","contentUrl":"https:\/\/jam-news.net\/app\/uploads\/2020\/05\/JAM_w.jpg","width":960,"height":960,"caption":"JAMnews"},"image":{"@id":"https:\/\/jam-news.net\/az\/#\/schema\/logo\/image\/"},"sameAs":["https:\/\/www.facebook.com\/JAMnewsInEnglish\/","https:\/\/x.com\/JAMnewsCaucasus","https:\/\/www.instagram.com\/jam_news\/","https:\/\/www.youtube.com\/channel\/UCXQbUCme2pykuZYXWHx4VPg"]},{"@type":"Person","@id":"https:\/\/jam-news.net\/az\/#\/schema\/person\/67df3bb7adb46cd513fb9c4cb02361c6","name":"JAMnews","image":{"@type":"ImageObject","inLanguage":"az","@id":"https:\/\/jam-news.net\/az\/#\/schema\/person\/image\/","url":"https:\/\/secure.gravatar.com\/avatar\/e5c27593ef900c3ab3deed4ed1c653d7?s=96&d=mm&r=g","contentUrl":"https:\/\/secure.gravatar.com\/avatar\/e5c27593ef900c3ab3deed4ed1c653d7?s=96&d=mm&r=g","caption":"JAMnews"},"url":"https:\/\/jam-news.net\/az\/author\/margarita\/"}]}},"_links":{"self":[{"href":"https:\/\/jam-news.net\/az\/wp-json\/wp\/v2\/posts\/11043","targetHints":{"allow":["GET"]}}],"collection":[{"href":"https:\/\/jam-news.net\/az\/wp-json\/wp\/v2\/posts"}],"about":[{"href":"https:\/\/jam-news.net\/az\/wp-json\/wp\/v2\/types\/post"}],"author":[{"embeddable":true,"href":"https:\/\/jam-news.net\/az\/wp-json\/wp\/v2\/users\/3"}],"replies":[{"embeddable":true,"href":"https:\/\/jam-news.net\/az\/wp-json\/wp\/v2\/comments?post=11043"}],"version-history":[{"count":1,"href":"https:\/\/jam-news.net\/az\/wp-json\/wp\/v2\/posts\/11043\/revisions"}],"predecessor-version":[{"id":16919,"href":"https:\/\/jam-news.net\/az\/wp-json\/wp\/v2\/posts\/11043\/revisions\/16919"}],"wp:featuredmedia":[{"embeddable":true,"href":"https:\/\/jam-news.net\/az\/wp-json\/wp\/v2\/media\/22219"}],"wp:attachment":[{"href":"https:\/\/jam-news.net\/az\/wp-json\/wp\/v2\/media?parent=11043"}],"wp:term":[{"taxonomy":"category","embeddable":true,"href":"https:\/\/jam-news.net\/az\/wp-json\/wp\/v2\/categories?post=11043"},{"taxonomy":"post_tag","embeddable":true,"href":"https:\/\/jam-news.net\/az\/wp-json\/wp\/v2\/tags?post=11043"},{"taxonomy":"formation","embeddable":true,"href":"https:\/\/jam-news.net\/az\/wp-json\/wp\/v2\/formation?post=11043"},{"taxonomy":"post-author","embeddable":true,"href":"https:\/\/jam-news.net\/az\/wp-json\/wp\/v2\/post-author?post=11043"},{"taxonomy":"topic","embeddable":true,"href":"https:\/\/jam-news.net\/az\/wp-json\/wp\/v2\/topic?post=11043"},{"taxonomy":"tooltip","embeddable":true,"href":"https:\/\/jam-news.net\/az\/wp-json\/wp\/v2\/tooltip?post=11043"},{"taxonomy":"city","embeddable":true,"href":"https:\/\/jam-news.net\/az\/wp-json\/wp\/v2\/city?post=11043"}],"curies":[{"name":"wp","href":"https:\/\/api.w.org\/{rel}","templated":true}]}}