{"id":11010,"date":"2019-06-03T00:00:00","date_gmt":"2019-06-03T00:00:00","guid":{"rendered":"http:\/\/jam-news.net\/az\/qalmaqalli-d%c9%99fn-guman-edilir-ki-%c9%99fsan%c9%99vi-s%c9%99rk%c9%99rd%c9%99nin-n%c9%99si-az%c9%99rbaycandan-ogurlanib-v%c9%99-dagistanda-yenid%c9%99n-d%c9%99fn-olunub\/"},"modified":"2020-03-18T12:27:49","modified_gmt":"2020-03-18T12:27:49","slug":"qalmaqalli-d%c9%99fn-guman-edilir-ki-%c9%99fsan%c9%99vi-s%c9%99rk%c9%99rd%c9%99nin-n%c9%99si-az%c9%99rbaycandan-ogurlanib-v%c9%99-dagistanda-yenid%c9%99n-d%c9%99fn-olunub","status":"publish","type":"post","link":"https:\/\/jam-news.net\/az\/qalmaqalli-d%c9%99fn-guman-edilir-ki-%c9%99fsan%c9%99vi-s%c9%99rk%c9%99rd%c9%99nin-n%c9%99si-az%c9%99rbaycandan-ogurlanib-v%c9%99-dagistanda-yenid%c9%99n-d%c9%99fn-olunub\/","title":{"rendered":"Qalmaqall\u0131 \u201cd\u0259fn\u201d: g\u00fcman edilir ki, \u0259fsan\u0259vi s\u0259rk\u0259rd\u0259nin n\u0259\u015fi Az\u0259rbaycandan o\u011furlan\u0131b v\u0259 Da\u011f\u0131standa yenid\u0259n d\u0259fn olunub"},"content":{"rendered":"<p><span style=\"font-weight: 400;\">\u0130yunun 2-d\u0259 Da\u011f\u0131standa [Rusiya Federasiyas\u0131n\u0131n t\u0259rkibind\u0259 muxtar respublika] ba\u015f tutmu\u015f d\u0259fn m\u0259rasimi ajiotaja s\u0259b\u0259b olub \u2013 \u015f\u00fcbh\u0259 var ki, orada \u0259fsan\u0259vi s\u0259rk\u0259rd\u0259 Hac\u0131 Murad\u0131n Az\u0259rbaycandan o\u011furlanm\u0131\u015f qal\u0131qlar\u0131 yenid\u0259n d\u0259fn edilib. Bu bar\u0259d\u0259 <\/span><a href=\"https:\/\/md-gazeta.ru\/news\/72405\"><b><i>\u00abMolodyoj Dagestana\u00bb <\/i><\/b><b><i><\/i><\/b><\/a><span style=\"font-weight: 400;\"> q\u0259zeti yaz\u0131r.<\/span><\/p>\n<p><b><a href=\"https:\/\/jam-news.net\/basi-rusiyada-b%C9%99d%C9%99ni-az%C9%99rbaycanda-%C9%99fsan%C9%99vi-s%C9%99rk%C9%99rd%C9%99-harada-basdirilacaq\/?lang=az-AZ\" target=\"_blank\" rel=\"noopener noreferrer\"><strong>\u2022\u00a0<\/strong><span style=\"text-decoration: underline;\">Az\u0259rbaycanda saxlamal\u0131, yaxud Da\u011f\u0131stana aparmal\u0131 \u2013 Hac\u0131 Murad\u0131n qal\u0131qlar\u0131 \u0259traf\u0131nda m\u00fcbahis\u0259l\u0259r<\/span><\/a><\/b><\/p>\n<p><a href=\"https:\/\/jam-news.net\/%C9%99fsan%C9%99vi-m%C9%99h%C9%99ll%C9%99-yoxa-cixmaq-uzr%C9%99dir-bakililar-sovetskini-xatirlayir\/?lang=az-AZ\" target=\"_blank\" rel=\"noopener noreferrer\"><strong>\u2022\u00a0<span style=\"text-decoration: underline;\">\u00abSovetski\u00bb \u2013 Bak\u0131n\u0131n yoxa \u00e7\u0131xm\u0131\u015f m\u0259h\u0259ll\u0259si<\/span><\/strong><\/a><\/p>\n<p><span style=\"font-weight: 400;\">Hac\u0131 Murad Da\u011f\u0131standa anadan olub, n\u0259\u015fi Az\u0259rbaycanda d\u0259fn olunub, k\u0259ll\u0259si is\u0259 Sankt-Peterburqda saxlan\u0131l\u0131r. S\u0259rk\u0259rd\u0259nin harada yenid\u0259n d\u0259fn edilm\u0259si bar\u0259d\u0259 m\u0259s\u0259l\u0259 10 il\u0259 yax\u0131nd\u0131r ki, h\u0259ll olunur.<\/span><\/p>\n<p>\n    <div class=\"bd_notification notification_info\">\n      <i><\/i><\/p>\n<p><span style=\"color: #000000;\">Hac\u0131 Murad Avarski (t\u0259xmin\u0259n 1818-1852-ci ill\u0259r) \u2013 \u015eimali Qafqaz s\u0259rk\u0259rd\u0259si v\u0259 q\u0259hr\u0259man\u0131d\u0131r, Qafqaz da\u011fl\u0131lar\u0131n\u0131n Rusiya \u0130mperiyas\u0131na qar\u015f\u0131 m\u00fcbariz\u0259sinin i\u015ftirak\u00e7\u0131s\u0131d\u0131r. Lev Tolstoyun eyniadl\u0131 povestinin personaj\u0131d\u0131r.<\/span><\/p>\n<p>\n    <\/div>\n    <\/p>\n<p><span style=\"font-weight: 400;\">Hac\u0131 Murad Az\u0259rbaycan\u0131n \u015fimal\u0131nda \u2013 Qax rayonunda \u00f6ld\u00fcr\u00fcl\u00fcb. Onun c\u0259s\u0259di el\u0259 oradaca d\u0259fn edilib, ba\u015f\u0131 is\u0259 h\u0259rbi trofey kimi Rusiyaya apar\u0131l\u0131b. Haz\u0131rda k\u0259ll\u0259 Peterburqdak\u0131 Antropologiya v\u0259 Etnoqrafiya Muzeyind\u0259 saxlan\u0131l\u0131r.<\/span><\/p>\n<h3 style=\"text-align: center;\"><span style=\"color: #000080;\"><b>Harada d\u0259fn etm\u0259li?<\/b><\/span><\/h3>\n<p><span style=\"font-weight: 400;\">On il\u0259 yax\u0131nd\u0131r ki, \u201cLev Tolstoyun irsi v\u0259 Da\u011f\u0131stan\u201d ictimai komit\u0259si v\u0259 Hac\u0131 Murad\u0131n varisl\u0259ri Hac\u0131 Murad\u0131n qal\u0131qlar\u0131n\u0131n yenid\u0259n birl\u0259\u015fdirilm\u0259sin\u0259 nail olma\u011fa \u00e7al\u0131\u015f\u0131rd\u0131lar. 2018-ci ilin \u0259vv\u0259ll\u0259rind\u0259 Rusiya onun k\u0259ll\u0259sini d\u0259fn edilm\u0259k \u00fc\u00e7\u00fcn geri verm\u0259y\u0259 raz\u0131l\u0131q verib. Do\u011frudur, bunun n\u0259 vaxt ba\u015f ver\u0259c\u0259yi h\u0259l\u0259lik m\u0259lum deyil. Rusiya prezidenti administrasiyas\u0131n\u0131n n\u00fcmay\u0259nd\u0259sinin s\u00f6zl\u0259rin\u0259 g\u00f6r\u0259, bu, \u201cdaxili siyasi v\u0259ziyy\u0259t\u201dd\u0259n as\u0131l\u0131 olacaq.<\/span><\/p>\n<p><a href=\"https:\/\/jam-news.net\/az%C9%99rbaycanda-olm%C9%99k-qiym%C9%99tl%C9%99r-m%C9%99rasiml%C9%99r-qaydalar\/?lang=az-AZ\"><b><strong>\u2022\u00a0<\/strong><span style=\"text-decoration: underline;\">Az\u0259rbaycansaya\u011f<\/span><\/b><\/a><span style=\"text-decoration: underline;\"><strong><a href=\"https:\/\/jam-news.net\/az%C9%99rbaycanda-olm%C9%99k-qiym%C9%99tl%C9%99r-m%C9%99rasiml%C9%99r-qaydalar\/?lang=az-AZ\" target=\"_blank\" rel=\"noopener noreferrer\">\u0131 d\u0259fn<\/a><\/strong><\/span><b><\/b><\/p>\n<p><span style=\"font-weight: 400;\">Lakin ba\u015fqa bir m\u0259s\u0259l\u0259 &#8211; qal\u0131qlar\u0131n d\u0259fninin harada ke\u00e7iril\u0259c\u0259yi a\u00e7\u0131q qal\u0131b.<\/span><\/p>\n<p><span style=\"font-weight: 400;\">\u201cLev Tolstoyun irsi v\u0259 Da\u011f\u0131stan\u201d komit\u0259si qal\u0131qlar\u0131n Az\u0259rbaycadan Da\u011f\u0131stana apar\u0131lmas\u0131n\u0131 v\u0259 orada k\u0259ll\u0259 il\u0259 birlikd\u0259 d\u0259fn edilm\u0259sini t\u0259l\u0259b edirdi.<\/span><\/p>\n<p><span style=\"font-weight: 400;\">Varisl\u0259r is\u0259 qal\u0131qlara toxunmama\u011f\u0131 t\u0259klif edir, sad\u0259c\u0259. K\u0259ll\u0259nin Az\u0259rbaycana g\u0259tiril\u0259r\u0259k, art\u0131q m\u00f6vcud olan q\u0259bir\u0259 qoyulmas\u0131n\u0131 ist\u0259yirdil\u0259r.<\/span><\/p>\n<p><span style=\"font-weight: 400;\">Az\u0259rbaycan t\u0259r\u0259fi bu m\u00fcbahis\u0259l\u0259r\u0259 qar\u0131\u015fm\u0131r, lakin v\u0259d etmi\u015fdi ki, n\u0259s\u0259 ba\u015f ver\u0259c\u0259yi t\u0259qdird\u0259 yenid\u0259n d\u0259fn\u0259 k\u00f6m\u0259klik g\u00f6st\u0259r\u0259c\u0259k.<\/span><\/p>\n<h3 style=\"text-align: center;\"><span style=\"color: #000080;\"><b>Qaz\u0131lm\u0131\u015f q\u0259bir<\/b><\/span><\/h3>\n<p><span style=\"font-weight: 400;\">May\u0131n 30-da Da\u011f\u0131stan sosial \u015f\u0259b\u0259k\u0259l\u0259rind\u0259 v\u0259 medias\u0131nda x\u0259b\u0259rl\u0259r yay\u0131ld\u0131 ki, Hac\u0131 Murad\u0131n qal\u0131qlar\u0131 Da\u011f\u0131standa \u2013 onun do\u011fma k\u0259ndi olan Xunzaxda d\u0259fn olunacaq. M\u0259rasim iyunun 2-n\u0259 t\u0259yin edilmi\u015fdi. Jurnalistl\u0259r yaz\u0131lar\u0131nda \u201cyenid\u0259n d\u0259fn t\u0259\u015fkilat komit\u0259sinin s\u0259dri\u201d M\u0259h\u0259mm\u0259d \u018fmirxanova istinad edibl\u0259r. Xunzax rayonunun administrasiyas\u0131 bu m\u0259lumat\u0131 r\u0259sm\u0259n t\u0259kzib edib.<\/span><\/p>\n<p><span style=\"font-weight: 400;\">Lakin iyunun 1-d\u0259 Az\u0259rbaycan\u0131n Qax rayonunun sakinl\u0259ri Hac\u0131 Murad\u0131n q\u0259brinin z\u0259d\u0259l\u0259ndiyini bildiribl\u0259r. \u0130yunun 2-d\u0259 is\u0259 Xunzax k\u0259ndind\u0259 d\u0259fn m\u0259rasimi ke\u00e7irilib. M\u0259rasimin \u015fahidi \u018fmir \u018fmirov \u201cMolodyoj Dagestana\u201d n\u0259\u015frin\u0259 dan\u0131\u015f\u0131b ki. m\u0259rasim qeyri-formal xarakter da\u015f\u0131y\u0131b v\u0259 ondan \u0259vv\u0259l yenid\u0259n d\u0259fnin m\u0259qs\u0259d\u0259uy\u011fun olub-olmamas\u0131 bar\u0259d\u0259 uzun-uzad\u0131 m\u00fczakir\u0259l\u0259r apar\u0131l\u0131b.<\/span><\/p>\n<p style=\"padding-left: 30px;\"><i><span style=\"font-weight: 400;\">\u00abHe\u00e7 kim bu qal\u0131qlar\u0131n naib Hac\u0131 Murada aid olmas\u0131na dair s\u00fcbut g\u00f6st\u0259rm\u0259yib. H\u0259r \u015fey ki\u015fi s\u00f6z\u00fcn\u00fcn \u00fcst\u00fcnd\u0259 qurulub\u00bb<\/span><\/i><span style=\"font-weight: 400;\">, \u2013 \u018fmirov bildirib.<\/span><\/p>\n<p><figure id=\"attachment_175051\" aria-describedby=\"caption-attachment-175051\" style=\"width: 795px\" class=\"wp-caption aligncenter\"><img loading=\"lazy\" decoding=\"async\" class=\"wp-image-175051 size-full\" src=\"http:\/\/jam-news.net\/app\/uploads\/2019\/06\/61666366_293176188231315_7196689326216839168_n.jpg\" alt=\"\" width=\"795\" height=\"750\" \/><figcaption id=\"caption-attachment-175051\" class=\"wp-caption-text\"><em><span style=\"color: #808080;\">\u00abMolodyoj Dagestana\u00bb<\/span><\/em><\/figcaption><\/figure><\/p>\n<p><span style=\"font-weight: 400;\">Xunzax rayonunun administrasiyas\u0131nda bir daha bildiribl\u0259r ki, s\u00f6hb\u0259tin n\u0259d\u0259n getdiyind\u0259n anlay\u0131\u015flar\u0131 yoxdur:<\/span><\/p>\n<p style=\"padding-left: 30px;\"><i><span style=\"font-weight: 400;\">\u00abXunzax k\u0259ndinin q\u0259biristanl\u0131\u011f\u0131nda hans\u0131sa yenid\u0259n d\u0259fn m\u0259rasimi do\u011frudan da ke\u00e7irilib, lakin d\u0259fn edilmi\u015f qal\u0131qlar\u0131n naib Hac\u0131 Murada aid olmas\u0131 il\u0259 ba\u011fl\u0131 s\u00fcbut yoxdur. Rayonun r\u0259smi \u015f\u0259xsl\u0259rind\u0259n he\u00e7 kim orada i\u015ftirak etm\u0259yib. Yenid\u0259n d\u0259fni h\u0259yata ke\u00e7irmi\u015f adamlar\u0131n da kim olmas\u0131 nam\u0259lumdur\u00bb<\/span><\/i><span style=\"font-weight: 400;\">.<\/span><\/p>\n<p><span style=\"font-weight: 400;\">T\u0259sdiql\u0259nm\u0259mi\u015f m\u0259lumatlara \u0259sas\u0259n, qal\u0131qlar da\u011f\u0131stanl\u0131 g\u0259ncl\u0259r t\u0259r\u0259find\u0259n Az\u0259rbaycandan o\u011furlan\u0131b. Lakin h\u0259l\u0259lik qal\u0131qlar\u0131n Az\u0259rbaycandan yoxa \u00e7\u0131xmas\u0131 v\u0259 Da\u011f\u0131standa m\u0259hz onlar\u0131n d\u0259fn edilm\u0259si bar\u0259d\u0259 s\u00fcbut yoxdur.<\/span><\/p>\n<h3 style=\"text-align: center;\"><span style=\"color: #000080;\"><b>Az\u0259rbaycanda reaksiya<\/b><\/span><\/h3>\n<p><span style=\"font-weight: 400;\">Az\u0259rbaycan hakimiyy\u0259ti he\u00e7 vaxt Hac\u0131 Murad\u0131n qal\u0131qlar\u0131n\u0131n Da\u011f\u0131stana t\u0259hvil verilm\u0259si m\u0259s\u0259l\u0259sind\u0259 m\u00fcqavim\u0259t g\u00f6st\u0259rm\u0259yib. \u201cAz\u0259rbaycan prezidenti k\u00f6m\u0259k etm\u0259y\u0259 s\u00f6z verib\u201d, &#8211; yanvar ay\u0131nda Rusiya parlamentinin deputat\u0131, yenid\u0259n d\u0259fn m\u0259s\u0259l\u0259si il\u0259 f\u0259al m\u0259\u015f\u011ful olan C\u0259maluddin \u00d6m\u0259rov bildirmi\u015fdi.<\/span><\/p>\n<p><span style=\"font-weight: 400;\">Lakin indiki halda Az\u0259rbaycan he\u00e7 bir icaz\u0259 verm\u0259yib, \u00e7\u00fcnki bunu he\u00e7 kim ist\u0259m\u0259yib. Az\u0259rbaycan hakimiyy\u0259tinin r\u0259smi reaksiyas\u0131 h\u0259l\u0259lik yoxdur. Qal\u0131qlar\u0131n o\u011furlanmas\u0131 fakt\u0131 is\u0259 m\u0259tbuat\u0131 v\u0259 Qax rayonunun sakinl\u0259rini \u015foka sal\u0131b.<\/span><\/p>\n<p><span lang=\"AZ-LATIN\">Hac\u0131 Murad\u0131n q\u0259brinin qism\u0259n da\u011f\u0131d\u0131lmas\u0131n\u0131 Az\u0259rbaycan parlamentind\u0259 Qax rayonunu t\u0259msil ed\u0259n deputat Az\u0259r K\u0259rimli t\u0259sdiql\u0259yib. Deputat\u00a0<a href=\"http:\/\/virtualaz.org\/\" target=\"_blank\" rel=\"noopener noreferrer\" data-saferedirecturl=\"https:\/\/www.google.com\/url?q=http:\/\/virtualaz.org&amp;source=gmail&amp;ust=1559653197617000&amp;usg=AFQjCNH6iSleTbk-JbBLduXghFYC71qx_A\">virtualaz.org<\/a>\u00a0sayt\u0131na bildirib ki. haz\u0131rda istintaq qrupu c\u0259s\u0259din q\u0259bird\u0259n yoxa \u00e7\u0131x\u0131b-\u00e7\u0131xmamas\u0131n\u0131 ara\u015fd\u0131rma\u011fa c\u0259hd edir.<\/span><\/p>\n<p><span style=\"font-weight: 400;\">Qax rayonu \u2013 \u015eimali Qafqaz milli azl\u0131qlar\u0131n\u0131n kompakt ya\u015fad\u0131\u011f\u0131 \u0259razidir. \u018fl\u0259lx\u00fcsus da, l\u0259zgil\u0259rin v\u0259 avarlar\u0131n. Hac\u0131 Murad da avar mill\u0259tin\u0259 m\u0259nsub olub.<\/span><\/p>\n<p><div class=\"su-divider su-divider-style-default\" style=\"margin:15px 0;border-width:3px;border-color:#999999\"><a href=\"#\" style=\"color:#999999\">Go to top<\/a><\/div> <\/p>\n<p><\/p>\n","protected":false},"excerpt":{"rendered":"<p>Yenid\u0259n d\u0259fn edilmi\u015f qal\u0131qlar\u0131n Hac\u0131 Murada aid olmas\u0131n\u0131n he\u00e7 bir s\u00fcbutu yoxdur<\/p>\n","protected":false},"author":3,"featured_media":22209,"comment_status":"open","ping_status":"open","sticky":false,"template":"","format":"standard","meta":{"_acf_changed":false,"footnotes":""},"categories":[17,2,25,50],"tags":[18,256,93,258,95,259,260,261,96],"formation":[],"post-author":[],"topic":[],"tooltip":[],"city":[],"class_list":["post-11010","post","type-post","status-publish","format-standard","has-post-thumbnail","hentry","category-azrbaycan","category-cografiya","category-cmiyyt","category-xbrlr","tag-azrbaycan","tag-azrbaycan-bu-gun","tag-azrbaycan-harada-yerlsir","tag-azrbaycan-hokumti","tag-azrbaycanda-hara-sfr-etmli","tag-azrbaycanda-n-bas-verir","tag-azrbaycanda-siyast","tag-azrbaycanda-vziyyt","tag-qafqaz-iqtisadiyyati"],"acf":[],"yoast_head":"<!-- This site is optimized with the Yoast SEO plugin v24.1 - https:\/\/yoast.com\/wordpress\/plugins\/seo\/ -->\n<title>Qalmaqall\u0131 \u201cd\u0259fn\u201d: g\u00fcman edilir ki, \u0259fsan\u0259vi s\u0259rk\u0259rd\u0259nin n\u0259\u015fi Az\u0259rbaycandan o\u011furlan\u0131b v\u0259 Da\u011f\u0131standa yenid\u0259n d\u0259fn olunub - JAMnews<\/title>\n<meta name=\"robots\" content=\"index, follow, max-snippet:-1, max-image-preview:large, max-video-preview:-1\" \/>\n<link rel=\"canonical\" href=\"https:\/\/jam-news.net\/az\/qalmaqalli-d\u0259fn-guman-edilir-ki-\u0259fsan\u0259vi-s\u0259rk\u0259rd\u0259nin-n\u0259si-az\u0259rbaycandan-ogurlanib-v\u0259-dagistanda-yenid\u0259n-d\u0259fn-olunub\/\" \/>\n<meta property=\"og:locale\" content=\"az_AZ\" \/>\n<meta property=\"og:type\" content=\"article\" \/>\n<meta property=\"og:title\" content=\"Qalmaqall\u0131 \u201cd\u0259fn\u201d: g\u00fcman edilir ki, \u0259fsan\u0259vi s\u0259rk\u0259rd\u0259nin n\u0259\u015fi Az\u0259rbaycandan o\u011furlan\u0131b v\u0259 Da\u011f\u0131standa yenid\u0259n d\u0259fn olunub - JAMnews\" \/>\n<meta property=\"og:description\" content=\"Yenid\u0259n d\u0259fn edilmi\u015f qal\u0131qlar\u0131n Hac\u0131 Murada aid olmas\u0131n\u0131n he\u00e7 bir s\u00fcbutu yoxdur\" \/>\n<meta property=\"og:url\" content=\"https:\/\/jam-news.net\/az\/qalmaqalli-d\u0259fn-guman-edilir-ki-\u0259fsan\u0259vi-s\u0259rk\u0259rd\u0259nin-n\u0259si-az\u0259rbaycandan-ogurlanib-v\u0259-dagistanda-yenid\u0259n-d\u0259fn-olunub\/\" \/>\n<meta property=\"og:site_name\" content=\"Azerbaijani Jamnews\" \/>\n<meta property=\"article:publisher\" content=\"https:\/\/www.facebook.com\/JAMnewsInEnglish\/\" \/>\n<meta property=\"article:published_time\" content=\"2019-06-03T00:00:00+00:00\" \/>\n<meta property=\"article:modified_time\" content=\"2020-03-18T12:27:49+00:00\" \/>\n<meta property=\"og:image\" content=\"https:\/\/jam-news.net\/app\/uploads\/2020\/03\/61692231_407642763424435_6410857250469969920_n-3.jpg\" \/>\n\t<meta property=\"og:image:width\" content=\"1481\" \/>\n\t<meta property=\"og:image:height\" content=\"1104\" \/>\n\t<meta property=\"og:image:type\" content=\"image\/jpeg\" \/>\n<meta name=\"author\" content=\"JAMnews\" \/>\n<meta name=\"twitter:card\" content=\"summary_large_image\" \/>\n<meta name=\"twitter:creator\" content=\"@JAMnewsCaucasus\" \/>\n<meta name=\"twitter:site\" content=\"@JAMnewsCaucasus\" \/>\n<meta name=\"twitter:label1\" content=\"Written by\" \/>\n\t<meta name=\"twitter:data1\" content=\"JAMnews\" \/>\n\t<meta name=\"twitter:label2\" content=\"Est. reading time\" \/>\n\t<meta name=\"twitter:data2\" content=\"5 minutes\" \/>\n<script type=\"application\/ld+json\" class=\"yoast-schema-graph\">{\"@context\":\"https:\/\/schema.org\",\"@graph\":[{\"@type\":\"Article\",\"@id\":\"https:\/\/jam-news.net\/az\/qalmaqalli-d%c9%99fn-guman-edilir-ki-%c9%99fsan%c9%99vi-s%c9%99rk%c9%99rd%c9%99nin-n%c9%99si-az%c9%99rbaycandan-ogurlanib-v%c9%99-dagistanda-yenid%c9%99n-d%c9%99fn-olunub\/#article\",\"isPartOf\":{\"@id\":\"https:\/\/jam-news.net\/az\/qalmaqalli-d%c9%99fn-guman-edilir-ki-%c9%99fsan%c9%99vi-s%c9%99rk%c9%99rd%c9%99nin-n%c9%99si-az%c9%99rbaycandan-ogurlanib-v%c9%99-dagistanda-yenid%c9%99n-d%c9%99fn-olunub\/\"},\"author\":{\"name\":\"JAMnews\",\"@id\":\"https:\/\/jam-news.net\/az\/#\/schema\/person\/67df3bb7adb46cd513fb9c4cb02361c6\"},\"headline\":\"Qalmaqall\u0131 \u201cd\u0259fn\u201d: g\u00fcman edilir ki, \u0259fsan\u0259vi s\u0259rk\u0259rd\u0259nin n\u0259\u015fi Az\u0259rbaycandan o\u011furlan\u0131b v\u0259 Da\u011f\u0131standa yenid\u0259n d\u0259fn olunub\",\"datePublished\":\"2019-06-03T00:00:00+00:00\",\"dateModified\":\"2020-03-18T12:27:49+00:00\",\"mainEntityOfPage\":{\"@id\":\"https:\/\/jam-news.net\/az\/qalmaqalli-d%c9%99fn-guman-edilir-ki-%c9%99fsan%c9%99vi-s%c9%99rk%c9%99rd%c9%99nin-n%c9%99si-az%c9%99rbaycandan-ogurlanib-v%c9%99-dagistanda-yenid%c9%99n-d%c9%99fn-olunub\/\"},\"wordCount\":1049,\"commentCount\":0,\"publisher\":{\"@id\":\"https:\/\/jam-news.net\/az\/#organization\"},\"image\":{\"@id\":\"https:\/\/jam-news.net\/az\/qalmaqalli-d%c9%99fn-guman-edilir-ki-%c9%99fsan%c9%99vi-s%c9%99rk%c9%99rd%c9%99nin-n%c9%99si-az%c9%99rbaycandan-ogurlanib-v%c9%99-dagistanda-yenid%c9%99n-d%c9%99fn-olunub\/#primaryimage\"},\"thumbnailUrl\":\"https:\/\/jam-news.net\/app\/uploads\/2020\/03\/61692231_407642763424435_6410857250469969920_n-3.jpg\",\"keywords\":[\"Az\u0259rbaycan\",\"Az\u0259rbaycan bu g\u00fcn\",\"Az\u0259rbaycan harada yerl\u0259\u015fir\",\"Az\u0259rbaycan h\u00f6kum\u0259ti\",\"Az\u0259rbaycanda hara s\u0259f\u0259r etm\u0259li\",\"Az\u0259rbaycanda n\u0259 ba\u015f verir\",\"Az\u0259rbaycanda siyas\u0259t\",\"Az\u0259rbaycanda v\u0259ziyy\u0259t\",\"Qafqaz iqtisadiyyat\u0131\"],\"articleSection\":[\"Azerbaijan\",\"Geography\",\"Issues\",\"News\"],\"inLanguage\":\"az\"},{\"@type\":\"WebPage\",\"@id\":\"https:\/\/jam-news.net\/az\/qalmaqalli-d%c9%99fn-guman-edilir-ki-%c9%99fsan%c9%99vi-s%c9%99rk%c9%99rd%c9%99nin-n%c9%99si-az%c9%99rbaycandan-ogurlanib-v%c9%99-dagistanda-yenid%c9%99n-d%c9%99fn-olunub\/\",\"url\":\"https:\/\/jam-news.net\/az\/qalmaqalli-d%c9%99fn-guman-edilir-ki-%c9%99fsan%c9%99vi-s%c9%99rk%c9%99rd%c9%99nin-n%c9%99si-az%c9%99rbaycandan-ogurlanib-v%c9%99-dagistanda-yenid%c9%99n-d%c9%99fn-olunub\/\",\"name\":\"Qalmaqall\u0131 \u201cd\u0259fn\u201d: g\u00fcman edilir ki, \u0259fsan\u0259vi s\u0259rk\u0259rd\u0259nin n\u0259\u015fi Az\u0259rbaycandan o\u011furlan\u0131b v\u0259 Da\u011f\u0131standa yenid\u0259n d\u0259fn olunub - JAMnews\",\"isPartOf\":{\"@id\":\"https:\/\/jam-news.net\/az\/#website\"},\"primaryImageOfPage\":{\"@id\":\"https:\/\/jam-news.net\/az\/qalmaqalli-d%c9%99fn-guman-edilir-ki-%c9%99fsan%c9%99vi-s%c9%99rk%c9%99rd%c9%99nin-n%c9%99si-az%c9%99rbaycandan-ogurlanib-v%c9%99-dagistanda-yenid%c9%99n-d%c9%99fn-olunub\/#primaryimage\"},\"image\":{\"@id\":\"https:\/\/jam-news.net\/az\/qalmaqalli-d%c9%99fn-guman-edilir-ki-%c9%99fsan%c9%99vi-s%c9%99rk%c9%99rd%c9%99nin-n%c9%99si-az%c9%99rbaycandan-ogurlanib-v%c9%99-dagistanda-yenid%c9%99n-d%c9%99fn-olunub\/#primaryimage\"},\"thumbnailUrl\":\"https:\/\/jam-news.net\/app\/uploads\/2020\/03\/61692231_407642763424435_6410857250469969920_n-3.jpg\",\"datePublished\":\"2019-06-03T00:00:00+00:00\",\"dateModified\":\"2020-03-18T12:27:49+00:00\",\"breadcrumb\":{\"@id\":\"https:\/\/jam-news.net\/az\/qalmaqalli-d%c9%99fn-guman-edilir-ki-%c9%99fsan%c9%99vi-s%c9%99rk%c9%99rd%c9%99nin-n%c9%99si-az%c9%99rbaycandan-ogurlanib-v%c9%99-dagistanda-yenid%c9%99n-d%c9%99fn-olunub\/#breadcrumb\"},\"inLanguage\":\"az\",\"potentialAction\":[{\"@type\":\"ReadAction\",\"target\":[\"https:\/\/jam-news.net\/az\/qalmaqalli-d%c9%99fn-guman-edilir-ki-%c9%99fsan%c9%99vi-s%c9%99rk%c9%99rd%c9%99nin-n%c9%99si-az%c9%99rbaycandan-ogurlanib-v%c9%99-dagistanda-yenid%c9%99n-d%c9%99fn-olunub\/\"]}]},{\"@type\":\"ImageObject\",\"inLanguage\":\"az\",\"@id\":\"https:\/\/jam-news.net\/az\/qalmaqalli-d%c9%99fn-guman-edilir-ki-%c9%99fsan%c9%99vi-s%c9%99rk%c9%99rd%c9%99nin-n%c9%99si-az%c9%99rbaycandan-ogurlanib-v%c9%99-dagistanda-yenid%c9%99n-d%c9%99fn-olunub\/#primaryimage\",\"url\":\"https:\/\/jam-news.net\/app\/uploads\/2020\/03\/61692231_407642763424435_6410857250469969920_n-3.jpg\",\"contentUrl\":\"https:\/\/jam-news.net\/app\/uploads\/2020\/03\/61692231_407642763424435_6410857250469969920_n-3.jpg\",\"width\":1481,\"height\":1104},{\"@type\":\"BreadcrumbList\",\"@id\":\"https:\/\/jam-news.net\/az\/qalmaqalli-d%c9%99fn-guman-edilir-ki-%c9%99fsan%c9%99vi-s%c9%99rk%c9%99rd%c9%99nin-n%c9%99si-az%c9%99rbaycandan-ogurlanib-v%c9%99-dagistanda-yenid%c9%99n-d%c9%99fn-olunub\/#breadcrumb\",\"itemListElement\":[{\"@type\":\"ListItem\",\"position\":1,\"name\":\"Home\",\"item\":\"https:\/\/jam-news.net\/az\/\"},{\"@type\":\"ListItem\",\"position\":2,\"name\":\"Qalmaqall\u0131 \u201cd\u0259fn\u201d: g\u00fcman edilir ki, \u0259fsan\u0259vi s\u0259rk\u0259rd\u0259nin n\u0259\u015fi Az\u0259rbaycandan o\u011furlan\u0131b v\u0259 Da\u011f\u0131standa yenid\u0259n d\u0259fn olunub\"}]},{\"@type\":\"WebSite\",\"@id\":\"https:\/\/jam-news.net\/az\/#website\",\"url\":\"https:\/\/jam-news.net\/az\/\",\"name\":\"Azerbaijani Jamnews\",\"description\":\"Caucasus News, Politics and Society\",\"publisher\":{\"@id\":\"https:\/\/jam-news.net\/az\/#organization\"},\"potentialAction\":[{\"@type\":\"SearchAction\",\"target\":{\"@type\":\"EntryPoint\",\"urlTemplate\":\"https:\/\/jam-news.net\/az\/?s={search_term_string}\"},\"query-input\":{\"@type\":\"PropertyValueSpecification\",\"valueRequired\":true,\"valueName\":\"search_term_string\"}}],\"inLanguage\":\"az\"},{\"@type\":\"Organization\",\"@id\":\"https:\/\/jam-news.net\/az\/#organization\",\"name\":\"JAMnews\",\"url\":\"https:\/\/jam-news.net\/az\/\",\"logo\":{\"@type\":\"ImageObject\",\"inLanguage\":\"az\",\"@id\":\"https:\/\/jam-news.net\/az\/#\/schema\/logo\/image\/\",\"url\":\"https:\/\/jam-news.net\/app\/uploads\/2020\/05\/JAM_w.jpg\",\"contentUrl\":\"https:\/\/jam-news.net\/app\/uploads\/2020\/05\/JAM_w.jpg\",\"width\":960,\"height\":960,\"caption\":\"JAMnews\"},\"image\":{\"@id\":\"https:\/\/jam-news.net\/az\/#\/schema\/logo\/image\/\"},\"sameAs\":[\"https:\/\/www.facebook.com\/JAMnewsInEnglish\/\",\"https:\/\/x.com\/JAMnewsCaucasus\",\"https:\/\/www.instagram.com\/jam_news\/\",\"https:\/\/www.youtube.com\/channel\/UCXQbUCme2pykuZYXWHx4VPg\"]},{\"@type\":\"Person\",\"@id\":\"https:\/\/jam-news.net\/az\/#\/schema\/person\/67df3bb7adb46cd513fb9c4cb02361c6\",\"name\":\"JAMnews\",\"image\":{\"@type\":\"ImageObject\",\"inLanguage\":\"az\",\"@id\":\"https:\/\/jam-news.net\/az\/#\/schema\/person\/image\/\",\"url\":\"https:\/\/secure.gravatar.com\/avatar\/e5c27593ef900c3ab3deed4ed1c653d7?s=96&d=mm&r=g\",\"contentUrl\":\"https:\/\/secure.gravatar.com\/avatar\/e5c27593ef900c3ab3deed4ed1c653d7?s=96&d=mm&r=g\",\"caption\":\"JAMnews\"},\"url\":\"https:\/\/jam-news.net\/az\/author\/margarita\/\"}]}<\/script>\n<!-- \/ Yoast SEO plugin. -->","yoast_head_json":{"title":"Qalmaqall\u0131 \u201cd\u0259fn\u201d: g\u00fcman edilir ki, \u0259fsan\u0259vi s\u0259rk\u0259rd\u0259nin n\u0259\u015fi Az\u0259rbaycandan o\u011furlan\u0131b v\u0259 Da\u011f\u0131standa yenid\u0259n d\u0259fn olunub - JAMnews","robots":{"index":"index","follow":"follow","max-snippet":"max-snippet:-1","max-image-preview":"max-image-preview:large","max-video-preview":"max-video-preview:-1"},"canonical":"https:\/\/jam-news.net\/az\/qalmaqalli-d\u0259fn-guman-edilir-ki-\u0259fsan\u0259vi-s\u0259rk\u0259rd\u0259nin-n\u0259si-az\u0259rbaycandan-ogurlanib-v\u0259-dagistanda-yenid\u0259n-d\u0259fn-olunub\/","og_locale":"az_AZ","og_type":"article","og_title":"Qalmaqall\u0131 \u201cd\u0259fn\u201d: g\u00fcman edilir ki, \u0259fsan\u0259vi s\u0259rk\u0259rd\u0259nin n\u0259\u015fi Az\u0259rbaycandan o\u011furlan\u0131b v\u0259 Da\u011f\u0131standa yenid\u0259n d\u0259fn olunub - JAMnews","og_description":"Yenid\u0259n d\u0259fn edilmi\u015f qal\u0131qlar\u0131n Hac\u0131 Murada aid olmas\u0131n\u0131n he\u00e7 bir s\u00fcbutu yoxdur","og_url":"https:\/\/jam-news.net\/az\/qalmaqalli-d\u0259fn-guman-edilir-ki-\u0259fsan\u0259vi-s\u0259rk\u0259rd\u0259nin-n\u0259si-az\u0259rbaycandan-ogurlanib-v\u0259-dagistanda-yenid\u0259n-d\u0259fn-olunub\/","og_site_name":"Azerbaijani Jamnews","article_publisher":"https:\/\/www.facebook.com\/JAMnewsInEnglish\/","article_published_time":"2019-06-03T00:00:00+00:00","article_modified_time":"2020-03-18T12:27:49+00:00","og_image":[{"width":1481,"height":1104,"url":"https:\/\/jam-news.net\/app\/uploads\/2020\/03\/61692231_407642763424435_6410857250469969920_n-3.jpg","type":"image\/jpeg"}],"author":"JAMnews","twitter_card":"summary_large_image","twitter_creator":"@JAMnewsCaucasus","twitter_site":"@JAMnewsCaucasus","twitter_misc":{"Written by":"JAMnews","Est. reading time":"5 minutes"},"schema":{"@context":"https:\/\/schema.org","@graph":[{"@type":"Article","@id":"https:\/\/jam-news.net\/az\/qalmaqalli-d%c9%99fn-guman-edilir-ki-%c9%99fsan%c9%99vi-s%c9%99rk%c9%99rd%c9%99nin-n%c9%99si-az%c9%99rbaycandan-ogurlanib-v%c9%99-dagistanda-yenid%c9%99n-d%c9%99fn-olunub\/#article","isPartOf":{"@id":"https:\/\/jam-news.net\/az\/qalmaqalli-d%c9%99fn-guman-edilir-ki-%c9%99fsan%c9%99vi-s%c9%99rk%c9%99rd%c9%99nin-n%c9%99si-az%c9%99rbaycandan-ogurlanib-v%c9%99-dagistanda-yenid%c9%99n-d%c9%99fn-olunub\/"},"author":{"name":"JAMnews","@id":"https:\/\/jam-news.net\/az\/#\/schema\/person\/67df3bb7adb46cd513fb9c4cb02361c6"},"headline":"Qalmaqall\u0131 \u201cd\u0259fn\u201d: g\u00fcman edilir ki, \u0259fsan\u0259vi s\u0259rk\u0259rd\u0259nin n\u0259\u015fi Az\u0259rbaycandan o\u011furlan\u0131b v\u0259 Da\u011f\u0131standa yenid\u0259n d\u0259fn olunub","datePublished":"2019-06-03T00:00:00+00:00","dateModified":"2020-03-18T12:27:49+00:00","mainEntityOfPage":{"@id":"https:\/\/jam-news.net\/az\/qalmaqalli-d%c9%99fn-guman-edilir-ki-%c9%99fsan%c9%99vi-s%c9%99rk%c9%99rd%c9%99nin-n%c9%99si-az%c9%99rbaycandan-ogurlanib-v%c9%99-dagistanda-yenid%c9%99n-d%c9%99fn-olunub\/"},"wordCount":1049,"commentCount":0,"publisher":{"@id":"https:\/\/jam-news.net\/az\/#organization"},"image":{"@id":"https:\/\/jam-news.net\/az\/qalmaqalli-d%c9%99fn-guman-edilir-ki-%c9%99fsan%c9%99vi-s%c9%99rk%c9%99rd%c9%99nin-n%c9%99si-az%c9%99rbaycandan-ogurlanib-v%c9%99-dagistanda-yenid%c9%99n-d%c9%99fn-olunub\/#primaryimage"},"thumbnailUrl":"https:\/\/jam-news.net\/app\/uploads\/2020\/03\/61692231_407642763424435_6410857250469969920_n-3.jpg","keywords":["Az\u0259rbaycan","Az\u0259rbaycan bu g\u00fcn","Az\u0259rbaycan harada yerl\u0259\u015fir","Az\u0259rbaycan h\u00f6kum\u0259ti","Az\u0259rbaycanda hara s\u0259f\u0259r etm\u0259li","Az\u0259rbaycanda n\u0259 ba\u015f verir","Az\u0259rbaycanda siyas\u0259t","Az\u0259rbaycanda v\u0259ziyy\u0259t","Qafqaz iqtisadiyyat\u0131"],"articleSection":["Azerbaijan","Geography","Issues","News"],"inLanguage":"az"},{"@type":"WebPage","@id":"https:\/\/jam-news.net\/az\/qalmaqalli-d%c9%99fn-guman-edilir-ki-%c9%99fsan%c9%99vi-s%c9%99rk%c9%99rd%c9%99nin-n%c9%99si-az%c9%99rbaycandan-ogurlanib-v%c9%99-dagistanda-yenid%c9%99n-d%c9%99fn-olunub\/","url":"https:\/\/jam-news.net\/az\/qalmaqalli-d%c9%99fn-guman-edilir-ki-%c9%99fsan%c9%99vi-s%c9%99rk%c9%99rd%c9%99nin-n%c9%99si-az%c9%99rbaycandan-ogurlanib-v%c9%99-dagistanda-yenid%c9%99n-d%c9%99fn-olunub\/","name":"Qalmaqall\u0131 \u201cd\u0259fn\u201d: g\u00fcman edilir ki, \u0259fsan\u0259vi s\u0259rk\u0259rd\u0259nin n\u0259\u015fi Az\u0259rbaycandan o\u011furlan\u0131b v\u0259 Da\u011f\u0131standa yenid\u0259n d\u0259fn olunub - JAMnews","isPartOf":{"@id":"https:\/\/jam-news.net\/az\/#website"},"primaryImageOfPage":{"@id":"https:\/\/jam-news.net\/az\/qalmaqalli-d%c9%99fn-guman-edilir-ki-%c9%99fsan%c9%99vi-s%c9%99rk%c9%99rd%c9%99nin-n%c9%99si-az%c9%99rbaycandan-ogurlanib-v%c9%99-dagistanda-yenid%c9%99n-d%c9%99fn-olunub\/#primaryimage"},"image":{"@id":"https:\/\/jam-news.net\/az\/qalmaqalli-d%c9%99fn-guman-edilir-ki-%c9%99fsan%c9%99vi-s%c9%99rk%c9%99rd%c9%99nin-n%c9%99si-az%c9%99rbaycandan-ogurlanib-v%c9%99-dagistanda-yenid%c9%99n-d%c9%99fn-olunub\/#primaryimage"},"thumbnailUrl":"https:\/\/jam-news.net\/app\/uploads\/2020\/03\/61692231_407642763424435_6410857250469969920_n-3.jpg","datePublished":"2019-06-03T00:00:00+00:00","dateModified":"2020-03-18T12:27:49+00:00","breadcrumb":{"@id":"https:\/\/jam-news.net\/az\/qalmaqalli-d%c9%99fn-guman-edilir-ki-%c9%99fsan%c9%99vi-s%c9%99rk%c9%99rd%c9%99nin-n%c9%99si-az%c9%99rbaycandan-ogurlanib-v%c9%99-dagistanda-yenid%c9%99n-d%c9%99fn-olunub\/#breadcrumb"},"inLanguage":"az","potentialAction":[{"@type":"ReadAction","target":["https:\/\/jam-news.net\/az\/qalmaqalli-d%c9%99fn-guman-edilir-ki-%c9%99fsan%c9%99vi-s%c9%99rk%c9%99rd%c9%99nin-n%c9%99si-az%c9%99rbaycandan-ogurlanib-v%c9%99-dagistanda-yenid%c9%99n-d%c9%99fn-olunub\/"]}]},{"@type":"ImageObject","inLanguage":"az","@id":"https:\/\/jam-news.net\/az\/qalmaqalli-d%c9%99fn-guman-edilir-ki-%c9%99fsan%c9%99vi-s%c9%99rk%c9%99rd%c9%99nin-n%c9%99si-az%c9%99rbaycandan-ogurlanib-v%c9%99-dagistanda-yenid%c9%99n-d%c9%99fn-olunub\/#primaryimage","url":"https:\/\/jam-news.net\/app\/uploads\/2020\/03\/61692231_407642763424435_6410857250469969920_n-3.jpg","contentUrl":"https:\/\/jam-news.net\/app\/uploads\/2020\/03\/61692231_407642763424435_6410857250469969920_n-3.jpg","width":1481,"height":1104},{"@type":"BreadcrumbList","@id":"https:\/\/jam-news.net\/az\/qalmaqalli-d%c9%99fn-guman-edilir-ki-%c9%99fsan%c9%99vi-s%c9%99rk%c9%99rd%c9%99nin-n%c9%99si-az%c9%99rbaycandan-ogurlanib-v%c9%99-dagistanda-yenid%c9%99n-d%c9%99fn-olunub\/#breadcrumb","itemListElement":[{"@type":"ListItem","position":1,"name":"Home","item":"https:\/\/jam-news.net\/az\/"},{"@type":"ListItem","position":2,"name":"Qalmaqall\u0131 \u201cd\u0259fn\u201d: g\u00fcman edilir ki, \u0259fsan\u0259vi s\u0259rk\u0259rd\u0259nin n\u0259\u015fi Az\u0259rbaycandan o\u011furlan\u0131b v\u0259 Da\u011f\u0131standa yenid\u0259n d\u0259fn olunub"}]},{"@type":"WebSite","@id":"https:\/\/jam-news.net\/az\/#website","url":"https:\/\/jam-news.net\/az\/","name":"Azerbaijani Jamnews","description":"Caucasus News, Politics and Society","publisher":{"@id":"https:\/\/jam-news.net\/az\/#organization"},"potentialAction":[{"@type":"SearchAction","target":{"@type":"EntryPoint","urlTemplate":"https:\/\/jam-news.net\/az\/?s={search_term_string}"},"query-input":{"@type":"PropertyValueSpecification","valueRequired":true,"valueName":"search_term_string"}}],"inLanguage":"az"},{"@type":"Organization","@id":"https:\/\/jam-news.net\/az\/#organization","name":"JAMnews","url":"https:\/\/jam-news.net\/az\/","logo":{"@type":"ImageObject","inLanguage":"az","@id":"https:\/\/jam-news.net\/az\/#\/schema\/logo\/image\/","url":"https:\/\/jam-news.net\/app\/uploads\/2020\/05\/JAM_w.jpg","contentUrl":"https:\/\/jam-news.net\/app\/uploads\/2020\/05\/JAM_w.jpg","width":960,"height":960,"caption":"JAMnews"},"image":{"@id":"https:\/\/jam-news.net\/az\/#\/schema\/logo\/image\/"},"sameAs":["https:\/\/www.facebook.com\/JAMnewsInEnglish\/","https:\/\/x.com\/JAMnewsCaucasus","https:\/\/www.instagram.com\/jam_news\/","https:\/\/www.youtube.com\/channel\/UCXQbUCme2pykuZYXWHx4VPg"]},{"@type":"Person","@id":"https:\/\/jam-news.net\/az\/#\/schema\/person\/67df3bb7adb46cd513fb9c4cb02361c6","name":"JAMnews","image":{"@type":"ImageObject","inLanguage":"az","@id":"https:\/\/jam-news.net\/az\/#\/schema\/person\/image\/","url":"https:\/\/secure.gravatar.com\/avatar\/e5c27593ef900c3ab3deed4ed1c653d7?s=96&d=mm&r=g","contentUrl":"https:\/\/secure.gravatar.com\/avatar\/e5c27593ef900c3ab3deed4ed1c653d7?s=96&d=mm&r=g","caption":"JAMnews"},"url":"https:\/\/jam-news.net\/az\/author\/margarita\/"}]}},"_links":{"self":[{"href":"https:\/\/jam-news.net\/az\/wp-json\/wp\/v2\/posts\/11010","targetHints":{"allow":["GET"]}}],"collection":[{"href":"https:\/\/jam-news.net\/az\/wp-json\/wp\/v2\/posts"}],"about":[{"href":"https:\/\/jam-news.net\/az\/wp-json\/wp\/v2\/types\/post"}],"author":[{"embeddable":true,"href":"https:\/\/jam-news.net\/az\/wp-json\/wp\/v2\/users\/3"}],"replies":[{"embeddable":true,"href":"https:\/\/jam-news.net\/az\/wp-json\/wp\/v2\/comments?post=11010"}],"version-history":[{"count":1,"href":"https:\/\/jam-news.net\/az\/wp-json\/wp\/v2\/posts\/11010\/revisions"}],"predecessor-version":[{"id":16923,"href":"https:\/\/jam-news.net\/az\/wp-json\/wp\/v2\/posts\/11010\/revisions\/16923"}],"wp:featuredmedia":[{"embeddable":true,"href":"https:\/\/jam-news.net\/az\/wp-json\/wp\/v2\/media\/22209"}],"wp:attachment":[{"href":"https:\/\/jam-news.net\/az\/wp-json\/wp\/v2\/media?parent=11010"}],"wp:term":[{"taxonomy":"category","embeddable":true,"href":"https:\/\/jam-news.net\/az\/wp-json\/wp\/v2\/categories?post=11010"},{"taxonomy":"post_tag","embeddable":true,"href":"https:\/\/jam-news.net\/az\/wp-json\/wp\/v2\/tags?post=11010"},{"taxonomy":"formation","embeddable":true,"href":"https:\/\/jam-news.net\/az\/wp-json\/wp\/v2\/formation?post=11010"},{"taxonomy":"post-author","embeddable":true,"href":"https:\/\/jam-news.net\/az\/wp-json\/wp\/v2\/post-author?post=11010"},{"taxonomy":"topic","embeddable":true,"href":"https:\/\/jam-news.net\/az\/wp-json\/wp\/v2\/topic?post=11010"},{"taxonomy":"tooltip","embeddable":true,"href":"https:\/\/jam-news.net\/az\/wp-json\/wp\/v2\/tooltip?post=11010"},{"taxonomy":"city","embeddable":true,"href":"https:\/\/jam-news.net\/az\/wp-json\/wp\/v2\/city?post=11010"}],"curies":[{"name":"wp","href":"https:\/\/api.w.org\/{rel}","templated":true}]}}