{"id":107871,"date":"2026-09-07T00:17:46","date_gmt":"2026-09-06T20:17:46","guid":{"rendered":"https:\/\/jam-news.net\/az\/?p=107871"},"modified":"2026-09-07T00:17:49","modified_gmt":"2026-09-06T20:17:49","slug":"x%c9%99z%c9%99rd%c9%99-dron-donanmasi","status":"publish","type":"post","link":"https:\/\/jam-news.net\/az\/x%c9%99z%c9%99rd%c9%99-dron-donanmasi\/","title":{"rendered":"Az\u0259rbaycan X\u0259z\u0259rd\u0259 dron donanmas\u0131 qurur: SALVO v\u0259 KAYRA n\u0259yi d\u0259yi\u015f\u0259c\u0259k?"},"content":{"rendered":"\n<p style=\"font-size:11px\"><strong><em>X\u0259z\u0259rd\u0259 dron donanmas\u0131<\/em><\/strong><\/p>\n\n\n\n<p>Az\u0259rbaycan <a href=\"https:\/\/jam-news.net\/az\/category\/cografiya\/turkiy%c9%99\/\" target=\"_blank\" rel=\"noreferrer noopener\">T\u00fcrkiy\u0259<\/a> texnologiyas\u0131 \u0259sas\u0131nda silahl\u0131 v\u0259 kamikadze d\u0259niz dronlar\u0131n\u0131n yerli istehsal\u0131na ba\u015flay\u0131b. Yeni vasit\u0259l\u0259r X\u0259z\u0259rd\u0259 enerji infrastrukturunun m\u00fchafiz\u0259sind\u0259n k\u0259\u015ffiyyata v\u0259 g\u0259mi h\u00fccumlar\u0131na q\u0259d\u0259r m\u00fcxt\u0259lif tap\u015f\u0131r\u0131qlar \u00fc\u00e7\u00fcn n\u0259z\u0259rd\u0259 tutulur. Ancaq onlar\u0131n say\u0131, d\u0259y\u0259ri v\u0259 istehsal\u0131n n\u0259 q\u0259d\u0259rinin h\u0259qiq\u0259t\u0259n <a href=\"https:\/\/jam-news.net\/az\/category\/cografiya\/az%c9%99rbaycan\/\" target=\"_blank\" rel=\"noreferrer noopener\">Az\u0259rbaycanda<\/a> h\u0259yata ke\u00e7irildiyi a\u00e7\u0131qlanm\u0131r.<\/p>\n\n\n\n<p>Sentyabr\u0131n 6-da Prezident <a href=\"https:\/\/jam-news.net\/az\/topic\/ilham-%c9%99liyev\/\" target=\"_blank\" rel=\"noreferrer noopener\">\u0130lham \u018fliyev<\/a> v\u0259 birinci vitse-prezident Mehriban \u018fliyeva Az\u0259rbaycan\u0131n H\u0259rbi D\u0259niz Q\u00fcvv\u0259l\u0259rind\u0259 olublar.<\/p>\n\n\n\n<p>S\u0259f\u0259rin m\u0259qs\u0259di iki pilotsuz platforman\u0131n &#8211; SALVO silahl\u0131 v\u0259 KAYRA kamikadze insans\u0131z d\u0259niz vasit\u0259l\u0259rinin t\u0259qdimat\u0131 olub.<\/p>\n\n\n\n<p><a href=\"https:\/\/president.az\/az\/articles\/view\/73449\" target=\"_blank\" rel=\"noreferrer noopener\">Prezidentin r\u0259smi sayt\u0131n\u0131n m\u0259lumat\u0131na g\u00f6r\u0259<\/a>, vasit\u0259l\u0259r M\u00fcdafi\u0259 Nazirliyinin tabeliyind\u0259ki \u201cM\u0130RAS H\u0259rbi-S\u0259naye \u015eirk\u0259ti\u201d il\u0259 T\u00fcrkiy\u0259nin DEARSAN g\u0259miqay\u0131rma \u015firk\u0259tinin yaratd\u0131\u011f\u0131 birg\u0259 istehsal sah\u0259sind\u0259 haz\u0131rlan\u0131b. \u018fliyev\u0259 onlar\u0131n taktiki-texniki g\u00f6st\u0259ricil\u0259ri t\u0259qdim edilib, ard\u0131nca d\u0259niz dronlar\u0131 praktik s\u0131naqdan ke\u00e7irilib.<\/p>\n\n\n\n<p>R\u0259smi m\u0259lumatda istehsal\u0131n h\u0259cmi, layih\u0259nin d\u0259y\u0259ri v\u0259 ilk partiyan\u0131n H\u0259rbi D\u0259niz Q\u00fcvv\u0259l\u0259rin\u0259 n\u0259 vaxt veril\u0259c\u0259yi g\u00f6st\u0259rilmir.<\/p>\n\n\n<article class=\"single-card uk-flex uk-flex-between m-b-sm-40\">\n\n  <div class=\"uk-grid wi-full-width\">\n\n    <div class=\"uk-width-2-3 p-t-sm-10\">\n      <a href=\"https:\/\/jam-news.net\/az\/avropa-ittifaqinin-illik-hesabati\/\" target=\"_blank\">\n\n\n\n\n\n        <h2 class=\"m-b-sm-23 wi-merriweather-light\">\n\tAvropa \u0130ttifaq\u0131n\u0131n \u0130llik Hesabat\u0131: Az\u0259rbaycanda \u201cciddi probleml\u0259r\u201d v\u0259 fundamental azadl\u0131qlar\u0131n \u201cciddi \u015f\u0259kild\u0259 m\u0259hdudla\u015fd\u0131r\u0131lmas\u0131\u201d\n<\/h2>\n\n        <p class=\"paragraph-color-2 m-b-sm-10 m-b-xs-7\">\n  2025-ci il \u00fczr\u0259 Az\u0259rbaycan qiym\u0259tl\u0259ndirm\u0259si t\u0259nqidi, lakin \u00f6l\u00e7\u00fcl\u00fcb-bi\u00e7ilmi\u015f xarakter da\u015f\u0131y\u0131r.\n<\/p>\n      <\/a>\n    <\/div>\n    <div class=\"uk-width-1-3\">\n      <figure class=\"wi-full-height choose-post__img wi-merriweather-light\">\n  <a class=\"\" href=\"https:\/\/jam-news.net\/az\/avropa-ittifaqinin-illik-hesabati\/\">\n    <img decoding=\"async\" class=\"wi-full-height wi-ratio-img\" src=\"https:\/\/jam-news.net\/app\/uploads\/2026\/08\/website-format-2026-08-13T075415.511.png\" alt=\"Avropa \u0130ttifaq\u0131n\u0131n \u0130llik Hesabat\u0131\" uk-img \/>\n  <\/a>\n<\/figure>\n    <\/div>\n  <\/div>\n<\/article>\n\n\n\n<h2 class=\"wp-block-heading\">\u018fvv\u0259ll\u0259r d\u0259 n\u00fcmayi\u015f etdirilmi\u015fdil\u0259r<\/h2>\n\n\n\n<p>SALVO v\u0259 KAYRA Az\u0259rbaycanda ilk d\u0259f\u0259 g\u00f6r\u00fcnm\u00fcr. SALVO 2025-ci ilin avqustunda \u201cD\u0259niz enerji infrastrukturunun m\u00fchafiz\u0259si v\u0259 m\u00fcdafi\u0259si\u201d m\u00f6vzusunda ke\u00e7iril\u0259n h\u0259rbi t\u0259lim zaman\u0131 g\u00f6r\u00fcnt\u00fcl\u0259nmi\u015fdi.<\/p>\n\n\n\n<p>KAYRA is\u0259 h\u0259min ilin noyabr\u0131nda Bak\u0131da ke\u00e7iril\u0259n h\u0259rbi paradda n\u00fcmayi\u015f etdirilmi\u015fdi.<\/p>\n\n\n\n<p>Dem\u0259li, sentyabr\u0131n 6-dak\u0131 t\u0259qdimat\u0131n yeniliyi bu sisteml\u0259rin m\u00f6vcudlu\u011fu deyil. \u018fsas d\u0259yi\u015fiklik onlar\u0131n art\u0131q Az\u0259rbaycandak\u0131 birg\u0259 istehsal sah\u0259sind\u0259 haz\u0131rlanmas\u0131 v\u0259 prosesin d\u00f6vl\u0259t r\u0259hb\u0259rliyi s\u0259viyy\u0259sind\u0259 r\u0259sm\u0259n n\u00fcmayi\u015f etdirilm\u0259sidir.<\/p>\n\n\n\n<p>Bu, Az\u0259rbaycan\u0131n T\u00fcrkiy\u0259d\u0259n haz\u0131r h\u0259rbi texnika almaqla kifay\u0259tl\u0259nm\u0259yib istehsal, texniki xidm\u0259t v\u0259 m\u00fcmk\u00fcn texnologiya transferi m\u0259rh\u0259l\u0259sin\u0259 ke\u00e7m\u0259k ist\u0259diyini g\u00f6st\u0259rir. Lakin r\u0259smi m\u0259lumatdan g\u00f6vd\u0259, m\u00fch\u0259rrik, elektronika, rabit\u0259 v\u0259 idar\u0259etm\u0259 sisteml\u0259rinin hans\u0131 hiss\u0259sinin Az\u0259rbaycanda istehsal edildiyi ayd\u0131n deyil.<\/p>\n\n\n<article class=\"single-card uk-flex uk-flex-between m-b-sm-40\">\n\n  <div class=\"uk-grid wi-full-width\">\n\n    <div class=\"uk-width-2-3 p-t-sm-10\">\n      <a href=\"https:\/\/jam-news.net\/az\/ilham-eliyevin-naxcivan-s%c9%99f%c9%99ri\/\" target=\"_blank\">\n\n\n\n\n\n        <h2 class=\"m-b-sm-23 wi-merriweather-light\">\n\t\u0130lham \u018fliyevin Nax\u00e7\u0131vana s\u0259f\u0259ri \u00e7\u0259r\u00e7iv\u0259sind\u0259 AzTV-y\u0259 m\u00fcsahib\u0259si: s\u0259naye park\u0131, enerji layih\u0259l\u0259ri v\u0259 Z\u0259ng\u0259zur d\u0259hlizi\n<\/h2>\n\n        <p class=\"paragraph-color-2 m-b-sm-10 m-b-xs-7\">\n  S\u0259f\u0259r Nax\u00e7\u0131van\u0131n sosial-iqtisadi inki\u015faf\u0131, enerji t\u0259hl\u00fck\u0259sizliyi, n\u0259qliyyat infrastrukturu v\u0259 regionun vahid inki\u015faf konsepsiyas\u0131na fokuslan\u0131b.\n<\/p>\n      <\/a>\n    <\/div>\n    <div class=\"uk-width-1-3\">\n      <figure class=\"wi-full-height choose-post__img wi-merriweather-light\">\n  <a class=\"\" href=\"https:\/\/jam-news.net\/az\/ilham-eliyevin-naxcivan-s%c9%99f%c9%99ri\/\">\n    <img decoding=\"async\" class=\"wi-full-height wi-ratio-img\" src=\"https:\/\/jam-news.net\/app\/uploads\/2026\/08\/website-format-2026-08-12T020252.655.png\" alt=\"\u0130lham \u018fliyevin Nax\u00e7\u0131van s\u0259f\u0259ri\" uk-img \/>\n  <\/a>\n<\/figure>\n    <\/div>\n  <\/div>\n<\/article>\n\n\n\n<h2 class=\"wp-block-heading\">SALVO v\u0259 KAYRA aras\u0131nda f\u0259rq n\u0259dir?<\/h2>\n\n\n\n<p>SALVO t\u0259krar istifad\u0259 \u00fc\u00e7\u00fcn n\u0259z\u0259rd\u0259 tutulan daha b\u00f6y\u00fck v\u0259 \u00e7oxfunksiyal\u0131 platformad\u0131r. KAYRA is\u0259 y\u00fcks\u0259k s\u00fcr\u0259tl\u0259 h\u0259d\u0259f\u0259 yax\u0131nla\u015faraq onu m\u0259hv etm\u0259k \u00fc\u00e7\u00fcn haz\u0131rlanm\u0131\u015f daha ki\u00e7ik kamikadze vasit\u0259sidir.<\/p>\n\n\n\n<figure class=\"wp-block-table\"><table class=\"has-fixed-layout\"><thead><tr><th>G\u00f6st\u0259rici<\/th><th>SALVO<\/th><th>KAYRA<\/th><\/tr><\/thead><tbody><tr><td>Uzunlu\u011fu<\/td><td>14,79 metr<\/td><td>7,6 metr<\/td><\/tr><tr><td>Maksimal s\u00fcr\u0259ti<\/td><td>35 d\u00fcy\u00fcnd\u0259n \u00e7ox &#8211; t\u0259xmin\u0259n 65 km\/saat<\/td><td>60 d\u00fcy\u00fcnd\u0259n \u00e7ox &#8211; t\u0259xmin\u0259n 111 km\/saat<\/td><\/tr><tr><td>Maksimal f\u0259aliyy\u0259t m\u0259saf\u0259si<\/td><td>400 d\u0259niz milin\u0259d\u0259k &#8211; t\u0259xmin\u0259n 740 km<\/td><td>300 d\u0259niz mili &#8211; t\u0259xmin\u0259n 555 km<\/td><\/tr><tr><td>G\u00f6vd\u0259si<\/td><td>Al\u00fcminium<\/td><td>Kompozit material<\/td><\/tr><tr><td>\u018fsas funksiyas\u0131<\/td><td>Patrul, m\u00fc\u015fahid\u0259, silahl\u0131 m\u00fcdaxil\u0259<\/td><td>Bird\u0259f\u0259lik h\u00fccum v\u0259 h\u0259d\u0259fin m\u0259hv edilm\u0259si<\/td><\/tr><\/tbody><\/table><\/figure>\n\n\n\n<p><a href=\"https:\/\/www.dearsan.com\/en\/product\/salvo\/\" target=\"_blank\" rel=\"noreferrer noopener\">DEARSAN-\u0131n m\u0259lumat\u0131na g\u00f6r\u0259<\/a>, SALVO sahil v\u0259 s\u0259rh\u0259d patrulu, k\u0259\u015ffiyyat, qa\u00e7aqmal\u00e7\u0131l\u0131qla m\u00fcbariz\u0259, axtar\u0131\u015f-xilasetm\u0259 v\u0259 su\u00fcst\u00fc d\u00f6y\u00fc\u015f \u0259m\u0259liyyatlar\u0131nda istifad\u0259 oluna bil\u0259r.<\/p>\n\n\n\n<p>\u015eirk\u0259tin 2022-ci ild\u0259 ke\u00e7irdiyi s\u0131naqlarda SALVO-dan T\u00fcrkiy\u0259nin \u201cRoketsan\u201d \u015firk\u0259tinin istehsal etdiyi \u201cCirit\u201d raketi burax\u0131l\u0131b v\u0259 h\u0259r\u0259k\u0259td\u0259 olan h\u0259d\u0259f vurulub. Ard\u0131nca \u201cASELSAN\u201d istehsal\u0131 olan 12,7 millimetrlik sabitl\u0259\u015fdirilmi\u015f pulemyot sistemi s\u0131naqdan ke\u00e7irilib. Platforma sahild\u0259ki mobil m\u0259nt\u0259q\u0259d\u0259n, komanda m\u0259rk\u0259zind\u0259n v\u0259 ya ba\u015fqa h\u0259rbi g\u0259mid\u0259n idar\u0259 edil\u0259 bil\u0259r.<\/p>\n\n\n\n<p>Az\u0259rbaycan \u00fc\u00e7\u00fcn haz\u0131rlanan SALVO-lar\u0131n hans\u0131 silah komplektasiyas\u0131n\u0131 da\u015f\u0131yaca\u011f\u0131 is\u0259 a\u00e7\u0131qlanmay\u0131b.<\/p>\n\n\n\n<p><a href=\"https:\/\/www.dearsan.com\/en\/product\/kayra\/\" target=\"_blank\" rel=\"noreferrer noopener\">KAYRA \u00fc\u00e7\u00fcn g\u00f6st\u0259ril\u0259n tap\u015f\u0131r\u0131qlar<\/a> daha \u00e7ox h\u00fccum xarakterlidir. \u0130stehsal\u00e7\u0131 onun d\u00fc\u015fm\u0259n g\u0259mil\u0259ri v\u0259 patrul katerl\u0259rini, d\u0259niz bazalar\u0131n\u0131, limanlar\u0131, sahilyan\u0131 infrastrukturu v\u0259 logistika x\u0259tl\u0259rini h\u0259d\u0259f\u0259 almaq \u00fc\u00e7\u00fcn n\u0259z\u0259rd\u0259 tutuldu\u011funu bildirir.<\/p>\n\n\n\n<p>KAYRA-n\u0131n da\u015f\u0131d\u0131\u011f\u0131 partlay\u0131c\u0131n\u0131n n\u00f6v\u00fc v\u0259 miqdar\u0131, h\u0259d\u0259f\u0259 hans\u0131 sisteml\u0259 y\u00f6n\u0259ldilm\u0259si v\u0259 rabit\u0259 \u0259laq\u0259si k\u0259sildikd\u0259 avtonom h\u0259r\u0259k\u0259t imkanlar\u0131 ictimaiyy\u0259t\u0259 a\u00e7\u0131qlanmay\u0131b.<\/p>\n\n\n<article class=\"single-card uk-flex uk-flex-between m-b-sm-40\">\n\n  <div class=\"uk-grid wi-full-width\">\n\n    <div class=\"uk-width-2-3 p-t-sm-10\">\n      <a href=\"https:\/\/jam-news.net\/az\/m%c9%99kk%c9%99-birg%c9%99-mudafi%c9%99-sazisi\/\" target=\"_blank\">\n\n\n\n\n\n        <h2 class=\"m-b-sm-23 wi-merriweather-light\">\n\tM\u0259kk\u0259 Birg\u0259 M\u00fcdafi\u0259 Sazi\u015fi: C\u0259nubi Qafqaz \u00fc\u00e7\u00fcn yeni strateji imkanlar v\u0259 Az\u0259rbaycan\u0131n \u00e7oxvektorlu siyas\u0259ti\n<\/h2>\n\n        <p class=\"paragraph-color-2 m-b-sm-10 m-b-xs-7\">\n  Bu raz\u0131la\u015fma eyni zamanda C\u0259nubi Qafqaz\u0131n g\u0259l\u0259c\u0259k t\u0259hl\u00fck\u0259sizlik arxitekturas\u0131n\u0131n formala\u015fmas\u0131na strateji t\u0259sir potensial\u0131 da\u015f\u0131y\u0131r.\n<\/p>\n      <\/a>\n    <\/div>\n    <div class=\"uk-width-1-3\">\n      <figure class=\"wi-full-height choose-post__img wi-merriweather-light\">\n  <a class=\"\" href=\"https:\/\/jam-news.net\/az\/m%c9%99kk%c9%99-birg%c9%99-mudafi%c9%99-sazisi\/\">\n    <img decoding=\"async\" class=\"wi-full-height wi-ratio-img\" src=\"https:\/\/jam-news.net\/app\/uploads\/2026\/08\/website-format-2026-08-11T112805.288.png\" alt=\"M\u0259kk\u0259 Birg\u0259 M\u00fcdafi\u0259 Sazi\u015fi\" uk-img \/>\n  <\/a>\n<\/figure>\n    <\/div>\n  <\/div>\n<\/article>\n\n\n\n<h2 class=\"wp-block-heading\">X\u0259z\u0259rd\u0259 bu vasit\u0259l\u0259r\u0259 niy\u0259 ehtiyac yaran\u0131b?<\/h2>\n\n\n\n<p>Az\u0259rbaycan H\u0259rbi D\u0259niz Q\u00fcvv\u0259l\u0259rinin \u0259sas v\u0259zif\u0259l\u0259rind\u0259n biri X\u0259z\u0259rd\u0259ki neft-qaz infrastrukturu, limanlar, boru k\u0259m\u0259rl\u0259ri v\u0259 d\u0259niz s\u0259rh\u0259dl\u0259rinin qorunmas\u0131d\u0131r.<\/p>\n\n\n\n<p>M\u00fcdafi\u0259 Nazirliyinin <a href=\"https:\/\/mod.gov.az\/az\/pre\/55405.html\" target=\"_blank\" rel=\"noreferrer noopener\">2025-ci ild\u0259 yayd\u0131\u011f\u0131 m\u0259lumata g\u00f6r\u0259<\/a>, h\u0259min il ke\u00e7iril\u0259n d\u0259niz t\u0259limind\u0259 g\u0259mil\u0259r neft-qaz boru k\u0259m\u0259rl\u0259rinin yerl\u0259\u015fdiyi \u0259razil\u0259rd\u0259 patrul v\u0259 monitorinq apar\u0131b, \u015f\u0259rti d\u00fc\u015fm\u0259nin h\u00fccumuna, sualt\u0131 t\u0259xribat qruplar\u0131na v\u0259 minalara qar\u015f\u0131 \u0259m\u0259liyyatlar\u0131 m\u0259\u015fq edibl\u0259r.<\/p>\n\n\n\n<p>SALVO kimi vasit\u0259 bu i\u015fl\u0259rin bir hiss\u0259sini g\u0259mi hey\u0259tini risk\u0259 atmadan h\u0259yata ke\u00e7ir\u0259 bil\u0259r. O, uzun m\u00fcdd\u0259t m\u00fc\u015fahid\u0259 apara, \u015f\u00fcbh\u0259li g\u0259mini izl\u0259y\u0259 v\u0259 silahl\u0131 konfiqurasiyada m\u00fcdaxil\u0259 ed\u0259 bil\u0259r.<\/p>\n\n\n\n<p>KAYRA is\u0259 m\u00fcdafi\u0259d\u0259n \u00e7ox \u00e7\u0259kindirm\u0259 v\u0259 h\u00fccum al\u0259tidir. \u00d6l\u00e7\u00fcs\u00fc ki\u00e7ik, s\u00fcr\u0259ti y\u00fcks\u0259k oldu\u011fu \u00fc\u00e7\u00fcn \u0259n\u0259n\u0259vi h\u0259rbi g\u0259mil\u0259rin m\u00fcdafi\u0259 sistemin\u0259 \u0259lav\u0259 problem yarada bil\u0259r. Bir ne\u00e7\u0259 bel\u0259 vasit\u0259nin eyni vaxtda m\u00fcxt\u0259lif istiqam\u0259tl\u0259rd\u0259n g\u00f6nd\u0259rilm\u0259si daha b\u00f6y\u00fck g\u0259mini \u00f6z\u00fcn\u00fcm\u00fcdafi\u0259y\u0259 m\u0259cbur ed\u0259 bil\u0259r.<\/p>\n\n\n\n<p>Ancaq dronlar klassik donanman\u0131 \u0259v\u0259z etmir. Onlar\u0131n effektivliyi k\u0259\u015ffiyyat m\u0259lumat\u0131ndan, rabit\u0259nin dayan\u0131ql\u0131l\u0131\u011f\u0131ndan, operatorlar\u0131n haz\u0131rl\u0131\u011f\u0131ndan v\u0259 ba\u015fqa g\u0259mil\u0259rl\u0259 vahid idar\u0259etm\u0259 sistemin\u0259 inteqrasiyadan as\u0131l\u0131d\u0131r. Radioelektron m\u00fcdaxil\u0259, GPS siqnal\u0131n\u0131n pozulmas\u0131 v\u0259 rabit\u0259nin itirilm\u0259si bu vasit\u0259l\u0259rin z\u0259if n\u00f6qt\u0259l\u0259ri say\u0131l\u0131r.<\/p>\n\n\n<article class=\"single-card uk-flex uk-flex-between m-b-sm-40\">\n\n  <div class=\"uk-grid wi-full-width\">\n\n    <div class=\"uk-width-2-3 p-t-sm-10\">\n      <a href=\"https:\/\/jam-news.net\/az\/rusiyada-az%c9%99rbaycan-evinin-qarsisinda-aksiya\/\" target=\"_blank\">\n\n\n\n\n\n        <h2 class=\"m-b-sm-23 wi-merriweather-light\">\n\tMoskvadak\u0131 plakatlar: Bak\u0131-Moskva b\u00f6hran\u0131nda radikal mill\u0259t\u00e7il\u0259r Kremld\u0259n x\u0259b\u0259rsiz h\u0259r\u0259k\u0259t edirl\u0259r?\n<\/h2>\n\n        <p class=\"paragraph-color-2 m-b-sm-10 m-b-xs-7\">\n  Rusiyada bir qrup radikal mill\u0259t\u00e7i Az\u0259rbaycan\u0131n Moskvadak\u0131 diplomatik n\u00fcmay\u0259nd\u0259liyi \u00f6n\u00fcnd\u0259 aksiya ke\u00e7irib.\n<\/p>\n      <\/a>\n    <\/div>\n    <div class=\"uk-width-1-3\">\n      <figure class=\"wi-full-height choose-post__img wi-merriweather-light\">\n  <a class=\"\" href=\"https:\/\/jam-news.net\/az\/rusiyada-az%c9%99rbaycan-evinin-qarsisinda-aksiya\/\">\n    <img decoding=\"async\" class=\"wi-full-height wi-ratio-img\" src=\"https:\/\/jam-news.net\/app\/uploads\/2026\/08\/website-format-2026-08-28T020019.671.png\" alt=\"Rusiyada Az\u0259rbaycan evinin qar\u015f\u0131s\u0131nda aksiya\" uk-img \/>\n  <\/a>\n<\/figure>\n    <\/div>\n  <\/div>\n<\/article>\n\n\n\n<h2 class=\"wp-block-heading\">Ukrayna m\u00fcharib\u0259sind\u0259n \u00e7\u0131xar\u0131lan d\u0259rs<\/h2>\n\n\n\n<p>D\u0259niz dronlar\u0131n\u0131n h\u0259rbi \u0259h\u0259miyy\u0259tini \u0259sasl\u0131 \u015f\u0259kild\u0259 d\u0259yi\u015f\u0259n <a href=\"https:\/\/jam-news.net\/az\/topic\/ukrayna\/\" target=\"_blank\" rel=\"noreferrer noopener\">Ukrayna<\/a> m\u00fcharib\u0259si olub. B\u00f6y\u00fck v\u0259 \u0259n\u0259n\u0259vi h\u0259rbi donanmas\u0131 olmayan Ukrayna daha ucuz pilotsuz katerl\u0259rd\u0259n istifad\u0259 ed\u0259r\u0259k <a href=\"https:\/\/jam-news.net\/az\/category\/cografiya\/rusiya\/\" target=\"_blank\" rel=\"noreferrer noopener\">Rusiyan\u0131n<\/a> Qara d\u0259niz donanmas\u0131n\u0131n h\u0259r\u0259k\u0259t imkanlar\u0131n\u0131 m\u0259hdudla\u015fd\u0131r\u0131b.<\/p>\n\n\n\n<p>Bu t\u0259cr\u00fcb\u0259 ki\u00e7ik d\u00f6vl\u0259tl\u0259rin b\u00f6y\u00fck d\u00f6y\u00fc\u015f g\u0259mil\u0259rin\u0259 tam simmetrik cavab verm\u0259d\u0259n d\u0259 d\u0259nizd\u0259 \u00e7\u0259kindirm\u0259 imkan\u0131 yarada bil\u0259c\u0259yini g\u00f6st\u0259rib. Lakin Rusiya da zamanla m\u00fcdafi\u0259 vasit\u0259l\u0259rini, liman mane\u0259l\u0259rini v\u0259 dronlar\u0131n a\u015fkarlanmas\u0131 sisteml\u0259rini g\u00fccl\u0259ndirib. Bu is\u0259 bel\u0259 texnologiyan\u0131n \u00fcst\u00fcnl\u00fcy\u00fcn\u00fcn daimi olmad\u0131\u011f\u0131n\u0131 g\u00f6st\u0259rir.<\/p>\n\n\n\n<p>Az\u0259rbaycan\u0131n SALVO il\u0259 yana\u015f\u0131 bird\u0259f\u0259lik h\u00fccum \u00fc\u00e7\u00fcn n\u0259z\u0259rd\u0259 tutulan KAYRA-n\u0131 da istehsal etm\u0259si Bak\u0131n\u0131n m\u0259hz bu yeni d\u0259niz m\u00fcharib\u0259si modelini izl\u0259diyin\u0259 i\u015far\u0259 edir.<\/p>\n\n\n<article class=\"single-card uk-flex uk-flex-between m-b-sm-40\">\n\n  <div class=\"uk-grid wi-full-width\">\n\n    <div class=\"uk-width-2-3 p-t-sm-10\">\n      <a href=\"https:\/\/jam-news.net\/az\/az%c9%99rbaycan-rusiya-munasib%c9%99tl%c9%99rind%c9%99-yeni-eskalasiya\/\" target=\"_blank\">\n\n\n\n\n\n        <h2 class=\"m-b-sm-23 wi-merriweather-light\">\n\tDeportasiya v\u0259 \u201cbeyn\u0259lxalq axtar\u0131\u015f\u201d: Bak\u0131-Moskva m\u00fcnasib\u0259tl\u0259rind\u0259 yeni eskalasiya\n<\/h2>\n\n        <p class=\"paragraph-color-2 m-b-sm-10 m-b-xs-7\">\n  Rusiya Moskvadak\u0131 diaspora s\u0259drini deportasiya edib. Az\u0259rbaycan is\u0259 \u00fc\u00e7 Rusiya v\u0259t\u0259nda\u015f\u0131 bar\u0259sind\u0259 beyn\u0259lxalq axtar\u0131\u015f elan edib.\n<\/p>\n      <\/a>\n    <\/div>\n    <div class=\"uk-width-1-3\">\n      <figure class=\"wi-full-height choose-post__img wi-merriweather-light\">\n  <a class=\"\" href=\"https:\/\/jam-news.net\/az\/az%c9%99rbaycan-rusiya-munasib%c9%99tl%c9%99rind%c9%99-yeni-eskalasiya\/\">\n    <img decoding=\"async\" class=\"wi-full-height wi-ratio-img\" src=\"https:\/\/jam-news.net\/app\/uploads\/2026\/08\/website-format-2026-08-17T235249.276.png\" alt=\"Az\u0259rbaycan-Rusiya m\u00fcnasib\u0259tl\u0259rind\u0259 yeni eskalasiya\" uk-img \/>\n  <\/a>\n<\/figure>\n    <\/div>\n  <\/div>\n<\/article>\n\n\n\n<h2 class=\"wp-block-heading\">X\u0259z\u0259rd\u0259 h\u0259rbi balans d\u0259yi\u015f\u0259c\u0259kmi?<\/h2>\n\n\n\n<p>X\u0259z\u0259rin sahilyan\u0131 d\u00f6vl\u0259tl\u0259ri Az\u0259rbaycan, <a href=\"https:\/\/jam-news.net\/az\/topic\/iran\/\" target=\"_blank\" rel=\"noreferrer noopener\">\u0130ran<\/a>, Qazax\u0131stan, Rusiya v\u0259 T\u00fcrkm\u0259nistand\u0131r. 2018-ci ild\u0259 imzalanm\u0131\u015f <a href=\"https:\/\/www.iea.ulaval.ca\/en\/treaty-text\/9031\/176449\" target=\"_blank\" rel=\"noreferrer noopener\">X\u0259z\u0259r d\u0259nizinin h\u00fcquqi statusu haqq\u0131nda Konvensiya<\/a> t\u0259r\u0259fl\u0259ri h\u0259rbi imkanlar\u0131 \u201ca\u011flabatan yet\u0259rlilik\u201d \u00e7\u0259r\u00e7iv\u0259sind\u0259 inki\u015faf etdirm\u0259y\u0259, silahlanma balans\u0131n\u0131 v\u0259 \u015f\u0259ffafl\u0131\u011f\u0131 qoruma\u011fa \u00e7a\u011f\u0131r\u0131r. Konvensiya X\u0259z\u0259rd\u0259 sahilyan\u0131 olmayan d\u00f6vl\u0259tl\u0259rin silahl\u0131 q\u00fcvv\u0259l\u0259rinin yerl\u0259\u015fdirilm\u0259sini d\u0259 qada\u011fan edir.<\/p>\n\n\n\n<p>T\u00fcrkiy\u0259 \u015firk\u0259tinin texnologiyas\u0131n\u0131n Az\u0259rbaycanda istehsal\u0131 bu qada\u011fan\u0131 pozmur: s\u00f6hb\u0259t xarici h\u0259rbi q\u00fcvv\u0259nin X\u0259z\u0259r\u0259 daxil olmas\u0131ndan yox, texnologiya v\u0259 istehsal \u0259m\u0259kda\u015fl\u0131\u011f\u0131ndan gedir.<\/p>\n\n\n\n<p>\u0130ki yeni platforman\u0131n t\u0259qdim olunmas\u0131 \u00f6zl\u00fcy\u00fcnd\u0259 regional h\u0259rbi balans\u0131 d\u0259yi\u015fmir. Bunun \u00fc\u00e7\u00fcn onlar\u0131n ne\u00e7\u0259 \u0259d\u0259d istehsal edil\u0259c\u0259yi, nec\u0259 silahland\u0131r\u0131laca\u011f\u0131 v\u0259 donanman\u0131n dig\u0259r q\u00fcvv\u0259l\u0259rin\u0259 nec\u0259 inteqrasiya olunaca\u011f\u0131 bilinm\u0259lidir.<\/p>\n\n\n\n<p>Az\u0259rbaycan\u0131n bu sisteml\u0259ri konkret olaraq Rusiya v\u0259 ya \u0130rana qar\u015f\u0131 haz\u0131rlad\u0131\u011f\u0131na dair a\u00e7\u0131q s\u00fcbut da yoxdur. Bak\u0131 X\u0259z\u0259rd\u0259 \u0130ran v\u0259 Qazax\u0131stanla birg\u0259 t\u0259liml\u0259rd\u0259 i\u015ftirak edir. Bununla bel\u0259, s\u00fcr\u0259tli silahlanma v\u0259 h\u0259rbi texnologiyalar\u0131n yay\u0131lmas\u0131 fonunda h\u0259r yeni h\u00fccum vasit\u0259si qon\u015fu d\u00f6vl\u0259tl\u0259rin m\u00fcdafi\u0259 planlamas\u0131nda n\u0259z\u0259r\u0259 al\u0131nacaq.<\/p>\n\n\n<article class=\"single-card uk-flex uk-flex-between m-b-sm-40\">\n\n  <div class=\"uk-grid wi-full-width\">\n\n    <div class=\"uk-width-2-3 p-t-sm-10\">\n      <a href=\"https:\/\/jam-news.net\/az\/az%c9%99rbaycan-v%c9%99-erm%c9%99nistan-enerji-sisteml%c9%99ri\/\" target=\"_blank\">\n\n\n\n\n\n        <h2 class=\"m-b-sm-23 wi-merriweather-light\">\n\tLa\u00e7\u0131ndak\u0131 g\u00f6r\u00fc\u015f: Az\u0259rbaycan v\u0259 Erm\u0259nistan enerji sisteml\u0259rini birl\u0259\u015fdirm\u0259y\u0259 n\u0259 q\u0259d\u0259r yax\u0131nd\u0131r?\n<\/h2>\n\n        <p class=\"paragraph-color-2 m-b-sm-10 m-b-xs-7\">\n  Avqustun 25-d\u0259 Az\u0259rbaycan v\u0259 Erm\u0259nistan\u0131n enerji r\u0259smil\u0259ri La\u00e7\u0131nda eyni masa arxas\u0131na ke\u00e7ibl\u0259r.\n<\/p>\n      <\/a>\n    <\/div>\n    <div class=\"uk-width-1-3\">\n      <figure class=\"wi-full-height choose-post__img wi-merriweather-light\">\n  <a class=\"\" href=\"https:\/\/jam-news.net\/az\/az%c9%99rbaycan-v%c9%99-erm%c9%99nistan-enerji-sisteml%c9%99ri\/\">\n    <img decoding=\"async\" class=\"wi-full-height wi-ratio-img\" src=\"https:\/\/jam-news.net\/app\/uploads\/2026\/08\/website-format-2026-08-27T001912.354.png\" alt=\"Az\u0259rbaycan v\u0259 Erm\u0259nistan enerji sisteml\u0259ri\" uk-img \/>\n  <\/a>\n<\/figure>\n    <\/div>\n  <\/div>\n<\/article>\n\n\n\n<h2 class=\"wp-block-heading\">A\u00e7\u0131qlanmayan \u0259sas m\u0259s\u0259l\u0259l\u0259r<\/h2>\n\n\n\n<p>Prezidentin s\u0259f\u0259rind\u0259n sonra d\u0259niz dronlar\u0131n\u0131n Az\u0259rbaycanda istehsal edildiyi r\u0259sm\u0259n t\u0259sdiql\u0259nib. Lakin layih\u0259nin miqyas\u0131n\u0131 qiym\u0259tl\u0259ndirm\u0259y\u0259 imkan ver\u0259n \u0259sas m\u0259lumatlar yen\u0259 a\u00e7\u0131qlanmay\u0131b:<\/p>\n\n\n\n<ul class=\"wp-block-list\">\n<li>SALVO v\u0259 KAYRA-dan ne\u00e7\u0259 \u0259d\u0259d istehsal olunacaq?<\/li>\n\n\n\n<li>M\u00fcqavil\u0259nin v\u0259 istehsal sah\u0259sinin d\u0259y\u0259ri n\u0259 q\u0259d\u0259rdir?<\/li>\n\n\n\n<li>Komponentl\u0259rin hans\u0131 hiss\u0259si Az\u0259rbaycanda haz\u0131rlan\u0131r?<\/li>\n\n\n\n<li>Az\u0259rbaycan variantlar\u0131 hans\u0131 silah v\u0259 idar\u0259etm\u0259 sisteml\u0259ri il\u0259 t\u0259chiz edil\u0259c\u0259k?<\/li>\n\n\n\n<li>Vasit\u0259l\u0259r art\u0131q d\u00f6y\u00fc\u015f n\u00f6vb\u0259t\u00e7iliyin\u0259 q\u0259bul olunub, yoxsa s\u0131naq m\u0259rh\u0259l\u0259sind\u0259dir?<\/li>\n\n\n\n<li>Kamikadze sisteml\u0259rinin istifad\u0259sin\u0259 kim v\u0259 hans\u0131 prosedurla q\u0259rar ver\u0259c\u0259k?<\/li>\n<\/ul>\n\n\n\n<p>SALVO Az\u0259rbaycana X\u0259z\u0259rd\u0259 daha \u00e7evik m\u00fc\u015fahid\u0259 v\u0259 silahl\u0131 patrul imkan\u0131, KAYRA is\u0259 yeni asimmetrik h\u00fccum vasit\u0259si ver\u0259 bil\u0259r. Yerli istehsal texniki xidm\u0259tin asanla\u015fmas\u0131na v\u0259 xarici t\u0259chizat\u00e7\u0131dan as\u0131l\u0131l\u0131\u011f\u0131n m\u00fc\u0259yy\u0259n q\u0259d\u0259r azalmas\u0131na da \u015f\u0259rait yarada bil\u0259r.<\/p>\n\n\n\n<p>Ancaq \u201cdron donanmas\u0131\u201dn\u0131n real g\u00fcc\u00fcn\u00fc istehsal\u0131n miqyas\u0131, sisteml\u0259rin d\u00f6y\u00fc\u015f idar\u0259etm\u0259sin\u0259 inteqrasiyas\u0131 v\u0259 h\u0259l\u0259lik gizli saxlan\u0131lan maliyy\u0259 g\u00f6st\u0259ricil\u0259ri m\u00fc\u0259yy\u0259n ed\u0259c\u0259k.<\/p>\n\n\n<article class=\"single-card uk-flex uk-flex-between m-b-sm-40\">\n\n  <div class=\"uk-grid wi-full-width\">\n\n    <div class=\"uk-width-2-3 p-t-sm-10\">\n      <a href=\"https:\/\/jam-news.net\/az\/eliyevin-ozb%c9%99kistan-s%c9%99f%c9%99ri\/\" target=\"_blank\">\n\n\n\n\n\n        <h2 class=\"m-b-sm-23 wi-merriweather-light\">\n\t\u018fliyevin \u00d6zb\u0259kistan s\u0259f\u0259ri: \u201c\u018fb\u0259di dostluq\u201d m\u00fcqavil\u0259si v\u0259 ail\u0259 biznesl\u0259rinin paralel ekspansiyas\u0131\n<\/h2>\n\n        <p class=\"paragraph-color-2 m-b-sm-10 m-b-xs-7\">\n  Da\u015fk\u0259nd g\u00f6r\u00fc\u015f\u00fc m\u00fcnasib\u0259tl\u0259rd\u0259 yeni, simvolik v\u0259 praktiki m\u0259rh\u0259l\u0259nin r\u0259smil\u0259\u015fdirilm\u0259si il\u0259 yadda qal\u0131b.\n<\/p>\n      <\/a>\n    <\/div>\n    <div class=\"uk-width-1-3\">\n      <figure class=\"wi-full-height choose-post__img wi-merriweather-light\">\n  <a class=\"\" href=\"https:\/\/jam-news.net\/az\/eliyevin-ozb%c9%99kistan-s%c9%99f%c9%99ri\/\">\n    <img decoding=\"async\" class=\"wi-full-height wi-ratio-img\" src=\"https:\/\/jam-news.net\/app\/uploads\/2026\/08\/website-format-2026-08-23T181303.092.png\" alt=\"\u018fliyevin \u00d6zb\u0259kistan s\u0259f\u0259ri\" uk-img \/>\n  <\/a>\n<\/figure>\n    <\/div>\n  <\/div>\n<\/article>\n\n\n\n<p style=\"font-size:1px\"><strong><em>X\u0259z\u0259rd\u0259 dron donanmas\u0131<\/em><\/strong><\/p>\n","protected":false},"excerpt":{"rendered":"<p>Az\u0259rbaycan T\u00fcrkiy\u0259 texnologiyas\u0131 \u0259sas\u0131nda silahl\u0131 v\u0259 kamikadze d\u0259niz dronlar\u0131n\u0131n yerli istehsal\u0131na ba\u015flay\u0131b. <\/p>\n","protected":false},"author":60,"featured_media":107872,"comment_status":"closed","ping_status":"closed","sticky":false,"template":"","format":"standard","meta":{"_acf_changed":false,"footnotes":""},"categories":[17,4043,25,50,5,4,44],"tags":[],"formation":[],"post-author":[2888],"topic":[4952,6193,6110,382,4955,5972,6114],"tooltip":[],"city":[6041],"class_list":["post-107871","post","type-post","status-publish","format-standard","has-post-thumbnail","hentry","category-azrbaycan","category-explainer","category-cmiyyt","category-xbrlr","category-siyast","category-rusiya","category-turkiy","post-author-jamnews","topic-azrbaycan","topic-azrbaycan-iran","topic-azrbaycan-rusiya","topic-ilham-liyev","topic-rusiya","topic-ukrayna","topic-ukraynada-muharib","city-baki"],"acf":[],"yoast_head":"<!-- This site is optimized with the Yoast SEO plugin v24.1 - https:\/\/yoast.com\/wordpress\/plugins\/seo\/ -->\n<title>X\u0259z\u0259rd\u0259 dron donanmas\u0131 - JAMnews<\/title>\n<meta name=\"description\" content=\"X\u0259z\u0259rd\u0259 dron donanmas\u0131. Az\u0259rbaycan T\u00fcrkiy\u0259 texnologiyas\u0131 \u0259sas\u0131nda silahl\u0131 v\u0259 kamikadze d\u0259niz dronlar\u0131n\u0131n yerli istehsal\u0131na ba\u015flay\u0131b.\" \/>\n<meta name=\"robots\" content=\"index, follow, max-snippet:-1, max-image-preview:large, max-video-preview:-1\" \/>\n<link rel=\"canonical\" href=\"https:\/\/jam-news.net\/az\/x\u0259z\u0259rd\u0259-dron-donanmasi\/\" \/>\n<meta property=\"og:locale\" content=\"az_AZ\" \/>\n<meta property=\"og:type\" content=\"article\" \/>\n<meta property=\"og:title\" content=\"Az\u0259rbaycan X\u0259z\u0259rd\u0259 dron donanmas\u0131 qurur: SALVO v\u0259 KAYRA n\u0259yi d\u0259yi\u015f\u0259c\u0259k?\" \/>\n<meta property=\"og:description\" content=\"Az\u0259rbaycan T\u00fcrkiy\u0259 texnologiyas\u0131 \u0259sas\u0131nda silahl\u0131 v\u0259 kamikadze d\u0259niz dronlar\u0131n\u0131n yerli istehsal\u0131na ba\u015flay\u0131b.\" \/>\n<meta property=\"og:url\" content=\"https:\/\/jam-news.net\/az\/x\u0259z\u0259rd\u0259-dron-donanmasi\/\" \/>\n<meta property=\"og:site_name\" content=\"Azerbaijani Jamnews\" \/>\n<meta property=\"article:publisher\" content=\"https:\/\/www.facebook.com\/JAMnewsInEnglish\/\" \/>\n<meta property=\"article:published_time\" content=\"2026-09-06T20:17:46+00:00\" \/>\n<meta property=\"article:modified_time\" content=\"2026-09-06T20:17:49+00:00\" \/>\n<meta property=\"og:image\" content=\"https:\/\/jam-news.net\/app\/uploads\/2026\/09\/website-format-2026-09-06T221307.410.png\" \/>\n\t<meta property=\"og:image:width\" content=\"2400\" \/>\n\t<meta property=\"og:image:height\" content=\"1350\" \/>\n\t<meta property=\"og:image:type\" content=\"image\/png\" \/>\n<meta name=\"author\" content=\"elmisham\" \/>\n<meta name=\"twitter:card\" content=\"summary_large_image\" \/>\n<meta name=\"twitter:title\" content=\"Az\u0259rbaycan X\u0259z\u0259rd\u0259 dron donanmas\u0131 qurur: SALVO v\u0259 KAYRA n\u0259yi d\u0259yi\u015f\u0259c\u0259k?\" \/>\n<meta name=\"twitter:description\" content=\"Az\u0259rbaycan T\u00fcrkiy\u0259 texnologiyas\u0131 \u0259sas\u0131nda silahl\u0131 v\u0259 kamikadze d\u0259niz dronlar\u0131n\u0131n yerli istehsal\u0131na ba\u015flay\u0131b.\" \/>\n<meta name=\"twitter:creator\" content=\"@JAMnewsCaucasus\" \/>\n<meta name=\"twitter:site\" content=\"@JAMnewsCaucasus\" \/>\n<meta name=\"twitter:label1\" content=\"Written by\" \/>\n\t<meta name=\"twitter:data1\" content=\"elmisham\" \/>\n\t<meta name=\"twitter:label2\" content=\"Est. reading time\" \/>\n\t<meta name=\"twitter:data2\" content=\"6 minutes\" \/>\n<script type=\"application\/ld+json\" class=\"yoast-schema-graph\">{\"@context\":\"https:\/\/schema.org\",\"@graph\":[{\"@type\":\"Article\",\"@id\":\"https:\/\/jam-news.net\/az\/x%c9%99z%c9%99rd%c9%99-dron-donanmasi\/#article\",\"isPartOf\":{\"@id\":\"https:\/\/jam-news.net\/az\/x%c9%99z%c9%99rd%c9%99-dron-donanmasi\/\"},\"author\":{\"name\":\"elmisham\",\"@id\":\"https:\/\/jam-news.net\/az\/#\/schema\/person\/eb45af4c98a871b32118a93d3d66e159\"},\"headline\":\"Az\u0259rbaycan X\u0259z\u0259rd\u0259 dron donanmas\u0131 qurur: SALVO v\u0259 KAYRA n\u0259yi d\u0259yi\u015f\u0259c\u0259k?\",\"datePublished\":\"2026-09-06T20:17:46+00:00\",\"dateModified\":\"2026-09-06T20:17:49+00:00\",\"mainEntityOfPage\":{\"@id\":\"https:\/\/jam-news.net\/az\/x%c9%99z%c9%99rd%c9%99-dron-donanmasi\/\"},\"wordCount\":1755,\"publisher\":{\"@id\":\"https:\/\/jam-news.net\/az\/#organization\"},\"image\":{\"@id\":\"https:\/\/jam-news.net\/az\/x%c9%99z%c9%99rd%c9%99-dron-donanmasi\/#primaryimage\"},\"thumbnailUrl\":\"https:\/\/jam-news.net\/app\/uploads\/2026\/09\/website-format-2026-09-06T221307.410.png\",\"articleSection\":[\"Azerbaijan\",\"Explainer\",\"Issues\",\"News\",\"Politics\",\"Russia\",\"Turkey\"],\"inLanguage\":\"az\"},{\"@type\":\"WebPage\",\"@id\":\"https:\/\/jam-news.net\/az\/x%c9%99z%c9%99rd%c9%99-dron-donanmasi\/\",\"url\":\"https:\/\/jam-news.net\/az\/x%c9%99z%c9%99rd%c9%99-dron-donanmasi\/\",\"name\":\"X\u0259z\u0259rd\u0259 dron donanmas\u0131 - JAMnews\",\"isPartOf\":{\"@id\":\"https:\/\/jam-news.net\/az\/#website\"},\"primaryImageOfPage\":{\"@id\":\"https:\/\/jam-news.net\/az\/x%c9%99z%c9%99rd%c9%99-dron-donanmasi\/#primaryimage\"},\"image\":{\"@id\":\"https:\/\/jam-news.net\/az\/x%c9%99z%c9%99rd%c9%99-dron-donanmasi\/#primaryimage\"},\"thumbnailUrl\":\"https:\/\/jam-news.net\/app\/uploads\/2026\/09\/website-format-2026-09-06T221307.410.png\",\"datePublished\":\"2026-09-06T20:17:46+00:00\",\"dateModified\":\"2026-09-06T20:17:49+00:00\",\"description\":\"X\u0259z\u0259rd\u0259 dron donanmas\u0131. Az\u0259rbaycan T\u00fcrkiy\u0259 texnologiyas\u0131 \u0259sas\u0131nda silahl\u0131 v\u0259 kamikadze d\u0259niz dronlar\u0131n\u0131n yerli istehsal\u0131na ba\u015flay\u0131b.\",\"breadcrumb\":{\"@id\":\"https:\/\/jam-news.net\/az\/x%c9%99z%c9%99rd%c9%99-dron-donanmasi\/#breadcrumb\"},\"inLanguage\":\"az\",\"potentialAction\":[{\"@type\":\"ReadAction\",\"target\":[\"https:\/\/jam-news.net\/az\/x%c9%99z%c9%99rd%c9%99-dron-donanmasi\/\"]}]},{\"@type\":\"ImageObject\",\"inLanguage\":\"az\",\"@id\":\"https:\/\/jam-news.net\/az\/x%c9%99z%c9%99rd%c9%99-dron-donanmasi\/#primaryimage\",\"url\":\"https:\/\/jam-news.net\/app\/uploads\/2026\/09\/website-format-2026-09-06T221307.410.png\",\"contentUrl\":\"https:\/\/jam-news.net\/app\/uploads\/2026\/09\/website-format-2026-09-06T221307.410.png\",\"width\":2400,\"height\":1350,\"caption\":\"X\u0259z\u0259rd\u0259 dron donanmas\u0131\"},{\"@type\":\"BreadcrumbList\",\"@id\":\"https:\/\/jam-news.net\/az\/x%c9%99z%c9%99rd%c9%99-dron-donanmasi\/#breadcrumb\",\"itemListElement\":[{\"@type\":\"ListItem\",\"position\":1,\"name\":\"Home\",\"item\":\"https:\/\/jam-news.net\/az\/\"},{\"@type\":\"ListItem\",\"position\":2,\"name\":\"Az\u0259rbaycan X\u0259z\u0259rd\u0259 dron donanmas\u0131 qurur: SALVO v\u0259 KAYRA n\u0259yi d\u0259yi\u015f\u0259c\u0259k?\"}]},{\"@type\":\"WebSite\",\"@id\":\"https:\/\/jam-news.net\/az\/#website\",\"url\":\"https:\/\/jam-news.net\/az\/\",\"name\":\"Azerbaijani Jamnews\",\"description\":\"Caucasus News, Politics and Society\",\"publisher\":{\"@id\":\"https:\/\/jam-news.net\/az\/#organization\"},\"potentialAction\":[{\"@type\":\"SearchAction\",\"target\":{\"@type\":\"EntryPoint\",\"urlTemplate\":\"https:\/\/jam-news.net\/az\/?s={search_term_string}\"},\"query-input\":{\"@type\":\"PropertyValueSpecification\",\"valueRequired\":true,\"valueName\":\"search_term_string\"}}],\"inLanguage\":\"az\"},{\"@type\":\"Organization\",\"@id\":\"https:\/\/jam-news.net\/az\/#organization\",\"name\":\"JAMnews\",\"url\":\"https:\/\/jam-news.net\/az\/\",\"logo\":{\"@type\":\"ImageObject\",\"inLanguage\":\"az\",\"@id\":\"https:\/\/jam-news.net\/az\/#\/schema\/logo\/image\/\",\"url\":\"https:\/\/jam-news.net\/app\/uploads\/2020\/05\/JAM_w.jpg\",\"contentUrl\":\"https:\/\/jam-news.net\/app\/uploads\/2020\/05\/JAM_w.jpg\",\"width\":960,\"height\":960,\"caption\":\"JAMnews\"},\"image\":{\"@id\":\"https:\/\/jam-news.net\/az\/#\/schema\/logo\/image\/\"},\"sameAs\":[\"https:\/\/www.facebook.com\/JAMnewsInEnglish\/\",\"https:\/\/x.com\/JAMnewsCaucasus\",\"https:\/\/www.instagram.com\/jam_news\/\",\"https:\/\/www.youtube.com\/channel\/UCXQbUCme2pykuZYXWHx4VPg\"]},{\"@type\":\"Person\",\"@id\":\"https:\/\/jam-news.net\/az\/#\/schema\/person\/eb45af4c98a871b32118a93d3d66e159\",\"name\":\"elmisham\",\"image\":{\"@type\":\"ImageObject\",\"inLanguage\":\"az\",\"@id\":\"https:\/\/jam-news.net\/az\/#\/schema\/person\/image\/\",\"url\":\"https:\/\/secure.gravatar.com\/avatar\/37fa0366c180c74da87d58de88ffdc3f?s=96&d=mm&r=g\",\"contentUrl\":\"https:\/\/secure.gravatar.com\/avatar\/37fa0366c180c74da87d58de88ffdc3f?s=96&d=mm&r=g\",\"caption\":\"elmisham\"},\"url\":\"https:\/\/jam-news.net\/az\/author\/elmisham\/\"}]}<\/script>\n<!-- \/ Yoast SEO plugin. -->","yoast_head_json":{"title":"X\u0259z\u0259rd\u0259 dron donanmas\u0131 - JAMnews","description":"X\u0259z\u0259rd\u0259 dron donanmas\u0131. Az\u0259rbaycan T\u00fcrkiy\u0259 texnologiyas\u0131 \u0259sas\u0131nda silahl\u0131 v\u0259 kamikadze d\u0259niz dronlar\u0131n\u0131n yerli istehsal\u0131na ba\u015flay\u0131b.","robots":{"index":"index","follow":"follow","max-snippet":"max-snippet:-1","max-image-preview":"max-image-preview:large","max-video-preview":"max-video-preview:-1"},"canonical":"https:\/\/jam-news.net\/az\/x\u0259z\u0259rd\u0259-dron-donanmasi\/","og_locale":"az_AZ","og_type":"article","og_title":"Az\u0259rbaycan X\u0259z\u0259rd\u0259 dron donanmas\u0131 qurur: SALVO v\u0259 KAYRA n\u0259yi d\u0259yi\u015f\u0259c\u0259k?","og_description":"Az\u0259rbaycan T\u00fcrkiy\u0259 texnologiyas\u0131 \u0259sas\u0131nda silahl\u0131 v\u0259 kamikadze d\u0259niz dronlar\u0131n\u0131n yerli istehsal\u0131na ba\u015flay\u0131b.","og_url":"https:\/\/jam-news.net\/az\/x\u0259z\u0259rd\u0259-dron-donanmasi\/","og_site_name":"Azerbaijani Jamnews","article_publisher":"https:\/\/www.facebook.com\/JAMnewsInEnglish\/","article_published_time":"2026-09-06T20:17:46+00:00","article_modified_time":"2026-09-06T20:17:49+00:00","og_image":[{"width":2400,"height":1350,"url":"https:\/\/jam-news.net\/app\/uploads\/2026\/09\/website-format-2026-09-06T221307.410.png","type":"image\/png"}],"author":"elmisham","twitter_card":"summary_large_image","twitter_title":"Az\u0259rbaycan X\u0259z\u0259rd\u0259 dron donanmas\u0131 qurur: SALVO v\u0259 KAYRA n\u0259yi d\u0259yi\u015f\u0259c\u0259k?","twitter_description":"Az\u0259rbaycan T\u00fcrkiy\u0259 texnologiyas\u0131 \u0259sas\u0131nda silahl\u0131 v\u0259 kamikadze d\u0259niz dronlar\u0131n\u0131n yerli istehsal\u0131na ba\u015flay\u0131b.","twitter_creator":"@JAMnewsCaucasus","twitter_site":"@JAMnewsCaucasus","twitter_misc":{"Written by":"elmisham","Est. reading time":"6 minutes"},"schema":{"@context":"https:\/\/schema.org","@graph":[{"@type":"Article","@id":"https:\/\/jam-news.net\/az\/x%c9%99z%c9%99rd%c9%99-dron-donanmasi\/#article","isPartOf":{"@id":"https:\/\/jam-news.net\/az\/x%c9%99z%c9%99rd%c9%99-dron-donanmasi\/"},"author":{"name":"elmisham","@id":"https:\/\/jam-news.net\/az\/#\/schema\/person\/eb45af4c98a871b32118a93d3d66e159"},"headline":"Az\u0259rbaycan X\u0259z\u0259rd\u0259 dron donanmas\u0131 qurur: SALVO v\u0259 KAYRA n\u0259yi d\u0259yi\u015f\u0259c\u0259k?","datePublished":"2026-09-06T20:17:46+00:00","dateModified":"2026-09-06T20:17:49+00:00","mainEntityOfPage":{"@id":"https:\/\/jam-news.net\/az\/x%c9%99z%c9%99rd%c9%99-dron-donanmasi\/"},"wordCount":1755,"publisher":{"@id":"https:\/\/jam-news.net\/az\/#organization"},"image":{"@id":"https:\/\/jam-news.net\/az\/x%c9%99z%c9%99rd%c9%99-dron-donanmasi\/#primaryimage"},"thumbnailUrl":"https:\/\/jam-news.net\/app\/uploads\/2026\/09\/website-format-2026-09-06T221307.410.png","articleSection":["Azerbaijan","Explainer","Issues","News","Politics","Russia","Turkey"],"inLanguage":"az"},{"@type":"WebPage","@id":"https:\/\/jam-news.net\/az\/x%c9%99z%c9%99rd%c9%99-dron-donanmasi\/","url":"https:\/\/jam-news.net\/az\/x%c9%99z%c9%99rd%c9%99-dron-donanmasi\/","name":"X\u0259z\u0259rd\u0259 dron donanmas\u0131 - JAMnews","isPartOf":{"@id":"https:\/\/jam-news.net\/az\/#website"},"primaryImageOfPage":{"@id":"https:\/\/jam-news.net\/az\/x%c9%99z%c9%99rd%c9%99-dron-donanmasi\/#primaryimage"},"image":{"@id":"https:\/\/jam-news.net\/az\/x%c9%99z%c9%99rd%c9%99-dron-donanmasi\/#primaryimage"},"thumbnailUrl":"https:\/\/jam-news.net\/app\/uploads\/2026\/09\/website-format-2026-09-06T221307.410.png","datePublished":"2026-09-06T20:17:46+00:00","dateModified":"2026-09-06T20:17:49+00:00","description":"X\u0259z\u0259rd\u0259 dron donanmas\u0131. Az\u0259rbaycan T\u00fcrkiy\u0259 texnologiyas\u0131 \u0259sas\u0131nda silahl\u0131 v\u0259 kamikadze d\u0259niz dronlar\u0131n\u0131n yerli istehsal\u0131na ba\u015flay\u0131b.","breadcrumb":{"@id":"https:\/\/jam-news.net\/az\/x%c9%99z%c9%99rd%c9%99-dron-donanmasi\/#breadcrumb"},"inLanguage":"az","potentialAction":[{"@type":"ReadAction","target":["https:\/\/jam-news.net\/az\/x%c9%99z%c9%99rd%c9%99-dron-donanmasi\/"]}]},{"@type":"ImageObject","inLanguage":"az","@id":"https:\/\/jam-news.net\/az\/x%c9%99z%c9%99rd%c9%99-dron-donanmasi\/#primaryimage","url":"https:\/\/jam-news.net\/app\/uploads\/2026\/09\/website-format-2026-09-06T221307.410.png","contentUrl":"https:\/\/jam-news.net\/app\/uploads\/2026\/09\/website-format-2026-09-06T221307.410.png","width":2400,"height":1350,"caption":"X\u0259z\u0259rd\u0259 dron donanmas\u0131"},{"@type":"BreadcrumbList","@id":"https:\/\/jam-news.net\/az\/x%c9%99z%c9%99rd%c9%99-dron-donanmasi\/#breadcrumb","itemListElement":[{"@type":"ListItem","position":1,"name":"Home","item":"https:\/\/jam-news.net\/az\/"},{"@type":"ListItem","position":2,"name":"Az\u0259rbaycan X\u0259z\u0259rd\u0259 dron donanmas\u0131 qurur: SALVO v\u0259 KAYRA n\u0259yi d\u0259yi\u015f\u0259c\u0259k?"}]},{"@type":"WebSite","@id":"https:\/\/jam-news.net\/az\/#website","url":"https:\/\/jam-news.net\/az\/","name":"Azerbaijani Jamnews","description":"Caucasus News, Politics and Society","publisher":{"@id":"https:\/\/jam-news.net\/az\/#organization"},"potentialAction":[{"@type":"SearchAction","target":{"@type":"EntryPoint","urlTemplate":"https:\/\/jam-news.net\/az\/?s={search_term_string}"},"query-input":{"@type":"PropertyValueSpecification","valueRequired":true,"valueName":"search_term_string"}}],"inLanguage":"az"},{"@type":"Organization","@id":"https:\/\/jam-news.net\/az\/#organization","name":"JAMnews","url":"https:\/\/jam-news.net\/az\/","logo":{"@type":"ImageObject","inLanguage":"az","@id":"https:\/\/jam-news.net\/az\/#\/schema\/logo\/image\/","url":"https:\/\/jam-news.net\/app\/uploads\/2020\/05\/JAM_w.jpg","contentUrl":"https:\/\/jam-news.net\/app\/uploads\/2020\/05\/JAM_w.jpg","width":960,"height":960,"caption":"JAMnews"},"image":{"@id":"https:\/\/jam-news.net\/az\/#\/schema\/logo\/image\/"},"sameAs":["https:\/\/www.facebook.com\/JAMnewsInEnglish\/","https:\/\/x.com\/JAMnewsCaucasus","https:\/\/www.instagram.com\/jam_news\/","https:\/\/www.youtube.com\/channel\/UCXQbUCme2pykuZYXWHx4VPg"]},{"@type":"Person","@id":"https:\/\/jam-news.net\/az\/#\/schema\/person\/eb45af4c98a871b32118a93d3d66e159","name":"elmisham","image":{"@type":"ImageObject","inLanguage":"az","@id":"https:\/\/jam-news.net\/az\/#\/schema\/person\/image\/","url":"https:\/\/secure.gravatar.com\/avatar\/37fa0366c180c74da87d58de88ffdc3f?s=96&d=mm&r=g","contentUrl":"https:\/\/secure.gravatar.com\/avatar\/37fa0366c180c74da87d58de88ffdc3f?s=96&d=mm&r=g","caption":"elmisham"},"url":"https:\/\/jam-news.net\/az\/author\/elmisham\/"}]}},"_links":{"self":[{"href":"https:\/\/jam-news.net\/az\/wp-json\/wp\/v2\/posts\/107871","targetHints":{"allow":["GET"]}}],"collection":[{"href":"https:\/\/jam-news.net\/az\/wp-json\/wp\/v2\/posts"}],"about":[{"href":"https:\/\/jam-news.net\/az\/wp-json\/wp\/v2\/types\/post"}],"author":[{"embeddable":true,"href":"https:\/\/jam-news.net\/az\/wp-json\/wp\/v2\/users\/60"}],"replies":[{"embeddable":true,"href":"https:\/\/jam-news.net\/az\/wp-json\/wp\/v2\/comments?post=107871"}],"version-history":[{"count":1,"href":"https:\/\/jam-news.net\/az\/wp-json\/wp\/v2\/posts\/107871\/revisions"}],"predecessor-version":[{"id":107873,"href":"https:\/\/jam-news.net\/az\/wp-json\/wp\/v2\/posts\/107871\/revisions\/107873"}],"wp:featuredmedia":[{"embeddable":true,"href":"https:\/\/jam-news.net\/az\/wp-json\/wp\/v2\/media\/107872"}],"wp:attachment":[{"href":"https:\/\/jam-news.net\/az\/wp-json\/wp\/v2\/media?parent=107871"}],"wp:term":[{"taxonomy":"category","embeddable":true,"href":"https:\/\/jam-news.net\/az\/wp-json\/wp\/v2\/categories?post=107871"},{"taxonomy":"post_tag","embeddable":true,"href":"https:\/\/jam-news.net\/az\/wp-json\/wp\/v2\/tags?post=107871"},{"taxonomy":"formation","embeddable":true,"href":"https:\/\/jam-news.net\/az\/wp-json\/wp\/v2\/formation?post=107871"},{"taxonomy":"post-author","embeddable":true,"href":"https:\/\/jam-news.net\/az\/wp-json\/wp\/v2\/post-author?post=107871"},{"taxonomy":"topic","embeddable":true,"href":"https:\/\/jam-news.net\/az\/wp-json\/wp\/v2\/topic?post=107871"},{"taxonomy":"tooltip","embeddable":true,"href":"https:\/\/jam-news.net\/az\/wp-json\/wp\/v2\/tooltip?post=107871"},{"taxonomy":"city","embeddable":true,"href":"https:\/\/jam-news.net\/az\/wp-json\/wp\/v2\/city?post=107871"}],"curies":[{"name":"wp","href":"https:\/\/api.w.org\/{rel}","templated":true}]}}