{"id":107863,"date":"2026-09-06T00:11:59","date_gmt":"2026-09-05T20:11:59","guid":{"rendered":"https:\/\/jam-news.net\/az\/?p=107863"},"modified":"2026-09-06T00:12:02","modified_gmt":"2026-09-05T20:12:02","slug":"xaricde-yasayan-feal-tehdid-edilib","status":"publish","type":"post","link":"https:\/\/jam-news.net\/az\/xaricde-yasayan-feal-tehdid-edilib\/","title":{"rendered":"Fransada ya\u015fayan az\u0259rbaycanl\u0131 f\u0259al: \u201cM\u0259ni v\u0259 Bak\u0131da ya\u015fayan atam\u0131 h\u0259d\u0259l\u0259yirl\u0259r\u201d"},"content":{"rendered":"\n<p style=\"font-size:11px\"><strong><em>Xaricd\u0259 ya\u015fayan f\u0259al t\u0259hdid edilib<\/em><\/strong><\/p>\n\n\n\n<p>Fransada ya\u015fayan az\u0259rbaycanl\u0131 ictimai f\u0259al Ramazan Ta\u011f\u0131yev sosial \u015f\u0259b\u0259k\u0259l\u0259rd\u0259ki t\u0259nqidi payla\u015f\u0131mlar\u0131na g\u00f6r\u0259 ald\u0131\u011f\u0131 t\u0259hdidl\u0259rin davam etdiyini, son mesajlarda Bak\u0131da ya\u015fayan atas\u0131n\u0131n da h\u0259d\u0259f\u0259 al\u0131nd\u0131\u011f\u0131n\u0131 bildirib.<\/p>\n\n\n<article class=\"single-card uk-flex uk-flex-between m-b-sm-40\">\n\n  <div class=\"uk-grid wi-full-width\">\n\n    <div class=\"uk-width-2-3 p-t-sm-10\">\n      <a href=\"https:\/\/jam-news.net\/az\/m%c9%99h%c9%99mm%c9%99d-mirz%c9%99liy%c9%99-hucum-hokm\/\" target=\"_blank\">\n\n\n\n\n\n        <h2 class=\"m-b-sm-23 wi-merriweather-light\">\n\tFransada az\u0259rbaycanl\u0131 bloqer\u0259 h\u00fccumla ba\u011fl\u0131 h\u00f6km: 30 il\u0259 q\u0259d\u0259r c\u0259za v\u0259 siyasi sifari\u015f izi\n<\/h2>\n\n        <p class=\"paragraph-color-2 m-b-sm-10 m-b-xs-7\">\n  10 iyun tarixli h\u00f6km Fransada siyasi m\u00fchacirl\u0259r\u0259 qar\u015f\u0131 zorak\u0131l\u0131q i\u015fl\u0259rind\u0259 nadir d\u0259r\u0259c\u0259d\u0259 s\u0259rt q\u0259rar kimi yadda qal\u0131b.\n<\/p>\n      <\/a>\n    <\/div>\n    <div class=\"uk-width-1-3\">\n      <figure class=\"wi-full-height choose-post__img wi-merriweather-light\">\n  <a class=\"\" href=\"https:\/\/jam-news.net\/az\/m%c9%99h%c9%99mm%c9%99d-mirz%c9%99liy%c9%99-hucum-hokm\/\">\n    <img decoding=\"async\" class=\"wi-full-height wi-ratio-img\" src=\"https:\/\/jam-news.net\/app\/uploads\/2026\/06\/website-format-2026-06-12T153511.579.png\" alt=\"M\u0259h\u0259mm\u0259d Mirz\u0259liy\u0259 h\u00fccum h\u00f6km\" uk-img \/>\n  <\/a>\n<\/figure>\n    <\/div>\n  <\/div>\n<\/article>\n\n\n\n<h2 class=\"wp-block-heading\">\u201cAtam\u0131n Bak\u0131da harada oldu\u011funu bildiyini dedi\u201d<\/h2>\n\n\n\n<p>Ta\u011f\u0131yevin &#8220;Camnyus&#8221;a dediyin\u0259 g\u00f6r\u0259, sentyabr\u0131n 3-d\u0259 \u201cRoma\u201d l\u0259q\u0259bi il\u0259 tan\u0131nan R\u0259\u015fad adl\u0131 \u015f\u0259xs ona yenid\u0259n yazaraq d\u00f6ym\u0259k v\u0259 \u00f6ld\u00fcrm\u0259kl\u0259 h\u0259d\u0259l\u0259yib. H\u0259min \u015f\u0259xs haz\u0131rda Fransan\u0131n Tuluza \u015f\u0259h\u0259rind\u0259 oldu\u011funu v\u0259 onu tapaca\u011f\u0131n\u0131 bildirib.<\/p>\n\n\n\n<p>Ta\u011f\u0131yev deyir ki, bu d\u0259f\u0259 t\u0259hdidl\u0259r onun Bak\u0131da ya\u015fayan atas\u0131na da y\u00f6n\u0259lib:<\/p>\n\n\n\n<p><em>\u201cR\u0259\u015fad atam\u0131n Bak\u0131da harada oldu\u011funu bildiyini v\u0259 onun tap\u0131l\u0131b d\u00f6y\u00fclm\u0259sini t\u0259min ed\u0259c\u0259yini yazd\u0131. Atama qar\u015f\u0131 y\u00f6n\u0259lmi\u015f bu t\u0259hdid m\u0259ni x\u00fcsusil\u0259 narahat edir. Bu, t\u0259hdidl\u0259rin art\u0131q yaln\u0131z m\u0259n\u0259 deyil, ail\u0259 \u00fczvl\u0259rim\u0259 d\u0259 yay\u0131ld\u0131\u011f\u0131n\u0131 g\u00f6st\u0259rir\u201d.<\/em><\/p>\n\n\n<article class=\"single-card uk-flex uk-flex-between m-b-sm-40\">\n\n  <div class=\"uk-grid wi-full-width\">\n\n    <div class=\"uk-width-2-3 p-t-sm-10\">\n      <a href=\"https:\/\/jam-news.net\/az\/avropa-ittifaqinin-illik-hesabati\/\" target=\"_blank\">\n\n\n\n\n\n        <h2 class=\"m-b-sm-23 wi-merriweather-light\">\n\tAvropa \u0130ttifaq\u0131n\u0131n \u0130llik Hesabat\u0131: Az\u0259rbaycanda \u201cciddi probleml\u0259r\u201d v\u0259 fundamental azadl\u0131qlar\u0131n \u201cciddi \u015f\u0259kild\u0259 m\u0259hdudla\u015fd\u0131r\u0131lmas\u0131\u201d\n<\/h2>\n\n        <p class=\"paragraph-color-2 m-b-sm-10 m-b-xs-7\">\n  2025-ci il \u00fczr\u0259 Az\u0259rbaycan qiym\u0259tl\u0259ndirm\u0259si t\u0259nqidi, lakin \u00f6l\u00e7\u00fcl\u00fcb-bi\u00e7ilmi\u015f xarakter da\u015f\u0131y\u0131r.\n<\/p>\n      <\/a>\n    <\/div>\n    <div class=\"uk-width-1-3\">\n      <figure class=\"wi-full-height choose-post__img wi-merriweather-light\">\n  <a class=\"\" href=\"https:\/\/jam-news.net\/az\/avropa-ittifaqinin-illik-hesabati\/\">\n    <img decoding=\"async\" class=\"wi-full-height wi-ratio-img\" src=\"https:\/\/jam-news.net\/app\/uploads\/2026\/08\/website-format-2026-08-13T075415.511.png\" alt=\"Avropa \u0130ttifaq\u0131n\u0131n \u0130llik Hesabat\u0131\" uk-img \/>\n  <\/a>\n<\/figure>\n    <\/div>\n  <\/div>\n<\/article>\n\n\n\n<h2 class=\"wp-block-heading\">T\u0259hdidl\u0259r mart ay\u0131nda ba\u015flay\u0131b<\/h2>\n\n\n\n<p>\u0130ctimai f\u0259al\u0131n s\u00f6zl\u0259rin\u0259 g\u00f6r\u0259, t\u0259hdidl\u0259r 2026-c\u0131 ilin mart\u0131ndan, sosial media hesablar\u0131nda <a href=\"https:\/\/jam-news.net\/az\/category\/cografiya\/az%c9%99rbaycan\/\" target=\"_blank\" rel=\"noreferrer noopener\">Az\u0259rbaycan<\/a> h\u00f6kum\u0259tini, h\u00f6kum\u0259t layih\u0259l\u0259rini v\u0259 tan\u0131nm\u0131\u015f ictimai \u015f\u0259xsl\u0259ri t\u0259nqid ed\u0259n payla\u015f\u0131mlar\u0131ndan sonra ba\u015flay\u0131b.<\/p>\n\n\n\n<p>H\u0259min d\u00f6vrd\u0259 ona m\u00fcxt\u0259lif nam\u0259lum n\u00f6mr\u0259l\u0259rd\u0259n z\u0259ngl\u0259r edilib v\u0259 t\u0259hdid mesajlar\u0131 g\u00f6nd\u0259rilib.<\/p>\n\n\n\n<p>Ta\u011f\u0131yev bildirir ki, v\u0259ziyy\u0259t may ay\u0131nda adam \u00f6ld\u00fcrm\u0259kd\u0259 t\u0259qsirli bilindiyi \u00fc\u00e7\u00fcn haz\u0131rda h\u0259bsd\u0259 olan az\u0259rbaycanl\u0131 meyxana\u00e7\u0131 R\u0259\u015fad Da\u011fl\u0131 haqq\u0131nda t\u0259nqidi payla\u015f\u0131m\u0131ndan sonra daha da g\u0259rginl\u0259\u015fib.<\/p>\n\n\n\n<p>Onun s\u00f6zl\u0259rin\u0259 g\u00f6r\u0259, Tuluzada ya\u015fayan v\u0259 kriminal m\u00fchitl\u0259 \u0259laq\u0259li olduqlar\u0131n\u0131 bildirdiyi \u015f\u0259xsl\u0259r onu tap\u0131b \u201ccavab\u0131n\u0131 ver\u0259c\u0259kl\u0259ri\u201d il\u0259 h\u0259d\u0259l\u0259yibl\u0259r.<\/p>\n\n\n\n<p>T\u0259hl\u00fck\u0259sizliyind\u0259n narahat olan Ta\u011f\u0131yev bundan sonra Tuluza \u015f\u0259h\u0259rini t\u0259rk edib.<\/p>\n\n\n<article class=\"single-card uk-flex uk-flex-between m-b-sm-40\">\n\n  <div class=\"uk-grid wi-full-width\">\n\n    <div class=\"uk-width-2-3 p-t-sm-10\">\n      <a href=\"https:\/\/jam-news.net\/az\/gurcustanda-t%c9%99qib-ictimai-f%c9%99al-t%c9%99hluk%c9%99d%c9%99-oldugunu-deyir\/\" target=\"_blank\">\n\n\n\n\n\n        <h2 class=\"m-b-sm-23 wi-merriweather-light\">\n\tG\u00fcrc\u00fcstanda t\u0259qib: ictimai f\u0259al t\u0259hl\u00fck\u0259d\u0259 oldu\u011funu deyir\n<\/h2>\n\n        <p class=\"paragraph-color-2 m-b-sm-10 m-b-xs-7\">\n  G\u00fcrc\u00fcstanda az\u0259rbaycanl\u0131 f\u0259allar t\u0259hl\u00fck\u0259d\u0259dir: Nem\u0259t Abbasov nam\u0259lum \u015f\u0259xsl\u0259r t\u0259r\u0259find\u0259n t\u0259qib olundu\u011funu, kiber h\u00fccumlara m\u0259ruz qald\u0131\u011f\u0131n\u0131 bildirir. Bir vaxtlar t\u0259hl\u00fck\u0259siz s\u0131\u011f\u0131nacaq olan G\u00fcrc\u00fcstan art\u0131q f\u0259allar \u00fc\u00e7\u00fcn t\u0259hl\u00fck\u0259li co\u011frafiyaya \u00e7evrilib.\n<\/p>\n      <\/a>\n    <\/div>\n    <div class=\"uk-width-1-3\">\n      <figure class=\"wi-full-height choose-post__img wi-merriweather-light\">\n  <a class=\"\" href=\"https:\/\/jam-news.net\/az\/gurcustanda-t%c9%99qib-ictimai-f%c9%99al-t%c9%99hluk%c9%99d%c9%99-oldugunu-deyir\/\">\n    <img decoding=\"async\" class=\"wi-full-height wi-ratio-img\" src=\"https:\/\/jam-news.net\/app\/uploads\/2025\/04\/01000000-0a00-0242-3d13-08dbb9f8d46b_cx6_cy8_cw93_w1200_r1.jpeg\" alt=\"Az\u0259rbaycan\u0131n s\u0259rh\u0259d tan\u0131mayan repressiyalar\u0131 nem\u0259t abbasov\" uk-img \/>\n  <\/a>\n<\/figure>\n    <\/div>\n  <\/div>\n<\/article>\n\n\n\n<h2 class=\"wp-block-heading\">Feysbuk hesab\u0131 k\u00fctl\u0259vi \u015fikay\u0259tl\u0259rd\u0259n sonra ba\u011flan\u0131b<\/h2>\n\n\n\n<p>Ta\u011f\u0131yevin s\u00f6zl\u0259rin\u0259 g\u00f6r\u0259, avqustda \u201cCavan TV\u201d layih\u0259si v\u0259 bloqerl\u0259r bar\u0259d\u0259 silsil\u0259 <a href=\"https:\/\/www.instagram.com\/p\/DYMDaQYjFjT\/?igsi=NGdncHAyZzB2YW1u\" target=\"_blank\" rel=\"noreferrer noopener\">payla\u015f\u0131mlar\u0131ndan<\/a> sonra onun feysbuk profili k\u00fctl\u0259vi \u015f\u0259kild\u0259 \u015fikay\u0259t edilib v\u0259 n\u0259tic\u0259d\u0259 ba\u011flan\u0131b.<\/p>\n\n\n\n<p>O, sosial media hesablar\u0131na qar\u015f\u0131 h\u00fccumlarla ald\u0131\u011f\u0131 t\u0259hdidl\u0259rin eyni d\u00f6vrd\u0259 ba\u015f verm\u0259sini ictimai f\u0259aliyy\u0259ti il\u0259 \u0259laq\u0259l\u0259ndirir.<\/p>\n\n\n<article class=\"single-card uk-flex uk-flex-between m-b-sm-40\">\n\n  <div class=\"uk-grid wi-full-width\">\n\n    <div class=\"uk-width-2-3 p-t-sm-10\">\n      <a href=\"https:\/\/jam-news.net\/az\/z%c9%99ngilan-diaspor-dus%c9%99rg%c9%99si\/\" target=\"_blank\">\n\n\n\n\n\n        <h2 class=\"m-b-sm-23 wi-merriweather-light\">\n\tDiaspor g\u0259ncl\u0259ri v\u0259t\u0259np\u0259rv\u0259r, yoxsa \u201cm\u0259lumat \u0259sg\u0259ri\u201d olmal\u0131d\u0131r &#8211; Z\u0259ngilan d\u00fc\u015f\u0259rg\u0259sinin s\u0259tiralt\u0131 missiyas\u0131\n<\/h2>\n\n        <p class=\"paragraph-color-2 m-b-sm-10 m-b-xs-7\">\n  64 \u00f6lk\u0259d\u0259n g\u0259l\u0259n 120-d\u0259n \u00e7ox g\u0259nc Z\u0259ngilanda \u201cDir\u00e7\u0259l\u0259n \u015f\u0259h\u0259rl\u0259r\u201d \u015f\u00fcar\u0131 alt\u0131nda toplan\u0131b. \n<\/p>\n      <\/a>\n    <\/div>\n    <div class=\"uk-width-1-3\">\n      <figure class=\"wi-full-height choose-post__img wi-merriweather-light\">\n  <a class=\"\" href=\"https:\/\/jam-news.net\/az\/z%c9%99ngilan-diaspor-dus%c9%99rg%c9%99si\/\">\n    <img decoding=\"async\" class=\"wi-full-height wi-ratio-img\" src=\"https:\/\/jam-news.net\/app\/uploads\/2026\/08\/website-format-2026-08-03T163301.669.png\" alt=\"Z\u0259ngilan diaspor d\u00fc\u015f\u0259rg\u0259si\" uk-img \/>\n  <\/a>\n<\/figure>\n    <\/div>\n  <\/div>\n<\/article>\n\n\n\n<h2 class=\"wp-block-heading\">\u201cCavan TV\u201d n\u0259dir v\u0259 Ta\u011f\u0131yev onu niy\u0259 t\u0259nqid edib?<\/h2>\n\n\n\n<p>\u201cCavan TV\u201d d\u00f6vl\u0259t d\u0259st\u0259yi alan \u201cCAVAN\u201d G\u0259ncl\u0259r H\u0259r\u0259kat\u0131 \u0130ctimai Birliyinin g\u0259nc auditoriyaya y\u00f6n\u0259lmi\u015f media layih\u0259sidir. H\u0259r\u0259kat\u0131n ayr\u0131-ayr\u0131 layih\u0259l\u0259ri Az\u0259rbaycan G\u0259ncl\u0259r Fondu, el\u0259c\u0259 d\u0259 G\u0259ncl\u0259r v\u0259 \u0130dman Nazirliyinin maliyy\u0259 v\u0259 t\u0259\u015fkilati d\u0259st\u0259yi il\u0259 h\u0259yata ke\u00e7irilir.<\/p>\n\n\n\n<p>\u201cCavan TV\u201d ictimai \u0259h\u0259miyy\u0259tli hadis\u0259l\u0259ri manipulyativ \u00fcsullarla t\u0259qdim etm\u0259si il\u0259 tan\u0131n\u0131r. Platforma \u0259h\u0259miyy\u0259tli probleml\u0259ri, m\u0259s\u0259l\u0259n, Bak\u0131n\u0131n g\u00fccl\u00fc ya\u011f\u0131\u015flardan sonra su alt\u0131nda qalmas\u0131 v\u0259 geni\u015f ictimai naraz\u0131l\u0131q yaradan dig\u0259r hadis\u0259l\u0259r zaman\u0131 diqq\u0259ti d\u00f6vl\u0259t qurumlar\u0131n\u0131n m\u0259suliyy\u0259tind\u0259n yay\u0131nd\u0131ran, insanlar\u0131n q\u0259z\u0259bini yum\u015faldan v\u0259 m\u00fczakir\u0259ni ikinci d\u0259r\u0259c\u0259li istiqam\u0259tl\u0259r\u0259 y\u00f6n\u0259ld\u0259n m\u0259zmunlar haz\u0131rlay\u0131r v\u0259 payla\u015f\u0131r.<\/p>\n\n\n\n<p>Ramazan Ta\u011f\u0131yevin \u201cCavan TV\u201dnin f\u0259aliyy\u0259tin\u0259 dair qiym\u0259tl\u0259ndirm\u0259si d\u0259 bu q\u0259bild\u0259ndir.<\/p>\n\n\n<article class=\"single-card uk-flex uk-flex-between m-b-sm-40\">\n\n  <div class=\"uk-grid wi-full-width\">\n\n    <div class=\"uk-width-2-3 p-t-sm-10\">\n      <a href=\"https:\/\/jam-news.net\/az\/baki-dayaniqli-s%c9%99h%c9%99rl%c9%99r-forumu\/\" target=\"_blank\">\n\n\n\n\n\n        <h2 class=\"m-b-sm-23 wi-merriweather-light\">\n\tYa\u011f\u0131\u015f Bak\u0131da ke\u00e7iril\u0259n &quot;dayan\u0131ql\u0131 \u015f\u0259h\u0259rl\u0259r&quot; forumunun a\u00e7\u0131l\u0131\u015f\u0131n\u0131 dayand\u0131r\u0131b: WUF-13 n\u0259dir, niy\u0259 Bak\u0131da ke\u00e7irilir?\n<\/h2>\n\n        <p class=\"paragraph-color-2 m-b-sm-10 m-b-xs-7\">\n  180-d\u0259n \u00e7ox \u00f6lk\u0259d\u0259n n\u00fcmay\u0259nd\u0259l\u0259rin qat\u0131ld\u0131\u011f\u0131 \u00dc\u015eF-13-\u00fcn a\u00e7\u0131l\u0131\u015f\u0131 g\u00fccl\u00fc ya\u011f\u0131\u015f s\u0259b\u0259bind\u0259n yar\u0131m\u00e7\u0131q qal\u0131b.\n<\/p>\n      <\/a>\n    <\/div>\n    <div class=\"uk-width-1-3\">\n      <figure class=\"wi-full-height choose-post__img wi-merriweather-light\">\n  <a class=\"\" href=\"https:\/\/jam-news.net\/az\/baki-dayaniqli-s%c9%99h%c9%99rl%c9%99r-forumu\/\">\n    <img decoding=\"async\" class=\"wi-full-height wi-ratio-img\" src=\"https:\/\/jam-news.net\/app\/uploads\/2026\/05\/website-format-2026-05-17T165606.377.png\" alt=\"Bak\u0131 dayan\u0131ql\u0131 \u015f\u0259h\u0259rl\u0259r forumu\" uk-img \/>\n  <\/a>\n<\/figure>\n    <\/div>\n  <\/div>\n<\/article>\n\n\n\n<h2 class=\"wp-block-heading\">Kriminal \u0259laq\u0259l\u0259r bar\u0259d\u0259 iddialar<\/h2>\n\n\n\n<p>Ta\u011f\u0131yev onu t\u0259hdid ed\u0259n R\u0259\u015fad adl\u0131 \u015f\u0259xsin ke\u00e7mi\u015fi v\u0259 kriminal m\u00fchitl\u0259 m\u00fcmk\u00fcn \u0259laq\u0259l\u0259ri bar\u0259d\u0259 m\u0259lumatlar\u0131 onun \u00f6z\u00fcnd\u0259n ald\u0131\u011f\u0131n\u0131 deyir.<\/p>\n\n\n\n<p>F\u0259al\u0131n s\u00f6zl\u0259rin\u0259 g\u00f6r\u0259, h\u0259min \u015f\u0259xs Fransada iki d\u0259f\u0259 h\u0259bsd\u0259 oldu\u011funu v\u0259 kriminal \u00e7evr\u0259l\u0259rl\u0259 \u0259laq\u0259l\u0259rinin m\u00f6vcudlu\u011funu da \u00f6z\u00fc deyib.<\/p>\n\n\n\n<p>Ta\u011f\u0131yev h\u0259m\u00e7inin iddia edir ki, R\u0259\u015fad Fransada ya\u015fayan az\u0259rbaycanl\u0131 bloqer M\u0259h\u0259mm\u0259d Mirz\u0259liy\u0259 qar\u015f\u0131 sui-q\u0259sd c\u0259hdind\u0259 i\u015ftirak etm\u0259kd\u0259 ittiham olunan b\u0259zi \u015f\u0259xsl\u0259rin onun evind\u0259 qald\u0131\u011f\u0131n\u0131 s\u00f6yl\u0259yib.<\/p>\n\n\n\n<p>F\u0259al\u0131n s\u00f6zl\u0259rin\u0259 g\u00f6r\u0259, R\u0259\u015fad Almaniyada bir ki\u015finin b\u0131\u00e7aqland\u0131\u011f\u0131 hadis\u0259d\u0259n sonra Tuluzaya g\u0259ldiyini d\u0259 ona \u00f6z\u00fc bildirib v\u0259 Ta\u011f\u0131yevi \u201ceyni aqib\u0259tl\u0259\u201d h\u0259d\u0259l\u0259yib.<\/p>\n\n\n<article class=\"single-card uk-flex uk-flex-between m-b-sm-40\">\n\n  <div class=\"uk-grid wi-full-width\">\n\n    <div class=\"uk-width-2-3 p-t-sm-10\">\n      <a href=\"https:\/\/jam-news.net\/az\/efqan-sadiqov-yenid%c9%99n-h%c9%99bs-edilib\/\" target=\"_blank\">\n\n\n\n\n\n        <h2 class=\"m-b-sm-23 wi-merriweather-light\">\n\tG\u00fcrc\u00fcstandan zorla qaytar\u0131lan jurnalist \u018ffqan Sad\u0131qov Az\u0259rbaycanda yenid\u0259n h\u0259bs edilib\n<\/h2>\n\n        <p class=\"paragraph-color-2 m-b-sm-10 m-b-xs-7\">\n  G\u00fcrc\u00fcstandan deportasiya edilm\u0259zd\u0259n az \u0259vv\u0259l icraat\u0131 dayand\u0131r\u0131lan h\u0259d\u0259-qorxu il\u0259 t\u0259l\u0259b etm\u0259 i\u015fi yenid\u0259n icraata qaytar\u0131l\u0131b.\n<\/p>\n      <\/a>\n    <\/div>\n    <div class=\"uk-width-1-3\">\n      <figure class=\"wi-full-height choose-post__img wi-merriweather-light\">\n  <a class=\"\" href=\"https:\/\/jam-news.net\/az\/efqan-sadiqov-yenid%c9%99n-h%c9%99bs-edilib\/\">\n    <img decoding=\"async\" class=\"wi-full-height wi-ratio-img\" src=\"https:\/\/jam-news.net\/app\/uploads\/2026\/06\/website-format-2026-06-10T190409.290.png\" alt=\"\u018ffqan Sadoqov yenid\u0259n h\u0259bs edilib\" uk-img \/>\n  <\/a>\n<\/figure>\n    <\/div>\n  <\/div>\n<\/article>\n\n\n\n<h2 class=\"wp-block-heading\">Fransa polisin\u0259 m\u00fcraci\u0259t edib<\/h2>\n\n\n\n<p>Ramazan Ta\u011f\u0131yev t\u0259hdidl\u0259rl\u0259 \u0259laq\u0259dar Fransa polisin\u0259 m\u00fcraci\u0259t etdiyini deyir. Onun s\u00f6zl\u0259rin\u0259 g\u00f6r\u0259, Fransa h\u00fcquq-m\u00fchafiz\u0259 orqanlar\u0131 fakt \u00fczr\u0259 ara\u015fd\u0131rmaya ba\u015flay\u0131b v\u0259 t\u0259hdid ed\u0259n \u015f\u0259xsin yerini m\u00fc\u0259yy\u0259nl\u0259\u015fdirib.<\/p>\n\n\n\n<p>&#8220;Camnyus&#8221; Ta\u011f\u0131yevin s\u0259sl\u0259ndirdiyi iddialar\u0131 Fransa h\u00fcquq-m\u00fchafiz\u0259 orqanlar\u0131ndan m\u00fcst\u0259qil \u015f\u0259kild\u0259 t\u0259sdiql\u0259y\u0259 bilm\u0259yib. Bar\u0259sind\u0259 iddialar s\u0259sl\u0259ndiril\u0259n \u015f\u0259xsin m\u00f6vqeyi d\u0259 m\u0259lum deyil.<\/p>\n\n\n<article class=\"single-card uk-flex uk-flex-between m-b-sm-40\">\n\n  <div class=\"uk-grid wi-full-width\">\n\n    <div class=\"uk-width-2-3 p-t-sm-10\">\n      <a href=\"https:\/\/jam-news.net\/az\/az%c9%99rbaycanda-sosial-s%c9%99b%c9%99k%c9%99l%c9%99rl%c9%99-bagli-yeni-qanun\/\" target=\"_blank\">\n\n\n\n\n\n        <h2 class=\"m-b-sm-23 wi-merriweather-light\">\n\tAz\u0259rbaycanda sosial \u015f\u0259b\u0259k\u0259l\u0259rl\u0259 ba\u011fl\u0131 yeni qanun: hakimiyy\u0259t c\u0259miyy\u0259t \u00fcz\u0259rind\u0259 n\u0259zar\u0259ti nec\u0259 g\u00fccl\u0259ndirir?\n<\/h2>\n\n        <p class=\"paragraph-color-2 m-b-sm-10 m-b-xs-7\">\n  C\u0259rim\u0259l\u0259r, h\u0259bsl\u0259r v\u0259 sosial \u015f\u0259b\u0259k\u0259 istifad\u0259\u00e7il\u0259rin\u0259 n\u0259zar\u0259t &#8211; yeni m\u0259hdudiyy\u0259tl\u0259r t\u0259kc\u0259 bloqerl\u0259r\u0259 deyil, b\u00fct\u00fcn istifad\u0259\u00e7il\u0259r\u0259 aiddir.\n<\/p>\n      <\/a>\n    <\/div>\n    <div class=\"uk-width-1-3\">\n      <figure class=\"wi-full-height choose-post__img wi-merriweather-light\">\n  <a class=\"\" href=\"https:\/\/jam-news.net\/az\/az%c9%99rbaycanda-sosial-s%c9%99b%c9%99k%c9%99l%c9%99rl%c9%99-bagli-yeni-qanun\/\">\n    <img decoding=\"async\" class=\"wi-full-height wi-ratio-img\" src=\"https:\/\/jam-news.net\/app\/uploads\/2026\/04\/cover.png\" alt=\"\" uk-img \/>\n  <\/a>\n<\/figure>\n    <\/div>\n  <\/div>\n<\/article>\n\n\n\n<p style=\"font-size:1px\"><strong><em>Xaricd\u0259 ya\u015fayan f\u0259al t\u0259hdid edilib<\/em><\/strong><\/p>\n","protected":false},"excerpt":{"rendered":"<p>Ramazan Ta\u011f\u0131yev sosial \u015f\u0259b\u0259k\u0259l\u0259rd\u0259ki t\u0259nqidi payla\u015f\u0131mlar\u0131na g\u00f6r\u0259 t\u0259hdidl\u0259r ald\u0131\u011f\u0131n\u0131 deyir.<\/p>\n","protected":false},"author":60,"featured_media":107865,"comment_status":"closed","ping_status":"closed","sticky":false,"template":"","format":"standard","meta":{"_acf_changed":false,"footnotes":""},"categories":[17,25,50],"tags":[],"formation":[],"post-author":[2888],"topic":[4952,6405,6059,51],"tooltip":[],"city":[6041],"class_list":["post-107863","post","type-post","status-publish","format-standard","has-post-thumbnail","hentry","category-azrbaycan","category-cmiyyt","category-xbrlr","post-author-jamnews","topic-azrbaycan","topic-azrbaycan-fransa","topic-fransa","topic-azrbaycanda-muxalift","city-baki"],"acf":[],"yoast_head":"<!-- This site is optimized with the Yoast SEO plugin v24.1 - https:\/\/yoast.com\/wordpress\/plugins\/seo\/ -->\n<title>Xaricd\u0259 ya\u015fayan f\u0259al t\u0259hdid edilib - JAMnews<\/title>\n<meta name=\"description\" content=\"Xaricd\u0259 ya\u015fayan f\u0259al t\u0259hdid edilib. Ramazan Ta\u011f\u0131yev sosial \u015f\u0259b\u0259k\u0259l\u0259rd\u0259ki t\u0259nqidi payla\u015f\u0131mlar\u0131na g\u00f6r\u0259 t\u0259hdidl\u0259r ald\u0131\u011f\u0131n\u0131 deyir.\" \/>\n<meta name=\"robots\" content=\"index, follow, max-snippet:-1, max-image-preview:large, max-video-preview:-1\" \/>\n<link rel=\"canonical\" href=\"https:\/\/jam-news.net\/az\/xaricde-yasayan-feal-tehdid-edilib\/\" \/>\n<meta property=\"og:locale\" content=\"az_AZ\" \/>\n<meta property=\"og:type\" content=\"article\" \/>\n<meta property=\"og:title\" content=\"Fransada ya\u015fayan az\u0259rbaycanl\u0131 f\u0259al: \u201cM\u0259ni v\u0259 Bak\u0131da ya\u015fayan atam\u0131 h\u0259d\u0259l\u0259yirl\u0259r\u201d\" \/>\n<meta property=\"og:description\" content=\"Ramazan Ta\u011f\u0131yev sosial \u015f\u0259b\u0259k\u0259l\u0259rd\u0259ki t\u0259nqidi payla\u015f\u0131mlar\u0131na g\u00f6r\u0259 t\u0259hdidl\u0259r ald\u0131\u011f\u0131n\u0131 deyir.\" \/>\n<meta property=\"og:url\" content=\"https:\/\/jam-news.net\/az\/xaricde-yasayan-feal-tehdid-edilib\/\" \/>\n<meta property=\"og:site_name\" content=\"Azerbaijani Jamnews\" \/>\n<meta property=\"article:publisher\" content=\"https:\/\/www.facebook.com\/JAMnewsInEnglish\/\" \/>\n<meta property=\"article:published_time\" content=\"2026-09-05T20:11:59+00:00\" \/>\n<meta property=\"article:modified_time\" content=\"2026-09-05T20:12:02+00:00\" \/>\n<meta property=\"og:image\" content=\"https:\/\/jam-news.net\/app\/uploads\/2026\/09\/website-format-2026-09-05T221045.611.png\" \/>\n\t<meta property=\"og:image:width\" content=\"2400\" \/>\n\t<meta property=\"og:image:height\" content=\"1350\" \/>\n\t<meta property=\"og:image:type\" content=\"image\/png\" \/>\n<meta name=\"author\" content=\"elmisham\" \/>\n<meta name=\"twitter:card\" content=\"summary_large_image\" \/>\n<meta name=\"twitter:title\" content=\"Fransada ya\u015fayan az\u0259rbaycanl\u0131 f\u0259al: \u201cM\u0259ni v\u0259 Bak\u0131da ya\u015fayan atam\u0131 h\u0259d\u0259l\u0259yirl\u0259r\u201d\" \/>\n<meta name=\"twitter:description\" content=\"Ramazan Ta\u011f\u0131yev sosial \u015f\u0259b\u0259k\u0259l\u0259rd\u0259ki t\u0259nqidi payla\u015f\u0131mlar\u0131na g\u00f6r\u0259 t\u0259hdidl\u0259r ald\u0131\u011f\u0131n\u0131 deyir.\" \/>\n<meta name=\"twitter:creator\" content=\"@JAMnewsCaucasus\" \/>\n<meta name=\"twitter:site\" content=\"@JAMnewsCaucasus\" \/>\n<meta name=\"twitter:label1\" content=\"Written by\" \/>\n\t<meta name=\"twitter:data1\" content=\"elmisham\" \/>\n\t<meta name=\"twitter:label2\" content=\"Est. reading time\" \/>\n\t<meta name=\"twitter:data2\" content=\"3 minutes\" \/>\n<script type=\"application\/ld+json\" class=\"yoast-schema-graph\">{\"@context\":\"https:\/\/schema.org\",\"@graph\":[{\"@type\":\"Article\",\"@id\":\"https:\/\/jam-news.net\/az\/xaricde-yasayan-feal-tehdid-edilib\/#article\",\"isPartOf\":{\"@id\":\"https:\/\/jam-news.net\/az\/xaricde-yasayan-feal-tehdid-edilib\/\"},\"author\":{\"name\":\"elmisham\",\"@id\":\"https:\/\/jam-news.net\/az\/#\/schema\/person\/eb45af4c98a871b32118a93d3d66e159\"},\"headline\":\"Fransada ya\u015fayan az\u0259rbaycanl\u0131 f\u0259al: \u201cM\u0259ni v\u0259 Bak\u0131da ya\u015fayan atam\u0131 h\u0259d\u0259l\u0259yirl\u0259r\u201d\",\"datePublished\":\"2026-09-05T20:11:59+00:00\",\"dateModified\":\"2026-09-05T20:12:02+00:00\",\"mainEntityOfPage\":{\"@id\":\"https:\/\/jam-news.net\/az\/xaricde-yasayan-feal-tehdid-edilib\/\"},\"wordCount\":919,\"publisher\":{\"@id\":\"https:\/\/jam-news.net\/az\/#organization\"},\"image\":{\"@id\":\"https:\/\/jam-news.net\/az\/xaricde-yasayan-feal-tehdid-edilib\/#primaryimage\"},\"thumbnailUrl\":\"https:\/\/jam-news.net\/app\/uploads\/2026\/09\/website-format-2026-09-05T221045.611.png\",\"articleSection\":[\"Azerbaijan\",\"Issues\",\"News\"],\"inLanguage\":\"az\"},{\"@type\":\"WebPage\",\"@id\":\"https:\/\/jam-news.net\/az\/xaricde-yasayan-feal-tehdid-edilib\/\",\"url\":\"https:\/\/jam-news.net\/az\/xaricde-yasayan-feal-tehdid-edilib\/\",\"name\":\"Xaricd\u0259 ya\u015fayan f\u0259al t\u0259hdid edilib - JAMnews\",\"isPartOf\":{\"@id\":\"https:\/\/jam-news.net\/az\/#website\"},\"primaryImageOfPage\":{\"@id\":\"https:\/\/jam-news.net\/az\/xaricde-yasayan-feal-tehdid-edilib\/#primaryimage\"},\"image\":{\"@id\":\"https:\/\/jam-news.net\/az\/xaricde-yasayan-feal-tehdid-edilib\/#primaryimage\"},\"thumbnailUrl\":\"https:\/\/jam-news.net\/app\/uploads\/2026\/09\/website-format-2026-09-05T221045.611.png\",\"datePublished\":\"2026-09-05T20:11:59+00:00\",\"dateModified\":\"2026-09-05T20:12:02+00:00\",\"description\":\"Xaricd\u0259 ya\u015fayan f\u0259al t\u0259hdid edilib. Ramazan Ta\u011f\u0131yev sosial \u015f\u0259b\u0259k\u0259l\u0259rd\u0259ki t\u0259nqidi payla\u015f\u0131mlar\u0131na g\u00f6r\u0259 t\u0259hdidl\u0259r ald\u0131\u011f\u0131n\u0131 deyir.\",\"breadcrumb\":{\"@id\":\"https:\/\/jam-news.net\/az\/xaricde-yasayan-feal-tehdid-edilib\/#breadcrumb\"},\"inLanguage\":\"az\",\"potentialAction\":[{\"@type\":\"ReadAction\",\"target\":[\"https:\/\/jam-news.net\/az\/xaricde-yasayan-feal-tehdid-edilib\/\"]}]},{\"@type\":\"ImageObject\",\"inLanguage\":\"az\",\"@id\":\"https:\/\/jam-news.net\/az\/xaricde-yasayan-feal-tehdid-edilib\/#primaryimage\",\"url\":\"https:\/\/jam-news.net\/app\/uploads\/2026\/09\/website-format-2026-09-05T221045.611.png\",\"contentUrl\":\"https:\/\/jam-news.net\/app\/uploads\/2026\/09\/website-format-2026-09-05T221045.611.png\",\"width\":2400,\"height\":1350,\"caption\":\"Xaricd\u0259 ya\u015fayan f\u0259al t\u0259hdid edilib\"},{\"@type\":\"BreadcrumbList\",\"@id\":\"https:\/\/jam-news.net\/az\/xaricde-yasayan-feal-tehdid-edilib\/#breadcrumb\",\"itemListElement\":[{\"@type\":\"ListItem\",\"position\":1,\"name\":\"Home\",\"item\":\"https:\/\/jam-news.net\/az\/\"},{\"@type\":\"ListItem\",\"position\":2,\"name\":\"Fransada ya\u015fayan az\u0259rbaycanl\u0131 f\u0259al: \u201cM\u0259ni v\u0259 Bak\u0131da ya\u015fayan atam\u0131 h\u0259d\u0259l\u0259yirl\u0259r\u201d\"}]},{\"@type\":\"WebSite\",\"@id\":\"https:\/\/jam-news.net\/az\/#website\",\"url\":\"https:\/\/jam-news.net\/az\/\",\"name\":\"Azerbaijani Jamnews\",\"description\":\"Caucasus News, Politics and Society\",\"publisher\":{\"@id\":\"https:\/\/jam-news.net\/az\/#organization\"},\"potentialAction\":[{\"@type\":\"SearchAction\",\"target\":{\"@type\":\"EntryPoint\",\"urlTemplate\":\"https:\/\/jam-news.net\/az\/?s={search_term_string}\"},\"query-input\":{\"@type\":\"PropertyValueSpecification\",\"valueRequired\":true,\"valueName\":\"search_term_string\"}}],\"inLanguage\":\"az\"},{\"@type\":\"Organization\",\"@id\":\"https:\/\/jam-news.net\/az\/#organization\",\"name\":\"JAMnews\",\"url\":\"https:\/\/jam-news.net\/az\/\",\"logo\":{\"@type\":\"ImageObject\",\"inLanguage\":\"az\",\"@id\":\"https:\/\/jam-news.net\/az\/#\/schema\/logo\/image\/\",\"url\":\"https:\/\/jam-news.net\/app\/uploads\/2020\/05\/JAM_w.jpg\",\"contentUrl\":\"https:\/\/jam-news.net\/app\/uploads\/2020\/05\/JAM_w.jpg\",\"width\":960,\"height\":960,\"caption\":\"JAMnews\"},\"image\":{\"@id\":\"https:\/\/jam-news.net\/az\/#\/schema\/logo\/image\/\"},\"sameAs\":[\"https:\/\/www.facebook.com\/JAMnewsInEnglish\/\",\"https:\/\/x.com\/JAMnewsCaucasus\",\"https:\/\/www.instagram.com\/jam_news\/\",\"https:\/\/www.youtube.com\/channel\/UCXQbUCme2pykuZYXWHx4VPg\"]},{\"@type\":\"Person\",\"@id\":\"https:\/\/jam-news.net\/az\/#\/schema\/person\/eb45af4c98a871b32118a93d3d66e159\",\"name\":\"elmisham\",\"image\":{\"@type\":\"ImageObject\",\"inLanguage\":\"az\",\"@id\":\"https:\/\/jam-news.net\/az\/#\/schema\/person\/image\/\",\"url\":\"https:\/\/secure.gravatar.com\/avatar\/37fa0366c180c74da87d58de88ffdc3f?s=96&d=mm&r=g\",\"contentUrl\":\"https:\/\/secure.gravatar.com\/avatar\/37fa0366c180c74da87d58de88ffdc3f?s=96&d=mm&r=g\",\"caption\":\"elmisham\"},\"url\":\"https:\/\/jam-news.net\/az\/author\/elmisham\/\"}]}<\/script>\n<!-- \/ Yoast SEO plugin. -->","yoast_head_json":{"title":"Xaricd\u0259 ya\u015fayan f\u0259al t\u0259hdid edilib - JAMnews","description":"Xaricd\u0259 ya\u015fayan f\u0259al t\u0259hdid edilib. Ramazan Ta\u011f\u0131yev sosial \u015f\u0259b\u0259k\u0259l\u0259rd\u0259ki t\u0259nqidi payla\u015f\u0131mlar\u0131na g\u00f6r\u0259 t\u0259hdidl\u0259r ald\u0131\u011f\u0131n\u0131 deyir.","robots":{"index":"index","follow":"follow","max-snippet":"max-snippet:-1","max-image-preview":"max-image-preview:large","max-video-preview":"max-video-preview:-1"},"canonical":"https:\/\/jam-news.net\/az\/xaricde-yasayan-feal-tehdid-edilib\/","og_locale":"az_AZ","og_type":"article","og_title":"Fransada ya\u015fayan az\u0259rbaycanl\u0131 f\u0259al: \u201cM\u0259ni v\u0259 Bak\u0131da ya\u015fayan atam\u0131 h\u0259d\u0259l\u0259yirl\u0259r\u201d","og_description":"Ramazan Ta\u011f\u0131yev sosial \u015f\u0259b\u0259k\u0259l\u0259rd\u0259ki t\u0259nqidi payla\u015f\u0131mlar\u0131na g\u00f6r\u0259 t\u0259hdidl\u0259r ald\u0131\u011f\u0131n\u0131 deyir.","og_url":"https:\/\/jam-news.net\/az\/xaricde-yasayan-feal-tehdid-edilib\/","og_site_name":"Azerbaijani Jamnews","article_publisher":"https:\/\/www.facebook.com\/JAMnewsInEnglish\/","article_published_time":"2026-09-05T20:11:59+00:00","article_modified_time":"2026-09-05T20:12:02+00:00","og_image":[{"width":2400,"height":1350,"url":"https:\/\/jam-news.net\/app\/uploads\/2026\/09\/website-format-2026-09-05T221045.611.png","type":"image\/png"}],"author":"elmisham","twitter_card":"summary_large_image","twitter_title":"Fransada ya\u015fayan az\u0259rbaycanl\u0131 f\u0259al: \u201cM\u0259ni v\u0259 Bak\u0131da ya\u015fayan atam\u0131 h\u0259d\u0259l\u0259yirl\u0259r\u201d","twitter_description":"Ramazan Ta\u011f\u0131yev sosial \u015f\u0259b\u0259k\u0259l\u0259rd\u0259ki t\u0259nqidi payla\u015f\u0131mlar\u0131na g\u00f6r\u0259 t\u0259hdidl\u0259r ald\u0131\u011f\u0131n\u0131 deyir.","twitter_creator":"@JAMnewsCaucasus","twitter_site":"@JAMnewsCaucasus","twitter_misc":{"Written by":"elmisham","Est. reading time":"3 minutes"},"schema":{"@context":"https:\/\/schema.org","@graph":[{"@type":"Article","@id":"https:\/\/jam-news.net\/az\/xaricde-yasayan-feal-tehdid-edilib\/#article","isPartOf":{"@id":"https:\/\/jam-news.net\/az\/xaricde-yasayan-feal-tehdid-edilib\/"},"author":{"name":"elmisham","@id":"https:\/\/jam-news.net\/az\/#\/schema\/person\/eb45af4c98a871b32118a93d3d66e159"},"headline":"Fransada ya\u015fayan az\u0259rbaycanl\u0131 f\u0259al: \u201cM\u0259ni v\u0259 Bak\u0131da ya\u015fayan atam\u0131 h\u0259d\u0259l\u0259yirl\u0259r\u201d","datePublished":"2026-09-05T20:11:59+00:00","dateModified":"2026-09-05T20:12:02+00:00","mainEntityOfPage":{"@id":"https:\/\/jam-news.net\/az\/xaricde-yasayan-feal-tehdid-edilib\/"},"wordCount":919,"publisher":{"@id":"https:\/\/jam-news.net\/az\/#organization"},"image":{"@id":"https:\/\/jam-news.net\/az\/xaricde-yasayan-feal-tehdid-edilib\/#primaryimage"},"thumbnailUrl":"https:\/\/jam-news.net\/app\/uploads\/2026\/09\/website-format-2026-09-05T221045.611.png","articleSection":["Azerbaijan","Issues","News"],"inLanguage":"az"},{"@type":"WebPage","@id":"https:\/\/jam-news.net\/az\/xaricde-yasayan-feal-tehdid-edilib\/","url":"https:\/\/jam-news.net\/az\/xaricde-yasayan-feal-tehdid-edilib\/","name":"Xaricd\u0259 ya\u015fayan f\u0259al t\u0259hdid edilib - JAMnews","isPartOf":{"@id":"https:\/\/jam-news.net\/az\/#website"},"primaryImageOfPage":{"@id":"https:\/\/jam-news.net\/az\/xaricde-yasayan-feal-tehdid-edilib\/#primaryimage"},"image":{"@id":"https:\/\/jam-news.net\/az\/xaricde-yasayan-feal-tehdid-edilib\/#primaryimage"},"thumbnailUrl":"https:\/\/jam-news.net\/app\/uploads\/2026\/09\/website-format-2026-09-05T221045.611.png","datePublished":"2026-09-05T20:11:59+00:00","dateModified":"2026-09-05T20:12:02+00:00","description":"Xaricd\u0259 ya\u015fayan f\u0259al t\u0259hdid edilib. Ramazan Ta\u011f\u0131yev sosial \u015f\u0259b\u0259k\u0259l\u0259rd\u0259ki t\u0259nqidi payla\u015f\u0131mlar\u0131na g\u00f6r\u0259 t\u0259hdidl\u0259r ald\u0131\u011f\u0131n\u0131 deyir.","breadcrumb":{"@id":"https:\/\/jam-news.net\/az\/xaricde-yasayan-feal-tehdid-edilib\/#breadcrumb"},"inLanguage":"az","potentialAction":[{"@type":"ReadAction","target":["https:\/\/jam-news.net\/az\/xaricde-yasayan-feal-tehdid-edilib\/"]}]},{"@type":"ImageObject","inLanguage":"az","@id":"https:\/\/jam-news.net\/az\/xaricde-yasayan-feal-tehdid-edilib\/#primaryimage","url":"https:\/\/jam-news.net\/app\/uploads\/2026\/09\/website-format-2026-09-05T221045.611.png","contentUrl":"https:\/\/jam-news.net\/app\/uploads\/2026\/09\/website-format-2026-09-05T221045.611.png","width":2400,"height":1350,"caption":"Xaricd\u0259 ya\u015fayan f\u0259al t\u0259hdid edilib"},{"@type":"BreadcrumbList","@id":"https:\/\/jam-news.net\/az\/xaricde-yasayan-feal-tehdid-edilib\/#breadcrumb","itemListElement":[{"@type":"ListItem","position":1,"name":"Home","item":"https:\/\/jam-news.net\/az\/"},{"@type":"ListItem","position":2,"name":"Fransada ya\u015fayan az\u0259rbaycanl\u0131 f\u0259al: \u201cM\u0259ni v\u0259 Bak\u0131da ya\u015fayan atam\u0131 h\u0259d\u0259l\u0259yirl\u0259r\u201d"}]},{"@type":"WebSite","@id":"https:\/\/jam-news.net\/az\/#website","url":"https:\/\/jam-news.net\/az\/","name":"Azerbaijani Jamnews","description":"Caucasus News, Politics and Society","publisher":{"@id":"https:\/\/jam-news.net\/az\/#organization"},"potentialAction":[{"@type":"SearchAction","target":{"@type":"EntryPoint","urlTemplate":"https:\/\/jam-news.net\/az\/?s={search_term_string}"},"query-input":{"@type":"PropertyValueSpecification","valueRequired":true,"valueName":"search_term_string"}}],"inLanguage":"az"},{"@type":"Organization","@id":"https:\/\/jam-news.net\/az\/#organization","name":"JAMnews","url":"https:\/\/jam-news.net\/az\/","logo":{"@type":"ImageObject","inLanguage":"az","@id":"https:\/\/jam-news.net\/az\/#\/schema\/logo\/image\/","url":"https:\/\/jam-news.net\/app\/uploads\/2020\/05\/JAM_w.jpg","contentUrl":"https:\/\/jam-news.net\/app\/uploads\/2020\/05\/JAM_w.jpg","width":960,"height":960,"caption":"JAMnews"},"image":{"@id":"https:\/\/jam-news.net\/az\/#\/schema\/logo\/image\/"},"sameAs":["https:\/\/www.facebook.com\/JAMnewsInEnglish\/","https:\/\/x.com\/JAMnewsCaucasus","https:\/\/www.instagram.com\/jam_news\/","https:\/\/www.youtube.com\/channel\/UCXQbUCme2pykuZYXWHx4VPg"]},{"@type":"Person","@id":"https:\/\/jam-news.net\/az\/#\/schema\/person\/eb45af4c98a871b32118a93d3d66e159","name":"elmisham","image":{"@type":"ImageObject","inLanguage":"az","@id":"https:\/\/jam-news.net\/az\/#\/schema\/person\/image\/","url":"https:\/\/secure.gravatar.com\/avatar\/37fa0366c180c74da87d58de88ffdc3f?s=96&d=mm&r=g","contentUrl":"https:\/\/secure.gravatar.com\/avatar\/37fa0366c180c74da87d58de88ffdc3f?s=96&d=mm&r=g","caption":"elmisham"},"url":"https:\/\/jam-news.net\/az\/author\/elmisham\/"}]}},"_links":{"self":[{"href":"https:\/\/jam-news.net\/az\/wp-json\/wp\/v2\/posts\/107863","targetHints":{"allow":["GET"]}}],"collection":[{"href":"https:\/\/jam-news.net\/az\/wp-json\/wp\/v2\/posts"}],"about":[{"href":"https:\/\/jam-news.net\/az\/wp-json\/wp\/v2\/types\/post"}],"author":[{"embeddable":true,"href":"https:\/\/jam-news.net\/az\/wp-json\/wp\/v2\/users\/60"}],"replies":[{"embeddable":true,"href":"https:\/\/jam-news.net\/az\/wp-json\/wp\/v2\/comments?post=107863"}],"version-history":[{"count":1,"href":"https:\/\/jam-news.net\/az\/wp-json\/wp\/v2\/posts\/107863\/revisions"}],"predecessor-version":[{"id":107864,"href":"https:\/\/jam-news.net\/az\/wp-json\/wp\/v2\/posts\/107863\/revisions\/107864"}],"wp:featuredmedia":[{"embeddable":true,"href":"https:\/\/jam-news.net\/az\/wp-json\/wp\/v2\/media\/107865"}],"wp:attachment":[{"href":"https:\/\/jam-news.net\/az\/wp-json\/wp\/v2\/media?parent=107863"}],"wp:term":[{"taxonomy":"category","embeddable":true,"href":"https:\/\/jam-news.net\/az\/wp-json\/wp\/v2\/categories?post=107863"},{"taxonomy":"post_tag","embeddable":true,"href":"https:\/\/jam-news.net\/az\/wp-json\/wp\/v2\/tags?post=107863"},{"taxonomy":"formation","embeddable":true,"href":"https:\/\/jam-news.net\/az\/wp-json\/wp\/v2\/formation?post=107863"},{"taxonomy":"post-author","embeddable":true,"href":"https:\/\/jam-news.net\/az\/wp-json\/wp\/v2\/post-author?post=107863"},{"taxonomy":"topic","embeddable":true,"href":"https:\/\/jam-news.net\/az\/wp-json\/wp\/v2\/topic?post=107863"},{"taxonomy":"tooltip","embeddable":true,"href":"https:\/\/jam-news.net\/az\/wp-json\/wp\/v2\/tooltip?post=107863"},{"taxonomy":"city","embeddable":true,"href":"https:\/\/jam-news.net\/az\/wp-json\/wp\/v2\/city?post=107863"}],"curies":[{"name":"wp","href":"https:\/\/api.w.org\/{rel}","templated":true}]}}