{"id":107826,"date":"2026-09-03T12:56:02","date_gmt":"2026-09-03T08:56:02","guid":{"rendered":"https:\/\/jam-news.net\/az\/?p=107826"},"modified":"2026-09-03T12:56:04","modified_gmt":"2026-09-03T08:56:04","slug":"pasinyan-v%c9%99-putin-biskekd%c9%99-n%c9%99-bar%c9%99d%c9%99-raziliga-g%c9%99libl%c9%99r-munasib%c9%99tl%c9%99rd%c9%99-g%c9%99rginliyin-pik-h%c9%99ddind%c9%99-gorus","status":"publish","type":"post","link":"https:\/\/jam-news.net\/az\/pasinyan-v%c9%99-putin-biskekd%c9%99-n%c9%99-bar%c9%99d%c9%99-raziliga-g%c9%99libl%c9%99r-munasib%c9%99tl%c9%99rd%c9%99-g%c9%99rginliyin-pik-h%c9%99ddind%c9%99-gorus\/","title":{"rendered":"Pa\u015finyan v\u0259 Putin Bi\u015fkekd\u0259 n\u0259 bar\u0259d\u0259 raz\u0131l\u0131\u011fa g\u0259libl\u0259r: m\u00fcnasib\u0259tl\u0259rd\u0259 g\u0259rginliyin pik h\u0259ddind\u0259 g\u00f6r\u00fc\u015f"},"content":{"rendered":"\n<p style=\"font-size:8px\"><em><strong>Bi\u015fkekd\u0259 Pa\u015finyan-Putin g\u00f6r\u00fc\u015f\u00fc<\/strong><\/em><\/p>\n\n\n\n<p><a href=\"https:\/\/jam-news.net\/az\/category\/cografiya\/erm%C9%99nistan\/\" target=\"_blank\" rel=\"noreferrer noopener\">Erm\u0259nistan\u0131n<\/a> ba\u015f naziri il\u0259 <a href=\"https:\/\/jam-news.net\/az\/category\/cografiya\/rusiya\/\" target=\"_blank\" rel=\"noreferrer noopener\">Rusiya<\/a> prezidentinin g\u00f6r\u00fc\u015f\u00fc \u015eanxay \u018fm\u0259kda\u015fl\u0131q T\u0259\u015fkilat\u0131n\u0131n sammiti \u00e7\u0259r\u00e7iv\u0259sind\u0259 &#8220;\u015e\u018fT+&#8221; format\u0131nda iclas\u0131n ke\u00e7irildiyi Bi\u015fkekd\u0259 ba\u015f tutub. <a href=\"https:\/\/jam-news.net\/az\/topic\/nikol-pasinyan\/\" target=\"_blank\" rel=\"noreferrer noopener\">Nikol Pa\u015finyan<\/a> v\u0259 <a href=\"https:\/\/jam-news.net\/az\/topic\/vladimir-putin\/\" target=\"_blank\" rel=\"noreferrer noopener\">Vladimir Putin<\/a> aras\u0131nda dan\u0131\u015f\u0131qlar gec\u0259 saatlar\u0131nda ke\u00e7irilib.<\/p>\n\n\n\n<p>Son h\u0259dd\u0259 q\u0259d\u0259r g\u0259rginl\u0259\u015f\u0259n m\u00fcnasib\u0259tl\u0259r fonunda m\u00fczakir\u0259 edil\u0259si kifay\u0259t q\u0259d\u0259r m\u0259s\u0259l\u0259 y\u0131\u011f\u0131l\u0131b. \u00dcst\u0259lik, Pa\u015finyanla Putinin \u0259vv\u0259lki g\u00f6r\u00fc\u015f\u00fc aprelin 1-d\u0259 <a href=\"https:\/\/jam-news.net\/az\/moskvada-pasinyan-putin-gorusu-aktual-probleml%C9%99rin-muzakir%C9%99si-ucun-isguzar-s%C9%99f%C9%99r\/\" target=\"_blank\" rel=\"noreferrer noopener\">ba\u015f tutmu\u015fdu<\/a>. Bundan sonra, iyunda Erm\u0259nistanda parlament se\u00e7kil\u0259ri ke\u00e7irilib. Erm\u0259nistan\u0131n ba\u015f nazirinin partiyas\u0131 s\u0259s \u00e7oxlu\u011fu qazanaraq qalib g\u0259lib v\u0259 t\u0259kba\u015f\u0131na h\u00f6kum\u0259t formala\u015fd\u0131r\u0131b. Lakin Rusiya prezidenti indiy\u0259d\u0259k Pa\u015finyan\u0131 q\u0259l\u0259b\u0259 m\u00fcnasib\u0259til\u0259 t\u0259brik etm\u0259yib.<\/p>\n\n\n\n<p>Moskvadan s\u0259sl\u0259n\u0259n b\u0259yanatlara \u0259sas\u0259n, Rusiya hakimiyy\u0259tini narahat ed\u0259n \u0259sas m\u0259s\u0259l\u0259 Erm\u0259nistan\u0131n Avropa \u0130ttifaq\u0131na qo\u015fulmaq ist\u0259yidir.<\/p>\n\n\n\n<p>Bi\u015fkekd\u0259ki g\u00f6r\u00fc\u015f\u00fcn ilk d\u0259qiq\u0259l\u0259rind\u0259 Putin Erm\u0259nistan\u0131n A\u0130-y\u0259 can atmas\u0131n\u0131n \u00f6lk\u0259nin qanuni h\u00fcququ oldu\u011funu bildirib. Lakin onun s\u00f6zl\u0259rin\u0259 g\u00f6r\u0259, bu, Rusiyan\u0131n liderliyi alt\u0131nda f\u0259aliyy\u0259t g\u00f6st\u0259r\u0259n Avrasiya \u0130qtisadi \u0130ttifaq\u0131na \u00fczvl\u00fckl\u0259 ba\u011fl\u0131 &#8220;\u00e7\u0259tinlikl\u0259r yarad\u0131r&#8221;.<\/p>\n\n\n\n<p>&#8220;Erm\u0259nistan A\u0130-y\u0259 \u00fczvl\u00fck m\u0259s\u0259l\u0259sind\u0259 n\u0259 q\u0259d\u0259r tez q\u0259rar vers\u0259, bir o q\u0259d\u0259r yax\u015f\u0131d\u0131r. Moskva m\u00fcnasib\u0259tl\u0259ri bundan sonra nec\u0259 inki\u015faf etdir\u0259c\u0259yini anlamal\u0131d\u0131r. Erm\u0259nistan\u0131n ba\u015fqa bir t\u0259\u015fkilata \u00fczvl\u00fck proseduruna ba\u015flamas\u0131 haqq\u0131nda qanunun q\u0259bulu bizim t\u0259\u015fkilatdan \u00e7\u0131xmaq bar\u0259d\u0259 b\u0259yanat dem\u0259kdir&#8221;, &#8211; Putin bildirib.<\/p>\n\n\n\n<h4 class=\"wp-block-heading\"><strong>Cavab\u0131nda Pa\u015finyan Erm\u0259nistan\u0131n A\u0130\u0130-d\u0259n \u00e7\u0131xmaq niyy\u0259tind\u0259 olmad\u0131\u011f\u0131n\u0131 <strong>bir daha<\/strong><\/strong> <strong>bildirib.<\/strong><\/h4>\n\n\n\n<p>Erm\u0259nistan\u0131n ba\u015f naziri h\u0259m\u00e7inin xat\u0131rlad\u0131b ki, A\u0130\u0130-nin nizamnam\u0259sin\u0259 \u0259sas\u0259n, \u00f6lk\u0259nin \u00f6z\u00fc bel\u0259 bir q\u0259rar q\u0259bul etm\u0259diyi halda d\u00f6vl\u0259tin ittifaqdan \u00e7\u0131xar\u0131lmas\u0131 proseduru m\u00f6vcud deyil.<\/p>\n\n\n\n<p>&#8220;Biz Rusiya Federasiyas\u0131 il\u0259 m\u00fcnasib\u0259tl\u0259rimizi \u00e7ox y\u00fcks\u0259k qiym\u0259tl\u0259ndiririk. \u00dcmid edirik ki, bu m\u00fcnasib\u0259tl\u0259r Rusiya Federasiyas\u0131 \u00fc\u00e7\u00fcn d\u0259 vacibdir. D\u00fc\u015f\u00fcn\u00fcr\u0259m ki, h\u0259m Erm\u0259nistan, h\u0259m Rusiya Federasiyas\u0131, h\u0259m d\u0259 \u015f\u0259xs\u0259n biz bu m\u00fcnasib\u0259tl\u0259r\u0259 \u00e7ox h\u0259ssas yana\u015fmal\u0131y\u0131q. M\u0259n t\u0259sdiql\u0259m\u0259k ist\u0259yir\u0259m ki, \u015f\u0259xs\u0259n m\u0259n v\u0259 h\u00f6kum\u0259timiz bu m\u00fcnasib\u0259tl\u0259r\u0259 \u00e7ox h\u0259ssas yana\u015f\u0131r\u0131q. \u018fmin\u0259m ki, siz d\u0259 bu m\u00fcnasib\u0259tl\u0259r\u0259 h\u0259ssas yana\u015f\u0131rs\u0131n\u0131z. Buna g\u00f6r\u0259 siz\u0259 t\u0259\u015f\u0259kk\u00fcr etm\u0259k ist\u0259yir\u0259m&#8221;, &#8211; Nikol Pa\u015finyan bildirib.<\/p>\n\n\n\n<p>O vur\u011fulay\u0131b ki, A\u0130-y\u0259 \u00fczvl\u00fck m\u0259s\u0259l\u0259si h\u0259l\u0259 referendum ke\u00e7irilm\u0259si \u00fc\u00e7\u00fcn laz\u0131m olan m\u0259rh\u0259l\u0259y\u0259 \u00e7atmay\u0131b. Pa\u015finyan bunu haz\u0131rda Erm\u0259nistan\u0131n A\u0130-y\u0259 \u00fczvl\u00fck \u015f\u0259klind\u0259 alternativinin olmamas\u0131 il\u0259 izah edib. Y\u0259ni m\u0259s\u0259l\u0259 Erm\u0259nistan hakimiyy\u0259tinin xalqa alternativ kimi t\u0259klif ed\u0259 bil\u0259c\u0259yi konkret variant yarand\u0131qda h\u0259ll olunacaq.<\/p>\n\n\n\n<p>Lakin Putin \u00f6z m\u00f6vqeyind\u0259 qal\u0131b: &#8220;Xalq\u0131n h\u0259qiq\u0259t\u0259n d\u0259 h\u0259mi\u015f\u0259 se\u00e7im imkan\u0131 olmal\u0131d\u0131r. El\u0259 is\u0259 bu se\u00e7imi yarad\u0131n. M\u00f6vzunu da ba\u011flayaq. V\u0259ssalam. \u018fn sad\u0259si insanlara m\u00fcraci\u0259t edib soru\u015fmaqd\u0131r: siz n\u0259 ist\u0259yirsiniz, bel\u0259, yoxsa el\u0259?&#8221;<\/p>\n\n\n\n<h4 class=\"wp-block-heading\"><strong>G\u00f6r\u00fc\u015f ba\u015fa \u00e7atd\u0131qdan sonra Erm\u0259nistan\u0131n ba\u015f naziri sosial \u015f\u0259b\u0259k\u0259l\u0259rd\u0259 onun yekunlar\u0131n\u0131 <a href=\"https:\/\/www.facebook.com\/reel\/1902305821146229\" target=\"_blank\" rel=\"noreferrer noopener\">\u00fcmumil\u0259\u015fdirdiyi<\/a> video yay\u0131mlay\u0131b.<\/strong><\/h4>\n\n\n\n<p>Pa\u015finyan g\u00f6r\u00fc\u015f\u00fc &#8220;\u00e7ox yax\u015f\u0131&#8221; kimi qiym\u0259tl\u0259ndirib. O bildirib ki, Putinl\u0259 Moskvaya s\u0259f\u0259ri zaman\u0131 &#8220;s\u0259mimi v\u0259 konstruktiv s\u00f6hb\u0259ti&#8221; davam etdirm\u0259k bar\u0259d\u0259 raz\u0131l\u0131\u011fa g\u0259libl\u0259r. G\u00f6r\u00fcn\u00fcr, s\u0259f\u0259r yax\u0131n vaxtlarda ba\u015f tutacaq.<\/p>\n\n\n\n<p>&#8220;Qeyd etm\u0259k laz\u0131md\u0131r ki, Erm\u0259nistan v\u0259 Rusiya aras\u0131nda ikit\u0259r\u0259fli m\u00fcnasib\u0259tl\u0259r h\u0259r iki \u00f6lk\u0259 \u00fc\u00e7\u00fcn son d\u0259r\u0259c\u0259 vacibdir. [\u2026] Bununla yana\u015f\u0131, qeyd etm\u0259k laz\u0131md\u0131r ki, yeni \u015f\u0259raitd\u0259, yeni \u015f\u0259rtl\u0259r daxilind\u0259 bu m\u00fcnasib\u0259tl\u0259rin yenid\u0259n n\u0259z\u0259rd\u0259n ke\u00e7irilm\u0259sin\u0259 ehtiyac yaran\u0131r. \u018fmin\u0259m ki, bu yenid\u0259n d\u0259y\u0259rl\u0259ndirm\u0259 n\u0259tic\u0259sind\u0259 m\u00fcnasib\u0259tl\u0259r daha yax\u015f\u0131, daha konstruktiv, qar\u015f\u0131l\u0131ql\u0131 faydal\u0131 v\u0259 daha isti olacaq&#8221;, &#8211; o bildirib.<\/p>\n\n\n\n<h2 class=\"wp-block-heading\"><strong>Kontekst: daha hans\u0131 m\u0259s\u0259l\u0259l\u0259r m\u00fczakir\u0259 edilm\u0259li idi<\/strong><\/h2>\n\n\n\n<p>Erm\u0259nistanda \u0259vv\u0259lc\u0259d\u0259n son d\u0259r\u0259c\u0259 m\u00fch\u00fcm bir ne\u00e7\u0259 m\u0259s\u0259l\u0259 il\u0259 ba\u011fl\u0131 \u00e7\u0259tin dan\u0131\u015f\u0131qlar\u0131n olaca\u011f\u0131 g\u00f6zl\u0259nilirdi. Lakin erm\u0259ni analitikl\u0259r g\u00f6r\u00fc\u015f\u00fcn n\u0259tic\u0259sind\u0259 h\u0259r hans\u0131 m\u0259s\u0259l\u0259 \u00fczr\u0259 m\u00fcsb\u0259t ir\u0259lil\u0259yi\u015f g\u00f6zl\u0259m\u0259y\u0259 d\u0259ym\u0259diyini bildirirdil\u0259r.<\/p>\n\n\n\n<h4 class=\"wp-block-heading\"><strong>Erm\u0259nistanda \u00f6lk\u0259nin A\u0130\u0130-y\u0259, yoxsa Avropa \u0130ttifaq\u0131na \u00fczvl\u00fcy\u00fc il\u0259 ba\u011fl\u0131 referendum ke\u00e7irilm\u0259si m\u0259s\u0259l\u0259sinin m\u00fczakir\u0259 edil\u0259c\u0259yi g\u00f6zl\u0259nilirdi.<\/strong><\/h4>\n\n\n\n<p>Son vaxtlar Rusiya v\u0259 onunla birlikd\u0259 A\u0130\u0130-y\u0259 daxil olan \u00f6lk\u0259l\u0259r referendumun ke\u00e7irilm\u0259sind\u0259 israr edirdil\u0259r. Erm\u0259nistan hakimiyy\u0259ti is\u0259 \u00f6lk\u0259nin h\u0259l\u0259 A\u0130-y\u0259 \u00fczvl\u00fck \u00fc\u00e7\u00fcn m\u00fcraci\u0259t etm\u0259diyini \u0259sas g\u0259tir\u0259r\u0259k bu m\u0259s\u0259l\u0259 il\u0259 ba\u011fl\u0131 referendum ke\u00e7irm\u0259yin h\u0259l\u0259lik m\u0259nas\u0131 olmad\u0131\u011f\u0131n\u0131 bildirirdi.<\/p>\n\n\n\n<p class=\"has-background\" style=\"background-color:#dee8ee\"><em>A\u0130\u0130-nin \u00fczvl\u0259ri Rusiya, Belarus, Erm\u0259nistan, Qazax\u0131stan v\u0259 Q\u0131r\u011f\u0131z\u0131stand\u0131r.<\/em><\/p>\n\n\n\n<p>Bu arada A\u0130\u0130-d\u0259 Erm\u0259nistan\u0131n blokdak\u0131 statusunun m\u00fczakir\u0259 edilm\u0259si niyy\u0259tind\u0259n d\u0259 dan\u0131\u015f\u0131l\u0131b. Halbuki ittifaq\u0131n nizamnam\u0259sin\u0259 \u0259sas\u0259n, ittifaqdan \u00e7\u0131xmaq q\u0259rar\u0131n\u0131 yaln\u0131z Erm\u0259nistan \u00f6z\u00fc ver\u0259 bil\u0259r. Pa\u015finyan\u0131n d\u0259f\u0259l\u0259rl\u0259 bildirdiyi kimi, ba\u015fqa prosedur n\u0259z\u0259rd\u0259 tutulmay\u0131b.<\/p>\n\n\n\n<p>Eyni zamanda, avqustun 24-d\u0259 Erm\u0259nistan\u0131n ba\u015f naziri A\u0130-y\u0259 \u00fczvl\u00fck \u00fc\u00e7\u00fcn r\u0259smi m\u00fcraci\u0259tin t\u0259qdim edil\u0259 bil\u0259c\u0259yini d\u0259 bildirib. Bu, Rusiyada yeni t\u0259nqid dal\u011fas\u0131na v\u0259 daha s\u0259rt reaksiyaya s\u0259b\u0259b olub. Rusiyada &#8220;A\u0130-y\u0259 \u00fczvl\u00fcy\u00fcn onillikl\u0259r davam ed\u0259n marafon&#8221; oldu\u011fu, lakin &#8220;Rusiya v\u0259 A\u0130\u0130 il\u0259 \u0259laq\u0259l\u0259rin k\u0259silm\u0259sinin f\u0259sadlar\u0131n\u0131 Yerevan\u0131n el\u0259 indi hiss ed\u0259c\u0259yi&#8221; bildirilib. Rusiya ekspertl\u0259ri h\u0259tta Erm\u0259nistan \u00fc\u00e7\u00fcn &#8220;faci\u0259vi sonluq&#8221; proqnozla\u015fd\u0131r\u0131blar. Onlar\u0131n fikrinc\u0259, Erm\u0259nistan &#8220;t\u00fcrkl\u0259\u015fm\u0259&#8221; il\u0259 &#8220;Ukrayna ssenarisi&#8221; aras\u0131nda se\u00e7im qar\u015f\u0131s\u0131ndad\u0131r.<\/p>\n\n\n\n<h4 class=\"wp-block-heading\"><strong>Rusiyan\u0131n may ay\u0131ndan Erm\u0259nistan m\u0259hsul v\u0259 mallar\u0131n\u0131n ixrac\u0131na t\u0259tbiq etdiyi v\u0259 bu g\u00fcn\u0259d\u0259k davam ed\u0259n m\u0259hdudiyy\u0259tl\u0259rin d\u0259 m\u00fczakir\u0259 olunaca\u011f\u0131 g\u00f6zl\u0259nilirdi.<\/strong><\/h4>\n\n\n\n<p>B\u00fct\u00fcn bu ill\u0259r \u0259rzind\u0259 Rusiya Erm\u0259nistan \u00fc\u00e7\u00fcn \u0259n\u0259n\u0259vi ixrac bazar\u0131 olub. Lakin Rusiyan\u0131n m\u0259hsullar\u0131n keyfiyy\u0259ti il\u0259 izah etdiyi m\u0259hdudiyy\u0259tl\u0259r t\u0259tbiq edildikd\u0259n sonra Erm\u0259nistan m\u0259hsullar\u0131 daha y\u00fcks\u0259k standartlar\u0131n q\u00fcvv\u0259d\u0259 oldu\u011fu A\u0130 \u00f6lk\u0259l\u0259rin\u0259 ixrac olunma\u011fa ba\u015flay\u0131b.<\/p>\n\n\n\n<h4 class=\"wp-block-heading\"><strong>Erm\u0259ni analitikl\u0259r Erm\u0259nistan\u0131n Rusiyan\u0131n r\u0259hb\u0259rlik etdiyi h\u0259rbi blok KTMT-y\u0259 \u00fczvl\u00fcy\u00fc m\u0259s\u0259l\u0259sinin d\u0259 m\u00fczakir\u0259 oluna bil\u0259c\u0259yini istisna etmirdil\u0259r.<\/strong><\/h4>\n\n\n\n<p class=\"has-background\" style=\"background-color:#dee8ee\"><em>Kollektiv T\u0259hl\u00fck\u0259sizlik M\u00fcqavil\u0259si T\u0259\u015fkilat\u0131n\u0131n \u00fczvl\u0259ri Rusiya, Belarus, Qazax\u0131stan, Q\u0131r\u011f\u0131z\u0131stan, Tacikistan v\u0259 Erm\u0259nistand\u0131r.<\/em><\/p>\n\n\n\n<p>Erm\u0259nistan art\u0131q iki ildir ki, t\u0259\u015fkilatda i\u015ftirak\u0131n\u0131 dondurub. Bu, Yerevan\u0131n blokdak\u0131 m\u00fctt\u0259fiql\u0259rinin h\u0259r\u0259k\u0259tsizliyin\u0259 reaksiyas\u0131d\u0131r. 2021-2022-ci ill\u0259rd\u0259 Az\u0259rbaycan Silahl\u0131 Q\u00fcvv\u0259l\u0259ri Erm\u0259nistan\u0131n suveren \u0259razisin\u0259 daxil olduqda, m\u00fctt\u0259fiql\u0259r n\u0259inki m\u00fcdaxil\u0259 etm\u0259yib, h\u0259tta Bak\u0131n\u0131n h\u0259r\u0259k\u0259tl\u0259rini pisl\u0259m\u0259yibl\u0259r. Onlar bunu Az\u0259rbaycanla s\u0259rh\u0259din delimitasiya edilm\u0259m\u0259si il\u0259 izah edibl\u0259r. Buna cavab olaraq Erm\u0259nistan\u0131n ba\u015f naziri bildirib:<\/p>\n\n\n\n<p><em>&#8220;Erm\u0259nistanla Az\u0259rbaycan aras\u0131nda s\u0259rh\u0259din olmad\u0131\u011f\u0131n\u0131 dem\u0259k KTMT-nin m\u0259suliyy\u0259t zonas\u0131n\u0131n m\u00f6vcud olmad\u0131\u011f\u0131n\u0131 iddia etm\u0259k dem\u0259kdir. \u018fg\u0259r m\u0259suliyy\u0259t zonas\u0131 yoxdursa, t\u0259\u015fkilat\u0131n \u00f6z\u00fc d\u0259 yoxdur&#8221;.<\/em><\/p>\n\n\n\n<p>\u018fg\u0259r \u0259vv\u0259ll\u0259r Pa\u015finyan bu h\u0259rbi blokdan \u00e7\u0131xar\u0131lmas\u0131n\u0131n onu narahat etm\u0259diyini deyirdis\u0259, Putinl\u0259 g\u00f6r\u00fc\u015fd\u0259n c\u0259mi bir h\u0259ft\u0259 \u0259vv\u0259l buna sevin\u0259c\u0259yini bildirib:<\/p>\n\n\n\n<p><em>&#8220;\u018fn az\u0131, bu, bizi (KTMT-d\u0259n) \u00e7\u0131x\u0131b-\u00e7\u0131xmamaq dilemmas\u0131ndan xilas ed\u0259rdi&#8221;.<\/em><\/p>\n\n\n\n<p>Bundan \u0259lav\u0259, liderl\u0259rin g\u00f6r\u00fc\u015f\u00fc \u0259r\u0259f\u0259sind\u0259 Rusiya prezidentinin k\u00f6m\u0259k\u00e7isi Yuri U\u015fakov bildirib ki, g\u00f6r\u00fc\u015f &#8220;Erm\u0259nistanda m\u00fcxalif\u0259t liderl\u0259rinin k\u00fctl\u0259vi \u015f\u0259kild\u0259 h\u0259bs olundu\u011fu&#8221; bir d\u00f6vrd\u0259 ke\u00e7iril\u0259c\u0259k. O, x\u00fcsusil\u0259 Erm\u0259nistan\u0131n ke\u00e7mi\u015f prezidenti Robert Ko\u00e7aryan\u0131n h\u0259bsini n\u0259z\u0259rd\u0259 tuturdu. Ko\u00e7aryan v\u0259zif\u0259 s\u0259lahiyy\u0259tl\u0259rind\u0259n sui-istifad\u0259 etm\u0259kd\u0259, x\u00fcsusil\u0259 k\u00fclli miqdarda r\u00fc\u015fv\u0259t almaqda v\u0259 \u00e7irkli pullar\u0131n yuyulmas\u0131nda ittiham olunur. M\u0259hk\u0259m\u0259nin q\u0259rar\u0131 il\u0259 ke\u00e7mi\u015f prezident iki ay m\u00fcdd\u0259tin\u0259 h\u0259bs edilib. Bu, ke\u00e7mi\u015f prezidentin art\u0131q d\u00f6rd\u00fcnc\u00fc h\u0259bsidir.<\/p>\n\n\n\n<h4 class=\"wp-block-heading\"><strong>Erm\u0259nistanda ehtimal edirdil\u0259r ki, Ko\u00e7aryanla dostluq m\u00fcnasib\u0259tl\u0259ri olan Putin bu d\u0259f\u0259 d\u0259 onun azadl\u0131\u011fa burax\u0131lmas\u0131n\u0131 ist\u0259y\u0259 bil\u0259r.<\/strong><\/h4>\n\n\n\n<p>Apreld\u0259 Pa\u015finyanla \u0259vv\u0259lki g\u00f6r\u00fc\u015f\u00fc zaman\u0131 Putin Erm\u0259nistandak\u0131 se\u00e7kil\u0259rd\u0259 Rusiyan\u0131n &#8220;dostlar\u0131n\u0131n&#8221;, Rusiyay\u00f6nl\u00fc siyasi q\u00fcvv\u0259l\u0259rin d\u0259 i\u015ftirak ed\u0259 bil\u0259c\u0259yin\u0259 \u00fcmid etdiyini bildirib. Ehtimal olunur ki, o, haz\u0131rda hakimiyy\u0259ti \u0259l\u0259 ke\u00e7irm\u0259y\u0259 \u00e7a\u011f\u0131r\u0131\u015f ittiham\u0131 il\u0259 ev dustaql\u0131\u011f\u0131nda olan rusiyal\u0131 i\u015f adam\u0131 Samvel Karapetyan\u0131n partiyas\u0131n\u0131, el\u0259c\u0259 d\u0259 ke\u00e7mi\u015f prezident Robert Ko\u00e7aryan\u0131n r\u0259hb\u0259rlik etdiyi bloku n\u0259z\u0259rd\u0259 tuturdu. Onlar se\u00e7kil\u0259rd\u0259 i\u015ftirak ets\u0259l\u0259r d\u0259, parlamentd\u0259 \u00e7oxluq \u0259ld\u0259 ed\u0259 bilm\u0259yibl\u0259r.<\/p>\n\n\n\n<p>Erm\u0259nistan\u0131n hakim partiyas\u0131n\u0131n n\u00fcmay\u0259nd\u0259l\u0259rinin fikrinc\u0259, m\u0259hz bu Rusiyay\u00f6nl\u00fc q\u00fcvv\u0259l\u0259r Rusiya hakimiyy\u0259tini c\u0259miyy\u0259td\u0259 naraz\u0131l\u0131q yarada bil\u0259c\u0259k add\u0131mlara s\u00f6vq edir. Pa\u015finyan\u0131n komandas\u0131nda hesab edirl\u0259r ki, m\u00fcxalif q\u00fcvv\u0259l\u0259r bu yolla hakimiyy\u0259t\u0259 g\u0259lm\u0259k niyy\u0259tind\u0259dirl\u0259r.<\/p>\n\n\n\n<p style=\"font-size:3px\">Bi\u015fkekd\u0259 Pa\u015finyan-Putin g\u00f6r\u00fc\u015f\u00fc<\/p>\n","protected":false},"excerpt":{"rendered":"<p>Bu, Erm\u0259nistanda ba\u015f nazirin partiyas\u0131n\u0131n qalib g\u0259ldiyi se\u00e7kil\u0259rd\u0259n sonra ilk g\u00f6r\u00fc\u015fd\u00fcr. Lakin Pa\u015finyan Rusiya prezidentind\u0259n q\u0259l\u0259b\u0259 m\u00fcnasib\u0259til\u0259 t\u0259brik almay\u0131b.<\/p>\n","protected":false},"author":62,"featured_media":107799,"comment_status":"closed","ping_status":"closed","sticky":false,"template":"","format":"standard","meta":{"_acf_changed":false,"footnotes":""},"categories":[27,25,50,49,5,4],"tags":[7289,136,7288,33,415,520,21,6379,7287,7286,953,7290],"formation":[],"post-author":[2888],"topic":[4951,6111,5832,413,5626,4955,4560],"tooltip":[],"city":[6054],"class_list":["post-107826","post","type-post","status-publish","format-standard","has-post-thumbnail","hentry","category-ermnistan","category-cmiyyt","category-xbrlr","category-srh","category-siyast","category-rusiya","tag-avrasiya-iqtisadi-ittifaqi-2","tag-avropa-ittifaqi","tag-biskek","tag-ermnistan","tag-nikol-pasinyan","tag-robert-kocaryan","tag-rusiya","tag-samvel-karapetyan","tag-sanxay-emkdasliq-tskilati","tag-set","tag-vladimir-putin","tag-yuri-usakov","post-author-jamnews","topic-ermnistan","topic-ermnistan-rusiya","topic-avropa-ittifaqi","topic-nikol-pasinyan","topic-robert-kocharyan","topic-rusiya","topic-vladimir-putin","city-yerevan"],"acf":[],"yoast_head":"<!-- This site is optimized with the Yoast SEO plugin v24.1 - https:\/\/yoast.com\/wordpress\/plugins\/seo\/ -->\n<title>Bi\u015fkekd\u0259 Pa\u015finyan-Putin g\u00f6r\u00fc\u015f\u00fc |JAMnews<\/title>\n<meta name=\"description\" content=\"Bi\u015fkekd\u0259 Pa\u015finyan-Putin g\u00f6r\u00fc\u015f\u00fc m\u00fcnasib\u0259tl\u0259rd\u0259 g\u0259rginliyin pik h\u0259dd\u0259 \u00e7atd\u0131\u011f\u0131 v\u0259 m\u00fczakir\u0259 olunacaq m\u0259s\u0259l\u0259l\u0259rin \u00e7ox oldu\u011fu bir vaxtda ke\u00e7irilib.\" \/>\n<meta name=\"robots\" content=\"index, follow, max-snippet:-1, max-image-preview:large, max-video-preview:-1\" \/>\n<link rel=\"canonical\" href=\"https:\/\/jam-news.net\/az\/pasinyan-v\u0259-putin-biskekd\u0259-n\u0259-bar\u0259d\u0259-raziliga-g\u0259libl\u0259r-munasib\u0259tl\u0259rd\u0259-g\u0259rginliyin-pik-h\u0259ddind\u0259-gorus\/\" \/>\n<meta property=\"og:locale\" content=\"az_AZ\" \/>\n<meta property=\"og:type\" content=\"article\" \/>\n<meta property=\"og:title\" content=\"Pa\u015finyan v\u0259 Putin Bi\u015fkekd\u0259 n\u0259 bar\u0259d\u0259 raz\u0131l\u0131\u011fa g\u0259libl\u0259r: m\u00fcnasib\u0259tl\u0259rd\u0259 g\u0259rginliyin pik h\u0259ddind\u0259 g\u00f6r\u00fc\u015f\" \/>\n<meta property=\"og:description\" content=\"Bu, Erm\u0259nistanda ba\u015f nazirin partiyas\u0131n\u0131n qalib g\u0259ldiyi se\u00e7kil\u0259rd\u0259n sonra ilk g\u00f6r\u00fc\u015fd\u00fcr. Lakin Pa\u015finyan Rusiya prezidentind\u0259n q\u0259l\u0259b\u0259 m\u00fcnasib\u0259til\u0259 t\u0259brik almay\u0131b.\" \/>\n<meta property=\"og:url\" content=\"https:\/\/jam-news.net\/az\/pasinyan-v\u0259-putin-biskekd\u0259-n\u0259-bar\u0259d\u0259-raziliga-g\u0259libl\u0259r-munasib\u0259tl\u0259rd\u0259-g\u0259rginliyin-pik-h\u0259ddind\u0259-gorus\/\" \/>\n<meta property=\"og:site_name\" content=\"Azerbaijani Jamnews\" \/>\n<meta property=\"article:publisher\" content=\"https:\/\/www.facebook.com\/JAMnewsInEnglish\/\" \/>\n<meta property=\"article:published_time\" content=\"2026-09-03T08:56:02+00:00\" \/>\n<meta property=\"article:modified_time\" content=\"2026-09-03T08:56:04+00:00\" \/>\n<meta property=\"og:image\" content=\"https:\/\/jam-news.net\/app\/uploads\/2026\/09\/Pashinyan_Putin_Bishkek.jpg\" \/>\n\t<meta property=\"og:image:width\" content=\"1200\" \/>\n\t<meta property=\"og:image:height\" content=\"728\" \/>\n\t<meta property=\"og:image:type\" content=\"image\/jpeg\" \/>\n<meta name=\"author\" content=\"gulnara\" \/>\n<meta name=\"twitter:card\" content=\"summary_large_image\" \/>\n<meta name=\"twitter:title\" content=\"Pa\u015finyan v\u0259 Putin Bi\u015fkekd\u0259 n\u0259 bar\u0259d\u0259 raz\u0131l\u0131\u011fa g\u0259libl\u0259r: m\u00fcnasib\u0259tl\u0259rd\u0259 g\u0259rginliyin pik h\u0259ddind\u0259 g\u00f6r\u00fc\u015f\" \/>\n<meta name=\"twitter:creator\" content=\"@JAMnewsCaucasus\" \/>\n<meta name=\"twitter:site\" content=\"@JAMnewsCaucasus\" \/>\n<meta name=\"twitter:label1\" content=\"Written by\" \/>\n\t<meta name=\"twitter:data1\" content=\"gulnara\" \/>\n\t<meta name=\"twitter:label2\" content=\"Est. reading time\" \/>\n\t<meta name=\"twitter:data2\" content=\"6 minutes\" \/>\n<script type=\"application\/ld+json\" class=\"yoast-schema-graph\">{\"@context\":\"https:\/\/schema.org\",\"@graph\":[{\"@type\":\"Article\",\"@id\":\"https:\/\/jam-news.net\/az\/pasinyan-v%c9%99-putin-biskekd%c9%99-n%c9%99-bar%c9%99d%c9%99-raziliga-g%c9%99libl%c9%99r-munasib%c9%99tl%c9%99rd%c9%99-g%c9%99rginliyin-pik-h%c9%99ddind%c9%99-gorus\/#article\",\"isPartOf\":{\"@id\":\"https:\/\/jam-news.net\/az\/pasinyan-v%c9%99-putin-biskekd%c9%99-n%c9%99-bar%c9%99d%c9%99-raziliga-g%c9%99libl%c9%99r-munasib%c9%99tl%c9%99rd%c9%99-g%c9%99rginliyin-pik-h%c9%99ddind%c9%99-gorus\/\"},\"author\":{\"name\":\"gulnara\",\"@id\":\"https:\/\/jam-news.net\/az\/#\/schema\/person\/9f5201213de7e745950950d0c1c0abab\"},\"headline\":\"Pa\u015finyan v\u0259 Putin Bi\u015fkekd\u0259 n\u0259 bar\u0259d\u0259 raz\u0131l\u0131\u011fa g\u0259libl\u0259r: m\u00fcnasib\u0259tl\u0259rd\u0259 g\u0259rginliyin pik h\u0259ddind\u0259 g\u00f6r\u00fc\u015f\",\"datePublished\":\"2026-09-03T08:56:02+00:00\",\"dateModified\":\"2026-09-03T08:56:04+00:00\",\"mainEntityOfPage\":{\"@id\":\"https:\/\/jam-news.net\/az\/pasinyan-v%c9%99-putin-biskekd%c9%99-n%c9%99-bar%c9%99d%c9%99-raziliga-g%c9%99libl%c9%99r-munasib%c9%99tl%c9%99rd%c9%99-g%c9%99rginliyin-pik-h%c9%99ddind%c9%99-gorus\/\"},\"wordCount\":1841,\"publisher\":{\"@id\":\"https:\/\/jam-news.net\/az\/#organization\"},\"image\":{\"@id\":\"https:\/\/jam-news.net\/az\/pasinyan-v%c9%99-putin-biskekd%c9%99-n%c9%99-bar%c9%99d%c9%99-raziliga-g%c9%99libl%c9%99r-munasib%c9%99tl%c9%99rd%c9%99-g%c9%99rginliyin-pik-h%c9%99ddind%c9%99-gorus\/#primaryimage\"},\"thumbnailUrl\":\"https:\/\/jam-news.net\/app\/uploads\/2026\/09\/Pashinyan_Putin_Bishkek.jpg\",\"keywords\":[\"Avrasiya iqtisadi ittifaq\u0131\",\"Avropa \u0130ttifaq\u0131\",\"Bi\u015fkek\",\"Erm\u0259nistan\",\"Nikol Pa\u015finyan\",\"Robert Ko\u00e7aryan\",\"Rusiya\",\"Samvel Karapetyan\",\"\u015eanxay \u018fm\u0259kda\u015fl\u0131q T\u0259\u015fkilat\u0131\",\"\u015e\u018fT+\",\"Vladimir Putin\",\"Yuri U\u015fakov\"],\"articleSection\":[\"Armenia\",\"Issues\",\"News\",\"Opinion\",\"Politics\",\"Russia\"],\"inLanguage\":\"az\"},{\"@type\":\"WebPage\",\"@id\":\"https:\/\/jam-news.net\/az\/pasinyan-v%c9%99-putin-biskekd%c9%99-n%c9%99-bar%c9%99d%c9%99-raziliga-g%c9%99libl%c9%99r-munasib%c9%99tl%c9%99rd%c9%99-g%c9%99rginliyin-pik-h%c9%99ddind%c9%99-gorus\/\",\"url\":\"https:\/\/jam-news.net\/az\/pasinyan-v%c9%99-putin-biskekd%c9%99-n%c9%99-bar%c9%99d%c9%99-raziliga-g%c9%99libl%c9%99r-munasib%c9%99tl%c9%99rd%c9%99-g%c9%99rginliyin-pik-h%c9%99ddind%c9%99-gorus\/\",\"name\":\"Bi\u015fkekd\u0259 Pa\u015finyan-Putin g\u00f6r\u00fc\u015f\u00fc |JAMnews\",\"isPartOf\":{\"@id\":\"https:\/\/jam-news.net\/az\/#website\"},\"primaryImageOfPage\":{\"@id\":\"https:\/\/jam-news.net\/az\/pasinyan-v%c9%99-putin-biskekd%c9%99-n%c9%99-bar%c9%99d%c9%99-raziliga-g%c9%99libl%c9%99r-munasib%c9%99tl%c9%99rd%c9%99-g%c9%99rginliyin-pik-h%c9%99ddind%c9%99-gorus\/#primaryimage\"},\"image\":{\"@id\":\"https:\/\/jam-news.net\/az\/pasinyan-v%c9%99-putin-biskekd%c9%99-n%c9%99-bar%c9%99d%c9%99-raziliga-g%c9%99libl%c9%99r-munasib%c9%99tl%c9%99rd%c9%99-g%c9%99rginliyin-pik-h%c9%99ddind%c9%99-gorus\/#primaryimage\"},\"thumbnailUrl\":\"https:\/\/jam-news.net\/app\/uploads\/2026\/09\/Pashinyan_Putin_Bishkek.jpg\",\"datePublished\":\"2026-09-03T08:56:02+00:00\",\"dateModified\":\"2026-09-03T08:56:04+00:00\",\"description\":\"Bi\u015fkekd\u0259 Pa\u015finyan-Putin g\u00f6r\u00fc\u015f\u00fc m\u00fcnasib\u0259tl\u0259rd\u0259 g\u0259rginliyin pik h\u0259dd\u0259 \u00e7atd\u0131\u011f\u0131 v\u0259 m\u00fczakir\u0259 olunacaq m\u0259s\u0259l\u0259l\u0259rin \u00e7ox oldu\u011fu bir vaxtda ke\u00e7irilib.\",\"breadcrumb\":{\"@id\":\"https:\/\/jam-news.net\/az\/pasinyan-v%c9%99-putin-biskekd%c9%99-n%c9%99-bar%c9%99d%c9%99-raziliga-g%c9%99libl%c9%99r-munasib%c9%99tl%c9%99rd%c9%99-g%c9%99rginliyin-pik-h%c9%99ddind%c9%99-gorus\/#breadcrumb\"},\"inLanguage\":\"az\",\"potentialAction\":[{\"@type\":\"ReadAction\",\"target\":[\"https:\/\/jam-news.net\/az\/pasinyan-v%c9%99-putin-biskekd%c9%99-n%c9%99-bar%c9%99d%c9%99-raziliga-g%c9%99libl%c9%99r-munasib%c9%99tl%c9%99rd%c9%99-g%c9%99rginliyin-pik-h%c9%99ddind%c9%99-gorus\/\"]}]},{\"@type\":\"ImageObject\",\"inLanguage\":\"az\",\"@id\":\"https:\/\/jam-news.net\/az\/pasinyan-v%c9%99-putin-biskekd%c9%99-n%c9%99-bar%c9%99d%c9%99-raziliga-g%c9%99libl%c9%99r-munasib%c9%99tl%c9%99rd%c9%99-g%c9%99rginliyin-pik-h%c9%99ddind%c9%99-gorus\/#primaryimage\",\"url\":\"https:\/\/jam-news.net\/app\/uploads\/2026\/09\/Pashinyan_Putin_Bishkek.jpg\",\"contentUrl\":\"https:\/\/jam-news.net\/app\/uploads\/2026\/09\/Pashinyan_Putin_Bishkek.jpg\",\"width\":1200,\"height\":728},{\"@type\":\"BreadcrumbList\",\"@id\":\"https:\/\/jam-news.net\/az\/pasinyan-v%c9%99-putin-biskekd%c9%99-n%c9%99-bar%c9%99d%c9%99-raziliga-g%c9%99libl%c9%99r-munasib%c9%99tl%c9%99rd%c9%99-g%c9%99rginliyin-pik-h%c9%99ddind%c9%99-gorus\/#breadcrumb\",\"itemListElement\":[{\"@type\":\"ListItem\",\"position\":1,\"name\":\"Home\",\"item\":\"https:\/\/jam-news.net\/az\/\"},{\"@type\":\"ListItem\",\"position\":2,\"name\":\"Pa\u015finyan v\u0259 Putin Bi\u015fkekd\u0259 n\u0259 bar\u0259d\u0259 raz\u0131l\u0131\u011fa g\u0259libl\u0259r: m\u00fcnasib\u0259tl\u0259rd\u0259 g\u0259rginliyin pik h\u0259ddind\u0259 g\u00f6r\u00fc\u015f\"}]},{\"@type\":\"WebSite\",\"@id\":\"https:\/\/jam-news.net\/az\/#website\",\"url\":\"https:\/\/jam-news.net\/az\/\",\"name\":\"Azerbaijani Jamnews\",\"description\":\"Caucasus News, Politics and Society\",\"publisher\":{\"@id\":\"https:\/\/jam-news.net\/az\/#organization\"},\"potentialAction\":[{\"@type\":\"SearchAction\",\"target\":{\"@type\":\"EntryPoint\",\"urlTemplate\":\"https:\/\/jam-news.net\/az\/?s={search_term_string}\"},\"query-input\":{\"@type\":\"PropertyValueSpecification\",\"valueRequired\":true,\"valueName\":\"search_term_string\"}}],\"inLanguage\":\"az\"},{\"@type\":\"Organization\",\"@id\":\"https:\/\/jam-news.net\/az\/#organization\",\"name\":\"JAMnews\",\"url\":\"https:\/\/jam-news.net\/az\/\",\"logo\":{\"@type\":\"ImageObject\",\"inLanguage\":\"az\",\"@id\":\"https:\/\/jam-news.net\/az\/#\/schema\/logo\/image\/\",\"url\":\"https:\/\/jam-news.net\/app\/uploads\/2020\/05\/JAM_w.jpg\",\"contentUrl\":\"https:\/\/jam-news.net\/app\/uploads\/2020\/05\/JAM_w.jpg\",\"width\":960,\"height\":960,\"caption\":\"JAMnews\"},\"image\":{\"@id\":\"https:\/\/jam-news.net\/az\/#\/schema\/logo\/image\/\"},\"sameAs\":[\"https:\/\/www.facebook.com\/JAMnewsInEnglish\/\",\"https:\/\/x.com\/JAMnewsCaucasus\",\"https:\/\/www.instagram.com\/jam_news\/\",\"https:\/\/www.youtube.com\/channel\/UCXQbUCme2pykuZYXWHx4VPg\"]},{\"@type\":\"Person\",\"@id\":\"https:\/\/jam-news.net\/az\/#\/schema\/person\/9f5201213de7e745950950d0c1c0abab\",\"name\":\"gulnara\",\"image\":{\"@type\":\"ImageObject\",\"inLanguage\":\"az\",\"@id\":\"https:\/\/jam-news.net\/az\/#\/schema\/person\/image\/\",\"url\":\"https:\/\/secure.gravatar.com\/avatar\/c1ec22b621eb2f555f0e3b7a02648ad7?s=96&d=mm&r=g\",\"contentUrl\":\"https:\/\/secure.gravatar.com\/avatar\/c1ec22b621eb2f555f0e3b7a02648ad7?s=96&d=mm&r=g\",\"caption\":\"gulnara\"},\"url\":\"https:\/\/jam-news.net\/az\/author\/gulnara\/\"}]}<\/script>\n<!-- \/ Yoast SEO plugin. -->","yoast_head_json":{"title":"Bi\u015fkekd\u0259 Pa\u015finyan-Putin g\u00f6r\u00fc\u015f\u00fc |JAMnews","description":"Bi\u015fkekd\u0259 Pa\u015finyan-Putin g\u00f6r\u00fc\u015f\u00fc m\u00fcnasib\u0259tl\u0259rd\u0259 g\u0259rginliyin pik h\u0259dd\u0259 \u00e7atd\u0131\u011f\u0131 v\u0259 m\u00fczakir\u0259 olunacaq m\u0259s\u0259l\u0259l\u0259rin \u00e7ox oldu\u011fu bir vaxtda ke\u00e7irilib.","robots":{"index":"index","follow":"follow","max-snippet":"max-snippet:-1","max-image-preview":"max-image-preview:large","max-video-preview":"max-video-preview:-1"},"canonical":"https:\/\/jam-news.net\/az\/pasinyan-v\u0259-putin-biskekd\u0259-n\u0259-bar\u0259d\u0259-raziliga-g\u0259libl\u0259r-munasib\u0259tl\u0259rd\u0259-g\u0259rginliyin-pik-h\u0259ddind\u0259-gorus\/","og_locale":"az_AZ","og_type":"article","og_title":"Pa\u015finyan v\u0259 Putin Bi\u015fkekd\u0259 n\u0259 bar\u0259d\u0259 raz\u0131l\u0131\u011fa g\u0259libl\u0259r: m\u00fcnasib\u0259tl\u0259rd\u0259 g\u0259rginliyin pik h\u0259ddind\u0259 g\u00f6r\u00fc\u015f","og_description":"Bu, Erm\u0259nistanda ba\u015f nazirin partiyas\u0131n\u0131n qalib g\u0259ldiyi se\u00e7kil\u0259rd\u0259n sonra ilk g\u00f6r\u00fc\u015fd\u00fcr. Lakin Pa\u015finyan Rusiya prezidentind\u0259n q\u0259l\u0259b\u0259 m\u00fcnasib\u0259til\u0259 t\u0259brik almay\u0131b.","og_url":"https:\/\/jam-news.net\/az\/pasinyan-v\u0259-putin-biskekd\u0259-n\u0259-bar\u0259d\u0259-raziliga-g\u0259libl\u0259r-munasib\u0259tl\u0259rd\u0259-g\u0259rginliyin-pik-h\u0259ddind\u0259-gorus\/","og_site_name":"Azerbaijani Jamnews","article_publisher":"https:\/\/www.facebook.com\/JAMnewsInEnglish\/","article_published_time":"2026-09-03T08:56:02+00:00","article_modified_time":"2026-09-03T08:56:04+00:00","og_image":[{"width":1200,"height":728,"url":"https:\/\/jam-news.net\/app\/uploads\/2026\/09\/Pashinyan_Putin_Bishkek.jpg","type":"image\/jpeg"}],"author":"gulnara","twitter_card":"summary_large_image","twitter_title":"Pa\u015finyan v\u0259 Putin Bi\u015fkekd\u0259 n\u0259 bar\u0259d\u0259 raz\u0131l\u0131\u011fa g\u0259libl\u0259r: m\u00fcnasib\u0259tl\u0259rd\u0259 g\u0259rginliyin pik h\u0259ddind\u0259 g\u00f6r\u00fc\u015f","twitter_creator":"@JAMnewsCaucasus","twitter_site":"@JAMnewsCaucasus","twitter_misc":{"Written by":"gulnara","Est. reading time":"6 minutes"},"schema":{"@context":"https:\/\/schema.org","@graph":[{"@type":"Article","@id":"https:\/\/jam-news.net\/az\/pasinyan-v%c9%99-putin-biskekd%c9%99-n%c9%99-bar%c9%99d%c9%99-raziliga-g%c9%99libl%c9%99r-munasib%c9%99tl%c9%99rd%c9%99-g%c9%99rginliyin-pik-h%c9%99ddind%c9%99-gorus\/#article","isPartOf":{"@id":"https:\/\/jam-news.net\/az\/pasinyan-v%c9%99-putin-biskekd%c9%99-n%c9%99-bar%c9%99d%c9%99-raziliga-g%c9%99libl%c9%99r-munasib%c9%99tl%c9%99rd%c9%99-g%c9%99rginliyin-pik-h%c9%99ddind%c9%99-gorus\/"},"author":{"name":"gulnara","@id":"https:\/\/jam-news.net\/az\/#\/schema\/person\/9f5201213de7e745950950d0c1c0abab"},"headline":"Pa\u015finyan v\u0259 Putin Bi\u015fkekd\u0259 n\u0259 bar\u0259d\u0259 raz\u0131l\u0131\u011fa g\u0259libl\u0259r: m\u00fcnasib\u0259tl\u0259rd\u0259 g\u0259rginliyin pik h\u0259ddind\u0259 g\u00f6r\u00fc\u015f","datePublished":"2026-09-03T08:56:02+00:00","dateModified":"2026-09-03T08:56:04+00:00","mainEntityOfPage":{"@id":"https:\/\/jam-news.net\/az\/pasinyan-v%c9%99-putin-biskekd%c9%99-n%c9%99-bar%c9%99d%c9%99-raziliga-g%c9%99libl%c9%99r-munasib%c9%99tl%c9%99rd%c9%99-g%c9%99rginliyin-pik-h%c9%99ddind%c9%99-gorus\/"},"wordCount":1841,"publisher":{"@id":"https:\/\/jam-news.net\/az\/#organization"},"image":{"@id":"https:\/\/jam-news.net\/az\/pasinyan-v%c9%99-putin-biskekd%c9%99-n%c9%99-bar%c9%99d%c9%99-raziliga-g%c9%99libl%c9%99r-munasib%c9%99tl%c9%99rd%c9%99-g%c9%99rginliyin-pik-h%c9%99ddind%c9%99-gorus\/#primaryimage"},"thumbnailUrl":"https:\/\/jam-news.net\/app\/uploads\/2026\/09\/Pashinyan_Putin_Bishkek.jpg","keywords":["Avrasiya iqtisadi ittifaq\u0131","Avropa \u0130ttifaq\u0131","Bi\u015fkek","Erm\u0259nistan","Nikol Pa\u015finyan","Robert Ko\u00e7aryan","Rusiya","Samvel Karapetyan","\u015eanxay \u018fm\u0259kda\u015fl\u0131q T\u0259\u015fkilat\u0131","\u015e\u018fT+","Vladimir Putin","Yuri U\u015fakov"],"articleSection":["Armenia","Issues","News","Opinion","Politics","Russia"],"inLanguage":"az"},{"@type":"WebPage","@id":"https:\/\/jam-news.net\/az\/pasinyan-v%c9%99-putin-biskekd%c9%99-n%c9%99-bar%c9%99d%c9%99-raziliga-g%c9%99libl%c9%99r-munasib%c9%99tl%c9%99rd%c9%99-g%c9%99rginliyin-pik-h%c9%99ddind%c9%99-gorus\/","url":"https:\/\/jam-news.net\/az\/pasinyan-v%c9%99-putin-biskekd%c9%99-n%c9%99-bar%c9%99d%c9%99-raziliga-g%c9%99libl%c9%99r-munasib%c9%99tl%c9%99rd%c9%99-g%c9%99rginliyin-pik-h%c9%99ddind%c9%99-gorus\/","name":"Bi\u015fkekd\u0259 Pa\u015finyan-Putin g\u00f6r\u00fc\u015f\u00fc |JAMnews","isPartOf":{"@id":"https:\/\/jam-news.net\/az\/#website"},"primaryImageOfPage":{"@id":"https:\/\/jam-news.net\/az\/pasinyan-v%c9%99-putin-biskekd%c9%99-n%c9%99-bar%c9%99d%c9%99-raziliga-g%c9%99libl%c9%99r-munasib%c9%99tl%c9%99rd%c9%99-g%c9%99rginliyin-pik-h%c9%99ddind%c9%99-gorus\/#primaryimage"},"image":{"@id":"https:\/\/jam-news.net\/az\/pasinyan-v%c9%99-putin-biskekd%c9%99-n%c9%99-bar%c9%99d%c9%99-raziliga-g%c9%99libl%c9%99r-munasib%c9%99tl%c9%99rd%c9%99-g%c9%99rginliyin-pik-h%c9%99ddind%c9%99-gorus\/#primaryimage"},"thumbnailUrl":"https:\/\/jam-news.net\/app\/uploads\/2026\/09\/Pashinyan_Putin_Bishkek.jpg","datePublished":"2026-09-03T08:56:02+00:00","dateModified":"2026-09-03T08:56:04+00:00","description":"Bi\u015fkekd\u0259 Pa\u015finyan-Putin g\u00f6r\u00fc\u015f\u00fc m\u00fcnasib\u0259tl\u0259rd\u0259 g\u0259rginliyin pik h\u0259dd\u0259 \u00e7atd\u0131\u011f\u0131 v\u0259 m\u00fczakir\u0259 olunacaq m\u0259s\u0259l\u0259l\u0259rin \u00e7ox oldu\u011fu bir vaxtda ke\u00e7irilib.","breadcrumb":{"@id":"https:\/\/jam-news.net\/az\/pasinyan-v%c9%99-putin-biskekd%c9%99-n%c9%99-bar%c9%99d%c9%99-raziliga-g%c9%99libl%c9%99r-munasib%c9%99tl%c9%99rd%c9%99-g%c9%99rginliyin-pik-h%c9%99ddind%c9%99-gorus\/#breadcrumb"},"inLanguage":"az","potentialAction":[{"@type":"ReadAction","target":["https:\/\/jam-news.net\/az\/pasinyan-v%c9%99-putin-biskekd%c9%99-n%c9%99-bar%c9%99d%c9%99-raziliga-g%c9%99libl%c9%99r-munasib%c9%99tl%c9%99rd%c9%99-g%c9%99rginliyin-pik-h%c9%99ddind%c9%99-gorus\/"]}]},{"@type":"ImageObject","inLanguage":"az","@id":"https:\/\/jam-news.net\/az\/pasinyan-v%c9%99-putin-biskekd%c9%99-n%c9%99-bar%c9%99d%c9%99-raziliga-g%c9%99libl%c9%99r-munasib%c9%99tl%c9%99rd%c9%99-g%c9%99rginliyin-pik-h%c9%99ddind%c9%99-gorus\/#primaryimage","url":"https:\/\/jam-news.net\/app\/uploads\/2026\/09\/Pashinyan_Putin_Bishkek.jpg","contentUrl":"https:\/\/jam-news.net\/app\/uploads\/2026\/09\/Pashinyan_Putin_Bishkek.jpg","width":1200,"height":728},{"@type":"BreadcrumbList","@id":"https:\/\/jam-news.net\/az\/pasinyan-v%c9%99-putin-biskekd%c9%99-n%c9%99-bar%c9%99d%c9%99-raziliga-g%c9%99libl%c9%99r-munasib%c9%99tl%c9%99rd%c9%99-g%c9%99rginliyin-pik-h%c9%99ddind%c9%99-gorus\/#breadcrumb","itemListElement":[{"@type":"ListItem","position":1,"name":"Home","item":"https:\/\/jam-news.net\/az\/"},{"@type":"ListItem","position":2,"name":"Pa\u015finyan v\u0259 Putin Bi\u015fkekd\u0259 n\u0259 bar\u0259d\u0259 raz\u0131l\u0131\u011fa g\u0259libl\u0259r: m\u00fcnasib\u0259tl\u0259rd\u0259 g\u0259rginliyin pik h\u0259ddind\u0259 g\u00f6r\u00fc\u015f"}]},{"@type":"WebSite","@id":"https:\/\/jam-news.net\/az\/#website","url":"https:\/\/jam-news.net\/az\/","name":"Azerbaijani Jamnews","description":"Caucasus News, Politics and Society","publisher":{"@id":"https:\/\/jam-news.net\/az\/#organization"},"potentialAction":[{"@type":"SearchAction","target":{"@type":"EntryPoint","urlTemplate":"https:\/\/jam-news.net\/az\/?s={search_term_string}"},"query-input":{"@type":"PropertyValueSpecification","valueRequired":true,"valueName":"search_term_string"}}],"inLanguage":"az"},{"@type":"Organization","@id":"https:\/\/jam-news.net\/az\/#organization","name":"JAMnews","url":"https:\/\/jam-news.net\/az\/","logo":{"@type":"ImageObject","inLanguage":"az","@id":"https:\/\/jam-news.net\/az\/#\/schema\/logo\/image\/","url":"https:\/\/jam-news.net\/app\/uploads\/2020\/05\/JAM_w.jpg","contentUrl":"https:\/\/jam-news.net\/app\/uploads\/2020\/05\/JAM_w.jpg","width":960,"height":960,"caption":"JAMnews"},"image":{"@id":"https:\/\/jam-news.net\/az\/#\/schema\/logo\/image\/"},"sameAs":["https:\/\/www.facebook.com\/JAMnewsInEnglish\/","https:\/\/x.com\/JAMnewsCaucasus","https:\/\/www.instagram.com\/jam_news\/","https:\/\/www.youtube.com\/channel\/UCXQbUCme2pykuZYXWHx4VPg"]},{"@type":"Person","@id":"https:\/\/jam-news.net\/az\/#\/schema\/person\/9f5201213de7e745950950d0c1c0abab","name":"gulnara","image":{"@type":"ImageObject","inLanguage":"az","@id":"https:\/\/jam-news.net\/az\/#\/schema\/person\/image\/","url":"https:\/\/secure.gravatar.com\/avatar\/c1ec22b621eb2f555f0e3b7a02648ad7?s=96&d=mm&r=g","contentUrl":"https:\/\/secure.gravatar.com\/avatar\/c1ec22b621eb2f555f0e3b7a02648ad7?s=96&d=mm&r=g","caption":"gulnara"},"url":"https:\/\/jam-news.net\/az\/author\/gulnara\/"}]}},"_links":{"self":[{"href":"https:\/\/jam-news.net\/az\/wp-json\/wp\/v2\/posts\/107826","targetHints":{"allow":["GET"]}}],"collection":[{"href":"https:\/\/jam-news.net\/az\/wp-json\/wp\/v2\/posts"}],"about":[{"href":"https:\/\/jam-news.net\/az\/wp-json\/wp\/v2\/types\/post"}],"author":[{"embeddable":true,"href":"https:\/\/jam-news.net\/az\/wp-json\/wp\/v2\/users\/62"}],"replies":[{"embeddable":true,"href":"https:\/\/jam-news.net\/az\/wp-json\/wp\/v2\/comments?post=107826"}],"version-history":[{"count":9,"href":"https:\/\/jam-news.net\/az\/wp-json\/wp\/v2\/posts\/107826\/revisions"}],"predecessor-version":[{"id":107843,"href":"https:\/\/jam-news.net\/az\/wp-json\/wp\/v2\/posts\/107826\/revisions\/107843"}],"wp:featuredmedia":[{"embeddable":true,"href":"https:\/\/jam-news.net\/az\/wp-json\/wp\/v2\/media\/107799"}],"wp:attachment":[{"href":"https:\/\/jam-news.net\/az\/wp-json\/wp\/v2\/media?parent=107826"}],"wp:term":[{"taxonomy":"category","embeddable":true,"href":"https:\/\/jam-news.net\/az\/wp-json\/wp\/v2\/categories?post=107826"},{"taxonomy":"post_tag","embeddable":true,"href":"https:\/\/jam-news.net\/az\/wp-json\/wp\/v2\/tags?post=107826"},{"taxonomy":"formation","embeddable":true,"href":"https:\/\/jam-news.net\/az\/wp-json\/wp\/v2\/formation?post=107826"},{"taxonomy":"post-author","embeddable":true,"href":"https:\/\/jam-news.net\/az\/wp-json\/wp\/v2\/post-author?post=107826"},{"taxonomy":"topic","embeddable":true,"href":"https:\/\/jam-news.net\/az\/wp-json\/wp\/v2\/topic?post=107826"},{"taxonomy":"tooltip","embeddable":true,"href":"https:\/\/jam-news.net\/az\/wp-json\/wp\/v2\/tooltip?post=107826"},{"taxonomy":"city","embeddable":true,"href":"https:\/\/jam-news.net\/az\/wp-json\/wp\/v2\/city?post=107826"}],"curies":[{"name":"wp","href":"https:\/\/api.w.org\/{rel}","templated":true}]}}