{"id":107818,"date":"2026-09-03T12:22:50","date_gmt":"2026-09-03T08:22:50","guid":{"rendered":"https:\/\/jam-news.net\/az\/?p=107818"},"modified":"2026-09-03T12:22:52","modified_gmt":"2026-09-03T08:22:52","slug":"beslan-terror-aktinin-22-ci-ildonumu-istintaq-n%c9%99-q%c9%99d%c9%99r-ir%c9%99lil%c9%99yib-v%c9%99-qurbanlar-n%c9%99y%c9%99-nail-ola-bilibl%c9%99r","status":"publish","type":"post","link":"https:\/\/jam-news.net\/az\/beslan-terror-aktinin-22-ci-ildonumu-istintaq-n%c9%99-q%c9%99d%c9%99r-ir%c9%99lil%c9%99yib-v%c9%99-qurbanlar-n%c9%99y%c9%99-nail-ola-bilibl%c9%99r\/","title":{"rendered":"Beslan terror akt\u0131n\u0131n 22-ci ild\u00f6n\u00fcm\u00fc: istintaq n\u0259 q\u0259d\u0259r ir\u0259lil\u0259yib v\u0259 qurbanlar n\u0259y\u0259 nail ola bilibl\u0259r?"},"content":{"rendered":"\n<p style=\"font-size:8px\"><em><strong>Beslanda terror akt\u0131<\/strong><\/em><\/p>\n\n\n\n<p>Beslanda ba\u015f ver\u0259n v\u0259 \u015eimali Osetiyan\u0131n m\u00fcasir tarixinin \u0259n faci\u0259li s\u0259hif\u0259l\u0259rind\u0259n biri olan terror akt\u0131ndan  22 il \u00f6t\u00fcr.<\/p>\n\n\n\n<p>Respublikada an\u0131m t\u0259dbirl\u0259ri ke\u00e7irilir, lakin h\u0259min g\u00fcn \u0259slind\u0259 n\u0259 ba\u015f verdiyin\u0259 dair h\u0259l\u0259 d\u0259 tam ayd\u0131nl\u0131q yoxdur.<\/p>\n\n\n\n<script async\n  src=\"https:\/\/telegram.org\/js\/telegram-widget.js?22\"\n  data-telegram-post=\"sergeimeniaylo\/8367\"\n  data-width=\"100%\">\n<\/script>\n\n\n\n<h2 class=\"wp-block-heading\"><strong>&#8220;C\u0259h\u0259nn\u0259md\u0259 \u00fc\u00e7 g\u00fcn&#8221;: Terror akt\u0131n\u0131n xronikas\u0131<\/strong><\/h2>\n\n\n\n<p>2004-c\u00fc il sentyabr\u0131n 1-d\u0259 terror\u00e7ular Beslandak\u0131 1 sayl\u0131 m\u0259kt\u0259bin \u015fagird v\u0259 m\u00fc\u0259lliml\u0259rini, o c\u00fcml\u0259d\u0259n birinci sinif \u015fagirdl\u0259rini, onlar\u0131n valideynl\u0259rini v\u0259 yanlar\u0131nda olan k\u00f6rp\u0259l\u0259ri girov g\u00f6t\u00fcr\u00fcbl\u0259r.<\/p>\n\n\n\n<p>\u0130lk saatlarda terror\u00e7ular b\u00fct\u00fcn yetkin ki\u015fil\u0259ri g\u00fcll\u0259l\u0259yibl\u0259r. Dig\u0259r girovlar\u0131 is\u0259 \u00fc\u00e7 g\u00fcn m\u0259kt\u0259bin idman zal\u0131nda saxlay\u0131b, onlara su verm\u0259yib v\u0259 siyasi t\u0259l\u0259bl\u0259r, o c\u00fcml\u0259d\u0259n &#8220;qo\u015funlar\u0131n \u00c7e\u00e7enistandan \u00e7\u0131xar\u0131lmas\u0131&#8221; t\u0259l\u0259bini ir\u0259li s\u00fcr\u00fcbl\u0259r.<\/p>\n\n\n\n<p>Terror\u00e7ular h\u0259m\u00e7inin \u015eimali Osetiyan\u0131n o vaxtk\u0131 prezidenti\u00a0<strong>Aleksandr Dzasoxovun<\/strong>, \u0130nqu\u015fetiya prezidenti\u00a0<strong>Murat Zyazikovun<\/strong>, MDB-nin icra\u00e7\u0131 katibi v\u0259 <a href=\"https:\/\/jam-news.net\/az\/category\/cografiya\/rusiya\/\" target=\"_blank\" rel=\"noreferrer noopener\">Rusiya<\/a> T\u0259hl\u00fck\u0259sizlik \u015euras\u0131n\u0131n ke\u00e7mi\u015f katibi\u00a0<strong>Vladimir Ru\u015faylonun<\/strong>\u00a0onlar\u0131n yan\u0131na g\u0259lm\u0259sini t\u0259l\u0259b edibl\u0259r. Onlardan he\u00e7 biri bu t\u0259l\u0259bi yerin\u0259 yetirm\u0259yib.<\/p>\n\n\n\n<p>\u015eimali Osetiya hakimiyy\u0259ti girovlar\u0131n azad edilm\u0259si \u00fc\u00e7\u00fcn dan\u0131\u015f\u0131qlar aparma\u011fa \u00e7al\u0131\u015fsa da, n\u0259tic\u0259 \u0259ld\u0259 olunmay\u0131b. Sentyabr\u0131n 2-d\u0259 \u0130nqu\u015fetiyan\u0131n ke\u00e7mi\u015f prezidenti&nbsp;<strong>Ruslan Au\u015fev<\/strong>&nbsp;terror\u00e7ular\u0131n inqu\u015f qrupla\u015fmas\u0131 il\u0259 raz\u0131l\u0131\u011fa g\u0259l\u0259 bilib. Onu idman zal\u0131na burax\u0131blar v\u0259 o, oradan k\u00f6rp\u0259l\u0259ri il\u0259 birlikd\u0259 20-y\u0259 yax\u0131n qad\u0131n\u0131 \u00e7\u0131xar\u0131b.<\/p>\n\n\n<article class=\"single-card uk-flex uk-flex-between m-b-sm-40\">\n\n  <div class=\"uk-grid wi-full-width\">\n\n    <div class=\"uk-width-2-3 p-t-sm-10\">\n      <a href=\"https:\/\/jam-news.net\/az\/beslan-rusiya-simali-osetiya-terror-akti-ikinci-dunya-muharib%c9%99sinin-bitm%c9%99si-gunu\/\" target=\"_blank\">\n\n\n\n\n\n        <h2 class=\"m-b-sm-23 wi-merriweather-light\">\n\t\u201cOnlar Beslan\u0131 unutmaq ist\u0259yirl\u0259r?\u201d \u2013 niy\u0259 Moskva \u0130kinci D\u00fcnya M\u00fcharib\u0259sinin bitm\u0259si il\u0259 ba\u011fl\u0131 bayram\u0131 m\u0259kt\u0259bd\u0259 terror akt\u0131n\u0131n ild\u00f6n\u00fcm\u00fcn\u0259 t\u0259yin edib?\n<\/h2>\n\n        <p class=\"paragraph-color-2 m-b-sm-10 m-b-xs-7\">\n  Rusiya D\u00f6vl\u0259t Dumas\u0131n\u0131n \u0130kinci D\u00fcnya M\u00fcharib\u0259sinin bitm\u0259si g\u00fcn\u00fc il\u0259 ba\u011fl\u0131 bayram\u0131 sentyabr\u0131n 2-d\u0259n 3-\u0259 ke\u00e7irm\u0259si \u015eimali Osetiyada q\u0259z\u0259bl\u0259 qar\u015f\u0131lan\u0131b\n<\/p>\n      <\/a>\n    <\/div>\n    <div class=\"uk-width-1-3\">\n      <figure class=\"wi-full-height choose-post__img wi-merriweather-light\">\n  <a class=\"\" href=\"https:\/\/jam-news.net\/az\/beslan-rusiya-simali-osetiya-terror-akti-ikinci-dunya-muharib%c9%99sinin-bitm%c9%99si-gunu\/\">\n    <img decoding=\"async\" class=\"wi-full-height wi-ratio-img\" src=\"https:\/\/jam-news.net\/app\/uploads\/2020\/04\/beslan-1024x665-1.jpg\" alt=\"\" uk-img \/>\n  <\/a>\n<\/figure>\n    <\/div>\n  <\/div>\n<\/article>\n\n\n\n<h2 class=\"wp-block-heading\">\u00dc\u00e7\u00fcnc\u00fc g\u00fcn g\u00fcnorta saatlar\u0131nda idman zal\u0131nda iki partlay\u0131\u015f ba\u015f verib.<\/h2>\n\n\n\n<p>Girovlar\u0131n bir qisminin ifad\u0259l\u0259rin\u0259 v\u0259 r\u0259smi versiyaya g\u00f6r\u0259, terror\u00e7ular\u0131n divarlar boyunca yerl\u0259\u015fdirdiyi partlay\u0131c\u0131 qur\u011fulardan biri partlay\u0131b. \u0130dman zal\u0131nda yan\u011f\u0131n ba\u015flay\u0131b, terror\u00e7ular girovlar\u0131 g\u00fcll\u0259l\u0259m\u0259y\u0259 ba\u015flay\u0131blar.<\/p>\n\n\n\n<p>Qeyri-r\u0259smi versiyaya g\u00f6r\u0259 is\u0259 partlay\u0131\u015fa v\u0259 yan\u011f\u0131na k\u0259nardan m\u00fcdaxil\u0259, m\u0259kt\u0259b binas\u0131na &#8220;\u015emel&#8221; qumbaraatan\u0131ndan a\u00e7\u0131lan at\u0259\u015f s\u0259b\u0259b olub.<\/p>\n\n\n\n<p>\u015eimali Osetiya v\u0259 \u00fcmumilikd\u0259 Rusiya hakimiyy\u0259ti bu versiyan\u0131 obyektiv hesab etm\u0259s\u0259 d\u0259, onun \u0259traf\u0131nda m\u00fcbahis\u0259l\u0259r indiy\u0259d\u0259k davam edir. Partlay\u0131\u015f zaman\u0131 qon\u015fu ya\u015fay\u0131\u015f m\u0259nt\u0259q\u0259sind\u0259 h\u00fccum plan\u0131n\u0131 m\u0259\u015fq ed\u0259n FTX x\u00fcsusi t\u0259yinatl\u0131lar\u0131 t\u0259cili olaraq Beslana \u00e7a\u011f\u0131r\u0131l\u0131b. Terror\u00e7ularla d\u00f6y\u00fc\u015f ba\u015flay\u0131b v\u0259 n\u0259tic\u0259d\u0259 girovlar\u0131n b\u00f6y\u00fck hiss\u0259si azad edilib.<\/p>\n\n\n\n<p class=\"has-text-align-center has-vivid-red-color has-text-color has-link-color wp-elements-084e5977b12d2e2725bfa45de123c929\"><strong>Lakin itkil\u0259r yen\u0259 d\u0259 \u00e7ox b\u00f6y\u00fck olub. Terror akt\u0131 n\u0259tic\u0259sind\u0259 334 n\u0259f\u0259r h\u0259lak olub: 314 girov v\u0259 FTX, D\u0130N v\u0259 FHN-in 20 \u0259m\u0259kda\u015f\u0131. 783 girov yaralan\u0131b.<\/strong><\/p>\n\n\n\n<p>R\u0259smi versiyaya g\u00f6r\u0259, terror\u00e7ular\u0131n say\u0131 32 n\u0259f\u0259r olub v\u0259 onlar\u0131n ham\u0131s\u0131 z\u0259r\u0259rsizl\u0259\u015fdirilib. Yaln\u0131z&nbsp;<strong>Nurpa\u015fa Kulayev<\/strong>&nbsp;sa\u011f \u0259l\u0259 ke\u00e7irilib v\u0259 \u00f6m\u00fcrl\u00fck h\u0259bs c\u0259zas\u0131na m\u0259hkum edilib.<\/p>\n\n\n\n<p>Lakin terror akt\u0131ndan d\u0259rhal sonra a\u00e7\u0131lan cinay\u0259t i\u015fi indiy\u0259d\u0259k yekunla\u015fd\u0131r\u0131lmay\u0131b. Qurbanlar\u0131n yax\u0131nlar\u0131 hakimiyy\u0259tin r\u0259smi versiyas\u0131 il\u0259 raz\u0131la\u015fmayaraq &#8220;obyektiv v\u0259 \u0259dal\u0259tli ara\u015fd\u0131rma&#8221; t\u0259l\u0259b edibl\u0259r. B\u0259zi girovlar\u0131n ifad\u0259l\u0259rin\u0259 g\u00f6r\u0259, terror\u00e7ular\u0131n say\u0131 32 n\u0259f\u0259rd\u0259n \u00e7ox olub v\u0259 onlar\u0131n bir qismi qa\u00e7a bilib.<\/p>\n\n\n\n<p>H\u0259m\u00e7inin cinay\u0259tkarlar\u0131n m\u0259kt\u0259b binas\u0131nda \u0259vv\u0259lc\u0259d\u0259n silah anbarlar\u0131 haz\u0131rlad\u0131\u011f\u0131 v\u0259 terror\u00e7ular\u0131n bir qisminin daha \u0259vv\u0259l t\u0259mir i\u015fl\u0259ri aparan f\u0259hl\u0259 ad\u0131 il\u0259 binaya daxil oldu\u011fu iddia edilib.<\/p>\n\n\n\n<figure class=\"wp-block-image size-large\"><img loading=\"lazy\" decoding=\"async\" width=\"1024\" height=\"722\" src=\"https:\/\/jam-news.net\/app\/uploads\/2026\/09\/photo_2026-09-01_17-20-18-1024x722.jpg\" alt=\"Girovlar\u0131n saxlan\u0131ld\u0131\u011f\u0131 idman zal\u0131nda an\u0131m m\u0259rasimi\nBeslanda terror akt\u0131\" class=\"wp-image-107814\" srcset=\"https:\/\/jam-news.net\/app\/uploads\/2026\/09\/photo_2026-09-01_17-20-18-1024x722.jpg 1024w, https:\/\/jam-news.net\/app\/uploads\/2026\/09\/photo_2026-09-01_17-20-18-300x211.jpg 300w, https:\/\/jam-news.net\/app\/uploads\/2026\/09\/photo_2026-09-01_17-20-18-768x541.jpg 768w, https:\/\/jam-news.net\/app\/uploads\/2026\/09\/photo_2026-09-01_17-20-18.jpg 1280w\" sizes=\"auto, (max-width: 1024px) 100vw, 1024px\" \/><figcaption class=\"wp-element-caption\"><em>Girovlar\u0131n saxlan\u0131ld\u0131\u011f\u0131 idman zal\u0131nda an\u0131m m\u0259rasimi<\/em><\/figcaption><\/figure>\n\n\n\n<h2 class=\"wp-block-heading\"><strong>22 il sonra<\/strong><\/h2>\n\n\n\n<p>2026-c\u0131 il sentyabr\u0131n 1-d\u0259 &#8220;Beslan analar\u0131&#8221; ictimai t\u0259\u015fkilat\u0131 \u0259n\u0259n\u0259vi illik m\u0259tbuat konfrans\u0131n\u0131 ke\u00e7irib.<\/p>\n\n\n\n<p>T\u0259\u015fkilat\u0131n r\u0259hb\u0259ri\u00a0<strong>Susanna Dudiyeva<\/strong>\u00a0cinay\u0259t i\u015finin istintaq\u0131nda m\u00fc\u0259yy\u0259n ir\u0259lil\u0259yi\u015f oldu\u011funu bildirib. Onun s\u00f6zl\u0259rin\u0259 g\u00f6r\u0259, bu, iki il \u0259vv\u0259l terror akt\u0131n\u0131n 20-ci ild\u00f6n\u00fcm\u00fc \u0259r\u0259f\u0259sind\u0259 Beslana s\u0259f\u0259r ed\u0259n Rusiya prezidenti\u00a0<strong>Vladimir Putinl\u0259<\/strong> g\u00f6r\u00fc\u015fd\u0259n sonra m\u00fcmk\u00fcn olub. Dudiyevan\u0131n s\u00f6zl\u0259rin\u0259 g\u00f6r\u0259, Putin Rusiya \u0130stintaq Komit\u0259sinin s\u0259dri\u00a0<strong>Aleksandr Bastr\u0131kin\u0259<\/strong>\u00a0m\u00fcvafiq tap\u015f\u0131r\u0131qlar verib.<\/p>\n\n\n\n<p>Dudiyeva m\u0259tbuat konfrans\u0131nda bildirib ki, istintaq terror\u00e7ular\u0131n say\u0131n\u0131n h\u0259qiq\u0259t\u0259n d\u0259 32 n\u0259f\u0259rd\u0259n \u00e7ox oldu\u011funu m\u00fc\u0259yy\u0259n edib. Cinay\u0259t i\u015fi is\u0259 z\u0259r\u0259rsizl\u0259\u015fdiril\u0259n terror\u00e7ular\u0131n ham\u0131s\u0131n\u0131n \u015f\u0259xsiyy\u0259ti m\u00fc\u0259yy\u0259n edilm\u0259diyi \u00fc\u00e7\u00fcn h\u0259l\u0259 d\u0259 yekunla\u015fd\u0131r\u0131lmay\u0131b. X\u00fcsusil\u0259 onlardan birinin, S\u0259udiyy\u0259 \u018fr\u0259bistan\u0131 v\u0259t\u0259nda\u015f\u0131n\u0131n \u015f\u0259xsiyy\u0259tini m\u00fc\u0259yy\u0259nl\u0259\u015fdirm\u0259k m\u00fcmk\u00fcn olmay\u0131b. S\u0259udiyy\u0259 \u018fr\u0259bistan\u0131 hakimiyy\u0259ti bu m\u0259s\u0259l\u0259d\u0259 Rusiyan\u0131n istintaq orqanlar\u0131na yard\u0131m g\u00f6st\u0259rmir.<\/p>\n\n\n\n<p>M\u0259tbuat konfrans\u0131n\u0131n \u0259sas m\u00f6vzular\u0131ndan biri ke\u00e7mi\u015f girovlar\u0131n sa\u011flaml\u0131q v\u0259ziyy\u0259ti olub. &#8220;Beslan analar\u0131&#8221; komit\u0259si terror akt\u0131 qurbanlar\u0131n\u0131n v\u0259 onlar\u0131n yax\u0131nlar\u0131n\u0131n m\u00fct\u0259madi olaraq sosial v\u0259 tibbi yard\u0131m almas\u0131na nail olub. Terror akt\u0131ndan z\u0259r\u0259r \u00e7\u0259k\u0259nl\u0259rin kompleks reabilitasiyas\u0131 proqram\u0131n\u0131n m\u00fcdd\u0259ti 2030-cu il\u0259d\u0259k uzad\u0131l\u0131b. Onlar\u0131n m\u00fcalic\u0259sin\u0259 ayr\u0131lan v\u0259sait d\u0259 art\u0131r\u0131l\u0131b.<\/p>\n\n\n<article class=\"single-card uk-flex uk-flex-between m-b-sm-40\">\n\n  <div class=\"uk-grid wi-full-width\">\n\n    <div class=\"uk-width-2-3 p-t-sm-10\">\n      <a href=\"https:\/\/jam-news.net\/az\/beslan-m%c9%99kt%c9%99bind%c9%99-terror-aktindan-15-il-otur-334-n%c9%99f%c9%99r-h%c9%99lak-olub-onlardan-186-i-usaqdir-istintaq-basa-catmayib\/\" target=\"_blank\">\n\n\n\n\n\n        <h2 class=\"m-b-sm-23 wi-merriweather-light\">\n\tBeslan m\u0259kt\u0259bind\u0259 terror akt\u0131ndan 17 il \u00f6t\u00fcr. \u0130stintaq ba\u015fa \u00e7atmay\u0131b. Video\n<\/h2>\n\n        <p class=\"paragraph-color-2 m-b-sm-10 m-b-xs-7\">\n  Yerli sakinl\u0259r insanlar\u0131n \u00f6l\u00fcm\u00fcnd\u0259 yaln\u0131z terror\u00e7ular\u0131 yox, h\u0259m d\u0259 hakimiyy\u0259ti g\u00fcnahland\u0131r\u0131rlar\n<\/p>\n      <\/a>\n    <\/div>\n    <div class=\"uk-width-1-3\">\n      <figure class=\"wi-full-height choose-post__img wi-merriweather-light\">\n  <a class=\"\" href=\"https:\/\/jam-news.net\/az\/beslan-m%c9%99kt%c9%99bind%c9%99-terror-aktindan-15-il-otur-334-n%c9%99f%c9%99r-h%c9%99lak-olub-onlardan-186-i-usaqdir-istintaq-basa-catmayib\/\">\n    <img decoding=\"async\" class=\"wi-full-height wi-ratio-img\" src=\"https:\/\/jam-news.net\/app\/uploads\/2019\/09\/Screen-Shot-2020-09-04-at-08.18.38.png\" alt=\"\" uk-img \/>\n  <\/a>\n<\/figure>\n    <\/div>\n  <\/div>\n<\/article>\n\n\n\n<p><em>&#8220;Sanatoriya-kurort reabilitasiyas\u0131n\u0131n, dey\u0259rdim ki, u\u011furla h\u0259yata ke\u00e7irildiyini s\u00f6yl\u0259m\u0259k olar. M\u00fc\u0259yy\u0259n probleml\u0259r, b\u0259zi n\u00fcanslar var, amma bunlar\u0131n ham\u0131s\u0131 h\u0259ll edil\u0259 bil\u0259n m\u0259s\u0259l\u0259l\u0259rdir. Haz\u0131rda ke\u00e7mi\u015f girovlar\u0131n terror akt\u0131ndan sonra do\u011fulan u\u015faqlar\u0131n\u0131n da reabilitasiya proqram\u0131ndan yararlanmas\u0131 \u00e7ox sevindiricidir. Rusiyada ba\u015f vermi\u015f dig\u0259r terror aktlar\u0131n\u0131n qurbanlar\u0131n\u0131n dem\u0259k olar ki, he\u00e7 birin\u0259 bel\u0259 reabilitasiya imkan\u0131 yarad\u0131lmay\u0131b&#8221;,<\/em>\u00a0&#8211; Susanna Dudiyeva bildirib.<\/p>\n\n\n\n<p>Qurbanlar\u0131n r\u0259smi h\u00fcquqi statusu m\u0259s\u0259l\u0259si h\u0259l\u0259 d\u0259 aktual olaraq qal\u0131r. M\u00fcvafiq qanunun q\u0259bulu z\u0259r\u0259r\u00e7\u0259k\u0259nl\u0259r\u0259, h\u0259tta onlar\u0131n \u00f6vladlar\u0131na d\u0259st\u0259k g\u00f6st\u0259rilm\u0259si \u00fc\u00e7\u00fcn prinsipial olaraq yeni imkanlar yaradacaq.<\/p>\n\n\n\n<p>&#8220;Beslan analar\u0131&#8221; t\u0259\u015fkilat\u0131n\u0131n \u00fczvl\u0259rind\u0259n biri&nbsp;<strong>Elvira Tuayeva<\/strong>&nbsp;bildirir ki, onlar t\u0259kc\u0259 Beslan terror akt\u0131n\u0131n deyil, Rusiya Federasiyas\u0131nda indiy\u0259d\u0259k ba\u015f vermi\u015f b\u00fct\u00fcn terror aktlar\u0131n\u0131n qurbanlar\u0131 haqq\u0131nda qanunun q\u0259buluna nail olmaq \u00fc\u00e7\u00fcn s\u0259yl\u0259rini davam etdir\u0259c\u0259kl\u0259r.<\/p>\n\n\n\n<p style=\"font-size:3px\">Beslanda terror akt\u0131<\/p>\n","protected":false},"excerpt":{"rendered":"<p>2004-c\u00fc il sentyabr\u0131n 1-d\u0259 terror\u00e7ular \u015eimali Osetiyan\u0131n Beslan \u015f\u0259h\u0259rind\u0259ki 1 sayl\u0131 m\u0259kt\u0259bin \u015fagird v\u0259 m\u00fc\u0259lliml\u0259rini girov g\u00f6t\u00fcr\u00fcbl\u0259r.<\/p>\n","protected":false},"author":62,"featured_media":107813,"comment_status":"closed","ping_status":"closed","sticky":false,"template":"","format":"standard","meta":{"_acf_changed":false,"footnotes":""},"categories":[25,50,5,4],"tags":[7284,7278,7277,7285,7279,7282,21,7281,7276,7283,953,7280],"formation":[],"post-author":[],"topic":[4955,4560],"tooltip":[],"city":[6052],"class_list":["post-107818","post","type-post","status-publish","format-standard","has-post-thumbnail","hentry","category-cmiyyt","category-xbrlr","category-siyast","category-rusiya","tag-aleksandr-bastrikin","tag-aleksandr-dzasoxov","tag-beslan","tag-elvira-tuayeva","tag-murat-zyazikov","tag-nurpasa-kulayev","tag-rusiya","tag-ruslan-ausev","tag-simali-osetiya","tag-susanna-dudiyeva","tag-vladimir-putin","tag-vladimir-rusaylo","topic-rusiya","topic-vladimir-putin","city-vladiqafqaz"],"acf":[],"yoast_head":"<!-- This site is optimized with the Yoast SEO plugin v24.1 - https:\/\/yoast.com\/wordpress\/plugins\/seo\/ -->\n<title>Beslanda terror akt\u0131 |JAMnews<\/title>\n<meta name=\"description\" content=\"Beslanda terror akt\u0131. 2004-c\u00fc il sentyabr\u0131n 1-d\u0259 terror\u00e7ular Beslan \u015f\u0259h\u0259rind\u0259 1 sayl\u0131 m\u0259kt\u0259bin \u015fagird v\u0259 m\u00fc\u0259lliml\u0259rini girov g\u00f6t\u00fcr\u00fcbl\u0259r.\" \/>\n<meta name=\"robots\" content=\"index, follow, max-snippet:-1, max-image-preview:large, max-video-preview:-1\" \/>\n<link rel=\"canonical\" href=\"https:\/\/jam-news.net\/az\/beslan-terror-aktinin-22-ci-ildonumu-istintaq-n\u0259-q\u0259d\u0259r-ir\u0259lil\u0259yib-v\u0259-qurbanlar-n\u0259y\u0259-nail-ola-bilibl\u0259r\/\" \/>\n<meta property=\"og:locale\" content=\"az_AZ\" \/>\n<meta property=\"og:type\" content=\"article\" \/>\n<meta property=\"og:title\" content=\"Beslan terror akt\u0131n\u0131n 22-ci ild\u00f6n\u00fcm\u00fc: istintaq n\u0259 q\u0259d\u0259r ir\u0259lil\u0259yib v\u0259 qurbanlar n\u0259y\u0259 nail ola bilibl\u0259r?\" \/>\n<meta property=\"og:description\" content=\"2004-c\u00fc il sentyabr\u0131n 1-d\u0259 terror\u00e7ular \u015eimali Osetiyan\u0131n Beslan \u015f\u0259h\u0259rind\u0259ki 1 sayl\u0131 m\u0259kt\u0259bin \u015fagird v\u0259 m\u00fc\u0259lliml\u0259rini girov g\u00f6t\u00fcr\u00fcbl\u0259r.\" \/>\n<meta property=\"og:url\" content=\"https:\/\/jam-news.net\/az\/beslan-terror-aktinin-22-ci-ildonumu-istintaq-n\u0259-q\u0259d\u0259r-ir\u0259lil\u0259yib-v\u0259-qurbanlar-n\u0259y\u0259-nail-ola-bilibl\u0259r\/\" \/>\n<meta property=\"og:site_name\" content=\"Azerbaijani Jamnews\" \/>\n<meta property=\"article:publisher\" content=\"https:\/\/www.facebook.com\/JAMnewsInEnglish\/\" \/>\n<meta property=\"article:published_time\" content=\"2026-09-03T08:22:50+00:00\" \/>\n<meta property=\"article:modified_time\" content=\"2026-09-03T08:22:52+00:00\" \/>\n<meta property=\"og:image\" content=\"https:\/\/jam-news.net\/app\/uploads\/2026\/09\/photo_2026-09-01_17-20-17.jpg\" \/>\n\t<meta property=\"og:image:width\" content=\"1280\" \/>\n\t<meta property=\"og:image:height\" content=\"957\" \/>\n\t<meta property=\"og:image:type\" content=\"image\/jpeg\" \/>\n<meta name=\"author\" content=\"gulnara\" \/>\n<meta name=\"twitter:card\" content=\"summary_large_image\" \/>\n<meta name=\"twitter:title\" content=\"Beslan terror akt\u0131n\u0131n 22-ci ild\u00f6n\u00fcm\u00fc: istintaq n\u0259 q\u0259d\u0259r ir\u0259lil\u0259yib v\u0259 qurbanlar n\u0259y\u0259 nail ola bilibl\u0259r?\" \/>\n<meta name=\"twitter:creator\" content=\"@JAMnewsCaucasus\" \/>\n<meta name=\"twitter:site\" content=\"@JAMnewsCaucasus\" \/>\n<meta name=\"twitter:label1\" content=\"Written by\" \/>\n\t<meta name=\"twitter:data1\" content=\"gulnara\" \/>\n\t<meta name=\"twitter:label2\" content=\"Est. reading time\" \/>\n\t<meta name=\"twitter:data2\" content=\"5 minutes\" \/>\n<script type=\"application\/ld+json\" class=\"yoast-schema-graph\">{\"@context\":\"https:\/\/schema.org\",\"@graph\":[{\"@type\":\"Article\",\"@id\":\"https:\/\/jam-news.net\/az\/beslan-terror-aktinin-22-ci-ildonumu-istintaq-n%c9%99-q%c9%99d%c9%99r-ir%c9%99lil%c9%99yib-v%c9%99-qurbanlar-n%c9%99y%c9%99-nail-ola-bilibl%c9%99r\/#article\",\"isPartOf\":{\"@id\":\"https:\/\/jam-news.net\/az\/beslan-terror-aktinin-22-ci-ildonumu-istintaq-n%c9%99-q%c9%99d%c9%99r-ir%c9%99lil%c9%99yib-v%c9%99-qurbanlar-n%c9%99y%c9%99-nail-ola-bilibl%c9%99r\/\"},\"author\":{\"name\":\"gulnara\",\"@id\":\"https:\/\/jam-news.net\/az\/#\/schema\/person\/9f5201213de7e745950950d0c1c0abab\"},\"headline\":\"Beslan terror akt\u0131n\u0131n 22-ci ild\u00f6n\u00fcm\u00fc: istintaq n\u0259 q\u0259d\u0259r ir\u0259lil\u0259yib v\u0259 qurbanlar n\u0259y\u0259 nail ola bilibl\u0259r?\",\"datePublished\":\"2026-09-03T08:22:50+00:00\",\"dateModified\":\"2026-09-03T08:22:52+00:00\",\"mainEntityOfPage\":{\"@id\":\"https:\/\/jam-news.net\/az\/beslan-terror-aktinin-22-ci-ildonumu-istintaq-n%c9%99-q%c9%99d%c9%99r-ir%c9%99lil%c9%99yib-v%c9%99-qurbanlar-n%c9%99y%c9%99-nail-ola-bilibl%c9%99r\/\"},\"wordCount\":1208,\"publisher\":{\"@id\":\"https:\/\/jam-news.net\/az\/#organization\"},\"image\":{\"@id\":\"https:\/\/jam-news.net\/az\/beslan-terror-aktinin-22-ci-ildonumu-istintaq-n%c9%99-q%c9%99d%c9%99r-ir%c9%99lil%c9%99yib-v%c9%99-qurbanlar-n%c9%99y%c9%99-nail-ola-bilibl%c9%99r\/#primaryimage\"},\"thumbnailUrl\":\"https:\/\/jam-news.net\/app\/uploads\/2026\/09\/photo_2026-09-01_17-20-17.jpg\",\"keywords\":[\"Aleksandr Bastr\u0131kin\",\"Aleksandr Dzasoxov\",\"Beslan\",\"Elvira Tuayeva\",\"Murat Zyazikov\",\"Nurpa\u015fa Kulayev\",\"Rusiya\",\"Ruslan Au\u015fev\",\"\u015eimali Osetiya\",\"Susanna Dudiyeva\",\"Vladimir Putin\",\"Vladimir Ru\u015faylo\"],\"articleSection\":[\"Issues\",\"News\",\"Politics\",\"Russia\"],\"inLanguage\":\"az\"},{\"@type\":\"WebPage\",\"@id\":\"https:\/\/jam-news.net\/az\/beslan-terror-aktinin-22-ci-ildonumu-istintaq-n%c9%99-q%c9%99d%c9%99r-ir%c9%99lil%c9%99yib-v%c9%99-qurbanlar-n%c9%99y%c9%99-nail-ola-bilibl%c9%99r\/\",\"url\":\"https:\/\/jam-news.net\/az\/beslan-terror-aktinin-22-ci-ildonumu-istintaq-n%c9%99-q%c9%99d%c9%99r-ir%c9%99lil%c9%99yib-v%c9%99-qurbanlar-n%c9%99y%c9%99-nail-ola-bilibl%c9%99r\/\",\"name\":\"Beslanda terror akt\u0131 |JAMnews\",\"isPartOf\":{\"@id\":\"https:\/\/jam-news.net\/az\/#website\"},\"primaryImageOfPage\":{\"@id\":\"https:\/\/jam-news.net\/az\/beslan-terror-aktinin-22-ci-ildonumu-istintaq-n%c9%99-q%c9%99d%c9%99r-ir%c9%99lil%c9%99yib-v%c9%99-qurbanlar-n%c9%99y%c9%99-nail-ola-bilibl%c9%99r\/#primaryimage\"},\"image\":{\"@id\":\"https:\/\/jam-news.net\/az\/beslan-terror-aktinin-22-ci-ildonumu-istintaq-n%c9%99-q%c9%99d%c9%99r-ir%c9%99lil%c9%99yib-v%c9%99-qurbanlar-n%c9%99y%c9%99-nail-ola-bilibl%c9%99r\/#primaryimage\"},\"thumbnailUrl\":\"https:\/\/jam-news.net\/app\/uploads\/2026\/09\/photo_2026-09-01_17-20-17.jpg\",\"datePublished\":\"2026-09-03T08:22:50+00:00\",\"dateModified\":\"2026-09-03T08:22:52+00:00\",\"description\":\"Beslanda terror akt\u0131. 2004-c\u00fc il sentyabr\u0131n 1-d\u0259 terror\u00e7ular Beslan \u015f\u0259h\u0259rind\u0259 1 sayl\u0131 m\u0259kt\u0259bin \u015fagird v\u0259 m\u00fc\u0259lliml\u0259rini girov g\u00f6t\u00fcr\u00fcbl\u0259r.\",\"breadcrumb\":{\"@id\":\"https:\/\/jam-news.net\/az\/beslan-terror-aktinin-22-ci-ildonumu-istintaq-n%c9%99-q%c9%99d%c9%99r-ir%c9%99lil%c9%99yib-v%c9%99-qurbanlar-n%c9%99y%c9%99-nail-ola-bilibl%c9%99r\/#breadcrumb\"},\"inLanguage\":\"az\",\"potentialAction\":[{\"@type\":\"ReadAction\",\"target\":[\"https:\/\/jam-news.net\/az\/beslan-terror-aktinin-22-ci-ildonumu-istintaq-n%c9%99-q%c9%99d%c9%99r-ir%c9%99lil%c9%99yib-v%c9%99-qurbanlar-n%c9%99y%c9%99-nail-ola-bilibl%c9%99r\/\"]}]},{\"@type\":\"ImageObject\",\"inLanguage\":\"az\",\"@id\":\"https:\/\/jam-news.net\/az\/beslan-terror-aktinin-22-ci-ildonumu-istintaq-n%c9%99-q%c9%99d%c9%99r-ir%c9%99lil%c9%99yib-v%c9%99-qurbanlar-n%c9%99y%c9%99-nail-ola-bilibl%c9%99r\/#primaryimage\",\"url\":\"https:\/\/jam-news.net\/app\/uploads\/2026\/09\/photo_2026-09-01_17-20-17.jpg\",\"contentUrl\":\"https:\/\/jam-news.net\/app\/uploads\/2026\/09\/photo_2026-09-01_17-20-17.jpg\",\"width\":1280,\"height\":957},{\"@type\":\"BreadcrumbList\",\"@id\":\"https:\/\/jam-news.net\/az\/beslan-terror-aktinin-22-ci-ildonumu-istintaq-n%c9%99-q%c9%99d%c9%99r-ir%c9%99lil%c9%99yib-v%c9%99-qurbanlar-n%c9%99y%c9%99-nail-ola-bilibl%c9%99r\/#breadcrumb\",\"itemListElement\":[{\"@type\":\"ListItem\",\"position\":1,\"name\":\"Home\",\"item\":\"https:\/\/jam-news.net\/az\/\"},{\"@type\":\"ListItem\",\"position\":2,\"name\":\"Beslan terror akt\u0131n\u0131n 22-ci ild\u00f6n\u00fcm\u00fc: istintaq n\u0259 q\u0259d\u0259r ir\u0259lil\u0259yib v\u0259 qurbanlar n\u0259y\u0259 nail ola bilibl\u0259r?\"}]},{\"@type\":\"WebSite\",\"@id\":\"https:\/\/jam-news.net\/az\/#website\",\"url\":\"https:\/\/jam-news.net\/az\/\",\"name\":\"Azerbaijani Jamnews\",\"description\":\"Caucasus News, Politics and Society\",\"publisher\":{\"@id\":\"https:\/\/jam-news.net\/az\/#organization\"},\"potentialAction\":[{\"@type\":\"SearchAction\",\"target\":{\"@type\":\"EntryPoint\",\"urlTemplate\":\"https:\/\/jam-news.net\/az\/?s={search_term_string}\"},\"query-input\":{\"@type\":\"PropertyValueSpecification\",\"valueRequired\":true,\"valueName\":\"search_term_string\"}}],\"inLanguage\":\"az\"},{\"@type\":\"Organization\",\"@id\":\"https:\/\/jam-news.net\/az\/#organization\",\"name\":\"JAMnews\",\"url\":\"https:\/\/jam-news.net\/az\/\",\"logo\":{\"@type\":\"ImageObject\",\"inLanguage\":\"az\",\"@id\":\"https:\/\/jam-news.net\/az\/#\/schema\/logo\/image\/\",\"url\":\"https:\/\/jam-news.net\/app\/uploads\/2020\/05\/JAM_w.jpg\",\"contentUrl\":\"https:\/\/jam-news.net\/app\/uploads\/2020\/05\/JAM_w.jpg\",\"width\":960,\"height\":960,\"caption\":\"JAMnews\"},\"image\":{\"@id\":\"https:\/\/jam-news.net\/az\/#\/schema\/logo\/image\/\"},\"sameAs\":[\"https:\/\/www.facebook.com\/JAMnewsInEnglish\/\",\"https:\/\/x.com\/JAMnewsCaucasus\",\"https:\/\/www.instagram.com\/jam_news\/\",\"https:\/\/www.youtube.com\/channel\/UCXQbUCme2pykuZYXWHx4VPg\"]},{\"@type\":\"Person\",\"@id\":\"https:\/\/jam-news.net\/az\/#\/schema\/person\/9f5201213de7e745950950d0c1c0abab\",\"name\":\"gulnara\",\"image\":{\"@type\":\"ImageObject\",\"inLanguage\":\"az\",\"@id\":\"https:\/\/jam-news.net\/az\/#\/schema\/person\/image\/\",\"url\":\"https:\/\/secure.gravatar.com\/avatar\/c1ec22b621eb2f555f0e3b7a02648ad7?s=96&d=mm&r=g\",\"contentUrl\":\"https:\/\/secure.gravatar.com\/avatar\/c1ec22b621eb2f555f0e3b7a02648ad7?s=96&d=mm&r=g\",\"caption\":\"gulnara\"},\"url\":\"https:\/\/jam-news.net\/az\/author\/gulnara\/\"}]}<\/script>\n<!-- \/ Yoast SEO plugin. -->","yoast_head_json":{"title":"Beslanda terror akt\u0131 |JAMnews","description":"Beslanda terror akt\u0131. 2004-c\u00fc il sentyabr\u0131n 1-d\u0259 terror\u00e7ular Beslan \u015f\u0259h\u0259rind\u0259 1 sayl\u0131 m\u0259kt\u0259bin \u015fagird v\u0259 m\u00fc\u0259lliml\u0259rini girov g\u00f6t\u00fcr\u00fcbl\u0259r.","robots":{"index":"index","follow":"follow","max-snippet":"max-snippet:-1","max-image-preview":"max-image-preview:large","max-video-preview":"max-video-preview:-1"},"canonical":"https:\/\/jam-news.net\/az\/beslan-terror-aktinin-22-ci-ildonumu-istintaq-n\u0259-q\u0259d\u0259r-ir\u0259lil\u0259yib-v\u0259-qurbanlar-n\u0259y\u0259-nail-ola-bilibl\u0259r\/","og_locale":"az_AZ","og_type":"article","og_title":"Beslan terror akt\u0131n\u0131n 22-ci ild\u00f6n\u00fcm\u00fc: istintaq n\u0259 q\u0259d\u0259r ir\u0259lil\u0259yib v\u0259 qurbanlar n\u0259y\u0259 nail ola bilibl\u0259r?","og_description":"2004-c\u00fc il sentyabr\u0131n 1-d\u0259 terror\u00e7ular \u015eimali Osetiyan\u0131n Beslan \u015f\u0259h\u0259rind\u0259ki 1 sayl\u0131 m\u0259kt\u0259bin \u015fagird v\u0259 m\u00fc\u0259lliml\u0259rini girov g\u00f6t\u00fcr\u00fcbl\u0259r.","og_url":"https:\/\/jam-news.net\/az\/beslan-terror-aktinin-22-ci-ildonumu-istintaq-n\u0259-q\u0259d\u0259r-ir\u0259lil\u0259yib-v\u0259-qurbanlar-n\u0259y\u0259-nail-ola-bilibl\u0259r\/","og_site_name":"Azerbaijani Jamnews","article_publisher":"https:\/\/www.facebook.com\/JAMnewsInEnglish\/","article_published_time":"2026-09-03T08:22:50+00:00","article_modified_time":"2026-09-03T08:22:52+00:00","og_image":[{"width":1280,"height":957,"url":"https:\/\/jam-news.net\/app\/uploads\/2026\/09\/photo_2026-09-01_17-20-17.jpg","type":"image\/jpeg"}],"author":"gulnara","twitter_card":"summary_large_image","twitter_title":"Beslan terror akt\u0131n\u0131n 22-ci ild\u00f6n\u00fcm\u00fc: istintaq n\u0259 q\u0259d\u0259r ir\u0259lil\u0259yib v\u0259 qurbanlar n\u0259y\u0259 nail ola bilibl\u0259r?","twitter_creator":"@JAMnewsCaucasus","twitter_site":"@JAMnewsCaucasus","twitter_misc":{"Written by":"gulnara","Est. reading time":"5 minutes"},"schema":{"@context":"https:\/\/schema.org","@graph":[{"@type":"Article","@id":"https:\/\/jam-news.net\/az\/beslan-terror-aktinin-22-ci-ildonumu-istintaq-n%c9%99-q%c9%99d%c9%99r-ir%c9%99lil%c9%99yib-v%c9%99-qurbanlar-n%c9%99y%c9%99-nail-ola-bilibl%c9%99r\/#article","isPartOf":{"@id":"https:\/\/jam-news.net\/az\/beslan-terror-aktinin-22-ci-ildonumu-istintaq-n%c9%99-q%c9%99d%c9%99r-ir%c9%99lil%c9%99yib-v%c9%99-qurbanlar-n%c9%99y%c9%99-nail-ola-bilibl%c9%99r\/"},"author":{"name":"gulnara","@id":"https:\/\/jam-news.net\/az\/#\/schema\/person\/9f5201213de7e745950950d0c1c0abab"},"headline":"Beslan terror akt\u0131n\u0131n 22-ci ild\u00f6n\u00fcm\u00fc: istintaq n\u0259 q\u0259d\u0259r ir\u0259lil\u0259yib v\u0259 qurbanlar n\u0259y\u0259 nail ola bilibl\u0259r?","datePublished":"2026-09-03T08:22:50+00:00","dateModified":"2026-09-03T08:22:52+00:00","mainEntityOfPage":{"@id":"https:\/\/jam-news.net\/az\/beslan-terror-aktinin-22-ci-ildonumu-istintaq-n%c9%99-q%c9%99d%c9%99r-ir%c9%99lil%c9%99yib-v%c9%99-qurbanlar-n%c9%99y%c9%99-nail-ola-bilibl%c9%99r\/"},"wordCount":1208,"publisher":{"@id":"https:\/\/jam-news.net\/az\/#organization"},"image":{"@id":"https:\/\/jam-news.net\/az\/beslan-terror-aktinin-22-ci-ildonumu-istintaq-n%c9%99-q%c9%99d%c9%99r-ir%c9%99lil%c9%99yib-v%c9%99-qurbanlar-n%c9%99y%c9%99-nail-ola-bilibl%c9%99r\/#primaryimage"},"thumbnailUrl":"https:\/\/jam-news.net\/app\/uploads\/2026\/09\/photo_2026-09-01_17-20-17.jpg","keywords":["Aleksandr Bastr\u0131kin","Aleksandr Dzasoxov","Beslan","Elvira Tuayeva","Murat Zyazikov","Nurpa\u015fa Kulayev","Rusiya","Ruslan Au\u015fev","\u015eimali Osetiya","Susanna Dudiyeva","Vladimir Putin","Vladimir Ru\u015faylo"],"articleSection":["Issues","News","Politics","Russia"],"inLanguage":"az"},{"@type":"WebPage","@id":"https:\/\/jam-news.net\/az\/beslan-terror-aktinin-22-ci-ildonumu-istintaq-n%c9%99-q%c9%99d%c9%99r-ir%c9%99lil%c9%99yib-v%c9%99-qurbanlar-n%c9%99y%c9%99-nail-ola-bilibl%c9%99r\/","url":"https:\/\/jam-news.net\/az\/beslan-terror-aktinin-22-ci-ildonumu-istintaq-n%c9%99-q%c9%99d%c9%99r-ir%c9%99lil%c9%99yib-v%c9%99-qurbanlar-n%c9%99y%c9%99-nail-ola-bilibl%c9%99r\/","name":"Beslanda terror akt\u0131 |JAMnews","isPartOf":{"@id":"https:\/\/jam-news.net\/az\/#website"},"primaryImageOfPage":{"@id":"https:\/\/jam-news.net\/az\/beslan-terror-aktinin-22-ci-ildonumu-istintaq-n%c9%99-q%c9%99d%c9%99r-ir%c9%99lil%c9%99yib-v%c9%99-qurbanlar-n%c9%99y%c9%99-nail-ola-bilibl%c9%99r\/#primaryimage"},"image":{"@id":"https:\/\/jam-news.net\/az\/beslan-terror-aktinin-22-ci-ildonumu-istintaq-n%c9%99-q%c9%99d%c9%99r-ir%c9%99lil%c9%99yib-v%c9%99-qurbanlar-n%c9%99y%c9%99-nail-ola-bilibl%c9%99r\/#primaryimage"},"thumbnailUrl":"https:\/\/jam-news.net\/app\/uploads\/2026\/09\/photo_2026-09-01_17-20-17.jpg","datePublished":"2026-09-03T08:22:50+00:00","dateModified":"2026-09-03T08:22:52+00:00","description":"Beslanda terror akt\u0131. 2004-c\u00fc il sentyabr\u0131n 1-d\u0259 terror\u00e7ular Beslan \u015f\u0259h\u0259rind\u0259 1 sayl\u0131 m\u0259kt\u0259bin \u015fagird v\u0259 m\u00fc\u0259lliml\u0259rini girov g\u00f6t\u00fcr\u00fcbl\u0259r.","breadcrumb":{"@id":"https:\/\/jam-news.net\/az\/beslan-terror-aktinin-22-ci-ildonumu-istintaq-n%c9%99-q%c9%99d%c9%99r-ir%c9%99lil%c9%99yib-v%c9%99-qurbanlar-n%c9%99y%c9%99-nail-ola-bilibl%c9%99r\/#breadcrumb"},"inLanguage":"az","potentialAction":[{"@type":"ReadAction","target":["https:\/\/jam-news.net\/az\/beslan-terror-aktinin-22-ci-ildonumu-istintaq-n%c9%99-q%c9%99d%c9%99r-ir%c9%99lil%c9%99yib-v%c9%99-qurbanlar-n%c9%99y%c9%99-nail-ola-bilibl%c9%99r\/"]}]},{"@type":"ImageObject","inLanguage":"az","@id":"https:\/\/jam-news.net\/az\/beslan-terror-aktinin-22-ci-ildonumu-istintaq-n%c9%99-q%c9%99d%c9%99r-ir%c9%99lil%c9%99yib-v%c9%99-qurbanlar-n%c9%99y%c9%99-nail-ola-bilibl%c9%99r\/#primaryimage","url":"https:\/\/jam-news.net\/app\/uploads\/2026\/09\/photo_2026-09-01_17-20-17.jpg","contentUrl":"https:\/\/jam-news.net\/app\/uploads\/2026\/09\/photo_2026-09-01_17-20-17.jpg","width":1280,"height":957},{"@type":"BreadcrumbList","@id":"https:\/\/jam-news.net\/az\/beslan-terror-aktinin-22-ci-ildonumu-istintaq-n%c9%99-q%c9%99d%c9%99r-ir%c9%99lil%c9%99yib-v%c9%99-qurbanlar-n%c9%99y%c9%99-nail-ola-bilibl%c9%99r\/#breadcrumb","itemListElement":[{"@type":"ListItem","position":1,"name":"Home","item":"https:\/\/jam-news.net\/az\/"},{"@type":"ListItem","position":2,"name":"Beslan terror akt\u0131n\u0131n 22-ci ild\u00f6n\u00fcm\u00fc: istintaq n\u0259 q\u0259d\u0259r ir\u0259lil\u0259yib v\u0259 qurbanlar n\u0259y\u0259 nail ola bilibl\u0259r?"}]},{"@type":"WebSite","@id":"https:\/\/jam-news.net\/az\/#website","url":"https:\/\/jam-news.net\/az\/","name":"Azerbaijani Jamnews","description":"Caucasus News, Politics and Society","publisher":{"@id":"https:\/\/jam-news.net\/az\/#organization"},"potentialAction":[{"@type":"SearchAction","target":{"@type":"EntryPoint","urlTemplate":"https:\/\/jam-news.net\/az\/?s={search_term_string}"},"query-input":{"@type":"PropertyValueSpecification","valueRequired":true,"valueName":"search_term_string"}}],"inLanguage":"az"},{"@type":"Organization","@id":"https:\/\/jam-news.net\/az\/#organization","name":"JAMnews","url":"https:\/\/jam-news.net\/az\/","logo":{"@type":"ImageObject","inLanguage":"az","@id":"https:\/\/jam-news.net\/az\/#\/schema\/logo\/image\/","url":"https:\/\/jam-news.net\/app\/uploads\/2020\/05\/JAM_w.jpg","contentUrl":"https:\/\/jam-news.net\/app\/uploads\/2020\/05\/JAM_w.jpg","width":960,"height":960,"caption":"JAMnews"},"image":{"@id":"https:\/\/jam-news.net\/az\/#\/schema\/logo\/image\/"},"sameAs":["https:\/\/www.facebook.com\/JAMnewsInEnglish\/","https:\/\/x.com\/JAMnewsCaucasus","https:\/\/www.instagram.com\/jam_news\/","https:\/\/www.youtube.com\/channel\/UCXQbUCme2pykuZYXWHx4VPg"]},{"@type":"Person","@id":"https:\/\/jam-news.net\/az\/#\/schema\/person\/9f5201213de7e745950950d0c1c0abab","name":"gulnara","image":{"@type":"ImageObject","inLanguage":"az","@id":"https:\/\/jam-news.net\/az\/#\/schema\/person\/image\/","url":"https:\/\/secure.gravatar.com\/avatar\/c1ec22b621eb2f555f0e3b7a02648ad7?s=96&d=mm&r=g","contentUrl":"https:\/\/secure.gravatar.com\/avatar\/c1ec22b621eb2f555f0e3b7a02648ad7?s=96&d=mm&r=g","caption":"gulnara"},"url":"https:\/\/jam-news.net\/az\/author\/gulnara\/"}]}},"_links":{"self":[{"href":"https:\/\/jam-news.net\/az\/wp-json\/wp\/v2\/posts\/107818","targetHints":{"allow":["GET"]}}],"collection":[{"href":"https:\/\/jam-news.net\/az\/wp-json\/wp\/v2\/posts"}],"about":[{"href":"https:\/\/jam-news.net\/az\/wp-json\/wp\/v2\/types\/post"}],"author":[{"embeddable":true,"href":"https:\/\/jam-news.net\/az\/wp-json\/wp\/v2\/users\/62"}],"replies":[{"embeddable":true,"href":"https:\/\/jam-news.net\/az\/wp-json\/wp\/v2\/comments?post=107818"}],"version-history":[{"count":7,"href":"https:\/\/jam-news.net\/az\/wp-json\/wp\/v2\/posts\/107818\/revisions"}],"predecessor-version":[{"id":107825,"href":"https:\/\/jam-news.net\/az\/wp-json\/wp\/v2\/posts\/107818\/revisions\/107825"}],"wp:featuredmedia":[{"embeddable":true,"href":"https:\/\/jam-news.net\/az\/wp-json\/wp\/v2\/media\/107813"}],"wp:attachment":[{"href":"https:\/\/jam-news.net\/az\/wp-json\/wp\/v2\/media?parent=107818"}],"wp:term":[{"taxonomy":"category","embeddable":true,"href":"https:\/\/jam-news.net\/az\/wp-json\/wp\/v2\/categories?post=107818"},{"taxonomy":"post_tag","embeddable":true,"href":"https:\/\/jam-news.net\/az\/wp-json\/wp\/v2\/tags?post=107818"},{"taxonomy":"formation","embeddable":true,"href":"https:\/\/jam-news.net\/az\/wp-json\/wp\/v2\/formation?post=107818"},{"taxonomy":"post-author","embeddable":true,"href":"https:\/\/jam-news.net\/az\/wp-json\/wp\/v2\/post-author?post=107818"},{"taxonomy":"topic","embeddable":true,"href":"https:\/\/jam-news.net\/az\/wp-json\/wp\/v2\/topic?post=107818"},{"taxonomy":"tooltip","embeddable":true,"href":"https:\/\/jam-news.net\/az\/wp-json\/wp\/v2\/tooltip?post=107818"},{"taxonomy":"city","embeddable":true,"href":"https:\/\/jam-news.net\/az\/wp-json\/wp\/v2\/city?post=107818"}],"curies":[{"name":"wp","href":"https:\/\/api.w.org\/{rel}","templated":true}]}}