{"id":107803,"date":"2026-09-03T12:51:40","date_gmt":"2026-09-03T08:51:40","guid":{"rendered":"https:\/\/jam-news.net\/az\/?p=107803"},"modified":"2026-09-03T13:44:30","modified_gmt":"2026-09-03T09:44:30","slug":"az%c9%99rbaycanda-unvanli-sosial-yardim","status":"publish","type":"post","link":"https:\/\/jam-news.net\/az\/az%c9%99rbaycanda-unvanli-sosial-yardim\/","title":{"rendered":"Az\u0259rbaycanda yard\u0131m alanlar da, \u00f6d\u0259ni\u015f d\u0259 azal\u0131r: yoxsulluq azal\u0131r, yoxsa azt\u0259minatl\u0131lar sistemd\u0259n k\u0259narda qal\u0131r?"},"content":{"rendered":"\n<p style=\"font-size:11px\"><strong><em>Az\u0259rbaycanda \u00fcnvanl\u0131 sosial yard\u0131m<\/em><\/strong><\/p>\n\n\n\n<p><a href=\"https:\/\/jam-news.net\/az\/category\/cografiya\/az%c9%99rbaycan\/\" target=\"_blank\" rel=\"noreferrer noopener\">Az\u0259rbaycanda<\/a> azt\u0259minatl\u0131 ail\u0259l\u0259ri m\u00fc\u0259yy\u0259nl\u0259\u015fdir\u0259n g\u0259lir h\u0259ddi art\u0131r\u0131l\u0131b. M\u0259ntiq\u0259n bu d\u0259yi\u015fiklik yard\u0131m almaq h\u00fcququ qazananlar\u0131n v\u0259 \u00f6d\u0259nil\u0259n m\u0259bl\u0259\u011fin artmas\u0131na s\u0259b\u0259b ola bil\u0259rdi. R\u0259smi statistika is\u0259 \u0259ks m\u0259nz\u0259r\u0259ni g\u00f6st\u0259rir: h\u0259m \u00fcnvanl\u0131 d\u00f6vl\u0259t sosial yard\u0131m\u0131 alan ail\u0259l\u0259rin say\u0131, h\u0259m d\u0259 adamba\u015f\u0131na d\u00fc\u015f\u0259n \u00f6d\u0259ni\u015f azal\u0131b.<\/p>\n\n\n\n<p><a href=\"https:\/\/www.stat.gov.az\/news\/index.php?id=6891&amp;lang=en\" target=\"_blank\" rel=\"noreferrer noopener\">D\u00f6vl\u0259t Statistika Komit\u0259sinin m\u0259lumat\u0131na g\u00f6r\u0259<\/a>, iyulun 1-d\u0259 78,9 min ail\u0259nin 349,3 min \u00fczv\u00fc \u00fcnvanl\u0131 sosial yard\u0131m al\u0131b. Bir il \u0259vv\u0259l sistem 80,3 min ail\u0259nin 353,3 min \u00fczv\u00fcn\u00fc \u0259hat\u0259 edib. Bel\u0259likl\u0259, bir ild\u0259 yard\u0131m alan ail\u0259l\u0259rin say\u0131 1400, insanlar\u0131n say\u0131 is\u0259 4 min n\u0259f\u0259r azal\u0131b.<\/p>\n\n\n\n<p>Azalma uzunm\u00fcdd\u0259tli m\u00fcqayis\u0259d\u0259 daha b\u00f6y\u00fckd\u00fcr. <a href=\"https:\/\/www.azadliq.org\/a\/unvanli-sosial-yardim-alanlar-azalir\/33842401.html\" target=\"_blank\" rel=\"noreferrer noopener\">2017-ci ilin ortas\u0131nda<\/a> 498,4 min n\u0259f\u0259r bu yard\u0131m\u0131 al\u0131rd\u0131. Doqquz ild\u0259 onlar\u0131n say\u0131 149,1 min n\u0259f\u0259r v\u0259 ya t\u0259xmin\u0259n 30 faiz azal\u0131b. Eyni d\u00f6vrd\u0259 \u00f6lk\u0259 \u0259halisi is\u0259 art\u0131b.<\/p>\n\n\n\n<p>R\u0259q\u0259ml\u0259r m\u00fch\u00fcm bir sual\u0131 ortaya \u00e7\u0131xar\u0131r: yoxsul ail\u0259l\u0259rin g\u0259liri artaraq onlar\u0131 sosial yard\u0131m ehtiyac\u0131ndan \u00e7\u0131xar\u0131b, yoxsa yard\u0131m sistemi ehtiyac\u0131 olanlar\u0131n bir hiss\u0259sini art\u0131q \u0259hat\u0259 etmir?<\/p>\n\n\n<article class=\"single-card uk-flex uk-flex-between m-b-sm-40\">\n\n  <div class=\"uk-grid wi-full-width\">\n\n    <div class=\"uk-width-2-3 p-t-sm-10\">\n      <a href=\"https:\/\/jam-news.net\/az\/az%c9%99rbaycanda-ev-almaq\/\" target=\"_blank\">\n\n\n\n\n\n        <h2 class=\"m-b-sm-23 wi-merriweather-light\">\n\tMaa\u015f 7 faiz, m\u0259nzil qiym\u0259tl\u0259ri 12,4 faiz art\u0131b: Az\u0259rbaycanda ev almaq s\u0259rf edirmi?\n<\/h2>\n\n        <p class=\"paragraph-color-2 m-b-sm-10 m-b-xs-7\">\n  \u00d6lk\u0259d\u0259 orta \u0259m\u0259khaqq\u0131 alan \u015f\u0259xs b\u00fct\u00fcn maa\u015f\u0131n\u0131 x\u0259rcl\u0259m\u0259d\u0259n y\u0131\u011fsa, orta qiym\u0259tli m\u0259nzil \u00fc\u00e7\u00fcn 12 il yar\u0131m i\u015fl\u0259m\u0259lidir\n<\/p>\n      <\/a>\n    <\/div>\n    <div class=\"uk-width-1-3\">\n      <figure class=\"wi-full-height choose-post__img wi-merriweather-light\">\n  <a class=\"\" href=\"https:\/\/jam-news.net\/az\/az%c9%99rbaycanda-ev-almaq\/\">\n    <img decoding=\"async\" class=\"wi-full-height wi-ratio-img\" src=\"https:\/\/jam-news.net\/app\/uploads\/2026\/08\/website-format-2026-08-31T001334.408.png\" alt=\"Az\u0259rbaycanda ev almaq\" uk-img \/>\n  <\/a>\n<\/figure>\n    <\/div>\n  <\/div>\n<\/article>\n\n\n\n<h2 class=\"wp-block-heading\">G\u0259lir h\u0259ddi art\u0131r\u0131l\u0131b, yard\u0131m is\u0259 azal\u0131b<\/h2>\n\n\n\n<p>\u00dcnvanl\u0131 yard\u0131m sabit m\u0259bl\u0259\u011f deyil. Ail\u0259nin b\u00fct\u00fcn \u00fczvl\u0259ri \u00fc\u00e7\u00fcn m\u00fc\u0259yy\u0259n edilmi\u015f ehtiyac meyar\u0131n\u0131n c\u0259mi il\u0259 ail\u0259nin hesablanan orta ayl\u0131q g\u0259liri aras\u0131ndak\u0131 f\u0259rq \u00f6d\u0259nilir. Hesablamada ail\u0259nin son 12 aydak\u0131 g\u0259lirl\u0259ri \u0259sas g\u00f6t\u00fcr\u00fcl\u00fcr.<\/p>\n\n\n\n<p><a href=\"https:\/\/e-qanun.az\/framework\/58576\" target=\"_blank\" rel=\"noreferrer noopener\">2025-ci ild\u0259<\/a> adamba\u015f\u0131na ehtiyac meyar\u0131 285 manat idi. <a href=\"https:\/\/e-qanun.az\/framework\/61110\" target=\"_blank\" rel=\"noreferrer noopener\">2026-c\u0131 ild\u0259 bu h\u0259dd 300 manata qald\u0131r\u0131l\u0131b<\/a> &#8211; art\u0131m 5,3 faizdir. Buna baxmayaraq, yard\u0131m\u0131n bir n\u0259f\u0259r\u0259 d\u00fc\u015f\u0259n orta m\u0259bl\u0259\u011fi 100,37 manatdan 97,94 manata enib. Nominal azalma 2,43 manat v\u0259 ya 2,4 faizdir.<\/p>\n\n\n\n<p>Hesablama qaydas\u0131n\u0131 orta g\u00f6st\u0259ricil\u0259r\u0259 t\u0259tbiq etdikd\u0259, sistemin yard\u0131m alanlar\u0131n adamba\u015f\u0131na ayl\u0131q g\u0259lirini 2025-ci ild\u0259 184,63 manat, 2026-c\u0131 ild\u0259 is\u0259 202,06 manat hesablad\u0131\u011f\u0131 g\u00f6r\u00fcn\u00fcr. Bu, 9,4 faizlik nominal art\u0131md\u0131r. Yard\u0131m m\u0259bl\u0259\u011finin azalmas\u0131n\u0131n riyazi izah\u0131 budur: sistem ail\u0259l\u0259rin g\u0259lirinin ehtiyac meyar\u0131ndan daha s\u00fcr\u0259tl\u0259 artd\u0131\u011f\u0131n\u0131 hesablay\u0131b.<\/p>\n\n\n\n<p>Amma bu r\u0259q\u0259m yoxsul ail\u0259l\u0259rin ham\u0131s\u0131n\u0131n rifah\u0131n\u0131n yax\u015f\u0131la\u015fd\u0131\u011f\u0131n\u0131 s\u00fcbut etmir. 2026-c\u0131 ilin ortas\u0131nda siyah\u0131da qalan ail\u0259l\u0259rin orta g\u00f6st\u0259ricisi bir il \u0259vv\u0259lki siyah\u0131 il\u0259 m\u00fcqayis\u0259 olunur. Yard\u0131m\u0131 dayand\u0131r\u0131lan v\u0259 ya m\u00fcraci\u0259ti q\u0259bul edilm\u0259y\u0259n ail\u0259l\u0259r yeni ortalamada g\u00f6r\u00fcnm\u00fcr.<\/p>\n\n\n\n<p>R\u0259smi r\u0259q\u0259ml\u0259r \u0259sas\u0131nda hesablamam\u0131za g\u00f6r\u0259, yard\u0131m alanlara ayl\u0131q \u00f6d\u0259ni\u015fin \u00fcmumi m\u0259bl\u0259\u011fi t\u0259xmin\u0259n 35,46 milyon manatdan 34,21 milyon manata d\u00fc\u015f\u00fcb. Y\u0259ni d\u00f6vl\u0259tin bu qrup \u00fczr\u0259 ayl\u0131q \u00f6d\u0259ni\u015fi nominal ifad\u0259d\u0259 d\u0259 t\u0259xmin\u0259n 1,25 milyon manat v\u0259 ya 3,5 faiz azal\u0131b.<\/p>\n\n\n<article class=\"single-card uk-flex uk-flex-between m-b-sm-40\">\n\n  <div class=\"uk-grid wi-full-width\">\n\n    <div class=\"uk-width-2-3 p-t-sm-10\">\n      <a href=\"https:\/\/jam-news.net\/az\/az%c9%99rbaycanda-turizm%c9%99-d%c9%99st%c9%99k\/\" target=\"_blank\">\n\n\n\n\n\n        <h2 class=\"m-b-sm-23 wi-merriweather-light\">\n\tTurizm\u0259 d\u0259st\u0259k paketi: Az\u0259rbaycan 3,8 milyon turist h\u0259d\u0259fin\u0259 \u00e7ata bil\u0259c\u0259kmi?\n<\/h2>\n\n        <p class=\"paragraph-color-2 m-b-sm-10 m-b-xs-7\">\n  2026-da k\u00f6rf\u0259z \u00f6lk\u0259l\u0259rind\u0259n g\u0259l\u0259nl\u0259rin say\u0131 31,4 faiz, mehmanxanalarda gec\u0259l\u0259m\u0259l\u0259r 8,3 faiz, hotell\u0259rin g\u0259lirl\u0259ri is\u0259 3,8 faiz azal\u0131b.\n<\/p>\n      <\/a>\n    <\/div>\n    <div class=\"uk-width-1-3\">\n      <figure class=\"wi-full-height choose-post__img wi-merriweather-light\">\n  <a class=\"\" href=\"https:\/\/jam-news.net\/az\/az%c9%99rbaycanda-turizm%c9%99-d%c9%99st%c9%99k\/\">\n    <img decoding=\"async\" class=\"wi-full-height wi-ratio-img\" src=\"https:\/\/jam-news.net\/app\/uploads\/2026\/08\/website-format-2026-08-26T001508.982.png\" alt=\"Az\u0259rbaycanda turizm\u0259 d\u0259st\u0259k\" uk-img \/>\n  <\/a>\n<\/figure>\n    <\/div>\n  <\/div>\n<\/article>\n\n\n\n<h2 class=\"wp-block-heading\">Yard\u0131m\u0131n al\u0131c\u0131l\u0131q qabiliyy\u0259ti daha \u00e7ox azal\u0131b<\/h2>\n\n\n\n<p><a href=\"https:\/\/www.stat.gov.az\/news\/index.php?id=6834&amp;lang=az\" target=\"_blank\" rel=\"noreferrer noopener\">2026-c\u0131 ilin iyulundak\u0131 r\u0259q\u0259ml\u0259r\u0259 g\u00f6r\u0259, illik inflyasiya 5,8 faiz<\/a>, \u0259rzaq inflyasiyas\u0131 is\u0259 7,3 faiz olub. Qiym\u0259t art\u0131m\u0131 n\u0259z\u0259r\u0259 al\u0131nd\u0131qda 97,94 manatl\u0131q yard\u0131m\u0131n al\u0131c\u0131l\u0131q qabiliyy\u0259ti \u00f6t\u0259n ilki 100,37 manatla m\u00fcqayis\u0259d\u0259 t\u0259xmin\u0259n 7,8 faiz azal\u0131b. Yaln\u0131z \u0259rzaq bahala\u015fmas\u0131 il\u0259 m\u00fcqayis\u0259d\u0259 itki 9 faiz\u0259 yax\u0131nla\u015f\u0131r.<\/p>\n\n\n\n<p>Yard\u0131mdan sonra ail\u0259nin hesablanan adamba\u015f\u0131na g\u0259liri ehtiyac meyar\u0131na &#8211; 300 manata \u00e7atd\u0131r\u0131l\u0131r. Ancaq 300 manat \u00f6t\u0259n ilki 285 manatdan 5,3 faiz \u00e7oxdur. Bu art\u0131m da \u00fcmumi inflyasiyadan, x\u00fcsus\u0259n \u0259rza\u011f\u0131n bahala\u015fmas\u0131ndan geri qal\u0131r. Dem\u0259li, sistemd\u0259 qalan ail\u0259l\u0259rin ka\u011f\u0131z \u00fcz\u0259rind\u0259 t\u0259min edil\u0259n minimum g\u0259liri d\u0259 real ifad\u0259d\u0259 artmay\u0131b.<\/p>\n\n\n<article class=\"single-card uk-flex uk-flex-between m-b-sm-40\">\n\n  <div class=\"uk-grid wi-full-width\">\n\n    <div class=\"uk-width-2-3 p-t-sm-10\">\n      <a href=\"https:\/\/jam-news.net\/az\/kriptovalyuta-dovl%c9%99t-xeyrin%c9%99-musadir%c9%99\/\" target=\"_blank\">\n\n\n\n\n\n        <h2 class=\"m-b-sm-23 wi-merriweather-light\">\n\tAz\u0259rbaycanda ilk d\u0259f\u0259 kriptovalyuta d\u00f6vl\u0259t xeyrin\u0259 m\u00fcsadir\u0259 olunub\n<\/h2>\n\n        <p class=\"paragraph-color-2 m-b-sm-10 m-b-xs-7\">\n  Hesablarda saxlan\u0131lan 830 \u0259d\u0259d kriptovalyutan\u0131 d\u00f6vl\u0259t xeyrin\u0259 m\u00fcsadir\u0259 edilib.\n<\/p>\n      <\/a>\n    <\/div>\n    <div class=\"uk-width-1-3\">\n      <figure class=\"wi-full-height choose-post__img wi-merriweather-light\">\n  <a class=\"\" href=\"https:\/\/jam-news.net\/az\/kriptovalyuta-dovl%c9%99t-xeyrin%c9%99-musadir%c9%99\/\">\n    <img decoding=\"async\" class=\"wi-full-height wi-ratio-img\" src=\"https:\/\/jam-news.net\/app\/uploads\/2026\/08\/website-format-2026-08-25T135509.989.png\" alt=\"Kriptovalyuta d\u00f6vl\u0259t xeyrin\u0259 m\u00fcsadir\u0259\" uk-img \/>\n  <\/a>\n<\/figure>\n    <\/div>\n  <\/div>\n<\/article>\n\n\n\n<h2 class=\"wp-block-heading\">Yard\u0131m alanlar\u0131n say\u0131 yoxsullar\u0131n say\u0131 deyil<\/h2>\n\n\n\n<p>D\u00f6vl\u0259t Statistika Komit\u0259sinin <a href=\"https:\/\/www.stat.gov.az\/menu\/6\/statistical_yearbooks\/source\/azfact_figures_2026.pdf\" target=\"_blank\" rel=\"noreferrer noopener\">2025-ci il \u00fczr\u0259 yekun g\u00f6st\u0259ricil\u0259rind\u0259<\/a> faktiki yoxsulluq h\u0259ddi 286 manat, yoxsulluq s\u0259viyy\u0259si is\u0259 5,2 faiz g\u00f6st\u0259rilir. 10,26 milyon n\u0259f\u0259rlik \u0259hali \u00fczr\u0259 bu, t\u0259xmin\u0259n 534 min insan dem\u0259kdir.<\/p>\n\n\n\n<p>H\u0259min ilin sonunda \u00fcnvanl\u0131 sosial yard\u0131m alanlar\u0131n say\u0131 336 min n\u0259f\u0259r olub &#8211; \u0259halinin t\u0259xmin\u0259n 3,3 faizi. G\u00f6st\u0259ricil\u0259rin hesablanma \u00fcsulu v\u0259 istinad tarixl\u0259ri f\u0259rqlidir, buna g\u00f6r\u0259 onlar\u0131 tam eynil\u0259\u015fdirm\u0259k olmaz. Bununla bel\u0259, aradak\u0131 t\u0259xmin\u0259n 198 min n\u0259f\u0259rlik f\u0259rq bir \u015feyi ayd\u0131n g\u00f6st\u0259rir: yard\u0131m alanlar\u0131n say\u0131n\u0131 \u00f6lk\u0259d\u0259ki yoxsullar\u0131n say\u0131 kimi t\u0259qdim etm\u0259k olmaz.<\/p>\n\n\n\n<p>\u00dcst\u0259lik, g\u0259lirin 300 manatdan az olmas\u0131 yard\u0131m\u0131 almaq \u00fc\u00e7\u00fcn t\u0259kba\u015f\u0131na kifay\u0259t etmir. Qaydalar bu g\u0259lirin ail\u0259d\u0259n as\u0131l\u0131 olmayan s\u0259b\u0259bl\u0259r\u0259 g\u00f6r\u0259 a\u015fa\u011f\u0131 olmas\u0131n\u0131 t\u0259l\u0259b edir. <a href=\"https:\/\/sosial.gov.az\/az\/unvanli-dovlet-sosial-yardimi\/unvanli-dovlet-sosial-yardimi\" target=\"_blank\" rel=\"noreferrer noopener\">R\u0259smi meyarlara g\u00f6r\u0259<\/a>, ail\u0259nin m\u00fclkiyy\u0259tind\u0259 v\u0259 ya istifad\u0259sind\u0259 avtomobil varsa, m\u00fcxt\u0259lif \u00fcnvanlarda iki eyni t\u0259yinatl\u0131 da\u015f\u0131nmaz \u0259mlak\u0131 varsa, son 12 ayda ya\u015fay\u0131\u015f minimumunun 12 mislind\u0259n \u00e7ox alq\u0131-satq\u0131 edibs\u0259 v\u0259 ya \u0259m\u0259k qabiliyy\u0259tli \u00fczv t\u0259klif olunan iki m\u00fcnasib i\u015fd\u0259n imtina edibs\u0259, yard\u0131m verilm\u0259y\u0259 bil\u0259r.<\/p>\n\n\n\n<p><a href=\"https:\/\/meclis.gov.az\/news-layihe.php?id=2545&amp;lang=az&amp;par=0\" target=\"_blank\" rel=\"noreferrer noopener\">2026-c\u0131 ilin ya\u015fay\u0131\u015f minimumu<\/a> il\u0259 alq\u0131-satq\u0131 h\u0259ddi 3600 manatd\u0131r. Adamba\u015f\u0131na kommunal v\u0259 rabit\u0259 x\u0259rcl\u0259ri ayda 45 manata \u00e7atd\u0131qda da m\u00fcraci\u0259td\u0259n imtina edilir. D\u00f6rd n\u0259f\u0259rlik ail\u0259 \u00fc\u00e7\u00fcn bu, \u00fcmumilikd\u0259 180 manat dem\u0259kdir. Yax\u0131nlar\u0131n verdiyi pul v\u0259 h\u0259diyy\u0259l\u0259r, el\u0259c\u0259 d\u0259 \u015f\u0259xsi t\u0259s\u0259rr\u00fcfatdan \u0259ld\u0259 edilm\u0259si m\u00fcmk\u00fcn say\u0131lan g\u0259lir d\u0259 ail\u0259nin g\u0259lirin\u0259 daxil edilir.<\/p>\n\n\n\n<p>Bu meyarlar gizl\u0259dil\u0259n g\u0259lir v\u0259 \u0259mlak\u0131 m\u00fc\u0259yy\u0259nl\u0259\u015fdirm\u0259k m\u0259qs\u0259di da\u015f\u0131ya bil\u0259r. Ancaq k\u00f6hn\u0259 avtomobili olan, kommunal x\u0259rcl\u0259ri y\u00fcks\u0259k \u00e7\u0131xan v\u0259 ya qohum d\u0259st\u0259yi il\u0259 ayaqda qalan na\u011fd g\u0259liri az ail\u0259 d\u0259 eyni qaydalarla sistemd\u0259n k\u0259narda qala bil\u0259r.<\/p>\n\n\n<article class=\"single-card uk-flex uk-flex-between m-b-sm-40\">\n\n  <div class=\"uk-grid wi-full-width\">\n\n    <div class=\"uk-width-2-3 p-t-sm-10\">\n      <a href=\"https:\/\/jam-news.net\/az\/hakim-pensiyasi-v%c9%99-normal-pensiya\/\" target=\"_blank\">\n\n\n\n\n\n        <h2 class=\"m-b-sm-23 wi-merriweather-light\">\n\tHakim pensiyalar\u0131 v\u0259 adi pensiya\u00e7\u0131lar: qanun n\u0259 deyir, r\u0259q\u0259ml\u0259r n\u0259 g\u00f6st\u0259rir\n<\/h2>\n\n        <p class=\"paragraph-color-2 m-b-sm-10 m-b-xs-7\">\n  Hakim pensiyas\u0131 il\u0259 orta pensiya aras\u0131ndak\u0131 f\u0259rq 12-13 d\u0259f\u0259y\u0259 \u00e7at\u0131r.\n<\/p>\n      <\/a>\n    <\/div>\n    <div class=\"uk-width-1-3\">\n      <figure class=\"wi-full-height choose-post__img wi-merriweather-light\">\n  <a class=\"\" href=\"https:\/\/jam-news.net\/az\/hakim-pensiyasi-v%c9%99-normal-pensiya\/\">\n    <img decoding=\"async\" class=\"wi-full-height wi-ratio-img\" src=\"https:\/\/jam-news.net\/app\/uploads\/2026\/08\/website-format-2026-08-15T001205.198.png\" alt=\"Hakim pensiyas\u0131 v\u0259 normal pensiya\" uk-img \/>\n  <\/a>\n<\/figure>\n    <\/div>\n  <\/div>\n<\/article>\n\n\n\n<h2 class=\"wp-block-heading\">Pensiya\u00e7\u0131lar azal\u0131r, ya\u015fa g\u00f6r\u0259 m\u00fcavin\u0259t alanlar art\u0131r<\/h2>\n\n\n\n<p>Sosial t\u0259minat\u0131n ba\u015fqa bir g\u00f6st\u0259ricisind\u0259 d\u0259 ox\u015far sual yaran\u0131r. 2025-ci il iyulun 1-d\u0259 \u00f6lk\u0259d\u0259 1 milyon 103,3 min pensiya\u00e7\u0131 vard\u0131sa, bir il sonra onlar\u0131n say\u0131 1 milyon 100 min n\u0259f\u0259r\u0259 enib. Orta pensiya 10,5 faiz artaraq 594,4 manata \u00e7atsa da, pensiya\u00e7\u0131lar\u0131n say\u0131 3300 n\u0259f\u0259r azal\u0131b.<\/p>\n\n\n\n<p>Eyni zamanda \u0259m\u0259k pensiyas\u0131 h\u00fcququ olmayan v\u0259 <a href=\"https:\/\/sosial.gov.az\/az\/ayliq-muavinetler\/yasa-gore-muavinet\" target=\"_blank\" rel=\"noreferrer noopener\">220 manat ya\u015fa g\u00f6r\u0259 m\u00fcavin\u0259t<\/a> alanlar\u0131n say\u0131 <a href=\"https:\/\/anews.az\/en\/ekonomika\/523313\/number-of-minimum-pension-recipients-in-azerbaijan-drops-63nbsp\/\" target=\"_blank\" rel=\"noreferrer noopener\">166,2 mind\u0259n 177,5 min n\u0259f\u0259r\u0259 y\u00fcks\u0259lib<\/a>. Bu iki qrupdak\u0131 d\u0259yi\u015fiklikl\u0259rin eyni \u015f\u0259xsl\u0259rl\u0259 ba\u011fl\u0131 oldu\u011funu dem\u0259k m\u00fcmk\u00fcn deyil. Lakin ya\u015fl\u0131 \u0259hali artd\u0131\u011f\u0131 halda pensiya\u00e7\u0131lar\u0131n azalmas\u0131 v\u0259 daha a\u015fa\u011f\u0131 m\u0259bl\u0259\u011fli m\u00fcavin\u0259t alanlar\u0131n \u00e7oxalmas\u0131 \u0259m\u0259k pensiyas\u0131na \u00e7\u0131x\u0131\u015f imkanlar\u0131 bar\u0259d\u0259 ayr\u0131ca izah t\u0259l\u0259b edir.<\/p>\n\n\n<article class=\"single-card uk-flex uk-flex-between m-b-sm-40\">\n\n  <div class=\"uk-grid wi-full-width\">\n\n    <div class=\"uk-width-2-3 p-t-sm-10\">\n      <a href=\"https:\/\/jam-news.net\/az\/hesablama-palatasi-maliyy%c9%99-n%c9%99zar%c9%99ti\/\" target=\"_blank\">\n\n\n\n\n\n        <h2 class=\"m-b-sm-23 wi-merriweather-light\">\n\t160,3 milyon manatl\u0131q n\u00f6qsan: Hesablama Palatas\u0131n\u0131n yar\u0131millik r\u0259q\u0259ml\u0259ri n\u0259 deyir?\n<\/h2>\n\n        <p class=\"paragraph-color-2 m-b-sm-10 m-b-xs-7\">\n  Hesabat d\u00f6vr\u00fcnd\u0259 20 uy\u011funluq auditi, 2 maliyy\u0259 auditi, 8 s\u0259m\u0259r\u0259lilik auditi v\u0259 3 analitik f\u0259aliyy\u0259t h\u0259yata ke\u00e7irilib.\n<\/p>\n      <\/a>\n    <\/div>\n    <div class=\"uk-width-1-3\">\n      <figure class=\"wi-full-height choose-post__img wi-merriweather-light\">\n  <a class=\"\" href=\"https:\/\/jam-news.net\/az\/hesablama-palatasi-maliyy%c9%99-n%c9%99zar%c9%99ti\/\">\n    <img decoding=\"async\" class=\"wi-full-height wi-ratio-img\" src=\"https:\/\/jam-news.net\/app\/uploads\/2026\/07\/website-format-2026-07-25T004948.143.png\" alt=\"Hesablama Palatas\u0131 maliyy\u0259 n\u0259zar\u0259ti\" uk-img \/>\n  <\/a>\n<\/figure>\n    <\/div>\n  <\/div>\n<\/article>\n\n\n\n<h2 class=\"wp-block-heading\">H\u00f6kum\u0259tin a\u00e7\u0131qlamal\u0131 oldu\u011fu r\u0259q\u0259ml\u0259r<\/h2>\n\n\n\n<p>Yard\u0131m alanlar\u0131n azalmas\u0131n\u0131n yoxsullu\u011fun azalmas\u0131 kimi qiym\u0259tl\u0259ndirilm\u0259si \u00fc\u00e7\u00fcn t\u0259kc\u0259 yekun say kifay\u0259t etmir. \u018fm\u0259k v\u0259 \u018fhalinin Sosial M\u00fcdafi\u0259si Nazirliyi son bir ild\u0259 ne\u00e7\u0259 ail\u0259nin sistem\u0259 daxil oldu\u011funu, ne\u00e7\u0259sinin yard\u0131mdan \u00e7\u0131xar\u0131ld\u0131\u011f\u0131n\u0131, ne\u00e7\u0259 m\u00fcraci\u0259t\u0259 imtina verildiyini v\u0259 q\u0259rarlar\u0131n hans\u0131 s\u0259b\u0259bl\u0259rl\u0259 q\u0259bul edildiyini a\u00e7\u0131qlamal\u0131d\u0131r.<\/p>\n\n\n\n<p>H\u0259m\u00e7inin avtomobil, alq\u0131-satq\u0131, kommunal x\u0259rc, g\u0259lir uy\u011funsuzlu\u011fu v\u0259 i\u015f t\u0259klifind\u0259n imtina meyarlar\u0131n\u0131n h\u0259r biri \u00fczr\u0259 ne\u00e7\u0259 ail\u0259nin k\u0259narda qald\u0131\u011f\u0131, \u015fikay\u0259tl\u0259rd\u0259n sonra ne\u00e7\u0259 q\u0259rar\u0131n d\u0259yi\u015fdirildiyi v\u0259 yard\u0131m alanlar aras\u0131nda u\u015faqlar\u0131n pay\u0131 g\u00f6st\u0259rilm\u0259lidir.<\/p>\n\n\n\n<p>Bu m\u0259lumatlar olmadan \u00e7\u0131xar\u0131la bil\u0259c\u0259k n\u0259tic\u0259 yoxsullu\u011fun azald\u0131\u011f\u0131 deyil. R\u0259smi r\u0259q\u0259ml\u0259r h\u0259l\u0259lik yaln\u0131z bunu g\u00f6st\u0259rir: \u00fcnvanl\u0131 sosial yard\u0131m\u0131n \u0259hat\u0259 dair\u0259si daral\u0131b, \u00f6d\u0259nil\u0259n orta m\u0259bl\u0259\u011f nominal olaraq azal\u0131b v\u0259 yard\u0131m\u0131n al\u0131c\u0131l\u0131q qabiliyy\u0259ti daha s\u00fcr\u0259tl\u0259 z\u0259ifl\u0259yib.<\/p>\n\n\n<article class=\"single-card uk-flex uk-flex-between m-b-sm-40\">\n\n  <div class=\"uk-grid wi-full-width\">\n\n    <div class=\"uk-width-2-3 p-t-sm-10\">\n      <a href=\"https:\/\/jam-news.net\/az\/m%c9%99cburi-kockunl%c9%99rin-statusu-haqqinda-qanun\/\" target=\"_blank\">\n\n\n\n\n\n        <h2 class=\"m-b-sm-23 wi-merriweather-light\">\n\tM\u0259cburi k\u00f6\u00e7k\u00fcnl\u0259rin yeni statusu: \u201cDaimi M\u0259\u015fkunla\u015fma Fondu\u201d v\u0259 m\u0259cburi qay\u0131d\u0131\u015f n\u0259dir?\n<\/h2>\n\n        <p class=\"paragraph-color-2 m-b-sm-10 m-b-xs-7\">\n  \u0130lham \u018fliyev \u201cQa\u00e7q\u0131nlar\u0131n v\u0259 m\u0259cburi k\u00f6\u00e7k\u00fcnl\u0259rin statusu haqq\u0131nda\u201d qanuna d\u0259yi\u015fiklikl\u0259ri t\u0259sdiql\u0259yib.\n<\/p>\n      <\/a>\n    <\/div>\n    <div class=\"uk-width-1-3\">\n      <figure class=\"wi-full-height choose-post__img wi-merriweather-light\">\n  <a class=\"\" href=\"https:\/\/jam-news.net\/az\/m%c9%99cburi-kockunl%c9%99rin-statusu-haqqinda-qanun\/\">\n    <img decoding=\"async\" class=\"wi-full-height wi-ratio-img\" src=\"https:\/\/jam-news.net\/app\/uploads\/2026\/07\/website-format-2026-07-23T232637.249.png\" alt=\"M\u0259cburi k\u00f6\u00e7k\u00fcnl\u0259rin statusu haqq\u0131nda qanun\" uk-img \/>\n  <\/a>\n<\/figure>\n    <\/div>\n  <\/div>\n<\/article>\n\n\n\n<p style=\"font-size:1px\"><strong><em>Az\u0259rbaycanda \u00fcnvanl\u0131 sosial yard\u0131m<\/em><\/strong><\/p>\n","protected":false},"excerpt":{"rendered":"<p>D\u00f6vl\u0259t Statistika Komit\u0259sinin m\u0259lumat\u0131na g\u00f6r\u0259, \u00f6t\u0259n ill\u0259 m\u00fcqayis\u0259d\u0259 yard\u0131m alan ail\u0259l\u0259rin say\u0131 1,4 min, \u015f\u0259xsl\u0259rin say\u0131 is\u0259 4 min azal\u0131b.<\/p>\n","protected":false},"author":60,"featured_media":107834,"comment_status":"closed","ping_status":"closed","sticky":false,"template":"","format":"standard","meta":{"_acf_changed":false,"footnotes":""},"categories":[17,22,4043,25,50],"tags":[],"formation":[],"post-author":[2888],"topic":[4952],"tooltip":[],"city":[6041],"class_list":["post-107803","post","type-post","status-publish","format-standard","has-post-thumbnail","hentry","category-azrbaycan","category-iqtisadiyyat","category-explainer","category-cmiyyt","category-xbrlr","post-author-jamnews","topic-azrbaycan","city-baki"],"acf":[],"yoast_head":"<!-- This site is optimized with the Yoast SEO plugin v24.1 - https:\/\/yoast.com\/wordpress\/plugins\/seo\/ -->\n<title>Az\u0259rbaycanda \u00fcnvanl\u0131 sosial yard\u0131m - JAMnews<\/title>\n<meta name=\"description\" content=\"Az\u0259rbaycanda \u00fcnvanl\u0131 sosial yard\u0131m. DSK-n\u0131n m\u0259lumat\u0131na g\u00f6r\u0259, \u00f6t\u0259n ill\u0259 m\u00fcqayis\u0259d\u0259 yard\u0131m alan ail\u0259l\u0259r 1,4 min, \u015f\u0259xsl\u0259r is\u0259 4 min azal\u0131b.\" \/>\n<meta name=\"robots\" content=\"index, follow, max-snippet:-1, max-image-preview:large, max-video-preview:-1\" \/>\n<link rel=\"canonical\" href=\"https:\/\/jam-news.net\/az\/az\u0259rbaycanda-unvanli-sosial-yardim\/\" \/>\n<meta property=\"og:locale\" content=\"az_AZ\" \/>\n<meta property=\"og:type\" content=\"article\" \/>\n<meta property=\"og:title\" content=\"Az\u0259rbaycanda yard\u0131m alanlar da, \u00f6d\u0259ni\u015f d\u0259 azal\u0131r: yoxsulluq azal\u0131r, yoxsa azt\u0259minatl\u0131lar sistemd\u0259n k\u0259narda qal\u0131r?\" \/>\n<meta property=\"og:description\" content=\"D\u00f6vl\u0259t Statistika Komit\u0259sinin m\u0259lumat\u0131na g\u00f6r\u0259, \u00f6t\u0259n ill\u0259 m\u00fcqayis\u0259d\u0259 yard\u0131m alan ail\u0259l\u0259rin say\u0131 1,4 min, \u015f\u0259xsl\u0259rin say\u0131 is\u0259 4 min azal\u0131b.\" \/>\n<meta property=\"og:url\" content=\"https:\/\/jam-news.net\/az\/az\u0259rbaycanda-unvanli-sosial-yardim\/\" \/>\n<meta property=\"og:site_name\" content=\"Azerbaijani Jamnews\" \/>\n<meta property=\"article:publisher\" content=\"https:\/\/www.facebook.com\/JAMnewsInEnglish\/\" \/>\n<meta property=\"article:published_time\" content=\"2026-09-03T08:51:40+00:00\" \/>\n<meta property=\"article:modified_time\" content=\"2026-09-03T09:44:30+00:00\" \/>\n<meta property=\"og:image\" content=\"https:\/\/jam-news.net\/app\/uploads\/2026\/09\/website-format-2026-09-03T104901.757.png\" \/>\n\t<meta property=\"og:image:width\" content=\"2640\" \/>\n\t<meta property=\"og:image:height\" content=\"1485\" \/>\n\t<meta property=\"og:image:type\" content=\"image\/png\" \/>\n<meta name=\"author\" content=\"elmisham\" \/>\n<meta name=\"twitter:card\" content=\"summary_large_image\" \/>\n<meta name=\"twitter:title\" content=\"Az\u0259rbaycanda yard\u0131m alanlar da, \u00f6d\u0259ni\u015f d\u0259 azal\u0131r: yoxsulluq azal\u0131r, yoxsa azt\u0259minatl\u0131lar sistemd\u0259n k\u0259narda qal\u0131r?\" \/>\n<meta name=\"twitter:description\" content=\"D\u00f6vl\u0259t Statistika Komit\u0259sinin m\u0259lumat\u0131na g\u00f6r\u0259, \u00f6t\u0259n ill\u0259 m\u00fcqayis\u0259d\u0259 yard\u0131m alan ail\u0259l\u0259rin say\u0131 1,4 min, \u015f\u0259xsl\u0259rin say\u0131 is\u0259 4 min azal\u0131b.\" \/>\n<meta name=\"twitter:creator\" content=\"@JAMnewsCaucasus\" \/>\n<meta name=\"twitter:site\" content=\"@JAMnewsCaucasus\" \/>\n<meta name=\"twitter:label1\" content=\"Written by\" \/>\n\t<meta name=\"twitter:data1\" content=\"elmisham\" \/>\n\t<meta name=\"twitter:label2\" content=\"Est. reading time\" \/>\n\t<meta name=\"twitter:data2\" content=\"6 minutes\" \/>\n<script type=\"application\/ld+json\" class=\"yoast-schema-graph\">{\"@context\":\"https:\/\/schema.org\",\"@graph\":[{\"@type\":\"Article\",\"@id\":\"https:\/\/jam-news.net\/az\/az%c9%99rbaycanda-unvanli-sosial-yardim\/#article\",\"isPartOf\":{\"@id\":\"https:\/\/jam-news.net\/az\/az%c9%99rbaycanda-unvanli-sosial-yardim\/\"},\"author\":{\"name\":\"elmisham\",\"@id\":\"https:\/\/jam-news.net\/az\/#\/schema\/person\/eb45af4c98a871b32118a93d3d66e159\"},\"headline\":\"Az\u0259rbaycanda yard\u0131m alanlar da, \u00f6d\u0259ni\u015f d\u0259 azal\u0131r: yoxsulluq azal\u0131r, yoxsa azt\u0259minatl\u0131lar sistemd\u0259n k\u0259narda qal\u0131r?\",\"datePublished\":\"2026-09-03T08:51:40+00:00\",\"dateModified\":\"2026-09-03T09:44:30+00:00\",\"mainEntityOfPage\":{\"@id\":\"https:\/\/jam-news.net\/az\/az%c9%99rbaycanda-unvanli-sosial-yardim\/\"},\"wordCount\":1464,\"publisher\":{\"@id\":\"https:\/\/jam-news.net\/az\/#organization\"},\"image\":{\"@id\":\"https:\/\/jam-news.net\/az\/az%c9%99rbaycanda-unvanli-sosial-yardim\/#primaryimage\"},\"thumbnailUrl\":\"https:\/\/jam-news.net\/app\/uploads\/2026\/09\/website-format-2026-09-03T104901.757.png\",\"articleSection\":[\"Azerbaijan\",\"Economics\",\"Explainer\",\"Issues\",\"News\"],\"inLanguage\":\"az\"},{\"@type\":\"WebPage\",\"@id\":\"https:\/\/jam-news.net\/az\/az%c9%99rbaycanda-unvanli-sosial-yardim\/\",\"url\":\"https:\/\/jam-news.net\/az\/az%c9%99rbaycanda-unvanli-sosial-yardim\/\",\"name\":\"Az\u0259rbaycanda \u00fcnvanl\u0131 sosial yard\u0131m - JAMnews\",\"isPartOf\":{\"@id\":\"https:\/\/jam-news.net\/az\/#website\"},\"primaryImageOfPage\":{\"@id\":\"https:\/\/jam-news.net\/az\/az%c9%99rbaycanda-unvanli-sosial-yardim\/#primaryimage\"},\"image\":{\"@id\":\"https:\/\/jam-news.net\/az\/az%c9%99rbaycanda-unvanli-sosial-yardim\/#primaryimage\"},\"thumbnailUrl\":\"https:\/\/jam-news.net\/app\/uploads\/2026\/09\/website-format-2026-09-03T104901.757.png\",\"datePublished\":\"2026-09-03T08:51:40+00:00\",\"dateModified\":\"2026-09-03T09:44:30+00:00\",\"description\":\"Az\u0259rbaycanda \u00fcnvanl\u0131 sosial yard\u0131m. DSK-n\u0131n m\u0259lumat\u0131na g\u00f6r\u0259, \u00f6t\u0259n ill\u0259 m\u00fcqayis\u0259d\u0259 yard\u0131m alan ail\u0259l\u0259r 1,4 min, \u015f\u0259xsl\u0259r is\u0259 4 min azal\u0131b.\",\"breadcrumb\":{\"@id\":\"https:\/\/jam-news.net\/az\/az%c9%99rbaycanda-unvanli-sosial-yardim\/#breadcrumb\"},\"inLanguage\":\"az\",\"potentialAction\":[{\"@type\":\"ReadAction\",\"target\":[\"https:\/\/jam-news.net\/az\/az%c9%99rbaycanda-unvanli-sosial-yardim\/\"]}]},{\"@type\":\"ImageObject\",\"inLanguage\":\"az\",\"@id\":\"https:\/\/jam-news.net\/az\/az%c9%99rbaycanda-unvanli-sosial-yardim\/#primaryimage\",\"url\":\"https:\/\/jam-news.net\/app\/uploads\/2026\/09\/website-format-2026-09-03T104901.757.png\",\"contentUrl\":\"https:\/\/jam-news.net\/app\/uploads\/2026\/09\/website-format-2026-09-03T104901.757.png\",\"width\":2640,\"height\":1485,\"caption\":\"Az\u0259rbaycanda \u00fcnvanl\u0131 sosial yard\u0131m\"},{\"@type\":\"BreadcrumbList\",\"@id\":\"https:\/\/jam-news.net\/az\/az%c9%99rbaycanda-unvanli-sosial-yardim\/#breadcrumb\",\"itemListElement\":[{\"@type\":\"ListItem\",\"position\":1,\"name\":\"Home\",\"item\":\"https:\/\/jam-news.net\/az\/\"},{\"@type\":\"ListItem\",\"position\":2,\"name\":\"Az\u0259rbaycanda yard\u0131m alanlar da, \u00f6d\u0259ni\u015f d\u0259 azal\u0131r: yoxsulluq azal\u0131r, yoxsa azt\u0259minatl\u0131lar sistemd\u0259n k\u0259narda qal\u0131r?\"}]},{\"@type\":\"WebSite\",\"@id\":\"https:\/\/jam-news.net\/az\/#website\",\"url\":\"https:\/\/jam-news.net\/az\/\",\"name\":\"Azerbaijani Jamnews\",\"description\":\"Caucasus News, Politics and Society\",\"publisher\":{\"@id\":\"https:\/\/jam-news.net\/az\/#organization\"},\"potentialAction\":[{\"@type\":\"SearchAction\",\"target\":{\"@type\":\"EntryPoint\",\"urlTemplate\":\"https:\/\/jam-news.net\/az\/?s={search_term_string}\"},\"query-input\":{\"@type\":\"PropertyValueSpecification\",\"valueRequired\":true,\"valueName\":\"search_term_string\"}}],\"inLanguage\":\"az\"},{\"@type\":\"Organization\",\"@id\":\"https:\/\/jam-news.net\/az\/#organization\",\"name\":\"JAMnews\",\"url\":\"https:\/\/jam-news.net\/az\/\",\"logo\":{\"@type\":\"ImageObject\",\"inLanguage\":\"az\",\"@id\":\"https:\/\/jam-news.net\/az\/#\/schema\/logo\/image\/\",\"url\":\"https:\/\/jam-news.net\/app\/uploads\/2020\/05\/JAM_w.jpg\",\"contentUrl\":\"https:\/\/jam-news.net\/app\/uploads\/2020\/05\/JAM_w.jpg\",\"width\":960,\"height\":960,\"caption\":\"JAMnews\"},\"image\":{\"@id\":\"https:\/\/jam-news.net\/az\/#\/schema\/logo\/image\/\"},\"sameAs\":[\"https:\/\/www.facebook.com\/JAMnewsInEnglish\/\",\"https:\/\/x.com\/JAMnewsCaucasus\",\"https:\/\/www.instagram.com\/jam_news\/\",\"https:\/\/www.youtube.com\/channel\/UCXQbUCme2pykuZYXWHx4VPg\"]},{\"@type\":\"Person\",\"@id\":\"https:\/\/jam-news.net\/az\/#\/schema\/person\/eb45af4c98a871b32118a93d3d66e159\",\"name\":\"elmisham\",\"image\":{\"@type\":\"ImageObject\",\"inLanguage\":\"az\",\"@id\":\"https:\/\/jam-news.net\/az\/#\/schema\/person\/image\/\",\"url\":\"https:\/\/secure.gravatar.com\/avatar\/37fa0366c180c74da87d58de88ffdc3f?s=96&d=mm&r=g\",\"contentUrl\":\"https:\/\/secure.gravatar.com\/avatar\/37fa0366c180c74da87d58de88ffdc3f?s=96&d=mm&r=g\",\"caption\":\"elmisham\"},\"url\":\"https:\/\/jam-news.net\/az\/author\/elmisham\/\"}]}<\/script>\n<!-- \/ Yoast SEO plugin. -->","yoast_head_json":{"title":"Az\u0259rbaycanda \u00fcnvanl\u0131 sosial yard\u0131m - JAMnews","description":"Az\u0259rbaycanda \u00fcnvanl\u0131 sosial yard\u0131m. DSK-n\u0131n m\u0259lumat\u0131na g\u00f6r\u0259, \u00f6t\u0259n ill\u0259 m\u00fcqayis\u0259d\u0259 yard\u0131m alan ail\u0259l\u0259r 1,4 min, \u015f\u0259xsl\u0259r is\u0259 4 min azal\u0131b.","robots":{"index":"index","follow":"follow","max-snippet":"max-snippet:-1","max-image-preview":"max-image-preview:large","max-video-preview":"max-video-preview:-1"},"canonical":"https:\/\/jam-news.net\/az\/az\u0259rbaycanda-unvanli-sosial-yardim\/","og_locale":"az_AZ","og_type":"article","og_title":"Az\u0259rbaycanda yard\u0131m alanlar da, \u00f6d\u0259ni\u015f d\u0259 azal\u0131r: yoxsulluq azal\u0131r, yoxsa azt\u0259minatl\u0131lar sistemd\u0259n k\u0259narda qal\u0131r?","og_description":"D\u00f6vl\u0259t Statistika Komit\u0259sinin m\u0259lumat\u0131na g\u00f6r\u0259, \u00f6t\u0259n ill\u0259 m\u00fcqayis\u0259d\u0259 yard\u0131m alan ail\u0259l\u0259rin say\u0131 1,4 min, \u015f\u0259xsl\u0259rin say\u0131 is\u0259 4 min azal\u0131b.","og_url":"https:\/\/jam-news.net\/az\/az\u0259rbaycanda-unvanli-sosial-yardim\/","og_site_name":"Azerbaijani Jamnews","article_publisher":"https:\/\/www.facebook.com\/JAMnewsInEnglish\/","article_published_time":"2026-09-03T08:51:40+00:00","article_modified_time":"2026-09-03T09:44:30+00:00","og_image":[{"width":2640,"height":1485,"url":"https:\/\/jam-news.net\/app\/uploads\/2026\/09\/website-format-2026-09-03T104901.757.png","type":"image\/png"}],"author":"elmisham","twitter_card":"summary_large_image","twitter_title":"Az\u0259rbaycanda yard\u0131m alanlar da, \u00f6d\u0259ni\u015f d\u0259 azal\u0131r: yoxsulluq azal\u0131r, yoxsa azt\u0259minatl\u0131lar sistemd\u0259n k\u0259narda qal\u0131r?","twitter_description":"D\u00f6vl\u0259t Statistika Komit\u0259sinin m\u0259lumat\u0131na g\u00f6r\u0259, \u00f6t\u0259n ill\u0259 m\u00fcqayis\u0259d\u0259 yard\u0131m alan ail\u0259l\u0259rin say\u0131 1,4 min, \u015f\u0259xsl\u0259rin say\u0131 is\u0259 4 min azal\u0131b.","twitter_creator":"@JAMnewsCaucasus","twitter_site":"@JAMnewsCaucasus","twitter_misc":{"Written by":"elmisham","Est. reading time":"6 minutes"},"schema":{"@context":"https:\/\/schema.org","@graph":[{"@type":"Article","@id":"https:\/\/jam-news.net\/az\/az%c9%99rbaycanda-unvanli-sosial-yardim\/#article","isPartOf":{"@id":"https:\/\/jam-news.net\/az\/az%c9%99rbaycanda-unvanli-sosial-yardim\/"},"author":{"name":"elmisham","@id":"https:\/\/jam-news.net\/az\/#\/schema\/person\/eb45af4c98a871b32118a93d3d66e159"},"headline":"Az\u0259rbaycanda yard\u0131m alanlar da, \u00f6d\u0259ni\u015f d\u0259 azal\u0131r: yoxsulluq azal\u0131r, yoxsa azt\u0259minatl\u0131lar sistemd\u0259n k\u0259narda qal\u0131r?","datePublished":"2026-09-03T08:51:40+00:00","dateModified":"2026-09-03T09:44:30+00:00","mainEntityOfPage":{"@id":"https:\/\/jam-news.net\/az\/az%c9%99rbaycanda-unvanli-sosial-yardim\/"},"wordCount":1464,"publisher":{"@id":"https:\/\/jam-news.net\/az\/#organization"},"image":{"@id":"https:\/\/jam-news.net\/az\/az%c9%99rbaycanda-unvanli-sosial-yardim\/#primaryimage"},"thumbnailUrl":"https:\/\/jam-news.net\/app\/uploads\/2026\/09\/website-format-2026-09-03T104901.757.png","articleSection":["Azerbaijan","Economics","Explainer","Issues","News"],"inLanguage":"az"},{"@type":"WebPage","@id":"https:\/\/jam-news.net\/az\/az%c9%99rbaycanda-unvanli-sosial-yardim\/","url":"https:\/\/jam-news.net\/az\/az%c9%99rbaycanda-unvanli-sosial-yardim\/","name":"Az\u0259rbaycanda \u00fcnvanl\u0131 sosial yard\u0131m - JAMnews","isPartOf":{"@id":"https:\/\/jam-news.net\/az\/#website"},"primaryImageOfPage":{"@id":"https:\/\/jam-news.net\/az\/az%c9%99rbaycanda-unvanli-sosial-yardim\/#primaryimage"},"image":{"@id":"https:\/\/jam-news.net\/az\/az%c9%99rbaycanda-unvanli-sosial-yardim\/#primaryimage"},"thumbnailUrl":"https:\/\/jam-news.net\/app\/uploads\/2026\/09\/website-format-2026-09-03T104901.757.png","datePublished":"2026-09-03T08:51:40+00:00","dateModified":"2026-09-03T09:44:30+00:00","description":"Az\u0259rbaycanda \u00fcnvanl\u0131 sosial yard\u0131m. DSK-n\u0131n m\u0259lumat\u0131na g\u00f6r\u0259, \u00f6t\u0259n ill\u0259 m\u00fcqayis\u0259d\u0259 yard\u0131m alan ail\u0259l\u0259r 1,4 min, \u015f\u0259xsl\u0259r is\u0259 4 min azal\u0131b.","breadcrumb":{"@id":"https:\/\/jam-news.net\/az\/az%c9%99rbaycanda-unvanli-sosial-yardim\/#breadcrumb"},"inLanguage":"az","potentialAction":[{"@type":"ReadAction","target":["https:\/\/jam-news.net\/az\/az%c9%99rbaycanda-unvanli-sosial-yardim\/"]}]},{"@type":"ImageObject","inLanguage":"az","@id":"https:\/\/jam-news.net\/az\/az%c9%99rbaycanda-unvanli-sosial-yardim\/#primaryimage","url":"https:\/\/jam-news.net\/app\/uploads\/2026\/09\/website-format-2026-09-03T104901.757.png","contentUrl":"https:\/\/jam-news.net\/app\/uploads\/2026\/09\/website-format-2026-09-03T104901.757.png","width":2640,"height":1485,"caption":"Az\u0259rbaycanda \u00fcnvanl\u0131 sosial yard\u0131m"},{"@type":"BreadcrumbList","@id":"https:\/\/jam-news.net\/az\/az%c9%99rbaycanda-unvanli-sosial-yardim\/#breadcrumb","itemListElement":[{"@type":"ListItem","position":1,"name":"Home","item":"https:\/\/jam-news.net\/az\/"},{"@type":"ListItem","position":2,"name":"Az\u0259rbaycanda yard\u0131m alanlar da, \u00f6d\u0259ni\u015f d\u0259 azal\u0131r: yoxsulluq azal\u0131r, yoxsa azt\u0259minatl\u0131lar sistemd\u0259n k\u0259narda qal\u0131r?"}]},{"@type":"WebSite","@id":"https:\/\/jam-news.net\/az\/#website","url":"https:\/\/jam-news.net\/az\/","name":"Azerbaijani Jamnews","description":"Caucasus News, Politics and Society","publisher":{"@id":"https:\/\/jam-news.net\/az\/#organization"},"potentialAction":[{"@type":"SearchAction","target":{"@type":"EntryPoint","urlTemplate":"https:\/\/jam-news.net\/az\/?s={search_term_string}"},"query-input":{"@type":"PropertyValueSpecification","valueRequired":true,"valueName":"search_term_string"}}],"inLanguage":"az"},{"@type":"Organization","@id":"https:\/\/jam-news.net\/az\/#organization","name":"JAMnews","url":"https:\/\/jam-news.net\/az\/","logo":{"@type":"ImageObject","inLanguage":"az","@id":"https:\/\/jam-news.net\/az\/#\/schema\/logo\/image\/","url":"https:\/\/jam-news.net\/app\/uploads\/2020\/05\/JAM_w.jpg","contentUrl":"https:\/\/jam-news.net\/app\/uploads\/2020\/05\/JAM_w.jpg","width":960,"height":960,"caption":"JAMnews"},"image":{"@id":"https:\/\/jam-news.net\/az\/#\/schema\/logo\/image\/"},"sameAs":["https:\/\/www.facebook.com\/JAMnewsInEnglish\/","https:\/\/x.com\/JAMnewsCaucasus","https:\/\/www.instagram.com\/jam_news\/","https:\/\/www.youtube.com\/channel\/UCXQbUCme2pykuZYXWHx4VPg"]},{"@type":"Person","@id":"https:\/\/jam-news.net\/az\/#\/schema\/person\/eb45af4c98a871b32118a93d3d66e159","name":"elmisham","image":{"@type":"ImageObject","inLanguage":"az","@id":"https:\/\/jam-news.net\/az\/#\/schema\/person\/image\/","url":"https:\/\/secure.gravatar.com\/avatar\/37fa0366c180c74da87d58de88ffdc3f?s=96&d=mm&r=g","contentUrl":"https:\/\/secure.gravatar.com\/avatar\/37fa0366c180c74da87d58de88ffdc3f?s=96&d=mm&r=g","caption":"elmisham"},"url":"https:\/\/jam-news.net\/az\/author\/elmisham\/"}]}},"_links":{"self":[{"href":"https:\/\/jam-news.net\/az\/wp-json\/wp\/v2\/posts\/107803","targetHints":{"allow":["GET"]}}],"collection":[{"href":"https:\/\/jam-news.net\/az\/wp-json\/wp\/v2\/posts"}],"about":[{"href":"https:\/\/jam-news.net\/az\/wp-json\/wp\/v2\/types\/post"}],"author":[{"embeddable":true,"href":"https:\/\/jam-news.net\/az\/wp-json\/wp\/v2\/users\/60"}],"replies":[{"embeddable":true,"href":"https:\/\/jam-news.net\/az\/wp-json\/wp\/v2\/comments?post=107803"}],"version-history":[{"count":4,"href":"https:\/\/jam-news.net\/az\/wp-json\/wp\/v2\/posts\/107803\/revisions"}],"predecessor-version":[{"id":107844,"href":"https:\/\/jam-news.net\/az\/wp-json\/wp\/v2\/posts\/107803\/revisions\/107844"}],"wp:featuredmedia":[{"embeddable":true,"href":"https:\/\/jam-news.net\/az\/wp-json\/wp\/v2\/media\/107834"}],"wp:attachment":[{"href":"https:\/\/jam-news.net\/az\/wp-json\/wp\/v2\/media?parent=107803"}],"wp:term":[{"taxonomy":"category","embeddable":true,"href":"https:\/\/jam-news.net\/az\/wp-json\/wp\/v2\/categories?post=107803"},{"taxonomy":"post_tag","embeddable":true,"href":"https:\/\/jam-news.net\/az\/wp-json\/wp\/v2\/tags?post=107803"},{"taxonomy":"formation","embeddable":true,"href":"https:\/\/jam-news.net\/az\/wp-json\/wp\/v2\/formation?post=107803"},{"taxonomy":"post-author","embeddable":true,"href":"https:\/\/jam-news.net\/az\/wp-json\/wp\/v2\/post-author?post=107803"},{"taxonomy":"topic","embeddable":true,"href":"https:\/\/jam-news.net\/az\/wp-json\/wp\/v2\/topic?post=107803"},{"taxonomy":"tooltip","embeddable":true,"href":"https:\/\/jam-news.net\/az\/wp-json\/wp\/v2\/tooltip?post=107803"},{"taxonomy":"city","embeddable":true,"href":"https:\/\/jam-news.net\/az\/wp-json\/wp\/v2\/city?post=107803"}],"curies":[{"name":"wp","href":"https:\/\/api.w.org\/{rel}","templated":true}]}}