{"id":10780,"date":"2019-05-07T00:00:00","date_gmt":"2019-05-07T00:00:00","guid":{"rendered":"http:\/\/jam-news.net\/az\/g%c9%99nc%c9%99-sakinl%c9%99ri-bakida-etiraz-edir\/"},"modified":"2020-03-18T12:25:21","modified_gmt":"2020-03-18T12:25:21","slug":"g%c9%99nc%c9%99-sakinl%c9%99ri-bakida-etiraz-edir","status":"publish","type":"post","link":"https:\/\/jam-news.net\/az\/g%c9%99nc%c9%99-sakinl%c9%99ri-bakida-etiraz-edir\/","title":{"rendered":"G\u0259nc\u0259 sakinl\u0259ri Bak\u0131da etiraz edir"},"content":{"rendered":"<p>G\u0259nc\u0259 i\u011fti\u015fa\u015flar\u0131ndan sonra h\u0259bs olunan g\u0259ncl\u0259rin qohumlar\u0131 paytaxta g\u0259lib, prezident administrasiyas\u0131 qar\u015f\u0131s\u0131nda etiraz aksiyas\u0131 ke\u00e7iribl\u0259r. Onlar m\u0259hbuslara i\u015fg\u0259nc\u0259 ver\u0259n g\u00fcc strukturlar\u0131 t\u0259msil\u00e7il\u0259rinin c\u0259zaland\u0131r\u0131lmas\u0131n\u0131 t\u0259l\u0259b edibl\u0259r.<\/p>\n<p>Polis aksiyan\u0131 da\u011f\u0131d\u0131b, bir ne\u00e7\u0259 i\u015ftirak\u00e7\u0131n\u0131 v\u0259 d\u00f6rd jurnalisti saxlay\u0131b. Bu haqda <a href=\"http:\/\/www.contact.az\/ext\/news\/2019\/5\/free\/Social\/ru\/80773.htm\"><strong><em>Turan<\/em><\/strong><\/a> informasiya agentliyi h\u00fcquq m\u00fcdafi\u0259\u00e7isi Oqtay G\u00fclal\u0131yev\u0259 istinad\u0259n m\u0259lumat yay\u0131b. Bir ne\u00e7\u0259 saatdan sonra \u00fc\u00e7 jurnalist azad edilib.<\/p>\n<h3 style=\"text-align: center;\"><span style=\"color: #000080;\"><strong>G\u0259nc\u0259d\u0259 n\u0259 ba\u015f verib?<\/strong><\/span><\/h3>\n<p>2018-ci il iyulun 3-d\u0259 G\u0259nc\u0259 \u015f\u0259h\u0259ri \u0130cra Hakimiyy\u0259ti ba\u015f\u00e7\u0131s\u0131 Elmar V\u0259liyev\u0259 qar\u015f\u0131 sui-q\u0259sd ba\u015f verib. Yerli sakin Yunis S\u0259f\u0259rov V\u0259liyev v\u0259 m\u00fchafiz\u0259\u00e7isin\u0259 odlu silahdan at\u0259\u015f a\u00e7\u0131b. H\u0259r ikisi sa\u011f qal\u0131b, S\u0259f\u0259rov is\u0259 h\u0259bs edilib.<\/p>\n<p><a href=\"https:\/\/jam-news.net\/g%C9%99nc%C9%99-igtisaslarinda-istirak-ed%C9%99nl%C9%99r-haqda-hokm-cixarilib\/?lang=az-AZ\"><strong><em>\u2022\u00a0<\/em>G\u0259nc\u0259d\u0259ki sui-q\u0259sd v\u0259 n\u0259tic\u0259l\u0259ri haqda t\u0259f\u0259rr\u00fcatlar<\/strong><\/a><\/p>\n<p><a href=\"https:\/\/jam-news.net\/siyasi-m%C9%99hbuslarin-%C9%99fv-olunmasi-bunun-anlami-n%C9%99dir-v%C9%99-n%C9%99yi-d%C9%99yisir\/?lang=az-AZ\"><strong><em>\u2022\u00a0<\/em>Az\u0259rbaycanda siyasi m\u0259hbuslar\u0131n \u0259fv olunmas\u0131: bu, n\u0259 dem\u0259kdir v\u0259 n\u0259yi d\u0259yi\u015fir?<\/strong><\/a><\/p>\n<p>\u0130yulun 10-da G\u0259nc\u0259 \u015f\u0259h\u0259r \u0130cra Hakimiyy\u0259ti binas\u0131n\u0131n qar\u015f\u0131s\u0131nda Yunis S\u0259f\u0259rovun m\u00fcdafi\u0259si m\u0259qs\u0259dil\u0259 etiraz aksiyas\u0131 t\u0259\u015fkil olunub. Aksiyaya 200 n\u0259f\u0259r\u0259 yax\u0131n insan toplan\u0131b. Polis v\u0259 aksiya i\u015ftirak\u00e7\u0131lar\u0131 aras\u0131nda toqqu\u015fma ba\u015f verib, iki polis q\u0259tl\u0259 yetirilib.<\/p>\n<p>Bir ne\u00e7\u0259 g\u00fcn sonra polisl\u0259rin q\u0259tlind\u0259 \u015f\u00fcbh\u0259li bilin\u0259nl\u0259rd\u0259n biri saxlan\u0131lma zaman\u0131 h\u0259lak olub, ikincisi \u00a0\u0259l\u0259 ke\u00e7irilib.<\/p>\n<p>Etiraz aksiyas\u0131n\u0131n t\u0259\u015fkilind\u0259 \u015f\u00fcbh\u0259li bilin\u0259n on n\u0259f\u0259rd\u0259n \u00e7ox \u015f\u0259h\u0259r sakini h\u0259bs olunub. 2019-cu ilin mart\u0131nda onlardan b\u0259zil\u0259ri k\u00fctl\u0259vi i\u011fti\u015fa\u015flar\u0131n t\u0259\u015fkili v\u0259 polis\u0259 m\u00fcqavim\u0259t ittiham\u0131 il\u0259 5 ild\u0259n 8 il\u0259 q\u0259d\u0259r azadl\u0131qdan m\u0259hrum edilib.<\/p>\n<p>2019-cu il aprelin 22-d\u0259 h\u0259bs olunanlar\u0131n do\u011fmalar\u0131 G\u0259nc\u0259d\u0259 etiraz aksiyas\u0131 t\u0259\u015fkil edibl\u0259r, amma polis aksiyan\u0131n \u201cqanunsuz oldu\u011fu v\u0259 ictimai asayi\u015fi pozdu\u011fu\u201d s\u0259b\u0259bil\u0259 buna mane olub.<\/p>\n<h3 style=\"text-align: center;\"><span style=\"color: #000080;\"><strong>H\u0259bs olunanlar\u0131n do\u011fmalar\u0131 n\u0259 t\u0259l\u0259b edir?<\/strong><\/span><\/h3>\n<p>Aksiya i\u015ftirak\u00e7\u0131lar\u0131 hesab edir ki, onlar\u0131n do\u011fmalar\u0131 \u0259dal\u0259tsiz olaraq h\u0259bs edilib v\u0259 i\u015fg\u0259nc\u0259y\u0259 m\u0259ruz qal\u0131b. Bak\u0131da ke\u00e7irdikl\u0259ri etiraz aksiyas\u0131na onlar \u201cG\u0259nc\u0259 i\u015fi\u201d \u00fczr\u0259 istintaq qrupunun r\u0259hb\u0259rinin v\u0259 onlar\u0131n fikrinc\u0259, i\u015fg\u0259nc\u0259l\u0259rd\u0259 i\u015ftirak ed\u0259n dig\u0259r h\u00fcquq-m\u00fchafiz\u0259\u00e7il\u0259rinin fotolar\u0131n\u0131 da g\u0259tiribl\u0259r.<\/p>\n<p><div class=\"su-divider su-divider-style-default\" style=\"margin:15px 0;border-width:3px;border-color:#999999\"><a href=\"#\" style=\"color:#999999\">Go to top<\/a><\/div> <\/p>\n<p><\/p>\n","protected":false},"excerpt":{"rendered":"<p>Onlar h\u0259bsxanada do\u011fmalar\u0131na i\u015fg\u0259nc\u0259 ver\u0259n g\u00fcc strukturlar\u0131 n\u00fcmay\u0259nd\u0259l\u0259rinin c\u0259zaland\u0131r\u0131lmas\u0131n\u0131 t\u0259l\u0259b edirl\u0259r<\/p>\n","protected":false},"author":3,"featured_media":22141,"comment_status":"open","ping_status":"open","sticky":false,"template":"","format":"standard","meta":{"_acf_changed":false,"footnotes":""},"categories":[17,2,50],"tags":[18,256,257,93,258,94,95,259,260,261,262,263,204,101,146,147,148,96,152,153,57,58,154,155,157],"formation":[],"post-author":[],"topic":[],"tooltip":[],"city":[],"class_list":["post-10780","post","type-post","status-publish","format-standard","has-post-thumbnail","hentry","category-azrbaycan","category-cografiya","category-xbrlr","tag-azrbaycan","tag-azrbaycan-bu-gun","tag-azrbaycan-trafinda-xbrlr","tag-azrbaycan-harada-yerlsir","tag-azrbaycan-hokumti","tag-azrbaycan-xbrlri","tag-azrbaycanda-hara-sfr-etmli","tag-azrbaycanda-n-bas-verir","tag-azrbaycanda-siyast","tag-azrbaycanda-vziyyt","tag-azrbaycandan-hekaylr","tag-azrbaycandan-xbrlr","tag-baki","tag-qafqaz","tag-qafqaz-bu-gun","tag-qafqaz-cmiyyti","tag-qafqaz-trafinda-xbrlr","tag-qafqaz-iqtisadiyyati","tag-qafqaz-xbrlri","tag-qafqazda-hyat","tag-qafqazda-siyast","tag-qafqazdaki-munaqislr","tag-qafqazin-tarixi","tag-rngli-qafqaz","tag-xbrlr"],"acf":[],"yoast_head":"<!-- This site is optimized with the Yoast SEO plugin v24.1 - https:\/\/yoast.com\/wordpress\/plugins\/seo\/ -->\n<title>G\u0259nc\u0259 sakinl\u0259ri Bak\u0131da etiraz edir - JAMnews<\/title>\n<meta name=\"robots\" content=\"index, follow, max-snippet:-1, max-image-preview:large, max-video-preview:-1\" \/>\n<link rel=\"canonical\" href=\"https:\/\/jam-news.net\/az\/g\u0259nc\u0259-sakinl\u0259ri-bakida-etiraz-edir\/\" \/>\n<meta property=\"og:locale\" content=\"az_AZ\" \/>\n<meta property=\"og:type\" content=\"article\" \/>\n<meta property=\"og:title\" content=\"G\u0259nc\u0259 sakinl\u0259ri Bak\u0131da etiraz edir - JAMnews\" \/>\n<meta property=\"og:description\" content=\"Onlar h\u0259bsxanada do\u011fmalar\u0131na i\u015fg\u0259nc\u0259 ver\u0259n g\u00fcc strukturlar\u0131 n\u00fcmay\u0259nd\u0259l\u0259rinin c\u0259zaland\u0131r\u0131lmas\u0131n\u0131 t\u0259l\u0259b edirl\u0259r\" \/>\n<meta property=\"og:url\" content=\"https:\/\/jam-news.net\/az\/g\u0259nc\u0259-sakinl\u0259ri-bakida-etiraz-edir\/\" \/>\n<meta property=\"og:site_name\" content=\"Azerbaijani Jamnews\" \/>\n<meta property=\"article:publisher\" content=\"https:\/\/www.facebook.com\/JAMnewsInEnglish\/\" \/>\n<meta property=\"article:published_time\" content=\"2019-05-07T00:00:00+00:00\" \/>\n<meta property=\"article:modified_time\" content=\"2020-03-18T12:25:21+00:00\" \/>\n<meta property=\"og:image\" content=\"https:\/\/jam-news.net\/app\/uploads\/2020\/03\/59535574_2228107257235944_8802084694859448320_n-3.jpg\" \/>\n\t<meta property=\"og:image:width\" content=\"1211\" \/>\n\t<meta property=\"og:image:height\" content=\"338\" \/>\n\t<meta property=\"og:image:type\" content=\"image\/jpeg\" \/>\n<meta name=\"author\" content=\"JAMnews\" \/>\n<meta name=\"twitter:card\" content=\"summary_large_image\" \/>\n<meta name=\"twitter:creator\" content=\"@JAMnewsCaucasus\" \/>\n<meta name=\"twitter:site\" content=\"@JAMnewsCaucasus\" \/>\n<meta name=\"twitter:label1\" content=\"Written by\" \/>\n\t<meta name=\"twitter:data1\" content=\"JAMnews\" \/>\n\t<meta name=\"twitter:label2\" content=\"Est. reading time\" \/>\n\t<meta name=\"twitter:data2\" content=\"2 minutes\" \/>\n<script type=\"application\/ld+json\" class=\"yoast-schema-graph\">{\"@context\":\"https:\/\/schema.org\",\"@graph\":[{\"@type\":\"Article\",\"@id\":\"https:\/\/jam-news.net\/az\/g%c9%99nc%c9%99-sakinl%c9%99ri-bakida-etiraz-edir\/#article\",\"isPartOf\":{\"@id\":\"https:\/\/jam-news.net\/az\/g%c9%99nc%c9%99-sakinl%c9%99ri-bakida-etiraz-edir\/\"},\"author\":{\"name\":\"JAMnews\",\"@id\":\"https:\/\/jam-news.net\/az\/#\/schema\/person\/67df3bb7adb46cd513fb9c4cb02361c6\"},\"headline\":\"G\u0259nc\u0259 sakinl\u0259ri Bak\u0131da etiraz edir\",\"datePublished\":\"2019-05-07T00:00:00+00:00\",\"dateModified\":\"2020-03-18T12:25:21+00:00\",\"mainEntityOfPage\":{\"@id\":\"https:\/\/jam-news.net\/az\/g%c9%99nc%c9%99-sakinl%c9%99ri-bakida-etiraz-edir\/\"},\"wordCount\":474,\"commentCount\":0,\"publisher\":{\"@id\":\"https:\/\/jam-news.net\/az\/#organization\"},\"image\":{\"@id\":\"https:\/\/jam-news.net\/az\/g%c9%99nc%c9%99-sakinl%c9%99ri-bakida-etiraz-edir\/#primaryimage\"},\"thumbnailUrl\":\"https:\/\/jam-news.net\/app\/uploads\/2020\/03\/59535574_2228107257235944_8802084694859448320_n-3.jpg\",\"keywords\":[\"Az\u0259rbaycan\",\"Az\u0259rbaycan bu g\u00fcn\",\"Az\u0259rbaycan \u0259traf\u0131nda x\u0259b\u0259rl\u0259r\",\"Az\u0259rbaycan harada yerl\u0259\u015fir\",\"Az\u0259rbaycan h\u00f6kum\u0259ti\",\"Az\u0259rbaycan x\u0259b\u0259rl\u0259ri\",\"Az\u0259rbaycanda hara s\u0259f\u0259r etm\u0259li\",\"Az\u0259rbaycanda n\u0259 ba\u015f verir\",\"Az\u0259rbaycanda siyas\u0259t\",\"Az\u0259rbaycanda v\u0259ziyy\u0259t\",\"Az\u0259rbaycandan hekay\u0259l\u0259r\",\"Az\u0259rbaycandan x\u0259b\u0259rl\u0259r\",\"Bak\u0131\",\"Qafqaz\",\"Qafqaz bu g\u00fcn\",\"Qafqaz c\u0259miyy\u0259ti\",\"Qafqaz \u0259traf\u0131nda x\u0259b\u0259rl\u0259r\",\"Qafqaz iqtisadiyyat\u0131\",\"Qafqaz x\u0259b\u0259rl\u0259ri\",\"Qafqazda h\u0259yat\",\"Qafqazda siyas\u0259t\",\"Qafqazdak\u0131 m\u00fcnaqi\u015f\u0259l\u0259r\",\"Qafqaz\u0131n tarixi\",\"r\u0259ngli Qafqaz\",\"X\u0259b\u0259rl\u0259r\"],\"articleSection\":[\"Azerbaijan\",\"Geography\",\"News\"],\"inLanguage\":\"az\"},{\"@type\":\"WebPage\",\"@id\":\"https:\/\/jam-news.net\/az\/g%c9%99nc%c9%99-sakinl%c9%99ri-bakida-etiraz-edir\/\",\"url\":\"https:\/\/jam-news.net\/az\/g%c9%99nc%c9%99-sakinl%c9%99ri-bakida-etiraz-edir\/\",\"name\":\"G\u0259nc\u0259 sakinl\u0259ri Bak\u0131da etiraz edir - JAMnews\",\"isPartOf\":{\"@id\":\"https:\/\/jam-news.net\/az\/#website\"},\"primaryImageOfPage\":{\"@id\":\"https:\/\/jam-news.net\/az\/g%c9%99nc%c9%99-sakinl%c9%99ri-bakida-etiraz-edir\/#primaryimage\"},\"image\":{\"@id\":\"https:\/\/jam-news.net\/az\/g%c9%99nc%c9%99-sakinl%c9%99ri-bakida-etiraz-edir\/#primaryimage\"},\"thumbnailUrl\":\"https:\/\/jam-news.net\/app\/uploads\/2020\/03\/59535574_2228107257235944_8802084694859448320_n-3.jpg\",\"datePublished\":\"2019-05-07T00:00:00+00:00\",\"dateModified\":\"2020-03-18T12:25:21+00:00\",\"breadcrumb\":{\"@id\":\"https:\/\/jam-news.net\/az\/g%c9%99nc%c9%99-sakinl%c9%99ri-bakida-etiraz-edir\/#breadcrumb\"},\"inLanguage\":\"az\",\"potentialAction\":[{\"@type\":\"ReadAction\",\"target\":[\"https:\/\/jam-news.net\/az\/g%c9%99nc%c9%99-sakinl%c9%99ri-bakida-etiraz-edir\/\"]}]},{\"@type\":\"ImageObject\",\"inLanguage\":\"az\",\"@id\":\"https:\/\/jam-news.net\/az\/g%c9%99nc%c9%99-sakinl%c9%99ri-bakida-etiraz-edir\/#primaryimage\",\"url\":\"https:\/\/jam-news.net\/app\/uploads\/2020\/03\/59535574_2228107257235944_8802084694859448320_n-3.jpg\",\"contentUrl\":\"https:\/\/jam-news.net\/app\/uploads\/2020\/03\/59535574_2228107257235944_8802084694859448320_n-3.jpg\",\"width\":1211,\"height\":338},{\"@type\":\"BreadcrumbList\",\"@id\":\"https:\/\/jam-news.net\/az\/g%c9%99nc%c9%99-sakinl%c9%99ri-bakida-etiraz-edir\/#breadcrumb\",\"itemListElement\":[{\"@type\":\"ListItem\",\"position\":1,\"name\":\"Home\",\"item\":\"https:\/\/jam-news.net\/az\/\"},{\"@type\":\"ListItem\",\"position\":2,\"name\":\"G\u0259nc\u0259 sakinl\u0259ri Bak\u0131da etiraz edir\"}]},{\"@type\":\"WebSite\",\"@id\":\"https:\/\/jam-news.net\/az\/#website\",\"url\":\"https:\/\/jam-news.net\/az\/\",\"name\":\"Azerbaijani Jamnews\",\"description\":\"Caucasus News, Politics and Society\",\"publisher\":{\"@id\":\"https:\/\/jam-news.net\/az\/#organization\"},\"potentialAction\":[{\"@type\":\"SearchAction\",\"target\":{\"@type\":\"EntryPoint\",\"urlTemplate\":\"https:\/\/jam-news.net\/az\/?s={search_term_string}\"},\"query-input\":{\"@type\":\"PropertyValueSpecification\",\"valueRequired\":true,\"valueName\":\"search_term_string\"}}],\"inLanguage\":\"az\"},{\"@type\":\"Organization\",\"@id\":\"https:\/\/jam-news.net\/az\/#organization\",\"name\":\"JAMnews\",\"url\":\"https:\/\/jam-news.net\/az\/\",\"logo\":{\"@type\":\"ImageObject\",\"inLanguage\":\"az\",\"@id\":\"https:\/\/jam-news.net\/az\/#\/schema\/logo\/image\/\",\"url\":\"https:\/\/jam-news.net\/app\/uploads\/2020\/05\/JAM_w.jpg\",\"contentUrl\":\"https:\/\/jam-news.net\/app\/uploads\/2020\/05\/JAM_w.jpg\",\"width\":960,\"height\":960,\"caption\":\"JAMnews\"},\"image\":{\"@id\":\"https:\/\/jam-news.net\/az\/#\/schema\/logo\/image\/\"},\"sameAs\":[\"https:\/\/www.facebook.com\/JAMnewsInEnglish\/\",\"https:\/\/x.com\/JAMnewsCaucasus\",\"https:\/\/www.instagram.com\/jam_news\/\",\"https:\/\/www.youtube.com\/channel\/UCXQbUCme2pykuZYXWHx4VPg\"]},{\"@type\":\"Person\",\"@id\":\"https:\/\/jam-news.net\/az\/#\/schema\/person\/67df3bb7adb46cd513fb9c4cb02361c6\",\"name\":\"JAMnews\",\"image\":{\"@type\":\"ImageObject\",\"inLanguage\":\"az\",\"@id\":\"https:\/\/jam-news.net\/az\/#\/schema\/person\/image\/\",\"url\":\"https:\/\/secure.gravatar.com\/avatar\/e5c27593ef900c3ab3deed4ed1c653d7?s=96&d=mm&r=g\",\"contentUrl\":\"https:\/\/secure.gravatar.com\/avatar\/e5c27593ef900c3ab3deed4ed1c653d7?s=96&d=mm&r=g\",\"caption\":\"JAMnews\"},\"url\":\"https:\/\/jam-news.net\/az\/author\/margarita\/\"}]}<\/script>\n<!-- \/ Yoast SEO plugin. -->","yoast_head_json":{"title":"G\u0259nc\u0259 sakinl\u0259ri Bak\u0131da etiraz edir - JAMnews","robots":{"index":"index","follow":"follow","max-snippet":"max-snippet:-1","max-image-preview":"max-image-preview:large","max-video-preview":"max-video-preview:-1"},"canonical":"https:\/\/jam-news.net\/az\/g\u0259nc\u0259-sakinl\u0259ri-bakida-etiraz-edir\/","og_locale":"az_AZ","og_type":"article","og_title":"G\u0259nc\u0259 sakinl\u0259ri Bak\u0131da etiraz edir - JAMnews","og_description":"Onlar h\u0259bsxanada do\u011fmalar\u0131na i\u015fg\u0259nc\u0259 ver\u0259n g\u00fcc strukturlar\u0131 n\u00fcmay\u0259nd\u0259l\u0259rinin c\u0259zaland\u0131r\u0131lmas\u0131n\u0131 t\u0259l\u0259b edirl\u0259r","og_url":"https:\/\/jam-news.net\/az\/g\u0259nc\u0259-sakinl\u0259ri-bakida-etiraz-edir\/","og_site_name":"Azerbaijani Jamnews","article_publisher":"https:\/\/www.facebook.com\/JAMnewsInEnglish\/","article_published_time":"2019-05-07T00:00:00+00:00","article_modified_time":"2020-03-18T12:25:21+00:00","og_image":[{"width":1211,"height":338,"url":"https:\/\/jam-news.net\/app\/uploads\/2020\/03\/59535574_2228107257235944_8802084694859448320_n-3.jpg","type":"image\/jpeg"}],"author":"JAMnews","twitter_card":"summary_large_image","twitter_creator":"@JAMnewsCaucasus","twitter_site":"@JAMnewsCaucasus","twitter_misc":{"Written by":"JAMnews","Est. reading time":"2 minutes"},"schema":{"@context":"https:\/\/schema.org","@graph":[{"@type":"Article","@id":"https:\/\/jam-news.net\/az\/g%c9%99nc%c9%99-sakinl%c9%99ri-bakida-etiraz-edir\/#article","isPartOf":{"@id":"https:\/\/jam-news.net\/az\/g%c9%99nc%c9%99-sakinl%c9%99ri-bakida-etiraz-edir\/"},"author":{"name":"JAMnews","@id":"https:\/\/jam-news.net\/az\/#\/schema\/person\/67df3bb7adb46cd513fb9c4cb02361c6"},"headline":"G\u0259nc\u0259 sakinl\u0259ri Bak\u0131da etiraz edir","datePublished":"2019-05-07T00:00:00+00:00","dateModified":"2020-03-18T12:25:21+00:00","mainEntityOfPage":{"@id":"https:\/\/jam-news.net\/az\/g%c9%99nc%c9%99-sakinl%c9%99ri-bakida-etiraz-edir\/"},"wordCount":474,"commentCount":0,"publisher":{"@id":"https:\/\/jam-news.net\/az\/#organization"},"image":{"@id":"https:\/\/jam-news.net\/az\/g%c9%99nc%c9%99-sakinl%c9%99ri-bakida-etiraz-edir\/#primaryimage"},"thumbnailUrl":"https:\/\/jam-news.net\/app\/uploads\/2020\/03\/59535574_2228107257235944_8802084694859448320_n-3.jpg","keywords":["Az\u0259rbaycan","Az\u0259rbaycan bu g\u00fcn","Az\u0259rbaycan \u0259traf\u0131nda x\u0259b\u0259rl\u0259r","Az\u0259rbaycan harada yerl\u0259\u015fir","Az\u0259rbaycan h\u00f6kum\u0259ti","Az\u0259rbaycan x\u0259b\u0259rl\u0259ri","Az\u0259rbaycanda hara s\u0259f\u0259r etm\u0259li","Az\u0259rbaycanda n\u0259 ba\u015f verir","Az\u0259rbaycanda siyas\u0259t","Az\u0259rbaycanda v\u0259ziyy\u0259t","Az\u0259rbaycandan hekay\u0259l\u0259r","Az\u0259rbaycandan x\u0259b\u0259rl\u0259r","Bak\u0131","Qafqaz","Qafqaz bu g\u00fcn","Qafqaz c\u0259miyy\u0259ti","Qafqaz \u0259traf\u0131nda x\u0259b\u0259rl\u0259r","Qafqaz iqtisadiyyat\u0131","Qafqaz x\u0259b\u0259rl\u0259ri","Qafqazda h\u0259yat","Qafqazda siyas\u0259t","Qafqazdak\u0131 m\u00fcnaqi\u015f\u0259l\u0259r","Qafqaz\u0131n tarixi","r\u0259ngli Qafqaz","X\u0259b\u0259rl\u0259r"],"articleSection":["Azerbaijan","Geography","News"],"inLanguage":"az"},{"@type":"WebPage","@id":"https:\/\/jam-news.net\/az\/g%c9%99nc%c9%99-sakinl%c9%99ri-bakida-etiraz-edir\/","url":"https:\/\/jam-news.net\/az\/g%c9%99nc%c9%99-sakinl%c9%99ri-bakida-etiraz-edir\/","name":"G\u0259nc\u0259 sakinl\u0259ri Bak\u0131da etiraz edir - JAMnews","isPartOf":{"@id":"https:\/\/jam-news.net\/az\/#website"},"primaryImageOfPage":{"@id":"https:\/\/jam-news.net\/az\/g%c9%99nc%c9%99-sakinl%c9%99ri-bakida-etiraz-edir\/#primaryimage"},"image":{"@id":"https:\/\/jam-news.net\/az\/g%c9%99nc%c9%99-sakinl%c9%99ri-bakida-etiraz-edir\/#primaryimage"},"thumbnailUrl":"https:\/\/jam-news.net\/app\/uploads\/2020\/03\/59535574_2228107257235944_8802084694859448320_n-3.jpg","datePublished":"2019-05-07T00:00:00+00:00","dateModified":"2020-03-18T12:25:21+00:00","breadcrumb":{"@id":"https:\/\/jam-news.net\/az\/g%c9%99nc%c9%99-sakinl%c9%99ri-bakida-etiraz-edir\/#breadcrumb"},"inLanguage":"az","potentialAction":[{"@type":"ReadAction","target":["https:\/\/jam-news.net\/az\/g%c9%99nc%c9%99-sakinl%c9%99ri-bakida-etiraz-edir\/"]}]},{"@type":"ImageObject","inLanguage":"az","@id":"https:\/\/jam-news.net\/az\/g%c9%99nc%c9%99-sakinl%c9%99ri-bakida-etiraz-edir\/#primaryimage","url":"https:\/\/jam-news.net\/app\/uploads\/2020\/03\/59535574_2228107257235944_8802084694859448320_n-3.jpg","contentUrl":"https:\/\/jam-news.net\/app\/uploads\/2020\/03\/59535574_2228107257235944_8802084694859448320_n-3.jpg","width":1211,"height":338},{"@type":"BreadcrumbList","@id":"https:\/\/jam-news.net\/az\/g%c9%99nc%c9%99-sakinl%c9%99ri-bakida-etiraz-edir\/#breadcrumb","itemListElement":[{"@type":"ListItem","position":1,"name":"Home","item":"https:\/\/jam-news.net\/az\/"},{"@type":"ListItem","position":2,"name":"G\u0259nc\u0259 sakinl\u0259ri Bak\u0131da etiraz edir"}]},{"@type":"WebSite","@id":"https:\/\/jam-news.net\/az\/#website","url":"https:\/\/jam-news.net\/az\/","name":"Azerbaijani Jamnews","description":"Caucasus News, Politics and Society","publisher":{"@id":"https:\/\/jam-news.net\/az\/#organization"},"potentialAction":[{"@type":"SearchAction","target":{"@type":"EntryPoint","urlTemplate":"https:\/\/jam-news.net\/az\/?s={search_term_string}"},"query-input":{"@type":"PropertyValueSpecification","valueRequired":true,"valueName":"search_term_string"}}],"inLanguage":"az"},{"@type":"Organization","@id":"https:\/\/jam-news.net\/az\/#organization","name":"JAMnews","url":"https:\/\/jam-news.net\/az\/","logo":{"@type":"ImageObject","inLanguage":"az","@id":"https:\/\/jam-news.net\/az\/#\/schema\/logo\/image\/","url":"https:\/\/jam-news.net\/app\/uploads\/2020\/05\/JAM_w.jpg","contentUrl":"https:\/\/jam-news.net\/app\/uploads\/2020\/05\/JAM_w.jpg","width":960,"height":960,"caption":"JAMnews"},"image":{"@id":"https:\/\/jam-news.net\/az\/#\/schema\/logo\/image\/"},"sameAs":["https:\/\/www.facebook.com\/JAMnewsInEnglish\/","https:\/\/x.com\/JAMnewsCaucasus","https:\/\/www.instagram.com\/jam_news\/","https:\/\/www.youtube.com\/channel\/UCXQbUCme2pykuZYXWHx4VPg"]},{"@type":"Person","@id":"https:\/\/jam-news.net\/az\/#\/schema\/person\/67df3bb7adb46cd513fb9c4cb02361c6","name":"JAMnews","image":{"@type":"ImageObject","inLanguage":"az","@id":"https:\/\/jam-news.net\/az\/#\/schema\/person\/image\/","url":"https:\/\/secure.gravatar.com\/avatar\/e5c27593ef900c3ab3deed4ed1c653d7?s=96&d=mm&r=g","contentUrl":"https:\/\/secure.gravatar.com\/avatar\/e5c27593ef900c3ab3deed4ed1c653d7?s=96&d=mm&r=g","caption":"JAMnews"},"url":"https:\/\/jam-news.net\/az\/author\/margarita\/"}]}},"_links":{"self":[{"href":"https:\/\/jam-news.net\/az\/wp-json\/wp\/v2\/posts\/10780","targetHints":{"allow":["GET"]}}],"collection":[{"href":"https:\/\/jam-news.net\/az\/wp-json\/wp\/v2\/posts"}],"about":[{"href":"https:\/\/jam-news.net\/az\/wp-json\/wp\/v2\/types\/post"}],"author":[{"embeddable":true,"href":"https:\/\/jam-news.net\/az\/wp-json\/wp\/v2\/users\/3"}],"replies":[{"embeddable":true,"href":"https:\/\/jam-news.net\/az\/wp-json\/wp\/v2\/comments?post=10780"}],"version-history":[{"count":1,"href":"https:\/\/jam-news.net\/az\/wp-json\/wp\/v2\/posts\/10780\/revisions"}],"predecessor-version":[{"id":16946,"href":"https:\/\/jam-news.net\/az\/wp-json\/wp\/v2\/posts\/10780\/revisions\/16946"}],"wp:featuredmedia":[{"embeddable":true,"href":"https:\/\/jam-news.net\/az\/wp-json\/wp\/v2\/media\/22141"}],"wp:attachment":[{"href":"https:\/\/jam-news.net\/az\/wp-json\/wp\/v2\/media?parent=10780"}],"wp:term":[{"taxonomy":"category","embeddable":true,"href":"https:\/\/jam-news.net\/az\/wp-json\/wp\/v2\/categories?post=10780"},{"taxonomy":"post_tag","embeddable":true,"href":"https:\/\/jam-news.net\/az\/wp-json\/wp\/v2\/tags?post=10780"},{"taxonomy":"formation","embeddable":true,"href":"https:\/\/jam-news.net\/az\/wp-json\/wp\/v2\/formation?post=10780"},{"taxonomy":"post-author","embeddable":true,"href":"https:\/\/jam-news.net\/az\/wp-json\/wp\/v2\/post-author?post=10780"},{"taxonomy":"topic","embeddable":true,"href":"https:\/\/jam-news.net\/az\/wp-json\/wp\/v2\/topic?post=10780"},{"taxonomy":"tooltip","embeddable":true,"href":"https:\/\/jam-news.net\/az\/wp-json\/wp\/v2\/tooltip?post=10780"},{"taxonomy":"city","embeddable":true,"href":"https:\/\/jam-news.net\/az\/wp-json\/wp\/v2\/city?post=10780"}],"curies":[{"name":"wp","href":"https:\/\/api.w.org\/{rel}","templated":true}]}}