{"id":107791,"date":"2026-09-01T16:21:32","date_gmt":"2026-09-01T12:21:32","guid":{"rendered":"https:\/\/jam-news.net\/az\/?p=107791"},"modified":"2026-09-01T16:21:34","modified_gmt":"2026-09-01T12:21:34","slug":"az%c9%99rbaycanin-xarici-media-il%c9%99-qarsidurmasi","status":"publish","type":"post","link":"https:\/\/jam-news.net\/az\/az%c9%99rbaycanin-xarici-media-il%c9%99-qarsidurmasi\/","title":{"rendered":"Siyasi m\u0259hbuslar, \u018fli K\u0259rimli v\u0259 Qaraba\u011f filmi: Bak\u0131 niy\u0259 f\u0259rqli materiallar\u0131 vahid \u201cinformasiya kampaniyas\u0131\u201d say\u0131r?"},"content":{"rendered":"\n<p style=\"font-size:11px\"><strong><em>Az\u0259rbaycan\u0131n xarici media il\u0259 qar\u015f\u0131durmas\u0131<\/em><\/strong><\/p>\n\n\n\n<p>D\u00fcnya m\u0259tbuat\u0131nda <a href=\"https:\/\/jam-news.net\/az\/category\/cografiya\/az%c9%99rbaycan\/\" target=\"_blank\" rel=\"noreferrer noopener\">Az\u0259rbaycan<\/a> haqq\u0131nda d\u00f6rd m\u00fcxt\u0259lif media material\u0131 yay\u0131mlan\u0131b: Pol\u015fa ictimai televiziyas\u0131 &#8211; &#8220;TVP World&#8221;\u00fcn siyasi repressiyalar bar\u0259d\u0259 proqram\u0131, \u201cThe Independent\u201din \u018fli K\u0259rimlinin saxlanma \u015f\u0259raiti haqq\u0131nda x\u0259b\u0259ri, BBC-nin siyasi m\u0259hbuslarla ba\u011fl\u0131 m\u0259lumat t\u0259hlili v\u0259 \u201cThe Guardian\u201d\u0131n Qaraba\u011f haqq\u0131nda s\u0259n\u0259dli film\u0259 resenziyas\u0131.<\/p>\n\n\n\n<p>Bak\u0131 bunlara iki r\u0259smi cavab verib. &#8220;TVP World&#8221;\u00fcn proqram\u0131na g\u00f6r\u0259 Pol\u015fa s\u0259firi X\u0130N-\u0259 \u00e7a\u011f\u0131r\u0131l\u0131b v\u0259 etiraz notas\u0131 al\u0131b. Dig\u0259r \u00fc\u00e7 material is\u0259 Median\u0131n \u0130nki\u015faf\u0131 Agentliyinin b\u0259yanat\u0131nda eyni \u201cm\u0259qs\u0259dli informasiya kampaniyas\u0131\u201dn\u0131n m\u00fcmk\u00fcn hiss\u0259l\u0259ri kimi t\u0259qdim olunub.<\/p>\n\n\n\n<p>Materiallar\u0131 ayr\u0131-ayr\u0131l\u0131qda oxuduqda is\u0259 onlar\u0131n n\u0259 m\u00f6vzusu, n\u0259 janr\u0131, n\u0259 d\u0259 \u0259sas m\u0259nb\u0259l\u0259ri eynidir.<\/p>\n\n\n<article class=\"single-card uk-flex uk-flex-between m-b-sm-40\">\n\n  <div class=\"uk-grid wi-full-width\">\n\n    <div class=\"uk-width-2-3 p-t-sm-10\">\n      <a href=\"https:\/\/jam-news.net\/az\/euronews-bakida-numayendelik-acir\/\" target=\"_blank\">\n\n\n\n\n\n        <h2 class=\"m-b-sm-23 wi-merriweather-light\">\n\t&quot;Euronews&quot; Bak\u0131da n\u00fcmay\u0259nd\u0259lik a\u00e7\u0131r: Yerli jurnalistl\u0259r d\u00fc\u015f\u00fcn\u00fcr ki, h\u00f6kum\u0259t bu mediada &quot;t\u0259hdid&quot; g\u00f6rm\u00fcr\n<\/h2>\n\n        <p class=\"paragraph-color-2 m-b-sm-10 m-b-xs-7\">\n  Az\u0259rbaycanl\u0131 m\u00fcst\u0259qil jurnalistl\u0259r bunu h\u00f6k\u00fcm\u0259tin m\u00fcst\u0259qil median\u0131 bo\u011fmaq siyas\u0259tinin davam\u0131 kimi g\u00f6r\u00fcr.\n<\/p>\n      <\/a>\n    <\/div>\n    <div class=\"uk-width-1-3\">\n      <figure class=\"wi-full-height choose-post__img wi-merriweather-light\">\n  <a class=\"\" href=\"https:\/\/jam-news.net\/az\/euronews-bakida-numayendelik-acir\/\">\n    <img decoding=\"async\" class=\"wi-full-height wi-ratio-img\" src=\"https:\/\/jam-news.net\/app\/uploads\/2025\/11\/website-format-2025-11-18T213414.873.png\" alt=\"&quot;Euronews&quot; Bak\u0131da n\u00fcmay\u0259nd\u0259lik a\u00e7\u0131r\" uk-img \/>\n  <\/a>\n<\/figure>\n    <\/div>\n  <\/div>\n<\/article>\n\n\n\n<h2 class=\"wp-block-heading\">TVP: xarici u\u011fur v\u0259 daxili repressiya<\/h2>\n\n\n\n<p>&#8220;TVP World&#8221;\u00fcn avqustun 26-da yay\u0131mlad\u0131\u011f\u0131 <a href=\"https:\/\/www.youtube.com\/watch?v=N8pkqP7J5BM\" target=\"_blank\" rel=\"noreferrer noopener\">\u201cAz\u0259rbaycan\u0131n s\u00fclh\u00fc repressiyalarla m\u00fc\u015fayi\u0259t olunur\u201d<\/a> proqram\u0131n\u0131n \u0259sas sual\u0131 Bak\u0131n\u0131n beyn\u0259lxalq t\u0259siri artd\u0131\u011f\u0131 halda \u00f6lk\u0259 daxilind\u0259 siyasi m\u0259kan\u0131n niy\u0259 daralmas\u0131d\u0131r.<\/p>\n\n\n\n<p>Verili\u015fd\u0259 &#8220;<a href=\"https:\/\/jam-news.net\/az\/topic\/abzas-media-isi\/\" target=\"_blank\" rel=\"noreferrer noopener\">AbzasMedia<\/a>&#8220;, &#8220;<a href=\"https:\/\/jam-news.net\/az\/topic\/meydan-tv-isi\/\" target=\"_blank\" rel=\"noreferrer noopener\">Meydan TV<\/a>&#8221; v\u0259 &#8220;Toplum TV&#8221; jurnalistl\u0259rinin h\u0259bsi, m\u00fcxalifl\u0259r\u0259, f\u0259allara v\u0259 t\u0259dqiqat\u00e7\u0131lara qar\u015f\u0131 cinay\u0259t i\u015fl\u0259ri m\u00fczakir\u0259 olunur. Apar\u0131c\u0131 Benjamin Lee v\u0259 \u0130PEK M\u0259rk\u0259zinin direktor m\u00fcavini T\u00fcrkan Bozkurt neft g\u0259lirl\u0259rind\u0259n, hakimiyy\u0259tin ail\u0259 daxilind\u0259 \u00f6t\u00fcr\u00fclm\u0259sind\u0259n, Qaraba\u011f q\u0259l\u0259b\u0259sinin <a href=\"https:\/\/jam-news.net\/az\/topic\/ilham-%c9%99liyev\/\" target=\"_blank\" rel=\"noreferrer noopener\">\u0130lham \u018fliyev\u0259<\/a> verdiyi legitimlikd\u0259n, Q\u0259rbl\u0259 m\u00fcnasib\u0259tl\u0259rd\u0259n v\u0259 milli azl\u0131qlardan dan\u0131\u015f\u0131rlar.<\/p>\n\n\n\n<p>Az\u0259rbaycan X\u0130N proqram\u0131 q\u0259r\u0259zli, apar\u0131c\u0131n\u0131n davran\u0131\u015f\u0131n\u0131 is\u0259 t\u0259xribat\u00e7\u0131 adland\u0131r\u0131b. D\u00f6vl\u0259t b\u00fcdc\u0259sind\u0259n maliyy\u0259l\u0259\u015f\u0259n TVP-nin yay\u0131m\u0131 Pol\u015fa d\u00f6vl\u0259tinin m\u00f6vqeyi il\u0259 \u0259laq\u0259l\u0259ndirilib v\u0259 <a href=\"https:\/\/mfa.gov.az\/az\/news\/no34326\" target=\"_blank\" rel=\"noreferrer noopener\">\u201cqeyri-dost add\u0131m\u201d kimi qiym\u0259tl\u0259ndirilib<\/a>.<\/p>\n\n\n<article class=\"single-card uk-flex uk-flex-between m-b-sm-40\">\n\n  <div class=\"uk-grid wi-full-width\">\n\n    <div class=\"uk-width-2-3 p-t-sm-10\">\n      <a href=\"https:\/\/jam-news.net\/az\/meydan-tv-m%c9%99hk%c9%99m%c9%99sind%c9%99-s%c9%99rb%c9%99st-ifad%c9%99l%c9%99r\/\" target=\"_blank\">\n\n\n\n\n\n        <h2 class=\"m-b-sm-23 wi-merriweather-light\">\n\tMeydan TV m\u0259hk\u0259m\u0259si: \u201cBiz \u0130lham \u018fliyevin \u015f\u0259xsi dustaqlar\u0131y\u0131q, biziml\u0259 h\u00f6rm\u0259tl\u0259 davran\u0131n\u201d\n<\/h2>\n\n        <p class=\"paragraph-color-2 m-b-sm-10 m-b-xs-7\">\n  Meydan TV-nin m\u0259hk\u0259m\u0259sind\u0259 hakiml\u0259r \u0130lham \u018fliyevin ad\u0131n\u0131n \u00e7\u0259kilm\u0259sin\u0259 etiraz edibl\u0259r.\n<\/p>\n      <\/a>\n    <\/div>\n    <div class=\"uk-width-1-3\">\n      <figure class=\"wi-full-height choose-post__img wi-merriweather-light\">\n  <a class=\"\" href=\"https:\/\/jam-news.net\/az\/meydan-tv-m%c9%99hk%c9%99m%c9%99sind%c9%99-s%c9%99rb%c9%99st-ifad%c9%99l%c9%99r\/\">\n    <img decoding=\"async\" class=\"wi-full-height wi-ratio-img\" src=\"https:\/\/jam-news.net\/app\/uploads\/2026\/07\/website-format-2026-07-27T225330.802.png\" alt=\"Meydan TV m\u0259hk\u0259m\u0259sind\u0259 s\u0259rb\u0259st ifad\u0259l\u0259r\" uk-img \/>\n  <\/a>\n<\/figure>\n    <\/div>\n  <\/div>\n<\/article>\n\n\n\n<h2 class=\"wp-block-heading\">\u201cThe Independent\u201d: \u018fli K\u0259rimlinin saxlanma \u015f\u0259raiti<\/h2>\n\n\n\n<p>Britaniya q\u0259zetinin avqustun 30-da d\u0259rc etdiyi <a href=\"https:\/\/www.independent.co.uk\/news\/world\/europe\/azerbaijan-karimli-prison-baku-aliyev-b3029690.html\" target=\"_blank\" rel=\"noreferrer noopener\">material daha dar m\u00f6vzudad\u0131r<\/a>. Az\u0259rbaycan Xalq C\u0259bh\u0259si Partiyas\u0131n\u0131n haz\u0131rda h\u0259bsd\u0259 olan s\u0259dri \u018fli K\u0259rimlinin ail\u0259si v\u0259 v\u0259kill\u0259ri onun t\u0259hl\u00fck\u0259siz i\u00e7m\u0259li sudan, ventilyasiyadan, normal yuxudan, g\u0259zinti v\u0259 m\u00fctali\u0259 imkan\u0131ndan m\u0259hrum edildiyini deyirl\u0259r. \u0130nsan Haqlar\u0131 M\u00fc\u015fahid\u0259\u00e7isi (Human Rights Watch) n\u00fcmay\u0259nd\u0259si i\u015f \u00fczr\u0259 ictimaiyy\u0259t\u0259 inand\u0131r\u0131c\u0131 s\u00fcbut t\u0259qdim olunmad\u0131\u011f\u0131n\u0131 bildirir. Britaniya X\u0130N-i m\u0259s\u0259l\u0259ni Az\u0259rbaycan r\u0259smil\u0259ri qar\u015f\u0131s\u0131nda qald\u0131rd\u0131\u011f\u0131n\u0131 t\u0259sdiql\u0259yir.<\/p>\n\n\n\n<p>M\u0259qal\u0259nin emosional ba\u015fl\u0131\u011f\u0131 ail\u0259nin K\u0259rimlini \u201cs\u0131nd\u0131rmaq\u201d c\u0259hdi bar\u0259d\u0259 iddias\u0131n\u0131 \u00f6n\u0259 \u00e7\u0131xar\u0131r. \u00dcst\u0259lik, yaz\u0131da onun ittiham\u0131 \u201cd\u00f6vl\u0259t\u0259 x\u0259yan\u0259t\u201d kimi t\u0259qdim olunur. Halbuki r\u0259smi ittiham hakimiyy\u0259ti zorla \u0259l\u0259 ke\u00e7irm\u0259y\u0259 v\u0259 konstitusiya qurulu\u015funu zorla d\u0259yi\u015fdirm\u0259y\u0259 y\u00f6n\u0259l\u0259n h\u0259r\u0259k\u0259tl\u0259r madd\u0259sidir. Bu, Bak\u0131n\u0131n konkret \u015f\u0259kild\u0259 d\u00fcz\u0259li\u015f t\u0259l\u0259b ed\u0259 bil\u0259c\u0259yi m\u0259qamd\u0131r.<\/p>\n\n\n\n<p>Q\u0259zet is\u0259 Az\u0259rbaycan X\u0130N-\u0259 \u015f\u0259rh \u00fc\u00e7\u00fcn m\u00fcraci\u0259t etdiyini, lakin cavab almad\u0131\u011f\u0131n\u0131 yaz\u0131r.<\/p>\n\n\n<article class=\"single-card uk-flex uk-flex-between m-b-sm-40\">\n\n  <div class=\"uk-grid wi-full-width\">\n\n    <div class=\"uk-width-2-3 p-t-sm-10\">\n      <a href=\"https:\/\/jam-news.net\/az\/eli-k%c9%99rimlinin-saxlanilmasi\/\" target=\"_blank\">\n\n\n\n\n\n        <h2 class=\"m-b-sm-23 wi-merriweather-light\">\n\t\u018fli K\u0259rimlinin saxlan\u0131lmas\u0131: h\u00f6k\u00fcm\u0259tin m\u00fcxalif\u0259ti s\u0131radan \u00e7\u0131xarmaq plan\u0131\n<\/h2>\n\n        <p class=\"paragraph-color-2 m-b-sm-10 m-b-xs-7\">\n  H\u00f6k\u00fcm\u0259t\u0259 yax\u0131n mediada AXCP s\u0259drinin h\u0259bs edilm\u0259si hadis\u0259si &#8220;Ramiz Mehdiyev i\u015fi&#8221; il\u0259 \u0259laq\u0259l\u0259ndirir.\n<\/p>\n      <\/a>\n    <\/div>\n    <div class=\"uk-width-1-3\">\n      <figure class=\"wi-full-height choose-post__img wi-merriweather-light\">\n  <a class=\"\" href=\"https:\/\/jam-news.net\/az\/eli-k%c9%99rimlinin-saxlanilmasi\/\">\n    <img decoding=\"async\" class=\"wi-full-height wi-ratio-img\" src=\"https:\/\/jam-news.net\/app\/uploads\/2025\/12\/website-format-2025-12-01T012146.538.png\" alt=\"\u018fli K\u0259rimlinin saxlan\u0131lmas\u0131\" uk-img \/>\n  <\/a>\n<\/figure>\n    <\/div>\n  <\/div>\n<\/article>\n\n\n\n<h2 class=\"wp-block-heading\">BBC: r\u0259q\u0259ml\u0259r v\u0259 \u0130qbal \u018fbilov i\u015fi<\/h2>\n\n\n\n<p>BBC rus xidm\u0259tinin avqustun 31-d\u0259 yay\u0131mlad\u0131\u011f\u0131 <a href=\"https:\/\/www.bbc.com\/russian\/articles\/cwyz5pgez5po\" target=\"_blank\" rel=\"noreferrer noopener\">\u201c\u0130lham \u018fliyev repressiyalar\u0131 niy\u0259 s\u0259rtl\u0259\u015fdirir?\u201d<\/a> m\u0259qal\u0259sinin m\u0259rk\u0259zind\u0259 \u018fli K\u0259rimli deyil, 18 il h\u0259bs c\u0259zas\u0131 alm\u0131\u015f tal\u0131\u015f t\u0259dqiqat\u00e7\u0131 \u0130qbal \u018fbilov dayan\u0131r.<\/p>\n\n\n\n<p>BBC S\u00fclh v\u0259 Demokratiya \u0130nstitutunun 2021-ci ild\u0259n 2026-c\u0131 ilin may\u0131nad\u0259k siyah\u0131lar\u0131n\u0131 hesablayaraq siyasi m\u0259hbuslar\u0131n say\u0131n\u0131n \u00fc\u00e7 d\u0259f\u0259d\u0259n \u00e7ox artd\u0131\u011f\u0131n\u0131, siyasi i\u015fl\u0259r \u00fczr\u0259 orta c\u0259zan\u0131n is\u0259 2026-c\u0131 ild\u0259 t\u0259xmin\u0259n 12 il\u0259 \u00e7atd\u0131\u011f\u0131n\u0131 bildirir. M\u0259qal\u0259d\u0259 &#8220;AbzasMedia&#8221;, \u201cAzadl\u0131qRadiosu\u201d v\u0259 &#8220;Toplum TV&#8221; i\u015fl\u0259ri, h\u0259m\u00e7inin t\u0259dqiqat\u00e7\u0131lar B\u0259hruz S\u0259m\u0259dovla \u0130qbal \u018fbilovun m\u0259hk\u0259m\u0259l\u0259ri n\u0259z\u0259rd\u0259n ke\u00e7irilir.<\/p>\n\n\n\n<p>Bu hesablamalar\u0131n bir h\u00fcquq m\u00fcdafi\u0259 t\u0259\u015fkilat\u0131n\u0131n siyah\u0131lar\u0131na \u0259saslanmas\u0131 m\u00fcbahis\u0259 m\u00f6vzusu ola bil\u0259r. Lakin BBC metodologiyas\u0131n\u0131 izah edir, \u0130lham \u018fliyevin siyasi t\u0259qibl\u0259ri r\u0259dd ed\u0259n m\u00f6vqeyini verir v\u0259 Penitensiar Xidm\u0259t\u0259 \u015f\u0259rh \u00fc\u00e7\u00fcn m\u00fcraci\u0259t etdiyini, cavab almad\u0131\u011f\u0131n\u0131 yaz\u0131r.<\/p>\n\n\n<article class=\"single-card uk-flex uk-flex-between m-b-sm-40\">\n\n  <div class=\"uk-grid wi-full-width\">\n\n    <div class=\"uk-width-2-3 p-t-sm-10\">\n      <a href=\"https:\/\/jam-news.net\/az\/talis-tedqiqatci-iqbal-ebilova-18-il-hebs-cezasi-verildi\/\" target=\"_blank\">\n\n\n\n\n\n        <h2 class=\"m-b-sm-23 wi-merriweather-light\">\n\tTal\u0131\u015f t\u0259dqiqat\u00e7\u0131 \u0130qbal \u018fbilova 18 il h\u0259bs c\u0259zas\u0131 verildi\n<\/h2>\n\n        <p class=\"paragraph-color-2 m-b-sm-10 m-b-xs-7\">\n  May\u0131n 20-d\u0259 L\u0259nk\u0259ran A\u011f\u0131r Cinay\u0259tl\u0259r M\u0259hk\u0259m\u0259si etnik t\u0259dqiqat\u00e7\u0131 \u0130qbal \u018fbilovu 18 il m\u00fcdd\u0259tin\u0259 azadl\u0131qdan m\u0259hrum edib.\n<\/p>\n      <\/a>\n    <\/div>\n    <div class=\"uk-width-1-3\">\n      <figure class=\"wi-full-height choose-post__img wi-merriweather-light\">\n  <a class=\"\" href=\"https:\/\/jam-news.net\/az\/talis-tedqiqatci-iqbal-ebilova-18-il-hebs-cezasi-verildi\/\">\n    <img decoding=\"async\" class=\"wi-full-height wi-ratio-img\" src=\"https:\/\/jam-news.net\/app\/uploads\/2025\/05\/image-21.png\" alt=\"Tal\u0131\u015f t\u0259dqiqat\u00e7\u0131ya 18 il h\u0259bs c\u0259zas\u0131 verildi\" uk-img \/>\n  <\/a>\n<\/figure>\n    <\/div>\n  <\/div>\n<\/article>\n\n\n\n<h2 class=\"wp-block-heading\">R\u0259smi m\u00f6vqey\u0259 \u00e7\u0131x\u0131\u015f\u0131 kim darald\u0131r?<\/h2>\n\n\n\n<p>MED\u0130A xarici redaksiyalar\u0131 Az\u0259rbaycan\u0131n r\u0259smi m\u00f6vqeyini \u00f6yr\u0259nm\u0259m\u0259kd\u0259 g\u00fcnahland\u0131r\u0131r. Lakin 2025-ci ilin fevral\u0131nda X\u0130N-in g\u00f6st\u0259ri\u015find\u0259n sonra BBC 1994-c\u00fc ild\u0259n f\u0259aliyy\u0259t g\u00f6st\u0259r\u0259n <a href=\"https:\/\/www.voanews.com\/a\/azerbaijan-suspends-bbc\/7982159.html?utm_source=chatgpt.com\" target=\"_blank\" rel=\"noreferrer noopener\">Bak\u0131 b\u00fcrosunu ba\u011flay\u0131b<\/a>.<\/p>\n\n\n\n<p>X\u0130N q\u0259rar\u0131 qar\u015f\u0131l\u0131ql\u0131l\u0131q prinsipi v\u0259 n\u00fcmay\u0259nd\u0259liyin i\u015fl\u0259m\u0259si \u00fc\u00e7\u00fcn h\u00fcquqi \u0259sas\u0131n olmamas\u0131 il\u0259 izah edib. Yerli b\u00fcrolar\u0131n f\u0259aliyy\u0259ti m\u0259hdudla\u015fd\u0131r\u0131ld\u0131\u011f\u0131, d\u00f6vl\u0259t qurumlar\u0131 is\u0259 g\u00f6nd\u0259ril\u0259n sor\u011fular\u0131 cavabs\u0131z qoydu\u011fu halda xarici redaksiyalar v\u0259kill\u0259r\u0259, ail\u0259 \u00fczvl\u0259rin\u0259 v\u0259 \u00f6lk\u0259d\u0259n k\u0259nardak\u0131 ekspertl\u0259r\u0259 daha \u00e7ox s\u00f6yk\u0259nirl\u0259r. <\/p>\n\n\n\n<p>Bel\u0259likl\u0259, Bak\u0131n\u0131n birt\u0259r\u0259fli adland\u0131rd\u0131\u011f\u0131 informasiya m\u0259nz\u0259r\u0259si qism\u0259n onun \u00f6z media siyas\u0259tinin n\u0259tic\u0259si ola bil\u0259r.<\/p>\n\n\n<article class=\"single-card uk-flex uk-flex-between m-b-sm-40\">\n\n  <div class=\"uk-grid wi-full-width\">\n\n    <div class=\"uk-width-2-3 p-t-sm-10\">\n      <a href=\"https:\/\/jam-news.net\/az\/2025-az%c9%99rbaycan-ucun-nec%c9%99-kecdi\/\" target=\"_blank\">\n\n\n\n\n\n        <h2 class=\"m-b-sm-23 wi-merriweather-light\">\n\t2025 Az\u0259rbaycan \u00fc\u00e7\u00fcn nec\u0259 ke\u00e7di? Repressiyalar, insan h\u00fcquqlar\u0131 pozuntular\u0131 v\u0259 sazi\u015fl\u0259r\n<\/h2>\n\n        <p class=\"paragraph-color-2 m-b-sm-10 m-b-xs-7\">\n  Bu il hakimiyy\u0259t daxilind\u0259 ciddi d\u0259yi\u015fiklikl\u0259r ba\u015f verib, h\u0259m d\u0259 v\u0259t\u0259nda\u015f c\u0259miyy\u0259tin\u0259 basq\u0131lar davam edib.\n<\/p>\n      <\/a>\n    <\/div>\n    <div class=\"uk-width-1-3\">\n      <figure class=\"wi-full-height choose-post__img wi-merriweather-light\">\n  <a class=\"\" href=\"https:\/\/jam-news.net\/az\/2025-az%c9%99rbaycan-ucun-nec%c9%99-kecdi\/\">\n    <img decoding=\"async\" class=\"wi-full-height wi-ratio-img\" src=\"https:\/\/jam-news.net\/app\/uploads\/2025\/12\/website-format-2025-12-31T142703.327.png\" alt=\"2025 Az\u0259rbaycan \u00fc\u00e7\u00fcn nec\u0259 ke\u00e7di?\" uk-img \/>\n  <\/a>\n<\/figure>\n    <\/div>\n  <\/div>\n<\/article>\n\n\n\n<h2 class=\"wp-block-heading\">\u201cThe Guardian\u201d: Qaraba\u011f haqq\u0131nda film resenziyas\u0131<\/h2>\n\n\n\n<p>\u201cThe Guardian\u201d\u0131n <a href=\"https:\/\/www.theguardian.com\/film\/2026\/aug\/31\/the-black-garden-review-haunting-study-of-growing-up-in-war-torn-nagorno-karabakh\" target=\"_blank\" rel=\"noreferrer noopener\">material\u0131<\/a> is\u0259 \u00fcmumiyy\u0259tl\u0259 siyasi ara\u015fd\u0131rma deyil. Bu, rejissor Aleksis Pazumyan\u0131n \u201cThe Black Garden\u201d s\u0259n\u0259dli filmin\u0259 q\u0131sa resenziyad\u0131r. Film Qaraba\u011f erm\u0259nil\u0259rinin m\u00fcharib\u0259 t\u0259cr\u00fcb\u0259sini iki u\u015fa\u011f\u0131n v\u0259 aya\u011f\u0131n\u0131 itir\u0259n g\u0259nc h\u0259rb\u00e7inin hekay\u0259si \u00fcz\u0259rind\u0259n g\u00f6st\u0259rir.<\/p>\n\n\n\n<p>Resenziyan\u0131n giri\u015find\u0259 Qaraba\u011f erm\u0259nil\u0259rinin Az\u0259rbaycan ordusunun \u201csays\u0131z-hesabs\u0131z h\u0259rbi kampaniyalar\u0131na\u201d qar\u015f\u0131 d\u00f6y\u00fc\u015fd\u00fcy\u00fc yaz\u0131l\u0131r. Birinci m\u00fcharib\u0259, \u0259razil\u0259rin i\u015f\u011fal\u0131, az\u0259rbaycanl\u0131 m\u0259cburi k\u00f6\u00e7k\u00fcnl\u0259r v\u0259 m\u00fcnaqi\u015f\u0259nin dig\u0259r t\u0259r\u0259fi qeyd edilmir. M\u00fc\u0259llif \u00f6z\u00fc d\u0259 filmin daha geni\u015f siyasi-tarixi kontekstd\u0259n faydalana bil\u0259c\u0259yini etiraf edir.<\/p>\n\n\n\n<p>Bak\u0131 bu birt\u0259r\u0259fli \u00e7\u0259r\u00e7iv\u0259ni \u0259sasl\u0131 \u015f\u0259kild\u0259 t\u0259nqid ed\u0259 bil\u0259r. Ancaq film resenziyas\u0131n\u0131n m\u00fc\u0259llifind\u0259n Az\u0259rbaycan h\u00f6kum\u0259tin\u0259 sor\u011fu g\u00f6nd\u0259rm\u0259sini g\u00f6zl\u0259m\u0259k x\u0259b\u0259r m\u0259qal\u0259sin\u0259 t\u0259tbiq olunan qaydan\u0131 m\u0259d\u0259niyy\u0259t yaz\u0131s\u0131na t\u0259tbiq etm\u0259kdir.<\/p>\n\n\n<article class=\"single-card uk-flex uk-flex-between m-b-sm-40\">\n\n  <div class=\"uk-grid wi-full-width\">\n\n    <div class=\"uk-width-2-3 p-t-sm-10\">\n      <a href=\"https:\/\/jam-news.net\/az\/muhacir%c9%99td%c9%99kil%c9%99r-bar%c9%99d%c9%99-h%c9%99bs-q%c9%99rarlari\/\" target=\"_blank\">\n\n\n\n\n\n        <h2 class=\"m-b-sm-23 wi-merriweather-light\">\n\tAz\u0259rbaycan m\u0259hk\u0259m\u0259l\u0259ri xaricd\u0259ki t\u0259nqid\u00e7il\u0259r bar\u0259sind\u0259 qiyabi h\u0259bs q\u0259rarlar\u0131 se\u00e7ib\n<\/h2>\n\n        <p class=\"paragraph-color-2 m-b-sm-10 m-b-xs-7\">\n  Bu q\u0259rarlar d\u00f6vl\u0259t\u0259 qar\u015f\u0131 zor t\u0259tbiqi yolu il\u0259 \u00e7\u0131xma\u011fa \u00e7a\u011f\u0131r\u0131\u015flar v\u0259 k\u00fctl\u0259vi i\u011fti\u015fa\u015flara \u00e7a\u011f\u0131r\u0131\u015flar kimi ittihamlara \u0259saslan\u0131r.\n<\/p>\n      <\/a>\n    <\/div>\n    <div class=\"uk-width-1-3\">\n      <figure class=\"wi-full-height choose-post__img wi-merriweather-light\">\n  <a class=\"\" href=\"https:\/\/jam-news.net\/az\/muhacir%c9%99td%c9%99kil%c9%99r-bar%c9%99d%c9%99-h%c9%99bs-q%c9%99rarlari\/\">\n    <img decoding=\"async\" class=\"wi-full-height wi-ratio-img\" src=\"https:\/\/jam-news.net\/app\/uploads\/2026\/02\/website-format-2026-02-20T034006.259.png\" alt=\"M\u00fchacir\u0259td\u0259kil\u0259r bar\u0259d\u0259 h\u0259bs q\u0259rarlar\u0131 - Altay G\u00f6y\u00fc\u015fov, \u018fr\u0259stun Oruclu, Q\u0259nim\u0259t Zahid, Sevinc Osmanq\u0131z\u0131, Abid Qafarov, Beydulla Manafov, \u0130lham \u018fliyev\" uk-img \/>\n  <\/a>\n<\/figure>\n    <\/div>\n  <\/div>\n<\/article>\n\n\n\n<h2 class=\"wp-block-heading\">F\u0259rqli materiallar\u0131 n\u0259 birl\u0259\u015fdirir?<\/h2>\n\n\n\n<p>D\u00f6rd material\u0131n ortaq c\u0259h\u0259ti koordinasiya olunduqlar\u0131n\u0131n s\u00fcbutu deyil, Az\u0259rbaycan haqq\u0131nda t\u0259svirl\u0259rinin r\u0259smi narrativl\u0259rl\u0259 ziddiyy\u0259t t\u0259\u015fkil etm\u0259sidir.<\/p>\n\n\n\n<p>TVP v\u0259 BBC daxili sabitlik v\u0259 qanuni cinay\u0259t t\u0259qibi arqumentini sor\u011fulay\u0131r. \u201cThe Independent\u201d konkret m\u0259hbusun r\u0259ftar\u0131 bar\u0259d\u0259 iddialar qald\u0131r\u0131r. \u201cThe Guardian\u201d is\u0259 Qaraba\u011f m\u00fcharib\u0259sini \u0259sas\u0259n erm\u0259ni t\u0259cr\u00fcb\u0259si \u00fcz\u0259rind\u0259n t\u0259qdim edir.<\/p>\n\n\n\n<p>Bel\u0259likl\u0259, materiallar eyni m\u00f6vzunu yox, d\u00f6vl\u0259tin \u00fc\u00e7 h\u0259ssas sah\u0259sini &#8211; daxili siyasi n\u0259zar\u0259ti, beyn\u0259lxalq t\u0259r\u0259fda\u015flarla m\u00fcnasib\u0259tl\u0259ri v\u0259 Qaraba\u011f haqq\u0131nda tarixi narrativi eyni h\u0259ft\u0259d\u0259 g\u00fcnd\u0259m\u0259 g\u0259tirir. Bak\u0131n\u0131n onlar\u0131 vahid h\u00fccum kimi g\u00f6rm\u0259sinin s\u0259b\u0259bi m\u0259zmunlar\u0131n\u0131n eyniliyi deyil, ham\u0131s\u0131n\u0131n \u00f6lk\u0259nin yaratma\u011fa \u00e7al\u0131\u015fd\u0131\u011f\u0131 beyn\u0259lxalq imic\u0259 zidd olmas\u0131d\u0131r.<\/p>\n\n\n<article class=\"single-card uk-flex uk-flex-between m-b-sm-40\">\n\n  <div class=\"uk-grid wi-full-width\">\n\n    <div class=\"uk-width-2-3 p-t-sm-10\">\n      <a href=\"https:\/\/jam-news.net\/az\/azerbaycan-hokumeti-islamofobiyaya-qarsi-konfrans-kecirir-inancli-feallar-ise-teqib-altindadir\/\" target=\"_blank\">\n\n\n\n\n\n        <h2 class=\"m-b-sm-23 wi-merriweather-light\">\n\tAz\u0259rbaycan h\u00f6kum\u0259ti \u0130slamofobiyaya qar\u015f\u0131 konfrans ke\u00e7irir, inancl\u0131 f\u0259allar is\u0259 t\u0259qib alt\u0131ndad\u0131r\n<\/h2>\n\n        <p class=\"paragraph-color-2 m-b-sm-10 m-b-xs-7\">\n  BMT, \u0130\u018fT, UNESCO, IF20 t\u0259msil\u00e7il\u0259ri Az\u0259rbaycan\u0131 dini d\u00f6z\u00fcml\u00fcl\u00fck modelinin n\u00fcmun\u0259si kimi t\u0259qdim edibl\u0259r, lakin \u00f6lk\u0259d\u0259 \u015fi\u0259 f\u0259allar t\u0259qib alt\u0131ndad\u0131r\n<\/p>\n      <\/a>\n    <\/div>\n    <div class=\"uk-width-1-3\">\n      <figure class=\"wi-full-height choose-post__img wi-merriweather-light\">\n  <a class=\"\" href=\"https:\/\/jam-news.net\/az\/azerbaycan-hokumeti-islamofobiyaya-qarsi-konfrans-kecirir-inancli-feallar-ise-teqib-altindadir\/\">\n    <img decoding=\"async\" class=\"wi-full-height wi-ratio-img\" src=\"https:\/\/jam-news.net\/app\/uploads\/2025\/06\/1748327989_17482742474149031891_1200x630.jpg\" alt=\"Az\u0259rbaycan v\u0259 islamofobiya\" uk-img \/>\n  <\/a>\n<\/figure>\n    <\/div>\n  <\/div>\n<\/article>\n\n\n\n<h2 class=\"wp-block-heading\">\u201c\u0130nformasiya kampaniyas\u0131\u201d s\u00fcbut olunubmu?<\/h2>\n\n\n\n<p><a href=\"https:\/\/media.gov.az\/azerbaycan-respublikasinin-medianin-inkisafi-agentliyinin-beyanati-6\/\" target=\"_blank\" rel=\"noreferrer noopener\">MED\u0130A-n\u0131n b\u0259yanat\u0131nda<\/a> hans\u0131 materialdak\u0131 hans\u0131 fakt\u0131n yanl\u0131\u015f oldu\u011fu g\u00f6st\u0259rilmir v\u0259 koordinasiyan\u0131 s\u00fcbut ed\u0259c\u0259k m\u0259lumat t\u0259qdim olunmur. Eyni zamanda b\u00fct\u00fcn m\u00fc\u0259llifl\u0259rin r\u0259smi m\u00f6vqeyi \u00f6yr\u0259nm\u0259y\u0259 \u00e7al\u0131\u015fmad\u0131\u011f\u0131 bildirilir.<\/p>\n\n\n\n<p>Halbuki \u201cThe Independent\u201d X\u0130N-\u0259 sor\u011fu g\u00f6nd\u0259rdiyini, BBC is\u0259 h\u0259m prezidentin m\u00f6vqeyini verdiyini, h\u0259m d\u0259 Penitensiar Xidm\u0259t\u0259 m\u00fcraci\u0259t etdiyini yaz\u0131r.<\/p>\n\n\n\n<p>Daha inand\u0131r\u0131c\u0131 cavab h\u0259r material \u00fc\u00e7\u00fcn ayr\u0131ca ola bil\u0259rdi: \u201cThe Guardian\u201ddak\u0131 tarixi \u00e7\u0259r\u00e7iv\u0259y\u0259 faktoloji d\u00fcz\u0259li\u015f, \u201cThe Independent\u201d\u0259 K\u0259rimlinin ittiham\u0131 v\u0259 saxlanma \u015f\u0259raiti bar\u0259d\u0259 s\u0259n\u0259dl\u0259\u015fdirilmi\u015f cavab, BBC-y\u0259 is\u0259 siyasi m\u0259hbus siyah\u0131lar\u0131n\u0131n meyarlar\u0131 v\u0259 c\u0259za statistikas\u0131 \u00fczr\u0259 alternativ m\u0259lumat t\u0259qdim etm\u0259k m\u00fcmk\u00fcn idi. TVP-d\u0259n d\u0259 efird\u0259 cavab h\u00fcququ t\u0259l\u0259b oluna bil\u0259rdi.<\/p>\n\n\n\n<p>B\u00fct\u00fcn materiallar\u0131n bir b\u0259yanatda siyasi sifari\u015f kimi t\u0259qdim olunmas\u0131 onlar\u0131n aras\u0131ndak\u0131 f\u0259rql\u0259ri silir. \u00dcst\u0259lik, konkret t\u0259kzib verilm\u0259diyi \u00fc\u00e7\u00fcn m\u00fcbahis\u0259ni ba\u011flam\u0131r, \u0259ksin\u0259, yeni materiallar \u00fc\u00e7\u00fcn m\u00f6vzu yarad\u0131r.<\/p>\n\n\n\n<p>Burada qar\u015f\u0131durma sad\u0259c\u0259 \u201cBak\u0131 v\u0259 Q\u0259rb medias\u0131\u201d aras\u0131nda deyil. \u018fsas problem d\u00f6vl\u0259tin yoxlan\u0131la bil\u0259n fakt s\u0259hvl\u0259rini, redaksiya m\u00f6vqeyini, h\u00fcquq m\u00fcdafi\u0259\u00e7il\u0259rinin iddialar\u0131n\u0131 v\u0259 h\u0259tta film resenziyas\u0131n\u0131 eyni siyasi kateqoriyaya daxil etm\u0259sidir. Bu yana\u015fma t\u0259nqidi z\u0259ifl\u0259tm\u0259k \u0259v\u0259zin\u0259, f\u0259rqli redaksiyalar\u0131 h\u0259qiq\u0259t\u0259n vahid c\u0259bh\u0259 kimi g\u00f6st\u0259rir.<\/p>\n\n\n\n<p>Agentlik \u201cz\u0259ruri add\u0131mlar\u0131n\u201d at\u0131laca\u011f\u0131n\u0131 bildirs\u0259 d\u0259, s\u00f6hb\u0259tin t\u0259kzib v\u0259 cavab h\u00fcququndan, r\u0259smi \u015fikay\u0259td\u0259n, yoxsa ba\u015fqa t\u0259dbirl\u0259rd\u0259n getdiyini a\u00e7\u0131qlamay\u0131b.<\/p>\n\n\n<article class=\"single-card uk-flex uk-flex-between m-b-sm-40\">\n\n  <div class=\"uk-grid wi-full-width\">\n\n    <div class=\"uk-width-2-3 p-t-sm-10\">\n      <a href=\"https:\/\/jam-news.net\/az\/az%c9%99rbaycan-v%c9%99-erm%c9%99nistan-enerji-sisteml%c9%99ri\/\" target=\"_blank\">\n\n\n\n\n\n        <h2 class=\"m-b-sm-23 wi-merriweather-light\">\n\tLa\u00e7\u0131ndak\u0131 g\u00f6r\u00fc\u015f: Az\u0259rbaycan v\u0259 Erm\u0259nistan enerji sisteml\u0259rini birl\u0259\u015fdirm\u0259y\u0259 n\u0259 q\u0259d\u0259r yax\u0131nd\u0131r?\n<\/h2>\n\n        <p class=\"paragraph-color-2 m-b-sm-10 m-b-xs-7\">\n  Avqustun 25-d\u0259 Az\u0259rbaycan v\u0259 Erm\u0259nistan\u0131n enerji r\u0259smil\u0259ri La\u00e7\u0131nda eyni masa arxas\u0131na ke\u00e7ibl\u0259r.\n<\/p>\n      <\/a>\n    <\/div>\n    <div class=\"uk-width-1-3\">\n      <figure class=\"wi-full-height choose-post__img wi-merriweather-light\">\n  <a class=\"\" href=\"https:\/\/jam-news.net\/az\/az%c9%99rbaycan-v%c9%99-erm%c9%99nistan-enerji-sisteml%c9%99ri\/\">\n    <img decoding=\"async\" class=\"wi-full-height wi-ratio-img\" src=\"https:\/\/jam-news.net\/app\/uploads\/2026\/08\/website-format-2026-08-27T001912.354.png\" alt=\"Az\u0259rbaycan v\u0259 Erm\u0259nistan enerji sisteml\u0259ri\" uk-img \/>\n  <\/a>\n<\/figure>\n    <\/div>\n  <\/div>\n<\/article>\n\n\n\n<p style=\"font-size:1px\"><strong><em>Az\u0259rbaycan\u0131n xarici media il\u0259 qar\u015f\u0131durmas\u0131<\/em><\/strong><\/p>\n","protected":false},"excerpt":{"rendered":"<p>D\u00fcnya medias\u0131nda son be\u015f g\u00fcnd\u0259 yay\u0131lan d\u00f6rd material Bak\u0131n\u0131n s\u0259rt reaksiyas\u0131na s\u0259b\u0259b olub.<\/p>\n","protected":false},"author":60,"featured_media":107793,"comment_status":"closed","ping_status":"closed","sticky":false,"template":"","format":"standard","meta":{"_acf_changed":false,"footnotes":""},"categories":[17,4043,25,50,49,5],"tags":[],"formation":[],"post-author":[2888],"topic":[6199,4952,382,6669,51],"tooltip":[],"city":[6041],"class_list":["post-107791","post","type-post","status-publish","format-standard","has-post-thumbnail","hentry","category-azrbaycan","category-explainer","category-cmiyyt","category-xbrlr","category-srh","category-siyast","post-author-jamnews","topic-azrbaycanda-hbslr","topic-azrbaycan","topic-ilham-liyev","topic-meydan-tv-isi","topic-azrbaycanda-muxalift","city-baki"],"acf":[],"yoast_head":"<!-- This site is optimized with the Yoast SEO plugin v24.1 - https:\/\/yoast.com\/wordpress\/plugins\/seo\/ -->\n<title>Az\u0259rbaycan\u0131n xarici media il\u0259 qar\u015f\u0131durmas\u0131 - JAMnews<\/title>\n<meta name=\"description\" content=\"Az\u0259rbaycan\u0131n xarici media il\u0259 qar\u015f\u0131durmas\u0131. D\u00fcnya medias\u0131nda son be\u015f g\u00fcnd\u0259 yay\u0131lan d\u00f6rd material Bak\u0131n\u0131n s\u0259rt reaksiyas\u0131na s\u0259b\u0259b olub.\" \/>\n<meta name=\"robots\" content=\"index, follow, max-snippet:-1, max-image-preview:large, max-video-preview:-1\" \/>\n<link rel=\"canonical\" href=\"https:\/\/jam-news.net\/az\/az\u0259rbaycanin-xarici-media-il\u0259-qarsidurmasi\/\" \/>\n<meta property=\"og:locale\" content=\"az_AZ\" \/>\n<meta property=\"og:type\" content=\"article\" \/>\n<meta property=\"og:title\" content=\"Siyasi m\u0259hbuslar, \u018fli K\u0259rimli v\u0259 Qaraba\u011f filmi: Bak\u0131 niy\u0259 f\u0259rqli materiallar\u0131 vahid \u201cinformasiya kampaniyas\u0131\u201d say\u0131r?\" \/>\n<meta property=\"og:description\" content=\"D\u00fcnya medias\u0131nda son be\u015f g\u00fcnd\u0259 yay\u0131lan d\u00f6rd material Bak\u0131n\u0131n s\u0259rt reaksiyas\u0131na s\u0259b\u0259b olub.\" \/>\n<meta property=\"og:url\" content=\"https:\/\/jam-news.net\/az\/az\u0259rbaycanin-xarici-media-il\u0259-qarsidurmasi\/\" \/>\n<meta property=\"og:site_name\" content=\"Azerbaijani Jamnews\" \/>\n<meta property=\"article:publisher\" content=\"https:\/\/www.facebook.com\/JAMnewsInEnglish\/\" \/>\n<meta property=\"article:published_time\" content=\"2026-09-01T12:21:32+00:00\" \/>\n<meta property=\"article:modified_time\" content=\"2026-09-01T12:21:34+00:00\" \/>\n<meta property=\"og:image\" content=\"https:\/\/jam-news.net\/app\/uploads\/2026\/09\/website-format-2026-09-01T142101.972.png\" \/>\n\t<meta property=\"og:image:width\" content=\"3120\" \/>\n\t<meta property=\"og:image:height\" content=\"1755\" \/>\n\t<meta property=\"og:image:type\" content=\"image\/png\" \/>\n<meta name=\"author\" content=\"elmisham\" \/>\n<meta name=\"twitter:card\" content=\"summary_large_image\" \/>\n<meta name=\"twitter:title\" content=\"Siyasi m\u0259hbuslar, \u018fli K\u0259rimli v\u0259 Qaraba\u011f filmi: Bak\u0131 niy\u0259 f\u0259rqli materiallar\u0131 vahid \u201cinformasiya kampaniyas\u0131\u201d say\u0131r?\" \/>\n<meta name=\"twitter:description\" content=\"D\u00fcnya medias\u0131nda son be\u015f g\u00fcnd\u0259 yay\u0131lan d\u00f6rd material Bak\u0131n\u0131n s\u0259rt reaksiyas\u0131na s\u0259b\u0259b olub.\" \/>\n<meta name=\"twitter:creator\" content=\"@JAMnewsCaucasus\" \/>\n<meta name=\"twitter:site\" content=\"@JAMnewsCaucasus\" \/>\n<meta name=\"twitter:label1\" content=\"Written by\" \/>\n\t<meta name=\"twitter:data1\" content=\"elmisham\" \/>\n\t<meta name=\"twitter:label2\" content=\"Est. reading time\" \/>\n\t<meta name=\"twitter:data2\" content=\"6 minutes\" \/>\n<script type=\"application\/ld+json\" class=\"yoast-schema-graph\">{\"@context\":\"https:\/\/schema.org\",\"@graph\":[{\"@type\":\"Article\",\"@id\":\"https:\/\/jam-news.net\/az\/az%c9%99rbaycanin-xarici-media-il%c9%99-qarsidurmasi\/#article\",\"isPartOf\":{\"@id\":\"https:\/\/jam-news.net\/az\/az%c9%99rbaycanin-xarici-media-il%c9%99-qarsidurmasi\/\"},\"author\":{\"name\":\"elmisham\",\"@id\":\"https:\/\/jam-news.net\/az\/#\/schema\/person\/eb45af4c98a871b32118a93d3d66e159\"},\"headline\":\"Siyasi m\u0259hbuslar, \u018fli K\u0259rimli v\u0259 Qaraba\u011f filmi: Bak\u0131 niy\u0259 f\u0259rqli materiallar\u0131 vahid \u201cinformasiya kampaniyas\u0131\u201d say\u0131r?\",\"datePublished\":\"2026-09-01T12:21:32+00:00\",\"dateModified\":\"2026-09-01T12:21:34+00:00\",\"mainEntityOfPage\":{\"@id\":\"https:\/\/jam-news.net\/az\/az%c9%99rbaycanin-xarici-media-il%c9%99-qarsidurmasi\/\"},\"wordCount\":1623,\"publisher\":{\"@id\":\"https:\/\/jam-news.net\/az\/#organization\"},\"image\":{\"@id\":\"https:\/\/jam-news.net\/az\/az%c9%99rbaycanin-xarici-media-il%c9%99-qarsidurmasi\/#primaryimage\"},\"thumbnailUrl\":\"https:\/\/jam-news.net\/app\/uploads\/2026\/09\/website-format-2026-09-01T142101.972.png\",\"articleSection\":[\"Azerbaijan\",\"Explainer\",\"Issues\",\"News\",\"Opinion\",\"Politics\"],\"inLanguage\":\"az\"},{\"@type\":\"WebPage\",\"@id\":\"https:\/\/jam-news.net\/az\/az%c9%99rbaycanin-xarici-media-il%c9%99-qarsidurmasi\/\",\"url\":\"https:\/\/jam-news.net\/az\/az%c9%99rbaycanin-xarici-media-il%c9%99-qarsidurmasi\/\",\"name\":\"Az\u0259rbaycan\u0131n xarici media il\u0259 qar\u015f\u0131durmas\u0131 - JAMnews\",\"isPartOf\":{\"@id\":\"https:\/\/jam-news.net\/az\/#website\"},\"primaryImageOfPage\":{\"@id\":\"https:\/\/jam-news.net\/az\/az%c9%99rbaycanin-xarici-media-il%c9%99-qarsidurmasi\/#primaryimage\"},\"image\":{\"@id\":\"https:\/\/jam-news.net\/az\/az%c9%99rbaycanin-xarici-media-il%c9%99-qarsidurmasi\/#primaryimage\"},\"thumbnailUrl\":\"https:\/\/jam-news.net\/app\/uploads\/2026\/09\/website-format-2026-09-01T142101.972.png\",\"datePublished\":\"2026-09-01T12:21:32+00:00\",\"dateModified\":\"2026-09-01T12:21:34+00:00\",\"description\":\"Az\u0259rbaycan\u0131n xarici media il\u0259 qar\u015f\u0131durmas\u0131. D\u00fcnya medias\u0131nda son be\u015f g\u00fcnd\u0259 yay\u0131lan d\u00f6rd material Bak\u0131n\u0131n s\u0259rt reaksiyas\u0131na s\u0259b\u0259b olub.\",\"breadcrumb\":{\"@id\":\"https:\/\/jam-news.net\/az\/az%c9%99rbaycanin-xarici-media-il%c9%99-qarsidurmasi\/#breadcrumb\"},\"inLanguage\":\"az\",\"potentialAction\":[{\"@type\":\"ReadAction\",\"target\":[\"https:\/\/jam-news.net\/az\/az%c9%99rbaycanin-xarici-media-il%c9%99-qarsidurmasi\/\"]}]},{\"@type\":\"ImageObject\",\"inLanguage\":\"az\",\"@id\":\"https:\/\/jam-news.net\/az\/az%c9%99rbaycanin-xarici-media-il%c9%99-qarsidurmasi\/#primaryimage\",\"url\":\"https:\/\/jam-news.net\/app\/uploads\/2026\/09\/website-format-2026-09-01T142101.972.png\",\"contentUrl\":\"https:\/\/jam-news.net\/app\/uploads\/2026\/09\/website-format-2026-09-01T142101.972.png\",\"width\":3120,\"height\":1755,\"caption\":\"Az\u0259rbaycan\u0131n xarici media il\u0259 qar\u015f\u0131durmas\u0131\"},{\"@type\":\"BreadcrumbList\",\"@id\":\"https:\/\/jam-news.net\/az\/az%c9%99rbaycanin-xarici-media-il%c9%99-qarsidurmasi\/#breadcrumb\",\"itemListElement\":[{\"@type\":\"ListItem\",\"position\":1,\"name\":\"Home\",\"item\":\"https:\/\/jam-news.net\/az\/\"},{\"@type\":\"ListItem\",\"position\":2,\"name\":\"Siyasi m\u0259hbuslar, \u018fli K\u0259rimli v\u0259 Qaraba\u011f filmi: Bak\u0131 niy\u0259 f\u0259rqli materiallar\u0131 vahid \u201cinformasiya kampaniyas\u0131\u201d say\u0131r?\"}]},{\"@type\":\"WebSite\",\"@id\":\"https:\/\/jam-news.net\/az\/#website\",\"url\":\"https:\/\/jam-news.net\/az\/\",\"name\":\"Azerbaijani Jamnews\",\"description\":\"Caucasus News, Politics and Society\",\"publisher\":{\"@id\":\"https:\/\/jam-news.net\/az\/#organization\"},\"potentialAction\":[{\"@type\":\"SearchAction\",\"target\":{\"@type\":\"EntryPoint\",\"urlTemplate\":\"https:\/\/jam-news.net\/az\/?s={search_term_string}\"},\"query-input\":{\"@type\":\"PropertyValueSpecification\",\"valueRequired\":true,\"valueName\":\"search_term_string\"}}],\"inLanguage\":\"az\"},{\"@type\":\"Organization\",\"@id\":\"https:\/\/jam-news.net\/az\/#organization\",\"name\":\"JAMnews\",\"url\":\"https:\/\/jam-news.net\/az\/\",\"logo\":{\"@type\":\"ImageObject\",\"inLanguage\":\"az\",\"@id\":\"https:\/\/jam-news.net\/az\/#\/schema\/logo\/image\/\",\"url\":\"https:\/\/jam-news.net\/app\/uploads\/2020\/05\/JAM_w.jpg\",\"contentUrl\":\"https:\/\/jam-news.net\/app\/uploads\/2020\/05\/JAM_w.jpg\",\"width\":960,\"height\":960,\"caption\":\"JAMnews\"},\"image\":{\"@id\":\"https:\/\/jam-news.net\/az\/#\/schema\/logo\/image\/\"},\"sameAs\":[\"https:\/\/www.facebook.com\/JAMnewsInEnglish\/\",\"https:\/\/x.com\/JAMnewsCaucasus\",\"https:\/\/www.instagram.com\/jam_news\/\",\"https:\/\/www.youtube.com\/channel\/UCXQbUCme2pykuZYXWHx4VPg\"]},{\"@type\":\"Person\",\"@id\":\"https:\/\/jam-news.net\/az\/#\/schema\/person\/eb45af4c98a871b32118a93d3d66e159\",\"name\":\"elmisham\",\"image\":{\"@type\":\"ImageObject\",\"inLanguage\":\"az\",\"@id\":\"https:\/\/jam-news.net\/az\/#\/schema\/person\/image\/\",\"url\":\"https:\/\/secure.gravatar.com\/avatar\/37fa0366c180c74da87d58de88ffdc3f?s=96&d=mm&r=g\",\"contentUrl\":\"https:\/\/secure.gravatar.com\/avatar\/37fa0366c180c74da87d58de88ffdc3f?s=96&d=mm&r=g\",\"caption\":\"elmisham\"},\"url\":\"https:\/\/jam-news.net\/az\/author\/elmisham\/\"}]}<\/script>\n<!-- \/ Yoast SEO plugin. -->","yoast_head_json":{"title":"Az\u0259rbaycan\u0131n xarici media il\u0259 qar\u015f\u0131durmas\u0131 - JAMnews","description":"Az\u0259rbaycan\u0131n xarici media il\u0259 qar\u015f\u0131durmas\u0131. D\u00fcnya medias\u0131nda son be\u015f g\u00fcnd\u0259 yay\u0131lan d\u00f6rd material Bak\u0131n\u0131n s\u0259rt reaksiyas\u0131na s\u0259b\u0259b olub.","robots":{"index":"index","follow":"follow","max-snippet":"max-snippet:-1","max-image-preview":"max-image-preview:large","max-video-preview":"max-video-preview:-1"},"canonical":"https:\/\/jam-news.net\/az\/az\u0259rbaycanin-xarici-media-il\u0259-qarsidurmasi\/","og_locale":"az_AZ","og_type":"article","og_title":"Siyasi m\u0259hbuslar, \u018fli K\u0259rimli v\u0259 Qaraba\u011f filmi: Bak\u0131 niy\u0259 f\u0259rqli materiallar\u0131 vahid \u201cinformasiya kampaniyas\u0131\u201d say\u0131r?","og_description":"D\u00fcnya medias\u0131nda son be\u015f g\u00fcnd\u0259 yay\u0131lan d\u00f6rd material Bak\u0131n\u0131n s\u0259rt reaksiyas\u0131na s\u0259b\u0259b olub.","og_url":"https:\/\/jam-news.net\/az\/az\u0259rbaycanin-xarici-media-il\u0259-qarsidurmasi\/","og_site_name":"Azerbaijani Jamnews","article_publisher":"https:\/\/www.facebook.com\/JAMnewsInEnglish\/","article_published_time":"2026-09-01T12:21:32+00:00","article_modified_time":"2026-09-01T12:21:34+00:00","og_image":[{"width":3120,"height":1755,"url":"https:\/\/jam-news.net\/app\/uploads\/2026\/09\/website-format-2026-09-01T142101.972.png","type":"image\/png"}],"author":"elmisham","twitter_card":"summary_large_image","twitter_title":"Siyasi m\u0259hbuslar, \u018fli K\u0259rimli v\u0259 Qaraba\u011f filmi: Bak\u0131 niy\u0259 f\u0259rqli materiallar\u0131 vahid \u201cinformasiya kampaniyas\u0131\u201d say\u0131r?","twitter_description":"D\u00fcnya medias\u0131nda son be\u015f g\u00fcnd\u0259 yay\u0131lan d\u00f6rd material Bak\u0131n\u0131n s\u0259rt reaksiyas\u0131na s\u0259b\u0259b olub.","twitter_creator":"@JAMnewsCaucasus","twitter_site":"@JAMnewsCaucasus","twitter_misc":{"Written by":"elmisham","Est. reading time":"6 minutes"},"schema":{"@context":"https:\/\/schema.org","@graph":[{"@type":"Article","@id":"https:\/\/jam-news.net\/az\/az%c9%99rbaycanin-xarici-media-il%c9%99-qarsidurmasi\/#article","isPartOf":{"@id":"https:\/\/jam-news.net\/az\/az%c9%99rbaycanin-xarici-media-il%c9%99-qarsidurmasi\/"},"author":{"name":"elmisham","@id":"https:\/\/jam-news.net\/az\/#\/schema\/person\/eb45af4c98a871b32118a93d3d66e159"},"headline":"Siyasi m\u0259hbuslar, \u018fli K\u0259rimli v\u0259 Qaraba\u011f filmi: Bak\u0131 niy\u0259 f\u0259rqli materiallar\u0131 vahid \u201cinformasiya kampaniyas\u0131\u201d say\u0131r?","datePublished":"2026-09-01T12:21:32+00:00","dateModified":"2026-09-01T12:21:34+00:00","mainEntityOfPage":{"@id":"https:\/\/jam-news.net\/az\/az%c9%99rbaycanin-xarici-media-il%c9%99-qarsidurmasi\/"},"wordCount":1623,"publisher":{"@id":"https:\/\/jam-news.net\/az\/#organization"},"image":{"@id":"https:\/\/jam-news.net\/az\/az%c9%99rbaycanin-xarici-media-il%c9%99-qarsidurmasi\/#primaryimage"},"thumbnailUrl":"https:\/\/jam-news.net\/app\/uploads\/2026\/09\/website-format-2026-09-01T142101.972.png","articleSection":["Azerbaijan","Explainer","Issues","News","Opinion","Politics"],"inLanguage":"az"},{"@type":"WebPage","@id":"https:\/\/jam-news.net\/az\/az%c9%99rbaycanin-xarici-media-il%c9%99-qarsidurmasi\/","url":"https:\/\/jam-news.net\/az\/az%c9%99rbaycanin-xarici-media-il%c9%99-qarsidurmasi\/","name":"Az\u0259rbaycan\u0131n xarici media il\u0259 qar\u015f\u0131durmas\u0131 - JAMnews","isPartOf":{"@id":"https:\/\/jam-news.net\/az\/#website"},"primaryImageOfPage":{"@id":"https:\/\/jam-news.net\/az\/az%c9%99rbaycanin-xarici-media-il%c9%99-qarsidurmasi\/#primaryimage"},"image":{"@id":"https:\/\/jam-news.net\/az\/az%c9%99rbaycanin-xarici-media-il%c9%99-qarsidurmasi\/#primaryimage"},"thumbnailUrl":"https:\/\/jam-news.net\/app\/uploads\/2026\/09\/website-format-2026-09-01T142101.972.png","datePublished":"2026-09-01T12:21:32+00:00","dateModified":"2026-09-01T12:21:34+00:00","description":"Az\u0259rbaycan\u0131n xarici media il\u0259 qar\u015f\u0131durmas\u0131. D\u00fcnya medias\u0131nda son be\u015f g\u00fcnd\u0259 yay\u0131lan d\u00f6rd material Bak\u0131n\u0131n s\u0259rt reaksiyas\u0131na s\u0259b\u0259b olub.","breadcrumb":{"@id":"https:\/\/jam-news.net\/az\/az%c9%99rbaycanin-xarici-media-il%c9%99-qarsidurmasi\/#breadcrumb"},"inLanguage":"az","potentialAction":[{"@type":"ReadAction","target":["https:\/\/jam-news.net\/az\/az%c9%99rbaycanin-xarici-media-il%c9%99-qarsidurmasi\/"]}]},{"@type":"ImageObject","inLanguage":"az","@id":"https:\/\/jam-news.net\/az\/az%c9%99rbaycanin-xarici-media-il%c9%99-qarsidurmasi\/#primaryimage","url":"https:\/\/jam-news.net\/app\/uploads\/2026\/09\/website-format-2026-09-01T142101.972.png","contentUrl":"https:\/\/jam-news.net\/app\/uploads\/2026\/09\/website-format-2026-09-01T142101.972.png","width":3120,"height":1755,"caption":"Az\u0259rbaycan\u0131n xarici media il\u0259 qar\u015f\u0131durmas\u0131"},{"@type":"BreadcrumbList","@id":"https:\/\/jam-news.net\/az\/az%c9%99rbaycanin-xarici-media-il%c9%99-qarsidurmasi\/#breadcrumb","itemListElement":[{"@type":"ListItem","position":1,"name":"Home","item":"https:\/\/jam-news.net\/az\/"},{"@type":"ListItem","position":2,"name":"Siyasi m\u0259hbuslar, \u018fli K\u0259rimli v\u0259 Qaraba\u011f filmi: Bak\u0131 niy\u0259 f\u0259rqli materiallar\u0131 vahid \u201cinformasiya kampaniyas\u0131\u201d say\u0131r?"}]},{"@type":"WebSite","@id":"https:\/\/jam-news.net\/az\/#website","url":"https:\/\/jam-news.net\/az\/","name":"Azerbaijani Jamnews","description":"Caucasus News, Politics and Society","publisher":{"@id":"https:\/\/jam-news.net\/az\/#organization"},"potentialAction":[{"@type":"SearchAction","target":{"@type":"EntryPoint","urlTemplate":"https:\/\/jam-news.net\/az\/?s={search_term_string}"},"query-input":{"@type":"PropertyValueSpecification","valueRequired":true,"valueName":"search_term_string"}}],"inLanguage":"az"},{"@type":"Organization","@id":"https:\/\/jam-news.net\/az\/#organization","name":"JAMnews","url":"https:\/\/jam-news.net\/az\/","logo":{"@type":"ImageObject","inLanguage":"az","@id":"https:\/\/jam-news.net\/az\/#\/schema\/logo\/image\/","url":"https:\/\/jam-news.net\/app\/uploads\/2020\/05\/JAM_w.jpg","contentUrl":"https:\/\/jam-news.net\/app\/uploads\/2020\/05\/JAM_w.jpg","width":960,"height":960,"caption":"JAMnews"},"image":{"@id":"https:\/\/jam-news.net\/az\/#\/schema\/logo\/image\/"},"sameAs":["https:\/\/www.facebook.com\/JAMnewsInEnglish\/","https:\/\/x.com\/JAMnewsCaucasus","https:\/\/www.instagram.com\/jam_news\/","https:\/\/www.youtube.com\/channel\/UCXQbUCme2pykuZYXWHx4VPg"]},{"@type":"Person","@id":"https:\/\/jam-news.net\/az\/#\/schema\/person\/eb45af4c98a871b32118a93d3d66e159","name":"elmisham","image":{"@type":"ImageObject","inLanguage":"az","@id":"https:\/\/jam-news.net\/az\/#\/schema\/person\/image\/","url":"https:\/\/secure.gravatar.com\/avatar\/37fa0366c180c74da87d58de88ffdc3f?s=96&d=mm&r=g","contentUrl":"https:\/\/secure.gravatar.com\/avatar\/37fa0366c180c74da87d58de88ffdc3f?s=96&d=mm&r=g","caption":"elmisham"},"url":"https:\/\/jam-news.net\/az\/author\/elmisham\/"}]}},"_links":{"self":[{"href":"https:\/\/jam-news.net\/az\/wp-json\/wp\/v2\/posts\/107791","targetHints":{"allow":["GET"]}}],"collection":[{"href":"https:\/\/jam-news.net\/az\/wp-json\/wp\/v2\/posts"}],"about":[{"href":"https:\/\/jam-news.net\/az\/wp-json\/wp\/v2\/types\/post"}],"author":[{"embeddable":true,"href":"https:\/\/jam-news.net\/az\/wp-json\/wp\/v2\/users\/60"}],"replies":[{"embeddable":true,"href":"https:\/\/jam-news.net\/az\/wp-json\/wp\/v2\/comments?post=107791"}],"version-history":[{"count":1,"href":"https:\/\/jam-news.net\/az\/wp-json\/wp\/v2\/posts\/107791\/revisions"}],"predecessor-version":[{"id":107794,"href":"https:\/\/jam-news.net\/az\/wp-json\/wp\/v2\/posts\/107791\/revisions\/107794"}],"wp:featuredmedia":[{"embeddable":true,"href":"https:\/\/jam-news.net\/az\/wp-json\/wp\/v2\/media\/107793"}],"wp:attachment":[{"href":"https:\/\/jam-news.net\/az\/wp-json\/wp\/v2\/media?parent=107791"}],"wp:term":[{"taxonomy":"category","embeddable":true,"href":"https:\/\/jam-news.net\/az\/wp-json\/wp\/v2\/categories?post=107791"},{"taxonomy":"post_tag","embeddable":true,"href":"https:\/\/jam-news.net\/az\/wp-json\/wp\/v2\/tags?post=107791"},{"taxonomy":"formation","embeddable":true,"href":"https:\/\/jam-news.net\/az\/wp-json\/wp\/v2\/formation?post=107791"},{"taxonomy":"post-author","embeddable":true,"href":"https:\/\/jam-news.net\/az\/wp-json\/wp\/v2\/post-author?post=107791"},{"taxonomy":"topic","embeddable":true,"href":"https:\/\/jam-news.net\/az\/wp-json\/wp\/v2\/topic?post=107791"},{"taxonomy":"tooltip","embeddable":true,"href":"https:\/\/jam-news.net\/az\/wp-json\/wp\/v2\/tooltip?post=107791"},{"taxonomy":"city","embeddable":true,"href":"https:\/\/jam-news.net\/az\/wp-json\/wp\/v2\/city?post=107791"}],"curies":[{"name":"wp","href":"https:\/\/api.w.org\/{rel}","templated":true}]}}