{"id":105067,"date":"2026-05-02T03:56:14","date_gmt":"2026-05-01T23:56:14","guid":{"rendered":"https:\/\/jam-news.net\/az\/?p=105067"},"modified":"2026-05-02T03:56:17","modified_gmt":"2026-05-01T23:56:17","slug":"ciliza-erm%c9%99ni-k%c9%99ndinin-gurcustana-verilm%c9%99si-il%c9%99-bagli-dezinformasiya-yerevan-v%c9%99-tbilisid%c9%99n-t%c9%99sdiql%c9%99nmis-m%c9%99lumatlar","status":"publish","type":"post","link":"https:\/\/jam-news.net\/az\/ciliza-erm%c9%99ni-k%c9%99ndinin-gurcustana-verilm%c9%99si-il%c9%99-bagli-dezinformasiya-yerevan-v%c9%99-tbilisid%c9%99n-t%c9%99sdiql%c9%99nmis-m%c9%99lumatlar\/","title":{"rendered":"Ciliza erm\u0259ni k\u0259ndinin G\u00fcrc\u00fcstana &#8220;verilm\u0259si&#8221; il\u0259 ba\u011fl\u0131 dezinformasiya: Yerevan v\u0259 Tbilisid\u0259n t\u0259sdiql\u0259nmi\u015f m\u0259lumatlar"},"content":{"rendered":"\n<p style=\"font-size:8px\"><strong><em>G\u00fcrc\u00fcstandan Erm\u0259nistan \u0259leyhin\u0259 feyk kampaniyas\u0131<\/em><\/strong><\/p>\n\n\n\n<p><a href=\"https:\/\/jam-news.net\/az\/category\/cografiya\/erm%C9%99nistan\/\" target=\"_blank\" rel=\"noreferrer noopener\">Erm\u0259nistanda<\/a> bir ne\u00e7\u0259 g\u00fcrc\u00fc medias\u0131n\u0131n eyni vaxtda yay\u0131mlad\u0131\u011f\u0131 m\u0259lumat geni\u015f rezonans do\u011furub. Bu materiallarda &#8220;Erm\u0259nistan\u0131n s\u0259rh\u0259dyan\u0131 Ciliza k\u0259ndini <a href=\"https:\/\/jam-news.net\/az\/category\/cografiya\/gurcustan\/\" target=\"_blank\" rel=\"noreferrer noopener\">G\u00fcrc\u00fcstana<\/a> qaytard\u0131\u011f\u0131&#8221; iddia olunurdu. G\u00fcrc\u00fc n\u0259\u015frl\u0259ri bu zaman ba\u015f nazir <a href=\"https:\/\/jam-news.net\/az\/topic\/nikol-pasinyan\/\" target=\"_blank\" rel=\"noreferrer noopener\">Nikol Pa\u015finyan\u0131n<\/a> s\u00f6zl\u0259rin\u0259 istinad edirdil\u0259r. Lakin o, bel\u0259 bir b\u0259yanat verm\u0259yib.<\/p>\n\n\n\n<p>Pa\u015finyan yaln\u0131z Erm\u0259nistan\u0131n g\u00fcnd\u0259mind\u0259 G\u00fcrc\u00fcstanla s\u0259rh\u0259dl\u0259rin delimitasiyas\u0131 m\u0259s\u0259l\u0259sinin d\u0259 qald\u0131\u011f\u0131n\u0131 bildirib. Bu iddialar\u0131 Erm\u0259nistan ba\u015f nazirinin m\u0259tbuat katibi Nazeli Baqdasaryan t\u0259kzib edib.<\/p>\n\n\n\n<p>Buna baxmayaraq, b\u0259zi erm\u0259ni m\u00fcxalif n\u0259\u015frl\u0259ri bu m\u0259lumat\u0131 yenid\u0259n d\u0259rc edibl\u0259r.<\/p>\n\n\n\n<p>Bunun fonunda erm\u0259ni sosial media seqmentind\u0259 istifad\u0259\u00e7il\u0259r yaln\u0131z dost G\u00fcrc\u00fcstanda &#8220;Erm\u0259nistana qar\u015f\u0131 hibrid m\u00fcharib\u0259y\u0259 qo\u015fulmaq&#8221; iddialar\u0131na etiraz etm\u0259kl\u0259 kifay\u0259tl\u0259nm\u0259yib, h\u0259m d\u0259 yerli mediada dezinformasiya yayanlar\u0131n c\u0259zaland\u0131r\u0131lmas\u0131n\u0131 t\u0259l\u0259b edibl\u0259r.<\/p>\n\n\n\n<p><em>JAMnews G\u00fcrc\u00fcstan v\u0259 Erm\u0259nistandan t\u0259sdiql\u0259nmi\u015f m\u0259lumatlar\u0131 t\u0259qdim edir. V\u0259ziyy\u0259ti g\u00fcrc\u00fc politoloq Giorgi Tumasian, el\u0259c\u0259 d\u0259 erm\u0259ni sosial media istifad\u0259\u00e7il\u0259ri \u015f\u0259rh edir.<\/em><\/p>\n\n\n\n<hr class=\"wp-block-separator has-alpha-channel-opacity is-style-wide\"\/>\n\n\n\n<p><a href=\"https:\/\/jam-news.net\/az\/yeni-c%C9%99nubi-qafqaz-%C9%99sas-m%C9%99s%C9%99l%C9%99-%C9%99razil%C9%99r-uz%C9%99rind%C9%99-deyil-d%C9%99hlizl%C9%99r-uz%C9%99rind%C9%99-n%C9%99zar%C9%99tdir-r%C9%99y\/\" target=\"_blank\" rel=\"noreferrer noopener\">&#8220;Yeni C\u0259nubi Qafqaz: \u0259sas m\u0259s\u0259l\u0259 \u0259razil\u0259r \u00fcz\u0259rind\u0259 deyil, d\u0259hlizl\u0259r \u00fcz\u0259rind\u0259 n\u0259zar\u0259tdir&#8221;. R\u0259y<\/a><\/p>\n\n\n\n<p><a href=\"https:\/\/jam-news.net\/az\/gurcustan-d%C9%99mir-yollari-az%C9%99rbaycandan-erm%C9%99nistana-yanacagi-bir-d%C9%99f%C9%99lik-pulsuz-dasiyacaq\/\" target=\"_blank\" rel=\"noreferrer noopener\">&#8220;G\u00fcrc\u00fcstan D\u0259mir Yollar\u0131&#8221; Az\u0259rbaycandan Erm\u0259nistana yanaca\u011f\u0131 bir d\u0259f\u0259lik pulsuz da\u015f\u0131yacaq<\/a><\/p>\n\n\n\n<p><a href=\"https:\/\/jam-news.net\/az\/movqe-erm%C9%99nistan-v%C9%99-az%C9%99rbaycan-artiq-amerika-si-layih%C9%99l%C9%99rinin-bir-hiss%C9%99sidir-gurcustan-is%C9%99-imkanlari-itirir\/\" target=\"_blank\" rel=\"noreferrer noopener\">M\u00f6vqe: &#8220;Erm\u0259nistan v\u0259 Az\u0259rbaycan art\u0131q Amerika S\u0130 layih\u0259l\u0259rinin bir hiss\u0259sidir, G\u00fcrc\u00fcstan is\u0259 imkanlar\u0131 itirir&#8221;<\/a><\/p>\n\n\n\n<hr class=\"wp-block-separator has-alpha-channel-opacity is-style-wide\"\/>\n\n\n\n<h2 class=\"wp-block-heading has-vivid-red-color has-text-color has-link-color wp-elements-6e5a13ec92d6f18454c4e498acc703af\"><strong>Tbilisid\u0259n m\u0259lumatlar<\/strong><\/h2>\n\n\n\n<p>27-28 aprel tarixl\u0259rind\u0259 bir s\u0131ra g\u00fcrc\u00fc media orqanlar\u0131, o c\u00fcml\u0259d\u0259n &#8220;Mtavari&#8221;, CNews Exclusive, Dedoplistskaro televiziya kanal\u0131, Itv.ge v\u0259 &#8220;Flashnews&#8221; n\u0259\u015frl\u0259rinin x\u0259b\u0259r s\u0259hif\u0259l\u0259ri, h\u0259m\u00e7inin onlar\u0131n Facebook s\u0259hif\u0259l\u0259ri v\u0259 g\u00fcrc\u00fc sosial media istifad\u0259\u00e7il\u0259ri Erm\u0259nistan\u0131n guya erm\u0259ni-g\u00fcrc\u00fc s\u0259rh\u0259dinin demarkasiyas\u0131 ba\u015fa \u00e7atd\u0131qdan sonra s\u0259rh\u0259dyan\u0131 Ciliza k\u0259ndini G\u00fcrc\u00fcstana &#8220;qaytaraca\u011f\u0131&#8221; bar\u0259d\u0259 m\u0259lumatlar yay\u0131blar.<\/p>\n\n\n\n<p>B\u0259zi payla\u015f\u0131mlarda bu iddia Erm\u0259nistan\u0131n ba\u015f naziri Nikol Pa\u015finyan\u0131n a\u00e7\u0131qlamas\u0131 il\u0259 \u0259laq\u0259l\u0259ndirilib. O, h\u0259qiq\u0259t\u0259n d\u0259 G\u00fcrc\u00fcstanla s\u0259rh\u0259dl\u0259rin delimitasiyas\u0131n\u0131n tamamlanmas\u0131n\u0131n g\u00fcnd\u0259md\u0259 oldu\u011funu v\u0259 bu m\u0259s\u0259l\u0259 il\u0259 ba\u011fl\u0131 g\u00fcrc\u00fc t\u0259r\u0259fda\u015flarla raz\u0131la\u015fmalar\u0131n \u0259ld\u0259 edildiyini bildirmi\u015fdi. Lakin Pa\u015finyan n\u0259 Ciliza k\u0259ndinin ad\u0131n\u0131 \u00e7\u0259kib, n\u0259 d\u0259 h\u0259r hans\u0131 \u0259razinin verilm\u0259si bar\u0259d\u0259 dan\u0131\u015f\u0131b.<\/p>\n\n\n\n<p>B\u0259zi payla\u015f\u0131mlarda is\u0259 daha ir\u0259li gedil\u0259r\u0259k Erm\u0259nistan v\u0259 G\u00fcrc\u00fcstan\u0131n art\u0131q s\u0259rh\u0259din demarkasiyas\u0131n\u0131n tamamlanmas\u0131 il\u0259 ba\u011fl\u0131 raz\u0131l\u0131\u011fa g\u0259ldiyi iddia olunurdu. Bu m\u0259lumatlar daha sonra Facebook-da geni\u015f yay\u0131l\u0131b. Ayr\u0131-ayr\u0131 istifad\u0259\u00e7il\u0259r v\u0259 s\u0259hif\u0259l\u0259r &#8220;Mtavari&#8221; t\u0259r\u0259find\u0259n haz\u0131rlanm\u0131\u015f m\u0259tn v\u0259 infoqrafikan\u0131 payla\u015faraq bu iddialar\u0131 tirajlay\u0131blar.<\/p>\n\n\n\n<h3 class=\"wp-block-heading\"><strong>Bu m\u0259lumat nec\u0259 peyda olub v\u0259 nec\u0259 d\u00fcz\u0259ldilib<\/strong><\/h3>\n\n\n\n<p>\u0130lkin olaraq bu m\u0259lumat Business Press News agentliyi t\u0259r\u0259find\u0259n yay\u0131mlan\u0131b. Daha sonra redaksiya d\u00fcz\u0259li\u015f ver\u0259r\u0259k oxuculardan qeyri-d\u0259qiqliy\u0259 g\u00f6r\u0259 \u00fczr ist\u0259yib.<\/p>\n\n\n\n<p>D\u00fcz\u0259li\u015fd\u0259 BPN bildirib ki, material \u0259vv\u0259lc\u0259 &#8220;Erm\u0259nistan s\u0259rh\u0259dyan\u0131 k\u0259ndi G\u00fcrc\u00fcstana qaytar\u0131r, Pa\u015finyan: &#8216;G\u00fcrc\u00fcstanla s\u0259rh\u0259din demarkasiyas\u0131n\u0131n ba\u015fa \u00e7atd\u0131r\u0131lmas\u0131 bar\u0259d\u0259 raz\u0131la\u015fm\u0131\u015f\u0131q'&#8221; ba\u015fl\u0131\u011f\u0131 il\u0259 d\u0259rc olunub.<\/p>\n\n\n\n<p>Redaksiyan\u0131n m\u0259lumat\u0131na g\u00f6r\u0259, bu material\u0131n m\u0259nb\u0259yi 2024-c\u00fc ilin mart\u0131nda erm\u0259ni &#8220;Joxovurd&#8221; q\u0259zetind\u0259 d\u0259rc olunmu\u015f informasiya olub. H\u0259min vaxt q\u0259zet yaz\u0131rd\u0131 ki, Erm\u0259nistan guya demarkasiya \u00e7\u0259r\u00e7iv\u0259sind\u0259 Ciliza k\u0259ndini G\u00fcrc\u00fcstana &#8220;qaytarma\u011f\u0131&#8221; planla\u015fd\u0131r\u0131r. Daha sonra, 2024-c\u00fc ilin aprelind\u0259 &#8220;Joxovurd&#8221; Pa\u015finyan\u0131n m\u0259tbuat katibin\u0259 m\u00fcraci\u0259t ed\u0259r\u0259k hans\u0131 \u0259razil\u0259rin G\u00fcrc\u00fcstanla demarkasiya edil\u0259c\u0259yini v\u0259 \u015fayi\u0259l\u0259r\u0259 g\u00f6r\u0259 G\u00fcrc\u00fcstana veril\u0259 bil\u0259c\u0259k Cilizan\u0131n bu proses\u0259 daxil olub-olmad\u0131\u011f\u0131n\u0131 soru\u015fub.<\/p>\n\n\n\n<p>Cavab olaraq m\u0259tbuat katibi izah edib ki, s\u00f6hb\u0259t yaln\u0131z G\u00fcrc\u00fcstanla strateji \u0259m\u0259kda\u015fl\u0131q haqq\u0131nda b\u0259yannam\u0259 kontekstind\u0259 demarkasiya m\u00f6vzusunun \u00fcmumi m\u00fczakir\u0259sind\u0259n gedirdi. Onun s\u00f6zl\u0259rin\u0259 g\u00f6r\u0259, ba\u015f nazirin a\u00e7\u0131qlamas\u0131ndan ba\u015fqa h\u0259min vaxt \u0259lav\u0259 he\u00e7 bir m\u0259lumat olmay\u0131b.<\/p>\n\n\n\n<p>28 aprel tarixind\u0259 Nazeli Baqdasaryan yenid\u0259n b\u0259yan edib ki, Erm\u0259nistan\u0131n suveren \u0259razisinin h\u0259r hans\u0131 hiss\u0259sinin ba\u015fqa \u00f6lk\u0259y\u0259 verilm\u0259si il\u0259 ba\u011fl\u0131 niyy\u0259t, plan v\u0259 ya raz\u0131la\u015fma bar\u0259d\u0259 iddialar h\u0259qiq\u0259t\u0259 uy\u011fun deyil.<\/p>\n\n\n\n<p>Bundan sonra Business Press News qeyri-d\u0259qiqliyi etiraf edib v\u0259 oxuculardan \u00fczr ist\u0259yib.<\/p>\n\n\n<article class=\"single-card uk-flex uk-flex-between m-b-sm-40\">\n\n  <div class=\"uk-grid wi-full-width\">\n\n    <div class=\"uk-width-2-3 p-t-sm-10\">\n      <a href=\"https:\/\/jam-news.net\/az\/rusiya-erm%c9%99nistanin-iqtisadiyyatini-basqalarinin-%c9%99li-il%c9%99-dagitmaga-calisir-o-basqa-%c9%99l-is%c9%99-gurcustandir-movqe\/\" target=\"_blank\">\n\n\n\n\n\n        <h2 class=\"m-b-sm-23 wi-merriweather-light\">\n\t&quot;Rusiya Erm\u0259nistan\u0131n iqtisadiyyat\u0131n\u0131 ba\u015fqalar\u0131n\u0131n \u0259li il\u0259 da\u011f\u0131tma\u011fa \u00e7al\u0131\u015f\u0131r, o &#039;ba\u015fqa \u0259l&#039; is\u0259 G\u00fcrc\u00fcstand\u0131r.&quot; M\u00f6vqe\n<\/h2>\n\n        <p class=\"paragraph-color-2 m-b-sm-10 m-b-xs-7\">\n  Politoloq Paata Zakarei\u015fvili: \u201cRusiya il\u0259 Erm\u0259nistan aras\u0131ndak\u0131 v\u0259ziyy\u0259t getdikc\u0259 daha da g\u0259rginl\u0259\u015fir\u201d\n<\/p>\n      <\/a>\n    <\/div>\n    <div class=\"uk-width-1-3\">\n      <figure class=\"wi-full-height choose-post__img wi-merriweather-light\">\n  <a class=\"\" href=\"https:\/\/jam-news.net\/az\/rusiya-erm%c9%99nistanin-iqtisadiyyatini-basqalarinin-%c9%99li-il%c9%99-dagitmaga-calisir-o-basqa-%c9%99l-is%c9%99-gurcustandir-movqe\/\">\n    <img decoding=\"async\" class=\"wi-full-height wi-ratio-img\" src=\"https:\/\/jam-news.net\/app\/uploads\/2025\/07\/Screen-Shot-2025-07-17-at-2.01.23-PM-1.png\" alt=\"\" uk-img \/>\n  <\/a>\n<\/figure>\n    <\/div>\n  <\/div>\n<\/article>\n\n\n\n<p>JAMnews-a m\u00fcsahib\u0259sind\u0259 h\u0259m g\u00fcrc\u00fc, h\u0259m d\u0259 erm\u0259ni siyas\u0259tini yax\u015f\u0131 tan\u0131yan &#8220;\u018fvv\u0259lc\u0259 G\u00fcrc\u00fcstan&#8221; siyasi t\u0259\u015f\u0259bb\u00fcs\u00fcn\u00fcn n\u00fcmay\u0259nd\u0259si Giorgi Tumasian bildirib ki, bu d\u0259f\u0259 feyk m\u0259lumat\u0131n yay\u0131lmas\u0131, b\u00f6y\u00fck ehtimalla, jurnalist ehtiyats\u0131zl\u0131\u011f\u0131 il\u0259 ba\u011fl\u0131 olub.<\/p>\n\n\n\n<p>Cilizan\u0131n G\u00fcrc\u00fcstana verilm\u0259si m\u00f6vzusu is\u0259 h\u0259qiq\u0259t\u0259n 2024-c\u00fc ild\u0259 erm\u0259ni medias\u0131nda g\u00fcnd\u0259m\u0259 g\u0259lmi\u015fdi. H\u0259min vaxt Armlur.am n\u0259\u015fri bel\u0259 bir ehtimal bar\u0259d\u0259 <a href=\"https:\/\/armlur.am\/1354065\/\" target=\"_blank\" rel=\"noreferrer noopener\">yazm\u0131\u015f<\/a>, lakin m\u0259lumat\u0131n t\u0259sdiql\u0259nm\u0259mi\u015f &#8220;\u015fayi\u0259l\u0259r\u0259&#8221; \u0259sasland\u0131\u011f\u0131n\u0131 \u00f6z\u00fc d\u0259 qeyd etmi\u015fdi. Buna baxmayaraq, &#8220;Mithdetector&#8221;-un <a href=\"https:\/\/mythdetector.com\/ka\/sophel-jilizas-gadastsems\/\" target=\"_blank\" rel=\"noreferrer noopener\">yazd\u0131\u011f\u0131na<\/a> g\u00f6r\u0259, h\u0259min material daha sonra <a href=\"https:\/\/news.am\/arm\/news\/814596.html\" target=\"_blank\" rel=\"noreferrer noopener\">news.am<\/a>, <a href=\"http:\/\/ns.asekose.am\/ru\/post\/inc-taracqner-en-zijvelou-vrastanin\" target=\"_blank\" rel=\"noreferrer noopener\">asekose.am<\/a>, <a href=\"https:\/\/mamul.am\/am\/news\/288372\" target=\"_blank\" rel=\"noreferrer noopener\">mamul.am<\/a>, <a href=\"https:\/\/168.am\/2024\/03\/27\/2017064.html\" target=\"_blank\" rel=\"noreferrer noopener\">168.am<\/a> daxil olmaqla dig\u0259r erm\u0259ni saytlar\u0131 t\u0259r\u0259find\u0259n d\u0259rc olunub.<\/p>\n\n\n\n<p>M\u00f6vcud m\u0259lumatlara g\u00f6r\u0259, G\u00fcrc\u00fcstan\u0131n r\u0259smi qurumlar\u0131 bu m\u0259s\u0259l\u0259 il\u0259 ba\u011fl\u0131 h\u0259l\u0259lik a\u00e7\u0131qlama verm\u0259yib. &#8220;Mithdetector&#8221; \u015f\u0259rh almaq \u00fc\u00e7\u00fcn G\u00fcrc\u00fcstan\u0131n Xarici \u0130\u015fl\u0259r Nazirliyin\u0259 m\u00fcraci\u0259t edib.<\/p>\n\n\n\n<h2 class=\"wp-block-heading has-vivid-red-color has-text-color has-link-color wp-elements-106674d139ed6ac1fb4df1ef7b1cbc21\"><strong>Yerevandan m\u0259lumat<\/strong><\/h2>\n\n\n\n<h3 class=\"wp-block-heading\"><strong>Dezinformasiyaya n\u0259 s\u0259b\u0259b olub<\/strong><\/h3>\n\n\n\n<p>Dezinformasiyan\u0131n yay\u0131lmas\u0131na s\u0259b\u0259b Erm\u0259nistan\u0131n ba\u015f naziri Nikol Pa\u015finyan\u0131n Erm\u0259nistan Milli T\u0259hl\u00fck\u0259sizlik Xidm\u0259tinin S\u0259rh\u0259d Qo\u015funlar\u0131 G\u00fcn\u00fc m\u00fcnasib\u0259til\u0259 ke\u00e7iril\u0259n t\u0259dbird\u0259 verdiyi b\u0259yanat olub. O, \u00e7\u0131x\u0131\u015f\u0131nda Erm\u0259nistan \u00fc\u00e7\u00fcn art\u0131q &#8220;Az\u0259rbaycanla s\u0259rh\u0259din delimitasiya v\u0259 demarkasiya olunmu\u015f 12 kilometrlik hiss\u0259sinin m\u00f6vcudlu\u011funun, burada Erm\u0259nistan s\u0259rh\u0259d\u00e7il\u0259rinin xidm\u0259t aparmas\u0131n\u0131n&#8221; n\u0259 q\u0259d\u0259r vacib oldu\u011funu qeyd edib. Pa\u015finyan bunun istisna hal oldu\u011funu vur\u011fulay\u0131b. H\u0259min 12 kilometrlik \u0259razid\u0259 Erm\u0259nistan v\u0259 Az\u0259rbaycan silahl\u0131 q\u00fcvv\u0259l\u0259rinin h\u0259rb\u00e7il\u0259ri kaska v\u0259 bronjilet olmadan xidm\u0259t apar\u0131r, avtomatlar\u0131n daraqlar\u0131n\u0131 is\u0259 silahda deyil, \u00e7antalar\u0131nda saxlay\u0131rlar.<\/p>\n\n\n\n<p><strong>Daha sonra o \u0259lav\u0259 edib ki, G\u00fcrc\u00fcstanla s\u0259rh\u0259din demarkasiyas\u0131 m\u0259s\u0259l\u0259si d\u0259 g\u00fcnd\u0259md\u0259 qal\u0131r.<\/strong><\/p>\n\n\n\n<p><em>\u201cV\u0259 biz bu m\u0259s\u0259l\u0259 il\u0259 ba\u011fl\u0131 g\u00fcrc\u00fc t\u0259r\u0259fda\u015flar\u0131m\u0131zla art\u0131q raz\u0131la\u015fmalar \u0259ld\u0259 etmi\u015fik\u201d,<\/em> &#8211; dey\u0259 o bildirib.<\/p>\n\n\n\n<p>Pa\u015finyan bu m\u00f6vzu il\u0259 ba\u011fl\u0131 ba\u015fqa he\u00e7 n\u0259 dem\u0259yib, x\u00fcsusil\u0259 d\u0259 h\u0259r hans\u0131 erm\u0259ni k\u0259ndinin G\u00fcrc\u00fcstana verilm\u0259sind\u0259n b\u0259hs etm\u0259yib.<\/p>\n\n\n\n<h3 class=\"wp-block-heading\"><strong>Ba\u015f nazirin m\u0259tbuat katibinin t\u0259kzibi<\/strong><\/h3>\n\n\n\n<p>Erm\u0259nistan ba\u015f nazirinin m\u0259tbuat katibi Nazeli Baqdasaryan Facebook s\u0259hif\u0259sind\u0259 yaz\u0131b:<\/p>\n\n\n\n<p><em>\u201cBir s\u0131ra K\u0130V-l\u0259rd\u0259 guya delimitasiya prosesi \u00e7\u0259r\u00e7iv\u0259sind\u0259 Erm\u0259nistan\u0131n Alaverdi icmas\u0131na daxil olan Ciliza k\u0259ndini G\u00fcrc\u00fcstana ver\u0259c\u0259yi bar\u0259d\u0259 \u201cm\u0259lumat\u201d yay\u0131l\u0131b.<\/em><\/p>\n\n\n\n<p><em>Erm\u0259nistan Respublikas\u0131n\u0131n suveren \u0259razisinin h\u0259r hans\u0131 hiss\u0259sinin ba\u015fqa \u00f6lk\u0259y\u0259 verilm\u0259si il\u0259 ba\u011fl\u0131 niyy\u0259t, plan v\u0259 ya raz\u0131la\u015fma bar\u0259d\u0259 ist\u0259nil\u0259n b\u0259yanat, fikir v\u0259 ya \u201cm\u0259lumat\u201d mahiyy\u0259t etibaril\u0259 h\u0259qiq\u0259t\u0259 uy\u011fun ola bilm\u0259z.<\/em><\/p>\n\n\n\n<p><em>Bu s\u0259b\u0259bd\u0259n, \u0259vv\u0259l d\u0259 oldu\u011fu kimi, bel\u0259 m\u0259zmunlu b\u00fct\u00fcn payla\u015f\u0131mlar\u0131 h\u0259m indi, h\u0259m d\u0259 g\u0259l\u0259c\u0259kd\u0259 uydurma olduqlar\u0131 \u00fc\u00e7\u00fcn t\u0259kzib etmi\u015fik, edirik v\u0259 ed\u0259c\u0259yik\u201d.<\/em><\/p>\n\n\n\n<h3 class=\"wp-block-heading\"><strong>Ciliza k\u0259nd icra ba\u015f\u00e7\u0131s\u0131n\u0131n \u015f\u0259rhi<\/strong><\/h3>\n\n\n\n<p>Erm\u0259nistan\u0131n &#8220;5-ci kanal&#8221; n\u0259\u015frinin m\u00fcxbirl\u0259ri Ciliza k\u0259ndinin icra ba\u015f\u00e7\u0131s\u0131 Mqer Vardanyanla dan\u0131\u015f\u0131blar. O bildirib ki, k\u0259ndin verilm\u0259si il\u0259 ba\u011fl\u0131 \u015fayi\u0259l\u0259ri sosial \u015f\u0259b\u0259k\u0259l\u0259rd\u0259n oxuyub.<\/p>\n\n\n\n<p><strong>\u0130cra ba\u015f\u00e7\u0131s\u0131 Ciliza k\u0259ndinin qon\u015fu G\u00fcrc\u00fcstana verilm\u0259si \u00fc\u00e7\u00fcn he\u00e7 bir \u0259sas\u0131n olmad\u0131\u011f\u0131n\u0131 vur\u011fulay\u0131b.<\/strong><\/p>\n\n\n\n<p><em>\u201cBizim Ciliza he\u00e7 vaxt G\u00fcrc\u00fcstan \u0259razisind\u0259 olmay\u0131b, buna g\u00f6r\u0259 d\u0259 m\u00fcmk\u00fcn verilm\u0259 il\u0259 ba\u011fl\u0131 narahat deyilik\u201d, <\/em>&#8211; dey\u0259 o <a href=\"https:\/\/www.facebook.com\/reel\/1458867575238932\" target=\"_blank\" rel=\"noreferrer noopener\">bildirib<\/a>.<\/p>\n\n\n\n<p>Pa\u015finyan\u0131n demarkasiya prosesi il\u0259 ba\u011fl\u0131 a\u00e7\u0131qlamas\u0131n\u0131 \u015f\u0259rh ed\u0259n Vardanyan qeyd edib ki, h\u0259l\u0259lik Ciliza \u0259razisind\u0259 &#8220;bel\u0259 qruplar f\u0259aliyy\u0259t g\u00f6st\u0259rm\u0259yib&#8221;.<\/p>\n\n\n\n<h3 class=\"wp-block-heading has-vivid-red-color has-text-color has-link-color wp-elements-cc6d67b02f197a712e4e387094b13fd6\"><strong>Erm\u0259ni sosial media istifad\u0259\u00e7il\u0259rinin \u015f\u0259rhl\u0259ri<\/strong><\/h3>\n\n\n\n<p>Ciliza k\u0259ndinin G\u00fcrc\u00fcstana verilm\u0259si il\u0259 ba\u011fl\u0131 \u015fayi\u0259l\u0259r erm\u0259ni sosial media istifad\u0259\u00e7il\u0259rinin naraz\u0131l\u0131\u011f\u0131na s\u0259b\u0259b olub. Onlar\u0131n daha \u00e7ox etiraz\u0131na s\u0259b\u0259b olan is\u0259 G\u00fcrc\u00fcstanda yay\u0131lan dezinformasiyan\u0131n erm\u0259ni K\u0130V-l\u0259ri t\u0259r\u0259find\u0259n d\u0259rc edilm\u0259si olub. Ba\u015f nazirin m\u0259tbuat katibinin payla\u015f\u0131m\u0131n\u0131n alt\u0131ndak\u0131 \u015f\u0259rhl\u0259rd\u0259 istifad\u0259\u00e7il\u0259r yalan m\u0259lumat yayanlar\u0131n c\u0259zaland\u0131r\u0131lmas\u0131na \u00e7a\u011f\u0131r\u0131\u015f edirl\u0259r.<\/p>\n\n\n\n<p>Onlar\u0131n b\u0259zi r\u0259yl\u0259ri bel\u0259dir:<\/p>\n\n\n\n<p><em>\u201cSad\u0259c\u0259 t\u0259kzib kifay\u0259t deyil, bunu n\u0259 vaxt anlayacaqs\u0131n\u0131z? Daha effektiv yol c\u0259za t\u0259dbirl\u0259ridir. \u018fn uy\u011fun c\u0259za 2-3 milyon dram [5-8 min dollar] v\u0259 ya daha \u00e7ox m\u0259bl\u0259\u011fd\u0259 c\u0259rim\u0259 olar. Onda a\u011f\u0131llar\u0131n\u0131 ba\u015flar\u0131na y\u0131\u011farlar\u201d.<\/em><\/p>\n\n\n\n<p><em>\u201cErm\u0259nistan Respublikas\u0131n\u0131n \u0259razi b\u00fct\u00f6vl\u00fcy\u00fcn\u0259 qar\u015f\u0131 y\u00f6n\u0259lmi\u015f dezinformasiyan\u0131n yay\u0131lmas\u0131na g\u00f6r\u0259 onlar\u0131 h\u00fcquq-m\u00fchafiz\u0259 orqanlar\u0131na verin\u201d.<\/em><\/p>\n\n\n\n<p><em>\u201cArt\u0131q g\u00fclm\u0259li deyil ki, hakimiyy\u0259t h\u0259r g\u00fcn Kremlin n\u0259zar\u0259tind\u0259 olan media v\u0259 agentl\u0259rin yayd\u0131\u011f\u0131 dezinformasiyan\u0131 t\u0259kzib edir v\u0259 bununla d\u00f6vl\u0259timizi sars\u0131d\u0131rlar. Bunun \u00fc\u00e7\u00fcn d\u00f6vl\u0259t t\u0259hl\u00fck\u0259sizliyi orqanlar\u0131 var. Qanun da var, m\u0259suliyy\u0259t\u0259 c\u0259lb etm\u0259k olar. Siz ruslardan qorxursunuz? N\u0259 etdiyinizin f\u0259rqind\u0259 deyilsiniz? V\u0259ziyy\u0259tin ciddiliyini anlam\u0131rs\u0131n\u0131z? Bizi, yoxsa \u00f6z\u00fcn\u00fc \u0259l\u0259 sal\u0131rs\u0131n\u0131z? Z\u0259hm\u0259t olmasa, hans\u0131 variant\u0131n do\u011fru oldu\u011funu deyin ki, anlayaq. Art\u0131q h\u0259r \u015fey \u015f\u00fcbh\u0259li g\u00f6r\u00fcn\u00fcr\u201d.<\/em><\/p>\n\n\n\n<p><em>\u201cSizin bu t\u0259kzibl\u0259riniz bizi art\u0131q d\u0259li edib. N\u0259hay\u0259t dezinformasiya yayanlar\u0131 c\u0259zaland\u0131r\u0131n. \u018fks halda \u0259s\u0259bl\u0259rimiz tab g\u0259tirmir\u201d.<\/em><\/p>\n\n\n\n<p><em>\u201cBizd\u0259 art\u0131q bu yalanlara qar\u015f\u0131 immunitet formala\u015f\u0131b. H\u0259r halda, operativ reaksiya verib insanlar\u0131 m\u0259lumatland\u0131rma\u011f\u0131n\u0131z d\u00fczg\u00fcn add\u0131md\u0131r\u201d.<\/em><\/p>\n\n\n\n<p style=\"font-size:3px\">G\u00fcrc\u00fcstandan Erm\u0259nistan \u0259leyhin\u0259 feyk kampaniyas\u0131<\/p>\n","protected":false},"excerpt":{"rendered":"<p>G\u00fcrc\u00fc medias\u0131nda yay\u0131lan dezinformasiya Erm\u0259nistanda naraz\u0131l\u0131q do\u011furub. H\u0259r iki \u00f6lk\u0259d\u0259n t\u0259sdiql\u0259nmi\u015f m\u0259lumatlar v\u0259 \u015f\u0259rhl\u0259r<\/p>\n","protected":false},"author":62,"featured_media":104991,"comment_status":"closed","ping_status":"closed","sticky":false,"template":"","format":"standard","meta":{"_acf_changed":false,"footnotes":""},"categories":[27,3,25,50,49,5],"tags":[6964,6963,6959,6962,6960,6952,6956,6955,33,6954,15,6958,6961,6965,6953,415,1976],"formation":[],"post-author":[2888],"topic":[4951,6072,4953,413,5826],"tooltip":[],"city":[6049,6054],"class_list":["post-105067","post","type-post","status-publish","format-standard","has-post-thumbnail","hentry","category-ermnistan","category-gurcustan","category-cmiyyt","category-xbrlr","category-srh","category-siyast","tag-5-ci-kanal-nsri","tag-evvlc-gurcustan","tag-flashnews","tag-armlur-am","tag-business-press-news","tag-ciliza-kndi","tag-cnews-exclusive","tag-dedoplistskaro-televiziya-kanali","tag-ermnistan","tag-giorgi-tumasian","tag-gurcustan","tag-itv-ge","tag-joxovurd","tag-mqer-vardanyan","tag-nazeli-baqdasaryan","tag-nikol-pasinyan","tag-mtavari","post-author-jamnews","topic-ermnistan","topic-ermnistan-gurcustan","topic-gurcustan","topic-nikol-pasinyan","topic-gurcustanda-siyast","city-tbilisi","city-yerevan"],"acf":[],"yoast_head":"<!-- This site is optimized with the Yoast SEO plugin v24.1 - https:\/\/yoast.com\/wordpress\/plugins\/seo\/ -->\n<title>G\u00fcrc\u00fcstandan Erm\u0259nistan \u0259leyhin\u0259 feyk kampaniyas\u0131 |JAMnews<\/title>\n<meta name=\"description\" content=\"G\u00fcrc\u00fcstandan Erm\u0259nistan \u0259leyhin\u0259 feyk kampaniyas\u0131. G\u00fcrc\u00fc medias\u0131 Erm\u0259nistan\u0131n Ciliza erm\u0259ni k\u0259ndini G\u00fcrc\u00fcstana &quot;verdiyini&quot; yaz\u0131b. \u015e\u0259rhl\u0259r\" \/>\n<meta name=\"robots\" content=\"index, follow, max-snippet:-1, max-image-preview:large, max-video-preview:-1\" \/>\n<link rel=\"canonical\" href=\"https:\/\/jam-news.net\/az\/ciliza-erm\u0259ni-k\u0259ndinin-gurcustana-verilm\u0259si-il\u0259-bagli-dezinformasiya-yerevan-v\u0259-tbilisid\u0259n-t\u0259sdiql\u0259nmis-m\u0259lumatlar\/\" \/>\n<meta property=\"og:locale\" content=\"az_AZ\" \/>\n<meta property=\"og:type\" content=\"article\" \/>\n<meta property=\"og:title\" content=\"Ciliza erm\u0259ni k\u0259ndinin G\u00fcrc\u00fcstana &quot;verilm\u0259si&quot; il\u0259 ba\u011fl\u0131 dezinformasiya: Yerevan v\u0259 Tbilisid\u0259n t\u0259sdiql\u0259nmi\u015f m\u0259lumatlar\" \/>\n<meta property=\"og:description\" content=\"G\u00fcrc\u00fcstandan Erm\u0259nistan \u0259leyhin\u0259 feyk kampaniyas\u0131. G\u00fcrc\u00fc medias\u0131 Erm\u0259nistan\u0131n Ciliza erm\u0259ni k\u0259ndini G\u00fcrc\u00fcstana &quot;verdiyini&quot; yaz\u0131b. \u015e\u0259rhl\u0259r\" \/>\n<meta property=\"og:url\" content=\"https:\/\/jam-news.net\/az\/ciliza-erm\u0259ni-k\u0259ndinin-gurcustana-verilm\u0259si-il\u0259-bagli-dezinformasiya-yerevan-v\u0259-tbilisid\u0259n-t\u0259sdiql\u0259nmis-m\u0259lumatlar\/\" \/>\n<meta property=\"og:site_name\" content=\"Azerbaijani Jamnews\" \/>\n<meta property=\"article:publisher\" content=\"https:\/\/www.facebook.com\/JAMnewsInEnglish\/\" \/>\n<meta property=\"article:published_time\" content=\"2026-05-01T23:56:14+00:00\" \/>\n<meta property=\"article:modified_time\" content=\"2026-05-01T23:56:17+00:00\" \/>\n<meta property=\"og:image\" content=\"https:\/\/jam-news.net\/app\/uploads\/2026\/04\/Pashinyan_Georgia_fakenews.jpg\" \/>\n\t<meta property=\"og:image:width\" content=\"1200\" \/>\n\t<meta property=\"og:image:height\" content=\"641\" \/>\n\t<meta property=\"og:image:type\" content=\"image\/jpeg\" \/>\n<meta name=\"author\" content=\"gulnara\" \/>\n<meta name=\"twitter:card\" content=\"summary_large_image\" \/>\n<meta name=\"twitter:title\" content=\"Ciliza erm\u0259ni k\u0259ndinin G\u00fcrc\u00fcstana &quot;verilm\u0259si&quot; il\u0259 ba\u011fl\u0131 dezinformasiya: Yerevan v\u0259 Tbilisid\u0259n t\u0259sdiql\u0259nmi\u015f m\u0259lumatlar\" \/>\n<meta name=\"twitter:creator\" content=\"@JAMnewsCaucasus\" \/>\n<meta name=\"twitter:site\" content=\"@JAMnewsCaucasus\" \/>\n<meta name=\"twitter:label1\" content=\"Written by\" \/>\n\t<meta name=\"twitter:data1\" content=\"gulnara\" \/>\n\t<meta name=\"twitter:label2\" content=\"Est. reading time\" \/>\n\t<meta name=\"twitter:data2\" content=\"7 minutes\" \/>\n<script type=\"application\/ld+json\" class=\"yoast-schema-graph\">{\"@context\":\"https:\/\/schema.org\",\"@graph\":[{\"@type\":\"Article\",\"@id\":\"https:\/\/jam-news.net\/az\/ciliza-erm%c9%99ni-k%c9%99ndinin-gurcustana-verilm%c9%99si-il%c9%99-bagli-dezinformasiya-yerevan-v%c9%99-tbilisid%c9%99n-t%c9%99sdiql%c9%99nmis-m%c9%99lumatlar\/#article\",\"isPartOf\":{\"@id\":\"https:\/\/jam-news.net\/az\/ciliza-erm%c9%99ni-k%c9%99ndinin-gurcustana-verilm%c9%99si-il%c9%99-bagli-dezinformasiya-yerevan-v%c9%99-tbilisid%c9%99n-t%c9%99sdiql%c9%99nmis-m%c9%99lumatlar\/\"},\"author\":{\"name\":\"gulnara\",\"@id\":\"https:\/\/jam-news.net\/az\/#\/schema\/person\/9f5201213de7e745950950d0c1c0abab\"},\"headline\":\"Ciliza erm\u0259ni k\u0259ndinin G\u00fcrc\u00fcstana &#8220;verilm\u0259si&#8221; il\u0259 ba\u011fl\u0131 dezinformasiya: Yerevan v\u0259 Tbilisid\u0259n t\u0259sdiql\u0259nmi\u015f m\u0259lumatlar\",\"datePublished\":\"2026-05-01T23:56:14+00:00\",\"dateModified\":\"2026-05-01T23:56:17+00:00\",\"mainEntityOfPage\":{\"@id\":\"https:\/\/jam-news.net\/az\/ciliza-erm%c9%99ni-k%c9%99ndinin-gurcustana-verilm%c9%99si-il%c9%99-bagli-dezinformasiya-yerevan-v%c9%99-tbilisid%c9%99n-t%c9%99sdiql%c9%99nmis-m%c9%99lumatlar\/\"},\"wordCount\":1936,\"publisher\":{\"@id\":\"https:\/\/jam-news.net\/az\/#organization\"},\"image\":{\"@id\":\"https:\/\/jam-news.net\/az\/ciliza-erm%c9%99ni-k%c9%99ndinin-gurcustana-verilm%c9%99si-il%c9%99-bagli-dezinformasiya-yerevan-v%c9%99-tbilisid%c9%99n-t%c9%99sdiql%c9%99nmis-m%c9%99lumatlar\/#primaryimage\"},\"thumbnailUrl\":\"https:\/\/jam-news.net\/app\/uploads\/2026\/04\/Pashinyan_Georgia_fakenews.jpg\",\"keywords\":[\"\\\"5-ci kanal\\\" n\u0259\u015fri\",\"\\\"\u018fvv\u0259lc\u0259 G\u00fcrc\u00fcstan\\\"\",\"\\\"Flashnews\\\"\",\"Armlur.am\",\"Business Press News\",\"Ciliza k\u0259ndi\",\"CNews Exclusive\",\"Dedoplistskaro televiziya kanal\u0131\",\"Erm\u0259nistan\",\"Giorgi Tumasian\",\"G\u00fcrc\u00fcstan\",\"Itv.ge\",\"Joxovurd\",\"Mqer Vardanyan\",\"Nazeli Baqdasaryan\",\"Nikol Pa\u015finyan\",\"\u10db\u10d7\u10d0\u10d5\u10d0\u10e0\u10d8\"],\"articleSection\":[\"Armenia\",\"Georgia\",\"Issues\",\"News\",\"Opinion\",\"Politics\"],\"inLanguage\":\"az\"},{\"@type\":\"WebPage\",\"@id\":\"https:\/\/jam-news.net\/az\/ciliza-erm%c9%99ni-k%c9%99ndinin-gurcustana-verilm%c9%99si-il%c9%99-bagli-dezinformasiya-yerevan-v%c9%99-tbilisid%c9%99n-t%c9%99sdiql%c9%99nmis-m%c9%99lumatlar\/\",\"url\":\"https:\/\/jam-news.net\/az\/ciliza-erm%c9%99ni-k%c9%99ndinin-gurcustana-verilm%c9%99si-il%c9%99-bagli-dezinformasiya-yerevan-v%c9%99-tbilisid%c9%99n-t%c9%99sdiql%c9%99nmis-m%c9%99lumatlar\/\",\"name\":\"G\u00fcrc\u00fcstandan Erm\u0259nistan \u0259leyhin\u0259 feyk kampaniyas\u0131 |JAMnews\",\"isPartOf\":{\"@id\":\"https:\/\/jam-news.net\/az\/#website\"},\"primaryImageOfPage\":{\"@id\":\"https:\/\/jam-news.net\/az\/ciliza-erm%c9%99ni-k%c9%99ndinin-gurcustana-verilm%c9%99si-il%c9%99-bagli-dezinformasiya-yerevan-v%c9%99-tbilisid%c9%99n-t%c9%99sdiql%c9%99nmis-m%c9%99lumatlar\/#primaryimage\"},\"image\":{\"@id\":\"https:\/\/jam-news.net\/az\/ciliza-erm%c9%99ni-k%c9%99ndinin-gurcustana-verilm%c9%99si-il%c9%99-bagli-dezinformasiya-yerevan-v%c9%99-tbilisid%c9%99n-t%c9%99sdiql%c9%99nmis-m%c9%99lumatlar\/#primaryimage\"},\"thumbnailUrl\":\"https:\/\/jam-news.net\/app\/uploads\/2026\/04\/Pashinyan_Georgia_fakenews.jpg\",\"datePublished\":\"2026-05-01T23:56:14+00:00\",\"dateModified\":\"2026-05-01T23:56:17+00:00\",\"description\":\"G\u00fcrc\u00fcstandan Erm\u0259nistan \u0259leyhin\u0259 feyk kampaniyas\u0131. G\u00fcrc\u00fc medias\u0131 Erm\u0259nistan\u0131n Ciliza erm\u0259ni k\u0259ndini G\u00fcrc\u00fcstana \\\"verdiyini\\\" yaz\u0131b. \u015e\u0259rhl\u0259r\",\"breadcrumb\":{\"@id\":\"https:\/\/jam-news.net\/az\/ciliza-erm%c9%99ni-k%c9%99ndinin-gurcustana-verilm%c9%99si-il%c9%99-bagli-dezinformasiya-yerevan-v%c9%99-tbilisid%c9%99n-t%c9%99sdiql%c9%99nmis-m%c9%99lumatlar\/#breadcrumb\"},\"inLanguage\":\"az\",\"potentialAction\":[{\"@type\":\"ReadAction\",\"target\":[\"https:\/\/jam-news.net\/az\/ciliza-erm%c9%99ni-k%c9%99ndinin-gurcustana-verilm%c9%99si-il%c9%99-bagli-dezinformasiya-yerevan-v%c9%99-tbilisid%c9%99n-t%c9%99sdiql%c9%99nmis-m%c9%99lumatlar\/\"]}]},{\"@type\":\"ImageObject\",\"inLanguage\":\"az\",\"@id\":\"https:\/\/jam-news.net\/az\/ciliza-erm%c9%99ni-k%c9%99ndinin-gurcustana-verilm%c9%99si-il%c9%99-bagli-dezinformasiya-yerevan-v%c9%99-tbilisid%c9%99n-t%c9%99sdiql%c9%99nmis-m%c9%99lumatlar\/#primaryimage\",\"url\":\"https:\/\/jam-news.net\/app\/uploads\/2026\/04\/Pashinyan_Georgia_fakenews.jpg\",\"contentUrl\":\"https:\/\/jam-news.net\/app\/uploads\/2026\/04\/Pashinyan_Georgia_fakenews.jpg\",\"width\":1200,\"height\":641},{\"@type\":\"BreadcrumbList\",\"@id\":\"https:\/\/jam-news.net\/az\/ciliza-erm%c9%99ni-k%c9%99ndinin-gurcustana-verilm%c9%99si-il%c9%99-bagli-dezinformasiya-yerevan-v%c9%99-tbilisid%c9%99n-t%c9%99sdiql%c9%99nmis-m%c9%99lumatlar\/#breadcrumb\",\"itemListElement\":[{\"@type\":\"ListItem\",\"position\":1,\"name\":\"Home\",\"item\":\"https:\/\/jam-news.net\/az\/\"},{\"@type\":\"ListItem\",\"position\":2,\"name\":\"Ciliza erm\u0259ni k\u0259ndinin G\u00fcrc\u00fcstana &#8220;verilm\u0259si&#8221; il\u0259 ba\u011fl\u0131 dezinformasiya: Yerevan v\u0259 Tbilisid\u0259n t\u0259sdiql\u0259nmi\u015f m\u0259lumatlar\"}]},{\"@type\":\"WebSite\",\"@id\":\"https:\/\/jam-news.net\/az\/#website\",\"url\":\"https:\/\/jam-news.net\/az\/\",\"name\":\"Azerbaijani Jamnews\",\"description\":\"Caucasus News, Politics and Society\",\"publisher\":{\"@id\":\"https:\/\/jam-news.net\/az\/#organization\"},\"potentialAction\":[{\"@type\":\"SearchAction\",\"target\":{\"@type\":\"EntryPoint\",\"urlTemplate\":\"https:\/\/jam-news.net\/az\/?s={search_term_string}\"},\"query-input\":{\"@type\":\"PropertyValueSpecification\",\"valueRequired\":true,\"valueName\":\"search_term_string\"}}],\"inLanguage\":\"az\"},{\"@type\":\"Organization\",\"@id\":\"https:\/\/jam-news.net\/az\/#organization\",\"name\":\"JAMnews\",\"url\":\"https:\/\/jam-news.net\/az\/\",\"logo\":{\"@type\":\"ImageObject\",\"inLanguage\":\"az\",\"@id\":\"https:\/\/jam-news.net\/az\/#\/schema\/logo\/image\/\",\"url\":\"https:\/\/jam-news.net\/app\/uploads\/2020\/05\/JAM_w.jpg\",\"contentUrl\":\"https:\/\/jam-news.net\/app\/uploads\/2020\/05\/JAM_w.jpg\",\"width\":960,\"height\":960,\"caption\":\"JAMnews\"},\"image\":{\"@id\":\"https:\/\/jam-news.net\/az\/#\/schema\/logo\/image\/\"},\"sameAs\":[\"https:\/\/www.facebook.com\/JAMnewsInEnglish\/\",\"https:\/\/x.com\/JAMnewsCaucasus\",\"https:\/\/www.instagram.com\/jam_news\/\",\"https:\/\/www.youtube.com\/channel\/UCXQbUCme2pykuZYXWHx4VPg\"]},{\"@type\":\"Person\",\"@id\":\"https:\/\/jam-news.net\/az\/#\/schema\/person\/9f5201213de7e745950950d0c1c0abab\",\"name\":\"gulnara\",\"image\":{\"@type\":\"ImageObject\",\"inLanguage\":\"az\",\"@id\":\"https:\/\/jam-news.net\/az\/#\/schema\/person\/image\/\",\"url\":\"https:\/\/secure.gravatar.com\/avatar\/c1ec22b621eb2f555f0e3b7a02648ad7?s=96&d=mm&r=g\",\"contentUrl\":\"https:\/\/secure.gravatar.com\/avatar\/c1ec22b621eb2f555f0e3b7a02648ad7?s=96&d=mm&r=g\",\"caption\":\"gulnara\"},\"url\":\"https:\/\/jam-news.net\/az\/author\/gulnara\/\"}]}<\/script>\n<!-- \/ Yoast SEO plugin. -->","yoast_head_json":{"title":"G\u00fcrc\u00fcstandan Erm\u0259nistan \u0259leyhin\u0259 feyk kampaniyas\u0131 |JAMnews","description":"G\u00fcrc\u00fcstandan Erm\u0259nistan \u0259leyhin\u0259 feyk kampaniyas\u0131. G\u00fcrc\u00fc medias\u0131 Erm\u0259nistan\u0131n Ciliza erm\u0259ni k\u0259ndini G\u00fcrc\u00fcstana \"verdiyini\" yaz\u0131b. \u015e\u0259rhl\u0259r","robots":{"index":"index","follow":"follow","max-snippet":"max-snippet:-1","max-image-preview":"max-image-preview:large","max-video-preview":"max-video-preview:-1"},"canonical":"https:\/\/jam-news.net\/az\/ciliza-erm\u0259ni-k\u0259ndinin-gurcustana-verilm\u0259si-il\u0259-bagli-dezinformasiya-yerevan-v\u0259-tbilisid\u0259n-t\u0259sdiql\u0259nmis-m\u0259lumatlar\/","og_locale":"az_AZ","og_type":"article","og_title":"Ciliza erm\u0259ni k\u0259ndinin G\u00fcrc\u00fcstana \"verilm\u0259si\" il\u0259 ba\u011fl\u0131 dezinformasiya: Yerevan v\u0259 Tbilisid\u0259n t\u0259sdiql\u0259nmi\u015f m\u0259lumatlar","og_description":"G\u00fcrc\u00fcstandan Erm\u0259nistan \u0259leyhin\u0259 feyk kampaniyas\u0131. G\u00fcrc\u00fc medias\u0131 Erm\u0259nistan\u0131n Ciliza erm\u0259ni k\u0259ndini G\u00fcrc\u00fcstana \"verdiyini\" yaz\u0131b. \u015e\u0259rhl\u0259r","og_url":"https:\/\/jam-news.net\/az\/ciliza-erm\u0259ni-k\u0259ndinin-gurcustana-verilm\u0259si-il\u0259-bagli-dezinformasiya-yerevan-v\u0259-tbilisid\u0259n-t\u0259sdiql\u0259nmis-m\u0259lumatlar\/","og_site_name":"Azerbaijani Jamnews","article_publisher":"https:\/\/www.facebook.com\/JAMnewsInEnglish\/","article_published_time":"2026-05-01T23:56:14+00:00","article_modified_time":"2026-05-01T23:56:17+00:00","og_image":[{"width":1200,"height":641,"url":"https:\/\/jam-news.net\/app\/uploads\/2026\/04\/Pashinyan_Georgia_fakenews.jpg","type":"image\/jpeg"}],"author":"gulnara","twitter_card":"summary_large_image","twitter_title":"Ciliza erm\u0259ni k\u0259ndinin G\u00fcrc\u00fcstana \"verilm\u0259si\" il\u0259 ba\u011fl\u0131 dezinformasiya: Yerevan v\u0259 Tbilisid\u0259n t\u0259sdiql\u0259nmi\u015f m\u0259lumatlar","twitter_creator":"@JAMnewsCaucasus","twitter_site":"@JAMnewsCaucasus","twitter_misc":{"Written by":"gulnara","Est. reading time":"7 minutes"},"schema":{"@context":"https:\/\/schema.org","@graph":[{"@type":"Article","@id":"https:\/\/jam-news.net\/az\/ciliza-erm%c9%99ni-k%c9%99ndinin-gurcustana-verilm%c9%99si-il%c9%99-bagli-dezinformasiya-yerevan-v%c9%99-tbilisid%c9%99n-t%c9%99sdiql%c9%99nmis-m%c9%99lumatlar\/#article","isPartOf":{"@id":"https:\/\/jam-news.net\/az\/ciliza-erm%c9%99ni-k%c9%99ndinin-gurcustana-verilm%c9%99si-il%c9%99-bagli-dezinformasiya-yerevan-v%c9%99-tbilisid%c9%99n-t%c9%99sdiql%c9%99nmis-m%c9%99lumatlar\/"},"author":{"name":"gulnara","@id":"https:\/\/jam-news.net\/az\/#\/schema\/person\/9f5201213de7e745950950d0c1c0abab"},"headline":"Ciliza erm\u0259ni k\u0259ndinin G\u00fcrc\u00fcstana &#8220;verilm\u0259si&#8221; il\u0259 ba\u011fl\u0131 dezinformasiya: Yerevan v\u0259 Tbilisid\u0259n t\u0259sdiql\u0259nmi\u015f m\u0259lumatlar","datePublished":"2026-05-01T23:56:14+00:00","dateModified":"2026-05-01T23:56:17+00:00","mainEntityOfPage":{"@id":"https:\/\/jam-news.net\/az\/ciliza-erm%c9%99ni-k%c9%99ndinin-gurcustana-verilm%c9%99si-il%c9%99-bagli-dezinformasiya-yerevan-v%c9%99-tbilisid%c9%99n-t%c9%99sdiql%c9%99nmis-m%c9%99lumatlar\/"},"wordCount":1936,"publisher":{"@id":"https:\/\/jam-news.net\/az\/#organization"},"image":{"@id":"https:\/\/jam-news.net\/az\/ciliza-erm%c9%99ni-k%c9%99ndinin-gurcustana-verilm%c9%99si-il%c9%99-bagli-dezinformasiya-yerevan-v%c9%99-tbilisid%c9%99n-t%c9%99sdiql%c9%99nmis-m%c9%99lumatlar\/#primaryimage"},"thumbnailUrl":"https:\/\/jam-news.net\/app\/uploads\/2026\/04\/Pashinyan_Georgia_fakenews.jpg","keywords":["\"5-ci kanal\" n\u0259\u015fri","\"\u018fvv\u0259lc\u0259 G\u00fcrc\u00fcstan\"","\"Flashnews\"","Armlur.am","Business Press News","Ciliza k\u0259ndi","CNews Exclusive","Dedoplistskaro televiziya kanal\u0131","Erm\u0259nistan","Giorgi Tumasian","G\u00fcrc\u00fcstan","Itv.ge","Joxovurd","Mqer Vardanyan","Nazeli Baqdasaryan","Nikol Pa\u015finyan","\u10db\u10d7\u10d0\u10d5\u10d0\u10e0\u10d8"],"articleSection":["Armenia","Georgia","Issues","News","Opinion","Politics"],"inLanguage":"az"},{"@type":"WebPage","@id":"https:\/\/jam-news.net\/az\/ciliza-erm%c9%99ni-k%c9%99ndinin-gurcustana-verilm%c9%99si-il%c9%99-bagli-dezinformasiya-yerevan-v%c9%99-tbilisid%c9%99n-t%c9%99sdiql%c9%99nmis-m%c9%99lumatlar\/","url":"https:\/\/jam-news.net\/az\/ciliza-erm%c9%99ni-k%c9%99ndinin-gurcustana-verilm%c9%99si-il%c9%99-bagli-dezinformasiya-yerevan-v%c9%99-tbilisid%c9%99n-t%c9%99sdiql%c9%99nmis-m%c9%99lumatlar\/","name":"G\u00fcrc\u00fcstandan Erm\u0259nistan \u0259leyhin\u0259 feyk kampaniyas\u0131 |JAMnews","isPartOf":{"@id":"https:\/\/jam-news.net\/az\/#website"},"primaryImageOfPage":{"@id":"https:\/\/jam-news.net\/az\/ciliza-erm%c9%99ni-k%c9%99ndinin-gurcustana-verilm%c9%99si-il%c9%99-bagli-dezinformasiya-yerevan-v%c9%99-tbilisid%c9%99n-t%c9%99sdiql%c9%99nmis-m%c9%99lumatlar\/#primaryimage"},"image":{"@id":"https:\/\/jam-news.net\/az\/ciliza-erm%c9%99ni-k%c9%99ndinin-gurcustana-verilm%c9%99si-il%c9%99-bagli-dezinformasiya-yerevan-v%c9%99-tbilisid%c9%99n-t%c9%99sdiql%c9%99nmis-m%c9%99lumatlar\/#primaryimage"},"thumbnailUrl":"https:\/\/jam-news.net\/app\/uploads\/2026\/04\/Pashinyan_Georgia_fakenews.jpg","datePublished":"2026-05-01T23:56:14+00:00","dateModified":"2026-05-01T23:56:17+00:00","description":"G\u00fcrc\u00fcstandan Erm\u0259nistan \u0259leyhin\u0259 feyk kampaniyas\u0131. G\u00fcrc\u00fc medias\u0131 Erm\u0259nistan\u0131n Ciliza erm\u0259ni k\u0259ndini G\u00fcrc\u00fcstana \"verdiyini\" yaz\u0131b. \u015e\u0259rhl\u0259r","breadcrumb":{"@id":"https:\/\/jam-news.net\/az\/ciliza-erm%c9%99ni-k%c9%99ndinin-gurcustana-verilm%c9%99si-il%c9%99-bagli-dezinformasiya-yerevan-v%c9%99-tbilisid%c9%99n-t%c9%99sdiql%c9%99nmis-m%c9%99lumatlar\/#breadcrumb"},"inLanguage":"az","potentialAction":[{"@type":"ReadAction","target":["https:\/\/jam-news.net\/az\/ciliza-erm%c9%99ni-k%c9%99ndinin-gurcustana-verilm%c9%99si-il%c9%99-bagli-dezinformasiya-yerevan-v%c9%99-tbilisid%c9%99n-t%c9%99sdiql%c9%99nmis-m%c9%99lumatlar\/"]}]},{"@type":"ImageObject","inLanguage":"az","@id":"https:\/\/jam-news.net\/az\/ciliza-erm%c9%99ni-k%c9%99ndinin-gurcustana-verilm%c9%99si-il%c9%99-bagli-dezinformasiya-yerevan-v%c9%99-tbilisid%c9%99n-t%c9%99sdiql%c9%99nmis-m%c9%99lumatlar\/#primaryimage","url":"https:\/\/jam-news.net\/app\/uploads\/2026\/04\/Pashinyan_Georgia_fakenews.jpg","contentUrl":"https:\/\/jam-news.net\/app\/uploads\/2026\/04\/Pashinyan_Georgia_fakenews.jpg","width":1200,"height":641},{"@type":"BreadcrumbList","@id":"https:\/\/jam-news.net\/az\/ciliza-erm%c9%99ni-k%c9%99ndinin-gurcustana-verilm%c9%99si-il%c9%99-bagli-dezinformasiya-yerevan-v%c9%99-tbilisid%c9%99n-t%c9%99sdiql%c9%99nmis-m%c9%99lumatlar\/#breadcrumb","itemListElement":[{"@type":"ListItem","position":1,"name":"Home","item":"https:\/\/jam-news.net\/az\/"},{"@type":"ListItem","position":2,"name":"Ciliza erm\u0259ni k\u0259ndinin G\u00fcrc\u00fcstana &#8220;verilm\u0259si&#8221; il\u0259 ba\u011fl\u0131 dezinformasiya: Yerevan v\u0259 Tbilisid\u0259n t\u0259sdiql\u0259nmi\u015f m\u0259lumatlar"}]},{"@type":"WebSite","@id":"https:\/\/jam-news.net\/az\/#website","url":"https:\/\/jam-news.net\/az\/","name":"Azerbaijani Jamnews","description":"Caucasus News, Politics and Society","publisher":{"@id":"https:\/\/jam-news.net\/az\/#organization"},"potentialAction":[{"@type":"SearchAction","target":{"@type":"EntryPoint","urlTemplate":"https:\/\/jam-news.net\/az\/?s={search_term_string}"},"query-input":{"@type":"PropertyValueSpecification","valueRequired":true,"valueName":"search_term_string"}}],"inLanguage":"az"},{"@type":"Organization","@id":"https:\/\/jam-news.net\/az\/#organization","name":"JAMnews","url":"https:\/\/jam-news.net\/az\/","logo":{"@type":"ImageObject","inLanguage":"az","@id":"https:\/\/jam-news.net\/az\/#\/schema\/logo\/image\/","url":"https:\/\/jam-news.net\/app\/uploads\/2020\/05\/JAM_w.jpg","contentUrl":"https:\/\/jam-news.net\/app\/uploads\/2020\/05\/JAM_w.jpg","width":960,"height":960,"caption":"JAMnews"},"image":{"@id":"https:\/\/jam-news.net\/az\/#\/schema\/logo\/image\/"},"sameAs":["https:\/\/www.facebook.com\/JAMnewsInEnglish\/","https:\/\/x.com\/JAMnewsCaucasus","https:\/\/www.instagram.com\/jam_news\/","https:\/\/www.youtube.com\/channel\/UCXQbUCme2pykuZYXWHx4VPg"]},{"@type":"Person","@id":"https:\/\/jam-news.net\/az\/#\/schema\/person\/9f5201213de7e745950950d0c1c0abab","name":"gulnara","image":{"@type":"ImageObject","inLanguage":"az","@id":"https:\/\/jam-news.net\/az\/#\/schema\/person\/image\/","url":"https:\/\/secure.gravatar.com\/avatar\/c1ec22b621eb2f555f0e3b7a02648ad7?s=96&d=mm&r=g","contentUrl":"https:\/\/secure.gravatar.com\/avatar\/c1ec22b621eb2f555f0e3b7a02648ad7?s=96&d=mm&r=g","caption":"gulnara"},"url":"https:\/\/jam-news.net\/az\/author\/gulnara\/"}]}},"_links":{"self":[{"href":"https:\/\/jam-news.net\/az\/wp-json\/wp\/v2\/posts\/105067","targetHints":{"allow":["GET"]}}],"collection":[{"href":"https:\/\/jam-news.net\/az\/wp-json\/wp\/v2\/posts"}],"about":[{"href":"https:\/\/jam-news.net\/az\/wp-json\/wp\/v2\/types\/post"}],"author":[{"embeddable":true,"href":"https:\/\/jam-news.net\/az\/wp-json\/wp\/v2\/users\/62"}],"replies":[{"embeddable":true,"href":"https:\/\/jam-news.net\/az\/wp-json\/wp\/v2\/comments?post=105067"}],"version-history":[{"count":10,"href":"https:\/\/jam-news.net\/az\/wp-json\/wp\/v2\/posts\/105067\/revisions"}],"predecessor-version":[{"id":105077,"href":"https:\/\/jam-news.net\/az\/wp-json\/wp\/v2\/posts\/105067\/revisions\/105077"}],"wp:featuredmedia":[{"embeddable":true,"href":"https:\/\/jam-news.net\/az\/wp-json\/wp\/v2\/media\/104991"}],"wp:attachment":[{"href":"https:\/\/jam-news.net\/az\/wp-json\/wp\/v2\/media?parent=105067"}],"wp:term":[{"taxonomy":"category","embeddable":true,"href":"https:\/\/jam-news.net\/az\/wp-json\/wp\/v2\/categories?post=105067"},{"taxonomy":"post_tag","embeddable":true,"href":"https:\/\/jam-news.net\/az\/wp-json\/wp\/v2\/tags?post=105067"},{"taxonomy":"formation","embeddable":true,"href":"https:\/\/jam-news.net\/az\/wp-json\/wp\/v2\/formation?post=105067"},{"taxonomy":"post-author","embeddable":true,"href":"https:\/\/jam-news.net\/az\/wp-json\/wp\/v2\/post-author?post=105067"},{"taxonomy":"topic","embeddable":true,"href":"https:\/\/jam-news.net\/az\/wp-json\/wp\/v2\/topic?post=105067"},{"taxonomy":"tooltip","embeddable":true,"href":"https:\/\/jam-news.net\/az\/wp-json\/wp\/v2\/tooltip?post=105067"},{"taxonomy":"city","embeddable":true,"href":"https:\/\/jam-news.net\/az\/wp-json\/wp\/v2\/city?post=105067"}],"curies":[{"name":"wp","href":"https:\/\/api.w.org\/{rel}","templated":true}]}}