{"id":105043,"date":"2026-05-01T18:33:09","date_gmt":"2026-05-01T14:33:09","guid":{"rendered":"https:\/\/jam-news.net\/az\/?p=105043"},"modified":"2026-05-01T18:33:11","modified_gmt":"2026-05-01T14:33:11","slug":"300-min-az%c9%99rbaycanlinin-erm%c9%99nistana-qayidisini-n%c9%99-muzakir%c9%99-etmisik-n%c9%99-d%c9%99-muzakir%c9%99-edirik-nikol-pasinyan","status":"publish","type":"post","link":"https:\/\/jam-news.net\/az\/300-min-az%c9%99rbaycanlinin-erm%c9%99nistana-qayidisini-n%c9%99-muzakir%c9%99-etmisik-n%c9%99-d%c9%99-muzakir%c9%99-edirik-nikol-pasinyan\/","title":{"rendered":"&#8220;300 min az\u0259rbaycanl\u0131n\u0131n Erm\u0259nistana qay\u0131d\u0131\u015f\u0131n\u0131 n\u0259 m\u00fczakir\u0259 etmi\u015fik, n\u0259 d\u0259 m\u00fczakir\u0259 edirik&#8221; &#8211; Nikol Pa\u015finyan"},"content":{"rendered":"\n<p style=\"font-size:8px\"><strong><em>Pa\u015finyan Mustafayevin s\u0259f\u0259ri bar\u0259d\u0259<\/em><\/strong><\/p>\n\n\n\n<p>Ba\u015f nazir <a href=\"https:\/\/jam-news.net\/az\/topic\/nikol-pasinyan\/\" target=\"_blank\" rel=\"noreferrer noopener\">Nikol Pa\u015finyan<\/a> iki \u00f6lk\u0259nin ba\u015f nazir m\u00fcavinl\u0259rinin dan\u0131\u015f\u0131qlar g\u00fcnd\u0259liyin\u0259 bu m\u00f6vzunun daxil edilib-edilm\u0259m\u0259si il\u0259 ba\u011fl\u0131 jurnalistin sual\u0131n\u0131 cavabland\u0131rark\u0259n bildirib: &#8220;Biz he\u00e7 vaxt <a href=\"https:\/\/jam-news.net\/az\/category\/cografiya\/az%C9%99rbaycan\/\" target=\"_blank\" rel=\"noreferrer noopener\">Az\u0259rbaycanla<\/a> 300 min az\u0259rbaycanl\u0131n\u0131n <a href=\"https:\/\/jam-news.net\/az\/category\/cografiya\/erm%C9%99nistan\/\" target=\"_blank\" rel=\"noreferrer noopener\">Erm\u0259nistana<\/a> qay\u0131d\u0131\u015f\u0131n\u0131 m\u00fczakir\u0259 etm\u0259mi\u015fik v\u0259 etmirik&#8221;. Bir g\u00fcn \u0259vv\u0259l Erm\u0259nistan\u0131n A\u011fveran \u015f\u0259h\u0259rciyind\u0259 Az\u0259rbaycan\u0131n ba\u015f nazir m\u00fcavini \u015eahin Mustafayevin erm\u0259ni h\u0259mkar\u0131 Mqer Qriqoryanla g\u00f6r\u00fc\u015f\u00fc ke\u00e7irilib.<\/p>\n\n\n\n<p>Son g\u00fcnl\u0259r Erm\u0259nistan\u0131n m\u00fcxalif siyas\u0259t\u00e7il\u0259ri jurnalistl\u0259rl\u0259 g\u00f6r\u00fc\u015fl\u0259rd\u0259 v\u0259 sosial \u015f\u0259b\u0259k\u0259l\u0259rd\u0259ki a\u00e7\u0131qlamalar\u0131nda bel\u0259 bir raz\u0131la\u015fman\u0131n m\u00f6vcud oldu\u011funu iddia edirdil\u0259r. Bu bax\u0131mdan ba\u015f nazirin h\u0259ft\u0259lik brifinqind\u0259 s\u0259sl\u0259n\u0259n sual g\u00f6zl\u0259nil\u0259n idi.<\/p>\n\n\n\n<p>Pa\u015finyan bu iddialar\u0131 t\u0259kzib edib. O, h\u0259m\u00e7inin vur\u011fulay\u0131b ki, Erm\u0259nistan-Az\u0259rbaycan dan\u0131\u015f\u0131qlar\u0131 zaman\u0131 \u0259ks proses d\u0259 m\u00fczakir\u0259 olunmur. Y\u0259ni m\u00fcnasib\u0259tl\u0259rin t\u0259nziml\u0259nm\u0259si g\u00fcnd\u0259liyind\u0259 erm\u0259nil\u0259rin Da\u011fl\u0131q Qaraba\u011fa, Bak\u0131ya v\u0259 \u0259vv\u0259ll\u0259r ya\u015fad\u0131qlar\u0131 dig\u0259r ya\u015fay\u0131\u015f m\u0259nt\u0259q\u0259l\u0259rin\u0259 qay\u0131d\u0131\u015f\u0131 m\u0259s\u0259l\u0259si d\u0259 yoxdur.<\/p>\n\n\n\n<p>&#8220;\u015e\u00fcbh\u0259siz ki, h\u0259r iki istiqam\u0259td\u0259 apar\u0131lan m\u00fczakir\u0259l\u0259r m\u00f6vcud siyasi v\u0259ziyy\u0259t\u0259 t\u0259xribat\u00e7\u0131 t\u0259sir g\u00f6st\u0259rir&#8221;, &#8211; dey\u0259 ba\u015f nazir bildirib.<\/p>\n\n\n\n<p><strong>O, yerli siyas\u0259t\u00e7il\u0259rin b\u0259yanatlar\u0131n\u0131 &#8220;ucuz daxili siyasi spekulyasiya&#8221; adland\u0131r\u0131b.<\/strong><\/p>\n\n\n\n<p>Pa\u015finyan\u0131n fikrinc\u0259, h\u0259m Qaraba\u011f erm\u0259nil\u0259rinin, h\u0259m d\u0259 az\u0259rbaycanl\u0131lar\u0131n qay\u0131d\u0131\u015f\u0131 m\u00f6vzusu daxili siyasi g\u0259rginlik yaratmaq \u00fc\u00e7\u00fcn \u015fi\u015firdilir. Onun s\u00f6zl\u0259rin\u0259 g\u00f6r\u0259, bu t\u0259\u015f\u0259bb\u00fcsl\u0259rin arxas\u0131nda \u00f6lk\u0259l\u0259r aras\u0131nda qar\u015f\u0131durman\u0131 yenid\u0259n alovland\u0131rma\u011fa \u00e7al\u0131\u015fan q\u00fcvv\u0259l\u0259r dayan\u0131r. N\u00fcmun\u0259 kimi o, &#8220;G\u00fccl\u00fc Erm\u0259nistan&#8221; partiyas\u0131n\u0131 g\u00f6st\u0259rib.<\/p>\n\n\n\n<p>&#8220;M\u0259s\u0259l\u0259n, m\u0259n 100 faiz \u0259min\u0259m ki, Kaluqa oliqarx\u0131 n\u0259 dediyini v\u0259 niy\u0259 dediyini anlam\u0131r. Ona tap\u015f\u0131r\u0131rlar, o da dan\u0131\u015f\u0131r&#8221;, &#8211; dey\u0259 Nikol Pa\u015finyan vur\u011fulay\u0131b. O, bununla partiyan\u0131n lideri, rusiyal\u0131 biznesmen v\u0259 dollar milyarderi Samvel Karapetyan\u0131 n\u0259z\u0259rd\u0259 tutub.<\/p>\n\n\n\n<p>Ad\u0259t\u0259n oldu\u011fu kimi, brifinq zaman\u0131 ba\u015f nazir daxili v\u0259 xarici siyas\u0259tl\u0259 ba\u011fl\u0131 \u00e7oxsayl\u0131 suallar\u0131 cavabland\u0131r\u0131b. O c\u00fcml\u0259d\u0259n, Az\u0259rbaycan\u0131n ba\u015f nazir m\u00fcavininin Erm\u0259nistana s\u0259f\u0259rinin \u0259h\u0259miyy\u0259tind\u0259n, bu \u00e7\u0259r\u00e7iv\u0259d\u0259 erm\u0259ni v\u0259 az\u0259rbaycanl\u0131 biznesmenl\u0259r aras\u0131nda apar\u0131lan m\u00fczakir\u0259l\u0259rd\u0259n, el\u0259c\u0259 d\u0259 Bak\u0131dan erm\u0259ni m\u0259hbuslar\u0131n qaytar\u0131lmas\u0131 m\u0259s\u0259l\u0259sind\u0259n dan\u0131\u015f\u0131b.<\/p>\n\n\n\n<hr class=\"wp-block-separator has-alpha-channel-opacity is-style-wide\"\/>\n\n\n\n<ul class=\"wp-block-list\">\n<li><a href=\"https:\/\/jam-news.net\/az\/yerevanda-erm%C9%99nistan-v%C9%99-az%C9%99rbaycan-enerji-sisteml%C9%99rinin-birl%C9%99sdirilm%C9%99si-potensiali-muzakir%C9%99-olunur\/\" target=\"_blank\" rel=\"noreferrer noopener\">Yerevanda Erm\u0259nistan v\u0259 Az\u0259rbaycan enerji sisteml\u0259rinin birl\u0259\u015fdirilm\u0259si potensial\u0131 m\u00fczakir\u0259 olunur<\/a><\/li>\n\n\n\n<li><a href=\"https:\/\/jam-news.net\/az\/h%C9%99rbi-eskalasiya-ehtimali-azdir-lakin-riskl%C9%99r-movcuddur-erm%C9%99nistanin-xarici-k%C9%99sfiyyat-xidm%C9%99tinin-hesabati\/\" target=\"_blank\" rel=\"noreferrer noopener\">&#8220;H\u0259rbi eskalasiya ehtimal\u0131 azd\u0131r, lakin riskl\u0259r m\u00f6vcuddur&#8221;: Erm\u0259nistan\u0131n Xarici K\u0259\u015ffiyyat Xidm\u0259tinin hesabat\u0131<\/a><\/li>\n\n\n\n<li><a href=\"https:\/\/jam-news.net\/az\/az%C9%99rbaycan-h%C9%99bsxanalarinda-saxlanilan-dord-etnik-erm%C9%99ni-erm%C9%99nistana-t%C9%99hvil-verilib\/\" target=\"_blank\" rel=\"noreferrer noopener\">Az\u0259rbaycan h\u0259bsxanalar\u0131nda saxlan\u0131lan d\u00f6rd etnik erm\u0259ni Erm\u0259nistana t\u0259hvil verilib<\/a><\/li>\n<\/ul>\n\n\n\n<hr class=\"wp-block-separator has-alpha-channel-opacity is-style-wide\"\/>\n\n\n\n<h2 class=\"wp-block-heading\">&#8220;Ba\u015f nazir m\u00fcavinl\u0259rinin g\u00f6r\u00fc\u015fl\u0259ri tarixi \u0259h\u0259miyy\u0259t da\u015f\u0131y\u0131r&#8221;<\/h2>\n\n\n\n<p>Ba\u015f nazir Nikol Pa\u015finyan Erm\u0259nistan v\u0259 Az\u0259rbaycan\u0131n ba\u015f nazir m\u00fcavinl\u0259ri aras\u0131nda ke\u00e7iril\u0259n dan\u0131\u015f\u0131qlara b\u00f6y\u00fck \u0259h\u0259miyy\u0259t verir. Ba\u015f nazirl\u0259rin m\u00fcavinl\u0259ri eyni zamanda s\u0259rh\u0259dl\u0259rin delimitasiyas\u0131 \u00fczr\u0259 komissiyalara da r\u0259hb\u0259rlik edirl\u0259r. O, Mqer Qriqoryan v\u0259 \u015eahin Mustafayevin g\u00f6r\u00fc\u015fl\u0259rini tarixi hadis\u0259l\u0259r hesab edir.<\/p>\n\n\n\n<p><em>&#8220;Bu g\u00f6r\u00fc\u015fl\u0259r Erm\u0259nistan v\u0259 Az\u0259rbaycan aras\u0131nda s\u00fclh\u00fcn institusionalla\u015fmas\u0131 v\u0259 m\u00f6hk\u0259ml\u0259ndirilm\u0259si bax\u0131m\u0131ndan yeni v\u0259 m\u00fch\u00fcm m\u0259rh\u0259l\u0259ni ifad\u0259 edir&#8221;,<\/em> &#8211; dey\u0259 ba\u015f nazir bildirib.<\/p>\n\n\n\n<p>Onun fikrinc\u0259, iki \u00f6lk\u0259 aras\u0131ndak\u0131 m\u00fcnasib\u0259tl\u0259r t\u0259dric\u0259n yax\u015f\u0131la\u015fmal\u0131, s\u00fclh is\u0259 m\u00f6hk\u0259ml\u0259nm\u0259lidir:<\/p>\n\n\n\n<p><em>&#8220;Normal m\u00fcnasib\u0259tl\u0259r qurulmal\u0131d\u0131r v\u0259 uzunm\u00fcdd\u0259tli perspektivd\u0259, strateji bax\u0131mdan bu m\u00fcnasib\u0259tl\u0259r qon\u015fuluq prinsipl\u0259rin\u0259 \u0259saslanmal\u0131d\u0131r&#8221;.<\/em><\/p>\n\n\n\n<p class=\"has-background\" style=\"background-color:#dee8ee\"><em>Erm\u0259nistan-Az\u0259rbaycan s\u0259rh\u0259dinin delimitasiyas\u0131 \u00fczr\u0259 komissiyalar\u0131n ilk g\u00f6r\u00fc\u015f\u00fc 2022-ci ild\u0259 ke\u00e7irilib. Son d\u00f6vrl\u0259rd\u0259 t\u0259r\u0259fl\u0259r \u0259vv\u0259lki kimi \u00fc\u00e7\u00fcnc\u00fc \u00f6lk\u0259l\u0259rd\u0259 v\u0259 ya d\u00f6vl\u0259t s\u0259rh\u0259dind\u0259 deyil, birba\u015fa Az\u0259rbaycan v\u0259 Erm\u0259nistan \u0259razisind\u0259 g\u00f6r\u00fc\u015fm\u0259y\u0259 ba\u015flay\u0131blar. 28 noyabr 2025-ci ild\u0259 erm\u0259ni n\u00fcmay\u0259nd\u0259 hey\u0259ti Az\u0259rbaycana s\u0259f\u0259r edib v\u0259 komissiyalar\u0131n iclas\u0131 Q\u0259b\u0259l\u0259d\u0259 ke\u00e7irilib. Aprelin 29-da is\u0259 Az\u0259rbaycan n\u00fcmay\u0259nd\u0259 hey\u0259ti Erm\u0259nistana, A\u011fverana g\u0259lib.<\/em><\/p>\n\n\n<article class=\"single-card uk-flex uk-flex-between m-b-sm-40\">\n\n  <div class=\"uk-grid wi-full-width\">\n\n    <div class=\"uk-width-2-3 p-t-sm-10\">\n      <a href=\"https:\/\/jam-news.net\/az\/q%c9%99b%c9%99l%c9%99d%c9%99-sulh-korpusu\/\" target=\"_blank\">\n\n\n\n\n\n        <h2 class=\"m-b-sm-23 wi-merriweather-light\">\n\tQ\u0259b\u0259l\u0259d\u0259 \u201cS\u00fclh K\u00f6rp\u00fcs\u00fc\u201d: 19 erm\u0259ni ekspertin s\u0259rh\u0259dd\u0259n ke\u00e7idi s\u00fclh g\u00fcnd\u0259liyin\u0259 n\u0259 qatd\u0131?\n<\/h2>\n\n        <p class=\"paragraph-color-2 m-b-sm-10 m-b-xs-7\">\n  10-12 aprel tarixl\u0259rind\u0259 Q\u0259b\u0259l\u0259 \u201cS\u00fclh K\u00f6rp\u00fcs\u00fc\u201d t\u0259\u015f\u0259bb\u00fcs\u00fcn\u00fcn d\u00f6rd\u00fcnc\u00fc ikit\u0259r\u0259fli g\u00f6r\u00fc\u015f\u00fcn\u0259 ev sahibliyi edib.\n<\/p>\n      <\/a>\n    <\/div>\n    <div class=\"uk-width-1-3\">\n      <figure class=\"wi-full-height choose-post__img wi-merriweather-light\">\n  <a class=\"\" href=\"https:\/\/jam-news.net\/az\/q%c9%99b%c9%99l%c9%99d%c9%99-sulh-korpusu\/\">\n    <img decoding=\"async\" class=\"wi-full-height wi-ratio-img\" src=\"https:\/\/jam-news.net\/app\/uploads\/2026\/04\/website-format-80.png\" alt=\"Q\u0259b\u0259l\u0259d\u0259 S\u00fclh K\u00f6rp\u00fcs\u00fc\" uk-img \/>\n  <\/a>\n<\/figure>\n    <\/div>\n  <\/div>\n<\/article>\n\n\n\n<h2 class=\"wp-block-heading\">&#8220;Erm\u0259nistandan Az\u0259rbaycana ixrac \u00fc\u00e7\u00fcn he\u00e7 bir mane\u0259 yoxdur&#8221;<\/h2>\n\n\n\n<p>Jurnalistl\u0259r iki \u00f6lk\u0259nin ba\u015f nazir m\u00fcavinl\u0259rinin g\u00f6r\u00fc\u015f\u00fc \u00e7\u0259r\u00e7iv\u0259sind\u0259 az\u0259rbaycanl\u0131 sahibkarlarla biznes layih\u0259l\u0259rinin m\u00fczakir\u0259sind\u0259 Erm\u0259nistan t\u0259r\u0259fd\u0259n kiml\u0259rin i\u015ftirak etdiyini soru\u015fublar.<\/p>\n\n\n\n<p>Ba\u015f nazir Nikol Pa\u015finyan cavab verib ki, bu g\u00f6r\u00fc\u015fd\u0259 hans\u0131 erm\u0259ni i\u015f adamlar\u0131n\u0131n i\u015ftirak etdiyini bilir. Lakin o, adlar\u0131 a\u00e7\u0131qlamay\u0131b:<\/p>\n\n\n\n<p><em>&#8220;Onlar laz\u0131m bils\u0259l\u0259r, \u00f6zl\u0259ri m\u0259lumat ver\u0259c\u0259kl\u0259r. M\u0259n ad \u00e7\u0259km\u0259y\u0259c\u0259y\u0259m, o c\u00fcml\u0259d\u0259n siz\u0259 m\u0259lum s\u0259b\u0259bl\u0259r\u0259 g\u00f6r\u0259. M\u00fc\u0259yy\u0259n marjinal qruplar\u0131n onlara qar\u015f\u0131 bullinq etm\u0259sinin qar\u015f\u0131s\u0131n\u0131 almaq \u00fc\u00e7\u00fcn&#8221;.<\/em><\/p>\n\n\n\n<p>\u0130ki \u00f6lk\u0259 aras\u0131nda ticar\u0259t-iqtisadi m\u00fcnasib\u0259tl\u0259ri \u015f\u0259rh ed\u0259n ba\u015f nazir xat\u0131rlad\u0131b ki, 2025-ci ilin noyabr\u0131ndan etibar\u0259n Az\u0259rbaycan \u0259razisind\u0259n Erm\u0259nistana t\u0259xmin\u0259n 26 min ton y\u00fck daxil olub.<\/p>\n\n\n\n<p><em>&#8220;Erm\u0259nistandan Az\u0259rbaycana mallar\u0131n ixrac\u0131 \u00fc\u00e7\u00fcn he\u00e7 bir siyasi v\u0259 ya texniki baryer, he\u00e7 bir mane\u0259 yoxdur&#8221;,<\/em> &#8211; dey\u0259 o vur\u011fulay\u0131b.<\/p>\n\n\n\n<p>Bundan \u0259lav\u0259, t\u0259r\u0259fl\u0259r art\u0131q mallar\u0131n siyah\u0131lar\u0131n\u0131 m\u00fcbadil\u0259 edibl\u0259r. Ba\u015f nazir \u00fcmid edir ki, Erm\u0259nistan m\u0259hsullar\u0131n\u0131n Az\u0259rbaycana ixrac\u0131 yax\u0131n vaxtlarda ba\u015f tutacaq.<\/p>\n\n\n<article class=\"single-card uk-flex uk-flex-between m-b-sm-40\">\n\n  <div class=\"uk-grid wi-full-width\">\n\n    <div class=\"uk-width-2-3 p-t-sm-10\">\n      <a href=\"https:\/\/jam-news.net\/az\/must%c9%99qilliyin-%c9%99ld%c9%99-edilm%c9%99sind%c9%99n-sonra-ilk-iqtisadi-sazis-az%c9%99rbaycan-benzini-artiq-erm%c9%99nistandadir\/\" target=\"_blank\">\n\n\n\n\n\n        <h2 class=\"m-b-sm-23 wi-merriweather-light\">\n\t&quot;M\u00fcst\u0259qilliyin \u0259ld\u0259 edilm\u0259sind\u0259n sonra ilk iqtisadi sazi\u015f&quot;: Az\u0259rbaycan benzini art\u0131q Erm\u0259nistandad\u0131r\n<\/h2>\n\n        <p class=\"paragraph-color-2 m-b-sm-10 m-b-xs-7\">\n  G\u00fcrc\u00fcstan \u00fcz\u0259rind\u0259n d\u0259mir yolu il\u0259 Az\u0259rbaycandan Erm\u0259nistana 22 vaqon benzin g\u0259tirilib. \u0130qtisad\u00e7\u0131n\u0131n \u015f\u0259rhi v\u0259 erm\u0259ni sosial \u015f\u0259b\u0259k\u0259 istifad\u0259\u00e7il\u0259rinin fikirl\u0259ri\n<\/p>\n      <\/a>\n    <\/div>\n    <div class=\"uk-width-1-3\">\n      <figure class=\"wi-full-height choose-post__img wi-merriweather-light\">\n  <a class=\"\" href=\"https:\/\/jam-news.net\/az\/must%c9%99qilliyin-%c9%99ld%c9%99-edilm%c9%99sind%c9%99n-sonra-ilk-iqtisadi-sazis-az%c9%99rbaycan-benzini-artiq-erm%c9%99nistandadir\/\">\n    <img decoding=\"async\" class=\"wi-full-height wi-ratio-img\" src=\"https:\/\/jam-news.net\/app\/uploads\/2025\/12\/Az_petrol_arrived.jpg\" alt=\"\" uk-img \/>\n  <\/a>\n<\/figure>\n    <\/div>\n  <\/div>\n<\/article>\n\n\n\n<h2 class=\"wp-block-heading\">&#8220;M\u0259hbuslar\u0131n qaytar\u0131lmas\u0131 m\u0259s\u0259l\u0259sini Bak\u0131 il\u0259 ikit\u0259r\u0259fli formatda m\u00fczakir\u0259 edirik&#8221;<\/h2>\n\n\n\n<p>Ba\u015f nazir Nikol Pa\u015finyan bir daha vur\u011fulay\u0131b ki, Bak\u0131da saxlan\u0131lan erm\u0259ni m\u0259hbuslar\u0131n azad edilm\u0259si istiqam\u0259tind\u0259 g\u00fcnd\u0259lik i\u015f apar\u0131l\u0131r.<\/p>\n\n\n\n<p><em>&#8220;N\u0259tic\u0259l\u0259r olanda ham\u0131m\u0131z g\u00f6r\u0259c\u0259yik. M\u0259n bunu ona g\u00f6r\u0259 demir\u0259m ki, b\u00f6l\u00fc\u015fm\u0259k ist\u0259m\u0259diyim hans\u0131sa m\u0259lumat\u0131m var. Sad\u0259c\u0259 t\u0259cr\u00fcb\u0259m g\u00f6st\u0259rir ki, kims\u0259 Erm\u0259nistan s\u0259rh\u0259dini ke\u00e7m\u0259yinc\u0259, bel\u0259 bir imkan bar\u0259d\u0259 dan\u0131\u015fmaq ciddi deyil&#8221;,<\/em> &#8211; dey\u0259 o izah edib.<\/p>\n\n\n\n<p>Ba\u015f nazirin s\u00f6zl\u0259rin\u0259 g\u00f6r\u0259, Yerevan m\u0259hbuslar\u0131n qaytar\u0131lmas\u0131 m\u0259s\u0259l\u0259sini Bak\u0131 il\u0259 ikit\u0259r\u0259fli formatda m\u00fczakir\u0259 edir. O, dig\u0259r formatlar\u0131 effektiv hesab etmir:<\/p>\n\n\n\n<p><em>&#8220;T\u0259cr\u00fcb\u0259miz g\u00f6st\u0259rib ki, dig\u0259r formatlarda m\u00fczakir\u0259l\u0259r ciddi fayda vermir v\u0259 b\u00f6y\u00fck potensiala malik deyil. \u018fg\u0259r ba\u015fqa formatda effektiv m\u00fczakir\u0259 \u00fc\u00e7\u00fcn potensial g\u00f6rs\u0259k, bu imkandan imtina etm\u0259y\u0259c\u0259yik&#8221;.<\/em><\/p>\n\n\n<article class=\"single-card uk-flex uk-flex-between m-b-sm-40\">\n\n  <div class=\"uk-grid wi-full-width\">\n\n    <div class=\"uk-width-2-3 p-t-sm-10\">\n      <a href=\"https:\/\/jam-news.net\/az\/h%c9%99bsd%c9%99-olan-erm%c9%99nil%c9%99r\/\" target=\"_blank\">\n\n\n\n\n\n        <h2 class=\"m-b-sm-23 wi-merriweather-light\">\n\tAz\u0259rbaycanda h\u0259bsd\u0259 olan erm\u0259nil\u0259rin taleyi nec\u0259 olacaq? \u0130lham \u018fliyev onlar\u0131 azad ed\u0259 bil\u0259rmi?\n<\/h2>\n\n        <p class=\"paragraph-color-2 m-b-sm-10 m-b-xs-7\">\n  Erm\u0259nistan parlamentinin spikeri Alen Simonyan \u201cSonuncu erm\u0259ni m\u0259hbus qay\u0131danad\u0259k dan\u0131\u015f\u0131qlar dayanmayacaq\u201d deyib. \u0130lham \u018fliyevin m\u00f6vqeyi is\u0259 tam f\u0259rqlidir.\n<\/p>\n      <\/a>\n    <\/div>\n    <div class=\"uk-width-1-3\">\n      <figure class=\"wi-full-height choose-post__img wi-merriweather-light\">\n  <a class=\"\" href=\"https:\/\/jam-news.net\/az\/h%c9%99bsd%c9%99-olan-erm%c9%99nil%c9%99r\/\">\n    <img decoding=\"async\" class=\"wi-full-height wi-ratio-img\" src=\"https:\/\/jam-news.net\/app\/uploads\/2026\/02\/website-format-2026-02-18T022209.265.png\" alt=\"H\u0259bsd\u0259 olan erm\u0259nil\u0259r\" uk-img \/>\n  <\/a>\n<\/figure>\n    <\/div>\n  <\/div>\n<\/article>\n\n\n\n<p style=\"font-size:3px\">Pa\u015finyan Mustafayevin s\u0259f\u0259ri bar\u0259d\u0259<\/p>\n","protected":false},"excerpt":{"rendered":"<p>Erm\u0259nistan\u0131n ba\u015f naziri Nikol Pa\u015finyan bildirir ki, bu m\u0259s\u0259l\u0259nin m\u00fczakir\u0259si se\u00e7kil\u0259r \u0259r\u0259f\u0259sind\u0259 m\u00fcxalif\u0259tin istifad\u0259 etdiyi &#8220;ucuz daxili siyasi spekulyasiya&#8221;d\u0131r<\/p>\n","protected":false},"author":62,"featured_media":105009,"comment_status":"closed","ping_status":"closed","sticky":false,"template":"","format":"standard","meta":{"_acf_changed":false,"footnotes":""},"categories":[27,5602,17,9,25,50,5],"tags":[6948,18,33,6656,6655,6379],"formation":[],"post-author":[2888],"topic":[4951,4952,245,413],"tooltip":[],"city":[6054],"class_list":["post-105043","post","type-post","status-publish","format-standard","has-post-thumbnail","hentry","category-ermnistan","category-azerbaycan-ermenistan","category-azrbaycan","category-munaqislr","category-cmiyyt","category-xbrlr","category-siyast","tag-agveran","tag-azrbaycan","tag-ermnistan","tag-mqer-qriqoryan","tag-sahin-mustafayev","tag-samvel-karapetyan","post-author-jamnews","topic-ermnistan","topic-azrbaycan","topic-azrbaycan-v-ermnistan","topic-nikol-pasinyan","city-yerevan"],"acf":[],"yoast_head":"<!-- This site is optimized with the Yoast SEO plugin v24.1 - https:\/\/yoast.com\/wordpress\/plugins\/seo\/ -->\n<title>Pa\u015finyan Mustafayevin s\u0259f\u0259ri bar\u0259d\u0259 |JAMnews<\/title>\n<meta name=\"description\" content=\"Nikol Pa\u015finyan Mustafayevin s\u0259f\u0259ri bar\u0259d\u0259. Erm\u0259nistan ba\u015f nazirinin son brifinqind\u0259n iddialar v\u0259 a\u00e7\u0131qlamalar\" \/>\n<meta name=\"robots\" content=\"index, follow, max-snippet:-1, max-image-preview:large, max-video-preview:-1\" \/>\n<link rel=\"canonical\" href=\"https:\/\/jam-news.net\/az\/300-min-az\u0259rbaycanlinin-erm\u0259nistana-qayidisini-n\u0259-muzakir\u0259-etmisik-n\u0259-d\u0259-muzakir\u0259-edirik-nikol-pasinyan\/\" \/>\n<meta property=\"og:locale\" content=\"az_AZ\" \/>\n<meta property=\"og:type\" content=\"article\" \/>\n<meta property=\"og:title\" content=\"&quot;300 min az\u0259rbaycanl\u0131n\u0131n Erm\u0259nistana qay\u0131d\u0131\u015f\u0131n\u0131 n\u0259 m\u00fczakir\u0259 etmi\u015fik, n\u0259 d\u0259 m\u00fczakir\u0259 edirik&quot; - Nikol Pa\u015finyan\" \/>\n<meta property=\"og:description\" content=\"Nikol Pa\u015finyan Mustafayevin s\u0259f\u0259ri bar\u0259d\u0259. Erm\u0259nistan ba\u015f nazirinin son brifinqind\u0259n iddialar v\u0259 a\u00e7\u0131qlamalar\" \/>\n<meta property=\"og:url\" content=\"https:\/\/jam-news.net\/az\/300-min-az\u0259rbaycanlinin-erm\u0259nistana-qayidisini-n\u0259-muzakir\u0259-etmisik-n\u0259-d\u0259-muzakir\u0259-edirik-nikol-pasinyan\/\" \/>\n<meta property=\"og:site_name\" content=\"Azerbaijani Jamnews\" \/>\n<meta property=\"article:publisher\" content=\"https:\/\/www.facebook.com\/JAMnewsInEnglish\/\" \/>\n<meta property=\"article:published_time\" content=\"2026-05-01T14:33:09+00:00\" \/>\n<meta property=\"article:modified_time\" content=\"2026-05-01T14:33:11+00:00\" \/>\n<meta property=\"og:image\" content=\"https:\/\/jam-news.net\/app\/uploads\/2026\/04\/maxresdefault-7.jpg\" \/>\n\t<meta property=\"og:image:width\" content=\"1280\" \/>\n\t<meta property=\"og:image:height\" content=\"720\" \/>\n\t<meta property=\"og:image:type\" content=\"image\/jpeg\" \/>\n<meta name=\"author\" content=\"gulnara\" \/>\n<meta name=\"twitter:card\" content=\"summary_large_image\" \/>\n<meta name=\"twitter:title\" content=\"&quot;300 min az\u0259rbaycanl\u0131n\u0131n Erm\u0259nistana qay\u0131d\u0131\u015f\u0131n\u0131 n\u0259 m\u00fczakir\u0259 etmi\u015fik, n\u0259 d\u0259 m\u00fczakir\u0259 edirik&quot; - Nikol Pa\u015finyan\" \/>\n<meta name=\"twitter:creator\" content=\"@JAMnewsCaucasus\" \/>\n<meta name=\"twitter:site\" content=\"@JAMnewsCaucasus\" \/>\n<meta name=\"twitter:label1\" content=\"Written by\" \/>\n\t<meta name=\"twitter:data1\" content=\"gulnara\" \/>\n\t<meta name=\"twitter:label2\" content=\"Est. reading time\" \/>\n\t<meta name=\"twitter:data2\" content=\"4 minutes\" \/>\n<script type=\"application\/ld+json\" class=\"yoast-schema-graph\">{\"@context\":\"https:\/\/schema.org\",\"@graph\":[{\"@type\":\"Article\",\"@id\":\"https:\/\/jam-news.net\/az\/300-min-az%c9%99rbaycanlinin-erm%c9%99nistana-qayidisini-n%c9%99-muzakir%c9%99-etmisik-n%c9%99-d%c9%99-muzakir%c9%99-edirik-nikol-pasinyan\/#article\",\"isPartOf\":{\"@id\":\"https:\/\/jam-news.net\/az\/300-min-az%c9%99rbaycanlinin-erm%c9%99nistana-qayidisini-n%c9%99-muzakir%c9%99-etmisik-n%c9%99-d%c9%99-muzakir%c9%99-edirik-nikol-pasinyan\/\"},\"author\":{\"name\":\"gulnara\",\"@id\":\"https:\/\/jam-news.net\/az\/#\/schema\/person\/9f5201213de7e745950950d0c1c0abab\"},\"headline\":\"&#8220;300 min az\u0259rbaycanl\u0131n\u0131n Erm\u0259nistana qay\u0131d\u0131\u015f\u0131n\u0131 n\u0259 m\u00fczakir\u0259 etmi\u015fik, n\u0259 d\u0259 m\u00fczakir\u0259 edirik&#8221; &#8211; Nikol Pa\u015finyan\",\"datePublished\":\"2026-05-01T14:33:09+00:00\",\"dateModified\":\"2026-05-01T14:33:11+00:00\",\"mainEntityOfPage\":{\"@id\":\"https:\/\/jam-news.net\/az\/300-min-az%c9%99rbaycanlinin-erm%c9%99nistana-qayidisini-n%c9%99-muzakir%c9%99-etmisik-n%c9%99-d%c9%99-muzakir%c9%99-edirik-nikol-pasinyan\/\"},\"wordCount\":1272,\"publisher\":{\"@id\":\"https:\/\/jam-news.net\/az\/#organization\"},\"image\":{\"@id\":\"https:\/\/jam-news.net\/az\/300-min-az%c9%99rbaycanlinin-erm%c9%99nistana-qayidisini-n%c9%99-muzakir%c9%99-etmisik-n%c9%99-d%c9%99-muzakir%c9%99-edirik-nikol-pasinyan\/#primaryimage\"},\"thumbnailUrl\":\"https:\/\/jam-news.net\/app\/uploads\/2026\/04\/maxresdefault-7.jpg\",\"keywords\":[\"A\u011fveran\",\"Az\u0259rbaycan\",\"Erm\u0259nistan\",\"Mqer Qriqoryan\",\"\u015eahin Mustafayev\",\"Samvel Karapetyan\"],\"articleSection\":[\"Armenia\",\"Armenia-Azerbaijan: Context\",\"Azerbaijan\",\"Conflicts\",\"Issues\",\"News\",\"Politics\"],\"inLanguage\":\"az\"},{\"@type\":\"WebPage\",\"@id\":\"https:\/\/jam-news.net\/az\/300-min-az%c9%99rbaycanlinin-erm%c9%99nistana-qayidisini-n%c9%99-muzakir%c9%99-etmisik-n%c9%99-d%c9%99-muzakir%c9%99-edirik-nikol-pasinyan\/\",\"url\":\"https:\/\/jam-news.net\/az\/300-min-az%c9%99rbaycanlinin-erm%c9%99nistana-qayidisini-n%c9%99-muzakir%c9%99-etmisik-n%c9%99-d%c9%99-muzakir%c9%99-edirik-nikol-pasinyan\/\",\"name\":\"Pa\u015finyan Mustafayevin s\u0259f\u0259ri bar\u0259d\u0259 |JAMnews\",\"isPartOf\":{\"@id\":\"https:\/\/jam-news.net\/az\/#website\"},\"primaryImageOfPage\":{\"@id\":\"https:\/\/jam-news.net\/az\/300-min-az%c9%99rbaycanlinin-erm%c9%99nistana-qayidisini-n%c9%99-muzakir%c9%99-etmisik-n%c9%99-d%c9%99-muzakir%c9%99-edirik-nikol-pasinyan\/#primaryimage\"},\"image\":{\"@id\":\"https:\/\/jam-news.net\/az\/300-min-az%c9%99rbaycanlinin-erm%c9%99nistana-qayidisini-n%c9%99-muzakir%c9%99-etmisik-n%c9%99-d%c9%99-muzakir%c9%99-edirik-nikol-pasinyan\/#primaryimage\"},\"thumbnailUrl\":\"https:\/\/jam-news.net\/app\/uploads\/2026\/04\/maxresdefault-7.jpg\",\"datePublished\":\"2026-05-01T14:33:09+00:00\",\"dateModified\":\"2026-05-01T14:33:11+00:00\",\"description\":\"Nikol Pa\u015finyan Mustafayevin s\u0259f\u0259ri bar\u0259d\u0259. Erm\u0259nistan ba\u015f nazirinin son brifinqind\u0259n iddialar v\u0259 a\u00e7\u0131qlamalar\",\"breadcrumb\":{\"@id\":\"https:\/\/jam-news.net\/az\/300-min-az%c9%99rbaycanlinin-erm%c9%99nistana-qayidisini-n%c9%99-muzakir%c9%99-etmisik-n%c9%99-d%c9%99-muzakir%c9%99-edirik-nikol-pasinyan\/#breadcrumb\"},\"inLanguage\":\"az\",\"potentialAction\":[{\"@type\":\"ReadAction\",\"target\":[\"https:\/\/jam-news.net\/az\/300-min-az%c9%99rbaycanlinin-erm%c9%99nistana-qayidisini-n%c9%99-muzakir%c9%99-etmisik-n%c9%99-d%c9%99-muzakir%c9%99-edirik-nikol-pasinyan\/\"]}]},{\"@type\":\"ImageObject\",\"inLanguage\":\"az\",\"@id\":\"https:\/\/jam-news.net\/az\/300-min-az%c9%99rbaycanlinin-erm%c9%99nistana-qayidisini-n%c9%99-muzakir%c9%99-etmisik-n%c9%99-d%c9%99-muzakir%c9%99-edirik-nikol-pasinyan\/#primaryimage\",\"url\":\"https:\/\/jam-news.net\/app\/uploads\/2026\/04\/maxresdefault-7.jpg\",\"contentUrl\":\"https:\/\/jam-news.net\/app\/uploads\/2026\/04\/maxresdefault-7.jpg\",\"width\":1280,\"height\":720},{\"@type\":\"BreadcrumbList\",\"@id\":\"https:\/\/jam-news.net\/az\/300-min-az%c9%99rbaycanlinin-erm%c9%99nistana-qayidisini-n%c9%99-muzakir%c9%99-etmisik-n%c9%99-d%c9%99-muzakir%c9%99-edirik-nikol-pasinyan\/#breadcrumb\",\"itemListElement\":[{\"@type\":\"ListItem\",\"position\":1,\"name\":\"Home\",\"item\":\"https:\/\/jam-news.net\/az\/\"},{\"@type\":\"ListItem\",\"position\":2,\"name\":\"&#8220;300 min az\u0259rbaycanl\u0131n\u0131n Erm\u0259nistana qay\u0131d\u0131\u015f\u0131n\u0131 n\u0259 m\u00fczakir\u0259 etmi\u015fik, n\u0259 d\u0259 m\u00fczakir\u0259 edirik&#8221; &#8211; Nikol Pa\u015finyan\"}]},{\"@type\":\"WebSite\",\"@id\":\"https:\/\/jam-news.net\/az\/#website\",\"url\":\"https:\/\/jam-news.net\/az\/\",\"name\":\"Azerbaijani Jamnews\",\"description\":\"Caucasus News, Politics and Society\",\"publisher\":{\"@id\":\"https:\/\/jam-news.net\/az\/#organization\"},\"potentialAction\":[{\"@type\":\"SearchAction\",\"target\":{\"@type\":\"EntryPoint\",\"urlTemplate\":\"https:\/\/jam-news.net\/az\/?s={search_term_string}\"},\"query-input\":{\"@type\":\"PropertyValueSpecification\",\"valueRequired\":true,\"valueName\":\"search_term_string\"}}],\"inLanguage\":\"az\"},{\"@type\":\"Organization\",\"@id\":\"https:\/\/jam-news.net\/az\/#organization\",\"name\":\"JAMnews\",\"url\":\"https:\/\/jam-news.net\/az\/\",\"logo\":{\"@type\":\"ImageObject\",\"inLanguage\":\"az\",\"@id\":\"https:\/\/jam-news.net\/az\/#\/schema\/logo\/image\/\",\"url\":\"https:\/\/jam-news.net\/app\/uploads\/2020\/05\/JAM_w.jpg\",\"contentUrl\":\"https:\/\/jam-news.net\/app\/uploads\/2020\/05\/JAM_w.jpg\",\"width\":960,\"height\":960,\"caption\":\"JAMnews\"},\"image\":{\"@id\":\"https:\/\/jam-news.net\/az\/#\/schema\/logo\/image\/\"},\"sameAs\":[\"https:\/\/www.facebook.com\/JAMnewsInEnglish\/\",\"https:\/\/x.com\/JAMnewsCaucasus\",\"https:\/\/www.instagram.com\/jam_news\/\",\"https:\/\/www.youtube.com\/channel\/UCXQbUCme2pykuZYXWHx4VPg\"]},{\"@type\":\"Person\",\"@id\":\"https:\/\/jam-news.net\/az\/#\/schema\/person\/9f5201213de7e745950950d0c1c0abab\",\"name\":\"gulnara\",\"image\":{\"@type\":\"ImageObject\",\"inLanguage\":\"az\",\"@id\":\"https:\/\/jam-news.net\/az\/#\/schema\/person\/image\/\",\"url\":\"https:\/\/secure.gravatar.com\/avatar\/c1ec22b621eb2f555f0e3b7a02648ad7?s=96&d=mm&r=g\",\"contentUrl\":\"https:\/\/secure.gravatar.com\/avatar\/c1ec22b621eb2f555f0e3b7a02648ad7?s=96&d=mm&r=g\",\"caption\":\"gulnara\"},\"url\":\"https:\/\/jam-news.net\/az\/author\/gulnara\/\"}]}<\/script>\n<!-- \/ Yoast SEO plugin. -->","yoast_head_json":{"title":"Pa\u015finyan Mustafayevin s\u0259f\u0259ri bar\u0259d\u0259 |JAMnews","description":"Nikol Pa\u015finyan Mustafayevin s\u0259f\u0259ri bar\u0259d\u0259. Erm\u0259nistan ba\u015f nazirinin son brifinqind\u0259n iddialar v\u0259 a\u00e7\u0131qlamalar","robots":{"index":"index","follow":"follow","max-snippet":"max-snippet:-1","max-image-preview":"max-image-preview:large","max-video-preview":"max-video-preview:-1"},"canonical":"https:\/\/jam-news.net\/az\/300-min-az\u0259rbaycanlinin-erm\u0259nistana-qayidisini-n\u0259-muzakir\u0259-etmisik-n\u0259-d\u0259-muzakir\u0259-edirik-nikol-pasinyan\/","og_locale":"az_AZ","og_type":"article","og_title":"\"300 min az\u0259rbaycanl\u0131n\u0131n Erm\u0259nistana qay\u0131d\u0131\u015f\u0131n\u0131 n\u0259 m\u00fczakir\u0259 etmi\u015fik, n\u0259 d\u0259 m\u00fczakir\u0259 edirik\" - Nikol Pa\u015finyan","og_description":"Nikol Pa\u015finyan Mustafayevin s\u0259f\u0259ri bar\u0259d\u0259. Erm\u0259nistan ba\u015f nazirinin son brifinqind\u0259n iddialar v\u0259 a\u00e7\u0131qlamalar","og_url":"https:\/\/jam-news.net\/az\/300-min-az\u0259rbaycanlinin-erm\u0259nistana-qayidisini-n\u0259-muzakir\u0259-etmisik-n\u0259-d\u0259-muzakir\u0259-edirik-nikol-pasinyan\/","og_site_name":"Azerbaijani Jamnews","article_publisher":"https:\/\/www.facebook.com\/JAMnewsInEnglish\/","article_published_time":"2026-05-01T14:33:09+00:00","article_modified_time":"2026-05-01T14:33:11+00:00","og_image":[{"width":1280,"height":720,"url":"https:\/\/jam-news.net\/app\/uploads\/2026\/04\/maxresdefault-7.jpg","type":"image\/jpeg"}],"author":"gulnara","twitter_card":"summary_large_image","twitter_title":"\"300 min az\u0259rbaycanl\u0131n\u0131n Erm\u0259nistana qay\u0131d\u0131\u015f\u0131n\u0131 n\u0259 m\u00fczakir\u0259 etmi\u015fik, n\u0259 d\u0259 m\u00fczakir\u0259 edirik\" - Nikol Pa\u015finyan","twitter_creator":"@JAMnewsCaucasus","twitter_site":"@JAMnewsCaucasus","twitter_misc":{"Written by":"gulnara","Est. reading time":"4 minutes"},"schema":{"@context":"https:\/\/schema.org","@graph":[{"@type":"Article","@id":"https:\/\/jam-news.net\/az\/300-min-az%c9%99rbaycanlinin-erm%c9%99nistana-qayidisini-n%c9%99-muzakir%c9%99-etmisik-n%c9%99-d%c9%99-muzakir%c9%99-edirik-nikol-pasinyan\/#article","isPartOf":{"@id":"https:\/\/jam-news.net\/az\/300-min-az%c9%99rbaycanlinin-erm%c9%99nistana-qayidisini-n%c9%99-muzakir%c9%99-etmisik-n%c9%99-d%c9%99-muzakir%c9%99-edirik-nikol-pasinyan\/"},"author":{"name":"gulnara","@id":"https:\/\/jam-news.net\/az\/#\/schema\/person\/9f5201213de7e745950950d0c1c0abab"},"headline":"&#8220;300 min az\u0259rbaycanl\u0131n\u0131n Erm\u0259nistana qay\u0131d\u0131\u015f\u0131n\u0131 n\u0259 m\u00fczakir\u0259 etmi\u015fik, n\u0259 d\u0259 m\u00fczakir\u0259 edirik&#8221; &#8211; Nikol Pa\u015finyan","datePublished":"2026-05-01T14:33:09+00:00","dateModified":"2026-05-01T14:33:11+00:00","mainEntityOfPage":{"@id":"https:\/\/jam-news.net\/az\/300-min-az%c9%99rbaycanlinin-erm%c9%99nistana-qayidisini-n%c9%99-muzakir%c9%99-etmisik-n%c9%99-d%c9%99-muzakir%c9%99-edirik-nikol-pasinyan\/"},"wordCount":1272,"publisher":{"@id":"https:\/\/jam-news.net\/az\/#organization"},"image":{"@id":"https:\/\/jam-news.net\/az\/300-min-az%c9%99rbaycanlinin-erm%c9%99nistana-qayidisini-n%c9%99-muzakir%c9%99-etmisik-n%c9%99-d%c9%99-muzakir%c9%99-edirik-nikol-pasinyan\/#primaryimage"},"thumbnailUrl":"https:\/\/jam-news.net\/app\/uploads\/2026\/04\/maxresdefault-7.jpg","keywords":["A\u011fveran","Az\u0259rbaycan","Erm\u0259nistan","Mqer Qriqoryan","\u015eahin Mustafayev","Samvel Karapetyan"],"articleSection":["Armenia","Armenia-Azerbaijan: Context","Azerbaijan","Conflicts","Issues","News","Politics"],"inLanguage":"az"},{"@type":"WebPage","@id":"https:\/\/jam-news.net\/az\/300-min-az%c9%99rbaycanlinin-erm%c9%99nistana-qayidisini-n%c9%99-muzakir%c9%99-etmisik-n%c9%99-d%c9%99-muzakir%c9%99-edirik-nikol-pasinyan\/","url":"https:\/\/jam-news.net\/az\/300-min-az%c9%99rbaycanlinin-erm%c9%99nistana-qayidisini-n%c9%99-muzakir%c9%99-etmisik-n%c9%99-d%c9%99-muzakir%c9%99-edirik-nikol-pasinyan\/","name":"Pa\u015finyan Mustafayevin s\u0259f\u0259ri bar\u0259d\u0259 |JAMnews","isPartOf":{"@id":"https:\/\/jam-news.net\/az\/#website"},"primaryImageOfPage":{"@id":"https:\/\/jam-news.net\/az\/300-min-az%c9%99rbaycanlinin-erm%c9%99nistana-qayidisini-n%c9%99-muzakir%c9%99-etmisik-n%c9%99-d%c9%99-muzakir%c9%99-edirik-nikol-pasinyan\/#primaryimage"},"image":{"@id":"https:\/\/jam-news.net\/az\/300-min-az%c9%99rbaycanlinin-erm%c9%99nistana-qayidisini-n%c9%99-muzakir%c9%99-etmisik-n%c9%99-d%c9%99-muzakir%c9%99-edirik-nikol-pasinyan\/#primaryimage"},"thumbnailUrl":"https:\/\/jam-news.net\/app\/uploads\/2026\/04\/maxresdefault-7.jpg","datePublished":"2026-05-01T14:33:09+00:00","dateModified":"2026-05-01T14:33:11+00:00","description":"Nikol Pa\u015finyan Mustafayevin s\u0259f\u0259ri bar\u0259d\u0259. Erm\u0259nistan ba\u015f nazirinin son brifinqind\u0259n iddialar v\u0259 a\u00e7\u0131qlamalar","breadcrumb":{"@id":"https:\/\/jam-news.net\/az\/300-min-az%c9%99rbaycanlinin-erm%c9%99nistana-qayidisini-n%c9%99-muzakir%c9%99-etmisik-n%c9%99-d%c9%99-muzakir%c9%99-edirik-nikol-pasinyan\/#breadcrumb"},"inLanguage":"az","potentialAction":[{"@type":"ReadAction","target":["https:\/\/jam-news.net\/az\/300-min-az%c9%99rbaycanlinin-erm%c9%99nistana-qayidisini-n%c9%99-muzakir%c9%99-etmisik-n%c9%99-d%c9%99-muzakir%c9%99-edirik-nikol-pasinyan\/"]}]},{"@type":"ImageObject","inLanguage":"az","@id":"https:\/\/jam-news.net\/az\/300-min-az%c9%99rbaycanlinin-erm%c9%99nistana-qayidisini-n%c9%99-muzakir%c9%99-etmisik-n%c9%99-d%c9%99-muzakir%c9%99-edirik-nikol-pasinyan\/#primaryimage","url":"https:\/\/jam-news.net\/app\/uploads\/2026\/04\/maxresdefault-7.jpg","contentUrl":"https:\/\/jam-news.net\/app\/uploads\/2026\/04\/maxresdefault-7.jpg","width":1280,"height":720},{"@type":"BreadcrumbList","@id":"https:\/\/jam-news.net\/az\/300-min-az%c9%99rbaycanlinin-erm%c9%99nistana-qayidisini-n%c9%99-muzakir%c9%99-etmisik-n%c9%99-d%c9%99-muzakir%c9%99-edirik-nikol-pasinyan\/#breadcrumb","itemListElement":[{"@type":"ListItem","position":1,"name":"Home","item":"https:\/\/jam-news.net\/az\/"},{"@type":"ListItem","position":2,"name":"&#8220;300 min az\u0259rbaycanl\u0131n\u0131n Erm\u0259nistana qay\u0131d\u0131\u015f\u0131n\u0131 n\u0259 m\u00fczakir\u0259 etmi\u015fik, n\u0259 d\u0259 m\u00fczakir\u0259 edirik&#8221; &#8211; Nikol Pa\u015finyan"}]},{"@type":"WebSite","@id":"https:\/\/jam-news.net\/az\/#website","url":"https:\/\/jam-news.net\/az\/","name":"Azerbaijani Jamnews","description":"Caucasus News, Politics and Society","publisher":{"@id":"https:\/\/jam-news.net\/az\/#organization"},"potentialAction":[{"@type":"SearchAction","target":{"@type":"EntryPoint","urlTemplate":"https:\/\/jam-news.net\/az\/?s={search_term_string}"},"query-input":{"@type":"PropertyValueSpecification","valueRequired":true,"valueName":"search_term_string"}}],"inLanguage":"az"},{"@type":"Organization","@id":"https:\/\/jam-news.net\/az\/#organization","name":"JAMnews","url":"https:\/\/jam-news.net\/az\/","logo":{"@type":"ImageObject","inLanguage":"az","@id":"https:\/\/jam-news.net\/az\/#\/schema\/logo\/image\/","url":"https:\/\/jam-news.net\/app\/uploads\/2020\/05\/JAM_w.jpg","contentUrl":"https:\/\/jam-news.net\/app\/uploads\/2020\/05\/JAM_w.jpg","width":960,"height":960,"caption":"JAMnews"},"image":{"@id":"https:\/\/jam-news.net\/az\/#\/schema\/logo\/image\/"},"sameAs":["https:\/\/www.facebook.com\/JAMnewsInEnglish\/","https:\/\/x.com\/JAMnewsCaucasus","https:\/\/www.instagram.com\/jam_news\/","https:\/\/www.youtube.com\/channel\/UCXQbUCme2pykuZYXWHx4VPg"]},{"@type":"Person","@id":"https:\/\/jam-news.net\/az\/#\/schema\/person\/9f5201213de7e745950950d0c1c0abab","name":"gulnara","image":{"@type":"ImageObject","inLanguage":"az","@id":"https:\/\/jam-news.net\/az\/#\/schema\/person\/image\/","url":"https:\/\/secure.gravatar.com\/avatar\/c1ec22b621eb2f555f0e3b7a02648ad7?s=96&d=mm&r=g","contentUrl":"https:\/\/secure.gravatar.com\/avatar\/c1ec22b621eb2f555f0e3b7a02648ad7?s=96&d=mm&r=g","caption":"gulnara"},"url":"https:\/\/jam-news.net\/az\/author\/gulnara\/"}]}},"_links":{"self":[{"href":"https:\/\/jam-news.net\/az\/wp-json\/wp\/v2\/posts\/105043","targetHints":{"allow":["GET"]}}],"collection":[{"href":"https:\/\/jam-news.net\/az\/wp-json\/wp\/v2\/posts"}],"about":[{"href":"https:\/\/jam-news.net\/az\/wp-json\/wp\/v2\/types\/post"}],"author":[{"embeddable":true,"href":"https:\/\/jam-news.net\/az\/wp-json\/wp\/v2\/users\/62"}],"replies":[{"embeddable":true,"href":"https:\/\/jam-news.net\/az\/wp-json\/wp\/v2\/comments?post=105043"}],"version-history":[{"count":7,"href":"https:\/\/jam-news.net\/az\/wp-json\/wp\/v2\/posts\/105043\/revisions"}],"predecessor-version":[{"id":105052,"href":"https:\/\/jam-news.net\/az\/wp-json\/wp\/v2\/posts\/105043\/revisions\/105052"}],"wp:featuredmedia":[{"embeddable":true,"href":"https:\/\/jam-news.net\/az\/wp-json\/wp\/v2\/media\/105009"}],"wp:attachment":[{"href":"https:\/\/jam-news.net\/az\/wp-json\/wp\/v2\/media?parent=105043"}],"wp:term":[{"taxonomy":"category","embeddable":true,"href":"https:\/\/jam-news.net\/az\/wp-json\/wp\/v2\/categories?post=105043"},{"taxonomy":"post_tag","embeddable":true,"href":"https:\/\/jam-news.net\/az\/wp-json\/wp\/v2\/tags?post=105043"},{"taxonomy":"formation","embeddable":true,"href":"https:\/\/jam-news.net\/az\/wp-json\/wp\/v2\/formation?post=105043"},{"taxonomy":"post-author","embeddable":true,"href":"https:\/\/jam-news.net\/az\/wp-json\/wp\/v2\/post-author?post=105043"},{"taxonomy":"topic","embeddable":true,"href":"https:\/\/jam-news.net\/az\/wp-json\/wp\/v2\/topic?post=105043"},{"taxonomy":"tooltip","embeddable":true,"href":"https:\/\/jam-news.net\/az\/wp-json\/wp\/v2\/tooltip?post=105043"},{"taxonomy":"city","embeddable":true,"href":"https:\/\/jam-news.net\/az\/wp-json\/wp\/v2\/city?post=105043"}],"curies":[{"name":"wp","href":"https:\/\/api.w.org\/{rel}","templated":true}]}}