{"id":105029,"date":"2026-05-01T15:50:37","date_gmt":"2026-05-01T11:50:37","guid":{"rendered":"https:\/\/jam-news.net\/az\/?p=105029"},"modified":"2026-05-01T16:45:52","modified_gmt":"2026-05-01T12:45:52","slug":"meydan-tv-m%c9%99hk%c9%99m%c9%99si","status":"publish","type":"post","link":"https:\/\/jam-news.net\/az\/meydan-tv-m%c9%99hk%c9%99m%c9%99si\/","title":{"rendered":"&#8220;Meydan TV&#8221; jurnalistl\u0259ri m\u0259hk\u0259m\u0259 zal\u0131nda D\u00fcnya M\u0259tbuat Azadl\u0131\u011f\u0131 G\u00fcn\u00fc il\u0259 ba\u011fl\u0131 aksiya edibl\u0259r"},"content":{"rendered":"\n<p style=\"font-size:11px\"><strong><em>Meydan TV m\u0259hk\u0259m\u0259si<\/em><\/strong><\/p>\n\n\n\n<p>Bu g\u00fcn Bak\u0131 A\u011f\u0131r Cinay\u0259tl\u0259r M\u0259hk\u0259m\u0259sind\u0259 <a href=\"https:\/\/jam-news.net\/az\/topic\/meydan-tv-isi\/\" target=\"_blank\" rel=\"noreferrer noopener\">\u201cMeydan TV i\u015fi\u201d<\/a> \u00fczr\u0259 ke\u00e7irilm\u0259li olan m\u0259hk\u0259m\u0259 prosesi ba\u015f tutmasa da jurnalistl\u0259r 3 May D\u00fcnya M\u0259tbuat Azadl\u0131\u011f\u0131 G\u00fcn\u00fc il\u0259 ba\u011fl\u0131 \u015f\u00fcar plakat qald\u0131r\u0131b, \u015f\u00fcar s\u0259sl\u0259ndiribl\u0259r.<\/p>\n\n\n\n<div class=\"wp-block-group\"><div class=\"wp-block-group__inner-container is-layout-constrained wp-block-group-is-layout-constrained\">\n<div class=\"wp-block-group has-background\" style=\"background-color:#dee8ee\"><div class=\"wp-block-group__inner-container is-layout-constrained wp-block-group-is-layout-constrained\">\n<p>2024-c\u00fc il dekabr\u0131n 6-da \u201cMeydan TV\u201d-nin \u0259m\u0259kda\u015flar\u0131 Ramin Deko (C\u0259bray\u0131lzad\u0259), Aynur Q\u0259nb\u0259rova (Elg\u00fcn\u0259\u015f), Aysel Umudova, Aytac \u018fhm\u0259dova (Tapd\u0131q), X\u0259yal\u0259 A\u011fayeva, Natiq Cavadl\u0131 saxlan\u0131l\u0131blar. Onlara qar\u015f\u0131 Cinay\u0259t M\u0259c\u0259ll\u0259sinin 206.3.2-ci (qa\u00e7aqmal\u00e7\u0131l\u0131q, \u0259vv\u0259lc\u0259d\u0259n \u0259lbir olan bir qrup \u015f\u0259xs t\u0259r\u0259find\u0259n t\u00f6r\u0259dildikd\u0259) madd\u0259si il\u0259 ittiham ir\u0259li s\u00fcr\u00fcl\u00fcb v\u0259 bar\u0259l\u0259rind\u0259 a\u00e7\u0131lm\u0131\u015f cinay\u0259t i\u015fi \u201cMeydan TV i\u015fi\u201d adland\u0131r\u0131lma\u011fa ba\u015flay\u0131b. Daha sonra bu i\u015fl\u0259 ba\u011fl\u0131 jurnalistl\u0259r \u015e\u0259m\u015fad A\u011fa, Nurlan Libre, Fatim\u0259 M\u00f6vlaml\u0131, \u00dclviyy\u0259 \u018fli v\u0259 \u018fhm\u0259d Muxtar da h\u0259bs edilibl\u0259r.<\/p>\n\n\n\n<p>Bu ilin avqustunda&nbsp;<a href=\"https:\/\/jam-news.net\/az\/meydan-tv-isi-uzre-istintaq-yekunlasib\/\" target=\"_blank\" rel=\"noreferrer noopener\">jurnalist\u0259 qar\u015f\u0131 ittihamlar a\u011f\u0131rla\u015fd\u0131r\u0131l\u0131b<\/a>&nbsp;v\u0259 i\u015f\u0259 \u0259lav\u0259 madd\u0259l\u0259r daxil edilib.<\/p>\n\n\n\n<p>\u201cMeydan TV\u201d b\u0259yan edir ki, bu h\u0259bsl\u0259r onlar\u0131n t\u0259nqidi f\u0259aliyy\u0259tl\u0259rin\u0259 g\u00f6r\u0259dir.<\/p>\n<\/div><\/div>\n<\/div><\/div>\n\n\n\n<p>Proses zaman\u0131 sad\u0259c\u0259 v\u0259kil \u015e\u0259hla H\u00fcmb\u0259tovan\u0131n jurnalist \u015e\u0259m\u015fad A\u011fan\u0131n m\u00fcdafi\u0259\u00e7isi qismind\u0259 tan\u0131nmas\u0131 \u00fc\u00e7\u00fcn etdiyi m\u00fcraci\u0259t q\u0259bul olunub. Daha sonra hakim iclas\u0131n t\u0259xir\u0259 sal\u0131nd\u0131\u011f\u0131n\u0131 elan edib.<\/p>\n\n\n\n<p>Hakim Ayt\u0259n \u018fliyevan\u0131n s\u0259drliyi il\u0259  ke\u00e7irilm\u0259li olan iclas jurnalistl\u0259rin v\u0259kill\u0259rinin bir ne\u00e7\u0259sinin gecikm\u0259si s\u0259b\u0259bind\u0259n t\u0259xir\u0259 sal\u0131n\u0131b. V\u0259kill\u0259r 15 d\u0259qiq\u0259y\u0259 iclas zal\u0131nda olacaqlar\u0131n\u0131 bildirs\u0259l\u0259r d\u0259 hakim bunu n\u0259z\u0259r\u0259 almay\u0131b.<\/p>\n\n\n\n<p>Bu zaman t\u0259qsirl\u0259ndiril\u0259n jurnalistl\u0259r qar\u015f\u0131dan g\u0259l\u0259n 3 May D\u00fcnya M\u0259tbuat Azadl\u0131\u011f\u0131 G\u00fcn\u00fcn\u0259 vur\u011fu ed\u0259r\u0259k etiraz aksiyas\u0131 ke\u00e7irdikl\u0259rini bildiribl\u0259r. Onlar a\u015fa\u011f\u0131dak\u0131 \u015f\u00fcarlar\u0131 s\u0259sl\u0259ndiribl\u0259r:<\/p>\n\n\n\n<ul class=\"wp-block-list\">\n<li>&#8220;Azadl\u0131q m\u0259tbuat\u0131n \u015fah damar\u0131d\u0131r!&#8221;<\/li>\n\n\n\n<li>&#8220;Meydanda da yan-yana, zindanda da yan-yana!&#8221;<\/li>\n\n\n\n<li>&#8220;S\u00f6z\u0259 qandal vurulmur!&#8221;<\/li>\n\n\n\n<li>&#8220;Jurnalistika cinay\u0259t deyil!&#8221;<\/li>\n\n\n\n<li>&#8220;Azad s\u00f6z bizimdir, m\u0259hb\u0259s\u0259 s\u0131\u011fmaz!&#8221;<\/li>\n\n\n\n<li>&#8220;\u0130nternet azadd\u0131r, s\u00f6z bloklan\u0131b!&#8221;<\/li>\n<\/ul>\n\n\n\n<p>Aksiya zaman\u0131 qad\u0131n jurnalistl\u0259r plakatlar qald\u0131r\u0131blar. Onlardan b\u0259zil\u0259rini qeyd edirik:<\/p>\n\n\n\n<ul class=\"wp-block-list\">\n<li>&#8220;\u00d6z\u00fcm\u00fcz h\u0259bsd\u0259, q\u0259l\u0259m\u0259miz f\u0259rari&#8221;, &#8211; Aysel Umudova,<\/li>\n\n\n\n<li>&#8220;Free media, free people&#8221;, &#8211; \u00dclviyy\u0259 \u018fli,<\/li>\n\n\n\n<li>&#8220;Susmaq yox, dan\u0131\u015fmaq q\u0131z\u0131ld\u0131r&#8221;, &#8211; Aytac Tapd\u0131q,<\/li>\n\n\n\n<li>&#8220;Azadl\u0131q m\u0259tbuat\u0131n \u015fah damar\u0131d\u0131r&#8221;, &#8211; X\u0259yal\u0259 A\u011fayeva.<\/li>\n<\/ul>\n\n\n\n<p>N\u00f6vb\u0259ti m\u0259hk\u0259m\u0259 prosesi 22 may tarixin\u0259 t\u0259yin edilib.<\/p>\n\n\n\n<p style=\"font-size:1px\"><strong><em>Meydan TV m\u0259hk\u0259m\u0259si<\/em><\/strong><\/p>\n","protected":false},"excerpt":{"rendered":"<p>Jurnalistl\u0259r 3 May D\u00fcnya M\u0259tbuat Azadl\u0131\u011f\u0131 G\u00fcn\u00fc il\u0259 ba\u011fl\u0131 plakat qald\u0131r\u0131b, \u015f\u00fcar s\u0259sl\u0259ndiribl\u0259r.<\/p>\n","protected":false},"author":60,"featured_media":105033,"comment_status":"closed","ping_status":"closed","sticky":false,"template":"","format":"standard","meta":{"_acf_changed":false,"footnotes":""},"categories":[17,25,50],"tags":[],"formation":[],"post-author":[2888],"topic":[6199,4952,6669,51],"tooltip":[],"city":[6041],"class_list":["post-105029","post","type-post","status-publish","format-standard","has-post-thumbnail","hentry","category-azrbaycan","category-cmiyyt","category-xbrlr","post-author-jamnews","topic-azrbaycanda-hbslr","topic-azrbaycan","topic-meydan-tv-isi","topic-azrbaycanda-muxalift","city-baki"],"acf":[],"yoast_head":"<!-- This site is optimized with the Yoast SEO plugin v24.1 - https:\/\/yoast.com\/wordpress\/plugins\/seo\/ -->\n<title>Meydan TV m\u0259hk\u0259m\u0259si - JAMnews<\/title>\n<meta name=\"description\" content=\"Meydan TV m\u0259hk\u0259m\u0259si. Jurnalistl\u0259r 3 May D\u00fcnya M\u0259tbuat Azadl\u0131\u011f\u0131 G\u00fcn\u00fc il\u0259 ba\u011fl\u0131 plakat qald\u0131r\u0131b, \u015f\u00fcar s\u0259sl\u0259ndiribl\u0259r.\" \/>\n<meta name=\"robots\" content=\"index, follow, max-snippet:-1, max-image-preview:large, max-video-preview:-1\" \/>\n<link rel=\"canonical\" href=\"https:\/\/jam-news.net\/az\/meydan-tv-m\u0259hk\u0259m\u0259si\/\" \/>\n<meta property=\"og:locale\" content=\"az_AZ\" \/>\n<meta property=\"og:type\" content=\"article\" \/>\n<meta property=\"og:title\" content=\"&quot;Meydan TV&quot; jurnalistl\u0259ri m\u0259hk\u0259m\u0259 zal\u0131nda D\u00fcnya M\u0259tbuat Azadl\u0131\u011f\u0131 G\u00fcn\u00fc il\u0259 ba\u011fl\u0131 aksiya edibl\u0259r\" \/>\n<meta property=\"og:description\" content=\"Meydan TV m\u0259hk\u0259m\u0259si. Jurnalistl\u0259r 3 May D\u00fcnya M\u0259tbuat Azadl\u0131\u011f\u0131 G\u00fcn\u00fc il\u0259 ba\u011fl\u0131 plakat qald\u0131r\u0131b, \u015f\u00fcar s\u0259sl\u0259ndiribl\u0259r.\" \/>\n<meta property=\"og:url\" content=\"https:\/\/jam-news.net\/az\/meydan-tv-m\u0259hk\u0259m\u0259si\/\" \/>\n<meta property=\"og:site_name\" content=\"Azerbaijani Jamnews\" \/>\n<meta property=\"article:publisher\" content=\"https:\/\/www.facebook.com\/JAMnewsInEnglish\/\" \/>\n<meta property=\"article:published_time\" content=\"2026-05-01T11:50:37+00:00\" \/>\n<meta property=\"article:modified_time\" content=\"2026-05-01T12:45:52+00:00\" \/>\n<meta property=\"og:image\" content=\"https:\/\/jam-news.net\/app\/uploads\/2026\/05\/website-format-2026-05-01T134347.793.png\" \/>\n\t<meta property=\"og:image:width\" content=\"3840\" \/>\n\t<meta property=\"og:image:height\" content=\"2160\" \/>\n\t<meta property=\"og:image:type\" content=\"image\/png\" \/>\n<meta name=\"author\" content=\"elmisham\" \/>\n<meta name=\"twitter:card\" content=\"summary_large_image\" \/>\n<meta name=\"twitter:title\" content=\"&quot;Meydan TV&quot; jurnalistl\u0259ri m\u0259hk\u0259m\u0259 zal\u0131nda D\u00fcnya M\u0259tbuat Azadl\u0131\u011f\u0131 G\u00fcn\u00fc il\u0259 ba\u011fl\u0131 aksiya edibl\u0259r\" \/>\n<meta name=\"twitter:creator\" content=\"@JAMnewsCaucasus\" \/>\n<meta name=\"twitter:site\" content=\"@JAMnewsCaucasus\" \/>\n<meta name=\"twitter:label1\" content=\"Written by\" \/>\n\t<meta name=\"twitter:data1\" content=\"elmisham\" \/>\n\t<meta name=\"twitter:label2\" content=\"Est. reading time\" \/>\n\t<meta name=\"twitter:data2\" content=\"2 minutes\" \/>\n<script type=\"application\/ld+json\" class=\"yoast-schema-graph\">{\"@context\":\"https:\/\/schema.org\",\"@graph\":[{\"@type\":\"Article\",\"@id\":\"https:\/\/jam-news.net\/az\/meydan-tv-m%c9%99hk%c9%99m%c9%99si\/#article\",\"isPartOf\":{\"@id\":\"https:\/\/jam-news.net\/az\/meydan-tv-m%c9%99hk%c9%99m%c9%99si\/\"},\"author\":{\"name\":\"elmisham\",\"@id\":\"https:\/\/jam-news.net\/az\/#\/schema\/person\/eb45af4c98a871b32118a93d3d66e159\"},\"headline\":\"&#8220;Meydan TV&#8221; jurnalistl\u0259ri m\u0259hk\u0259m\u0259 zal\u0131nda D\u00fcnya M\u0259tbuat Azadl\u0131\u011f\u0131 G\u00fcn\u00fc il\u0259 ba\u011fl\u0131 aksiya edibl\u0259r\",\"datePublished\":\"2026-05-01T11:50:37+00:00\",\"dateModified\":\"2026-05-01T12:45:52+00:00\",\"mainEntityOfPage\":{\"@id\":\"https:\/\/jam-news.net\/az\/meydan-tv-m%c9%99hk%c9%99m%c9%99si\/\"},\"wordCount\":510,\"publisher\":{\"@id\":\"https:\/\/jam-news.net\/az\/#organization\"},\"image\":{\"@id\":\"https:\/\/jam-news.net\/az\/meydan-tv-m%c9%99hk%c9%99m%c9%99si\/#primaryimage\"},\"thumbnailUrl\":\"https:\/\/jam-news.net\/app\/uploads\/2026\/05\/website-format-2026-05-01T134347.793.png\",\"articleSection\":[\"Azerbaijan\",\"Issues\",\"News\"],\"inLanguage\":\"az\"},{\"@type\":\"WebPage\",\"@id\":\"https:\/\/jam-news.net\/az\/meydan-tv-m%c9%99hk%c9%99m%c9%99si\/\",\"url\":\"https:\/\/jam-news.net\/az\/meydan-tv-m%c9%99hk%c9%99m%c9%99si\/\",\"name\":\"Meydan TV m\u0259hk\u0259m\u0259si - JAMnews\",\"isPartOf\":{\"@id\":\"https:\/\/jam-news.net\/az\/#website\"},\"primaryImageOfPage\":{\"@id\":\"https:\/\/jam-news.net\/az\/meydan-tv-m%c9%99hk%c9%99m%c9%99si\/#primaryimage\"},\"image\":{\"@id\":\"https:\/\/jam-news.net\/az\/meydan-tv-m%c9%99hk%c9%99m%c9%99si\/#primaryimage\"},\"thumbnailUrl\":\"https:\/\/jam-news.net\/app\/uploads\/2026\/05\/website-format-2026-05-01T134347.793.png\",\"datePublished\":\"2026-05-01T11:50:37+00:00\",\"dateModified\":\"2026-05-01T12:45:52+00:00\",\"description\":\"Meydan TV m\u0259hk\u0259m\u0259si. Jurnalistl\u0259r 3 May D\u00fcnya M\u0259tbuat Azadl\u0131\u011f\u0131 G\u00fcn\u00fc il\u0259 ba\u011fl\u0131 plakat qald\u0131r\u0131b, \u015f\u00fcar s\u0259sl\u0259ndiribl\u0259r.\",\"breadcrumb\":{\"@id\":\"https:\/\/jam-news.net\/az\/meydan-tv-m%c9%99hk%c9%99m%c9%99si\/#breadcrumb\"},\"inLanguage\":\"az\",\"potentialAction\":[{\"@type\":\"ReadAction\",\"target\":[\"https:\/\/jam-news.net\/az\/meydan-tv-m%c9%99hk%c9%99m%c9%99si\/\"]}]},{\"@type\":\"ImageObject\",\"inLanguage\":\"az\",\"@id\":\"https:\/\/jam-news.net\/az\/meydan-tv-m%c9%99hk%c9%99m%c9%99si\/#primaryimage\",\"url\":\"https:\/\/jam-news.net\/app\/uploads\/2026\/05\/website-format-2026-05-01T134347.793.png\",\"contentUrl\":\"https:\/\/jam-news.net\/app\/uploads\/2026\/05\/website-format-2026-05-01T134347.793.png\",\"width\":3840,\"height\":2160,\"caption\":\"Meydan TV m\u0259hk\u0259m\u0259si\"},{\"@type\":\"BreadcrumbList\",\"@id\":\"https:\/\/jam-news.net\/az\/meydan-tv-m%c9%99hk%c9%99m%c9%99si\/#breadcrumb\",\"itemListElement\":[{\"@type\":\"ListItem\",\"position\":1,\"name\":\"Home\",\"item\":\"https:\/\/jam-news.net\/az\/\"},{\"@type\":\"ListItem\",\"position\":2,\"name\":\"&#8220;Meydan TV&#8221; jurnalistl\u0259ri m\u0259hk\u0259m\u0259 zal\u0131nda D\u00fcnya M\u0259tbuat Azadl\u0131\u011f\u0131 G\u00fcn\u00fc il\u0259 ba\u011fl\u0131 aksiya edibl\u0259r\"}]},{\"@type\":\"WebSite\",\"@id\":\"https:\/\/jam-news.net\/az\/#website\",\"url\":\"https:\/\/jam-news.net\/az\/\",\"name\":\"Azerbaijani Jamnews\",\"description\":\"Caucasus News, Politics and Society\",\"publisher\":{\"@id\":\"https:\/\/jam-news.net\/az\/#organization\"},\"potentialAction\":[{\"@type\":\"SearchAction\",\"target\":{\"@type\":\"EntryPoint\",\"urlTemplate\":\"https:\/\/jam-news.net\/az\/?s={search_term_string}\"},\"query-input\":{\"@type\":\"PropertyValueSpecification\",\"valueRequired\":true,\"valueName\":\"search_term_string\"}}],\"inLanguage\":\"az\"},{\"@type\":\"Organization\",\"@id\":\"https:\/\/jam-news.net\/az\/#organization\",\"name\":\"JAMnews\",\"url\":\"https:\/\/jam-news.net\/az\/\",\"logo\":{\"@type\":\"ImageObject\",\"inLanguage\":\"az\",\"@id\":\"https:\/\/jam-news.net\/az\/#\/schema\/logo\/image\/\",\"url\":\"https:\/\/jam-news.net\/app\/uploads\/2020\/05\/JAM_w.jpg\",\"contentUrl\":\"https:\/\/jam-news.net\/app\/uploads\/2020\/05\/JAM_w.jpg\",\"width\":960,\"height\":960,\"caption\":\"JAMnews\"},\"image\":{\"@id\":\"https:\/\/jam-news.net\/az\/#\/schema\/logo\/image\/\"},\"sameAs\":[\"https:\/\/www.facebook.com\/JAMnewsInEnglish\/\",\"https:\/\/x.com\/JAMnewsCaucasus\",\"https:\/\/www.instagram.com\/jam_news\/\",\"https:\/\/www.youtube.com\/channel\/UCXQbUCme2pykuZYXWHx4VPg\"]},{\"@type\":\"Person\",\"@id\":\"https:\/\/jam-news.net\/az\/#\/schema\/person\/eb45af4c98a871b32118a93d3d66e159\",\"name\":\"elmisham\",\"image\":{\"@type\":\"ImageObject\",\"inLanguage\":\"az\",\"@id\":\"https:\/\/jam-news.net\/az\/#\/schema\/person\/image\/\",\"url\":\"https:\/\/secure.gravatar.com\/avatar\/37fa0366c180c74da87d58de88ffdc3f?s=96&d=mm&r=g\",\"contentUrl\":\"https:\/\/secure.gravatar.com\/avatar\/37fa0366c180c74da87d58de88ffdc3f?s=96&d=mm&r=g\",\"caption\":\"elmisham\"},\"url\":\"https:\/\/jam-news.net\/az\/author\/elmisham\/\"}]}<\/script>\n<!-- \/ Yoast SEO plugin. -->","yoast_head_json":{"title":"Meydan TV m\u0259hk\u0259m\u0259si - JAMnews","description":"Meydan TV m\u0259hk\u0259m\u0259si. Jurnalistl\u0259r 3 May D\u00fcnya M\u0259tbuat Azadl\u0131\u011f\u0131 G\u00fcn\u00fc il\u0259 ba\u011fl\u0131 plakat qald\u0131r\u0131b, \u015f\u00fcar s\u0259sl\u0259ndiribl\u0259r.","robots":{"index":"index","follow":"follow","max-snippet":"max-snippet:-1","max-image-preview":"max-image-preview:large","max-video-preview":"max-video-preview:-1"},"canonical":"https:\/\/jam-news.net\/az\/meydan-tv-m\u0259hk\u0259m\u0259si\/","og_locale":"az_AZ","og_type":"article","og_title":"\"Meydan TV\" jurnalistl\u0259ri m\u0259hk\u0259m\u0259 zal\u0131nda D\u00fcnya M\u0259tbuat Azadl\u0131\u011f\u0131 G\u00fcn\u00fc il\u0259 ba\u011fl\u0131 aksiya edibl\u0259r","og_description":"Meydan TV m\u0259hk\u0259m\u0259si. Jurnalistl\u0259r 3 May D\u00fcnya M\u0259tbuat Azadl\u0131\u011f\u0131 G\u00fcn\u00fc il\u0259 ba\u011fl\u0131 plakat qald\u0131r\u0131b, \u015f\u00fcar s\u0259sl\u0259ndiribl\u0259r.","og_url":"https:\/\/jam-news.net\/az\/meydan-tv-m\u0259hk\u0259m\u0259si\/","og_site_name":"Azerbaijani Jamnews","article_publisher":"https:\/\/www.facebook.com\/JAMnewsInEnglish\/","article_published_time":"2026-05-01T11:50:37+00:00","article_modified_time":"2026-05-01T12:45:52+00:00","og_image":[{"width":3840,"height":2160,"url":"https:\/\/jam-news.net\/app\/uploads\/2026\/05\/website-format-2026-05-01T134347.793.png","type":"image\/png"}],"author":"elmisham","twitter_card":"summary_large_image","twitter_title":"\"Meydan TV\" jurnalistl\u0259ri m\u0259hk\u0259m\u0259 zal\u0131nda D\u00fcnya M\u0259tbuat Azadl\u0131\u011f\u0131 G\u00fcn\u00fc il\u0259 ba\u011fl\u0131 aksiya edibl\u0259r","twitter_creator":"@JAMnewsCaucasus","twitter_site":"@JAMnewsCaucasus","twitter_misc":{"Written by":"elmisham","Est. reading time":"2 minutes"},"schema":{"@context":"https:\/\/schema.org","@graph":[{"@type":"Article","@id":"https:\/\/jam-news.net\/az\/meydan-tv-m%c9%99hk%c9%99m%c9%99si\/#article","isPartOf":{"@id":"https:\/\/jam-news.net\/az\/meydan-tv-m%c9%99hk%c9%99m%c9%99si\/"},"author":{"name":"elmisham","@id":"https:\/\/jam-news.net\/az\/#\/schema\/person\/eb45af4c98a871b32118a93d3d66e159"},"headline":"&#8220;Meydan TV&#8221; jurnalistl\u0259ri m\u0259hk\u0259m\u0259 zal\u0131nda D\u00fcnya M\u0259tbuat Azadl\u0131\u011f\u0131 G\u00fcn\u00fc il\u0259 ba\u011fl\u0131 aksiya edibl\u0259r","datePublished":"2026-05-01T11:50:37+00:00","dateModified":"2026-05-01T12:45:52+00:00","mainEntityOfPage":{"@id":"https:\/\/jam-news.net\/az\/meydan-tv-m%c9%99hk%c9%99m%c9%99si\/"},"wordCount":510,"publisher":{"@id":"https:\/\/jam-news.net\/az\/#organization"},"image":{"@id":"https:\/\/jam-news.net\/az\/meydan-tv-m%c9%99hk%c9%99m%c9%99si\/#primaryimage"},"thumbnailUrl":"https:\/\/jam-news.net\/app\/uploads\/2026\/05\/website-format-2026-05-01T134347.793.png","articleSection":["Azerbaijan","Issues","News"],"inLanguage":"az"},{"@type":"WebPage","@id":"https:\/\/jam-news.net\/az\/meydan-tv-m%c9%99hk%c9%99m%c9%99si\/","url":"https:\/\/jam-news.net\/az\/meydan-tv-m%c9%99hk%c9%99m%c9%99si\/","name":"Meydan TV m\u0259hk\u0259m\u0259si - JAMnews","isPartOf":{"@id":"https:\/\/jam-news.net\/az\/#website"},"primaryImageOfPage":{"@id":"https:\/\/jam-news.net\/az\/meydan-tv-m%c9%99hk%c9%99m%c9%99si\/#primaryimage"},"image":{"@id":"https:\/\/jam-news.net\/az\/meydan-tv-m%c9%99hk%c9%99m%c9%99si\/#primaryimage"},"thumbnailUrl":"https:\/\/jam-news.net\/app\/uploads\/2026\/05\/website-format-2026-05-01T134347.793.png","datePublished":"2026-05-01T11:50:37+00:00","dateModified":"2026-05-01T12:45:52+00:00","description":"Meydan TV m\u0259hk\u0259m\u0259si. Jurnalistl\u0259r 3 May D\u00fcnya M\u0259tbuat Azadl\u0131\u011f\u0131 G\u00fcn\u00fc il\u0259 ba\u011fl\u0131 plakat qald\u0131r\u0131b, \u015f\u00fcar s\u0259sl\u0259ndiribl\u0259r.","breadcrumb":{"@id":"https:\/\/jam-news.net\/az\/meydan-tv-m%c9%99hk%c9%99m%c9%99si\/#breadcrumb"},"inLanguage":"az","potentialAction":[{"@type":"ReadAction","target":["https:\/\/jam-news.net\/az\/meydan-tv-m%c9%99hk%c9%99m%c9%99si\/"]}]},{"@type":"ImageObject","inLanguage":"az","@id":"https:\/\/jam-news.net\/az\/meydan-tv-m%c9%99hk%c9%99m%c9%99si\/#primaryimage","url":"https:\/\/jam-news.net\/app\/uploads\/2026\/05\/website-format-2026-05-01T134347.793.png","contentUrl":"https:\/\/jam-news.net\/app\/uploads\/2026\/05\/website-format-2026-05-01T134347.793.png","width":3840,"height":2160,"caption":"Meydan TV m\u0259hk\u0259m\u0259si"},{"@type":"BreadcrumbList","@id":"https:\/\/jam-news.net\/az\/meydan-tv-m%c9%99hk%c9%99m%c9%99si\/#breadcrumb","itemListElement":[{"@type":"ListItem","position":1,"name":"Home","item":"https:\/\/jam-news.net\/az\/"},{"@type":"ListItem","position":2,"name":"&#8220;Meydan TV&#8221; jurnalistl\u0259ri m\u0259hk\u0259m\u0259 zal\u0131nda D\u00fcnya M\u0259tbuat Azadl\u0131\u011f\u0131 G\u00fcn\u00fc il\u0259 ba\u011fl\u0131 aksiya edibl\u0259r"}]},{"@type":"WebSite","@id":"https:\/\/jam-news.net\/az\/#website","url":"https:\/\/jam-news.net\/az\/","name":"Azerbaijani Jamnews","description":"Caucasus News, Politics and Society","publisher":{"@id":"https:\/\/jam-news.net\/az\/#organization"},"potentialAction":[{"@type":"SearchAction","target":{"@type":"EntryPoint","urlTemplate":"https:\/\/jam-news.net\/az\/?s={search_term_string}"},"query-input":{"@type":"PropertyValueSpecification","valueRequired":true,"valueName":"search_term_string"}}],"inLanguage":"az"},{"@type":"Organization","@id":"https:\/\/jam-news.net\/az\/#organization","name":"JAMnews","url":"https:\/\/jam-news.net\/az\/","logo":{"@type":"ImageObject","inLanguage":"az","@id":"https:\/\/jam-news.net\/az\/#\/schema\/logo\/image\/","url":"https:\/\/jam-news.net\/app\/uploads\/2020\/05\/JAM_w.jpg","contentUrl":"https:\/\/jam-news.net\/app\/uploads\/2020\/05\/JAM_w.jpg","width":960,"height":960,"caption":"JAMnews"},"image":{"@id":"https:\/\/jam-news.net\/az\/#\/schema\/logo\/image\/"},"sameAs":["https:\/\/www.facebook.com\/JAMnewsInEnglish\/","https:\/\/x.com\/JAMnewsCaucasus","https:\/\/www.instagram.com\/jam_news\/","https:\/\/www.youtube.com\/channel\/UCXQbUCme2pykuZYXWHx4VPg"]},{"@type":"Person","@id":"https:\/\/jam-news.net\/az\/#\/schema\/person\/eb45af4c98a871b32118a93d3d66e159","name":"elmisham","image":{"@type":"ImageObject","inLanguage":"az","@id":"https:\/\/jam-news.net\/az\/#\/schema\/person\/image\/","url":"https:\/\/secure.gravatar.com\/avatar\/37fa0366c180c74da87d58de88ffdc3f?s=96&d=mm&r=g","contentUrl":"https:\/\/secure.gravatar.com\/avatar\/37fa0366c180c74da87d58de88ffdc3f?s=96&d=mm&r=g","caption":"elmisham"},"url":"https:\/\/jam-news.net\/az\/author\/elmisham\/"}]}},"_links":{"self":[{"href":"https:\/\/jam-news.net\/az\/wp-json\/wp\/v2\/posts\/105029","targetHints":{"allow":["GET"]}}],"collection":[{"href":"https:\/\/jam-news.net\/az\/wp-json\/wp\/v2\/posts"}],"about":[{"href":"https:\/\/jam-news.net\/az\/wp-json\/wp\/v2\/types\/post"}],"author":[{"embeddable":true,"href":"https:\/\/jam-news.net\/az\/wp-json\/wp\/v2\/users\/60"}],"replies":[{"embeddable":true,"href":"https:\/\/jam-news.net\/az\/wp-json\/wp\/v2\/comments?post=105029"}],"version-history":[{"count":5,"href":"https:\/\/jam-news.net\/az\/wp-json\/wp\/v2\/posts\/105029\/revisions"}],"predecessor-version":[{"id":105041,"href":"https:\/\/jam-news.net\/az\/wp-json\/wp\/v2\/posts\/105029\/revisions\/105041"}],"wp:featuredmedia":[{"embeddable":true,"href":"https:\/\/jam-news.net\/az\/wp-json\/wp\/v2\/media\/105033"}],"wp:attachment":[{"href":"https:\/\/jam-news.net\/az\/wp-json\/wp\/v2\/media?parent=105029"}],"wp:term":[{"taxonomy":"category","embeddable":true,"href":"https:\/\/jam-news.net\/az\/wp-json\/wp\/v2\/categories?post=105029"},{"taxonomy":"post_tag","embeddable":true,"href":"https:\/\/jam-news.net\/az\/wp-json\/wp\/v2\/tags?post=105029"},{"taxonomy":"formation","embeddable":true,"href":"https:\/\/jam-news.net\/az\/wp-json\/wp\/v2\/formation?post=105029"},{"taxonomy":"post-author","embeddable":true,"href":"https:\/\/jam-news.net\/az\/wp-json\/wp\/v2\/post-author?post=105029"},{"taxonomy":"topic","embeddable":true,"href":"https:\/\/jam-news.net\/az\/wp-json\/wp\/v2\/topic?post=105029"},{"taxonomy":"tooltip","embeddable":true,"href":"https:\/\/jam-news.net\/az\/wp-json\/wp\/v2\/tooltip?post=105029"},{"taxonomy":"city","embeddable":true,"href":"https:\/\/jam-news.net\/az\/wp-json\/wp\/v2\/city?post=105029"}],"curies":[{"name":"wp","href":"https:\/\/api.w.org\/{rel}","templated":true}]}}