{"id":105024,"date":"2026-05-01T15:12:19","date_gmt":"2026-05-01T11:12:19","guid":{"rendered":"https:\/\/jam-news.net\/az\/?p=105024"},"modified":"2026-05-01T15:38:10","modified_gmt":"2026-05-01T11:38:10","slug":"okampo-az%c9%99rbaycan-bar%c9%99d%c9%99","status":"publish","type":"post","link":"https:\/\/jam-news.net\/az\/okampo-az%c9%99rbaycan-bar%c9%99d%c9%99\/","title":{"rendered":"BCM Ba\u015f Prokuroru v\u0259 o\u011flu Az\u0259rbaycan v\u0259 Erm\u0259nistana t\u0259sir bar\u0259d\u0259: hans\u0131 iddialar s\u0259sl\u0259nir?"},"content":{"rendered":"\n<p style=\"font-size:11px\"><strong><em>Okampo Az\u0259rbaycan bar\u0259d\u0259<\/em><\/strong><\/p>\n\n\n\n<p>\u201cMinval Politika\u201d Beyn\u0259lxalq Cinay\u0259t M\u0259hk\u0259m\u0259sinin ilk Ba\u015f Prokuroru (2003-2012) Luis Moreno Okampo il\u0259 ba\u011fl\u0131 <a href=\"https:\/\/www.youtube.com\/watch?v=eBuNGwLW1h8&amp;pp=0gcJCd4KAYcqIYzv\" target=\"_blank\" rel=\"noreferrer noopener\">video yay\u0131mlay\u0131b<\/a>. Videoda Okampo v\u0259 onun o\u011flu Tomas <a href=\"https:\/\/jam-news.net\/az\/category\/cografiya\/az%c9%99rbaycan\/\" target=\"_blank\" rel=\"noreferrer noopener\">Az\u0259rbaycan<\/a> \u0259leyhin\u0259 h\u00fcquqi v\u0259 siyasi t\u0259zyiq imkanlar\u0131ndan da dan\u0131\u015f\u0131rlar.<\/p>\n\n\n\n<p>S\u00f6hb\u0259td\u0259 Avropa siyas\u0259tin\u0259 m\u00fcmk\u00fcn t\u0259sir kanallar\u0131ndan da dan\u0131\u015f\u0131l\u0131r.<\/p>\n\n\n\n<p>D\u0259rc edil\u0259n g\u00f6r\u00fcnt\u00fcl\u0259rd\u0259 Okampo Avropa Parlamentind\u0259 v\u0259 Avropa Komissiyas\u0131 s\u0259viyy\u0259sind\u0259 \u0259laq\u0259l\u0259rind\u0259n b\u0259hs edir. O, Az\u0259rbaycana qar\u015f\u0131 t\u0259zyiqin g\u00fccl\u0259ndirilm\u0259si imkanlar\u0131n\u0131 qeyd edir. Bu t\u0259zyiqin m\u00fcqavil\u0259l\u0259rin l\u0259\u011fvi v\u0259 insan h\u00fcquqlar\u0131 m\u00f6vzusu \u00fcz\u0259rind\u0259n apar\u0131la bil\u0259c\u0259yi bildirilir.<\/p>\n\n\n\n<p>Videoda Tomas Okampo da dan\u0131\u015f\u0131r. O, <a href=\"https:\/\/jam-news.net\/az\/category\/cografiya\/erm%c9%99nistan\/\" target=\"_blank\" rel=\"noreferrer noopener\">Erm\u0259nistan\u0131n<\/a> Ba\u015f naziri <a href=\"https:\/\/jam-news.net\/az\/topic\/nikol-pasinyan\/\" target=\"_blank\" rel=\"noreferrer noopener\">Nikol Pa\u015finyan\u0131n<\/a> hakimiyy\u0259td\u0259n uzaqla\u015fd\u0131r\u0131lmas\u0131n\u0131 m\u0259qs\u0259d kimi ifad\u0259 edir.<\/p>\n\n\n\n<p>&#8220;Minval Politika&#8221; videonun orijinal oldu\u011funu bildirir. Redaksiya onlar\u0131n s\u00fcni intellektl\u0259 haz\u0131rlanmad\u0131\u011f\u0131n\u0131 vur\u011fulay\u0131r.<\/p>\n\n\n\n<p>Platforma Avropa institutlar\u0131n\u0131 v\u0259 Bel\u00e7ika hakimiyy\u0259tini m\u0259s\u0259l\u0259ni ara\u015fd\u0131rma\u011fa \u00e7a\u011f\u0131r\u0131r.<\/p>\n\n\n\n<h2 class=\"wp-block-heading\" id=\"videoda-n\u0259-g\u00f6r\u00fcn\u00fcr\">Videoda n\u0259 g\u00f6r\u00fcn\u00fcr?<\/h2>\n\n\n\n<p>Videoda g\u00f6r\u00fcn\u0259n \u0259sas fiqur Luis Moreno Okampodur. Onun Beyn\u0259lxalq Cinay\u0259t M\u0259hk\u0259m\u0259sinin ke\u00e7mi\u015f Ba\u015f Prokuroru olmas\u0131 videodak\u0131 iddialara \u0259lav\u0259 a\u011f\u0131rl\u0131q verir.<\/p>\n\n\n\n<p>Okampo s\u00f6hb\u0259t zaman\u0131 \u00f6z\u00fcn\u00fc Avropa siyas\u0259tin\u0259 t\u0259sir ed\u0259 bil\u0259c\u0259k \u0259laq\u0259l\u0259r\u0259 malik \u015f\u0259xs kimi t\u0259qdim edir. O, \u201cmaya d\u0259y\u0259rin\u0259\u201d bu c\u00fcr i\u015fl\u0259r g\u00f6r\u0259 bil\u0259c\u0259yini deyir v\u0259 komandas\u0131nda vaxtil\u0259 Avropa Parlamentinin \u00fczv\u00fc olmu\u015f, h\u0259ms\u00f6hb\u0259tin d\u0259qiql\u0259\u015fdirm\u0259sin\u0259 \u0259sas\u0259n Cozef Borrellin ke\u00e7mi\u015f h\u00fcquqi m\u00fc\u015faviri kimi t\u0259qdim olunan bir \u015f\u0259xsin i\u015fl\u0259diyini bildirir.<\/p>\n\n\n\n<p>Okampoun s\u00f6zl\u0259rin\u0259 g\u00f6r\u0259, h\u0259min \u015f\u0259xs vasit\u0259sil\u0259 Avropa Parlamentind\u0259 sual qald\u0131rmaq, prosesi y\u00f6nl\u0259ndirm\u0259k v\u0259 Ursula fon der Leyen\u0259 t\u0259zyiq g\u00f6st\u0259rm\u0259k m\u00fcmk\u00fcnd\u00fcr. Bu hiss\u0259 videonun \u0259n m\u00fch\u00fcm siyasi iddialar\u0131ndan biri kimi g\u00f6r\u00fcn\u00fcr.<\/p>\n\n\n\n<p>D\u0259rc edil\u0259n videonun davam\u0131nda Okampo Az\u0259rbaycana y\u00f6n\u0259l\u0259n ayr\u0131ca h\u00fcquqi x\u0259ttd\u0259n dan\u0131\u015f\u0131r. O, Avropa m\u0259hk\u0259m\u0259 mexanizml\u0259ri \u00e7\u0259r\u00e7iv\u0259sind\u0259 Avropa Komissiyas\u0131n\u0131 Az\u0259rbaycanla ba\u011flanm\u0131\u015f m\u00fcqavil\u0259ni l\u0259\u011fv etm\u0259y\u0259 m\u0259cbur etm\u0259k \u00fc\u00e7\u00fcn qald\u0131r\u0131lm\u0131\u015f i\u015fd\u0259n b\u0259hs edir v\u0259 bunun \u0259sasland\u0131r\u0131lmas\u0131n\u0131n \u201cinsan h\u00fcquqlar\u0131\u201d il\u0259 izah olundu\u011funu s\u00f6yl\u0259yir.<\/p>\n\n\n\n<p>\u0130ddialar\u0131n ayr\u0131ca, m\u00fcst\u0259qil t\u0259sdiqi is\u0259 &#8220;Minval&#8221;\u0131n material\u0131nda t\u0259qdim olunmur.<\/p>\n\n\n\n<p>Videonun ikinci \u0259sas x\u0259tti Tomas Okampo il\u0259 ba\u011fl\u0131d\u0131r. O, \u201caktivistl\u0259r\u201d, \u201ci\u015f adamlar\u0131\u201d v\u0259 Da\u011fl\u0131q Qaraba\u011f erm\u0259nil\u0259ri il\u0259 ba\u011fl\u0131 m\u00f6vzu \u00fcz\u0259rind\u0259 \u00e7al\u0131\u015fan \u015f\u0259xsl\u0259rl\u0259 g\u00f6r\u00fc\u015fd\u0259n dan\u0131\u015f\u0131r.<\/p>\n\n\n\n<p>Tomas Okampo deyir ki, Erm\u0259nistanda se\u00e7kil\u0259r fonunda \u201cb\u00f6y\u00fck qar\u0131\u015f\u0131ql\u0131q\u201d var v\u0259 bu \u015f\u0259raitd\u0259 m\u0259qs\u0259din \u201cPa\u015finyan\u0131 uzaqla\u015fd\u0131rmaq\u201d oldu\u011fu d\u00fc\u015f\u00fcn\u00fcl\u00fcr: \u201cBizim nail olmal\u0131 oldu\u011fumuz \u015fey Pa\u015finyan\u0131 uzaqla\u015fd\u0131rmaqd\u0131r\u201d.<\/p>\n\n\n\n<h2 class=\"wp-block-heading\" id=\"q\u0131sa-kontekst\">Q\u0131sa kontekst<\/h2>\n\n\n\n<p>Luis Moreno Okampo 2003-c\u00fc ild\u0259 Rom Statutuna (Beyn\u0259lxalq Cinay\u0259t M\u0259hk\u0259m\u0259sinin \u0259sas t\u0259sis s\u0259n\u0259didir) t\u0259r\u0259f d\u00f6vl\u0259tl\u0259r t\u0259r\u0259find\u0259n Beyn\u0259lxalq Cinay\u0259t M\u0259hk\u0259m\u0259sinin ilk prokuroru se\u00e7ilib v\u0259 2012-ci ilin iyununa q\u0259d\u0259r bu v\u0259zif\u0259ni icra edib. Onu daha sonra Fatou Bensouda \u0259v\u0259zl\u0259yib. Buna g\u00f6r\u0259 d\u0259 onun ad\u0131 beyn\u0259lxalq h\u00fcquq v\u0259 m\u00fcharib\u0259 cinay\u0259tl\u0259ri m\u00f6vzular\u0131nda geni\u015f tan\u0131n\u0131r.<\/p>\n\n\n\n<p>Eyni zamanda, Okampo son ill\u0259rd\u0259 Qaraba\u011f m\u00f6vzusunda Az\u0259rbaycana qar\u015f\u0131 s\u0259rt m\u00f6vqeyi il\u0259 d\u0259 diqq\u0259t \u00e7\u0259kib. 2023-c\u00fc ild\u0259 o, Az\u0259rbaycan\u0131n siyas\u0259tini \u201cgenosid\u201d kimi xarakteriz\u0259 ed\u0259n h\u00fcquqi r\u0259y yay\u0131b v\u0259 h\u0259min x\u0259tti sonradan da ictimai m\u0259tnl\u0259rind\u0259 davam etdirib. Bu tarix\u00e7\u0259 &#8220;Minval&#8221;\u0131n videosunun niy\u0259 Bak\u0131da siyasi v\u0259 media diqq\u0259tinin m\u0259rk\u0259zin\u0259 d\u00fc\u015fd\u00fcy\u00fcn\u00fc izah ed\u0259n \u0259sas fonlardan biridir.<\/p>\n\n\n\n<p>Videoda ad\u0131 hallanan Cozef Borrell is\u0259 1 dekabr 2019-dan 31 oktyabr 2024-d\u0259k A\u0130-nin xarici i\u015fl\u0259r v\u0259 t\u0259hl\u00fck\u0259sizlik siyas\u0259ti \u00fczr\u0259 ali n\u00fcmay\u0259nd\u0259si v\u0259 eyni zamanda Avropa Komissiyas\u0131n\u0131n vitse-prezidenti olub. <\/p>\n\n\n\n<p>Ursula fon der Leyen is\u0259 2019-cu ild\u0259n Avropa Komissiyas\u0131n\u0131n prezidentidir v\u0259 2024-c\u00fc ild\u0259 ikinci mandat \u00fc\u00e7\u00fcn yenid\u0259n se\u00e7il\u0259r\u0259k 2029-cu il\u0259d\u0259k bu v\u0259zif\u0259d\u0259 qalmal\u0131d\u0131r.<\/p>\n\n\n\n<p>Buna g\u00f6r\u0259 videoda Borrell v\u0259 fon der Leyenin adlar\u0131n\u0131n \u00e7\u0259kilm\u0259si sad\u0259c\u0259 \u015f\u0259xsi \u0259laq\u0259 hekay\u0259si deyil; s\u00f6hb\u0259t, \u0259g\u0259r iddia edildiyi kimi t\u0259sir mexanizmi m\u00f6vcuddursa, A\u0130-nin \u0259n h\u0259ssas siyasi m\u0259rk\u0259zl\u0259rin\u0259 \u00e7\u0131x\u0131\u015f iddias\u0131ndan gedir.&nbsp;<\/p>\n\n\n\n<h2 class=\"wp-block-heading\" id=\"m\u00fcmk\u00fcn-n\u0259tic\u0259l\u0259r-v\u0259-regional-\u0259h\u0259miyy\u0259ti\">M\u00fcmk\u00fcn n\u0259tic\u0259l\u0259r v\u0259 regional \u0259h\u0259miyy\u0259ti<\/h2>\n\n\n\n<p>\u018fg\u0259r video ger\u00e7\u0259kdirs\u0259, material Avropa institutlar\u0131nda lobbi\u00e7ilik, n\u00fcfuz \u0259laq\u0259l\u0259ri v\u0259 siyasi q\u0259rarlara qeyri-r\u0259smi t\u0259sir imkanlar\u0131 bar\u0259d\u0259 suallar do\u011furur. Videodak\u0131 m\u0259zmun Az\u0259rbaycan \u0259traf\u0131nda \u201cinsan h\u00fcquqlar\u0131\u201d arqumenti il\u0259 qurulan beyn\u0259lxalq t\u0259zyiq kampaniyalar\u0131n\u0131n t\u0259bi\u0259ti bar\u0259d\u0259 d\u0259 n\u00f6vb\u0259ti m\u00fcbahis\u0259 a\u00e7\u0131r. <\/p>\n\n\n\n<p>Tomas Okamponun Pa\u015finyanla ba\u011fl\u0131 ifad\u0259l\u0259ri is\u0259 Erm\u0259nistan daxilind\u0259 legitim siyasi prosesl\u0259r\u0259 k\u0259nardan t\u0259sir c\u0259hdi kimi oxuna bil\u0259r. Bu s\u0259b\u0259bd\u0259n m\u00f6vzu t\u0259kc\u0259 Bak\u0131-\u0130r\u0259van m\u00fcnasib\u0259tl\u0259rin\u0259 yox, h\u0259m d\u0259 A\u0130-nin regiondak\u0131 vasit\u0259\u00e7ilik n\u00fcfuzuna toxunur.&nbsp;<\/p>\n\n\n\n<p>Art\u0131q ilk ictimai reaksiyalar da g\u00f6r\u00fcn\u00fcr. &#8220;Report&#8221;a dan\u0131\u015fan G\u00fcrc\u00fcstandak\u0131 Erm\u0259ni \u0130ctimai Platformas\u0131n\u0131n s\u0259dri Giorgi Tumasyan Luis v\u0259 Tomas Ocamponun yer ald\u0131\u011f\u0131 materialdan Erm\u0259nistan\u0131n daxili siyas\u0259tin\u0259, h\u0259m\u00e7inin Erm\u0259nistan\u0131n Az\u0259rbaycan v\u0259 A\u0130 il\u0259 m\u00fcnasib\u0259tl\u0259rin\u0259 m\u00fcdaxil\u0259 g\u00f6r\u00fcnt\u00fcs\u00fc yarand\u0131\u011f\u0131n\u0131 deyib v\u0259 bunu \u201cq\u0259buledilm\u0259z\u201d <a href=\"https:\/\/report.az\/xarici-siyaset\/giorgi-tumasyan-okamponun-ermenistanin-azerbaycanla-munasibetlerine-mudaxilesi-qebuledilmezdir\" target=\"_blank\" rel=\"noreferrer noopener\">adland\u0131r\u0131b<\/a>.<\/p>\n\n\n\n<h2 class=\"wp-block-heading\">Az\u0259rbaycan r\u0259smil\u0259rinin reaksiyas\u0131<\/h2>\n\n\n\n<p>Videomaterial\u0131n yay\u0131lmas\u0131ndan sonra Az\u0259rbaycanda da m\u0259s\u0259l\u0259y\u0259 m\u00fcnasib\u0259t bildirilib.<\/p>\n\n\n\n<p>Milli M\u0259clisin deputat\u0131, Beyn\u0259lxalq m\u00fcnasib\u0259tl\u0259r v\u0259 parlamentl\u0259raras\u0131 \u0259laq\u0259l\u0259r komit\u0259sinin \u00fczv\u00fc <strong>Sevinc F\u0259t\u0259liyeva<\/strong> verdiyi a\u00e7\u0131qlamada <a href=\"https:\/\/report.az\/xarici-siyaset\/deputat-okamponun-ritorikasi-ve-tesebbusleri-onun-aciq-siyasi-tesir-aletine-cevrildiyini-gosterir\" target=\"_blank\" rel=\"noreferrer noopener\">qeyd edib ki<\/a>, beyn\u0259lxalq insan h\u00fcquqlar\u0131 m\u00fcdafi\u0259\u00e7isi kimi \u00e7\u0131x\u0131\u015f ed\u0259n Luis Moren Okamponun ritorikas\u0131 v\u0259 t\u0259\u015f\u0259bb\u00fcsl\u0259ri onu art\u0131q h\u00fcquqi \u00e7\u0259r\u00e7iv\u0259d\u0259n k\u0259nara \u00e7\u0131xaraq \u201ca\u00e7\u0131q siyasi t\u0259sir al\u0259tin\u0259\u201d \u00e7evirib.<\/p>\n\n\n\n<p><em>&#8220;Videolarda Avropa strukturlar\u0131na t\u0259sir g\u00f6st\u0259rm\u0259k, x\u00fcsusil\u0259 Az\u0259rbaycanla \u0259m\u0259kda\u015fl\u0131q mexanizml\u0259rini z\u0259ifl\u0259tm\u0259k v\u0259 ya l\u0259\u011fv etm\u0259k planlar\u0131n\u0131n m\u00fczakir\u0259si regionda s\u00fclh g\u00fcnd\u0259liyin\u0259 qar\u015f\u0131 y\u00f6n\u0259lmi\u015f narahatedici tendensiyalar\u0131 \u00fcz\u0259 \u00e7\u0131xar\u0131r. Bu f\u0259aliyy\u0259t h\u00fcquqi m\u00f6vqe kimi yox, m\u0259qs\u0259dy\u00f6nl\u00fc siyasi t\u0259zyiq strategiyas\u0131 kimi qiym\u0259tl\u0259ndirilm\u0259lidir&#8221;.<\/em><\/p>\n\n\n\n<p>O, h\u0259m\u00e7inin qeyd edib ki, Okampo haqq\u0131nda \u201cmuzdlu h\u00fcquq\u015f\u00fcnas\u201d ifad\u0259sini i\u015fl\u0259tm\u0259k daha d\u00fczg\u00fcn olar, <\/p>\n\n\n\n<p><em>&#8220;\u00c7\u00fcnki o, erm\u0259ni diasporu v\u0259 lobbi dair\u0259l\u0259rind\u0259n sifari\u015f \u0259sas\u0131nda beyn\u0259lxalq h\u00fcququ t\u0259hrif edilmi\u015f formada t\u0259qdim edir&#8221;.<\/em><\/p>\n\n\n\n<p>Ba\u015fqa bir deputat P\u0259rvan\u0259 V\u0259liyeva is\u0259 <a href=\"https:\/\/report.az\/xarici-siyaset\/luis-okampo-her-zaman-azerbaycan-eleyhine-kampaniyalarin-icracilarindan-olub-rey\" target=\"_blank\" rel=\"noreferrer noopener\">vur\u011fulay\u0131b ki<\/a>, Luis Moreno Okampo \u201ch\u0259r zaman Az\u0259rbaycana qar\u015f\u0131 erm\u0259ni lobbi dair\u0259l\u0259ri t\u0259r\u0259find\u0259n maliyy\u0259l\u0259\u015fdiril\u0259n kampaniyalar\u0131n \u0259sas icra\u00e7\u0131lar\u0131ndan biri olub\u201d v\u0259 onlar\u0131n sifari\u015fl\u0259rini yerin\u0259 yetirib.<\/p>\n\n\n\n<p>V\u0259liyeva Az\u0259rbaycan\u0131n s\u00fclh g\u00fcnd\u0259liyin\u0259 sadiq qald\u0131\u011f\u0131n\u0131 v\u0259 bel\u0259 xarici t\u0259zyiql\u0259rin regionda s\u00fclh prosesin\u0259 mane ola bilm\u0259y\u0259c\u0259yini qeyd edib.<\/p>\n\n\n\n<p style=\"font-size:1px\"><strong><em>Okampo Az\u0259rbaycan bar\u0259d\u0259<\/em><\/strong><\/p>\n","protected":false},"excerpt":{"rendered":"<p>Videoda Okampo v\u0259 onun o\u011flu Tomas Az\u0259rbaycan \u0259leyhin\u0259 h\u00fcquqi v\u0259 siyasi t\u0259zyiq imkanlar\u0131ndan dan\u0131\u015f\u0131rlar.<\/p>\n","protected":false},"author":60,"featured_media":105026,"comment_status":"closed","ping_status":"closed","sticky":false,"template":"","format":"standard","meta":{"_acf_changed":false,"footnotes":""},"categories":[27,5602,17,4043,25,50,5],"tags":[],"formation":[],"post-author":[2888],"topic":[4952,6604,245],"tooltip":[],"city":[6041],"class_list":["post-105024","post","type-post","status-publish","format-standard","has-post-thumbnail","hentry","category-ermnistan","category-azerbaycan-ermenistan","category-azrbaycan","category-explainer","category-cmiyyt","category-xbrlr","category-siyast","post-author-jamnews","topic-azrbaycan","topic-azrbaycan-ai","topic-azrbaycan-v-ermnistan","city-baki"],"acf":[],"yoast_head":"<!-- This site is optimized with the Yoast SEO plugin v24.1 - https:\/\/yoast.com\/wordpress\/plugins\/seo\/ -->\n<title>Okampo Az\u0259rbaycan bar\u0259d\u0259 - JAMnews<\/title>\n<meta name=\"description\" content=\"Okampo Az\u0259rbaycan bar\u0259d\u0259. Videoda Okampo v\u0259 onun o\u011flu Tomas Az\u0259rbaycan \u0259leyhin\u0259 h\u00fcquqi v\u0259 siyasi t\u0259zyiq imkanlar\u0131ndan dan\u0131\u015f\u0131rlar.\" \/>\n<meta name=\"robots\" content=\"index, follow, max-snippet:-1, max-image-preview:large, max-video-preview:-1\" \/>\n<link rel=\"canonical\" href=\"https:\/\/jam-news.net\/az\/okampo-az\u0259rbaycan-bar\u0259d\u0259\/\" \/>\n<meta property=\"og:locale\" content=\"az_AZ\" \/>\n<meta property=\"og:type\" content=\"article\" \/>\n<meta property=\"og:title\" content=\"BCM Ba\u015f Prokuroru v\u0259 o\u011flu Az\u0259rbaycan v\u0259 Erm\u0259nistana t\u0259sir bar\u0259d\u0259: hans\u0131 iddialar s\u0259sl\u0259nir?\" \/>\n<meta property=\"og:description\" content=\"Okampo Az\u0259rbaycan bar\u0259d\u0259. Videoda Okampo v\u0259 onun o\u011flu Tomas Az\u0259rbaycan \u0259leyhin\u0259 h\u00fcquqi v\u0259 siyasi t\u0259zyiq imkanlar\u0131ndan dan\u0131\u015f\u0131rlar.\" \/>\n<meta property=\"og:url\" content=\"https:\/\/jam-news.net\/az\/okampo-az\u0259rbaycan-bar\u0259d\u0259\/\" \/>\n<meta property=\"og:site_name\" content=\"Azerbaijani Jamnews\" \/>\n<meta property=\"article:publisher\" content=\"https:\/\/www.facebook.com\/JAMnewsInEnglish\/\" \/>\n<meta property=\"article:published_time\" content=\"2026-05-01T11:12:19+00:00\" \/>\n<meta property=\"article:modified_time\" content=\"2026-05-01T11:38:10+00:00\" \/>\n<meta property=\"og:image\" content=\"https:\/\/jam-news.net\/app\/uploads\/2026\/05\/website-format-2026-05-01T131144.342.png\" \/>\n\t<meta property=\"og:image:width\" content=\"2880\" \/>\n\t<meta property=\"og:image:height\" content=\"1620\" \/>\n\t<meta property=\"og:image:type\" content=\"image\/png\" \/>\n<meta name=\"author\" content=\"elmisham\" \/>\n<meta name=\"twitter:card\" content=\"summary_large_image\" \/>\n<meta name=\"twitter:title\" content=\"BCM Ba\u015f Prokuroru v\u0259 o\u011flu Az\u0259rbaycan v\u0259 Erm\u0259nistana t\u0259sir bar\u0259d\u0259: hans\u0131 iddialar s\u0259sl\u0259nir?\" \/>\n<meta name=\"twitter:creator\" content=\"@JAMnewsCaucasus\" \/>\n<meta name=\"twitter:site\" content=\"@JAMnewsCaucasus\" \/>\n<meta name=\"twitter:label1\" content=\"Written by\" \/>\n\t<meta name=\"twitter:data1\" content=\"elmisham\" \/>\n\t<meta name=\"twitter:label2\" content=\"Est. reading time\" \/>\n\t<meta name=\"twitter:data2\" content=\"5 minutes\" \/>\n<script type=\"application\/ld+json\" class=\"yoast-schema-graph\">{\"@context\":\"https:\/\/schema.org\",\"@graph\":[{\"@type\":\"Article\",\"@id\":\"https:\/\/jam-news.net\/az\/okampo-az%c9%99rbaycan-bar%c9%99d%c9%99\/#article\",\"isPartOf\":{\"@id\":\"https:\/\/jam-news.net\/az\/okampo-az%c9%99rbaycan-bar%c9%99d%c9%99\/\"},\"author\":{\"name\":\"elmisham\",\"@id\":\"https:\/\/jam-news.net\/az\/#\/schema\/person\/eb45af4c98a871b32118a93d3d66e159\"},\"headline\":\"BCM Ba\u015f Prokuroru v\u0259 o\u011flu Az\u0259rbaycan v\u0259 Erm\u0259nistana t\u0259sir bar\u0259d\u0259: hans\u0131 iddialar s\u0259sl\u0259nir?\",\"datePublished\":\"2026-05-01T11:12:19+00:00\",\"dateModified\":\"2026-05-01T11:38:10+00:00\",\"mainEntityOfPage\":{\"@id\":\"https:\/\/jam-news.net\/az\/okampo-az%c9%99rbaycan-bar%c9%99d%c9%99\/\"},\"wordCount\":1372,\"publisher\":{\"@id\":\"https:\/\/jam-news.net\/az\/#organization\"},\"image\":{\"@id\":\"https:\/\/jam-news.net\/az\/okampo-az%c9%99rbaycan-bar%c9%99d%c9%99\/#primaryimage\"},\"thumbnailUrl\":\"https:\/\/jam-news.net\/app\/uploads\/2026\/05\/website-format-2026-05-01T131144.342.png\",\"articleSection\":[\"Armenia\",\"Armenia-Azerbaijan: Context\",\"Azerbaijan\",\"Explainer\",\"Issues\",\"News\",\"Politics\"],\"inLanguage\":\"az\"},{\"@type\":\"WebPage\",\"@id\":\"https:\/\/jam-news.net\/az\/okampo-az%c9%99rbaycan-bar%c9%99d%c9%99\/\",\"url\":\"https:\/\/jam-news.net\/az\/okampo-az%c9%99rbaycan-bar%c9%99d%c9%99\/\",\"name\":\"Okampo Az\u0259rbaycan bar\u0259d\u0259 - JAMnews\",\"isPartOf\":{\"@id\":\"https:\/\/jam-news.net\/az\/#website\"},\"primaryImageOfPage\":{\"@id\":\"https:\/\/jam-news.net\/az\/okampo-az%c9%99rbaycan-bar%c9%99d%c9%99\/#primaryimage\"},\"image\":{\"@id\":\"https:\/\/jam-news.net\/az\/okampo-az%c9%99rbaycan-bar%c9%99d%c9%99\/#primaryimage\"},\"thumbnailUrl\":\"https:\/\/jam-news.net\/app\/uploads\/2026\/05\/website-format-2026-05-01T131144.342.png\",\"datePublished\":\"2026-05-01T11:12:19+00:00\",\"dateModified\":\"2026-05-01T11:38:10+00:00\",\"description\":\"Okampo Az\u0259rbaycan bar\u0259d\u0259. Videoda Okampo v\u0259 onun o\u011flu Tomas Az\u0259rbaycan \u0259leyhin\u0259 h\u00fcquqi v\u0259 siyasi t\u0259zyiq imkanlar\u0131ndan dan\u0131\u015f\u0131rlar.\",\"breadcrumb\":{\"@id\":\"https:\/\/jam-news.net\/az\/okampo-az%c9%99rbaycan-bar%c9%99d%c9%99\/#breadcrumb\"},\"inLanguage\":\"az\",\"potentialAction\":[{\"@type\":\"ReadAction\",\"target\":[\"https:\/\/jam-news.net\/az\/okampo-az%c9%99rbaycan-bar%c9%99d%c9%99\/\"]}]},{\"@type\":\"ImageObject\",\"inLanguage\":\"az\",\"@id\":\"https:\/\/jam-news.net\/az\/okampo-az%c9%99rbaycan-bar%c9%99d%c9%99\/#primaryimage\",\"url\":\"https:\/\/jam-news.net\/app\/uploads\/2026\/05\/website-format-2026-05-01T131144.342.png\",\"contentUrl\":\"https:\/\/jam-news.net\/app\/uploads\/2026\/05\/website-format-2026-05-01T131144.342.png\",\"width\":2880,\"height\":1620,\"caption\":\"Okampo Az\u0259rbaycan bar\u0259d\u0259\"},{\"@type\":\"BreadcrumbList\",\"@id\":\"https:\/\/jam-news.net\/az\/okampo-az%c9%99rbaycan-bar%c9%99d%c9%99\/#breadcrumb\",\"itemListElement\":[{\"@type\":\"ListItem\",\"position\":1,\"name\":\"Home\",\"item\":\"https:\/\/jam-news.net\/az\/\"},{\"@type\":\"ListItem\",\"position\":2,\"name\":\"BCM Ba\u015f Prokuroru v\u0259 o\u011flu Az\u0259rbaycan v\u0259 Erm\u0259nistana t\u0259sir bar\u0259d\u0259: hans\u0131 iddialar s\u0259sl\u0259nir?\"}]},{\"@type\":\"WebSite\",\"@id\":\"https:\/\/jam-news.net\/az\/#website\",\"url\":\"https:\/\/jam-news.net\/az\/\",\"name\":\"Azerbaijani Jamnews\",\"description\":\"Caucasus News, Politics and Society\",\"publisher\":{\"@id\":\"https:\/\/jam-news.net\/az\/#organization\"},\"potentialAction\":[{\"@type\":\"SearchAction\",\"target\":{\"@type\":\"EntryPoint\",\"urlTemplate\":\"https:\/\/jam-news.net\/az\/?s={search_term_string}\"},\"query-input\":{\"@type\":\"PropertyValueSpecification\",\"valueRequired\":true,\"valueName\":\"search_term_string\"}}],\"inLanguage\":\"az\"},{\"@type\":\"Organization\",\"@id\":\"https:\/\/jam-news.net\/az\/#organization\",\"name\":\"JAMnews\",\"url\":\"https:\/\/jam-news.net\/az\/\",\"logo\":{\"@type\":\"ImageObject\",\"inLanguage\":\"az\",\"@id\":\"https:\/\/jam-news.net\/az\/#\/schema\/logo\/image\/\",\"url\":\"https:\/\/jam-news.net\/app\/uploads\/2020\/05\/JAM_w.jpg\",\"contentUrl\":\"https:\/\/jam-news.net\/app\/uploads\/2020\/05\/JAM_w.jpg\",\"width\":960,\"height\":960,\"caption\":\"JAMnews\"},\"image\":{\"@id\":\"https:\/\/jam-news.net\/az\/#\/schema\/logo\/image\/\"},\"sameAs\":[\"https:\/\/www.facebook.com\/JAMnewsInEnglish\/\",\"https:\/\/x.com\/JAMnewsCaucasus\",\"https:\/\/www.instagram.com\/jam_news\/\",\"https:\/\/www.youtube.com\/channel\/UCXQbUCme2pykuZYXWHx4VPg\"]},{\"@type\":\"Person\",\"@id\":\"https:\/\/jam-news.net\/az\/#\/schema\/person\/eb45af4c98a871b32118a93d3d66e159\",\"name\":\"elmisham\",\"image\":{\"@type\":\"ImageObject\",\"inLanguage\":\"az\",\"@id\":\"https:\/\/jam-news.net\/az\/#\/schema\/person\/image\/\",\"url\":\"https:\/\/secure.gravatar.com\/avatar\/37fa0366c180c74da87d58de88ffdc3f?s=96&d=mm&r=g\",\"contentUrl\":\"https:\/\/secure.gravatar.com\/avatar\/37fa0366c180c74da87d58de88ffdc3f?s=96&d=mm&r=g\",\"caption\":\"elmisham\"},\"url\":\"https:\/\/jam-news.net\/az\/author\/elmisham\/\"}]}<\/script>\n<!-- \/ Yoast SEO plugin. -->","yoast_head_json":{"title":"Okampo Az\u0259rbaycan bar\u0259d\u0259 - JAMnews","description":"Okampo Az\u0259rbaycan bar\u0259d\u0259. Videoda Okampo v\u0259 onun o\u011flu Tomas Az\u0259rbaycan \u0259leyhin\u0259 h\u00fcquqi v\u0259 siyasi t\u0259zyiq imkanlar\u0131ndan dan\u0131\u015f\u0131rlar.","robots":{"index":"index","follow":"follow","max-snippet":"max-snippet:-1","max-image-preview":"max-image-preview:large","max-video-preview":"max-video-preview:-1"},"canonical":"https:\/\/jam-news.net\/az\/okampo-az\u0259rbaycan-bar\u0259d\u0259\/","og_locale":"az_AZ","og_type":"article","og_title":"BCM Ba\u015f Prokuroru v\u0259 o\u011flu Az\u0259rbaycan v\u0259 Erm\u0259nistana t\u0259sir bar\u0259d\u0259: hans\u0131 iddialar s\u0259sl\u0259nir?","og_description":"Okampo Az\u0259rbaycan bar\u0259d\u0259. Videoda Okampo v\u0259 onun o\u011flu Tomas Az\u0259rbaycan \u0259leyhin\u0259 h\u00fcquqi v\u0259 siyasi t\u0259zyiq imkanlar\u0131ndan dan\u0131\u015f\u0131rlar.","og_url":"https:\/\/jam-news.net\/az\/okampo-az\u0259rbaycan-bar\u0259d\u0259\/","og_site_name":"Azerbaijani Jamnews","article_publisher":"https:\/\/www.facebook.com\/JAMnewsInEnglish\/","article_published_time":"2026-05-01T11:12:19+00:00","article_modified_time":"2026-05-01T11:38:10+00:00","og_image":[{"width":2880,"height":1620,"url":"https:\/\/jam-news.net\/app\/uploads\/2026\/05\/website-format-2026-05-01T131144.342.png","type":"image\/png"}],"author":"elmisham","twitter_card":"summary_large_image","twitter_title":"BCM Ba\u015f Prokuroru v\u0259 o\u011flu Az\u0259rbaycan v\u0259 Erm\u0259nistana t\u0259sir bar\u0259d\u0259: hans\u0131 iddialar s\u0259sl\u0259nir?","twitter_creator":"@JAMnewsCaucasus","twitter_site":"@JAMnewsCaucasus","twitter_misc":{"Written by":"elmisham","Est. reading time":"5 minutes"},"schema":{"@context":"https:\/\/schema.org","@graph":[{"@type":"Article","@id":"https:\/\/jam-news.net\/az\/okampo-az%c9%99rbaycan-bar%c9%99d%c9%99\/#article","isPartOf":{"@id":"https:\/\/jam-news.net\/az\/okampo-az%c9%99rbaycan-bar%c9%99d%c9%99\/"},"author":{"name":"elmisham","@id":"https:\/\/jam-news.net\/az\/#\/schema\/person\/eb45af4c98a871b32118a93d3d66e159"},"headline":"BCM Ba\u015f Prokuroru v\u0259 o\u011flu Az\u0259rbaycan v\u0259 Erm\u0259nistana t\u0259sir bar\u0259d\u0259: hans\u0131 iddialar s\u0259sl\u0259nir?","datePublished":"2026-05-01T11:12:19+00:00","dateModified":"2026-05-01T11:38:10+00:00","mainEntityOfPage":{"@id":"https:\/\/jam-news.net\/az\/okampo-az%c9%99rbaycan-bar%c9%99d%c9%99\/"},"wordCount":1372,"publisher":{"@id":"https:\/\/jam-news.net\/az\/#organization"},"image":{"@id":"https:\/\/jam-news.net\/az\/okampo-az%c9%99rbaycan-bar%c9%99d%c9%99\/#primaryimage"},"thumbnailUrl":"https:\/\/jam-news.net\/app\/uploads\/2026\/05\/website-format-2026-05-01T131144.342.png","articleSection":["Armenia","Armenia-Azerbaijan: Context","Azerbaijan","Explainer","Issues","News","Politics"],"inLanguage":"az"},{"@type":"WebPage","@id":"https:\/\/jam-news.net\/az\/okampo-az%c9%99rbaycan-bar%c9%99d%c9%99\/","url":"https:\/\/jam-news.net\/az\/okampo-az%c9%99rbaycan-bar%c9%99d%c9%99\/","name":"Okampo Az\u0259rbaycan bar\u0259d\u0259 - JAMnews","isPartOf":{"@id":"https:\/\/jam-news.net\/az\/#website"},"primaryImageOfPage":{"@id":"https:\/\/jam-news.net\/az\/okampo-az%c9%99rbaycan-bar%c9%99d%c9%99\/#primaryimage"},"image":{"@id":"https:\/\/jam-news.net\/az\/okampo-az%c9%99rbaycan-bar%c9%99d%c9%99\/#primaryimage"},"thumbnailUrl":"https:\/\/jam-news.net\/app\/uploads\/2026\/05\/website-format-2026-05-01T131144.342.png","datePublished":"2026-05-01T11:12:19+00:00","dateModified":"2026-05-01T11:38:10+00:00","description":"Okampo Az\u0259rbaycan bar\u0259d\u0259. Videoda Okampo v\u0259 onun o\u011flu Tomas Az\u0259rbaycan \u0259leyhin\u0259 h\u00fcquqi v\u0259 siyasi t\u0259zyiq imkanlar\u0131ndan dan\u0131\u015f\u0131rlar.","breadcrumb":{"@id":"https:\/\/jam-news.net\/az\/okampo-az%c9%99rbaycan-bar%c9%99d%c9%99\/#breadcrumb"},"inLanguage":"az","potentialAction":[{"@type":"ReadAction","target":["https:\/\/jam-news.net\/az\/okampo-az%c9%99rbaycan-bar%c9%99d%c9%99\/"]}]},{"@type":"ImageObject","inLanguage":"az","@id":"https:\/\/jam-news.net\/az\/okampo-az%c9%99rbaycan-bar%c9%99d%c9%99\/#primaryimage","url":"https:\/\/jam-news.net\/app\/uploads\/2026\/05\/website-format-2026-05-01T131144.342.png","contentUrl":"https:\/\/jam-news.net\/app\/uploads\/2026\/05\/website-format-2026-05-01T131144.342.png","width":2880,"height":1620,"caption":"Okampo Az\u0259rbaycan bar\u0259d\u0259"},{"@type":"BreadcrumbList","@id":"https:\/\/jam-news.net\/az\/okampo-az%c9%99rbaycan-bar%c9%99d%c9%99\/#breadcrumb","itemListElement":[{"@type":"ListItem","position":1,"name":"Home","item":"https:\/\/jam-news.net\/az\/"},{"@type":"ListItem","position":2,"name":"BCM Ba\u015f Prokuroru v\u0259 o\u011flu Az\u0259rbaycan v\u0259 Erm\u0259nistana t\u0259sir bar\u0259d\u0259: hans\u0131 iddialar s\u0259sl\u0259nir?"}]},{"@type":"WebSite","@id":"https:\/\/jam-news.net\/az\/#website","url":"https:\/\/jam-news.net\/az\/","name":"Azerbaijani Jamnews","description":"Caucasus News, Politics and Society","publisher":{"@id":"https:\/\/jam-news.net\/az\/#organization"},"potentialAction":[{"@type":"SearchAction","target":{"@type":"EntryPoint","urlTemplate":"https:\/\/jam-news.net\/az\/?s={search_term_string}"},"query-input":{"@type":"PropertyValueSpecification","valueRequired":true,"valueName":"search_term_string"}}],"inLanguage":"az"},{"@type":"Organization","@id":"https:\/\/jam-news.net\/az\/#organization","name":"JAMnews","url":"https:\/\/jam-news.net\/az\/","logo":{"@type":"ImageObject","inLanguage":"az","@id":"https:\/\/jam-news.net\/az\/#\/schema\/logo\/image\/","url":"https:\/\/jam-news.net\/app\/uploads\/2020\/05\/JAM_w.jpg","contentUrl":"https:\/\/jam-news.net\/app\/uploads\/2020\/05\/JAM_w.jpg","width":960,"height":960,"caption":"JAMnews"},"image":{"@id":"https:\/\/jam-news.net\/az\/#\/schema\/logo\/image\/"},"sameAs":["https:\/\/www.facebook.com\/JAMnewsInEnglish\/","https:\/\/x.com\/JAMnewsCaucasus","https:\/\/www.instagram.com\/jam_news\/","https:\/\/www.youtube.com\/channel\/UCXQbUCme2pykuZYXWHx4VPg"]},{"@type":"Person","@id":"https:\/\/jam-news.net\/az\/#\/schema\/person\/eb45af4c98a871b32118a93d3d66e159","name":"elmisham","image":{"@type":"ImageObject","inLanguage":"az","@id":"https:\/\/jam-news.net\/az\/#\/schema\/person\/image\/","url":"https:\/\/secure.gravatar.com\/avatar\/37fa0366c180c74da87d58de88ffdc3f?s=96&d=mm&r=g","contentUrl":"https:\/\/secure.gravatar.com\/avatar\/37fa0366c180c74da87d58de88ffdc3f?s=96&d=mm&r=g","caption":"elmisham"},"url":"https:\/\/jam-news.net\/az\/author\/elmisham\/"}]}},"_links":{"self":[{"href":"https:\/\/jam-news.net\/az\/wp-json\/wp\/v2\/posts\/105024","targetHints":{"allow":["GET"]}}],"collection":[{"href":"https:\/\/jam-news.net\/az\/wp-json\/wp\/v2\/posts"}],"about":[{"href":"https:\/\/jam-news.net\/az\/wp-json\/wp\/v2\/types\/post"}],"author":[{"embeddable":true,"href":"https:\/\/jam-news.net\/az\/wp-json\/wp\/v2\/users\/60"}],"replies":[{"embeddable":true,"href":"https:\/\/jam-news.net\/az\/wp-json\/wp\/v2\/comments?post=105024"}],"version-history":[{"count":4,"href":"https:\/\/jam-news.net\/az\/wp-json\/wp\/v2\/posts\/105024\/revisions"}],"predecessor-version":[{"id":105032,"href":"https:\/\/jam-news.net\/az\/wp-json\/wp\/v2\/posts\/105024\/revisions\/105032"}],"wp:featuredmedia":[{"embeddable":true,"href":"https:\/\/jam-news.net\/az\/wp-json\/wp\/v2\/media\/105026"}],"wp:attachment":[{"href":"https:\/\/jam-news.net\/az\/wp-json\/wp\/v2\/media?parent=105024"}],"wp:term":[{"taxonomy":"category","embeddable":true,"href":"https:\/\/jam-news.net\/az\/wp-json\/wp\/v2\/categories?post=105024"},{"taxonomy":"post_tag","embeddable":true,"href":"https:\/\/jam-news.net\/az\/wp-json\/wp\/v2\/tags?post=105024"},{"taxonomy":"formation","embeddable":true,"href":"https:\/\/jam-news.net\/az\/wp-json\/wp\/v2\/formation?post=105024"},{"taxonomy":"post-author","embeddable":true,"href":"https:\/\/jam-news.net\/az\/wp-json\/wp\/v2\/post-author?post=105024"},{"taxonomy":"topic","embeddable":true,"href":"https:\/\/jam-news.net\/az\/wp-json\/wp\/v2\/topic?post=105024"},{"taxonomy":"tooltip","embeddable":true,"href":"https:\/\/jam-news.net\/az\/wp-json\/wp\/v2\/tooltip?post=105024"},{"taxonomy":"city","embeddable":true,"href":"https:\/\/jam-news.net\/az\/wp-json\/wp\/v2\/city?post=105024"}],"curies":[{"name":"wp","href":"https:\/\/api.w.org\/{rel}","templated":true}]}}