{"id":104992,"date":"2026-04-29T18:49:56","date_gmt":"2026-04-29T14:49:56","guid":{"rendered":"https:\/\/jam-news.net\/az\/?p=104992"},"modified":"2026-04-29T19:57:17","modified_gmt":"2026-04-29T15:57:17","slug":"h%c9%99zr%c9%99ti-abbasi-tapmaq-lazimdir","status":"publish","type":"post","link":"https:\/\/jam-news.net\/az\/h%c9%99zr%c9%99ti-abbasi-tapmaq-lazimdir\/","title":{"rendered":"Sovet Az\u0259rbaycan\u0131nda din: &#8220;H\u0259zr\u0259ti Abbas\u0131 tapmaq laz\u0131md\u0131r&#8221; &#8211; tarix\u00e7inin d\u00f6rd\u00fcnc\u00fc yaz\u0131s\u0131"},"content":{"rendered":"\n<p style=\"font-size:11px\"><strong><em>H\u0259zr\u0259ti Abbas\u0131 tapmaq laz\u0131md\u0131r<\/em><\/strong><\/p>\n\n\n\n<p>1959-cu ilin pay\u0131z\u0131nda Moskva <a href=\"https:\/\/jam-news.net\/az\/category\/cografiya\/az%c9%99rbaycan\/\" target=\"_blank\" rel=\"noreferrer noopener\">Az\u0259rbaycanda<\/a> KGB s\u0259drini d\u0259yi\u015fm\u0259li oldu. Onu Belqorod vilay\u0259tin\u0259 KGB s\u0259drinin m\u00fcavini g\u00f6nd\u0259rdil\u0259r. 1956-c\u0131 ilin sentyabr\u0131ndan respublikaya n\u0259zar\u0259ti h\u0259yata ke\u00e7ir\u0259n Fyodor Kop\u0131lovs 1959-cu ilin avqustunda Ukrayna KGB-si s\u0259drinin k\u00f6m\u0259k\u00e7isi Aleksandr Karda\u015fov \u0259v\u0259z etdi. O, 1959-cu ilin sentyabr ay\u0131nda Bak\u0131da i\u015f\u0259 ba\u015flad\u0131. Uzun m\u00fcdd\u0259t Uralda \u00e7iling\u0259r v\u0259 Ukrayna Kommunist Partiyas\u0131 M\u0259rk\u0259zi Komit\u0259si yan\u0131nda qiyabi Ali Partiya M\u0259kt\u0259bini bitirmi\u015f 7 illik m\u0259kt\u0259bi bitirdikd\u0259n sonra fabrik-zavod texniki m\u0259kt\u0259binin m\u0259zunu olan Aleksandr Karda\u015fov Az\u0259rbaycan\u0131 yax\u015f\u0131 tan\u0131m\u0131rd\u0131.<\/p>\n\n\n\n<p>Karda\u015fov Az\u0259rbaycanda i\u015f\u0259 ba\u015flayandan az sonra respublikan\u0131n s\u0259rh\u0259d rayonlar\u0131ndan birind\u0259 (Nax\u00e7\u0131van MSSR) ba\u015f vermi\u015f \u00f6l\u00fcm i\u015fi il\u0259 ba\u011fl\u0131 bir kolxoz s\u0259drini KGB h\u0259bs etmi\u015fdi. \u0130stintaq zaman\u0131 o, and-aman etmi\u015fdi ki, bir <a href=\"https:\/\/en.wikipedia.org\/wiki\/Abbas_ibn_Ali\" target=\"_blank\" rel=\"noreferrer noopener\">H\u0259zr\u0259ti Abbas<\/a> (\u015fi\u0259 m\u00fcs\u0259lman icmas\u0131n\u0131n m\u00fcq\u0259dd\u0259s sayd\u0131\u011f\u0131 \u015f\u0259xs &#8211; red.) bilir m\u0259nim bu i\u015fd\u0259n x\u0259b\u0259rim yoxdur. Onun ifad\u0259si rus dilin\u0259 t\u0259rc\u00fcm\u0259 edib Karda\u015fova ver\u0259nd\u0259, Aleksandr Vasilevi\u00e7 ifad\u0259nin \u00fcz\u0259rin\u0259 d\u0259rk\u0259nar qoymu\u015fdu ki, \u201c\u043d\u0435\u043c\u0435\u0434\u043b\u0435\u043d\u043d\u043e \u043d\u0430\u0434\u043e \u043d\u0430\u0439\u0442\u0438 \u0425\u0430\u0437\u0440\u0430\u0442 \u0410\u0431\u0431\u0430\u0441\u0430\u201d &#8211; y\u0259ni \u201ct\u0259cili olaraq H\u0259zr\u0259ti Abbas\u0131 tapmaq laz\u0131md\u0131r\u201d.<\/p>\n\n\n\n<div class=\"wp-block-group\"><div class=\"wp-block-group__inner-container is-layout-constrained wp-block-group-is-layout-constrained\">\n<div class=\"wp-block-group has-background\" style=\"background-color:#dee8ee\"><div class=\"wp-block-group__inner-container is-layout-constrained wp-block-group-is-layout-constrained\">\n<p>C\u0259mil H\u0259s\u0259nli tan\u0131nm\u0131\u015f&nbsp;<a href=\"https:\/\/jam-news.net\/az\/category\/cografiya\/az%c9%99rbaycan\/\" target=\"_blank\" rel=\"noreferrer noopener\">Az\u0259rbaycan<\/a>&nbsp;tarix\u00e7isi, tarix elml\u0259ri doktoru v\u0259 professordur.<\/p>\n\n\n\n<p>O, \u201cSovet Az\u0259rbaycan\u0131nda din: Allahla KGB aras\u0131nda\u201d silsil\u0259 yaz\u0131lar\u0131n\u0131 \u00f6z\u00fcn\u00fcn&nbsp;<a href=\"https:\/\/www.facebook.com\/cemil.hasanli\" target=\"_blank\" rel=\"noreferrer noopener\">feysbuk hesab\u0131nda<\/a>&nbsp;payla\u015f\u0131r.<\/p>\n<\/div><\/div>\n<\/div><\/div>\n\n\n<article class=\"single-card uk-flex uk-flex-between m-b-sm-40\">\n\n  <div class=\"uk-grid wi-full-width\">\n\n    <div class=\"uk-width-2-3 p-t-sm-10\">\n      <a href=\"https:\/\/jam-news.net\/az\/yasin-sur%c9%99si-%c9%99m%c9%99liyyati\/\" target=\"_blank\">\n\n\n\n\n\n        <h2 class=\"m-b-sm-23 wi-merriweather-light\">\n\t&quot;Yasin sur\u0259si \u0259m\u0259liyyat\u0131&quot; &#8211; tarix\u00e7i C\u0259mil H\u0259s\u0259nlinin \u00fc\u00e7\u00fcnc\u00fc yaz\u0131s\u0131\n<\/h2>\n\n        <p class=\"paragraph-color-2 m-b-sm-10 m-b-xs-7\">\n  1959-cu ilin dekabr ay\u0131n\u0131n 26-da ke\u00e7iril\u0259n \u201cu\u011furlu\u201d \u0259m\u0259liyyat haqq\u0131nda KGB-y\u0259 geni\u015f m\u0259lumatlar g\u00f6nd\u0259rilmi\u015fdi.\n<\/p>\n      <\/a>\n    <\/div>\n    <div class=\"uk-width-1-3\">\n      <figure class=\"wi-full-height choose-post__img wi-merriweather-light\">\n  <a class=\"\" href=\"https:\/\/jam-news.net\/az\/yasin-sur%c9%99si-%c9%99m%c9%99liyyati\/\">\n    <img decoding=\"async\" class=\"wi-full-height wi-ratio-img\" src=\"https:\/\/jam-news.net\/app\/uploads\/2026\/04\/amtV1.jpg\" alt=\"Yasin sur\u0259si \u0259m\u0259liyyat\u0131\" uk-img \/>\n  <\/a>\n<\/figure>\n    <\/div>\n  <\/div>\n<\/article>\n\n\n\n<p>Aleksandr Karda\u015fovun KGB s\u0259dri kimi Az\u0259rbaycanda ilk b\u00f6y\u00fck t\u0259dbiri 1960-c\u0131 ilin iyun ay\u0131n\u0131n 21-23-d\u0259 3 g\u00fcn davam ed\u0259n KGB-nin \u0259m\u0259liyyat hey\u0259tinin, Bak\u0131 H\u0259rbi Hava H\u00fccumundan M\u00fcdafi\u0259 dair\u0259sinin x\u00fcsusi \u015f\u00f6b\u0259l\u0259rinin, Az\u0259rbaycanda dislokasiya olan 4-c\u00fc ordunun v\u0259 Az\u0259rbaycan s\u0259rh\u0259d dair\u0259si k\u0259\u015ffiyyat\u00e7\u0131 zabitl\u0259rinin respublika m\u00fc\u015favir\u0259sini ke\u00e7irm\u0259k oldu.<\/p>\n\n\n\n<p>H\u0259l\u0259 may ay\u0131n\u0131n 25-d\u0259 Karda\u015fov Az\u0259rbaycan Kommunist Partiyas\u0131 M\u0259rk\u0259zi Komit\u0259sin\u0259 yazd\u0131\u011f\u0131 m\u0259ktubda m\u00fc\u015favir\u0259nin g\u00fcnd\u0259liyi bar\u0259d\u0259 m\u0259lumat verirdi. M\u0259ktubun \u00fcz\u0259rind\u0259 Az\u0259rbaycan Kommunist Partiyas\u0131 M\u0259rk\u0259zi Komit\u0259sinin ikinci katibi Vladimir Semi\u00e7astn\u0131n\u0131n d\u0259rk\u0259nar\u0131 vard\u0131.<\/p>\n\n\n\n<p>Daha \u00e7ox SSR\u0130 KGB t\u0259r\u0259find\u0259n imzalanm\u0131\u015f 00225 n\u00f6mr\u0259li \u0259mr\u0259 uy\u011fun olaraq Q\u0259rbin ideoloji t\u0259xribatlar\u0131na qar\u015f\u0131 m\u00fcbariz\u0259nin g\u00fccl\u0259ndirilm\u0259si, kadr m\u0259s\u0259l\u0259l\u0259ri v\u0259 struktur d\u0259yi\u015fiklikl\u0259rinin m\u00fczakir\u0259 olundu\u011fu m\u00fc\u015favir\u0259d\u0259 Aleksandr Karda\u015fov t\u0259hl\u00fck\u0259sizlik orqanlan\u0131n Q\u0259rbin m\u0259d\u0259niyy\u0259t t\u0259cav\u00fcz\u00fc kimi meydana \u00e7\u0131xm\u0131\u015f stilyaqa\u00e7\u0131l\u0131q v\u0259 caz musiqisin\u0259, habel\u0259 dini t\u0259hl\u00fck\u0259y\u0259 qar\u015f\u0131 \u00e7ekistl\u0259rin haz\u0131r olmas\u0131n\u0131 vacib hesab etdi.<\/p>\n\n\n\n<p>Amerika geyim t\u0259rzi kimi stilyaqa\u00e7\u0131l\u0131q v\u0259 \u201ccaz t\u0259cav\u00fcz\u00fc\u201d d\u00f6vl\u0259t t\u0259hl\u00fck\u0259sizliyi orqanlar\u0131 \u00fc\u00e7\u00fcn yeni bir t\u0259hl\u00fck\u0259 kimi meydana \u00e7\u0131xm\u0131\u015fd\u0131. Mill\u0259t\u00e7iliy\u0259 v\u0259 xarici k\u0259\u015ffiyyat orqanlar\u0131na, antisovet t\u0259zah\u00fcrl\u0259r\u0259 qar\u015f\u0131 bar\u0131\u015fmaz m\u00fcbariz\u0259 aparan KGB 60-c\u0131 ill\u0259rin \u0259vv\u0259ll\u0259rind\u0259 bir t\u0259r\u0259fd\u0259n g\u00fcnd\u0259n-g\u00fcn\u0259 artan dini &#8220;t\u0259hl\u00fck\u0259&#8221;, dig\u0259r t\u0259r\u0259fd\u0259n bunun tam \u0259ksi olan stilyaqa\u00e7\u0131l\u0131q v\u0259 caz musiqisinin timsal\u0131nda Q\u0259rbin frontal m\u0259d\u0259niyy\u0259t &#8220;t\u0259cav\u00fcz\u00fc&#8221; il\u0259 \u00fcz-\u00fcz\u0259 dayanm\u0131\u015fd\u0131. KGB eyni m\u00fc\u015favir\u0259d\u0259 h\u0259m din\u0259, h\u0259m stilyaqa\u00e7\u0131l\u0131q v\u0259 caza qar\u015f\u0131 m\u00fcbariz\u0259nin effektiv yollar\u0131n\u0131 axtar\u0131rd\u0131.<\/p>\n\n\n<article class=\"single-card uk-flex uk-flex-between m-b-sm-40\">\n\n  <div class=\"uk-grid wi-full-width\">\n\n    <div class=\"uk-width-2-3 p-t-sm-10\">\n      <a href=\"https:\/\/jam-news.net\/az\/sovet-az%c9%99rbaycaninda-din-2\/\" target=\"_blank\">\n\n\n\n\n\n        <h2 class=\"m-b-sm-23 wi-merriweather-light\">\n\t&quot;Sovetd\u0259 dinl\u0259 m\u00fcbariz\u0259 Amerika caz\u0131na paralel apar\u0131l\u0131rd\u0131&quot; &#8211; tarix\u00e7i C\u0259mil H\u0259s\u0259nlinin ikinci yaz\u0131s\u0131\n<\/h2>\n\n        <p class=\"paragraph-color-2 m-b-sm-10 m-b-xs-7\">\n  Sovetd\u0259 din\u0259 qar\u015f\u0131 m\u00fcbariz\u0259 Amerika caz\u0131na v\u0259 stilyaqa\u00e7\u0131l\u0131\u011fa qar\u015f\u0131 m\u00fcbariz\u0259 il\u0259 paralel \u015f\u0259kild\u0259 apar\u0131l\u0131rd\u0131.\n<\/p>\n      <\/a>\n    <\/div>\n    <div class=\"uk-width-1-3\">\n      <figure class=\"wi-full-height choose-post__img wi-merriweather-light\">\n  <a class=\"\" href=\"https:\/\/jam-news.net\/az\/sovet-az%c9%99rbaycaninda-din-2\/\">\n    <img decoding=\"async\" class=\"wi-full-height wi-ratio-img\" src=\"https:\/\/jam-news.net\/app\/uploads\/2026\/04\/website-format-95.png\" alt=\"Sovet Az\u0259rbaycan\u0131nda din\" uk-img \/>\n  <\/a>\n<\/figure>\n    <\/div>\n  <\/div>\n<\/article>\n\n\n\n<p>Bak\u0131da stilyaqalar\u0131n say\u0131 o q\u0259d\u0259r artm\u0131\u015fd\u0131 ki, h\u0259tta KGB-nin respublika m\u00fc\u015favir\u0259l\u0259rind\u0259 bunun art\u0131q t\u0259hl\u00fck\u0259li bir m\u0259s\u0259l\u0259y\u0259 \u00e7evrildiyi v\u0259 \u00e7oxlu sayda g\u0259ncin stilyaqal\u0131\u011fa alud\u0259 olmaqla q\u0259rb h\u0259yat t\u0259rzinin t\u0259siri alt\u0131na d\u00fc\u015fd\u00fcy\u00fc etiraf edilirdi. Bu bar\u0259d\u0259 respublika KGB-nin 4-c\u00fc \u015f\u00f6b\u0259sinin ba\u015f \u0259m\u0259liyyat m\u00fcv\u0259kkili M\u0259mm\u0259d Avdiyevin geni\u015f m\u0259ruz\u0259si oldu. O, qeyd edirdi ki, t\u0259hl\u00fck\u0259sizlik orqanlar\u0131 \u0259n son moda say\u0131lan q\u0259rb geyimli, q\u0259rb qiyaf\u0259li, zahiri g\u00f6r\u00fcn\u00fc\u015f\u00fc il\u0259 \u00f6z\u00fcn\u00fc ba\u015fqalar\u0131ndan ay\u0131ran stilyaqalar\u0131n respublika g\u0259ncl\u0259rin\u0259 t\u0259sirinin qar\u015f\u0131s\u0131n\u0131 almaq \u00fc\u00e7\u00fcn t\u0259xir\u0259sal\u0131nmaz t\u0259dbirl\u0259r g\u00f6rm\u0259lidir.<\/p>\n\n\n\n<p>Onun fikrinc\u0259, burjua ideologiyas\u0131, q\u0259rb h\u0259yat t\u0259rzi indi g\u0259ncl\u0259r aras\u0131nda daha eyb\u0259c\u0259r formada stilyaqa\u00e7\u0131l\u0131\u011fa alud\u0259 olmaqda \u00f6z\u00fcn\u00fc b\u00fcruz\u0259 verir v\u0259 bu da \u201cm\u0259n\u0259vi yoxsullu\u011fun\u201d daha qabar\u0131q n\u00fcmun\u0259si olan Amerika h\u0259yat t\u0259rzinin yay\u0131lmas\u0131na g\u0259tirib \u00e7\u0131xar\u0131r.<\/p>\n\n\n\n<p>M\u0259mm\u0259d Avdiyev Nikita Xru\u015f\u015fova istinad\u0259n deyirdi:<\/p>\n\n\n\n<p>&#8220;Stilyaqa\u00e7\u0131l\u0131q tam m\u0259n\u0259vi d\u00fc\u015fk\u00fcnl\u00fckd\u00fcr, Amerika h\u0259yat t\u0259rzin\u0259 alud\u0259\u00e7iliyin pis n\u00fcmun\u0259sidir. Stilyaqa\u00e7\u0131l\u0131\u011fa alud\u0259\u00e7ilik g\u0259ncl\u0259rin bir hiss\u0259sini geni\u015f d\u00f6vl\u0259t i\u015fl\u0259rind\u0259n uzaqla\u015fd\u0131r\u0131r, yarad\u0131c\u0131 \u0259m\u0259y\u0259 parazitizm toxumu s\u0259pir. Stilyaqa\u00e7\u0131l\u0131q, \u0259n n\u0259hay\u0259t \u0259cn\u0259bi\u00e7iliyin qar\u015f\u0131s\u0131nda ba\u015f \u0259ym\u0259yin v\u0259 diz \u00e7\u00f6km\u0259yin pis bir t\u0259zah\u00fcr formas\u0131d\u0131r, Yolda\u015f Xru\u015f\u015fovun dili il\u0259 des\u0259k, stilyaqa\u00e7\u0131l\u0131q proletariat diktaturas\u0131na qar\u015f\u0131 m\u00fcbariz\u0259nin bir formas\u0131d\u0131r. Nikita Xru\u015f\u015fovun bunu \u0259cn\u0259bi\u00e7iliyin qar\u015f\u0131s\u0131nda diz \u00e7\u00f6km\u0259k kimi qiym\u0259tl\u0259ndirm\u0259si g\u0259ncl\u0259r aras\u0131nda ziyanl\u0131 bir hal kimi t\u0259zah\u00fcr ed\u0259n stilyaqa\u00e7\u0131l\u0131\u011fa qar\u015f\u0131 m\u00fcbariz\u0259 aparmaq \u00fc\u00e7\u00fcn bizi daha da s\u0259f\u0259rb\u0259r edir\u201d.<\/p>\n\n\n\n<p>Avdiyev qeyd edirdi ki, stilyaqa\u00e7\u0131l\u0131\u011fa qar\u015f\u0131 m\u00fcbariz\u0259d\u0259 yaln\u0131z \u00e7ekist metodlar\u0131 il\u0259 m\u0259hdudla\u015fmamal\u0131, komsomol v\u0259 dig\u0259r ictimai t\u0259\u015fkilatlar x\u0259tti il\u0259 g\u0259ncl\u0259r aras\u0131nda siyasi t\u0259rbiy\u0259 i\u015fi g\u00fccl\u0259nm\u0259lidir. O, deyirdi: <\/p>\n\n\n\n<p>\u201cBiz ictimai t\u0259\u015fkilatlar\u0131n ed\u0259 bilm\u0259diyini etm\u0259liyik. Biz daha q\u0131z\u011f\u0131n stilyaqalar\u0131, onlar\u0131n a\u00e7\u0131q v\u0259 gizli toplant\u0131 yerl\u0259rini, bu toplant\u0131lar\u0131n t\u0259\u015f\u0259bb\u00fcs\u00e7\u00fcl\u0259ri v\u0259 t\u0259\u015fkilat\u00e7\u0131lar\u0131n\u0131 m\u00fc\u0259yy\u0259nl\u0259\u015fdirib if\u015fa ed\u0259 bil\u0259rik v\u0259 etm\u0259liyik. M\u0259tbuat\u0131n, komsomol v\u0259 dig\u0259r ictimai t\u0259\u015fkilatlar\u0131n k\u00f6m\u0259yi il\u0259 onlar\u0131n \u0259traf\u0131nda ictimai r\u0259y formala\u015fd\u0131rmal\u0131y\u0131q v\u0259 bu yolla h\u0259min z\u0259r\u0259rli hal\u0131n ba\u015fqas\u0131na ke\u00e7m\u0259sinin qar\u015f\u0131s\u0131n\u0131 almal\u0131y\u0131q\u201d.<\/p>\n\n\n\n<p>H\u0259min vaxt \u201cKomsomolskiy Pravda\u201d q\u0259zeti stilyaqa\u00e7\u0131lara qar\u015f\u0131 geni\u015f yaz\u0131 vermi\u015fdi.<\/p>\n\n\n<article class=\"single-card uk-flex uk-flex-between m-b-sm-40\">\n\n  <div class=\"uk-grid wi-full-width\">\n\n    <div class=\"uk-width-2-3 p-t-sm-10\">\n      <a href=\"https:\/\/jam-news.net\/az\/sovet-az%c9%99rbaycaninda-din\/\" target=\"_blank\">\n\n\n\n\n\n        <h2 class=\"m-b-sm-23 wi-merriweather-light\">\n\tSovet Az\u0259rbaycan\u0131nda din: Allahla KGB aras\u0131nda &#8211; tarix\u00e7i C\u0259mil H\u0259s\u0259nlinin birinci yaz\u0131s\u0131\n<\/h2>\n\n        <p class=\"paragraph-color-2 m-b-sm-10 m-b-xs-7\">\n  Tarix\u00e7i yaz\u0131r ki, Sovet Az\u0259rbaycan\u0131nda din, o c\u00fcml\u0259d\u0259n islam inancl\u0131lar\u0131 a\u011f\u0131r, dramatik bir yol ke\u00e7ib.\n<\/p>\n      <\/a>\n    <\/div>\n    <div class=\"uk-width-1-3\">\n      <figure class=\"wi-full-height choose-post__img wi-merriweather-light\">\n  <a class=\"\" href=\"https:\/\/jam-news.net\/az\/sovet-az%c9%99rbaycaninda-din\/\">\n    <img decoding=\"async\" class=\"wi-full-height wi-ratio-img\" src=\"https:\/\/jam-news.net\/app\/uploads\/2026\/04\/website-format-81.png\" alt=\"Sovet Az\u0259rbaycan\u0131nda din\" uk-img \/>\n  <\/a>\n<\/figure>\n    <\/div>\n  <\/div>\n<\/article>\n\n\n\n<p>Avdiyev bildirirdi ki, KGB h\u0259l\u0259 son iki ild\u0259 stilyaqa\u00e7\u0131l\u0131\u011fa qar\u015f\u0131 m\u00fcbariz\u0259 istiqam\u0259tind\u0259 m\u00fc\u0259yy\u0259n haz\u0131rl\u0131q t\u0259dbirl\u0259ri g\u00f6r\u00fcb, lakin h\u0259min t\u0259dbirl\u0259r bir s\u0131ra r\u0259hb\u0259r i\u015f\u00e7il\u0259r t\u0259r\u0259find\u0259n m\u00fcdafi\u0259 edilm\u0259di.<\/p>\n\n\n\n<p>Halbuki, onun fikrinc\u0259, cinay\u0259t haqq\u0131nda x\u0259b\u0259rdarl\u0131q etm\u0259k g\u00fcnahkar\u0131 c\u0259zaland\u0131rmaqdan daha yax\u015f\u0131d\u0131r v\u0259 \u0259lav\u0259 edirdi ki, \u201c\u0259g\u0259r biz stilyaqa\u00e7\u0131l\u0131qla u\u011furlu m\u00fcbariz\u0259 apara bils\u0259k, bu partiya v\u0259 h\u00f6kum\u0259tin bizd\u0259n t\u0259l\u0259b etdiyi \u0259sl profilaktika i\u015fi olacaq\u201d. (Az\u0259rbaycan SSR Nazirl\u0259r Soveti yan\u0131nda D\u00f6vl\u0259t T\u0259hl\u00fck\u0259sizlik Komit\u0259sinin operativ hey\u0259tinin, 4-c\u00fc ordu Bak\u0131 dair\u0259si Hava H\u00fccumundan M\u00fcdafi\u0259 qo\u015funlar\u0131n\u0131n x\u00fcsusi \u015f\u00f6b\u0259si v\u0259 Az\u0259rbaycan s\u0259rh\u0259d dair\u0259si k\u0259\u015ffiyyat\u00e7\u0131 zabitl\u0259rinin respublika m\u00fc\u015favir\u0259sinin stenoqram\u0131. 21-23 iyun 1960).<\/p>\n\n\n\n<p>D\u00f6vl\u0259t t\u0259hl\u00fck\u0259sizliyi orqanlar\u0131n\u0131n bu istiqam\u0259td\u0259 apard\u0131\u011f\u0131 yoxlamalar \u0259ks\u0259r stilyaqalar\u0131n v\u0259zif\u0259li \u015f\u0259xsl\u0259rin u\u015faqlar\u0131 oldu\u011funu g\u00f6st\u0259rmi\u015fdi. Q\u0259rib\u0259 d\u0259 olsa onlar\u0131n b\u00f6y\u00fck \u0259ks\u0259riyy\u0259ti Bak\u0131da ya\u015fayan rus, erm\u0259ni, y\u0259hudi g\u0259ncl\u0259ri deyil, rusdilli az\u0259rbaycanl\u0131lar idi. Az sonra stilyaqa\u00e7\u0131l\u0131q rayon v\u0259 k\u0259ndl\u0259r\u0259 d\u0259 ayaq a\u00e7ma\u011fa ba\u015flad\u0131.<\/p>\n\n\n\n<p>M\u0259mm\u0259d Avdiyevin fikrinc\u0259, sovet m\u0259kt\u0259bind\u0259 oxumu\u015f, komsomol s\u0131ralar\u0131n\u0131 ke\u00e7mi\u015f g\u0259ncl\u0259rin stilyaqa\u00e7\u0131l\u0131\u011fa yoluxmas\u0131, Amerika caz\u0131n\u0131n t\u0259sirin\u0259 d\u00fc\u015fm\u0259si KGB \u00fc\u00e7\u00fcn g\u00f6zl\u0259nilm\u0259z olmu\u015fdu. KGB-nin b\u00fct\u00fcn c\u0259hdl\u0259rin\u0259 baxmayaraq stilyaqa\u00e7\u0131l\u0131\u011f\u0131n v\u0259 caz\u0131n qar\u015f\u0131s\u0131n\u0131 almaq m\u00fcmk\u00fcn olmad\u0131.<\/p>\n\n\n\n<p>Amerikal\u0131 tarix\u00e7i Eleanor Gilburdun s\u00f6zl\u0259rin\u0259 g\u00f6r\u0259, 50\u201360-c\u0131 ill\u0259rd\u0259 Sovet h\u0259yat t\u0259rzi ciddi \u015f\u0259kild\u0259 Amerika h\u0259yat t\u0259rzinin t\u0259siri alt\u0131nda idi. \u201cAmerikanizm\u201d Sovet \u0130ttifaq\u0131nda stilyaqa\u00e7\u0131l\u0131q, cins geyiml\u0259r, Hollivud filml\u0259ri, caz v\u0259 rok musiqisi vasit\u0259si il\u0259 yay\u0131l\u0131rd\u0131 (Eleonory Gilburd. To See Paris and Die: The Soviet Lives of Western Culture. Harvard University Press, 2019, pp. 8-9.).<\/p>\n\n\n\n<p>M\u00fc\u015favir\u0259d\u0259 m\u0259s\u0259l\u0259 bel\u0259 qoyulurdu ki, stilyaqa\u00e7\u0131l\u0131qla yana\u015f\u0131 caz musiqisi Sovet sistemin da\u011f\u0131tmaq \u00fc\u00e7\u00fcn AB\u015e-nin h\u0259yata ke\u00e7irdiyi m\u0259d\u0259niy\u0259t t\u0259cav\u00fcz\u00fcd\u00fcr.<\/p>\n\n\n<article class=\"single-card uk-flex uk-flex-between m-b-sm-40\">\n\n  <div class=\"uk-grid wi-full-width\">\n\n    <div class=\"uk-width-2-3 p-t-sm-10\">\n      <a href=\"https:\/\/jam-news.net\/az\/kremlin-azerbaycan-ucun-yumsaq-guc-plani\/\" target=\"_blank\">\n\n\n\n\n\n        <h2 class=\"m-b-sm-23 wi-merriweather-light\">\n\tKremlin Az\u0259rbaycan \u00fc\u00e7\u00fcn &quot;yum\u015faq g\u00fcc&quot; plan\u0131: &quot;Milyonlarla pul bo\u015fa getdi&quot;\n<\/h2>\n\n        <p class=\"paragraph-color-2 m-b-sm-10 m-b-xs-7\">\n  Gizli hesabatlarda yaz\u0131l\u0131r ki, Az\u0259rbaycanda Rusiya maraqlar\u0131n\u0131 m\u00fcdafi\u0259 ed\u0259n t\u0259\u015fkilatlar\u0131n yoxlu\u011fu ciddi narahatl\u0131q do\u011furub.\n<\/p>\n      <\/a>\n    <\/div>\n    <div class=\"uk-width-1-3\">\n      <figure class=\"wi-full-height choose-post__img wi-merriweather-light\">\n  <a class=\"\" href=\"https:\/\/jam-news.net\/az\/kremlin-azerbaycan-ucun-yumsaq-guc-plani\/\">\n    <img decoding=\"async\" class=\"wi-full-height wi-ratio-img\" src=\"https:\/\/jam-news.net\/app\/uploads\/2025\/09\/website-format-18.png\" alt=\"Kremlin Az\u0259rbaycan \u00fc\u00e7\u00fcn \u201cyum\u015faq g\u00fcc\u201d plan\u0131\" uk-img \/>\n  <\/a>\n<\/figure>\n    <\/div>\n  <\/div>\n<\/article>\n\n\n\n<p>\u00c7\u0131x\u0131\u015flarda qeyd edilirdi ki, &#8220;biz onlar\u0131n ax\u0131r\u0131na \u00e7\u0131xmasaq, onlar bizim qrulu\u015fu da\u011f\u0131dacaqlar&#8221;. Caz ifa\u00e7\u0131lar\u0131n\u0131n, h\u0259v\u0259skarlar\u0131n\u0131n v\u0259 stilyaqalar\u0131n siyah\u0131s\u0131, ev \u00fcnvanlar\u0131, toplan\u0131\u015f yerl\u0259ri haqq\u0131nda m\u0259lumatlar KGBK-d\u0259 var idi. Onlar daha \u00e7ox Nizami k\u00fc\u00e7\u0259sind\u0259 (F\u0259vvar\u0259l\u0259r Meydan\u0131) ayr\u0131-ayr\u0131 m\u0259nzill\u0259rd\u0259 g\u00f6r\u00fc\u015f\u00fcrd\u00fcl\u0259r. KGB h\u0259min m\u0259nzill\u0259ri n\u0259zar\u0259t\u0259 g\u00f6t\u00fcrm\u00fc\u015fd\u00fc. Onlar\u0131n i\u00e7\u0259risin\u0259 \u00f6z adamlar\u0131n\u0131 salm\u0131\u015fd\u0131.<\/p>\n\n\n\n<p>H\u0259l\u0259 Amerika caz\u0131 Az\u0259rbaycana yeni ayaq a\u00e7anda &#8211; 1957-ci ild\u0259 Az\u0259rbaycan Kommunist Partiyas\u0131 M\u0259rk\u0259zi Komit\u0259sinin birinci katibi \u0130mam Mustafayev Respublika B\u0259st\u0259karlar \u0130ttifaq\u0131n\u0131n s\u0259dri Qara Qarayev\u0259 deyirdi ki, \u201chind kino-filml\u0259rinin musiqisi b\u00fct\u00fcn mill\u0259tl\u0259rin xo\u015funa g\u0259lir. \u00c7\u00fcnki milli formas\u0131 vard\u0131r, x\u0259lqilik \u0259sas\u0131nda yaz\u0131lm\u0131\u015fd\u0131r, Amerika caz\u0131 \u00fcz\u0259rind\u0259 qurulmu\u015f olsayd\u0131, onda bu musiqiy\u0259 he\u00e7 k\u0259s qulaq asmazd\u0131&#8221;.<\/p>\n\n\n\n<p>Lakin KGB-nin bu m\u00fc\u015favir\u0259sind\u0259n 3 il sonra &#8211; 1963-c\u00fc ilin mart\u0131nda ke\u00e7iril\u0259n Az\u0259rbaycan ziyal\u0131lar\u0131n\u0131n respublika m\u00fc\u015favir\u0259sind\u0259 d\u0259 \u201cb\u0259dnam Amerika caz\u0131\u201d \u0259sas h\u0259d\u0259f olaraq qal\u0131rd\u0131.<\/p>\n\n\n\n<p>M\u0259rk\u0259zi Komit\u0259nin ideoloji m\u0259s\u0259l\u0259l\u0259r \u00fczr\u0259 katibi Xasay V\u0259zirov \u00f6z m\u0259ruz\u0259sind\u0259 qeyd edirdi:<\/p>\n\n\n\n<p>\u201cAz\u0259rbaycan b\u0259st\u0259karlar\u0131 m\u00fcasir nikbin estrada musiqisi yaratma\u011fa laz\u0131m\u0131nca fikir vermirl\u0259r. Bunun n\u0259tic\u0259sind\u0259 indi bizd\u0259 Q\u0259rbin burjua caz musiqisinin g\u0259ncl\u0259r\u0259 t\u0259siri g\u00f6st\u0259rm\u0259sin\u0259 m\u00fc\u0259yy\u0259n bir \u015f\u0259rait yaratm\u0131\u015fd\u0131r. G\u0259ncl\u0259rin bir hiss\u0259si onlar\u0131n z\u00f6vq\u00fcn\u0259 v\u0259 t\u0259rbiy\u0259sin\u0259 ancaq m\u0259nfi t\u0259sir g\u00f6st\u0259r\u0259n Amerika caz\u0131 n\u00fcmun\u0259l\u0259rin\u0259 alud\u0259 olmu\u015fdur. Q\u0259rb t\u0259bli\u011fat\u0131 v\u0259 x\u00fcsus\u0259n xarici radiostansiyalar \u00f6z caz m\u0259hsullar\u0131n\u0131 canf\u0259\u015fanl\u0131qla t\u0259bli\u011f edirl\u0259r.<\/p>\n\n\n\n<p>B\u0259dnam \u201cAmerika h\u0259yat t\u0259rzinin\u201d r\u0259mzi olan caz\u0131n ideya t\u0259sirind\u0259n g\u0259ncl\u0259ri qorumaq \u00fc\u00e7\u00fcn b\u0259st\u0259karlar\u0131m\u0131z g\u0259ncl\u0259rin ruhunu ox\u015fayan, d\u00f6vr\u00fcm\u00fczl\u0259 s\u0259sl\u0259\u015f\u0259n m\u00fcasir estrada musiqisi yaratmal\u0131d\u0131r&#8221;.<\/p>\n\n\n<article class=\"single-card uk-flex uk-flex-between m-b-sm-40\">\n\n  <div class=\"uk-grid wi-full-width\">\n\n    <div class=\"uk-width-2-3 p-t-sm-10\">\n      <a href=\"https:\/\/jam-news.net\/az\/yeni-c%c9%99nubi-qafqaz-%c9%99sas-m%c9%99s%c9%99l%c9%99-%c9%99razil%c9%99r-uz%c9%99rind%c9%99-deyil-d%c9%99hlizl%c9%99r-uz%c9%99rind%c9%99-n%c9%99zar%c9%99tdir-r%c9%99y\/\" target=\"_blank\">\n\n\n\n\n\n        <h2 class=\"m-b-sm-23 wi-merriweather-light\">\n\t&quot;Yeni C\u0259nubi Qafqaz: \u0259sas m\u0259s\u0259l\u0259 \u0259razil\u0259r \u00fcz\u0259rind\u0259 deyil, d\u0259hlizl\u0259r \u00fcz\u0259rind\u0259 n\u0259zar\u0259tdir&quot;. R\u0259y\n<\/h2>\n\n        <p class=\"paragraph-color-2 m-b-sm-10 m-b-xs-7\">\n  Yeni sistemd\u0259 region d\u00f6vl\u0259tl\u0259rinin rollar\u0131 d\u0259yi\u015fir: Az\u0259rbaycan m\u0259rk\u0259zi qov\u015faqd\u0131r, Erm\u0259nistan uy\u011funla\u015fan aktordur, G\u00fcrc\u00fcstan is\u0259 \u00f6z subyektliyini itirm\u0259k riski da\u015f\u0131y\u0131r. \n<\/p>\n      <\/a>\n    <\/div>\n    <div class=\"uk-width-1-3\">\n      <figure class=\"wi-full-height choose-post__img wi-merriweather-light\">\n  <a class=\"\" href=\"https:\/\/jam-news.net\/az\/yeni-c%c9%99nubi-qafqaz-%c9%99sas-m%c9%99s%c9%99l%c9%99-%c9%99razil%c9%99r-uz%c9%99rind%c9%99-deyil-d%c9%99hlizl%c9%99r-uz%c9%99rind%c9%99-n%c9%99zar%c9%99tdir-r%c9%99y\/\">\n    <img decoding=\"async\" class=\"wi-full-height wi-ratio-img\" src=\"https:\/\/jam-news.net\/app\/uploads\/2026\/04\/9.jpg\" alt=\"\" uk-img \/>\n  <\/a>\n<\/figure>\n    <\/div>\n  <\/div>\n<\/article>\n\n\n\n<p>Bir s\u0131ra inzibati qada\u011falara baxmayaraq Az\u0259rbaycanda caz\u0131n qar\u015f\u0131s\u0131n\u0131 almaq m\u00fcmk\u00fcn olmad\u0131 v\u0259 Moskva-Leninqraddan sonra Bak\u0131 SSR\u0130-nin \u00fc\u00e7\u00fcnc\u00fc caz m\u0259rk\u0259zi kimi formala\u015fd\u0131.<\/p>\n\n\n\n<p>Stilyaq v\u0259 caz alud\u0259\u00e7il\u0259rini KGB tez-tez profilaktik s\u00f6hb\u0259tl\u0259r\u0259 \u00e7a\u011f\u0131r\u0131d\u0131, onlar\u0131 &#8220;t\u0259rbiy\u0259l\u0259ndirm\u0259k&#8221; ist\u0259yirdil\u0259r. H\u0259tta, Moskvaya Amerika cazmeninin konsertin\u0259 Bak\u0131dan bilet al\u0131b ged\u0259nl\u0259rin siyah\u0131s\u0131 da KGB-d\u0259 var idi. Az\u0259rbaycanda v\u0259 ondan k\u0259nrarda ictimai-siyasi, &#8220;m\u0259d\u0259ni&#8221; h\u0259yatda f\u0259all\u0131\u011f\u0131 olan b\u0259zi ke\u00e7mi\u015f komsomol drujina\u00e7\u0131lar\u0131 caz h\u0259v\u0259skarlar\u0131 v\u0259 stilyaqlar\u0131 g\u00fcd\u00fcr, onlar haqq\u0131nda m\u0259rk\u0259zi orqanlara v\u0259 KGB-y\u0259 m\u0259lumatlar verirdil\u0259r. Yeri g\u0259lmi\u015fk\u0259n h\u0259min komsomol \u201cdrujina\u00e7\u0131lardan\u201d h\u0259l\u0259 d\u0259 sa\u011f olanlar var.<\/p>\n\n\n\n<p>M\u0259ruz\u0259sinin xeyli hiss\u0259sini M\u0259mm\u0259d Avdiyev dinl\u0259 m\u00fcbariz\u0259y\u0259 h\u0259sr etdi. O, qeyd etdi ki, KGB-nin m\u00fch\u00fcm v\u0259zif\u0259l\u0259rind\u0259n biri d\u0259 m\u00fcrt\u0259ce ruhanil\u0259rin f\u0259aliyy\u0259tind\u0259 ba\u015f qald\u0131rm\u0131\u015f antisovet c\u0259hdl\u0259r\u0259 qar\u015f\u0131 m\u00fcbariz\u0259 aparmaqd\u0131r.<\/p>\n\n\n\n<p>Avdiyev dedi ki, son ill\u0259r m\u00fcs\u0259lman ruhanil\u0259rinin m\u00fcrt\u0259ce hiss\u0259si s\u0259bats\u0131z adamlar\u0131 \u00f6z t\u0259sirl\u0259rin\u0259 sal\u0131r, onlara dini fanatizm a\u015flay\u0131rlar. O bildirdi ki, Bak\u0131da f\u0259aliyy\u0259t g\u00f6st\u0259r\u0259n r\u0259smi m\u0259scidl\u0259r\u0259 yana\u015f\u0131 respublikan\u0131n rayonlar\u0131nda \u00e7oxlu sayd\u0131 qeyri-qanuni m\u0259s\u00e7idl\u0259r a\u00e7\u0131r, orada dini ayinl\u0259ri icra edirl\u0259r. <\/p>\n\n\n\n<p>Avdiyevin fikrinc\u0259 m\u00fcs\u0259lman ruhanil\u0259ri x\u00fcsusil\u0259 yaln\u0131z ya\u015fl\u0131 adamlar\u0131n deyil, g\u0259ncl\u0259rin d\u0259 i\u015ftirak etdiyi m\u0259h\u0259rr\u0259mlik mat\u0259mi g\u00fcnl\u0259rind\u0259 daha da f\u0259alla\u015f\u0131rlar. Bu m\u0259rasiml\u0259rd\u0259 \u00f6z\u00fcn\u0259 x\u0259sar\u0259t yetir\u0259n dindarlar\u0131n say\u0131n\u0131n artmaqda oldu\u011funu da o, bildirdi.<\/p>\n\n\n\n<p>Avdiyev m\u00fcvafiq orqanlar\u0131n qeyri-leqal mollalara qar\u015f\u0131 t\u0259dbir g\u00f6rm\u0259diyind\u0259n \u015fikay\u0259tl\u0259ndi v\u0259 \u0259lav\u0259 etdi ki, yax\u0131n iki il \u0259rzind\u0259 biz g\u0259r\u0259k dini sektant qruplar\u0131n, ziyar\u0259tgaha \u00e7evrilmi\u015f &#8220;m\u00fcq\u0259dd\u0259s yerl\u0259rin&#8221; v\u0259 qeyri-leqal mollalar\u0131n ax\u0131r\u0131na \u00e7\u0131xaq. Amma \u00e7\u0131xa bilm\u0259dil\u0259r&#8230;<\/p>\n\n\n<article class=\"single-card uk-flex uk-flex-between m-b-sm-40\">\n\n  <div class=\"uk-grid wi-full-width\">\n\n    <div class=\"uk-width-2-3 p-t-sm-10\">\n      <a href=\"https:\/\/jam-news.net\/az\/azal-q%c9%99zasi-razilasmasi\/\" target=\"_blank\">\n\n\n\n\n\n        <h2 class=\"m-b-sm-23 wi-merriweather-light\">\n\tAZAL q\u0259zas\u0131 il\u0259 ba\u011fl\u0131 raz\u0131la\u015fma: Az\u0259rbaycan g\u00fcnahkarlar\u0131n c\u0259zaland\u0131r\u0131lmas\u0131 t\u0259l\u0259bind\u0259n vaz ke\u00e7ib\n<\/h2>\n\n        <p class=\"paragraph-color-2 m-b-sm-10 m-b-xs-7\">\n  Az\u0259rbaycan v\u0259 Rusiya X\u0130N-in birg\u0259 b\u0259yanat\u0131nda AZAL t\u0259yyar\u0259 q\u0259zas\u0131n\u0131n \u201cqeyri-ixtiyari vurulma\u201ds\u0131 r\u0259sm\u0259n q\u0259bul edilib.\n<\/p>\n      <\/a>\n    <\/div>\n    <div class=\"uk-width-1-3\">\n      <figure class=\"wi-full-height choose-post__img wi-merriweather-light\">\n  <a class=\"\" href=\"https:\/\/jam-news.net\/az\/azal-q%c9%99zasi-razilasmasi\/\">\n    <img decoding=\"async\" class=\"wi-full-height wi-ratio-img\" src=\"https:\/\/jam-news.net\/app\/uploads\/2026\/04\/website-format-92.png\" alt=\"AZAL q\u0259zas\u0131 raz\u0131la\u015fmas\u0131\" uk-img \/>\n  <\/a>\n<\/figure>\n    <\/div>\n  <\/div>\n<\/article>\n\n\n\n<p style=\"font-size:1px\"><strong><em>H\u0259zr\u0259ti Abbas\u0131 tapmaq laz\u0131md\u0131r<\/em><\/strong><\/p>\n\n\n\n<p style=\"font-size:1px\">H\u0259zr\u0259ti Abbas\u0131 tapmaq laz\u0131md\u0131r<\/p>\n","protected":false},"excerpt":{"rendered":"<p>\u0130stintaq material\u0131nda yer alan \u201cH\u0259zr\u0259ti Abbas\u201d KGB s\u0259dri \u00fc\u00e7\u00fcn d\u0259rhal tap\u0131lmal\u0131 konkret \u015f\u0259xs kimi anla\u015f\u0131lm\u0131\u015fd\u0131.<\/p>\n","protected":false},"author":60,"featured_media":104994,"comment_status":"closed","ping_status":"closed","sticky":false,"template":"","format":"standard","meta":{"_acf_changed":false,"footnotes":""},"categories":[17,5],"tags":[],"formation":[],"post-author":[2888],"topic":[4952],"tooltip":[],"city":[6041],"class_list":["post-104992","post","type-post","status-publish","format-standard","has-post-thumbnail","hentry","category-azrbaycan","category-siyast","post-author-jamnews","topic-azrbaycan","city-baki"],"acf":[],"yoast_head":"<!-- This site is optimized with the Yoast SEO plugin v24.1 - https:\/\/yoast.com\/wordpress\/plugins\/seo\/ -->\n<title>H\u0259zr\u0259ti Abbas\u0131 tapmaq laz\u0131md\u0131r - JAMnews<\/title>\n<meta name=\"description\" content=\"H\u0259zr\u0259ti Abbas\u0131 tapmaq laz\u0131md\u0131r. \u0130stintaq material\u0131nda olan \u201cH\u0259zr\u0259ti Abbas\u201d KGB s\u0259dri \u00fc\u00e7\u00fcn d\u0259rhal tap\u0131lmal\u0131 konkret \u015f\u0259xs kimi anla\u015f\u0131lm\u0131\u015fd\u0131.\" \/>\n<meta name=\"robots\" content=\"index, follow, max-snippet:-1, max-image-preview:large, max-video-preview:-1\" \/>\n<link rel=\"canonical\" href=\"https:\/\/jam-news.net\/az\/h\u0259zr\u0259ti-abbasi-tapmaq-lazimdir\/\" \/>\n<meta property=\"og:locale\" content=\"az_AZ\" \/>\n<meta property=\"og:type\" content=\"article\" \/>\n<meta property=\"og:title\" content=\"Sovet Az\u0259rbaycan\u0131nda din: &quot;H\u0259zr\u0259ti Abbas\u0131 tapmaq laz\u0131md\u0131r&quot; - tarix\u00e7inin d\u00f6rd\u00fcnc\u00fc yaz\u0131s\u0131\" \/>\n<meta property=\"og:description\" content=\"H\u0259zr\u0259ti Abbas\u0131 tapmaq laz\u0131md\u0131r. \u0130stintaq material\u0131nda olan \u201cH\u0259zr\u0259ti Abbas\u201d KGB s\u0259dri \u00fc\u00e7\u00fcn d\u0259rhal tap\u0131lmal\u0131 konkret \u015f\u0259xs kimi anla\u015f\u0131lm\u0131\u015fd\u0131.\" \/>\n<meta property=\"og:url\" content=\"https:\/\/jam-news.net\/az\/h\u0259zr\u0259ti-abbasi-tapmaq-lazimdir\/\" \/>\n<meta property=\"og:site_name\" content=\"Azerbaijani Jamnews\" \/>\n<meta property=\"article:publisher\" content=\"https:\/\/www.facebook.com\/JAMnewsInEnglish\/\" \/>\n<meta property=\"article:published_time\" content=\"2026-04-29T14:49:56+00:00\" \/>\n<meta property=\"article:modified_time\" content=\"2026-04-29T15:57:17+00:00\" \/>\n<meta property=\"og:image\" content=\"https:\/\/jam-news.net\/app\/uploads\/2026\/04\/website-format-2026-04-29T164447.250.png\" \/>\n\t<meta property=\"og:image:width\" content=\"2880\" \/>\n\t<meta property=\"og:image:height\" content=\"1620\" \/>\n\t<meta property=\"og:image:type\" content=\"image\/png\" \/>\n<meta name=\"author\" content=\"elmisham\" \/>\n<meta name=\"twitter:card\" content=\"summary_large_image\" \/>\n<meta name=\"twitter:title\" content=\"Sovet Az\u0259rbaycan\u0131nda din: &quot;H\u0259zr\u0259ti Abbas\u0131 tapmaq laz\u0131md\u0131r&quot; - tarix\u00e7inin d\u00f6rd\u00fcnc\u00fc yaz\u0131s\u0131\" \/>\n<meta name=\"twitter:creator\" content=\"@JAMnewsCaucasus\" \/>\n<meta name=\"twitter:site\" content=\"@JAMnewsCaucasus\" \/>\n<meta name=\"twitter:label1\" content=\"Written by\" \/>\n\t<meta name=\"twitter:data1\" content=\"elmisham\" \/>\n\t<meta name=\"twitter:label2\" content=\"Est. reading time\" \/>\n\t<meta name=\"twitter:data2\" content=\"8 minutes\" \/>\n<script type=\"application\/ld+json\" class=\"yoast-schema-graph\">{\"@context\":\"https:\/\/schema.org\",\"@graph\":[{\"@type\":\"Article\",\"@id\":\"https:\/\/jam-news.net\/az\/h%c9%99zr%c9%99ti-abbasi-tapmaq-lazimdir\/#article\",\"isPartOf\":{\"@id\":\"https:\/\/jam-news.net\/az\/h%c9%99zr%c9%99ti-abbasi-tapmaq-lazimdir\/\"},\"author\":{\"name\":\"elmisham\",\"@id\":\"https:\/\/jam-news.net\/az\/#\/schema\/person\/eb45af4c98a871b32118a93d3d66e159\"},\"headline\":\"Sovet Az\u0259rbaycan\u0131nda din: &#8220;H\u0259zr\u0259ti Abbas\u0131 tapmaq laz\u0131md\u0131r&#8221; &#8211; tarix\u00e7inin d\u00f6rd\u00fcnc\u00fc yaz\u0131s\u0131\",\"datePublished\":\"2026-04-29T14:49:56+00:00\",\"dateModified\":\"2026-04-29T15:57:17+00:00\",\"mainEntityOfPage\":{\"@id\":\"https:\/\/jam-news.net\/az\/h%c9%99zr%c9%99ti-abbasi-tapmaq-lazimdir\/\"},\"wordCount\":2734,\"publisher\":{\"@id\":\"https:\/\/jam-news.net\/az\/#organization\"},\"image\":{\"@id\":\"https:\/\/jam-news.net\/az\/h%c9%99zr%c9%99ti-abbasi-tapmaq-lazimdir\/#primaryimage\"},\"thumbnailUrl\":\"https:\/\/jam-news.net\/app\/uploads\/2026\/04\/website-format-2026-04-29T164447.250.png\",\"articleSection\":[\"Azerbaijan\",\"Politics\"],\"inLanguage\":\"az\"},{\"@type\":\"WebPage\",\"@id\":\"https:\/\/jam-news.net\/az\/h%c9%99zr%c9%99ti-abbasi-tapmaq-lazimdir\/\",\"url\":\"https:\/\/jam-news.net\/az\/h%c9%99zr%c9%99ti-abbasi-tapmaq-lazimdir\/\",\"name\":\"H\u0259zr\u0259ti Abbas\u0131 tapmaq laz\u0131md\u0131r - JAMnews\",\"isPartOf\":{\"@id\":\"https:\/\/jam-news.net\/az\/#website\"},\"primaryImageOfPage\":{\"@id\":\"https:\/\/jam-news.net\/az\/h%c9%99zr%c9%99ti-abbasi-tapmaq-lazimdir\/#primaryimage\"},\"image\":{\"@id\":\"https:\/\/jam-news.net\/az\/h%c9%99zr%c9%99ti-abbasi-tapmaq-lazimdir\/#primaryimage\"},\"thumbnailUrl\":\"https:\/\/jam-news.net\/app\/uploads\/2026\/04\/website-format-2026-04-29T164447.250.png\",\"datePublished\":\"2026-04-29T14:49:56+00:00\",\"dateModified\":\"2026-04-29T15:57:17+00:00\",\"description\":\"H\u0259zr\u0259ti Abbas\u0131 tapmaq laz\u0131md\u0131r. \u0130stintaq material\u0131nda olan \u201cH\u0259zr\u0259ti Abbas\u201d KGB s\u0259dri \u00fc\u00e7\u00fcn d\u0259rhal tap\u0131lmal\u0131 konkret \u015f\u0259xs kimi anla\u015f\u0131lm\u0131\u015fd\u0131.\",\"breadcrumb\":{\"@id\":\"https:\/\/jam-news.net\/az\/h%c9%99zr%c9%99ti-abbasi-tapmaq-lazimdir\/#breadcrumb\"},\"inLanguage\":\"az\",\"potentialAction\":[{\"@type\":\"ReadAction\",\"target\":[\"https:\/\/jam-news.net\/az\/h%c9%99zr%c9%99ti-abbasi-tapmaq-lazimdir\/\"]}]},{\"@type\":\"ImageObject\",\"inLanguage\":\"az\",\"@id\":\"https:\/\/jam-news.net\/az\/h%c9%99zr%c9%99ti-abbasi-tapmaq-lazimdir\/#primaryimage\",\"url\":\"https:\/\/jam-news.net\/app\/uploads\/2026\/04\/website-format-2026-04-29T164447.250.png\",\"contentUrl\":\"https:\/\/jam-news.net\/app\/uploads\/2026\/04\/website-format-2026-04-29T164447.250.png\",\"width\":2880,\"height\":1620,\"caption\":\"H\u0259zr\u0259ti Abbas\u0131 tapmaq laz\u0131md\u0131r\"},{\"@type\":\"BreadcrumbList\",\"@id\":\"https:\/\/jam-news.net\/az\/h%c9%99zr%c9%99ti-abbasi-tapmaq-lazimdir\/#breadcrumb\",\"itemListElement\":[{\"@type\":\"ListItem\",\"position\":1,\"name\":\"Home\",\"item\":\"https:\/\/jam-news.net\/az\/\"},{\"@type\":\"ListItem\",\"position\":2,\"name\":\"Sovet Az\u0259rbaycan\u0131nda din: &#8220;H\u0259zr\u0259ti Abbas\u0131 tapmaq laz\u0131md\u0131r&#8221; &#8211; tarix\u00e7inin d\u00f6rd\u00fcnc\u00fc yaz\u0131s\u0131\"}]},{\"@type\":\"WebSite\",\"@id\":\"https:\/\/jam-news.net\/az\/#website\",\"url\":\"https:\/\/jam-news.net\/az\/\",\"name\":\"Azerbaijani Jamnews\",\"description\":\"Caucasus News, Politics and Society\",\"publisher\":{\"@id\":\"https:\/\/jam-news.net\/az\/#organization\"},\"potentialAction\":[{\"@type\":\"SearchAction\",\"target\":{\"@type\":\"EntryPoint\",\"urlTemplate\":\"https:\/\/jam-news.net\/az\/?s={search_term_string}\"},\"query-input\":{\"@type\":\"PropertyValueSpecification\",\"valueRequired\":true,\"valueName\":\"search_term_string\"}}],\"inLanguage\":\"az\"},{\"@type\":\"Organization\",\"@id\":\"https:\/\/jam-news.net\/az\/#organization\",\"name\":\"JAMnews\",\"url\":\"https:\/\/jam-news.net\/az\/\",\"logo\":{\"@type\":\"ImageObject\",\"inLanguage\":\"az\",\"@id\":\"https:\/\/jam-news.net\/az\/#\/schema\/logo\/image\/\",\"url\":\"https:\/\/jam-news.net\/app\/uploads\/2020\/05\/JAM_w.jpg\",\"contentUrl\":\"https:\/\/jam-news.net\/app\/uploads\/2020\/05\/JAM_w.jpg\",\"width\":960,\"height\":960,\"caption\":\"JAMnews\"},\"image\":{\"@id\":\"https:\/\/jam-news.net\/az\/#\/schema\/logo\/image\/\"},\"sameAs\":[\"https:\/\/www.facebook.com\/JAMnewsInEnglish\/\",\"https:\/\/x.com\/JAMnewsCaucasus\",\"https:\/\/www.instagram.com\/jam_news\/\",\"https:\/\/www.youtube.com\/channel\/UCXQbUCme2pykuZYXWHx4VPg\"]},{\"@type\":\"Person\",\"@id\":\"https:\/\/jam-news.net\/az\/#\/schema\/person\/eb45af4c98a871b32118a93d3d66e159\",\"name\":\"elmisham\",\"image\":{\"@type\":\"ImageObject\",\"inLanguage\":\"az\",\"@id\":\"https:\/\/jam-news.net\/az\/#\/schema\/person\/image\/\",\"url\":\"https:\/\/secure.gravatar.com\/avatar\/37fa0366c180c74da87d58de88ffdc3f?s=96&d=mm&r=g\",\"contentUrl\":\"https:\/\/secure.gravatar.com\/avatar\/37fa0366c180c74da87d58de88ffdc3f?s=96&d=mm&r=g\",\"caption\":\"elmisham\"},\"url\":\"https:\/\/jam-news.net\/az\/author\/elmisham\/\"}]}<\/script>\n<!-- \/ Yoast SEO plugin. -->","yoast_head_json":{"title":"H\u0259zr\u0259ti Abbas\u0131 tapmaq laz\u0131md\u0131r - JAMnews","description":"H\u0259zr\u0259ti Abbas\u0131 tapmaq laz\u0131md\u0131r. \u0130stintaq material\u0131nda olan \u201cH\u0259zr\u0259ti Abbas\u201d KGB s\u0259dri \u00fc\u00e7\u00fcn d\u0259rhal tap\u0131lmal\u0131 konkret \u015f\u0259xs kimi anla\u015f\u0131lm\u0131\u015fd\u0131.","robots":{"index":"index","follow":"follow","max-snippet":"max-snippet:-1","max-image-preview":"max-image-preview:large","max-video-preview":"max-video-preview:-1"},"canonical":"https:\/\/jam-news.net\/az\/h\u0259zr\u0259ti-abbasi-tapmaq-lazimdir\/","og_locale":"az_AZ","og_type":"article","og_title":"Sovet Az\u0259rbaycan\u0131nda din: \"H\u0259zr\u0259ti Abbas\u0131 tapmaq laz\u0131md\u0131r\" - tarix\u00e7inin d\u00f6rd\u00fcnc\u00fc yaz\u0131s\u0131","og_description":"H\u0259zr\u0259ti Abbas\u0131 tapmaq laz\u0131md\u0131r. \u0130stintaq material\u0131nda olan \u201cH\u0259zr\u0259ti Abbas\u201d KGB s\u0259dri \u00fc\u00e7\u00fcn d\u0259rhal tap\u0131lmal\u0131 konkret \u015f\u0259xs kimi anla\u015f\u0131lm\u0131\u015fd\u0131.","og_url":"https:\/\/jam-news.net\/az\/h\u0259zr\u0259ti-abbasi-tapmaq-lazimdir\/","og_site_name":"Azerbaijani Jamnews","article_publisher":"https:\/\/www.facebook.com\/JAMnewsInEnglish\/","article_published_time":"2026-04-29T14:49:56+00:00","article_modified_time":"2026-04-29T15:57:17+00:00","og_image":[{"width":2880,"height":1620,"url":"https:\/\/jam-news.net\/app\/uploads\/2026\/04\/website-format-2026-04-29T164447.250.png","type":"image\/png"}],"author":"elmisham","twitter_card":"summary_large_image","twitter_title":"Sovet Az\u0259rbaycan\u0131nda din: \"H\u0259zr\u0259ti Abbas\u0131 tapmaq laz\u0131md\u0131r\" - tarix\u00e7inin d\u00f6rd\u00fcnc\u00fc yaz\u0131s\u0131","twitter_creator":"@JAMnewsCaucasus","twitter_site":"@JAMnewsCaucasus","twitter_misc":{"Written by":"elmisham","Est. reading time":"8 minutes"},"schema":{"@context":"https:\/\/schema.org","@graph":[{"@type":"Article","@id":"https:\/\/jam-news.net\/az\/h%c9%99zr%c9%99ti-abbasi-tapmaq-lazimdir\/#article","isPartOf":{"@id":"https:\/\/jam-news.net\/az\/h%c9%99zr%c9%99ti-abbasi-tapmaq-lazimdir\/"},"author":{"name":"elmisham","@id":"https:\/\/jam-news.net\/az\/#\/schema\/person\/eb45af4c98a871b32118a93d3d66e159"},"headline":"Sovet Az\u0259rbaycan\u0131nda din: &#8220;H\u0259zr\u0259ti Abbas\u0131 tapmaq laz\u0131md\u0131r&#8221; &#8211; tarix\u00e7inin d\u00f6rd\u00fcnc\u00fc yaz\u0131s\u0131","datePublished":"2026-04-29T14:49:56+00:00","dateModified":"2026-04-29T15:57:17+00:00","mainEntityOfPage":{"@id":"https:\/\/jam-news.net\/az\/h%c9%99zr%c9%99ti-abbasi-tapmaq-lazimdir\/"},"wordCount":2734,"publisher":{"@id":"https:\/\/jam-news.net\/az\/#organization"},"image":{"@id":"https:\/\/jam-news.net\/az\/h%c9%99zr%c9%99ti-abbasi-tapmaq-lazimdir\/#primaryimage"},"thumbnailUrl":"https:\/\/jam-news.net\/app\/uploads\/2026\/04\/website-format-2026-04-29T164447.250.png","articleSection":["Azerbaijan","Politics"],"inLanguage":"az"},{"@type":"WebPage","@id":"https:\/\/jam-news.net\/az\/h%c9%99zr%c9%99ti-abbasi-tapmaq-lazimdir\/","url":"https:\/\/jam-news.net\/az\/h%c9%99zr%c9%99ti-abbasi-tapmaq-lazimdir\/","name":"H\u0259zr\u0259ti Abbas\u0131 tapmaq laz\u0131md\u0131r - JAMnews","isPartOf":{"@id":"https:\/\/jam-news.net\/az\/#website"},"primaryImageOfPage":{"@id":"https:\/\/jam-news.net\/az\/h%c9%99zr%c9%99ti-abbasi-tapmaq-lazimdir\/#primaryimage"},"image":{"@id":"https:\/\/jam-news.net\/az\/h%c9%99zr%c9%99ti-abbasi-tapmaq-lazimdir\/#primaryimage"},"thumbnailUrl":"https:\/\/jam-news.net\/app\/uploads\/2026\/04\/website-format-2026-04-29T164447.250.png","datePublished":"2026-04-29T14:49:56+00:00","dateModified":"2026-04-29T15:57:17+00:00","description":"H\u0259zr\u0259ti Abbas\u0131 tapmaq laz\u0131md\u0131r. \u0130stintaq material\u0131nda olan \u201cH\u0259zr\u0259ti Abbas\u201d KGB s\u0259dri \u00fc\u00e7\u00fcn d\u0259rhal tap\u0131lmal\u0131 konkret \u015f\u0259xs kimi anla\u015f\u0131lm\u0131\u015fd\u0131.","breadcrumb":{"@id":"https:\/\/jam-news.net\/az\/h%c9%99zr%c9%99ti-abbasi-tapmaq-lazimdir\/#breadcrumb"},"inLanguage":"az","potentialAction":[{"@type":"ReadAction","target":["https:\/\/jam-news.net\/az\/h%c9%99zr%c9%99ti-abbasi-tapmaq-lazimdir\/"]}]},{"@type":"ImageObject","inLanguage":"az","@id":"https:\/\/jam-news.net\/az\/h%c9%99zr%c9%99ti-abbasi-tapmaq-lazimdir\/#primaryimage","url":"https:\/\/jam-news.net\/app\/uploads\/2026\/04\/website-format-2026-04-29T164447.250.png","contentUrl":"https:\/\/jam-news.net\/app\/uploads\/2026\/04\/website-format-2026-04-29T164447.250.png","width":2880,"height":1620,"caption":"H\u0259zr\u0259ti Abbas\u0131 tapmaq laz\u0131md\u0131r"},{"@type":"BreadcrumbList","@id":"https:\/\/jam-news.net\/az\/h%c9%99zr%c9%99ti-abbasi-tapmaq-lazimdir\/#breadcrumb","itemListElement":[{"@type":"ListItem","position":1,"name":"Home","item":"https:\/\/jam-news.net\/az\/"},{"@type":"ListItem","position":2,"name":"Sovet Az\u0259rbaycan\u0131nda din: &#8220;H\u0259zr\u0259ti Abbas\u0131 tapmaq laz\u0131md\u0131r&#8221; &#8211; tarix\u00e7inin d\u00f6rd\u00fcnc\u00fc yaz\u0131s\u0131"}]},{"@type":"WebSite","@id":"https:\/\/jam-news.net\/az\/#website","url":"https:\/\/jam-news.net\/az\/","name":"Azerbaijani Jamnews","description":"Caucasus News, Politics and Society","publisher":{"@id":"https:\/\/jam-news.net\/az\/#organization"},"potentialAction":[{"@type":"SearchAction","target":{"@type":"EntryPoint","urlTemplate":"https:\/\/jam-news.net\/az\/?s={search_term_string}"},"query-input":{"@type":"PropertyValueSpecification","valueRequired":true,"valueName":"search_term_string"}}],"inLanguage":"az"},{"@type":"Organization","@id":"https:\/\/jam-news.net\/az\/#organization","name":"JAMnews","url":"https:\/\/jam-news.net\/az\/","logo":{"@type":"ImageObject","inLanguage":"az","@id":"https:\/\/jam-news.net\/az\/#\/schema\/logo\/image\/","url":"https:\/\/jam-news.net\/app\/uploads\/2020\/05\/JAM_w.jpg","contentUrl":"https:\/\/jam-news.net\/app\/uploads\/2020\/05\/JAM_w.jpg","width":960,"height":960,"caption":"JAMnews"},"image":{"@id":"https:\/\/jam-news.net\/az\/#\/schema\/logo\/image\/"},"sameAs":["https:\/\/www.facebook.com\/JAMnewsInEnglish\/","https:\/\/x.com\/JAMnewsCaucasus","https:\/\/www.instagram.com\/jam_news\/","https:\/\/www.youtube.com\/channel\/UCXQbUCme2pykuZYXWHx4VPg"]},{"@type":"Person","@id":"https:\/\/jam-news.net\/az\/#\/schema\/person\/eb45af4c98a871b32118a93d3d66e159","name":"elmisham","image":{"@type":"ImageObject","inLanguage":"az","@id":"https:\/\/jam-news.net\/az\/#\/schema\/person\/image\/","url":"https:\/\/secure.gravatar.com\/avatar\/37fa0366c180c74da87d58de88ffdc3f?s=96&d=mm&r=g","contentUrl":"https:\/\/secure.gravatar.com\/avatar\/37fa0366c180c74da87d58de88ffdc3f?s=96&d=mm&r=g","caption":"elmisham"},"url":"https:\/\/jam-news.net\/az\/author\/elmisham\/"}]}},"_links":{"self":[{"href":"https:\/\/jam-news.net\/az\/wp-json\/wp\/v2\/posts\/104992","targetHints":{"allow":["GET"]}}],"collection":[{"href":"https:\/\/jam-news.net\/az\/wp-json\/wp\/v2\/posts"}],"about":[{"href":"https:\/\/jam-news.net\/az\/wp-json\/wp\/v2\/types\/post"}],"author":[{"embeddable":true,"href":"https:\/\/jam-news.net\/az\/wp-json\/wp\/v2\/users\/60"}],"replies":[{"embeddable":true,"href":"https:\/\/jam-news.net\/az\/wp-json\/wp\/v2\/comments?post=104992"}],"version-history":[{"count":3,"href":"https:\/\/jam-news.net\/az\/wp-json\/wp\/v2\/posts\/104992\/revisions"}],"predecessor-version":[{"id":105000,"href":"https:\/\/jam-news.net\/az\/wp-json\/wp\/v2\/posts\/104992\/revisions\/105000"}],"wp:featuredmedia":[{"embeddable":true,"href":"https:\/\/jam-news.net\/az\/wp-json\/wp\/v2\/media\/104994"}],"wp:attachment":[{"href":"https:\/\/jam-news.net\/az\/wp-json\/wp\/v2\/media?parent=104992"}],"wp:term":[{"taxonomy":"category","embeddable":true,"href":"https:\/\/jam-news.net\/az\/wp-json\/wp\/v2\/categories?post=104992"},{"taxonomy":"post_tag","embeddable":true,"href":"https:\/\/jam-news.net\/az\/wp-json\/wp\/v2\/tags?post=104992"},{"taxonomy":"formation","embeddable":true,"href":"https:\/\/jam-news.net\/az\/wp-json\/wp\/v2\/formation?post=104992"},{"taxonomy":"post-author","embeddable":true,"href":"https:\/\/jam-news.net\/az\/wp-json\/wp\/v2\/post-author?post=104992"},{"taxonomy":"topic","embeddable":true,"href":"https:\/\/jam-news.net\/az\/wp-json\/wp\/v2\/topic?post=104992"},{"taxonomy":"tooltip","embeddable":true,"href":"https:\/\/jam-news.net\/az\/wp-json\/wp\/v2\/tooltip?post=104992"},{"taxonomy":"city","embeddable":true,"href":"https:\/\/jam-news.net\/az\/wp-json\/wp\/v2\/city?post=104992"}],"curies":[{"name":"wp","href":"https:\/\/api.w.org\/{rel}","templated":true}]}}