{"id":104961,"date":"2026-04-28T13:33:41","date_gmt":"2026-04-28T09:33:41","guid":{"rendered":"https:\/\/jam-news.net\/az\/?p=104961"},"modified":"2026-04-28T13:33:43","modified_gmt":"2026-04-28T09:33:43","slug":"kecmis-polis-%c9%99m%c9%99kdasi-il%c9%99-qalmaqalli-musahib%c9%99-gurcustanda-sistem-nec%c9%99-isl%c9%99yir","status":"publish","type":"post","link":"https:\/\/jam-news.net\/az\/kecmis-polis-%c9%99m%c9%99kdasi-il%c9%99-qalmaqalli-musahib%c9%99-gurcustanda-sistem-nec%c9%99-isl%c9%99yir\/","title":{"rendered":"Ke\u00e7mi\u015f polis \u0259m\u0259kda\u015f\u0131 il\u0259 qalmaqall\u0131 m\u00fcsahib\u0259: G\u00fcrc\u00fcstanda sistem nec\u0259 i\u015fl\u0259yir"},"content":{"rendered":"\n<p style=\"font-size:8px\"><strong><em>G\u00fcrc\u00fcstanda ke\u00e7mi\u015f polisl\u0259 m\u00fcsahib\u0259<\/em><\/strong><\/p>\n\n\n\n<p>YouTube-da MISMINE kanal\u0131n\u0131n &#8220;Aksentl\u0259r&#8221; <a href=\"http:\/\/savefrom.net\/?url=https%3A%2F%2Fwww.youtube.com%2Fwatch%3Fv%3D9EbdxwyFS7M%26t%3D5065s&amp;utm_source=userjs-safari&amp;utm_medium=extensions&amp;utm_campaign=link_modifier\" target=\"_blank\" rel=\"noreferrer noopener\">proqram\u0131nda<\/a> ke\u00e7mi\u015f y\u00fcks\u0259k v\u0259zif\u0259li polis \u0259m\u0259kda\u015f\u0131, ehtiyatda olan polkovnik-leytenant Giorgi \u0130rema\u015fvili G\u00fcrc\u00fcstanda h\u00fcquq-m\u00fchafiz\u0259 sisteminin f\u0259aliyy\u0259ti il\u0259 ba\u011fl\u0131 ciddi ittihamlar ir\u0259li s\u00fcr\u00fcb.<\/p>\n\n\n\n<p>O, telefon dan\u0131\u015f\u0131qlar\u0131n\u0131n gizli dinl\u0259nilm\u0259si, siyasi v\u0259 ictimai xadiml\u0259r \u00fcz\u0259rind\u0259 n\u0259zar\u0259t, kompromatlar\u0131n toplanmas\u0131, polis il\u0259 kriminal dair\u0259l\u0259r aras\u0131ndak\u0131 \u0259laq\u0259l\u0259r, el\u0259c\u0259 d\u0259, onun s\u00f6zl\u0259rin\u0259 g\u00f6r\u0259, d\u00f6vl\u0259tin qar\u015f\u0131s\u0131n\u0131 ala bil\u0259c\u0259yi, lakin almad\u0131\u011f\u0131 cinay\u0259t hallar\u0131 bar\u0259d\u0259 dan\u0131\u015f\u0131b.<\/p>\n\n\n\n<p>\u0130rema\u015fvilinin s\u00f6zl\u0259rin\u0259 g\u00f6r\u0259, G\u00fcrc\u00fcstanda telefon dan\u0131\u015f\u0131qlar\u0131n\u0131n gizli dinl\u0259nilm\u0259si t\u0259kc\u0259 ayr\u0131-ayr\u0131 qanunsuz praktika deyil. Onun fikrinc\u0259, bu, h\u00fcquq-m\u00fchafiz\u0259 sisteminin \u0259sas al\u0259tl\u0259rind\u0259n biridir \u2014 m\u0259lumat toplama, t\u0259sir g\u00f6st\u0259rm\u0259, c\u0259lbetm\u0259 v\u0259 siyasi n\u0259zar\u0259t mexanizmidir. Ke\u00e7mi\u015f polis \u0259m\u0259kda\u015f\u0131 bildirir ki, bu sistem m\u00fcxt\u0259lif hakimiyy\u0259tl\u0259r d\u00f6vr\u00fcnd\u0259 f\u0259rqli formalarda m\u00f6vcud olub, lakin &#8220;G\u00fcrc\u00fc Arzusu&#8221;nun hakimiyy\u0259ti d\u00f6vr\u00fcnd\u0259n sonra, onun fikrinc\u0259, daha geni\u015f v\u0259 daha az n\u0259zar\u0259t olunan forma al\u0131b.<\/p>\n\n\n\n<hr class=\"wp-block-separator has-alpha-channel-opacity is-style-wide\"\/>\n\n\n\n<p>Giorgi \u0130rema\u015fvili kimdir<\/p>\n\n\n\n<p>Giorgi \u0130rema\u015fvili 2002-ci ild\u0259n G\u00fcrc\u00fcstan\u0131n Daxili \u0130\u015fl\u0259r Nazirliyind\u0259 \u00e7al\u0131\u015f\u0131b v\u0259 s\u0131ravi \u0259m\u0259kda\u015f\u0131 v\u0259zif\u0259sind\u0259n departament direktorunun m\u00fcavini v\u0259zif\u0259sin\u0259d\u0259k y\u00fcks\u0259lib. \u0130rema\u015fvili bildirir ki, o, D\u0130N-in dem\u0259k olar ki, b\u00fct\u00fcn \u0259sas b\u00f6lm\u0259l\u0259rind\u0259 i\u015fl\u0259yib: operativ xidm\u0259t, k\u0259\u015ffiyyat, narkotikl\u0259rl\u0259 m\u00fcbariz\u0259 v\u0259 m\u00fct\u0259\u015f\u0259kkil cinay\u0259tkarl\u0131qla m\u00fcbariz\u0259 \u015f\u00f6b\u0259l\u0259ri, kriminal polis, h\u0259m\u00e7inin ba\u015f inspektorluq v\u0259 f\u00f6vq\u0259lad\u0259 hallar \u00fczr\u0259 idar\u0259etm\u0259 strukturlar\u0131nda.<\/p>\n\n\n\n<figure class=\"wp-block-image alignleft size-full is-resized\"><img loading=\"lazy\" decoding=\"async\" width=\"852\" height=\"782\" src=\"https:\/\/jam-news.net\/app\/uploads\/2026\/04\/iremashvili.png\" alt=\"Giorgi \u0130rema\u015fvili\nG\u00fcrc\u00fcstanda ke\u00e7mi\u015f polisl\u0259 m\u00fcsahib\u0259\" class=\"wp-image-104940\" style=\"width:327px;height:auto\" srcset=\"https:\/\/jam-news.net\/app\/uploads\/2026\/04\/iremashvili.png 852w, https:\/\/jam-news.net\/app\/uploads\/2026\/04\/iremashvili-300x275.png 300w, https:\/\/jam-news.net\/app\/uploads\/2026\/04\/iremashvili-768x705.png 768w\" sizes=\"auto, (max-width: 852px) 100vw, 852px\" \/><figcaption class=\"wp-element-caption\">Giorgi \u0130rema\u015fvili<\/figcaption><\/figure>\n\n\n\n<p>\u0130rema\u015fvili sistemin daxilini yax\u015f\u0131 bildiyini deyir. O, telefon dan\u0131\u015f\u0131qlar\u0131n\u0131n dinl\u0259nilm\u0259si mexanizminin nec\u0259 i\u015fl\u0259diyini, prokurorlu\u011fun rolunu, m\u0259lumat\u0131n r\u0259hb\u0259rliy\u0259 nec\u0259 \u00f6t\u00fcr\u00fcld\u00fcy\u00fcn\u00fc v\u0259 \u015f\u0259xsi h\u0259yat detall\u0259rinin t\u0259sir vasit\u0259si kimi nec\u0259 istifad\u0259 oluna bildiyini m\u0259hz bu t\u0259cr\u00fcb\u0259y\u0259 \u0259saslanaraq izah edir.<\/p>\n\n\n\n<p>\u0130rema\u015fvili 2021-ci ilin 5 iyul tarixind\u0259 ultra-sa\u011f q\u00fcvv\u0259l\u0259r t\u0259r\u0259find\u0259n LGBT f\u0259allar\u0131na qar\u015f\u0131 &#8220;Q\u00fcrur y\u00fcr\u00fc\u015f\u00fc&#8221;n\u00fcn zorak\u0131l\u0131qla da\u011f\u0131d\u0131lmas\u0131ndan sonra sistemi t\u0259rk edib. Onun s\u00f6zl\u0259rin\u0259 g\u00f6r\u0259, son n\u00f6qt\u0259 t\u0259kc\u0259 jurnalistl\u0259r\u0259 qar\u015f\u0131 zorak\u0131l\u0131q deyil, h\u0259m d\u0259 polis \u0259m\u0259kda\u015flar\u0131n\u0131 kameralar qar\u015f\u0131s\u0131nda t\u0259hqir ed\u0259n \u015f\u0259xsl\u0259rin h\u0259bs olunmamas\u0131 il\u0259 ba\u011fl\u0131 polis orqanlar\u0131n\u0131n acizliyi v\u0259 ya ist\u0259ksizliyi olub.<\/p>\n\n\n\n<p>Haz\u0131rda \u0130rema\u015fvili Avropa \u00f6lk\u0259l\u0259rind\u0259n birind\u0259dir. M\u00fcsahib\u0259 uzaqdan qeyd\u0259 al\u0131n\u0131b.<\/p>\n\n\n\n<hr class=\"wp-block-separator has-alpha-channel-opacity is-style-wide\"\/>\n\n\n\n<h2 class=\"wp-block-heading\">\u0130rema\u015fvili \u201cQ\u00fcrur y\u00fcr\u00fc\u015f\u00fc\u201dn\u00fcn da\u011f\u0131d\u0131lmas\u0131 bar\u0259d\u0259<\/h2>\n\n\n\n<p>\u0130rema\u015fvilinin s\u00f6zl\u0259rin\u0259 g\u00f6r\u0259, h\u00fcquq-m\u00fchafiz\u0259 orqanlar\u0131n\u0131n \u0259m\u0259kda\u015flar\u0131 \u00fc\u00e7\u00fcn 5 iyul 2021-ci ild\u0259 ba\u015f ver\u0259n zorak\u0131l\u0131\u011f\u0131n spontan ba\u015flamad\u0131\u011f\u0131 ayd\u0131n idi. O iddia edir ki, bu miqyasda t\u0259qib v\u0259 konkret \u00fcnvanlar \u00fczr\u0259 h\u0259r\u0259k\u0259t \u0259vv\u0259lc\u0259d\u0259n t\u0259\u015fkil olunmadan m\u00fcmk\u00fcn deyildi.<\/p>\n\n\n\n<p><em>\u201cO g\u00fcn ba\u015f ver\u0259nl\u0259r h\u0259r bir polis \u0259m\u0259kda\u015f\u0131 \u00fc\u00e7\u00fcn ayd\u0131n idi. H\u0259r k\u0259s n\u0259 ba\u015f verdiyini v\u0259 bunu kimin t\u0259\u015fkil etdiyini anlay\u0131rd\u0131. Bel\u0259 kateqoriyadan v\u0259 bel\u0259 d\u00fc\u015f\u00fcnc\u0259 t\u0259rzin\u0259 malik insanlar t\u0259sad\u00fcf\u0259n oraya topla\u015f\u0131b konkret \u00fcnvanlar \u00fczr\u0259 t\u0259qib\u0259 ba\u015flamazd\u0131.\u201d<\/em><\/p>\n\n\n<article class=\"single-card uk-flex uk-flex-between m-b-sm-40\">\n\n  <div class=\"uk-grid wi-full-width\">\n\n    <div class=\"uk-width-2-3 p-t-sm-10\">\n      <a href=\"https:\/\/jam-news.net\/az\/c%c9%99zasizliq-zorakiliq-v%c9%99-b%c9%99rab%c9%99rsizlik-gurcustan-uzr%c9%99-ombudsmanin-yeni-hesabati-n%c9%99yi-gost%c9%99rir\/\" target=\"_blank\">\n\n\n\n\n\n        <h2 class=\"m-b-sm-23 wi-merriweather-light\">\n\tC\u0259zas\u0131zl\u0131q, zorak\u0131l\u0131q v\u0259 b\u0259rab\u0259rsizlik &#8211; G\u00fcrc\u00fcstan \u00fczr\u0259 ombudsman\u0131n yeni hesabat\u0131 n\u0259yi g\u00f6st\u0259rir\n<\/h2>\n\n        <p class=\"paragraph-color-2 m-b-sm-10 m-b-xs-7\">\n  Hesabatda insan h\u00fcquqlar\u0131n\u0131n v\u0259ziyy\u0259ti qiym\u0259tl\u0259ndirilir v\u0259 h\u0259m ir\u0259lil\u0259yi\u015f \u0259lam\u0259tl\u0259ri, h\u0259m d\u0259 sistemli probleml\u0259r qeyd olunur\n<\/p>\n      <\/a>\n    <\/div>\n    <div class=\"uk-width-1-3\">\n      <figure class=\"wi-full-height choose-post__img wi-merriweather-light\">\n  <a class=\"\" href=\"https:\/\/jam-news.net\/az\/c%c9%99zasizliq-zorakiliq-v%c9%99-b%c9%99rab%c9%99rsizlik-gurcustan-uzr%c9%99-ombudsmanin-yeni-hesabati-n%c9%99yi-gost%c9%99rir\/\">\n    <img decoding=\"async\" class=\"wi-full-height wi-ratio-img\" src=\"https:\/\/jam-news.net\/app\/uploads\/2026\/04\/Screenshot-2026-04-01-at-18.16.36.png\" alt=\"\" uk-img \/>\n  <\/a>\n<\/figure>\n    <\/div>\n  <\/div>\n<\/article>\n\n\n\n<p>\u0130rema\u015fvili bildirir ki, h\u0259min g\u00fcn onun \u00fc\u00e7\u00fcn polisin art\u0131q zorak\u0131l\u0131\u011fa reaksiya verm\u0259k \u00fc\u00e7\u00fcn h\u00fcquqi \u0259saslara malik institut kimi f\u0259aliyy\u0259t g\u00f6st\u0259rm\u0259diyinin g\u00f6st\u0259ricisin\u0259 \u00e7evrildi.<\/p>\n\n\n\n<p>Proqramda o, \u00f6z s\u00f6zl\u0259rin\u0259 g\u00f6r\u0259, \u015f\u0259h\u0259rin patrul polisinin r\u0259isinin arxadan vuruldu\u011fu, lakin polis \u0259m\u0259kda\u015flar\u0131n\u0131n buna he\u00e7 bir reaksiya verm\u0259diyi s\u0259hn\u0259ni xat\u0131rlay\u0131r:<\/p>\n\n\n\n<blockquote class=\"wp-block-quote is-layout-flow wp-block-quote-is-layout-flow\">\n<p>\u201cBu kadrlar\u0131 izl\u0259dikd\u0259n sonra anlad\u0131m ki, polisin sonu \u00e7at\u0131b&#8221;.<\/p>\n<\/blockquote>\n\n\n\n<h3 class=\"wp-block-heading\">\u0130rema\u015fvili operativ-texniki agentlik bar\u0259d\u0259<\/h3>\n\n\n\n<p>Proqram\u0131n \u0259h\u0259miyy\u0259tli hiss\u0259si s\u00f6zd\u0259 operativ-texniki agentliyin f\u0259aliyy\u0259tin\u0259, y\u0259ni telefon dan\u0131\u015f\u0131qlar\u0131n\u0131n gizli dinl\u0259nilm\u0259si sistemin\u0259 h\u0259sr olunub.<\/p>\n\n\n\n<p>\u0130rema\u015fvilinin s\u00f6zl\u0259rin\u0259 g\u00f6r\u0259, Eduard \u015eevardnadze d\u00f6vr\u00fcnd\u0259 nazirliyin resurslar\u0131 m\u0259hdud idi v\u0259 dinl\u0259m\u0259 m\u0259hdud texniki imkanlarla apar\u0131l\u0131rd\u0131. \u018fsas\u0259n ev telefonlar\u0131 dinl\u0259nilirdi, b\u0259zi hallarda is\u0259 telefon x\u0259tl\u0259rin\u0259 fiziki qo\u015fulma h\u0259yata ke\u00e7irilirdi.<\/p>\n\n\n\n<p>Onun s\u00f6zl\u0259rin\u0259 g\u00f6r\u0259, daha t\u0259kmil sistem &#8220;Q\u0131z\u0131lg\u00fcl inqilab\u0131&#8221;ndan sonra yarad\u0131l\u0131b. Bu d\u00f6vrd\u0259, \u0130rema\u015fvilinin iddias\u0131na g\u00f6r\u0259, dinl\u0259m\u0259 formal olaraq m\u0259hk\u0259m\u0259 icaz\u0259si il\u0259 apar\u0131l\u0131rd\u0131. Prosedur bel\u0259 idi: polis prokurorlu\u011fa m\u00fcraci\u0259t edir, prokurorluq m\u0259hk\u0259m\u0259y\u0259 v\u0259sat\u0259t g\u00f6nd\u0259rir, hakim is\u0259 \u00fc\u00e7 ay q\u00fcvv\u0259d\u0259 olan dinl\u0259m\u0259 q\u0259rar\u0131 \u00e7\u0131xar\u0131rd\u0131.<\/p>\n\n\n\n<p>\u0130rema\u015fvili vur\u011fulay\u0131r ki, art\u0131q o zaman bu sistem faktiki olaraq problemli idi, \u00e7\u00fcnki onun s\u00f6zl\u0259rin\u0259 g\u00f6r\u0259, prokurorluq v\u0259 m\u0259hk\u0259m\u0259 eyni vertikalda f\u0259aliyy\u0259t g\u00f6st\u0259rir v\u0259 dem\u0259k olar ki, h\u0259mi\u015f\u0259 polisin sor\u011fular\u0131n\u0131 t\u0259min edirdi. Lakin formal h\u00fcquqi \u0259sas m\u00f6vcud idi.<\/p>\n\n\n\n<p><em>&#8220;Bu, \u0259lb\u0259tt\u0259, norma deyildi v\u0259 d\u00fczg\u00fcn deyildi. Bu, \u0259sasland\u0131r\u0131lm\u0131\u015f deyildi, lakin h\u00fcquqi baza m\u00f6vcud idi&#8221;.<\/em><\/p>\n\n\n\n<p>&#8220;G\u00fcrc\u00fc Arzusu&#8221; hakimiyy\u0259t\u0259 g\u0259lm\u0259zd\u0259n \u0259vv\u0259l se\u00e7icil\u0259r\u0259 telefon dinl\u0259m\u0259l\u0259rinin l\u0259\u011fv edil\u0259c\u0259yini v\u0259d ets\u0259 d\u0259, \u0130rema\u015fvilinin s\u00f6zl\u0259rin\u0259 g\u00f6r\u0259, \u0259ksin\u0259 ba\u015f verib:<\/p>\n\n\n\n<p><em><strong>&#8220;\u2018G\u00fcrc\u00fc Arzusu\u2019nun hakimiyy\u0259t\u0259 g\u0259li\u015find\u0259n sonra formal olaraq qanuni, lakin \u0259slind\u0259 sa\u011flam olmayan sistem daha t\u0259hl\u00fck\u0259li, qeyri-formal v\u0259 n\u0259zar\u0259tsiz mexanizm\u0259 \u00e7evrildi&#8221;.<\/strong><\/em><\/p>\n\n\n\n<hr class=\"wp-block-separator has-alpha-channel-opacity is-style-wide\"\/>\n\n\n\n<h2 class=\"wp-block-heading\">2012-ci ild\u0259n sonra n\u0259 d\u0259yi\u015fdi<\/h2>\n\n\n\n<p>\u0130rema\u015fvilinin m\u00fcsahib\u0259sinin \u0259sas hiss\u0259si 2012-ci ild\u0259 hakimiyy\u0259t d\u0259yi\u015fikliyind\u0259n sonra ba\u015f ver\u0259n hadis\u0259l\u0259r\u0259 h\u0259sr olunub.<\/p>\n\n\n\n<p>O xat\u0131rlad\u0131r ki, &#8220;G\u00fcrc\u00fc Arzusu&#8221; hakimiyy\u0259t\u0259 telefon dan\u0131\u015f\u0131qlar\u0131n\u0131n gizli izl\u0259nm\u0259si v\u0259 qanunsuz dinl\u0259nm\u0259si praktikas\u0131na son qoymaq v\u0259di il\u0259 g\u0259lib. K\u00f6hn\u0259 yaz\u0131lar\u0131n m\u0259hv edilm\u0259si prosesi d\u0259 ictimai \u015f\u0259kild\u0259 <a href=\"https:\/\/tabula.ge\/ge\/news\/555545-5-sektembers-modulis-shenobashi-piradi\" target=\"_blank\" rel=\"noreferrer noopener\">h\u0259yata ke\u00e7irilirdi.<\/a><\/p>\n\n\n\n<p>\u0130rema\u015fvili is\u0259 bildirir ki, \u0259slind\u0259 dinl\u0259m\u0259 sistemi l\u0259\u011fv olunmay\u0131b. Onun s\u00f6zl\u0259rin\u0259 g\u00f6r\u0259, sistem transformasiya olunub v\u0259 b\u00f6l\u00fcn\u00fcb: bir hiss\u0259si formal olaraq qanuni qal\u0131b, dig\u0259r hiss\u0259si is\u0259 qeyri-formal olub v\u0259 burada art\u0131q n\u00f6mr\u0259nin dinl\u0259nilm\u0259si \u00fc\u00e7\u00fcn m\u0259hk\u0259m\u0259 icaz\u0259si t\u0259l\u0259b olunmurdu.<\/p>\n\n\n\n<p><em>\u201cOnlar \u0259slind\u0259 n\u0259 etdil\u0259r? Faktiki olaraq operativ-texniki agentliyin alternativ versiyas\u0131n\u0131 yaratd\u0131lar\u201d.<\/em><\/p>\n\n\n\n<p>\u0130rema\u015fvilinin s\u00f6zl\u0259rin\u0259 g\u00f6r\u0259, bir t\u0259r\u0259fd\u0259n n\u00f6mr\u0259nin dinl\u0259nilm\u0259sinin m\u0259hk\u0259m\u0259 q\u0259rar\u0131 il\u0259 aktivl\u0259\u015fdirildiyi k\u00f6hn\u0259 sistem m\u00f6vcud idi. Dig\u0259r t\u0259r\u0259fd\u0259n is\u0259 r\u0259hb\u0259rlikl\u0259 raz\u0131la\u015fman\u0131n kifay\u0259t etdiyi yeni praktika formala\u015fd\u0131.<\/p>\n\n\n\n<p><em>\u201cHe\u00e7 bir \u0259mr t\u0259l\u0259b olunmurdu. Siz sad\u0259c\u0259 r\u0259hb\u0259rinizin raz\u0131l\u0131\u011f\u0131 il\u0259 n\u00f6mr\u0259ni aktivl\u0259\u015fdirirdiniz\u201d.<\/em><\/p>\n\n\n\n<p>\u0130rema\u015fvilinin s\u00f6zl\u0259rin\u0259 g\u00f6r\u0259, ilkin m\u0259rh\u0259l\u0259d\u0259 bu praktika &#8220;m\u00fcv\u0259qq\u0259ti&#8221; t\u0259dbir kimi t\u0259qdim olunurdu. &#8220;G\u00fcrc\u00fc Arzusu&#8221; hakimiyy\u0259t\u0259 g\u0259ldikd\u0259n sonra amnistiya elan edilmi\u015fdi v\u0259 n\u0259tic\u0259d\u0259 \u00e7oxsayl\u0131 m\u0259hkumlar, o c\u00fcml\u0259d\u0259n t\u0259hl\u00fck\u0259li cinay\u0259tkarlar azadl\u0131\u011fa burax\u0131lm\u0131\u015fd\u0131. Sistem iddia edirdi ki, bu amnistiya cinay\u0259t statistikas\u0131na m\u0259nfi t\u0259sir g\u00f6st\u0259r\u0259c\u0259k, buna g\u00f6r\u0259 d\u0259 polis\u0259 telefon dan\u0131\u015f\u0131qlar\u0131n\u0131n dinl\u0259nilm\u0259si vasit\u0259sil\u0259 \u0259ld\u0259 edil\u0259n operativ m\u0259lumatlar laz\u0131m idi.<\/p>\n\n\n\n<p>Lakin \u0130rema\u015fvilinin s\u00f6zl\u0259rin\u0259 g\u00f6r\u0259, bu &#8220;m\u00fcv\u0259qq\u0259ti&#8221; mexanizm daimi praktikaya v\u0259 siyasi, sosial v\u0259 \u015f\u0259xsi n\u0259zar\u0259t al\u0259tin\u0259 \u00e7evrildi.<\/p>\n\n\n\n<p><em>&#8220;Bildiyiniz kimi, m\u00fcv\u0259qq\u0259tid\u0259n daha daimi he\u00e7 n\u0259 yoxdur. Bu praktika m\u00f6hk\u0259ml\u0259ndi&#8221;.<\/em><\/p>\n\n\n\n<hr class=\"wp-block-separator has-alpha-channel-opacity is-style-wide\"\/>\n\n\n\n<h2 class=\"wp-block-heading\">DTX v\u0259 D\u0130N n\u0259yi dinl\u0259yir?<\/h2>\n\n\n\n<p>M\u00fcsahib\u0259d\u0259 \u0130rema\u015fvili Daxili \u0130\u015fl\u0259r Nazirliyi il\u0259 D\u00f6vl\u0259t T\u0259hl\u00fck\u0259sizliyi Xidm\u0259tinin funksiyalar\u0131n\u0131 f\u0259rql\u0259ndirir. Onun s\u00f6zl\u0259rin\u0259 g\u00f6r\u0259, D\u0130N \u0259sas\u0259n cinay\u0259t i\u015fl\u0259ri il\u0259 m\u0259\u015f\u011ful olurdu, D\u00f6vl\u0259t T\u0259hl\u00fck\u0259sizliyi Xidm\u0259ti is\u0259 siyasi sor\u011fulara, ictimai xadiml\u0259rin, jurnalistl\u0259rin, din xadiml\u0259rinin, ekspertl\u0259rin, m\u0259kt\u0259b direktorlar\u0131n\u0131n, universitet rektorlar\u0131n\u0131n v\u0259 dig\u0259r t\u0259sirli qruplar\u0131n dindirilm\u0259sin\u0259 fokuslan\u0131rd\u0131.<\/p>\n\n\n\n<p>Ke\u00e7mi\u015f polis \u0259m\u0259kda\u015f\u0131n\u0131n s\u00f6zl\u0259rin\u0259 g\u00f6r\u0259, D\u0130N t\u0259r\u0259find\u0259n \u0259ld\u0259 edil\u0259n siyasi v\u0259 ya dig\u0259r m\u00fch\u00fcm m\u0259lumatlar sonradan D\u00f6vl\u0259t T\u0259hl\u00fck\u0259sizliyi Xidm\u0259tin\u0259 \u00f6t\u00fcr\u00fcl\u00fcrd\u00fc. N\u0259tic\u0259d\u0259 m\u00fcxt\u0259lif qurumlar t\u0259r\u0259find\u0259n toplanan m\u0259lumatlar vahid informasiya \u015f\u0259b\u0259k\u0259sind\u0259 c\u0259ml\u0259nirdi.<\/p>\n\n\n\n<p>\u0130rema\u015fvili prosesin texniki t\u0259r\u0259fini bel\u0259 t\u0259svir edir: operator telefon dan\u0131\u015f\u0131\u011f\u0131n\u0131 dinl\u0259yir, vacib detallar\u0131 d\u0259ft\u0259r\u0259 qeyd edir, sonra hesabat\u0131 komp\u00fcterd\u0259 \u00e7ap edir v\u0259 bu s\u0259n\u0259d r\u0259hb\u0259rliy\u0259 t\u0259qdim olunur. Daha sonra bu hesabatlar veril\u0259n g\u00f6st\u0259ri\u015fl\u0259r\u0259 uy\u011fun \u015f\u0259kild\u0259 yay\u0131l\u0131r.<\/p>\n\n\n\n<p>\u0130rema\u015fvilinin s\u00f6zl\u0259rin\u0259 g\u00f6r\u0259, bu hesabatlar\u0131n yekun m\u0259hsulu &#8220;DTX fayllar\u0131&#8221; adlanan s\u0259n\u0259dl\u0259r idi v\u0259 burada din xadiml\u0259rinin, jurnalistl\u0259rin, siyas\u0259t\u00e7il\u0259rin v\u0259 m\u00fcxt\u0259lif ictimai xadiml\u0259rin dan\u0131\u015f\u0131q m\u0259zmunu \u0259ks olunurdu.<\/p>\n\n\n<article class=\"single-card uk-flex uk-flex-between m-b-sm-40\">\n\n  <div class=\"uk-grid wi-full-width\">\n\n    <div class=\"uk-width-2-3 p-t-sm-10\">\n      <a href=\"https:\/\/jam-news.net\/az\/avropa-komissiyasinin-prezidenti-vizasiz-rejimin-dayandirilmasi-gurcustanin-butun-%c9%99halisin%c9%99-samil-oluna-bil%c9%99r\/\" target=\"_blank\">\n\n\n\n\n\n        <h2 class=\"m-b-sm-23 wi-merriweather-light\">\n\tAvropa Komissiyas\u0131n\u0131n prezidenti: &quot;Vizas\u0131z rejimin dayand\u0131r\u0131lmas\u0131 G\u00fcrc\u00fcstan\u0131n b\u00fct\u00fcn \u0259halisin\u0259 \u015famil oluna bil\u0259r&quot;\n<\/h2>\n\n        <p class=\"paragraph-color-2 m-b-sm-10 m-b-xs-7\">\n  Ursula fon der Lyayen hakim partiyaya qar\u015f\u0131 sanksiyalar\u0131n s\u0259rtl\u0259\u015fdirilm\u0259si \u00e7a\u011f\u0131r\u0131\u015f\u0131 il\u0259 ba\u011fl\u0131 G\u00fcrc\u00fcstan m\u00fcxalif\u0259tinin m\u0259ktubuna cavab verib.\n<\/p>\n      <\/a>\n    <\/div>\n    <div class=\"uk-width-1-3\">\n      <figure class=\"wi-full-height choose-post__img wi-merriweather-light\">\n  <a class=\"\" href=\"https:\/\/jam-news.net\/az\/avropa-komissiyasinin-prezidenti-vizasiz-rejimin-dayandirilmasi-gurcustanin-butun-%c9%99halisin%c9%99-samil-oluna-bil%c9%99r\/\">\n    <img decoding=\"async\" class=\"wi-full-height wi-ratio-img\" src=\"https:\/\/jam-news.net\/app\/uploads\/2026\/02\/Screenshot-2026-02-26-at-17.25.52.png\" alt=\"\" uk-img \/>\n  <\/a>\n<\/figure>\n    <\/div>\n  <\/div>\n<\/article>\n\n\n\n<h2 class=\"wp-block-heading\">Bir n\u00f6mr\u0259 bir n\u0259f\u0259rd\u0259n daha \u00e7ox dem\u0259kdir<\/h2>\n\n\n\n<p>\u0130rema\u015fvili izah edir ki, bir abun\u0259\u00e7inin dinl\u0259nilm\u0259si yaln\u0131z bir n\u0259f\u0259r \u00fcz\u0259rind\u0259 n\u0259zar\u0259t dem\u0259k deyil. \u018fg\u0259r x\u00fcsusi xidm\u0259t orqanlar\u0131 bir n\u0259f\u0259ri dinl\u0259yirs\u0259, o zaman avtomatik olaraq onun dan\u0131\u015fd\u0131\u011f\u0131 \u015f\u0259xsl\u0259r d\u0259 dinl\u0259nilir. Bel\u0259likl\u0259, b\u00fct\u00f6v bir \u015f\u0259b\u0259k\u0259 formala\u015f\u0131r.<\/p>\n\n\n\n<p><em>\u201cSiz g\u00fcn \u0259rzind\u0259 t\u0259xmin\u0259n be\u015f-alt\u0131 n\u0259f\u0259rl\u0259 \u00fcnsiyy\u0259t qurursunuz. Dem\u0259li, xidm\u0259tl\u0259r telefonunuzun dig\u0259r ucunda olanlar\u0131n ham\u0131s\u0131n\u0131 da dinl\u0259yir\u201d.<\/em><\/p>\n\n\n\n<p>Onun s\u00f6zl\u0259rin\u0259 g\u00f6r\u0259, bir operator effektiv \u015f\u0259kild\u0259 t\u0259xmin\u0259n 20 abun\u0259\u00e7ini dinl\u0259y\u0259 bil\u0259rdi, baxmayaraq ki, praktikada bu r\u0259q\u0259m \u00e7ox vaxt daha y\u00fcks\u0259k olurdu. \u0130rema\u015fvili bildirir ki, el\u0259 hallar olub ki, bir operator 100 n\u00f6mr\u0259ni dinl\u0259yib.<\/p>\n\n\n\n<p>Eyni zamanda o, dinl\u0259m\u0259nin psixoloji t\u0259r\u0259fini d\u0259 t\u0259svir edir. Ke\u00e7mi\u015f polis \u0259m\u0259kda\u015f\u0131n\u0131n s\u00f6zl\u0259rin\u0259 g\u00f6r\u0259, operator bir ne\u00e7\u0259 ay \u0259rzind\u0259 faktiki olaraq ba\u015fqa bir insan\u0131n h\u0259yat\u0131n\u0131 ya\u015fay\u0131r: o bilir ki, h\u0259min \u015f\u0259xs kiml\u0259 dan\u0131\u015f\u0131r, hara gedir, n\u0259 al\u0131r, hans\u0131 mesajlar\u0131 al\u0131r, hans\u0131 ma\u011fazalara daxil olur.<\/p>\n\n\n\n<p><em>\u201cSiz faktiki olaraq dinl\u0259diyiniz insanlar\u0131n h\u0259yat\u0131n\u0131 ya\u015fay\u0131rs\u0131n\u0131z\u201d.<\/em><\/p>\n\n\n\n<hr class=\"wp-block-separator has-alpha-channel-opacity is-style-wide\"\/>\n\n\n\n<h2 class=\"wp-block-heading\">\u015e\u0259xsi h\u0259yat bar\u0259d\u0259 m\u0259lumat kompromat kimi<\/h2>\n\n\n\n<p>M\u00fcsahib\u0259nin \u0259n \u00e7\u0259tin hiss\u0259l\u0259rind\u0259n biri \u015f\u0259xsi m\u0259lumatlar\u0131n nec\u0259 kompromat vasit\u0259sin\u0259 \u00e7evrilm\u0259si il\u0259 ba\u011fl\u0131d\u0131r. \u0130rema\u015fvilinin s\u00f6zl\u0259rin\u0259 g\u00f6r\u0259, D\u00f6vl\u0259t T\u0259hl\u00fck\u0259sizliyi Xidm\u0259tini x\u00fcsusil\u0259 \u015f\u0259xsi h\u0259yat\u0131n detallar\u0131 maraqland\u0131r\u0131rd\u0131, \u00e7\u00fcnki bunlar insanlar\u0131n c\u0259lb edilm\u0259si v\u0259 ya onlara t\u0259zyiq g\u00f6st\u0259rilm\u0259si \u00fc\u00e7\u00fcn istifad\u0259 oluna bil\u0259rdi.<\/p>\n\n\n\n<blockquote class=\"wp-block-quote is-layout-flow wp-block-quote-is-layout-flow\">\n<p><em><strong>\u201cSovet d\u00f6vr\u00fcnd\u0259n, KQB zaman\u0131ndan \u0259n sevil\u0259n m\u00f6vzu \u015f\u0259xsi h\u0259yat\u0131n detallar\u0131 olub\u201d.<\/strong><\/em><\/p>\n<\/blockquote>\n\n\n\n<p>Onun s\u00f6zl\u0259rin\u0259 g\u00f6r\u0259, \u0259g\u0259r dinl\u0259m\u0259 n\u0259tic\u0259sind\u0259 \u015f\u0259xsin intim m\u00fcnasib\u0259tl\u0259ri, korrupsiyada i\u015ftirak\u0131 v\u0259 ya ictimai n\u00fcfuzuna z\u0259r\u0259r vura bil\u0259c\u0259k dig\u0259r m\u0259lumatlar ortaya \u00e7\u0131x\u0131rd\u0131sa, operativ xidm\u0259tl\u0259r geni\u015fmiqyasl\u0131 izl\u0259m\u0259y\u0259 ba\u015flay\u0131rd\u0131: kameralar qura\u015fd\u0131r\u0131l\u0131r v\u0259 kompromat materiallar\u0131 toplan\u0131rd\u0131.<\/p>\n\n\n\n<p>\u0130rema\u015fvili izah edir ki, yana\u015fma h\u0259r zaman birba\u015fa \u015fantajdan ibar\u0259t olmurdu. Onun s\u00f6zl\u0259rin\u0259 g\u00f6r\u0259, &#8220;G\u00fcrc\u00fc Arzusu&#8221;nun hakimiyy\u0259ti d\u00f6vr\u00fcnd\u0259 daha \u00e7ox ba\u015fqa model t\u0259tbiq edilirdi: insanlara onlar\u0131n haqq\u0131nda kompromat\u0131n oldu\u011fu deyilir, lakin \u0259m\u0259kda\u015fl\u0131q etdikl\u0259ri halda bunun yay\u0131mlanmayaca\u011f\u0131 bildirilirdi. Onlar\u0131 qorxutmurdular, \u0259ksin\u0259, m\u00fc\u0259yy\u0259n m\u0259nada ir\u0259li \u00e7\u0259kirdil\u0259r: status, y\u00fcks\u0259k maa\u015f, karyera v\u0259 ya dig\u0259r imtiyazlar t\u0259klif olunurdu.<\/p>\n\n\n\n<p><em>&#8220;G\u0259lin \u0259m\u0259kda\u015fl\u0131q ed\u0259k, m\u0259n d\u0259 \u0259v\u0259zind\u0259 kompromat m\u0259lumatlar\u0131 yay\u0131mlamay\u0131m. \u018fksin\u0259, s\u0259n m\u00fch\u00fcm v\u0259zif\u0259y\u0259 g\u0259l\u0259c\u0259ks\u0259n. \u018fg\u0259r jurnalists\u0259ns\u0259 v\u0259 ya eksperts\u0259ns\u0259\u2026 s\u0259n\u0259 ciddi \u00fcst\u00fcnl\u00fckl\u0259r ver\u0259c\u0259y\u0259m v\u0259 yax\u015f\u0131 h\u0259yat\u0131n olacaq&#8221;.<\/em><\/p>\n\n\n\n<p>Bel\u0259likl\u0259, \u0130rema\u015fvili qorxuya deyil, raz\u0131la\u015fmaya \u0259saslanan n\u0259zar\u0259t modelini t\u0259svir edir. Onun s\u00f6zl\u0259rin\u0259 g\u00f6r\u0259, bu model daha effektivdir, \u00e7\u00fcnki insan \u00f6z\u00fcn\u00fc yaln\u0131z qurban deyil, h\u0259m d\u0259 sistemin fayda g\u00f6t\u00fcr\u0259ni kimi hiss edir.<\/p>\n\n\n\n<hr class=\"wp-block-separator has-alpha-channel-opacity is-style-wide\"\/>\n\n\n\n<h2 class=\"wp-block-heading\">Kompromat art\u0131q i\u015fl\u0259m\u0259y\u0259nd\u0259<\/h2>\n\n\n\n<p>\u0130rema\u015fvili bildirir ki, el\u0259 hallar olub ki, c\u0259lbetm\u0259 t\u0259dbirl\u0259ri n\u0259tic\u0259 verm\u0259yib. O, klub reydl\u0259ri v\u0259 &#8220;A\u011f S\u0259s&#8221; \u00a0<em>(narkosiyas\u0259tin liberalla\u015fmas\u0131, narkotikl\u0259r\u0259 qar\u015f\u0131 qanunlar\u0131n v\u0259 s\u0259rt m\u00fcbariz\u0259 metodlar\u0131n\u0131n yum\u015fald\u0131lmas\u0131 u\u011frunda g\u00fcrc\u00fc ictimai t\u0259\u015fkilat\u0131\u00a0\u2014 JAMnews)<\/em> h\u0259r\u0259kat\u0131 d\u00f6vr\u00fcn\u00fc misal \u00e7\u0259kir. Onun s\u00f6zl\u0259rin\u0259 g\u00f6r\u0259, h\u0259min vaxt g\u0259ncl\u0259r\u0259 \u015f\u0259xsi materiallar\u0131n gizli saxlan\u0131lmas\u0131 m\u00fcqabilind\u0259 \u0259m\u0259kda\u015fl\u0131q t\u0259klif olunurdu.<\/p>\n\n\n\n<p>O deyir ki, kompromat materiallar\u0131 g\u00f6st\u0259ril\u0259n g\u0259ncl\u0259rd\u0259n biri buna istehza il\u0259 reaksiya verib.<\/p>\n\n\n\n<p><em>\u201cO, g\u00fclm\u0259kd\u0259n \u00f6ld\u00fc\u2026 dedi ki, \u2018bunu \u00f6z\u00fcm d\u0259 internetd\u0259 payla\u015fa bil\u0259r\u0259m\u2019\u201d.<\/em><\/p>\n\n\n\n<p>\u0130rema\u015fvili izah edir ki, bu, k\u00f6hn\u0259 sovet t\u0259hl\u00fck\u0259sizlik m\u0259ntiqi il\u0259 d\u00fc\u015f\u00fcnm\u0259y\u0259 \u00f6yr\u0259\u015fmi\u015f \u0259m\u0259kda\u015flar \u00fc\u00e7\u00fcn \u015fok idi. Onlar \u00fc\u00e7\u00fcn \u015f\u0259xsi h\u0259yat utanc v\u0259 n\u0259zar\u0259t al\u0259ti idi. Yeni n\u0259sil \u00fc\u00e7\u00fcn is\u0259 bu m\u00f6vzular art\u0131q h\u0259mi\u015f\u0259 kompromat say\u0131lm\u0131r.<\/p>\n\n\n\n<hr class=\"wp-block-separator has-alpha-channel-opacity is-style-wide\"\/>\n\n\n\n<h2 class=\"wp-block-heading\">\u018fn \u00e7ox &#8220;\u00f6z adamlar\u0131n\u0131&#8221; dinl\u0259yirl\u0259r<\/h2>\n\n\n\n<p>Proqramda \u0130rema\u015fvili bildirir ki, hakimiyy\u0259t t\u0259r\u0259fdarlar\u0131 v\u0259 ya sistem\u0259 yax\u0131n \u015f\u0259xsl\u0259r \u00e7ox vaxt m\u00fcxalif\u0259td\u0259n daha diqq\u0259tli n\u0259zar\u0259t alt\u0131nda olur. O, bunun s\u0259b\u0259bini &#8220;\u00f6z adamlar\u0131ndan birinin&#8221; qar\u015f\u0131 t\u0259r\u0259f\u0259 ke\u00e7\u0259 bil\u0259c\u0259yi qorxusu il\u0259 izah edir.<\/p>\n\n\n\n<p><em>\u201cOnlar x\u00fcsusil\u0259 \u00f6zl\u0259rind\u0259n birinin qar\u015f\u0131 t\u0259r\u0259f\u0259 ke\u00e7m\u0259sini a\u011fr\u0131l\u0131 qar\u015f\u0131lay\u0131rlar\u201d.<\/em><\/p>\n\n\n\n<p>Onun s\u00f6zl\u0259rin\u0259 g\u00f6r\u0259, m\u00fcxalif siyas\u0259t\u00e7i il\u0259 ba\u011fl\u0131 hallarda yaln\u0131z onun \u00f6z\u00fc deyil, s\u00fcr\u00fcc\u00fcs\u00fc, m\u00fchafiz\u0259\u00e7isi, ail\u0259 \u00fczv\u00fc v\u0259 bir ne\u00e7\u0259 partiya \u00fczv\u00fc d\u0259 dinl\u0259nil\u0259 bil\u0259r. Lakin \u0130rema\u015fvilinin fikrinc\u0259, hakimiyy\u0259t \u00fc\u00e7\u00fcn \u0259sas olan sistem daxilind\u0259 v\u0259 ya ona yax\u0131n olan \u015f\u0259xsl\u0259r\u0259 n\u0259zar\u0259tdir.<\/p>\n\n\n\n<p>M\u00fcsahib\u0259d\u0259 o, bel\u0259 bir hadis\u0259ni xat\u0131rlay\u0131r: onun s\u00f6zl\u0259rin\u0259 g\u00f6r\u0259, \u0259traf\u0131ndan t\u0259xmin\u0259n 30 n\u0259f\u0259r &#8220;\u0130medi&#8221; telekanal\u0131n\u0131n jurnalistin\u0259 qar\u015f\u0131 izl\u0259m\u0259d\u0259 i\u015ftirak edib. Bu o dem\u0259k idi ki, onlar t\u0259kc\u0259 jurnalistin \u00f6z\u00fcn\u00fc deyil, onun yax\u0131nlar\u0131n\u0131 da dinl\u0259yirdil\u0259r.<\/p>\n\n\n\n<p>\u0130rema\u015fvilinin s\u00f6zl\u0259rin\u0259 g\u00f6r\u0259, bu yolla sistem insan\u0131n g\u00fcnd\u0259lik h\u0259yat\u0131n\u0131n \u0259n x\u0131rda detallar\u0131n\u0131 bel\u0259 \u00f6yr\u0259n\u0259 bilir: n\u0259 vaxt oyan\u0131r, kiml\u0259 dan\u0131\u015f\u0131r, evd\u0259 n\u0259 deyir v\u0259 bu m\u0259lumatlar i\u015f yerin\u0259 v\u0259 ya r\u0259hb\u0259rliy\u0259 nec\u0259 \u00f6t\u00fcr\u00fcl\u00fcr.<\/p>\n\n\n\n<hr class=\"wp-block-separator has-alpha-channel-opacity is-style-wide\"\/>\n\n\n\n<h2 class=\"wp-block-heading\">Toplanan m\u0259lumatlar hara gedir?<\/h2>\n\n\n\n<p>\u0130rema\u015fvili bildirir ki, m\u00fch\u00fcm m\u0259lumatlar D\u00f6vl\u0259t T\u0259hl\u00fck\u0259sizliyi Xidm\u0259ti daxilind\u0259 daha y\u00fcks\u0259k s\u0259viyy\u0259l\u0259r\u0259 \u00f6t\u00fcr\u00fcl\u00fcrd\u00fc. Onun s\u00f6zl\u0259rin\u0259 g\u00f6r\u0259, m\u0259lumatlar\u0131n bir hiss\u0259si Bidzina \u0130vani\u015fviliy\u0259 yax\u0131n \u015f\u0259xs hesab olunan D\u00f6vl\u0259t T\u0259hl\u00fck\u0259sizliyi Xidm\u0259tinin r\u0259hb\u0259ri Anzor \u00c7ubiniziy\u0259 \u00e7at\u0131rd\u0131.<\/p>\n\n\n\n<p>Ke\u00e7mi\u015f polis \u0259m\u0259kda\u015f\u0131 iddia edir ki, \u015f\u0259xsi v\u0259 siyasi m\u0259lumat ax\u0131n\u0131 sonda qeyri-r\u0259smi hakimiyy\u0259t m\u0259rk\u0259zin\u0259 q\u0259d\u0259r gedib \u00e7\u0131x\u0131rd\u0131.<\/p>\n\n\n\n<hr class=\"wp-block-separator has-alpha-channel-opacity is-style-wide\"\/>\n\n\n\n<h2 class=\"wp-block-heading\">&#8220;\u0130nsan amili&#8221;<\/h2>\n\n\n\n<p>\u0130rema\u015fvilinin s\u00f6zl\u0259rin\u0259 g\u00f6r\u0259, dinl\u0259m\u0259 n\u0259tic\u0259l\u0259rinin ham\u0131s\u0131n\u0131 d\u0259qiq hesab etm\u0259k olmaz. O, operatorlar\u0131n i\u015f x\u00fcsusiyy\u0259tl\u0259rind\u0259n dan\u0131\u015f\u0131r: onlar m\u0259lumat\u0131 d\u0259yi\u015f\u0259, \u0259lav\u0259 ed\u0259, \u00e7\u0131xara v\u0259 ya r\u0259hb\u0259rliyin g\u00f6zl\u0259diyi formada t\u0259qdim ed\u0259 bil\u0259rl\u0259r.<\/p>\n\n\n\n<p><em>\u201cH\u0259r g\u00fcn r\u0259hb\u0259r deyir: \u2018N\u0259s\u0259 varm\u0131? \u0130nana bilmir\u0259m ki, o he\u00e7 n\u0259 dem\u0259yib\u2019\u2026 Yor\u011fun \u0259m\u0259kda\u015f bel\u0259 hallarda h\u0259qiq\u0259t\u0259 uy\u011fun olmayan m\u0259lumat yaza bil\u0259r\u201d.<\/em><\/p>\n\n\n\n<p>\u0130rema\u015fvilinin s\u00f6zl\u0259rin\u0259 g\u00f6r\u0259, r\u0259hb\u0259rlik nadir hallarda dan\u0131\u015f\u0131\u011f\u0131n d\u0259qiqliyini yoxlay\u0131r. \u018fg\u0259r m\u0259lumat x\u00fcsusi \u0259h\u0259miyy\u0259t da\u015f\u0131m\u0131rsa, ad\u0259t\u0259n he\u00e7 kim s\u0259s yaz\u0131s\u0131na qay\u0131d\u0131b onun h\u0259qiq\u0259t\u0259n d\u0259 bel\u0259 olub-olmad\u0131\u011f\u0131n\u0131 yoxlam\u0131r.<\/p>\n\n\n\n<hr class=\"wp-block-separator has-alpha-channel-opacity is-style-wide\"\/>\n\n\n\n<h2 class=\"wp-block-heading\">Otell\u0259r, kameralar v\u0259 gizli \u00e7\u0259kili\u015f<\/h2>\n\n\n\n<p>Proqramda \u0130rema\u015fvili otell\u0259rd\u0259 g\u00f6r\u00fc\u015fl\u0259rin nec\u0259 gizli \u015f\u0259kild\u0259 qeyd\u0259 al\u0131na bildiyini \u0259trafl\u0131 t\u0259svir edir. Onun s\u00f6zl\u0259rin\u0259 g\u00f6r\u0259, \u0259g\u0259r dinl\u0259m\u0259 n\u0259tic\u0259sind\u0259 m\u0259lum olursa ki, oteld\u0259 iki maraql\u0131 \u015f\u0259xs g\u00f6r\u00fc\u015f\u0259c\u0259k, m\u00fcvafiq qurumlar \u0259vv\u0259lc\u0259d\u0259n ota\u011f\u0131 haz\u0131rlay\u0131r.<\/p>\n\n\n\n<blockquote class=\"wp-block-quote is-layout-flow wp-block-quote-is-layout-flow\">\n<p><em>\u201cM\u0259\u015fhur brendl\u0259r\u0259 aid h\u0259r bir oteld\u0259 t\u0259hl\u00fck\u0259sizlik xidm\u0259ti \u0259m\u0259kda\u015flar\u0131 daim \u0259laq\u0259d\u0259 olur\u201d.<\/em><\/p>\n<\/blockquote>\n\n\n\n<p>Onun s\u00f6zl\u0259rin\u0259 g\u00f6r\u0259, q\u0259rarlar \u00e7ox vaxt otelin t\u0259hl\u00fck\u0259sizlik xidm\u0259ti il\u0259 birg\u0259 q\u0259bul edilir, \u00e7\u00fcnki onlar ad\u0259t\u0259n ke\u00e7mi\u015f h\u00fcquq-m\u00fchafiz\u0259 orqanlar\u0131 \u0259m\u0259kda\u015flar\u0131 olur v\u0259 ya bu qurumlarla \u0259laq\u0259l\u0259ri olur. Otelin ali r\u0259hb\u0259rliyi detallardan x\u0259b\u0259rsiz qala bil\u0259r, lakin t\u0259hl\u00fck\u0259sizlik xidm\u0259ti \u0259m\u0259kda\u015fl\u0131q edir.<\/p>\n\n\n\n<p><em>\u201cM\u00fct\u0259x\u0259ssisl\u0259r\u0259 be\u015f d\u0259qiq\u0259 kifay\u0259tdir. \u0130ki n\u0259f\u0259r i\u00e7\u0259ri daxil olub dinl\u0259m\u0259 \u00fc\u00e7\u00fcn laz\u0131m olan h\u0259r \u015feyi qura\u015fd\u0131r\u0131r\u201d.<\/em><\/p>\n\n\n\n<hr class=\"wp-block-separator has-alpha-channel-opacity is-style-wide\"\/>\n\n\n\n<h2 class=\"wp-block-heading\">Xaricd\u0259 n\u0259zar\u0259t v\u0259 Alasaniya i\u015fi<\/h2>\n\n\n\n<p>Proqramda apar\u0131c\u0131 Eka Kvesitadze 2016-c\u0131 ild\u0259 h\u0259min d\u00f6vrd\u0259 qad\u0131n siyas\u0259t\u00e7il\u0259rin v\u0259 jurnalistl\u0259rin \u015f\u0259xsi h\u0259yat\u0131n\u0131 \u0259ks etdir\u0259n video\u00e7arxlar\u0131n yay\u0131lmas\u0131n\u0131 xat\u0131rlad\u0131r. \u0130rema\u015fvili bildirir ki, bu kampaniya siyasi m\u0259qs\u0259d da\u015f\u0131y\u0131rd\u0131 v\u0259 konkret siyasi qrupun n\u00fcfuzdan sal\u0131nmas\u0131 \u00fc\u00e7\u00fcn haz\u0131rlanm\u0131\u015fd\u0131.<\/p>\n\n\n\n<p>S\u00f6hb\u0259td\u0259 ke\u00e7mi\u015f m\u00fcdafi\u0259 naziri \u0130rakli Alasaniyan\u0131n partiyas\u0131ndan da b\u0259hs olunub. \u0130rema\u015fvilinin s\u00f6zl\u0259rin\u0259 g\u00f6r\u0259, 2012-ci ild\u0259n sonra hakimiyy\u0259t \u00fc\u00e7\u00fcn koalisiyaya daxil olan v\u0259 ya sonradan m\u00fcst\u0259qil siyasi m\u0259rk\u0259z\u0259 \u00e7evril\u0259 bil\u0259c\u0259k b\u00fct\u00fcn qruplara n\u0259zar\u0259t etm\u0259k vacib idi.<\/p>\n\n\n\n<p><em>\u201cBu \u015f\u0259xsl\u0259rin ham\u0131s\u0131, \u0259lb\u0259tt\u0259, 2012-ci ild\u0259 hakimiyy\u0259t\u0259 g\u0259lib-g\u0259lm\u0259m\u0259sind\u0259n as\u0131l\u0131 olmayaraq, \u0259vv\u0259ld\u0259n n\u0259zar\u0259td\u0259 saxlan\u0131l\u0131rd\u0131\u201d.<\/em><\/p>\n\n\n\n<p>\u0130rema\u015fvili bildirib ki, xaricd\u0259 d\u0259 m\u00fcxalif\u0259t \u00fczvl\u0259ri v\u0259 ya siyasi bax\u0131mdan \u0259h\u0259miyy\u0259tli fiqurlar \u00fcz\u0259rind\u0259 n\u0259zar\u0259t apar\u0131l\u0131rd\u0131. Onun s\u00f6zl\u0259rin\u0259 g\u00f6r\u0259, onlar\u0131n hara getdiyini, kiml\u0259rl\u0259 g\u00f6r\u00fc\u015fd\u00fcy\u00fcn\u00fc v\u0259 onlara qar\u015f\u0131 kompromat \u0259ld\u0259 etm\u0259yin m\u00fcmk\u00fcn olub-olmad\u0131\u011f\u0131n\u0131 m\u00fc\u0259yy\u0259n etm\u0259k \u00fc\u00e7\u00fcn izl\u0259nilirdil\u0259r.<\/p>\n\n\n\n<blockquote class=\"wp-block-quote is-layout-flow wp-block-quote-is-layout-flow\">\n<p><em>\u201cOnlar\u0131 maraqland\u0131r\u0131r ki, Br\u00fcssel\u0259 v\u0259 ya Strasburqa i\u015fg\u00fczar g\u00f6r\u00fc\u015fl\u0259r\u0259 ged\u0259n ist\u0259nil\u0259n m\u00fcxalif\u0259t \u00fczv\u00fc ax\u015famlar n\u0259 il\u0259 m\u0259\u015f\u011ful olur\u201d.<\/em><\/p>\n<\/blockquote>\n\n\n\n<p>Onun s\u00f6zl\u0259rin\u0259 g\u00f6r\u0259, bu c\u00fcr izl\u0259m\u0259l\u0259rd\u0259 xarici k\u0259\u015ffiyyat xidm\u0259tl\u0259rinin n\u00fcmay\u0259nd\u0259l\u0259ri, s\u0259firlikl\u0259rl\u0259 \u0259laq\u0259li \u015f\u0259xsl\u0259r v\u0259 ya dig\u0259r d\u00f6vl\u0259t kanallar\u0131 da i\u015ftirak ed\u0259 bil\u0259r.<\/p>\n\n\n\n<hr class=\"wp-block-separator has-alpha-channel-opacity is-style-wide\"\/>\n\n\n\n<h2 class=\"wp-block-heading\">Hans\u0131 platformalar dinl\u0259nilir?<\/h2>\n\n\n\n<p>Proqram\u0131n praktiki suallar\u0131ndan biri t\u0259tbiql\u0259rl\u0259 ba\u011fl\u0131d\u0131r. \u00dcnsiyy\u0259t \u00fc\u00e7\u00fcn \u0259n t\u0259hl\u00fck\u0259siz kanallar hans\u0131lard\u0131r: WhatsApp, Signal v\u0259 ya dig\u0259rl\u0259ri?<\/p>\n\n\n\n<p>\u0130rema\u015fvilinin fikrinc\u0259, mobil operator \u015f\u0259b\u0259k\u0259si \u00fcz\u0259rind\u0259n h\u0259yata ke\u00e7iril\u0259n \u0259laq\u0259ni n\u0259zar\u0259td\u0259 saxlamaq daha asand\u0131r: adi z\u0259ng v\u0259 SMS. Bel\u0259 yaz\u0131\u015fmalar\u0131 dinl\u0259m\u0259k v\u0259 ya oxumaq \u00fc\u00e7\u00fcn \u0259lav\u0259 t\u0259tbiqi s\u0131nd\u0131rma\u011fa ehtiyac yoxdur.<\/p>\n\n\n\n<p>Onun s\u00f6zl\u0259rin\u0259 g\u00f6r\u0259, bu n\u0259zar\u0259t t\u0259kc\u0259 dan\u0131\u015f\u0131\u011f\u0131n m\u0259zmununa aid deyil. SMS v\u0259 m\u00fcxt\u0259lif avtomatla\u015fd\u0131r\u0131lm\u0131\u015f bildiri\u015fl\u0259r vasit\u0259sil\u0259 insan\u0131n h\u0259r\u0259k\u0259tl\u0259ri, davran\u0131\u015f\u0131, b\u0259z\u0259n is\u0259 maliyy\u0259 f\u0259aliyy\u0259ti haqq\u0131nda m\u0259lumat \u0259ld\u0259 etm\u0259k m\u00fcmk\u00fcnd\u00fcr. M\u0259s\u0259l\u0259n, \u0259g\u0259r \u015f\u0259xs bankdan v\u0259 ya ma\u011fazadan mesaj al\u0131rsa, operator onun harada oldu\u011funu, hans\u0131 \u0259m\u0259liyyat\u0131 etdiyini v\u0259 bunun n\u0259 vaxt ba\u015f verdiyini g\u00f6r\u0259 bil\u0259r.<\/p>\n\n\n\n<p>\u0130rema\u015fvilinin iddias\u0131na g\u00f6r\u0259, mobil rabit\u0259 q\u00fcll\u0259l\u0259rind\u0259n \u0259ld\u0259 olunan m\u0259lumatlar da insan\u0131n yerl\u0259\u015fdiyi yeri v\u0259 kiminl\u0259 birlikd\u0259 oldu\u011funu m\u00fc\u0259yy\u0259n etm\u0259k \u00fc\u00e7\u00fcn istifad\u0259 oluna bil\u0259r. \u018fg\u0259r eyni q\u00fcll\u0259nin radiusunda bir ne\u00e7\u0259 &#8220;maraql\u0131&#8221; \u015f\u0259xs g\u00f6r\u00fcn\u00fcrs\u0259, bu, sistem \u00fc\u00e7\u00fcn onlar\u0131n g\u00f6r\u00fc\u015fd\u00fcy\u00fcn\u00fc g\u00f6st\u0259r\u0259 bil\u0259r.<\/p>\n\n\n\n<p>Qorunan t\u0259tbiql\u0259r\u0259 \u2014 WhatsApp, Signal v\u0259 dig\u0259r ox\u015far platformalara g\u0259ldikd\u0259 is\u0259, \u0130rema\u015fvili onlar\u0131n m\u0259zmununu birba\u015fa dinl\u0259m\u0259yin daha \u00e7\u0259tin oldu\u011funu deyir. O, x\u00fcsusil\u0259 Signal-\u0131 daha t\u0259hl\u00fck\u0259siz kanal kimi vur\u011fulay\u0131r. Lakin onun s\u00f6zl\u0259rin\u0259 g\u00f6r\u0259, \u0259sas problem t\u0259tbiqin \u00f6z\u00fc deyil, cihazd\u0131r. \u018fg\u0259r telefon, iPad v\u0259 ya noutbuk n\u0259zar\u0259t alt\u0131na d\u00fc\u015f\u0259rs\u0259, art\u0131q istifad\u0259\u00e7inin hans\u0131 t\u0259tbiqd\u0259n istifad\u0259 etm\u0259sinin f\u0259rqi qalm\u0131r.<\/p>\n\n\n\n<p>Onun s\u00f6zl\u0259rin\u0259 g\u00f6r\u0259, bel\u0259 hallarda h\u0259d\u0259f Signal v\u0259 ya WhatsApp deyil, m\u0259hz cihaz\u0131n \u00f6z\u00fcd\u00fcr. \u018fg\u0259r cihaza x\u00fcsusi proqram qura\u015fd\u0131r\u0131l\u0131bsa, sistem istifad\u0259\u00e7inin n\u0259 yazd\u0131\u011f\u0131n\u0131, kim\u0259 z\u0259ng etdiyini, n\u0259 axtard\u0131\u011f\u0131n\u0131, hans\u0131 videolara baxd\u0131\u011f\u0131n\u0131 v\u0259 ekranda n\u0259 ba\u015f verdiyini g\u00f6r\u0259 bil\u0259r.<\/p>\n\n\n\n<p>\u0130rema\u015fvili izah edir ki, \u00e7ox vaxt cihaz\u0131n sahibinin n\u0259zar\u0259tind\u0259n k\u0259narda qalmas\u0131 \u00fc\u00e7\u00fcn bir ne\u00e7\u0259 d\u0259qiq\u0259 kifay\u0259tdir. M\u0259s\u0259l\u0259n, hava liman\u0131nda, s\u0259rh\u0259dd\u0259 v\u0259 ya d\u00f6vl\u0259t m\u00fc\u0259ssis\u0259sind\u0259 \u015f\u0259xsd\u0259n telefonunu, iPad-ini v\u0259 ya noutbukunu qoymas\u0131 t\u0259l\u0259b oluna bil\u0259r. Bu zaman, onun s\u00f6zl\u0259rin\u0259 g\u00f6r\u0259, cihaz\u0131n \u00fcz\u0259rin\u0259 f\u0259aliyy\u0259tini paralel izl\u0259y\u0259n proqram qura\u015fd\u0131r\u0131la bil\u0259r.<\/p>\n\n\n\n<p>\u0130rema\u015fvili bir ne\u00e7\u0259 m\u00fcmk\u00fcn ssenarini t\u0259svir edir. Bir halda, hava liman\u0131nda \u015f\u0259xs\u0259 deyilir ki, o, baqaj\u0131n\u0131 v\u0259 ya cihaz\u0131n\u0131 m\u00fcv\u0259qq\u0259ti olaraq t\u0259hvil verm\u0259lidir. Dig\u0259r halda, d\u00f6vl\u0259t qurumuna daxil olark\u0259n ondan telefonunu x\u00fcsusi saxlanc kameras\u0131na qoymas\u0131 t\u0259l\u0259b olunur, \u00e7\u00fcnki cihazla binaya daxil olmaq m\u00fcmk\u00fcn deyil. \u0130rema\u015fvilinin s\u00f6zl\u0259rin\u0259 g\u00f6r\u0259, \u0259g\u0259r bu proses \u0259vv\u0259lc\u0259d\u0259n n\u0259zar\u0259td\u0259 saxlan\u0131l\u0131rsa v\u0259 yerind\u0259 texnik varsa, cihaz\u0131n i\u015fl\u0259nm\u0259si bir ne\u00e7\u0259 d\u0259qiq\u0259 \u00e7\u0259k\u0259 bil\u0259r.<\/p>\n\n\n\n<p>Bel\u0259likl\u0259, \u0130rema\u015fvilinin s\u00f6zl\u0259rin\u0259 g\u00f6r\u0259, cihaz komprometasiya olunubsa, qorunan t\u0259tbiql\u0259r insan\u0131 qoruya bilmir. Signal daha t\u0259hl\u00fck\u0259siz platforma ola bil\u0259r, lakin telefon art\u0131q n\u0259zar\u0259t alt\u0131ndad\u0131rsa, mesaj istifad\u0259\u00e7i onu yazd\u0131\u011f\u0131 anda v\u0259 ya ondan \u0259vv\u0259l oxuna bil\u0259r.<\/p>\n\n\n\n<p>Buna g\u00f6r\u0259 d\u0259 \u0259sas m\u0259s\u0259l\u0259 yaln\u0131z \u00fcnsiyy\u0259t \u00fc\u00e7\u00fcn hans\u0131 vasit\u0259d\u0259n istifad\u0259 edildiyi deyil, h\u0259m d\u0259 cihaz\u0131n n\u0259 d\u0259r\u0259c\u0259d\u0259 qorundu\u011fu v\u0259 sistemin ona birba\u015fa v\u0259 ya uzaqdan n\u0259zar\u0259t imkanlar\u0131n\u0131n olub-olmamas\u0131d\u0131r.<\/p>\n\n\n<article class=\"single-card uk-flex uk-flex-between m-b-sm-40\">\n\n  <div class=\"uk-grid wi-full-width\">\n\n    <div class=\"uk-width-2-3 p-t-sm-10\">\n      <a href=\"https:\/\/jam-news.net\/az\/abs-in-gurcustandaki-sabiq-s%c9%99firi-gurcustan-hokum%c9%99ti-artiq-vasinqton-ucun-etibarli-t%c9%99r%c9%99fdas-deyil\/\" target=\"_blank\">\n\n\n\n\n\n        <h2 class=\"m-b-sm-23 wi-merriweather-light\">\n\tAB\u015e-nin G\u00fcrc\u00fcstandak\u0131 sabiq s\u0259firi: &quot;G\u00fcrc\u00fcstan h\u00f6kum\u0259ti art\u0131q Va\u015finqton \u00fc\u00e7\u00fcn etibarl\u0131 t\u0259r\u0259fda\u015f deyil&quot;\n<\/h2>\n\n        <p class=\"paragraph-color-2 m-b-sm-10 m-b-xs-7\">\n  Yan Kelli AB\u015e-\u0131n vitse-prezidentinin regional s\u0259f\u0259ri \u00e7\u0259r\u00e7iv\u0259sind\u0259 niy\u0259 G\u00fcrc\u00fcstana getm\u0259diyi bar\u0259d\u0259 dan\u0131\u015f\u0131b.\n<\/p>\n      <\/a>\n    <\/div>\n    <div class=\"uk-width-1-3\">\n      <figure class=\"wi-full-height choose-post__img wi-merriweather-light\">\n  <a class=\"\" href=\"https:\/\/jam-news.net\/az\/abs-in-gurcustandaki-sabiq-s%c9%99firi-gurcustan-hokum%c9%99ti-artiq-vasinqton-ucun-etibarli-t%c9%99r%c9%99fdas-deyil\/\">\n    <img decoding=\"async\" class=\"wi-full-height wi-ratio-img\" src=\"https:\/\/jam-news.net\/app\/uploads\/2026\/02\/Screenshot-2026-02-17-at-16.52.59.png\" alt=\"\" uk-img \/>\n  <\/a>\n<\/figure>\n    <\/div>\n  <\/div>\n<\/article>\n\n\n\n<h2 class=\"wp-block-heading\">Pegasus v\u0259 Belarus t\u0259cr\u00fcb\u0259si<\/h2>\n\n\n\n<p>\u0130rema\u015fvili bildirir ki, sistem bahal\u0131 casus proqramlar\u0131na, o c\u00fcml\u0259d\u0259n Pegasus-a \u00e7\u0131x\u0131\u015fa malikdir. Onun s\u00f6zl\u0259rin\u0259 g\u00f6r\u0259, buna v\u0259sait \u0259sirg\u0259nmir.<\/p>\n\n\n\n<p><em>\u201cPegasus-un bahal\u0131 oldu\u011funu v\u0259 buna g\u00f6r\u0259 d\u0259 onun \u00fc\u00e7\u00fcn pul \u00f6d\u0259nilm\u0259y\u0259c\u0259yini d\u00fc\u015f\u00fcn\u0259nl\u0259r ciddi \u015f\u0259kild\u0259 yan\u0131l\u0131r\u201d.<\/em><\/p>\n\n\n\n<p>\u0130rema\u015fvili Belarus t\u0259hl\u00fck\u0259sizlik sistemi il\u0259 \u0259laq\u0259l\u0259rd\u0259n d\u0259 dan\u0131\u015f\u0131r v\u0259 iddia edir ki, ill\u0259r \u0259rzind\u0259 G\u00fcrc\u00fcstan\u0131n h\u00fcquq-m\u00fchafiz\u0259 orqanlar\u0131 Belarus v\u0259 Rusiya t\u0259cr\u00fcb\u0259sin\u0259 \u00e7\u0131x\u0131\u015f \u0259ld\u0259 edibl\u0259r.<\/p>\n\n\n\n<blockquote class=\"wp-block-quote is-layout-flow wp-block-quote-is-layout-flow\">\n<p><em><strong>\u201cOnlar Belarus v\u0259 Rusiya KQB-sinin t\u0259cr\u00fcb\u0259sini m\u0259nims\u0259yibl\u0259r. Bu c\u00fcr virus proqramlar\u0131na pul \u0259sirg\u0259nmir\u201d.<\/strong><\/em><\/p>\n<\/blockquote>\n\n\n\n<p>Onun s\u00f6zl\u0259rin\u0259 g\u00f6r\u0259, Pegasus kimi proqramlar \u00e7ox bahal\u0131 oldu\u011funa g\u00f6r\u0259 ham\u0131ya qar\u015f\u0131 istifad\u0259 olunmur. Lakin onun fikrinc\u0259, sistem \u0259sas fiqurlara qar\u015f\u0131 bu c\u00fcr resurslar\u0131 s\u0259rf etm\u0259k imkan\u0131n\u0131 istisna etmir.<\/p>\n\n\n\n<hr class=\"wp-block-separator has-alpha-channel-opacity is-style-wide\"\/>\n\n\n\n<h2 class=\"wp-block-heading\">Niko Kvaratsxelia i\u015fi \u2014 q\u0259tlin qar\u015f\u0131s\u0131n\u0131 almaq m\u00fcmk\u00fcn idimi?<\/h2>\n\n\n\n<p>Proqram\u0131n son b\u00f6y\u00fck hiss\u0259si Niko Kvaratsxelian\u0131n q\u0259tli il\u0259 ba\u011fl\u0131d\u0131r. Apar\u0131c\u0131 Eka Kvesitadze bildirib ki, \u0130rema\u015fvili il\u0259 s\u00f6hb\u0259td\u0259n sonra onda bel\u0259 t\u0259\u0259ss\u00fcrat yaran\u0131b ki, h\u00fcquq-m\u00fchafiz\u0259 orqanlar\u0131 f\u0259rqli h\u0259r\u0259k\u0259t ets\u0259ydi, Kvaratsxelian\u0131 xilas etm\u0259k m\u00fcmk\u00fcn ola bil\u0259rdi. O, Kvaratsxelian\u0131n q\u0259tlini sifari\u015f ed\u0259n \u015f\u0259xsl\u0259r \u00fcz\u0259rind\u0259 ehtimal ki, izl\u0259m\u0259 v\u0259 dinl\u0259m\u0259 apar\u0131ld\u0131\u011f\u0131n\u0131 n\u0259z\u0259rd\u0259 tuturdu.<\/p>\n\n\n\n<p>Bu kontekstd\u0259 \u0130rema\u015fvili tan\u0131nm\u0131\u015f kriminal avtoritetl\u0259r olan Kakuliya qarda\u015flar\u0131 haqq\u0131nda bir hadis\u0259ni xat\u0131rlay\u0131b. Onun s\u00f6zl\u0259rin\u0259 g\u00f6r\u0259, h\u0259l\u0259 ill\u0259r \u0259vv\u0259l, o, Vake-Saburtalo \u015f\u00f6b\u0259sind\u0259 i\u015fl\u0259y\u0259rk\u0259n, h\u00fcquq-m\u00fchafiz\u0259 orqanlar\u0131nda onlar\u0131n ald\u0131qlar\u0131 x\u0259sar\u0259tl\u0259r, h\u0259r\u0259k\u0259tl\u0259ri v\u0259 kriminal v\u0259ziyy\u0259t bar\u0259d\u0259 m\u0259lumatlar m\u00f6vcud idi.<\/p>\n\n\n<article class=\"single-card uk-flex uk-flex-between m-b-sm-40\">\n\n  <div class=\"uk-grid wi-full-width\">\n\n    <div class=\"uk-width-2-3 p-t-sm-10\">\n      <a href=\"https:\/\/jam-news.net\/az\/geri-ged%c9%99n-gurcustan-postsovet-demokratikl%c9%99sm%c9%99sinin-vitrini-olan-olk%c9%99-nec%c9%99-funksional-prorusiyaci-dovl%c9%99t%c9%99-cevrildi\/\" target=\"_blank\">\n\n\n\n\n\n        <h2 class=\"m-b-sm-23 wi-merriweather-light\">\n\tGeri ged\u0259n G\u00fcrc\u00fcstan. Postsovet demokratikl\u0259\u015fm\u0259sinin vitrini olan \u00f6lk\u0259 nec\u0259 &quot;funksional prorusiya\u00e7\u0131&quot; d\u00f6vl\u0259t\u0259 \u00e7evrildi\n<\/h2>\n\n        <p class=\"paragraph-color-2 m-b-sm-10 m-b-xs-7\">\n  Bu nec\u0259 ba\u015f verdi? V\u0259 \u0259n \u0259sas\u0131, bunu h\u0259l\u0259 d\u0259 dayand\u0131rmaq m\u00fcmk\u00fcnd\u00fcrm\u00fc?\n<\/p>\n      <\/a>\n    <\/div>\n    <div class=\"uk-width-1-3\">\n      <figure class=\"wi-full-height choose-post__img wi-merriweather-light\">\n  <a class=\"\" href=\"https:\/\/jam-news.net\/az\/geri-ged%c9%99n-gurcustan-postsovet-demokratikl%c9%99sm%c9%99sinin-vitrini-olan-olk%c9%99-nec%c9%99-funksional-prorusiyaci-dovl%c9%99t%c9%99-cevrildi\/\">\n    <img decoding=\"async\" class=\"wi-full-height wi-ratio-img\" src=\"https:\/\/jam-news.net\/app\/uploads\/2026\/02\/Protest-in-Georgia.png\" alt=\"\" uk-img \/>\n  <\/a>\n<\/figure>\n    <\/div>\n  <\/div>\n<\/article>\n\n\n\n<p>Onun s\u00f6zl\u0259rin\u0259 g\u00f6r\u0259, qarda\u015flardan biri Rusiya pasportu il\u0259 G\u00fcrc\u00fcstana g\u0259lib, zorak\u0131l\u0131q \u0259m\u0259ll\u0259ri t\u00f6r\u0259dib v\u0259 sonra yenid\u0259n Rusiyaya qay\u0131d\u0131b. \u0130rema\u015fvili iddia edir ki, polisd\u0259 videoyaz\u0131lar, operativ m\u0259lumatlar v\u0259 bu \u015f\u0259xsl\u0259r\u0259 maraq \u00fc\u00e7\u00fcn \u0259saslar var idi, lakin prokurorluq s\u00fcbutlar\u0131 h\u0259bs \u00fc\u00e7\u00fcn kifay\u0259t hesab etm\u0259yib.<\/p>\n\n\n\n<figure class=\"wp-block-image alignleft size-large is-resized\"><img loading=\"lazy\" decoding=\"async\" width=\"1024\" height=\"600\" src=\"https:\/\/jam-news.net\/app\/uploads\/2026\/04\/niko-kvaracxelia-1024x600.png\" alt=\"Niko Kvaratsxelia\nG\u00fcrc\u00fcstanda ke\u00e7mi\u015f polisl\u0259 m\u00fcsahib\u0259\" class=\"wp-image-104938\" style=\"width:384px;height:auto\" srcset=\"https:\/\/jam-news.net\/app\/uploads\/2026\/04\/niko-kvaracxelia-1024x600.png 1024w, https:\/\/jam-news.net\/app\/uploads\/2026\/04\/niko-kvaracxelia-300x176.png 300w, https:\/\/jam-news.net\/app\/uploads\/2026\/04\/niko-kvaracxelia-768x450.png 768w, https:\/\/jam-news.net\/app\/uploads\/2026\/04\/niko-kvaracxelia.png 1200w\" sizes=\"auto, (max-width: 1024px) 100vw, 1024px\" \/><figcaption class=\"wp-element-caption\">Niko Kvaratsxelia<\/figcaption><\/figure>\n\n\n\n<p>\u0130rema\u015fvilinin s\u00f6zl\u0259rin\u0259 g\u00f6r\u0259, prokurorluq h\u0259min vaxt s\u00fcbutlar \u00fc\u00e7\u00fcn y\u00fcks\u0259k standartlar t\u0259l\u0259b etmi\u015fdi. Bu da olduqca \u015f\u00fcbh\u0259li g\u00f6r\u00fcn\u00fcr v\u0259 cinay\u0259tkarlar\u0131n qorundu\u011funu g\u00f6st\u0259rir.<\/p>\n\n\n\n<p><em>\u201cOnlar etiraz\u00e7\u0131lar\u0131n v\u0259 ya dig\u0259r \u015f\u0259xsl\u0259rin bu g\u00fcn h\u0259bs olunmas\u0131 \u00fc\u00e7\u00fcn istifad\u0259 edil\u0259n standartlardan daha s\u0259rt meyarlar t\u0259l\u0259b edirdil\u0259r\u2026 \u0259ks halda Kakuliya tutulard\u0131\u201d.<\/em><\/p>\n\n\n\n<p>\u0130rema\u015fvilinin s\u00f6zl\u0259rin\u0259 g\u00f6r\u0259, \u0259g\u0259r h\u00fcquq-m\u00fchafiz\u0259 orqanlar\u0131na Kakuliyan\u0131 h\u0259bs etm\u0259y\u0259 icaz\u0259 verilmirdis\u0259, \u0259n az\u0131 onlar\u0131n \u00f6lk\u0259y\u0259 giri\u015fin\u0259 qada\u011fa qoymaq m\u00fcmk\u00fcn idi, \u00e7\u00fcnki onlar Rusiya pasportlar\u0131 il\u0259 s\u0259yah\u0259t edirdil\u0259r.<\/p>\n\n\n\n<p>Apar\u0131c\u0131 il\u0259 s\u00f6hb\u0259tin yekununda bel\u0259 bir sual yaran\u0131r: bu, s\u0259ri\u015ft\u0259sizlik, s\u0259hl\u0259nkarl\u0131q, yoxsa daha ciddi bir m\u0259s\u0259l\u0259 idi? \u0130rema\u015fvili birba\u015fa yekun n\u0259tic\u0259 \u00e7\u0131xarm\u0131r, lakin bir ne\u00e7\u0259 amili qeyd edir: kadr d\u0259yi\u015fiklikl\u0259ri, yeni r\u0259hb\u0259rliyin s\u0259ri\u015ft\u0259sizliyi, institusional yadda\u015f\u0131n itirilm\u0259si, polisin kriminal dair\u0259l\u0259rl\u0259 m\u00fcmk\u00fcn \u0259laq\u0259l\u0259ri.<\/p>\n\n\n\n<p>Onun s\u00f6zl\u0259rin\u0259 g\u00f6r\u0259, Vake-Saburtalo \u00fczr\u0259 k\u00f6hn\u0259 komanda d\u0259yi\u015fdirildikd\u0259n sonra h\u0259min spesifik kriminal m\u00fchitl\u0259 ba\u011fl\u0131 bilikl\u0259r d\u0259 itdi. Yeni r\u0259hb\u0259rl\u0259r\u0259 v\u0259ziyy\u0259ti anlamaq \u00fc\u00e7\u00fcn vaxt laz\u0131m idi, lakin \u0130rema\u015fvilinin s\u00f6zl\u0259rin\u0259 g\u00f6r\u0259, sistemd\u0259 \u0259slind\u0259 m\u0259lumat sahibi olan s\u0131ravi \u0259m\u0259kda\u015flar\u0131n fikirl\u0259rin\u0259 \u00e7ox vaxt qulaq as\u0131lm\u0131r.<\/p>\n\n\n\n<p><em><strong>\u201cHesab olunur ki, yeni r\u0259hb\u0259r g\u0259l\u0259nd\u0259 ona bilikl\u0259r s\u0259madan verilir\u201d.<\/strong><\/em><\/p>\n\n\n\n<p>Onun fikrinc\u0259, bel\u0259 idar\u0259etm\u0259 m\u0259d\u0259niyy\u0259ti h\u00fcquq-m\u00fchafiz\u0259 orqanlar\u0131n\u0131n \u0259sas probleml\u0259rind\u0259n biridir. M\u0259mur v\u0259zif\u0259y\u0259 g\u0259lir, \u00f6z\u00fcn\u00fc art\u0131q h\u0259r \u015feyi bil\u0259n hesab edir, k\u00f6hn\u0259 \u0259m\u0259kda\u015flar\u0131n t\u0259cr\u00fcb\u0259sind\u0259n istifad\u0259 etmir v\u0259 bu prosesd\u0259 m\u00fch\u00fcm m\u0259lumatlar itir.<\/p>\n\n\n\n<p>Bununla yana\u015f\u0131, \u0130rema\u015fvili bildirir ki, Kvaratsxelian\u0131n q\u0259tlind\u0259n \u0259vv\u0259l i\u015f \u00fczr\u0259 fiqurantlar, h\u00fcquq-m\u00fchafiz\u0259 orqanlar\u0131n\u0131n n\u0259zar\u0259ti alt\u0131nda olmal\u0131 olan \u015f\u0259xsl\u0259r m\u00fct\u0259madi olaraq g\u00f6r\u00fc\u015f\u00fcr, h\u0259r\u0259k\u0259t edir v\u0259 eyni yerl\u0259rd\u0259 topla\u015f\u0131rd\u0131lar. Onun qiym\u0259tl\u0259ndirm\u0259sin\u0259 g\u00f6r\u0259, b\u00fct\u00fcn bunlar \u015f\u00fcbh\u0259 \u00fc\u00e7\u00fcn \u0259sas yaratmal\u0131 idi.<\/p>\n\n\n\n<hr class=\"wp-block-separator has-alpha-channel-opacity is-style-wide\"\/>\n\n\n\n<h2 class=\"wp-block-heading\">Kakuliya qarda\u015flar\u0131, Vake v\u0259 kriminal dair\u0259l\u0259r<\/h2>\n\n\n\n<p>\u0130rema\u015fvili 2013-2014-c\u00fc ill\u0259rd\u0259 Tbilisinin Vake rayonunda ba\u015f ver\u0259n hadis\u0259l\u0259ri \u0259trafl\u0131 t\u0259svir edir. Onun s\u00f6zl\u0259rin\u0259 g\u00f6r\u0259, amnistiyadan sonra yaralanmalar\u0131n, at\u0131\u015fmalar\u0131n v\u0259 k\u00fc\u00e7\u0259 toqqu\u015fmalar\u0131n\u0131n say\u0131 art\u0131b. O iddia edir ki, h\u00fcquq-m\u00fchafiz\u0259 orqanlar\u0131n\u0131n \u0259m\u0259kda\u015flar\u0131 kimin kiml\u0259 \u0259laq\u0259li oldu\u011funu, kimin zorak\u0131l\u0131q m\u00fcnaqi\u015f\u0259l\u0259rind\u0259 i\u015ftirak etdiyini v\u0259 kimin t\u0259sir qazanma\u011fa \u00e7al\u0131\u015fd\u0131\u011f\u0131n\u0131 bilirdil\u0259r.<\/p>\n\n\n\n<p>Onun s\u00f6zl\u0259rin\u0259 g\u00f6r\u0259, Kakuliya qarda\u015flar\u0131n\u0131n \u0259traf\u0131nda t\u0259dric\u0259n m\u00fcxt\u0259lif n\u00fcfuzlu v\u0259 ya varl\u0131 ail\u0259l\u0259rd\u0259n olan g\u0259ncl\u0259rd\u0259n ibar\u0259t qrup formala\u015f\u0131b. \u0130rema\u015fvili h\u0259m\u00e7inin kriminal dair\u0259l\u0259rin varl\u0131 ail\u0259l\u0259rin \u00f6vladlar\u0131 il\u0259 yax\u0131nl\u0131q qurmas\u0131 v\u0259 sonra onlar\u0131n resurslar\u0131ndan istifad\u0259 etm\u0259si modelind\u0259n d\u0259 dan\u0131\u015f\u0131b.<\/p>\n\n\n\n<p><em>\u201cOnlar hans\u0131sa varl\u0131 biznesmenin o\u011flu il\u0259 dostluq qurur, \u00f6zl\u0259rini onun \u2018qarda\u015f\u0131\u2019 kimi g\u00f6st\u0259rir\u2026 sonra is\u0259 atas\u0131n\u0131n pulu hesab\u0131na avtomobill\u0259r, silahlar v\u0259 sair \u0259ld\u0259 edirl\u0259r\u201d.<\/em><\/p>\n\n\n\n<p>\u0130rema\u015fvilinin s\u00f6zl\u0259rin\u0259 g\u00f6r\u0259, bu c\u00fcr qruplar h\u00fcquq-m\u00fchafiz\u0259 orqanlar\u0131na m\u0259lum idi. Onun qiym\u0259tl\u0259ndirm\u0259sin\u0259 g\u00f6r\u0259, problem m\u0259lumat\u0131n olmamas\u0131nda deyil, reaksiyan\u0131n olmamas\u0131nda idi.<\/p>\n\n\n\n<p>\u0130rema\u015fvili bu dair\u0259d\u0259n bir ne\u00e7\u0259 tan\u0131nm\u0131\u015f ad\u0131 da \u00e7\u0259kib. Onlar\u0131n aras\u0131nda Kakuliya qarda\u015flar\u0131, Busa Jvania, Roin Metrevelinin n\u0259v\u0259si Royniko Metreveli, h\u0259m\u00e7inin biznesmen \u00c7xaidze v\u0259 Cin\u00e7aradzenin \u00f6vladlar\u0131 var.<\/p>\n\n\n\n<hr class=\"wp-block-separator has-alpha-channel-opacity is-style-wide\"\/>\n\n\n\n<h2 class=\"wp-block-heading\">Statistika sistemin m\u0259ntiqi kimi<\/h2>\n\n\n\n<p>\u0130rema\u015fvili h\u00fcquq-m\u00fchafiz\u0259 sistemind\u0259 ba\u015fqa bir problem\u0259 d\u0259 diqq\u0259t \u00e7\u0259kir: cinay\u0259t statistikas\u0131. Onun s\u00f6zl\u0259rin\u0259 g\u00f6r\u0259, ay\u0131n v\u0259 ilin sonunda qurumlar statistikan\u0131 &#8220;t\u0259nziml\u0259m\u0259y\u0259&#8221; \u00e7al\u0131\u015f\u0131r. \u018fvv\u0259lki d\u00f6vrd\u0259n qalan i\u015fl\u0259r is\u0259 \u00e7ox vaxt arxa plana ke\u00e7ir.<\/p>\n\n\n\n<p><em>\u201cAy bitir, bu i\u015fl\u0259r unudulur, yeni ay ba\u015flay\u0131r, yeni statistika ba\u015flay\u0131r\u201d.<\/em><\/p>\n\n\n\n<p>Onun fikrinc\u0259, normal sistemd\u0259 k\u00f6hn\u0259, a\u00e7\u0131lmam\u0131\u015f i\u015fl\u0259rl\u0259 m\u0259\u015f\u011ful olan x\u00fcsusi \u015f\u00f6b\u0259l\u0259r olmal\u0131d\u0131r. G\u00fcrc\u00fcstanda is\u0259, onun s\u00f6zl\u0259rin\u0259 g\u00f6r\u0259, bir m\u00fcst\u0259ntiq\u0259 y\u00fczl\u0259rl\u0259 i\u015f tap\u015f\u0131r\u0131la bil\u0259r.<\/p>\n\n\n\n<p><em><strong>\u201cH\u0259r m\u00fcst\u0259ntiq\u0259 500-600 i\u015f verilir. Bunu nec\u0259 t\u0259s\u0259vv\u00fcr edirsiniz?\u201d<\/strong><\/em><\/p>\n\n\n\n<p style=\"font-size:3px\">G\u00fcrc\u00fcstanda ke\u00e7mi\u015f polisl\u0259 m\u00fcsahib\u0259<\/p>\n","protected":false},"excerpt":{"rendered":"<p>Giorgi \u0130rema\u015fvili G\u00fcrc\u00fcstanda izl\u0259m\u0259 sisteminin nec\u0259 quruldu\u011funu dan\u0131\u015f\u0131b<\/p>\n","protected":false},"author":62,"featured_media":104937,"comment_status":"closed","ping_status":"closed","sticky":false,"template":"","format":"standard","meta":{"_acf_changed":false,"footnotes":""},"categories":[3,25,50,49,5],"tags":[6942,26,6946,6941,2019,15,6943,6947,6945,6944],"formation":[],"post-author":[2888],"topic":[304,5056,4953,5826],"tooltip":[],"city":[6049],"class_list":["post-104961","post","type-post","status-publish","format-standard","has-post-thumbnail","hentry","category-gurcustan","category-cmiyyt","category-xbrlr","category-srh","category-siyast","tag-anzor-cubinizi","tag-bidzina-ivanisvili","tag-eka-kvesitadze","tag-giorgi-iremasvili","tag-gurcu-arzusu","tag-gurcustan","tag-irakli-alasaniya","tag-kakuliya-qardaslari","tag-niko-kvaratsxelia","tag-pegasus","post-author-jamnews","topic-bidzina-ivanisvili","topic-cinayt","topic-gurcustan","topic-gurcustanda-siyast","city-tbilisi"],"acf":[],"yoast_head":"<!-- This site is optimized with the Yoast SEO plugin v24.1 - https:\/\/yoast.com\/wordpress\/plugins\/seo\/ -->\n<title>G\u00fcrc\u00fcstanda ke\u00e7mi\u015f polisl\u0259 m\u00fcsahib\u0259 |JAMnews<\/title>\n<meta name=\"description\" content=\"G\u00fcrc\u00fcstanda ke\u00e7mi\u015f polisl\u0259 m\u00fcsahib\u0259. Giorgi \u0130rema\u015fvili G\u00fcrc\u00fcstanda izl\u0259m\u0259 sisteminin nec\u0259 quruldu\u011funu dan\u0131\u015f\u0131b.\" \/>\n<meta name=\"robots\" content=\"index, follow, max-snippet:-1, max-image-preview:large, max-video-preview:-1\" \/>\n<link rel=\"canonical\" href=\"https:\/\/jam-news.net\/az\/kecmis-polis-\u0259m\u0259kdasi-il\u0259-qalmaqalli-musahib\u0259-gurcustanda-sistem-nec\u0259-isl\u0259yir\/\" \/>\n<meta property=\"og:locale\" content=\"az_AZ\" \/>\n<meta property=\"og:type\" content=\"article\" \/>\n<meta property=\"og:title\" content=\"Ke\u00e7mi\u015f polis \u0259m\u0259kda\u015f\u0131 il\u0259 qalmaqall\u0131 m\u00fcsahib\u0259: G\u00fcrc\u00fcstanda sistem nec\u0259 i\u015fl\u0259yir\" \/>\n<meta property=\"og:description\" content=\"G\u00fcrc\u00fcstanda ke\u00e7mi\u015f polisl\u0259 m\u00fcsahib\u0259. Giorgi \u0130rema\u015fvili G\u00fcrc\u00fcstanda izl\u0259m\u0259 sisteminin nec\u0259 quruldu\u011funu dan\u0131\u015f\u0131b.\" \/>\n<meta property=\"og:url\" content=\"https:\/\/jam-news.net\/az\/kecmis-polis-\u0259m\u0259kdasi-il\u0259-qalmaqalli-musahib\u0259-gurcustanda-sistem-nec\u0259-isl\u0259yir\/\" \/>\n<meta property=\"og:site_name\" content=\"Azerbaijani Jamnews\" \/>\n<meta property=\"article:publisher\" content=\"https:\/\/www.facebook.com\/JAMnewsInEnglish\/\" \/>\n<meta property=\"article:published_time\" content=\"2026-04-28T09:33:41+00:00\" \/>\n<meta property=\"article:modified_time\" content=\"2026-04-28T09:33:43+00:00\" \/>\n<meta property=\"og:image\" content=\"https:\/\/jam-news.net\/app\/uploads\/2026\/04\/Screenshot-2026-04-27-at-16.41.20.png\" \/>\n\t<meta property=\"og:image:width\" content=\"1200\" \/>\n\t<meta property=\"og:image:height\" content=\"562\" \/>\n\t<meta property=\"og:image:type\" content=\"image\/png\" \/>\n<meta name=\"author\" content=\"gulnara\" \/>\n<meta name=\"twitter:card\" content=\"summary_large_image\" \/>\n<meta name=\"twitter:title\" content=\"Ke\u00e7mi\u015f polis \u0259m\u0259kda\u015f\u0131 il\u0259 qalmaqall\u0131 m\u00fcsahib\u0259: G\u00fcrc\u00fcstanda sistem nec\u0259 i\u015fl\u0259yir\" \/>\n<meta name=\"twitter:creator\" content=\"@JAMnewsCaucasus\" \/>\n<meta name=\"twitter:site\" content=\"@JAMnewsCaucasus\" \/>\n<meta name=\"twitter:label1\" content=\"Written by\" \/>\n\t<meta name=\"twitter:data1\" content=\"gulnara\" \/>\n\t<meta name=\"twitter:label2\" content=\"Est. reading time\" \/>\n\t<meta name=\"twitter:data2\" content=\"18 minutes\" \/>\n<script type=\"application\/ld+json\" class=\"yoast-schema-graph\">{\"@context\":\"https:\/\/schema.org\",\"@graph\":[{\"@type\":\"Article\",\"@id\":\"https:\/\/jam-news.net\/az\/kecmis-polis-%c9%99m%c9%99kdasi-il%c9%99-qalmaqalli-musahib%c9%99-gurcustanda-sistem-nec%c9%99-isl%c9%99yir\/#article\",\"isPartOf\":{\"@id\":\"https:\/\/jam-news.net\/az\/kecmis-polis-%c9%99m%c9%99kdasi-il%c9%99-qalmaqalli-musahib%c9%99-gurcustanda-sistem-nec%c9%99-isl%c9%99yir\/\"},\"author\":{\"name\":\"gulnara\",\"@id\":\"https:\/\/jam-news.net\/az\/#\/schema\/person\/9f5201213de7e745950950d0c1c0abab\"},\"headline\":\"Ke\u00e7mi\u015f polis \u0259m\u0259kda\u015f\u0131 il\u0259 qalmaqall\u0131 m\u00fcsahib\u0259: G\u00fcrc\u00fcstanda sistem nec\u0259 i\u015fl\u0259yir\",\"datePublished\":\"2026-04-28T09:33:41+00:00\",\"dateModified\":\"2026-04-28T09:33:43+00:00\",\"mainEntityOfPage\":{\"@id\":\"https:\/\/jam-news.net\/az\/kecmis-polis-%c9%99m%c9%99kdasi-il%c9%99-qalmaqalli-musahib%c9%99-gurcustanda-sistem-nec%c9%99-isl%c9%99yir\/\"},\"wordCount\":5362,\"publisher\":{\"@id\":\"https:\/\/jam-news.net\/az\/#organization\"},\"image\":{\"@id\":\"https:\/\/jam-news.net\/az\/kecmis-polis-%c9%99m%c9%99kdasi-il%c9%99-qalmaqalli-musahib%c9%99-gurcustanda-sistem-nec%c9%99-isl%c9%99yir\/#primaryimage\"},\"thumbnailUrl\":\"https:\/\/jam-news.net\/app\/uploads\/2026\/04\/Screenshot-2026-04-27-at-16.41.20.png\",\"keywords\":[\"Anzor \u00c7ubinizi\",\"Bidzina \u0130vani\u015fvili\",\"Eka Kvesitadze\",\"Giorgi \u0130rema\u015fvili\",\"G\u00fcrc\u00fc Arzusu\",\"G\u00fcrc\u00fcstan\",\"\u0130rakli Alasaniya\",\"Kakuliya qarda\u015flar\u0131\",\"Niko Kvaratsxelia\",\"Pegasus\"],\"articleSection\":[\"Georgia\",\"Issues\",\"News\",\"Opinion\",\"Politics\"],\"inLanguage\":\"az\"},{\"@type\":\"WebPage\",\"@id\":\"https:\/\/jam-news.net\/az\/kecmis-polis-%c9%99m%c9%99kdasi-il%c9%99-qalmaqalli-musahib%c9%99-gurcustanda-sistem-nec%c9%99-isl%c9%99yir\/\",\"url\":\"https:\/\/jam-news.net\/az\/kecmis-polis-%c9%99m%c9%99kdasi-il%c9%99-qalmaqalli-musahib%c9%99-gurcustanda-sistem-nec%c9%99-isl%c9%99yir\/\",\"name\":\"G\u00fcrc\u00fcstanda ke\u00e7mi\u015f polisl\u0259 m\u00fcsahib\u0259 |JAMnews\",\"isPartOf\":{\"@id\":\"https:\/\/jam-news.net\/az\/#website\"},\"primaryImageOfPage\":{\"@id\":\"https:\/\/jam-news.net\/az\/kecmis-polis-%c9%99m%c9%99kdasi-il%c9%99-qalmaqalli-musahib%c9%99-gurcustanda-sistem-nec%c9%99-isl%c9%99yir\/#primaryimage\"},\"image\":{\"@id\":\"https:\/\/jam-news.net\/az\/kecmis-polis-%c9%99m%c9%99kdasi-il%c9%99-qalmaqalli-musahib%c9%99-gurcustanda-sistem-nec%c9%99-isl%c9%99yir\/#primaryimage\"},\"thumbnailUrl\":\"https:\/\/jam-news.net\/app\/uploads\/2026\/04\/Screenshot-2026-04-27-at-16.41.20.png\",\"datePublished\":\"2026-04-28T09:33:41+00:00\",\"dateModified\":\"2026-04-28T09:33:43+00:00\",\"description\":\"G\u00fcrc\u00fcstanda ke\u00e7mi\u015f polisl\u0259 m\u00fcsahib\u0259. Giorgi \u0130rema\u015fvili G\u00fcrc\u00fcstanda izl\u0259m\u0259 sisteminin nec\u0259 quruldu\u011funu dan\u0131\u015f\u0131b.\",\"breadcrumb\":{\"@id\":\"https:\/\/jam-news.net\/az\/kecmis-polis-%c9%99m%c9%99kdasi-il%c9%99-qalmaqalli-musahib%c9%99-gurcustanda-sistem-nec%c9%99-isl%c9%99yir\/#breadcrumb\"},\"inLanguage\":\"az\",\"potentialAction\":[{\"@type\":\"ReadAction\",\"target\":[\"https:\/\/jam-news.net\/az\/kecmis-polis-%c9%99m%c9%99kdasi-il%c9%99-qalmaqalli-musahib%c9%99-gurcustanda-sistem-nec%c9%99-isl%c9%99yir\/\"]}]},{\"@type\":\"ImageObject\",\"inLanguage\":\"az\",\"@id\":\"https:\/\/jam-news.net\/az\/kecmis-polis-%c9%99m%c9%99kdasi-il%c9%99-qalmaqalli-musahib%c9%99-gurcustanda-sistem-nec%c9%99-isl%c9%99yir\/#primaryimage\",\"url\":\"https:\/\/jam-news.net\/app\/uploads\/2026\/04\/Screenshot-2026-04-27-at-16.41.20.png\",\"contentUrl\":\"https:\/\/jam-news.net\/app\/uploads\/2026\/04\/Screenshot-2026-04-27-at-16.41.20.png\",\"width\":1200,\"height\":562},{\"@type\":\"BreadcrumbList\",\"@id\":\"https:\/\/jam-news.net\/az\/kecmis-polis-%c9%99m%c9%99kdasi-il%c9%99-qalmaqalli-musahib%c9%99-gurcustanda-sistem-nec%c9%99-isl%c9%99yir\/#breadcrumb\",\"itemListElement\":[{\"@type\":\"ListItem\",\"position\":1,\"name\":\"Home\",\"item\":\"https:\/\/jam-news.net\/az\/\"},{\"@type\":\"ListItem\",\"position\":2,\"name\":\"Ke\u00e7mi\u015f polis \u0259m\u0259kda\u015f\u0131 il\u0259 qalmaqall\u0131 m\u00fcsahib\u0259: G\u00fcrc\u00fcstanda sistem nec\u0259 i\u015fl\u0259yir\"}]},{\"@type\":\"WebSite\",\"@id\":\"https:\/\/jam-news.net\/az\/#website\",\"url\":\"https:\/\/jam-news.net\/az\/\",\"name\":\"Azerbaijani Jamnews\",\"description\":\"Caucasus News, Politics and Society\",\"publisher\":{\"@id\":\"https:\/\/jam-news.net\/az\/#organization\"},\"potentialAction\":[{\"@type\":\"SearchAction\",\"target\":{\"@type\":\"EntryPoint\",\"urlTemplate\":\"https:\/\/jam-news.net\/az\/?s={search_term_string}\"},\"query-input\":{\"@type\":\"PropertyValueSpecification\",\"valueRequired\":true,\"valueName\":\"search_term_string\"}}],\"inLanguage\":\"az\"},{\"@type\":\"Organization\",\"@id\":\"https:\/\/jam-news.net\/az\/#organization\",\"name\":\"JAMnews\",\"url\":\"https:\/\/jam-news.net\/az\/\",\"logo\":{\"@type\":\"ImageObject\",\"inLanguage\":\"az\",\"@id\":\"https:\/\/jam-news.net\/az\/#\/schema\/logo\/image\/\",\"url\":\"https:\/\/jam-news.net\/app\/uploads\/2020\/05\/JAM_w.jpg\",\"contentUrl\":\"https:\/\/jam-news.net\/app\/uploads\/2020\/05\/JAM_w.jpg\",\"width\":960,\"height\":960,\"caption\":\"JAMnews\"},\"image\":{\"@id\":\"https:\/\/jam-news.net\/az\/#\/schema\/logo\/image\/\"},\"sameAs\":[\"https:\/\/www.facebook.com\/JAMnewsInEnglish\/\",\"https:\/\/x.com\/JAMnewsCaucasus\",\"https:\/\/www.instagram.com\/jam_news\/\",\"https:\/\/www.youtube.com\/channel\/UCXQbUCme2pykuZYXWHx4VPg\"]},{\"@type\":\"Person\",\"@id\":\"https:\/\/jam-news.net\/az\/#\/schema\/person\/9f5201213de7e745950950d0c1c0abab\",\"name\":\"gulnara\",\"image\":{\"@type\":\"ImageObject\",\"inLanguage\":\"az\",\"@id\":\"https:\/\/jam-news.net\/az\/#\/schema\/person\/image\/\",\"url\":\"https:\/\/secure.gravatar.com\/avatar\/c1ec22b621eb2f555f0e3b7a02648ad7?s=96&d=mm&r=g\",\"contentUrl\":\"https:\/\/secure.gravatar.com\/avatar\/c1ec22b621eb2f555f0e3b7a02648ad7?s=96&d=mm&r=g\",\"caption\":\"gulnara\"},\"url\":\"https:\/\/jam-news.net\/az\/author\/gulnara\/\"}]}<\/script>\n<!-- \/ Yoast SEO plugin. -->","yoast_head_json":{"title":"G\u00fcrc\u00fcstanda ke\u00e7mi\u015f polisl\u0259 m\u00fcsahib\u0259 |JAMnews","description":"G\u00fcrc\u00fcstanda ke\u00e7mi\u015f polisl\u0259 m\u00fcsahib\u0259. Giorgi \u0130rema\u015fvili G\u00fcrc\u00fcstanda izl\u0259m\u0259 sisteminin nec\u0259 quruldu\u011funu dan\u0131\u015f\u0131b.","robots":{"index":"index","follow":"follow","max-snippet":"max-snippet:-1","max-image-preview":"max-image-preview:large","max-video-preview":"max-video-preview:-1"},"canonical":"https:\/\/jam-news.net\/az\/kecmis-polis-\u0259m\u0259kdasi-il\u0259-qalmaqalli-musahib\u0259-gurcustanda-sistem-nec\u0259-isl\u0259yir\/","og_locale":"az_AZ","og_type":"article","og_title":"Ke\u00e7mi\u015f polis \u0259m\u0259kda\u015f\u0131 il\u0259 qalmaqall\u0131 m\u00fcsahib\u0259: G\u00fcrc\u00fcstanda sistem nec\u0259 i\u015fl\u0259yir","og_description":"G\u00fcrc\u00fcstanda ke\u00e7mi\u015f polisl\u0259 m\u00fcsahib\u0259. Giorgi \u0130rema\u015fvili G\u00fcrc\u00fcstanda izl\u0259m\u0259 sisteminin nec\u0259 quruldu\u011funu dan\u0131\u015f\u0131b.","og_url":"https:\/\/jam-news.net\/az\/kecmis-polis-\u0259m\u0259kdasi-il\u0259-qalmaqalli-musahib\u0259-gurcustanda-sistem-nec\u0259-isl\u0259yir\/","og_site_name":"Azerbaijani Jamnews","article_publisher":"https:\/\/www.facebook.com\/JAMnewsInEnglish\/","article_published_time":"2026-04-28T09:33:41+00:00","article_modified_time":"2026-04-28T09:33:43+00:00","og_image":[{"width":1200,"height":562,"url":"https:\/\/jam-news.net\/app\/uploads\/2026\/04\/Screenshot-2026-04-27-at-16.41.20.png","type":"image\/png"}],"author":"gulnara","twitter_card":"summary_large_image","twitter_title":"Ke\u00e7mi\u015f polis \u0259m\u0259kda\u015f\u0131 il\u0259 qalmaqall\u0131 m\u00fcsahib\u0259: G\u00fcrc\u00fcstanda sistem nec\u0259 i\u015fl\u0259yir","twitter_creator":"@JAMnewsCaucasus","twitter_site":"@JAMnewsCaucasus","twitter_misc":{"Written by":"gulnara","Est. reading time":"18 minutes"},"schema":{"@context":"https:\/\/schema.org","@graph":[{"@type":"Article","@id":"https:\/\/jam-news.net\/az\/kecmis-polis-%c9%99m%c9%99kdasi-il%c9%99-qalmaqalli-musahib%c9%99-gurcustanda-sistem-nec%c9%99-isl%c9%99yir\/#article","isPartOf":{"@id":"https:\/\/jam-news.net\/az\/kecmis-polis-%c9%99m%c9%99kdasi-il%c9%99-qalmaqalli-musahib%c9%99-gurcustanda-sistem-nec%c9%99-isl%c9%99yir\/"},"author":{"name":"gulnara","@id":"https:\/\/jam-news.net\/az\/#\/schema\/person\/9f5201213de7e745950950d0c1c0abab"},"headline":"Ke\u00e7mi\u015f polis \u0259m\u0259kda\u015f\u0131 il\u0259 qalmaqall\u0131 m\u00fcsahib\u0259: G\u00fcrc\u00fcstanda sistem nec\u0259 i\u015fl\u0259yir","datePublished":"2026-04-28T09:33:41+00:00","dateModified":"2026-04-28T09:33:43+00:00","mainEntityOfPage":{"@id":"https:\/\/jam-news.net\/az\/kecmis-polis-%c9%99m%c9%99kdasi-il%c9%99-qalmaqalli-musahib%c9%99-gurcustanda-sistem-nec%c9%99-isl%c9%99yir\/"},"wordCount":5362,"publisher":{"@id":"https:\/\/jam-news.net\/az\/#organization"},"image":{"@id":"https:\/\/jam-news.net\/az\/kecmis-polis-%c9%99m%c9%99kdasi-il%c9%99-qalmaqalli-musahib%c9%99-gurcustanda-sistem-nec%c9%99-isl%c9%99yir\/#primaryimage"},"thumbnailUrl":"https:\/\/jam-news.net\/app\/uploads\/2026\/04\/Screenshot-2026-04-27-at-16.41.20.png","keywords":["Anzor \u00c7ubinizi","Bidzina \u0130vani\u015fvili","Eka Kvesitadze","Giorgi \u0130rema\u015fvili","G\u00fcrc\u00fc Arzusu","G\u00fcrc\u00fcstan","\u0130rakli Alasaniya","Kakuliya qarda\u015flar\u0131","Niko Kvaratsxelia","Pegasus"],"articleSection":["Georgia","Issues","News","Opinion","Politics"],"inLanguage":"az"},{"@type":"WebPage","@id":"https:\/\/jam-news.net\/az\/kecmis-polis-%c9%99m%c9%99kdasi-il%c9%99-qalmaqalli-musahib%c9%99-gurcustanda-sistem-nec%c9%99-isl%c9%99yir\/","url":"https:\/\/jam-news.net\/az\/kecmis-polis-%c9%99m%c9%99kdasi-il%c9%99-qalmaqalli-musahib%c9%99-gurcustanda-sistem-nec%c9%99-isl%c9%99yir\/","name":"G\u00fcrc\u00fcstanda ke\u00e7mi\u015f polisl\u0259 m\u00fcsahib\u0259 |JAMnews","isPartOf":{"@id":"https:\/\/jam-news.net\/az\/#website"},"primaryImageOfPage":{"@id":"https:\/\/jam-news.net\/az\/kecmis-polis-%c9%99m%c9%99kdasi-il%c9%99-qalmaqalli-musahib%c9%99-gurcustanda-sistem-nec%c9%99-isl%c9%99yir\/#primaryimage"},"image":{"@id":"https:\/\/jam-news.net\/az\/kecmis-polis-%c9%99m%c9%99kdasi-il%c9%99-qalmaqalli-musahib%c9%99-gurcustanda-sistem-nec%c9%99-isl%c9%99yir\/#primaryimage"},"thumbnailUrl":"https:\/\/jam-news.net\/app\/uploads\/2026\/04\/Screenshot-2026-04-27-at-16.41.20.png","datePublished":"2026-04-28T09:33:41+00:00","dateModified":"2026-04-28T09:33:43+00:00","description":"G\u00fcrc\u00fcstanda ke\u00e7mi\u015f polisl\u0259 m\u00fcsahib\u0259. Giorgi \u0130rema\u015fvili G\u00fcrc\u00fcstanda izl\u0259m\u0259 sisteminin nec\u0259 quruldu\u011funu dan\u0131\u015f\u0131b.","breadcrumb":{"@id":"https:\/\/jam-news.net\/az\/kecmis-polis-%c9%99m%c9%99kdasi-il%c9%99-qalmaqalli-musahib%c9%99-gurcustanda-sistem-nec%c9%99-isl%c9%99yir\/#breadcrumb"},"inLanguage":"az","potentialAction":[{"@type":"ReadAction","target":["https:\/\/jam-news.net\/az\/kecmis-polis-%c9%99m%c9%99kdasi-il%c9%99-qalmaqalli-musahib%c9%99-gurcustanda-sistem-nec%c9%99-isl%c9%99yir\/"]}]},{"@type":"ImageObject","inLanguage":"az","@id":"https:\/\/jam-news.net\/az\/kecmis-polis-%c9%99m%c9%99kdasi-il%c9%99-qalmaqalli-musahib%c9%99-gurcustanda-sistem-nec%c9%99-isl%c9%99yir\/#primaryimage","url":"https:\/\/jam-news.net\/app\/uploads\/2026\/04\/Screenshot-2026-04-27-at-16.41.20.png","contentUrl":"https:\/\/jam-news.net\/app\/uploads\/2026\/04\/Screenshot-2026-04-27-at-16.41.20.png","width":1200,"height":562},{"@type":"BreadcrumbList","@id":"https:\/\/jam-news.net\/az\/kecmis-polis-%c9%99m%c9%99kdasi-il%c9%99-qalmaqalli-musahib%c9%99-gurcustanda-sistem-nec%c9%99-isl%c9%99yir\/#breadcrumb","itemListElement":[{"@type":"ListItem","position":1,"name":"Home","item":"https:\/\/jam-news.net\/az\/"},{"@type":"ListItem","position":2,"name":"Ke\u00e7mi\u015f polis \u0259m\u0259kda\u015f\u0131 il\u0259 qalmaqall\u0131 m\u00fcsahib\u0259: G\u00fcrc\u00fcstanda sistem nec\u0259 i\u015fl\u0259yir"}]},{"@type":"WebSite","@id":"https:\/\/jam-news.net\/az\/#website","url":"https:\/\/jam-news.net\/az\/","name":"Azerbaijani Jamnews","description":"Caucasus News, Politics and Society","publisher":{"@id":"https:\/\/jam-news.net\/az\/#organization"},"potentialAction":[{"@type":"SearchAction","target":{"@type":"EntryPoint","urlTemplate":"https:\/\/jam-news.net\/az\/?s={search_term_string}"},"query-input":{"@type":"PropertyValueSpecification","valueRequired":true,"valueName":"search_term_string"}}],"inLanguage":"az"},{"@type":"Organization","@id":"https:\/\/jam-news.net\/az\/#organization","name":"JAMnews","url":"https:\/\/jam-news.net\/az\/","logo":{"@type":"ImageObject","inLanguage":"az","@id":"https:\/\/jam-news.net\/az\/#\/schema\/logo\/image\/","url":"https:\/\/jam-news.net\/app\/uploads\/2020\/05\/JAM_w.jpg","contentUrl":"https:\/\/jam-news.net\/app\/uploads\/2020\/05\/JAM_w.jpg","width":960,"height":960,"caption":"JAMnews"},"image":{"@id":"https:\/\/jam-news.net\/az\/#\/schema\/logo\/image\/"},"sameAs":["https:\/\/www.facebook.com\/JAMnewsInEnglish\/","https:\/\/x.com\/JAMnewsCaucasus","https:\/\/www.instagram.com\/jam_news\/","https:\/\/www.youtube.com\/channel\/UCXQbUCme2pykuZYXWHx4VPg"]},{"@type":"Person","@id":"https:\/\/jam-news.net\/az\/#\/schema\/person\/9f5201213de7e745950950d0c1c0abab","name":"gulnara","image":{"@type":"ImageObject","inLanguage":"az","@id":"https:\/\/jam-news.net\/az\/#\/schema\/person\/image\/","url":"https:\/\/secure.gravatar.com\/avatar\/c1ec22b621eb2f555f0e3b7a02648ad7?s=96&d=mm&r=g","contentUrl":"https:\/\/secure.gravatar.com\/avatar\/c1ec22b621eb2f555f0e3b7a02648ad7?s=96&d=mm&r=g","caption":"gulnara"},"url":"https:\/\/jam-news.net\/az\/author\/gulnara\/"}]}},"_links":{"self":[{"href":"https:\/\/jam-news.net\/az\/wp-json\/wp\/v2\/posts\/104961","targetHints":{"allow":["GET"]}}],"collection":[{"href":"https:\/\/jam-news.net\/az\/wp-json\/wp\/v2\/posts"}],"about":[{"href":"https:\/\/jam-news.net\/az\/wp-json\/wp\/v2\/types\/post"}],"author":[{"embeddable":true,"href":"https:\/\/jam-news.net\/az\/wp-json\/wp\/v2\/users\/62"}],"replies":[{"embeddable":true,"href":"https:\/\/jam-news.net\/az\/wp-json\/wp\/v2\/comments?post=104961"}],"version-history":[{"count":14,"href":"https:\/\/jam-news.net\/az\/wp-json\/wp\/v2\/posts\/104961\/revisions"}],"predecessor-version":[{"id":104975,"href":"https:\/\/jam-news.net\/az\/wp-json\/wp\/v2\/posts\/104961\/revisions\/104975"}],"wp:featuredmedia":[{"embeddable":true,"href":"https:\/\/jam-news.net\/az\/wp-json\/wp\/v2\/media\/104937"}],"wp:attachment":[{"href":"https:\/\/jam-news.net\/az\/wp-json\/wp\/v2\/media?parent=104961"}],"wp:term":[{"taxonomy":"category","embeddable":true,"href":"https:\/\/jam-news.net\/az\/wp-json\/wp\/v2\/categories?post=104961"},{"taxonomy":"post_tag","embeddable":true,"href":"https:\/\/jam-news.net\/az\/wp-json\/wp\/v2\/tags?post=104961"},{"taxonomy":"formation","embeddable":true,"href":"https:\/\/jam-news.net\/az\/wp-json\/wp\/v2\/formation?post=104961"},{"taxonomy":"post-author","embeddable":true,"href":"https:\/\/jam-news.net\/az\/wp-json\/wp\/v2\/post-author?post=104961"},{"taxonomy":"topic","embeddable":true,"href":"https:\/\/jam-news.net\/az\/wp-json\/wp\/v2\/topic?post=104961"},{"taxonomy":"tooltip","embeddable":true,"href":"https:\/\/jam-news.net\/az\/wp-json\/wp\/v2\/tooltip?post=104961"},{"taxonomy":"city","embeddable":true,"href":"https:\/\/jam-news.net\/az\/wp-json\/wp\/v2\/city?post=104961"}],"curies":[{"name":"wp","href":"https:\/\/api.w.org\/{rel}","templated":true}]}}