{"id":104953,"date":"2026-04-28T12:05:44","date_gmt":"2026-04-28T08:05:44","guid":{"rendered":"https:\/\/jam-news.net\/az\/?p=104953"},"modified":"2026-04-28T12:07:04","modified_gmt":"2026-04-28T08:07:04","slug":"hokm-cixarmaga-t%c9%99l%c9%99sm%c9%99yin-pasinyanin-h%c9%99yat-yoldasi-r%c9%99hb%c9%99rlik-etdiyi-fonda-qarsi-ittihamlari-t%c9%99kzib-edir","status":"publish","type":"post","link":"https:\/\/jam-news.net\/az\/hokm-cixarmaga-t%c9%99l%c9%99sm%c9%99yin-pasinyanin-h%c9%99yat-yoldasi-r%c9%99hb%c9%99rlik-etdiyi-fonda-qarsi-ittihamlari-t%c9%99kzib-edir\/","title":{"rendered":"&#8220;H\u00f6km \u00e7\u0131xarma\u011fa t\u0259l\u0259sm\u0259yin&#8221;: Pa\u015finyan\u0131n h\u0259yat yolda\u015f\u0131 r\u0259hb\u0259rlik etdiyi fonda qar\u015f\u0131 ittihamlar\u0131 t\u0259kzib edir"},"content":{"rendered":"\n<p style=\"font-size:8px\"><em><strong>Anna Akopyan fondla ba\u011fl\u0131 ittihamlar\u0131 r\u0259dd edir<\/strong><\/em><\/p>\n\n\n\n<p><a href=\"https:\/\/jam-news.net\/az\/category\/cografiya\/erm%C9%99nistan\/\" target=\"_blank\" rel=\"noreferrer noopener\">Erm\u0259nistan\u0131n<\/a> ba\u015f nazirinin h\u0259yat yolda\u015f\u0131, &#8220;M\u0259nim add\u0131m\u0131m&#8221; fondunun icra\u00e7\u0131 direktoru olan Anna Akopyan h\u00fcquq m\u00fcdafi\u0259\u00e7isi Daniel \u0130oannisyan v\u0259 &#8220;M\u00fcst\u0259qil m\u00fc\u015fahid\u0259\u00e7i&#8221; bloku il\u0259 ba\u011fl\u0131 qar\u015f\u0131l\u0131ql\u0131 iddialarla \u00e7\u0131x\u0131\u015f etm\u0259yi planla\u015fd\u0131r\u0131r. O, art\u0131q v\u0259kill\u0259rin\u0259 i\u015fi ara\u015fd\u0131rma\u011f\u0131 v\u0259 Daniel \u0130oannisyan bar\u0259sind\u0259 cinay\u0259t i\u015fi ba\u015flanmas\u0131na \u0259sas ver\u0259 bil\u0259c\u0259k b\u0259yanatla \u00e7\u0131x\u0131\u015f etm\u0259yi tap\u015f\u0131r\u0131b. Bloka qar\u015f\u0131 iddia is\u0259 fondun i\u015fg\u00fczar n\u00fcfuzuna v\u0259 reputasiyas\u0131na vurulmu\u015f z\u0259r\u0259rin kompensasiya olunmas\u0131 t\u0259l\u0259bini ehtiva ed\u0259c\u0259k. Bu bar\u0259d\u0259 Anna Akopyan m\u0259tbuat konfrans\u0131 zaman\u0131 jurnalistl\u0259r\u0259 <a href=\"https:\/\/www.youtube.com\/watch?v=YkYjXL2iXLs\" target=\"_blank\" rel=\"noreferrer noopener\">m\u0259lumat verib<\/a>.<\/p>\n\n\n\n<p>Bundan \u0259vv\u0259l, aprelin 23-d\u0259 &#8220;M\u00fcst\u0259qil m\u00fc\u015fahid\u0259\u00e7il\u0259r&#8221; bloku Anna Akopyan\u0131n inzibati m\u0259suliyy\u0259t\u0259 c\u0259lb edilm\u0259si t\u0259l\u0259bi il\u0259 \u0130nzibati M\u0259hk\u0259m\u0259y\u0259 m\u00fcraci\u0259t etdiyini <a href=\"https:\/\/www.youtube.com\/watch?v=w3mOc07fS1c\" target=\"_blank\" rel=\"noreferrer noopener\">a\u00e7\u0131qlay\u0131b<\/a>. \u0130oannisyan\u0131n s\u00f6zl\u0259rin\u0259 g\u00f6r\u0259, hakim partiya il\u0259 &#8220;\u0259laq\u0259li&#8221; olan fond Erm\u0259nistanda se\u00e7kil\u0259rin ke\u00e7irilm\u0259si haqq\u0131nda prezident f\u0259rman\u0131 q\u00fcvv\u0259y\u0259 mindikd\u0259n sonra f\u0259aliyy\u0259tini dayand\u0131rmal\u0131 idi, lakin i\u015fini davam etdirib.<\/p>\n\n\n\n<p><strong>Ba\u015f nazirin h\u0259yat yolda\u015f\u0131 se\u00e7kil\u0259rd\u0259 i\u015ftirak etm\u0259diyini v\u0259 se\u00e7kiqaba\u011f\u0131 t\u0259\u015fviqat aparmad\u0131\u011f\u0131n\u0131 bildirib.<\/strong><\/p>\n\n\n\n<p>O vur\u011fulay\u0131b ki, &#8220;M\u00fcst\u0259qil m\u00fc\u015fahid\u0259\u00e7i&#8221; bloku &#8220;birba\u015fa t\u0259\u015fviqat s\u00fcbutlar\u0131&#8221; a\u015fkar etm\u0259yib. Onun s\u00f6zl\u0259rin\u0259 g\u00f6r\u0259, m\u0259s\u0259l\u0259 ondad\u0131r ki, fondun xeyriyy\u0259 proqramlar\u0131 v\u0259 onun \u015f\u0259xsi imici onlar\u0131n g\u00f6z\u00fcnd\u0259 hakim siyasi partiya il\u0259 assosiasiya olunur.<\/p>\n\n\n\n<p>Anna Akopyan r\u0259hb\u0259rlik etdiyi fondun proqramlar\u0131n\u0131n t\u0259xir\u0259 sal\u0131nmas\u0131 \u00fc\u00e7\u00fcn he\u00e7 bir \u0259sas g\u00f6rm\u00fcr. O, &#8220;M\u0259nim add\u0131m\u0131m&#8221; fondunun Erm\u0259nistan qanunvericiliyinin he\u00e7 bir m\u00fcdd\u0259as\u0131n\u0131 pozmad\u0131\u011f\u0131na \u0259mindir. Bundan \u0259lav\u0259, fondun t\u0259r\u0259fda\u015flar, o c\u00fcml\u0259d\u0259n beyn\u0259lxalq qurumlar qar\u015f\u0131s\u0131nda \u00f6hd\u0259likl\u0259rinin oldu\u011funu vur\u011fulay\u0131b. Buna g\u00f6r\u0259 d\u0259 hesab edir ki, fond f\u0259aliyy\u0259tini davam etdirm\u0259li v\u0259 m\u00fcqavil\u0259 \u00f6hd\u0259likl\u0259rini yerin\u0259 yetirm\u0259lidir.<\/p>\n\n\n\n<hr class=\"wp-block-separator has-alpha-channel-opacity is-style-wide\"\/>\n\n\n\n<ul class=\"wp-block-list\">\n<li><a href=\"https:\/\/jam-news.net\/az\/erm%C9%99nistan-xarici-isl%C9%99r-nazirinin-muavini-turkiy%C9%99d%C9%99-keciril%C9%99n-forumda-erm%C9%99nistan-avropaya-korpudur\/\" target=\"_blank\" rel=\"noreferrer noopener\">Erm\u0259nistan xarici i\u015fl\u0259r nazirinin m\u00fcavini T\u00fcrkiy\u0259d\u0259 ke\u00e7iril\u0259n forumda: &#8220;Erm\u0259nistan Avropaya k\u00f6rp\u00fcd\u00fcr&#8221;<\/a><\/li>\n\n\n\n<li><a href=\"https:\/\/jam-news.net\/az\/ucbasli-muharib%C9%99-partiyasindan-bas-nazirliy%C9%99-namiz%C9%99d-robert-kocaryan-erm%C9%99nistan-milli-m%C9%99clisinin-vitse-spikeri\/\" target=\"_blank\" rel=\"noreferrer noopener\">&#8220;\u00dc\u00e7ba\u015fl\u0131 m\u00fcharib\u0259 partiyas\u0131ndan ba\u015f nazirliy\u0259 namiz\u0259d: Robert Ko\u00e7aryan&#8221; &#8211; Erm\u0259nistan Milli M\u0259clisinin vitse-spikeri<\/a><\/li>\n\n\n\n<li><a href=\"https:\/\/jam-news.net\/az\/saxta-hesablar-ordusu-bas-nazirliy%C9%99-namiz%C9%99dl%C9%99rd%C9%99n-birini-d%C9%99st%C9%99kl%C9%99yir-erm%C9%99nistan-faktcekerl%C9%99ri\/\" target=\"_blank\" rel=\"noreferrer noopener\">&#8220;Saxta hesablar ordusu ba\u015f nazirliy\u0259 namiz\u0259dl\u0259rd\u0259n birini d\u0259st\u0259kl\u0259yir&#8221; &#8211; Erm\u0259nistan fakt\u00e7ekerl\u0259ri<\/a><\/li>\n<\/ul>\n\n\n\n<hr class=\"wp-block-separator has-alpha-channel-opacity is-style-wide\"\/>\n\n\n\n<h2 class=\"wp-block-heading\">Anna Akopyan: &#8220;Benefisiarlar aras\u0131nda he\u00e7 vaxt t\u0259\u015fviqat apar\u0131lmay\u0131b&#8221;<\/h2>\n\n\n\n<p>Anna Akopyan h\u00fcquqlar\u0131n\u0131n pozuldu\u011funu b\u0259yan etm\u0259k \u00fc\u00e7\u00fcn jurnalistl\u0259ri m\u0259tbuat konfrans\u0131na d\u0259v\u0259t edib. O vur\u011fulay\u0131b ki, s\u00f6hb\u0259t Erm\u0259nistan Konstitusiyas\u0131 v\u0259 qanunlar\u0131, el\u0259c\u0259 d\u0259 beyn\u0259lxalq konvensiyalarla t\u0259sbit olunmu\u015f h\u00fcquqlardan gedir.<\/p>\n\n\n\n<p><em>&#8220;M\u0259n qad\u0131n, v\u0259t\u0259nda\u015f, se\u00e7ici v\u0259 fondun direktoru kimi h\u00fcquqlar\u0131m\u0131 qorumaqda q\u0259rarl\u0131yam&#8221;,<\/em> &#8211; dey\u0259 o bildirib.<\/p>\n\n\n\n<p>X\u00fcsusil\u0259, o hesab edir ki, onun se\u00e7ki h\u00fcququ v\u0259 irad\u0259 azadl\u0131\u011f\u0131 pozulub. Onun fikrinc\u0259, &#8220;h\u0259r bir insan\u0131n siyasi y\u00f6n\u00fcm\u00fc, s\u0259sverm\u0259 h\u00fcququ onun kimliyind\u0259n as\u0131l\u0131 olmayaraq ictimai m\u00fczakir\u0259 m\u00f6vzusu ola bilm\u0259z&#8221;.<\/p>\n\n\n\n<p>O, h\u0259m\u00e7inin hesab edir ki, onunla ba\u011fl\u0131 BMT-nin qad\u0131nlara qar\u015f\u0131 b\u00fct\u00fcn ayr\u0131-se\u00e7kilik formalar\u0131n\u0131n l\u0259\u011fvi haqq\u0131nda Konvensiyas\u0131n\u0131n m\u00fcdd\u0259alar\u0131 pozulub.<\/p>\n\n\n\n<p>Anna Akopyan xat\u0131rlad\u0131b ki, 2022-ci ilin sentyabr\u0131nda Erm\u0259nistanda yerli \u00f6z\u00fcn\u00fcidar\u0259etm\u0259 orqanlar\u0131na se\u00e7kil\u0259r ke\u00e7irilib. H\u0259min vaxt &#8220;M\u0259nim add\u0131m\u0131m&#8221; fondunun icra\u00e7\u0131 direktoru v\u0259zif\u0259sini hakim partiyan\u0131n idar\u0259 hey\u0259tinin \u00fczv\u00fc Mxitar Ayrapetyan tuturdu. Onun s\u00f6zl\u0259rin\u0259 g\u00f6r\u0259, fond h\u0259min d\u00f6vrd\u0259 se\u00e7kil\u0259rin ke\u00e7irildiyi \u015eirak vilay\u0259tind\u0259 xeyriyy\u0259 proqramlar\u0131 h\u0259yata ke\u00e7irirdi.<\/p>\n\n\n\n<p><em>&#8220;Lakin o zaman fondun v\u0259 ya onun r\u0259hb\u0259rinin cinay\u0259t v\u0259 ya inzibati m\u0259suliyy\u0259t\u0259 c\u0259lb olunmas\u0131 \u00fc\u00e7\u00fcn he\u00e7 bir ara\u015fd\u0131rma apar\u0131lmay\u0131b. M\u0259n bunu qad\u0131nlara qar\u015f\u0131 ayr\u0131-se\u00e7kiliyin qanunla qada\u011fan olunmas\u0131n\u0131n pozulmas\u0131 hesab edir\u0259m&#8221;,<\/em> &#8211; dey\u0259 ba\u015f nazirin h\u0259yat yolda\u015f\u0131 izah edib.<\/p>\n\n\n\n<p><strong>O, M\u0259rk\u0259zi Se\u00e7ki Komissiyas\u0131n\u0131n izah\u0131na istinad ed\u0259r\u0259k bildirib ki, xeyriyy\u0259 f\u0259aliyy\u0259tin\u0259 qoyulan m\u0259hdudiyy\u0259t yaln\u0131z a\u015fa\u011f\u0131dak\u0131 hallara \u015famil olunur:<\/strong><\/p>\n\n\n\n<ul class=\"wp-block-list\">\n<li>fondun r\u0259hb\u0259r orqan\u0131n\u0131n \u00fczvl\u0259ri tam v\u0259 ya qism\u0259n partiyan\u0131n daimi r\u0259hb\u0259r orqan\u0131n\u0131n \u00fczvl\u0259ri il\u0259 \u00fcst-\u00fcst\u0259 d\u00fc\u015f\u00fcrs\u0259, y\u0259ni fond partiya t\u0259r\u0259find\u0259n idar\u0259 olunursa,<\/li>\n\n\n\n<li>fondun t\u0259sis\u00e7isi v\u0259 ya r\u0259hb\u0259ri se\u00e7kil\u0259rd\u0259 namiz\u0259d kimi ir\u0259li s\u00fcr\u00fcl\u00fcrs\u0259.<\/li>\n<\/ul>\n\n\n\n<p><em>&#8220;Faktiki olaraq, n\u0259 fondun icra\u00e7\u0131 direktoru, n\u0259 d\u0259 q\u0259yyumlar \u015furas\u0131n\u0131n \u00fczvl\u0259ri h\u0259r hans\u0131 siyasi q\u00fcvv\u0259ni t\u0259msil edir v\u0259 ya qar\u015f\u0131dan g\u0259l\u0259n se\u00e7kil\u0259rd\u0259 namiz\u0259d kimi i\u015ftirak edir. Fondun h\u0259r hans\u0131 proqram\u0131 \u00e7\u0259r\u00e7iv\u0259sind\u0259 benefisiarlar aras\u0131nda he\u00e7 vaxt t\u0259\u015fviqat apar\u0131lmay\u0131b&#8221;,<\/em> &#8211; dey\u0259 Akopyan vur\u011fulay\u0131b.<\/p>\n\n\n\n<p>&#8220;M\u0259nim add\u0131m\u0131m&#8221; fondunun hakim partiya il\u0259 assosiasiya olunub-olunmamas\u0131 il\u0259 ba\u011fl\u0131 jurnalistl\u0259rin sual\u0131na cavab olaraq o, bu sual\u0131 Erm\u0259nistan sakinl\u0259rin\u0259 \u00fcnvanlama\u011f\u0131 t\u00f6vsiy\u0259 edib:<\/p>\n\n\n\n<p><em>&#8220;M\u0259nim bu bar\u0259d\u0259 fikrim yoxdur. Siz d\u0259qiql\u0259\u015fdirin, assosiasiya olunur, ya yox. Daniel \u0130oannisyan hesab edir ki, olunur. Amma bunun se\u00e7kil\u0259r\u0259 n\u0259 aidiyy\u0259ti var?&#8221;<\/em><\/p>\n\n\n\n<p>Fondun r\u0259hb\u0259rinin s\u00f6zl\u0259rin\u0259 g\u00f6r\u0259, &#8220;M\u00fcst\u0259qil m\u00fc\u015fahid\u0259\u00e7i&#8221; blokunun b\u0259yanatlar\u0131 &#8220;m\u00fcbahis\u0259lidir&#8221; v\u0259 o, bunlar\u0131 m\u0259hk\u0259m\u0259d\u0259 m\u00fcbahis\u0259l\u0259ndir\u0259c\u0259k:<\/p>\n\n\n\n<p><em>&#8220;Guya hans\u0131sa pozuntuya yol verdiyimiz bar\u0259d\u0259 yekun h\u00f6km \u00e7\u0131xarma\u011fa t\u0259l\u0259sm\u0259yin. Bunu m\u0259hk\u0259m\u0259 m\u00fc\u0259yy\u0259n ed\u0259c\u0259k. Ola bil\u0259r ki, biz uduzaq. Ola da bil\u0259r ki, yox. M\u0259n qabaqcadan n\u0259tic\u0259 \u00e7\u0131xarmaq v\u0259 \u00f6z\u00fcm\u0259 hakim rolu verm\u0259k ist\u0259mir\u0259m&#8221;.<\/em><\/p>\n\n\n<article class=\"single-card uk-flex uk-flex-between m-b-sm-40\">\n\n  <div class=\"uk-grid wi-full-width\">\n\n    <div class=\"uk-width-2-3 p-t-sm-10\">\n      <a href=\"https:\/\/jam-news.net\/az\/erm%c9%99nistanda-secicil%c9%99rin-%c9%99l%c9%99-alinmasi-guclu-erm%c9%99nistan-partiyasi-rusv%c9%99tl%c9%99ri-maas-v%c9%99-xeyriyy%c9%99-kimi-r%c9%99smil%c9%99sdirib\/\" target=\"_blank\">\n\n\n\n\n\n        <h2 class=\"m-b-sm-23 wi-merriweather-light\">\n\tErm\u0259nistanda se\u00e7icil\u0259rin \u0259l\u0259 al\u0131nmas\u0131: \u201cG\u00fccl\u00fc Erm\u0259nistan\u201d partiyas\u0131 r\u00fc\u015fv\u0259tl\u0259ri maa\u015f v\u0259 xeyriyy\u0259 kimi r\u0259smil\u0259\u015fdirib\n<\/h2>\n\n        <p class=\"paragraph-color-2 m-b-sm-10 m-b-xs-7\">\n  Korrupsiyaya Qar\u015f\u0131 M\u00fcbariz\u0259 Komit\u0259sind\u0259n bildirilib ki, rusiyal\u0131 i\u015f adam\u0131 Samvel Karapetyan\u0131n r\u0259hb\u0259rlik etdiyi partiya \u00fc\u00e7\u00fcn &#8220;s\u0259sl\u0259rin t\u0259min edilm\u0259si&#8221; mexanizmi i\u015f\u0259 sal\u0131n\u0131b\n<\/p>\n      <\/a>\n    <\/div>\n    <div class=\"uk-width-1-3\">\n      <figure class=\"wi-full-height choose-post__img wi-merriweather-light\">\n  <a class=\"\" href=\"https:\/\/jam-news.net\/az\/erm%c9%99nistanda-secicil%c9%99rin-%c9%99l%c9%99-alinmasi-guclu-erm%c9%99nistan-partiyasi-rusv%c9%99tl%c9%99ri-maas-v%c9%99-xeyriyy%c9%99-kimi-r%c9%99smil%c9%99sdirib\/\">\n    <img decoding=\"async\" class=\"wi-full-height wi-ratio-img\" src=\"https:\/\/jam-news.net\/app\/uploads\/2026\/03\/90970277_.jpg\" alt=\"\" uk-img \/>\n  <\/a>\n<\/figure>\n    <\/div>\n  <\/div>\n<\/article>\n\n\n\n<h2 class=\"wp-block-heading\">&#8220;M\u00fcst\u0259qil m\u00fc\u015fahid\u0259\u00e7i&#8221; blokunun m\u00f6vqeyi: ba\u015f nazirin h\u0259yat yolda\u015f\u0131 hans\u0131 pozuntulara yol verib<\/h2>\n\n\n\n<p>&#8220;M\u00fcst\u0259qil m\u00fc\u015fahid\u0259\u00e7i&#8221; bloku \u0130nzibati M\u0259hk\u0259m\u0259y\u0259 m\u00fcraci\u0259t ed\u0259r\u0259k &#8220;M\u0259nim add\u0131m\u0131m&#8221; fondunun icra\u00e7\u0131 direktorunun 15 epizod \u00fczr\u0259 inzibati m\u0259suliyy\u0259t\u0259 c\u0259lb olunmas\u0131n\u0131 t\u0259l\u0259b edib.<\/p>\n\n\n\n<p><em>&#8220;Se\u00e7ki M\u0259c\u0259ll\u0259sinin 19-cu madd\u0259sinin 6.1-ci hiss\u0259sin\u0259 \u0259sas\u0259n, h\u0259r hans\u0131 partiya il\u0259 \u0259laq\u0259li fondlar prezidentin se\u00e7kil\u0259rl\u0259 ba\u011fl\u0131 f\u0259rman\u0131 q\u00fcvv\u0259y\u0259 mindiyi andan etibar\u0259n f\u0259aliyy\u0259tl\u0259rini dayand\u0131rmal\u0131d\u0131r&#8221;,<\/em> &#8211; dey\u0259 blokun n\u00fcmay\u0259nd\u0259si Daniel \u0130oannisyan vur\u011fulay\u0131b.<\/p>\n\n\n\n<p><strong>Qanun bel\u0259 pozuntuya g\u00f6r\u0259 6 milyon dramad\u0259k (16 min dollar) c\u0259rim\u0259 n\u0259z\u0259rd\u0259 tutur.<\/strong><\/p>\n\n\n\n<p>\u0130oannisyan\u0131n fikrinc\u0259, &#8220;M\u0259nim add\u0131m\u0131m&#8221; fondu birm\u0259nal\u0131 \u015f\u0259kild\u0259 &#8220;V\u0259t\u0259nda\u015f m\u00fcqavil\u0259si&#8221; partiyas\u0131 il\u0259 assosiasiya olunur. O xat\u0131rlad\u0131b ki, fondun q\u0259yyumlar \u015furas\u0131n\u0131n s\u0259dri hakim fraksiyadan olan f\u0259aliyy\u0259t g\u00f6st\u0259r\u0259n deputat Lena Nazaryand\u0131r. Bununla bel\u0259, o, 2026-c\u0131 il \u00fczr\u0259 partiyan\u0131n se\u00e7ki siyah\u0131s\u0131na daxil edilm\u0259yib.<\/p>\n\n\n\n<p><em>&#8220;Bundan \u0259lav\u0259, &#8220;M\u0259nim add\u0131m\u0131m&#8221; m\u0259hz &#8220;V\u0259t\u0259nda\u015f m\u00fcqavil\u0259si&#8221; partiyas\u0131n\u0131n Yerevan A\u011fsaqqallar \u015euras\u0131nda v\u0259 \u0259vv\u0259lki \u00e7a\u011f\u0131r\u0131\u015f parlament se\u00e7kil\u0259rind\u0259 formala\u015fd\u0131rd\u0131\u011f\u0131 blokun ad\u0131 idi. &#8220;M\u0259nim add\u0131m\u0131m&#8221; hakim partiyan\u0131n istifad\u0259 etdiyi brenddir&#8221;,<\/em> &#8211; dey\u0259 o bildirib.<\/p>\n\n\n\n<p><strong>Onun s\u00f6zl\u0259rin\u0259 g\u00f6r\u0259, fond f\u0259aliyy\u0259tini dayand\u0131rmal\u0131 idi, lakin xeyriyy\u0259 layih\u0259l\u0259rini h\u0259yata ke\u00e7irm\u0259y\u0259 davam edib.<\/strong><\/p>\n\n\n\n<p>&#8220;M\u00fcst\u0259qil m\u00fc\u015fahid\u0259\u00e7i&#8221; bloku son aylarda fondun f\u0259aliyy\u0259tini \u0259trafl\u0131 ara\u015fd\u0131r\u0131b v\u0259 n\u0259tic\u0259d\u0259 b\u0259yan edib ki, Cinay\u0259t M\u0259c\u0259ll\u0259sind\u0259 n\u0259z\u0259rd\u0259 tutulan he\u00e7 bir h\u00fcquq pozuntusu a\u015fkarlanmay\u0131b:<\/p>\n\n\n\n<p><em>&#8220;Cinay\u0259t M\u0259c\u0259ll\u0259sinin 221-ci madd\u0259sin\u0259 g\u00f6r\u0259, namiz\u0259d, partiya \u00fczv\u00fc v\u0259 ya s\u0259lahiyy\u0259tli n\u00fcmay\u0259nd\u0259si t\u0259r\u0259find\u0259n h\u0259yata ke\u00e7iril\u0259n xeyriyy\u0259 f\u0259aliyy\u0259ti c\u0259zaland\u0131r\u0131la bil\u0259r. \u018fslind\u0259 is\u0259 n\u0259 Anna Akopyan, n\u0259 d\u0259 fond namiz\u0259d, partiya, <em>s\u0259lahiyy\u0259tli n\u00fcmay\u0259nd\u0259<\/em> v\u0259 ya partiya \u00fczv\u00fcd\u00fcr. Bu bax\u0131mdan cinay\u0259t t\u0259rkibi yoxdur&#8221;.<\/em><\/p>\n\n\n\n<p>\u0130oannisyan\u0131n s\u00f6zl\u0259rin\u0259 g\u00f6r\u0259, xeyriyy\u0259 f\u0259aliyy\u0259ti t\u0259\u015fviqatla m\u00fc\u015fayi\u0259t olunmay\u0131b ki, bu da cinay\u0259t m\u0259suliyy\u0259tini istisna edir.<\/p>\n\n\n<article class=\"single-card uk-flex uk-flex-between m-b-sm-40\">\n\n  <div class=\"uk-grid wi-full-width\">\n\n    <div class=\"uk-width-2-3 p-t-sm-10\">\n      <a href=\"https:\/\/jam-news.net\/az\/rusiya-erm%c9%99nistandaki-seckil%c9%99r%c9%99-on-minl%c9%99rl%c9%99-secici-gond%c9%99rm%c9%99y%c9%99-calisir-yerevanda-muzakir%c9%99l%c9%99r\/\" target=\"_blank\">\n\n\n\n\n\n        <h2 class=\"m-b-sm-23 wi-merriweather-light\">\n\t&quot;Rusiya Erm\u0259nistandak\u0131 se\u00e7kil\u0259r\u0259 on minl\u0259rl\u0259 se\u00e7ici g\u00f6nd\u0259rm\u0259y\u0259 \u00e7al\u0131\u015f\u0131r&quot;: Yerevanda m\u00fczakir\u0259l\u0259r\n<\/h2>\n\n        <p class=\"paragraph-color-2 m-b-sm-10 m-b-xs-7\">\n  Erm\u0259nistan\u0131n Xarici K\u0259\u015ffiyyat Xidm\u0259ti \u00f6lk\u0259nin ad\u0131n\u0131 \u00e7\u0259km\u0259d\u0259n b\u0259yanatla \u00e7\u0131x\u0131\u015f edib, lakin v\u0259t\u0259nda\u015f c\u0259miyy\u0259ti n\u00fcmay\u0259nd\u0259l\u0259ri onu a\u00e7\u0131qlay\u0131r. \n<\/p>\n      <\/a>\n    <\/div>\n    <div class=\"uk-width-1-3\">\n      <figure class=\"wi-full-height choose-post__img wi-merriweather-light\">\n  <a class=\"\" href=\"https:\/\/jam-news.net\/az\/rusiya-erm%c9%99nistandaki-seckil%c9%99r%c9%99-on-minl%c9%99rl%c9%99-secici-gond%c9%99rm%c9%99y%c9%99-calisir-yerevanda-muzakir%c9%99l%c9%99r\/\">\n    <img decoding=\"async\" class=\"wi-full-height wi-ratio-img\" src=\"https:\/\/jam-news.net\/app\/uploads\/2026\/03\/elections-1200x675-1.jpg\" alt=\"\" uk-img \/>\n  <\/a>\n<\/figure>\n    <\/div>\n  <\/div>\n<\/article>\n\n\n\n<h2 class=\"wp-block-heading\">Kontekst<\/h2>\n\n\n\n<p>Bir ne\u00e7\u0259 ay \u0259vv\u0259l Anna Akopyan v\u0259t\u0259nda\u015f nikah\u0131nda oldu\u011fu <a href=\"https:\/\/jam-news.net\/az\/topic\/nikol-pasinyan\/\" target=\"_blank\" rel=\"noreferrer noopener\">Nikol Pa\u015finyanla<\/a> m\u00fcnasib\u0259tl\u0259rini dayand\u0131rd\u0131\u011f\u0131n\u0131 a\u00e7\u0131qlam\u0131\u015fd\u0131. O, h\u00f6kum\u0259t iqam\u0259tgah\u0131n\u0131 t\u0259rk etdiyini bildirdiyi video yay\u0131mlam\u0131\u015fd\u0131. Akopyan h\u0259min vaxt &#8220;M\u0259nim add\u0131m\u0131m&#8221; fondundak\u0131 f\u0259aliyy\u0259tin\u0259 d\u0259 toxunmu\u015fdu. O, fondun icra\u00e7\u0131 direktoru kimi cinay\u0259t m\u0259suliyy\u0259tin\u0259 c\u0259lb olunma ehtimal\u0131n\u0131 istisna etm\u0259mi\u015fdi. Lakin i\u015fin detallar\u0131 bar\u0259d\u0259 he\u00e7 n\u0259 dem\u0259mi\u015fdi.<\/p>\n\n\n\n<p>Erm\u0259nistanda parlament se\u00e7kil\u0259rinin ke\u00e7irilm\u0259si il\u0259 ba\u011fl\u0131 prezident f\u0259rman\u0131 d\u0259rc olunduqdan sonra fond yeni ba\u015flayanlar \u00fc\u00e7\u00fcn pulsuz ingilis dili kurslar\u0131n\u0131n t\u0259\u015fkilini elan etdi. Ehtimal olunurdu ki, bu, xeyriyy\u0259 f\u0259aliyy\u0259tin\u0259 qoyulan qada\u011fan\u0131n m\u00fcmk\u00fcn pozuntusu kimi qiym\u0259tl\u0259ndiril\u0259 bil\u0259r. Fevral\u0131n sonunda Korrupsiyaya qar\u015f\u0131 M\u00fcbariz\u0259 Komit\u0259sinin s\u0259dri Artur Naapetyan bildirmi\u015fdi ki, fondun f\u0259aliyy\u0259ti haz\u0131rda ara\u015fd\u0131r\u0131l\u0131r. Lakin yax\u0131n vaxtlarda o, r\u0259hb\u0259rlik etdiyi qurumda Anna Akopyanla ba\u011fl\u0131 h\u0259r hans\u0131 cinay\u0259t i\u015finin olmad\u0131\u011f\u0131n\u0131 a\u00e7\u0131qlay\u0131b.<\/p>\n\n\n\n<p>Erm\u0259nistan\u0131n ba\u015f naziri il\u0259 s\u0259s-k\u00fcyl\u00fc ayr\u0131l\u0131\u011fa g\u0259ldikd\u0259 is\u0259, son vaxtlar Akopyan Pa\u015finyan\u0131n tez-tez h\u00f6kum\u0259t iqam\u0259tgah\u0131ndan payla\u015fd\u0131\u011f\u0131 videolarda yenid\u0259n g\u00f6r\u00fcnm\u0259y\u0259 ba\u015flay\u0131b. Bundan \u0259lav\u0259, o, b\u00f6lg\u0259l\u0259r\u0259 s\u0259f\u0259rl\u0259rd\u0259 d\u0259 onu yenid\u0259n m\u00fc\u015fayi\u0259t edir. Pa\u015finyan \u00f6z\u00fc is\u0259 bildirib ki, onun geri qay\u0131tmas\u0131 \u00fc\u00e7\u00fcn s\u0259y g\u00f6st\u0259rib v\u0259 ail\u0259ni qorumaq \u00fc\u00e7\u00fcn ikinci \u015fans \u0259ld\u0259 etdiyin\u0259 g\u00f6r\u0259 \u00e7ox sevinir.<\/p>\n\n\n<article class=\"single-card uk-flex uk-flex-between m-b-sm-40\">\n\n  <div class=\"uk-grid wi-full-width\">\n\n    <div class=\"uk-width-2-3 p-t-sm-10\">\n      <a href=\"https:\/\/jam-news.net\/az\/erm%c9%99nistanda-pensiyalarin-artirilmasi-iqtisadi-artimin-n%c9%99tic%c9%99si-yoxsa-secicil%c9%99rin-%c9%99l%c9%99-alinmasi\/\" target=\"_blank\">\n\n\n\n\n\n        <h2 class=\"m-b-sm-23 wi-merriweather-light\">\n\tErm\u0259nistanda pensiyalar\u0131n art\u0131r\u0131lmas\u0131: iqtisadi art\u0131m\u0131n n\u0259tic\u0259si, yoxsa se\u00e7icil\u0259rin \u0259l\u0259 al\u0131nmas\u0131?\n<\/h2>\n\n        <p class=\"paragraph-color-2 m-b-sm-10 m-b-xs-7\">\n  H\u00f6kum\u0259tin pensiyalar\u0131 art\u0131rmaq q\u0259rar\u0131n\u0131 m\u00fcxalif\u0259t se\u00e7kiqaba\u011f\u0131 \u0259l\u0259alma kimi qiym\u0259tl\u0259ndirib. Hakimiyy\u0259t is\u0259 bildirir ki, bu add\u0131m iqtisadi art\u0131m g\u00f6st\u0259ricil\u0259rinin proqnozla\u015fd\u0131r\u0131landan y\u00fcks\u0259k olmas\u0131 say\u0259sind\u0259 m\u00fcmk\u00fcn olub.\n<\/p>\n      <\/a>\n    <\/div>\n    <div class=\"uk-width-1-3\">\n      <figure class=\"wi-full-height choose-post__img wi-merriweather-light\">\n  <a class=\"\" href=\"https:\/\/jam-news.net\/az\/erm%c9%99nistanda-pensiyalarin-artirilmasi-iqtisadi-artimin-n%c9%99tic%c9%99si-yoxsa-secicil%c9%99rin-%c9%99l%c9%99-alinmasi\/\">\n    <img decoding=\"async\" class=\"wi-full-height wi-ratio-img\" src=\"https:\/\/jam-news.net\/app\/uploads\/2026\/02\/Olders-1.jpg\" alt=\"\" uk-img \/>\n  <\/a>\n<\/figure>\n    <\/div>\n  <\/div>\n<\/article>\n\n\n\n<p style=\"font-size:3px\">Anna Akopyan fondla ba\u011fl\u0131 ittihamlar\u0131 r\u0259dd edir<\/p>\n","protected":false},"excerpt":{"rendered":"<p>&#8220;M\u00fcst\u0259qil m\u00fc\u015fahid\u0259\u00e7i&#8221; bloku se\u00e7kiqaba\u011f\u0131 d\u00f6vrd\u0259 xeyriyy\u0259 f\u0259aliyy\u0259tin\u0259 qoyulan qada\u011fan\u0131n pozulmas\u0131na g\u00f6r\u0259 Anna Akopyan\u0131n m\u0259suliyy\u0259t\u0259 c\u0259lb olunmas\u0131 t\u0259l\u0259bi il\u0259 m\u0259hk\u0259m\u0259y\u0259 m\u00fcraci\u0259t edib. Onun v\u0259kill\u0259ri qar\u015f\u0131l\u0131ql\u0131 iddialar haz\u0131rlay\u0131r.<\/p>\n","protected":false},"author":62,"featured_media":104941,"comment_status":"closed","ping_status":"closed","sticky":false,"template":"","format":"standard","meta":{"_acf_changed":false,"footnotes":""},"categories":[27,25,50,49,5],"tags":[6935,6936,6939,6934,6940,6686,33,6938,6937,415],"formation":[],"post-author":[2888],"topic":[4951,413],"tooltip":[],"city":[6054],"class_list":["post-104953","post","type-post","status-publish","format-standard","has-post-thumbnail","hentry","category-ermnistan","category-cmiyyt","category-xbrlr","category-srh","category-siyast","tag-mnim-addimim-fondu","tag-mustqil-musahidcilr-bloku","tag-vtndas-muqavilsi-partiyasi","tag-anna-akopyan","tag-artur-naapetyan","tag-daniel-ioannisyan","tag-ermnistan","tag-lena-nazaryan","tag-mxitar-ayrapetyan","tag-nikol-pasinyan","post-author-jamnews","topic-ermnistan","topic-nikol-pasinyan","city-yerevan"],"acf":[],"yoast_head":"<!-- This site is optimized with the Yoast SEO plugin v24.1 - https:\/\/yoast.com\/wordpress\/plugins\/seo\/ -->\n<title>Anna Akopyan fondla ba\u011fl\u0131 ittihamlar\u0131 r\u0259dd edir |JamNews<\/title>\n<meta name=\"description\" content=\"Anna Akopyan fondla ba\u011fl\u0131 ittihamlar\u0131 r\u0259dd edir. O, r\u0259hb\u0259ri oldu\u011fu fondun se\u00e7kiqaba\u011f\u0131 d\u00f6vrd\u0259 f\u0259aliyy\u0259t\u0259 davam etm\u0259sin\u0259 g\u00f6r\u0259 m\u0259hk\u0259m\u0259y\u0259 verilib\" \/>\n<meta name=\"robots\" content=\"index, follow, max-snippet:-1, max-image-preview:large, max-video-preview:-1\" \/>\n<link rel=\"canonical\" href=\"https:\/\/jam-news.net\/az\/hokm-cixarmaga-t\u0259l\u0259sm\u0259yin-pasinyanin-h\u0259yat-yoldasi-r\u0259hb\u0259rlik-etdiyi-fonda-qarsi-ittihamlari-t\u0259kzib-edir\/\" \/>\n<meta property=\"og:locale\" content=\"az_AZ\" \/>\n<meta property=\"og:type\" content=\"article\" \/>\n<meta property=\"og:title\" content=\"&quot;H\u00f6km \u00e7\u0131xarma\u011fa t\u0259l\u0259sm\u0259yin&quot;: Pa\u015finyan\u0131n h\u0259yat yolda\u015f\u0131 r\u0259hb\u0259rlik etdiyi fonda qar\u015f\u0131 ittihamlar\u0131 t\u0259kzib edir\" \/>\n<meta property=\"og:description\" content=\"Anna Akopyan fondla ba\u011fl\u0131 ittihamlar\u0131 r\u0259dd edir. O, r\u0259hb\u0259ri oldu\u011fu fondun se\u00e7kiqaba\u011f\u0131 d\u00f6vrd\u0259 f\u0259aliyy\u0259t\u0259 davam etm\u0259sin\u0259 g\u00f6r\u0259 m\u0259hk\u0259m\u0259y\u0259 verilib\" \/>\n<meta property=\"og:url\" content=\"https:\/\/jam-news.net\/az\/hokm-cixarmaga-t\u0259l\u0259sm\u0259yin-pasinyanin-h\u0259yat-yoldasi-r\u0259hb\u0259rlik-etdiyi-fonda-qarsi-ittihamlari-t\u0259kzib-edir\/\" \/>\n<meta property=\"og:site_name\" content=\"Azerbaijani Jamnews\" \/>\n<meta property=\"article:publisher\" content=\"https:\/\/www.facebook.com\/JAMnewsInEnglish\/\" \/>\n<meta property=\"article:published_time\" content=\"2026-04-28T08:05:44+00:00\" \/>\n<meta property=\"article:modified_time\" content=\"2026-04-28T08:07:04+00:00\" \/>\n<meta property=\"og:image\" content=\"https:\/\/jam-news.net\/app\/uploads\/2026\/04\/683565281_959485093328651_6396479064594803414_n.jpg\" \/>\n\t<meta property=\"og:image:width\" content=\"2048\" \/>\n\t<meta property=\"og:image:height\" content=\"1366\" \/>\n\t<meta property=\"og:image:type\" content=\"image\/jpeg\" \/>\n<meta name=\"author\" content=\"gulnara\" \/>\n<meta name=\"twitter:card\" content=\"summary_large_image\" \/>\n<meta name=\"twitter:title\" content=\"&quot;H\u00f6km \u00e7\u0131xarma\u011fa t\u0259l\u0259sm\u0259yin&quot;: Pa\u015finyan\u0131n h\u0259yat yolda\u015f\u0131 r\u0259hb\u0259rlik etdiyi fonda qar\u015f\u0131 ittihamlar\u0131 t\u0259kzib edir\" \/>\n<meta name=\"twitter:creator\" content=\"@JAMnewsCaucasus\" \/>\n<meta name=\"twitter:site\" content=\"@JAMnewsCaucasus\" \/>\n<meta name=\"twitter:label1\" content=\"Written by\" \/>\n\t<meta name=\"twitter:data1\" content=\"gulnara\" \/>\n\t<meta name=\"twitter:label2\" content=\"Est. reading time\" \/>\n\t<meta name=\"twitter:data2\" content=\"6 minutes\" \/>\n<script type=\"application\/ld+json\" class=\"yoast-schema-graph\">{\"@context\":\"https:\/\/schema.org\",\"@graph\":[{\"@type\":\"Article\",\"@id\":\"https:\/\/jam-news.net\/az\/hokm-cixarmaga-t%c9%99l%c9%99sm%c9%99yin-pasinyanin-h%c9%99yat-yoldasi-r%c9%99hb%c9%99rlik-etdiyi-fonda-qarsi-ittihamlari-t%c9%99kzib-edir\/#article\",\"isPartOf\":{\"@id\":\"https:\/\/jam-news.net\/az\/hokm-cixarmaga-t%c9%99l%c9%99sm%c9%99yin-pasinyanin-h%c9%99yat-yoldasi-r%c9%99hb%c9%99rlik-etdiyi-fonda-qarsi-ittihamlari-t%c9%99kzib-edir\/\"},\"author\":{\"name\":\"gulnara\",\"@id\":\"https:\/\/jam-news.net\/az\/#\/schema\/person\/9f5201213de7e745950950d0c1c0abab\"},\"headline\":\"&#8220;H\u00f6km \u00e7\u0131xarma\u011fa t\u0259l\u0259sm\u0259yin&#8221;: Pa\u015finyan\u0131n h\u0259yat yolda\u015f\u0131 r\u0259hb\u0259rlik etdiyi fonda qar\u015f\u0131 ittihamlar\u0131 t\u0259kzib edir\",\"datePublished\":\"2026-04-28T08:05:44+00:00\",\"dateModified\":\"2026-04-28T08:07:04+00:00\",\"mainEntityOfPage\":{\"@id\":\"https:\/\/jam-news.net\/az\/hokm-cixarmaga-t%c9%99l%c9%99sm%c9%99yin-pasinyanin-h%c9%99yat-yoldasi-r%c9%99hb%c9%99rlik-etdiyi-fonda-qarsi-ittihamlari-t%c9%99kzib-edir\/\"},\"wordCount\":1782,\"publisher\":{\"@id\":\"https:\/\/jam-news.net\/az\/#organization\"},\"image\":{\"@id\":\"https:\/\/jam-news.net\/az\/hokm-cixarmaga-t%c9%99l%c9%99sm%c9%99yin-pasinyanin-h%c9%99yat-yoldasi-r%c9%99hb%c9%99rlik-etdiyi-fonda-qarsi-ittihamlari-t%c9%99kzib-edir\/#primaryimage\"},\"thumbnailUrl\":\"https:\/\/jam-news.net\/app\/uploads\/2026\/04\/683565281_959485093328651_6396479064594803414_n.jpg\",\"keywords\":[\"\\\"M\u0259nim add\u0131m\u0131m\\\" fondu\",\"\\\"M\u00fcst\u0259qil m\u00fc\u015fahid\u0259\u00e7il\u0259r\\\" bloku\",\"\\\"V\u0259t\u0259nda\u015f m\u00fcqavil\u0259si\\\" partiyas\u0131\",\"Anna Akopyan\",\"Artur Naapetyan\",\"Daniel \u0130oannisyan\",\"Erm\u0259nistan\",\"Lena Nazaryan\",\"Mxitar Ayrapetyan\",\"Nikol Pa\u015finyan\"],\"articleSection\":[\"Armenia\",\"Issues\",\"News\",\"Opinion\",\"Politics\"],\"inLanguage\":\"az\"},{\"@type\":\"WebPage\",\"@id\":\"https:\/\/jam-news.net\/az\/hokm-cixarmaga-t%c9%99l%c9%99sm%c9%99yin-pasinyanin-h%c9%99yat-yoldasi-r%c9%99hb%c9%99rlik-etdiyi-fonda-qarsi-ittihamlari-t%c9%99kzib-edir\/\",\"url\":\"https:\/\/jam-news.net\/az\/hokm-cixarmaga-t%c9%99l%c9%99sm%c9%99yin-pasinyanin-h%c9%99yat-yoldasi-r%c9%99hb%c9%99rlik-etdiyi-fonda-qarsi-ittihamlari-t%c9%99kzib-edir\/\",\"name\":\"Anna Akopyan fondla ba\u011fl\u0131 ittihamlar\u0131 r\u0259dd edir |JamNews\",\"isPartOf\":{\"@id\":\"https:\/\/jam-news.net\/az\/#website\"},\"primaryImageOfPage\":{\"@id\":\"https:\/\/jam-news.net\/az\/hokm-cixarmaga-t%c9%99l%c9%99sm%c9%99yin-pasinyanin-h%c9%99yat-yoldasi-r%c9%99hb%c9%99rlik-etdiyi-fonda-qarsi-ittihamlari-t%c9%99kzib-edir\/#primaryimage\"},\"image\":{\"@id\":\"https:\/\/jam-news.net\/az\/hokm-cixarmaga-t%c9%99l%c9%99sm%c9%99yin-pasinyanin-h%c9%99yat-yoldasi-r%c9%99hb%c9%99rlik-etdiyi-fonda-qarsi-ittihamlari-t%c9%99kzib-edir\/#primaryimage\"},\"thumbnailUrl\":\"https:\/\/jam-news.net\/app\/uploads\/2026\/04\/683565281_959485093328651_6396479064594803414_n.jpg\",\"datePublished\":\"2026-04-28T08:05:44+00:00\",\"dateModified\":\"2026-04-28T08:07:04+00:00\",\"description\":\"Anna Akopyan fondla ba\u011fl\u0131 ittihamlar\u0131 r\u0259dd edir. O, r\u0259hb\u0259ri oldu\u011fu fondun se\u00e7kiqaba\u011f\u0131 d\u00f6vrd\u0259 f\u0259aliyy\u0259t\u0259 davam etm\u0259sin\u0259 g\u00f6r\u0259 m\u0259hk\u0259m\u0259y\u0259 verilib\",\"breadcrumb\":{\"@id\":\"https:\/\/jam-news.net\/az\/hokm-cixarmaga-t%c9%99l%c9%99sm%c9%99yin-pasinyanin-h%c9%99yat-yoldasi-r%c9%99hb%c9%99rlik-etdiyi-fonda-qarsi-ittihamlari-t%c9%99kzib-edir\/#breadcrumb\"},\"inLanguage\":\"az\",\"potentialAction\":[{\"@type\":\"ReadAction\",\"target\":[\"https:\/\/jam-news.net\/az\/hokm-cixarmaga-t%c9%99l%c9%99sm%c9%99yin-pasinyanin-h%c9%99yat-yoldasi-r%c9%99hb%c9%99rlik-etdiyi-fonda-qarsi-ittihamlari-t%c9%99kzib-edir\/\"]}]},{\"@type\":\"ImageObject\",\"inLanguage\":\"az\",\"@id\":\"https:\/\/jam-news.net\/az\/hokm-cixarmaga-t%c9%99l%c9%99sm%c9%99yin-pasinyanin-h%c9%99yat-yoldasi-r%c9%99hb%c9%99rlik-etdiyi-fonda-qarsi-ittihamlari-t%c9%99kzib-edir\/#primaryimage\",\"url\":\"https:\/\/jam-news.net\/app\/uploads\/2026\/04\/683565281_959485093328651_6396479064594803414_n.jpg\",\"contentUrl\":\"https:\/\/jam-news.net\/app\/uploads\/2026\/04\/683565281_959485093328651_6396479064594803414_n.jpg\",\"width\":2048,\"height\":1366},{\"@type\":\"BreadcrumbList\",\"@id\":\"https:\/\/jam-news.net\/az\/hokm-cixarmaga-t%c9%99l%c9%99sm%c9%99yin-pasinyanin-h%c9%99yat-yoldasi-r%c9%99hb%c9%99rlik-etdiyi-fonda-qarsi-ittihamlari-t%c9%99kzib-edir\/#breadcrumb\",\"itemListElement\":[{\"@type\":\"ListItem\",\"position\":1,\"name\":\"Home\",\"item\":\"https:\/\/jam-news.net\/az\/\"},{\"@type\":\"ListItem\",\"position\":2,\"name\":\"&#8220;H\u00f6km \u00e7\u0131xarma\u011fa t\u0259l\u0259sm\u0259yin&#8221;: Pa\u015finyan\u0131n h\u0259yat yolda\u015f\u0131 r\u0259hb\u0259rlik etdiyi fonda qar\u015f\u0131 ittihamlar\u0131 t\u0259kzib edir\"}]},{\"@type\":\"WebSite\",\"@id\":\"https:\/\/jam-news.net\/az\/#website\",\"url\":\"https:\/\/jam-news.net\/az\/\",\"name\":\"Azerbaijani Jamnews\",\"description\":\"Caucasus News, Politics and Society\",\"publisher\":{\"@id\":\"https:\/\/jam-news.net\/az\/#organization\"},\"potentialAction\":[{\"@type\":\"SearchAction\",\"target\":{\"@type\":\"EntryPoint\",\"urlTemplate\":\"https:\/\/jam-news.net\/az\/?s={search_term_string}\"},\"query-input\":{\"@type\":\"PropertyValueSpecification\",\"valueRequired\":true,\"valueName\":\"search_term_string\"}}],\"inLanguage\":\"az\"},{\"@type\":\"Organization\",\"@id\":\"https:\/\/jam-news.net\/az\/#organization\",\"name\":\"JAMnews\",\"url\":\"https:\/\/jam-news.net\/az\/\",\"logo\":{\"@type\":\"ImageObject\",\"inLanguage\":\"az\",\"@id\":\"https:\/\/jam-news.net\/az\/#\/schema\/logo\/image\/\",\"url\":\"https:\/\/jam-news.net\/app\/uploads\/2020\/05\/JAM_w.jpg\",\"contentUrl\":\"https:\/\/jam-news.net\/app\/uploads\/2020\/05\/JAM_w.jpg\",\"width\":960,\"height\":960,\"caption\":\"JAMnews\"},\"image\":{\"@id\":\"https:\/\/jam-news.net\/az\/#\/schema\/logo\/image\/\"},\"sameAs\":[\"https:\/\/www.facebook.com\/JAMnewsInEnglish\/\",\"https:\/\/x.com\/JAMnewsCaucasus\",\"https:\/\/www.instagram.com\/jam_news\/\",\"https:\/\/www.youtube.com\/channel\/UCXQbUCme2pykuZYXWHx4VPg\"]},{\"@type\":\"Person\",\"@id\":\"https:\/\/jam-news.net\/az\/#\/schema\/person\/9f5201213de7e745950950d0c1c0abab\",\"name\":\"gulnara\",\"image\":{\"@type\":\"ImageObject\",\"inLanguage\":\"az\",\"@id\":\"https:\/\/jam-news.net\/az\/#\/schema\/person\/image\/\",\"url\":\"https:\/\/secure.gravatar.com\/avatar\/c1ec22b621eb2f555f0e3b7a02648ad7?s=96&d=mm&r=g\",\"contentUrl\":\"https:\/\/secure.gravatar.com\/avatar\/c1ec22b621eb2f555f0e3b7a02648ad7?s=96&d=mm&r=g\",\"caption\":\"gulnara\"},\"url\":\"https:\/\/jam-news.net\/az\/author\/gulnara\/\"}]}<\/script>\n<!-- \/ Yoast SEO plugin. -->","yoast_head_json":{"title":"Anna Akopyan fondla ba\u011fl\u0131 ittihamlar\u0131 r\u0259dd edir |JamNews","description":"Anna Akopyan fondla ba\u011fl\u0131 ittihamlar\u0131 r\u0259dd edir. O, r\u0259hb\u0259ri oldu\u011fu fondun se\u00e7kiqaba\u011f\u0131 d\u00f6vrd\u0259 f\u0259aliyy\u0259t\u0259 davam etm\u0259sin\u0259 g\u00f6r\u0259 m\u0259hk\u0259m\u0259y\u0259 verilib","robots":{"index":"index","follow":"follow","max-snippet":"max-snippet:-1","max-image-preview":"max-image-preview:large","max-video-preview":"max-video-preview:-1"},"canonical":"https:\/\/jam-news.net\/az\/hokm-cixarmaga-t\u0259l\u0259sm\u0259yin-pasinyanin-h\u0259yat-yoldasi-r\u0259hb\u0259rlik-etdiyi-fonda-qarsi-ittihamlari-t\u0259kzib-edir\/","og_locale":"az_AZ","og_type":"article","og_title":"\"H\u00f6km \u00e7\u0131xarma\u011fa t\u0259l\u0259sm\u0259yin\": Pa\u015finyan\u0131n h\u0259yat yolda\u015f\u0131 r\u0259hb\u0259rlik etdiyi fonda qar\u015f\u0131 ittihamlar\u0131 t\u0259kzib edir","og_description":"Anna Akopyan fondla ba\u011fl\u0131 ittihamlar\u0131 r\u0259dd edir. O, r\u0259hb\u0259ri oldu\u011fu fondun se\u00e7kiqaba\u011f\u0131 d\u00f6vrd\u0259 f\u0259aliyy\u0259t\u0259 davam etm\u0259sin\u0259 g\u00f6r\u0259 m\u0259hk\u0259m\u0259y\u0259 verilib","og_url":"https:\/\/jam-news.net\/az\/hokm-cixarmaga-t\u0259l\u0259sm\u0259yin-pasinyanin-h\u0259yat-yoldasi-r\u0259hb\u0259rlik-etdiyi-fonda-qarsi-ittihamlari-t\u0259kzib-edir\/","og_site_name":"Azerbaijani Jamnews","article_publisher":"https:\/\/www.facebook.com\/JAMnewsInEnglish\/","article_published_time":"2026-04-28T08:05:44+00:00","article_modified_time":"2026-04-28T08:07:04+00:00","og_image":[{"width":2048,"height":1366,"url":"https:\/\/jam-news.net\/app\/uploads\/2026\/04\/683565281_959485093328651_6396479064594803414_n.jpg","type":"image\/jpeg"}],"author":"gulnara","twitter_card":"summary_large_image","twitter_title":"\"H\u00f6km \u00e7\u0131xarma\u011fa t\u0259l\u0259sm\u0259yin\": Pa\u015finyan\u0131n h\u0259yat yolda\u015f\u0131 r\u0259hb\u0259rlik etdiyi fonda qar\u015f\u0131 ittihamlar\u0131 t\u0259kzib edir","twitter_creator":"@JAMnewsCaucasus","twitter_site":"@JAMnewsCaucasus","twitter_misc":{"Written by":"gulnara","Est. reading time":"6 minutes"},"schema":{"@context":"https:\/\/schema.org","@graph":[{"@type":"Article","@id":"https:\/\/jam-news.net\/az\/hokm-cixarmaga-t%c9%99l%c9%99sm%c9%99yin-pasinyanin-h%c9%99yat-yoldasi-r%c9%99hb%c9%99rlik-etdiyi-fonda-qarsi-ittihamlari-t%c9%99kzib-edir\/#article","isPartOf":{"@id":"https:\/\/jam-news.net\/az\/hokm-cixarmaga-t%c9%99l%c9%99sm%c9%99yin-pasinyanin-h%c9%99yat-yoldasi-r%c9%99hb%c9%99rlik-etdiyi-fonda-qarsi-ittihamlari-t%c9%99kzib-edir\/"},"author":{"name":"gulnara","@id":"https:\/\/jam-news.net\/az\/#\/schema\/person\/9f5201213de7e745950950d0c1c0abab"},"headline":"&#8220;H\u00f6km \u00e7\u0131xarma\u011fa t\u0259l\u0259sm\u0259yin&#8221;: Pa\u015finyan\u0131n h\u0259yat yolda\u015f\u0131 r\u0259hb\u0259rlik etdiyi fonda qar\u015f\u0131 ittihamlar\u0131 t\u0259kzib edir","datePublished":"2026-04-28T08:05:44+00:00","dateModified":"2026-04-28T08:07:04+00:00","mainEntityOfPage":{"@id":"https:\/\/jam-news.net\/az\/hokm-cixarmaga-t%c9%99l%c9%99sm%c9%99yin-pasinyanin-h%c9%99yat-yoldasi-r%c9%99hb%c9%99rlik-etdiyi-fonda-qarsi-ittihamlari-t%c9%99kzib-edir\/"},"wordCount":1782,"publisher":{"@id":"https:\/\/jam-news.net\/az\/#organization"},"image":{"@id":"https:\/\/jam-news.net\/az\/hokm-cixarmaga-t%c9%99l%c9%99sm%c9%99yin-pasinyanin-h%c9%99yat-yoldasi-r%c9%99hb%c9%99rlik-etdiyi-fonda-qarsi-ittihamlari-t%c9%99kzib-edir\/#primaryimage"},"thumbnailUrl":"https:\/\/jam-news.net\/app\/uploads\/2026\/04\/683565281_959485093328651_6396479064594803414_n.jpg","keywords":["\"M\u0259nim add\u0131m\u0131m\" fondu","\"M\u00fcst\u0259qil m\u00fc\u015fahid\u0259\u00e7il\u0259r\" bloku","\"V\u0259t\u0259nda\u015f m\u00fcqavil\u0259si\" partiyas\u0131","Anna Akopyan","Artur Naapetyan","Daniel \u0130oannisyan","Erm\u0259nistan","Lena Nazaryan","Mxitar Ayrapetyan","Nikol Pa\u015finyan"],"articleSection":["Armenia","Issues","News","Opinion","Politics"],"inLanguage":"az"},{"@type":"WebPage","@id":"https:\/\/jam-news.net\/az\/hokm-cixarmaga-t%c9%99l%c9%99sm%c9%99yin-pasinyanin-h%c9%99yat-yoldasi-r%c9%99hb%c9%99rlik-etdiyi-fonda-qarsi-ittihamlari-t%c9%99kzib-edir\/","url":"https:\/\/jam-news.net\/az\/hokm-cixarmaga-t%c9%99l%c9%99sm%c9%99yin-pasinyanin-h%c9%99yat-yoldasi-r%c9%99hb%c9%99rlik-etdiyi-fonda-qarsi-ittihamlari-t%c9%99kzib-edir\/","name":"Anna Akopyan fondla ba\u011fl\u0131 ittihamlar\u0131 r\u0259dd edir |JamNews","isPartOf":{"@id":"https:\/\/jam-news.net\/az\/#website"},"primaryImageOfPage":{"@id":"https:\/\/jam-news.net\/az\/hokm-cixarmaga-t%c9%99l%c9%99sm%c9%99yin-pasinyanin-h%c9%99yat-yoldasi-r%c9%99hb%c9%99rlik-etdiyi-fonda-qarsi-ittihamlari-t%c9%99kzib-edir\/#primaryimage"},"image":{"@id":"https:\/\/jam-news.net\/az\/hokm-cixarmaga-t%c9%99l%c9%99sm%c9%99yin-pasinyanin-h%c9%99yat-yoldasi-r%c9%99hb%c9%99rlik-etdiyi-fonda-qarsi-ittihamlari-t%c9%99kzib-edir\/#primaryimage"},"thumbnailUrl":"https:\/\/jam-news.net\/app\/uploads\/2026\/04\/683565281_959485093328651_6396479064594803414_n.jpg","datePublished":"2026-04-28T08:05:44+00:00","dateModified":"2026-04-28T08:07:04+00:00","description":"Anna Akopyan fondla ba\u011fl\u0131 ittihamlar\u0131 r\u0259dd edir. O, r\u0259hb\u0259ri oldu\u011fu fondun se\u00e7kiqaba\u011f\u0131 d\u00f6vrd\u0259 f\u0259aliyy\u0259t\u0259 davam etm\u0259sin\u0259 g\u00f6r\u0259 m\u0259hk\u0259m\u0259y\u0259 verilib","breadcrumb":{"@id":"https:\/\/jam-news.net\/az\/hokm-cixarmaga-t%c9%99l%c9%99sm%c9%99yin-pasinyanin-h%c9%99yat-yoldasi-r%c9%99hb%c9%99rlik-etdiyi-fonda-qarsi-ittihamlari-t%c9%99kzib-edir\/#breadcrumb"},"inLanguage":"az","potentialAction":[{"@type":"ReadAction","target":["https:\/\/jam-news.net\/az\/hokm-cixarmaga-t%c9%99l%c9%99sm%c9%99yin-pasinyanin-h%c9%99yat-yoldasi-r%c9%99hb%c9%99rlik-etdiyi-fonda-qarsi-ittihamlari-t%c9%99kzib-edir\/"]}]},{"@type":"ImageObject","inLanguage":"az","@id":"https:\/\/jam-news.net\/az\/hokm-cixarmaga-t%c9%99l%c9%99sm%c9%99yin-pasinyanin-h%c9%99yat-yoldasi-r%c9%99hb%c9%99rlik-etdiyi-fonda-qarsi-ittihamlari-t%c9%99kzib-edir\/#primaryimage","url":"https:\/\/jam-news.net\/app\/uploads\/2026\/04\/683565281_959485093328651_6396479064594803414_n.jpg","contentUrl":"https:\/\/jam-news.net\/app\/uploads\/2026\/04\/683565281_959485093328651_6396479064594803414_n.jpg","width":2048,"height":1366},{"@type":"BreadcrumbList","@id":"https:\/\/jam-news.net\/az\/hokm-cixarmaga-t%c9%99l%c9%99sm%c9%99yin-pasinyanin-h%c9%99yat-yoldasi-r%c9%99hb%c9%99rlik-etdiyi-fonda-qarsi-ittihamlari-t%c9%99kzib-edir\/#breadcrumb","itemListElement":[{"@type":"ListItem","position":1,"name":"Home","item":"https:\/\/jam-news.net\/az\/"},{"@type":"ListItem","position":2,"name":"&#8220;H\u00f6km \u00e7\u0131xarma\u011fa t\u0259l\u0259sm\u0259yin&#8221;: Pa\u015finyan\u0131n h\u0259yat yolda\u015f\u0131 r\u0259hb\u0259rlik etdiyi fonda qar\u015f\u0131 ittihamlar\u0131 t\u0259kzib edir"}]},{"@type":"WebSite","@id":"https:\/\/jam-news.net\/az\/#website","url":"https:\/\/jam-news.net\/az\/","name":"Azerbaijani Jamnews","description":"Caucasus News, Politics and Society","publisher":{"@id":"https:\/\/jam-news.net\/az\/#organization"},"potentialAction":[{"@type":"SearchAction","target":{"@type":"EntryPoint","urlTemplate":"https:\/\/jam-news.net\/az\/?s={search_term_string}"},"query-input":{"@type":"PropertyValueSpecification","valueRequired":true,"valueName":"search_term_string"}}],"inLanguage":"az"},{"@type":"Organization","@id":"https:\/\/jam-news.net\/az\/#organization","name":"JAMnews","url":"https:\/\/jam-news.net\/az\/","logo":{"@type":"ImageObject","inLanguage":"az","@id":"https:\/\/jam-news.net\/az\/#\/schema\/logo\/image\/","url":"https:\/\/jam-news.net\/app\/uploads\/2020\/05\/JAM_w.jpg","contentUrl":"https:\/\/jam-news.net\/app\/uploads\/2020\/05\/JAM_w.jpg","width":960,"height":960,"caption":"JAMnews"},"image":{"@id":"https:\/\/jam-news.net\/az\/#\/schema\/logo\/image\/"},"sameAs":["https:\/\/www.facebook.com\/JAMnewsInEnglish\/","https:\/\/x.com\/JAMnewsCaucasus","https:\/\/www.instagram.com\/jam_news\/","https:\/\/www.youtube.com\/channel\/UCXQbUCme2pykuZYXWHx4VPg"]},{"@type":"Person","@id":"https:\/\/jam-news.net\/az\/#\/schema\/person\/9f5201213de7e745950950d0c1c0abab","name":"gulnara","image":{"@type":"ImageObject","inLanguage":"az","@id":"https:\/\/jam-news.net\/az\/#\/schema\/person\/image\/","url":"https:\/\/secure.gravatar.com\/avatar\/c1ec22b621eb2f555f0e3b7a02648ad7?s=96&d=mm&r=g","contentUrl":"https:\/\/secure.gravatar.com\/avatar\/c1ec22b621eb2f555f0e3b7a02648ad7?s=96&d=mm&r=g","caption":"gulnara"},"url":"https:\/\/jam-news.net\/az\/author\/gulnara\/"}]}},"_links":{"self":[{"href":"https:\/\/jam-news.net\/az\/wp-json\/wp\/v2\/posts\/104953","targetHints":{"allow":["GET"]}}],"collection":[{"href":"https:\/\/jam-news.net\/az\/wp-json\/wp\/v2\/posts"}],"about":[{"href":"https:\/\/jam-news.net\/az\/wp-json\/wp\/v2\/types\/post"}],"author":[{"embeddable":true,"href":"https:\/\/jam-news.net\/az\/wp-json\/wp\/v2\/users\/62"}],"replies":[{"embeddable":true,"href":"https:\/\/jam-news.net\/az\/wp-json\/wp\/v2\/comments?post=104953"}],"version-history":[{"count":6,"href":"https:\/\/jam-news.net\/az\/wp-json\/wp\/v2\/posts\/104953\/revisions"}],"predecessor-version":[{"id":104960,"href":"https:\/\/jam-news.net\/az\/wp-json\/wp\/v2\/posts\/104953\/revisions\/104960"}],"wp:featuredmedia":[{"embeddable":true,"href":"https:\/\/jam-news.net\/az\/wp-json\/wp\/v2\/media\/104941"}],"wp:attachment":[{"href":"https:\/\/jam-news.net\/az\/wp-json\/wp\/v2\/media?parent=104953"}],"wp:term":[{"taxonomy":"category","embeddable":true,"href":"https:\/\/jam-news.net\/az\/wp-json\/wp\/v2\/categories?post=104953"},{"taxonomy":"post_tag","embeddable":true,"href":"https:\/\/jam-news.net\/az\/wp-json\/wp\/v2\/tags?post=104953"},{"taxonomy":"formation","embeddable":true,"href":"https:\/\/jam-news.net\/az\/wp-json\/wp\/v2\/formation?post=104953"},{"taxonomy":"post-author","embeddable":true,"href":"https:\/\/jam-news.net\/az\/wp-json\/wp\/v2\/post-author?post=104953"},{"taxonomy":"topic","embeddable":true,"href":"https:\/\/jam-news.net\/az\/wp-json\/wp\/v2\/topic?post=104953"},{"taxonomy":"tooltip","embeddable":true,"href":"https:\/\/jam-news.net\/az\/wp-json\/wp\/v2\/tooltip?post=104953"},{"taxonomy":"city","embeddable":true,"href":"https:\/\/jam-news.net\/az\/wp-json\/wp\/v2\/city?post=104953"}],"curies":[{"name":"wp","href":"https:\/\/api.w.org\/{rel}","templated":true}]}}