{"id":10471,"date":"2019-03-22T00:00:00","date_gmt":"2019-03-22T00:00:00","guid":{"rendered":"http:\/\/jam-news.net\/az\/gurcustan-prezidentinin-seckil%c9%99rin%c9%99-h%c9%99sr-olunmus-konfransda-qiym%c9%99tl%c9%99r-v%c9%99-r%c9%99yl%c9%99r\/"},"modified":"2022-01-18T01:06:54","modified_gmt":"2022-01-17T21:06:54","slug":"gurcustan-prezidentinin-seckil%c9%99rin%c9%99-h%c9%99sr-olunmus-konfransda-qiym%c9%99tl%c9%99r-v%c9%99-r%c9%99yl%c9%99r","status":"publish","type":"post","link":"https:\/\/jam-news.net\/az\/gurcustan-prezidentinin-seckil%c9%99rin%c9%99-h%c9%99sr-olunmus-konfransda-qiym%c9%99tl%c9%99r-v%c9%99-r%c9%99yl%c9%99r\/","title":{"rendered":"G\u00fcrc\u00fcstan prezidentinin se\u00e7kil\u0259rin\u0259 h\u0259sr olunmu\u015f konfransda, qiym\u0259tl\u0259r v\u0259 r\u0259yl\u0259r"},"content":{"rendered":"<p style=\"text-align: left;\">Tbilisid\u0259 ke\u00e7irilmi\u015f konfransda 2018-ci ilin oktyabr-noyabr aylar\u0131nda ba\u015f tutmu\u015f G\u00fcrc\u00fcstan prezidentinin se\u00e7kil\u0259rinin n\u0259tic\u0259l\u0259ri n\u0259z\u0259rd\u0259n ke\u00e7irilib. Avropa \u015euras\u0131 ofisinin r\u0259hb\u0259ri, qeyri-h\u00f6kum\u0259t t\u0259\u015fkilatlar\u0131, hakimiyy\u0259t, m\u00fcxalif\u0259t v\u0259 M\u0259rk\u0259zi Se\u00e7ki Komissiyas\u0131 \u00f6z qiym\u0259tl\u0259ndirm\u0259l\u0259ri v\u0259 bax\u0131\u015flar\u0131n\u0131 t\u0259qdim edibl\u0259r<span style=\"font-weight: 400;\">.<\/span><\/p>\n<p><span style=\"font-weight: 400;\">2018-ci il se\u00e7kil\u0259rinin yekunlar\u0131na g\u00f6r\u0259, hakim partiyan\u0131n d\u0259st\u0259kl\u0259diyi m\u00fcst\u0259qil namiz\u0259d <a href=\"https:\/\/jam-news.net\/category\/theme-pages-az\/president-of-georgia-salome-zourabichvili-az\/?lang=az-AZ\" target=\"_blank\" rel=\"noopener noreferrer\">Salome Zurabi\u015fvili <\/a>G\u00fcrc\u00fcstan prezidenti oldu. O, yax\u0131n 6 il \u0259rzind\u0259 G\u00fcrc\u00fcstan prezidenti v\u0259\u0131zif\u0259l\u0259rini icra ed\u0259c\u0259k.<\/span><\/p>\n<p><strong><a href=\"https:\/\/jam-news.net\/r%C9%99y-gurcustandaki-prezident-seckil%C9%99rinin-say%C9%99sind%C9%99-n%C9%99l%C9%99ri-bildik\/?lang=az-AZ\" target=\"_blank\" rel=\"noopener noreferrer\">\u2022<span style=\"text-decoration: underline;\">Giya Nodiyan\u0131n r\u0259yi: bu se\u00e7kil\u0259rd\u0259 biz n\u0259yi \u00f6yr\u0259ndik?<\/span><\/a><\/strong><\/p>\n<p><strong><a href=\"https:\/\/jam-news.net\/beyn%C9%99lxalq-musahid%C9%99cil%C9%99r-seckil%C9%99r-r%C9%99qab%C9%99tli-olub-amma-%C9%99dal%C9%99tli-kecm%C9%99yib\/?lang=az-AZ\" target=\"_blank\" rel=\"noopener noreferrer\">\u2022<span style=\"text-decoration: underline;\">Beyn\u0259lxalq m\u00fc\u015fahid\u0259\u00e7il\u0259r: se\u00e7kil\u0259r r\u0259qab\u0259tli, lakin \u0259dal\u0259tsiz idi<\/span><\/a><\/strong><\/p>\n<p><strong><a href=\"https:\/\/jam-news.net\/gurcustan-prezidentliyin%C9%99-namiz%C9%99d-salome-zurabisvili-kimdir-v%C9%99-onda-dogru-olmayan-n%C9%99dir\/?lang=az-AZ\" target=\"_blank\" rel=\"noopener noreferrer\">\u2022<span style=\"text-decoration: underline;\">Who\u00a0is\u00a0Salome Zurabi\u015fvili \u2014 G\u00fcrc\u00fcstan\u0131n yeni prezidenti?<\/span><\/a><\/strong><\/p>\n<h3 style=\"text-align: center;\"><span style=\"color: #000080;\"><b>Avropa \u0130ttifaq\u0131 v\u0259 Avropa \u015euras\u0131<\/b><\/span><\/h3>\n<p><span style=\"font-weight: 400;\">Avropa \u0130ttifaq\u0131n\u0131n G\u00fcrc\u00fcstan n\u00fcmay\u0259nd\u0259liyinin ba\u015f\u00e7\u0131s\u0131 Karl Xartsel G\u00fcrc\u00fcstan hakimiyy\u0259tin\u0259 t\u00f6vsiy\u0259 edir ki, parlament se\u00e7kil\u0259rin\u0259 q\u0259d\u0259r qalan zamandan se\u00e7ki m\u00fchitinin yax\u015f\u0131la\u015fd\u0131r\u0131lmas\u0131 \u00fc\u00e7\u00fcn istifad\u0259 etsin. Karl Xartselin s\u00f6zl\u0259rin\u0259 g\u00f6r\u0259, bu prosesi parlament t\u0259min etm\u0259li v\u0259 h\u0259min prosesd\u0259 c\u0259miyy\u0259tin m\u00fcmk\u00fcn q\u0259d\u0259r maksimal geni\u015f t\u0259b\u0259q\u0259l\u0259ri i\u015ftirak etm\u0259lidir. Onun fikrinc\u0259, \u00e7ox vacibdir ki, probleml\u0259rin h\u0259llin\u0259 hakimiyy\u0259t, m\u00fcxalif\u0259t, K\u0130V v\u0259 v\u0259t\u0259nda\u015f c\u0259miyy\u0259ti qo\u015fulsunlar.<\/span><\/p>\n<p><span style=\"font-weight: 400;\">\u201cVaxt \u00e7ox deyil v\u0259 i\u015fi t\u0259xir\u0259 salmadan ba\u015flamaq laz\u0131md\u0131r. Probleml\u0259rin h\u0259llin\u0259 son d\u0259r\u0259c\u0259 ehtiyatla yana\u015fmaq laz\u0131md\u0131r, onlar A\u0130 il\u0259 G\u00fcrc\u00fcstan aras\u0131ndak\u0131 m\u00fcnasib\u0259tl\u0259rd\u0259 vacib rol oynay\u0131rlar\u201d, &#8211; Karl Xartsel deyib.<\/span><\/p>\n<p><span style=\"font-weight: 400;\">Avropa \u015euras\u0131 ofisinin r\u0259hb\u0259ri Kristian Urse siyasi partiyalar\u0131n t\u0259msil olunmas\u0131ndak\u0131 disbalans\u0131, m\u0259nfi xarakterli kampaniyalar\u0131 v\u0259 t\u0259nziml\u0259yici kimi K\u0130V-in rolunu ciddi problem hesab edir.<\/span><\/p>\n<p><span style=\"font-weight: 400;\">Kristian Urse m\u00fcxalif\u0259ti v\u0259 iqtidar\u0131 2020-ci ilin parlament se\u00e7kil\u0259rin\u0259 q\u0259d\u0259r v\u0259ziyy\u0259ti yax\u015f\u0131la\u015fd\u0131rma\u011fa, bunun \u00fc\u00e7\u00fcns\u0259 dan\u0131\u015f\u0131qlar masas\u0131n\u0131n arxas\u0131na ke\u00e7m\u0259y\u0259 \u00e7a\u011f\u0131r\u0131r.<\/span><\/p>\n<p style=\"text-align: center;\"><span style=\"color: #000080;\"><b>AB\u015e<\/b><\/span><\/p>\n<p><span style=\"font-weight: 400;\">AB\u015e-\u0131n G\u00fcrc\u00fcstandak\u0131 s\u0259firinin v\u0259zif\u0259l\u0259rini icra ed\u0259n Ros Uilson hesab edir ki, se\u00e7ki kampaniyas\u0131 G\u00fcrc\u00fcstan\u0131n u\u011fur qazanmas\u0131 \u00fc\u00e7\u00fcn fundamental vacib bir \u00e7ox problem v\u0259 m\u0259s\u0259l\u0259l\u0259rin \u00fcst\u00fcn\u00fc a\u00e7d\u0131. Onun s\u00f6zl\u0259rin\u0259 g\u00f6r\u0259, son 10 il \u0259rzind\u0259 G\u00fcrc\u00fcstan demokratiyan\u0131n inki\u015faf\u0131 bax\u0131m\u0131ndan b\u00f6y\u00fck u\u011furlar qazan\u0131b, lakin demokratik m\u0259d\u0259niyy\u0259tin m\u00f6hk\u0259ml\u0259ndirilm\u0259si \u00fc\u00e7\u00fcn prezident se\u00e7kil\u0259ri zaman\u0131 qeyd\u0259 al\u0131nm\u0131\u015f pozuntular\u0131 aradan qald\u0131rmaq laz\u0131md\u0131r.<\/span><\/p>\n<h3 style=\"text-align: center;\"><span style=\"color: #000080;\"><b>Hakimiyy\u0259t<\/b><\/span><\/h3>\n<p><span style=\"font-weight: 400;\">G\u00fcrc\u00fcstan hakimiyy\u0259ti ke\u00e7irilmi\u015f prezident se\u00e7kil\u0259rini \u0259dal\u0259tli v\u0259 \u015f\u0259ffaf adland\u0131r\u0131r. \u018fdliyy\u0259 naziri Teya Tsulukianinin s\u00f6zl\u0259rin\u0259 g\u00f6r\u0259, qeyri-h\u00f6kum\u0259t t\u0259\u015fkilatlar\u0131 neytrall\u0131qlar\u0131n\u0131 qoruyub saxlaya bi\u0131lm\u0259yibl\u0259r v\u0259 prezidentliy\u0259 namiz\u0259d qad\u0131n\u0131 gender \u0259lam\u0259tin\u0259 g\u00f6r\u0259 h\u00fccumlardan qorumaqda aciz olublar. \u00a0\u018fdliyy\u0259 naziri bildirib ki, hakimiyy\u0259tin m\u00fcst\u0259qil namiz\u0259d Salome Zurabi\u015fvilini d\u0259st\u0259kl\u0259m\u0259si \u00e7oxlar\u0131n\u0131n xo\u015funa g\u0259lm\u0259yib, buna g\u00f6r\u0259 d\u0259, ona qar\u015f\u0131 \u00e7ox aqressiv kampaniya apar\u0131l\u0131b.<\/span><\/p>\n<p><span style=\"font-weight: 400;\">O ki qald\u0131 s\u0259sl\u0259rin say\u0131lmas\u0131 proseduruna, n\u0259z\u0259r\u0259 \u00e7arpmayacaq x\u0259talar istisna olmaqla proses sakit v\u0259 dinc \u015f\u0259raitd\u0259 ke\u00e7ib v\u0259 obyektiv qiym\u0259t a\u015fkar edib.<\/span><\/p>\n<h3 style=\"text-align: center;\"><span style=\"color: #000080;\"><b>M\u00fcxalif\u0259t<\/b><\/span><\/h3>\n<p><span style=\"font-weight: 400;\">M\u00fcxalif\u0259t n\u00fcmay\u0259nd\u0259l\u0259ri bildiribl\u0259r ki, 2018-ci ilin prezident se\u00e7kil\u0259ri kobud pozuntularla ke\u00e7ib, namiz\u0259dl\u0259r is\u0259 qeyri-b\u0259rab\u0259r \u015f\u0259raitd\u0259 olublar. \u201c\u0130nki\u015faf h\u0259r\u0259kat\u0131\u201dn\u0131n lideri David Usupa\u015fvili iddia edir ki, 2018-ci ilin se\u00e7kil\u0259rinin gedi\u015fat\u0131nda 1990-c\u0131 ill\u0259rin b\u00fct\u00fcn m\u0259nfi t\u0259cr\u00fcb\u0259si \u00fcz\u0259 \u00e7\u0131x\u0131b.<\/span><\/p>\n<p><span style=\"font-weight: 400;\">\u201cYeni sa\u011f\u00e7\u0131lar\u201d partiyas\u0131n\u0131n liderl\u0259rind\u0259n biri Mamuka Katsitadze bildirib ki, prezident se\u00e7kil\u0259ri tamamil\u0259 qeyri-b\u0259rab\u0259r \u015f\u0259rtl\u0259r daxilind\u0259 ke\u00e7ib \u2013 iqtidar n\u0259h\u0259ng inzibati resursundan istifad\u0259 edib.<\/span><\/p>\n<h3 style=\"text-align: center;\"><span style=\"color: #000080;\"><b>M\u0259rk\u0259zi Se\u00e7ki Komissiyas\u0131<\/b><\/span><\/h3>\n<p><span style=\"font-weight: 400;\">M\u0259rk\u0259zi Se\u00e7ki Komissiyas\u0131 (MSK) se\u00e7kil\u0259rin saxtala\u015fd\u0131r\u0131lmas\u0131nda h\u0259r hans\u0131 ittihamlar\u0131 q\u0259ti \u015f\u0259kild\u0259 r\u0259dd edir. MSK-n\u0131n s\u0259dri Tamar Jvaniya m\u0259lumat verib ki, MSK-n\u0131n \u00fcnvan\u0131na xeyli if\u015faedici b\u0259yanat s\u0259sl\u0259ndirilib, lakin son n\u0259hay\u0259td\u0259 b\u00fct\u00fcn m\u00fc\u015fahid\u0259\u00e7i missiyalar t\u0259sdiq edibl\u0259r ki, 2018-ci ilin prezident se\u00e7il\u0259rini MSK y\u00fcks\u0259k pe\u015f\u0259kar s\u0259viyy\u0259d\u0259 ke\u00e7irib.<\/span><\/p>\n<p style=\"padding-left: 30px;\"><span style=\"font-weight: 400;\"><em>\u201cBiz t\u0259sdiq edirik ki, s\u0259sl\u0259rin hesablanmas\u0131 \u0259dal\u0259tli olub. Bu bar\u0259d\u0259 m\u00fc\u015fahid\u0259 t\u0259\u015fkilatlar\u0131n\u0131n hesabatlar\u0131nda da deyilir\u201d,<\/em> &#8211; Tamar Jvaniya bildirib.<\/span><\/p>\n<p><\/p>\n","protected":false},"excerpt":{"rendered":"<p>M\u00fcxalif\u0259t iqtidar\u0131 pozuntularda ittiham edir, xarici diplomatlar is\u0259 hakimiyy\u0259ti t\u0259cili \u015f\u0259kild\u0259 se\u00e7ki m\u00fchitini yax\u015f\u0131la\u015fd\u0131rma\u011fa \u00e7a\u011f\u0131r\u0131rlar.<\/p>\n","protected":false},"author":6,"featured_media":22039,"comment_status":"open","ping_status":"open","sticky":false,"template":"","format":"standard","meta":{"_acf_changed":false,"footnotes":""},"categories":[2,3,50,5],"tags":[509,429,515,508],"formation":[],"post-author":[2888],"topic":[426],"tooltip":[],"city":[6049],"class_list":["post-10471","post","type-post","status-publish","format-standard","has-post-thumbnail","hentry","category-cografiya","category-gurcustan","category-xbrlr","category-siyast","tag-gurcustan-cmiyyti","tag-gurcustanda-hyat","tag-gurcustandan-xbrlr","tag-post-sovet-gurcustan","post-author-jamnews","topic-president-of-georgia-salome-zourabichvili","city-tbilisi"],"acf":[],"yoast_head":"<!-- This site is optimized with the Yoast SEO plugin v24.1 - https:\/\/yoast.com\/wordpress\/plugins\/seo\/ -->\n<title>G\u00fcrc\u00fcstan prezidentinin se\u00e7kil\u0259rin\u0259 h\u0259sr olunmu\u015f konfransda, qiym\u0259tl\u0259r v\u0259 r\u0259yl\u0259r - JAMnews<\/title>\n<meta name=\"robots\" content=\"index, follow, max-snippet:-1, max-image-preview:large, max-video-preview:-1\" \/>\n<link rel=\"canonical\" href=\"https:\/\/jam-news.net\/az\/gurcustan-prezidentinin-seckil\u0259rin\u0259-h\u0259sr-olunmus-konfransda-qiym\u0259tl\u0259r-v\u0259-r\u0259yl\u0259r\/\" \/>\n<meta property=\"og:locale\" content=\"az_AZ\" \/>\n<meta property=\"og:type\" content=\"article\" \/>\n<meta property=\"og:title\" content=\"G\u00fcrc\u00fcstan prezidentinin se\u00e7kil\u0259rin\u0259 h\u0259sr olunmu\u015f konfransda, qiym\u0259tl\u0259r v\u0259 r\u0259yl\u0259r - JAMnews\" \/>\n<meta property=\"og:description\" content=\"M\u00fcxalif\u0259t iqtidar\u0131 pozuntularda ittiham edir, xarici diplomatlar is\u0259 hakimiyy\u0259ti t\u0259cili \u015f\u0259kild\u0259 se\u00e7ki m\u00fchitini yax\u015f\u0131la\u015fd\u0131rma\u011fa \u00e7a\u011f\u0131r\u0131rlar.\" \/>\n<meta property=\"og:url\" content=\"https:\/\/jam-news.net\/az\/gurcustan-prezidentinin-seckil\u0259rin\u0259-h\u0259sr-olunmus-konfransda-qiym\u0259tl\u0259r-v\u0259-r\u0259yl\u0259r\/\" \/>\n<meta property=\"og:site_name\" content=\"Azerbaijani Jamnews\" \/>\n<meta property=\"article:publisher\" content=\"https:\/\/www.facebook.com\/JAMnewsInEnglish\/\" \/>\n<meta property=\"article:published_time\" content=\"2019-03-22T00:00:00+00:00\" \/>\n<meta property=\"article:modified_time\" content=\"2022-01-17T21:06:54+00:00\" \/>\n<meta property=\"og:image\" content=\"https:\/\/jam-news.net\/app\/uploads\/2020\/03\/RTX3HKWY-1.jpg\" \/>\n\t<meta property=\"og:image:width\" content=\"1200\" \/>\n\t<meta property=\"og:image:height\" content=\"798\" \/>\n\t<meta property=\"og:image:type\" content=\"image\/jpeg\" \/>\n<meta name=\"author\" content=\"Tatia nikoladze\" \/>\n<meta name=\"twitter:card\" content=\"summary_large_image\" \/>\n<meta name=\"twitter:creator\" content=\"@JAMnewsCaucasus\" \/>\n<meta name=\"twitter:site\" content=\"@JAMnewsCaucasus\" \/>\n<meta name=\"twitter:label1\" content=\"Written by\" \/>\n\t<meta name=\"twitter:data1\" content=\"Tatia nikoladze\" \/>\n\t<meta name=\"twitter:label2\" content=\"Est. reading time\" \/>\n\t<meta name=\"twitter:data2\" content=\"4 minutes\" \/>\n<script type=\"application\/ld+json\" class=\"yoast-schema-graph\">{\"@context\":\"https:\/\/schema.org\",\"@graph\":[{\"@type\":\"Article\",\"@id\":\"https:\/\/jam-news.net\/az\/gurcustan-prezidentinin-seckil%c9%99rin%c9%99-h%c9%99sr-olunmus-konfransda-qiym%c9%99tl%c9%99r-v%c9%99-r%c9%99yl%c9%99r\/#article\",\"isPartOf\":{\"@id\":\"https:\/\/jam-news.net\/az\/gurcustan-prezidentinin-seckil%c9%99rin%c9%99-h%c9%99sr-olunmus-konfransda-qiym%c9%99tl%c9%99r-v%c9%99-r%c9%99yl%c9%99r\/\"},\"author\":{\"name\":\"Tatia nikoladze\",\"@id\":\"https:\/\/jam-news.net\/az\/#\/schema\/person\/86c90ea4dd4c6e61e60ae51d24bc662c\"},\"headline\":\"G\u00fcrc\u00fcstan prezidentinin se\u00e7kil\u0259rin\u0259 h\u0259sr olunmu\u015f konfransda, qiym\u0259tl\u0259r v\u0259 r\u0259yl\u0259r\",\"datePublished\":\"2019-03-22T00:00:00+00:00\",\"dateModified\":\"2022-01-17T21:06:54+00:00\",\"mainEntityOfPage\":{\"@id\":\"https:\/\/jam-news.net\/az\/gurcustan-prezidentinin-seckil%c9%99rin%c9%99-h%c9%99sr-olunmus-konfransda-qiym%c9%99tl%c9%99r-v%c9%99-r%c9%99yl%c9%99r\/\"},\"wordCount\":869,\"commentCount\":0,\"publisher\":{\"@id\":\"https:\/\/jam-news.net\/az\/#organization\"},\"image\":{\"@id\":\"https:\/\/jam-news.net\/az\/gurcustan-prezidentinin-seckil%c9%99rin%c9%99-h%c9%99sr-olunmus-konfransda-qiym%c9%99tl%c9%99r-v%c9%99-r%c9%99yl%c9%99r\/#primaryimage\"},\"thumbnailUrl\":\"https:\/\/jam-news.net\/app\/uploads\/2020\/03\/RTX3HKWY-1.jpg\",\"keywords\":[\"G\u00fcrc\u00fcstan c\u0259miyy\u0259ti\",\"G\u00fcrc\u00fcstanda h\u0259yat\",\"G\u00fcrc\u00fcstandan x\u0259b\u0259rl\u0259r\",\"post-sovet g\u00fcrc\u00fcstan\"],\"articleSection\":[\"Geography\",\"Georgia\",\"News\",\"Politics\"],\"inLanguage\":\"az\"},{\"@type\":\"WebPage\",\"@id\":\"https:\/\/jam-news.net\/az\/gurcustan-prezidentinin-seckil%c9%99rin%c9%99-h%c9%99sr-olunmus-konfransda-qiym%c9%99tl%c9%99r-v%c9%99-r%c9%99yl%c9%99r\/\",\"url\":\"https:\/\/jam-news.net\/az\/gurcustan-prezidentinin-seckil%c9%99rin%c9%99-h%c9%99sr-olunmus-konfransda-qiym%c9%99tl%c9%99r-v%c9%99-r%c9%99yl%c9%99r\/\",\"name\":\"G\u00fcrc\u00fcstan prezidentinin se\u00e7kil\u0259rin\u0259 h\u0259sr olunmu\u015f konfransda, qiym\u0259tl\u0259r v\u0259 r\u0259yl\u0259r - JAMnews\",\"isPartOf\":{\"@id\":\"https:\/\/jam-news.net\/az\/#website\"},\"primaryImageOfPage\":{\"@id\":\"https:\/\/jam-news.net\/az\/gurcustan-prezidentinin-seckil%c9%99rin%c9%99-h%c9%99sr-olunmus-konfransda-qiym%c9%99tl%c9%99r-v%c9%99-r%c9%99yl%c9%99r\/#primaryimage\"},\"image\":{\"@id\":\"https:\/\/jam-news.net\/az\/gurcustan-prezidentinin-seckil%c9%99rin%c9%99-h%c9%99sr-olunmus-konfransda-qiym%c9%99tl%c9%99r-v%c9%99-r%c9%99yl%c9%99r\/#primaryimage\"},\"thumbnailUrl\":\"https:\/\/jam-news.net\/app\/uploads\/2020\/03\/RTX3HKWY-1.jpg\",\"datePublished\":\"2019-03-22T00:00:00+00:00\",\"dateModified\":\"2022-01-17T21:06:54+00:00\",\"breadcrumb\":{\"@id\":\"https:\/\/jam-news.net\/az\/gurcustan-prezidentinin-seckil%c9%99rin%c9%99-h%c9%99sr-olunmus-konfransda-qiym%c9%99tl%c9%99r-v%c9%99-r%c9%99yl%c9%99r\/#breadcrumb\"},\"inLanguage\":\"az\",\"potentialAction\":[{\"@type\":\"ReadAction\",\"target\":[\"https:\/\/jam-news.net\/az\/gurcustan-prezidentinin-seckil%c9%99rin%c9%99-h%c9%99sr-olunmus-konfransda-qiym%c9%99tl%c9%99r-v%c9%99-r%c9%99yl%c9%99r\/\"]}]},{\"@type\":\"ImageObject\",\"inLanguage\":\"az\",\"@id\":\"https:\/\/jam-news.net\/az\/gurcustan-prezidentinin-seckil%c9%99rin%c9%99-h%c9%99sr-olunmus-konfransda-qiym%c9%99tl%c9%99r-v%c9%99-r%c9%99yl%c9%99r\/#primaryimage\",\"url\":\"https:\/\/jam-news.net\/app\/uploads\/2020\/03\/RTX3HKWY-1.jpg\",\"contentUrl\":\"https:\/\/jam-news.net\/app\/uploads\/2020\/03\/RTX3HKWY-1.jpg\",\"width\":1200,\"height\":798,\"caption\":\"People read voters lists outside a polling station during the local elections in Tbilisi, Georgia October 21, 2017. REUTERS\/David Mdzinarishvili - RC18C19403B0\"},{\"@type\":\"BreadcrumbList\",\"@id\":\"https:\/\/jam-news.net\/az\/gurcustan-prezidentinin-seckil%c9%99rin%c9%99-h%c9%99sr-olunmus-konfransda-qiym%c9%99tl%c9%99r-v%c9%99-r%c9%99yl%c9%99r\/#breadcrumb\",\"itemListElement\":[{\"@type\":\"ListItem\",\"position\":1,\"name\":\"Home\",\"item\":\"https:\/\/jam-news.net\/az\/\"},{\"@type\":\"ListItem\",\"position\":2,\"name\":\"G\u00fcrc\u00fcstan prezidentinin se\u00e7kil\u0259rin\u0259 h\u0259sr olunmu\u015f konfransda, qiym\u0259tl\u0259r v\u0259 r\u0259yl\u0259r\"}]},{\"@type\":\"WebSite\",\"@id\":\"https:\/\/jam-news.net\/az\/#website\",\"url\":\"https:\/\/jam-news.net\/az\/\",\"name\":\"Azerbaijani Jamnews\",\"description\":\"Caucasus News, Politics and Society\",\"publisher\":{\"@id\":\"https:\/\/jam-news.net\/az\/#organization\"},\"potentialAction\":[{\"@type\":\"SearchAction\",\"target\":{\"@type\":\"EntryPoint\",\"urlTemplate\":\"https:\/\/jam-news.net\/az\/?s={search_term_string}\"},\"query-input\":{\"@type\":\"PropertyValueSpecification\",\"valueRequired\":true,\"valueName\":\"search_term_string\"}}],\"inLanguage\":\"az\"},{\"@type\":\"Organization\",\"@id\":\"https:\/\/jam-news.net\/az\/#organization\",\"name\":\"JAMnews\",\"url\":\"https:\/\/jam-news.net\/az\/\",\"logo\":{\"@type\":\"ImageObject\",\"inLanguage\":\"az\",\"@id\":\"https:\/\/jam-news.net\/az\/#\/schema\/logo\/image\/\",\"url\":\"https:\/\/jam-news.net\/app\/uploads\/2020\/05\/JAM_w.jpg\",\"contentUrl\":\"https:\/\/jam-news.net\/app\/uploads\/2020\/05\/JAM_w.jpg\",\"width\":960,\"height\":960,\"caption\":\"JAMnews\"},\"image\":{\"@id\":\"https:\/\/jam-news.net\/az\/#\/schema\/logo\/image\/\"},\"sameAs\":[\"https:\/\/www.facebook.com\/JAMnewsInEnglish\/\",\"https:\/\/x.com\/JAMnewsCaucasus\",\"https:\/\/www.instagram.com\/jam_news\/\",\"https:\/\/www.youtube.com\/channel\/UCXQbUCme2pykuZYXWHx4VPg\"]},{\"@type\":\"Person\",\"@id\":\"https:\/\/jam-news.net\/az\/#\/schema\/person\/86c90ea4dd4c6e61e60ae51d24bc662c\",\"name\":\"Tatia nikoladze\",\"image\":{\"@type\":\"ImageObject\",\"inLanguage\":\"az\",\"@id\":\"https:\/\/jam-news.net\/az\/#\/schema\/person\/image\/\",\"url\":\"https:\/\/secure.gravatar.com\/avatar\/1f8b2c8ce4c25cc30806785bafe6bb03?s=96&d=mm&r=g\",\"contentUrl\":\"https:\/\/secure.gravatar.com\/avatar\/1f8b2c8ce4c25cc30806785bafe6bb03?s=96&d=mm&r=g\",\"caption\":\"Tatia nikoladze\"},\"url\":\"https:\/\/jam-news.net\/az\/author\/tatiani\/\"}]}<\/script>\n<!-- \/ Yoast SEO plugin. -->","yoast_head_json":{"title":"G\u00fcrc\u00fcstan prezidentinin se\u00e7kil\u0259rin\u0259 h\u0259sr olunmu\u015f konfransda, qiym\u0259tl\u0259r v\u0259 r\u0259yl\u0259r - JAMnews","robots":{"index":"index","follow":"follow","max-snippet":"max-snippet:-1","max-image-preview":"max-image-preview:large","max-video-preview":"max-video-preview:-1"},"canonical":"https:\/\/jam-news.net\/az\/gurcustan-prezidentinin-seckil\u0259rin\u0259-h\u0259sr-olunmus-konfransda-qiym\u0259tl\u0259r-v\u0259-r\u0259yl\u0259r\/","og_locale":"az_AZ","og_type":"article","og_title":"G\u00fcrc\u00fcstan prezidentinin se\u00e7kil\u0259rin\u0259 h\u0259sr olunmu\u015f konfransda, qiym\u0259tl\u0259r v\u0259 r\u0259yl\u0259r - JAMnews","og_description":"M\u00fcxalif\u0259t iqtidar\u0131 pozuntularda ittiham edir, xarici diplomatlar is\u0259 hakimiyy\u0259ti t\u0259cili \u015f\u0259kild\u0259 se\u00e7ki m\u00fchitini yax\u015f\u0131la\u015fd\u0131rma\u011fa \u00e7a\u011f\u0131r\u0131rlar.","og_url":"https:\/\/jam-news.net\/az\/gurcustan-prezidentinin-seckil\u0259rin\u0259-h\u0259sr-olunmus-konfransda-qiym\u0259tl\u0259r-v\u0259-r\u0259yl\u0259r\/","og_site_name":"Azerbaijani Jamnews","article_publisher":"https:\/\/www.facebook.com\/JAMnewsInEnglish\/","article_published_time":"2019-03-22T00:00:00+00:00","article_modified_time":"2022-01-17T21:06:54+00:00","og_image":[{"width":1200,"height":798,"url":"https:\/\/jam-news.net\/app\/uploads\/2020\/03\/RTX3HKWY-1.jpg","type":"image\/jpeg"}],"author":"Tatia nikoladze","twitter_card":"summary_large_image","twitter_creator":"@JAMnewsCaucasus","twitter_site":"@JAMnewsCaucasus","twitter_misc":{"Written by":"Tatia nikoladze","Est. reading time":"4 minutes"},"schema":{"@context":"https:\/\/schema.org","@graph":[{"@type":"Article","@id":"https:\/\/jam-news.net\/az\/gurcustan-prezidentinin-seckil%c9%99rin%c9%99-h%c9%99sr-olunmus-konfransda-qiym%c9%99tl%c9%99r-v%c9%99-r%c9%99yl%c9%99r\/#article","isPartOf":{"@id":"https:\/\/jam-news.net\/az\/gurcustan-prezidentinin-seckil%c9%99rin%c9%99-h%c9%99sr-olunmus-konfransda-qiym%c9%99tl%c9%99r-v%c9%99-r%c9%99yl%c9%99r\/"},"author":{"name":"Tatia nikoladze","@id":"https:\/\/jam-news.net\/az\/#\/schema\/person\/86c90ea4dd4c6e61e60ae51d24bc662c"},"headline":"G\u00fcrc\u00fcstan prezidentinin se\u00e7kil\u0259rin\u0259 h\u0259sr olunmu\u015f konfransda, qiym\u0259tl\u0259r v\u0259 r\u0259yl\u0259r","datePublished":"2019-03-22T00:00:00+00:00","dateModified":"2022-01-17T21:06:54+00:00","mainEntityOfPage":{"@id":"https:\/\/jam-news.net\/az\/gurcustan-prezidentinin-seckil%c9%99rin%c9%99-h%c9%99sr-olunmus-konfransda-qiym%c9%99tl%c9%99r-v%c9%99-r%c9%99yl%c9%99r\/"},"wordCount":869,"commentCount":0,"publisher":{"@id":"https:\/\/jam-news.net\/az\/#organization"},"image":{"@id":"https:\/\/jam-news.net\/az\/gurcustan-prezidentinin-seckil%c9%99rin%c9%99-h%c9%99sr-olunmus-konfransda-qiym%c9%99tl%c9%99r-v%c9%99-r%c9%99yl%c9%99r\/#primaryimage"},"thumbnailUrl":"https:\/\/jam-news.net\/app\/uploads\/2020\/03\/RTX3HKWY-1.jpg","keywords":["G\u00fcrc\u00fcstan c\u0259miyy\u0259ti","G\u00fcrc\u00fcstanda h\u0259yat","G\u00fcrc\u00fcstandan x\u0259b\u0259rl\u0259r","post-sovet g\u00fcrc\u00fcstan"],"articleSection":["Geography","Georgia","News","Politics"],"inLanguage":"az"},{"@type":"WebPage","@id":"https:\/\/jam-news.net\/az\/gurcustan-prezidentinin-seckil%c9%99rin%c9%99-h%c9%99sr-olunmus-konfransda-qiym%c9%99tl%c9%99r-v%c9%99-r%c9%99yl%c9%99r\/","url":"https:\/\/jam-news.net\/az\/gurcustan-prezidentinin-seckil%c9%99rin%c9%99-h%c9%99sr-olunmus-konfransda-qiym%c9%99tl%c9%99r-v%c9%99-r%c9%99yl%c9%99r\/","name":"G\u00fcrc\u00fcstan prezidentinin se\u00e7kil\u0259rin\u0259 h\u0259sr olunmu\u015f konfransda, qiym\u0259tl\u0259r v\u0259 r\u0259yl\u0259r - JAMnews","isPartOf":{"@id":"https:\/\/jam-news.net\/az\/#website"},"primaryImageOfPage":{"@id":"https:\/\/jam-news.net\/az\/gurcustan-prezidentinin-seckil%c9%99rin%c9%99-h%c9%99sr-olunmus-konfransda-qiym%c9%99tl%c9%99r-v%c9%99-r%c9%99yl%c9%99r\/#primaryimage"},"image":{"@id":"https:\/\/jam-news.net\/az\/gurcustan-prezidentinin-seckil%c9%99rin%c9%99-h%c9%99sr-olunmus-konfransda-qiym%c9%99tl%c9%99r-v%c9%99-r%c9%99yl%c9%99r\/#primaryimage"},"thumbnailUrl":"https:\/\/jam-news.net\/app\/uploads\/2020\/03\/RTX3HKWY-1.jpg","datePublished":"2019-03-22T00:00:00+00:00","dateModified":"2022-01-17T21:06:54+00:00","breadcrumb":{"@id":"https:\/\/jam-news.net\/az\/gurcustan-prezidentinin-seckil%c9%99rin%c9%99-h%c9%99sr-olunmus-konfransda-qiym%c9%99tl%c9%99r-v%c9%99-r%c9%99yl%c9%99r\/#breadcrumb"},"inLanguage":"az","potentialAction":[{"@type":"ReadAction","target":["https:\/\/jam-news.net\/az\/gurcustan-prezidentinin-seckil%c9%99rin%c9%99-h%c9%99sr-olunmus-konfransda-qiym%c9%99tl%c9%99r-v%c9%99-r%c9%99yl%c9%99r\/"]}]},{"@type":"ImageObject","inLanguage":"az","@id":"https:\/\/jam-news.net\/az\/gurcustan-prezidentinin-seckil%c9%99rin%c9%99-h%c9%99sr-olunmus-konfransda-qiym%c9%99tl%c9%99r-v%c9%99-r%c9%99yl%c9%99r\/#primaryimage","url":"https:\/\/jam-news.net\/app\/uploads\/2020\/03\/RTX3HKWY-1.jpg","contentUrl":"https:\/\/jam-news.net\/app\/uploads\/2020\/03\/RTX3HKWY-1.jpg","width":1200,"height":798,"caption":"People read voters lists outside a polling station during the local elections in Tbilisi, Georgia October 21, 2017. REUTERS\/David Mdzinarishvili - RC18C19403B0"},{"@type":"BreadcrumbList","@id":"https:\/\/jam-news.net\/az\/gurcustan-prezidentinin-seckil%c9%99rin%c9%99-h%c9%99sr-olunmus-konfransda-qiym%c9%99tl%c9%99r-v%c9%99-r%c9%99yl%c9%99r\/#breadcrumb","itemListElement":[{"@type":"ListItem","position":1,"name":"Home","item":"https:\/\/jam-news.net\/az\/"},{"@type":"ListItem","position":2,"name":"G\u00fcrc\u00fcstan prezidentinin se\u00e7kil\u0259rin\u0259 h\u0259sr olunmu\u015f konfransda, qiym\u0259tl\u0259r v\u0259 r\u0259yl\u0259r"}]},{"@type":"WebSite","@id":"https:\/\/jam-news.net\/az\/#website","url":"https:\/\/jam-news.net\/az\/","name":"Azerbaijani Jamnews","description":"Caucasus News, Politics and Society","publisher":{"@id":"https:\/\/jam-news.net\/az\/#organization"},"potentialAction":[{"@type":"SearchAction","target":{"@type":"EntryPoint","urlTemplate":"https:\/\/jam-news.net\/az\/?s={search_term_string}"},"query-input":{"@type":"PropertyValueSpecification","valueRequired":true,"valueName":"search_term_string"}}],"inLanguage":"az"},{"@type":"Organization","@id":"https:\/\/jam-news.net\/az\/#organization","name":"JAMnews","url":"https:\/\/jam-news.net\/az\/","logo":{"@type":"ImageObject","inLanguage":"az","@id":"https:\/\/jam-news.net\/az\/#\/schema\/logo\/image\/","url":"https:\/\/jam-news.net\/app\/uploads\/2020\/05\/JAM_w.jpg","contentUrl":"https:\/\/jam-news.net\/app\/uploads\/2020\/05\/JAM_w.jpg","width":960,"height":960,"caption":"JAMnews"},"image":{"@id":"https:\/\/jam-news.net\/az\/#\/schema\/logo\/image\/"},"sameAs":["https:\/\/www.facebook.com\/JAMnewsInEnglish\/","https:\/\/x.com\/JAMnewsCaucasus","https:\/\/www.instagram.com\/jam_news\/","https:\/\/www.youtube.com\/channel\/UCXQbUCme2pykuZYXWHx4VPg"]},{"@type":"Person","@id":"https:\/\/jam-news.net\/az\/#\/schema\/person\/86c90ea4dd4c6e61e60ae51d24bc662c","name":"Tatia nikoladze","image":{"@type":"ImageObject","inLanguage":"az","@id":"https:\/\/jam-news.net\/az\/#\/schema\/person\/image\/","url":"https:\/\/secure.gravatar.com\/avatar\/1f8b2c8ce4c25cc30806785bafe6bb03?s=96&d=mm&r=g","contentUrl":"https:\/\/secure.gravatar.com\/avatar\/1f8b2c8ce4c25cc30806785bafe6bb03?s=96&d=mm&r=g","caption":"Tatia nikoladze"},"url":"https:\/\/jam-news.net\/az\/author\/tatiani\/"}]}},"_links":{"self":[{"href":"https:\/\/jam-news.net\/az\/wp-json\/wp\/v2\/posts\/10471","targetHints":{"allow":["GET"]}}],"collection":[{"href":"https:\/\/jam-news.net\/az\/wp-json\/wp\/v2\/posts"}],"about":[{"href":"https:\/\/jam-news.net\/az\/wp-json\/wp\/v2\/types\/post"}],"author":[{"embeddable":true,"href":"https:\/\/jam-news.net\/az\/wp-json\/wp\/v2\/users\/6"}],"replies":[{"embeddable":true,"href":"https:\/\/jam-news.net\/az\/wp-json\/wp\/v2\/comments?post=10471"}],"version-history":[{"count":1,"href":"https:\/\/jam-news.net\/az\/wp-json\/wp\/v2\/posts\/10471\/revisions"}],"predecessor-version":[{"id":14058,"href":"https:\/\/jam-news.net\/az\/wp-json\/wp\/v2\/posts\/10471\/revisions\/14058"}],"wp:featuredmedia":[{"embeddable":true,"href":"https:\/\/jam-news.net\/az\/wp-json\/wp\/v2\/media\/22039"}],"wp:attachment":[{"href":"https:\/\/jam-news.net\/az\/wp-json\/wp\/v2\/media?parent=10471"}],"wp:term":[{"taxonomy":"category","embeddable":true,"href":"https:\/\/jam-news.net\/az\/wp-json\/wp\/v2\/categories?post=10471"},{"taxonomy":"post_tag","embeddable":true,"href":"https:\/\/jam-news.net\/az\/wp-json\/wp\/v2\/tags?post=10471"},{"taxonomy":"formation","embeddable":true,"href":"https:\/\/jam-news.net\/az\/wp-json\/wp\/v2\/formation?post=10471"},{"taxonomy":"post-author","embeddable":true,"href":"https:\/\/jam-news.net\/az\/wp-json\/wp\/v2\/post-author?post=10471"},{"taxonomy":"topic","embeddable":true,"href":"https:\/\/jam-news.net\/az\/wp-json\/wp\/v2\/topic?post=10471"},{"taxonomy":"tooltip","embeddable":true,"href":"https:\/\/jam-news.net\/az\/wp-json\/wp\/v2\/tooltip?post=10471"},{"taxonomy":"city","embeddable":true,"href":"https:\/\/jam-news.net\/az\/wp-json\/wp\/v2\/city?post=10471"}],"curies":[{"name":"wp","href":"https:\/\/api.w.org\/{rel}","templated":true}]}}