{"id":10363,"date":"2019-03-08T00:00:00","date_gmt":"2019-03-08T00:00:00","guid":{"rendered":"http:\/\/jam-news.net\/az\/yaxinlari-itir%c9%99r%c9%99k-v%c9%99-yenid%c9%99n-qazanaraq\/"},"modified":"2020-03-18T12:20:35","modified_gmt":"2020-03-18T12:20:35","slug":"yaxinlari-itir%c9%99r%c9%99k-v%c9%99-yenid%c9%99n-qazanaraq","status":"publish","type":"post","link":"https:\/\/jam-news.net\/az\/yaxinlari-itir%c9%99r%c9%99k-v%c9%99-yenid%c9%99n-qazanaraq\/","title":{"rendered":"Yax\u0131nlar\u0131 itir\u0259r\u0259k v\u0259 yenid\u0259n qazanaraq"},"content":{"rendered":"<p><span style=\"font-weight: 400;\">\u201cAlo, salam L\u00fcsya Ana\u201d, &#8211; L\u00fcsya d\u0259st\u0259kd\u0259 tan\u0131\u015f olmayan qad\u0131n s\u0259si e\u015fitdi.<\/span><\/p>\n<p><span style=\"font-weight: 400;\">Fikirl\u0259\u015fdi ki, onunla kims\u0259 zarafat edir v\u0259 cavab verdi: \u201cm\u0259n hardan s\u0259nin L\u00fcsya anan oldum?\u201d<\/span><\/p>\n<p><span style=\"font-weight: 400;\">S\u0259n dem\u0259, z\u0259ng ed\u0259n Kostyan\u0131n anas\u0131 imi\u015f.<\/span><\/p>\n<p><div class=\"su-divider su-divider-style-default\" style=\"margin:15px 0;border-width:3px;border-color:#999999\"><a href=\"#\" style=\"color:#999999\">Go to top<\/a><\/div> <\/p>\n<p><span style=\"font-weight: 400;\">N\u0259n\u0259 il\u0259 n\u0259v\u0259nin qovu\u015fmas\u0131 da m\u0259hz bu z\u0259ngd\u0259n sonra ba\u015flad\u0131. H\u0259yat\u0131n\u0131n son 20 ild\u0259n d\u0259 \u00e7ox d\u00f6vr\u00fcnd\u0259 L\u00fcsya n\u0259n\u0259 o\u011flu v\u0259 n\u0259v\u0259si il\u0259 ba\u011fl\u0131 qeyri-m\u00fc\u0259yy\u0259nlikd\u0259n daim \u0259ziyy\u0259t \u00e7\u0259kirdi. \u018fg\u0259r ikinci halda h\u0259r \u015fey onun 17 ild\u0259n sonra yenid\u0259n n\u0259v\u0259sin\u0259 qovu\u015fmas\u0131 il\u0259 n\u0259tic\u0131l\u0259ndis\u0259, o\u011flu il\u0259 ba\u011fl\u0131 hekay\u0259 h\u0259l\u0259 d\u0259 tapmaca olaraq qal\u0131r.<\/span><\/p>\n<p><span style=\"font-weight: 400;\"> Bel\u0259 g\u0259tirib ki, 81 ya\u015fl\u0131 L\u00fcsya Avanesyan h\u0259yat\u0131 boyunca \u00fc\u00e7 m\u00fcxt\u0259lif yerd\u0259 ya\u015famal\u0131 olub \u2013 Qaraba\u011fda anadan olub, Bak\u0131da b\u00f6y\u00fcy\u00fcb v\u0259 art\u0131q 29 ildir ki, Erm\u0259nistan\u0131n Geqarkunik vilay\u0259tind\u0259 yerl\u0259\u015f\u0259n Vardenis \u015f\u0259h\u0259rind\u0259 ya\u015fay\u0131r.<\/span><\/p>\n<p><span style=\"font-weight: 400;\">Vardenisd\u0259ki m\u0259nzilind\u0259 n\u0259n\u0259 t\u0259k ya\u015fay\u0131r. \u201cBudur m\u0259nim ki\u015fil\u0259rim\u201d, &#8211; dey\u0259r\u0259k, qonaq ota\u011f\u0131n\u0131n divar\u0131ndan as\u0131lm\u0131\u015f \u00fc\u00e7 portreti g\u00f6st\u0259rir.<\/span><\/p>\n<p><figure id=\"attachment_131841\" aria-describedby=\"caption-attachment-131841\" style=\"width: 1500px\" class=\"wp-caption aligncenter\"><img loading=\"lazy\" decoding=\"async\" class=\"wp-image-131841 size-full\" src=\"http:\/\/jam-news.net\/app\/uploads\/2018\/11\/1.jpg\" alt=\"\" width=\"1500\" height=\"1000\" \/><figcaption id=\"caption-attachment-131841\" class=\"wp-caption-text\"><span style=\"color: #808080;\"><i><span style=\"font-weight: 400;\">L\u00fcsi n\u0259n\u0259nin m\u0259nzilind\u0259ki qonaq ota\u011f\u0131: divardan as\u0131lm\u0131\u015f portretl\u0259rd\u0259 onun iki o\u011flu v\u0259 \u0259ri \u0259ks olunub<\/span><\/i><\/span><\/figcaption><\/figure><\/p>\n<p><span style=\"font-weight: 400;\">Ortada as\u0131lm\u0131\u015f portretd\u0259 40 ya\u015f\u0131nda ik\u0259n itirdiyi \u0259ri \u0259ks olunub. Sa\u011fdak\u0131 \u015f\u0259kild\u0259 b\u00f6y\u00fck o\u011flu Boryad\u0131r \u2013 o, 2008-ci ild\u0259 uzun s\u00fcr\u0259n x\u0259st\u0259likd\u0259n sonra v\u0259fat edib. Sonuncu portretd\u0259 is\u0259 L\u00fcsyan\u0131n ki\u00e7ik o\u011flu Eduardd\u0131r \u2013 art\u0131q 24 ildir ki, onun taleyi bar\u0259d\u0259 he\u00e7 n\u0259 m\u0259lum deyil.<\/span><\/p>\n<p><span style=\"font-weight: 400;\">Eduard Avanesyan 1959-cu ild\u0259 Bak\u0131da anadan olub. G\u0259nclik ill\u0259rind\u0259 Rusiyaya k\u00f6\u00e7\u00fcb, burada ya\u015fay\u0131b i\u015fl\u0259m\u0259y\u0259 ba\u015flay\u0131b. Qaraba\u011f m\u00fcnaqi\u015f\u0259si q\u0131z\u0131\u015fanda Eduard c\u0259bh\u0259y\u0259 yollan\u0131b v\u0259 1999-cu ild\u0259n itkin d\u00fc\u015fm\u00fc\u015f hesab olunur.<\/span><\/p>\n<p style=\"padding-left: 30px;\"><i><span style=\"font-weight: 400;\">Qaraba\u011f m\u00fcnaqi\u015f\u0259si n\u0259tic\u0259sind\u0259 itkin d\u00fc\u015fm\u00fc\u015f 4500-d\u0259n \u00e7ox h\u0259rb\u00e7i v\u0259 m\u00fclki \u015f\u0259xs Beyn\u0131lxalq Q\u0131rm\u0131z\u0131 Xa\u00e7 Komit\u0259sinin (BQXK) n\u00fcmay\u0259nd\u0259 hey\u0259tl\u0259ri t\u0259r\u0259find\u0259n Yerevanda v\u0259 Bak\u0131da, eyni zamanda BQXK-n\u0131n missiyas\u0131 t\u0259r\u0259find\u0259n Da\u011fl\u0131q Qaraba\u011fda qeyd\u0259 al\u0131n\u0131b. Onlardan 400 n\u0259f\u0259rd\u0259n \u00e7oxu Erm\u0259nistanda qeydiyyata al\u0131n\u0131b, t\u0259xmin\u0259n bu q\u0259d\u0259r d\u0259 Da\u011fl\u0131q Qaraba\u011fda itkin d\u00fc\u015fm\u00fc\u015f \u015f\u0259xs kimi tan\u0131n\u0131b.<\/span><\/i><\/p>\n<p style=\"padding-left: 30px;\"><i><span style=\"font-weight: 400;\">BQXK itkin d\u00fc\u015fm\u00fc\u015f \u015f\u0259xsl\u0259rin qohumlar\u0131n\u0131n DNT n\u00fcmun\u0259l\u0259rini h\u0259l\u0259 2014-c\u00fc ild\u0259 toplama\u011fa ba\u015flay\u0131b. Layih\u0259nin ba\u015flan\u011f\u0131c\u0131ndan b\u0259ri 344 itkin d\u00fc\u015fm\u00fc\u015f \u015f\u0259xsin 1077 qan qohumunun DNT n\u00fcmun\u0259l\u0259ri toplan\u0131b. 195 \u015f\u0259xsd\u0259n g\u00f6t\u00fcr\u00fclm\u00fc\u015f n\u00fcmun\u0259l\u0259r \u0259sas\u0131nda art\u0131q DNT profill\u0259ri yarad\u0131l\u0131b v\u0259 bunlar m\u00fcst\u0259qil laboratoriyada yoxlamadan ke\u00e7ib. G\u0259l\u0259c\u0259kd\u0259 bu n\u00fcmun\u0259l\u0259r h\u0259lak olanlar\u0131n eksqumasiya edil\u0259n qal\u0131qlar\u0131n\u0131n identifikasiyas\u0131 ehtimal\u0131n\u0131 y\u00fcks\u0259ltm\u0259y\u0259 k\u00f6m\u0259k ed\u0259c\u0259k.<\/span><\/i><\/p>\n<p><span style=\"font-weight: 400;\">L\u00fcsya n\u0259n\u0259nin dan\u0131\u015f\u0131\u011f\u0131nda Qaraba\u011f l\u0259hc\u0259si rus dili il\u0259 qar\u0131\u015f\u0131r. Onun s\u00f6zl\u0259rin\u0259 g\u00f6r\u0259, Bak\u0131da \u0259sas\u0259n rusca dan\u0131\u015f\u0131rd\u0131lar.<\/span><\/p>\n<p><figure id=\"attachment_131848\" aria-describedby=\"caption-attachment-131848\" style=\"width: 1500px\" class=\"wp-caption alignnone\"><img loading=\"lazy\" decoding=\"async\" class=\"wp-image-131848 size-full\" src=\"http:\/\/jam-news.net\/app\/uploads\/2018\/11\/2.jpg\" alt=\"\" width=\"1500\" height=\"1000\" \/><figcaption id=\"caption-attachment-131848\" class=\"wp-caption-text\"><span style=\"color: #808080;\"><em>L\u00fcsya n\u0259n\u0259 qon\u015fu qad\u0131nla. Onlar ikisi d\u0259 bura Bak\u0131dan k\u00f6\u00e7\u00fcbl\u0259r<\/em><\/span><\/figcaption><\/figure><\/p>\n<p>O xat\u0131rlay\u0131r ki, Qaraba\u011fda m\u00fcnaqi\u015f\u0259 ba\u015flayana kimi Bak\u0131da erm\u0259nil\u0259r\u0259 yax\u015f\u0131 m\u00fcnasib\u0259t b\u0259sl\u0259yirdil\u0259r. O zamanlar o, toxuculuq fabrikind\u0259 i\u015fl\u0259yirdi, m\u0259nzil alm\u0131\u015fd\u0131 v\u0259 o\u011fullar\u0131 h\u0259min m\u0259nzili t\u0259mir etmi\u015fdil\u0259r.<\/p>\n<p>Lakin 80-ci ill\u0259rin sonlar\u0131nda h\u0259r \u015fey d\u0259yi\u015fdi.<\/p>\n<p style=\"padding-left: 30px;\"><i>\u00abO\u011flum Borya taksi s\u00fcr\u00fcrd\u00fc. O, tez-tez Sumqay\u0131ta gedir v\u0259 d\u0259f\u0259l\u0259rl\u0259 m\u0259ni dil\u0259 tutmu\u015fdu ki, \u00e7\u0131x\u0131b getm\u0259k laz\u0131md\u0131r. M\u0259n is\u0259 h\u0259r d\u0259f\u0259 cavab verirdim ki, t\u0259\u015fvi\u015f\u0259 d\u00fc\u015fm\u0259y\u0259 d\u0259ym\u0259z. \u0130nan\u0131rd\u0131m ki, h\u0259r \u015fey qaydas\u0131na d\u00fc\u015f\u0259c\u0259k. D\u00fc\u015fm\u0259di&#8230;\u00bb<\/i>, \u2014 L\u00fcsya Avanesyan xat\u0131rlay\u0131r.<\/p>\n<p>Sonralar, Bak\u0131dak\u0131 dig\u0259r erm\u0259nil\u0259r kimi, o da s\u00f6vd\u0259l\u0259\u015fm\u0259y\u0259 getm\u0259li oldu \u2013 m\u0259nzilini d\u0259yi\u015fib Vardenis\u0259 yolland\u0131.<\/p>\n<p>&nbsp;<\/p>\n<p><\/p>\n<p><span style=\"font-weight: 400;\">O\u011fullar\u0131 o vaxt ya\u015fay\u0131b i\u015fl\u0259m\u0259k \u00fc\u00e7\u00fcn Rusiyaya getdil\u0259r. L\u00fcsya da onlar\u0131n yan\u0131na ged\u0259 bil\u0259rdi, amma q\u0259rara ald\u0131 ki, \u201ckim bilir, b\u0259lk\u0259 sabah Rusiyada da bu c\u00fcr bir \u015fey ba\u015f ver\u0259c\u0259k, bel\u0259 olarsa, u\u015faqlar\u0131m\u0131n he\u00e7 olmasa evi olar. M\u0259hz bu fikirl\u0259 d\u0259 m\u0259nzili d\u0259yi\u015fdim\u201d.<\/span><\/p>\n<p><span style=\"font-weight: 400;\">Lakin hadis\u0259l\u0259r ba\u015fqa c\u00fcr inki\u015faf etm\u0259y\u0259 ba\u015flad\u0131. B\u00f6y\u00fck o\u011flu Borya 1991-ci ild\u0259 ev\u0259 qay\u0131td\u0131. Bir il sonra is\u0259 Edik sevdiyi q\u0131z Nata\u015fa il\u0259 birlikd\u0259 g\u0259ldi.<\/span><\/p>\n<p style=\"padding-left: 30px;\"><i><span style=\"font-weight: 400;\">\u201cDedi ki, Yerevana i\u015fl\u0259rinin dal\u0131nca gedir. X\u0259b\u0259rdarl\u0131q etdi ki, onu axtarmay\u0131m, laz\u0131m g\u0259l\u0259rs\u0259 \u00f6z\u00fc bar\u0259d\u0259 m\u0259lumat ver\u0259c\u0259k\u201d, &#8211; <\/span><\/i><span style=\"font-weight: 400;\">L\u00fcsya n\u0259n\u0259 dan\u0131\u015f\u0131r v\u0259 \u0259lav\u0259 edir ki, narahatl\u0131q \u00fc\u00e7\u00fcn s\u0259b\u0259bi yox idi. Edik m\u00fcst\u0259qil v\u0259 dinc insan idi, ondan h\u0259mi\u015f\u0259 arxay\u0131n idi.<\/span><\/p>\n<p style=\"padding-left: 30px;\"><i><span style=\"font-weight: 400;\">\u201cO, m\u0259n\u0259 teleqramlar yollay\u0131rd\u0131, x\u0259b\u0259r verirdi ki, sa\u011f v\u0259 salamatd\u0131r. He\u00e7 a\u011fl\u0131ma da g\u0259lmirdi yoxlay\u0131m ki, \u0259slind\u0259 teleqramlar Qaraba\u011fdan g\u0259lirdi\u201d.<\/span><\/i><\/p>\n<p style=\"padding-left: 30px;\"><span style=\"font-weight: 400;\">L\u00fcsya n\u0259n\u0259 xat\u0131rlay\u0131r ki, h\u0259qiq\u0259ti Edikl\u0259 maraqlanan qohumlarla g\u00f6r\u00fc\u015f vaxt\u0131 \u00f6yr\u0259nib. M\u0259lum olub ki, o, Nata\u015fa il\u0259 birlikd\u0259 Yerevanda deyil, Qaraba\u011fda \u2013 Mardakert rayonunun Tona\u015fen k\u0259ndind\u0259 imi\u015f.<\/span><\/p>\n<p><span style=\"font-weight: 400;\">B\u00fct\u00fcn m\u00fcharib\u0259 boyunca ana il\u0259 o\u011ful aras\u0131nda yegan\u0259 \u0259laq\u0259 vasit\u0259si teleqramlar olub. Ne\u00e7\u0259 d\u0259n\u0259 teleqram yollay\u0131b q\u0259bul etdiyini art\u0131q xat\u0131rlam\u0131r, lakin deyir ki, bu nam\u0259l\u0259r onu sakitl\u0259\u015fdirirdi, inanma\u011fa k\u00f6m\u0259k edirdi ki, o\u011flu sa\u011f-salamatd\u0131r.<\/span><\/p>\n<p>\n\t\t<!-- MasterSlider -->\n\t\t<div id=\"P_MS69eeb559efbdc\" class=\"master-slider-parent ms-parent-id-416\" style=\"max-width:1200px;\" >\n\n\t\t\t\n\t\t\t<!-- MasterSlider Main -->\n\t\t\t<div id=\"MS69eeb559efbdc\" class=\"master-slider ms-skin-default\" >\n\t\t\t\t \t\t\t\t \n\t\t\t<div  class=\"ms-slide\" data-delay=\"3\" data-fill-mode=\"fill\"   >\n\t\t\t\t\t<img decoding=\"async\" src=\"https:\/\/jam-news.net\/app\/plugins\/masterslider\/public\/assets\/css\/blank.gif\" alt=\"\" title=\"5\" data-src=\"https:\/\/jam-news.net\/app\/uploads\/2018\/11\/5-1-1200x800.jpg\" \/>\n\n\n\t\t\t\t<\/div>\n\t\t\t<div  class=\"ms-slide\" data-delay=\"3\" data-fill-mode=\"fill\"   >\n\t\t\t\t\t<img decoding=\"async\" src=\"https:\/\/jam-news.net\/app\/plugins\/masterslider\/public\/assets\/css\/blank.gif\" alt=\"\" title=\"6\" data-src=\"https:\/\/jam-news.net\/app\/uploads\/2018\/11\/6-1.jpg\" \/>\n\n\n\t\t\t\t<\/div>\n\t\t\t<div  class=\"ms-slide\" data-delay=\"3\" data-fill-mode=\"fill\"   >\n\t\t\t\t\t<img decoding=\"async\" src=\"https:\/\/jam-news.net\/app\/plugins\/masterslider\/public\/assets\/css\/blank.gif\" alt=\"\" title=\"7\" data-src=\"https:\/\/jam-news.net\/app\/uploads\/2018\/11\/7-1200x800.jpg\" \/>\n\n\n\t\t\t\t<\/div>\n\n\t\t\t<\/div>\n\t\t\t<!-- END MasterSlider Main -->\n\n\t\t\t \n\t\t<\/div>\n\t\t<!-- END MasterSlider -->\n\n\t\t<script>\n\t\t( window.MSReady = window.MSReady || [] ).push( function( $ ) {\n\n\t\t\t\"use strict\";\n\t\t\tvar masterslider_fbdc = new MasterSlider();\n\n\t\t\t\/\/ slider controls\n\t\t\tmasterslider_fbdc.control('arrows'     ,{ autohide:true, overVideo:true  });\n\t\t\t\/\/ slider setup\n\t\t\tmasterslider_fbdc.setup(\"MS69eeb559efbdc\", {\n\t\t\t\twidth           : 1200,\n\t\t\t\theight          : 800,\n\t\t\t\tminHeight       : 0,\n\t\t\t\tspace           : 0,\n\t\t\t\tstart           : 1,\n\t\t\t\tgrabCursor      : true,\n\t\t\t\tswipe           : true,\n\t\t\t\tmouse           : true,\n\t\t\t\tkeyboard        : false,\n\t\t\t\tlayout          : \"boxed\",\n\t\t\t\twheel           : false,\n\t\t\t\tautoplay        : true,\n                instantStartLayers:false,\n\t\t\t\tmobileBGVideo:false,\n\t\t\t\tloop            : false,\n\t\t\t\tshuffle         : false,\n\t\t\t\tpreload         : 0,\n\t\t\t\theightLimit     : true,\n\t\t\t\tautoHeight      : false,\n\t\t\t\tsmoothHeight    : true,\n\t\t\t\tendPause        : true,\n\t\t\t\toverPause       : false,\n\t\t\t\tfillMode        : \"fill\",\n\t\t\t\tcenterControls  : true,\n\t\t\t\tstartOnAppear   : true,\n\t\t\t\tlayersMode      : \"center\",\n\t\t\t\tautofillTarget  : \"\",\n\t\t\t\thideLayers      : false,\n\t\t\t\tfullscreenMargin: 0,\n\t\t\t\tspeed           : 2,\n\t\t\t\tdir             : \"h\",\n\t\t\t\tresponsive      : true,\n\t\t\t\ttabletWidth     : 768,\n\t\t\t\ttabletHeight    : null,\n\t\t\t\tphoneWidth      : 480,\n\t\t\t\tphoneHeight    : null,\n\t\t\t\tsizingReference : window,\n\t\t\t\tparallaxMode    : 'swipe',\n\t\t\t\tview            : \"basic\"\n\t\t\t});\n\n\t\t\t\n\t\t\twindow.masterslider_instances = window.masterslider_instances || [];\n\t\t\twindow.masterslider_instances.push( masterslider_fbdc );\n\t\t});\n\t\t<\/script>\n\n<\/p>\n<p>L\u00fcsya n\u0259n\u0259nin ayr\u0131ca \u00e7antada qoruyub saxlad\u0131\u011f\u0131 bu teleqramlardan h\u0259min ill\u0259rd\u0259 ail\u0259nin ba\u015f\u0131na g\u0259l\u0259nl\u0259r bar\u0259d\u0259 \u00f6yr\u0259nm\u0259k m\u00fcmk\u00fcnd\u00fcr. Teleqramlardan birind\u0259 o, Edik\u0259 x\u0259b\u0259r verir ki, b\u00f6y\u00fck qarda\u015f\u0131na amputasiya edibl\u0259r, \u0259m\u0259liyyat ke\u00e7irildiyi g\u00fcn m\u0259nzill\u0259ri o\u011furlan\u0131b.<\/p>\n<p>M\u0259hz teleqramdan L\u00fcsya n\u0259v\u0259sinin anadan oldu\u011fu bar\u0259d\u0259 x\u0259b\u0259r tutur.<\/p>\n<p>Konstantin Eduardovi\u00e7 Katkov \u2013 L\u00fcsyan\u0131n itirdiyi v\u0259 sonradan qovu\u015fdu\u011fu n\u0259v\u0259si itkin d\u00fc\u015fm\u00fc\u015f o\u011flunun yegan\u0259 u\u015fa\u011f\u0131d\u0131r.<\/p>\n<p>Nata\u015fa Qaraba\u011fda hamil\u0259 qal\u0131b v\u0259 \u0259ri onu geriy\u0259 &#8211; Vardenis\u0259, anas\u0131n\u0131n yan\u0131na yollay\u0131b. M\u00fc\u0259yy\u0259n m\u00fcdd\u0259t L\u00fcsyan\u0131n evind\u0259 ya\u015fad\u0131qdan sonra g\u0259lin valideynl\u0259rinin yan\u0131na \u2013 Ukraynaya gedib v\u0259 \u0259laq\u0259 n\u00f6mr\u0259l\u0259rini qoyub.<\/p>\n<p>O, n\u0259v\u0259si il\u0259 anadan olandan sonra c\u0259mi iki d\u0259f\u0259 g\u00f6r\u00fc\u015f\u0259 bilib. \u0130lk g\u00f6r\u00fc\u015fd\u0259n n\u0259n\u0259 balaca Kostyan\u0131n foto\u015f\u0259klini saxlay\u0131b. Bu, 1996-c\u0131 ild\u0259 ba\u015f verib, o vaxt \u00fc\u00e7 ya\u015fl\u0131 u\u015faq n\u0259n\u0259si v\u0259 babas\u0131 il\u0259 ya\u015fay\u0131rd\u0131, anas\u0131 is\u0259 i\u015fin\u0259 g\u00f6r\u0259 ba\u015fqa \u015f\u0259h\u0259r\u0259 k\u00f6\u00e7m\u00fc\u015fd\u00fc.<\/p>\n<p><figure id=\"attachment_131856\" aria-describedby=\"caption-attachment-131856\" style=\"width: 1500px\" class=\"wp-caption alignnone\"><img loading=\"lazy\" decoding=\"async\" class=\"wp-image-131856 size-full\" src=\"http:\/\/jam-news.net\/app\/uploads\/2018\/11\/8.jpg\" alt=\"\" width=\"1500\" height=\"1000\" \/><figcaption id=\"caption-attachment-131856\" class=\"wp-caption-text\"><span style=\"color: #808080;\"><em><i><span style=\"font-weight: 400;\">L\u00fcsya n\u0259n\u0259 n\u0259v\u0259si Kostyan\u0131n u\u015faql\u0131q \u015f\u0259kli il\u0259<\/span><\/i><\/em><\/span><\/figcaption><\/figure><\/p>\n<p><span style=\"font-weight: 400;\">N\u0259n\u0259 balaca n\u0259v\u0259si il\u0259 ke\u00e7irdiyi g\u00fcnl\u0259rd\u0259n bir epizodu \u0259la xat\u0131rlay\u0131r. G\u0259linin anas\u0131 o vaxt m\u0259sl\u0259h\u0259t g\u00f6rm\u00fc\u015fd\u00fc ki, n\u0259n\u0259sini daha yax\u015f\u0131 \u00f6yr\u0259\u015fm\u0259si \u00fc\u00e7\u00fcn u\u015fa\u011f\u0131 \u00f6z\u00fc il\u0259 yat\u0131rts\u0131n, Kostya is\u0259 cavab\u0131nda s\u00f6z vermi\u015fdi: \u201cs\u0259ninl\u0259 g\u00fcnorta \u00fcnsiyy\u0259td\u0259 olaca\u011fam, ax\u015fam is\u0259 yatma\u011fa Qalya n\u0259n\u0259nin yan\u0131na ged\u0259c\u0259y\u0259m\u201d, &#8211; L\u00fcsya t\u0259b\u0259ss\u00fcml\u0259 xat\u0131rlay\u0131r.<\/span><\/p>\n<p><span style=\"font-weight: 400;\">Geri qay\u0131dark\u0259n o, n\u0259v\u0259sinin ail\u0259sin\u0259 \u00f6z \u00fcnvan\u0131n\u0131 v\u0259 n\u00f6mr\u0259l\u0259rini verir, lakin sonradan \u00f6z\u00fc onlar\u0131n \u00fcnvan\u0131n\u0131 itirir &#8211; \u0259laq\u0259 uzun 18 il m\u00fcdd\u0259tin\u0259 itir.<\/span><\/p>\n<p><span style=\"font-weight: 400;\">Bu m\u00fcdd\u0259t \u0259rzind\u0259 o, qon\u015fular\u0131n\u0131n v\u0259 b\u00f6y\u00fck o\u011flunun ail\u0259sinin k\u00f6m\u0259yi il\u0259 Kostyan\u0131 v\u0259 Nata\u015fan\u0131 tapma\u011fa \u00e7al\u0131\u015f\u0131b. O, n\u0259v\u0259sini v\u0259 g\u0259linini sosial \u015f\u0259b\u0259k\u0259l\u0259rd\u0259 d\u0259 axtar\u0131b, lakin bunun da m\u0259nas\u0131 olmay\u0131b. F\u0259q\u0259t n\u0259v\u0259 il\u0259 n\u0259n\u0259nin yenid\u0259n qovu\u015fmas\u0131 haqq\u0131nda, L\u00fcsyan\u0131n \u00f6z\u00fcn\u00fcn s\u00f6zl\u0259rin\u0259 g\u00f6r\u0259, b\u00fct\u00f6v bir kitab yazmaq olar.<\/span><\/p>\n<p><span style=\"font-weight: 400;\">2013-c\u00fc ild\u0259 Edikin vuru\u015fdu\u011fu Tona\u015fen k\u0259ndind\u0259 m\u00fcharib\u0259d\u0259 h\u0259lak olanlar\u0131n xatir\u0259sin\u0259 heyk\u0259l ucald\u0131lm\u0131\u015fd\u0131 v\u0259 L\u00fcsya n\u0259n\u0259 a\u00e7\u0131l\u0131\u015fda i\u015ftirak etmi\u015fdi.<\/span><\/p>\n<p style=\"padding-left: 30px;\"><i><span style=\"font-weight: 400;\">\u201cErt\u0259si g\u00fcn s\u0259h\u0259r tezd\u0259n m\u0259n\u0259 z\u0259ng etdil\u0259r. M\u0259n yol yor\u011funu idim v\u0259 birt\u0259h\u0259r cavab verdim. Kims\u0259 salamla\u015fd\u0131 v\u0259 m\u0259ni L\u00fcsya ana adland\u0131rd\u0131. Bu q\u0259d\u0259r ild\u0259n sonra Nata\u015fa m\u0259ni tapm\u0131\u015fd\u0131\u201d.<\/span><\/i><\/p>\n<p><span style=\"font-weight: 400;\">Nata\u015fan\u0131n z\u0259ngind\u0259n he\u00e7 bir il ke\u00e7mir v\u0259 L\u00fcsya n\u0259n\u0259 Rusiyaya onlar\u0131 g\u00f6rm\u0259y\u0259 yollan\u0131r.<\/span><\/p>\n<p><i><span style=\"font-weight: 400;\">\u201cM\u0259n dayanm\u0131\u015fd\u0131m, o is\u0259 qa\u00e7araq yan\u0131ma g\u0259ldi, qucaqlad\u0131, \u00f6pd\u00fc\u201d<\/span><\/i><span style=\"font-weight: 400;\">, \u2014 Kostya \u00f6z\u00fc onu qar\u015f\u0131lama\u011fa g\u0259lmi\u015fdi v\u0259 n\u0259n\u0259 bunu h\u0259y\u0259canla xat\u0131rlay\u0131r.<\/span><\/p>\n<p><figure id=\"attachment_131896\" aria-describedby=\"caption-attachment-131896\" style=\"width: 1500px\" class=\"wp-caption alignnone\"><img loading=\"lazy\" decoding=\"async\" class=\"wp-image-131896 size-full\" src=\"http:\/\/jam-news.net\/app\/uploads\/2018\/11\/9.jpg\" alt=\"\" width=\"1500\" height=\"1000\" \/><figcaption id=\"caption-attachment-131896\" class=\"wp-caption-text\"><span style=\"color: #808080;\"><em><i><span style=\"font-weight: 400;\">18 il s\u00fcrm\u00fc\u015f ayr\u0131l\u0131qdan sonra n\u0259n\u0259 il\u0259 n\u0259v\u0259<\/span><\/i><\/em><\/span><\/figcaption><\/figure><\/p>\n<p><div class=\"su-divider su-divider-style-default\" style=\"margin:15px 0;border-width:3px;border-color:#999999\"><a href=\"#\" style=\"color:#999999\">Go to top<\/a><\/div> <\/p>\n<p><figure id=\"attachment_131901\" aria-describedby=\"caption-attachment-131901\" style=\"width: 1000px\" class=\"wp-caption alignnone\"><img loading=\"lazy\" decoding=\"async\" class=\"wp-image-131901 size-full\" src=\"http:\/\/jam-news.net\/app\/uploads\/2018\/11\/10.jpg\" alt=\"\" width=\"1000\" height=\"1500\" \/><figcaption id=\"caption-attachment-131901\" class=\"wp-caption-text\"><span style=\"color: #808080;\"><strong><em><b><i>L\u00fcsya n\u0259n\u0259 \u00f6z\u00fcn\u00fcn ail\u0259 albomunu g\u00f6st\u0259rir<\/i><\/b><\/em><\/strong><\/span><\/figcaption><\/figure><\/p>\n<p><span style=\"font-weight: 400;\">Rusiyada g\u0259lininin v\u0259 n\u0259v\u0259sinin yan\u0131nda qald\u0131\u011f\u0131 bir ay \u0259rzind\u0259 onlar bir-birin\u0259 \u00e7ox \u015fey bar\u0259d\u0259 dan\u0131\u015fma\u011fa imkan tap\u0131rlar. N\u0259n\u0259nin s\u00f6zl\u0259rin\u0259 g\u00f6r\u0259, Kostyan\u0131n atas\u0131 il\u0259 zahiri ox\u015farl\u0131\u011f\u0131 ancaq g\u00f6zl\u0259rind\u0259n bilinir, lakin xasiyy\u0259tind\u0259 Edikd\u0259n \u00e7ox \u015fey var. N\u0259v\u0259si d\u0259 atas\u0131 kimi c\u00fcr qaradinm\u0259z, sakit v\u0259 dinc adamd\u0131r. Kostya \u00f6z\u00fc Qaraba\u011fa g\u0259lm\u0259k ist\u0259yir ki, valideynl\u0259rinin bir vaxtlar harada ya\u015fad\u0131\u011f\u0131n\u0131 g\u00f6rs\u00fcn.<\/span><\/p>\n<p><span style=\"font-weight: 400;\">L\u00fcsya sevincl\u0259 deyir ki, n\u0259v\u0259si anas\u0131n\u0131n s\u00f6zl\u0259rind\u0259n atas\u0131 haqq\u0131nda \u00e7ox \u015fey bilir. N\u0259n\u0259 \u00f6z\u00fc is\u0259 Nata\u015faya minn\u0259tdard\u0131r ki, \u201cdamarlar\u0131nda Edikimin qan\u0131 axan\u201d u\u015fa\u011f\u0131 h\u0259yata g\u0259tirib.<\/span><\/p>\n<p><span style=\"font-weight: 400;\">Nata\u015fa iki il bundan \u0259vv\u0259l ikinci d\u0259f\u0259 \u0259r\u0259 gedib, lakin o\u011flu buna qar\u015f\u0131 \u00e7\u0131x\u0131bm\u0131\u015f. <\/span><i><span style=\"font-weight: 400;\">\u201cNec\u0259 d\u0259 olmasa, erm\u0259ni qan\u0131d\u0131r, \u00f6z\u00fcn\u00fc g\u00f6st\u0259rir\u201d<\/span><\/i><span style=\"font-weight: 400;\">, \u2014 L\u00fcsya n\u0259n\u0259 yar\u0131zarafat deyir.<\/span><\/p>\n<p><span style=\"font-weight: 400;\">\u0130ndi o, g\u0259lini v\u0259 n\u0259v\u0259si il\u0259 telefonla dan\u0131\u015f\u0131r.<\/span><\/p>\n<p><span style=\"font-weight: 400;\">L\u00fcsya \u015f\u00fcbh\u0259 etmir ki, o\u011flu qay\u0131dacaq, halbuki art\u0131q 25 il ke\u00e7ib v\u0259 ondan x\u0259b\u0259r yoxdur.<\/span><\/p>\n<p><span style=\"font-weight: 400;\">M\u00fcharib\u0259d\u0259n sonra, 1995-ci ilin \u0259vv\u0259ll\u0259rind\u0259 o, \u015eu\u015faya gedib v\u0259 \u015f\u0259xs\u0259n o\u011flunun axtar\u0131\u015f\u0131nda i\u015ftirak edib.<\/span><\/p>\n<p style=\"padding-left: 30px;\"><i><span style=\"font-weight: 400;\">\u201cOnun \u015f\u0259kli \u0259limd\u0259 b\u00fct\u00fcn k\u0259ndl\u0259rd\u0259 oldum. Onu 4-5 g\u00fcn axtard\u0131m. O vaxtlar h\u0259rbi ma\u015f\u0131nlar tez-tez g\u0259lirdi. Bir d\u0259qiq\u0259 d\u0259 dayanm\u0131rd\u0131m. M\u0259ni k\u0259nd\u0259 q\u0259d\u0259r apar\u0131r, \u00f6zl\u0259ri is\u0259 i\u015fl\u0259rinin dal\u0131nca gedirdil\u0259r\u201d<\/span><\/i><span style=\"font-weight: 400;\">, \u2014 81 ya\u015fl\u0131 qad\u0131n xat\u0131rlay\u0131r.<\/span><\/p>\n<p><span style=\"font-weight: 400;\">Axtar\u0131\u015flar\u0131n n\u0259tic\u0259sind\u0259 L\u00fcsya yaln\u0131z o\u011flunun h\u0259rbi papa\u011f\u0131n\u0131 tap\u0131r. O, papa\u011f\u0131 h\u0259l\u0259 d\u0259 qoruyur v\u0259 he\u00e7 onu yuma\u011fa da \u0259li g\u0259lmir. Bu, Edikd\u0259n sonra qalm\u0131\u015f azsayl\u0131 \u0259\u015fyalardan biridir.<\/span><\/p>\n<p><figure id=\"attachment_131861\" aria-describedby=\"caption-attachment-131861\" style=\"width: 1000px\" class=\"wp-caption alignnone\"><img loading=\"lazy\" decoding=\"async\" class=\"wp-image-131861 size-full\" src=\"http:\/\/jam-news.net\/app\/uploads\/2018\/11\/11.jpg\" alt=\"\" width=\"1000\" height=\"1500\" \/><figcaption id=\"caption-attachment-131861\" class=\"wp-caption-text\"><span style=\"color: #808080;\"><em><i><span style=\"font-weight: 400;\">Qad\u0131n \u0259lind\u0259 itkin d\u00fc\u015fm\u00fc\u015f o\u011flunun h\u0259rbi papa\u011f\u0131n\u0131 tutub<\/span><\/i><\/em><\/span><\/figcaption><\/figure><\/p>\n<p><span style=\"font-weight: 400;\">Qon\u015fu qad\u0131nlar deyir ki, L\u00fcsya yeni il masas\u0131nda v\u0259 ba\u015fqa qonaql\u0131qlarda h\u0259mi\u015f\u0259 o\u011flunun sa\u011fl\u0131\u011f\u0131na i\u00e7ir. O, o\u011flunun portretinin qar\u015f\u0131s\u0131nda \u015fam yand\u0131rm\u0131r v\u0259 h\u0259r il onun ad g\u00fcn\u00fcn\u00fc qon\u015fular\u0131 il\u0259 birlikd\u0259 qeyd edir. \u201cG\u0259l\u0259n olacaq, ya yox, f\u0259rqi yoxdur, h\u0259min g\u00fcn masa a\u00e7\u0131ram. Z\u0259ngin qonaql\u0131q oldu\u011funu dey\u0259 bilm\u0259r\u0259m, amma bunun \u00fc\u00e7\u00fcn lap bir h\u0259ft\u0259 pul y\u0131\u011fmal\u0131 olsam da, m\u00fctl\u0259q o\u011flumun ad g\u00fcn\u00fcn\u00fc qeyd edir\u0259m\u201d.<\/span><\/p>\n<p><div class=\"su-divider su-divider-style-default\" style=\"margin:15px 0;border-width:3px;border-color:#999999\"><a href=\"#\" style=\"color:#999999\">Go to top<\/a><\/div> <\/p>\n<h5><span style=\"color: #000080;\"><em><strong>\u201cE\u015fidilm\u0259y\u0259n s\u0259sl\u0259r\u201d layih\u0259si\u00a0<a href=\"http:\/\/www.international-alert.org\/\">International Alert\u00a0<\/a>\u00a0t\u0259\u015fkilat\u0131n\u0131n Da\u011fl\u0131q Qaraba\u011f m\u00fcnaqi\u015f\u0259si \u00fczr\u0259 i\u015finin bir hiss\u0259sidir. Bu, m\u00fcnaqi\u015f\u0259y\u0259 c\u0259lb olunmu\u015f icmalar\u0131n jurnalistl\u0259ri il\u0259 i\u015fin v\u0259 bu m\u00fcnaqi\u015f\u0259nin \u201cn\u0259 m\u00fcharib\u0259, n\u0259 s\u00fclh\u201d \u015f\u0259raitind\u0259 ya\u015fayan insanlar\u0131n h\u0259yat\u0131na nec\u0259 t\u0259sir etdiyini g\u00f6st\u0259rm\u0259k \u00fc\u00e7\u00fcn onlar\u0131n birg\u0259 s\u0259yl\u0259rinin n\u0259tic\u0259sidir. Bu layih\u0259 h\u0259min insanlar\u0131n s\u0259sl\u0259rinin h\u0259m \u00f6z icmalar\u0131 daxilind\u0259, h\u0259m d\u0259 dig\u0259r t\u0259r\u0259fin c\u0259miyy\u0259tind\u0259 e\u015fidilm\u0259sin\u0259 \u015f\u0259rait yarad\u0131r v\u0259 bununla da d\u00fc\u015fm\u0259n obraz\u0131 arxas\u0131nda gizl\u0259n\u0259n real insan simalar\u0131n\u0131 oxuculara g\u00f6st\u0259rm\u0259y\u0259 imkan verir.<\/strong><\/em><\/span><\/h5>\n<h5><span style=\"color: #000080;\"><em><strong>S\u00f6z\u00fcged\u0259n layih\u0259 Avropa \u0130ttifaq\u0131n\u0131n say\u0259sind\u0259 Da\u011fl\u0131q Qaraba\u011f m\u00fcnaqi\u015f\u0259sinin s\u00fclh yolu il\u0259 nizamlanmas\u0131 m\u0259qs\u0259dil\u0259 Avropa T\u0259r\u0259fda\u015fl\u0131\u011f\u0131\u00a0<a href=\"http:\/\/www.epnk.org\/\">(EPNK)<\/a>\u00a0\u00e7\u0259r\u00e7iv\u0259sind\u0259 h\u0259yata ke\u00e7irilir.<\/strong><\/em><\/span><\/h5>\n<h5><span style=\"color: #000080;\"><em><strong>Bu s\u0259hif\u0259d\u0259 yerl\u0259\u015fdiril\u0259n materiallara g\u00f6r\u0259 m\u0259suliyy\u0259ti jurnalistl\u0259r da\u015f\u0131y\u0131r , International Alert t\u0259\u015fkilat\u0131n\u0131n v\u0259 donorlar\u0131n n\u00f6qteyi-n\u0259z\u0259rini \u0259ks etdirm\u0259si m\u00fctl\u0259q deyil. Bizim jurnalistl\u0259r\u00a0<a href=\"https:\/\/www.facebook.com\/pg\/unheardvoices.intalert\/about\/\" target=\"_blank\" rel=\"noopener noreferrer\">buradak\u0131<\/a>\u00a0etik m\u0259c\u0259ll\u0259ni \u0259sas\u00a0g\u00f6t\u00fcr\u00fcr.<\/strong><\/em><\/span><\/h5>\n","protected":false},"excerpt":{"rendered":"<p>N\u0259n\u0259 il\u0259 n\u0259v\u0259sinin \u2013 itkin d\u00fc\u015fm\u00fc\u015f o\u011flunun yegan\u0259 \u00f6vlad\u0131n\u0131n qovu\u015fmas\u0131n\u0131n hekay\u0259si<\/p>\n","protected":false},"author":6,"featured_media":21998,"comment_status":"open","ping_status":"open","sticky":false,"template":"","format":"standard","meta":{"_acf_changed":false,"footnotes":""},"categories":[328],"tags":[],"formation":[],"post-author":[3094],"topic":[],"tooltip":[],"city":[],"class_list":["post-10363","post","type-post","status-publish","format-standard","has-post-thumbnail","hentry","category-esidilmyn-sslr","post-author-arsaluys-barsegyan"],"acf":[],"yoast_head":"<!-- This site is optimized with the Yoast SEO plugin v24.1 - https:\/\/yoast.com\/wordpress\/plugins\/seo\/ -->\n<title>Yax\u0131nlar\u0131 itir\u0259r\u0259k v\u0259 yenid\u0259n qazanaraq - JAMnews<\/title>\n<meta name=\"robots\" content=\"index, follow, max-snippet:-1, max-image-preview:large, max-video-preview:-1\" \/>\n<link rel=\"canonical\" href=\"https:\/\/jam-news.net\/az\/yaxinlari-itir\u0259r\u0259k-v\u0259-yenid\u0259n-qazanaraq\/\" \/>\n<meta property=\"og:locale\" content=\"az_AZ\" \/>\n<meta property=\"og:type\" content=\"article\" \/>\n<meta property=\"og:title\" content=\"Yax\u0131nlar\u0131 itir\u0259r\u0259k v\u0259 yenid\u0259n qazanaraq - JAMnews\" \/>\n<meta property=\"og:description\" content=\"N\u0259n\u0259 il\u0259 n\u0259v\u0259sinin \u2013 itkin d\u00fc\u015fm\u00fc\u015f o\u011flunun yegan\u0259 \u00f6vlad\u0131n\u0131n qovu\u015fmas\u0131n\u0131n hekay\u0259si\" \/>\n<meta property=\"og:url\" content=\"https:\/\/jam-news.net\/az\/yaxinlari-itir\u0259r\u0259k-v\u0259-yenid\u0259n-qazanaraq\/\" \/>\n<meta property=\"og:site_name\" content=\"Azerbaijani Jamnews\" \/>\n<meta property=\"article:publisher\" content=\"https:\/\/www.facebook.com\/JAMnewsInEnglish\/\" \/>\n<meta property=\"article:published_time\" content=\"2019-03-08T00:00:00+00:00\" \/>\n<meta property=\"article:modified_time\" content=\"2020-03-18T12:20:35+00:00\" \/>\n<meta property=\"og:image\" content=\"https:\/\/jam-news.net\/app\/uploads\/2020\/03\/5-8.jpg\" \/>\n\t<meta property=\"og:image:width\" content=\"1500\" \/>\n\t<meta property=\"og:image:height\" content=\"1000\" \/>\n\t<meta property=\"og:image:type\" content=\"image\/jpeg\" \/>\n<meta name=\"author\" content=\"Tatia nikoladze\" \/>\n<meta name=\"twitter:card\" content=\"summary_large_image\" \/>\n<meta name=\"twitter:creator\" content=\"@JAMnewsCaucasus\" \/>\n<meta name=\"twitter:site\" content=\"@JAMnewsCaucasus\" \/>\n<meta name=\"twitter:label1\" content=\"Written by\" \/>\n\t<meta name=\"twitter:data1\" content=\"Tatia nikoladze\" \/>\n\t<meta name=\"twitter:label2\" content=\"Est. reading time\" \/>\n\t<meta name=\"twitter:data2\" content=\"12 minutes\" \/>\n<script type=\"application\/ld+json\" class=\"yoast-schema-graph\">{\"@context\":\"https:\/\/schema.org\",\"@graph\":[{\"@type\":\"Article\",\"@id\":\"https:\/\/jam-news.net\/az\/yaxinlari-itir%c9%99r%c9%99k-v%c9%99-yenid%c9%99n-qazanaraq\/#article\",\"isPartOf\":{\"@id\":\"https:\/\/jam-news.net\/az\/yaxinlari-itir%c9%99r%c9%99k-v%c9%99-yenid%c9%99n-qazanaraq\/\"},\"author\":{\"name\":\"Tatia nikoladze\",\"@id\":\"https:\/\/jam-news.net\/az\/#\/schema\/person\/86c90ea4dd4c6e61e60ae51d24bc662c\"},\"headline\":\"Yax\u0131nlar\u0131 itir\u0259r\u0259k v\u0259 yenid\u0259n qazanaraq\",\"datePublished\":\"2019-03-08T00:00:00+00:00\",\"dateModified\":\"2020-03-18T12:20:35+00:00\",\"mainEntityOfPage\":{\"@id\":\"https:\/\/jam-news.net\/az\/yaxinlari-itir%c9%99r%c9%99k-v%c9%99-yenid%c9%99n-qazanaraq\/\"},\"wordCount\":2428,\"commentCount\":0,\"publisher\":{\"@id\":\"https:\/\/jam-news.net\/az\/#organization\"},\"image\":{\"@id\":\"https:\/\/jam-news.net\/az\/yaxinlari-itir%c9%99r%c9%99k-v%c9%99-yenid%c9%99n-qazanaraq\/#primaryimage\"},\"thumbnailUrl\":\"https:\/\/jam-news.net\/app\/uploads\/2020\/03\/5-8.jpg\",\"articleSection\":[\"Unheard Voices\"],\"inLanguage\":\"az\"},{\"@type\":\"WebPage\",\"@id\":\"https:\/\/jam-news.net\/az\/yaxinlari-itir%c9%99r%c9%99k-v%c9%99-yenid%c9%99n-qazanaraq\/\",\"url\":\"https:\/\/jam-news.net\/az\/yaxinlari-itir%c9%99r%c9%99k-v%c9%99-yenid%c9%99n-qazanaraq\/\",\"name\":\"Yax\u0131nlar\u0131 itir\u0259r\u0259k v\u0259 yenid\u0259n qazanaraq - JAMnews\",\"isPartOf\":{\"@id\":\"https:\/\/jam-news.net\/az\/#website\"},\"primaryImageOfPage\":{\"@id\":\"https:\/\/jam-news.net\/az\/yaxinlari-itir%c9%99r%c9%99k-v%c9%99-yenid%c9%99n-qazanaraq\/#primaryimage\"},\"image\":{\"@id\":\"https:\/\/jam-news.net\/az\/yaxinlari-itir%c9%99r%c9%99k-v%c9%99-yenid%c9%99n-qazanaraq\/#primaryimage\"},\"thumbnailUrl\":\"https:\/\/jam-news.net\/app\/uploads\/2020\/03\/5-8.jpg\",\"datePublished\":\"2019-03-08T00:00:00+00:00\",\"dateModified\":\"2020-03-18T12:20:35+00:00\",\"breadcrumb\":{\"@id\":\"https:\/\/jam-news.net\/az\/yaxinlari-itir%c9%99r%c9%99k-v%c9%99-yenid%c9%99n-qazanaraq\/#breadcrumb\"},\"inLanguage\":\"az\",\"potentialAction\":[{\"@type\":\"ReadAction\",\"target\":[\"https:\/\/jam-news.net\/az\/yaxinlari-itir%c9%99r%c9%99k-v%c9%99-yenid%c9%99n-qazanaraq\/\"]}]},{\"@type\":\"ImageObject\",\"inLanguage\":\"az\",\"@id\":\"https:\/\/jam-news.net\/az\/yaxinlari-itir%c9%99r%c9%99k-v%c9%99-yenid%c9%99n-qazanaraq\/#primaryimage\",\"url\":\"https:\/\/jam-news.net\/app\/uploads\/2020\/03\/5-8.jpg\",\"contentUrl\":\"https:\/\/jam-news.net\/app\/uploads\/2020\/03\/5-8.jpg\",\"width\":1500,\"height\":1000},{\"@type\":\"BreadcrumbList\",\"@id\":\"https:\/\/jam-news.net\/az\/yaxinlari-itir%c9%99r%c9%99k-v%c9%99-yenid%c9%99n-qazanaraq\/#breadcrumb\",\"itemListElement\":[{\"@type\":\"ListItem\",\"position\":1,\"name\":\"Home\",\"item\":\"https:\/\/jam-news.net\/az\/\"},{\"@type\":\"ListItem\",\"position\":2,\"name\":\"Yax\u0131nlar\u0131 itir\u0259r\u0259k v\u0259 yenid\u0259n qazanaraq\"}]},{\"@type\":\"WebSite\",\"@id\":\"https:\/\/jam-news.net\/az\/#website\",\"url\":\"https:\/\/jam-news.net\/az\/\",\"name\":\"Azerbaijani Jamnews\",\"description\":\"Caucasus News, Politics and Society\",\"publisher\":{\"@id\":\"https:\/\/jam-news.net\/az\/#organization\"},\"potentialAction\":[{\"@type\":\"SearchAction\",\"target\":{\"@type\":\"EntryPoint\",\"urlTemplate\":\"https:\/\/jam-news.net\/az\/?s={search_term_string}\"},\"query-input\":{\"@type\":\"PropertyValueSpecification\",\"valueRequired\":true,\"valueName\":\"search_term_string\"}}],\"inLanguage\":\"az\"},{\"@type\":\"Organization\",\"@id\":\"https:\/\/jam-news.net\/az\/#organization\",\"name\":\"JAMnews\",\"url\":\"https:\/\/jam-news.net\/az\/\",\"logo\":{\"@type\":\"ImageObject\",\"inLanguage\":\"az\",\"@id\":\"https:\/\/jam-news.net\/az\/#\/schema\/logo\/image\/\",\"url\":\"https:\/\/jam-news.net\/app\/uploads\/2020\/05\/JAM_w.jpg\",\"contentUrl\":\"https:\/\/jam-news.net\/app\/uploads\/2020\/05\/JAM_w.jpg\",\"width\":960,\"height\":960,\"caption\":\"JAMnews\"},\"image\":{\"@id\":\"https:\/\/jam-news.net\/az\/#\/schema\/logo\/image\/\"},\"sameAs\":[\"https:\/\/www.facebook.com\/JAMnewsInEnglish\/\",\"https:\/\/x.com\/JAMnewsCaucasus\",\"https:\/\/www.instagram.com\/jam_news\/\",\"https:\/\/www.youtube.com\/channel\/UCXQbUCme2pykuZYXWHx4VPg\"]},{\"@type\":\"Person\",\"@id\":\"https:\/\/jam-news.net\/az\/#\/schema\/person\/86c90ea4dd4c6e61e60ae51d24bc662c\",\"name\":\"Tatia nikoladze\",\"image\":{\"@type\":\"ImageObject\",\"inLanguage\":\"az\",\"@id\":\"https:\/\/jam-news.net\/az\/#\/schema\/person\/image\/\",\"url\":\"https:\/\/secure.gravatar.com\/avatar\/1f8b2c8ce4c25cc30806785bafe6bb03?s=96&d=mm&r=g\",\"contentUrl\":\"https:\/\/secure.gravatar.com\/avatar\/1f8b2c8ce4c25cc30806785bafe6bb03?s=96&d=mm&r=g\",\"caption\":\"Tatia nikoladze\"},\"url\":\"https:\/\/jam-news.net\/az\/author\/tatiani\/\"}]}<\/script>\n<!-- \/ Yoast SEO plugin. -->","yoast_head_json":{"title":"Yax\u0131nlar\u0131 itir\u0259r\u0259k v\u0259 yenid\u0259n qazanaraq - JAMnews","robots":{"index":"index","follow":"follow","max-snippet":"max-snippet:-1","max-image-preview":"max-image-preview:large","max-video-preview":"max-video-preview:-1"},"canonical":"https:\/\/jam-news.net\/az\/yaxinlari-itir\u0259r\u0259k-v\u0259-yenid\u0259n-qazanaraq\/","og_locale":"az_AZ","og_type":"article","og_title":"Yax\u0131nlar\u0131 itir\u0259r\u0259k v\u0259 yenid\u0259n qazanaraq - JAMnews","og_description":"N\u0259n\u0259 il\u0259 n\u0259v\u0259sinin \u2013 itkin d\u00fc\u015fm\u00fc\u015f o\u011flunun yegan\u0259 \u00f6vlad\u0131n\u0131n qovu\u015fmas\u0131n\u0131n hekay\u0259si","og_url":"https:\/\/jam-news.net\/az\/yaxinlari-itir\u0259r\u0259k-v\u0259-yenid\u0259n-qazanaraq\/","og_site_name":"Azerbaijani Jamnews","article_publisher":"https:\/\/www.facebook.com\/JAMnewsInEnglish\/","article_published_time":"2019-03-08T00:00:00+00:00","article_modified_time":"2020-03-18T12:20:35+00:00","og_image":[{"width":1500,"height":1000,"url":"https:\/\/jam-news.net\/app\/uploads\/2020\/03\/5-8.jpg","type":"image\/jpeg"}],"author":"Tatia nikoladze","twitter_card":"summary_large_image","twitter_creator":"@JAMnewsCaucasus","twitter_site":"@JAMnewsCaucasus","twitter_misc":{"Written by":"Tatia nikoladze","Est. reading time":"12 minutes"},"schema":{"@context":"https:\/\/schema.org","@graph":[{"@type":"Article","@id":"https:\/\/jam-news.net\/az\/yaxinlari-itir%c9%99r%c9%99k-v%c9%99-yenid%c9%99n-qazanaraq\/#article","isPartOf":{"@id":"https:\/\/jam-news.net\/az\/yaxinlari-itir%c9%99r%c9%99k-v%c9%99-yenid%c9%99n-qazanaraq\/"},"author":{"name":"Tatia nikoladze","@id":"https:\/\/jam-news.net\/az\/#\/schema\/person\/86c90ea4dd4c6e61e60ae51d24bc662c"},"headline":"Yax\u0131nlar\u0131 itir\u0259r\u0259k v\u0259 yenid\u0259n qazanaraq","datePublished":"2019-03-08T00:00:00+00:00","dateModified":"2020-03-18T12:20:35+00:00","mainEntityOfPage":{"@id":"https:\/\/jam-news.net\/az\/yaxinlari-itir%c9%99r%c9%99k-v%c9%99-yenid%c9%99n-qazanaraq\/"},"wordCount":2428,"commentCount":0,"publisher":{"@id":"https:\/\/jam-news.net\/az\/#organization"},"image":{"@id":"https:\/\/jam-news.net\/az\/yaxinlari-itir%c9%99r%c9%99k-v%c9%99-yenid%c9%99n-qazanaraq\/#primaryimage"},"thumbnailUrl":"https:\/\/jam-news.net\/app\/uploads\/2020\/03\/5-8.jpg","articleSection":["Unheard Voices"],"inLanguage":"az"},{"@type":"WebPage","@id":"https:\/\/jam-news.net\/az\/yaxinlari-itir%c9%99r%c9%99k-v%c9%99-yenid%c9%99n-qazanaraq\/","url":"https:\/\/jam-news.net\/az\/yaxinlari-itir%c9%99r%c9%99k-v%c9%99-yenid%c9%99n-qazanaraq\/","name":"Yax\u0131nlar\u0131 itir\u0259r\u0259k v\u0259 yenid\u0259n qazanaraq - JAMnews","isPartOf":{"@id":"https:\/\/jam-news.net\/az\/#website"},"primaryImageOfPage":{"@id":"https:\/\/jam-news.net\/az\/yaxinlari-itir%c9%99r%c9%99k-v%c9%99-yenid%c9%99n-qazanaraq\/#primaryimage"},"image":{"@id":"https:\/\/jam-news.net\/az\/yaxinlari-itir%c9%99r%c9%99k-v%c9%99-yenid%c9%99n-qazanaraq\/#primaryimage"},"thumbnailUrl":"https:\/\/jam-news.net\/app\/uploads\/2020\/03\/5-8.jpg","datePublished":"2019-03-08T00:00:00+00:00","dateModified":"2020-03-18T12:20:35+00:00","breadcrumb":{"@id":"https:\/\/jam-news.net\/az\/yaxinlari-itir%c9%99r%c9%99k-v%c9%99-yenid%c9%99n-qazanaraq\/#breadcrumb"},"inLanguage":"az","potentialAction":[{"@type":"ReadAction","target":["https:\/\/jam-news.net\/az\/yaxinlari-itir%c9%99r%c9%99k-v%c9%99-yenid%c9%99n-qazanaraq\/"]}]},{"@type":"ImageObject","inLanguage":"az","@id":"https:\/\/jam-news.net\/az\/yaxinlari-itir%c9%99r%c9%99k-v%c9%99-yenid%c9%99n-qazanaraq\/#primaryimage","url":"https:\/\/jam-news.net\/app\/uploads\/2020\/03\/5-8.jpg","contentUrl":"https:\/\/jam-news.net\/app\/uploads\/2020\/03\/5-8.jpg","width":1500,"height":1000},{"@type":"BreadcrumbList","@id":"https:\/\/jam-news.net\/az\/yaxinlari-itir%c9%99r%c9%99k-v%c9%99-yenid%c9%99n-qazanaraq\/#breadcrumb","itemListElement":[{"@type":"ListItem","position":1,"name":"Home","item":"https:\/\/jam-news.net\/az\/"},{"@type":"ListItem","position":2,"name":"Yax\u0131nlar\u0131 itir\u0259r\u0259k v\u0259 yenid\u0259n qazanaraq"}]},{"@type":"WebSite","@id":"https:\/\/jam-news.net\/az\/#website","url":"https:\/\/jam-news.net\/az\/","name":"Azerbaijani Jamnews","description":"Caucasus News, Politics and Society","publisher":{"@id":"https:\/\/jam-news.net\/az\/#organization"},"potentialAction":[{"@type":"SearchAction","target":{"@type":"EntryPoint","urlTemplate":"https:\/\/jam-news.net\/az\/?s={search_term_string}"},"query-input":{"@type":"PropertyValueSpecification","valueRequired":true,"valueName":"search_term_string"}}],"inLanguage":"az"},{"@type":"Organization","@id":"https:\/\/jam-news.net\/az\/#organization","name":"JAMnews","url":"https:\/\/jam-news.net\/az\/","logo":{"@type":"ImageObject","inLanguage":"az","@id":"https:\/\/jam-news.net\/az\/#\/schema\/logo\/image\/","url":"https:\/\/jam-news.net\/app\/uploads\/2020\/05\/JAM_w.jpg","contentUrl":"https:\/\/jam-news.net\/app\/uploads\/2020\/05\/JAM_w.jpg","width":960,"height":960,"caption":"JAMnews"},"image":{"@id":"https:\/\/jam-news.net\/az\/#\/schema\/logo\/image\/"},"sameAs":["https:\/\/www.facebook.com\/JAMnewsInEnglish\/","https:\/\/x.com\/JAMnewsCaucasus","https:\/\/www.instagram.com\/jam_news\/","https:\/\/www.youtube.com\/channel\/UCXQbUCme2pykuZYXWHx4VPg"]},{"@type":"Person","@id":"https:\/\/jam-news.net\/az\/#\/schema\/person\/86c90ea4dd4c6e61e60ae51d24bc662c","name":"Tatia nikoladze","image":{"@type":"ImageObject","inLanguage":"az","@id":"https:\/\/jam-news.net\/az\/#\/schema\/person\/image\/","url":"https:\/\/secure.gravatar.com\/avatar\/1f8b2c8ce4c25cc30806785bafe6bb03?s=96&d=mm&r=g","contentUrl":"https:\/\/secure.gravatar.com\/avatar\/1f8b2c8ce4c25cc30806785bafe6bb03?s=96&d=mm&r=g","caption":"Tatia nikoladze"},"url":"https:\/\/jam-news.net\/az\/author\/tatiani\/"}]}},"_links":{"self":[{"href":"https:\/\/jam-news.net\/az\/wp-json\/wp\/v2\/posts\/10363","targetHints":{"allow":["GET"]}}],"collection":[{"href":"https:\/\/jam-news.net\/az\/wp-json\/wp\/v2\/posts"}],"about":[{"href":"https:\/\/jam-news.net\/az\/wp-json\/wp\/v2\/types\/post"}],"author":[{"embeddable":true,"href":"https:\/\/jam-news.net\/az\/wp-json\/wp\/v2\/users\/6"}],"replies":[{"embeddable":true,"href":"https:\/\/jam-news.net\/az\/wp-json\/wp\/v2\/comments?post=10363"}],"version-history":[{"count":1,"href":"https:\/\/jam-news.net\/az\/wp-json\/wp\/v2\/posts\/10363\/revisions"}],"predecessor-version":[{"id":14085,"href":"https:\/\/jam-news.net\/az\/wp-json\/wp\/v2\/posts\/10363\/revisions\/14085"}],"wp:featuredmedia":[{"embeddable":true,"href":"https:\/\/jam-news.net\/az\/wp-json\/wp\/v2\/media\/21998"}],"wp:attachment":[{"href":"https:\/\/jam-news.net\/az\/wp-json\/wp\/v2\/media?parent=10363"}],"wp:term":[{"taxonomy":"category","embeddable":true,"href":"https:\/\/jam-news.net\/az\/wp-json\/wp\/v2\/categories?post=10363"},{"taxonomy":"post_tag","embeddable":true,"href":"https:\/\/jam-news.net\/az\/wp-json\/wp\/v2\/tags?post=10363"},{"taxonomy":"formation","embeddable":true,"href":"https:\/\/jam-news.net\/az\/wp-json\/wp\/v2\/formation?post=10363"},{"taxonomy":"post-author","embeddable":true,"href":"https:\/\/jam-news.net\/az\/wp-json\/wp\/v2\/post-author?post=10363"},{"taxonomy":"topic","embeddable":true,"href":"https:\/\/jam-news.net\/az\/wp-json\/wp\/v2\/topic?post=10363"},{"taxonomy":"tooltip","embeddable":true,"href":"https:\/\/jam-news.net\/az\/wp-json\/wp\/v2\/tooltip?post=10363"},{"taxonomy":"city","embeddable":true,"href":"https:\/\/jam-news.net\/az\/wp-json\/wp\/v2\/city?post=10363"}],"curies":[{"name":"wp","href":"https:\/\/api.w.org\/{rel}","templated":true}]}}