{"id":10311,"date":"2019-03-01T00:00:00","date_gmt":"2019-03-01T00:00:00","guid":{"rendered":"http:\/\/jam-news.net\/az\/rusiyali-diplomat-tbilisiy%c9%99-secim-etm%c9%99yi-m%c9%99sl%c9%99h%c9%99t-gorur-ya-qafqazda-stabillik-ya-da-nato\/"},"modified":"2022-01-18T01:07:22","modified_gmt":"2022-01-17T21:07:22","slug":"rusiyali-diplomat-tbilisiy%c9%99-secim-etm%c9%99yi-m%c9%99sl%c9%99h%c9%99t-gorur-ya-qafqazda-stabillik-ya-da-nato","status":"publish","type":"post","link":"https:\/\/jam-news.net\/az\/rusiyali-diplomat-tbilisiy%c9%99-secim-etm%c9%99yi-m%c9%99sl%c9%99h%c9%99t-gorur-ya-qafqazda-stabillik-ya-da-nato\/","title":{"rendered":"Rusiyal\u0131 diplomat Tbilisiy\u0259 se\u00e7im etm\u0259yi m\u0259sl\u0259h\u0259t g\u00f6r\u00fcr \u2013 ya Qafqazda stabillik, ya da NATO"},"content":{"rendered":"<section id=\"id_article_535012\" class=\"articleblockitem\">\n<div class=\"articlecontent zoom_class_0\">\n<div class=\"articlecontent_in\">\n<p>&nbsp;<\/p>\n<p><figure id=\"attachment_155354\" aria-describedby=\"caption-attachment-155354\" style=\"width: 1200px\" class=\"wp-caption alignnone\"><img loading=\"lazy\" decoding=\"async\" class=\"wp-image-155354 size-full\" src=\"http:\/\/jam-news.net\/app\/uploads\/2019\/02\/451FFB2A-2FB3-4334-95CD-7C539A59844F_cx8_cy14_cw81_w1200_r1_s.jpg\" alt=\"\" width=\"1200\" height=\"675\" \/><figcaption id=\"caption-attachment-155354\" class=\"wp-caption-text\"><span style=\"color: #808080;\"><em>Photo: RFE\/RL<\/em><\/span><\/figcaption><\/figure><\/p>\n<p style=\"padding-left: 30px;\"><i><span style=\"font-weight: 400;\">Fevral\u0131n 27-d\u0259 Praqada G\u00fcrc\u00fcstan ba\u015f nazirinin Rusiya il\u0259 m\u00fcnasib\u0259tl\u0259r \u00fczr\u0259 x\u00fcsusi n\u00fcmay\u0259nd\u0259si Zurab Aba\u015fidze v\u0259 Rusiya xarici i\u015fl\u0259r nazirinin m\u00fcavini Qriqori Karasinin n\u00f6vb\u0259ti g\u00f6r\u00fc\u015f\u00fc ba\u015f tutub.<\/span><\/i><\/p>\n<p style=\"padding-left: 30px;\"><i><span style=\"font-weight: 400;\">\u00dc\u00e7 saat s\u00fcr\u0259n g\u00f6r\u00fc\u015fd\u0259n \u0259vv\u0259l v\u0259 sonra s\u0259sl\u0259n\u0259n b\u0259yanatlar h\u0259dsiz qalmaqall\u0131 olub. Karasin Tbilisiy\u0259 x\u0259b\u0259rdarl\u0131q edib ki, NATO-nun Qafqazda m\u00f6hk\u0259ml\u0259nm\u0259sinin ard\u0131nca \u201cnaxo\u015f g\u00f6zl\u0259nilm\u0259zlikl\u0259r\u201d g\u0259l\u0259 bil\u0259r. Rusiyal\u0131 diplomat Ukrayna il\u0259 paralel apar\u0131b.<\/span><\/i><\/p>\n<p style=\"padding-left: 30px;\"><i><span style=\"font-weight: 400;\">Karasinin b\u0259yanat\u0131 G\u00fcrc\u00fcstanda b\u00f6y\u00fck rezonans do\u011furub. Onun s\u00f6zl\u0259ri birba\u015fa t\u0259hdid kimi d\u0259y\u0259rl\u0259ndirilib.<\/span><\/i><\/p>\n<p style=\"text-align: center;\">______<\/p>\n<\/div>\n<div class=\"articlecontent_in\">\n<h3 style=\"text-align: center;\"><span style=\"color: #000080;\"><strong>\u00a0<\/strong><b>Birinci t\u0259hdid: \u201cNaxo\u015f g\u00f6zl\u0259nilm\u0259zlikl\u0259r\u201d<\/b><\/span><\/h3>\n<p><span style=\"font-weight: 400;\">Zurab Aba\u015fidze il\u0259 g\u00f6r\u00fc\u015f\u0259 q\u0259d\u0259r Qriqori Karasin Azadl\u0131q Radiosuna bildirib ki, g\u00fcrc\u00fcstanl\u0131 h\u0259mkarlar\u0131na \u201cnaxo\u015f g\u00f6zl\u0259nilm\u0259zlikl\u0259rl\u0259\u201d ba\u011fl\u0131 x\u0259b\u0259rdarl\u0131q etm\u0259k ist\u0259yir:<\/span><\/p>\n<\/div>\n<\/div>\n<\/section>\n<p style=\"padding-left: 30px;\">[toggle title=&#8221;<strong><b>JAMnews-un aray\u0131\u015f\u0131: Aba\u015fidze-Karasin format\u0131 n\u0259 dem\u0259kdir? (baxmaq \u00fc\u00e7\u00fcn linki t\u0131klay\u0131n)<\/b><\/strong>&#8220;]<\/p>\n<p style=\"padding-left: 30px;\">G\u00fcrc\u00fcstanda 2012-ci ild\u0259 \u201cG\u00fcrc\u00fc arzusu\u201d hakimiyy\u0259t\u0259 g\u0259l\u0259nd\u0259n sonra Rusiya il\u0259 bir ne\u00e7\u0259 il bundan qabaq k\u0259sil\u0259n birba\u015fa dialoq b\u0259rpa olunub. G\u00fcrc\u00fcstan\u0131n ke\u00e7mi\u015f h\u00f6kum\u0259t ba\u015f\u00e7\u0131s\u0131 Bidzina \u0130vani\u015fvili Rusiya il\u0259 \u0259laq\u0259l\u0259r \u00fczr\u0259 ba\u015f nazirin x\u00fcsusi n\u00fcmay\u0259nd\u0259si v\u0259zif\u0259sini t\u0259sis ed\u0259r\u0259k, onu pe\u015f\u0259kar diplomat, bir vaxtlar RF-d\u0259 G\u00fcrc\u00fcstan\u0131n diplomatik missiyas\u0131na ba\u015f\u00e7\u0131l\u0131q ed\u0259n Zurab Aba\u015fidzey\u0259 tap\u015f\u0131r\u0131b. Yeni birba\u015fa dan\u0131\u015f\u0131qlar format\u0131 da onda yarad\u0131l\u0131b.<\/p>\n<p style=\"padding-left: 30px;\">Bu format \u00e7\u0259r\u00e7iv\u0259sind\u0259 Zurab Aba\u015fidze il\u0259 Rusiyan\u0131n xarici i\u015fl\u0259r nazirinin m\u00fcavini Qriqori Karasin m\u00fct\u0259madi olaraq g\u00f6r\u00fc\u015f\u00fcrl\u0259r. Onlar iqtisadi, humanitar v\u0259 m\u0259d\u0259niyy\u0259t m\u0259s\u0259l\u0259l\u0259rini m\u00fczakir\u0259 edirl\u0259r. M\u0259hz \u201cKarasin-Aba\u015fidze\u201d format\u0131 \u00e7\u0259r\u00e7iv\u0259sind\u0259 \u0259ld\u0259 olunan raz\u0131la\u015fma \u0259sas\u0131nda 2013-c\u00fc ild\u0259 g\u00fcrc\u00fc mallar\u0131n\u0131n (meyv\u0259, t\u0259r\u0259v\u0259z, \u00e7ax\u0131r, mineral su) Rusiyaya ixrac\u0131 b\u0259rpa edilib.<\/p>\n<p style=\"padding-left: 30px;\">M\u00fct\u0259madi aviareysl\u0259r b\u0259rpa olunub. Rusiya il\u0259 birba\u015fa dialoq G\u00fcrc\u00fcstan t\u0259r\u0259find\u0259n 2008-ci il avqust m\u00fcharib\u0259sind\u0259n sonra k\u0259silib, \u00e7\u00fcnki \u00f6lk\u0259nin o vaxtk\u0131 r\u0259hb\u0259rliyi hesab edirdi ki, t\u0259cav\u00fczkar olan Rusiya il\u0259 ancaq beyn\u0259lxalq m\u00fc\u015fahid\u0259\u00e7il\u0259rin i\u015ftirak\u0131 il\u0259 dan\u0131\u015f\u0131qlar aparmaq m\u00fcmk\u00fcnd\u00fcr. 2008-ci il m\u00fcharib\u0259sind\u0259n sonra Rusiya il\u0259 G\u00fcrc\u00fcstan\u0131n \u0259laq\u0259 qurdu\u011fu yegan\u0259 format beyn\u0259lxalq m\u00fc\u015fahid\u0259\u00e7il\u0259rin vasit\u0259\u00e7iliyi il\u0259 ke\u00e7iril\u0259n Cenevr\u0259 dan\u0131\u015f\u0131qlar\u0131 idi.<\/p>\n<p>[\/toggle]<\/p>\n<div class=\"gs\">\n<div class=\"\">\n<div id=\":nw\" class=\"ii gt\">\n<div id=\":nv\" class=\"a3s aXjCH \">\n<p style=\"padding-left: 30px;\"><i><span style=\"font-weight: 400;\">\u201cM\u00fcnasib\u0259tl\u0259ri b\u00fct\u00fcn sah\u0259l\u0259rd\u0259 inki\u015faf etdirm\u0259y\u0259 \u00e7al\u0131\u015fmaq v\u0259 g\u00fcrc\u00fcstanl\u0131 t\u0259r\u0259fda\u015flar\u0131m\u0131z\u0131 naxo\u015f g\u00f6zl\u0259nilm\u0259zlikl\u0259rd\u0259n \u00e7\u0259kindirm\u0259k laz\u0131md\u0131r\u201d, &#8211; <\/span><\/i><span style=\"font-weight: 400;\">Karasin Azadl\u0131q Radiosuna deyib.<\/span><\/p>\n<h3 style=\"text-align: center;\"><span style=\"color: #000080;\"><b>\u0130kinci t\u0259hdid: Tbilisi se\u00e7im etm\u0259lidir \u2013 ya regionda stabillik, ya da NATO<\/b><\/span><\/h3>\n<p style=\"padding-left: 30px;\"><i><span style=\"font-weight: 400;\">\u201cTbilisi se\u00e7im etm\u0259lidir: ya C\u0259nubi Qafqazda regional \u0259lveri\u015fli atmosferin yarad\u0131lmas\u0131n\u0131 se\u00e7irl\u0259r, ya da Avroatlantik g\u00fcnd\u0259liyi. Bunlar\u0131 eyni zamanda el\u0259m\u0259k \u00e7\u0259tindir v\u0259 \u0259n ciddi n\u0259tic\u0259l\u0259rl\u0259 sonuclana bil\u0259r\u201d, &#8211; <\/span><\/i><span style=\"font-weight: 400;\">Karasin Rusiyan\u0131n <\/span><a href=\"https:\/\/www.kommersant.ru\/doc\/3896419?query=%D0%BA%D0%B0%D1%80%D0%B0%D1%81%D0%B8%D0%BD\"><span style=\"font-weight: 400;\">\u201cKommersant\u201d<\/span><\/a><span style=\"font-weight: 400;\"> n\u0259\u015frin\u0259 bildirib.<\/span><\/p>\n<p><span style=\"font-weight: 400;\">Onun s\u00f6zl\u0259rin\u0259 g\u00f6r\u0259, son zamanlar g\u00fcrc\u00fc siyas\u0259t\u00e7il\u0259rin \u2013 prezident <a href=\"https:\/\/jam-news.net\/category\/theme-pages-az\/president-of-georgia-salome-zourabichvili-az\/?lang=az-AZ\" target=\"_blank\" rel=\"noopener noreferrer\">Salome Zurabi\u015fvil\u0259d\u0259<\/a>n tutmu\u015f, ba\u015f nazir Mamuka Baxtadze v\u0259 X\u0130N r\u0259hb\u0259ri David Zalkalianiy\u0259 q\u0259d\u0259r k\u0259skin b\u0259yanatlar\u0131 \u00e7oxal\u0131b.<\/span><\/p>\n<p style=\"padding-left: 30px;\"><i><span style=\"font-weight: 400;\">\u201cOnlar NATO-da s\u00fcr\u0259tl\u0259nmi\u015f h\u0259r\u0259k\u0259t haqda, Rusiyan\u0131n b\u00fct\u00fcn demokratik Avropaya s\u00f6zd\u0259 t\u0259hdidi haqda v\u0259 sair\u0259 dan\u0131\u015f\u0131rlar. T\u0259bii ki, bu biz\u0259 xo\u015f deyil. Bu, Rusiya v\u0259 G\u00fcrc\u00fcstan m\u00fcnasib\u0259tl\u0259rind\u0259 qar\u015f\u0131l\u0131ql\u0131 c\u0259lbedicilik atmosferi yaratm\u0131r\u201d, \u00a0<\/span><\/i><span style=\"font-weight: 400;\">&#8211; o deyib.<\/span><\/p>\n<h3 style=\"text-align: center;\"><span style=\"color: #000080;\"><b>\u00dc\u00e7\u00fcnc\u00fc t\u0259hdid: Ukrayna hadis\u0259l\u0259rinin n\u0259d\u0259n ba\u015flad\u0131\u011f\u0131n\u0131 xat\u0131rlay\u0131r\u0131q<\/b><\/span><\/h3>\n<p><span style=\"font-weight: 400;\">\u201cKommersant\u201dla s\u00f6hb\u0259tind\u0259 Karasin Tbilisiy\u0259 v\u0259 g\u00fcrc\u00fcstanl\u0131 siyas\u0259t\u00e7il\u0259r\u0259 xat\u0131rlad\u0131b ki, Ukraynan\u0131n probleml\u0259ri bu \u00f6lk\u0259nin siyas\u0259t\u00e7il\u0259rinin ritorikas\u0131nda NATO m\u00f6vzusu f\u0259alla\u015fandan sonra yaranb:<\/span><\/p>\n<p><i><span style=\"font-weight: 400;\">\u201cAyd\u0131nd\u0131r ki, \u0259g\u0259r C\u0259nubi Qafqazda NATO-nun h\u0259rbi f\u0259all\u0131\u011f\u0131 artacaqsa, gec, ya tez bu, probleml\u0259r\u0259 g\u0259tirib \u00e7\u0131xaracaq. Biz sizinl\u0259 Ukraynan\u0131n probleml\u0259rinin n\u0259d\u0259n ba\u015flad\u0131\u011f\u0131n\u0131 xat\u0131rlay\u0131r\u0131q. Bu, m\u0259s\u0259l\u0259nin tam eyni qoyulu\u015fudur\u201d, &#8211; <\/span><\/i><span style=\"font-weight: 400;\">rusiyal\u0131 diplomat <\/span><a href=\"https:\/\/www.kommersant.ru\/doc\/3896419?query=%D0%BA%D0%B0%D1%80%D0%B0%D1%81%D0%B8%D0%BD\"><span style=\"font-weight: 400;\">deyir<\/span><\/a><span style=\"font-weight: 400;\">.<\/span><\/p>\n<\/div>\n<\/div>\n<\/div>\n<\/div>\n<p><div class=\"su-divider su-divider-style-default\" style=\"margin:15px 0;border-width:3px;border-color:#999999\"><a href=\"#\" style=\"color:#999999\">Go to top<\/a><\/div> <\/p>\n<p><\/p>\n","protected":false},"excerpt":{"rendered":"<p>Rusiya X\u0130N r\u0259hb\u0259rinin m\u00fcavini Karasin G\u00fcrc\u00fcstan\u0131 t\u0259hdid edir: \u201cBiz sizinl\u0259 Ukrayna probleminin n\u0259d\u0259n ba\u015flad\u0131\u011f\u0131n\u0131 xat\u0131rlay\u0131r\u0131q\u201d<\/p>\n","protected":false},"author":6,"featured_media":21978,"comment_status":"open","ping_status":"open","sticky":false,"template":"","format":"standard","meta":{"_acf_changed":false,"footnotes":""},"categories":[9,2,3,50,5],"tags":[509,429,508,96],"formation":[],"post-author":[2888],"topic":[426],"tooltip":[],"city":[6049],"class_list":["post-10311","post","type-post","status-publish","format-standard","has-post-thumbnail","hentry","category-munaqislr","category-cografiya","category-gurcustan","category-xbrlr","category-siyast","tag-gurcustan-cmiyyti","tag-gurcustanda-hyat","tag-post-sovet-gurcustan","tag-qafqaz-iqtisadiyyati","post-author-jamnews","topic-president-of-georgia-salome-zourabichvili","city-tbilisi"],"acf":[],"yoast_head":"<!-- This site is optimized with the Yoast SEO plugin v24.1 - https:\/\/yoast.com\/wordpress\/plugins\/seo\/ -->\n<title>Rusiyal\u0131 diplomat Tbilisiy\u0259 se\u00e7im etm\u0259yi m\u0259sl\u0259h\u0259t g\u00f6r\u00fcr \u2013 ya Qafqazda stabillik, ya da NATO - JAMnews<\/title>\n<meta name=\"robots\" content=\"index, follow, max-snippet:-1, max-image-preview:large, max-video-preview:-1\" \/>\n<link rel=\"canonical\" href=\"https:\/\/jam-news.net\/az\/rusiyali-diplomat-tbilisiy\u0259-secim-etm\u0259yi-m\u0259sl\u0259h\u0259t-gorur-ya-qafqazda-stabillik-ya-da-nato\/\" \/>\n<meta property=\"og:locale\" content=\"az_AZ\" \/>\n<meta property=\"og:type\" content=\"article\" \/>\n<meta property=\"og:title\" content=\"Rusiyal\u0131 diplomat Tbilisiy\u0259 se\u00e7im etm\u0259yi m\u0259sl\u0259h\u0259t g\u00f6r\u00fcr \u2013 ya Qafqazda stabillik, ya da NATO - JAMnews\" \/>\n<meta property=\"og:description\" content=\"Rusiya X\u0130N r\u0259hb\u0259rinin m\u00fcavini Karasin G\u00fcrc\u00fcstan\u0131 t\u0259hdid edir: \u201cBiz sizinl\u0259 Ukrayna probleminin n\u0259d\u0259n ba\u015flad\u0131\u011f\u0131n\u0131 xat\u0131rlay\u0131r\u0131q\u201d\" \/>\n<meta property=\"og:url\" content=\"https:\/\/jam-news.net\/az\/rusiyali-diplomat-tbilisiy\u0259-secim-etm\u0259yi-m\u0259sl\u0259h\u0259t-gorur-ya-qafqazda-stabillik-ya-da-nato\/\" \/>\n<meta property=\"og:site_name\" content=\"Azerbaijani Jamnews\" \/>\n<meta property=\"article:publisher\" content=\"https:\/\/www.facebook.com\/JAMnewsInEnglish\/\" \/>\n<meta property=\"article:published_time\" content=\"2019-03-01T00:00:00+00:00\" \/>\n<meta property=\"article:modified_time\" content=\"2022-01-17T21:07:22+00:00\" \/>\n<meta property=\"og:image\" content=\"https:\/\/jam-news.net\/app\/uploads\/2020\/03\/755432167569793-3.jpeg\" \/>\n\t<meta property=\"og:image:width\" content=\"1180\" \/>\n\t<meta property=\"og:image:height\" content=\"730\" \/>\n\t<meta property=\"og:image:type\" content=\"image\/jpeg\" \/>\n<meta name=\"author\" content=\"Tatia nikoladze\" \/>\n<meta name=\"twitter:card\" content=\"summary_large_image\" \/>\n<meta name=\"twitter:creator\" content=\"@JAMnewsCaucasus\" \/>\n<meta name=\"twitter:site\" content=\"@JAMnewsCaucasus\" \/>\n<meta name=\"twitter:label1\" content=\"Written by\" \/>\n\t<meta name=\"twitter:data1\" content=\"Tatia nikoladze\" \/>\n\t<meta name=\"twitter:label2\" content=\"Est. reading time\" \/>\n\t<meta name=\"twitter:data2\" content=\"4 minutes\" \/>\n<script type=\"application\/ld+json\" class=\"yoast-schema-graph\">{\"@context\":\"https:\/\/schema.org\",\"@graph\":[{\"@type\":\"Article\",\"@id\":\"https:\/\/jam-news.net\/az\/rusiyali-diplomat-tbilisiy%c9%99-secim-etm%c9%99yi-m%c9%99sl%c9%99h%c9%99t-gorur-ya-qafqazda-stabillik-ya-da-nato\/#article\",\"isPartOf\":{\"@id\":\"https:\/\/jam-news.net\/az\/rusiyali-diplomat-tbilisiy%c9%99-secim-etm%c9%99yi-m%c9%99sl%c9%99h%c9%99t-gorur-ya-qafqazda-stabillik-ya-da-nato\/\"},\"author\":{\"name\":\"Tatia nikoladze\",\"@id\":\"https:\/\/jam-news.net\/az\/#\/schema\/person\/86c90ea4dd4c6e61e60ae51d24bc662c\"},\"headline\":\"Rusiyal\u0131 diplomat Tbilisiy\u0259 se\u00e7im etm\u0259yi m\u0259sl\u0259h\u0259t g\u00f6r\u00fcr \u2013 ya Qafqazda stabillik, ya da NATO\",\"datePublished\":\"2019-03-01T00:00:00+00:00\",\"dateModified\":\"2022-01-17T21:07:22+00:00\",\"mainEntityOfPage\":{\"@id\":\"https:\/\/jam-news.net\/az\/rusiyali-diplomat-tbilisiy%c9%99-secim-etm%c9%99yi-m%c9%99sl%c9%99h%c9%99t-gorur-ya-qafqazda-stabillik-ya-da-nato\/\"},\"wordCount\":835,\"commentCount\":0,\"publisher\":{\"@id\":\"https:\/\/jam-news.net\/az\/#organization\"},\"image\":{\"@id\":\"https:\/\/jam-news.net\/az\/rusiyali-diplomat-tbilisiy%c9%99-secim-etm%c9%99yi-m%c9%99sl%c9%99h%c9%99t-gorur-ya-qafqazda-stabillik-ya-da-nato\/#primaryimage\"},\"thumbnailUrl\":\"https:\/\/jam-news.net\/app\/uploads\/2020\/03\/755432167569793-3.jpeg\",\"keywords\":[\"G\u00fcrc\u00fcstan c\u0259miyy\u0259ti\",\"G\u00fcrc\u00fcstanda h\u0259yat\",\"post-sovet g\u00fcrc\u00fcstan\",\"Qafqaz iqtisadiyyat\u0131\"],\"articleSection\":[\"Conflicts\",\"Geography\",\"Georgia\",\"News\",\"Politics\"],\"inLanguage\":\"az\"},{\"@type\":\"WebPage\",\"@id\":\"https:\/\/jam-news.net\/az\/rusiyali-diplomat-tbilisiy%c9%99-secim-etm%c9%99yi-m%c9%99sl%c9%99h%c9%99t-gorur-ya-qafqazda-stabillik-ya-da-nato\/\",\"url\":\"https:\/\/jam-news.net\/az\/rusiyali-diplomat-tbilisiy%c9%99-secim-etm%c9%99yi-m%c9%99sl%c9%99h%c9%99t-gorur-ya-qafqazda-stabillik-ya-da-nato\/\",\"name\":\"Rusiyal\u0131 diplomat Tbilisiy\u0259 se\u00e7im etm\u0259yi m\u0259sl\u0259h\u0259t g\u00f6r\u00fcr \u2013 ya Qafqazda stabillik, ya da NATO - JAMnews\",\"isPartOf\":{\"@id\":\"https:\/\/jam-news.net\/az\/#website\"},\"primaryImageOfPage\":{\"@id\":\"https:\/\/jam-news.net\/az\/rusiyali-diplomat-tbilisiy%c9%99-secim-etm%c9%99yi-m%c9%99sl%c9%99h%c9%99t-gorur-ya-qafqazda-stabillik-ya-da-nato\/#primaryimage\"},\"image\":{\"@id\":\"https:\/\/jam-news.net\/az\/rusiyali-diplomat-tbilisiy%c9%99-secim-etm%c9%99yi-m%c9%99sl%c9%99h%c9%99t-gorur-ya-qafqazda-stabillik-ya-da-nato\/#primaryimage\"},\"thumbnailUrl\":\"https:\/\/jam-news.net\/app\/uploads\/2020\/03\/755432167569793-3.jpeg\",\"datePublished\":\"2019-03-01T00:00:00+00:00\",\"dateModified\":\"2022-01-17T21:07:22+00:00\",\"breadcrumb\":{\"@id\":\"https:\/\/jam-news.net\/az\/rusiyali-diplomat-tbilisiy%c9%99-secim-etm%c9%99yi-m%c9%99sl%c9%99h%c9%99t-gorur-ya-qafqazda-stabillik-ya-da-nato\/#breadcrumb\"},\"inLanguage\":\"az\",\"potentialAction\":[{\"@type\":\"ReadAction\",\"target\":[\"https:\/\/jam-news.net\/az\/rusiyali-diplomat-tbilisiy%c9%99-secim-etm%c9%99yi-m%c9%99sl%c9%99h%c9%99t-gorur-ya-qafqazda-stabillik-ya-da-nato\/\"]}]},{\"@type\":\"ImageObject\",\"inLanguage\":\"az\",\"@id\":\"https:\/\/jam-news.net\/az\/rusiyali-diplomat-tbilisiy%c9%99-secim-etm%c9%99yi-m%c9%99sl%c9%99h%c9%99t-gorur-ya-qafqazda-stabillik-ya-da-nato\/#primaryimage\",\"url\":\"https:\/\/jam-news.net\/app\/uploads\/2020\/03\/755432167569793-3.jpeg\",\"contentUrl\":\"https:\/\/jam-news.net\/app\/uploads\/2020\/03\/755432167569793-3.jpeg\",\"width\":1180,\"height\":730},{\"@type\":\"BreadcrumbList\",\"@id\":\"https:\/\/jam-news.net\/az\/rusiyali-diplomat-tbilisiy%c9%99-secim-etm%c9%99yi-m%c9%99sl%c9%99h%c9%99t-gorur-ya-qafqazda-stabillik-ya-da-nato\/#breadcrumb\",\"itemListElement\":[{\"@type\":\"ListItem\",\"position\":1,\"name\":\"Home\",\"item\":\"https:\/\/jam-news.net\/az\/\"},{\"@type\":\"ListItem\",\"position\":2,\"name\":\"Rusiyal\u0131 diplomat Tbilisiy\u0259 se\u00e7im etm\u0259yi m\u0259sl\u0259h\u0259t g\u00f6r\u00fcr \u2013 ya Qafqazda stabillik, ya da NATO\"}]},{\"@type\":\"WebSite\",\"@id\":\"https:\/\/jam-news.net\/az\/#website\",\"url\":\"https:\/\/jam-news.net\/az\/\",\"name\":\"Azerbaijani Jamnews\",\"description\":\"Caucasus News, Politics and Society\",\"publisher\":{\"@id\":\"https:\/\/jam-news.net\/az\/#organization\"},\"potentialAction\":[{\"@type\":\"SearchAction\",\"target\":{\"@type\":\"EntryPoint\",\"urlTemplate\":\"https:\/\/jam-news.net\/az\/?s={search_term_string}\"},\"query-input\":{\"@type\":\"PropertyValueSpecification\",\"valueRequired\":true,\"valueName\":\"search_term_string\"}}],\"inLanguage\":\"az\"},{\"@type\":\"Organization\",\"@id\":\"https:\/\/jam-news.net\/az\/#organization\",\"name\":\"JAMnews\",\"url\":\"https:\/\/jam-news.net\/az\/\",\"logo\":{\"@type\":\"ImageObject\",\"inLanguage\":\"az\",\"@id\":\"https:\/\/jam-news.net\/az\/#\/schema\/logo\/image\/\",\"url\":\"https:\/\/jam-news.net\/app\/uploads\/2020\/05\/JAM_w.jpg\",\"contentUrl\":\"https:\/\/jam-news.net\/app\/uploads\/2020\/05\/JAM_w.jpg\",\"width\":960,\"height\":960,\"caption\":\"JAMnews\"},\"image\":{\"@id\":\"https:\/\/jam-news.net\/az\/#\/schema\/logo\/image\/\"},\"sameAs\":[\"https:\/\/www.facebook.com\/JAMnewsInEnglish\/\",\"https:\/\/x.com\/JAMnewsCaucasus\",\"https:\/\/www.instagram.com\/jam_news\/\",\"https:\/\/www.youtube.com\/channel\/UCXQbUCme2pykuZYXWHx4VPg\"]},{\"@type\":\"Person\",\"@id\":\"https:\/\/jam-news.net\/az\/#\/schema\/person\/86c90ea4dd4c6e61e60ae51d24bc662c\",\"name\":\"Tatia nikoladze\",\"image\":{\"@type\":\"ImageObject\",\"inLanguage\":\"az\",\"@id\":\"https:\/\/jam-news.net\/az\/#\/schema\/person\/image\/\",\"url\":\"https:\/\/secure.gravatar.com\/avatar\/1f8b2c8ce4c25cc30806785bafe6bb03?s=96&d=mm&r=g\",\"contentUrl\":\"https:\/\/secure.gravatar.com\/avatar\/1f8b2c8ce4c25cc30806785bafe6bb03?s=96&d=mm&r=g\",\"caption\":\"Tatia nikoladze\"},\"url\":\"https:\/\/jam-news.net\/az\/author\/tatiani\/\"}]}<\/script>\n<!-- \/ Yoast SEO plugin. -->","yoast_head_json":{"title":"Rusiyal\u0131 diplomat Tbilisiy\u0259 se\u00e7im etm\u0259yi m\u0259sl\u0259h\u0259t g\u00f6r\u00fcr \u2013 ya Qafqazda stabillik, ya da NATO - JAMnews","robots":{"index":"index","follow":"follow","max-snippet":"max-snippet:-1","max-image-preview":"max-image-preview:large","max-video-preview":"max-video-preview:-1"},"canonical":"https:\/\/jam-news.net\/az\/rusiyali-diplomat-tbilisiy\u0259-secim-etm\u0259yi-m\u0259sl\u0259h\u0259t-gorur-ya-qafqazda-stabillik-ya-da-nato\/","og_locale":"az_AZ","og_type":"article","og_title":"Rusiyal\u0131 diplomat Tbilisiy\u0259 se\u00e7im etm\u0259yi m\u0259sl\u0259h\u0259t g\u00f6r\u00fcr \u2013 ya Qafqazda stabillik, ya da NATO - JAMnews","og_description":"Rusiya X\u0130N r\u0259hb\u0259rinin m\u00fcavini Karasin G\u00fcrc\u00fcstan\u0131 t\u0259hdid edir: \u201cBiz sizinl\u0259 Ukrayna probleminin n\u0259d\u0259n ba\u015flad\u0131\u011f\u0131n\u0131 xat\u0131rlay\u0131r\u0131q\u201d","og_url":"https:\/\/jam-news.net\/az\/rusiyali-diplomat-tbilisiy\u0259-secim-etm\u0259yi-m\u0259sl\u0259h\u0259t-gorur-ya-qafqazda-stabillik-ya-da-nato\/","og_site_name":"Azerbaijani Jamnews","article_publisher":"https:\/\/www.facebook.com\/JAMnewsInEnglish\/","article_published_time":"2019-03-01T00:00:00+00:00","article_modified_time":"2022-01-17T21:07:22+00:00","og_image":[{"width":1180,"height":730,"url":"https:\/\/jam-news.net\/app\/uploads\/2020\/03\/755432167569793-3.jpeg","type":"image\/jpeg"}],"author":"Tatia nikoladze","twitter_card":"summary_large_image","twitter_creator":"@JAMnewsCaucasus","twitter_site":"@JAMnewsCaucasus","twitter_misc":{"Written by":"Tatia nikoladze","Est. reading time":"4 minutes"},"schema":{"@context":"https:\/\/schema.org","@graph":[{"@type":"Article","@id":"https:\/\/jam-news.net\/az\/rusiyali-diplomat-tbilisiy%c9%99-secim-etm%c9%99yi-m%c9%99sl%c9%99h%c9%99t-gorur-ya-qafqazda-stabillik-ya-da-nato\/#article","isPartOf":{"@id":"https:\/\/jam-news.net\/az\/rusiyali-diplomat-tbilisiy%c9%99-secim-etm%c9%99yi-m%c9%99sl%c9%99h%c9%99t-gorur-ya-qafqazda-stabillik-ya-da-nato\/"},"author":{"name":"Tatia nikoladze","@id":"https:\/\/jam-news.net\/az\/#\/schema\/person\/86c90ea4dd4c6e61e60ae51d24bc662c"},"headline":"Rusiyal\u0131 diplomat Tbilisiy\u0259 se\u00e7im etm\u0259yi m\u0259sl\u0259h\u0259t g\u00f6r\u00fcr \u2013 ya Qafqazda stabillik, ya da NATO","datePublished":"2019-03-01T00:00:00+00:00","dateModified":"2022-01-17T21:07:22+00:00","mainEntityOfPage":{"@id":"https:\/\/jam-news.net\/az\/rusiyali-diplomat-tbilisiy%c9%99-secim-etm%c9%99yi-m%c9%99sl%c9%99h%c9%99t-gorur-ya-qafqazda-stabillik-ya-da-nato\/"},"wordCount":835,"commentCount":0,"publisher":{"@id":"https:\/\/jam-news.net\/az\/#organization"},"image":{"@id":"https:\/\/jam-news.net\/az\/rusiyali-diplomat-tbilisiy%c9%99-secim-etm%c9%99yi-m%c9%99sl%c9%99h%c9%99t-gorur-ya-qafqazda-stabillik-ya-da-nato\/#primaryimage"},"thumbnailUrl":"https:\/\/jam-news.net\/app\/uploads\/2020\/03\/755432167569793-3.jpeg","keywords":["G\u00fcrc\u00fcstan c\u0259miyy\u0259ti","G\u00fcrc\u00fcstanda h\u0259yat","post-sovet g\u00fcrc\u00fcstan","Qafqaz iqtisadiyyat\u0131"],"articleSection":["Conflicts","Geography","Georgia","News","Politics"],"inLanguage":"az"},{"@type":"WebPage","@id":"https:\/\/jam-news.net\/az\/rusiyali-diplomat-tbilisiy%c9%99-secim-etm%c9%99yi-m%c9%99sl%c9%99h%c9%99t-gorur-ya-qafqazda-stabillik-ya-da-nato\/","url":"https:\/\/jam-news.net\/az\/rusiyali-diplomat-tbilisiy%c9%99-secim-etm%c9%99yi-m%c9%99sl%c9%99h%c9%99t-gorur-ya-qafqazda-stabillik-ya-da-nato\/","name":"Rusiyal\u0131 diplomat Tbilisiy\u0259 se\u00e7im etm\u0259yi m\u0259sl\u0259h\u0259t g\u00f6r\u00fcr \u2013 ya Qafqazda stabillik, ya da NATO - JAMnews","isPartOf":{"@id":"https:\/\/jam-news.net\/az\/#website"},"primaryImageOfPage":{"@id":"https:\/\/jam-news.net\/az\/rusiyali-diplomat-tbilisiy%c9%99-secim-etm%c9%99yi-m%c9%99sl%c9%99h%c9%99t-gorur-ya-qafqazda-stabillik-ya-da-nato\/#primaryimage"},"image":{"@id":"https:\/\/jam-news.net\/az\/rusiyali-diplomat-tbilisiy%c9%99-secim-etm%c9%99yi-m%c9%99sl%c9%99h%c9%99t-gorur-ya-qafqazda-stabillik-ya-da-nato\/#primaryimage"},"thumbnailUrl":"https:\/\/jam-news.net\/app\/uploads\/2020\/03\/755432167569793-3.jpeg","datePublished":"2019-03-01T00:00:00+00:00","dateModified":"2022-01-17T21:07:22+00:00","breadcrumb":{"@id":"https:\/\/jam-news.net\/az\/rusiyali-diplomat-tbilisiy%c9%99-secim-etm%c9%99yi-m%c9%99sl%c9%99h%c9%99t-gorur-ya-qafqazda-stabillik-ya-da-nato\/#breadcrumb"},"inLanguage":"az","potentialAction":[{"@type":"ReadAction","target":["https:\/\/jam-news.net\/az\/rusiyali-diplomat-tbilisiy%c9%99-secim-etm%c9%99yi-m%c9%99sl%c9%99h%c9%99t-gorur-ya-qafqazda-stabillik-ya-da-nato\/"]}]},{"@type":"ImageObject","inLanguage":"az","@id":"https:\/\/jam-news.net\/az\/rusiyali-diplomat-tbilisiy%c9%99-secim-etm%c9%99yi-m%c9%99sl%c9%99h%c9%99t-gorur-ya-qafqazda-stabillik-ya-da-nato\/#primaryimage","url":"https:\/\/jam-news.net\/app\/uploads\/2020\/03\/755432167569793-3.jpeg","contentUrl":"https:\/\/jam-news.net\/app\/uploads\/2020\/03\/755432167569793-3.jpeg","width":1180,"height":730},{"@type":"BreadcrumbList","@id":"https:\/\/jam-news.net\/az\/rusiyali-diplomat-tbilisiy%c9%99-secim-etm%c9%99yi-m%c9%99sl%c9%99h%c9%99t-gorur-ya-qafqazda-stabillik-ya-da-nato\/#breadcrumb","itemListElement":[{"@type":"ListItem","position":1,"name":"Home","item":"https:\/\/jam-news.net\/az\/"},{"@type":"ListItem","position":2,"name":"Rusiyal\u0131 diplomat Tbilisiy\u0259 se\u00e7im etm\u0259yi m\u0259sl\u0259h\u0259t g\u00f6r\u00fcr \u2013 ya Qafqazda stabillik, ya da NATO"}]},{"@type":"WebSite","@id":"https:\/\/jam-news.net\/az\/#website","url":"https:\/\/jam-news.net\/az\/","name":"Azerbaijani Jamnews","description":"Caucasus News, Politics and Society","publisher":{"@id":"https:\/\/jam-news.net\/az\/#organization"},"potentialAction":[{"@type":"SearchAction","target":{"@type":"EntryPoint","urlTemplate":"https:\/\/jam-news.net\/az\/?s={search_term_string}"},"query-input":{"@type":"PropertyValueSpecification","valueRequired":true,"valueName":"search_term_string"}}],"inLanguage":"az"},{"@type":"Organization","@id":"https:\/\/jam-news.net\/az\/#organization","name":"JAMnews","url":"https:\/\/jam-news.net\/az\/","logo":{"@type":"ImageObject","inLanguage":"az","@id":"https:\/\/jam-news.net\/az\/#\/schema\/logo\/image\/","url":"https:\/\/jam-news.net\/app\/uploads\/2020\/05\/JAM_w.jpg","contentUrl":"https:\/\/jam-news.net\/app\/uploads\/2020\/05\/JAM_w.jpg","width":960,"height":960,"caption":"JAMnews"},"image":{"@id":"https:\/\/jam-news.net\/az\/#\/schema\/logo\/image\/"},"sameAs":["https:\/\/www.facebook.com\/JAMnewsInEnglish\/","https:\/\/x.com\/JAMnewsCaucasus","https:\/\/www.instagram.com\/jam_news\/","https:\/\/www.youtube.com\/channel\/UCXQbUCme2pykuZYXWHx4VPg"]},{"@type":"Person","@id":"https:\/\/jam-news.net\/az\/#\/schema\/person\/86c90ea4dd4c6e61e60ae51d24bc662c","name":"Tatia nikoladze","image":{"@type":"ImageObject","inLanguage":"az","@id":"https:\/\/jam-news.net\/az\/#\/schema\/person\/image\/","url":"https:\/\/secure.gravatar.com\/avatar\/1f8b2c8ce4c25cc30806785bafe6bb03?s=96&d=mm&r=g","contentUrl":"https:\/\/secure.gravatar.com\/avatar\/1f8b2c8ce4c25cc30806785bafe6bb03?s=96&d=mm&r=g","caption":"Tatia nikoladze"},"url":"https:\/\/jam-news.net\/az\/author\/tatiani\/"}]}},"_links":{"self":[{"href":"https:\/\/jam-news.net\/az\/wp-json\/wp\/v2\/posts\/10311","targetHints":{"allow":["GET"]}}],"collection":[{"href":"https:\/\/jam-news.net\/az\/wp-json\/wp\/v2\/posts"}],"about":[{"href":"https:\/\/jam-news.net\/az\/wp-json\/wp\/v2\/types\/post"}],"author":[{"embeddable":true,"href":"https:\/\/jam-news.net\/az\/wp-json\/wp\/v2\/users\/6"}],"replies":[{"embeddable":true,"href":"https:\/\/jam-news.net\/az\/wp-json\/wp\/v2\/comments?post=10311"}],"version-history":[{"count":1,"href":"https:\/\/jam-news.net\/az\/wp-json\/wp\/v2\/posts\/10311\/revisions"}],"predecessor-version":[{"id":14098,"href":"https:\/\/jam-news.net\/az\/wp-json\/wp\/v2\/posts\/10311\/revisions\/14098"}],"wp:featuredmedia":[{"embeddable":true,"href":"https:\/\/jam-news.net\/az\/wp-json\/wp\/v2\/media\/21978"}],"wp:attachment":[{"href":"https:\/\/jam-news.net\/az\/wp-json\/wp\/v2\/media?parent=10311"}],"wp:term":[{"taxonomy":"category","embeddable":true,"href":"https:\/\/jam-news.net\/az\/wp-json\/wp\/v2\/categories?post=10311"},{"taxonomy":"post_tag","embeddable":true,"href":"https:\/\/jam-news.net\/az\/wp-json\/wp\/v2\/tags?post=10311"},{"taxonomy":"formation","embeddable":true,"href":"https:\/\/jam-news.net\/az\/wp-json\/wp\/v2\/formation?post=10311"},{"taxonomy":"post-author","embeddable":true,"href":"https:\/\/jam-news.net\/az\/wp-json\/wp\/v2\/post-author?post=10311"},{"taxonomy":"topic","embeddable":true,"href":"https:\/\/jam-news.net\/az\/wp-json\/wp\/v2\/topic?post=10311"},{"taxonomy":"tooltip","embeddable":true,"href":"https:\/\/jam-news.net\/az\/wp-json\/wp\/v2\/tooltip?post=10311"},{"taxonomy":"city","embeddable":true,"href":"https:\/\/jam-news.net\/az\/wp-json\/wp\/v2\/city?post=10311"}],"curies":[{"name":"wp","href":"https:\/\/api.w.org\/{rel}","templated":true}]}}