{"id":100257,"date":"2025-08-29T12:54:20","date_gmt":"2025-08-29T08:54:20","guid":{"rendered":"https:\/\/jam-news.net\/az\/?p=100257"},"modified":"2025-12-14T05:13:32","modified_gmt":"2025-12-14T01:13:32","slug":"meydan-tv-isi-uzre-istintaq-yekunlasib","status":"publish","type":"post","link":"https:\/\/jam-news.net\/az\/meydan-tv-isi-uzre-istintaq-yekunlasib\/","title":{"rendered":"Meydan TV i\u015fi: istintaq yekunla\u015f\u0131b, yeni ittihamlar ir\u0259li s\u00fcr\u00fcl\u00fcb, daha bir n\u0259f\u0259r h\u0259bs edilib"},"content":{"rendered":"\n<p style=\"font-size:11px\"><strong><em>\u201cMeydan TV i\u015fi\u201d \u00fczr\u0259 istintaq yekunla\u015f\u0131b<\/em><\/strong><\/p>\n\n\n\n<p><strong>Bak\u0131 \u015e\u0259h\u0259r Ba\u015f Polis \u0130dar\u0259sind\u0259 apar\u0131lan \u201cMeydan TV i\u015fi\u201d \u00fczr\u0259 istintaq ba\u015fa \u00e7at\u0131b. T\u0259qsirl\u0259ndiril\u0259n \u015f\u0259xsl\u0259r\u0259 qar\u015f\u0131 Cinay\u0259t M\u0259c\u0259ll\u0259sinin s\u0259kkiz madd\u0259si il\u0259 a\u011f\u0131rla\u015fd\u0131r\u0131lm\u0131\u015f ittihamlar elan olunub.<\/strong><\/p>\n\n\n\n<p>\u0130ttihamlar s\u0131ras\u0131nda qanunsuz sahibkarl\u0131q, cinay\u0259t yolu il\u0259 \u0259ld\u0259 edilmi\u015f \u0259mlak\u0131 leqalla\u015fd\u0131rma, qa\u00e7aqmal\u00e7\u0131l\u0131q, vergid\u0259n yay\u0131nma v\u0259 s\u0259n\u0259d saxtala\u015fd\u0131rma hallar\u0131 qeyd olunur. \u0130\u015f materiallar\u0131n\u0131n Bak\u0131 A\u011f\u0131r Cinay\u0259tl\u0259r M\u0259hk\u0259m\u0259sin\u0259 g\u00f6nd\u0259ril\u0259c\u0259yi g\u00f6zl\u0259nilir.<\/p>\n\n\n\n<div class=\"wp-block-group\"><div class=\"wp-block-group__inner-container is-layout-constrained wp-block-group-is-layout-constrained\">\n<div class=\"wp-block-group has-background\" style=\"background-color:#dee8ee\"><div class=\"wp-block-group__inner-container is-layout-constrained wp-block-group-is-layout-constrained\">\n<p>2024-c\u00fc il dekabr\u0131n 6-da \u201cMeydan TV\u201d-nin \u0259m\u0259kda\u015flar\u0131 Ramin Deko (C\u0259bray\u0131lzad\u0259), Aynur Q\u0259nb\u0259rova (Elg\u00fcn\u0259\u015f), Aysel Umudova, Aytac \u018fhm\u0259dova (Tapd\u0131q), X\u0259yal\u0259 A\u011fayeva, Natiq Cavadl\u0131 saxlan\u0131l\u0131blar. Onlara qar\u015f\u0131 Cinay\u0259t M\u0259c\u0259ll\u0259sinin 206.3.2-ci (qa\u00e7aqmal\u00e7\u0131l\u0131q, \u0259vv\u0259lc\u0259d\u0259n \u0259lbir olan bir qrup \u015f\u0259xs t\u0259r\u0259find\u0259n t\u00f6r\u0259dildikd\u0259) madd\u0259si il\u0259 ittiham ir\u0259li s\u00fcr\u00fcl\u00fcb v\u0259 bar\u0259l\u0259rind\u0259 a\u00e7\u0131lm\u0131\u015f cinay\u0259t i\u015fi \u201cMeydan TV i\u015fi\u201d adland\u0131r\u0131lma\u011fa ba\u015flay\u0131b. Daha sonra bu i\u015fl\u0259 ba\u011fl\u0131 jurnalistl\u0259r \u015e\u0259m\u015fad A\u011fa, Nurlan Libre v\u0259 Fatim\u0259 M\u00f6vlaml\u0131, \u00dclviyy\u0259 \u018fli d\u0259 h\u0259bs edilibl\u0259r.<\/p>\n\n\n\n<p>\u201cMeydan TV\u201d b\u0259yan edir ki, bu h\u0259bsl\u0259r onlar\u0131n t\u0259nqidi f\u0259aliyy\u0259tl\u0259rin\u0259 g\u00f6r\u0259dir.<\/p>\n<\/div><\/div>\n<\/div><\/div>\n\n\n\n<figure class=\"wp-block-image size-large is-style-full-width-image\"><img loading=\"lazy\" decoding=\"async\" width=\"1024\" height=\"576\" src=\"https:\/\/jam-news.net\/app\/uploads\/2025\/08\/jamnews-website-29-1024x576.png\" alt=\"\u201cMeydan TV i\u015fi\u201d \u00fczr\u0259 istintaq yekunla\u015f\u0131b - &quot;Meydan TV i\u015fi&quot; \u00e7\u0259r\u00e7iv\u0259sind\u0259 h\u0259bs edil\u0259nl\u0259r\nA\u015fa\u011f\u0131 s\u0131ra: \u00dclviyy\u0259 \u018fli, X\u0259yal\u0259 A\u011fayeva, Aynur Elg\u00fcn\u0259\u015f, Aytac Taqd\u0131q, Aysel Umudova\nYuxar\u0131 s\u0131ra: Ramin Deko, \u018fhm\u0259d Muxtar, \u00dclvi Tahirli, Nurlan Libre, \u015e\u0259m\u015fad A\u011fa, Natiq Cavadl\u0131 - meydan tv kollaj - jamnews\" class=\"wp-image-100268\" srcset=\"https:\/\/jam-news.net\/app\/uploads\/2025\/08\/jamnews-website-29-1024x576.png 1024w, https:\/\/jam-news.net\/app\/uploads\/2025\/08\/jamnews-website-29-300x169.png 300w, https:\/\/jam-news.net\/app\/uploads\/2025\/08\/jamnews-website-29-768x432.png 768w, https:\/\/jam-news.net\/app\/uploads\/2025\/08\/jamnews-website-29-1536x864.png 1536w, https:\/\/jam-news.net\/app\/uploads\/2025\/08\/jamnews-website-29.png 1920w\" sizes=\"auto, (max-width: 1024px) 100vw, 1024px\" \/><figcaption class=\"wp-element-caption\">&#8220;Meydan TV i\u015fi&#8221; \u00e7\u0259r\u00e7iv\u0259sind\u0259 h\u0259bs edil\u0259nl\u0259r<br>A\u015fa\u011f\u0131 s\u0131ra: \u00dclviyy\u0259 \u018fli, X\u0259yal\u0259 A\u011fayeva, Fatim\u0259 M\u00f6vlaml\u0131, Aynur Elg\u00fcn\u0259\u015f, Aytac Taqd\u0131q, Aysel Umudova<br>Yuxar\u0131 s\u0131ra: Ramin Deko, \u018fhm\u0259d Muxtar, \u00dclvi Tahirli, Nurlan Libre, \u015e\u0259m\u015fad A\u011fa, Natiq Cavadl\u0131<\/figcaption><\/figure>\n\n\n\n<h2 class=\"wp-block-heading\">&#8220;\u018fm\u0259kda\u015flar\u0131m\u0131z\u0131 azad edin!&#8221;<\/h2>\n\n\n\n<p>Meydan TV-nin redaktoru Orxan M\u0259mm\u0259d elan edil\u0259n ittihamlar v\u0259 yeni h\u0259bsl\u0259r\u0259 <a href=\"https:\/\/www.facebook.com\/Orkhan.Mammad1\/posts\/pfbid0P9VjKnKfLeJagpnDXauZjvihkBV2mN8vecqWrGFZakS1shsecqZLUZvqrGzj6Wbvl\" target=\"_blank\" rel=\"noreferrer noopener\">m\u00fcnasib\u0259t bildirib<\/a>.<\/p>\n\n\n\n<p><em>\u201cB\u00fct\u00fcn ittihamlar\u0131 r\u0259dd edirik. Bu g\u00fcnl\u0259rd\u0259 i\u015f\u0259 \u0259lav\u0259 \u015f\u0259xsl\u0259ri qo\u015fma\u011fa \u00e7al\u0131\u015f\u0131rlar. Eyni zamanda &#8220;Meydan&#8221;la he\u00e7 bir ba\u011fl\u0131l\u0131\u011f\u0131 olmayan \u00dclvi Tahirovun &#8220;Meydan TV&#8221; i\u015fin\u0259 birl\u0259\u015fdirilm\u0259si hakimiyy\u0259tin jurnalistl\u0259r\u0259 atd\u0131\u011f\u0131 b\u00f6htan\u0131n dair\u0259sini geni\u015fl\u0259ndirdiyini g\u00f6st\u0259rir. Repressiyalar azad m\u0259tbuat\u0131 dayand\u0131ra bilmir, lakin hakimiyy\u0259t h\u0259r g\u00fcn \u00f6z tarixin\u0259 yeni qara l\u0259k\u0259 at\u0131r. \u018fm\u0259kda\u015flar\u0131m\u0131z\u0131 azad edin!\u201d<\/em><\/p>\n\n\n\n<hr class=\"wp-block-separator has-alpha-channel-opacity\"\/>\n\n\n\n<ul class=\"wp-block-list\">\n<li><a href=\"https:\/\/jam-news.net\/az\/az%c9%99rbaycanda-h%c9%99bsl%c9%99r-meydan-tv-isi\/\" target=\"_blank\" rel=\"noreferrer noopener\">Bazar g\u00fcn\u00fc h\u0259bsl\u0259r &#8211; \u201cMeydan TV i\u015fi\u201d \u00fczr\u0259 7 n\u0259f\u0259r h\u0259bs edilib<\/a><\/li>\n\n\n\n<li><a href=\"https:\/\/jam-news.net\/az\/milli-m%c9%99tbuat-gunu-az%c9%99rbaycanda-h%c9%99bsl%c9%99r\/\" target=\"_blank\" rel=\"noreferrer noopener\">Az\u0259rbaycan Milli M\u0259tbuat\u0131n\u0131n \u0259n \u00e7ox jurnalist h\u0259bsi il\u0259 qeyd olunan 149-cu ili<\/a><\/li>\n\n\n\n<li><a href=\"https:\/\/jam-news.net\/az\/az%c9%99rbaycanda-h%c9%99bs-olunan-qadinlar\/\" target=\"_blank\" rel=\"noreferrer noopener\">Az\u0259rbaycanda yeni tendensiya \u2013 qad\u0131n jurnalistl\u0259r d\u0259 h\u0259bs olunur&nbsp;<\/a><\/li>\n<\/ul>\n\n\n\n<hr class=\"wp-block-separator has-alpha-channel-opacity\"\/>\n\n\n\n<p>Avqustun 27-d\u0259 fotojurnalist <strong>\u018fhm\u0259d Muxtar<\/strong> da &#8220;Meydan TV i\u015fi&#8221; \u00fczr\u0259 saxlan\u0131l\u0131b v\u0259 m\u0259hk\u0259m\u0259nin q\u0259rar\u0131 il\u0259 bar\u0259sind\u0259 <strong>40 g\u00fcnl\u00fck h\u0259bs q\u0259timkan t\u0259dbiri<\/strong> se\u00e7ilib.<\/p>\n\n\n\n<p>Meydan TV r\u0259hb\u0259rliyi \u018fhm\u0259d Muxtar\u0131n redaksiya il\u0259 \u0259laq\u0259sinin olmad\u0131\u011f\u0131n\u0131 b\u0259yan edib:<\/p>\n\n\n\n<p><em>\u201c\u018fhm\u0259d Muxtar\u0131n biziml\u0259 he\u00e7 bir \u0259m\u0259kda\u015fl\u0131\u011f\u0131 olmay\u0131b&#8221;.<\/em><\/p>\n\n\n\n<p>H\u0259bs olunan jurnalistl\u0259r \u00f6zl\u0259rini t\u0259qsirli bilmir, jurnalist f\u0259aliyy\u0259tl\u0259rin\u0259 g\u00f6r\u0259 c\u0259zaland\u0131r\u0131ld\u0131qlar\u0131n\u0131 bildirirl\u0259r. H\u00fcquq-m\u00fchafiz\u0259 orqanlar\u0131 is\u0259 m\u0259s\u0259l\u0259 il\u0259 ba\u011fl\u0131 \u0259lav\u0259 a\u00e7\u0131qlama verm\u0259yib.<\/p>\n\n\n\n<p style=\"font-size:3px\"><strong><em>\u201cMeydan TV i\u015fi\u201d \u00fczr\u0259 istintaq yekunla\u015f\u0131b<\/em><\/strong><\/p>\n","protected":false},"excerpt":{"rendered":"<p>\u0130ttihamlar s\u0131ras\u0131nda qanunsuz sahibkarl\u0131q, cinay\u0259t yolu il\u0259 \u0259ld\u0259 edilmi\u015f \u0259mlak\u0131 leqalla\u015fd\u0131rma, qa\u00e7aqmal\u00e7\u0131l\u0131q, vergid\u0259n yay\u0131nma v\u0259 s\u0259n\u0259d saxtala\u015fd\u0131rma hallar\u0131 qeyd olunur.<\/p>\n","protected":false},"author":60,"featured_media":100268,"comment_status":"closed","ping_status":"closed","sticky":false,"template":"","format":"standard","meta":{"_acf_changed":false,"footnotes":""},"categories":[17,25,50],"tags":[18,6212,6456,101,153,157],"formation":[4037],"post-author":[2888],"topic":[6199,4952,6669,51],"tooltip":[],"city":[6041],"class_list":["post-100257","post","type-post","status-publish","format-standard","has-post-thumbnail","hentry","category-azrbaycan","category-cmiyyt","category-xbrlr","tag-azrbaycan","tag-meydan-tv","tag-meydan-tv-isi","tag-qafqaz","tag-qafqazda-hyat","tag-xbrlr","formation-photo","post-author-jamnews","topic-azrbaycanda-hbslr","topic-azrbaycan","topic-meydan-tv-isi","topic-azrbaycanda-muxalift","city-baki"],"acf":[],"yoast_head":"<!-- This site is optimized with the Yoast SEO plugin v24.1 - https:\/\/yoast.com\/wordpress\/plugins\/seo\/ -->\n<title>\u201cMeydan TV i\u015fi\u201d \u00fczr\u0259 istintaq yekunla\u015f\u0131b \/JAMnews<\/title>\n<meta name=\"description\" content=\"\u201cMeydan TV i\u015fi\u201d \u00fczr\u0259 istintaq yekunla\u015f\u0131b. T\u0259qsirl\u0259ndiril\u0259n \u015f\u0259xsl\u0259r\u0259 qar\u015f\u0131 CM-nin s\u0259kkiz madd\u0259si il\u0259 a\u011f\u0131rla\u015fd\u0131r\u0131lm\u0131\u015f ittihamlar elan olunub.\" \/>\n<meta name=\"robots\" content=\"index, follow, max-snippet:-1, max-image-preview:large, max-video-preview:-1\" \/>\n<link rel=\"canonical\" href=\"https:\/\/jam-news.net\/az\/meydan-tv-isi-uzre-istintaq-yekunlasib\/\" \/>\n<meta property=\"og:locale\" content=\"az_AZ\" \/>\n<meta property=\"og:type\" content=\"article\" \/>\n<meta property=\"og:title\" content=\"Meydan TV i\u015fi: istintaq yekunla\u015f\u0131b, yeni ittihamlar ir\u0259li s\u00fcr\u00fcl\u00fcb, daha bir n\u0259f\u0259r h\u0259bs edilib\" \/>\n<meta property=\"og:description\" content=\"\u201cMeydan TV i\u015fi\u201d \u00fczr\u0259 istintaq yekunla\u015f\u0131b. T\u0259qsirl\u0259ndiril\u0259n \u015f\u0259xsl\u0259r\u0259 qar\u015f\u0131 CM-nin s\u0259kkiz madd\u0259si il\u0259 a\u011f\u0131rla\u015fd\u0131r\u0131lm\u0131\u015f ittihamlar elan olunub.\" \/>\n<meta property=\"og:url\" content=\"https:\/\/jam-news.net\/az\/meydan-tv-isi-uzre-istintaq-yekunlasib\/\" \/>\n<meta property=\"og:site_name\" content=\"Azerbaijani Jamnews\" \/>\n<meta property=\"article:publisher\" content=\"https:\/\/www.facebook.com\/JAMnewsInEnglish\/\" \/>\n<meta property=\"article:published_time\" content=\"2025-08-29T08:54:20+00:00\" \/>\n<meta property=\"article:modified_time\" content=\"2025-12-14T01:13:32+00:00\" \/>\n<meta property=\"og:image\" content=\"https:\/\/jam-news.net\/app\/uploads\/2025\/08\/jamnews-website-29.png\" \/>\n\t<meta property=\"og:image:width\" content=\"1920\" \/>\n\t<meta property=\"og:image:height\" content=\"1080\" \/>\n\t<meta property=\"og:image:type\" content=\"image\/png\" \/>\n<meta name=\"author\" content=\"elmisham\" \/>\n<meta name=\"twitter:card\" content=\"summary_large_image\" \/>\n<meta name=\"twitter:title\" content=\"Meydan TV i\u015fi: istintaq yekunla\u015f\u0131b, yeni ittihamlar ir\u0259li s\u00fcr\u00fcl\u00fcb, daha bir n\u0259f\u0259r h\u0259bs edilib\" \/>\n<meta name=\"twitter:creator\" content=\"@JAMnewsCaucasus\" \/>\n<meta name=\"twitter:site\" content=\"@JAMnewsCaucasus\" \/>\n<meta name=\"twitter:label1\" content=\"Written by\" \/>\n\t<meta name=\"twitter:data1\" content=\"elmisham\" \/>\n\t<meta name=\"twitter:label2\" content=\"Est. reading time\" \/>\n\t<meta name=\"twitter:data2\" content=\"3 minutes\" \/>\n<script type=\"application\/ld+json\" class=\"yoast-schema-graph\">{\"@context\":\"https:\/\/schema.org\",\"@graph\":[{\"@type\":\"Article\",\"@id\":\"https:\/\/jam-news.net\/az\/meydan-tv-isi-uzre-istintaq-yekunlasib\/#article\",\"isPartOf\":{\"@id\":\"https:\/\/jam-news.net\/az\/meydan-tv-isi-uzre-istintaq-yekunlasib\/\"},\"author\":{\"name\":\"elmisham\",\"@id\":\"https:\/\/jam-news.net\/az\/#\/schema\/person\/eb45af4c98a871b32118a93d3d66e159\"},\"headline\":\"Meydan TV i\u015fi: istintaq yekunla\u015f\u0131b, yeni ittihamlar ir\u0259li s\u00fcr\u00fcl\u00fcb, daha bir n\u0259f\u0259r h\u0259bs edilib\",\"datePublished\":\"2025-08-29T08:54:20+00:00\",\"dateModified\":\"2025-12-14T01:13:32+00:00\",\"mainEntityOfPage\":{\"@id\":\"https:\/\/jam-news.net\/az\/meydan-tv-isi-uzre-istintaq-yekunlasib\/\"},\"wordCount\":600,\"publisher\":{\"@id\":\"https:\/\/jam-news.net\/az\/#organization\"},\"image\":{\"@id\":\"https:\/\/jam-news.net\/az\/meydan-tv-isi-uzre-istintaq-yekunlasib\/#primaryimage\"},\"thumbnailUrl\":\"https:\/\/jam-news.net\/app\/uploads\/2025\/08\/jamnews-website-29.png\",\"keywords\":[\"Az\u0259rbaycan\",\"Meydan TV\",\"meydan tv i\u015fi\",\"Qafqaz\",\"Qafqazda h\u0259yat\",\"X\u0259b\u0259rl\u0259r\"],\"articleSection\":[\"Azerbaijan\",\"Issues\",\"News\"],\"inLanguage\":\"az\"},{\"@type\":\"WebPage\",\"@id\":\"https:\/\/jam-news.net\/az\/meydan-tv-isi-uzre-istintaq-yekunlasib\/\",\"url\":\"https:\/\/jam-news.net\/az\/meydan-tv-isi-uzre-istintaq-yekunlasib\/\",\"name\":\"\u201cMeydan TV i\u015fi\u201d \u00fczr\u0259 istintaq yekunla\u015f\u0131b \/JAMnews\",\"isPartOf\":{\"@id\":\"https:\/\/jam-news.net\/az\/#website\"},\"primaryImageOfPage\":{\"@id\":\"https:\/\/jam-news.net\/az\/meydan-tv-isi-uzre-istintaq-yekunlasib\/#primaryimage\"},\"image\":{\"@id\":\"https:\/\/jam-news.net\/az\/meydan-tv-isi-uzre-istintaq-yekunlasib\/#primaryimage\"},\"thumbnailUrl\":\"https:\/\/jam-news.net\/app\/uploads\/2025\/08\/jamnews-website-29.png\",\"datePublished\":\"2025-08-29T08:54:20+00:00\",\"dateModified\":\"2025-12-14T01:13:32+00:00\",\"description\":\"\u201cMeydan TV i\u015fi\u201d \u00fczr\u0259 istintaq yekunla\u015f\u0131b. T\u0259qsirl\u0259ndiril\u0259n \u015f\u0259xsl\u0259r\u0259 qar\u015f\u0131 CM-nin s\u0259kkiz madd\u0259si il\u0259 a\u011f\u0131rla\u015fd\u0131r\u0131lm\u0131\u015f ittihamlar elan olunub.\",\"breadcrumb\":{\"@id\":\"https:\/\/jam-news.net\/az\/meydan-tv-isi-uzre-istintaq-yekunlasib\/#breadcrumb\"},\"inLanguage\":\"az\",\"potentialAction\":[{\"@type\":\"ReadAction\",\"target\":[\"https:\/\/jam-news.net\/az\/meydan-tv-isi-uzre-istintaq-yekunlasib\/\"]}]},{\"@type\":\"ImageObject\",\"inLanguage\":\"az\",\"@id\":\"https:\/\/jam-news.net\/az\/meydan-tv-isi-uzre-istintaq-yekunlasib\/#primaryimage\",\"url\":\"https:\/\/jam-news.net\/app\/uploads\/2025\/08\/jamnews-website-29.png\",\"contentUrl\":\"https:\/\/jam-news.net\/app\/uploads\/2025\/08\/jamnews-website-29.png\",\"width\":1920,\"height\":1080,\"caption\":\"\u201cMeydan TV i\u015fi\u201d \u00fczr\u0259 istintaq yekunla\u015f\u0131b\"},{\"@type\":\"BreadcrumbList\",\"@id\":\"https:\/\/jam-news.net\/az\/meydan-tv-isi-uzre-istintaq-yekunlasib\/#breadcrumb\",\"itemListElement\":[{\"@type\":\"ListItem\",\"position\":1,\"name\":\"Home\",\"item\":\"https:\/\/jam-news.net\/az\/\"},{\"@type\":\"ListItem\",\"position\":2,\"name\":\"Meydan TV i\u015fi: istintaq yekunla\u015f\u0131b, yeni ittihamlar ir\u0259li s\u00fcr\u00fcl\u00fcb, daha bir n\u0259f\u0259r h\u0259bs edilib\"}]},{\"@type\":\"WebSite\",\"@id\":\"https:\/\/jam-news.net\/az\/#website\",\"url\":\"https:\/\/jam-news.net\/az\/\",\"name\":\"Azerbaijani Jamnews\",\"description\":\"Caucasus News, Politics and Society\",\"publisher\":{\"@id\":\"https:\/\/jam-news.net\/az\/#organization\"},\"potentialAction\":[{\"@type\":\"SearchAction\",\"target\":{\"@type\":\"EntryPoint\",\"urlTemplate\":\"https:\/\/jam-news.net\/az\/?s={search_term_string}\"},\"query-input\":{\"@type\":\"PropertyValueSpecification\",\"valueRequired\":true,\"valueName\":\"search_term_string\"}}],\"inLanguage\":\"az\"},{\"@type\":\"Organization\",\"@id\":\"https:\/\/jam-news.net\/az\/#organization\",\"name\":\"JAMnews\",\"url\":\"https:\/\/jam-news.net\/az\/\",\"logo\":{\"@type\":\"ImageObject\",\"inLanguage\":\"az\",\"@id\":\"https:\/\/jam-news.net\/az\/#\/schema\/logo\/image\/\",\"url\":\"https:\/\/jam-news.net\/app\/uploads\/2020\/05\/JAM_w.jpg\",\"contentUrl\":\"https:\/\/jam-news.net\/app\/uploads\/2020\/05\/JAM_w.jpg\",\"width\":960,\"height\":960,\"caption\":\"JAMnews\"},\"image\":{\"@id\":\"https:\/\/jam-news.net\/az\/#\/schema\/logo\/image\/\"},\"sameAs\":[\"https:\/\/www.facebook.com\/JAMnewsInEnglish\/\",\"https:\/\/x.com\/JAMnewsCaucasus\",\"https:\/\/www.instagram.com\/jam_news\/\",\"https:\/\/www.youtube.com\/channel\/UCXQbUCme2pykuZYXWHx4VPg\"]},{\"@type\":\"Person\",\"@id\":\"https:\/\/jam-news.net\/az\/#\/schema\/person\/eb45af4c98a871b32118a93d3d66e159\",\"name\":\"elmisham\",\"image\":{\"@type\":\"ImageObject\",\"inLanguage\":\"az\",\"@id\":\"https:\/\/jam-news.net\/az\/#\/schema\/person\/image\/\",\"url\":\"https:\/\/secure.gravatar.com\/avatar\/37fa0366c180c74da87d58de88ffdc3f?s=96&d=mm&r=g\",\"contentUrl\":\"https:\/\/secure.gravatar.com\/avatar\/37fa0366c180c74da87d58de88ffdc3f?s=96&d=mm&r=g\",\"caption\":\"elmisham\"},\"url\":\"https:\/\/jam-news.net\/az\/author\/elmisham\/\"}]}<\/script>\n<!-- \/ Yoast SEO plugin. -->","yoast_head_json":{"title":"\u201cMeydan TV i\u015fi\u201d \u00fczr\u0259 istintaq yekunla\u015f\u0131b \/JAMnews","description":"\u201cMeydan TV i\u015fi\u201d \u00fczr\u0259 istintaq yekunla\u015f\u0131b. T\u0259qsirl\u0259ndiril\u0259n \u015f\u0259xsl\u0259r\u0259 qar\u015f\u0131 CM-nin s\u0259kkiz madd\u0259si il\u0259 a\u011f\u0131rla\u015fd\u0131r\u0131lm\u0131\u015f ittihamlar elan olunub.","robots":{"index":"index","follow":"follow","max-snippet":"max-snippet:-1","max-image-preview":"max-image-preview:large","max-video-preview":"max-video-preview:-1"},"canonical":"https:\/\/jam-news.net\/az\/meydan-tv-isi-uzre-istintaq-yekunlasib\/","og_locale":"az_AZ","og_type":"article","og_title":"Meydan TV i\u015fi: istintaq yekunla\u015f\u0131b, yeni ittihamlar ir\u0259li s\u00fcr\u00fcl\u00fcb, daha bir n\u0259f\u0259r h\u0259bs edilib","og_description":"\u201cMeydan TV i\u015fi\u201d \u00fczr\u0259 istintaq yekunla\u015f\u0131b. T\u0259qsirl\u0259ndiril\u0259n \u015f\u0259xsl\u0259r\u0259 qar\u015f\u0131 CM-nin s\u0259kkiz madd\u0259si il\u0259 a\u011f\u0131rla\u015fd\u0131r\u0131lm\u0131\u015f ittihamlar elan olunub.","og_url":"https:\/\/jam-news.net\/az\/meydan-tv-isi-uzre-istintaq-yekunlasib\/","og_site_name":"Azerbaijani Jamnews","article_publisher":"https:\/\/www.facebook.com\/JAMnewsInEnglish\/","article_published_time":"2025-08-29T08:54:20+00:00","article_modified_time":"2025-12-14T01:13:32+00:00","og_image":[{"width":1920,"height":1080,"url":"https:\/\/jam-news.net\/app\/uploads\/2025\/08\/jamnews-website-29.png","type":"image\/png"}],"author":"elmisham","twitter_card":"summary_large_image","twitter_title":"Meydan TV i\u015fi: istintaq yekunla\u015f\u0131b, yeni ittihamlar ir\u0259li s\u00fcr\u00fcl\u00fcb, daha bir n\u0259f\u0259r h\u0259bs edilib","twitter_creator":"@JAMnewsCaucasus","twitter_site":"@JAMnewsCaucasus","twitter_misc":{"Written by":"elmisham","Est. reading time":"3 minutes"},"schema":{"@context":"https:\/\/schema.org","@graph":[{"@type":"Article","@id":"https:\/\/jam-news.net\/az\/meydan-tv-isi-uzre-istintaq-yekunlasib\/#article","isPartOf":{"@id":"https:\/\/jam-news.net\/az\/meydan-tv-isi-uzre-istintaq-yekunlasib\/"},"author":{"name":"elmisham","@id":"https:\/\/jam-news.net\/az\/#\/schema\/person\/eb45af4c98a871b32118a93d3d66e159"},"headline":"Meydan TV i\u015fi: istintaq yekunla\u015f\u0131b, yeni ittihamlar ir\u0259li s\u00fcr\u00fcl\u00fcb, daha bir n\u0259f\u0259r h\u0259bs edilib","datePublished":"2025-08-29T08:54:20+00:00","dateModified":"2025-12-14T01:13:32+00:00","mainEntityOfPage":{"@id":"https:\/\/jam-news.net\/az\/meydan-tv-isi-uzre-istintaq-yekunlasib\/"},"wordCount":600,"publisher":{"@id":"https:\/\/jam-news.net\/az\/#organization"},"image":{"@id":"https:\/\/jam-news.net\/az\/meydan-tv-isi-uzre-istintaq-yekunlasib\/#primaryimage"},"thumbnailUrl":"https:\/\/jam-news.net\/app\/uploads\/2025\/08\/jamnews-website-29.png","keywords":["Az\u0259rbaycan","Meydan TV","meydan tv i\u015fi","Qafqaz","Qafqazda h\u0259yat","X\u0259b\u0259rl\u0259r"],"articleSection":["Azerbaijan","Issues","News"],"inLanguage":"az"},{"@type":"WebPage","@id":"https:\/\/jam-news.net\/az\/meydan-tv-isi-uzre-istintaq-yekunlasib\/","url":"https:\/\/jam-news.net\/az\/meydan-tv-isi-uzre-istintaq-yekunlasib\/","name":"\u201cMeydan TV i\u015fi\u201d \u00fczr\u0259 istintaq yekunla\u015f\u0131b \/JAMnews","isPartOf":{"@id":"https:\/\/jam-news.net\/az\/#website"},"primaryImageOfPage":{"@id":"https:\/\/jam-news.net\/az\/meydan-tv-isi-uzre-istintaq-yekunlasib\/#primaryimage"},"image":{"@id":"https:\/\/jam-news.net\/az\/meydan-tv-isi-uzre-istintaq-yekunlasib\/#primaryimage"},"thumbnailUrl":"https:\/\/jam-news.net\/app\/uploads\/2025\/08\/jamnews-website-29.png","datePublished":"2025-08-29T08:54:20+00:00","dateModified":"2025-12-14T01:13:32+00:00","description":"\u201cMeydan TV i\u015fi\u201d \u00fczr\u0259 istintaq yekunla\u015f\u0131b. T\u0259qsirl\u0259ndiril\u0259n \u015f\u0259xsl\u0259r\u0259 qar\u015f\u0131 CM-nin s\u0259kkiz madd\u0259si il\u0259 a\u011f\u0131rla\u015fd\u0131r\u0131lm\u0131\u015f ittihamlar elan olunub.","breadcrumb":{"@id":"https:\/\/jam-news.net\/az\/meydan-tv-isi-uzre-istintaq-yekunlasib\/#breadcrumb"},"inLanguage":"az","potentialAction":[{"@type":"ReadAction","target":["https:\/\/jam-news.net\/az\/meydan-tv-isi-uzre-istintaq-yekunlasib\/"]}]},{"@type":"ImageObject","inLanguage":"az","@id":"https:\/\/jam-news.net\/az\/meydan-tv-isi-uzre-istintaq-yekunlasib\/#primaryimage","url":"https:\/\/jam-news.net\/app\/uploads\/2025\/08\/jamnews-website-29.png","contentUrl":"https:\/\/jam-news.net\/app\/uploads\/2025\/08\/jamnews-website-29.png","width":1920,"height":1080,"caption":"\u201cMeydan TV i\u015fi\u201d \u00fczr\u0259 istintaq yekunla\u015f\u0131b"},{"@type":"BreadcrumbList","@id":"https:\/\/jam-news.net\/az\/meydan-tv-isi-uzre-istintaq-yekunlasib\/#breadcrumb","itemListElement":[{"@type":"ListItem","position":1,"name":"Home","item":"https:\/\/jam-news.net\/az\/"},{"@type":"ListItem","position":2,"name":"Meydan TV i\u015fi: istintaq yekunla\u015f\u0131b, yeni ittihamlar ir\u0259li s\u00fcr\u00fcl\u00fcb, daha bir n\u0259f\u0259r h\u0259bs edilib"}]},{"@type":"WebSite","@id":"https:\/\/jam-news.net\/az\/#website","url":"https:\/\/jam-news.net\/az\/","name":"Azerbaijani Jamnews","description":"Caucasus News, Politics and Society","publisher":{"@id":"https:\/\/jam-news.net\/az\/#organization"},"potentialAction":[{"@type":"SearchAction","target":{"@type":"EntryPoint","urlTemplate":"https:\/\/jam-news.net\/az\/?s={search_term_string}"},"query-input":{"@type":"PropertyValueSpecification","valueRequired":true,"valueName":"search_term_string"}}],"inLanguage":"az"},{"@type":"Organization","@id":"https:\/\/jam-news.net\/az\/#organization","name":"JAMnews","url":"https:\/\/jam-news.net\/az\/","logo":{"@type":"ImageObject","inLanguage":"az","@id":"https:\/\/jam-news.net\/az\/#\/schema\/logo\/image\/","url":"https:\/\/jam-news.net\/app\/uploads\/2020\/05\/JAM_w.jpg","contentUrl":"https:\/\/jam-news.net\/app\/uploads\/2020\/05\/JAM_w.jpg","width":960,"height":960,"caption":"JAMnews"},"image":{"@id":"https:\/\/jam-news.net\/az\/#\/schema\/logo\/image\/"},"sameAs":["https:\/\/www.facebook.com\/JAMnewsInEnglish\/","https:\/\/x.com\/JAMnewsCaucasus","https:\/\/www.instagram.com\/jam_news\/","https:\/\/www.youtube.com\/channel\/UCXQbUCme2pykuZYXWHx4VPg"]},{"@type":"Person","@id":"https:\/\/jam-news.net\/az\/#\/schema\/person\/eb45af4c98a871b32118a93d3d66e159","name":"elmisham","image":{"@type":"ImageObject","inLanguage":"az","@id":"https:\/\/jam-news.net\/az\/#\/schema\/person\/image\/","url":"https:\/\/secure.gravatar.com\/avatar\/37fa0366c180c74da87d58de88ffdc3f?s=96&d=mm&r=g","contentUrl":"https:\/\/secure.gravatar.com\/avatar\/37fa0366c180c74da87d58de88ffdc3f?s=96&d=mm&r=g","caption":"elmisham"},"url":"https:\/\/jam-news.net\/az\/author\/elmisham\/"}]}},"_links":{"self":[{"href":"https:\/\/jam-news.net\/az\/wp-json\/wp\/v2\/posts\/100257","targetHints":{"allow":["GET"]}}],"collection":[{"href":"https:\/\/jam-news.net\/az\/wp-json\/wp\/v2\/posts"}],"about":[{"href":"https:\/\/jam-news.net\/az\/wp-json\/wp\/v2\/types\/post"}],"author":[{"embeddable":true,"href":"https:\/\/jam-news.net\/az\/wp-json\/wp\/v2\/users\/60"}],"replies":[{"embeddable":true,"href":"https:\/\/jam-news.net\/az\/wp-json\/wp\/v2\/comments?post=100257"}],"version-history":[{"count":10,"href":"https:\/\/jam-news.net\/az\/wp-json\/wp\/v2\/posts\/100257\/revisions"}],"predecessor-version":[{"id":100298,"href":"https:\/\/jam-news.net\/az\/wp-json\/wp\/v2\/posts\/100257\/revisions\/100298"}],"wp:featuredmedia":[{"embeddable":true,"href":"https:\/\/jam-news.net\/az\/wp-json\/wp\/v2\/media\/100268"}],"wp:attachment":[{"href":"https:\/\/jam-news.net\/az\/wp-json\/wp\/v2\/media?parent=100257"}],"wp:term":[{"taxonomy":"category","embeddable":true,"href":"https:\/\/jam-news.net\/az\/wp-json\/wp\/v2\/categories?post=100257"},{"taxonomy":"post_tag","embeddable":true,"href":"https:\/\/jam-news.net\/az\/wp-json\/wp\/v2\/tags?post=100257"},{"taxonomy":"formation","embeddable":true,"href":"https:\/\/jam-news.net\/az\/wp-json\/wp\/v2\/formation?post=100257"},{"taxonomy":"post-author","embeddable":true,"href":"https:\/\/jam-news.net\/az\/wp-json\/wp\/v2\/post-author?post=100257"},{"taxonomy":"topic","embeddable":true,"href":"https:\/\/jam-news.net\/az\/wp-json\/wp\/v2\/topic?post=100257"},{"taxonomy":"tooltip","embeddable":true,"href":"https:\/\/jam-news.net\/az\/wp-json\/wp\/v2\/tooltip?post=100257"},{"taxonomy":"city","embeddable":true,"href":"https:\/\/jam-news.net\/az\/wp-json\/wp\/v2\/city?post=100257"}],"curies":[{"name":"wp","href":"https:\/\/api.w.org\/{rel}","templated":true}]}}